{"id":38446,"date":"2015-06-03T18:10:15","date_gmt":"2015-06-03T16:40:15","guid":{"rendered":"http:\/\/eldigitaldeasturias.com\/magazine365\/?p=38446"},"modified":"2015-06-03T18:10:15","modified_gmt":"2015-06-03T16:40:15","slug":"la-aep-valora-positivamente-la-intencion-del-ministerio-de-sanidad-de-incorporar-la-vacuna-de-la-meningitis-b-a-las-farmacias-lo-antes-posible","status":"publish","type":"post","link":"https:\/\/eldigitaldeasturias.com\/magazine365\/la-aep-valora-positivamente-la-intencion-del-ministerio-de-sanidad-de-incorporar-la-vacuna-de-la-meningitis-b-a-las-farmacias-lo-antes-posible\/","title":{"rendered":"La AEP valora positivamente la intenci\u00f3n del Ministerio de Sanidad de incorporar la vacuna de la meningitis B a las farmacias lo antes posible"},"content":{"rendered":"<p><img fetchpriority=\"high\" decoding=\"async\" class=\"alignleft size-full wp-image-38447\" src=\"https:\/\/eldigitaldeasturias.com\/magazine365\/wp-content\/uploads\/2015\/06\/fax-aep_4.jpg\" alt=\"fax-aep_4\" width=\"250\" height=\"267\" srcset=\"https:\/\/eldigitaldeasturias.com\/magazine365\/wp-content\/uploads\/2015\/06\/fax-aep_4.jpg 250w, https:\/\/eldigitaldeasturias.com\/magazine365\/wp-content\/uploads\/2015\/06\/fax-aep_4-150x160.jpg 150w\" sizes=\"(max-width: 250px) 100vw, 250px\" \/>La Asociaci\u00f3n Espa\u00f1ola de Pediatr\u00eda (AEP), a trav\u00e9s de su Comit\u00e9 Asesor de Vacunas (CAV), valora positivamente el anuncio realizado el pasado 28 de mayo por el ministro de Sanidad, Alfonso Alonso, sobre la intenci\u00f3n del Ministerio de Sanidad, Servicios Sociales e Igualdad, de incorporar la vacuna de la meningitis B a las farmacias lo antes posible .<\/p>\n<p>L a AEP quiere mostrar su satisfacci\u00f3n al considerar que se ha tenido en cuenta la reclamaci\u00f3n del colectivo sobre la necesidad de facilitar que esta inmunizaci\u00f3n est\u00e9 disponible para los pacientes pedi\u00e1tricos, tal y como aconseja la evidencia cient\u00edfica.<\/p>\n<p>La AEP conf\u00eda en que a este primer avance le siga, en un plazo razonable, la incorporaci\u00f3n de la vacuna al calendario de vacunaci\u00f3n infantil, ya que esta vacuna cumple criterios de vacunaci\u00f3n sistem\u00e1tica.<\/p>\n<p>Mientras tanto, la vacuna debe estar disponible, al menos, en las farmacias comunitarias para toda aquella persona que quiera adquirirla para poder protegerse frente a esta enfermedad.<\/p>\n<p>La enfermedad meningoc\u00f3cica invasora, con sus dos formas de presentaci\u00f3n principales (sepsis y meningitis), es una patolog\u00eda grave y potencialmente mortal, causada por distintos serogrupos de Neisseria meningitidis, entre los cuales, actualmente, predomina el serogrupo B en Europa. La mayor\u00eda de los casos se produce en la edad pedi\u00e1trica, con una mortalidad aproximada del 10 % y un riesgo de secuelas permanentes del 20% al 30% entre los supervivientes. Presenta mayor incidencia y letalidad en ni\u00f1os sanos menores de 2-3 a\u00f1os, seguidos de los adolescentes, aunque puede ocurrir a cualquier edad.<\/p>\n<p>Esta vacuna ya est\u00e1 incorporada desde hace varios meses en diferentes calendarios vacunales infantiles oficiales de otros pa\u00edses, fundamentalmente en aquellos donde predomina este tipo de bacteria, como ocurre en el nuestro. Los primeros informes de estos pa\u00edses, como, por ejemplo, Canad\u00e1, concluyen que es una vacuna segura. Reino Unido acaba de anunciar que en breve la incorporar\u00e1 a su calendario oficial.<\/p>\n<p>Hasta ahora no se contaba con ning\u00fan arma inmunopreventiva contra el meningococo B. La \u00fanica vacuna actualmente disponible lleg\u00f3 a Espa\u00f1a en agosto de 2014, desde entonces el Comit\u00e9 Asesor de Vacunas de la Asociaci\u00f3n Espa\u00f1ola de Pediatr\u00eda (CAV-AEP) ha venido reclamando que se resolviera la situaci\u00f3n administrativa tan peculiar de esta inmunizaci\u00f3n, comercializada y disponible para todo el mundo en toda Europa, pero no en Espa\u00f1a.<\/p>\n","protected":false},"excerpt":{"rendered":"<p>La Asociaci\u00f3n Espa\u00f1ola de Pediatr\u00eda (AEP), a trav\u00e9s de su Comit\u00e9 Asesor de Vacunas (CAV), valora positivamente el anuncio realizado el pasado 28 de mayo por el ministro de Sanidad, Alfonso Alonso, sobre la intenci\u00f3n del Ministerio de Sanidad, Servicios Sociales e Igualdad, de incorporar la vacuna de la meningitis B a las farmacias lo<\/p>\n","protected":false},"author":1,"featured_media":38447,"comment_status":"open","ping_status":"closed","sticky":false,"template":"","format":"standard","meta":{"footnotes":""},"categories":[224],"tags":[],"class_list":{"0":"post-38446","1":"post","2":"type-post","3":"status-publish","4":"format-standard","5":"has-post-thumbnail","7":"category-noticias-actualidad"},"aioseo_notices":[],"aioseo_head":"\n\t\t<!-- All in One SEO Pro 4.9.6.1 - aioseo.com -->\n\t<meta name=\"description\" content=\"La Asociaci\u00f3n Espa\u00f1ola de Pediatr\u00eda (AEP), a trav\u00e9s de su Comit\u00e9 Asesor de Vacunas (CAV), valora positivamente el anuncio realizado el pasado 28 de mayo por el ministro de Sanidad, Alfonso Alonso, sobre la intenci\u00f3n del Ministerio de Sanidad, Servicios Sociales e Igualdad, de incorporar la vacuna de la meningitis B a las farmacias lo\" \/>\n\t<meta name=\"robots\" content=\"max-image-preview:large\" \/>\n\t<meta name=\"author\" content=\"admin\"\/>\n\t<meta name=\"google-site-verification\" content=\"UA-38556648-1\" \/>\n\t<meta name=\"keywords\" content=\"noticias y actualidad\" \/>\n\t<link rel=\"canonical\" href=\"https:\/\/eldigitaldeasturias.com\/magazine365\/la-aep-valora-positivamente-la-intencion-del-ministerio-de-sanidad-de-incorporar-la-vacuna-de-la-meningitis-b-a-las-farmacias-lo-antes-posible\/\" \/>\n\t<meta name=\"generator\" content=\"All in One SEO Pro (AIOSEO) 4.9.6.1\" \/>\n\t\t<meta property=\"og:locale\" content=\"es_ES\" \/>\n\t\t<meta property=\"og:site_name\" content=\"El Digital de Asturias \u2013 Revista de ocio, turismo y estilo de vida\" \/>\n\t\t<meta property=\"og:type\" content=\"article\" \/>\n\t\t<meta property=\"og:title\" content=\"La AEP valora positivamente la intenci\u00f3n del Ministerio de Sanidad de incorporar la vacuna de la meningitis B a las farmacias lo antes posible | El Digital de Asturias\" \/>\n\t\t<meta property=\"og:description\" content=\"La Asociaci\u00f3n Espa\u00f1ola de Pediatr\u00eda (AEP), a trav\u00e9s de su Comit\u00e9 Asesor de Vacunas (CAV), valora positivamente el anuncio realizado el pasado 28 de mayo por el ministro de Sanidad, Alfonso Alonso, sobre la intenci\u00f3n del Ministerio de Sanidad, Servicios Sociales e Igualdad, de incorporar la vacuna de la meningitis B a las farmacias lo\" \/>\n\t\t<meta property=\"og:url\" content=\"https:\/\/eldigitaldeasturias.com\/magazine365\/la-aep-valora-positivamente-la-intencion-del-ministerio-de-sanidad-de-incorporar-la-vacuna-de-la-meningitis-b-a-las-farmacias-lo-antes-posible\/\" \/>\n\t\t<meta property=\"og:image\" content=\"https:\/\/eldigitaldeasturias.com\/magazine365\/wp-content\/uploads\/2015\/06\/fax-aep_4.jpg\" \/>\n\t\t<meta property=\"og:image:secure_url\" content=\"https:\/\/eldigitaldeasturias.com\/magazine365\/wp-content\/uploads\/2015\/06\/fax-aep_4.jpg\" \/>\n\t\t<meta property=\"og:image:width\" content=\"250\" \/>\n\t\t<meta property=\"og:image:height\" content=\"267\" \/>\n\t\t<meta property=\"article:published_time\" content=\"2015-06-03T16:40:15+00:00\" \/>\n\t\t<meta property=\"article:modified_time\" content=\"2015-06-03T16:40:15+00:00\" \/>\n\t\t<meta name=\"twitter:card\" content=\"summary_large_image\" \/>\n\t\t<meta name=\"twitter:title\" content=\"La AEP valora positivamente la intenci\u00f3n del Ministerio de Sanidad de incorporar la vacuna de la meningitis B a las farmacias lo antes posible | El Digital de Asturias\" \/>\n\t\t<meta name=\"twitter:description\" content=\"La Asociaci\u00f3n Espa\u00f1ola de Pediatr\u00eda (AEP), a trav\u00e9s de su Comit\u00e9 Asesor de Vacunas (CAV), valora positivamente el anuncio realizado el pasado 28 de mayo por el ministro de Sanidad, Alfonso Alonso, sobre la intenci\u00f3n del Ministerio de Sanidad, Servicios Sociales e Igualdad, de incorporar la vacuna de la meningitis B a las farmacias lo\" \/>\n\t\t<meta name=\"twitter:image\" content=\"https:\/\/eldigitaldeasturias.com\/magazine365\/wp-content\/uploads\/2015\/06\/fax-aep_4.jpg\" \/>\n\t\t<script type=\"application\/ld+json\" class=\"aioseo-schema\">\n\t\t\t{\"@context\":\"https:\\\/\\\/schema.org\",\"@graph\":[{\"@type\":\"Article\",\"@id\":\"https:\\\/\\\/eldigitaldeasturias.com\\\/magazine365\\\/la-aep-valora-positivamente-la-intencion-del-ministerio-de-sanidad-de-incorporar-la-vacuna-de-la-meningitis-b-a-las-farmacias-lo-antes-posible\\\/#article\",\"name\":\"La AEP valora positivamente la intenci\\u00f3n del Ministerio de Sanidad de incorporar la vacuna de la meningitis B a las farmacias lo antes posible | El Digital de Asturias\",\"headline\":\"La AEP valora positivamente la intenci\\u00f3n del Ministerio de Sanidad de incorporar la vacuna de la meningitis B a las farmacias lo antes posible\",\"author\":{\"@id\":\"https:\\\/\\\/eldigitaldeasturias.com\\\/magazine365\\\/author\\\/admin\\\/#author\"},\"publisher\":{\"@id\":\"https:\\\/\\\/eldigitaldeasturias.com\\\/magazine365\\\/#organization\"},\"image\":{\"@type\":\"ImageObject\",\"url\":\"https:\\\/\\\/eldigitaldeasturias.com\\\/magazine365\\\/wp-content\\\/uploads\\\/2015\\\/06\\\/fax-aep_4.jpg\",\"width\":250,\"height\":267},\"datePublished\":\"2015-06-03T18:10:15+02:00\",\"dateModified\":\"2015-06-03T18:10:15+02:00\",\"inLanguage\":\"es-ES\",\"mainEntityOfPage\":{\"@id\":\"https:\\\/\\\/eldigitaldeasturias.com\\\/magazine365\\\/la-aep-valora-positivamente-la-intencion-del-ministerio-de-sanidad-de-incorporar-la-vacuna-de-la-meningitis-b-a-las-farmacias-lo-antes-posible\\\/#webpage\"},\"isPartOf\":{\"@id\":\"https:\\\/\\\/eldigitaldeasturias.com\\\/magazine365\\\/la-aep-valora-positivamente-la-intencion-del-ministerio-de-sanidad-de-incorporar-la-vacuna-de-la-meningitis-b-a-las-farmacias-lo-antes-posible\\\/#webpage\"},\"articleSection\":\"Noticias y Actualidad\"},{\"@type\":\"BreadcrumbList\",\"@id\":\"https:\\\/\\\/eldigitaldeasturias.com\\\/magazine365\\\/la-aep-valora-positivamente-la-intencion-del-ministerio-de-sanidad-de-incorporar-la-vacuna-de-la-meningitis-b-a-las-farmacias-lo-antes-posible\\\/#breadcrumblist\",\"itemListElement\":[{\"@type\":\"ListItem\",\"@id\":\"https:\\\/\\\/eldigitaldeasturias.com\\\/magazine365#listItem\",\"position\":1,\"name\":\"Home\",\"item\":\"https:\\\/\\\/eldigitaldeasturias.com\\\/magazine365\",\"nextItem\":{\"@type\":\"ListItem\",\"@id\":\"https:\\\/\\\/eldigitaldeasturias.com\\\/magazine365\\\/category\\\/noticias-actualidad\\\/#listItem\",\"name\":\"Noticias y Actualidad\"}},{\"@type\":\"ListItem\",\"@id\":\"https:\\\/\\\/eldigitaldeasturias.com\\\/magazine365\\\/category\\\/noticias-actualidad\\\/#listItem\",\"position\":2,\"name\":\"Noticias y Actualidad\",\"item\":\"https:\\\/\\\/eldigitaldeasturias.com\\\/magazine365\\\/category\\\/noticias-actualidad\\\/\",\"nextItem\":{\"@type\":\"ListItem\",\"@id\":\"https:\\\/\\\/eldigitaldeasturias.com\\\/magazine365\\\/la-aep-valora-positivamente-la-intencion-del-ministerio-de-sanidad-de-incorporar-la-vacuna-de-la-meningitis-b-a-las-farmacias-lo-antes-posible\\\/#listItem\",\"name\":\"La AEP valora positivamente la intenci\\u00f3n del Ministerio de Sanidad de incorporar la vacuna de la meningitis B a las farmacias lo antes posible\"},\"previousItem\":{\"@type\":\"ListItem\",\"@id\":\"https:\\\/\\\/eldigitaldeasturias.com\\\/magazine365#listItem\",\"name\":\"Home\"}},{\"@type\":\"ListItem\",\"@id\":\"https:\\\/\\\/eldigitaldeasturias.com\\\/magazine365\\\/la-aep-valora-positivamente-la-intencion-del-ministerio-de-sanidad-de-incorporar-la-vacuna-de-la-meningitis-b-a-las-farmacias-lo-antes-posible\\\/#listItem\",\"position\":3,\"name\":\"La AEP valora positivamente la intenci\\u00f3n del Ministerio de Sanidad de incorporar la vacuna de la meningitis B a las farmacias lo antes posible\",\"previousItem\":{\"@type\":\"ListItem\",\"@id\":\"https:\\\/\\\/eldigitaldeasturias.com\\\/magazine365\\\/category\\\/noticias-actualidad\\\/#listItem\",\"name\":\"Noticias y Actualidad\"}}]},{\"@type\":\"Organization\",\"@id\":\"https:\\\/\\\/eldigitaldeasturias.com\\\/magazine365\\\/#organization\",\"name\":\"El digital de Asturias\",\"description\":\"Revista de ocio, turismo y estilo de vida\",\"url\":\"https:\\\/\\\/eldigitaldeasturias.com\\\/magazine365\\\/\",\"logo\":{\"@type\":\"ImageObject\",\"url\":\"https:\\\/\\\/www.eldigitaldeasturias.com\\\/noticias\\\/wp-content\\\/uploads\\\/2020\\\/12\\\/EDA.jpg\",\"@id\":\"https:\\\/\\\/eldigitaldeasturias.com\\\/magazine365\\\/la-aep-valora-positivamente-la-intencion-del-ministerio-de-sanidad-de-incorporar-la-vacuna-de-la-meningitis-b-a-las-farmacias-lo-antes-posible\\\/#organizationLogo\"},\"image\":{\"@id\":\"https:\\\/\\\/eldigitaldeasturias.com\\\/magazine365\\\/la-aep-valora-positivamente-la-intencion-del-ministerio-de-sanidad-de-incorporar-la-vacuna-de-la-meningitis-b-a-las-farmacias-lo-antes-posible\\\/#organizationLogo\"}},{\"@type\":\"Person\",\"@id\":\"https:\\\/\\\/eldigitaldeasturias.com\\\/magazine365\\\/author\\\/admin\\\/#author\",\"url\":\"https:\\\/\\\/eldigitaldeasturias.com\\\/magazine365\\\/author\\\/admin\\\/\",\"name\":\"admin\",\"image\":{\"@type\":\"ImageObject\",\"@id\":\"https:\\\/\\\/eldigitaldeasturias.com\\\/magazine365\\\/la-aep-valora-positivamente-la-intencion-del-ministerio-de-sanidad-de-incorporar-la-vacuna-de-la-meningitis-b-a-las-farmacias-lo-antes-posible\\\/#authorImage\",\"url\":\"https:\\\/\\\/eldigitaldeasturias.com\\\/magazine365\\\/wp-content\\\/litespeed\\\/avatar\\\/e571bcf59a0edd6fa6838245a470f2fe.jpg?ver=1776969259\",\"width\":96,\"height\":96,\"caption\":\"admin\"}},{\"@type\":\"WebPage\",\"@id\":\"https:\\\/\\\/eldigitaldeasturias.com\\\/magazine365\\\/la-aep-valora-positivamente-la-intencion-del-ministerio-de-sanidad-de-incorporar-la-vacuna-de-la-meningitis-b-a-las-farmacias-lo-antes-posible\\\/#webpage\",\"url\":\"https:\\\/\\\/eldigitaldeasturias.com\\\/magazine365\\\/la-aep-valora-positivamente-la-intencion-del-ministerio-de-sanidad-de-incorporar-la-vacuna-de-la-meningitis-b-a-las-farmacias-lo-antes-posible\\\/\",\"name\":\"La AEP valora positivamente la intenci\\u00f3n del Ministerio de Sanidad de incorporar la vacuna de la meningitis B a las farmacias lo antes posible | El Digital de Asturias\",\"description\":\"La Asociaci\\u00f3n Espa\\u00f1ola de Pediatr\\u00eda (AEP), a trav\\u00e9s de su Comit\\u00e9 Asesor de Vacunas (CAV), valora positivamente el anuncio realizado el pasado 28 de mayo por el ministro de Sanidad, Alfonso Alonso, sobre la intenci\\u00f3n del Ministerio de Sanidad, Servicios Sociales e Igualdad, de incorporar la vacuna de la meningitis B a las farmacias lo\",\"inLanguage\":\"es-ES\",\"isPartOf\":{\"@id\":\"https:\\\/\\\/eldigitaldeasturias.com\\\/magazine365\\\/#website\"},\"breadcrumb\":{\"@id\":\"https:\\\/\\\/eldigitaldeasturias.com\\\/magazine365\\\/la-aep-valora-positivamente-la-intencion-del-ministerio-de-sanidad-de-incorporar-la-vacuna-de-la-meningitis-b-a-las-farmacias-lo-antes-posible\\\/#breadcrumblist\"},\"author\":{\"@id\":\"https:\\\/\\\/eldigitaldeasturias.com\\\/magazine365\\\/author\\\/admin\\\/#author\"},\"creator\":{\"@id\":\"https:\\\/\\\/eldigitaldeasturias.com\\\/magazine365\\\/author\\\/admin\\\/#author\"},\"image\":{\"@type\":\"ImageObject\",\"url\":\"https:\\\/\\\/eldigitaldeasturias.com\\\/magazine365\\\/wp-content\\\/uploads\\\/2015\\\/06\\\/fax-aep_4.jpg\",\"@id\":\"https:\\\/\\\/eldigitaldeasturias.com\\\/magazine365\\\/la-aep-valora-positivamente-la-intencion-del-ministerio-de-sanidad-de-incorporar-la-vacuna-de-la-meningitis-b-a-las-farmacias-lo-antes-posible\\\/#mainImage\",\"width\":250,\"height\":267},\"primaryImageOfPage\":{\"@id\":\"https:\\\/\\\/eldigitaldeasturias.com\\\/magazine365\\\/la-aep-valora-positivamente-la-intencion-del-ministerio-de-sanidad-de-incorporar-la-vacuna-de-la-meningitis-b-a-las-farmacias-lo-antes-posible\\\/#mainImage\"},\"datePublished\":\"2015-06-03T18:10:15+02:00\",\"dateModified\":\"2015-06-03T18:10:15+02:00\"},{\"@type\":\"WebSite\",\"@id\":\"https:\\\/\\\/eldigitaldeasturias.com\\\/magazine365\\\/#website\",\"url\":\"https:\\\/\\\/eldigitaldeasturias.com\\\/magazine365\\\/\",\"name\":\"El Digital de Asturias\",\"description\":\"Revista de ocio, turismo y estilo de vida\",\"inLanguage\":\"es-ES\",\"publisher\":{\"@id\":\"https:\\\/\\\/eldigitaldeasturias.com\\\/magazine365\\\/#organization\"}}]}\n\t\t<\/script>\n\t\t<!-- All in One SEO Pro -->\r\n\t\t<title>La AEP valora positivamente la intenci\u00f3n del Ministerio de Sanidad de incorporar la vacuna de la meningitis B a las farmacias lo antes posible | El Digital de Asturias<\/title>\n\n","aioseo_head_json":{"title":"La AEP valora positivamente la intenci\u00f3n del Ministerio de Sanidad de incorporar la vacuna de la meningitis B a las farmacias lo antes posible | El Digital de Asturias","description":"La Asociaci\u00f3n Espa\u00f1ola de Pediatr\u00eda (AEP), a trav\u00e9s de su Comit\u00e9 Asesor de Vacunas (CAV), valora positivamente el anuncio realizado el pasado 28 de mayo por el ministro de Sanidad, Alfonso Alonso, sobre la intenci\u00f3n del Ministerio de Sanidad, Servicios Sociales e Igualdad, de incorporar la vacuna de la meningitis B a las farmacias lo","canonical_url":"https:\/\/eldigitaldeasturias.com\/magazine365\/la-aep-valora-positivamente-la-intencion-del-ministerio-de-sanidad-de-incorporar-la-vacuna-de-la-meningitis-b-a-las-farmacias-lo-antes-posible\/","robots":"max-image-preview:large","keywords":"noticias y actualidad","webmasterTools":{"google-site-verification":"UA-38556648-1","miscellaneous":""},"schema":{"@context":"https:\/\/schema.org","@graph":[{"@type":"Article","@id":"https:\/\/eldigitaldeasturias.com\/magazine365\/la-aep-valora-positivamente-la-intencion-del-ministerio-de-sanidad-de-incorporar-la-vacuna-de-la-meningitis-b-a-las-farmacias-lo-antes-posible\/#article","name":"La AEP valora positivamente la intenci\u00f3n del Ministerio de Sanidad de incorporar la vacuna de la meningitis B a las farmacias lo antes posible | El Digital de Asturias","headline":"La AEP valora positivamente la intenci\u00f3n del Ministerio de Sanidad de incorporar la vacuna de la meningitis B a las farmacias lo antes posible","author":{"@id":"https:\/\/eldigitaldeasturias.com\/magazine365\/author\/admin\/#author"},"publisher":{"@id":"https:\/\/eldigitaldeasturias.com\/magazine365\/#organization"},"image":{"@type":"ImageObject","url":"https:\/\/eldigitaldeasturias.com\/magazine365\/wp-content\/uploads\/2015\/06\/fax-aep_4.jpg","width":250,"height":267},"datePublished":"2015-06-03T18:10:15+02:00","dateModified":"2015-06-03T18:10:15+02:00","inLanguage":"es-ES","mainEntityOfPage":{"@id":"https:\/\/eldigitaldeasturias.com\/magazine365\/la-aep-valora-positivamente-la-intencion-del-ministerio-de-sanidad-de-incorporar-la-vacuna-de-la-meningitis-b-a-las-farmacias-lo-antes-posible\/#webpage"},"isPartOf":{"@id":"https:\/\/eldigitaldeasturias.com\/magazine365\/la-aep-valora-positivamente-la-intencion-del-ministerio-de-sanidad-de-incorporar-la-vacuna-de-la-meningitis-b-a-las-farmacias-lo-antes-posible\/#webpage"},"articleSection":"Noticias y Actualidad"},{"@type":"BreadcrumbList","@id":"https:\/\/eldigitaldeasturias.com\/magazine365\/la-aep-valora-positivamente-la-intencion-del-ministerio-de-sanidad-de-incorporar-la-vacuna-de-la-meningitis-b-a-las-farmacias-lo-antes-posible\/#breadcrumblist","itemListElement":[{"@type":"ListItem","@id":"https:\/\/eldigitaldeasturias.com\/magazine365#listItem","position":1,"name":"Home","item":"https:\/\/eldigitaldeasturias.com\/magazine365","nextItem":{"@type":"ListItem","@id":"https:\/\/eldigitaldeasturias.com\/magazine365\/category\/noticias-actualidad\/#listItem","name":"Noticias y Actualidad"}},{"@type":"ListItem","@id":"https:\/\/eldigitaldeasturias.com\/magazine365\/category\/noticias-actualidad\/#listItem","position":2,"name":"Noticias y Actualidad","item":"https:\/\/eldigitaldeasturias.com\/magazine365\/category\/noticias-actualidad\/","nextItem":{"@type":"ListItem","@id":"https:\/\/eldigitaldeasturias.com\/magazine365\/la-aep-valora-positivamente-la-intencion-del-ministerio-de-sanidad-de-incorporar-la-vacuna-de-la-meningitis-b-a-las-farmacias-lo-antes-posible\/#listItem","name":"La AEP valora positivamente la intenci\u00f3n del Ministerio de Sanidad de incorporar la vacuna de la meningitis B a las farmacias lo antes posible"},"previousItem":{"@type":"ListItem","@id":"https:\/\/eldigitaldeasturias.com\/magazine365#listItem","name":"Home"}},{"@type":"ListItem","@id":"https:\/\/eldigitaldeasturias.com\/magazine365\/la-aep-valora-positivamente-la-intencion-del-ministerio-de-sanidad-de-incorporar-la-vacuna-de-la-meningitis-b-a-las-farmacias-lo-antes-posible\/#listItem","position":3,"name":"La AEP valora positivamente la intenci\u00f3n del Ministerio de Sanidad de incorporar la vacuna de la meningitis B a las farmacias lo antes posible","previousItem":{"@type":"ListItem","@id":"https:\/\/eldigitaldeasturias.com\/magazine365\/category\/noticias-actualidad\/#listItem","name":"Noticias y Actualidad"}}]},{"@type":"Organization","@id":"https:\/\/eldigitaldeasturias.com\/magazine365\/#organization","name":"El digital de Asturias","description":"Revista de ocio, turismo y estilo de vida","url":"https:\/\/eldigitaldeasturias.com\/magazine365\/","logo":{"@type":"ImageObject","url":"https:\/\/www.eldigitaldeasturias.com\/noticias\/wp-content\/uploads\/2020\/12\/EDA.jpg","@id":"https:\/\/eldigitaldeasturias.com\/magazine365\/la-aep-valora-positivamente-la-intencion-del-ministerio-de-sanidad-de-incorporar-la-vacuna-de-la-meningitis-b-a-las-farmacias-lo-antes-posible\/#organizationLogo"},"image":{"@id":"https:\/\/eldigitaldeasturias.com\/magazine365\/la-aep-valora-positivamente-la-intencion-del-ministerio-de-sanidad-de-incorporar-la-vacuna-de-la-meningitis-b-a-las-farmacias-lo-antes-posible\/#organizationLogo"}},{"@type":"Person","@id":"https:\/\/eldigitaldeasturias.com\/magazine365\/author\/admin\/#author","url":"https:\/\/eldigitaldeasturias.com\/magazine365\/author\/admin\/","name":"admin","image":{"@type":"ImageObject","@id":"https:\/\/eldigitaldeasturias.com\/magazine365\/la-aep-valora-positivamente-la-intencion-del-ministerio-de-sanidad-de-incorporar-la-vacuna-de-la-meningitis-b-a-las-farmacias-lo-antes-posible\/#authorImage","url":"https:\/\/eldigitaldeasturias.com\/magazine365\/wp-content\/litespeed\/avatar\/e571bcf59a0edd6fa6838245a470f2fe.jpg?ver=1776969259","width":96,"height":96,"caption":"admin"}},{"@type":"WebPage","@id":"https:\/\/eldigitaldeasturias.com\/magazine365\/la-aep-valora-positivamente-la-intencion-del-ministerio-de-sanidad-de-incorporar-la-vacuna-de-la-meningitis-b-a-las-farmacias-lo-antes-posible\/#webpage","url":"https:\/\/eldigitaldeasturias.com\/magazine365\/la-aep-valora-positivamente-la-intencion-del-ministerio-de-sanidad-de-incorporar-la-vacuna-de-la-meningitis-b-a-las-farmacias-lo-antes-posible\/","name":"La AEP valora positivamente la intenci\u00f3n del Ministerio de Sanidad de incorporar la vacuna de la meningitis B a las farmacias lo antes posible | El Digital de Asturias","description":"La Asociaci\u00f3n Espa\u00f1ola de Pediatr\u00eda (AEP), a trav\u00e9s de su Comit\u00e9 Asesor de Vacunas (CAV), valora positivamente el anuncio realizado el pasado 28 de mayo por el ministro de Sanidad, Alfonso Alonso, sobre la intenci\u00f3n del Ministerio de Sanidad, Servicios Sociales e Igualdad, de incorporar la vacuna de la meningitis B a las farmacias lo","inLanguage":"es-ES","isPartOf":{"@id":"https:\/\/eldigitaldeasturias.com\/magazine365\/#website"},"breadcrumb":{"@id":"https:\/\/eldigitaldeasturias.com\/magazine365\/la-aep-valora-positivamente-la-intencion-del-ministerio-de-sanidad-de-incorporar-la-vacuna-de-la-meningitis-b-a-las-farmacias-lo-antes-posible\/#breadcrumblist"},"author":{"@id":"https:\/\/eldigitaldeasturias.com\/magazine365\/author\/admin\/#author"},"creator":{"@id":"https:\/\/eldigitaldeasturias.com\/magazine365\/author\/admin\/#author"},"image":{"@type":"ImageObject","url":"https:\/\/eldigitaldeasturias.com\/magazine365\/wp-content\/uploads\/2015\/06\/fax-aep_4.jpg","@id":"https:\/\/eldigitaldeasturias.com\/magazine365\/la-aep-valora-positivamente-la-intencion-del-ministerio-de-sanidad-de-incorporar-la-vacuna-de-la-meningitis-b-a-las-farmacias-lo-antes-posible\/#mainImage","width":250,"height":267},"primaryImageOfPage":{"@id":"https:\/\/eldigitaldeasturias.com\/magazine365\/la-aep-valora-positivamente-la-intencion-del-ministerio-de-sanidad-de-incorporar-la-vacuna-de-la-meningitis-b-a-las-farmacias-lo-antes-posible\/#mainImage"},"datePublished":"2015-06-03T18:10:15+02:00","dateModified":"2015-06-03T18:10:15+02:00"},{"@type":"WebSite","@id":"https:\/\/eldigitaldeasturias.com\/magazine365\/#website","url":"https:\/\/eldigitaldeasturias.com\/magazine365\/","name":"El Digital de Asturias","description":"Revista de ocio, turismo y estilo de vida","inLanguage":"es-ES","publisher":{"@id":"https:\/\/eldigitaldeasturias.com\/magazine365\/#organization"}}]},"og:locale":"es_ES","og:site_name":"El Digital de Asturias \u2013 Revista de ocio, turismo y estilo de vida","og:type":"article","og:title":"La AEP valora positivamente la intenci\u00f3n del Ministerio de Sanidad de incorporar la vacuna de la meningitis B a las farmacias lo antes posible | El Digital de Asturias","og:description":"La Asociaci\u00f3n Espa\u00f1ola de Pediatr\u00eda (AEP), a trav\u00e9s de su Comit\u00e9 Asesor de Vacunas (CAV), valora positivamente el anuncio realizado el pasado 28 de mayo por el ministro de Sanidad, Alfonso Alonso, sobre la intenci\u00f3n del Ministerio de Sanidad, Servicios Sociales e Igualdad, de incorporar la vacuna de la meningitis B a las farmacias lo","og:url":"https:\/\/eldigitaldeasturias.com\/magazine365\/la-aep-valora-positivamente-la-intencion-del-ministerio-de-sanidad-de-incorporar-la-vacuna-de-la-meningitis-b-a-las-farmacias-lo-antes-posible\/","og:image":"https:\/\/eldigitaldeasturias.com\/magazine365\/wp-content\/uploads\/2015\/06\/fax-aep_4.jpg","og:image:secure_url":"https:\/\/eldigitaldeasturias.com\/magazine365\/wp-content\/uploads\/2015\/06\/fax-aep_4.jpg","og:image:width":250,"og:image:height":267,"article:published_time":"2015-06-03T16:40:15+00:00","article:modified_time":"2015-06-03T16:40:15+00:00","twitter:card":"summary_large_image","twitter:title":"La AEP valora positivamente la intenci\u00f3n del Ministerio de Sanidad de incorporar la vacuna de la meningitis B a las farmacias lo antes posible | El Digital de Asturias","twitter:description":"La Asociaci\u00f3n Espa\u00f1ola de Pediatr\u00eda (AEP), a trav\u00e9s de su Comit\u00e9 Asesor de Vacunas (CAV), valora positivamente el anuncio realizado el pasado 28 de mayo por el ministro de Sanidad, Alfonso Alonso, sobre la intenci\u00f3n del Ministerio de Sanidad, Servicios Sociales e Igualdad, de incorporar la vacuna de la meningitis B a las farmacias lo","twitter:image":"https:\/\/eldigitaldeasturias.com\/magazine365\/wp-content\/uploads\/2015\/06\/fax-aep_4.jpg"},"aioseo_meta_data":{"post_id":"38446","title":null,"description":null,"keywords":null,"keyphrases":null,"primary_term":null,"canonical_url":null,"og_title":null,"og_description":null,"og_object_type":"default","og_image_type":"default","og_image_url":null,"og_image_width":null,"og_image_height":null,"og_image_custom_url":null,"og_image_custom_fields":null,"og_video":null,"og_custom_url":null,"og_article_section":null,"og_article_tags":null,"twitter_use_og":false,"twitter_card":"default","twitter_image_type":"default","twitter_image_url":null,"twitter_image_custom_url":null,"twitter_image_custom_fields":null,"twitter_title":null,"twitter_description":null,"schema":{"blockGraphs":[],"customGraphs":[],"default":{"data":{"Article":[],"Course":[],"Dataset":[],"FAQPage":[],"Movie":[],"Person":[],"Product":[],"ProductReview":[],"Car":[],"Recipe":[],"Service":[],"SoftwareApplication":[],"WebPage":[]},"graphName":"","isEnabled":true},"graphs":[],"defaultGraph":"","defaultPostTypeGraph":""},"schema_type":null,"schema_type_options":null,"pillar_content":false,"robots_default":true,"robots_noindex":false,"robots_noarchive":false,"robots_nosnippet":false,"robots_nofollow":false,"robots_noimageindex":false,"robots_noodp":false,"robots_notranslate":false,"robots_max_snippet":null,"robots_max_videopreview":null,"robots_max_imagepreview":"large","priority":null,"frequency":null,"location":null,"local_seo":null,"seo_analyzer_scan_date":"2025-09-19 09:34:03","breadcrumb_settings":null,"limit_modified_date":false,"open_ai":null,"ai":null,"created":"2021-03-09 02:53:47","updated":"2025-09-19 09:34:03"},"aioseo_breadcrumb":"<div class=\"aioseo-breadcrumbs\"><span class=\"aioseo-breadcrumb\">\n\t<a href=\"https:\/\/eldigitaldeasturias.com\/magazine365\" title=\"Home\">Home<\/a>\n<\/span><span class=\"aioseo-breadcrumb-separator\">\u2013<\/span><span class=\"aioseo-breadcrumb\">\n\t<a href=\"https:\/\/eldigitaldeasturias.com\/magazine365\/category\/noticias-actualidad\/\" title=\"Noticias y Actualidad\">Noticias y Actualidad<\/a>\n<\/span><span class=\"aioseo-breadcrumb-separator\">\u2013<\/span><span class=\"aioseo-breadcrumb\">\n\t<a href=\"https:\/\/eldigitaldeasturias.com\/magazine365\/la-aep-valora-positivamente-la-intencion-del-ministerio-de-sanidad-de-incorporar-la-vacuna-de-la-meningitis-b-a-las-farmacias-lo-antes-posible\/\" title=\"La AEP valora positivamente la intenci\u00f3n del Ministerio de Sanidad de incorporar la vacuna de la meningitis B a las farmacias lo antes posible\">La AEP valora positivamente la intenci\u00f3n del Ministerio de Sanidad de incorporar la vacuna de la meningitis B a las farmacias lo antes posible<\/a>\n<\/span><\/div>","aioseo_breadcrumb_json":[{"label":"Home","link":"https:\/\/eldigitaldeasturias.com\/magazine365"},{"label":"Noticias y Actualidad","link":"https:\/\/eldigitaldeasturias.com\/magazine365\/category\/noticias-actualidad\/"},{"label":"La AEP valora positivamente la intenci\u00f3n del Ministerio de Sanidad de incorporar la vacuna de la meningitis B a las farmacias lo antes posible","link":"https:\/\/eldigitaldeasturias.com\/magazine365\/la-aep-valora-positivamente-la-intencion-del-ministerio-de-sanidad-de-incorporar-la-vacuna-de-la-meningitis-b-a-las-farmacias-lo-antes-posible\/"}],"_links":{"self":[{"href":"https:\/\/eldigitaldeasturias.com\/magazine365\/wp-json\/wp\/v2\/posts\/38446","targetHints":{"allow":["GET"]}}],"collection":[{"href":"https:\/\/eldigitaldeasturias.com\/magazine365\/wp-json\/wp\/v2\/posts"}],"about":[{"href":"https:\/\/eldigitaldeasturias.com\/magazine365\/wp-json\/wp\/v2\/types\/post"}],"author":[{"embeddable":true,"href":"https:\/\/eldigitaldeasturias.com\/magazine365\/wp-json\/wp\/v2\/users\/1"}],"replies":[{"embeddable":true,"href":"https:\/\/eldigitaldeasturias.com\/magazine365\/wp-json\/wp\/v2\/comments?post=38446"}],"version-history":[{"count":0,"href":"https:\/\/eldigitaldeasturias.com\/magazine365\/wp-json\/wp\/v2\/posts\/38446\/revisions"}],"wp:featuredmedia":[{"embeddable":true,"href":"https:\/\/eldigitaldeasturias.com\/magazine365\/wp-json\/wp\/v2\/media\/38447"}],"wp:attachment":[{"href":"https:\/\/eldigitaldeasturias.com\/magazine365\/wp-json\/wp\/v2\/media?parent=38446"}],"wp:term":[{"taxonomy":"category","embeddable":true,"href":"https:\/\/eldigitaldeasturias.com\/magazine365\/wp-json\/wp\/v2\/categories?post=38446"},{"taxonomy":"post_tag","embeddable":true,"href":"https:\/\/eldigitaldeasturias.com\/magazine365\/wp-json\/wp\/v2\/tags?post=38446"}],"curies":[{"name":"wp","href":"https:\/\/api.w.org\/{rel}","templated":true}]}}