{"id":38432,"date":"2015-06-01T12:31:39","date_gmt":"2015-06-01T11:01:39","guid":{"rendered":"http:\/\/eldigitaldeasturias.com\/magazine365\/?p=38432"},"modified":"2015-06-01T12:31:39","modified_gmt":"2015-06-01T11:01:39","slug":"volotea-inaugura-su-nueva-ruta-entre-menorca-y-asturias","status":"publish","type":"post","link":"https:\/\/eldigitaldeasturias.com\/magazine365\/volotea-inaugura-su-nueva-ruta-entre-menorca-y-asturias\/","title":{"rendered":"Volotea inaugura su nueva ruta entre Menorca y Asturias"},"content":{"rendered":"<p><img fetchpriority=\"high\" decoding=\"async\" class=\"alignleft size-medium wp-image-38433\" src=\"https:\/\/eldigitaldeasturias.com\/magazine365\/wp-content\/uploads\/2015\/06\/fotonoticia_20150601104745_800-360x240.jpg\" alt=\"fotonoticia_20150601104745_800\" width=\"360\" height=\"240\" srcset=\"https:\/\/eldigitaldeasturias.com\/magazine365\/wp-content\/uploads\/2015\/06\/fotonoticia_20150601104745_800-360x240.jpg 360w, https:\/\/eldigitaldeasturias.com\/magazine365\/wp-content\/uploads\/2015\/06\/fotonoticia_20150601104745_800-650x433.jpg 650w, https:\/\/eldigitaldeasturias.com\/magazine365\/wp-content\/uploads\/2015\/06\/fotonoticia_20150601104745_800-768x512.jpg 768w, https:\/\/eldigitaldeasturias.com\/magazine365\/wp-content\/uploads\/2015\/06\/fotonoticia_20150601104745_800-150x100.jpg 150w, https:\/\/eldigitaldeasturias.com\/magazine365\/wp-content\/uploads\/2015\/06\/fotonoticia_20150601104745_800-450x300.jpg 450w, https:\/\/eldigitaldeasturias.com\/magazine365\/wp-content\/uploads\/2015\/06\/fotonoticia_20150601104745_800-696x464.jpg 696w, https:\/\/eldigitaldeasturias.com\/magazine365\/wp-content\/uploads\/2015\/06\/fotonoticia_20150601104745_800-630x420.jpg 630w, https:\/\/eldigitaldeasturias.com\/magazine365\/wp-content\/uploads\/2015\/06\/fotonoticia_20150601104745_800-84x55.jpg 84w, https:\/\/eldigitaldeasturias.com\/magazine365\/wp-content\/uploads\/2015\/06\/fotonoticia_20150601104745_800.jpg 800w\" sizes=\"(max-width: 360px) 100vw, 360px\" \/>La compa\u00f1\u00eda a\u00e9rea Volotea ha inaugurado este domingo, d\u00eda 31 de mayo, la ruta Menorca-Asturias junto a la de Menorca-Zaragoza. Los dos aviones fueron recibidos en el aeropuerto de Menorca con el tradicional arco de agua que dio la bienvenida a los pasajeros provenientes de Asturias y de Zaragoza. La compa\u00f1\u00eda, especializada en los viajes entre ciudades europeas peque\u00f1as y medianas, pondr\u00e1 a la venta m\u00e1s de 16.000 billetes en ambas rutas.<\/p>\n<p>El acto de bienvenida cont\u00f3 con la presencia de L\u00e1zaro Ros, Director General y Cofundador de Volotea; Salom\u00e9 Cabrera, Consellera de Turisme del Consell Insular de Menorca; y Tom\u00e1s Melgar, Director del Aeropuerto de Menorca, han se\u00f1alado desde Volotea en una nota.<\/p>\n<p>Ros declar\u00f3 estar \u00abmuy satisfecho\u00bb con estas dos nuevas rutas y afirm\u00f3 que \u00abaragoneses y asturianos podr\u00e1n disfrutar este verano de esta fant\u00e1stica isla\u00bb gracias a los billetes puestos a la venta en ambas rutas.<\/p>\n<p>Por su parte, Tom\u00e1s Melgar explic\u00f3 que, con la apertura de estas nuevas rutas, \u00abel Aeropuerto de Menorca duplica su oferta de asientos con el Principado y la cuadruplica con la capital aragonesa\u00bb.<\/p>\n<p>Las rutas Menorca-Asturias y Menorca-Zaragoza contar\u00e1n con 132 vuelos en 2015 y con 16.500 asientos a la venta. Ambas rutas contar\u00e1n con una frecuencia de dos vuelos semanales durante el verano.<\/p>\n","protected":false},"excerpt":{"rendered":"<p>La compa\u00f1\u00eda a\u00e9rea Volotea ha inaugurado este domingo, d\u00eda 31 de mayo, la ruta Menorca-Asturias junto a la de Menorca-Zaragoza. Los dos aviones fueron recibidos en el aeropuerto de Menorca con el tradicional arco de agua que dio la bienvenida a los pasajeros provenientes de Asturias y de Zaragoza. La compa\u00f1\u00eda, especializada en los viajes<\/p>\n","protected":false},"author":1,"featured_media":38433,"comment_status":"open","ping_status":"closed","sticky":false,"template":"","format":"standard","meta":{"footnotes":""},"categories":[222],"tags":[],"class_list":{"0":"post-38432","1":"post","2":"type-post","3":"status-publish","4":"format-standard","5":"has-post-thumbnail","7":"category-actualidad-turismo"},"aioseo_notices":[],"aioseo_head":"\n\t\t<!-- All in One SEO Pro 4.9.6.1 - aioseo.com -->\n\t<meta name=\"description\" content=\"La compa\u00f1\u00eda a\u00e9rea Volotea ha inaugurado este domingo, d\u00eda 31 de mayo, la ruta Menorca-Asturias junto a la de Menorca-Zaragoza. Los dos aviones fueron recibidos en el aeropuerto de Menorca con el tradicional arco de agua que dio la bienvenida a los pasajeros provenientes de Asturias y de Zaragoza. La compa\u00f1\u00eda, especializada en los viajes\" \/>\n\t<meta name=\"robots\" content=\"max-image-preview:large\" \/>\n\t<meta name=\"author\" content=\"admin\"\/>\n\t<meta name=\"google-site-verification\" content=\"UA-38556648-1\" \/>\n\t<meta name=\"keywords\" content=\"actualidad turismo\" \/>\n\t<link rel=\"canonical\" href=\"https:\/\/eldigitaldeasturias.com\/magazine365\/volotea-inaugura-su-nueva-ruta-entre-menorca-y-asturias\/\" \/>\n\t<meta name=\"generator\" content=\"All in One SEO Pro (AIOSEO) 4.9.6.1\" \/>\n\t\t<meta property=\"og:locale\" content=\"es_ES\" \/>\n\t\t<meta property=\"og:site_name\" content=\"El Digital de Asturias \u2013 Revista de ocio, turismo y estilo de vida\" \/>\n\t\t<meta property=\"og:type\" content=\"article\" \/>\n\t\t<meta property=\"og:title\" content=\"Volotea inaugura su nueva ruta entre Menorca y Asturias | El Digital de Asturias\" \/>\n\t\t<meta property=\"og:description\" content=\"La compa\u00f1\u00eda a\u00e9rea Volotea ha inaugurado este domingo, d\u00eda 31 de mayo, la ruta Menorca-Asturias junto a la de Menorca-Zaragoza. Los dos aviones fueron recibidos en el aeropuerto de Menorca con el tradicional arco de agua que dio la bienvenida a los pasajeros provenientes de Asturias y de Zaragoza. La compa\u00f1\u00eda, especializada en los viajes\" \/>\n\t\t<meta property=\"og:url\" content=\"https:\/\/eldigitaldeasturias.com\/magazine365\/volotea-inaugura-su-nueva-ruta-entre-menorca-y-asturias\/\" \/>\n\t\t<meta property=\"og:image\" content=\"https:\/\/eldigitaldeasturias.com\/magazine365\/wp-content\/uploads\/2015\/06\/fotonoticia_20150601104745_800.jpg\" \/>\n\t\t<meta property=\"og:image:secure_url\" content=\"https:\/\/eldigitaldeasturias.com\/magazine365\/wp-content\/uploads\/2015\/06\/fotonoticia_20150601104745_800.jpg\" \/>\n\t\t<meta property=\"og:image:width\" content=\"800\" \/>\n\t\t<meta property=\"og:image:height\" content=\"533\" \/>\n\t\t<meta property=\"article:published_time\" content=\"2015-06-01T11:01:39+00:00\" \/>\n\t\t<meta property=\"article:modified_time\" content=\"2015-06-01T11:01:39+00:00\" \/>\n\t\t<meta name=\"twitter:card\" content=\"summary_large_image\" \/>\n\t\t<meta name=\"twitter:title\" content=\"Volotea inaugura su nueva ruta entre Menorca y Asturias | El Digital de Asturias\" \/>\n\t\t<meta name=\"twitter:description\" content=\"La compa\u00f1\u00eda a\u00e9rea Volotea ha inaugurado este domingo, d\u00eda 31 de mayo, la ruta Menorca-Asturias junto a la de Menorca-Zaragoza. Los dos aviones fueron recibidos en el aeropuerto de Menorca con el tradicional arco de agua que dio la bienvenida a los pasajeros provenientes de Asturias y de Zaragoza. La compa\u00f1\u00eda, especializada en los viajes\" \/>\n\t\t<meta name=\"twitter:image\" content=\"https:\/\/eldigitaldeasturias.com\/magazine365\/wp-content\/uploads\/2015\/06\/fotonoticia_20150601104745_800.jpg\" \/>\n\t\t<script type=\"application\/ld+json\" class=\"aioseo-schema\">\n\t\t\t{\"@context\":\"https:\\\/\\\/schema.org\",\"@graph\":[{\"@type\":\"Article\",\"@id\":\"https:\\\/\\\/eldigitaldeasturias.com\\\/magazine365\\\/volotea-inaugura-su-nueva-ruta-entre-menorca-y-asturias\\\/#article\",\"name\":\"Volotea inaugura su nueva ruta entre Menorca y Asturias | El Digital de Asturias\",\"headline\":\"Volotea inaugura su nueva ruta entre Menorca y Asturias\",\"author\":{\"@id\":\"https:\\\/\\\/eldigitaldeasturias.com\\\/magazine365\\\/author\\\/admin\\\/#author\"},\"publisher\":{\"@id\":\"https:\\\/\\\/eldigitaldeasturias.com\\\/magazine365\\\/#organization\"},\"image\":{\"@type\":\"ImageObject\",\"url\":\"https:\\\/\\\/eldigitaldeasturias.com\\\/magazine365\\\/wp-content\\\/uploads\\\/2015\\\/06\\\/fotonoticia_20150601104745_800.jpg\",\"width\":800,\"height\":533},\"datePublished\":\"2015-06-01T12:31:39+02:00\",\"dateModified\":\"2015-06-01T12:31:39+02:00\",\"inLanguage\":\"es-ES\",\"mainEntityOfPage\":{\"@id\":\"https:\\\/\\\/eldigitaldeasturias.com\\\/magazine365\\\/volotea-inaugura-su-nueva-ruta-entre-menorca-y-asturias\\\/#webpage\"},\"isPartOf\":{\"@id\":\"https:\\\/\\\/eldigitaldeasturias.com\\\/magazine365\\\/volotea-inaugura-su-nueva-ruta-entre-menorca-y-asturias\\\/#webpage\"},\"articleSection\":\"Actualidad Turismo\"},{\"@type\":\"BreadcrumbList\",\"@id\":\"https:\\\/\\\/eldigitaldeasturias.com\\\/magazine365\\\/volotea-inaugura-su-nueva-ruta-entre-menorca-y-asturias\\\/#breadcrumblist\",\"itemListElement\":[{\"@type\":\"ListItem\",\"@id\":\"https:\\\/\\\/eldigitaldeasturias.com\\\/magazine365#listItem\",\"position\":1,\"name\":\"Home\",\"item\":\"https:\\\/\\\/eldigitaldeasturias.com\\\/magazine365\",\"nextItem\":{\"@type\":\"ListItem\",\"@id\":\"https:\\\/\\\/eldigitaldeasturias.com\\\/magazine365\\\/category\\\/actualidad-turismo\\\/#listItem\",\"name\":\"Actualidad Turismo\"}},{\"@type\":\"ListItem\",\"@id\":\"https:\\\/\\\/eldigitaldeasturias.com\\\/magazine365\\\/category\\\/actualidad-turismo\\\/#listItem\",\"position\":2,\"name\":\"Actualidad Turismo\",\"item\":\"https:\\\/\\\/eldigitaldeasturias.com\\\/magazine365\\\/category\\\/actualidad-turismo\\\/\",\"nextItem\":{\"@type\":\"ListItem\",\"@id\":\"https:\\\/\\\/eldigitaldeasturias.com\\\/magazine365\\\/volotea-inaugura-su-nueva-ruta-entre-menorca-y-asturias\\\/#listItem\",\"name\":\"Volotea inaugura su nueva ruta entre Menorca y Asturias\"},\"previousItem\":{\"@type\":\"ListItem\",\"@id\":\"https:\\\/\\\/eldigitaldeasturias.com\\\/magazine365#listItem\",\"name\":\"Home\"}},{\"@type\":\"ListItem\",\"@id\":\"https:\\\/\\\/eldigitaldeasturias.com\\\/magazine365\\\/volotea-inaugura-su-nueva-ruta-entre-menorca-y-asturias\\\/#listItem\",\"position\":3,\"name\":\"Volotea inaugura su nueva ruta entre Menorca y Asturias\",\"previousItem\":{\"@type\":\"ListItem\",\"@id\":\"https:\\\/\\\/eldigitaldeasturias.com\\\/magazine365\\\/category\\\/actualidad-turismo\\\/#listItem\",\"name\":\"Actualidad Turismo\"}}]},{\"@type\":\"Organization\",\"@id\":\"https:\\\/\\\/eldigitaldeasturias.com\\\/magazine365\\\/#organization\",\"name\":\"El digital de Asturias\",\"description\":\"Revista de ocio, turismo y estilo de vida\",\"url\":\"https:\\\/\\\/eldigitaldeasturias.com\\\/magazine365\\\/\",\"logo\":{\"@type\":\"ImageObject\",\"url\":\"https:\\\/\\\/www.eldigitaldeasturias.com\\\/noticias\\\/wp-content\\\/uploads\\\/2020\\\/12\\\/EDA.jpg\",\"@id\":\"https:\\\/\\\/eldigitaldeasturias.com\\\/magazine365\\\/volotea-inaugura-su-nueva-ruta-entre-menorca-y-asturias\\\/#organizationLogo\"},\"image\":{\"@id\":\"https:\\\/\\\/eldigitaldeasturias.com\\\/magazine365\\\/volotea-inaugura-su-nueva-ruta-entre-menorca-y-asturias\\\/#organizationLogo\"}},{\"@type\":\"Person\",\"@id\":\"https:\\\/\\\/eldigitaldeasturias.com\\\/magazine365\\\/author\\\/admin\\\/#author\",\"url\":\"https:\\\/\\\/eldigitaldeasturias.com\\\/magazine365\\\/author\\\/admin\\\/\",\"name\":\"admin\",\"image\":{\"@type\":\"ImageObject\",\"@id\":\"https:\\\/\\\/eldigitaldeasturias.com\\\/magazine365\\\/volotea-inaugura-su-nueva-ruta-entre-menorca-y-asturias\\\/#authorImage\",\"url\":\"https:\\\/\\\/eldigitaldeasturias.com\\\/magazine365\\\/wp-content\\\/litespeed\\\/avatar\\\/e571bcf59a0edd6fa6838245a470f2fe.jpg?ver=1776969259\",\"width\":96,\"height\":96,\"caption\":\"admin\"}},{\"@type\":\"WebPage\",\"@id\":\"https:\\\/\\\/eldigitaldeasturias.com\\\/magazine365\\\/volotea-inaugura-su-nueva-ruta-entre-menorca-y-asturias\\\/#webpage\",\"url\":\"https:\\\/\\\/eldigitaldeasturias.com\\\/magazine365\\\/volotea-inaugura-su-nueva-ruta-entre-menorca-y-asturias\\\/\",\"name\":\"Volotea inaugura su nueva ruta entre Menorca y Asturias | El Digital de Asturias\",\"description\":\"La compa\\u00f1\\u00eda a\\u00e9rea Volotea ha inaugurado este domingo, d\\u00eda 31 de mayo, la ruta Menorca-Asturias junto a la de Menorca-Zaragoza. Los dos aviones fueron recibidos en el aeropuerto de Menorca con el tradicional arco de agua que dio la bienvenida a los pasajeros provenientes de Asturias y de Zaragoza. La compa\\u00f1\\u00eda, especializada en los viajes\",\"inLanguage\":\"es-ES\",\"isPartOf\":{\"@id\":\"https:\\\/\\\/eldigitaldeasturias.com\\\/magazine365\\\/#website\"},\"breadcrumb\":{\"@id\":\"https:\\\/\\\/eldigitaldeasturias.com\\\/magazine365\\\/volotea-inaugura-su-nueva-ruta-entre-menorca-y-asturias\\\/#breadcrumblist\"},\"author\":{\"@id\":\"https:\\\/\\\/eldigitaldeasturias.com\\\/magazine365\\\/author\\\/admin\\\/#author\"},\"creator\":{\"@id\":\"https:\\\/\\\/eldigitaldeasturias.com\\\/magazine365\\\/author\\\/admin\\\/#author\"},\"image\":{\"@type\":\"ImageObject\",\"url\":\"https:\\\/\\\/eldigitaldeasturias.com\\\/magazine365\\\/wp-content\\\/uploads\\\/2015\\\/06\\\/fotonoticia_20150601104745_800.jpg\",\"@id\":\"https:\\\/\\\/eldigitaldeasturias.com\\\/magazine365\\\/volotea-inaugura-su-nueva-ruta-entre-menorca-y-asturias\\\/#mainImage\",\"width\":800,\"height\":533},\"primaryImageOfPage\":{\"@id\":\"https:\\\/\\\/eldigitaldeasturias.com\\\/magazine365\\\/volotea-inaugura-su-nueva-ruta-entre-menorca-y-asturias\\\/#mainImage\"},\"datePublished\":\"2015-06-01T12:31:39+02:00\",\"dateModified\":\"2015-06-01T12:31:39+02:00\"},{\"@type\":\"WebSite\",\"@id\":\"https:\\\/\\\/eldigitaldeasturias.com\\\/magazine365\\\/#website\",\"url\":\"https:\\\/\\\/eldigitaldeasturias.com\\\/magazine365\\\/\",\"name\":\"El Digital de Asturias\",\"description\":\"Revista de ocio, turismo y estilo de vida\",\"inLanguage\":\"es-ES\",\"publisher\":{\"@id\":\"https:\\\/\\\/eldigitaldeasturias.com\\\/magazine365\\\/#organization\"}}]}\n\t\t<\/script>\n\t\t<!-- All in One SEO Pro -->\r\n\t\t<title>Volotea inaugura su nueva ruta entre Menorca y Asturias | El Digital de Asturias<\/title>\n\n","aioseo_head_json":{"title":"Volotea inaugura su nueva ruta entre Menorca y Asturias | El Digital de Asturias","description":"La compa\u00f1\u00eda a\u00e9rea Volotea ha inaugurado este domingo, d\u00eda 31 de mayo, la ruta Menorca-Asturias junto a la de Menorca-Zaragoza. Los dos aviones fueron recibidos en el aeropuerto de Menorca con el tradicional arco de agua que dio la bienvenida a los pasajeros provenientes de Asturias y de Zaragoza. La compa\u00f1\u00eda, especializada en los viajes","canonical_url":"https:\/\/eldigitaldeasturias.com\/magazine365\/volotea-inaugura-su-nueva-ruta-entre-menorca-y-asturias\/","robots":"max-image-preview:large","keywords":"actualidad turismo","webmasterTools":{"google-site-verification":"UA-38556648-1","miscellaneous":""},"schema":{"@context":"https:\/\/schema.org","@graph":[{"@type":"Article","@id":"https:\/\/eldigitaldeasturias.com\/magazine365\/volotea-inaugura-su-nueva-ruta-entre-menorca-y-asturias\/#article","name":"Volotea inaugura su nueva ruta entre Menorca y Asturias | El Digital de Asturias","headline":"Volotea inaugura su nueva ruta entre Menorca y Asturias","author":{"@id":"https:\/\/eldigitaldeasturias.com\/magazine365\/author\/admin\/#author"},"publisher":{"@id":"https:\/\/eldigitaldeasturias.com\/magazine365\/#organization"},"image":{"@type":"ImageObject","url":"https:\/\/eldigitaldeasturias.com\/magazine365\/wp-content\/uploads\/2015\/06\/fotonoticia_20150601104745_800.jpg","width":800,"height":533},"datePublished":"2015-06-01T12:31:39+02:00","dateModified":"2015-06-01T12:31:39+02:00","inLanguage":"es-ES","mainEntityOfPage":{"@id":"https:\/\/eldigitaldeasturias.com\/magazine365\/volotea-inaugura-su-nueva-ruta-entre-menorca-y-asturias\/#webpage"},"isPartOf":{"@id":"https:\/\/eldigitaldeasturias.com\/magazine365\/volotea-inaugura-su-nueva-ruta-entre-menorca-y-asturias\/#webpage"},"articleSection":"Actualidad Turismo"},{"@type":"BreadcrumbList","@id":"https:\/\/eldigitaldeasturias.com\/magazine365\/volotea-inaugura-su-nueva-ruta-entre-menorca-y-asturias\/#breadcrumblist","itemListElement":[{"@type":"ListItem","@id":"https:\/\/eldigitaldeasturias.com\/magazine365#listItem","position":1,"name":"Home","item":"https:\/\/eldigitaldeasturias.com\/magazine365","nextItem":{"@type":"ListItem","@id":"https:\/\/eldigitaldeasturias.com\/magazine365\/category\/actualidad-turismo\/#listItem","name":"Actualidad Turismo"}},{"@type":"ListItem","@id":"https:\/\/eldigitaldeasturias.com\/magazine365\/category\/actualidad-turismo\/#listItem","position":2,"name":"Actualidad Turismo","item":"https:\/\/eldigitaldeasturias.com\/magazine365\/category\/actualidad-turismo\/","nextItem":{"@type":"ListItem","@id":"https:\/\/eldigitaldeasturias.com\/magazine365\/volotea-inaugura-su-nueva-ruta-entre-menorca-y-asturias\/#listItem","name":"Volotea inaugura su nueva ruta entre Menorca y Asturias"},"previousItem":{"@type":"ListItem","@id":"https:\/\/eldigitaldeasturias.com\/magazine365#listItem","name":"Home"}},{"@type":"ListItem","@id":"https:\/\/eldigitaldeasturias.com\/magazine365\/volotea-inaugura-su-nueva-ruta-entre-menorca-y-asturias\/#listItem","position":3,"name":"Volotea inaugura su nueva ruta entre Menorca y Asturias","previousItem":{"@type":"ListItem","@id":"https:\/\/eldigitaldeasturias.com\/magazine365\/category\/actualidad-turismo\/#listItem","name":"Actualidad Turismo"}}]},{"@type":"Organization","@id":"https:\/\/eldigitaldeasturias.com\/magazine365\/#organization","name":"El digital de Asturias","description":"Revista de ocio, turismo y estilo de vida","url":"https:\/\/eldigitaldeasturias.com\/magazine365\/","logo":{"@type":"ImageObject","url":"https:\/\/www.eldigitaldeasturias.com\/noticias\/wp-content\/uploads\/2020\/12\/EDA.jpg","@id":"https:\/\/eldigitaldeasturias.com\/magazine365\/volotea-inaugura-su-nueva-ruta-entre-menorca-y-asturias\/#organizationLogo"},"image":{"@id":"https:\/\/eldigitaldeasturias.com\/magazine365\/volotea-inaugura-su-nueva-ruta-entre-menorca-y-asturias\/#organizationLogo"}},{"@type":"Person","@id":"https:\/\/eldigitaldeasturias.com\/magazine365\/author\/admin\/#author","url":"https:\/\/eldigitaldeasturias.com\/magazine365\/author\/admin\/","name":"admin","image":{"@type":"ImageObject","@id":"https:\/\/eldigitaldeasturias.com\/magazine365\/volotea-inaugura-su-nueva-ruta-entre-menorca-y-asturias\/#authorImage","url":"https:\/\/eldigitaldeasturias.com\/magazine365\/wp-content\/litespeed\/avatar\/e571bcf59a0edd6fa6838245a470f2fe.jpg?ver=1776969259","width":96,"height":96,"caption":"admin"}},{"@type":"WebPage","@id":"https:\/\/eldigitaldeasturias.com\/magazine365\/volotea-inaugura-su-nueva-ruta-entre-menorca-y-asturias\/#webpage","url":"https:\/\/eldigitaldeasturias.com\/magazine365\/volotea-inaugura-su-nueva-ruta-entre-menorca-y-asturias\/","name":"Volotea inaugura su nueva ruta entre Menorca y Asturias | El Digital de Asturias","description":"La compa\u00f1\u00eda a\u00e9rea Volotea ha inaugurado este domingo, d\u00eda 31 de mayo, la ruta Menorca-Asturias junto a la de Menorca-Zaragoza. Los dos aviones fueron recibidos en el aeropuerto de Menorca con el tradicional arco de agua que dio la bienvenida a los pasajeros provenientes de Asturias y de Zaragoza. La compa\u00f1\u00eda, especializada en los viajes","inLanguage":"es-ES","isPartOf":{"@id":"https:\/\/eldigitaldeasturias.com\/magazine365\/#website"},"breadcrumb":{"@id":"https:\/\/eldigitaldeasturias.com\/magazine365\/volotea-inaugura-su-nueva-ruta-entre-menorca-y-asturias\/#breadcrumblist"},"author":{"@id":"https:\/\/eldigitaldeasturias.com\/magazine365\/author\/admin\/#author"},"creator":{"@id":"https:\/\/eldigitaldeasturias.com\/magazine365\/author\/admin\/#author"},"image":{"@type":"ImageObject","url":"https:\/\/eldigitaldeasturias.com\/magazine365\/wp-content\/uploads\/2015\/06\/fotonoticia_20150601104745_800.jpg","@id":"https:\/\/eldigitaldeasturias.com\/magazine365\/volotea-inaugura-su-nueva-ruta-entre-menorca-y-asturias\/#mainImage","width":800,"height":533},"primaryImageOfPage":{"@id":"https:\/\/eldigitaldeasturias.com\/magazine365\/volotea-inaugura-su-nueva-ruta-entre-menorca-y-asturias\/#mainImage"},"datePublished":"2015-06-01T12:31:39+02:00","dateModified":"2015-06-01T12:31:39+02:00"},{"@type":"WebSite","@id":"https:\/\/eldigitaldeasturias.com\/magazine365\/#website","url":"https:\/\/eldigitaldeasturias.com\/magazine365\/","name":"El Digital de Asturias","description":"Revista de ocio, turismo y estilo de vida","inLanguage":"es-ES","publisher":{"@id":"https:\/\/eldigitaldeasturias.com\/magazine365\/#organization"}}]},"og:locale":"es_ES","og:site_name":"El Digital de Asturias \u2013 Revista de ocio, turismo y estilo de vida","og:type":"article","og:title":"Volotea inaugura su nueva ruta entre Menorca y Asturias | El Digital de Asturias","og:description":"La compa\u00f1\u00eda a\u00e9rea Volotea ha inaugurado este domingo, d\u00eda 31 de mayo, la ruta Menorca-Asturias junto a la de Menorca-Zaragoza. Los dos aviones fueron recibidos en el aeropuerto de Menorca con el tradicional arco de agua que dio la bienvenida a los pasajeros provenientes de Asturias y de Zaragoza. La compa\u00f1\u00eda, especializada en los viajes","og:url":"https:\/\/eldigitaldeasturias.com\/magazine365\/volotea-inaugura-su-nueva-ruta-entre-menorca-y-asturias\/","og:image":"https:\/\/eldigitaldeasturias.com\/magazine365\/wp-content\/uploads\/2015\/06\/fotonoticia_20150601104745_800.jpg","og:image:secure_url":"https:\/\/eldigitaldeasturias.com\/magazine365\/wp-content\/uploads\/2015\/06\/fotonoticia_20150601104745_800.jpg","og:image:width":800,"og:image:height":533,"article:published_time":"2015-06-01T11:01:39+00:00","article:modified_time":"2015-06-01T11:01:39+00:00","twitter:card":"summary_large_image","twitter:title":"Volotea inaugura su nueva ruta entre Menorca y Asturias | El Digital de Asturias","twitter:description":"La compa\u00f1\u00eda a\u00e9rea Volotea ha inaugurado este domingo, d\u00eda 31 de mayo, la ruta Menorca-Asturias junto a la de Menorca-Zaragoza. Los dos aviones fueron recibidos en el aeropuerto de Menorca con el tradicional arco de agua que dio la bienvenida a los pasajeros provenientes de Asturias y de Zaragoza. La compa\u00f1\u00eda, especializada en los viajes","twitter:image":"https:\/\/eldigitaldeasturias.com\/magazine365\/wp-content\/uploads\/2015\/06\/fotonoticia_20150601104745_800.jpg"},"aioseo_meta_data":{"post_id":"38432","title":null,"description":null,"keywords":null,"keyphrases":null,"primary_term":null,"canonical_url":null,"og_title":null,"og_description":null,"og_object_type":"default","og_image_type":"default","og_image_url":null,"og_image_width":null,"og_image_height":null,"og_image_custom_url":null,"og_image_custom_fields":null,"og_video":null,"og_custom_url":null,"og_article_section":null,"og_article_tags":null,"twitter_use_og":false,"twitter_card":"default","twitter_image_type":"default","twitter_image_url":null,"twitter_image_custom_url":null,"twitter_image_custom_fields":null,"twitter_title":null,"twitter_description":null,"schema":{"blockGraphs":[],"customGraphs":[],"default":{"data":{"Article":[],"Course":[],"Dataset":[],"FAQPage":[],"Movie":[],"Person":[],"Product":[],"ProductReview":[],"Car":[],"Recipe":[],"Service":[],"SoftwareApplication":[],"WebPage":[]},"graphName":"","isEnabled":true},"graphs":[],"defaultGraph":"","defaultPostTypeGraph":""},"schema_type":null,"schema_type_options":null,"pillar_content":false,"robots_default":true,"robots_noindex":false,"robots_noarchive":false,"robots_nosnippet":false,"robots_nofollow":false,"robots_noimageindex":false,"robots_noodp":false,"robots_notranslate":false,"robots_max_snippet":null,"robots_max_videopreview":null,"robots_max_imagepreview":"large","priority":null,"frequency":null,"location":null,"local_seo":null,"seo_analyzer_scan_date":"2025-09-19 09:33:58","breadcrumb_settings":null,"limit_modified_date":false,"open_ai":null,"ai":null,"created":"2021-03-09 02:53:47","updated":"2025-09-19 09:33:58"},"aioseo_breadcrumb":"<div class=\"aioseo-breadcrumbs\"><span class=\"aioseo-breadcrumb\">\n\t<a href=\"https:\/\/eldigitaldeasturias.com\/magazine365\" title=\"Home\">Home<\/a>\n<\/span><span class=\"aioseo-breadcrumb-separator\">\u2013<\/span><span class=\"aioseo-breadcrumb\">\n\t<a href=\"https:\/\/eldigitaldeasturias.com\/magazine365\/category\/actualidad-turismo\/\" title=\"Actualidad Turismo\">Actualidad Turismo<\/a>\n<\/span><span class=\"aioseo-breadcrumb-separator\">\u2013<\/span><span class=\"aioseo-breadcrumb\">\n\t<a href=\"https:\/\/eldigitaldeasturias.com\/magazine365\/volotea-inaugura-su-nueva-ruta-entre-menorca-y-asturias\/\" title=\"Volotea inaugura su nueva ruta entre Menorca y Asturias\">Volotea inaugura su nueva ruta entre Menorca y Asturias<\/a>\n<\/span><\/div>","aioseo_breadcrumb_json":[{"label":"Home","link":"https:\/\/eldigitaldeasturias.com\/magazine365"},{"label":"Actualidad Turismo","link":"https:\/\/eldigitaldeasturias.com\/magazine365\/category\/actualidad-turismo\/"},{"label":"Volotea inaugura su nueva ruta entre Menorca y Asturias","link":"https:\/\/eldigitaldeasturias.com\/magazine365\/volotea-inaugura-su-nueva-ruta-entre-menorca-y-asturias\/"}],"_links":{"self":[{"href":"https:\/\/eldigitaldeasturias.com\/magazine365\/wp-json\/wp\/v2\/posts\/38432","targetHints":{"allow":["GET"]}}],"collection":[{"href":"https:\/\/eldigitaldeasturias.com\/magazine365\/wp-json\/wp\/v2\/posts"}],"about":[{"href":"https:\/\/eldigitaldeasturias.com\/magazine365\/wp-json\/wp\/v2\/types\/post"}],"author":[{"embeddable":true,"href":"https:\/\/eldigitaldeasturias.com\/magazine365\/wp-json\/wp\/v2\/users\/1"}],"replies":[{"embeddable":true,"href":"https:\/\/eldigitaldeasturias.com\/magazine365\/wp-json\/wp\/v2\/comments?post=38432"}],"version-history":[{"count":0,"href":"https:\/\/eldigitaldeasturias.com\/magazine365\/wp-json\/wp\/v2\/posts\/38432\/revisions"}],"wp:featuredmedia":[{"embeddable":true,"href":"https:\/\/eldigitaldeasturias.com\/magazine365\/wp-json\/wp\/v2\/media\/38433"}],"wp:attachment":[{"href":"https:\/\/eldigitaldeasturias.com\/magazine365\/wp-json\/wp\/v2\/media?parent=38432"}],"wp:term":[{"taxonomy":"category","embeddable":true,"href":"https:\/\/eldigitaldeasturias.com\/magazine365\/wp-json\/wp\/v2\/categories?post=38432"},{"taxonomy":"post_tag","embeddable":true,"href":"https:\/\/eldigitaldeasturias.com\/magazine365\/wp-json\/wp\/v2\/tags?post=38432"}],"curies":[{"name":"wp","href":"https:\/\/api.w.org\/{rel}","templated":true}]}}