{"id":38412,"date":"2015-05-23T21:45:18","date_gmt":"2015-05-23T20:15:18","guid":{"rendered":"http:\/\/eldigitaldeasturias.com\/magazine365\/?p=38412"},"modified":"2015-05-23T21:45:59","modified_gmt":"2015-05-23T20:15:59","slug":"space-ibiza-lanzara-proximamente-su-propia-linea-de-gafas-de-sol","status":"publish","type":"post","link":"https:\/\/eldigitaldeasturias.com\/magazine365\/space-ibiza-lanzara-proximamente-su-propia-linea-de-gafas-de-sol\/","title":{"rendered":"Space Ibiza lanzar\u00e1 pr\u00f3ximamente su propia l\u00ednea de gafas de sol"},"content":{"rendered":"<p><img fetchpriority=\"high\" decoding=\"async\" class=\"alignleft size-medium wp-image-38413\" src=\"https:\/\/eldigitaldeasturias.com\/magazine365\/wp-content\/uploads\/2015\/05\/1432158628_spacecollection-200x300.jpg\" alt=\"1432158628_spacecollection\" width=\"200\" height=\"300\" srcset=\"https:\/\/eldigitaldeasturias.com\/magazine365\/wp-content\/uploads\/2015\/05\/1432158628_spacecollection-200x300.jpg 200w, https:\/\/eldigitaldeasturias.com\/magazine365\/wp-content\/uploads\/2015\/05\/1432158628_spacecollection.jpg 400w\" sizes=\"(max-width: 200px) 100vw, 200px\" \/>Gran noticia para aquellos que visitan cada a\u00f1o la isla de Ibiza para disfrutar de sus playas, el sol y su ambiente nocturno y que tienen como referente al santuario de la m\u00fasica electr\u00f3nica, Space Ibiza. El club m\u00e1s laureado del planeta, que la pasada campa\u00f1a celebr\u00f3 su 25 aniversario, ha dise\u00f1ado una colecci\u00f3n de gafas de sol, complemento de moda indispensable para la mayor\u00eda de los clubbers, pensada para todos aquellos que se sienten identificados con la filosof\u00eda Space Ibiza.<\/p>\n<p>Los distintos modelos de gafas de sol, fabricados por la firma norteamericana Surreal Sunglasses, se presentan en diferentes colores para satisfacer a todos los p\u00fablicos, cuentan con un packaging personalizado y destacan por su montura fabricada en madera de bamb\u00fa y sus cristales polarizados de alta protecci\u00f3n.<\/p>\n<p>La colecci\u00f3n, que se ofrecer\u00e1 en edici\u00f3n limitada, saldr\u00e1 a la venta el pr\u00f3ximo mes y se comercializar\u00e1 en exclusiva en los puntos de venta de Space Ibiza.<\/p>\n<p>Surreal Sunglasses es una marca creada en Nueva Jersey, EEUU, en 2013 bajo el lema \u201cDare to stand out\u201d (atr\u00e9vete a destacar). Sus gafas de sol, originales y coloridas, tienen la virtud de no dejar indiferente a nadie. Este a\u00f1o buscan dar el paso definitivo para su expansi\u00f3n internacional, y nada mejor que hacerlo de la mano un club de prestigio mundial, Space Ibiza, permitiendo a la firma llegar a millones de personas de distintas nacionalidades.<\/p>\n<p>Oriol Gonzalez, gerente de Surreal Sunglasses Europe, hace \u00e9nfasis en la gran oportunidad que supone para la marca esta colaboraci\u00f3n: \u201cPara nuestra firma es todo un reto producir esta colecci\u00f3n para Space Ibiza, un lugar de culto para todos los amantes de la m\u00fasica electr\u00f3nica y reconocido mundialmente. Estamos muy orgullosos de que un club con una trayectoria de tanta envergadura se haya fijado en nosotros para este proyecto y hemos puesto todos los medios necesarios para que nuestras gafas de sol est\u00e9n a la altura de lo que ofrece habitualmente Space Ibiza\u201d<\/p>\n","protected":false},"excerpt":{"rendered":"<p>Gran noticia para aquellos que visitan cada a\u00f1o la isla de Ibiza para disfrutar de sus playas, el sol y su ambiente nocturno y que tienen como referente al santuario de la m\u00fasica electr\u00f3nica, Space Ibiza. El club m\u00e1s laureado del planeta, que la pasada campa\u00f1a celebr\u00f3 su 25 aniversario, ha dise\u00f1ado una colecci\u00f3n de<\/p>\n","protected":false},"author":1,"featured_media":38415,"comment_status":"open","ping_status":"closed","sticky":false,"template":"","format":"standard","meta":{"footnotes":""},"categories":[224],"tags":[],"class_list":{"0":"post-38412","1":"post","2":"type-post","3":"status-publish","4":"format-standard","5":"has-post-thumbnail","7":"category-noticias-actualidad"},"aioseo_notices":[],"aioseo_head":"\n\t\t<!-- All in One SEO Pro 4.9.6.1 - aioseo.com -->\n\t<meta name=\"description\" content=\"Gran noticia para aquellos que visitan cada a\u00f1o la isla de Ibiza para disfrutar de sus playas, el sol y su ambiente nocturno y que tienen como referente al santuario de la m\u00fasica electr\u00f3nica, Space Ibiza. El club m\u00e1s laureado del planeta, que la pasada campa\u00f1a celebr\u00f3 su 25 aniversario, ha dise\u00f1ado una colecci\u00f3n de\" \/>\n\t<meta name=\"robots\" content=\"max-image-preview:large\" \/>\n\t<meta name=\"author\" content=\"admin\"\/>\n\t<meta name=\"google-site-verification\" content=\"UA-38556648-1\" \/>\n\t<meta name=\"keywords\" content=\"noticias y actualidad\" \/>\n\t<link rel=\"canonical\" href=\"https:\/\/eldigitaldeasturias.com\/magazine365\/space-ibiza-lanzara-proximamente-su-propia-linea-de-gafas-de-sol\/\" \/>\n\t<meta name=\"generator\" content=\"All in One SEO Pro (AIOSEO) 4.9.6.1\" \/>\n\t\t<meta property=\"og:locale\" content=\"es_ES\" \/>\n\t\t<meta property=\"og:site_name\" content=\"El Digital de Asturias \u2013 Revista de ocio, turismo y estilo de vida\" \/>\n\t\t<meta property=\"og:type\" content=\"article\" \/>\n\t\t<meta property=\"og:title\" content=\"Space Ibiza lanzar\u00e1 pr\u00f3ximamente su propia l\u00ednea de gafas de sol | El Digital de Asturias\" \/>\n\t\t<meta property=\"og:description\" content=\"Gran noticia para aquellos que visitan cada a\u00f1o la isla de Ibiza para disfrutar de sus playas, el sol y su ambiente nocturno y que tienen como referente al santuario de la m\u00fasica electr\u00f3nica, Space Ibiza. El club m\u00e1s laureado del planeta, que la pasada campa\u00f1a celebr\u00f3 su 25 aniversario, ha dise\u00f1ado una colecci\u00f3n de\" \/>\n\t\t<meta property=\"og:url\" content=\"https:\/\/eldigitaldeasturias.com\/magazine365\/space-ibiza-lanzara-proximamente-su-propia-linea-de-gafas-de-sol\/\" \/>\n\t\t<meta property=\"og:image\" content=\"https:\/\/eldigitaldeasturias.com\/magazine365\/wp-content\/uploads\/2015\/05\/1432158148_SPACERED.jpg\" \/>\n\t\t<meta property=\"og:image:secure_url\" content=\"https:\/\/eldigitaldeasturias.com\/magazine365\/wp-content\/uploads\/2015\/05\/1432158148_SPACERED.jpg\" \/>\n\t\t<meta property=\"og:image:width\" content=\"500\" \/>\n\t\t<meta property=\"og:image:height\" content=\"609\" \/>\n\t\t<meta property=\"article:published_time\" content=\"2015-05-23T20:15:18+00:00\" \/>\n\t\t<meta property=\"article:modified_time\" content=\"2015-05-23T20:15:59+00:00\" \/>\n\t\t<meta name=\"twitter:card\" content=\"summary_large_image\" \/>\n\t\t<meta name=\"twitter:title\" content=\"Space Ibiza lanzar\u00e1 pr\u00f3ximamente su propia l\u00ednea de gafas de sol | El Digital de Asturias\" \/>\n\t\t<meta name=\"twitter:description\" content=\"Gran noticia para aquellos que visitan cada a\u00f1o la isla de Ibiza para disfrutar de sus playas, el sol y su ambiente nocturno y que tienen como referente al santuario de la m\u00fasica electr\u00f3nica, Space Ibiza. El club m\u00e1s laureado del planeta, que la pasada campa\u00f1a celebr\u00f3 su 25 aniversario, ha dise\u00f1ado una colecci\u00f3n de\" \/>\n\t\t<meta name=\"twitter:image\" content=\"https:\/\/eldigitaldeasturias.com\/magazine365\/wp-content\/uploads\/2015\/05\/1432158148_SPACERED.jpg\" \/>\n\t\t<script type=\"application\/ld+json\" class=\"aioseo-schema\">\n\t\t\t{\"@context\":\"https:\\\/\\\/schema.org\",\"@graph\":[{\"@type\":\"Article\",\"@id\":\"https:\\\/\\\/eldigitaldeasturias.com\\\/magazine365\\\/space-ibiza-lanzara-proximamente-su-propia-linea-de-gafas-de-sol\\\/#article\",\"name\":\"Space Ibiza lanzar\\u00e1 pr\\u00f3ximamente su propia l\\u00ednea de gafas de sol | El Digital de Asturias\",\"headline\":\"Space Ibiza lanzar\\u00e1 pr\\u00f3ximamente su propia l\\u00ednea de gafas de sol\",\"author\":{\"@id\":\"https:\\\/\\\/eldigitaldeasturias.com\\\/magazine365\\\/author\\\/admin\\\/#author\"},\"publisher\":{\"@id\":\"https:\\\/\\\/eldigitaldeasturias.com\\\/magazine365\\\/#organization\"},\"image\":{\"@type\":\"ImageObject\",\"url\":\"https:\\\/\\\/eldigitaldeasturias.com\\\/magazine365\\\/wp-content\\\/uploads\\\/2015\\\/05\\\/1432158148_SPACERED.jpg\",\"width\":500,\"height\":609},\"datePublished\":\"2015-05-23T21:45:18+02:00\",\"dateModified\":\"2015-05-23T21:45:59+02:00\",\"inLanguage\":\"es-ES\",\"mainEntityOfPage\":{\"@id\":\"https:\\\/\\\/eldigitaldeasturias.com\\\/magazine365\\\/space-ibiza-lanzara-proximamente-su-propia-linea-de-gafas-de-sol\\\/#webpage\"},\"isPartOf\":{\"@id\":\"https:\\\/\\\/eldigitaldeasturias.com\\\/magazine365\\\/space-ibiza-lanzara-proximamente-su-propia-linea-de-gafas-de-sol\\\/#webpage\"},\"articleSection\":\"Noticias y Actualidad\"},{\"@type\":\"BreadcrumbList\",\"@id\":\"https:\\\/\\\/eldigitaldeasturias.com\\\/magazine365\\\/space-ibiza-lanzara-proximamente-su-propia-linea-de-gafas-de-sol\\\/#breadcrumblist\",\"itemListElement\":[{\"@type\":\"ListItem\",\"@id\":\"https:\\\/\\\/eldigitaldeasturias.com\\\/magazine365#listItem\",\"position\":1,\"name\":\"Home\",\"item\":\"https:\\\/\\\/eldigitaldeasturias.com\\\/magazine365\",\"nextItem\":{\"@type\":\"ListItem\",\"@id\":\"https:\\\/\\\/eldigitaldeasturias.com\\\/magazine365\\\/category\\\/noticias-actualidad\\\/#listItem\",\"name\":\"Noticias y Actualidad\"}},{\"@type\":\"ListItem\",\"@id\":\"https:\\\/\\\/eldigitaldeasturias.com\\\/magazine365\\\/category\\\/noticias-actualidad\\\/#listItem\",\"position\":2,\"name\":\"Noticias y Actualidad\",\"item\":\"https:\\\/\\\/eldigitaldeasturias.com\\\/magazine365\\\/category\\\/noticias-actualidad\\\/\",\"nextItem\":{\"@type\":\"ListItem\",\"@id\":\"https:\\\/\\\/eldigitaldeasturias.com\\\/magazine365\\\/space-ibiza-lanzara-proximamente-su-propia-linea-de-gafas-de-sol\\\/#listItem\",\"name\":\"Space Ibiza lanzar\\u00e1 pr\\u00f3ximamente su propia l\\u00ednea de gafas de sol\"},\"previousItem\":{\"@type\":\"ListItem\",\"@id\":\"https:\\\/\\\/eldigitaldeasturias.com\\\/magazine365#listItem\",\"name\":\"Home\"}},{\"@type\":\"ListItem\",\"@id\":\"https:\\\/\\\/eldigitaldeasturias.com\\\/magazine365\\\/space-ibiza-lanzara-proximamente-su-propia-linea-de-gafas-de-sol\\\/#listItem\",\"position\":3,\"name\":\"Space Ibiza lanzar\\u00e1 pr\\u00f3ximamente su propia l\\u00ednea de gafas de sol\",\"previousItem\":{\"@type\":\"ListItem\",\"@id\":\"https:\\\/\\\/eldigitaldeasturias.com\\\/magazine365\\\/category\\\/noticias-actualidad\\\/#listItem\",\"name\":\"Noticias y Actualidad\"}}]},{\"@type\":\"Organization\",\"@id\":\"https:\\\/\\\/eldigitaldeasturias.com\\\/magazine365\\\/#organization\",\"name\":\"El digital de Asturias\",\"description\":\"Revista de ocio, turismo y estilo de vida\",\"url\":\"https:\\\/\\\/eldigitaldeasturias.com\\\/magazine365\\\/\",\"logo\":{\"@type\":\"ImageObject\",\"url\":\"https:\\\/\\\/www.eldigitaldeasturias.com\\\/noticias\\\/wp-content\\\/uploads\\\/2020\\\/12\\\/EDA.jpg\",\"@id\":\"https:\\\/\\\/eldigitaldeasturias.com\\\/magazine365\\\/space-ibiza-lanzara-proximamente-su-propia-linea-de-gafas-de-sol\\\/#organizationLogo\"},\"image\":{\"@id\":\"https:\\\/\\\/eldigitaldeasturias.com\\\/magazine365\\\/space-ibiza-lanzara-proximamente-su-propia-linea-de-gafas-de-sol\\\/#organizationLogo\"}},{\"@type\":\"Person\",\"@id\":\"https:\\\/\\\/eldigitaldeasturias.com\\\/magazine365\\\/author\\\/admin\\\/#author\",\"url\":\"https:\\\/\\\/eldigitaldeasturias.com\\\/magazine365\\\/author\\\/admin\\\/\",\"name\":\"admin\",\"image\":{\"@type\":\"ImageObject\",\"@id\":\"https:\\\/\\\/eldigitaldeasturias.com\\\/magazine365\\\/space-ibiza-lanzara-proximamente-su-propia-linea-de-gafas-de-sol\\\/#authorImage\",\"url\":\"https:\\\/\\\/eldigitaldeasturias.com\\\/magazine365\\\/wp-content\\\/litespeed\\\/avatar\\\/e571bcf59a0edd6fa6838245a470f2fe.jpg?ver=1776969259\",\"width\":96,\"height\":96,\"caption\":\"admin\"}},{\"@type\":\"WebPage\",\"@id\":\"https:\\\/\\\/eldigitaldeasturias.com\\\/magazine365\\\/space-ibiza-lanzara-proximamente-su-propia-linea-de-gafas-de-sol\\\/#webpage\",\"url\":\"https:\\\/\\\/eldigitaldeasturias.com\\\/magazine365\\\/space-ibiza-lanzara-proximamente-su-propia-linea-de-gafas-de-sol\\\/\",\"name\":\"Space Ibiza lanzar\\u00e1 pr\\u00f3ximamente su propia l\\u00ednea de gafas de sol | El Digital de Asturias\",\"description\":\"Gran noticia para aquellos que visitan cada a\\u00f1o la isla de Ibiza para disfrutar de sus playas, el sol y su ambiente nocturno y que tienen como referente al santuario de la m\\u00fasica electr\\u00f3nica, Space Ibiza. El club m\\u00e1s laureado del planeta, que la pasada campa\\u00f1a celebr\\u00f3 su 25 aniversario, ha dise\\u00f1ado una colecci\\u00f3n de\",\"inLanguage\":\"es-ES\",\"isPartOf\":{\"@id\":\"https:\\\/\\\/eldigitaldeasturias.com\\\/magazine365\\\/#website\"},\"breadcrumb\":{\"@id\":\"https:\\\/\\\/eldigitaldeasturias.com\\\/magazine365\\\/space-ibiza-lanzara-proximamente-su-propia-linea-de-gafas-de-sol\\\/#breadcrumblist\"},\"author\":{\"@id\":\"https:\\\/\\\/eldigitaldeasturias.com\\\/magazine365\\\/author\\\/admin\\\/#author\"},\"creator\":{\"@id\":\"https:\\\/\\\/eldigitaldeasturias.com\\\/magazine365\\\/author\\\/admin\\\/#author\"},\"image\":{\"@type\":\"ImageObject\",\"url\":\"https:\\\/\\\/eldigitaldeasturias.com\\\/magazine365\\\/wp-content\\\/uploads\\\/2015\\\/05\\\/1432158148_SPACERED.jpg\",\"@id\":\"https:\\\/\\\/eldigitaldeasturias.com\\\/magazine365\\\/space-ibiza-lanzara-proximamente-su-propia-linea-de-gafas-de-sol\\\/#mainImage\",\"width\":500,\"height\":609},\"primaryImageOfPage\":{\"@id\":\"https:\\\/\\\/eldigitaldeasturias.com\\\/magazine365\\\/space-ibiza-lanzara-proximamente-su-propia-linea-de-gafas-de-sol\\\/#mainImage\"},\"datePublished\":\"2015-05-23T21:45:18+02:00\",\"dateModified\":\"2015-05-23T21:45:59+02:00\"},{\"@type\":\"WebSite\",\"@id\":\"https:\\\/\\\/eldigitaldeasturias.com\\\/magazine365\\\/#website\",\"url\":\"https:\\\/\\\/eldigitaldeasturias.com\\\/magazine365\\\/\",\"name\":\"El Digital de Asturias\",\"description\":\"Revista de ocio, turismo y estilo de vida\",\"inLanguage\":\"es-ES\",\"publisher\":{\"@id\":\"https:\\\/\\\/eldigitaldeasturias.com\\\/magazine365\\\/#organization\"}}]}\n\t\t<\/script>\n\t\t<!-- All in One SEO Pro -->\r\n\t\t<title>Space Ibiza lanzar\u00e1 pr\u00f3ximamente su propia l\u00ednea de gafas de sol | El Digital de Asturias<\/title>\n\n","aioseo_head_json":{"title":"Space Ibiza lanzar\u00e1 pr\u00f3ximamente su propia l\u00ednea de gafas de sol | El Digital de Asturias","description":"Gran noticia para aquellos que visitan cada a\u00f1o la isla de Ibiza para disfrutar de sus playas, el sol y su ambiente nocturno y que tienen como referente al santuario de la m\u00fasica electr\u00f3nica, Space Ibiza. El club m\u00e1s laureado del planeta, que la pasada campa\u00f1a celebr\u00f3 su 25 aniversario, ha dise\u00f1ado una colecci\u00f3n de","canonical_url":"https:\/\/eldigitaldeasturias.com\/magazine365\/space-ibiza-lanzara-proximamente-su-propia-linea-de-gafas-de-sol\/","robots":"max-image-preview:large","keywords":"noticias y actualidad","webmasterTools":{"google-site-verification":"UA-38556648-1","miscellaneous":""},"schema":{"@context":"https:\/\/schema.org","@graph":[{"@type":"Article","@id":"https:\/\/eldigitaldeasturias.com\/magazine365\/space-ibiza-lanzara-proximamente-su-propia-linea-de-gafas-de-sol\/#article","name":"Space Ibiza lanzar\u00e1 pr\u00f3ximamente su propia l\u00ednea de gafas de sol | El Digital de Asturias","headline":"Space Ibiza lanzar\u00e1 pr\u00f3ximamente su propia l\u00ednea de gafas de sol","author":{"@id":"https:\/\/eldigitaldeasturias.com\/magazine365\/author\/admin\/#author"},"publisher":{"@id":"https:\/\/eldigitaldeasturias.com\/magazine365\/#organization"},"image":{"@type":"ImageObject","url":"https:\/\/eldigitaldeasturias.com\/magazine365\/wp-content\/uploads\/2015\/05\/1432158148_SPACERED.jpg","width":500,"height":609},"datePublished":"2015-05-23T21:45:18+02:00","dateModified":"2015-05-23T21:45:59+02:00","inLanguage":"es-ES","mainEntityOfPage":{"@id":"https:\/\/eldigitaldeasturias.com\/magazine365\/space-ibiza-lanzara-proximamente-su-propia-linea-de-gafas-de-sol\/#webpage"},"isPartOf":{"@id":"https:\/\/eldigitaldeasturias.com\/magazine365\/space-ibiza-lanzara-proximamente-su-propia-linea-de-gafas-de-sol\/#webpage"},"articleSection":"Noticias y Actualidad"},{"@type":"BreadcrumbList","@id":"https:\/\/eldigitaldeasturias.com\/magazine365\/space-ibiza-lanzara-proximamente-su-propia-linea-de-gafas-de-sol\/#breadcrumblist","itemListElement":[{"@type":"ListItem","@id":"https:\/\/eldigitaldeasturias.com\/magazine365#listItem","position":1,"name":"Home","item":"https:\/\/eldigitaldeasturias.com\/magazine365","nextItem":{"@type":"ListItem","@id":"https:\/\/eldigitaldeasturias.com\/magazine365\/category\/noticias-actualidad\/#listItem","name":"Noticias y Actualidad"}},{"@type":"ListItem","@id":"https:\/\/eldigitaldeasturias.com\/magazine365\/category\/noticias-actualidad\/#listItem","position":2,"name":"Noticias y Actualidad","item":"https:\/\/eldigitaldeasturias.com\/magazine365\/category\/noticias-actualidad\/","nextItem":{"@type":"ListItem","@id":"https:\/\/eldigitaldeasturias.com\/magazine365\/space-ibiza-lanzara-proximamente-su-propia-linea-de-gafas-de-sol\/#listItem","name":"Space Ibiza lanzar\u00e1 pr\u00f3ximamente su propia l\u00ednea de gafas de sol"},"previousItem":{"@type":"ListItem","@id":"https:\/\/eldigitaldeasturias.com\/magazine365#listItem","name":"Home"}},{"@type":"ListItem","@id":"https:\/\/eldigitaldeasturias.com\/magazine365\/space-ibiza-lanzara-proximamente-su-propia-linea-de-gafas-de-sol\/#listItem","position":3,"name":"Space Ibiza lanzar\u00e1 pr\u00f3ximamente su propia l\u00ednea de gafas de sol","previousItem":{"@type":"ListItem","@id":"https:\/\/eldigitaldeasturias.com\/magazine365\/category\/noticias-actualidad\/#listItem","name":"Noticias y Actualidad"}}]},{"@type":"Organization","@id":"https:\/\/eldigitaldeasturias.com\/magazine365\/#organization","name":"El digital de Asturias","description":"Revista de ocio, turismo y estilo de vida","url":"https:\/\/eldigitaldeasturias.com\/magazine365\/","logo":{"@type":"ImageObject","url":"https:\/\/www.eldigitaldeasturias.com\/noticias\/wp-content\/uploads\/2020\/12\/EDA.jpg","@id":"https:\/\/eldigitaldeasturias.com\/magazine365\/space-ibiza-lanzara-proximamente-su-propia-linea-de-gafas-de-sol\/#organizationLogo"},"image":{"@id":"https:\/\/eldigitaldeasturias.com\/magazine365\/space-ibiza-lanzara-proximamente-su-propia-linea-de-gafas-de-sol\/#organizationLogo"}},{"@type":"Person","@id":"https:\/\/eldigitaldeasturias.com\/magazine365\/author\/admin\/#author","url":"https:\/\/eldigitaldeasturias.com\/magazine365\/author\/admin\/","name":"admin","image":{"@type":"ImageObject","@id":"https:\/\/eldigitaldeasturias.com\/magazine365\/space-ibiza-lanzara-proximamente-su-propia-linea-de-gafas-de-sol\/#authorImage","url":"https:\/\/eldigitaldeasturias.com\/magazine365\/wp-content\/litespeed\/avatar\/e571bcf59a0edd6fa6838245a470f2fe.jpg?ver=1776969259","width":96,"height":96,"caption":"admin"}},{"@type":"WebPage","@id":"https:\/\/eldigitaldeasturias.com\/magazine365\/space-ibiza-lanzara-proximamente-su-propia-linea-de-gafas-de-sol\/#webpage","url":"https:\/\/eldigitaldeasturias.com\/magazine365\/space-ibiza-lanzara-proximamente-su-propia-linea-de-gafas-de-sol\/","name":"Space Ibiza lanzar\u00e1 pr\u00f3ximamente su propia l\u00ednea de gafas de sol | El Digital de Asturias","description":"Gran noticia para aquellos que visitan cada a\u00f1o la isla de Ibiza para disfrutar de sus playas, el sol y su ambiente nocturno y que tienen como referente al santuario de la m\u00fasica electr\u00f3nica, Space Ibiza. El club m\u00e1s laureado del planeta, que la pasada campa\u00f1a celebr\u00f3 su 25 aniversario, ha dise\u00f1ado una colecci\u00f3n de","inLanguage":"es-ES","isPartOf":{"@id":"https:\/\/eldigitaldeasturias.com\/magazine365\/#website"},"breadcrumb":{"@id":"https:\/\/eldigitaldeasturias.com\/magazine365\/space-ibiza-lanzara-proximamente-su-propia-linea-de-gafas-de-sol\/#breadcrumblist"},"author":{"@id":"https:\/\/eldigitaldeasturias.com\/magazine365\/author\/admin\/#author"},"creator":{"@id":"https:\/\/eldigitaldeasturias.com\/magazine365\/author\/admin\/#author"},"image":{"@type":"ImageObject","url":"https:\/\/eldigitaldeasturias.com\/magazine365\/wp-content\/uploads\/2015\/05\/1432158148_SPACERED.jpg","@id":"https:\/\/eldigitaldeasturias.com\/magazine365\/space-ibiza-lanzara-proximamente-su-propia-linea-de-gafas-de-sol\/#mainImage","width":500,"height":609},"primaryImageOfPage":{"@id":"https:\/\/eldigitaldeasturias.com\/magazine365\/space-ibiza-lanzara-proximamente-su-propia-linea-de-gafas-de-sol\/#mainImage"},"datePublished":"2015-05-23T21:45:18+02:00","dateModified":"2015-05-23T21:45:59+02:00"},{"@type":"WebSite","@id":"https:\/\/eldigitaldeasturias.com\/magazine365\/#website","url":"https:\/\/eldigitaldeasturias.com\/magazine365\/","name":"El Digital de Asturias","description":"Revista de ocio, turismo y estilo de vida","inLanguage":"es-ES","publisher":{"@id":"https:\/\/eldigitaldeasturias.com\/magazine365\/#organization"}}]},"og:locale":"es_ES","og:site_name":"El Digital de Asturias \u2013 Revista de ocio, turismo y estilo de vida","og:type":"article","og:title":"Space Ibiza lanzar\u00e1 pr\u00f3ximamente su propia l\u00ednea de gafas de sol | El Digital de Asturias","og:description":"Gran noticia para aquellos que visitan cada a\u00f1o la isla de Ibiza para disfrutar de sus playas, el sol y su ambiente nocturno y que tienen como referente al santuario de la m\u00fasica electr\u00f3nica, Space Ibiza. El club m\u00e1s laureado del planeta, que la pasada campa\u00f1a celebr\u00f3 su 25 aniversario, ha dise\u00f1ado una colecci\u00f3n de","og:url":"https:\/\/eldigitaldeasturias.com\/magazine365\/space-ibiza-lanzara-proximamente-su-propia-linea-de-gafas-de-sol\/","og:image":"https:\/\/eldigitaldeasturias.com\/magazine365\/wp-content\/uploads\/2015\/05\/1432158148_SPACERED.jpg","og:image:secure_url":"https:\/\/eldigitaldeasturias.com\/magazine365\/wp-content\/uploads\/2015\/05\/1432158148_SPACERED.jpg","og:image:width":500,"og:image:height":609,"article:published_time":"2015-05-23T20:15:18+00:00","article:modified_time":"2015-05-23T20:15:59+00:00","twitter:card":"summary_large_image","twitter:title":"Space Ibiza lanzar\u00e1 pr\u00f3ximamente su propia l\u00ednea de gafas de sol | El Digital de Asturias","twitter:description":"Gran noticia para aquellos que visitan cada a\u00f1o la isla de Ibiza para disfrutar de sus playas, el sol y su ambiente nocturno y que tienen como referente al santuario de la m\u00fasica electr\u00f3nica, Space Ibiza. El club m\u00e1s laureado del planeta, que la pasada campa\u00f1a celebr\u00f3 su 25 aniversario, ha dise\u00f1ado una colecci\u00f3n de","twitter:image":"https:\/\/eldigitaldeasturias.com\/magazine365\/wp-content\/uploads\/2015\/05\/1432158148_SPACERED.jpg"},"aioseo_meta_data":{"post_id":"38412","title":null,"description":null,"keywords":null,"keyphrases":null,"primary_term":null,"canonical_url":null,"og_title":null,"og_description":null,"og_object_type":"default","og_image_type":"default","og_image_url":null,"og_image_width":null,"og_image_height":null,"og_image_custom_url":null,"og_image_custom_fields":null,"og_video":null,"og_custom_url":null,"og_article_section":null,"og_article_tags":null,"twitter_use_og":false,"twitter_card":"default","twitter_image_type":"default","twitter_image_url":null,"twitter_image_custom_url":null,"twitter_image_custom_fields":null,"twitter_title":null,"twitter_description":null,"schema":{"blockGraphs":[],"customGraphs":[],"default":{"data":{"Article":[],"Course":[],"Dataset":[],"FAQPage":[],"Movie":[],"Person":[],"Product":[],"ProductReview":[],"Car":[],"Recipe":[],"Service":[],"SoftwareApplication":[],"WebPage":[]},"graphName":"","isEnabled":true},"graphs":[],"defaultGraph":"","defaultPostTypeGraph":""},"schema_type":null,"schema_type_options":null,"pillar_content":false,"robots_default":true,"robots_noindex":false,"robots_noarchive":false,"robots_nosnippet":false,"robots_nofollow":false,"robots_noimageindex":false,"robots_noodp":false,"robots_notranslate":false,"robots_max_snippet":null,"robots_max_videopreview":null,"robots_max_imagepreview":"large","priority":null,"frequency":null,"location":null,"local_seo":null,"seo_analyzer_scan_date":"2025-09-19 09:29:20","breadcrumb_settings":null,"limit_modified_date":false,"open_ai":null,"ai":null,"created":"2021-03-09 02:53:47","updated":"2025-09-19 09:29:20"},"aioseo_breadcrumb":"<div class=\"aioseo-breadcrumbs\"><span class=\"aioseo-breadcrumb\">\n\t<a href=\"https:\/\/eldigitaldeasturias.com\/magazine365\" title=\"Home\">Home<\/a>\n<\/span><span class=\"aioseo-breadcrumb-separator\">\u2013<\/span><span class=\"aioseo-breadcrumb\">\n\t<a href=\"https:\/\/eldigitaldeasturias.com\/magazine365\/category\/noticias-actualidad\/\" title=\"Noticias y Actualidad\">Noticias y Actualidad<\/a>\n<\/span><span class=\"aioseo-breadcrumb-separator\">\u2013<\/span><span class=\"aioseo-breadcrumb\">\n\t<a href=\"https:\/\/eldigitaldeasturias.com\/magazine365\/space-ibiza-lanzara-proximamente-su-propia-linea-de-gafas-de-sol\/\" title=\"Space Ibiza lanzar\u00e1 pr\u00f3ximamente su propia l\u00ednea de gafas de sol\">Space Ibiza lanzar\u00e1 pr\u00f3ximamente su propia l\u00ednea de gafas de sol<\/a>\n<\/span><\/div>","aioseo_breadcrumb_json":[{"label":"Home","link":"https:\/\/eldigitaldeasturias.com\/magazine365"},{"label":"Noticias y Actualidad","link":"https:\/\/eldigitaldeasturias.com\/magazine365\/category\/noticias-actualidad\/"},{"label":"Space Ibiza lanzar\u00e1 pr\u00f3ximamente su propia l\u00ednea de gafas de sol","link":"https:\/\/eldigitaldeasturias.com\/magazine365\/space-ibiza-lanzara-proximamente-su-propia-linea-de-gafas-de-sol\/"}],"_links":{"self":[{"href":"https:\/\/eldigitaldeasturias.com\/magazine365\/wp-json\/wp\/v2\/posts\/38412","targetHints":{"allow":["GET"]}}],"collection":[{"href":"https:\/\/eldigitaldeasturias.com\/magazine365\/wp-json\/wp\/v2\/posts"}],"about":[{"href":"https:\/\/eldigitaldeasturias.com\/magazine365\/wp-json\/wp\/v2\/types\/post"}],"author":[{"embeddable":true,"href":"https:\/\/eldigitaldeasturias.com\/magazine365\/wp-json\/wp\/v2\/users\/1"}],"replies":[{"embeddable":true,"href":"https:\/\/eldigitaldeasturias.com\/magazine365\/wp-json\/wp\/v2\/comments?post=38412"}],"version-history":[{"count":0,"href":"https:\/\/eldigitaldeasturias.com\/magazine365\/wp-json\/wp\/v2\/posts\/38412\/revisions"}],"wp:featuredmedia":[{"embeddable":true,"href":"https:\/\/eldigitaldeasturias.com\/magazine365\/wp-json\/wp\/v2\/media\/38415"}],"wp:attachment":[{"href":"https:\/\/eldigitaldeasturias.com\/magazine365\/wp-json\/wp\/v2\/media?parent=38412"}],"wp:term":[{"taxonomy":"category","embeddable":true,"href":"https:\/\/eldigitaldeasturias.com\/magazine365\/wp-json\/wp\/v2\/categories?post=38412"},{"taxonomy":"post_tag","embeddable":true,"href":"https:\/\/eldigitaldeasturias.com\/magazine365\/wp-json\/wp\/v2\/tags?post=38412"}],"curies":[{"name":"wp","href":"https:\/\/api.w.org\/{rel}","templated":true}]}}