{"id":38399,"date":"2015-05-23T21:38:31","date_gmt":"2015-05-23T20:08:31","guid":{"rendered":"http:\/\/eldigitaldeasturias.com\/magazine365\/?p=38399"},"modified":"2015-05-23T21:38:31","modified_gmt":"2015-05-23T20:08:31","slug":"se-busca-busca-al-mejor-chef-de-la-ribera","status":"publish","type":"post","link":"https:\/\/eldigitaldeasturias.com\/magazine365\/se-busca-busca-al-mejor-chef-de-la-ribera\/","title":{"rendered":"Se busca busca al mejor chef de la Ribera"},"content":{"rendered":"<p><img fetchpriority=\"high\" decoding=\"async\" class=\"alignleft size-medium wp-image-38400\" src=\"https:\/\/eldigitaldeasturias.com\/magazine365\/wp-content\/uploads\/2015\/05\/1432023040_RiberChef_PepeRodriguez-360x240.jpg\" alt=\"1432023040_RiberChef_PepeRodriguez\" width=\"360\" height=\"240\" srcset=\"https:\/\/eldigitaldeasturias.com\/magazine365\/wp-content\/uploads\/2015\/05\/1432023040_RiberChef_PepeRodriguez-360x240.jpg 360w, https:\/\/eldigitaldeasturias.com\/magazine365\/wp-content\/uploads\/2015\/05\/1432023040_RiberChef_PepeRodriguez-150x100.jpg 150w, https:\/\/eldigitaldeasturias.com\/magazine365\/wp-content\/uploads\/2015\/05\/1432023040_RiberChef_PepeRodriguez-450x300.jpg 450w, https:\/\/eldigitaldeasturias.com\/magazine365\/wp-content\/uploads\/2015\/05\/1432023040_RiberChef_PepeRodriguez-84x55.jpg 84w, https:\/\/eldigitaldeasturias.com\/magazine365\/wp-content\/uploads\/2015\/05\/1432023040_RiberChef_PepeRodriguez.jpg 472w\" sizes=\"(max-width: 360px) 100vw, 360px\" \/>Un nuevo concurso permitir\u00e1 a todos los amantes de la cocina aspirar al t\u00edtulo de Riberchef, el mejor cocinero de la Ribera. La iniciativa llega de la mano del centro comercial Ribera del X\u00faquer y contar\u00e1 con la participaci\u00f3n de rostros populares de la televisi\u00f3n como el cocinero Pepe Rodr\u00edguez, jurado del exitoso programa de RTVE Masterchef y ganador de una estrella Michelin, y de la periodista y presentadora Nieves Herrero.<\/p>\n<p>Emulando al conocido programa, los aspirantes deber\u00e1n demostrar su talento culinario antes los asistentes y ante un exigente jurado para poder alzarse con el t\u00edtulo de ganador y llevarse adem\u00e1s un premio de 1.500 \u20ac en compras del centro comercial. Para ello, RiberChef se dividir\u00e1 en cuatro etapas: una fase de inscripci\u00f3n habilitada hasta el 11 de junio en el punto de informaci\u00f3n del centro comercial o en el stand m\u00f3vil que recorrer\u00e1 la comarca, para participar en las fases previas. Ser\u00e1n unas pruebas presenciales en las que los seleccionados deber\u00e1n mostrar ante un jurado su mejor receta para poder llegar as\u00ed a la final.<\/p>\n<p>La primera de las pruebas se celebrar\u00e1 el 12 de junio en Carcaixent, durante la Feria de la Tapa. Los concursantes deber\u00e1n traer la tapa de casa y dispondr\u00e1n de 10 minutos para su emplatado y presentaci\u00f3n. Los platos ser\u00e1n evaluados por un jurado compuesto por restaurantes locales, y se seleccionar\u00e1n a los 30 aspirantes que pasar\u00e1n a la semifinal del 19 de junio en el CC Ribera del X\u00faquer. En esta fase, los cocineros tambi\u00e9n deber\u00e1n traer la tapa ya elaborada y dispondr\u00e1n de 15 minutos para su presentaci\u00f3n. En est\u00e1 ocasi\u00f3n, ser\u00e1 un jurado formado por restaurantes del centro comercial el encargado de la selecci\u00f3n de los finalistas.<\/p>\n<p>Los 10 mejores pasar\u00e1n a la Gran Final Riberchef que se celebrar\u00e1 el s\u00e1bado 20 de junio. Conducida por la periodista Nieves Herrero, la gala contar\u00e1 adem\u00e1s con la participaci\u00f3n de Pepe Rodr\u00edguez, quien impartir\u00e1 una masterclass de cocina para todos los finalistas y se encargar\u00e1 de seleccionar al ganador junto al reputado nutricionista Jes\u00fas S\u00e1nchez Martos y la gerencia del centro comercial. En esta \u00faltima fase, el reto de los concursantes consistir\u00e1 en elaborar una tapa fr\u00eda en vivo, a partir de diversos alimentos dispuestos en un set especialmente dise\u00f1ado para el evento.<\/p>\n<p>Con esta nueva iniciativa, CC Ribera del X\u00faquer pretende fomentar la cultura gastron\u00f3mica y difundir el concepto saludable entre la comarca del X\u00faquer, acercando el inter\u00e9s por la cocina al p\u00fablico familiar.<\/p>\n","protected":false},"excerpt":{"rendered":"<p>Un nuevo concurso permitir\u00e1 a todos los amantes de la cocina aspirar al t\u00edtulo de Riberchef, el mejor cocinero de la Ribera. La iniciativa llega de la mano del centro comercial Ribera del X\u00faquer y contar\u00e1 con la participaci\u00f3n de rostros populares de la televisi\u00f3n como el cocinero Pepe Rodr\u00edguez, jurado del exitoso programa de<\/p>\n","protected":false},"author":1,"featured_media":38400,"comment_status":"open","ping_status":"closed","sticky":false,"template":"","format":"standard","meta":{"footnotes":""},"categories":[217],"tags":[],"class_list":{"0":"post-38399","1":"post","2":"type-post","3":"status-publish","4":"format-standard","5":"has-post-thumbnail","7":"category-sabores"},"aioseo_notices":[],"aioseo_head":"\n\t\t<!-- All in One SEO Pro 4.9.6.1 - aioseo.com -->\n\t<meta name=\"description\" content=\"Un nuevo concurso permitir\u00e1 a todos los amantes de la cocina aspirar al t\u00edtulo de Riberchef, el mejor cocinero de la Ribera. La iniciativa llega de la mano del centro comercial Ribera del X\u00faquer y contar\u00e1 con la participaci\u00f3n de rostros populares de la televisi\u00f3n como el cocinero Pepe Rodr\u00edguez, jurado del exitoso programa de\" \/>\n\t<meta name=\"robots\" content=\"max-image-preview:large\" \/>\n\t<meta name=\"author\" content=\"admin\"\/>\n\t<meta name=\"google-site-verification\" content=\"UA-38556648-1\" \/>\n\t<meta name=\"keywords\" content=\"sabores\" \/>\n\t<link rel=\"canonical\" href=\"https:\/\/eldigitaldeasturias.com\/magazine365\/se-busca-busca-al-mejor-chef-de-la-ribera\/\" \/>\n\t<meta name=\"generator\" content=\"All in One SEO Pro (AIOSEO) 4.9.6.1\" \/>\n\t\t<meta property=\"og:locale\" content=\"es_ES\" \/>\n\t\t<meta property=\"og:site_name\" content=\"El Digital de Asturias \u2013 Revista de ocio, turismo y estilo de vida\" \/>\n\t\t<meta property=\"og:type\" content=\"article\" \/>\n\t\t<meta property=\"og:title\" content=\"Se busca busca al mejor chef de la Ribera | El Digital de Asturias\" \/>\n\t\t<meta property=\"og:description\" content=\"Un nuevo concurso permitir\u00e1 a todos los amantes de la cocina aspirar al t\u00edtulo de Riberchef, el mejor cocinero de la Ribera. La iniciativa llega de la mano del centro comercial Ribera del X\u00faquer y contar\u00e1 con la participaci\u00f3n de rostros populares de la televisi\u00f3n como el cocinero Pepe Rodr\u00edguez, jurado del exitoso programa de\" \/>\n\t\t<meta property=\"og:url\" content=\"https:\/\/eldigitaldeasturias.com\/magazine365\/se-busca-busca-al-mejor-chef-de-la-ribera\/\" \/>\n\t\t<meta property=\"og:image\" content=\"https:\/\/eldigitaldeasturias.com\/magazine365\/wp-content\/uploads\/2015\/05\/1432023040_RiberChef_PepeRodriguez.jpg\" \/>\n\t\t<meta property=\"og:image:secure_url\" content=\"https:\/\/eldigitaldeasturias.com\/magazine365\/wp-content\/uploads\/2015\/05\/1432023040_RiberChef_PepeRodriguez.jpg\" \/>\n\t\t<meta property=\"og:image:width\" content=\"472\" \/>\n\t\t<meta property=\"og:image:height\" content=\"315\" \/>\n\t\t<meta property=\"article:published_time\" content=\"2015-05-23T20:08:31+00:00\" \/>\n\t\t<meta property=\"article:modified_time\" content=\"2015-05-23T20:08:31+00:00\" \/>\n\t\t<meta name=\"twitter:card\" content=\"summary_large_image\" \/>\n\t\t<meta name=\"twitter:title\" content=\"Se busca busca al mejor chef de la Ribera | El Digital de Asturias\" \/>\n\t\t<meta name=\"twitter:description\" content=\"Un nuevo concurso permitir\u00e1 a todos los amantes de la cocina aspirar al t\u00edtulo de Riberchef, el mejor cocinero de la Ribera. La iniciativa llega de la mano del centro comercial Ribera del X\u00faquer y contar\u00e1 con la participaci\u00f3n de rostros populares de la televisi\u00f3n como el cocinero Pepe Rodr\u00edguez, jurado del exitoso programa de\" \/>\n\t\t<meta name=\"twitter:image\" content=\"https:\/\/eldigitaldeasturias.com\/magazine365\/wp-content\/uploads\/2015\/05\/1432023040_RiberChef_PepeRodriguez.jpg\" \/>\n\t\t<script type=\"application\/ld+json\" class=\"aioseo-schema\">\n\t\t\t{\"@context\":\"https:\\\/\\\/schema.org\",\"@graph\":[{\"@type\":\"Article\",\"@id\":\"https:\\\/\\\/eldigitaldeasturias.com\\\/magazine365\\\/se-busca-busca-al-mejor-chef-de-la-ribera\\\/#article\",\"name\":\"Se busca busca al mejor chef de la Ribera | El Digital de Asturias\",\"headline\":\"Se busca busca al mejor chef de la Ribera\",\"author\":{\"@id\":\"https:\\\/\\\/eldigitaldeasturias.com\\\/magazine365\\\/author\\\/admin\\\/#author\"},\"publisher\":{\"@id\":\"https:\\\/\\\/eldigitaldeasturias.com\\\/magazine365\\\/#organization\"},\"image\":{\"@type\":\"ImageObject\",\"url\":\"https:\\\/\\\/eldigitaldeasturias.com\\\/magazine365\\\/wp-content\\\/uploads\\\/2015\\\/05\\\/1432023040_RiberChef_PepeRodriguez.jpg\",\"width\":472,\"height\":315},\"datePublished\":\"2015-05-23T21:38:31+02:00\",\"dateModified\":\"2015-05-23T21:38:31+02:00\",\"inLanguage\":\"es-ES\",\"mainEntityOfPage\":{\"@id\":\"https:\\\/\\\/eldigitaldeasturias.com\\\/magazine365\\\/se-busca-busca-al-mejor-chef-de-la-ribera\\\/#webpage\"},\"isPartOf\":{\"@id\":\"https:\\\/\\\/eldigitaldeasturias.com\\\/magazine365\\\/se-busca-busca-al-mejor-chef-de-la-ribera\\\/#webpage\"},\"articleSection\":\"Sabores\"},{\"@type\":\"BreadcrumbList\",\"@id\":\"https:\\\/\\\/eldigitaldeasturias.com\\\/magazine365\\\/se-busca-busca-al-mejor-chef-de-la-ribera\\\/#breadcrumblist\",\"itemListElement\":[{\"@type\":\"ListItem\",\"@id\":\"https:\\\/\\\/eldigitaldeasturias.com\\\/magazine365#listItem\",\"position\":1,\"name\":\"Home\",\"item\":\"https:\\\/\\\/eldigitaldeasturias.com\\\/magazine365\",\"nextItem\":{\"@type\":\"ListItem\",\"@id\":\"https:\\\/\\\/eldigitaldeasturias.com\\\/magazine365\\\/category\\\/sabores\\\/#listItem\",\"name\":\"Sabores\"}},{\"@type\":\"ListItem\",\"@id\":\"https:\\\/\\\/eldigitaldeasturias.com\\\/magazine365\\\/category\\\/sabores\\\/#listItem\",\"position\":2,\"name\":\"Sabores\",\"item\":\"https:\\\/\\\/eldigitaldeasturias.com\\\/magazine365\\\/category\\\/sabores\\\/\",\"nextItem\":{\"@type\":\"ListItem\",\"@id\":\"https:\\\/\\\/eldigitaldeasturias.com\\\/magazine365\\\/se-busca-busca-al-mejor-chef-de-la-ribera\\\/#listItem\",\"name\":\"Se busca busca al mejor chef de la Ribera\"},\"previousItem\":{\"@type\":\"ListItem\",\"@id\":\"https:\\\/\\\/eldigitaldeasturias.com\\\/magazine365#listItem\",\"name\":\"Home\"}},{\"@type\":\"ListItem\",\"@id\":\"https:\\\/\\\/eldigitaldeasturias.com\\\/magazine365\\\/se-busca-busca-al-mejor-chef-de-la-ribera\\\/#listItem\",\"position\":3,\"name\":\"Se busca busca al mejor chef de la Ribera\",\"previousItem\":{\"@type\":\"ListItem\",\"@id\":\"https:\\\/\\\/eldigitaldeasturias.com\\\/magazine365\\\/category\\\/sabores\\\/#listItem\",\"name\":\"Sabores\"}}]},{\"@type\":\"Organization\",\"@id\":\"https:\\\/\\\/eldigitaldeasturias.com\\\/magazine365\\\/#organization\",\"name\":\"El digital de Asturias\",\"description\":\"Revista de ocio, turismo y estilo de vida\",\"url\":\"https:\\\/\\\/eldigitaldeasturias.com\\\/magazine365\\\/\",\"logo\":{\"@type\":\"ImageObject\",\"url\":\"https:\\\/\\\/www.eldigitaldeasturias.com\\\/noticias\\\/wp-content\\\/uploads\\\/2020\\\/12\\\/EDA.jpg\",\"@id\":\"https:\\\/\\\/eldigitaldeasturias.com\\\/magazine365\\\/se-busca-busca-al-mejor-chef-de-la-ribera\\\/#organizationLogo\"},\"image\":{\"@id\":\"https:\\\/\\\/eldigitaldeasturias.com\\\/magazine365\\\/se-busca-busca-al-mejor-chef-de-la-ribera\\\/#organizationLogo\"}},{\"@type\":\"Person\",\"@id\":\"https:\\\/\\\/eldigitaldeasturias.com\\\/magazine365\\\/author\\\/admin\\\/#author\",\"url\":\"https:\\\/\\\/eldigitaldeasturias.com\\\/magazine365\\\/author\\\/admin\\\/\",\"name\":\"admin\",\"image\":{\"@type\":\"ImageObject\",\"@id\":\"https:\\\/\\\/eldigitaldeasturias.com\\\/magazine365\\\/se-busca-busca-al-mejor-chef-de-la-ribera\\\/#authorImage\",\"url\":\"https:\\\/\\\/eldigitaldeasturias.com\\\/magazine365\\\/wp-content\\\/litespeed\\\/avatar\\\/e571bcf59a0edd6fa6838245a470f2fe.jpg?ver=1776969259\",\"width\":96,\"height\":96,\"caption\":\"admin\"}},{\"@type\":\"WebPage\",\"@id\":\"https:\\\/\\\/eldigitaldeasturias.com\\\/magazine365\\\/se-busca-busca-al-mejor-chef-de-la-ribera\\\/#webpage\",\"url\":\"https:\\\/\\\/eldigitaldeasturias.com\\\/magazine365\\\/se-busca-busca-al-mejor-chef-de-la-ribera\\\/\",\"name\":\"Se busca busca al mejor chef de la Ribera | El Digital de Asturias\",\"description\":\"Un nuevo concurso permitir\\u00e1 a todos los amantes de la cocina aspirar al t\\u00edtulo de Riberchef, el mejor cocinero de la Ribera. La iniciativa llega de la mano del centro comercial Ribera del X\\u00faquer y contar\\u00e1 con la participaci\\u00f3n de rostros populares de la televisi\\u00f3n como el cocinero Pepe Rodr\\u00edguez, jurado del exitoso programa de\",\"inLanguage\":\"es-ES\",\"isPartOf\":{\"@id\":\"https:\\\/\\\/eldigitaldeasturias.com\\\/magazine365\\\/#website\"},\"breadcrumb\":{\"@id\":\"https:\\\/\\\/eldigitaldeasturias.com\\\/magazine365\\\/se-busca-busca-al-mejor-chef-de-la-ribera\\\/#breadcrumblist\"},\"author\":{\"@id\":\"https:\\\/\\\/eldigitaldeasturias.com\\\/magazine365\\\/author\\\/admin\\\/#author\"},\"creator\":{\"@id\":\"https:\\\/\\\/eldigitaldeasturias.com\\\/magazine365\\\/author\\\/admin\\\/#author\"},\"image\":{\"@type\":\"ImageObject\",\"url\":\"https:\\\/\\\/eldigitaldeasturias.com\\\/magazine365\\\/wp-content\\\/uploads\\\/2015\\\/05\\\/1432023040_RiberChef_PepeRodriguez.jpg\",\"@id\":\"https:\\\/\\\/eldigitaldeasturias.com\\\/magazine365\\\/se-busca-busca-al-mejor-chef-de-la-ribera\\\/#mainImage\",\"width\":472,\"height\":315},\"primaryImageOfPage\":{\"@id\":\"https:\\\/\\\/eldigitaldeasturias.com\\\/magazine365\\\/se-busca-busca-al-mejor-chef-de-la-ribera\\\/#mainImage\"},\"datePublished\":\"2015-05-23T21:38:31+02:00\",\"dateModified\":\"2015-05-23T21:38:31+02:00\"},{\"@type\":\"WebSite\",\"@id\":\"https:\\\/\\\/eldigitaldeasturias.com\\\/magazine365\\\/#website\",\"url\":\"https:\\\/\\\/eldigitaldeasturias.com\\\/magazine365\\\/\",\"name\":\"El Digital de Asturias\",\"description\":\"Revista de ocio, turismo y estilo de vida\",\"inLanguage\":\"es-ES\",\"publisher\":{\"@id\":\"https:\\\/\\\/eldigitaldeasturias.com\\\/magazine365\\\/#organization\"}}]}\n\t\t<\/script>\n\t\t<!-- All in One SEO Pro -->\r\n\t\t<title>Se busca busca al mejor chef de la Ribera | El Digital de Asturias<\/title>\n\n","aioseo_head_json":{"title":"Se busca busca al mejor chef de la Ribera | El Digital de Asturias","description":"Un nuevo concurso permitir\u00e1 a todos los amantes de la cocina aspirar al t\u00edtulo de Riberchef, el mejor cocinero de la Ribera. La iniciativa llega de la mano del centro comercial Ribera del X\u00faquer y contar\u00e1 con la participaci\u00f3n de rostros populares de la televisi\u00f3n como el cocinero Pepe Rodr\u00edguez, jurado del exitoso programa de","canonical_url":"https:\/\/eldigitaldeasturias.com\/magazine365\/se-busca-busca-al-mejor-chef-de-la-ribera\/","robots":"max-image-preview:large","keywords":"sabores","webmasterTools":{"google-site-verification":"UA-38556648-1","miscellaneous":""},"schema":{"@context":"https:\/\/schema.org","@graph":[{"@type":"Article","@id":"https:\/\/eldigitaldeasturias.com\/magazine365\/se-busca-busca-al-mejor-chef-de-la-ribera\/#article","name":"Se busca busca al mejor chef de la Ribera | El Digital de Asturias","headline":"Se busca busca al mejor chef de la Ribera","author":{"@id":"https:\/\/eldigitaldeasturias.com\/magazine365\/author\/admin\/#author"},"publisher":{"@id":"https:\/\/eldigitaldeasturias.com\/magazine365\/#organization"},"image":{"@type":"ImageObject","url":"https:\/\/eldigitaldeasturias.com\/magazine365\/wp-content\/uploads\/2015\/05\/1432023040_RiberChef_PepeRodriguez.jpg","width":472,"height":315},"datePublished":"2015-05-23T21:38:31+02:00","dateModified":"2015-05-23T21:38:31+02:00","inLanguage":"es-ES","mainEntityOfPage":{"@id":"https:\/\/eldigitaldeasturias.com\/magazine365\/se-busca-busca-al-mejor-chef-de-la-ribera\/#webpage"},"isPartOf":{"@id":"https:\/\/eldigitaldeasturias.com\/magazine365\/se-busca-busca-al-mejor-chef-de-la-ribera\/#webpage"},"articleSection":"Sabores"},{"@type":"BreadcrumbList","@id":"https:\/\/eldigitaldeasturias.com\/magazine365\/se-busca-busca-al-mejor-chef-de-la-ribera\/#breadcrumblist","itemListElement":[{"@type":"ListItem","@id":"https:\/\/eldigitaldeasturias.com\/magazine365#listItem","position":1,"name":"Home","item":"https:\/\/eldigitaldeasturias.com\/magazine365","nextItem":{"@type":"ListItem","@id":"https:\/\/eldigitaldeasturias.com\/magazine365\/category\/sabores\/#listItem","name":"Sabores"}},{"@type":"ListItem","@id":"https:\/\/eldigitaldeasturias.com\/magazine365\/category\/sabores\/#listItem","position":2,"name":"Sabores","item":"https:\/\/eldigitaldeasturias.com\/magazine365\/category\/sabores\/","nextItem":{"@type":"ListItem","@id":"https:\/\/eldigitaldeasturias.com\/magazine365\/se-busca-busca-al-mejor-chef-de-la-ribera\/#listItem","name":"Se busca busca al mejor chef de la Ribera"},"previousItem":{"@type":"ListItem","@id":"https:\/\/eldigitaldeasturias.com\/magazine365#listItem","name":"Home"}},{"@type":"ListItem","@id":"https:\/\/eldigitaldeasturias.com\/magazine365\/se-busca-busca-al-mejor-chef-de-la-ribera\/#listItem","position":3,"name":"Se busca busca al mejor chef de la Ribera","previousItem":{"@type":"ListItem","@id":"https:\/\/eldigitaldeasturias.com\/magazine365\/category\/sabores\/#listItem","name":"Sabores"}}]},{"@type":"Organization","@id":"https:\/\/eldigitaldeasturias.com\/magazine365\/#organization","name":"El digital de Asturias","description":"Revista de ocio, turismo y estilo de vida","url":"https:\/\/eldigitaldeasturias.com\/magazine365\/","logo":{"@type":"ImageObject","url":"https:\/\/www.eldigitaldeasturias.com\/noticias\/wp-content\/uploads\/2020\/12\/EDA.jpg","@id":"https:\/\/eldigitaldeasturias.com\/magazine365\/se-busca-busca-al-mejor-chef-de-la-ribera\/#organizationLogo"},"image":{"@id":"https:\/\/eldigitaldeasturias.com\/magazine365\/se-busca-busca-al-mejor-chef-de-la-ribera\/#organizationLogo"}},{"@type":"Person","@id":"https:\/\/eldigitaldeasturias.com\/magazine365\/author\/admin\/#author","url":"https:\/\/eldigitaldeasturias.com\/magazine365\/author\/admin\/","name":"admin","image":{"@type":"ImageObject","@id":"https:\/\/eldigitaldeasturias.com\/magazine365\/se-busca-busca-al-mejor-chef-de-la-ribera\/#authorImage","url":"https:\/\/eldigitaldeasturias.com\/magazine365\/wp-content\/litespeed\/avatar\/e571bcf59a0edd6fa6838245a470f2fe.jpg?ver=1776969259","width":96,"height":96,"caption":"admin"}},{"@type":"WebPage","@id":"https:\/\/eldigitaldeasturias.com\/magazine365\/se-busca-busca-al-mejor-chef-de-la-ribera\/#webpage","url":"https:\/\/eldigitaldeasturias.com\/magazine365\/se-busca-busca-al-mejor-chef-de-la-ribera\/","name":"Se busca busca al mejor chef de la Ribera | El Digital de Asturias","description":"Un nuevo concurso permitir\u00e1 a todos los amantes de la cocina aspirar al t\u00edtulo de Riberchef, el mejor cocinero de la Ribera. La iniciativa llega de la mano del centro comercial Ribera del X\u00faquer y contar\u00e1 con la participaci\u00f3n de rostros populares de la televisi\u00f3n como el cocinero Pepe Rodr\u00edguez, jurado del exitoso programa de","inLanguage":"es-ES","isPartOf":{"@id":"https:\/\/eldigitaldeasturias.com\/magazine365\/#website"},"breadcrumb":{"@id":"https:\/\/eldigitaldeasturias.com\/magazine365\/se-busca-busca-al-mejor-chef-de-la-ribera\/#breadcrumblist"},"author":{"@id":"https:\/\/eldigitaldeasturias.com\/magazine365\/author\/admin\/#author"},"creator":{"@id":"https:\/\/eldigitaldeasturias.com\/magazine365\/author\/admin\/#author"},"image":{"@type":"ImageObject","url":"https:\/\/eldigitaldeasturias.com\/magazine365\/wp-content\/uploads\/2015\/05\/1432023040_RiberChef_PepeRodriguez.jpg","@id":"https:\/\/eldigitaldeasturias.com\/magazine365\/se-busca-busca-al-mejor-chef-de-la-ribera\/#mainImage","width":472,"height":315},"primaryImageOfPage":{"@id":"https:\/\/eldigitaldeasturias.com\/magazine365\/se-busca-busca-al-mejor-chef-de-la-ribera\/#mainImage"},"datePublished":"2015-05-23T21:38:31+02:00","dateModified":"2015-05-23T21:38:31+02:00"},{"@type":"WebSite","@id":"https:\/\/eldigitaldeasturias.com\/magazine365\/#website","url":"https:\/\/eldigitaldeasturias.com\/magazine365\/","name":"El Digital de Asturias","description":"Revista de ocio, turismo y estilo de vida","inLanguage":"es-ES","publisher":{"@id":"https:\/\/eldigitaldeasturias.com\/magazine365\/#organization"}}]},"og:locale":"es_ES","og:site_name":"El Digital de Asturias \u2013 Revista de ocio, turismo y estilo de vida","og:type":"article","og:title":"Se busca busca al mejor chef de la Ribera | El Digital de Asturias","og:description":"Un nuevo concurso permitir\u00e1 a todos los amantes de la cocina aspirar al t\u00edtulo de Riberchef, el mejor cocinero de la Ribera. La iniciativa llega de la mano del centro comercial Ribera del X\u00faquer y contar\u00e1 con la participaci\u00f3n de rostros populares de la televisi\u00f3n como el cocinero Pepe Rodr\u00edguez, jurado del exitoso programa de","og:url":"https:\/\/eldigitaldeasturias.com\/magazine365\/se-busca-busca-al-mejor-chef-de-la-ribera\/","og:image":"https:\/\/eldigitaldeasturias.com\/magazine365\/wp-content\/uploads\/2015\/05\/1432023040_RiberChef_PepeRodriguez.jpg","og:image:secure_url":"https:\/\/eldigitaldeasturias.com\/magazine365\/wp-content\/uploads\/2015\/05\/1432023040_RiberChef_PepeRodriguez.jpg","og:image:width":472,"og:image:height":315,"article:published_time":"2015-05-23T20:08:31+00:00","article:modified_time":"2015-05-23T20:08:31+00:00","twitter:card":"summary_large_image","twitter:title":"Se busca busca al mejor chef de la Ribera | El Digital de Asturias","twitter:description":"Un nuevo concurso permitir\u00e1 a todos los amantes de la cocina aspirar al t\u00edtulo de Riberchef, el mejor cocinero de la Ribera. La iniciativa llega de la mano del centro comercial Ribera del X\u00faquer y contar\u00e1 con la participaci\u00f3n de rostros populares de la televisi\u00f3n como el cocinero Pepe Rodr\u00edguez, jurado del exitoso programa de","twitter:image":"https:\/\/eldigitaldeasturias.com\/magazine365\/wp-content\/uploads\/2015\/05\/1432023040_RiberChef_PepeRodriguez.jpg"},"aioseo_meta_data":{"post_id":"38399","title":null,"description":null,"keywords":null,"keyphrases":null,"primary_term":null,"canonical_url":null,"og_title":null,"og_description":null,"og_object_type":"default","og_image_type":"default","og_image_url":null,"og_image_width":null,"og_image_height":null,"og_image_custom_url":null,"og_image_custom_fields":null,"og_video":null,"og_custom_url":null,"og_article_section":null,"og_article_tags":null,"twitter_use_og":false,"twitter_card":"default","twitter_image_type":"default","twitter_image_url":null,"twitter_image_custom_url":null,"twitter_image_custom_fields":null,"twitter_title":null,"twitter_description":null,"schema":{"blockGraphs":[],"customGraphs":[],"default":{"data":{"Article":[],"Course":[],"Dataset":[],"FAQPage":[],"Movie":[],"Person":[],"Product":[],"ProductReview":[],"Car":[],"Recipe":[],"Service":[],"SoftwareApplication":[],"WebPage":[]},"graphName":"","isEnabled":true},"graphs":[],"defaultGraph":"","defaultPostTypeGraph":""},"schema_type":null,"schema_type_options":null,"pillar_content":false,"robots_default":true,"robots_noindex":false,"robots_noarchive":false,"robots_nosnippet":false,"robots_nofollow":false,"robots_noimageindex":false,"robots_noodp":false,"robots_notranslate":false,"robots_max_snippet":null,"robots_max_videopreview":null,"robots_max_imagepreview":"large","priority":null,"frequency":null,"location":null,"local_seo":null,"seo_analyzer_scan_date":"2025-09-19 09:29:14","breadcrumb_settings":null,"limit_modified_date":false,"open_ai":null,"ai":null,"created":"2021-03-09 02:53:47","updated":"2025-09-19 09:29:14"},"aioseo_breadcrumb":"<div class=\"aioseo-breadcrumbs\"><span class=\"aioseo-breadcrumb\">\n\t<a href=\"https:\/\/eldigitaldeasturias.com\/magazine365\" title=\"Home\">Home<\/a>\n<\/span><span class=\"aioseo-breadcrumb-separator\">\u2013<\/span><span class=\"aioseo-breadcrumb\">\n\t<a href=\"https:\/\/eldigitaldeasturias.com\/magazine365\/category\/sabores\/\" title=\"Sabores\">Sabores<\/a>\n<\/span><span class=\"aioseo-breadcrumb-separator\">\u2013<\/span><span class=\"aioseo-breadcrumb\">\n\t<a href=\"https:\/\/eldigitaldeasturias.com\/magazine365\/se-busca-busca-al-mejor-chef-de-la-ribera\/\" title=\"Se busca busca al mejor chef de la Ribera\">Se busca busca al mejor chef de la Ribera<\/a>\n<\/span><\/div>","aioseo_breadcrumb_json":[{"label":"Home","link":"https:\/\/eldigitaldeasturias.com\/magazine365"},{"label":"Sabores","link":"https:\/\/eldigitaldeasturias.com\/magazine365\/category\/sabores\/"},{"label":"Se busca busca al mejor chef de la Ribera","link":"https:\/\/eldigitaldeasturias.com\/magazine365\/se-busca-busca-al-mejor-chef-de-la-ribera\/"}],"_links":{"self":[{"href":"https:\/\/eldigitaldeasturias.com\/magazine365\/wp-json\/wp\/v2\/posts\/38399","targetHints":{"allow":["GET"]}}],"collection":[{"href":"https:\/\/eldigitaldeasturias.com\/magazine365\/wp-json\/wp\/v2\/posts"}],"about":[{"href":"https:\/\/eldigitaldeasturias.com\/magazine365\/wp-json\/wp\/v2\/types\/post"}],"author":[{"embeddable":true,"href":"https:\/\/eldigitaldeasturias.com\/magazine365\/wp-json\/wp\/v2\/users\/1"}],"replies":[{"embeddable":true,"href":"https:\/\/eldigitaldeasturias.com\/magazine365\/wp-json\/wp\/v2\/comments?post=38399"}],"version-history":[{"count":0,"href":"https:\/\/eldigitaldeasturias.com\/magazine365\/wp-json\/wp\/v2\/posts\/38399\/revisions"}],"wp:featuredmedia":[{"embeddable":true,"href":"https:\/\/eldigitaldeasturias.com\/magazine365\/wp-json\/wp\/v2\/media\/38400"}],"wp:attachment":[{"href":"https:\/\/eldigitaldeasturias.com\/magazine365\/wp-json\/wp\/v2\/media?parent=38399"}],"wp:term":[{"taxonomy":"category","embeddable":true,"href":"https:\/\/eldigitaldeasturias.com\/magazine365\/wp-json\/wp\/v2\/categories?post=38399"},{"taxonomy":"post_tag","embeddable":true,"href":"https:\/\/eldigitaldeasturias.com\/magazine365\/wp-json\/wp\/v2\/tags?post=38399"}],"curies":[{"name":"wp","href":"https:\/\/api.w.org\/{rel}","templated":true}]}}