{"id":38378,"date":"2015-05-23T21:27:46","date_gmt":"2015-05-23T19:57:46","guid":{"rendered":"http:\/\/eldigitaldeasturias.com\/magazine365\/?p=38378"},"modified":"2015-05-23T21:27:46","modified_gmt":"2015-05-23T19:57:46","slug":"lentillasadomicilio-com-ofrece-consejos-para-el-uso-de-lentillas-en-primavera","status":"publish","type":"post","link":"https:\/\/eldigitaldeasturias.com\/magazine365\/lentillasadomicilio-com-ofrece-consejos-para-el-uso-de-lentillas-en-primavera\/","title":{"rendered":"Lentillasadomicilio.com ofrece consejos para el uso de lentillas en primavera"},"content":{"rendered":"<p><img fetchpriority=\"high\" decoding=\"async\" class=\"alignleft size-medium wp-image-38379\" src=\"https:\/\/eldigitaldeasturias.com\/magazine365\/wp-content\/uploads\/2015\/05\/1431858168_LENTILLAS-360x175.jpg\" alt=\"1431858168_LENTILLAS\" width=\"360\" height=\"175\" srcset=\"https:\/\/eldigitaldeasturias.com\/magazine365\/wp-content\/uploads\/2015\/05\/1431858168_LENTILLAS-360x175.jpg 360w, https:\/\/eldigitaldeasturias.com\/magazine365\/wp-content\/uploads\/2015\/05\/1431858168_LENTILLAS-150x73.jpg 150w, https:\/\/eldigitaldeasturias.com\/magazine365\/wp-content\/uploads\/2015\/05\/1431858168_LENTILLAS-450x218.jpg 450w, https:\/\/eldigitaldeasturias.com\/magazine365\/wp-content\/uploads\/2015\/05\/1431858168_LENTILLAS-533x261.jpg 533w, https:\/\/eldigitaldeasturias.com\/magazine365\/wp-content\/uploads\/2015\/05\/1431858168_LENTILLAS.jpg 618w\" sizes=\"(max-width: 360px) 100vw, 360px\" \/>Con los cambios de estaci\u00f3n y a medida que la primavera empieza a mostrar sus efectos, algunas personas empiezan en paralelo a mostrar los s\u00edntomas al\u00e9rgicos, y una muestra muy com\u00fan es la conjuntivitis al\u00e9rgica o rinoconjuntivitis. Los \u00faltimos estudios demuestran que afectan a una de cada cinco personas en Espa\u00f1a, especialmente entre mayo y agosto, e incide tanto a ni\u00f1os como adultos.<\/p>\n<p>La conjuntivitis es una inflamaci\u00f3n del interior del p\u00e1rpado y que nos lleva a frotarnos de forma continuada hasta enrojecernos los ojos. Pero en el caso de la conjuntivitis al\u00e9rgica la causa de la inflamaci\u00f3n es debida mayormente a los granos de polen y su reacci\u00f3n con la membrana conjuntiva y la picaz\u00f3n en estos casos es m\u00e1s inc\u00f3moda que en la conjuntivitis com\u00fan y m\u00e1s continuada en el tiempo.<\/p>\n<p>Para tratar los s\u00edntomas y buscar el alivio es importante buscar la mayor hidrataci\u00f3n posible, aumentar la humectabilidad de la c\u00f3rnea, para as\u00ed aumentar la estabilidad de la pel\u00edcula lagrimal frente a factores medioambientales.<\/p>\n<p>Lentillas a domicilio nos ofrece varios consejos para reducir el riesgo de sufrir una conjuntivitis:<br \/>\n\u2022 Higiene continuada de las manos para evitar que al tocarnos la cara tras apoyarnos en cualquier superficie con al\u00e9rgenos generemos el inicio de la conjuntivitis<br \/>\n\u2022 No frotarnos los ojos a pesar del picor porque luego el enrojecimiento es mayor.<br \/>\n\u2022 El uso de gafas de sol como barrera entre el medioambiente y los ojos, especialmente al estar al aire libre en d\u00edas con especial actividad primaveral<br \/>\n\u2022 En casa y en el coche tener las ventanas cerradas en d\u00edas de actividad primaveral elevada<br \/>\n\u2022 Como ya hemos indicado, el uso de gotas humectantes para hidratar la c\u00f3rnea tambi\u00e9n como m\u00e9todo preventivo<\/p>\n<p>\u00bfEntonces podemos usar lentes de contacto en primavera?<\/p>\n<p>No hay ning\u00fan problema en usar lentillas durante la primavera, lo que s\u00ed es importante es intentar seguir los consejos arriba comentados para poder evitar posibles conjuntivitis al\u00e9rgicas y uno de los m\u00e1s importantes es el uso de gotas humectantes como pueden ser acuaiss, systane, biotrue, artelac\u2026 que se pueden usar de forma totalmente c\u00f3moda y segura junto a las lentes de contacto.<\/p>\n<p>Como recomendaci\u00f3n final es mejor a nivel higi\u00e9nico usar lentillas diarias para evitar tambi\u00e9n posibles conjuntivitis y en el caso prolongado de la conjuntivitis hay que acudir a un profesional sanitario para un tratamiento m\u00e1s personalizado.<\/p>\n","protected":false},"excerpt":{"rendered":"<p>Con los cambios de estaci\u00f3n y a medida que la primavera empieza a mostrar sus efectos, algunas personas empiezan en paralelo a mostrar los s\u00edntomas al\u00e9rgicos, y una muestra muy com\u00fan es la conjuntivitis al\u00e9rgica o rinoconjuntivitis. Los \u00faltimos estudios demuestran que afectan a una de cada cinco personas en Espa\u00f1a, especialmente entre mayo y<\/p>\n","protected":false},"author":1,"featured_media":38379,"comment_status":"open","ping_status":"closed","sticky":false,"template":"","format":"standard","meta":{"footnotes":""},"categories":[224],"tags":[],"class_list":{"0":"post-38378","1":"post","2":"type-post","3":"status-publish","4":"format-standard","5":"has-post-thumbnail","7":"category-noticias-actualidad"},"aioseo_notices":[],"aioseo_head":"\n\t\t<!-- All in One SEO Pro 4.9.6.1 - aioseo.com -->\n\t<meta name=\"description\" content=\"Con los cambios de estaci\u00f3n y a medida que la primavera empieza a mostrar sus efectos, algunas personas empiezan en paralelo a mostrar los s\u00edntomas al\u00e9rgicos, y una muestra muy com\u00fan es la conjuntivitis al\u00e9rgica o rinoconjuntivitis. Los \u00faltimos estudios demuestran que afectan a una de cada cinco personas en Espa\u00f1a, especialmente entre mayo y\" \/>\n\t<meta name=\"robots\" content=\"max-image-preview:large\" \/>\n\t<meta name=\"author\" content=\"admin\"\/>\n\t<meta name=\"google-site-verification\" content=\"UA-38556648-1\" \/>\n\t<meta name=\"keywords\" content=\"noticias y actualidad\" \/>\n\t<link rel=\"canonical\" href=\"https:\/\/eldigitaldeasturias.com\/magazine365\/lentillasadomicilio-com-ofrece-consejos-para-el-uso-de-lentillas-en-primavera\/\" \/>\n\t<meta name=\"generator\" content=\"All in One SEO Pro (AIOSEO) 4.9.6.1\" \/>\n\t\t<meta property=\"og:locale\" content=\"es_ES\" \/>\n\t\t<meta property=\"og:site_name\" content=\"El Digital de Asturias \u2013 Revista de ocio, turismo y estilo de vida\" \/>\n\t\t<meta property=\"og:type\" content=\"article\" \/>\n\t\t<meta property=\"og:title\" content=\"Lentillasadomicilio.com ofrece consejos para el uso de lentillas en primavera | El Digital de Asturias\" \/>\n\t\t<meta property=\"og:description\" content=\"Con los cambios de estaci\u00f3n y a medida que la primavera empieza a mostrar sus efectos, algunas personas empiezan en paralelo a mostrar los s\u00edntomas al\u00e9rgicos, y una muestra muy com\u00fan es la conjuntivitis al\u00e9rgica o rinoconjuntivitis. Los \u00faltimos estudios demuestran que afectan a una de cada cinco personas en Espa\u00f1a, especialmente entre mayo y\" \/>\n\t\t<meta property=\"og:url\" content=\"https:\/\/eldigitaldeasturias.com\/magazine365\/lentillasadomicilio-com-ofrece-consejos-para-el-uso-de-lentillas-en-primavera\/\" \/>\n\t\t<meta property=\"og:image\" content=\"https:\/\/eldigitaldeasturias.com\/magazine365\/wp-content\/uploads\/2015\/05\/1431858168_LENTILLAS.jpg\" \/>\n\t\t<meta property=\"og:image:secure_url\" content=\"https:\/\/eldigitaldeasturias.com\/magazine365\/wp-content\/uploads\/2015\/05\/1431858168_LENTILLAS.jpg\" \/>\n\t\t<meta property=\"og:image:width\" content=\"618\" \/>\n\t\t<meta property=\"og:image:height\" content=\"300\" \/>\n\t\t<meta property=\"article:published_time\" content=\"2015-05-23T19:57:46+00:00\" \/>\n\t\t<meta property=\"article:modified_time\" content=\"2015-05-23T19:57:46+00:00\" \/>\n\t\t<meta name=\"twitter:card\" content=\"summary_large_image\" \/>\n\t\t<meta name=\"twitter:title\" content=\"Lentillasadomicilio.com ofrece consejos para el uso de lentillas en primavera | El Digital de Asturias\" \/>\n\t\t<meta name=\"twitter:description\" content=\"Con los cambios de estaci\u00f3n y a medida que la primavera empieza a mostrar sus efectos, algunas personas empiezan en paralelo a mostrar los s\u00edntomas al\u00e9rgicos, y una muestra muy com\u00fan es la conjuntivitis al\u00e9rgica o rinoconjuntivitis. Los \u00faltimos estudios demuestran que afectan a una de cada cinco personas en Espa\u00f1a, especialmente entre mayo y\" \/>\n\t\t<meta name=\"twitter:image\" content=\"https:\/\/eldigitaldeasturias.com\/magazine365\/wp-content\/uploads\/2015\/05\/1431858168_LENTILLAS.jpg\" \/>\n\t\t<script type=\"application\/ld+json\" class=\"aioseo-schema\">\n\t\t\t{\"@context\":\"https:\\\/\\\/schema.org\",\"@graph\":[{\"@type\":\"Article\",\"@id\":\"https:\\\/\\\/eldigitaldeasturias.com\\\/magazine365\\\/lentillasadomicilio-com-ofrece-consejos-para-el-uso-de-lentillas-en-primavera\\\/#article\",\"name\":\"Lentillasadomicilio.com ofrece consejos para el uso de lentillas en primavera | El Digital de Asturias\",\"headline\":\"Lentillasadomicilio.com ofrece consejos para el uso de lentillas en primavera\",\"author\":{\"@id\":\"https:\\\/\\\/eldigitaldeasturias.com\\\/magazine365\\\/author\\\/admin\\\/#author\"},\"publisher\":{\"@id\":\"https:\\\/\\\/eldigitaldeasturias.com\\\/magazine365\\\/#organization\"},\"image\":{\"@type\":\"ImageObject\",\"url\":\"https:\\\/\\\/eldigitaldeasturias.com\\\/magazine365\\\/wp-content\\\/uploads\\\/2015\\\/05\\\/1431858168_LENTILLAS.jpg\",\"width\":618,\"height\":300},\"datePublished\":\"2015-05-23T21:27:46+02:00\",\"dateModified\":\"2015-05-23T21:27:46+02:00\",\"inLanguage\":\"es-ES\",\"mainEntityOfPage\":{\"@id\":\"https:\\\/\\\/eldigitaldeasturias.com\\\/magazine365\\\/lentillasadomicilio-com-ofrece-consejos-para-el-uso-de-lentillas-en-primavera\\\/#webpage\"},\"isPartOf\":{\"@id\":\"https:\\\/\\\/eldigitaldeasturias.com\\\/magazine365\\\/lentillasadomicilio-com-ofrece-consejos-para-el-uso-de-lentillas-en-primavera\\\/#webpage\"},\"articleSection\":\"Noticias y Actualidad\"},{\"@type\":\"BreadcrumbList\",\"@id\":\"https:\\\/\\\/eldigitaldeasturias.com\\\/magazine365\\\/lentillasadomicilio-com-ofrece-consejos-para-el-uso-de-lentillas-en-primavera\\\/#breadcrumblist\",\"itemListElement\":[{\"@type\":\"ListItem\",\"@id\":\"https:\\\/\\\/eldigitaldeasturias.com\\\/magazine365#listItem\",\"position\":1,\"name\":\"Home\",\"item\":\"https:\\\/\\\/eldigitaldeasturias.com\\\/magazine365\",\"nextItem\":{\"@type\":\"ListItem\",\"@id\":\"https:\\\/\\\/eldigitaldeasturias.com\\\/magazine365\\\/category\\\/noticias-actualidad\\\/#listItem\",\"name\":\"Noticias y Actualidad\"}},{\"@type\":\"ListItem\",\"@id\":\"https:\\\/\\\/eldigitaldeasturias.com\\\/magazine365\\\/category\\\/noticias-actualidad\\\/#listItem\",\"position\":2,\"name\":\"Noticias y Actualidad\",\"item\":\"https:\\\/\\\/eldigitaldeasturias.com\\\/magazine365\\\/category\\\/noticias-actualidad\\\/\",\"nextItem\":{\"@type\":\"ListItem\",\"@id\":\"https:\\\/\\\/eldigitaldeasturias.com\\\/magazine365\\\/lentillasadomicilio-com-ofrece-consejos-para-el-uso-de-lentillas-en-primavera\\\/#listItem\",\"name\":\"Lentillasadomicilio.com ofrece consejos para el uso de lentillas en primavera\"},\"previousItem\":{\"@type\":\"ListItem\",\"@id\":\"https:\\\/\\\/eldigitaldeasturias.com\\\/magazine365#listItem\",\"name\":\"Home\"}},{\"@type\":\"ListItem\",\"@id\":\"https:\\\/\\\/eldigitaldeasturias.com\\\/magazine365\\\/lentillasadomicilio-com-ofrece-consejos-para-el-uso-de-lentillas-en-primavera\\\/#listItem\",\"position\":3,\"name\":\"Lentillasadomicilio.com ofrece consejos para el uso de lentillas en primavera\",\"previousItem\":{\"@type\":\"ListItem\",\"@id\":\"https:\\\/\\\/eldigitaldeasturias.com\\\/magazine365\\\/category\\\/noticias-actualidad\\\/#listItem\",\"name\":\"Noticias y Actualidad\"}}]},{\"@type\":\"Organization\",\"@id\":\"https:\\\/\\\/eldigitaldeasturias.com\\\/magazine365\\\/#organization\",\"name\":\"El digital de Asturias\",\"description\":\"Revista de ocio, turismo y estilo de vida\",\"url\":\"https:\\\/\\\/eldigitaldeasturias.com\\\/magazine365\\\/\",\"logo\":{\"@type\":\"ImageObject\",\"url\":\"https:\\\/\\\/www.eldigitaldeasturias.com\\\/noticias\\\/wp-content\\\/uploads\\\/2020\\\/12\\\/EDA.jpg\",\"@id\":\"https:\\\/\\\/eldigitaldeasturias.com\\\/magazine365\\\/lentillasadomicilio-com-ofrece-consejos-para-el-uso-de-lentillas-en-primavera\\\/#organizationLogo\"},\"image\":{\"@id\":\"https:\\\/\\\/eldigitaldeasturias.com\\\/magazine365\\\/lentillasadomicilio-com-ofrece-consejos-para-el-uso-de-lentillas-en-primavera\\\/#organizationLogo\"}},{\"@type\":\"Person\",\"@id\":\"https:\\\/\\\/eldigitaldeasturias.com\\\/magazine365\\\/author\\\/admin\\\/#author\",\"url\":\"https:\\\/\\\/eldigitaldeasturias.com\\\/magazine365\\\/author\\\/admin\\\/\",\"name\":\"admin\",\"image\":{\"@type\":\"ImageObject\",\"@id\":\"https:\\\/\\\/eldigitaldeasturias.com\\\/magazine365\\\/lentillasadomicilio-com-ofrece-consejos-para-el-uso-de-lentillas-en-primavera\\\/#authorImage\",\"url\":\"https:\\\/\\\/eldigitaldeasturias.com\\\/magazine365\\\/wp-content\\\/litespeed\\\/avatar\\\/e571bcf59a0edd6fa6838245a470f2fe.jpg?ver=1776969259\",\"width\":96,\"height\":96,\"caption\":\"admin\"}},{\"@type\":\"WebPage\",\"@id\":\"https:\\\/\\\/eldigitaldeasturias.com\\\/magazine365\\\/lentillasadomicilio-com-ofrece-consejos-para-el-uso-de-lentillas-en-primavera\\\/#webpage\",\"url\":\"https:\\\/\\\/eldigitaldeasturias.com\\\/magazine365\\\/lentillasadomicilio-com-ofrece-consejos-para-el-uso-de-lentillas-en-primavera\\\/\",\"name\":\"Lentillasadomicilio.com ofrece consejos para el uso de lentillas en primavera | El Digital de Asturias\",\"description\":\"Con los cambios de estaci\\u00f3n y a medida que la primavera empieza a mostrar sus efectos, algunas personas empiezan en paralelo a mostrar los s\\u00edntomas al\\u00e9rgicos, y una muestra muy com\\u00fan es la conjuntivitis al\\u00e9rgica o rinoconjuntivitis. Los \\u00faltimos estudios demuestran que afectan a una de cada cinco personas en Espa\\u00f1a, especialmente entre mayo y\",\"inLanguage\":\"es-ES\",\"isPartOf\":{\"@id\":\"https:\\\/\\\/eldigitaldeasturias.com\\\/magazine365\\\/#website\"},\"breadcrumb\":{\"@id\":\"https:\\\/\\\/eldigitaldeasturias.com\\\/magazine365\\\/lentillasadomicilio-com-ofrece-consejos-para-el-uso-de-lentillas-en-primavera\\\/#breadcrumblist\"},\"author\":{\"@id\":\"https:\\\/\\\/eldigitaldeasturias.com\\\/magazine365\\\/author\\\/admin\\\/#author\"},\"creator\":{\"@id\":\"https:\\\/\\\/eldigitaldeasturias.com\\\/magazine365\\\/author\\\/admin\\\/#author\"},\"image\":{\"@type\":\"ImageObject\",\"url\":\"https:\\\/\\\/eldigitaldeasturias.com\\\/magazine365\\\/wp-content\\\/uploads\\\/2015\\\/05\\\/1431858168_LENTILLAS.jpg\",\"@id\":\"https:\\\/\\\/eldigitaldeasturias.com\\\/magazine365\\\/lentillasadomicilio-com-ofrece-consejos-para-el-uso-de-lentillas-en-primavera\\\/#mainImage\",\"width\":618,\"height\":300},\"primaryImageOfPage\":{\"@id\":\"https:\\\/\\\/eldigitaldeasturias.com\\\/magazine365\\\/lentillasadomicilio-com-ofrece-consejos-para-el-uso-de-lentillas-en-primavera\\\/#mainImage\"},\"datePublished\":\"2015-05-23T21:27:46+02:00\",\"dateModified\":\"2015-05-23T21:27:46+02:00\"},{\"@type\":\"WebSite\",\"@id\":\"https:\\\/\\\/eldigitaldeasturias.com\\\/magazine365\\\/#website\",\"url\":\"https:\\\/\\\/eldigitaldeasturias.com\\\/magazine365\\\/\",\"name\":\"El Digital de Asturias\",\"description\":\"Revista de ocio, turismo y estilo de vida\",\"inLanguage\":\"es-ES\",\"publisher\":{\"@id\":\"https:\\\/\\\/eldigitaldeasturias.com\\\/magazine365\\\/#organization\"}}]}\n\t\t<\/script>\n\t\t<!-- All in One SEO Pro -->\r\n\t\t<title>Lentillasadomicilio.com ofrece consejos para el uso de lentillas en primavera | El Digital de Asturias<\/title>\n\n","aioseo_head_json":{"title":"Lentillasadomicilio.com ofrece consejos para el uso de lentillas en primavera | El Digital de Asturias","description":"Con los cambios de estaci\u00f3n y a medida que la primavera empieza a mostrar sus efectos, algunas personas empiezan en paralelo a mostrar los s\u00edntomas al\u00e9rgicos, y una muestra muy com\u00fan es la conjuntivitis al\u00e9rgica o rinoconjuntivitis. Los \u00faltimos estudios demuestran que afectan a una de cada cinco personas en Espa\u00f1a, especialmente entre mayo y","canonical_url":"https:\/\/eldigitaldeasturias.com\/magazine365\/lentillasadomicilio-com-ofrece-consejos-para-el-uso-de-lentillas-en-primavera\/","robots":"max-image-preview:large","keywords":"noticias y actualidad","webmasterTools":{"google-site-verification":"UA-38556648-1","miscellaneous":""},"schema":{"@context":"https:\/\/schema.org","@graph":[{"@type":"Article","@id":"https:\/\/eldigitaldeasturias.com\/magazine365\/lentillasadomicilio-com-ofrece-consejos-para-el-uso-de-lentillas-en-primavera\/#article","name":"Lentillasadomicilio.com ofrece consejos para el uso de lentillas en primavera | El Digital de Asturias","headline":"Lentillasadomicilio.com ofrece consejos para el uso de lentillas en primavera","author":{"@id":"https:\/\/eldigitaldeasturias.com\/magazine365\/author\/admin\/#author"},"publisher":{"@id":"https:\/\/eldigitaldeasturias.com\/magazine365\/#organization"},"image":{"@type":"ImageObject","url":"https:\/\/eldigitaldeasturias.com\/magazine365\/wp-content\/uploads\/2015\/05\/1431858168_LENTILLAS.jpg","width":618,"height":300},"datePublished":"2015-05-23T21:27:46+02:00","dateModified":"2015-05-23T21:27:46+02:00","inLanguage":"es-ES","mainEntityOfPage":{"@id":"https:\/\/eldigitaldeasturias.com\/magazine365\/lentillasadomicilio-com-ofrece-consejos-para-el-uso-de-lentillas-en-primavera\/#webpage"},"isPartOf":{"@id":"https:\/\/eldigitaldeasturias.com\/magazine365\/lentillasadomicilio-com-ofrece-consejos-para-el-uso-de-lentillas-en-primavera\/#webpage"},"articleSection":"Noticias y Actualidad"},{"@type":"BreadcrumbList","@id":"https:\/\/eldigitaldeasturias.com\/magazine365\/lentillasadomicilio-com-ofrece-consejos-para-el-uso-de-lentillas-en-primavera\/#breadcrumblist","itemListElement":[{"@type":"ListItem","@id":"https:\/\/eldigitaldeasturias.com\/magazine365#listItem","position":1,"name":"Home","item":"https:\/\/eldigitaldeasturias.com\/magazine365","nextItem":{"@type":"ListItem","@id":"https:\/\/eldigitaldeasturias.com\/magazine365\/category\/noticias-actualidad\/#listItem","name":"Noticias y Actualidad"}},{"@type":"ListItem","@id":"https:\/\/eldigitaldeasturias.com\/magazine365\/category\/noticias-actualidad\/#listItem","position":2,"name":"Noticias y Actualidad","item":"https:\/\/eldigitaldeasturias.com\/magazine365\/category\/noticias-actualidad\/","nextItem":{"@type":"ListItem","@id":"https:\/\/eldigitaldeasturias.com\/magazine365\/lentillasadomicilio-com-ofrece-consejos-para-el-uso-de-lentillas-en-primavera\/#listItem","name":"Lentillasadomicilio.com ofrece consejos para el uso de lentillas en primavera"},"previousItem":{"@type":"ListItem","@id":"https:\/\/eldigitaldeasturias.com\/magazine365#listItem","name":"Home"}},{"@type":"ListItem","@id":"https:\/\/eldigitaldeasturias.com\/magazine365\/lentillasadomicilio-com-ofrece-consejos-para-el-uso-de-lentillas-en-primavera\/#listItem","position":3,"name":"Lentillasadomicilio.com ofrece consejos para el uso de lentillas en primavera","previousItem":{"@type":"ListItem","@id":"https:\/\/eldigitaldeasturias.com\/magazine365\/category\/noticias-actualidad\/#listItem","name":"Noticias y Actualidad"}}]},{"@type":"Organization","@id":"https:\/\/eldigitaldeasturias.com\/magazine365\/#organization","name":"El digital de Asturias","description":"Revista de ocio, turismo y estilo de vida","url":"https:\/\/eldigitaldeasturias.com\/magazine365\/","logo":{"@type":"ImageObject","url":"https:\/\/www.eldigitaldeasturias.com\/noticias\/wp-content\/uploads\/2020\/12\/EDA.jpg","@id":"https:\/\/eldigitaldeasturias.com\/magazine365\/lentillasadomicilio-com-ofrece-consejos-para-el-uso-de-lentillas-en-primavera\/#organizationLogo"},"image":{"@id":"https:\/\/eldigitaldeasturias.com\/magazine365\/lentillasadomicilio-com-ofrece-consejos-para-el-uso-de-lentillas-en-primavera\/#organizationLogo"}},{"@type":"Person","@id":"https:\/\/eldigitaldeasturias.com\/magazine365\/author\/admin\/#author","url":"https:\/\/eldigitaldeasturias.com\/magazine365\/author\/admin\/","name":"admin","image":{"@type":"ImageObject","@id":"https:\/\/eldigitaldeasturias.com\/magazine365\/lentillasadomicilio-com-ofrece-consejos-para-el-uso-de-lentillas-en-primavera\/#authorImage","url":"https:\/\/eldigitaldeasturias.com\/magazine365\/wp-content\/litespeed\/avatar\/e571bcf59a0edd6fa6838245a470f2fe.jpg?ver=1776969259","width":96,"height":96,"caption":"admin"}},{"@type":"WebPage","@id":"https:\/\/eldigitaldeasturias.com\/magazine365\/lentillasadomicilio-com-ofrece-consejos-para-el-uso-de-lentillas-en-primavera\/#webpage","url":"https:\/\/eldigitaldeasturias.com\/magazine365\/lentillasadomicilio-com-ofrece-consejos-para-el-uso-de-lentillas-en-primavera\/","name":"Lentillasadomicilio.com ofrece consejos para el uso de lentillas en primavera | El Digital de Asturias","description":"Con los cambios de estaci\u00f3n y a medida que la primavera empieza a mostrar sus efectos, algunas personas empiezan en paralelo a mostrar los s\u00edntomas al\u00e9rgicos, y una muestra muy com\u00fan es la conjuntivitis al\u00e9rgica o rinoconjuntivitis. Los \u00faltimos estudios demuestran que afectan a una de cada cinco personas en Espa\u00f1a, especialmente entre mayo y","inLanguage":"es-ES","isPartOf":{"@id":"https:\/\/eldigitaldeasturias.com\/magazine365\/#website"},"breadcrumb":{"@id":"https:\/\/eldigitaldeasturias.com\/magazine365\/lentillasadomicilio-com-ofrece-consejos-para-el-uso-de-lentillas-en-primavera\/#breadcrumblist"},"author":{"@id":"https:\/\/eldigitaldeasturias.com\/magazine365\/author\/admin\/#author"},"creator":{"@id":"https:\/\/eldigitaldeasturias.com\/magazine365\/author\/admin\/#author"},"image":{"@type":"ImageObject","url":"https:\/\/eldigitaldeasturias.com\/magazine365\/wp-content\/uploads\/2015\/05\/1431858168_LENTILLAS.jpg","@id":"https:\/\/eldigitaldeasturias.com\/magazine365\/lentillasadomicilio-com-ofrece-consejos-para-el-uso-de-lentillas-en-primavera\/#mainImage","width":618,"height":300},"primaryImageOfPage":{"@id":"https:\/\/eldigitaldeasturias.com\/magazine365\/lentillasadomicilio-com-ofrece-consejos-para-el-uso-de-lentillas-en-primavera\/#mainImage"},"datePublished":"2015-05-23T21:27:46+02:00","dateModified":"2015-05-23T21:27:46+02:00"},{"@type":"WebSite","@id":"https:\/\/eldigitaldeasturias.com\/magazine365\/#website","url":"https:\/\/eldigitaldeasturias.com\/magazine365\/","name":"El Digital de Asturias","description":"Revista de ocio, turismo y estilo de vida","inLanguage":"es-ES","publisher":{"@id":"https:\/\/eldigitaldeasturias.com\/magazine365\/#organization"}}]},"og:locale":"es_ES","og:site_name":"El Digital de Asturias \u2013 Revista de ocio, turismo y estilo de vida","og:type":"article","og:title":"Lentillasadomicilio.com ofrece consejos para el uso de lentillas en primavera | El Digital de Asturias","og:description":"Con los cambios de estaci\u00f3n y a medida que la primavera empieza a mostrar sus efectos, algunas personas empiezan en paralelo a mostrar los s\u00edntomas al\u00e9rgicos, y una muestra muy com\u00fan es la conjuntivitis al\u00e9rgica o rinoconjuntivitis. Los \u00faltimos estudios demuestran que afectan a una de cada cinco personas en Espa\u00f1a, especialmente entre mayo y","og:url":"https:\/\/eldigitaldeasturias.com\/magazine365\/lentillasadomicilio-com-ofrece-consejos-para-el-uso-de-lentillas-en-primavera\/","og:image":"https:\/\/eldigitaldeasturias.com\/magazine365\/wp-content\/uploads\/2015\/05\/1431858168_LENTILLAS.jpg","og:image:secure_url":"https:\/\/eldigitaldeasturias.com\/magazine365\/wp-content\/uploads\/2015\/05\/1431858168_LENTILLAS.jpg","og:image:width":618,"og:image:height":300,"article:published_time":"2015-05-23T19:57:46+00:00","article:modified_time":"2015-05-23T19:57:46+00:00","twitter:card":"summary_large_image","twitter:title":"Lentillasadomicilio.com ofrece consejos para el uso de lentillas en primavera | El Digital de Asturias","twitter:description":"Con los cambios de estaci\u00f3n y a medida que la primavera empieza a mostrar sus efectos, algunas personas empiezan en paralelo a mostrar los s\u00edntomas al\u00e9rgicos, y una muestra muy com\u00fan es la conjuntivitis al\u00e9rgica o rinoconjuntivitis. Los \u00faltimos estudios demuestran que afectan a una de cada cinco personas en Espa\u00f1a, especialmente entre mayo y","twitter:image":"https:\/\/eldigitaldeasturias.com\/magazine365\/wp-content\/uploads\/2015\/05\/1431858168_LENTILLAS.jpg"},"aioseo_meta_data":{"post_id":"38378","title":null,"description":null,"keywords":null,"keyphrases":null,"primary_term":null,"canonical_url":null,"og_title":null,"og_description":null,"og_object_type":"default","og_image_type":"default","og_image_url":null,"og_image_width":null,"og_image_height":null,"og_image_custom_url":null,"og_image_custom_fields":null,"og_video":null,"og_custom_url":null,"og_article_section":null,"og_article_tags":null,"twitter_use_og":false,"twitter_card":"default","twitter_image_type":"default","twitter_image_url":null,"twitter_image_custom_url":null,"twitter_image_custom_fields":null,"twitter_title":null,"twitter_description":null,"schema":{"blockGraphs":[],"customGraphs":[],"default":{"data":{"Article":[],"Course":[],"Dataset":[],"FAQPage":[],"Movie":[],"Person":[],"Product":[],"ProductReview":[],"Car":[],"Recipe":[],"Service":[],"SoftwareApplication":[],"WebPage":[]},"graphName":"","isEnabled":true},"graphs":[],"defaultGraph":"","defaultPostTypeGraph":""},"schema_type":null,"schema_type_options":null,"pillar_content":false,"robots_default":true,"robots_noindex":false,"robots_noarchive":false,"robots_nosnippet":false,"robots_nofollow":false,"robots_noimageindex":false,"robots_noodp":false,"robots_notranslate":false,"robots_max_snippet":null,"robots_max_videopreview":null,"robots_max_imagepreview":"large","priority":null,"frequency":null,"location":null,"local_seo":null,"seo_analyzer_scan_date":"2025-09-19 09:25:23","breadcrumb_settings":null,"limit_modified_date":false,"open_ai":null,"ai":null,"created":"2021-03-09 02:54:42","updated":"2025-09-19 09:25:23"},"aioseo_breadcrumb":"<div class=\"aioseo-breadcrumbs\"><span class=\"aioseo-breadcrumb\">\n\t<a href=\"https:\/\/eldigitaldeasturias.com\/magazine365\" title=\"Home\">Home<\/a>\n<\/span><span class=\"aioseo-breadcrumb-separator\">\u2013<\/span><span class=\"aioseo-breadcrumb\">\n\t<a href=\"https:\/\/eldigitaldeasturias.com\/magazine365\/category\/noticias-actualidad\/\" title=\"Noticias y Actualidad\">Noticias y Actualidad<\/a>\n<\/span><span class=\"aioseo-breadcrumb-separator\">\u2013<\/span><span class=\"aioseo-breadcrumb\">\n\t<a href=\"https:\/\/eldigitaldeasturias.com\/magazine365\/lentillasadomicilio-com-ofrece-consejos-para-el-uso-de-lentillas-en-primavera\/\" title=\"Lentillasadomicilio.com ofrece consejos para el uso de lentillas en primavera\">Lentillasadomicilio.com ofrece consejos para el uso de lentillas en primavera<\/a>\n<\/span><\/div>","aioseo_breadcrumb_json":[{"label":"Home","link":"https:\/\/eldigitaldeasturias.com\/magazine365"},{"label":"Noticias y Actualidad","link":"https:\/\/eldigitaldeasturias.com\/magazine365\/category\/noticias-actualidad\/"},{"label":"Lentillasadomicilio.com ofrece consejos para el uso de lentillas en primavera","link":"https:\/\/eldigitaldeasturias.com\/magazine365\/lentillasadomicilio-com-ofrece-consejos-para-el-uso-de-lentillas-en-primavera\/"}],"_links":{"self":[{"href":"https:\/\/eldigitaldeasturias.com\/magazine365\/wp-json\/wp\/v2\/posts\/38378","targetHints":{"allow":["GET"]}}],"collection":[{"href":"https:\/\/eldigitaldeasturias.com\/magazine365\/wp-json\/wp\/v2\/posts"}],"about":[{"href":"https:\/\/eldigitaldeasturias.com\/magazine365\/wp-json\/wp\/v2\/types\/post"}],"author":[{"embeddable":true,"href":"https:\/\/eldigitaldeasturias.com\/magazine365\/wp-json\/wp\/v2\/users\/1"}],"replies":[{"embeddable":true,"href":"https:\/\/eldigitaldeasturias.com\/magazine365\/wp-json\/wp\/v2\/comments?post=38378"}],"version-history":[{"count":0,"href":"https:\/\/eldigitaldeasturias.com\/magazine365\/wp-json\/wp\/v2\/posts\/38378\/revisions"}],"wp:featuredmedia":[{"embeddable":true,"href":"https:\/\/eldigitaldeasturias.com\/magazine365\/wp-json\/wp\/v2\/media\/38379"}],"wp:attachment":[{"href":"https:\/\/eldigitaldeasturias.com\/magazine365\/wp-json\/wp\/v2\/media?parent=38378"}],"wp:term":[{"taxonomy":"category","embeddable":true,"href":"https:\/\/eldigitaldeasturias.com\/magazine365\/wp-json\/wp\/v2\/categories?post=38378"},{"taxonomy":"post_tag","embeddable":true,"href":"https:\/\/eldigitaldeasturias.com\/magazine365\/wp-json\/wp\/v2\/tags?post=38378"}],"curies":[{"name":"wp","href":"https:\/\/api.w.org\/{rel}","templated":true}]}}