{"id":38374,"date":"2015-05-23T16:31:20","date_gmt":"2015-05-23T15:01:20","guid":{"rendered":"http:\/\/eldigitaldeasturias.com\/magazine365\/?p=38374"},"modified":"2015-05-23T16:31:20","modified_gmt":"2015-05-23T15:01:20","slug":"oviedo-recrea-el-25-de-mayo-con-una-procesion-civica","status":"publish","type":"post","link":"https:\/\/eldigitaldeasturias.com\/magazine365\/oviedo-recrea-el-25-de-mayo-con-una-procesion-civica\/","title":{"rendered":"Oviedo recrea el 25 de mayo con una &#8216;Procesi\u00f3n C\u00edvica&#8217;"},"content":{"rendered":"<p><img fetchpriority=\"high\" decoding=\"async\" class=\"alignleft size-medium wp-image-38375\" src=\"https:\/\/eldigitaldeasturias.com\/magazine365\/wp-content\/uploads\/2015\/05\/fotonoticia_20150523130209_800-360x270.jpg\" alt=\"fotonoticia_20150523130209_800\" width=\"360\" height=\"270\" srcset=\"https:\/\/eldigitaldeasturias.com\/magazine365\/wp-content\/uploads\/2015\/05\/fotonoticia_20150523130209_800-360x270.jpg 360w, https:\/\/eldigitaldeasturias.com\/magazine365\/wp-content\/uploads\/2015\/05\/fotonoticia_20150523130209_800-650x488.jpg 650w, https:\/\/eldigitaldeasturias.com\/magazine365\/wp-content\/uploads\/2015\/05\/fotonoticia_20150523130209_800-768x576.jpg 768w, https:\/\/eldigitaldeasturias.com\/magazine365\/wp-content\/uploads\/2015\/05\/fotonoticia_20150523130209_800-150x113.jpg 150w, https:\/\/eldigitaldeasturias.com\/magazine365\/wp-content\/uploads\/2015\/05\/fotonoticia_20150523130209_800-450x338.jpg 450w, https:\/\/eldigitaldeasturias.com\/magazine365\/wp-content\/uploads\/2015\/05\/fotonoticia_20150523130209_800-80x60.jpg 80w, https:\/\/eldigitaldeasturias.com\/magazine365\/wp-content\/uploads\/2015\/05\/fotonoticia_20150523130209_800-265x198.jpg 265w, https:\/\/eldigitaldeasturias.com\/magazine365\/wp-content\/uploads\/2015\/05\/fotonoticia_20150523130209_800-696x522.jpg 696w, https:\/\/eldigitaldeasturias.com\/magazine365\/wp-content\/uploads\/2015\/05\/fotonoticia_20150523130209_800-560x420.jpg 560w, https:\/\/eldigitaldeasturias.com\/magazine365\/wp-content\/uploads\/2015\/05\/fotonoticia_20150523130209_800-90x67.jpg 90w, https:\/\/eldigitaldeasturias.com\/magazine365\/wp-content\/uploads\/2015\/05\/fotonoticia_20150523130209_800-100x75.jpg 100w, https:\/\/eldigitaldeasturias.com\/magazine365\/wp-content\/uploads\/2015\/05\/fotonoticia_20150523130209_800.jpg 800w\" sizes=\"(max-width: 360px) 100vw, 360px\" \/>Oviedo ha conmemorado este s\u00e1bado el levantamiento y declaraci\u00f3n de independencia de la Junta General de Asturias contra la ocupaci\u00f3n francesa que tuvo lugar el 25 de mayo de 1808. Una procesi\u00f3n c\u00edvica ha recorrido las calles del centro de la ciudad.<\/p>\n<p>Como en a\u00f1os anteriores, se ha formado una \u00abGuardia de Honor\u00bb compuesta por un pelot\u00f3n de la Asociaci\u00f3n de Recreaci\u00f3n Hist\u00f3rico Cultural de Asturias (Arhca), que ha recreado el Regimiento de Milicias Provincial de Oviedo de 1808. Asimismo intervendr\u00e1 la Banda de Gaitas del Ayuntamiento de Oviedo.<\/p>\n<p>Por otra parte, han estado presentes en el acto diversas autoridades, entre ellas el alcalde, Agust\u00edn Iglesias Caunedo, y otros representantes municipales, as\u00ed como descendientes de algunos de los integrantes de aquella Junta General del Principado de 1808.<\/p>\n<p>Al finalizar el acto de la Sala Capitular, por las autoridades presentes se ha colocado una corona de laurel bajo las l\u00e1pidas conmemorativas del primer y segundo centenarios de tan relevante hecho, sitas en la sala contigua, mientras los gaiteros interpretar\u00e1n el himno nacional.<\/p>\n<p>Seguidamente, ya en la Corrada del Obispo, la Guardia de Honor ha efecutado unas salvas de honor para a continuaci\u00f3n seguir en procesi\u00f3n c\u00edvica hasta la calle Cimadevilla, esquina a Altamirano, donde se ha colocado otra corona de laurel bajo la l\u00e1pida all\u00ed colocada en honor de los patriotas que intervinieron en los hechos del 9 de mayo de 1808.<\/p>\n<p>La asociaci\u00f3n &#8216;Amigos del Pa\u00eds de Asturias&#8217; viene conmemorando desde hace d\u00e9cadas la hist\u00f3rica fecha del 25 de mayo de 1808, en la que la Junta General del Principado se proclam\u00f3 Soberana y declar\u00f3 la Guerra a Francia.<\/p>\n<p>En el acto de este s\u00e1bado, adem\u00e1s del Presidente de la asociaci\u00f3n organizadora, Jos\u00e9 Mar\u00eda Fern\u00e1ndez, ha intervenido Fernando Puell de la Villa, Coronel (r), doctor en Historia y Vicepresidente de la Asociaci\u00f3n Espa\u00f1ola de Historia Militar, el cual disertar\u00e1 sobre \u00abLa Proclama de Fl\u00f3rez Estrada: germen de la movilizaci\u00f3n contra los franceses\u00bb.<\/p>\n","protected":false},"excerpt":{"rendered":"<p>Oviedo ha conmemorado este s\u00e1bado el levantamiento y declaraci\u00f3n de independencia de la Junta General de Asturias contra la ocupaci\u00f3n francesa que tuvo lugar el 25 de mayo de 1808. Una procesi\u00f3n c\u00edvica ha recorrido las calles del centro de la ciudad. Como en a\u00f1os anteriores, se ha formado una \u00abGuardia de Honor\u00bb compuesta por<\/p>\n","protected":false},"author":1,"featured_media":38375,"comment_status":"open","ping_status":"closed","sticky":false,"template":"","format":"standard","meta":{"footnotes":""},"categories":[224],"tags":[],"class_list":{"0":"post-38374","1":"post","2":"type-post","3":"status-publish","4":"format-standard","5":"has-post-thumbnail","7":"category-noticias-actualidad"},"aioseo_notices":[],"aioseo_head":"\n\t\t<!-- All in One SEO Pro 4.9.6.1 - aioseo.com -->\n\t<meta name=\"description\" content=\"Oviedo ha conmemorado este s\u00e1bado el levantamiento y declaraci\u00f3n de independencia de la Junta General de Asturias contra la ocupaci\u00f3n francesa que tuvo lugar el 25 de mayo de 1808. Una procesi\u00f3n c\u00edvica ha recorrido las calles del centro de la ciudad. Como en a\u00f1os anteriores, se ha formado una &quot;Guardia de Honor&quot; compuesta por\" \/>\n\t<meta name=\"robots\" content=\"max-image-preview:large\" \/>\n\t<meta name=\"author\" content=\"admin\"\/>\n\t<meta name=\"google-site-verification\" content=\"UA-38556648-1\" \/>\n\t<meta name=\"keywords\" content=\"noticias y actualidad\" \/>\n\t<link rel=\"canonical\" href=\"https:\/\/eldigitaldeasturias.com\/magazine365\/oviedo-recrea-el-25-de-mayo-con-una-procesion-civica\/\" \/>\n\t<meta name=\"generator\" content=\"All in One SEO Pro (AIOSEO) 4.9.6.1\" \/>\n\t\t<meta property=\"og:locale\" content=\"es_ES\" \/>\n\t\t<meta property=\"og:site_name\" content=\"El Digital de Asturias \u2013 Revista de ocio, turismo y estilo de vida\" \/>\n\t\t<meta property=\"og:type\" content=\"article\" \/>\n\t\t<meta property=\"og:title\" content=\"Oviedo recrea el 25 de mayo con una \u2018Procesi\u00f3n C\u00edvica\u2019 | El Digital de Asturias\" \/>\n\t\t<meta property=\"og:description\" content=\"Oviedo ha conmemorado este s\u00e1bado el levantamiento y declaraci\u00f3n de independencia de la Junta General de Asturias contra la ocupaci\u00f3n francesa que tuvo lugar el 25 de mayo de 1808. Una procesi\u00f3n c\u00edvica ha recorrido las calles del centro de la ciudad. Como en a\u00f1os anteriores, se ha formado una &quot;Guardia de Honor&quot; compuesta por\" \/>\n\t\t<meta property=\"og:url\" content=\"https:\/\/eldigitaldeasturias.com\/magazine365\/oviedo-recrea-el-25-de-mayo-con-una-procesion-civica\/\" \/>\n\t\t<meta property=\"og:image\" content=\"https:\/\/eldigitaldeasturias.com\/magazine365\/wp-content\/uploads\/2015\/05\/fotonoticia_20150523130209_800.jpg\" \/>\n\t\t<meta property=\"og:image:secure_url\" content=\"https:\/\/eldigitaldeasturias.com\/magazine365\/wp-content\/uploads\/2015\/05\/fotonoticia_20150523130209_800.jpg\" \/>\n\t\t<meta property=\"og:image:width\" content=\"800\" \/>\n\t\t<meta property=\"og:image:height\" content=\"600\" \/>\n\t\t<meta property=\"article:published_time\" content=\"2015-05-23T15:01:20+00:00\" \/>\n\t\t<meta property=\"article:modified_time\" content=\"2015-05-23T15:01:20+00:00\" \/>\n\t\t<meta name=\"twitter:card\" content=\"summary_large_image\" \/>\n\t\t<meta name=\"twitter:title\" content=\"Oviedo recrea el 25 de mayo con una \u2018Procesi\u00f3n C\u00edvica\u2019 | El Digital de Asturias\" \/>\n\t\t<meta name=\"twitter:description\" content=\"Oviedo ha conmemorado este s\u00e1bado el levantamiento y declaraci\u00f3n de independencia de la Junta General de Asturias contra la ocupaci\u00f3n francesa que tuvo lugar el 25 de mayo de 1808. Una procesi\u00f3n c\u00edvica ha recorrido las calles del centro de la ciudad. Como en a\u00f1os anteriores, se ha formado una &quot;Guardia de Honor&quot; compuesta por\" \/>\n\t\t<meta name=\"twitter:image\" content=\"https:\/\/eldigitaldeasturias.com\/magazine365\/wp-content\/uploads\/2015\/05\/fotonoticia_20150523130209_800.jpg\" \/>\n\t\t<script type=\"application\/ld+json\" class=\"aioseo-schema\">\n\t\t\t{\"@context\":\"https:\\\/\\\/schema.org\",\"@graph\":[{\"@type\":\"Article\",\"@id\":\"https:\\\/\\\/eldigitaldeasturias.com\\\/magazine365\\\/oviedo-recrea-el-25-de-mayo-con-una-procesion-civica\\\/#article\",\"name\":\"Oviedo recrea el 25 de mayo con una \\u2018Procesi\\u00f3n C\\u00edvica\\u2019 | El Digital de Asturias\",\"headline\":\"Oviedo recrea el 25 de mayo con una &#8216;Procesi\\u00f3n C\\u00edvica&#8217;\",\"author\":{\"@id\":\"https:\\\/\\\/eldigitaldeasturias.com\\\/magazine365\\\/author\\\/admin\\\/#author\"},\"publisher\":{\"@id\":\"https:\\\/\\\/eldigitaldeasturias.com\\\/magazine365\\\/#organization\"},\"image\":{\"@type\":\"ImageObject\",\"url\":\"https:\\\/\\\/eldigitaldeasturias.com\\\/magazine365\\\/wp-content\\\/uploads\\\/2015\\\/05\\\/fotonoticia_20150523130209_800.jpg\",\"width\":800,\"height\":600},\"datePublished\":\"2015-05-23T16:31:20+02:00\",\"dateModified\":\"2015-05-23T16:31:20+02:00\",\"inLanguage\":\"es-ES\",\"mainEntityOfPage\":{\"@id\":\"https:\\\/\\\/eldigitaldeasturias.com\\\/magazine365\\\/oviedo-recrea-el-25-de-mayo-con-una-procesion-civica\\\/#webpage\"},\"isPartOf\":{\"@id\":\"https:\\\/\\\/eldigitaldeasturias.com\\\/magazine365\\\/oviedo-recrea-el-25-de-mayo-con-una-procesion-civica\\\/#webpage\"},\"articleSection\":\"Noticias y Actualidad\"},{\"@type\":\"BreadcrumbList\",\"@id\":\"https:\\\/\\\/eldigitaldeasturias.com\\\/magazine365\\\/oviedo-recrea-el-25-de-mayo-con-una-procesion-civica\\\/#breadcrumblist\",\"itemListElement\":[{\"@type\":\"ListItem\",\"@id\":\"https:\\\/\\\/eldigitaldeasturias.com\\\/magazine365#listItem\",\"position\":1,\"name\":\"Home\",\"item\":\"https:\\\/\\\/eldigitaldeasturias.com\\\/magazine365\",\"nextItem\":{\"@type\":\"ListItem\",\"@id\":\"https:\\\/\\\/eldigitaldeasturias.com\\\/magazine365\\\/category\\\/noticias-actualidad\\\/#listItem\",\"name\":\"Noticias y Actualidad\"}},{\"@type\":\"ListItem\",\"@id\":\"https:\\\/\\\/eldigitaldeasturias.com\\\/magazine365\\\/category\\\/noticias-actualidad\\\/#listItem\",\"position\":2,\"name\":\"Noticias y Actualidad\",\"item\":\"https:\\\/\\\/eldigitaldeasturias.com\\\/magazine365\\\/category\\\/noticias-actualidad\\\/\",\"nextItem\":{\"@type\":\"ListItem\",\"@id\":\"https:\\\/\\\/eldigitaldeasturias.com\\\/magazine365\\\/oviedo-recrea-el-25-de-mayo-con-una-procesion-civica\\\/#listItem\",\"name\":\"Oviedo recrea el 25 de mayo con una &#8216;Procesi\\u00f3n C\\u00edvica&#8217;\"},\"previousItem\":{\"@type\":\"ListItem\",\"@id\":\"https:\\\/\\\/eldigitaldeasturias.com\\\/magazine365#listItem\",\"name\":\"Home\"}},{\"@type\":\"ListItem\",\"@id\":\"https:\\\/\\\/eldigitaldeasturias.com\\\/magazine365\\\/oviedo-recrea-el-25-de-mayo-con-una-procesion-civica\\\/#listItem\",\"position\":3,\"name\":\"Oviedo recrea el 25 de mayo con una &#8216;Procesi\\u00f3n C\\u00edvica&#8217;\",\"previousItem\":{\"@type\":\"ListItem\",\"@id\":\"https:\\\/\\\/eldigitaldeasturias.com\\\/magazine365\\\/category\\\/noticias-actualidad\\\/#listItem\",\"name\":\"Noticias y Actualidad\"}}]},{\"@type\":\"Organization\",\"@id\":\"https:\\\/\\\/eldigitaldeasturias.com\\\/magazine365\\\/#organization\",\"name\":\"El digital de Asturias\",\"description\":\"Revista de ocio, turismo y estilo de vida\",\"url\":\"https:\\\/\\\/eldigitaldeasturias.com\\\/magazine365\\\/\",\"logo\":{\"@type\":\"ImageObject\",\"url\":\"https:\\\/\\\/www.eldigitaldeasturias.com\\\/noticias\\\/wp-content\\\/uploads\\\/2020\\\/12\\\/EDA.jpg\",\"@id\":\"https:\\\/\\\/eldigitaldeasturias.com\\\/magazine365\\\/oviedo-recrea-el-25-de-mayo-con-una-procesion-civica\\\/#organizationLogo\"},\"image\":{\"@id\":\"https:\\\/\\\/eldigitaldeasturias.com\\\/magazine365\\\/oviedo-recrea-el-25-de-mayo-con-una-procesion-civica\\\/#organizationLogo\"}},{\"@type\":\"Person\",\"@id\":\"https:\\\/\\\/eldigitaldeasturias.com\\\/magazine365\\\/author\\\/admin\\\/#author\",\"url\":\"https:\\\/\\\/eldigitaldeasturias.com\\\/magazine365\\\/author\\\/admin\\\/\",\"name\":\"admin\",\"image\":{\"@type\":\"ImageObject\",\"@id\":\"https:\\\/\\\/eldigitaldeasturias.com\\\/magazine365\\\/oviedo-recrea-el-25-de-mayo-con-una-procesion-civica\\\/#authorImage\",\"url\":\"https:\\\/\\\/eldigitaldeasturias.com\\\/magazine365\\\/wp-content\\\/litespeed\\\/avatar\\\/e571bcf59a0edd6fa6838245a470f2fe.jpg?ver=1776969259\",\"width\":96,\"height\":96,\"caption\":\"admin\"}},{\"@type\":\"WebPage\",\"@id\":\"https:\\\/\\\/eldigitaldeasturias.com\\\/magazine365\\\/oviedo-recrea-el-25-de-mayo-con-una-procesion-civica\\\/#webpage\",\"url\":\"https:\\\/\\\/eldigitaldeasturias.com\\\/magazine365\\\/oviedo-recrea-el-25-de-mayo-con-una-procesion-civica\\\/\",\"name\":\"Oviedo recrea el 25 de mayo con una \\u2018Procesi\\u00f3n C\\u00edvica\\u2019 | El Digital de Asturias\",\"description\":\"Oviedo ha conmemorado este s\\u00e1bado el levantamiento y declaraci\\u00f3n de independencia de la Junta General de Asturias contra la ocupaci\\u00f3n francesa que tuvo lugar el 25 de mayo de 1808. Una procesi\\u00f3n c\\u00edvica ha recorrido las calles del centro de la ciudad. Como en a\\u00f1os anteriores, se ha formado una \\\"Guardia de Honor\\\" compuesta por\",\"inLanguage\":\"es-ES\",\"isPartOf\":{\"@id\":\"https:\\\/\\\/eldigitaldeasturias.com\\\/magazine365\\\/#website\"},\"breadcrumb\":{\"@id\":\"https:\\\/\\\/eldigitaldeasturias.com\\\/magazine365\\\/oviedo-recrea-el-25-de-mayo-con-una-procesion-civica\\\/#breadcrumblist\"},\"author\":{\"@id\":\"https:\\\/\\\/eldigitaldeasturias.com\\\/magazine365\\\/author\\\/admin\\\/#author\"},\"creator\":{\"@id\":\"https:\\\/\\\/eldigitaldeasturias.com\\\/magazine365\\\/author\\\/admin\\\/#author\"},\"image\":{\"@type\":\"ImageObject\",\"url\":\"https:\\\/\\\/eldigitaldeasturias.com\\\/magazine365\\\/wp-content\\\/uploads\\\/2015\\\/05\\\/fotonoticia_20150523130209_800.jpg\",\"@id\":\"https:\\\/\\\/eldigitaldeasturias.com\\\/magazine365\\\/oviedo-recrea-el-25-de-mayo-con-una-procesion-civica\\\/#mainImage\",\"width\":800,\"height\":600},\"primaryImageOfPage\":{\"@id\":\"https:\\\/\\\/eldigitaldeasturias.com\\\/magazine365\\\/oviedo-recrea-el-25-de-mayo-con-una-procesion-civica\\\/#mainImage\"},\"datePublished\":\"2015-05-23T16:31:20+02:00\",\"dateModified\":\"2015-05-23T16:31:20+02:00\"},{\"@type\":\"WebSite\",\"@id\":\"https:\\\/\\\/eldigitaldeasturias.com\\\/magazine365\\\/#website\",\"url\":\"https:\\\/\\\/eldigitaldeasturias.com\\\/magazine365\\\/\",\"name\":\"El Digital de Asturias\",\"description\":\"Revista de ocio, turismo y estilo de vida\",\"inLanguage\":\"es-ES\",\"publisher\":{\"@id\":\"https:\\\/\\\/eldigitaldeasturias.com\\\/magazine365\\\/#organization\"}}]}\n\t\t<\/script>\n\t\t<!-- All in One SEO Pro -->\r\n\t\t<title>Oviedo recrea el 25 de mayo con una \u2018Procesi\u00f3n C\u00edvica\u2019 | El Digital de Asturias<\/title>\n\n","aioseo_head_json":{"title":"Oviedo recrea el 25 de mayo con una \u2018Procesi\u00f3n C\u00edvica\u2019 | El Digital de Asturias","description":"Oviedo ha conmemorado este s\u00e1bado el levantamiento y declaraci\u00f3n de independencia de la Junta General de Asturias contra la ocupaci\u00f3n francesa que tuvo lugar el 25 de mayo de 1808. Una procesi\u00f3n c\u00edvica ha recorrido las calles del centro de la ciudad. Como en a\u00f1os anteriores, se ha formado una \"Guardia de Honor\" compuesta por","canonical_url":"https:\/\/eldigitaldeasturias.com\/magazine365\/oviedo-recrea-el-25-de-mayo-con-una-procesion-civica\/","robots":"max-image-preview:large","keywords":"noticias y actualidad","webmasterTools":{"google-site-verification":"UA-38556648-1","miscellaneous":""},"schema":{"@context":"https:\/\/schema.org","@graph":[{"@type":"Article","@id":"https:\/\/eldigitaldeasturias.com\/magazine365\/oviedo-recrea-el-25-de-mayo-con-una-procesion-civica\/#article","name":"Oviedo recrea el 25 de mayo con una \u2018Procesi\u00f3n C\u00edvica\u2019 | El Digital de Asturias","headline":"Oviedo recrea el 25 de mayo con una &#8216;Procesi\u00f3n C\u00edvica&#8217;","author":{"@id":"https:\/\/eldigitaldeasturias.com\/magazine365\/author\/admin\/#author"},"publisher":{"@id":"https:\/\/eldigitaldeasturias.com\/magazine365\/#organization"},"image":{"@type":"ImageObject","url":"https:\/\/eldigitaldeasturias.com\/magazine365\/wp-content\/uploads\/2015\/05\/fotonoticia_20150523130209_800.jpg","width":800,"height":600},"datePublished":"2015-05-23T16:31:20+02:00","dateModified":"2015-05-23T16:31:20+02:00","inLanguage":"es-ES","mainEntityOfPage":{"@id":"https:\/\/eldigitaldeasturias.com\/magazine365\/oviedo-recrea-el-25-de-mayo-con-una-procesion-civica\/#webpage"},"isPartOf":{"@id":"https:\/\/eldigitaldeasturias.com\/magazine365\/oviedo-recrea-el-25-de-mayo-con-una-procesion-civica\/#webpage"},"articleSection":"Noticias y Actualidad"},{"@type":"BreadcrumbList","@id":"https:\/\/eldigitaldeasturias.com\/magazine365\/oviedo-recrea-el-25-de-mayo-con-una-procesion-civica\/#breadcrumblist","itemListElement":[{"@type":"ListItem","@id":"https:\/\/eldigitaldeasturias.com\/magazine365#listItem","position":1,"name":"Home","item":"https:\/\/eldigitaldeasturias.com\/magazine365","nextItem":{"@type":"ListItem","@id":"https:\/\/eldigitaldeasturias.com\/magazine365\/category\/noticias-actualidad\/#listItem","name":"Noticias y Actualidad"}},{"@type":"ListItem","@id":"https:\/\/eldigitaldeasturias.com\/magazine365\/category\/noticias-actualidad\/#listItem","position":2,"name":"Noticias y Actualidad","item":"https:\/\/eldigitaldeasturias.com\/magazine365\/category\/noticias-actualidad\/","nextItem":{"@type":"ListItem","@id":"https:\/\/eldigitaldeasturias.com\/magazine365\/oviedo-recrea-el-25-de-mayo-con-una-procesion-civica\/#listItem","name":"Oviedo recrea el 25 de mayo con una &#8216;Procesi\u00f3n C\u00edvica&#8217;"},"previousItem":{"@type":"ListItem","@id":"https:\/\/eldigitaldeasturias.com\/magazine365#listItem","name":"Home"}},{"@type":"ListItem","@id":"https:\/\/eldigitaldeasturias.com\/magazine365\/oviedo-recrea-el-25-de-mayo-con-una-procesion-civica\/#listItem","position":3,"name":"Oviedo recrea el 25 de mayo con una &#8216;Procesi\u00f3n C\u00edvica&#8217;","previousItem":{"@type":"ListItem","@id":"https:\/\/eldigitaldeasturias.com\/magazine365\/category\/noticias-actualidad\/#listItem","name":"Noticias y Actualidad"}}]},{"@type":"Organization","@id":"https:\/\/eldigitaldeasturias.com\/magazine365\/#organization","name":"El digital de Asturias","description":"Revista de ocio, turismo y estilo de vida","url":"https:\/\/eldigitaldeasturias.com\/magazine365\/","logo":{"@type":"ImageObject","url":"https:\/\/www.eldigitaldeasturias.com\/noticias\/wp-content\/uploads\/2020\/12\/EDA.jpg","@id":"https:\/\/eldigitaldeasturias.com\/magazine365\/oviedo-recrea-el-25-de-mayo-con-una-procesion-civica\/#organizationLogo"},"image":{"@id":"https:\/\/eldigitaldeasturias.com\/magazine365\/oviedo-recrea-el-25-de-mayo-con-una-procesion-civica\/#organizationLogo"}},{"@type":"Person","@id":"https:\/\/eldigitaldeasturias.com\/magazine365\/author\/admin\/#author","url":"https:\/\/eldigitaldeasturias.com\/magazine365\/author\/admin\/","name":"admin","image":{"@type":"ImageObject","@id":"https:\/\/eldigitaldeasturias.com\/magazine365\/oviedo-recrea-el-25-de-mayo-con-una-procesion-civica\/#authorImage","url":"https:\/\/eldigitaldeasturias.com\/magazine365\/wp-content\/litespeed\/avatar\/e571bcf59a0edd6fa6838245a470f2fe.jpg?ver=1776969259","width":96,"height":96,"caption":"admin"}},{"@type":"WebPage","@id":"https:\/\/eldigitaldeasturias.com\/magazine365\/oviedo-recrea-el-25-de-mayo-con-una-procesion-civica\/#webpage","url":"https:\/\/eldigitaldeasturias.com\/magazine365\/oviedo-recrea-el-25-de-mayo-con-una-procesion-civica\/","name":"Oviedo recrea el 25 de mayo con una \u2018Procesi\u00f3n C\u00edvica\u2019 | El Digital de Asturias","description":"Oviedo ha conmemorado este s\u00e1bado el levantamiento y declaraci\u00f3n de independencia de la Junta General de Asturias contra la ocupaci\u00f3n francesa que tuvo lugar el 25 de mayo de 1808. Una procesi\u00f3n c\u00edvica ha recorrido las calles del centro de la ciudad. Como en a\u00f1os anteriores, se ha formado una \"Guardia de Honor\" compuesta por","inLanguage":"es-ES","isPartOf":{"@id":"https:\/\/eldigitaldeasturias.com\/magazine365\/#website"},"breadcrumb":{"@id":"https:\/\/eldigitaldeasturias.com\/magazine365\/oviedo-recrea-el-25-de-mayo-con-una-procesion-civica\/#breadcrumblist"},"author":{"@id":"https:\/\/eldigitaldeasturias.com\/magazine365\/author\/admin\/#author"},"creator":{"@id":"https:\/\/eldigitaldeasturias.com\/magazine365\/author\/admin\/#author"},"image":{"@type":"ImageObject","url":"https:\/\/eldigitaldeasturias.com\/magazine365\/wp-content\/uploads\/2015\/05\/fotonoticia_20150523130209_800.jpg","@id":"https:\/\/eldigitaldeasturias.com\/magazine365\/oviedo-recrea-el-25-de-mayo-con-una-procesion-civica\/#mainImage","width":800,"height":600},"primaryImageOfPage":{"@id":"https:\/\/eldigitaldeasturias.com\/magazine365\/oviedo-recrea-el-25-de-mayo-con-una-procesion-civica\/#mainImage"},"datePublished":"2015-05-23T16:31:20+02:00","dateModified":"2015-05-23T16:31:20+02:00"},{"@type":"WebSite","@id":"https:\/\/eldigitaldeasturias.com\/magazine365\/#website","url":"https:\/\/eldigitaldeasturias.com\/magazine365\/","name":"El Digital de Asturias","description":"Revista de ocio, turismo y estilo de vida","inLanguage":"es-ES","publisher":{"@id":"https:\/\/eldigitaldeasturias.com\/magazine365\/#organization"}}]},"og:locale":"es_ES","og:site_name":"El Digital de Asturias \u2013 Revista de ocio, turismo y estilo de vida","og:type":"article","og:title":"Oviedo recrea el 25 de mayo con una \u2018Procesi\u00f3n C\u00edvica\u2019 | El Digital de Asturias","og:description":"Oviedo ha conmemorado este s\u00e1bado el levantamiento y declaraci\u00f3n de independencia de la Junta General de Asturias contra la ocupaci\u00f3n francesa que tuvo lugar el 25 de mayo de 1808. Una procesi\u00f3n c\u00edvica ha recorrido las calles del centro de la ciudad. Como en a\u00f1os anteriores, se ha formado una &quot;Guardia de Honor&quot; compuesta por","og:url":"https:\/\/eldigitaldeasturias.com\/magazine365\/oviedo-recrea-el-25-de-mayo-con-una-procesion-civica\/","og:image":"https:\/\/eldigitaldeasturias.com\/magazine365\/wp-content\/uploads\/2015\/05\/fotonoticia_20150523130209_800.jpg","og:image:secure_url":"https:\/\/eldigitaldeasturias.com\/magazine365\/wp-content\/uploads\/2015\/05\/fotonoticia_20150523130209_800.jpg","og:image:width":800,"og:image:height":600,"article:published_time":"2015-05-23T15:01:20+00:00","article:modified_time":"2015-05-23T15:01:20+00:00","twitter:card":"summary_large_image","twitter:title":"Oviedo recrea el 25 de mayo con una \u2018Procesi\u00f3n C\u00edvica\u2019 | El Digital de Asturias","twitter:description":"Oviedo ha conmemorado este s\u00e1bado el levantamiento y declaraci\u00f3n de independencia de la Junta General de Asturias contra la ocupaci\u00f3n francesa que tuvo lugar el 25 de mayo de 1808. Una procesi\u00f3n c\u00edvica ha recorrido las calles del centro de la ciudad. Como en a\u00f1os anteriores, se ha formado una &quot;Guardia de Honor&quot; compuesta por","twitter:image":"https:\/\/eldigitaldeasturias.com\/magazine365\/wp-content\/uploads\/2015\/05\/fotonoticia_20150523130209_800.jpg"},"aioseo_meta_data":{"post_id":"38374","title":null,"description":null,"keywords":null,"keyphrases":null,"primary_term":null,"canonical_url":null,"og_title":null,"og_description":null,"og_object_type":"default","og_image_type":"default","og_image_url":null,"og_image_width":null,"og_image_height":null,"og_image_custom_url":null,"og_image_custom_fields":null,"og_video":null,"og_custom_url":null,"og_article_section":null,"og_article_tags":null,"twitter_use_og":false,"twitter_card":"default","twitter_image_type":"default","twitter_image_url":null,"twitter_image_custom_url":null,"twitter_image_custom_fields":null,"twitter_title":null,"twitter_description":null,"schema":{"blockGraphs":[],"customGraphs":[],"default":{"data":{"Article":[],"Course":[],"Dataset":[],"FAQPage":[],"Movie":[],"Person":[],"Product":[],"ProductReview":[],"Car":[],"Recipe":[],"Service":[],"SoftwareApplication":[],"WebPage":[]},"graphName":"","isEnabled":true},"graphs":[],"defaultGraph":"","defaultPostTypeGraph":""},"schema_type":null,"schema_type_options":null,"pillar_content":false,"robots_default":true,"robots_noindex":false,"robots_noarchive":false,"robots_nosnippet":false,"robots_nofollow":false,"robots_noimageindex":false,"robots_noodp":false,"robots_notranslate":false,"robots_max_snippet":null,"robots_max_videopreview":null,"robots_max_imagepreview":"large","priority":null,"frequency":null,"location":null,"local_seo":null,"seo_analyzer_scan_date":"2025-09-19 09:25:22","breadcrumb_settings":null,"limit_modified_date":false,"open_ai":null,"ai":null,"created":"2021-03-09 02:54:42","updated":"2025-09-19 09:25:22"},"aioseo_breadcrumb":"<div class=\"aioseo-breadcrumbs\"><span class=\"aioseo-breadcrumb\">\n\t<a href=\"https:\/\/eldigitaldeasturias.com\/magazine365\" title=\"Home\">Home<\/a>\n<\/span><span class=\"aioseo-breadcrumb-separator\">\u2013<\/span><span class=\"aioseo-breadcrumb\">\n\t<a href=\"https:\/\/eldigitaldeasturias.com\/magazine365\/category\/noticias-actualidad\/\" title=\"Noticias y Actualidad\">Noticias y Actualidad<\/a>\n<\/span><span class=\"aioseo-breadcrumb-separator\">\u2013<\/span><span class=\"aioseo-breadcrumb\">\n\t<a href=\"https:\/\/eldigitaldeasturias.com\/magazine365\/oviedo-recrea-el-25-de-mayo-con-una-procesion-civica\/\" title=\"Oviedo recrea el 25 de mayo con una \u2018Procesi\u00f3n C\u00edvica\u2019\">Oviedo recrea el 25 de mayo con una \u2018Procesi\u00f3n C\u00edvica\u2019<\/a>\n<\/span><\/div>","aioseo_breadcrumb_json":[{"label":"Home","link":"https:\/\/eldigitaldeasturias.com\/magazine365"},{"label":"Noticias y Actualidad","link":"https:\/\/eldigitaldeasturias.com\/magazine365\/category\/noticias-actualidad\/"},{"label":"Oviedo recrea el 25 de mayo con una &#8216;Procesi\u00f3n C\u00edvica&#8217;","link":"https:\/\/eldigitaldeasturias.com\/magazine365\/oviedo-recrea-el-25-de-mayo-con-una-procesion-civica\/"}],"_links":{"self":[{"href":"https:\/\/eldigitaldeasturias.com\/magazine365\/wp-json\/wp\/v2\/posts\/38374","targetHints":{"allow":["GET"]}}],"collection":[{"href":"https:\/\/eldigitaldeasturias.com\/magazine365\/wp-json\/wp\/v2\/posts"}],"about":[{"href":"https:\/\/eldigitaldeasturias.com\/magazine365\/wp-json\/wp\/v2\/types\/post"}],"author":[{"embeddable":true,"href":"https:\/\/eldigitaldeasturias.com\/magazine365\/wp-json\/wp\/v2\/users\/1"}],"replies":[{"embeddable":true,"href":"https:\/\/eldigitaldeasturias.com\/magazine365\/wp-json\/wp\/v2\/comments?post=38374"}],"version-history":[{"count":0,"href":"https:\/\/eldigitaldeasturias.com\/magazine365\/wp-json\/wp\/v2\/posts\/38374\/revisions"}],"wp:featuredmedia":[{"embeddable":true,"href":"https:\/\/eldigitaldeasturias.com\/magazine365\/wp-json\/wp\/v2\/media\/38375"}],"wp:attachment":[{"href":"https:\/\/eldigitaldeasturias.com\/magazine365\/wp-json\/wp\/v2\/media?parent=38374"}],"wp:term":[{"taxonomy":"category","embeddable":true,"href":"https:\/\/eldigitaldeasturias.com\/magazine365\/wp-json\/wp\/v2\/categories?post=38374"},{"taxonomy":"post_tag","embeddable":true,"href":"https:\/\/eldigitaldeasturias.com\/magazine365\/wp-json\/wp\/v2\/tags?post=38374"}],"curies":[{"name":"wp","href":"https:\/\/api.w.org\/{rel}","templated":true}]}}