{"id":38359,"date":"2015-05-16T15:13:36","date_gmt":"2015-05-16T13:43:36","guid":{"rendered":"http:\/\/eldigitaldeasturias.com\/magazine365\/?p=38359"},"modified":"2015-05-16T15:13:36","modified_gmt":"2015-05-16T13:43:36","slug":"cuentame-como-paso-finaliza-el-jueves-su-16a-temporada","status":"publish","type":"post","link":"https:\/\/eldigitaldeasturias.com\/magazine365\/cuentame-como-paso-finaliza-el-jueves-su-16a-temporada\/","title":{"rendered":"\u00abCu\u00e9ntame c\u00f3mo pas\u00f3\u00bb finaliza el jueves su 16\u00aa temporada"},"content":{"rendered":"<p><img fetchpriority=\"high\" decoding=\"async\" class=\"alignleft size-medium wp-image-38360\" src=\"https:\/\/eldigitaldeasturias.com\/magazine365\/wp-content\/uploads\/2015\/05\/cuentame-tve-360x240.jpg\" alt=\"cuentame tve\" width=\"360\" height=\"240\" srcset=\"https:\/\/eldigitaldeasturias.com\/magazine365\/wp-content\/uploads\/2015\/05\/cuentame-tve-360x240.jpg 360w, https:\/\/eldigitaldeasturias.com\/magazine365\/wp-content\/uploads\/2015\/05\/cuentame-tve-650x433.jpg 650w, https:\/\/eldigitaldeasturias.com\/magazine365\/wp-content\/uploads\/2015\/05\/cuentame-tve-150x100.jpg 150w, https:\/\/eldigitaldeasturias.com\/magazine365\/wp-content\/uploads\/2015\/05\/cuentame-tve-450x300.jpg 450w, https:\/\/eldigitaldeasturias.com\/magazine365\/wp-content\/uploads\/2015\/05\/cuentame-tve-696x464.jpg 696w, https:\/\/eldigitaldeasturias.com\/magazine365\/wp-content\/uploads\/2015\/05\/cuentame-tve-630x420.jpg 630w, https:\/\/eldigitaldeasturias.com\/magazine365\/wp-content\/uploads\/2015\/05\/cuentame-tve-84x55.jpg 84w, https:\/\/eldigitaldeasturias.com\/magazine365\/wp-content\/uploads\/2015\/05\/cuentame-tve.jpg 720w\" sizes=\"(max-width: 360px) 100vw, 360px\" \/>&#8216;Cu\u00e9ntame c\u00f3mo pas\u00f3&#8217; cierra su 16\u00aa temporada el pr\u00f3ximo jueves 21 de mayo con un cap\u00edtulo que recordar\u00e1 el incendio de la discoteca Alcal\u00e1 20. Gracias a los documentos audiovisuales del Archivo de RTVE y a una considerable labor de investigaci\u00f3n, se ha logrado reconstruir c\u00f3mo se desarroll\u00f3 el suceso en el que murieron 82 personas. En la entrega que pondr\u00e1 punto final a la temporada, la familia Alc\u00e1ntara se reunir\u00e1 en el local de moda de la noche madrile\u00f1a tras la presentaci\u00f3n de un libro de relatos en el que Carlos ha colaborado. El gui\u00f3n del cap\u00edtulo lleva la firma de Curro Royo y est\u00e1 dirigido por \u00d3scar Aibar.<\/p>\n<p>&#8216;La noche no es para m\u00ed&#8217;<\/p>\n<p>Diciembre de 1983. Es la presentaci\u00f3n del libro de relatos, donde Carlos ha colaborado con otras j\u00f3venes promesas de la escritura. Precisamente es en el acto donde David anuncia a los periodistas que tiene una nueva novela, y para sorpresa de Carlos es la suya. Despu\u00e9s de la presentaci\u00f3n del libro, todos van a tomar una copa a la discoteca Alcal\u00e1 20, un lugar de moda de la noche madrile\u00f1a.<\/p>\n<p>A la presentaci\u00f3n acuden sus padres y su hermana In\u00e9s, que va con Jos\u00e9 Ignacio, su novio, al que presenta oficialmente a la familia. Toni iba a ir a la cita pero al final no llega a tiempo porque recibe la llamada inesperada de Bret\u00f3n. Nuka acude por sorpresa al acto y, aunque intenta explicarle a Carlos por qu\u00e9 la vio drogada en el cap\u00edtulo anterior, \u00e9l no la entiende porque tiene otra manera de ver las cosas.<\/p>\n<p>El incendio de Alcal\u00e1 20<\/p>\n<p>Ocurrido en la madrugada del 17 de diciembre de 1983, cuando los espa\u00f1oles se preparaban ya para celebrar la Navidad, el incendio de Alcal\u00e1 20 fue el \u00faltimo eslab\u00f3n de una cadena de grandes accidentes sucedidos en Madrid en escasos 20 d\u00edas. La sala Alcal\u00e1 20, que hab\u00eda sido remodelada tres meses antes de la tragedia, era uno de los locales de moda de la noche madrile\u00f1a.<\/p>\n<p>Gracias a los documentos audiovisuales del Archivo de RTVE, y a una considerable labor de investigaci\u00f3n, se ha logrado reconstruir c\u00f3mo se desarrollaron los acontecimientos. \u201cHe consultado prensa, informes periciales, programas de TVE, como &#8216;Informe Semanal&#8217; y Telediarios y, por supuesto, testimonios de supervivientes\u201d, explica Curro Royo, guionista del cap\u00edtulo. \u201cPor suerte ten\u00edamos muy cerca a personas que vivieron aquella terrible noche de primer\u00edsima mano, y muchas secuencias del gui\u00f3n reflejan fielmente sus experiencias\u201d.<\/p>\n<p>Extraordinario despliegue<\/p>\n<p>Para retratar visualmente aquella larga noche, ha sido necesario un trabajo de gran envergadura, con un extraordinario despliegue de todos los departamentos implicados en la producci\u00f3n de la serie: Decoraci\u00f3n, Documentaci\u00f3n, Construcci\u00f3n, Atrezzo, Maquillaje, Peluquer\u00eda, Vestuario\u2026<\/p>\n<p>Ante la imposibilidad de rodar en la calle Alcal\u00e1 las complejas escenas que se ver\u00e1n en el cap\u00edtulo de esta semana, se construyeron para la ocasi\u00f3n decorados que reproducen fielmente el interior y exterior de la desaparecida discoteca. El resultado son m\u00e1s de 250 metros cuadrados que recrean diferentes zonas de la sala, como el vest\u00edbulo o los ba\u00f1os. En cuanto al exterior, se han construido unos 50 metros de acera, con marquesinas de parada de autob\u00fas y otros elementos de mobiliario urbano de la \u00e9poca. Tambi\u00e9n se ha reproducido minuciosamente la fachada, el toldo que cubr\u00eda la puerta de entrada y los carteles que anunciaban &#8216;Por la calle de Alcal\u00e1&#8217;, revista musical de gran \u00e9xito de la \u00e9poca. La utilizaci\u00f3n de t\u00e9cnicas de composici\u00f3n en 3D ha contribuido a dotar de mayor realismo a las secuencias de los exteriores.<\/p>\n<p>Adem\u00e1s, se han utilizado otras dos localizaciones para las secuencias del interior de Alcal\u00e1 20: la pista de baile y la barra se grabaron en una discoteca de Parla, y las escenas que se desarrollan en las escaleras y el guardarropa, en otra sala de fiestas del centro de Madrid.<\/p>\n<p>El dise\u00f1o de varios de los momentos m\u00e1s impactantes del cap\u00edtulo ha sido responsabilidad de Ra\u00fal Romanillos, ganador del Goya 2015 a los Mejores Efectos Especiales. En el rodaje, realizado de noche, han intervenido 270 figurantes que, en las escenas de acci\u00f3n, actuaron bajo las directrices de especialistas. Los bomberos que aparecen en la grabaci\u00f3n fueron dirigidos por un responsable en activo en los a\u00f1os ochenta, que recurri\u00f3 a la hoja de servicio de aquella noche para reconstruir algunas de las acciones.<\/p>\n<p>\u201cEl principal reto es conseguir que el espectador viaje con los protagonistas a aquel diciembre del 83 y que sienta junto a ellos la sensaci\u00f3n real de vivir aquel incre\u00edble hecho hist\u00f3rico que tanto marc\u00f3 a los madrile\u00f1os. Para m\u00ed, como director, lo m\u00e1s importante ha sido intentar recrear las emociones, l\u00f3gicamente cargadas de un hondo dramatismo y de una tensi\u00f3n constantes, manteniendo un profundo respeto por las v\u00edctimas y los familiares de los que tuvieron la desgracia de vivir aquellos momentos, e intentando en todo momento no ofenderles ni a ellos ni a ning\u00fan espectador\u201d, ha contado el director \u00d3scar Aibar.<\/p>\n<p>Para Curro Royo, se trata de \u201cun cierre perfecto de temporada\u201d: \u201cHa supuesto a todos los niveles un tremendo esfuerzo, pero una serie como la nuestra puede y debe hacer cap\u00edtulos como estos, en los que la familia Alc\u00e1ntara est\u00e1 en el epicentro de los acontecimientos que marcaron nuestra historia. Sigue siendo un privilegio escribir una serie tan querida por el p\u00fablico, y estar acerc\u00e1ndonos a los trescientos cap\u00edtulos sin perder la voluntad de seguir subiendo el list\u00f3n y seguir desafi\u00e1ndonos a nosotros mismos\u201d.<\/p>\n<p>Una temporada en datos<\/p>\n<p>Cerca de 250 actores han participado en las grabaciones, entre ellos adem\u00e1s del reparto habitual encabezado por Imanol Arias y Ana Duato, actores de la talla de Julieta Serrano, Jos\u00e9 Luis Pellicena, Manuel Manqui\u00f1a, Guillermo Montesinos, Jordi Rebell\u00f3n, Jos\u00e9 Pedro Carri\u00f3n, Pep Munne, Carles Canut, Carlos Bardem, y Pep Ferrer. Entre los m\u00e1s j\u00f3venes destacan Claudia Traisac, Carla Nieto, Ondina Maldonado, Javier B\u00f3dalo y Alicia Sanz. M\u00e1s de 2500 figurantes han participado en distintas jornadas y secuencias de sus diecinueve cap\u00edtulos.<\/p>\n<p>En cuanto a exteriores, la serie se ha desplazado a Murcia y Barcelona, adem\u00e1s de grabar en m\u00e1s de una treintena de decorados naturales de localidades cercanas a los plat\u00f3s de Pinto, como Madrid, Bargas, Parla, y Arahuetes. Un cine de verano en la plaza del pueblo, palcos de teatro, la discoteca El Sol o una exposici\u00f3n de arte de la Movida madrile\u00f1a son algunos de los decorados que han sido intervenidos para grabar en ellos secuencias.<\/p>\n<p>Los decorados construidos han sido m\u00e1s de 30, entre otros, la ampliaci\u00f3n de la avenida de Roberto Cairo, con parque y comercios adem\u00e1s de la peluquer\u00eda de Nieves, pero tambi\u00e9n, el interior de una unidad m\u00f3vil de TVE o un piso de artistas de la movida madrile\u00f1a<\/p>\n<p>&#8216;Cu\u00e9ntame\u2026&#8217;, en RTVE.es<\/p>\n<p>www.rtve.es\/cuentame dispone de contenido adicional y exclusivo con entrevistas a actores, guionistas y directores y reportajes que descubrir\u00e1n los secretos de la ficci\u00f3n, el cambio de los protagonistas y los hitos en sus vidas. Los internautas podr\u00e1n seguir cada cap\u00edtulo en directo, comentarlo en redes, capturar y compartir los mejores momentos con +TVE y acceder a m\u00e1s informaci\u00f3n en sus televisiones conectadas gracias al Bot\u00f3n Rojo. Todos los cap\u00edtulos estar\u00e1n disponibles en A la Carta.<\/p>\n<p>Y en &#8216;Och\u00e9ntame otra vez&#8217;, &#8216;Imposible de olvidar&#8217;<\/p>\n<p>Inundaciones, accidentes a\u00e9reos, incendios, explosiones de gas, naufragios\u2026 desastres naturales y cat\u00e1strofes cruzaron la d\u00e9cada de los 80 para convertirse en im\u00e1genes recuerdos \u201cimposibles de olvidar\u201d.<\/p>\n<p>El incendio de la discoteca Alcal\u00e1 20 en Madrid conmocion\u00f3 Madrid en el a\u00f1o 1983. M\u00e1s de 600 j\u00f3venes quedaron atrapados en el interior de la discoteca; la rotura de la presa de Tous en 1982, donde murieron 40 personas y unas 300.000 se quedaron sin casa, fue otro de los desastres naturales m\u00e1s impactantes de la d\u00e9cada; Ortuella es el nombre de un pueblo de Vizcaya que qued\u00f3 inscrito para siempre en el recuerdo tras una explosi\u00f3n de gas en una escuela que, en 1980, provoc\u00f3 la muerte de 51 personas, la mayor\u00eda ni\u00f1os.<\/p>\n<p>Los accidentes a\u00e9reos del monte Oiz de Bilbao y de Mejorada del Campo, las inundaciones de Bilbao del a\u00f1o de 1983 o el naufragio del buque de pesca Islamar III de Isla Cristina, con 28 tripulantes a bordo, son otros de los casos que recuerda este cap\u00edtulo de &#8216;Och\u00e9ntame\u2026&#8217; dedicado a las desgracias que sacudieron la d\u00e9cada.<\/p>\n","protected":false},"excerpt":{"rendered":"<p>&#8216;Cu\u00e9ntame c\u00f3mo pas\u00f3&#8217; cierra su 16\u00aa temporada el pr\u00f3ximo jueves 21 de mayo con un cap\u00edtulo que recordar\u00e1 el incendio de la discoteca Alcal\u00e1 20. Gracias a los documentos audiovisuales del Archivo de RTVE y a una considerable labor de investigaci\u00f3n, se ha logrado reconstruir c\u00f3mo se desarroll\u00f3 el suceso en el que murieron 82<\/p>\n","protected":false},"author":1,"featured_media":38360,"comment_status":"open","ping_status":"closed","sticky":false,"template":"","format":"standard","meta":{"footnotes":""},"categories":[224],"tags":[],"class_list":{"0":"post-38359","1":"post","2":"type-post","3":"status-publish","4":"format-standard","5":"has-post-thumbnail","7":"category-noticias-actualidad"},"aioseo_notices":[],"aioseo_head":"\n\t\t<!-- All in One SEO Pro 4.9.6.1 - aioseo.com -->\n\t<meta name=\"description\" content=\"&#039;Cu\u00e9ntame c\u00f3mo pas\u00f3&#039; cierra su 16\u00aa temporada el pr\u00f3ximo jueves 21 de mayo con un cap\u00edtulo que recordar\u00e1 el incendio de la discoteca Alcal\u00e1 20. Gracias a los documentos audiovisuales del Archivo de RTVE y a una considerable labor de investigaci\u00f3n, se ha logrado reconstruir c\u00f3mo se desarroll\u00f3 el suceso en el que murieron 82\" \/>\n\t<meta name=\"robots\" content=\"max-image-preview:large\" \/>\n\t<meta name=\"author\" content=\"admin\"\/>\n\t<meta name=\"google-site-verification\" content=\"UA-38556648-1\" \/>\n\t<meta name=\"keywords\" content=\"noticias y actualidad\" \/>\n\t<link rel=\"canonical\" href=\"https:\/\/eldigitaldeasturias.com\/magazine365\/cuentame-como-paso-finaliza-el-jueves-su-16a-temporada\/\" \/>\n\t<meta name=\"generator\" content=\"All in One SEO Pro (AIOSEO) 4.9.6.1\" \/>\n\t\t<meta property=\"og:locale\" content=\"es_ES\" \/>\n\t\t<meta property=\"og:site_name\" content=\"El Digital de Asturias \u2013 Revista de ocio, turismo y estilo de vida\" \/>\n\t\t<meta property=\"og:type\" content=\"article\" \/>\n\t\t<meta property=\"og:title\" content=\"\u00abCu\u00e9ntame c\u00f3mo pas\u00f3\u00bb finaliza el jueves su 16\u00aa temporada | El Digital de Asturias\" \/>\n\t\t<meta property=\"og:description\" content=\"&#039;Cu\u00e9ntame c\u00f3mo pas\u00f3&#039; cierra su 16\u00aa temporada el pr\u00f3ximo jueves 21 de mayo con un cap\u00edtulo que recordar\u00e1 el incendio de la discoteca Alcal\u00e1 20. Gracias a los documentos audiovisuales del Archivo de RTVE y a una considerable labor de investigaci\u00f3n, se ha logrado reconstruir c\u00f3mo se desarroll\u00f3 el suceso en el que murieron 82\" \/>\n\t\t<meta property=\"og:url\" content=\"https:\/\/eldigitaldeasturias.com\/magazine365\/cuentame-como-paso-finaliza-el-jueves-su-16a-temporada\/\" \/>\n\t\t<meta property=\"og:image\" content=\"https:\/\/eldigitaldeasturias.com\/magazine365\/wp-content\/uploads\/2015\/05\/cuentame-tve.jpg\" \/>\n\t\t<meta property=\"og:image:secure_url\" content=\"https:\/\/eldigitaldeasturias.com\/magazine365\/wp-content\/uploads\/2015\/05\/cuentame-tve.jpg\" \/>\n\t\t<meta property=\"og:image:width\" content=\"720\" \/>\n\t\t<meta property=\"og:image:height\" content=\"480\" \/>\n\t\t<meta property=\"article:published_time\" content=\"2015-05-16T13:43:36+00:00\" \/>\n\t\t<meta property=\"article:modified_time\" content=\"2015-05-16T13:43:36+00:00\" \/>\n\t\t<meta name=\"twitter:card\" content=\"summary_large_image\" \/>\n\t\t<meta name=\"twitter:title\" content=\"\u00abCu\u00e9ntame c\u00f3mo pas\u00f3\u00bb finaliza el jueves su 16\u00aa temporada | El Digital de Asturias\" \/>\n\t\t<meta name=\"twitter:description\" content=\"&#039;Cu\u00e9ntame c\u00f3mo pas\u00f3&#039; cierra su 16\u00aa temporada el pr\u00f3ximo jueves 21 de mayo con un cap\u00edtulo que recordar\u00e1 el incendio de la discoteca Alcal\u00e1 20. Gracias a los documentos audiovisuales del Archivo de RTVE y a una considerable labor de investigaci\u00f3n, se ha logrado reconstruir c\u00f3mo se desarroll\u00f3 el suceso en el que murieron 82\" \/>\n\t\t<meta name=\"twitter:image\" content=\"https:\/\/eldigitaldeasturias.com\/magazine365\/wp-content\/uploads\/2015\/05\/cuentame-tve.jpg\" \/>\n\t\t<script type=\"application\/ld+json\" class=\"aioseo-schema\">\n\t\t\t{\"@context\":\"https:\\\/\\\/schema.org\",\"@graph\":[{\"@type\":\"Article\",\"@id\":\"https:\\\/\\\/eldigitaldeasturias.com\\\/magazine365\\\/cuentame-como-paso-finaliza-el-jueves-su-16a-temporada\\\/#article\",\"name\":\"\\u00abCu\\u00e9ntame c\\u00f3mo pas\\u00f3\\u00bb finaliza el jueves su 16\\u00aa temporada | El Digital de Asturias\",\"headline\":\"\\u00abCu\\u00e9ntame c\\u00f3mo pas\\u00f3\\u00bb finaliza el jueves su 16\\u00aa temporada\",\"author\":{\"@id\":\"https:\\\/\\\/eldigitaldeasturias.com\\\/magazine365\\\/author\\\/admin\\\/#author\"},\"publisher\":{\"@id\":\"https:\\\/\\\/eldigitaldeasturias.com\\\/magazine365\\\/#organization\"},\"image\":{\"@type\":\"ImageObject\",\"url\":\"https:\\\/\\\/eldigitaldeasturias.com\\\/magazine365\\\/wp-content\\\/uploads\\\/2015\\\/05\\\/cuentame-tve.jpg\",\"width\":720,\"height\":480},\"datePublished\":\"2015-05-16T15:13:36+02:00\",\"dateModified\":\"2015-05-16T15:13:36+02:00\",\"inLanguage\":\"es-ES\",\"mainEntityOfPage\":{\"@id\":\"https:\\\/\\\/eldigitaldeasturias.com\\\/magazine365\\\/cuentame-como-paso-finaliza-el-jueves-su-16a-temporada\\\/#webpage\"},\"isPartOf\":{\"@id\":\"https:\\\/\\\/eldigitaldeasturias.com\\\/magazine365\\\/cuentame-como-paso-finaliza-el-jueves-su-16a-temporada\\\/#webpage\"},\"articleSection\":\"Noticias y Actualidad\"},{\"@type\":\"BreadcrumbList\",\"@id\":\"https:\\\/\\\/eldigitaldeasturias.com\\\/magazine365\\\/cuentame-como-paso-finaliza-el-jueves-su-16a-temporada\\\/#breadcrumblist\",\"itemListElement\":[{\"@type\":\"ListItem\",\"@id\":\"https:\\\/\\\/eldigitaldeasturias.com\\\/magazine365#listItem\",\"position\":1,\"name\":\"Home\",\"item\":\"https:\\\/\\\/eldigitaldeasturias.com\\\/magazine365\",\"nextItem\":{\"@type\":\"ListItem\",\"@id\":\"https:\\\/\\\/eldigitaldeasturias.com\\\/magazine365\\\/category\\\/noticias-actualidad\\\/#listItem\",\"name\":\"Noticias y Actualidad\"}},{\"@type\":\"ListItem\",\"@id\":\"https:\\\/\\\/eldigitaldeasturias.com\\\/magazine365\\\/category\\\/noticias-actualidad\\\/#listItem\",\"position\":2,\"name\":\"Noticias y Actualidad\",\"item\":\"https:\\\/\\\/eldigitaldeasturias.com\\\/magazine365\\\/category\\\/noticias-actualidad\\\/\",\"nextItem\":{\"@type\":\"ListItem\",\"@id\":\"https:\\\/\\\/eldigitaldeasturias.com\\\/magazine365\\\/cuentame-como-paso-finaliza-el-jueves-su-16a-temporada\\\/#listItem\",\"name\":\"\\u00abCu\\u00e9ntame c\\u00f3mo pas\\u00f3\\u00bb finaliza el jueves su 16\\u00aa temporada\"},\"previousItem\":{\"@type\":\"ListItem\",\"@id\":\"https:\\\/\\\/eldigitaldeasturias.com\\\/magazine365#listItem\",\"name\":\"Home\"}},{\"@type\":\"ListItem\",\"@id\":\"https:\\\/\\\/eldigitaldeasturias.com\\\/magazine365\\\/cuentame-como-paso-finaliza-el-jueves-su-16a-temporada\\\/#listItem\",\"position\":3,\"name\":\"\\u00abCu\\u00e9ntame c\\u00f3mo pas\\u00f3\\u00bb finaliza el jueves su 16\\u00aa temporada\",\"previousItem\":{\"@type\":\"ListItem\",\"@id\":\"https:\\\/\\\/eldigitaldeasturias.com\\\/magazine365\\\/category\\\/noticias-actualidad\\\/#listItem\",\"name\":\"Noticias y Actualidad\"}}]},{\"@type\":\"Organization\",\"@id\":\"https:\\\/\\\/eldigitaldeasturias.com\\\/magazine365\\\/#organization\",\"name\":\"El digital de Asturias\",\"description\":\"Revista de ocio, turismo y estilo de vida\",\"url\":\"https:\\\/\\\/eldigitaldeasturias.com\\\/magazine365\\\/\",\"logo\":{\"@type\":\"ImageObject\",\"url\":\"https:\\\/\\\/www.eldigitaldeasturias.com\\\/noticias\\\/wp-content\\\/uploads\\\/2020\\\/12\\\/EDA.jpg\",\"@id\":\"https:\\\/\\\/eldigitaldeasturias.com\\\/magazine365\\\/cuentame-como-paso-finaliza-el-jueves-su-16a-temporada\\\/#organizationLogo\"},\"image\":{\"@id\":\"https:\\\/\\\/eldigitaldeasturias.com\\\/magazine365\\\/cuentame-como-paso-finaliza-el-jueves-su-16a-temporada\\\/#organizationLogo\"}},{\"@type\":\"Person\",\"@id\":\"https:\\\/\\\/eldigitaldeasturias.com\\\/magazine365\\\/author\\\/admin\\\/#author\",\"url\":\"https:\\\/\\\/eldigitaldeasturias.com\\\/magazine365\\\/author\\\/admin\\\/\",\"name\":\"admin\",\"image\":{\"@type\":\"ImageObject\",\"@id\":\"https:\\\/\\\/eldigitaldeasturias.com\\\/magazine365\\\/cuentame-como-paso-finaliza-el-jueves-su-16a-temporada\\\/#authorImage\",\"url\":\"https:\\\/\\\/eldigitaldeasturias.com\\\/magazine365\\\/wp-content\\\/litespeed\\\/avatar\\\/e571bcf59a0edd6fa6838245a470f2fe.jpg?ver=1776969259\",\"width\":96,\"height\":96,\"caption\":\"admin\"}},{\"@type\":\"WebPage\",\"@id\":\"https:\\\/\\\/eldigitaldeasturias.com\\\/magazine365\\\/cuentame-como-paso-finaliza-el-jueves-su-16a-temporada\\\/#webpage\",\"url\":\"https:\\\/\\\/eldigitaldeasturias.com\\\/magazine365\\\/cuentame-como-paso-finaliza-el-jueves-su-16a-temporada\\\/\",\"name\":\"\\u00abCu\\u00e9ntame c\\u00f3mo pas\\u00f3\\u00bb finaliza el jueves su 16\\u00aa temporada | El Digital de Asturias\",\"description\":\"'Cu\\u00e9ntame c\\u00f3mo pas\\u00f3' cierra su 16\\u00aa temporada el pr\\u00f3ximo jueves 21 de mayo con un cap\\u00edtulo que recordar\\u00e1 el incendio de la discoteca Alcal\\u00e1 20. Gracias a los documentos audiovisuales del Archivo de RTVE y a una considerable labor de investigaci\\u00f3n, se ha logrado reconstruir c\\u00f3mo se desarroll\\u00f3 el suceso en el que murieron 82\",\"inLanguage\":\"es-ES\",\"isPartOf\":{\"@id\":\"https:\\\/\\\/eldigitaldeasturias.com\\\/magazine365\\\/#website\"},\"breadcrumb\":{\"@id\":\"https:\\\/\\\/eldigitaldeasturias.com\\\/magazine365\\\/cuentame-como-paso-finaliza-el-jueves-su-16a-temporada\\\/#breadcrumblist\"},\"author\":{\"@id\":\"https:\\\/\\\/eldigitaldeasturias.com\\\/magazine365\\\/author\\\/admin\\\/#author\"},\"creator\":{\"@id\":\"https:\\\/\\\/eldigitaldeasturias.com\\\/magazine365\\\/author\\\/admin\\\/#author\"},\"image\":{\"@type\":\"ImageObject\",\"url\":\"https:\\\/\\\/eldigitaldeasturias.com\\\/magazine365\\\/wp-content\\\/uploads\\\/2015\\\/05\\\/cuentame-tve.jpg\",\"@id\":\"https:\\\/\\\/eldigitaldeasturias.com\\\/magazine365\\\/cuentame-como-paso-finaliza-el-jueves-su-16a-temporada\\\/#mainImage\",\"width\":720,\"height\":480},\"primaryImageOfPage\":{\"@id\":\"https:\\\/\\\/eldigitaldeasturias.com\\\/magazine365\\\/cuentame-como-paso-finaliza-el-jueves-su-16a-temporada\\\/#mainImage\"},\"datePublished\":\"2015-05-16T15:13:36+02:00\",\"dateModified\":\"2015-05-16T15:13:36+02:00\"},{\"@type\":\"WebSite\",\"@id\":\"https:\\\/\\\/eldigitaldeasturias.com\\\/magazine365\\\/#website\",\"url\":\"https:\\\/\\\/eldigitaldeasturias.com\\\/magazine365\\\/\",\"name\":\"El Digital de Asturias\",\"description\":\"Revista de ocio, turismo y estilo de vida\",\"inLanguage\":\"es-ES\",\"publisher\":{\"@id\":\"https:\\\/\\\/eldigitaldeasturias.com\\\/magazine365\\\/#organization\"}}]}\n\t\t<\/script>\n\t\t<!-- All in One SEO Pro -->\r\n\t\t<title>\u00abCu\u00e9ntame c\u00f3mo pas\u00f3\u00bb finaliza el jueves su 16\u00aa temporada | El Digital de Asturias<\/title>\n\n","aioseo_head_json":{"title":"\u00abCu\u00e9ntame c\u00f3mo pas\u00f3\u00bb finaliza el jueves su 16\u00aa temporada | El Digital de Asturias","description":"'Cu\u00e9ntame c\u00f3mo pas\u00f3' cierra su 16\u00aa temporada el pr\u00f3ximo jueves 21 de mayo con un cap\u00edtulo que recordar\u00e1 el incendio de la discoteca Alcal\u00e1 20. Gracias a los documentos audiovisuales del Archivo de RTVE y a una considerable labor de investigaci\u00f3n, se ha logrado reconstruir c\u00f3mo se desarroll\u00f3 el suceso en el que murieron 82","canonical_url":"https:\/\/eldigitaldeasturias.com\/magazine365\/cuentame-como-paso-finaliza-el-jueves-su-16a-temporada\/","robots":"max-image-preview:large","keywords":"noticias y actualidad","webmasterTools":{"google-site-verification":"UA-38556648-1","miscellaneous":""},"schema":{"@context":"https:\/\/schema.org","@graph":[{"@type":"Article","@id":"https:\/\/eldigitaldeasturias.com\/magazine365\/cuentame-como-paso-finaliza-el-jueves-su-16a-temporada\/#article","name":"\u00abCu\u00e9ntame c\u00f3mo pas\u00f3\u00bb finaliza el jueves su 16\u00aa temporada | El Digital de Asturias","headline":"\u00abCu\u00e9ntame c\u00f3mo pas\u00f3\u00bb finaliza el jueves su 16\u00aa temporada","author":{"@id":"https:\/\/eldigitaldeasturias.com\/magazine365\/author\/admin\/#author"},"publisher":{"@id":"https:\/\/eldigitaldeasturias.com\/magazine365\/#organization"},"image":{"@type":"ImageObject","url":"https:\/\/eldigitaldeasturias.com\/magazine365\/wp-content\/uploads\/2015\/05\/cuentame-tve.jpg","width":720,"height":480},"datePublished":"2015-05-16T15:13:36+02:00","dateModified":"2015-05-16T15:13:36+02:00","inLanguage":"es-ES","mainEntityOfPage":{"@id":"https:\/\/eldigitaldeasturias.com\/magazine365\/cuentame-como-paso-finaliza-el-jueves-su-16a-temporada\/#webpage"},"isPartOf":{"@id":"https:\/\/eldigitaldeasturias.com\/magazine365\/cuentame-como-paso-finaliza-el-jueves-su-16a-temporada\/#webpage"},"articleSection":"Noticias y Actualidad"},{"@type":"BreadcrumbList","@id":"https:\/\/eldigitaldeasturias.com\/magazine365\/cuentame-como-paso-finaliza-el-jueves-su-16a-temporada\/#breadcrumblist","itemListElement":[{"@type":"ListItem","@id":"https:\/\/eldigitaldeasturias.com\/magazine365#listItem","position":1,"name":"Home","item":"https:\/\/eldigitaldeasturias.com\/magazine365","nextItem":{"@type":"ListItem","@id":"https:\/\/eldigitaldeasturias.com\/magazine365\/category\/noticias-actualidad\/#listItem","name":"Noticias y Actualidad"}},{"@type":"ListItem","@id":"https:\/\/eldigitaldeasturias.com\/magazine365\/category\/noticias-actualidad\/#listItem","position":2,"name":"Noticias y Actualidad","item":"https:\/\/eldigitaldeasturias.com\/magazine365\/category\/noticias-actualidad\/","nextItem":{"@type":"ListItem","@id":"https:\/\/eldigitaldeasturias.com\/magazine365\/cuentame-como-paso-finaliza-el-jueves-su-16a-temporada\/#listItem","name":"\u00abCu\u00e9ntame c\u00f3mo pas\u00f3\u00bb finaliza el jueves su 16\u00aa temporada"},"previousItem":{"@type":"ListItem","@id":"https:\/\/eldigitaldeasturias.com\/magazine365#listItem","name":"Home"}},{"@type":"ListItem","@id":"https:\/\/eldigitaldeasturias.com\/magazine365\/cuentame-como-paso-finaliza-el-jueves-su-16a-temporada\/#listItem","position":3,"name":"\u00abCu\u00e9ntame c\u00f3mo pas\u00f3\u00bb finaliza el jueves su 16\u00aa temporada","previousItem":{"@type":"ListItem","@id":"https:\/\/eldigitaldeasturias.com\/magazine365\/category\/noticias-actualidad\/#listItem","name":"Noticias y Actualidad"}}]},{"@type":"Organization","@id":"https:\/\/eldigitaldeasturias.com\/magazine365\/#organization","name":"El digital de Asturias","description":"Revista de ocio, turismo y estilo de vida","url":"https:\/\/eldigitaldeasturias.com\/magazine365\/","logo":{"@type":"ImageObject","url":"https:\/\/www.eldigitaldeasturias.com\/noticias\/wp-content\/uploads\/2020\/12\/EDA.jpg","@id":"https:\/\/eldigitaldeasturias.com\/magazine365\/cuentame-como-paso-finaliza-el-jueves-su-16a-temporada\/#organizationLogo"},"image":{"@id":"https:\/\/eldigitaldeasturias.com\/magazine365\/cuentame-como-paso-finaliza-el-jueves-su-16a-temporada\/#organizationLogo"}},{"@type":"Person","@id":"https:\/\/eldigitaldeasturias.com\/magazine365\/author\/admin\/#author","url":"https:\/\/eldigitaldeasturias.com\/magazine365\/author\/admin\/","name":"admin","image":{"@type":"ImageObject","@id":"https:\/\/eldigitaldeasturias.com\/magazine365\/cuentame-como-paso-finaliza-el-jueves-su-16a-temporada\/#authorImage","url":"https:\/\/eldigitaldeasturias.com\/magazine365\/wp-content\/litespeed\/avatar\/e571bcf59a0edd6fa6838245a470f2fe.jpg?ver=1776969259","width":96,"height":96,"caption":"admin"}},{"@type":"WebPage","@id":"https:\/\/eldigitaldeasturias.com\/magazine365\/cuentame-como-paso-finaliza-el-jueves-su-16a-temporada\/#webpage","url":"https:\/\/eldigitaldeasturias.com\/magazine365\/cuentame-como-paso-finaliza-el-jueves-su-16a-temporada\/","name":"\u00abCu\u00e9ntame c\u00f3mo pas\u00f3\u00bb finaliza el jueves su 16\u00aa temporada | El Digital de Asturias","description":"'Cu\u00e9ntame c\u00f3mo pas\u00f3' cierra su 16\u00aa temporada el pr\u00f3ximo jueves 21 de mayo con un cap\u00edtulo que recordar\u00e1 el incendio de la discoteca Alcal\u00e1 20. Gracias a los documentos audiovisuales del Archivo de RTVE y a una considerable labor de investigaci\u00f3n, se ha logrado reconstruir c\u00f3mo se desarroll\u00f3 el suceso en el que murieron 82","inLanguage":"es-ES","isPartOf":{"@id":"https:\/\/eldigitaldeasturias.com\/magazine365\/#website"},"breadcrumb":{"@id":"https:\/\/eldigitaldeasturias.com\/magazine365\/cuentame-como-paso-finaliza-el-jueves-su-16a-temporada\/#breadcrumblist"},"author":{"@id":"https:\/\/eldigitaldeasturias.com\/magazine365\/author\/admin\/#author"},"creator":{"@id":"https:\/\/eldigitaldeasturias.com\/magazine365\/author\/admin\/#author"},"image":{"@type":"ImageObject","url":"https:\/\/eldigitaldeasturias.com\/magazine365\/wp-content\/uploads\/2015\/05\/cuentame-tve.jpg","@id":"https:\/\/eldigitaldeasturias.com\/magazine365\/cuentame-como-paso-finaliza-el-jueves-su-16a-temporada\/#mainImage","width":720,"height":480},"primaryImageOfPage":{"@id":"https:\/\/eldigitaldeasturias.com\/magazine365\/cuentame-como-paso-finaliza-el-jueves-su-16a-temporada\/#mainImage"},"datePublished":"2015-05-16T15:13:36+02:00","dateModified":"2015-05-16T15:13:36+02:00"},{"@type":"WebSite","@id":"https:\/\/eldigitaldeasturias.com\/magazine365\/#website","url":"https:\/\/eldigitaldeasturias.com\/magazine365\/","name":"El Digital de Asturias","description":"Revista de ocio, turismo y estilo de vida","inLanguage":"es-ES","publisher":{"@id":"https:\/\/eldigitaldeasturias.com\/magazine365\/#organization"}}]},"og:locale":"es_ES","og:site_name":"El Digital de Asturias \u2013 Revista de ocio, turismo y estilo de vida","og:type":"article","og:title":"\u00abCu\u00e9ntame c\u00f3mo pas\u00f3\u00bb finaliza el jueves su 16\u00aa temporada | El Digital de Asturias","og:description":"'Cu\u00e9ntame c\u00f3mo pas\u00f3' cierra su 16\u00aa temporada el pr\u00f3ximo jueves 21 de mayo con un cap\u00edtulo que recordar\u00e1 el incendio de la discoteca Alcal\u00e1 20. Gracias a los documentos audiovisuales del Archivo de RTVE y a una considerable labor de investigaci\u00f3n, se ha logrado reconstruir c\u00f3mo se desarroll\u00f3 el suceso en el que murieron 82","og:url":"https:\/\/eldigitaldeasturias.com\/magazine365\/cuentame-como-paso-finaliza-el-jueves-su-16a-temporada\/","og:image":"https:\/\/eldigitaldeasturias.com\/magazine365\/wp-content\/uploads\/2015\/05\/cuentame-tve.jpg","og:image:secure_url":"https:\/\/eldigitaldeasturias.com\/magazine365\/wp-content\/uploads\/2015\/05\/cuentame-tve.jpg","og:image:width":720,"og:image:height":480,"article:published_time":"2015-05-16T13:43:36+00:00","article:modified_time":"2015-05-16T13:43:36+00:00","twitter:card":"summary_large_image","twitter:title":"\u00abCu\u00e9ntame c\u00f3mo pas\u00f3\u00bb finaliza el jueves su 16\u00aa temporada | El Digital de Asturias","twitter:description":"'Cu\u00e9ntame c\u00f3mo pas\u00f3' cierra su 16\u00aa temporada el pr\u00f3ximo jueves 21 de mayo con un cap\u00edtulo que recordar\u00e1 el incendio de la discoteca Alcal\u00e1 20. Gracias a los documentos audiovisuales del Archivo de RTVE y a una considerable labor de investigaci\u00f3n, se ha logrado reconstruir c\u00f3mo se desarroll\u00f3 el suceso en el que murieron 82","twitter:image":"https:\/\/eldigitaldeasturias.com\/magazine365\/wp-content\/uploads\/2015\/05\/cuentame-tve.jpg"},"aioseo_meta_data":{"post_id":"38359","title":null,"description":null,"keywords":null,"keyphrases":null,"primary_term":null,"canonical_url":null,"og_title":null,"og_description":null,"og_object_type":"default","og_image_type":"default","og_image_url":null,"og_image_width":null,"og_image_height":null,"og_image_custom_url":null,"og_image_custom_fields":null,"og_video":null,"og_custom_url":null,"og_article_section":null,"og_article_tags":null,"twitter_use_og":false,"twitter_card":"default","twitter_image_type":"default","twitter_image_url":null,"twitter_image_custom_url":null,"twitter_image_custom_fields":null,"twitter_title":null,"twitter_description":null,"schema":{"blockGraphs":[],"customGraphs":[],"default":{"data":{"Article":[],"Course":[],"Dataset":[],"FAQPage":[],"Movie":[],"Person":[],"Product":[],"ProductReview":[],"Car":[],"Recipe":[],"Service":[],"SoftwareApplication":[],"WebPage":[]},"graphName":"","isEnabled":true},"graphs":[],"defaultGraph":"","defaultPostTypeGraph":""},"schema_type":null,"schema_type_options":null,"pillar_content":false,"robots_default":true,"robots_noindex":false,"robots_noarchive":false,"robots_nosnippet":false,"robots_nofollow":false,"robots_noimageindex":false,"robots_noodp":false,"robots_notranslate":false,"robots_max_snippet":null,"robots_max_videopreview":null,"robots_max_imagepreview":"large","priority":null,"frequency":null,"location":null,"local_seo":null,"seo_analyzer_scan_date":"2025-09-19 09:23:25","breadcrumb_settings":null,"limit_modified_date":false,"open_ai":null,"ai":null,"created":"2021-03-09 02:54:42","updated":"2025-09-19 09:23:25"},"aioseo_breadcrumb":"<div class=\"aioseo-breadcrumbs\"><span class=\"aioseo-breadcrumb\">\n\t<a href=\"https:\/\/eldigitaldeasturias.com\/magazine365\" title=\"Home\">Home<\/a>\n<\/span><span class=\"aioseo-breadcrumb-separator\">\u2013<\/span><span class=\"aioseo-breadcrumb\">\n\t<a href=\"https:\/\/eldigitaldeasturias.com\/magazine365\/category\/noticias-actualidad\/\" title=\"Noticias y Actualidad\">Noticias y Actualidad<\/a>\n<\/span><span class=\"aioseo-breadcrumb-separator\">\u2013<\/span><span class=\"aioseo-breadcrumb\">\n\t<a href=\"https:\/\/eldigitaldeasturias.com\/magazine365\/cuentame-como-paso-finaliza-el-jueves-su-16a-temporada\/\" title=\"\u00abCu\u00e9ntame c\u00f3mo pas\u00f3\u00bb finaliza el jueves su 16\u00aa temporada\">\u00abCu\u00e9ntame c\u00f3mo pas\u00f3\u00bb finaliza el jueves su 16\u00aa temporada<\/a>\n<\/span><\/div>","aioseo_breadcrumb_json":[{"label":"Home","link":"https:\/\/eldigitaldeasturias.com\/magazine365"},{"label":"Noticias y Actualidad","link":"https:\/\/eldigitaldeasturias.com\/magazine365\/category\/noticias-actualidad\/"},{"label":"\u00abCu\u00e9ntame c\u00f3mo pas\u00f3\u00bb finaliza el jueves su 16\u00aa temporada","link":"https:\/\/eldigitaldeasturias.com\/magazine365\/cuentame-como-paso-finaliza-el-jueves-su-16a-temporada\/"}],"_links":{"self":[{"href":"https:\/\/eldigitaldeasturias.com\/magazine365\/wp-json\/wp\/v2\/posts\/38359","targetHints":{"allow":["GET"]}}],"collection":[{"href":"https:\/\/eldigitaldeasturias.com\/magazine365\/wp-json\/wp\/v2\/posts"}],"about":[{"href":"https:\/\/eldigitaldeasturias.com\/magazine365\/wp-json\/wp\/v2\/types\/post"}],"author":[{"embeddable":true,"href":"https:\/\/eldigitaldeasturias.com\/magazine365\/wp-json\/wp\/v2\/users\/1"}],"replies":[{"embeddable":true,"href":"https:\/\/eldigitaldeasturias.com\/magazine365\/wp-json\/wp\/v2\/comments?post=38359"}],"version-history":[{"count":0,"href":"https:\/\/eldigitaldeasturias.com\/magazine365\/wp-json\/wp\/v2\/posts\/38359\/revisions"}],"wp:featuredmedia":[{"embeddable":true,"href":"https:\/\/eldigitaldeasturias.com\/magazine365\/wp-json\/wp\/v2\/media\/38360"}],"wp:attachment":[{"href":"https:\/\/eldigitaldeasturias.com\/magazine365\/wp-json\/wp\/v2\/media?parent=38359"}],"wp:term":[{"taxonomy":"category","embeddable":true,"href":"https:\/\/eldigitaldeasturias.com\/magazine365\/wp-json\/wp\/v2\/categories?post=38359"},{"taxonomy":"post_tag","embeddable":true,"href":"https:\/\/eldigitaldeasturias.com\/magazine365\/wp-json\/wp\/v2\/tags?post=38359"}],"curies":[{"name":"wp","href":"https:\/\/api.w.org\/{rel}","templated":true}]}}