{"id":38356,"date":"2015-05-16T15:11:48","date_gmt":"2015-05-16T13:41:48","guid":{"rendered":"http:\/\/eldigitaldeasturias.com\/magazine365\/?p=38356"},"modified":"2015-05-16T15:11:48","modified_gmt":"2015-05-16T13:41:48","slug":"television-espanola-ha-iniciado-en-avila-el-rodaje-de-la-tvmovie-historica-teresa","status":"publish","type":"post","link":"https:\/\/eldigitaldeasturias.com\/magazine365\/television-espanola-ha-iniciado-en-avila-el-rodaje-de-la-tvmovie-historica-teresa\/","title":{"rendered":"Televisi\u00f3n Espa\u00f1ola ha iniciado en \u00c1vila el rodaje de la tvmovie hist\u00f3rica \u00abTeresa\u00bb"},"content":{"rendered":"<p><img fetchpriority=\"high\" decoding=\"async\" class=\"alignleft size-medium wp-image-38357\" src=\"https:\/\/eldigitaldeasturias.com\/magazine365\/wp-content\/uploads\/2015\/05\/teresa-360x270.jpg\" alt=\"teresa\" width=\"360\" height=\"270\" srcset=\"https:\/\/eldigitaldeasturias.com\/magazine365\/wp-content\/uploads\/2015\/05\/teresa-360x270.jpg 360w, https:\/\/eldigitaldeasturias.com\/magazine365\/wp-content\/uploads\/2015\/05\/teresa-650x488.jpg 650w, https:\/\/eldigitaldeasturias.com\/magazine365\/wp-content\/uploads\/2015\/05\/teresa-150x113.jpg 150w, https:\/\/eldigitaldeasturias.com\/magazine365\/wp-content\/uploads\/2015\/05\/teresa-450x338.jpg 450w, https:\/\/eldigitaldeasturias.com\/magazine365\/wp-content\/uploads\/2015\/05\/teresa-80x60.jpg 80w, https:\/\/eldigitaldeasturias.com\/magazine365\/wp-content\/uploads\/2015\/05\/teresa-265x198.jpg 265w, https:\/\/eldigitaldeasturias.com\/magazine365\/wp-content\/uploads\/2015\/05\/teresa-560x420.jpg 560w, https:\/\/eldigitaldeasturias.com\/magazine365\/wp-content\/uploads\/2015\/05\/teresa-90x67.jpg 90w, https:\/\/eldigitaldeasturias.com\/magazine365\/wp-content\/uploads\/2015\/05\/teresa-100x75.jpg 100w, https:\/\/eldigitaldeasturias.com\/magazine365\/wp-content\/uploads\/2015\/05\/teresa.jpg 680w\" sizes=\"(max-width: 360px) 100vw, 360px\" \/>Televisi\u00f3n Espa\u00f1ola ha iniciado en \u00c1vila el rodaje de la tvmovie hist\u00f3rica \u2018Teresa&#8217; al cumplirse 500 a\u00f1os de su nacimiento. Una nueva visi\u00f3n de la figura de Santa Teresa a trav\u00e9s de la mirada de una joven de nuestros d\u00edas que lee una de las principales obras escritas por la santa, \u2018El Libro de la vida&#8217;. Dirigida por Jorge Dorado y con gui\u00f3n de Juanma Romero, \u2018Teresa&#8217; estar\u00e1 protagonizada por Marian \u00c1lvarez, en el papel de la santa de \u00c1vila. Completan el reparto Antonio de la Torre, Aitana S\u00e1nchez Gij\u00f3n, David Luque, Carla D\u00edaz y Terele P\u00e1vez. Coproducida por TVE y La Cometa TV, \u2018Teresa&#8217; cuenta con el apoyo de la Comisi\u00f3n del Quinto Centenario.<\/p>\n<p>Marian \u00c1lvarez, galardonada en 2013 con la Concha de Plata a la mejor actriz en el Festival de San Sebasti\u00e1n y el Premio Goya a la mejor protagonista en \u2018La Herida&#8217;, dar\u00e1 vida a Santa Teresa.<br \/>\nLa actriz ha explicado que \u00abes un reto maravilloso. Es el personaje que a toda actriz le gustar\u00eda interpretar porque lo tiene todo. Fundamentalmente, una enorme fuerza y una gran energ\u00eda. En una \u00e9poca en la que las mujeres no pod\u00edan leer ni escribir, ella reform\u00f3 toda una Orden\u00bb.<\/p>\n<p>La joven actriz Carla D\u00edaz, que actualmente da vida a Elisa, la peque\u00f1a de las \u2018Seis Hermanas&#8217; de la serie de TVE, ser\u00e1 la Teresa de nuestros d\u00edas. Completan el reparto Antonio de la Torre como el Inquisidor general Fernando de Vald\u00e9s; Aitana S\u00e1nchez Gij\u00f3n como do\u00f1a Jimena; David Luque en el papel del inquisidor Rodrigo Salazar; y Terele P\u00e1vez como la priora del convento. Tambi\u00e9n participar\u00e1n Bel\u00e9n L\u00f3pez Valc\u00e1rcel, Savitri Ceballos, Yara Capa, Fernando Soto, Tom\u00e1s del Estal, Jos\u00e9 A. Lobato, Xenia Tostado, Claudia T\u00e9llez y Paco Obreg\u00f3n.<\/p>\n<p>&#8216;Teresa&#8217; es una nueva visi\u00f3n de su figura a trav\u00e9s de la mirada de una joven de nuestros d\u00edas que lee \u2018El Libro de la vida&#8217;. Una pel\u00edcula para televisi\u00f3n que nos acerca a la vida y la obra de Teresa de Cepeda y Ahumada, un personaje singular que, quinientos a\u00f1os despu\u00e9s de su nacimiento, sigue manteniendo el carisma y la importancia hist\u00f3rica como demuestran los numerosos y variados actos de conmemoraci\u00f3n del Quinto Centenario.<\/p>\n<p>Jorge Dorado explica que \u00abhay muchas teresas. La Teresa m\u00edstica, la Teresa escritora, la Teresa fundadora&#8230; Queremos que la pel\u00edcula recoja todas estas facetas de una mujer que, sin duda, marc\u00f3 una \u00e9poca. Hacerlo en un momento tan especial como el V Centenario es un aliciente. Se trata de un a\u00f1o en el que se vuelve la mirada sobre Santa Teresa, para ponerla en el lugar que merece en nuestra cultura\u00bb.<\/p>\n<p>La tvmovie \u00abquiere traer al presente una Teresa cotidiana, luchadora, reformista, buscadora, tanto en lo terrenal como espiritual. Queremos acercar un personaje decisivo de nuestra cultura y tradici\u00f3n literaria al espectador del siglo XXI\u00bb. \u2018Teresa&#8217; plantea \u00abqu\u00e9 tienen en com\u00fan una joven de 2015 con una mujer nacida en 1515\u00bb. \u00abLos conflictos de la Teresa de nuestros d\u00edas quiz\u00e1 no sean tan diferentes de los de su tocaya de hace cinco siglos\u00bb, concluye Dorado.<\/p>\n","protected":false},"excerpt":{"rendered":"<p>Televisi\u00f3n Espa\u00f1ola ha iniciado en \u00c1vila el rodaje de la tvmovie hist\u00f3rica \u2018Teresa&#8217; al cumplirse 500 a\u00f1os de su nacimiento. Una nueva visi\u00f3n de la figura de Santa Teresa a trav\u00e9s de la mirada de una joven de nuestros d\u00edas que lee una de las principales obras escritas por la santa, \u2018El Libro de la<\/p>\n","protected":false},"author":1,"featured_media":38357,"comment_status":"open","ping_status":"closed","sticky":false,"template":"","format":"standard","meta":{"footnotes":""},"categories":[224],"tags":[],"class_list":{"0":"post-38356","1":"post","2":"type-post","3":"status-publish","4":"format-standard","5":"has-post-thumbnail","7":"category-noticias-actualidad"},"aioseo_notices":[],"aioseo_head":"\n\t\t<!-- All in One SEO Pro 4.9.6.1 - aioseo.com -->\n\t<meta name=\"description\" content=\"Televisi\u00f3n Espa\u00f1ola ha iniciado en \u00c1vila el rodaje de la tvmovie hist\u00f3rica \u2018Teresa&#039; al cumplirse 500 a\u00f1os de su nacimiento. Una nueva visi\u00f3n de la figura de Santa Teresa a trav\u00e9s de la mirada de una joven de nuestros d\u00edas que lee una de las principales obras escritas por la santa, \u2018El Libro de la\" \/>\n\t<meta name=\"robots\" content=\"max-image-preview:large\" \/>\n\t<meta name=\"author\" content=\"admin\"\/>\n\t<meta name=\"google-site-verification\" content=\"UA-38556648-1\" \/>\n\t<meta name=\"keywords\" content=\"noticias y actualidad\" \/>\n\t<link rel=\"canonical\" href=\"https:\/\/eldigitaldeasturias.com\/magazine365\/television-espanola-ha-iniciado-en-avila-el-rodaje-de-la-tvmovie-historica-teresa\/\" \/>\n\t<meta name=\"generator\" content=\"All in One SEO Pro (AIOSEO) 4.9.6.1\" \/>\n\t\t<meta property=\"og:locale\" content=\"es_ES\" \/>\n\t\t<meta property=\"og:site_name\" content=\"El Digital de Asturias \u2013 Revista de ocio, turismo y estilo de vida\" \/>\n\t\t<meta property=\"og:type\" content=\"article\" \/>\n\t\t<meta property=\"og:title\" content=\"Televisi\u00f3n Espa\u00f1ola ha iniciado en \u00c1vila el rodaje de la tvmovie hist\u00f3rica \u00abTeresa\u00bb | El Digital de Asturias\" \/>\n\t\t<meta property=\"og:description\" content=\"Televisi\u00f3n Espa\u00f1ola ha iniciado en \u00c1vila el rodaje de la tvmovie hist\u00f3rica \u2018Teresa&#039; al cumplirse 500 a\u00f1os de su nacimiento. Una nueva visi\u00f3n de la figura de Santa Teresa a trav\u00e9s de la mirada de una joven de nuestros d\u00edas que lee una de las principales obras escritas por la santa, \u2018El Libro de la\" \/>\n\t\t<meta property=\"og:url\" content=\"https:\/\/eldigitaldeasturias.com\/magazine365\/television-espanola-ha-iniciado-en-avila-el-rodaje-de-la-tvmovie-historica-teresa\/\" \/>\n\t\t<meta property=\"og:image\" content=\"https:\/\/eldigitaldeasturias.com\/magazine365\/wp-content\/uploads\/2015\/05\/teresa.jpg\" \/>\n\t\t<meta property=\"og:image:secure_url\" content=\"https:\/\/eldigitaldeasturias.com\/magazine365\/wp-content\/uploads\/2015\/05\/teresa.jpg\" \/>\n\t\t<meta property=\"og:image:width\" content=\"680\" \/>\n\t\t<meta property=\"og:image:height\" content=\"510\" \/>\n\t\t<meta property=\"article:published_time\" content=\"2015-05-16T13:41:48+00:00\" \/>\n\t\t<meta property=\"article:modified_time\" content=\"2015-05-16T13:41:48+00:00\" \/>\n\t\t<meta name=\"twitter:card\" content=\"summary_large_image\" \/>\n\t\t<meta name=\"twitter:title\" content=\"Televisi\u00f3n Espa\u00f1ola ha iniciado en \u00c1vila el rodaje de la tvmovie hist\u00f3rica \u00abTeresa\u00bb | El Digital de Asturias\" \/>\n\t\t<meta name=\"twitter:description\" content=\"Televisi\u00f3n Espa\u00f1ola ha iniciado en \u00c1vila el rodaje de la tvmovie hist\u00f3rica \u2018Teresa&#039; al cumplirse 500 a\u00f1os de su nacimiento. Una nueva visi\u00f3n de la figura de Santa Teresa a trav\u00e9s de la mirada de una joven de nuestros d\u00edas que lee una de las principales obras escritas por la santa, \u2018El Libro de la\" \/>\n\t\t<meta name=\"twitter:image\" content=\"https:\/\/eldigitaldeasturias.com\/magazine365\/wp-content\/uploads\/2015\/05\/teresa.jpg\" \/>\n\t\t<script type=\"application\/ld+json\" class=\"aioseo-schema\">\n\t\t\t{\"@context\":\"https:\\\/\\\/schema.org\",\"@graph\":[{\"@type\":\"Article\",\"@id\":\"https:\\\/\\\/eldigitaldeasturias.com\\\/magazine365\\\/television-espanola-ha-iniciado-en-avila-el-rodaje-de-la-tvmovie-historica-teresa\\\/#article\",\"name\":\"Televisi\\u00f3n Espa\\u00f1ola ha iniciado en \\u00c1vila el rodaje de la tvmovie hist\\u00f3rica \\u00abTeresa\\u00bb | El Digital de Asturias\",\"headline\":\"Televisi\\u00f3n Espa\\u00f1ola ha iniciado en \\u00c1vila el rodaje de la tvmovie hist\\u00f3rica \\u00abTeresa\\u00bb\",\"author\":{\"@id\":\"https:\\\/\\\/eldigitaldeasturias.com\\\/magazine365\\\/author\\\/admin\\\/#author\"},\"publisher\":{\"@id\":\"https:\\\/\\\/eldigitaldeasturias.com\\\/magazine365\\\/#organization\"},\"image\":{\"@type\":\"ImageObject\",\"url\":\"https:\\\/\\\/eldigitaldeasturias.com\\\/magazine365\\\/wp-content\\\/uploads\\\/2015\\\/05\\\/teresa.jpg\",\"width\":680,\"height\":510},\"datePublished\":\"2015-05-16T15:11:48+02:00\",\"dateModified\":\"2015-05-16T15:11:48+02:00\",\"inLanguage\":\"es-ES\",\"mainEntityOfPage\":{\"@id\":\"https:\\\/\\\/eldigitaldeasturias.com\\\/magazine365\\\/television-espanola-ha-iniciado-en-avila-el-rodaje-de-la-tvmovie-historica-teresa\\\/#webpage\"},\"isPartOf\":{\"@id\":\"https:\\\/\\\/eldigitaldeasturias.com\\\/magazine365\\\/television-espanola-ha-iniciado-en-avila-el-rodaje-de-la-tvmovie-historica-teresa\\\/#webpage\"},\"articleSection\":\"Noticias y Actualidad\"},{\"@type\":\"BreadcrumbList\",\"@id\":\"https:\\\/\\\/eldigitaldeasturias.com\\\/magazine365\\\/television-espanola-ha-iniciado-en-avila-el-rodaje-de-la-tvmovie-historica-teresa\\\/#breadcrumblist\",\"itemListElement\":[{\"@type\":\"ListItem\",\"@id\":\"https:\\\/\\\/eldigitaldeasturias.com\\\/magazine365#listItem\",\"position\":1,\"name\":\"Home\",\"item\":\"https:\\\/\\\/eldigitaldeasturias.com\\\/magazine365\",\"nextItem\":{\"@type\":\"ListItem\",\"@id\":\"https:\\\/\\\/eldigitaldeasturias.com\\\/magazine365\\\/category\\\/noticias-actualidad\\\/#listItem\",\"name\":\"Noticias y Actualidad\"}},{\"@type\":\"ListItem\",\"@id\":\"https:\\\/\\\/eldigitaldeasturias.com\\\/magazine365\\\/category\\\/noticias-actualidad\\\/#listItem\",\"position\":2,\"name\":\"Noticias y Actualidad\",\"item\":\"https:\\\/\\\/eldigitaldeasturias.com\\\/magazine365\\\/category\\\/noticias-actualidad\\\/\",\"nextItem\":{\"@type\":\"ListItem\",\"@id\":\"https:\\\/\\\/eldigitaldeasturias.com\\\/magazine365\\\/television-espanola-ha-iniciado-en-avila-el-rodaje-de-la-tvmovie-historica-teresa\\\/#listItem\",\"name\":\"Televisi\\u00f3n Espa\\u00f1ola ha iniciado en \\u00c1vila el rodaje de la tvmovie hist\\u00f3rica \\u00abTeresa\\u00bb\"},\"previousItem\":{\"@type\":\"ListItem\",\"@id\":\"https:\\\/\\\/eldigitaldeasturias.com\\\/magazine365#listItem\",\"name\":\"Home\"}},{\"@type\":\"ListItem\",\"@id\":\"https:\\\/\\\/eldigitaldeasturias.com\\\/magazine365\\\/television-espanola-ha-iniciado-en-avila-el-rodaje-de-la-tvmovie-historica-teresa\\\/#listItem\",\"position\":3,\"name\":\"Televisi\\u00f3n Espa\\u00f1ola ha iniciado en \\u00c1vila el rodaje de la tvmovie hist\\u00f3rica \\u00abTeresa\\u00bb\",\"previousItem\":{\"@type\":\"ListItem\",\"@id\":\"https:\\\/\\\/eldigitaldeasturias.com\\\/magazine365\\\/category\\\/noticias-actualidad\\\/#listItem\",\"name\":\"Noticias y Actualidad\"}}]},{\"@type\":\"Organization\",\"@id\":\"https:\\\/\\\/eldigitaldeasturias.com\\\/magazine365\\\/#organization\",\"name\":\"El digital de Asturias\",\"description\":\"Revista de ocio, turismo y estilo de vida\",\"url\":\"https:\\\/\\\/eldigitaldeasturias.com\\\/magazine365\\\/\",\"logo\":{\"@type\":\"ImageObject\",\"url\":\"https:\\\/\\\/www.eldigitaldeasturias.com\\\/noticias\\\/wp-content\\\/uploads\\\/2020\\\/12\\\/EDA.jpg\",\"@id\":\"https:\\\/\\\/eldigitaldeasturias.com\\\/magazine365\\\/television-espanola-ha-iniciado-en-avila-el-rodaje-de-la-tvmovie-historica-teresa\\\/#organizationLogo\"},\"image\":{\"@id\":\"https:\\\/\\\/eldigitaldeasturias.com\\\/magazine365\\\/television-espanola-ha-iniciado-en-avila-el-rodaje-de-la-tvmovie-historica-teresa\\\/#organizationLogo\"}},{\"@type\":\"Person\",\"@id\":\"https:\\\/\\\/eldigitaldeasturias.com\\\/magazine365\\\/author\\\/admin\\\/#author\",\"url\":\"https:\\\/\\\/eldigitaldeasturias.com\\\/magazine365\\\/author\\\/admin\\\/\",\"name\":\"admin\",\"image\":{\"@type\":\"ImageObject\",\"@id\":\"https:\\\/\\\/eldigitaldeasturias.com\\\/magazine365\\\/television-espanola-ha-iniciado-en-avila-el-rodaje-de-la-tvmovie-historica-teresa\\\/#authorImage\",\"url\":\"https:\\\/\\\/eldigitaldeasturias.com\\\/magazine365\\\/wp-content\\\/litespeed\\\/avatar\\\/e571bcf59a0edd6fa6838245a470f2fe.jpg?ver=1776969259\",\"width\":96,\"height\":96,\"caption\":\"admin\"}},{\"@type\":\"WebPage\",\"@id\":\"https:\\\/\\\/eldigitaldeasturias.com\\\/magazine365\\\/television-espanola-ha-iniciado-en-avila-el-rodaje-de-la-tvmovie-historica-teresa\\\/#webpage\",\"url\":\"https:\\\/\\\/eldigitaldeasturias.com\\\/magazine365\\\/television-espanola-ha-iniciado-en-avila-el-rodaje-de-la-tvmovie-historica-teresa\\\/\",\"name\":\"Televisi\\u00f3n Espa\\u00f1ola ha iniciado en \\u00c1vila el rodaje de la tvmovie hist\\u00f3rica \\u00abTeresa\\u00bb | El Digital de Asturias\",\"description\":\"Televisi\\u00f3n Espa\\u00f1ola ha iniciado en \\u00c1vila el rodaje de la tvmovie hist\\u00f3rica \\u2018Teresa' al cumplirse 500 a\\u00f1os de su nacimiento. Una nueva visi\\u00f3n de la figura de Santa Teresa a trav\\u00e9s de la mirada de una joven de nuestros d\\u00edas que lee una de las principales obras escritas por la santa, \\u2018El Libro de la\",\"inLanguage\":\"es-ES\",\"isPartOf\":{\"@id\":\"https:\\\/\\\/eldigitaldeasturias.com\\\/magazine365\\\/#website\"},\"breadcrumb\":{\"@id\":\"https:\\\/\\\/eldigitaldeasturias.com\\\/magazine365\\\/television-espanola-ha-iniciado-en-avila-el-rodaje-de-la-tvmovie-historica-teresa\\\/#breadcrumblist\"},\"author\":{\"@id\":\"https:\\\/\\\/eldigitaldeasturias.com\\\/magazine365\\\/author\\\/admin\\\/#author\"},\"creator\":{\"@id\":\"https:\\\/\\\/eldigitaldeasturias.com\\\/magazine365\\\/author\\\/admin\\\/#author\"},\"image\":{\"@type\":\"ImageObject\",\"url\":\"https:\\\/\\\/eldigitaldeasturias.com\\\/magazine365\\\/wp-content\\\/uploads\\\/2015\\\/05\\\/teresa.jpg\",\"@id\":\"https:\\\/\\\/eldigitaldeasturias.com\\\/magazine365\\\/television-espanola-ha-iniciado-en-avila-el-rodaje-de-la-tvmovie-historica-teresa\\\/#mainImage\",\"width\":680,\"height\":510},\"primaryImageOfPage\":{\"@id\":\"https:\\\/\\\/eldigitaldeasturias.com\\\/magazine365\\\/television-espanola-ha-iniciado-en-avila-el-rodaje-de-la-tvmovie-historica-teresa\\\/#mainImage\"},\"datePublished\":\"2015-05-16T15:11:48+02:00\",\"dateModified\":\"2015-05-16T15:11:48+02:00\"},{\"@type\":\"WebSite\",\"@id\":\"https:\\\/\\\/eldigitaldeasturias.com\\\/magazine365\\\/#website\",\"url\":\"https:\\\/\\\/eldigitaldeasturias.com\\\/magazine365\\\/\",\"name\":\"El Digital de Asturias\",\"description\":\"Revista de ocio, turismo y estilo de vida\",\"inLanguage\":\"es-ES\",\"publisher\":{\"@id\":\"https:\\\/\\\/eldigitaldeasturias.com\\\/magazine365\\\/#organization\"}}]}\n\t\t<\/script>\n\t\t<!-- All in One SEO Pro -->\r\n\t\t<title>Televisi\u00f3n Espa\u00f1ola ha iniciado en \u00c1vila el rodaje de la tvmovie hist\u00f3rica \u00abTeresa\u00bb | El Digital de Asturias<\/title>\n\n","aioseo_head_json":{"title":"Televisi\u00f3n Espa\u00f1ola ha iniciado en \u00c1vila el rodaje de la tvmovie hist\u00f3rica \u00abTeresa\u00bb | El Digital de Asturias","description":"Televisi\u00f3n Espa\u00f1ola ha iniciado en \u00c1vila el rodaje de la tvmovie hist\u00f3rica \u2018Teresa' al cumplirse 500 a\u00f1os de su nacimiento. Una nueva visi\u00f3n de la figura de Santa Teresa a trav\u00e9s de la mirada de una joven de nuestros d\u00edas que lee una de las principales obras escritas por la santa, \u2018El Libro de la","canonical_url":"https:\/\/eldigitaldeasturias.com\/magazine365\/television-espanola-ha-iniciado-en-avila-el-rodaje-de-la-tvmovie-historica-teresa\/","robots":"max-image-preview:large","keywords":"noticias y actualidad","webmasterTools":{"google-site-verification":"UA-38556648-1","miscellaneous":""},"schema":{"@context":"https:\/\/schema.org","@graph":[{"@type":"Article","@id":"https:\/\/eldigitaldeasturias.com\/magazine365\/television-espanola-ha-iniciado-en-avila-el-rodaje-de-la-tvmovie-historica-teresa\/#article","name":"Televisi\u00f3n Espa\u00f1ola ha iniciado en \u00c1vila el rodaje de la tvmovie hist\u00f3rica \u00abTeresa\u00bb | El Digital de Asturias","headline":"Televisi\u00f3n Espa\u00f1ola ha iniciado en \u00c1vila el rodaje de la tvmovie hist\u00f3rica \u00abTeresa\u00bb","author":{"@id":"https:\/\/eldigitaldeasturias.com\/magazine365\/author\/admin\/#author"},"publisher":{"@id":"https:\/\/eldigitaldeasturias.com\/magazine365\/#organization"},"image":{"@type":"ImageObject","url":"https:\/\/eldigitaldeasturias.com\/magazine365\/wp-content\/uploads\/2015\/05\/teresa.jpg","width":680,"height":510},"datePublished":"2015-05-16T15:11:48+02:00","dateModified":"2015-05-16T15:11:48+02:00","inLanguage":"es-ES","mainEntityOfPage":{"@id":"https:\/\/eldigitaldeasturias.com\/magazine365\/television-espanola-ha-iniciado-en-avila-el-rodaje-de-la-tvmovie-historica-teresa\/#webpage"},"isPartOf":{"@id":"https:\/\/eldigitaldeasturias.com\/magazine365\/television-espanola-ha-iniciado-en-avila-el-rodaje-de-la-tvmovie-historica-teresa\/#webpage"},"articleSection":"Noticias y Actualidad"},{"@type":"BreadcrumbList","@id":"https:\/\/eldigitaldeasturias.com\/magazine365\/television-espanola-ha-iniciado-en-avila-el-rodaje-de-la-tvmovie-historica-teresa\/#breadcrumblist","itemListElement":[{"@type":"ListItem","@id":"https:\/\/eldigitaldeasturias.com\/magazine365#listItem","position":1,"name":"Home","item":"https:\/\/eldigitaldeasturias.com\/magazine365","nextItem":{"@type":"ListItem","@id":"https:\/\/eldigitaldeasturias.com\/magazine365\/category\/noticias-actualidad\/#listItem","name":"Noticias y Actualidad"}},{"@type":"ListItem","@id":"https:\/\/eldigitaldeasturias.com\/magazine365\/category\/noticias-actualidad\/#listItem","position":2,"name":"Noticias y Actualidad","item":"https:\/\/eldigitaldeasturias.com\/magazine365\/category\/noticias-actualidad\/","nextItem":{"@type":"ListItem","@id":"https:\/\/eldigitaldeasturias.com\/magazine365\/television-espanola-ha-iniciado-en-avila-el-rodaje-de-la-tvmovie-historica-teresa\/#listItem","name":"Televisi\u00f3n Espa\u00f1ola ha iniciado en \u00c1vila el rodaje de la tvmovie hist\u00f3rica \u00abTeresa\u00bb"},"previousItem":{"@type":"ListItem","@id":"https:\/\/eldigitaldeasturias.com\/magazine365#listItem","name":"Home"}},{"@type":"ListItem","@id":"https:\/\/eldigitaldeasturias.com\/magazine365\/television-espanola-ha-iniciado-en-avila-el-rodaje-de-la-tvmovie-historica-teresa\/#listItem","position":3,"name":"Televisi\u00f3n Espa\u00f1ola ha iniciado en \u00c1vila el rodaje de la tvmovie hist\u00f3rica \u00abTeresa\u00bb","previousItem":{"@type":"ListItem","@id":"https:\/\/eldigitaldeasturias.com\/magazine365\/category\/noticias-actualidad\/#listItem","name":"Noticias y Actualidad"}}]},{"@type":"Organization","@id":"https:\/\/eldigitaldeasturias.com\/magazine365\/#organization","name":"El digital de Asturias","description":"Revista de ocio, turismo y estilo de vida","url":"https:\/\/eldigitaldeasturias.com\/magazine365\/","logo":{"@type":"ImageObject","url":"https:\/\/www.eldigitaldeasturias.com\/noticias\/wp-content\/uploads\/2020\/12\/EDA.jpg","@id":"https:\/\/eldigitaldeasturias.com\/magazine365\/television-espanola-ha-iniciado-en-avila-el-rodaje-de-la-tvmovie-historica-teresa\/#organizationLogo"},"image":{"@id":"https:\/\/eldigitaldeasturias.com\/magazine365\/television-espanola-ha-iniciado-en-avila-el-rodaje-de-la-tvmovie-historica-teresa\/#organizationLogo"}},{"@type":"Person","@id":"https:\/\/eldigitaldeasturias.com\/magazine365\/author\/admin\/#author","url":"https:\/\/eldigitaldeasturias.com\/magazine365\/author\/admin\/","name":"admin","image":{"@type":"ImageObject","@id":"https:\/\/eldigitaldeasturias.com\/magazine365\/television-espanola-ha-iniciado-en-avila-el-rodaje-de-la-tvmovie-historica-teresa\/#authorImage","url":"https:\/\/eldigitaldeasturias.com\/magazine365\/wp-content\/litespeed\/avatar\/e571bcf59a0edd6fa6838245a470f2fe.jpg?ver=1776969259","width":96,"height":96,"caption":"admin"}},{"@type":"WebPage","@id":"https:\/\/eldigitaldeasturias.com\/magazine365\/television-espanola-ha-iniciado-en-avila-el-rodaje-de-la-tvmovie-historica-teresa\/#webpage","url":"https:\/\/eldigitaldeasturias.com\/magazine365\/television-espanola-ha-iniciado-en-avila-el-rodaje-de-la-tvmovie-historica-teresa\/","name":"Televisi\u00f3n Espa\u00f1ola ha iniciado en \u00c1vila el rodaje de la tvmovie hist\u00f3rica \u00abTeresa\u00bb | El Digital de Asturias","description":"Televisi\u00f3n Espa\u00f1ola ha iniciado en \u00c1vila el rodaje de la tvmovie hist\u00f3rica \u2018Teresa' al cumplirse 500 a\u00f1os de su nacimiento. Una nueva visi\u00f3n de la figura de Santa Teresa a trav\u00e9s de la mirada de una joven de nuestros d\u00edas que lee una de las principales obras escritas por la santa, \u2018El Libro de la","inLanguage":"es-ES","isPartOf":{"@id":"https:\/\/eldigitaldeasturias.com\/magazine365\/#website"},"breadcrumb":{"@id":"https:\/\/eldigitaldeasturias.com\/magazine365\/television-espanola-ha-iniciado-en-avila-el-rodaje-de-la-tvmovie-historica-teresa\/#breadcrumblist"},"author":{"@id":"https:\/\/eldigitaldeasturias.com\/magazine365\/author\/admin\/#author"},"creator":{"@id":"https:\/\/eldigitaldeasturias.com\/magazine365\/author\/admin\/#author"},"image":{"@type":"ImageObject","url":"https:\/\/eldigitaldeasturias.com\/magazine365\/wp-content\/uploads\/2015\/05\/teresa.jpg","@id":"https:\/\/eldigitaldeasturias.com\/magazine365\/television-espanola-ha-iniciado-en-avila-el-rodaje-de-la-tvmovie-historica-teresa\/#mainImage","width":680,"height":510},"primaryImageOfPage":{"@id":"https:\/\/eldigitaldeasturias.com\/magazine365\/television-espanola-ha-iniciado-en-avila-el-rodaje-de-la-tvmovie-historica-teresa\/#mainImage"},"datePublished":"2015-05-16T15:11:48+02:00","dateModified":"2015-05-16T15:11:48+02:00"},{"@type":"WebSite","@id":"https:\/\/eldigitaldeasturias.com\/magazine365\/#website","url":"https:\/\/eldigitaldeasturias.com\/magazine365\/","name":"El Digital de Asturias","description":"Revista de ocio, turismo y estilo de vida","inLanguage":"es-ES","publisher":{"@id":"https:\/\/eldigitaldeasturias.com\/magazine365\/#organization"}}]},"og:locale":"es_ES","og:site_name":"El Digital de Asturias \u2013 Revista de ocio, turismo y estilo de vida","og:type":"article","og:title":"Televisi\u00f3n Espa\u00f1ola ha iniciado en \u00c1vila el rodaje de la tvmovie hist\u00f3rica \u00abTeresa\u00bb | El Digital de Asturias","og:description":"Televisi\u00f3n Espa\u00f1ola ha iniciado en \u00c1vila el rodaje de la tvmovie hist\u00f3rica \u2018Teresa' al cumplirse 500 a\u00f1os de su nacimiento. Una nueva visi\u00f3n de la figura de Santa Teresa a trav\u00e9s de la mirada de una joven de nuestros d\u00edas que lee una de las principales obras escritas por la santa, \u2018El Libro de la","og:url":"https:\/\/eldigitaldeasturias.com\/magazine365\/television-espanola-ha-iniciado-en-avila-el-rodaje-de-la-tvmovie-historica-teresa\/","og:image":"https:\/\/eldigitaldeasturias.com\/magazine365\/wp-content\/uploads\/2015\/05\/teresa.jpg","og:image:secure_url":"https:\/\/eldigitaldeasturias.com\/magazine365\/wp-content\/uploads\/2015\/05\/teresa.jpg","og:image:width":680,"og:image:height":510,"article:published_time":"2015-05-16T13:41:48+00:00","article:modified_time":"2015-05-16T13:41:48+00:00","twitter:card":"summary_large_image","twitter:title":"Televisi\u00f3n Espa\u00f1ola ha iniciado en \u00c1vila el rodaje de la tvmovie hist\u00f3rica \u00abTeresa\u00bb | El Digital de Asturias","twitter:description":"Televisi\u00f3n Espa\u00f1ola ha iniciado en \u00c1vila el rodaje de la tvmovie hist\u00f3rica \u2018Teresa' al cumplirse 500 a\u00f1os de su nacimiento. Una nueva visi\u00f3n de la figura de Santa Teresa a trav\u00e9s de la mirada de una joven de nuestros d\u00edas que lee una de las principales obras escritas por la santa, \u2018El Libro de la","twitter:image":"https:\/\/eldigitaldeasturias.com\/magazine365\/wp-content\/uploads\/2015\/05\/teresa.jpg"},"aioseo_meta_data":{"post_id":"38356","title":null,"description":null,"keywords":null,"keyphrases":null,"primary_term":null,"canonical_url":null,"og_title":null,"og_description":null,"og_object_type":"default","og_image_type":"default","og_image_url":null,"og_image_width":null,"og_image_height":null,"og_image_custom_url":null,"og_image_custom_fields":null,"og_video":null,"og_custom_url":null,"og_article_section":null,"og_article_tags":null,"twitter_use_og":false,"twitter_card":"default","twitter_image_type":"default","twitter_image_url":null,"twitter_image_custom_url":null,"twitter_image_custom_fields":null,"twitter_title":null,"twitter_description":null,"schema":{"blockGraphs":[],"customGraphs":[],"default":{"data":{"Article":[],"Course":[],"Dataset":[],"FAQPage":[],"Movie":[],"Person":[],"Product":[],"ProductReview":[],"Car":[],"Recipe":[],"Service":[],"SoftwareApplication":[],"WebPage":[]},"graphName":"","isEnabled":true},"graphs":[],"defaultGraph":"","defaultPostTypeGraph":""},"schema_type":null,"schema_type_options":null,"pillar_content":false,"robots_default":true,"robots_noindex":false,"robots_noarchive":false,"robots_nosnippet":false,"robots_nofollow":false,"robots_noimageindex":false,"robots_noodp":false,"robots_notranslate":false,"robots_max_snippet":null,"robots_max_videopreview":null,"robots_max_imagepreview":"large","priority":null,"frequency":null,"location":null,"local_seo":null,"seo_analyzer_scan_date":"2025-09-19 09:23:24","breadcrumb_settings":null,"limit_modified_date":false,"open_ai":null,"ai":null,"created":"2021-03-09 02:54:42","updated":"2025-09-19 09:23:24"},"aioseo_breadcrumb":"<div class=\"aioseo-breadcrumbs\"><span class=\"aioseo-breadcrumb\">\n\t<a href=\"https:\/\/eldigitaldeasturias.com\/magazine365\" title=\"Home\">Home<\/a>\n<\/span><span class=\"aioseo-breadcrumb-separator\">\u2013<\/span><span class=\"aioseo-breadcrumb\">\n\t<a href=\"https:\/\/eldigitaldeasturias.com\/magazine365\/category\/noticias-actualidad\/\" title=\"Noticias y Actualidad\">Noticias y Actualidad<\/a>\n<\/span><span class=\"aioseo-breadcrumb-separator\">\u2013<\/span><span class=\"aioseo-breadcrumb\">\n\t<a href=\"https:\/\/eldigitaldeasturias.com\/magazine365\/television-espanola-ha-iniciado-en-avila-el-rodaje-de-la-tvmovie-historica-teresa\/\" title=\"Televisi\u00f3n Espa\u00f1ola ha iniciado en \u00c1vila el rodaje de la tvmovie hist\u00f3rica \u00abTeresa\u00bb\">Televisi\u00f3n Espa\u00f1ola ha iniciado en \u00c1vila el rodaje de la tvmovie hist\u00f3rica \u00abTeresa\u00bb<\/a>\n<\/span><\/div>","aioseo_breadcrumb_json":[{"label":"Home","link":"https:\/\/eldigitaldeasturias.com\/magazine365"},{"label":"Noticias y Actualidad","link":"https:\/\/eldigitaldeasturias.com\/magazine365\/category\/noticias-actualidad\/"},{"label":"Televisi\u00f3n Espa\u00f1ola ha iniciado en \u00c1vila el rodaje de la tvmovie hist\u00f3rica \u00abTeresa\u00bb","link":"https:\/\/eldigitaldeasturias.com\/magazine365\/television-espanola-ha-iniciado-en-avila-el-rodaje-de-la-tvmovie-historica-teresa\/"}],"_links":{"self":[{"href":"https:\/\/eldigitaldeasturias.com\/magazine365\/wp-json\/wp\/v2\/posts\/38356","targetHints":{"allow":["GET"]}}],"collection":[{"href":"https:\/\/eldigitaldeasturias.com\/magazine365\/wp-json\/wp\/v2\/posts"}],"about":[{"href":"https:\/\/eldigitaldeasturias.com\/magazine365\/wp-json\/wp\/v2\/types\/post"}],"author":[{"embeddable":true,"href":"https:\/\/eldigitaldeasturias.com\/magazine365\/wp-json\/wp\/v2\/users\/1"}],"replies":[{"embeddable":true,"href":"https:\/\/eldigitaldeasturias.com\/magazine365\/wp-json\/wp\/v2\/comments?post=38356"}],"version-history":[{"count":0,"href":"https:\/\/eldigitaldeasturias.com\/magazine365\/wp-json\/wp\/v2\/posts\/38356\/revisions"}],"wp:featuredmedia":[{"embeddable":true,"href":"https:\/\/eldigitaldeasturias.com\/magazine365\/wp-json\/wp\/v2\/media\/38357"}],"wp:attachment":[{"href":"https:\/\/eldigitaldeasturias.com\/magazine365\/wp-json\/wp\/v2\/media?parent=38356"}],"wp:term":[{"taxonomy":"category","embeddable":true,"href":"https:\/\/eldigitaldeasturias.com\/magazine365\/wp-json\/wp\/v2\/categories?post=38356"},{"taxonomy":"post_tag","embeddable":true,"href":"https:\/\/eldigitaldeasturias.com\/magazine365\/wp-json\/wp\/v2\/tags?post=38356"}],"curies":[{"name":"wp","href":"https:\/\/api.w.org\/{rel}","templated":true}]}}