{"id":38353,"date":"2015-05-16T15:09:53","date_gmt":"2015-05-16T13:39:53","guid":{"rendered":"http:\/\/eldigitaldeasturias.com\/magazine365\/?p=38353"},"modified":"2015-05-16T15:09:53","modified_gmt":"2015-05-16T13:39:53","slug":"edurne-vamos-con-una-propuesta-muy-diferente","status":"publish","type":"post","link":"https:\/\/eldigitaldeasturias.com\/magazine365\/edurne-vamos-con-una-propuesta-muy-diferente\/","title":{"rendered":"Edurne \u00abVamos con una propuesta muy diferente\u00bb"},"content":{"rendered":"<p><img fetchpriority=\"high\" decoding=\"async\" class=\"alignleft size-medium wp-image-38354\" src=\"https:\/\/eldigitaldeasturias.com\/magazine365\/wp-content\/uploads\/2015\/05\/edurne-360x240.jpg\" alt=\"edurne\" width=\"360\" height=\"240\" srcset=\"https:\/\/eldigitaldeasturias.com\/magazine365\/wp-content\/uploads\/2015\/05\/edurne-360x240.jpg 360w, https:\/\/eldigitaldeasturias.com\/magazine365\/wp-content\/uploads\/2015\/05\/edurne-650x433.jpg 650w, https:\/\/eldigitaldeasturias.com\/magazine365\/wp-content\/uploads\/2015\/05\/edurne-150x100.jpg 150w, https:\/\/eldigitaldeasturias.com\/magazine365\/wp-content\/uploads\/2015\/05\/edurne-450x300.jpg 450w, https:\/\/eldigitaldeasturias.com\/magazine365\/wp-content\/uploads\/2015\/05\/edurne-696x464.jpg 696w, https:\/\/eldigitaldeasturias.com\/magazine365\/wp-content\/uploads\/2015\/05\/edurne-630x420.jpg 630w, https:\/\/eldigitaldeasturias.com\/magazine365\/wp-content\/uploads\/2015\/05\/edurne-84x55.jpg 84w, https:\/\/eldigitaldeasturias.com\/magazine365\/wp-content\/uploads\/2015\/05\/edurne.jpg 720w\" sizes=\"(max-width: 360px) 100vw, 360px\" \/>Edurne ya est\u00e1 rumbo a Viena, sede de la 60\u00aa edici\u00f3n del Festival de Eurovisi\u00f3n. Este s\u00e1bado, la cantante madrile\u00f1a se ha mostrado ilusionada en el aeropuerto de Madrid y, sobre todo, con muchas ganas de conocer de primera mano el escenario del Wiener Stadhalle y realizar all\u00ed los primeros ensayos: \u00abEstoy contenta, feliz. \u00a1Parece mentira que haya llegado el d\u00eda!\u00bb, ha afirmado antes de embarcar.<\/p>\n<p>La artista ha confesado que ha dormido poco y que estaba algo nerviosa, pero con muchas ganas de ver ya el escenario: \u00abMa\u00f1ana ya tenemos ensayos, la ceremonia de inauguraci\u00f3n, actuar\u00e9 en el Euroclub\u2026 Esta tarde ensayar\u00e9 mi actuaci\u00f3n\u00bb, ha contado.<\/p>\n<p>\u00abVamos con una propuesta muy diferente. Creo que es una puesta en escena que juega mucho con la interpretaci\u00f3n\u00bb, ha explicado Edurne. Sobre sus rivales: \u00abHay muy buenos temas y eso me encanta. Me gustan muchas: B\u00e9lgica, Estonia, Albania, Georgia\u2026\u00bb<\/p>\n<p>En la maleta, adem\u00e1s de mucha ropa para todos los eventos a los que tiene que asistir, alg\u00fan amuleto para darle suerte: \u00abAl final llevo amuletos. El que me regal\u00f3 el embajador de Austria en Madrid y otro que me ha dado mi abuela\u00bb.<\/p>\n<p><strong>Primer ensayo: este domingo<\/strong><\/p>\n<p>Edurne no parar\u00e1 durante la semana que pasar\u00e1 en Viena antes de su actuaci\u00f3n en la final el d\u00eda 23 de mayo. Tras su llegada el s\u00e1bado, el domingo a las 11.00 horas, le espera el primer ensayo en el Winer Stadthalle. Ser\u00e1 el momento de conocer por primera vez el escenario que tanto ha imaginado, conocer camerinos, cruzarse con sus primeros rivales y realizar las primeras pruebas de sonido y en el escenario. Tras el ensayo y el primer visionado, ser\u00e1 el momento de compartir sus primeras sensaciones con periodistas y fans en torno a las 13.00 horas.<\/p>\n<p>Por la tarde, a partir de las 19.00 horas, Edurne desfilar\u00e1 por la Alfombra Roja junto al resto de participantes, un total de 40, en la Ceremonia de Bienvenida que acoger\u00e1 el Ayuntamiento de la ciudad. Esa misma noche visitar\u00e1 el Euroclub para interpretar una versi\u00f3n a piano de \u2018Amanecer\u2019 ante la prensa acreditada al festival.<\/p>\n","protected":false},"excerpt":{"rendered":"<p>Edurne ya est\u00e1 rumbo a Viena, sede de la 60\u00aa edici\u00f3n del Festival de Eurovisi\u00f3n. Este s\u00e1bado, la cantante madrile\u00f1a se ha mostrado ilusionada en el aeropuerto de Madrid y, sobre todo, con muchas ganas de conocer de primera mano el escenario del Wiener Stadhalle y realizar all\u00ed los primeros ensayos: \u00abEstoy contenta, feliz. \u00a1Parece<\/p>\n","protected":false},"author":1,"featured_media":38354,"comment_status":"open","ping_status":"closed","sticky":false,"template":"","format":"standard","meta":{"footnotes":""},"categories":[224],"tags":[],"class_list":{"0":"post-38353","1":"post","2":"type-post","3":"status-publish","4":"format-standard","5":"has-post-thumbnail","7":"category-noticias-actualidad"},"aioseo_notices":[],"aioseo_head":"\n\t\t<!-- All in One SEO Pro 4.9.6.1 - aioseo.com -->\n\t<meta name=\"description\" content=\"Edurne ya est\u00e1 rumbo a Viena, sede de la 60\u00aa edici\u00f3n del Festival de Eurovisi\u00f3n. Este s\u00e1bado, la cantante madrile\u00f1a se ha mostrado ilusionada en el aeropuerto de Madrid y, sobre todo, con muchas ganas de conocer de primera mano el escenario del Wiener Stadhalle y realizar all\u00ed los primeros ensayos: &quot;Estoy contenta, feliz. \u00a1Parece\" \/>\n\t<meta name=\"robots\" content=\"max-image-preview:large\" \/>\n\t<meta name=\"author\" content=\"admin\"\/>\n\t<meta name=\"google-site-verification\" content=\"UA-38556648-1\" \/>\n\t<meta name=\"keywords\" content=\"noticias y actualidad\" \/>\n\t<link rel=\"canonical\" href=\"https:\/\/eldigitaldeasturias.com\/magazine365\/edurne-vamos-con-una-propuesta-muy-diferente\/\" \/>\n\t<meta name=\"generator\" content=\"All in One SEO Pro (AIOSEO) 4.9.6.1\" \/>\n\t\t<meta property=\"og:locale\" content=\"es_ES\" \/>\n\t\t<meta property=\"og:site_name\" content=\"El Digital de Asturias \u2013 Revista de ocio, turismo y estilo de vida\" \/>\n\t\t<meta property=\"og:type\" content=\"article\" \/>\n\t\t<meta property=\"og:title\" content=\"Edurne \u00abVamos con una propuesta muy diferente\u00bb | El Digital de Asturias\" \/>\n\t\t<meta property=\"og:description\" content=\"Edurne ya est\u00e1 rumbo a Viena, sede de la 60\u00aa edici\u00f3n del Festival de Eurovisi\u00f3n. Este s\u00e1bado, la cantante madrile\u00f1a se ha mostrado ilusionada en el aeropuerto de Madrid y, sobre todo, con muchas ganas de conocer de primera mano el escenario del Wiener Stadhalle y realizar all\u00ed los primeros ensayos: &quot;Estoy contenta, feliz. \u00a1Parece\" \/>\n\t\t<meta property=\"og:url\" content=\"https:\/\/eldigitaldeasturias.com\/magazine365\/edurne-vamos-con-una-propuesta-muy-diferente\/\" \/>\n\t\t<meta property=\"og:image\" content=\"https:\/\/eldigitaldeasturias.com\/magazine365\/wp-content\/uploads\/2015\/05\/edurne.jpg\" \/>\n\t\t<meta property=\"og:image:secure_url\" content=\"https:\/\/eldigitaldeasturias.com\/magazine365\/wp-content\/uploads\/2015\/05\/edurne.jpg\" \/>\n\t\t<meta property=\"og:image:width\" content=\"720\" \/>\n\t\t<meta property=\"og:image:height\" content=\"480\" \/>\n\t\t<meta property=\"article:published_time\" content=\"2015-05-16T13:39:53+00:00\" \/>\n\t\t<meta property=\"article:modified_time\" content=\"2015-05-16T13:39:53+00:00\" \/>\n\t\t<meta name=\"twitter:card\" content=\"summary_large_image\" \/>\n\t\t<meta name=\"twitter:title\" content=\"Edurne \u00abVamos con una propuesta muy diferente\u00bb | El Digital de Asturias\" \/>\n\t\t<meta name=\"twitter:description\" content=\"Edurne ya est\u00e1 rumbo a Viena, sede de la 60\u00aa edici\u00f3n del Festival de Eurovisi\u00f3n. Este s\u00e1bado, la cantante madrile\u00f1a se ha mostrado ilusionada en el aeropuerto de Madrid y, sobre todo, con muchas ganas de conocer de primera mano el escenario del Wiener Stadhalle y realizar all\u00ed los primeros ensayos: &quot;Estoy contenta, feliz. \u00a1Parece\" \/>\n\t\t<meta name=\"twitter:image\" content=\"https:\/\/eldigitaldeasturias.com\/magazine365\/wp-content\/uploads\/2015\/05\/edurne.jpg\" \/>\n\t\t<script type=\"application\/ld+json\" class=\"aioseo-schema\">\n\t\t\t{\"@context\":\"https:\\\/\\\/schema.org\",\"@graph\":[{\"@type\":\"Article\",\"@id\":\"https:\\\/\\\/eldigitaldeasturias.com\\\/magazine365\\\/edurne-vamos-con-una-propuesta-muy-diferente\\\/#article\",\"name\":\"Edurne \\u00abVamos con una propuesta muy diferente\\u00bb | El Digital de Asturias\",\"headline\":\"Edurne \\u00abVamos con una propuesta muy diferente\\u00bb\",\"author\":{\"@id\":\"https:\\\/\\\/eldigitaldeasturias.com\\\/magazine365\\\/author\\\/admin\\\/#author\"},\"publisher\":{\"@id\":\"https:\\\/\\\/eldigitaldeasturias.com\\\/magazine365\\\/#organization\"},\"image\":{\"@type\":\"ImageObject\",\"url\":\"https:\\\/\\\/eldigitaldeasturias.com\\\/magazine365\\\/wp-content\\\/uploads\\\/2015\\\/05\\\/edurne.jpg\",\"width\":720,\"height\":480},\"datePublished\":\"2015-05-16T15:09:53+02:00\",\"dateModified\":\"2015-05-16T15:09:53+02:00\",\"inLanguage\":\"es-ES\",\"mainEntityOfPage\":{\"@id\":\"https:\\\/\\\/eldigitaldeasturias.com\\\/magazine365\\\/edurne-vamos-con-una-propuesta-muy-diferente\\\/#webpage\"},\"isPartOf\":{\"@id\":\"https:\\\/\\\/eldigitaldeasturias.com\\\/magazine365\\\/edurne-vamos-con-una-propuesta-muy-diferente\\\/#webpage\"},\"articleSection\":\"Noticias y Actualidad\"},{\"@type\":\"BreadcrumbList\",\"@id\":\"https:\\\/\\\/eldigitaldeasturias.com\\\/magazine365\\\/edurne-vamos-con-una-propuesta-muy-diferente\\\/#breadcrumblist\",\"itemListElement\":[{\"@type\":\"ListItem\",\"@id\":\"https:\\\/\\\/eldigitaldeasturias.com\\\/magazine365#listItem\",\"position\":1,\"name\":\"Home\",\"item\":\"https:\\\/\\\/eldigitaldeasturias.com\\\/magazine365\",\"nextItem\":{\"@type\":\"ListItem\",\"@id\":\"https:\\\/\\\/eldigitaldeasturias.com\\\/magazine365\\\/category\\\/noticias-actualidad\\\/#listItem\",\"name\":\"Noticias y Actualidad\"}},{\"@type\":\"ListItem\",\"@id\":\"https:\\\/\\\/eldigitaldeasturias.com\\\/magazine365\\\/category\\\/noticias-actualidad\\\/#listItem\",\"position\":2,\"name\":\"Noticias y Actualidad\",\"item\":\"https:\\\/\\\/eldigitaldeasturias.com\\\/magazine365\\\/category\\\/noticias-actualidad\\\/\",\"nextItem\":{\"@type\":\"ListItem\",\"@id\":\"https:\\\/\\\/eldigitaldeasturias.com\\\/magazine365\\\/edurne-vamos-con-una-propuesta-muy-diferente\\\/#listItem\",\"name\":\"Edurne \\u00abVamos con una propuesta muy diferente\\u00bb\"},\"previousItem\":{\"@type\":\"ListItem\",\"@id\":\"https:\\\/\\\/eldigitaldeasturias.com\\\/magazine365#listItem\",\"name\":\"Home\"}},{\"@type\":\"ListItem\",\"@id\":\"https:\\\/\\\/eldigitaldeasturias.com\\\/magazine365\\\/edurne-vamos-con-una-propuesta-muy-diferente\\\/#listItem\",\"position\":3,\"name\":\"Edurne \\u00abVamos con una propuesta muy diferente\\u00bb\",\"previousItem\":{\"@type\":\"ListItem\",\"@id\":\"https:\\\/\\\/eldigitaldeasturias.com\\\/magazine365\\\/category\\\/noticias-actualidad\\\/#listItem\",\"name\":\"Noticias y Actualidad\"}}]},{\"@type\":\"Organization\",\"@id\":\"https:\\\/\\\/eldigitaldeasturias.com\\\/magazine365\\\/#organization\",\"name\":\"El digital de Asturias\",\"description\":\"Revista de ocio, turismo y estilo de vida\",\"url\":\"https:\\\/\\\/eldigitaldeasturias.com\\\/magazine365\\\/\",\"logo\":{\"@type\":\"ImageObject\",\"url\":\"https:\\\/\\\/www.eldigitaldeasturias.com\\\/noticias\\\/wp-content\\\/uploads\\\/2020\\\/12\\\/EDA.jpg\",\"@id\":\"https:\\\/\\\/eldigitaldeasturias.com\\\/magazine365\\\/edurne-vamos-con-una-propuesta-muy-diferente\\\/#organizationLogo\"},\"image\":{\"@id\":\"https:\\\/\\\/eldigitaldeasturias.com\\\/magazine365\\\/edurne-vamos-con-una-propuesta-muy-diferente\\\/#organizationLogo\"}},{\"@type\":\"Person\",\"@id\":\"https:\\\/\\\/eldigitaldeasturias.com\\\/magazine365\\\/author\\\/admin\\\/#author\",\"url\":\"https:\\\/\\\/eldigitaldeasturias.com\\\/magazine365\\\/author\\\/admin\\\/\",\"name\":\"admin\",\"image\":{\"@type\":\"ImageObject\",\"@id\":\"https:\\\/\\\/eldigitaldeasturias.com\\\/magazine365\\\/edurne-vamos-con-una-propuesta-muy-diferente\\\/#authorImage\",\"url\":\"https:\\\/\\\/eldigitaldeasturias.com\\\/magazine365\\\/wp-content\\\/litespeed\\\/avatar\\\/e571bcf59a0edd6fa6838245a470f2fe.jpg?ver=1776969259\",\"width\":96,\"height\":96,\"caption\":\"admin\"}},{\"@type\":\"WebPage\",\"@id\":\"https:\\\/\\\/eldigitaldeasturias.com\\\/magazine365\\\/edurne-vamos-con-una-propuesta-muy-diferente\\\/#webpage\",\"url\":\"https:\\\/\\\/eldigitaldeasturias.com\\\/magazine365\\\/edurne-vamos-con-una-propuesta-muy-diferente\\\/\",\"name\":\"Edurne \\u00abVamos con una propuesta muy diferente\\u00bb | El Digital de Asturias\",\"description\":\"Edurne ya est\\u00e1 rumbo a Viena, sede de la 60\\u00aa edici\\u00f3n del Festival de Eurovisi\\u00f3n. Este s\\u00e1bado, la cantante madrile\\u00f1a se ha mostrado ilusionada en el aeropuerto de Madrid y, sobre todo, con muchas ganas de conocer de primera mano el escenario del Wiener Stadhalle y realizar all\\u00ed los primeros ensayos: \\\"Estoy contenta, feliz. \\u00a1Parece\",\"inLanguage\":\"es-ES\",\"isPartOf\":{\"@id\":\"https:\\\/\\\/eldigitaldeasturias.com\\\/magazine365\\\/#website\"},\"breadcrumb\":{\"@id\":\"https:\\\/\\\/eldigitaldeasturias.com\\\/magazine365\\\/edurne-vamos-con-una-propuesta-muy-diferente\\\/#breadcrumblist\"},\"author\":{\"@id\":\"https:\\\/\\\/eldigitaldeasturias.com\\\/magazine365\\\/author\\\/admin\\\/#author\"},\"creator\":{\"@id\":\"https:\\\/\\\/eldigitaldeasturias.com\\\/magazine365\\\/author\\\/admin\\\/#author\"},\"image\":{\"@type\":\"ImageObject\",\"url\":\"https:\\\/\\\/eldigitaldeasturias.com\\\/magazine365\\\/wp-content\\\/uploads\\\/2015\\\/05\\\/edurne.jpg\",\"@id\":\"https:\\\/\\\/eldigitaldeasturias.com\\\/magazine365\\\/edurne-vamos-con-una-propuesta-muy-diferente\\\/#mainImage\",\"width\":720,\"height\":480},\"primaryImageOfPage\":{\"@id\":\"https:\\\/\\\/eldigitaldeasturias.com\\\/magazine365\\\/edurne-vamos-con-una-propuesta-muy-diferente\\\/#mainImage\"},\"datePublished\":\"2015-05-16T15:09:53+02:00\",\"dateModified\":\"2015-05-16T15:09:53+02:00\"},{\"@type\":\"WebSite\",\"@id\":\"https:\\\/\\\/eldigitaldeasturias.com\\\/magazine365\\\/#website\",\"url\":\"https:\\\/\\\/eldigitaldeasturias.com\\\/magazine365\\\/\",\"name\":\"El Digital de Asturias\",\"description\":\"Revista de ocio, turismo y estilo de vida\",\"inLanguage\":\"es-ES\",\"publisher\":{\"@id\":\"https:\\\/\\\/eldigitaldeasturias.com\\\/magazine365\\\/#organization\"}}]}\n\t\t<\/script>\n\t\t<!-- All in One SEO Pro -->\r\n\t\t<title>Edurne \u00abVamos con una propuesta muy diferente\u00bb | El Digital de Asturias<\/title>\n\n","aioseo_head_json":{"title":"Edurne \u00abVamos con una propuesta muy diferente\u00bb | El Digital de Asturias","description":"Edurne ya est\u00e1 rumbo a Viena, sede de la 60\u00aa edici\u00f3n del Festival de Eurovisi\u00f3n. Este s\u00e1bado, la cantante madrile\u00f1a se ha mostrado ilusionada en el aeropuerto de Madrid y, sobre todo, con muchas ganas de conocer de primera mano el escenario del Wiener Stadhalle y realizar all\u00ed los primeros ensayos: \"Estoy contenta, feliz. \u00a1Parece","canonical_url":"https:\/\/eldigitaldeasturias.com\/magazine365\/edurne-vamos-con-una-propuesta-muy-diferente\/","robots":"max-image-preview:large","keywords":"noticias y actualidad","webmasterTools":{"google-site-verification":"UA-38556648-1","miscellaneous":""},"schema":{"@context":"https:\/\/schema.org","@graph":[{"@type":"Article","@id":"https:\/\/eldigitaldeasturias.com\/magazine365\/edurne-vamos-con-una-propuesta-muy-diferente\/#article","name":"Edurne \u00abVamos con una propuesta muy diferente\u00bb | El Digital de Asturias","headline":"Edurne \u00abVamos con una propuesta muy diferente\u00bb","author":{"@id":"https:\/\/eldigitaldeasturias.com\/magazine365\/author\/admin\/#author"},"publisher":{"@id":"https:\/\/eldigitaldeasturias.com\/magazine365\/#organization"},"image":{"@type":"ImageObject","url":"https:\/\/eldigitaldeasturias.com\/magazine365\/wp-content\/uploads\/2015\/05\/edurne.jpg","width":720,"height":480},"datePublished":"2015-05-16T15:09:53+02:00","dateModified":"2015-05-16T15:09:53+02:00","inLanguage":"es-ES","mainEntityOfPage":{"@id":"https:\/\/eldigitaldeasturias.com\/magazine365\/edurne-vamos-con-una-propuesta-muy-diferente\/#webpage"},"isPartOf":{"@id":"https:\/\/eldigitaldeasturias.com\/magazine365\/edurne-vamos-con-una-propuesta-muy-diferente\/#webpage"},"articleSection":"Noticias y Actualidad"},{"@type":"BreadcrumbList","@id":"https:\/\/eldigitaldeasturias.com\/magazine365\/edurne-vamos-con-una-propuesta-muy-diferente\/#breadcrumblist","itemListElement":[{"@type":"ListItem","@id":"https:\/\/eldigitaldeasturias.com\/magazine365#listItem","position":1,"name":"Home","item":"https:\/\/eldigitaldeasturias.com\/magazine365","nextItem":{"@type":"ListItem","@id":"https:\/\/eldigitaldeasturias.com\/magazine365\/category\/noticias-actualidad\/#listItem","name":"Noticias y Actualidad"}},{"@type":"ListItem","@id":"https:\/\/eldigitaldeasturias.com\/magazine365\/category\/noticias-actualidad\/#listItem","position":2,"name":"Noticias y Actualidad","item":"https:\/\/eldigitaldeasturias.com\/magazine365\/category\/noticias-actualidad\/","nextItem":{"@type":"ListItem","@id":"https:\/\/eldigitaldeasturias.com\/magazine365\/edurne-vamos-con-una-propuesta-muy-diferente\/#listItem","name":"Edurne \u00abVamos con una propuesta muy diferente\u00bb"},"previousItem":{"@type":"ListItem","@id":"https:\/\/eldigitaldeasturias.com\/magazine365#listItem","name":"Home"}},{"@type":"ListItem","@id":"https:\/\/eldigitaldeasturias.com\/magazine365\/edurne-vamos-con-una-propuesta-muy-diferente\/#listItem","position":3,"name":"Edurne \u00abVamos con una propuesta muy diferente\u00bb","previousItem":{"@type":"ListItem","@id":"https:\/\/eldigitaldeasturias.com\/magazine365\/category\/noticias-actualidad\/#listItem","name":"Noticias y Actualidad"}}]},{"@type":"Organization","@id":"https:\/\/eldigitaldeasturias.com\/magazine365\/#organization","name":"El digital de Asturias","description":"Revista de ocio, turismo y estilo de vida","url":"https:\/\/eldigitaldeasturias.com\/magazine365\/","logo":{"@type":"ImageObject","url":"https:\/\/www.eldigitaldeasturias.com\/noticias\/wp-content\/uploads\/2020\/12\/EDA.jpg","@id":"https:\/\/eldigitaldeasturias.com\/magazine365\/edurne-vamos-con-una-propuesta-muy-diferente\/#organizationLogo"},"image":{"@id":"https:\/\/eldigitaldeasturias.com\/magazine365\/edurne-vamos-con-una-propuesta-muy-diferente\/#organizationLogo"}},{"@type":"Person","@id":"https:\/\/eldigitaldeasturias.com\/magazine365\/author\/admin\/#author","url":"https:\/\/eldigitaldeasturias.com\/magazine365\/author\/admin\/","name":"admin","image":{"@type":"ImageObject","@id":"https:\/\/eldigitaldeasturias.com\/magazine365\/edurne-vamos-con-una-propuesta-muy-diferente\/#authorImage","url":"https:\/\/eldigitaldeasturias.com\/magazine365\/wp-content\/litespeed\/avatar\/e571bcf59a0edd6fa6838245a470f2fe.jpg?ver=1776969259","width":96,"height":96,"caption":"admin"}},{"@type":"WebPage","@id":"https:\/\/eldigitaldeasturias.com\/magazine365\/edurne-vamos-con-una-propuesta-muy-diferente\/#webpage","url":"https:\/\/eldigitaldeasturias.com\/magazine365\/edurne-vamos-con-una-propuesta-muy-diferente\/","name":"Edurne \u00abVamos con una propuesta muy diferente\u00bb | El Digital de Asturias","description":"Edurne ya est\u00e1 rumbo a Viena, sede de la 60\u00aa edici\u00f3n del Festival de Eurovisi\u00f3n. Este s\u00e1bado, la cantante madrile\u00f1a se ha mostrado ilusionada en el aeropuerto de Madrid y, sobre todo, con muchas ganas de conocer de primera mano el escenario del Wiener Stadhalle y realizar all\u00ed los primeros ensayos: \"Estoy contenta, feliz. \u00a1Parece","inLanguage":"es-ES","isPartOf":{"@id":"https:\/\/eldigitaldeasturias.com\/magazine365\/#website"},"breadcrumb":{"@id":"https:\/\/eldigitaldeasturias.com\/magazine365\/edurne-vamos-con-una-propuesta-muy-diferente\/#breadcrumblist"},"author":{"@id":"https:\/\/eldigitaldeasturias.com\/magazine365\/author\/admin\/#author"},"creator":{"@id":"https:\/\/eldigitaldeasturias.com\/magazine365\/author\/admin\/#author"},"image":{"@type":"ImageObject","url":"https:\/\/eldigitaldeasturias.com\/magazine365\/wp-content\/uploads\/2015\/05\/edurne.jpg","@id":"https:\/\/eldigitaldeasturias.com\/magazine365\/edurne-vamos-con-una-propuesta-muy-diferente\/#mainImage","width":720,"height":480},"primaryImageOfPage":{"@id":"https:\/\/eldigitaldeasturias.com\/magazine365\/edurne-vamos-con-una-propuesta-muy-diferente\/#mainImage"},"datePublished":"2015-05-16T15:09:53+02:00","dateModified":"2015-05-16T15:09:53+02:00"},{"@type":"WebSite","@id":"https:\/\/eldigitaldeasturias.com\/magazine365\/#website","url":"https:\/\/eldigitaldeasturias.com\/magazine365\/","name":"El Digital de Asturias","description":"Revista de ocio, turismo y estilo de vida","inLanguage":"es-ES","publisher":{"@id":"https:\/\/eldigitaldeasturias.com\/magazine365\/#organization"}}]},"og:locale":"es_ES","og:site_name":"El Digital de Asturias \u2013 Revista de ocio, turismo y estilo de vida","og:type":"article","og:title":"Edurne \u00abVamos con una propuesta muy diferente\u00bb | El Digital de Asturias","og:description":"Edurne ya est\u00e1 rumbo a Viena, sede de la 60\u00aa edici\u00f3n del Festival de Eurovisi\u00f3n. Este s\u00e1bado, la cantante madrile\u00f1a se ha mostrado ilusionada en el aeropuerto de Madrid y, sobre todo, con muchas ganas de conocer de primera mano el escenario del Wiener Stadhalle y realizar all\u00ed los primeros ensayos: &quot;Estoy contenta, feliz. \u00a1Parece","og:url":"https:\/\/eldigitaldeasturias.com\/magazine365\/edurne-vamos-con-una-propuesta-muy-diferente\/","og:image":"https:\/\/eldigitaldeasturias.com\/magazine365\/wp-content\/uploads\/2015\/05\/edurne.jpg","og:image:secure_url":"https:\/\/eldigitaldeasturias.com\/magazine365\/wp-content\/uploads\/2015\/05\/edurne.jpg","og:image:width":720,"og:image:height":480,"article:published_time":"2015-05-16T13:39:53+00:00","article:modified_time":"2015-05-16T13:39:53+00:00","twitter:card":"summary_large_image","twitter:title":"Edurne \u00abVamos con una propuesta muy diferente\u00bb | El Digital de Asturias","twitter:description":"Edurne ya est\u00e1 rumbo a Viena, sede de la 60\u00aa edici\u00f3n del Festival de Eurovisi\u00f3n. Este s\u00e1bado, la cantante madrile\u00f1a se ha mostrado ilusionada en el aeropuerto de Madrid y, sobre todo, con muchas ganas de conocer de primera mano el escenario del Wiener Stadhalle y realizar all\u00ed los primeros ensayos: &quot;Estoy contenta, feliz. \u00a1Parece","twitter:image":"https:\/\/eldigitaldeasturias.com\/magazine365\/wp-content\/uploads\/2015\/05\/edurne.jpg"},"aioseo_meta_data":{"post_id":"38353","title":null,"description":null,"keywords":null,"keyphrases":null,"primary_term":null,"canonical_url":null,"og_title":null,"og_description":null,"og_object_type":"default","og_image_type":"default","og_image_url":null,"og_image_width":null,"og_image_height":null,"og_image_custom_url":null,"og_image_custom_fields":null,"og_video":null,"og_custom_url":null,"og_article_section":null,"og_article_tags":null,"twitter_use_og":false,"twitter_card":"default","twitter_image_type":"default","twitter_image_url":null,"twitter_image_custom_url":null,"twitter_image_custom_fields":null,"twitter_title":null,"twitter_description":null,"schema":{"blockGraphs":[],"customGraphs":[],"default":{"data":{"Article":[],"Course":[],"Dataset":[],"FAQPage":[],"Movie":[],"Person":[],"Product":[],"ProductReview":[],"Car":[],"Recipe":[],"Service":[],"SoftwareApplication":[],"WebPage":[]},"graphName":"","isEnabled":true},"graphs":[],"defaultGraph":"","defaultPostTypeGraph":""},"schema_type":null,"schema_type_options":null,"pillar_content":false,"robots_default":true,"robots_noindex":false,"robots_noarchive":false,"robots_nosnippet":false,"robots_nofollow":false,"robots_noimageindex":false,"robots_noodp":false,"robots_notranslate":false,"robots_max_snippet":null,"robots_max_videopreview":null,"robots_max_imagepreview":"large","priority":null,"frequency":null,"location":null,"local_seo":null,"seo_analyzer_scan_date":"2025-09-19 09:23:22","breadcrumb_settings":null,"limit_modified_date":false,"open_ai":null,"ai":null,"created":"2021-03-09 02:54:42","updated":"2025-09-19 09:23:22"},"aioseo_breadcrumb":"<div class=\"aioseo-breadcrumbs\"><span class=\"aioseo-breadcrumb\">\n\t<a href=\"https:\/\/eldigitaldeasturias.com\/magazine365\" title=\"Home\">Home<\/a>\n<\/span><span class=\"aioseo-breadcrumb-separator\">\u2013<\/span><span class=\"aioseo-breadcrumb\">\n\t<a href=\"https:\/\/eldigitaldeasturias.com\/magazine365\/category\/noticias-actualidad\/\" title=\"Noticias y Actualidad\">Noticias y Actualidad<\/a>\n<\/span><span class=\"aioseo-breadcrumb-separator\">\u2013<\/span><span class=\"aioseo-breadcrumb\">\n\t<a href=\"https:\/\/eldigitaldeasturias.com\/magazine365\/edurne-vamos-con-una-propuesta-muy-diferente\/\" title=\"Edurne \u00abVamos con una propuesta muy diferente\u00bb\">Edurne \u00abVamos con una propuesta muy diferente\u00bb<\/a>\n<\/span><\/div>","aioseo_breadcrumb_json":[{"label":"Home","link":"https:\/\/eldigitaldeasturias.com\/magazine365"},{"label":"Noticias y Actualidad","link":"https:\/\/eldigitaldeasturias.com\/magazine365\/category\/noticias-actualidad\/"},{"label":"Edurne \u00abVamos con una propuesta muy diferente\u00bb","link":"https:\/\/eldigitaldeasturias.com\/magazine365\/edurne-vamos-con-una-propuesta-muy-diferente\/"}],"_links":{"self":[{"href":"https:\/\/eldigitaldeasturias.com\/magazine365\/wp-json\/wp\/v2\/posts\/38353","targetHints":{"allow":["GET"]}}],"collection":[{"href":"https:\/\/eldigitaldeasturias.com\/magazine365\/wp-json\/wp\/v2\/posts"}],"about":[{"href":"https:\/\/eldigitaldeasturias.com\/magazine365\/wp-json\/wp\/v2\/types\/post"}],"author":[{"embeddable":true,"href":"https:\/\/eldigitaldeasturias.com\/magazine365\/wp-json\/wp\/v2\/users\/1"}],"replies":[{"embeddable":true,"href":"https:\/\/eldigitaldeasturias.com\/magazine365\/wp-json\/wp\/v2\/comments?post=38353"}],"version-history":[{"count":0,"href":"https:\/\/eldigitaldeasturias.com\/magazine365\/wp-json\/wp\/v2\/posts\/38353\/revisions"}],"wp:featuredmedia":[{"embeddable":true,"href":"https:\/\/eldigitaldeasturias.com\/magazine365\/wp-json\/wp\/v2\/media\/38354"}],"wp:attachment":[{"href":"https:\/\/eldigitaldeasturias.com\/magazine365\/wp-json\/wp\/v2\/media?parent=38353"}],"wp:term":[{"taxonomy":"category","embeddable":true,"href":"https:\/\/eldigitaldeasturias.com\/magazine365\/wp-json\/wp\/v2\/categories?post=38353"},{"taxonomy":"post_tag","embeddable":true,"href":"https:\/\/eldigitaldeasturias.com\/magazine365\/wp-json\/wp\/v2\/tags?post=38353"}],"curies":[{"name":"wp","href":"https:\/\/api.w.org\/{rel}","templated":true}]}}