{"id":38341,"date":"2015-05-16T14:58:58","date_gmt":"2015-05-16T13:28:58","guid":{"rendered":"http:\/\/eldigitaldeasturias.com\/magazine365\/?p=38341"},"modified":"2015-05-16T14:58:58","modified_gmt":"2015-05-16T13:28:58","slug":"la-fundacio-cim-upc-presenta-en-sociedad-bcn3d-technologies","status":"publish","type":"post","link":"https:\/\/eldigitaldeasturias.com\/magazine365\/la-fundacio-cim-upc-presenta-en-sociedad-bcn3d-technologies\/","title":{"rendered":"La FUNDACI\u00d3 CIM-UPC presenta en sociedad BCN3D Technologies"},"content":{"rendered":"<p><img fetchpriority=\"high\" decoding=\"async\" class=\"alignleft size-medium wp-image-38342\" src=\"https:\/\/eldigitaldeasturias.com\/magazine365\/wp-content\/uploads\/2015\/05\/1431599822_impresoras-360x236.png\" alt=\"1431599822_impresoras\" width=\"360\" height=\"236\" srcset=\"https:\/\/eldigitaldeasturias.com\/magazine365\/wp-content\/uploads\/2015\/05\/1431599822_impresoras-360x236.png 360w, https:\/\/eldigitaldeasturias.com\/magazine365\/wp-content\/uploads\/2015\/05\/1431599822_impresoras-150x98.png 150w, https:\/\/eldigitaldeasturias.com\/magazine365\/wp-content\/uploads\/2015\/05\/1431599822_impresoras-450x295.png 450w, https:\/\/eldigitaldeasturias.com\/magazine365\/wp-content\/uploads\/2015\/05\/1431599822_impresoras-84x55.png 84w, https:\/\/eldigitaldeasturias.com\/magazine365\/wp-content\/uploads\/2015\/05\/1431599822_impresoras.png 562w\" sizes=\"(max-width: 360px) 100vw, 360px\" \/>LaFundaci\u00f3 CIM de la Universitat Polit\u00e8cnica de Catalunya (UPC) presenta su nuevo proyecto que revolucionar\u00e1 el mundo de la Impresi\u00f3n 3D: BCN3D Technologies.<\/p>\n<p>La iniciativa RepRapBCN, nacida en la Fundaci\u00f3 CIM de la Universitat Polit\u00e8cnica de Catalunya (UPC) hace cuatro a\u00f1os, se reinventa y renace con m\u00e1s fuerza, nuevos objetivos y m\u00e1s productos que ofrecer bajo el amparo de una nueva denominaci\u00f3n, creada para fomentar la participaci\u00f3n activa del usuario en el proceso de fabricaci\u00f3n personal.<\/p>\n<p>Ya no es suficiente con dotar a la sociedad de impresoras 3D. En el \u00e1mbito de la innovaci\u00f3n tecnol\u00f3gica, BCN3D Technologies pretende transformar la sociedad del consumo en la que vivimos desde principios del siglo XX en una sociedad productora de sus propias ideas, involucr\u00e1ndonos a todos en el desarrollo de tecnolog\u00edas participativas, d\u00f3nde son los propios usuarios los que fabrican sus herramientas y proyectos reales. Adem\u00e1s tambi\u00e9n toma relieve la fusi\u00f3n de diferentes tecnolog\u00edas de fabricaci\u00f3n digital que permite obtener productos que de otra manera no se hubieran podido materializar.<\/p>\n<p>Para conseguirlo, la nueva secci\u00f3n de la Fundaci\u00f3 CIM plantea dos vertientes de acci\u00f3n: nuevos productos que acerquen a los usuarios, no solo la impresi\u00f3n 3D, sino tambi\u00e9n, las posibilidades de fabricaci\u00f3n digital actuales y un programa formativo que ayude al usuario a dise\u00f1ar y fabricar con esas mismas t\u00e9cnicas.<\/p>\n<p>En cuanto a los nuevos productos, BCN3D Technologies est\u00e1 trabajando actualmente en 3 nuevas tecnolog\u00edas, bajo el programa formativo 3D Training, que cubre los diferentes estadios de la concepci\u00f3n y realizaci\u00f3n de un objeto o producto. Es decir, el dise\u00f1o, la fabricaci\u00f3n y la puesta en funcionamiento de aquello fabricado:<\/p>\n<p>Design for Digital Manufacturing. Actualmente, las impresoras 3D est\u00e1n cada vez m\u00e1s extendidas, pero su uso est\u00e1 muchas veces limitado a la duplicaci\u00f3n de piezas. Sin embargo, existe la necesidad de acercar el mundo del dise\u00f1o asistido por ordenador de una manera entendedora al gran p\u00fablico, de manera que aquel que tenga una impresora 3D pueda no s\u00f3lo fabricar las piezas dise\u00f1adas por otro, sino dise\u00f1ar desde cero un elemento que luego pueda imprimir o fabricar.<\/p>\n<p>A este respecto, BCN3D Technologies en breve lanzar\u00e1 al mercado la impresora BCN Lux, una m\u00e1quina basada en el sistema de fabricaci\u00f3n DLP (Direct Light Processing). Con ella, se pueden fabricar piezas de grand\u00edsima resoluci\u00f3n con distintas resinas de diferente shore (dureza). La misma alberga un gran volumen de fabricaci\u00f3n, que permite la fabricaci\u00f3n de piezas de gran tama\u00f1o con una calidad de detalle muy elevada. Entre sus caracter\u00edsticas t\u00e9cnicas destacan. sistema de fabricaci\u00f3n DLP (Direct Light Processing). Superficie de fabricaci\u00f3n: Eje x: 250 mm \/ Eje y: 140 mm \/ Eje z: 300 mm. Por otro lado, altura de capa 0,025 mm; dimensiones externas 545x460x1650 mm; conexi\u00f3n: USB; consumo el\u00e9ctrico de 200 W; sistema de proyecci\u00f3n que utiliza un proyector 250 W 1080 p; pantalla: TouchPAD Resistivo Full Color; resinas utilizables libres, aunque se recomienda FUNTODO.<\/p>\n","protected":false},"excerpt":{"rendered":"<p>LaFundaci\u00f3 CIM de la Universitat Polit\u00e8cnica de Catalunya (UPC) presenta su nuevo proyecto que revolucionar\u00e1 el mundo de la Impresi\u00f3n 3D: BCN3D Technologies. La iniciativa RepRapBCN, nacida en la Fundaci\u00f3 CIM de la Universitat Polit\u00e8cnica de Catalunya (UPC) hace cuatro a\u00f1os, se reinventa y renace con m\u00e1s fuerza, nuevos objetivos y m\u00e1s productos que ofrecer<\/p>\n","protected":false},"author":1,"featured_media":38342,"comment_status":"open","ping_status":"closed","sticky":false,"template":"","format":"standard","meta":{"footnotes":""},"categories":[224],"tags":[],"class_list":{"0":"post-38341","1":"post","2":"type-post","3":"status-publish","4":"format-standard","5":"has-post-thumbnail","7":"category-noticias-actualidad"},"aioseo_notices":[],"aioseo_head":"\n\t\t<!-- All in One SEO Pro 4.9.6.1 - aioseo.com -->\n\t<meta name=\"description\" content=\"LaFundaci\u00f3 CIM de la Universitat Polit\u00e8cnica de Catalunya (UPC) presenta su nuevo proyecto que revolucionar\u00e1 el mundo de la Impresi\u00f3n 3D: BCN3D Technologies. La iniciativa RepRapBCN, nacida en la Fundaci\u00f3 CIM de la Universitat Polit\u00e8cnica de Catalunya (UPC) hace cuatro a\u00f1os, se reinventa y renace con m\u00e1s fuerza, nuevos objetivos y m\u00e1s productos que ofrecer\" \/>\n\t<meta name=\"robots\" content=\"max-image-preview:large\" \/>\n\t<meta name=\"author\" content=\"admin\"\/>\n\t<meta name=\"google-site-verification\" content=\"UA-38556648-1\" \/>\n\t<meta name=\"keywords\" content=\"noticias y actualidad\" \/>\n\t<link rel=\"canonical\" href=\"https:\/\/eldigitaldeasturias.com\/magazine365\/la-fundacio-cim-upc-presenta-en-sociedad-bcn3d-technologies\/\" \/>\n\t<meta name=\"generator\" content=\"All in One SEO Pro (AIOSEO) 4.9.6.1\" \/>\n\t\t<meta property=\"og:locale\" content=\"es_ES\" \/>\n\t\t<meta property=\"og:site_name\" content=\"El Digital de Asturias \u2013 Revista de ocio, turismo y estilo de vida\" \/>\n\t\t<meta property=\"og:type\" content=\"article\" \/>\n\t\t<meta property=\"og:title\" content=\"La FUNDACI\u00d3 CIM-UPC presenta en sociedad BCN3D Technologies | El Digital de Asturias\" \/>\n\t\t<meta property=\"og:description\" content=\"LaFundaci\u00f3 CIM de la Universitat Polit\u00e8cnica de Catalunya (UPC) presenta su nuevo proyecto que revolucionar\u00e1 el mundo de la Impresi\u00f3n 3D: BCN3D Technologies. La iniciativa RepRapBCN, nacida en la Fundaci\u00f3 CIM de la Universitat Polit\u00e8cnica de Catalunya (UPC) hace cuatro a\u00f1os, se reinventa y renace con m\u00e1s fuerza, nuevos objetivos y m\u00e1s productos que ofrecer\" \/>\n\t\t<meta property=\"og:url\" content=\"https:\/\/eldigitaldeasturias.com\/magazine365\/la-fundacio-cim-upc-presenta-en-sociedad-bcn3d-technologies\/\" \/>\n\t\t<meta property=\"og:image\" content=\"https:\/\/eldigitaldeasturias.com\/magazine365\/wp-content\/uploads\/2015\/05\/1431599822_impresoras.png\" \/>\n\t\t<meta property=\"og:image:secure_url\" content=\"https:\/\/eldigitaldeasturias.com\/magazine365\/wp-content\/uploads\/2015\/05\/1431599822_impresoras.png\" \/>\n\t\t<meta property=\"og:image:width\" content=\"562\" \/>\n\t\t<meta property=\"og:image:height\" content=\"368\" \/>\n\t\t<meta property=\"article:published_time\" content=\"2015-05-16T13:28:58+00:00\" \/>\n\t\t<meta property=\"article:modified_time\" content=\"2015-05-16T13:28:58+00:00\" \/>\n\t\t<meta name=\"twitter:card\" content=\"summary_large_image\" \/>\n\t\t<meta name=\"twitter:title\" content=\"La FUNDACI\u00d3 CIM-UPC presenta en sociedad BCN3D Technologies | El Digital de Asturias\" \/>\n\t\t<meta name=\"twitter:description\" content=\"LaFundaci\u00f3 CIM de la Universitat Polit\u00e8cnica de Catalunya (UPC) presenta su nuevo proyecto que revolucionar\u00e1 el mundo de la Impresi\u00f3n 3D: BCN3D Technologies. La iniciativa RepRapBCN, nacida en la Fundaci\u00f3 CIM de la Universitat Polit\u00e8cnica de Catalunya (UPC) hace cuatro a\u00f1os, se reinventa y renace con m\u00e1s fuerza, nuevos objetivos y m\u00e1s productos que ofrecer\" \/>\n\t\t<meta name=\"twitter:image\" content=\"https:\/\/eldigitaldeasturias.com\/magazine365\/wp-content\/uploads\/2015\/05\/1431599822_impresoras.png\" \/>\n\t\t<script type=\"application\/ld+json\" class=\"aioseo-schema\">\n\t\t\t{\"@context\":\"https:\\\/\\\/schema.org\",\"@graph\":[{\"@type\":\"Article\",\"@id\":\"https:\\\/\\\/eldigitaldeasturias.com\\\/magazine365\\\/la-fundacio-cim-upc-presenta-en-sociedad-bcn3d-technologies\\\/#article\",\"name\":\"La FUNDACI\\u00d3 CIM-UPC presenta en sociedad BCN3D Technologies | El Digital de Asturias\",\"headline\":\"La FUNDACI\\u00d3 CIM-UPC presenta en sociedad BCN3D Technologies\",\"author\":{\"@id\":\"https:\\\/\\\/eldigitaldeasturias.com\\\/magazine365\\\/author\\\/admin\\\/#author\"},\"publisher\":{\"@id\":\"https:\\\/\\\/eldigitaldeasturias.com\\\/magazine365\\\/#organization\"},\"image\":{\"@type\":\"ImageObject\",\"url\":\"https:\\\/\\\/eldigitaldeasturias.com\\\/magazine365\\\/wp-content\\\/uploads\\\/2015\\\/05\\\/1431599822_impresoras.png\",\"width\":562,\"height\":368},\"datePublished\":\"2015-05-16T14:58:58+02:00\",\"dateModified\":\"2015-05-16T14:58:58+02:00\",\"inLanguage\":\"es-ES\",\"mainEntityOfPage\":{\"@id\":\"https:\\\/\\\/eldigitaldeasturias.com\\\/magazine365\\\/la-fundacio-cim-upc-presenta-en-sociedad-bcn3d-technologies\\\/#webpage\"},\"isPartOf\":{\"@id\":\"https:\\\/\\\/eldigitaldeasturias.com\\\/magazine365\\\/la-fundacio-cim-upc-presenta-en-sociedad-bcn3d-technologies\\\/#webpage\"},\"articleSection\":\"Noticias y Actualidad\"},{\"@type\":\"BreadcrumbList\",\"@id\":\"https:\\\/\\\/eldigitaldeasturias.com\\\/magazine365\\\/la-fundacio-cim-upc-presenta-en-sociedad-bcn3d-technologies\\\/#breadcrumblist\",\"itemListElement\":[{\"@type\":\"ListItem\",\"@id\":\"https:\\\/\\\/eldigitaldeasturias.com\\\/magazine365#listItem\",\"position\":1,\"name\":\"Home\",\"item\":\"https:\\\/\\\/eldigitaldeasturias.com\\\/magazine365\",\"nextItem\":{\"@type\":\"ListItem\",\"@id\":\"https:\\\/\\\/eldigitaldeasturias.com\\\/magazine365\\\/category\\\/noticias-actualidad\\\/#listItem\",\"name\":\"Noticias y Actualidad\"}},{\"@type\":\"ListItem\",\"@id\":\"https:\\\/\\\/eldigitaldeasturias.com\\\/magazine365\\\/category\\\/noticias-actualidad\\\/#listItem\",\"position\":2,\"name\":\"Noticias y Actualidad\",\"item\":\"https:\\\/\\\/eldigitaldeasturias.com\\\/magazine365\\\/category\\\/noticias-actualidad\\\/\",\"nextItem\":{\"@type\":\"ListItem\",\"@id\":\"https:\\\/\\\/eldigitaldeasturias.com\\\/magazine365\\\/la-fundacio-cim-upc-presenta-en-sociedad-bcn3d-technologies\\\/#listItem\",\"name\":\"La FUNDACI\\u00d3 CIM-UPC presenta en sociedad BCN3D Technologies\"},\"previousItem\":{\"@type\":\"ListItem\",\"@id\":\"https:\\\/\\\/eldigitaldeasturias.com\\\/magazine365#listItem\",\"name\":\"Home\"}},{\"@type\":\"ListItem\",\"@id\":\"https:\\\/\\\/eldigitaldeasturias.com\\\/magazine365\\\/la-fundacio-cim-upc-presenta-en-sociedad-bcn3d-technologies\\\/#listItem\",\"position\":3,\"name\":\"La FUNDACI\\u00d3 CIM-UPC presenta en sociedad BCN3D Technologies\",\"previousItem\":{\"@type\":\"ListItem\",\"@id\":\"https:\\\/\\\/eldigitaldeasturias.com\\\/magazine365\\\/category\\\/noticias-actualidad\\\/#listItem\",\"name\":\"Noticias y Actualidad\"}}]},{\"@type\":\"Organization\",\"@id\":\"https:\\\/\\\/eldigitaldeasturias.com\\\/magazine365\\\/#organization\",\"name\":\"El digital de Asturias\",\"description\":\"Revista de ocio, turismo y estilo de vida\",\"url\":\"https:\\\/\\\/eldigitaldeasturias.com\\\/magazine365\\\/\",\"logo\":{\"@type\":\"ImageObject\",\"url\":\"https:\\\/\\\/www.eldigitaldeasturias.com\\\/noticias\\\/wp-content\\\/uploads\\\/2020\\\/12\\\/EDA.jpg\",\"@id\":\"https:\\\/\\\/eldigitaldeasturias.com\\\/magazine365\\\/la-fundacio-cim-upc-presenta-en-sociedad-bcn3d-technologies\\\/#organizationLogo\"},\"image\":{\"@id\":\"https:\\\/\\\/eldigitaldeasturias.com\\\/magazine365\\\/la-fundacio-cim-upc-presenta-en-sociedad-bcn3d-technologies\\\/#organizationLogo\"}},{\"@type\":\"Person\",\"@id\":\"https:\\\/\\\/eldigitaldeasturias.com\\\/magazine365\\\/author\\\/admin\\\/#author\",\"url\":\"https:\\\/\\\/eldigitaldeasturias.com\\\/magazine365\\\/author\\\/admin\\\/\",\"name\":\"admin\",\"image\":{\"@type\":\"ImageObject\",\"@id\":\"https:\\\/\\\/eldigitaldeasturias.com\\\/magazine365\\\/la-fundacio-cim-upc-presenta-en-sociedad-bcn3d-technologies\\\/#authorImage\",\"url\":\"https:\\\/\\\/eldigitaldeasturias.com\\\/magazine365\\\/wp-content\\\/litespeed\\\/avatar\\\/e571bcf59a0edd6fa6838245a470f2fe.jpg?ver=1776969259\",\"width\":96,\"height\":96,\"caption\":\"admin\"}},{\"@type\":\"WebPage\",\"@id\":\"https:\\\/\\\/eldigitaldeasturias.com\\\/magazine365\\\/la-fundacio-cim-upc-presenta-en-sociedad-bcn3d-technologies\\\/#webpage\",\"url\":\"https:\\\/\\\/eldigitaldeasturias.com\\\/magazine365\\\/la-fundacio-cim-upc-presenta-en-sociedad-bcn3d-technologies\\\/\",\"name\":\"La FUNDACI\\u00d3 CIM-UPC presenta en sociedad BCN3D Technologies | El Digital de Asturias\",\"description\":\"LaFundaci\\u00f3 CIM de la Universitat Polit\\u00e8cnica de Catalunya (UPC) presenta su nuevo proyecto que revolucionar\\u00e1 el mundo de la Impresi\\u00f3n 3D: BCN3D Technologies. La iniciativa RepRapBCN, nacida en la Fundaci\\u00f3 CIM de la Universitat Polit\\u00e8cnica de Catalunya (UPC) hace cuatro a\\u00f1os, se reinventa y renace con m\\u00e1s fuerza, nuevos objetivos y m\\u00e1s productos que ofrecer\",\"inLanguage\":\"es-ES\",\"isPartOf\":{\"@id\":\"https:\\\/\\\/eldigitaldeasturias.com\\\/magazine365\\\/#website\"},\"breadcrumb\":{\"@id\":\"https:\\\/\\\/eldigitaldeasturias.com\\\/magazine365\\\/la-fundacio-cim-upc-presenta-en-sociedad-bcn3d-technologies\\\/#breadcrumblist\"},\"author\":{\"@id\":\"https:\\\/\\\/eldigitaldeasturias.com\\\/magazine365\\\/author\\\/admin\\\/#author\"},\"creator\":{\"@id\":\"https:\\\/\\\/eldigitaldeasturias.com\\\/magazine365\\\/author\\\/admin\\\/#author\"},\"image\":{\"@type\":\"ImageObject\",\"url\":\"https:\\\/\\\/eldigitaldeasturias.com\\\/magazine365\\\/wp-content\\\/uploads\\\/2015\\\/05\\\/1431599822_impresoras.png\",\"@id\":\"https:\\\/\\\/eldigitaldeasturias.com\\\/magazine365\\\/la-fundacio-cim-upc-presenta-en-sociedad-bcn3d-technologies\\\/#mainImage\",\"width\":562,\"height\":368},\"primaryImageOfPage\":{\"@id\":\"https:\\\/\\\/eldigitaldeasturias.com\\\/magazine365\\\/la-fundacio-cim-upc-presenta-en-sociedad-bcn3d-technologies\\\/#mainImage\"},\"datePublished\":\"2015-05-16T14:58:58+02:00\",\"dateModified\":\"2015-05-16T14:58:58+02:00\"},{\"@type\":\"WebSite\",\"@id\":\"https:\\\/\\\/eldigitaldeasturias.com\\\/magazine365\\\/#website\",\"url\":\"https:\\\/\\\/eldigitaldeasturias.com\\\/magazine365\\\/\",\"name\":\"El Digital de Asturias\",\"description\":\"Revista de ocio, turismo y estilo de vida\",\"inLanguage\":\"es-ES\",\"publisher\":{\"@id\":\"https:\\\/\\\/eldigitaldeasturias.com\\\/magazine365\\\/#organization\"}}]}\n\t\t<\/script>\n\t\t<!-- All in One SEO Pro -->\r\n\t\t<title>La FUNDACI\u00d3 CIM-UPC presenta en sociedad BCN3D Technologies | El Digital de Asturias<\/title>\n\n","aioseo_head_json":{"title":"La FUNDACI\u00d3 CIM-UPC presenta en sociedad BCN3D Technologies | El Digital de Asturias","description":"LaFundaci\u00f3 CIM de la Universitat Polit\u00e8cnica de Catalunya (UPC) presenta su nuevo proyecto que revolucionar\u00e1 el mundo de la Impresi\u00f3n 3D: BCN3D Technologies. La iniciativa RepRapBCN, nacida en la Fundaci\u00f3 CIM de la Universitat Polit\u00e8cnica de Catalunya (UPC) hace cuatro a\u00f1os, se reinventa y renace con m\u00e1s fuerza, nuevos objetivos y m\u00e1s productos que ofrecer","canonical_url":"https:\/\/eldigitaldeasturias.com\/magazine365\/la-fundacio-cim-upc-presenta-en-sociedad-bcn3d-technologies\/","robots":"max-image-preview:large","keywords":"noticias y actualidad","webmasterTools":{"google-site-verification":"UA-38556648-1","miscellaneous":""},"schema":{"@context":"https:\/\/schema.org","@graph":[{"@type":"Article","@id":"https:\/\/eldigitaldeasturias.com\/magazine365\/la-fundacio-cim-upc-presenta-en-sociedad-bcn3d-technologies\/#article","name":"La FUNDACI\u00d3 CIM-UPC presenta en sociedad BCN3D Technologies | El Digital de Asturias","headline":"La FUNDACI\u00d3 CIM-UPC presenta en sociedad BCN3D Technologies","author":{"@id":"https:\/\/eldigitaldeasturias.com\/magazine365\/author\/admin\/#author"},"publisher":{"@id":"https:\/\/eldigitaldeasturias.com\/magazine365\/#organization"},"image":{"@type":"ImageObject","url":"https:\/\/eldigitaldeasturias.com\/magazine365\/wp-content\/uploads\/2015\/05\/1431599822_impresoras.png","width":562,"height":368},"datePublished":"2015-05-16T14:58:58+02:00","dateModified":"2015-05-16T14:58:58+02:00","inLanguage":"es-ES","mainEntityOfPage":{"@id":"https:\/\/eldigitaldeasturias.com\/magazine365\/la-fundacio-cim-upc-presenta-en-sociedad-bcn3d-technologies\/#webpage"},"isPartOf":{"@id":"https:\/\/eldigitaldeasturias.com\/magazine365\/la-fundacio-cim-upc-presenta-en-sociedad-bcn3d-technologies\/#webpage"},"articleSection":"Noticias y Actualidad"},{"@type":"BreadcrumbList","@id":"https:\/\/eldigitaldeasturias.com\/magazine365\/la-fundacio-cim-upc-presenta-en-sociedad-bcn3d-technologies\/#breadcrumblist","itemListElement":[{"@type":"ListItem","@id":"https:\/\/eldigitaldeasturias.com\/magazine365#listItem","position":1,"name":"Home","item":"https:\/\/eldigitaldeasturias.com\/magazine365","nextItem":{"@type":"ListItem","@id":"https:\/\/eldigitaldeasturias.com\/magazine365\/category\/noticias-actualidad\/#listItem","name":"Noticias y Actualidad"}},{"@type":"ListItem","@id":"https:\/\/eldigitaldeasturias.com\/magazine365\/category\/noticias-actualidad\/#listItem","position":2,"name":"Noticias y Actualidad","item":"https:\/\/eldigitaldeasturias.com\/magazine365\/category\/noticias-actualidad\/","nextItem":{"@type":"ListItem","@id":"https:\/\/eldigitaldeasturias.com\/magazine365\/la-fundacio-cim-upc-presenta-en-sociedad-bcn3d-technologies\/#listItem","name":"La FUNDACI\u00d3 CIM-UPC presenta en sociedad BCN3D Technologies"},"previousItem":{"@type":"ListItem","@id":"https:\/\/eldigitaldeasturias.com\/magazine365#listItem","name":"Home"}},{"@type":"ListItem","@id":"https:\/\/eldigitaldeasturias.com\/magazine365\/la-fundacio-cim-upc-presenta-en-sociedad-bcn3d-technologies\/#listItem","position":3,"name":"La FUNDACI\u00d3 CIM-UPC presenta en sociedad BCN3D Technologies","previousItem":{"@type":"ListItem","@id":"https:\/\/eldigitaldeasturias.com\/magazine365\/category\/noticias-actualidad\/#listItem","name":"Noticias y Actualidad"}}]},{"@type":"Organization","@id":"https:\/\/eldigitaldeasturias.com\/magazine365\/#organization","name":"El digital de Asturias","description":"Revista de ocio, turismo y estilo de vida","url":"https:\/\/eldigitaldeasturias.com\/magazine365\/","logo":{"@type":"ImageObject","url":"https:\/\/www.eldigitaldeasturias.com\/noticias\/wp-content\/uploads\/2020\/12\/EDA.jpg","@id":"https:\/\/eldigitaldeasturias.com\/magazine365\/la-fundacio-cim-upc-presenta-en-sociedad-bcn3d-technologies\/#organizationLogo"},"image":{"@id":"https:\/\/eldigitaldeasturias.com\/magazine365\/la-fundacio-cim-upc-presenta-en-sociedad-bcn3d-technologies\/#organizationLogo"}},{"@type":"Person","@id":"https:\/\/eldigitaldeasturias.com\/magazine365\/author\/admin\/#author","url":"https:\/\/eldigitaldeasturias.com\/magazine365\/author\/admin\/","name":"admin","image":{"@type":"ImageObject","@id":"https:\/\/eldigitaldeasturias.com\/magazine365\/la-fundacio-cim-upc-presenta-en-sociedad-bcn3d-technologies\/#authorImage","url":"https:\/\/eldigitaldeasturias.com\/magazine365\/wp-content\/litespeed\/avatar\/e571bcf59a0edd6fa6838245a470f2fe.jpg?ver=1776969259","width":96,"height":96,"caption":"admin"}},{"@type":"WebPage","@id":"https:\/\/eldigitaldeasturias.com\/magazine365\/la-fundacio-cim-upc-presenta-en-sociedad-bcn3d-technologies\/#webpage","url":"https:\/\/eldigitaldeasturias.com\/magazine365\/la-fundacio-cim-upc-presenta-en-sociedad-bcn3d-technologies\/","name":"La FUNDACI\u00d3 CIM-UPC presenta en sociedad BCN3D Technologies | El Digital de Asturias","description":"LaFundaci\u00f3 CIM de la Universitat Polit\u00e8cnica de Catalunya (UPC) presenta su nuevo proyecto que revolucionar\u00e1 el mundo de la Impresi\u00f3n 3D: BCN3D Technologies. La iniciativa RepRapBCN, nacida en la Fundaci\u00f3 CIM de la Universitat Polit\u00e8cnica de Catalunya (UPC) hace cuatro a\u00f1os, se reinventa y renace con m\u00e1s fuerza, nuevos objetivos y m\u00e1s productos que ofrecer","inLanguage":"es-ES","isPartOf":{"@id":"https:\/\/eldigitaldeasturias.com\/magazine365\/#website"},"breadcrumb":{"@id":"https:\/\/eldigitaldeasturias.com\/magazine365\/la-fundacio-cim-upc-presenta-en-sociedad-bcn3d-technologies\/#breadcrumblist"},"author":{"@id":"https:\/\/eldigitaldeasturias.com\/magazine365\/author\/admin\/#author"},"creator":{"@id":"https:\/\/eldigitaldeasturias.com\/magazine365\/author\/admin\/#author"},"image":{"@type":"ImageObject","url":"https:\/\/eldigitaldeasturias.com\/magazine365\/wp-content\/uploads\/2015\/05\/1431599822_impresoras.png","@id":"https:\/\/eldigitaldeasturias.com\/magazine365\/la-fundacio-cim-upc-presenta-en-sociedad-bcn3d-technologies\/#mainImage","width":562,"height":368},"primaryImageOfPage":{"@id":"https:\/\/eldigitaldeasturias.com\/magazine365\/la-fundacio-cim-upc-presenta-en-sociedad-bcn3d-technologies\/#mainImage"},"datePublished":"2015-05-16T14:58:58+02:00","dateModified":"2015-05-16T14:58:58+02:00"},{"@type":"WebSite","@id":"https:\/\/eldigitaldeasturias.com\/magazine365\/#website","url":"https:\/\/eldigitaldeasturias.com\/magazine365\/","name":"El Digital de Asturias","description":"Revista de ocio, turismo y estilo de vida","inLanguage":"es-ES","publisher":{"@id":"https:\/\/eldigitaldeasturias.com\/magazine365\/#organization"}}]},"og:locale":"es_ES","og:site_name":"El Digital de Asturias \u2013 Revista de ocio, turismo y estilo de vida","og:type":"article","og:title":"La FUNDACI\u00d3 CIM-UPC presenta en sociedad BCN3D Technologies | El Digital de Asturias","og:description":"LaFundaci\u00f3 CIM de la Universitat Polit\u00e8cnica de Catalunya (UPC) presenta su nuevo proyecto que revolucionar\u00e1 el mundo de la Impresi\u00f3n 3D: BCN3D Technologies. La iniciativa RepRapBCN, nacida en la Fundaci\u00f3 CIM de la Universitat Polit\u00e8cnica de Catalunya (UPC) hace cuatro a\u00f1os, se reinventa y renace con m\u00e1s fuerza, nuevos objetivos y m\u00e1s productos que ofrecer","og:url":"https:\/\/eldigitaldeasturias.com\/magazine365\/la-fundacio-cim-upc-presenta-en-sociedad-bcn3d-technologies\/","og:image":"https:\/\/eldigitaldeasturias.com\/magazine365\/wp-content\/uploads\/2015\/05\/1431599822_impresoras.png","og:image:secure_url":"https:\/\/eldigitaldeasturias.com\/magazine365\/wp-content\/uploads\/2015\/05\/1431599822_impresoras.png","og:image:width":562,"og:image:height":368,"article:published_time":"2015-05-16T13:28:58+00:00","article:modified_time":"2015-05-16T13:28:58+00:00","twitter:card":"summary_large_image","twitter:title":"La FUNDACI\u00d3 CIM-UPC presenta en sociedad BCN3D Technologies | El Digital de Asturias","twitter:description":"LaFundaci\u00f3 CIM de la Universitat Polit\u00e8cnica de Catalunya (UPC) presenta su nuevo proyecto que revolucionar\u00e1 el mundo de la Impresi\u00f3n 3D: BCN3D Technologies. La iniciativa RepRapBCN, nacida en la Fundaci\u00f3 CIM de la Universitat Polit\u00e8cnica de Catalunya (UPC) hace cuatro a\u00f1os, se reinventa y renace con m\u00e1s fuerza, nuevos objetivos y m\u00e1s productos que ofrecer","twitter:image":"https:\/\/eldigitaldeasturias.com\/magazine365\/wp-content\/uploads\/2015\/05\/1431599822_impresoras.png"},"aioseo_meta_data":{"post_id":"38341","title":null,"description":null,"keywords":null,"keyphrases":null,"primary_term":null,"canonical_url":null,"og_title":null,"og_description":null,"og_object_type":"default","og_image_type":"default","og_image_url":null,"og_image_width":null,"og_image_height":null,"og_image_custom_url":null,"og_image_custom_fields":null,"og_video":null,"og_custom_url":null,"og_article_section":null,"og_article_tags":null,"twitter_use_og":false,"twitter_card":"default","twitter_image_type":"default","twitter_image_url":null,"twitter_image_custom_url":null,"twitter_image_custom_fields":null,"twitter_title":null,"twitter_description":null,"schema":{"blockGraphs":[],"customGraphs":[],"default":{"data":{"Article":[],"Course":[],"Dataset":[],"FAQPage":[],"Movie":[],"Person":[],"Product":[],"ProductReview":[],"Car":[],"Recipe":[],"Service":[],"SoftwareApplication":[],"WebPage":[]},"graphName":"","isEnabled":true},"graphs":[],"defaultGraph":"","defaultPostTypeGraph":""},"schema_type":null,"schema_type_options":null,"pillar_content":false,"robots_default":true,"robots_noindex":false,"robots_noarchive":false,"robots_nosnippet":false,"robots_nofollow":false,"robots_noimageindex":false,"robots_noodp":false,"robots_notranslate":false,"robots_max_snippet":null,"robots_max_videopreview":null,"robots_max_imagepreview":"large","priority":null,"frequency":null,"location":null,"local_seo":null,"seo_analyzer_scan_date":"2025-09-19 09:20:06","breadcrumb_settings":null,"limit_modified_date":false,"open_ai":null,"ai":null,"created":"2021-03-09 02:54:42","updated":"2025-09-19 09:20:06"},"aioseo_breadcrumb":"<div class=\"aioseo-breadcrumbs\"><span class=\"aioseo-breadcrumb\">\n\t<a href=\"https:\/\/eldigitaldeasturias.com\/magazine365\" title=\"Home\">Home<\/a>\n<\/span><span class=\"aioseo-breadcrumb-separator\">\u2013<\/span><span class=\"aioseo-breadcrumb\">\n\t<a href=\"https:\/\/eldigitaldeasturias.com\/magazine365\/category\/noticias-actualidad\/\" title=\"Noticias y Actualidad\">Noticias y Actualidad<\/a>\n<\/span><span class=\"aioseo-breadcrumb-separator\">\u2013<\/span><span class=\"aioseo-breadcrumb\">\n\t<a href=\"https:\/\/eldigitaldeasturias.com\/magazine365\/la-fundacio-cim-upc-presenta-en-sociedad-bcn3d-technologies\/\" title=\"La FUNDACI\u00d3 CIM-UPC presenta en sociedad BCN3D Technologies\">La FUNDACI\u00d3 CIM-UPC presenta en sociedad BCN3D Technologies<\/a>\n<\/span><\/div>","aioseo_breadcrumb_json":[{"label":"Home","link":"https:\/\/eldigitaldeasturias.com\/magazine365"},{"label":"Noticias y Actualidad","link":"https:\/\/eldigitaldeasturias.com\/magazine365\/category\/noticias-actualidad\/"},{"label":"La FUNDACI\u00d3 CIM-UPC presenta en sociedad BCN3D Technologies","link":"https:\/\/eldigitaldeasturias.com\/magazine365\/la-fundacio-cim-upc-presenta-en-sociedad-bcn3d-technologies\/"}],"_links":{"self":[{"href":"https:\/\/eldigitaldeasturias.com\/magazine365\/wp-json\/wp\/v2\/posts\/38341","targetHints":{"allow":["GET"]}}],"collection":[{"href":"https:\/\/eldigitaldeasturias.com\/magazine365\/wp-json\/wp\/v2\/posts"}],"about":[{"href":"https:\/\/eldigitaldeasturias.com\/magazine365\/wp-json\/wp\/v2\/types\/post"}],"author":[{"embeddable":true,"href":"https:\/\/eldigitaldeasturias.com\/magazine365\/wp-json\/wp\/v2\/users\/1"}],"replies":[{"embeddable":true,"href":"https:\/\/eldigitaldeasturias.com\/magazine365\/wp-json\/wp\/v2\/comments?post=38341"}],"version-history":[{"count":0,"href":"https:\/\/eldigitaldeasturias.com\/magazine365\/wp-json\/wp\/v2\/posts\/38341\/revisions"}],"wp:featuredmedia":[{"embeddable":true,"href":"https:\/\/eldigitaldeasturias.com\/magazine365\/wp-json\/wp\/v2\/media\/38342"}],"wp:attachment":[{"href":"https:\/\/eldigitaldeasturias.com\/magazine365\/wp-json\/wp\/v2\/media?parent=38341"}],"wp:term":[{"taxonomy":"category","embeddable":true,"href":"https:\/\/eldigitaldeasturias.com\/magazine365\/wp-json\/wp\/v2\/categories?post=38341"},{"taxonomy":"post_tag","embeddable":true,"href":"https:\/\/eldigitaldeasturias.com\/magazine365\/wp-json\/wp\/v2\/tags?post=38341"}],"curies":[{"name":"wp","href":"https:\/\/api.w.org\/{rel}","templated":true}]}}