{"id":38334,"date":"2015-05-16T13:16:45","date_gmt":"2015-05-16T11:46:45","guid":{"rendered":"http:\/\/eldigitaldeasturias.com\/magazine365\/?p=38334"},"modified":"2015-05-16T13:16:45","modified_gmt":"2015-05-16T11:46:45","slug":"victor-manuel-y-miguel-rios-actuan-hoy-en-el-niemeyer-en-un-concierto-solidario","status":"publish","type":"post","link":"https:\/\/eldigitaldeasturias.com\/magazine365\/victor-manuel-y-miguel-rios-actuan-hoy-en-el-niemeyer-en-un-concierto-solidario\/","title":{"rendered":"V\u00edctor Manuel y Miguel R\u00edos act\u00faan hoy en el Niemeyer en un concierto solidario"},"content":{"rendered":"<p><img fetchpriority=\"high\" decoding=\"async\" class=\"alignleft size-medium wp-image-38335\" src=\"https:\/\/eldigitaldeasturias.com\/magazine365\/wp-content\/uploads\/2015\/05\/fotonoticia_20150516102941_800-360x205.jpg\" alt=\"fotonoticia_20150516102941_800\" width=\"360\" height=\"205\" srcset=\"https:\/\/eldigitaldeasturias.com\/magazine365\/wp-content\/uploads\/2015\/05\/fotonoticia_20150516102941_800-360x205.jpg 360w, https:\/\/eldigitaldeasturias.com\/magazine365\/wp-content\/uploads\/2015\/05\/fotonoticia_20150516102941_800-650x370.jpg 650w, https:\/\/eldigitaldeasturias.com\/magazine365\/wp-content\/uploads\/2015\/05\/fotonoticia_20150516102941_800-768x437.jpg 768w, https:\/\/eldigitaldeasturias.com\/magazine365\/wp-content\/uploads\/2015\/05\/fotonoticia_20150516102941_800-150x85.jpg 150w, https:\/\/eldigitaldeasturias.com\/magazine365\/wp-content\/uploads\/2015\/05\/fotonoticia_20150516102941_800-450x256.jpg 450w, https:\/\/eldigitaldeasturias.com\/magazine365\/wp-content\/uploads\/2015\/05\/fotonoticia_20150516102941_800-696x396.jpg 696w, https:\/\/eldigitaldeasturias.com\/magazine365\/wp-content\/uploads\/2015\/05\/fotonoticia_20150516102941_800-738x420.jpg 738w, https:\/\/eldigitaldeasturias.com\/magazine365\/wp-content\/uploads\/2015\/05\/fotonoticia_20150516102941_800.jpg 800w\" sizes=\"(max-width: 360px) 100vw, 360px\" \/>La Orquesta Sinf\u00f3nica de Siero act\u00faa este s\u00e1bado, a las 20.30 horas, en el Auditorio del Centro Niemeyer, donde ofrecer\u00e1 un concierto solidario que unir\u00e1, de nuevo en un escenario, a dos grandes conocidos de la m\u00fasica espa\u00f1ola, Miguel R\u00edos y V\u00edctor Manuel.<\/p>\n<p>En la actuaci\u00f3n, que supone un concierto solidario para dos proyectos de cooperaci\u00f3n, se interpretar\u00e1n, en versi\u00f3n sinf\u00f3nica, algunos de los temas m\u00e1s emblem\u00e1ticos de los dos artistas, que contar\u00e1n con la participaci\u00f3n del gran saxofonista Andreas Prittwitz.<\/p>\n<p>El concierto ser\u00e1 presentado por Pablo Carbonell, quien tambi\u00e9n interpretar\u00e1 alguno de sus temas en versi\u00f3n sinf\u00f3nica. Lo recaudado se destinar\u00e1 \u00edntegramente a dos proyectos de cooperaci\u00f3n: la construcci\u00f3n de un hospital materno infantil en Mali, que lleva a cabo Medicus Mundi Asturias; y el proyecto de cooperaci\u00f3n internacional V\u00ednculos, cuyo fin es emplear la m\u00fasica como herramienta para la dignidad y las alianzas multiculturales. El precio de la entrada es de 27 euros.<\/p>\n","protected":false},"excerpt":{"rendered":"<p>La Orquesta Sinf\u00f3nica de Siero act\u00faa este s\u00e1bado, a las 20.30 horas, en el Auditorio del Centro Niemeyer, donde ofrecer\u00e1 un concierto solidario que unir\u00e1, de nuevo en un escenario, a dos grandes conocidos de la m\u00fasica espa\u00f1ola, Miguel R\u00edos y V\u00edctor Manuel. En la actuaci\u00f3n, que supone un concierto solidario para dos proyectos de<\/p>\n","protected":false},"author":1,"featured_media":38335,"comment_status":"open","ping_status":"closed","sticky":false,"template":"","format":"standard","meta":{"footnotes":""},"categories":[224],"tags":[],"class_list":{"0":"post-38334","1":"post","2":"type-post","3":"status-publish","4":"format-standard","5":"has-post-thumbnail","7":"category-noticias-actualidad"},"aioseo_notices":[],"aioseo_head":"\n\t\t<!-- All in One SEO Pro 4.9.6.1 - aioseo.com -->\n\t<meta name=\"description\" content=\"La Orquesta Sinf\u00f3nica de Siero act\u00faa este s\u00e1bado, a las 20.30 horas, en el Auditorio del Centro Niemeyer, donde ofrecer\u00e1 un concierto solidario que unir\u00e1, de nuevo en un escenario, a dos grandes conocidos de la m\u00fasica espa\u00f1ola, Miguel R\u00edos y V\u00edctor Manuel. En la actuaci\u00f3n, que supone un concierto solidario para dos proyectos de\" \/>\n\t<meta name=\"robots\" content=\"max-image-preview:large\" \/>\n\t<meta name=\"author\" content=\"admin\"\/>\n\t<meta name=\"google-site-verification\" content=\"UA-38556648-1\" \/>\n\t<meta name=\"keywords\" content=\"noticias y actualidad\" \/>\n\t<link rel=\"canonical\" href=\"https:\/\/eldigitaldeasturias.com\/magazine365\/victor-manuel-y-miguel-rios-actuan-hoy-en-el-niemeyer-en-un-concierto-solidario\/\" \/>\n\t<meta name=\"generator\" content=\"All in One SEO Pro (AIOSEO) 4.9.6.1\" \/>\n\t\t<meta property=\"og:locale\" content=\"es_ES\" \/>\n\t\t<meta property=\"og:site_name\" content=\"El Digital de Asturias \u2013 Revista de ocio, turismo y estilo de vida\" \/>\n\t\t<meta property=\"og:type\" content=\"article\" \/>\n\t\t<meta property=\"og:title\" content=\"V\u00edctor Manuel y Miguel R\u00edos act\u00faan hoy en el Niemeyer en un concierto solidario | El Digital de Asturias\" \/>\n\t\t<meta property=\"og:description\" content=\"La Orquesta Sinf\u00f3nica de Siero act\u00faa este s\u00e1bado, a las 20.30 horas, en el Auditorio del Centro Niemeyer, donde ofrecer\u00e1 un concierto solidario que unir\u00e1, de nuevo en un escenario, a dos grandes conocidos de la m\u00fasica espa\u00f1ola, Miguel R\u00edos y V\u00edctor Manuel. En la actuaci\u00f3n, que supone un concierto solidario para dos proyectos de\" \/>\n\t\t<meta property=\"og:url\" content=\"https:\/\/eldigitaldeasturias.com\/magazine365\/victor-manuel-y-miguel-rios-actuan-hoy-en-el-niemeyer-en-un-concierto-solidario\/\" \/>\n\t\t<meta property=\"og:image\" content=\"https:\/\/eldigitaldeasturias.com\/magazine365\/wp-content\/uploads\/2015\/05\/fotonoticia_20150516102941_800.jpg\" \/>\n\t\t<meta property=\"og:image:secure_url\" content=\"https:\/\/eldigitaldeasturias.com\/magazine365\/wp-content\/uploads\/2015\/05\/fotonoticia_20150516102941_800.jpg\" \/>\n\t\t<meta property=\"og:image:width\" content=\"800\" \/>\n\t\t<meta property=\"og:image:height\" content=\"455\" \/>\n\t\t<meta property=\"article:published_time\" content=\"2015-05-16T11:46:45+00:00\" \/>\n\t\t<meta property=\"article:modified_time\" content=\"2015-05-16T11:46:45+00:00\" \/>\n\t\t<meta name=\"twitter:card\" content=\"summary_large_image\" \/>\n\t\t<meta name=\"twitter:title\" content=\"V\u00edctor Manuel y Miguel R\u00edos act\u00faan hoy en el Niemeyer en un concierto solidario | El Digital de Asturias\" \/>\n\t\t<meta name=\"twitter:description\" content=\"La Orquesta Sinf\u00f3nica de Siero act\u00faa este s\u00e1bado, a las 20.30 horas, en el Auditorio del Centro Niemeyer, donde ofrecer\u00e1 un concierto solidario que unir\u00e1, de nuevo en un escenario, a dos grandes conocidos de la m\u00fasica espa\u00f1ola, Miguel R\u00edos y V\u00edctor Manuel. En la actuaci\u00f3n, que supone un concierto solidario para dos proyectos de\" \/>\n\t\t<meta name=\"twitter:image\" content=\"https:\/\/eldigitaldeasturias.com\/magazine365\/wp-content\/uploads\/2015\/05\/fotonoticia_20150516102941_800.jpg\" \/>\n\t\t<script type=\"application\/ld+json\" class=\"aioseo-schema\">\n\t\t\t{\"@context\":\"https:\\\/\\\/schema.org\",\"@graph\":[{\"@type\":\"Article\",\"@id\":\"https:\\\/\\\/eldigitaldeasturias.com\\\/magazine365\\\/victor-manuel-y-miguel-rios-actuan-hoy-en-el-niemeyer-en-un-concierto-solidario\\\/#article\",\"name\":\"V\\u00edctor Manuel y Miguel R\\u00edos act\\u00faan hoy en el Niemeyer en un concierto solidario | El Digital de Asturias\",\"headline\":\"V\\u00edctor Manuel y Miguel R\\u00edos act\\u00faan hoy en el Niemeyer en un concierto solidario\",\"author\":{\"@id\":\"https:\\\/\\\/eldigitaldeasturias.com\\\/magazine365\\\/author\\\/admin\\\/#author\"},\"publisher\":{\"@id\":\"https:\\\/\\\/eldigitaldeasturias.com\\\/magazine365\\\/#organization\"},\"image\":{\"@type\":\"ImageObject\",\"url\":\"https:\\\/\\\/eldigitaldeasturias.com\\\/magazine365\\\/wp-content\\\/uploads\\\/2015\\\/05\\\/fotonoticia_20150516102941_800.jpg\",\"width\":800,\"height\":455},\"datePublished\":\"2015-05-16T13:16:45+02:00\",\"dateModified\":\"2015-05-16T13:16:45+02:00\",\"inLanguage\":\"es-ES\",\"mainEntityOfPage\":{\"@id\":\"https:\\\/\\\/eldigitaldeasturias.com\\\/magazine365\\\/victor-manuel-y-miguel-rios-actuan-hoy-en-el-niemeyer-en-un-concierto-solidario\\\/#webpage\"},\"isPartOf\":{\"@id\":\"https:\\\/\\\/eldigitaldeasturias.com\\\/magazine365\\\/victor-manuel-y-miguel-rios-actuan-hoy-en-el-niemeyer-en-un-concierto-solidario\\\/#webpage\"},\"articleSection\":\"Noticias y Actualidad\"},{\"@type\":\"BreadcrumbList\",\"@id\":\"https:\\\/\\\/eldigitaldeasturias.com\\\/magazine365\\\/victor-manuel-y-miguel-rios-actuan-hoy-en-el-niemeyer-en-un-concierto-solidario\\\/#breadcrumblist\",\"itemListElement\":[{\"@type\":\"ListItem\",\"@id\":\"https:\\\/\\\/eldigitaldeasturias.com\\\/magazine365#listItem\",\"position\":1,\"name\":\"Home\",\"item\":\"https:\\\/\\\/eldigitaldeasturias.com\\\/magazine365\",\"nextItem\":{\"@type\":\"ListItem\",\"@id\":\"https:\\\/\\\/eldigitaldeasturias.com\\\/magazine365\\\/category\\\/noticias-actualidad\\\/#listItem\",\"name\":\"Noticias y Actualidad\"}},{\"@type\":\"ListItem\",\"@id\":\"https:\\\/\\\/eldigitaldeasturias.com\\\/magazine365\\\/category\\\/noticias-actualidad\\\/#listItem\",\"position\":2,\"name\":\"Noticias y Actualidad\",\"item\":\"https:\\\/\\\/eldigitaldeasturias.com\\\/magazine365\\\/category\\\/noticias-actualidad\\\/\",\"nextItem\":{\"@type\":\"ListItem\",\"@id\":\"https:\\\/\\\/eldigitaldeasturias.com\\\/magazine365\\\/victor-manuel-y-miguel-rios-actuan-hoy-en-el-niemeyer-en-un-concierto-solidario\\\/#listItem\",\"name\":\"V\\u00edctor Manuel y Miguel R\\u00edos act\\u00faan hoy en el Niemeyer en un concierto solidario\"},\"previousItem\":{\"@type\":\"ListItem\",\"@id\":\"https:\\\/\\\/eldigitaldeasturias.com\\\/magazine365#listItem\",\"name\":\"Home\"}},{\"@type\":\"ListItem\",\"@id\":\"https:\\\/\\\/eldigitaldeasturias.com\\\/magazine365\\\/victor-manuel-y-miguel-rios-actuan-hoy-en-el-niemeyer-en-un-concierto-solidario\\\/#listItem\",\"position\":3,\"name\":\"V\\u00edctor Manuel y Miguel R\\u00edos act\\u00faan hoy en el Niemeyer en un concierto solidario\",\"previousItem\":{\"@type\":\"ListItem\",\"@id\":\"https:\\\/\\\/eldigitaldeasturias.com\\\/magazine365\\\/category\\\/noticias-actualidad\\\/#listItem\",\"name\":\"Noticias y Actualidad\"}}]},{\"@type\":\"Organization\",\"@id\":\"https:\\\/\\\/eldigitaldeasturias.com\\\/magazine365\\\/#organization\",\"name\":\"El digital de Asturias\",\"description\":\"Revista de ocio, turismo y estilo de vida\",\"url\":\"https:\\\/\\\/eldigitaldeasturias.com\\\/magazine365\\\/\",\"logo\":{\"@type\":\"ImageObject\",\"url\":\"https:\\\/\\\/www.eldigitaldeasturias.com\\\/noticias\\\/wp-content\\\/uploads\\\/2020\\\/12\\\/EDA.jpg\",\"@id\":\"https:\\\/\\\/eldigitaldeasturias.com\\\/magazine365\\\/victor-manuel-y-miguel-rios-actuan-hoy-en-el-niemeyer-en-un-concierto-solidario\\\/#organizationLogo\"},\"image\":{\"@id\":\"https:\\\/\\\/eldigitaldeasturias.com\\\/magazine365\\\/victor-manuel-y-miguel-rios-actuan-hoy-en-el-niemeyer-en-un-concierto-solidario\\\/#organizationLogo\"}},{\"@type\":\"Person\",\"@id\":\"https:\\\/\\\/eldigitaldeasturias.com\\\/magazine365\\\/author\\\/admin\\\/#author\",\"url\":\"https:\\\/\\\/eldigitaldeasturias.com\\\/magazine365\\\/author\\\/admin\\\/\",\"name\":\"admin\",\"image\":{\"@type\":\"ImageObject\",\"@id\":\"https:\\\/\\\/eldigitaldeasturias.com\\\/magazine365\\\/victor-manuel-y-miguel-rios-actuan-hoy-en-el-niemeyer-en-un-concierto-solidario\\\/#authorImage\",\"url\":\"https:\\\/\\\/eldigitaldeasturias.com\\\/magazine365\\\/wp-content\\\/litespeed\\\/avatar\\\/e571bcf59a0edd6fa6838245a470f2fe.jpg?ver=1776969259\",\"width\":96,\"height\":96,\"caption\":\"admin\"}},{\"@type\":\"WebPage\",\"@id\":\"https:\\\/\\\/eldigitaldeasturias.com\\\/magazine365\\\/victor-manuel-y-miguel-rios-actuan-hoy-en-el-niemeyer-en-un-concierto-solidario\\\/#webpage\",\"url\":\"https:\\\/\\\/eldigitaldeasturias.com\\\/magazine365\\\/victor-manuel-y-miguel-rios-actuan-hoy-en-el-niemeyer-en-un-concierto-solidario\\\/\",\"name\":\"V\\u00edctor Manuel y Miguel R\\u00edos act\\u00faan hoy en el Niemeyer en un concierto solidario | El Digital de Asturias\",\"description\":\"La Orquesta Sinf\\u00f3nica de Siero act\\u00faa este s\\u00e1bado, a las 20.30 horas, en el Auditorio del Centro Niemeyer, donde ofrecer\\u00e1 un concierto solidario que unir\\u00e1, de nuevo en un escenario, a dos grandes conocidos de la m\\u00fasica espa\\u00f1ola, Miguel R\\u00edos y V\\u00edctor Manuel. En la actuaci\\u00f3n, que supone un concierto solidario para dos proyectos de\",\"inLanguage\":\"es-ES\",\"isPartOf\":{\"@id\":\"https:\\\/\\\/eldigitaldeasturias.com\\\/magazine365\\\/#website\"},\"breadcrumb\":{\"@id\":\"https:\\\/\\\/eldigitaldeasturias.com\\\/magazine365\\\/victor-manuel-y-miguel-rios-actuan-hoy-en-el-niemeyer-en-un-concierto-solidario\\\/#breadcrumblist\"},\"author\":{\"@id\":\"https:\\\/\\\/eldigitaldeasturias.com\\\/magazine365\\\/author\\\/admin\\\/#author\"},\"creator\":{\"@id\":\"https:\\\/\\\/eldigitaldeasturias.com\\\/magazine365\\\/author\\\/admin\\\/#author\"},\"image\":{\"@type\":\"ImageObject\",\"url\":\"https:\\\/\\\/eldigitaldeasturias.com\\\/magazine365\\\/wp-content\\\/uploads\\\/2015\\\/05\\\/fotonoticia_20150516102941_800.jpg\",\"@id\":\"https:\\\/\\\/eldigitaldeasturias.com\\\/magazine365\\\/victor-manuel-y-miguel-rios-actuan-hoy-en-el-niemeyer-en-un-concierto-solidario\\\/#mainImage\",\"width\":800,\"height\":455},\"primaryImageOfPage\":{\"@id\":\"https:\\\/\\\/eldigitaldeasturias.com\\\/magazine365\\\/victor-manuel-y-miguel-rios-actuan-hoy-en-el-niemeyer-en-un-concierto-solidario\\\/#mainImage\"},\"datePublished\":\"2015-05-16T13:16:45+02:00\",\"dateModified\":\"2015-05-16T13:16:45+02:00\"},{\"@type\":\"WebSite\",\"@id\":\"https:\\\/\\\/eldigitaldeasturias.com\\\/magazine365\\\/#website\",\"url\":\"https:\\\/\\\/eldigitaldeasturias.com\\\/magazine365\\\/\",\"name\":\"El Digital de Asturias\",\"description\":\"Revista de ocio, turismo y estilo de vida\",\"inLanguage\":\"es-ES\",\"publisher\":{\"@id\":\"https:\\\/\\\/eldigitaldeasturias.com\\\/magazine365\\\/#organization\"}}]}\n\t\t<\/script>\n\t\t<!-- All in One SEO Pro -->\r\n\t\t<title>V\u00edctor Manuel y Miguel R\u00edos act\u00faan hoy en el Niemeyer en un concierto solidario | El Digital de Asturias<\/title>\n\n","aioseo_head_json":{"title":"V\u00edctor Manuel y Miguel R\u00edos act\u00faan hoy en el Niemeyer en un concierto solidario | El Digital de Asturias","description":"La Orquesta Sinf\u00f3nica de Siero act\u00faa este s\u00e1bado, a las 20.30 horas, en el Auditorio del Centro Niemeyer, donde ofrecer\u00e1 un concierto solidario que unir\u00e1, de nuevo en un escenario, a dos grandes conocidos de la m\u00fasica espa\u00f1ola, Miguel R\u00edos y V\u00edctor Manuel. En la actuaci\u00f3n, que supone un concierto solidario para dos proyectos de","canonical_url":"https:\/\/eldigitaldeasturias.com\/magazine365\/victor-manuel-y-miguel-rios-actuan-hoy-en-el-niemeyer-en-un-concierto-solidario\/","robots":"max-image-preview:large","keywords":"noticias y actualidad","webmasterTools":{"google-site-verification":"UA-38556648-1","miscellaneous":""},"schema":{"@context":"https:\/\/schema.org","@graph":[{"@type":"Article","@id":"https:\/\/eldigitaldeasturias.com\/magazine365\/victor-manuel-y-miguel-rios-actuan-hoy-en-el-niemeyer-en-un-concierto-solidario\/#article","name":"V\u00edctor Manuel y Miguel R\u00edos act\u00faan hoy en el Niemeyer en un concierto solidario | El Digital de Asturias","headline":"V\u00edctor Manuel y Miguel R\u00edos act\u00faan hoy en el Niemeyer en un concierto solidario","author":{"@id":"https:\/\/eldigitaldeasturias.com\/magazine365\/author\/admin\/#author"},"publisher":{"@id":"https:\/\/eldigitaldeasturias.com\/magazine365\/#organization"},"image":{"@type":"ImageObject","url":"https:\/\/eldigitaldeasturias.com\/magazine365\/wp-content\/uploads\/2015\/05\/fotonoticia_20150516102941_800.jpg","width":800,"height":455},"datePublished":"2015-05-16T13:16:45+02:00","dateModified":"2015-05-16T13:16:45+02:00","inLanguage":"es-ES","mainEntityOfPage":{"@id":"https:\/\/eldigitaldeasturias.com\/magazine365\/victor-manuel-y-miguel-rios-actuan-hoy-en-el-niemeyer-en-un-concierto-solidario\/#webpage"},"isPartOf":{"@id":"https:\/\/eldigitaldeasturias.com\/magazine365\/victor-manuel-y-miguel-rios-actuan-hoy-en-el-niemeyer-en-un-concierto-solidario\/#webpage"},"articleSection":"Noticias y Actualidad"},{"@type":"BreadcrumbList","@id":"https:\/\/eldigitaldeasturias.com\/magazine365\/victor-manuel-y-miguel-rios-actuan-hoy-en-el-niemeyer-en-un-concierto-solidario\/#breadcrumblist","itemListElement":[{"@type":"ListItem","@id":"https:\/\/eldigitaldeasturias.com\/magazine365#listItem","position":1,"name":"Home","item":"https:\/\/eldigitaldeasturias.com\/magazine365","nextItem":{"@type":"ListItem","@id":"https:\/\/eldigitaldeasturias.com\/magazine365\/category\/noticias-actualidad\/#listItem","name":"Noticias y Actualidad"}},{"@type":"ListItem","@id":"https:\/\/eldigitaldeasturias.com\/magazine365\/category\/noticias-actualidad\/#listItem","position":2,"name":"Noticias y Actualidad","item":"https:\/\/eldigitaldeasturias.com\/magazine365\/category\/noticias-actualidad\/","nextItem":{"@type":"ListItem","@id":"https:\/\/eldigitaldeasturias.com\/magazine365\/victor-manuel-y-miguel-rios-actuan-hoy-en-el-niemeyer-en-un-concierto-solidario\/#listItem","name":"V\u00edctor Manuel y Miguel R\u00edos act\u00faan hoy en el Niemeyer en un concierto solidario"},"previousItem":{"@type":"ListItem","@id":"https:\/\/eldigitaldeasturias.com\/magazine365#listItem","name":"Home"}},{"@type":"ListItem","@id":"https:\/\/eldigitaldeasturias.com\/magazine365\/victor-manuel-y-miguel-rios-actuan-hoy-en-el-niemeyer-en-un-concierto-solidario\/#listItem","position":3,"name":"V\u00edctor Manuel y Miguel R\u00edos act\u00faan hoy en el Niemeyer en un concierto solidario","previousItem":{"@type":"ListItem","@id":"https:\/\/eldigitaldeasturias.com\/magazine365\/category\/noticias-actualidad\/#listItem","name":"Noticias y Actualidad"}}]},{"@type":"Organization","@id":"https:\/\/eldigitaldeasturias.com\/magazine365\/#organization","name":"El digital de Asturias","description":"Revista de ocio, turismo y estilo de vida","url":"https:\/\/eldigitaldeasturias.com\/magazine365\/","logo":{"@type":"ImageObject","url":"https:\/\/www.eldigitaldeasturias.com\/noticias\/wp-content\/uploads\/2020\/12\/EDA.jpg","@id":"https:\/\/eldigitaldeasturias.com\/magazine365\/victor-manuel-y-miguel-rios-actuan-hoy-en-el-niemeyer-en-un-concierto-solidario\/#organizationLogo"},"image":{"@id":"https:\/\/eldigitaldeasturias.com\/magazine365\/victor-manuel-y-miguel-rios-actuan-hoy-en-el-niemeyer-en-un-concierto-solidario\/#organizationLogo"}},{"@type":"Person","@id":"https:\/\/eldigitaldeasturias.com\/magazine365\/author\/admin\/#author","url":"https:\/\/eldigitaldeasturias.com\/magazine365\/author\/admin\/","name":"admin","image":{"@type":"ImageObject","@id":"https:\/\/eldigitaldeasturias.com\/magazine365\/victor-manuel-y-miguel-rios-actuan-hoy-en-el-niemeyer-en-un-concierto-solidario\/#authorImage","url":"https:\/\/eldigitaldeasturias.com\/magazine365\/wp-content\/litespeed\/avatar\/e571bcf59a0edd6fa6838245a470f2fe.jpg?ver=1776969259","width":96,"height":96,"caption":"admin"}},{"@type":"WebPage","@id":"https:\/\/eldigitaldeasturias.com\/magazine365\/victor-manuel-y-miguel-rios-actuan-hoy-en-el-niemeyer-en-un-concierto-solidario\/#webpage","url":"https:\/\/eldigitaldeasturias.com\/magazine365\/victor-manuel-y-miguel-rios-actuan-hoy-en-el-niemeyer-en-un-concierto-solidario\/","name":"V\u00edctor Manuel y Miguel R\u00edos act\u00faan hoy en el Niemeyer en un concierto solidario | El Digital de Asturias","description":"La Orquesta Sinf\u00f3nica de Siero act\u00faa este s\u00e1bado, a las 20.30 horas, en el Auditorio del Centro Niemeyer, donde ofrecer\u00e1 un concierto solidario que unir\u00e1, de nuevo en un escenario, a dos grandes conocidos de la m\u00fasica espa\u00f1ola, Miguel R\u00edos y V\u00edctor Manuel. En la actuaci\u00f3n, que supone un concierto solidario para dos proyectos de","inLanguage":"es-ES","isPartOf":{"@id":"https:\/\/eldigitaldeasturias.com\/magazine365\/#website"},"breadcrumb":{"@id":"https:\/\/eldigitaldeasturias.com\/magazine365\/victor-manuel-y-miguel-rios-actuan-hoy-en-el-niemeyer-en-un-concierto-solidario\/#breadcrumblist"},"author":{"@id":"https:\/\/eldigitaldeasturias.com\/magazine365\/author\/admin\/#author"},"creator":{"@id":"https:\/\/eldigitaldeasturias.com\/magazine365\/author\/admin\/#author"},"image":{"@type":"ImageObject","url":"https:\/\/eldigitaldeasturias.com\/magazine365\/wp-content\/uploads\/2015\/05\/fotonoticia_20150516102941_800.jpg","@id":"https:\/\/eldigitaldeasturias.com\/magazine365\/victor-manuel-y-miguel-rios-actuan-hoy-en-el-niemeyer-en-un-concierto-solidario\/#mainImage","width":800,"height":455},"primaryImageOfPage":{"@id":"https:\/\/eldigitaldeasturias.com\/magazine365\/victor-manuel-y-miguel-rios-actuan-hoy-en-el-niemeyer-en-un-concierto-solidario\/#mainImage"},"datePublished":"2015-05-16T13:16:45+02:00","dateModified":"2015-05-16T13:16:45+02:00"},{"@type":"WebSite","@id":"https:\/\/eldigitaldeasturias.com\/magazine365\/#website","url":"https:\/\/eldigitaldeasturias.com\/magazine365\/","name":"El Digital de Asturias","description":"Revista de ocio, turismo y estilo de vida","inLanguage":"es-ES","publisher":{"@id":"https:\/\/eldigitaldeasturias.com\/magazine365\/#organization"}}]},"og:locale":"es_ES","og:site_name":"El Digital de Asturias \u2013 Revista de ocio, turismo y estilo de vida","og:type":"article","og:title":"V\u00edctor Manuel y Miguel R\u00edos act\u00faan hoy en el Niemeyer en un concierto solidario | El Digital de Asturias","og:description":"La Orquesta Sinf\u00f3nica de Siero act\u00faa este s\u00e1bado, a las 20.30 horas, en el Auditorio del Centro Niemeyer, donde ofrecer\u00e1 un concierto solidario que unir\u00e1, de nuevo en un escenario, a dos grandes conocidos de la m\u00fasica espa\u00f1ola, Miguel R\u00edos y V\u00edctor Manuel. En la actuaci\u00f3n, que supone un concierto solidario para dos proyectos de","og:url":"https:\/\/eldigitaldeasturias.com\/magazine365\/victor-manuel-y-miguel-rios-actuan-hoy-en-el-niemeyer-en-un-concierto-solidario\/","og:image":"https:\/\/eldigitaldeasturias.com\/magazine365\/wp-content\/uploads\/2015\/05\/fotonoticia_20150516102941_800.jpg","og:image:secure_url":"https:\/\/eldigitaldeasturias.com\/magazine365\/wp-content\/uploads\/2015\/05\/fotonoticia_20150516102941_800.jpg","og:image:width":800,"og:image:height":455,"article:published_time":"2015-05-16T11:46:45+00:00","article:modified_time":"2015-05-16T11:46:45+00:00","twitter:card":"summary_large_image","twitter:title":"V\u00edctor Manuel y Miguel R\u00edos act\u00faan hoy en el Niemeyer en un concierto solidario | El Digital de Asturias","twitter:description":"La Orquesta Sinf\u00f3nica de Siero act\u00faa este s\u00e1bado, a las 20.30 horas, en el Auditorio del Centro Niemeyer, donde ofrecer\u00e1 un concierto solidario que unir\u00e1, de nuevo en un escenario, a dos grandes conocidos de la m\u00fasica espa\u00f1ola, Miguel R\u00edos y V\u00edctor Manuel. En la actuaci\u00f3n, que supone un concierto solidario para dos proyectos de","twitter:image":"https:\/\/eldigitaldeasturias.com\/magazine365\/wp-content\/uploads\/2015\/05\/fotonoticia_20150516102941_800.jpg"},"aioseo_meta_data":{"post_id":"38334","title":null,"description":null,"keywords":null,"keyphrases":null,"primary_term":null,"canonical_url":null,"og_title":null,"og_description":null,"og_object_type":"default","og_image_type":"default","og_image_url":null,"og_image_width":null,"og_image_height":null,"og_image_custom_url":null,"og_image_custom_fields":null,"og_video":null,"og_custom_url":null,"og_article_section":null,"og_article_tags":null,"twitter_use_og":false,"twitter_card":"default","twitter_image_type":"default","twitter_image_url":null,"twitter_image_custom_url":null,"twitter_image_custom_fields":null,"twitter_title":null,"twitter_description":null,"schema":{"blockGraphs":[],"customGraphs":[],"default":{"data":{"Article":[],"Course":[],"Dataset":[],"FAQPage":[],"Movie":[],"Person":[],"Product":[],"ProductReview":[],"Car":[],"Recipe":[],"Service":[],"SoftwareApplication":[],"WebPage":[]},"graphName":"","isEnabled":true},"graphs":[],"defaultGraph":"","defaultPostTypeGraph":""},"schema_type":null,"schema_type_options":null,"pillar_content":false,"robots_default":true,"robots_noindex":false,"robots_noarchive":false,"robots_nosnippet":false,"robots_nofollow":false,"robots_noimageindex":false,"robots_noodp":false,"robots_notranslate":false,"robots_max_snippet":null,"robots_max_videopreview":null,"robots_max_imagepreview":"large","priority":null,"frequency":null,"location":null,"local_seo":null,"seo_analyzer_scan_date":"2025-09-19 09:20:03","breadcrumb_settings":null,"limit_modified_date":false,"open_ai":null,"ai":null,"created":"2021-03-09 02:54:42","updated":"2025-09-19 09:20:03"},"aioseo_breadcrumb":"<div class=\"aioseo-breadcrumbs\"><span class=\"aioseo-breadcrumb\">\n\t<a href=\"https:\/\/eldigitaldeasturias.com\/magazine365\" title=\"Home\">Home<\/a>\n<\/span><span class=\"aioseo-breadcrumb-separator\">\u2013<\/span><span class=\"aioseo-breadcrumb\">\n\t<a href=\"https:\/\/eldigitaldeasturias.com\/magazine365\/category\/noticias-actualidad\/\" title=\"Noticias y Actualidad\">Noticias y Actualidad<\/a>\n<\/span><span class=\"aioseo-breadcrumb-separator\">\u2013<\/span><span class=\"aioseo-breadcrumb\">\n\t<a href=\"https:\/\/eldigitaldeasturias.com\/magazine365\/victor-manuel-y-miguel-rios-actuan-hoy-en-el-niemeyer-en-un-concierto-solidario\/\" title=\"V\u00edctor Manuel y Miguel R\u00edos act\u00faan hoy en el Niemeyer en un concierto solidario\">V\u00edctor Manuel y Miguel R\u00edos act\u00faan hoy en el Niemeyer en un concierto solidario<\/a>\n<\/span><\/div>","aioseo_breadcrumb_json":[{"label":"Home","link":"https:\/\/eldigitaldeasturias.com\/magazine365"},{"label":"Noticias y Actualidad","link":"https:\/\/eldigitaldeasturias.com\/magazine365\/category\/noticias-actualidad\/"},{"label":"V\u00edctor Manuel y Miguel R\u00edos act\u00faan hoy en el Niemeyer en un concierto solidario","link":"https:\/\/eldigitaldeasturias.com\/magazine365\/victor-manuel-y-miguel-rios-actuan-hoy-en-el-niemeyer-en-un-concierto-solidario\/"}],"_links":{"self":[{"href":"https:\/\/eldigitaldeasturias.com\/magazine365\/wp-json\/wp\/v2\/posts\/38334","targetHints":{"allow":["GET"]}}],"collection":[{"href":"https:\/\/eldigitaldeasturias.com\/magazine365\/wp-json\/wp\/v2\/posts"}],"about":[{"href":"https:\/\/eldigitaldeasturias.com\/magazine365\/wp-json\/wp\/v2\/types\/post"}],"author":[{"embeddable":true,"href":"https:\/\/eldigitaldeasturias.com\/magazine365\/wp-json\/wp\/v2\/users\/1"}],"replies":[{"embeddable":true,"href":"https:\/\/eldigitaldeasturias.com\/magazine365\/wp-json\/wp\/v2\/comments?post=38334"}],"version-history":[{"count":0,"href":"https:\/\/eldigitaldeasturias.com\/magazine365\/wp-json\/wp\/v2\/posts\/38334\/revisions"}],"wp:featuredmedia":[{"embeddable":true,"href":"https:\/\/eldigitaldeasturias.com\/magazine365\/wp-json\/wp\/v2\/media\/38335"}],"wp:attachment":[{"href":"https:\/\/eldigitaldeasturias.com\/magazine365\/wp-json\/wp\/v2\/media?parent=38334"}],"wp:term":[{"taxonomy":"category","embeddable":true,"href":"https:\/\/eldigitaldeasturias.com\/magazine365\/wp-json\/wp\/v2\/categories?post=38334"},{"taxonomy":"post_tag","embeddable":true,"href":"https:\/\/eldigitaldeasturias.com\/magazine365\/wp-json\/wp\/v2\/tags?post=38334"}],"curies":[{"name":"wp","href":"https:\/\/api.w.org\/{rel}","templated":true}]}}