{"id":38327,"date":"2015-05-15T09:06:29","date_gmt":"2015-05-15T07:36:29","guid":{"rendered":"http:\/\/eldigitaldeasturias.com\/magazine365\/?p=38327"},"modified":"2015-05-15T09:06:29","modified_gmt":"2015-05-15T07:36:29","slug":"la-1-viajara-cada-noche-al-centro-de-la-tele-desde-el-18-de-mayo","status":"publish","type":"post","link":"https:\/\/eldigitaldeasturias.com\/magazine365\/la-1-viajara-cada-noche-al-centro-de-la-tele-desde-el-18-de-mayo\/","title":{"rendered":"La 1 viajar\u00e1 cada noche al centro de la tele desde el 18 de mayo"},"content":{"rendered":"<p><img fetchpriority=\"high\" decoding=\"async\" class=\"alignleft size-medium wp-image-38328\" src=\"https:\/\/eldigitaldeasturias.com\/magazine365\/wp-content\/uploads\/2015\/05\/1431606270679-360x240.jpg\" alt=\"1431606270679\" width=\"360\" height=\"240\" srcset=\"https:\/\/eldigitaldeasturias.com\/magazine365\/wp-content\/uploads\/2015\/05\/1431606270679-360x240.jpg 360w, https:\/\/eldigitaldeasturias.com\/magazine365\/wp-content\/uploads\/2015\/05\/1431606270679-650x433.jpg 650w, https:\/\/eldigitaldeasturias.com\/magazine365\/wp-content\/uploads\/2015\/05\/1431606270679-150x100.jpg 150w, https:\/\/eldigitaldeasturias.com\/magazine365\/wp-content\/uploads\/2015\/05\/1431606270679-450x300.jpg 450w, https:\/\/eldigitaldeasturias.com\/magazine365\/wp-content\/uploads\/2015\/05\/1431606270679-696x464.jpg 696w, https:\/\/eldigitaldeasturias.com\/magazine365\/wp-content\/uploads\/2015\/05\/1431606270679-630x420.jpg 630w, https:\/\/eldigitaldeasturias.com\/magazine365\/wp-content\/uploads\/2015\/05\/1431606270679-84x55.jpg 84w, https:\/\/eldigitaldeasturias.com\/magazine365\/wp-content\/uploads\/2015\/05\/1431606270679.jpg 720w\" sizes=\"(max-width: 360px) 100vw, 360px\" \/>&#8216;Viaje al centro de la tele&#8217; regresa renovado a La 1 desde el pr\u00f3ximo 18 de mayo y se emitir\u00e1 a diario, de lunes a jueves, de 22:00 a 22:30 horas. El espacio recurre de nuevo al Archivo de RTVE para ofrecer entretenimiento y diversi\u00f3n para toda la familia, en una nueva etapa caracterizada por un montaje m\u00e1s elaborado, efectos m\u00e1s sorprendentes y mucho humor a trav\u00e9s de los elementos narrativos y visuales. Santiago Segura vuelve a poner voz al programa, producido \u00edntegramente en TVE y dirigido por Pedro Santos, que cuenta con la colaboraci\u00f3n de Forges en el grafismo.<\/p>\n<p>En esta tercera temporada, &#8216;Viaje al centro de la tele&#8217; ha evolucionado en su montaje, temas y narraci\u00f3n para ser un espacio aun m\u00e1s atractivo de humor y entretenimiento para todas las generaciones.<\/p>\n<p>Una nueva etapa que exprime como nunca lo hab\u00eda hecho el Archivo de RTVE para recuperar momentos in\u00e9ditos o perdidos desde hace d\u00e9cadas. Todo ello, envuelto en el humor, los gui\u00f1os y la ternura que caracterizan al programa.<\/p>\n<p>En esta primera semana, los espectadores regresar\u00e1n a su infancia con actuaciones y canciones indispensables no emitidas antes en programas de archivo y que acompa\u00f1aron a varias generaciones (&#8216;Mas que ni\u00f1os&#8217; I y II, 18 y 19 de mayo). Y en plena semana de Eurovisi\u00f3n, se recordar\u00e1 el antes y el despu\u00e9s de artistas que pasaron por el certamen (&#8216;Yo sobreviv\u00ed a Eurovisi\u00f3n&#8217; I y II, el 20 y 21 de mayo).<\/p>\n<p>En las siguientes semanas, el p\u00fablico volver\u00e1 a recibir la visita de grandes artistas internacionales que han pasado por TVE, en plat\u00f3 o conciertos, con canciones impresas en nuestro ADN (&#8216;Pesos Pesados&#8217;); asistir\u00e1 a las celebraciones de grandes eventos de famosos, deportistas o miembros de la realeza (&#8216;BBC Bodas, bautizos y comuniones&#8217;); revivir\u00e1 momentos inolvidables de TVE, una ventana al mundo que forma parte de la memoria de los espa\u00f1oles, con im\u00e1genes entre\u00f1ables que nos han hecho vivir, re\u00edr y so\u00f1ar (&#8216;Parte de tu vida&#8217;); se sorprender\u00e1 de nuevo con las mejores actuaciones de &#8216;Telepasi\u00f3n&#8217;, el formato navide\u00f1o en el que los presentadores mostraban sus talentos ocultos (&#8216;Pasi\u00f3n por la tele&#8217;); volver\u00e1 a ver las galas m\u00e1s espectaculares y glamourosas de la televisi\u00f3n (&#8216;Me visto de gala&#8217;); o descubrir\u00e1n la trayectoria de los talentos que surgieron del concurso musical m\u00e1s famoso de las \u00faltimas d\u00e9cadas, &#8216;Operaci\u00f3n Triunfo&#8217;, una vez que abandonaron la Academia (&#8216;Despu\u00e9s del triunfo&#8217;).<\/p>\n","protected":false},"excerpt":{"rendered":"<p>&#8216;Viaje al centro de la tele&#8217; regresa renovado a La 1 desde el pr\u00f3ximo 18 de mayo y se emitir\u00e1 a diario, de lunes a jueves, de 22:00 a 22:30 horas. El espacio recurre de nuevo al Archivo de RTVE para ofrecer entretenimiento y diversi\u00f3n para toda la familia, en una nueva etapa caracterizada por<\/p>\n","protected":false},"author":1,"featured_media":38328,"comment_status":"open","ping_status":"closed","sticky":false,"template":"","format":"standard","meta":{"footnotes":""},"categories":[224],"tags":[],"class_list":{"0":"post-38327","1":"post","2":"type-post","3":"status-publish","4":"format-standard","5":"has-post-thumbnail","7":"category-noticias-actualidad"},"aioseo_notices":[],"aioseo_head":"\n\t\t<!-- All in One SEO Pro 4.9.6.1 - aioseo.com -->\n\t<meta name=\"description\" content=\"&#039;Viaje al centro de la tele&#039; regresa renovado a La 1 desde el pr\u00f3ximo 18 de mayo y se emitir\u00e1 a diario, de lunes a jueves, de 22:00 a 22:30 horas. El espacio recurre de nuevo al Archivo de RTVE para ofrecer entretenimiento y diversi\u00f3n para toda la familia, en una nueva etapa caracterizada por\" \/>\n\t<meta name=\"robots\" content=\"max-image-preview:large\" \/>\n\t<meta name=\"author\" content=\"admin\"\/>\n\t<meta name=\"google-site-verification\" content=\"UA-38556648-1\" \/>\n\t<meta name=\"keywords\" content=\"noticias y actualidad\" \/>\n\t<link rel=\"canonical\" href=\"https:\/\/eldigitaldeasturias.com\/magazine365\/la-1-viajara-cada-noche-al-centro-de-la-tele-desde-el-18-de-mayo\/\" \/>\n\t<meta name=\"generator\" content=\"All in One SEO Pro (AIOSEO) 4.9.6.1\" \/>\n\t\t<meta property=\"og:locale\" content=\"es_ES\" \/>\n\t\t<meta property=\"og:site_name\" content=\"El Digital de Asturias \u2013 Revista de ocio, turismo y estilo de vida\" \/>\n\t\t<meta property=\"og:type\" content=\"article\" \/>\n\t\t<meta property=\"og:title\" content=\"La 1 viajar\u00e1 cada noche al centro de la tele desde el 18 de mayo | El Digital de Asturias\" \/>\n\t\t<meta property=\"og:description\" content=\"&#039;Viaje al centro de la tele&#039; regresa renovado a La 1 desde el pr\u00f3ximo 18 de mayo y se emitir\u00e1 a diario, de lunes a jueves, de 22:00 a 22:30 horas. El espacio recurre de nuevo al Archivo de RTVE para ofrecer entretenimiento y diversi\u00f3n para toda la familia, en una nueva etapa caracterizada por\" \/>\n\t\t<meta property=\"og:url\" content=\"https:\/\/eldigitaldeasturias.com\/magazine365\/la-1-viajara-cada-noche-al-centro-de-la-tele-desde-el-18-de-mayo\/\" \/>\n\t\t<meta property=\"og:image\" content=\"https:\/\/eldigitaldeasturias.com\/magazine365\/wp-content\/uploads\/2015\/05\/1431606270679.jpg\" \/>\n\t\t<meta property=\"og:image:secure_url\" content=\"https:\/\/eldigitaldeasturias.com\/magazine365\/wp-content\/uploads\/2015\/05\/1431606270679.jpg\" \/>\n\t\t<meta property=\"og:image:width\" content=\"720\" \/>\n\t\t<meta property=\"og:image:height\" content=\"480\" \/>\n\t\t<meta property=\"article:published_time\" content=\"2015-05-15T07:36:29+00:00\" \/>\n\t\t<meta property=\"article:modified_time\" content=\"2015-05-15T07:36:29+00:00\" \/>\n\t\t<meta name=\"twitter:card\" content=\"summary_large_image\" \/>\n\t\t<meta name=\"twitter:title\" content=\"La 1 viajar\u00e1 cada noche al centro de la tele desde el 18 de mayo | El Digital de Asturias\" \/>\n\t\t<meta name=\"twitter:description\" content=\"&#039;Viaje al centro de la tele&#039; regresa renovado a La 1 desde el pr\u00f3ximo 18 de mayo y se emitir\u00e1 a diario, de lunes a jueves, de 22:00 a 22:30 horas. El espacio recurre de nuevo al Archivo de RTVE para ofrecer entretenimiento y diversi\u00f3n para toda la familia, en una nueva etapa caracterizada por\" \/>\n\t\t<meta name=\"twitter:image\" content=\"https:\/\/eldigitaldeasturias.com\/magazine365\/wp-content\/uploads\/2015\/05\/1431606270679.jpg\" \/>\n\t\t<script type=\"application\/ld+json\" class=\"aioseo-schema\">\n\t\t\t{\"@context\":\"https:\\\/\\\/schema.org\",\"@graph\":[{\"@type\":\"Article\",\"@id\":\"https:\\\/\\\/eldigitaldeasturias.com\\\/magazine365\\\/la-1-viajara-cada-noche-al-centro-de-la-tele-desde-el-18-de-mayo\\\/#article\",\"name\":\"La 1 viajar\\u00e1 cada noche al centro de la tele desde el 18 de mayo | El Digital de Asturias\",\"headline\":\"La 1 viajar\\u00e1 cada noche al centro de la tele desde el 18 de mayo\",\"author\":{\"@id\":\"https:\\\/\\\/eldigitaldeasturias.com\\\/magazine365\\\/author\\\/admin\\\/#author\"},\"publisher\":{\"@id\":\"https:\\\/\\\/eldigitaldeasturias.com\\\/magazine365\\\/#organization\"},\"image\":{\"@type\":\"ImageObject\",\"url\":\"https:\\\/\\\/eldigitaldeasturias.com\\\/magazine365\\\/wp-content\\\/uploads\\\/2015\\\/05\\\/1431606270679.jpg\",\"width\":720,\"height\":480},\"datePublished\":\"2015-05-15T09:06:29+02:00\",\"dateModified\":\"2015-05-15T09:06:29+02:00\",\"inLanguage\":\"es-ES\",\"mainEntityOfPage\":{\"@id\":\"https:\\\/\\\/eldigitaldeasturias.com\\\/magazine365\\\/la-1-viajara-cada-noche-al-centro-de-la-tele-desde-el-18-de-mayo\\\/#webpage\"},\"isPartOf\":{\"@id\":\"https:\\\/\\\/eldigitaldeasturias.com\\\/magazine365\\\/la-1-viajara-cada-noche-al-centro-de-la-tele-desde-el-18-de-mayo\\\/#webpage\"},\"articleSection\":\"Noticias y Actualidad\"},{\"@type\":\"BreadcrumbList\",\"@id\":\"https:\\\/\\\/eldigitaldeasturias.com\\\/magazine365\\\/la-1-viajara-cada-noche-al-centro-de-la-tele-desde-el-18-de-mayo\\\/#breadcrumblist\",\"itemListElement\":[{\"@type\":\"ListItem\",\"@id\":\"https:\\\/\\\/eldigitaldeasturias.com\\\/magazine365#listItem\",\"position\":1,\"name\":\"Home\",\"item\":\"https:\\\/\\\/eldigitaldeasturias.com\\\/magazine365\",\"nextItem\":{\"@type\":\"ListItem\",\"@id\":\"https:\\\/\\\/eldigitaldeasturias.com\\\/magazine365\\\/category\\\/noticias-actualidad\\\/#listItem\",\"name\":\"Noticias y Actualidad\"}},{\"@type\":\"ListItem\",\"@id\":\"https:\\\/\\\/eldigitaldeasturias.com\\\/magazine365\\\/category\\\/noticias-actualidad\\\/#listItem\",\"position\":2,\"name\":\"Noticias y Actualidad\",\"item\":\"https:\\\/\\\/eldigitaldeasturias.com\\\/magazine365\\\/category\\\/noticias-actualidad\\\/\",\"nextItem\":{\"@type\":\"ListItem\",\"@id\":\"https:\\\/\\\/eldigitaldeasturias.com\\\/magazine365\\\/la-1-viajara-cada-noche-al-centro-de-la-tele-desde-el-18-de-mayo\\\/#listItem\",\"name\":\"La 1 viajar\\u00e1 cada noche al centro de la tele desde el 18 de mayo\"},\"previousItem\":{\"@type\":\"ListItem\",\"@id\":\"https:\\\/\\\/eldigitaldeasturias.com\\\/magazine365#listItem\",\"name\":\"Home\"}},{\"@type\":\"ListItem\",\"@id\":\"https:\\\/\\\/eldigitaldeasturias.com\\\/magazine365\\\/la-1-viajara-cada-noche-al-centro-de-la-tele-desde-el-18-de-mayo\\\/#listItem\",\"position\":3,\"name\":\"La 1 viajar\\u00e1 cada noche al centro de la tele desde el 18 de mayo\",\"previousItem\":{\"@type\":\"ListItem\",\"@id\":\"https:\\\/\\\/eldigitaldeasturias.com\\\/magazine365\\\/category\\\/noticias-actualidad\\\/#listItem\",\"name\":\"Noticias y Actualidad\"}}]},{\"@type\":\"Organization\",\"@id\":\"https:\\\/\\\/eldigitaldeasturias.com\\\/magazine365\\\/#organization\",\"name\":\"El digital de Asturias\",\"description\":\"Revista de ocio, turismo y estilo de vida\",\"url\":\"https:\\\/\\\/eldigitaldeasturias.com\\\/magazine365\\\/\",\"logo\":{\"@type\":\"ImageObject\",\"url\":\"https:\\\/\\\/www.eldigitaldeasturias.com\\\/noticias\\\/wp-content\\\/uploads\\\/2020\\\/12\\\/EDA.jpg\",\"@id\":\"https:\\\/\\\/eldigitaldeasturias.com\\\/magazine365\\\/la-1-viajara-cada-noche-al-centro-de-la-tele-desde-el-18-de-mayo\\\/#organizationLogo\"},\"image\":{\"@id\":\"https:\\\/\\\/eldigitaldeasturias.com\\\/magazine365\\\/la-1-viajara-cada-noche-al-centro-de-la-tele-desde-el-18-de-mayo\\\/#organizationLogo\"}},{\"@type\":\"Person\",\"@id\":\"https:\\\/\\\/eldigitaldeasturias.com\\\/magazine365\\\/author\\\/admin\\\/#author\",\"url\":\"https:\\\/\\\/eldigitaldeasturias.com\\\/magazine365\\\/author\\\/admin\\\/\",\"name\":\"admin\",\"image\":{\"@type\":\"ImageObject\",\"@id\":\"https:\\\/\\\/eldigitaldeasturias.com\\\/magazine365\\\/la-1-viajara-cada-noche-al-centro-de-la-tele-desde-el-18-de-mayo\\\/#authorImage\",\"url\":\"https:\\\/\\\/eldigitaldeasturias.com\\\/magazine365\\\/wp-content\\\/litespeed\\\/avatar\\\/e571bcf59a0edd6fa6838245a470f2fe.jpg?ver=1776969259\",\"width\":96,\"height\":96,\"caption\":\"admin\"}},{\"@type\":\"WebPage\",\"@id\":\"https:\\\/\\\/eldigitaldeasturias.com\\\/magazine365\\\/la-1-viajara-cada-noche-al-centro-de-la-tele-desde-el-18-de-mayo\\\/#webpage\",\"url\":\"https:\\\/\\\/eldigitaldeasturias.com\\\/magazine365\\\/la-1-viajara-cada-noche-al-centro-de-la-tele-desde-el-18-de-mayo\\\/\",\"name\":\"La 1 viajar\\u00e1 cada noche al centro de la tele desde el 18 de mayo | El Digital de Asturias\",\"description\":\"'Viaje al centro de la tele' regresa renovado a La 1 desde el pr\\u00f3ximo 18 de mayo y se emitir\\u00e1 a diario, de lunes a jueves, de 22:00 a 22:30 horas. El espacio recurre de nuevo al Archivo de RTVE para ofrecer entretenimiento y diversi\\u00f3n para toda la familia, en una nueva etapa caracterizada por\",\"inLanguage\":\"es-ES\",\"isPartOf\":{\"@id\":\"https:\\\/\\\/eldigitaldeasturias.com\\\/magazine365\\\/#website\"},\"breadcrumb\":{\"@id\":\"https:\\\/\\\/eldigitaldeasturias.com\\\/magazine365\\\/la-1-viajara-cada-noche-al-centro-de-la-tele-desde-el-18-de-mayo\\\/#breadcrumblist\"},\"author\":{\"@id\":\"https:\\\/\\\/eldigitaldeasturias.com\\\/magazine365\\\/author\\\/admin\\\/#author\"},\"creator\":{\"@id\":\"https:\\\/\\\/eldigitaldeasturias.com\\\/magazine365\\\/author\\\/admin\\\/#author\"},\"image\":{\"@type\":\"ImageObject\",\"url\":\"https:\\\/\\\/eldigitaldeasturias.com\\\/magazine365\\\/wp-content\\\/uploads\\\/2015\\\/05\\\/1431606270679.jpg\",\"@id\":\"https:\\\/\\\/eldigitaldeasturias.com\\\/magazine365\\\/la-1-viajara-cada-noche-al-centro-de-la-tele-desde-el-18-de-mayo\\\/#mainImage\",\"width\":720,\"height\":480},\"primaryImageOfPage\":{\"@id\":\"https:\\\/\\\/eldigitaldeasturias.com\\\/magazine365\\\/la-1-viajara-cada-noche-al-centro-de-la-tele-desde-el-18-de-mayo\\\/#mainImage\"},\"datePublished\":\"2015-05-15T09:06:29+02:00\",\"dateModified\":\"2015-05-15T09:06:29+02:00\"},{\"@type\":\"WebSite\",\"@id\":\"https:\\\/\\\/eldigitaldeasturias.com\\\/magazine365\\\/#website\",\"url\":\"https:\\\/\\\/eldigitaldeasturias.com\\\/magazine365\\\/\",\"name\":\"El Digital de Asturias\",\"description\":\"Revista de ocio, turismo y estilo de vida\",\"inLanguage\":\"es-ES\",\"publisher\":{\"@id\":\"https:\\\/\\\/eldigitaldeasturias.com\\\/magazine365\\\/#organization\"}}]}\n\t\t<\/script>\n\t\t<!-- All in One SEO Pro -->\r\n\t\t<title>La 1 viajar\u00e1 cada noche al centro de la tele desde el 18 de mayo | El Digital de Asturias<\/title>\n\n","aioseo_head_json":{"title":"La 1 viajar\u00e1 cada noche al centro de la tele desde el 18 de mayo | El Digital de Asturias","description":"'Viaje al centro de la tele' regresa renovado a La 1 desde el pr\u00f3ximo 18 de mayo y se emitir\u00e1 a diario, de lunes a jueves, de 22:00 a 22:30 horas. El espacio recurre de nuevo al Archivo de RTVE para ofrecer entretenimiento y diversi\u00f3n para toda la familia, en una nueva etapa caracterizada por","canonical_url":"https:\/\/eldigitaldeasturias.com\/magazine365\/la-1-viajara-cada-noche-al-centro-de-la-tele-desde-el-18-de-mayo\/","robots":"max-image-preview:large","keywords":"noticias y actualidad","webmasterTools":{"google-site-verification":"UA-38556648-1","miscellaneous":""},"schema":{"@context":"https:\/\/schema.org","@graph":[{"@type":"Article","@id":"https:\/\/eldigitaldeasturias.com\/magazine365\/la-1-viajara-cada-noche-al-centro-de-la-tele-desde-el-18-de-mayo\/#article","name":"La 1 viajar\u00e1 cada noche al centro de la tele desde el 18 de mayo | El Digital de Asturias","headline":"La 1 viajar\u00e1 cada noche al centro de la tele desde el 18 de mayo","author":{"@id":"https:\/\/eldigitaldeasturias.com\/magazine365\/author\/admin\/#author"},"publisher":{"@id":"https:\/\/eldigitaldeasturias.com\/magazine365\/#organization"},"image":{"@type":"ImageObject","url":"https:\/\/eldigitaldeasturias.com\/magazine365\/wp-content\/uploads\/2015\/05\/1431606270679.jpg","width":720,"height":480},"datePublished":"2015-05-15T09:06:29+02:00","dateModified":"2015-05-15T09:06:29+02:00","inLanguage":"es-ES","mainEntityOfPage":{"@id":"https:\/\/eldigitaldeasturias.com\/magazine365\/la-1-viajara-cada-noche-al-centro-de-la-tele-desde-el-18-de-mayo\/#webpage"},"isPartOf":{"@id":"https:\/\/eldigitaldeasturias.com\/magazine365\/la-1-viajara-cada-noche-al-centro-de-la-tele-desde-el-18-de-mayo\/#webpage"},"articleSection":"Noticias y Actualidad"},{"@type":"BreadcrumbList","@id":"https:\/\/eldigitaldeasturias.com\/magazine365\/la-1-viajara-cada-noche-al-centro-de-la-tele-desde-el-18-de-mayo\/#breadcrumblist","itemListElement":[{"@type":"ListItem","@id":"https:\/\/eldigitaldeasturias.com\/magazine365#listItem","position":1,"name":"Home","item":"https:\/\/eldigitaldeasturias.com\/magazine365","nextItem":{"@type":"ListItem","@id":"https:\/\/eldigitaldeasturias.com\/magazine365\/category\/noticias-actualidad\/#listItem","name":"Noticias y Actualidad"}},{"@type":"ListItem","@id":"https:\/\/eldigitaldeasturias.com\/magazine365\/category\/noticias-actualidad\/#listItem","position":2,"name":"Noticias y Actualidad","item":"https:\/\/eldigitaldeasturias.com\/magazine365\/category\/noticias-actualidad\/","nextItem":{"@type":"ListItem","@id":"https:\/\/eldigitaldeasturias.com\/magazine365\/la-1-viajara-cada-noche-al-centro-de-la-tele-desde-el-18-de-mayo\/#listItem","name":"La 1 viajar\u00e1 cada noche al centro de la tele desde el 18 de mayo"},"previousItem":{"@type":"ListItem","@id":"https:\/\/eldigitaldeasturias.com\/magazine365#listItem","name":"Home"}},{"@type":"ListItem","@id":"https:\/\/eldigitaldeasturias.com\/magazine365\/la-1-viajara-cada-noche-al-centro-de-la-tele-desde-el-18-de-mayo\/#listItem","position":3,"name":"La 1 viajar\u00e1 cada noche al centro de la tele desde el 18 de mayo","previousItem":{"@type":"ListItem","@id":"https:\/\/eldigitaldeasturias.com\/magazine365\/category\/noticias-actualidad\/#listItem","name":"Noticias y Actualidad"}}]},{"@type":"Organization","@id":"https:\/\/eldigitaldeasturias.com\/magazine365\/#organization","name":"El digital de Asturias","description":"Revista de ocio, turismo y estilo de vida","url":"https:\/\/eldigitaldeasturias.com\/magazine365\/","logo":{"@type":"ImageObject","url":"https:\/\/www.eldigitaldeasturias.com\/noticias\/wp-content\/uploads\/2020\/12\/EDA.jpg","@id":"https:\/\/eldigitaldeasturias.com\/magazine365\/la-1-viajara-cada-noche-al-centro-de-la-tele-desde-el-18-de-mayo\/#organizationLogo"},"image":{"@id":"https:\/\/eldigitaldeasturias.com\/magazine365\/la-1-viajara-cada-noche-al-centro-de-la-tele-desde-el-18-de-mayo\/#organizationLogo"}},{"@type":"Person","@id":"https:\/\/eldigitaldeasturias.com\/magazine365\/author\/admin\/#author","url":"https:\/\/eldigitaldeasturias.com\/magazine365\/author\/admin\/","name":"admin","image":{"@type":"ImageObject","@id":"https:\/\/eldigitaldeasturias.com\/magazine365\/la-1-viajara-cada-noche-al-centro-de-la-tele-desde-el-18-de-mayo\/#authorImage","url":"https:\/\/eldigitaldeasturias.com\/magazine365\/wp-content\/litespeed\/avatar\/e571bcf59a0edd6fa6838245a470f2fe.jpg?ver=1776969259","width":96,"height":96,"caption":"admin"}},{"@type":"WebPage","@id":"https:\/\/eldigitaldeasturias.com\/magazine365\/la-1-viajara-cada-noche-al-centro-de-la-tele-desde-el-18-de-mayo\/#webpage","url":"https:\/\/eldigitaldeasturias.com\/magazine365\/la-1-viajara-cada-noche-al-centro-de-la-tele-desde-el-18-de-mayo\/","name":"La 1 viajar\u00e1 cada noche al centro de la tele desde el 18 de mayo | El Digital de Asturias","description":"'Viaje al centro de la tele' regresa renovado a La 1 desde el pr\u00f3ximo 18 de mayo y se emitir\u00e1 a diario, de lunes a jueves, de 22:00 a 22:30 horas. El espacio recurre de nuevo al Archivo de RTVE para ofrecer entretenimiento y diversi\u00f3n para toda la familia, en una nueva etapa caracterizada por","inLanguage":"es-ES","isPartOf":{"@id":"https:\/\/eldigitaldeasturias.com\/magazine365\/#website"},"breadcrumb":{"@id":"https:\/\/eldigitaldeasturias.com\/magazine365\/la-1-viajara-cada-noche-al-centro-de-la-tele-desde-el-18-de-mayo\/#breadcrumblist"},"author":{"@id":"https:\/\/eldigitaldeasturias.com\/magazine365\/author\/admin\/#author"},"creator":{"@id":"https:\/\/eldigitaldeasturias.com\/magazine365\/author\/admin\/#author"},"image":{"@type":"ImageObject","url":"https:\/\/eldigitaldeasturias.com\/magazine365\/wp-content\/uploads\/2015\/05\/1431606270679.jpg","@id":"https:\/\/eldigitaldeasturias.com\/magazine365\/la-1-viajara-cada-noche-al-centro-de-la-tele-desde-el-18-de-mayo\/#mainImage","width":720,"height":480},"primaryImageOfPage":{"@id":"https:\/\/eldigitaldeasturias.com\/magazine365\/la-1-viajara-cada-noche-al-centro-de-la-tele-desde-el-18-de-mayo\/#mainImage"},"datePublished":"2015-05-15T09:06:29+02:00","dateModified":"2015-05-15T09:06:29+02:00"},{"@type":"WebSite","@id":"https:\/\/eldigitaldeasturias.com\/magazine365\/#website","url":"https:\/\/eldigitaldeasturias.com\/magazine365\/","name":"El Digital de Asturias","description":"Revista de ocio, turismo y estilo de vida","inLanguage":"es-ES","publisher":{"@id":"https:\/\/eldigitaldeasturias.com\/magazine365\/#organization"}}]},"og:locale":"es_ES","og:site_name":"El Digital de Asturias \u2013 Revista de ocio, turismo y estilo de vida","og:type":"article","og:title":"La 1 viajar\u00e1 cada noche al centro de la tele desde el 18 de mayo | El Digital de Asturias","og:description":"'Viaje al centro de la tele' regresa renovado a La 1 desde el pr\u00f3ximo 18 de mayo y se emitir\u00e1 a diario, de lunes a jueves, de 22:00 a 22:30 horas. El espacio recurre de nuevo al Archivo de RTVE para ofrecer entretenimiento y diversi\u00f3n para toda la familia, en una nueva etapa caracterizada por","og:url":"https:\/\/eldigitaldeasturias.com\/magazine365\/la-1-viajara-cada-noche-al-centro-de-la-tele-desde-el-18-de-mayo\/","og:image":"https:\/\/eldigitaldeasturias.com\/magazine365\/wp-content\/uploads\/2015\/05\/1431606270679.jpg","og:image:secure_url":"https:\/\/eldigitaldeasturias.com\/magazine365\/wp-content\/uploads\/2015\/05\/1431606270679.jpg","og:image:width":720,"og:image:height":480,"article:published_time":"2015-05-15T07:36:29+00:00","article:modified_time":"2015-05-15T07:36:29+00:00","twitter:card":"summary_large_image","twitter:title":"La 1 viajar\u00e1 cada noche al centro de la tele desde el 18 de mayo | El Digital de Asturias","twitter:description":"'Viaje al centro de la tele' regresa renovado a La 1 desde el pr\u00f3ximo 18 de mayo y se emitir\u00e1 a diario, de lunes a jueves, de 22:00 a 22:30 horas. El espacio recurre de nuevo al Archivo de RTVE para ofrecer entretenimiento y diversi\u00f3n para toda la familia, en una nueva etapa caracterizada por","twitter:image":"https:\/\/eldigitaldeasturias.com\/magazine365\/wp-content\/uploads\/2015\/05\/1431606270679.jpg"},"aioseo_meta_data":{"post_id":"38327","title":null,"description":null,"keywords":null,"keyphrases":null,"primary_term":null,"canonical_url":null,"og_title":null,"og_description":null,"og_object_type":"default","og_image_type":"default","og_image_url":null,"og_image_width":null,"og_image_height":null,"og_image_custom_url":null,"og_image_custom_fields":null,"og_video":null,"og_custom_url":null,"og_article_section":null,"og_article_tags":null,"twitter_use_og":false,"twitter_card":"default","twitter_image_type":"default","twitter_image_url":null,"twitter_image_custom_url":null,"twitter_image_custom_fields":null,"twitter_title":null,"twitter_description":null,"schema":{"blockGraphs":[],"customGraphs":[],"default":{"data":{"Article":[],"Course":[],"Dataset":[],"FAQPage":[],"Movie":[],"Person":[],"Product":[],"ProductReview":[],"Car":[],"Recipe":[],"Service":[],"SoftwareApplication":[],"WebPage":[]},"graphName":"","isEnabled":true},"graphs":[],"defaultGraph":"","defaultPostTypeGraph":""},"schema_type":null,"schema_type_options":null,"pillar_content":false,"robots_default":true,"robots_noindex":false,"robots_noarchive":false,"robots_nosnippet":false,"robots_nofollow":false,"robots_noimageindex":false,"robots_noodp":false,"robots_notranslate":false,"robots_max_snippet":null,"robots_max_videopreview":null,"robots_max_imagepreview":"large","priority":null,"frequency":null,"location":null,"local_seo":null,"seo_analyzer_scan_date":"2025-09-19 09:18:54","breadcrumb_settings":null,"limit_modified_date":false,"open_ai":null,"ai":null,"created":"2021-03-09 02:54:42","updated":"2025-09-19 09:18:54"},"aioseo_breadcrumb":"<div class=\"aioseo-breadcrumbs\"><span class=\"aioseo-breadcrumb\">\n\t<a href=\"https:\/\/eldigitaldeasturias.com\/magazine365\" title=\"Home\">Home<\/a>\n<\/span><span class=\"aioseo-breadcrumb-separator\">\u2013<\/span><span class=\"aioseo-breadcrumb\">\n\t<a href=\"https:\/\/eldigitaldeasturias.com\/magazine365\/category\/noticias-actualidad\/\" title=\"Noticias y Actualidad\">Noticias y Actualidad<\/a>\n<\/span><span class=\"aioseo-breadcrumb-separator\">\u2013<\/span><span class=\"aioseo-breadcrumb\">\n\t<a href=\"https:\/\/eldigitaldeasturias.com\/magazine365\/la-1-viajara-cada-noche-al-centro-de-la-tele-desde-el-18-de-mayo\/\" title=\"La 1 viajar\u00e1 cada noche al centro de la tele desde el 18 de mayo\">La 1 viajar\u00e1 cada noche al centro de la tele desde el 18 de mayo<\/a>\n<\/span><\/div>","aioseo_breadcrumb_json":[{"label":"Home","link":"https:\/\/eldigitaldeasturias.com\/magazine365"},{"label":"Noticias y Actualidad","link":"https:\/\/eldigitaldeasturias.com\/magazine365\/category\/noticias-actualidad\/"},{"label":"La 1 viajar\u00e1 cada noche al centro de la tele desde el 18 de mayo","link":"https:\/\/eldigitaldeasturias.com\/magazine365\/la-1-viajara-cada-noche-al-centro-de-la-tele-desde-el-18-de-mayo\/"}],"_links":{"self":[{"href":"https:\/\/eldigitaldeasturias.com\/magazine365\/wp-json\/wp\/v2\/posts\/38327","targetHints":{"allow":["GET"]}}],"collection":[{"href":"https:\/\/eldigitaldeasturias.com\/magazine365\/wp-json\/wp\/v2\/posts"}],"about":[{"href":"https:\/\/eldigitaldeasturias.com\/magazine365\/wp-json\/wp\/v2\/types\/post"}],"author":[{"embeddable":true,"href":"https:\/\/eldigitaldeasturias.com\/magazine365\/wp-json\/wp\/v2\/users\/1"}],"replies":[{"embeddable":true,"href":"https:\/\/eldigitaldeasturias.com\/magazine365\/wp-json\/wp\/v2\/comments?post=38327"}],"version-history":[{"count":0,"href":"https:\/\/eldigitaldeasturias.com\/magazine365\/wp-json\/wp\/v2\/posts\/38327\/revisions"}],"wp:featuredmedia":[{"embeddable":true,"href":"https:\/\/eldigitaldeasturias.com\/magazine365\/wp-json\/wp\/v2\/media\/38328"}],"wp:attachment":[{"href":"https:\/\/eldigitaldeasturias.com\/magazine365\/wp-json\/wp\/v2\/media?parent=38327"}],"wp:term":[{"taxonomy":"category","embeddable":true,"href":"https:\/\/eldigitaldeasturias.com\/magazine365\/wp-json\/wp\/v2\/categories?post=38327"},{"taxonomy":"post_tag","embeddable":true,"href":"https:\/\/eldigitaldeasturias.com\/magazine365\/wp-json\/wp\/v2\/tags?post=38327"}],"curies":[{"name":"wp","href":"https:\/\/api.w.org\/{rel}","templated":true}]}}