{"id":38299,"date":"2015-05-12T15:27:14","date_gmt":"2015-05-12T13:57:14","guid":{"rendered":"http:\/\/eldigitaldeasturias.com\/magazine365\/?p=38299"},"modified":"2015-05-12T15:27:14","modified_gmt":"2015-05-12T13:57:14","slug":"el-bisontin-astur-celebra-su-primer-cumpleanos","status":"publish","type":"post","link":"https:\/\/eldigitaldeasturias.com\/magazine365\/el-bisontin-astur-celebra-su-primer-cumpleanos\/","title":{"rendered":"El &#8216;bisont\u00edn&#8217; Astur celebra su primer cumplea\u00f1os"},"content":{"rendered":"<p><img fetchpriority=\"high\" decoding=\"async\" class=\"alignleft size-medium wp-image-38300\" src=\"https:\/\/eldigitaldeasturias.com\/magazine365\/wp-content\/uploads\/2015\/05\/fotonoticia_20150512122620_800-360x270.jpg\" alt=\"fotonoticia_20150512122620_800\" width=\"360\" height=\"270\" srcset=\"https:\/\/eldigitaldeasturias.com\/magazine365\/wp-content\/uploads\/2015\/05\/fotonoticia_20150512122620_800-360x270.jpg 360w, https:\/\/eldigitaldeasturias.com\/magazine365\/wp-content\/uploads\/2015\/05\/fotonoticia_20150512122620_800-650x488.jpg 650w, https:\/\/eldigitaldeasturias.com\/magazine365\/wp-content\/uploads\/2015\/05\/fotonoticia_20150512122620_800-768x576.jpg 768w, https:\/\/eldigitaldeasturias.com\/magazine365\/wp-content\/uploads\/2015\/05\/fotonoticia_20150512122620_800-150x113.jpg 150w, https:\/\/eldigitaldeasturias.com\/magazine365\/wp-content\/uploads\/2015\/05\/fotonoticia_20150512122620_800-450x338.jpg 450w, https:\/\/eldigitaldeasturias.com\/magazine365\/wp-content\/uploads\/2015\/05\/fotonoticia_20150512122620_800-80x60.jpg 80w, https:\/\/eldigitaldeasturias.com\/magazine365\/wp-content\/uploads\/2015\/05\/fotonoticia_20150512122620_800-265x198.jpg 265w, https:\/\/eldigitaldeasturias.com\/magazine365\/wp-content\/uploads\/2015\/05\/fotonoticia_20150512122620_800-696x522.jpg 696w, https:\/\/eldigitaldeasturias.com\/magazine365\/wp-content\/uploads\/2015\/05\/fotonoticia_20150512122620_800-560x420.jpg 560w, https:\/\/eldigitaldeasturias.com\/magazine365\/wp-content\/uploads\/2015\/05\/fotonoticia_20150512122620_800-90x67.jpg 90w, https:\/\/eldigitaldeasturias.com\/magazine365\/wp-content\/uploads\/2015\/05\/fotonoticia_20150512122620_800-100x75.jpg 100w, https:\/\/eldigitaldeasturias.com\/magazine365\/wp-content\/uploads\/2015\/05\/fotonoticia_20150512122620_800.jpg 800w\" sizes=\"(max-width: 360px) 100vw, 360px\" \/>El Parque de la Prehistoria de Teverga celebra el primer cumplea\u00f1os del bisont\u00edn Astur el pr\u00f3ximo s\u00e1bado 16 de mayo con 12 familias, una por cada mes de vida, que participar\u00e1n en el programa de actividades para \u00abclanes prehist\u00f3ricos\u00bb que el Parque ha preparado con motivo del aniversario del nacimiento del bisonte europeo en el equipamiento tevergano.<\/p>\n<p>La jornada de actividades para las familias incluye una visita al cercado, entrega a Astur de una tarta especial a base de manzanas y zanahorias, talleres para ni\u00f1os, una visita guiada a la Galer\u00eda y a la Cueva de Cuevas y para terminar una merienda prehist\u00f3rica, han detallado desde el parque tevergano.<\/p>\n<p>El resto de visitantes que se acerquen el s\u00e1bado al Parque podr\u00e1n participar en distintas actividades. Una visita libre a la Galer\u00eda y guiada a la Cueva de Cuevas a las 13.45 y 18:00 horas u optar por un recorrido guiado a ambos espacios a las 17.00 horas. Tambi\u00e9n habr\u00e1 un taller sobre pintura rupestre a las 17.15 horas.<\/p>\n<p>Asimismo, durante todo el fin se semana los visitantes dispondr\u00e1n de todos los materiales para dejar su felicitaci\u00f3n o mensaje para el bisonte Astur en un panel habilitado para ello.<\/p>\n<p>Ocho restaurantes de Teverga se suman a las celebraciones del cumplea\u00f1os con la oferta de un men\u00fa tem\u00e1tico durante el fin de semana. A un precio de 18 euros, los visitantes podr\u00e1n disfrutarde una carta compuesta de &#8216;pote de recolecta solutrense&#8217;, &#8216;recompensa del cazador&#8217; y &#8216;dulces magdalenienses y sue\u00f1os cham\u00e1nicos&#8217;.<\/p>\n<p>D\u00cdA DE LOS MUSEOS EN EL PARQUE<\/p>\n<p>El domingo 17 de mayo el Parque celebra del D\u00eda de los Museos con un programa de actividades gratuitas que incluyen recorridos guiados a la Galer\u00eda y a la Cueva de Cuevas a las 12.30, 13.45, 17.00 y 18.00 horas. A las 12.30 horas, el p\u00fablico podr\u00e1 visitar los cercados de los caballos Przewalski y de los bisontes de origen europeo<\/p>\n<p>Por \u00faltimo, se celebra &#8216;El taller del artista&#8217;, a las 13.00 y 17.15 horas, con plazas disponibles solo para la primera sesi\u00f3n. LAs actividades del domingo son gratuitas y las plazas son limitadas. Se puede realizar inscripci\u00f3n previa en &#8216;reservas@recrea.asturias.es&#8217; o en los tel\u00e9fonos 985 185 860 \u00f3 902 306 600. Los dos d\u00edas del fin de semana la entrada al parque ser\u00e1 gratuita.<br \/>\n*<br \/>\nMen\u00fa especial en Teverga el fin de semana<br \/>\nCon motivo del primer cumplea\u00f1os del bisont\u00edn, ocho restaurantes teverganos han preparado un suculento men\u00fa tem\u00e1tico para el 16 y 17 de mayo. El men\u00fa, a un precio de 18 euros, est\u00e1 compuesto de \u00abpote de recolecta solutrense\u00bb, \u00abrecompensa del cazador\u00bb y \u00abdulces magdalenienses y sue\u00f1os cham\u00e1nicos\u00bb.<br \/>\nEl Caf\u00e9 de la Prehistoria tambi\u00e9n ofrece el 16, 17 y 18 de mayo sus \u00abMen\u00fas cuevas\u00bb, una alternativa a la cocina tradicional con pizzas, hamburguesas o platos combinados.<\/p>\n","protected":false},"excerpt":{"rendered":"<p>El Parque de la Prehistoria de Teverga celebra el primer cumplea\u00f1os del bisont\u00edn Astur el pr\u00f3ximo s\u00e1bado 16 de mayo con 12 familias, una por cada mes de vida, que participar\u00e1n en el programa de actividades para \u00abclanes prehist\u00f3ricos\u00bb que el Parque ha preparado con motivo del aniversario del nacimiento del bisonte europeo en el<\/p>\n","protected":false},"author":1,"featured_media":38300,"comment_status":"open","ping_status":"closed","sticky":false,"template":"","format":"standard","meta":{"footnotes":""},"categories":[217],"tags":[],"class_list":{"0":"post-38299","1":"post","2":"type-post","3":"status-publish","4":"format-standard","5":"has-post-thumbnail","7":"category-sabores"},"aioseo_notices":[],"aioseo_head":"\n\t\t<!-- All in One SEO Pro 4.9.6.1 - aioseo.com -->\n\t<meta name=\"description\" content=\"El Parque de la Prehistoria de Teverga celebra el primer cumplea\u00f1os del bisont\u00edn Astur el pr\u00f3ximo s\u00e1bado 16 de mayo con 12 familias, una por cada mes de vida, que participar\u00e1n en el programa de actividades para &quot;clanes prehist\u00f3ricos&quot; que el Parque ha preparado con motivo del aniversario del nacimiento del bisonte europeo en el\" \/>\n\t<meta name=\"robots\" content=\"max-image-preview:large\" \/>\n\t<meta name=\"author\" content=\"admin\"\/>\n\t<meta name=\"google-site-verification\" content=\"UA-38556648-1\" \/>\n\t<meta name=\"keywords\" content=\"sabores\" \/>\n\t<link rel=\"canonical\" href=\"https:\/\/eldigitaldeasturias.com\/magazine365\/el-bisontin-astur-celebra-su-primer-cumpleanos\/\" \/>\n\t<meta name=\"generator\" content=\"All in One SEO Pro (AIOSEO) 4.9.6.1\" \/>\n\t\t<meta property=\"og:locale\" content=\"es_ES\" \/>\n\t\t<meta property=\"og:site_name\" content=\"El Digital de Asturias \u2013 Revista de ocio, turismo y estilo de vida\" \/>\n\t\t<meta property=\"og:type\" content=\"article\" \/>\n\t\t<meta property=\"og:title\" content=\"El \u2018bisont\u00edn\u2019 Astur celebra su primer cumplea\u00f1os | El Digital de Asturias\" \/>\n\t\t<meta property=\"og:description\" content=\"El Parque de la Prehistoria de Teverga celebra el primer cumplea\u00f1os del bisont\u00edn Astur el pr\u00f3ximo s\u00e1bado 16 de mayo con 12 familias, una por cada mes de vida, que participar\u00e1n en el programa de actividades para &quot;clanes prehist\u00f3ricos&quot; que el Parque ha preparado con motivo del aniversario del nacimiento del bisonte europeo en el\" \/>\n\t\t<meta property=\"og:url\" content=\"https:\/\/eldigitaldeasturias.com\/magazine365\/el-bisontin-astur-celebra-su-primer-cumpleanos\/\" \/>\n\t\t<meta property=\"og:image\" content=\"https:\/\/eldigitaldeasturias.com\/magazine365\/wp-content\/uploads\/2015\/05\/fotonoticia_20150512122620_800.jpg\" \/>\n\t\t<meta property=\"og:image:secure_url\" content=\"https:\/\/eldigitaldeasturias.com\/magazine365\/wp-content\/uploads\/2015\/05\/fotonoticia_20150512122620_800.jpg\" \/>\n\t\t<meta property=\"og:image:width\" content=\"800\" \/>\n\t\t<meta property=\"og:image:height\" content=\"600\" \/>\n\t\t<meta property=\"article:published_time\" content=\"2015-05-12T13:57:14+00:00\" \/>\n\t\t<meta property=\"article:modified_time\" content=\"2015-05-12T13:57:14+00:00\" \/>\n\t\t<meta name=\"twitter:card\" content=\"summary_large_image\" \/>\n\t\t<meta name=\"twitter:title\" content=\"El \u2018bisont\u00edn\u2019 Astur celebra su primer cumplea\u00f1os | El Digital de Asturias\" \/>\n\t\t<meta name=\"twitter:description\" content=\"El Parque de la Prehistoria de Teverga celebra el primer cumplea\u00f1os del bisont\u00edn Astur el pr\u00f3ximo s\u00e1bado 16 de mayo con 12 familias, una por cada mes de vida, que participar\u00e1n en el programa de actividades para &quot;clanes prehist\u00f3ricos&quot; que el Parque ha preparado con motivo del aniversario del nacimiento del bisonte europeo en el\" \/>\n\t\t<meta name=\"twitter:image\" content=\"https:\/\/eldigitaldeasturias.com\/magazine365\/wp-content\/uploads\/2015\/05\/fotonoticia_20150512122620_800.jpg\" \/>\n\t\t<script type=\"application\/ld+json\" class=\"aioseo-schema\">\n\t\t\t{\"@context\":\"https:\\\/\\\/schema.org\",\"@graph\":[{\"@type\":\"Article\",\"@id\":\"https:\\\/\\\/eldigitaldeasturias.com\\\/magazine365\\\/el-bisontin-astur-celebra-su-primer-cumpleanos\\\/#article\",\"name\":\"El \\u2018bisont\\u00edn\\u2019 Astur celebra su primer cumplea\\u00f1os | El Digital de Asturias\",\"headline\":\"El &#8216;bisont\\u00edn&#8217; Astur celebra su primer cumplea\\u00f1os\",\"author\":{\"@id\":\"https:\\\/\\\/eldigitaldeasturias.com\\\/magazine365\\\/author\\\/admin\\\/#author\"},\"publisher\":{\"@id\":\"https:\\\/\\\/eldigitaldeasturias.com\\\/magazine365\\\/#organization\"},\"image\":{\"@type\":\"ImageObject\",\"url\":\"https:\\\/\\\/eldigitaldeasturias.com\\\/magazine365\\\/wp-content\\\/uploads\\\/2015\\\/05\\\/fotonoticia_20150512122620_800.jpg\",\"width\":800,\"height\":600},\"datePublished\":\"2015-05-12T15:27:14+02:00\",\"dateModified\":\"2015-05-12T15:27:14+02:00\",\"inLanguage\":\"es-ES\",\"mainEntityOfPage\":{\"@id\":\"https:\\\/\\\/eldigitaldeasturias.com\\\/magazine365\\\/el-bisontin-astur-celebra-su-primer-cumpleanos\\\/#webpage\"},\"isPartOf\":{\"@id\":\"https:\\\/\\\/eldigitaldeasturias.com\\\/magazine365\\\/el-bisontin-astur-celebra-su-primer-cumpleanos\\\/#webpage\"},\"articleSection\":\"Sabores\"},{\"@type\":\"BreadcrumbList\",\"@id\":\"https:\\\/\\\/eldigitaldeasturias.com\\\/magazine365\\\/el-bisontin-astur-celebra-su-primer-cumpleanos\\\/#breadcrumblist\",\"itemListElement\":[{\"@type\":\"ListItem\",\"@id\":\"https:\\\/\\\/eldigitaldeasturias.com\\\/magazine365#listItem\",\"position\":1,\"name\":\"Home\",\"item\":\"https:\\\/\\\/eldigitaldeasturias.com\\\/magazine365\",\"nextItem\":{\"@type\":\"ListItem\",\"@id\":\"https:\\\/\\\/eldigitaldeasturias.com\\\/magazine365\\\/category\\\/sabores\\\/#listItem\",\"name\":\"Sabores\"}},{\"@type\":\"ListItem\",\"@id\":\"https:\\\/\\\/eldigitaldeasturias.com\\\/magazine365\\\/category\\\/sabores\\\/#listItem\",\"position\":2,\"name\":\"Sabores\",\"item\":\"https:\\\/\\\/eldigitaldeasturias.com\\\/magazine365\\\/category\\\/sabores\\\/\",\"nextItem\":{\"@type\":\"ListItem\",\"@id\":\"https:\\\/\\\/eldigitaldeasturias.com\\\/magazine365\\\/el-bisontin-astur-celebra-su-primer-cumpleanos\\\/#listItem\",\"name\":\"El &#8216;bisont\\u00edn&#8217; Astur celebra su primer cumplea\\u00f1os\"},\"previousItem\":{\"@type\":\"ListItem\",\"@id\":\"https:\\\/\\\/eldigitaldeasturias.com\\\/magazine365#listItem\",\"name\":\"Home\"}},{\"@type\":\"ListItem\",\"@id\":\"https:\\\/\\\/eldigitaldeasturias.com\\\/magazine365\\\/el-bisontin-astur-celebra-su-primer-cumpleanos\\\/#listItem\",\"position\":3,\"name\":\"El &#8216;bisont\\u00edn&#8217; Astur celebra su primer cumplea\\u00f1os\",\"previousItem\":{\"@type\":\"ListItem\",\"@id\":\"https:\\\/\\\/eldigitaldeasturias.com\\\/magazine365\\\/category\\\/sabores\\\/#listItem\",\"name\":\"Sabores\"}}]},{\"@type\":\"Organization\",\"@id\":\"https:\\\/\\\/eldigitaldeasturias.com\\\/magazine365\\\/#organization\",\"name\":\"El digital de Asturias\",\"description\":\"Revista de ocio, turismo y estilo de vida\",\"url\":\"https:\\\/\\\/eldigitaldeasturias.com\\\/magazine365\\\/\",\"logo\":{\"@type\":\"ImageObject\",\"url\":\"https:\\\/\\\/www.eldigitaldeasturias.com\\\/noticias\\\/wp-content\\\/uploads\\\/2020\\\/12\\\/EDA.jpg\",\"@id\":\"https:\\\/\\\/eldigitaldeasturias.com\\\/magazine365\\\/el-bisontin-astur-celebra-su-primer-cumpleanos\\\/#organizationLogo\"},\"image\":{\"@id\":\"https:\\\/\\\/eldigitaldeasturias.com\\\/magazine365\\\/el-bisontin-astur-celebra-su-primer-cumpleanos\\\/#organizationLogo\"}},{\"@type\":\"Person\",\"@id\":\"https:\\\/\\\/eldigitaldeasturias.com\\\/magazine365\\\/author\\\/admin\\\/#author\",\"url\":\"https:\\\/\\\/eldigitaldeasturias.com\\\/magazine365\\\/author\\\/admin\\\/\",\"name\":\"admin\",\"image\":{\"@type\":\"ImageObject\",\"@id\":\"https:\\\/\\\/eldigitaldeasturias.com\\\/magazine365\\\/el-bisontin-astur-celebra-su-primer-cumpleanos\\\/#authorImage\",\"url\":\"https:\\\/\\\/eldigitaldeasturias.com\\\/magazine365\\\/wp-content\\\/litespeed\\\/avatar\\\/e571bcf59a0edd6fa6838245a470f2fe.jpg?ver=1776969259\",\"width\":96,\"height\":96,\"caption\":\"admin\"}},{\"@type\":\"WebPage\",\"@id\":\"https:\\\/\\\/eldigitaldeasturias.com\\\/magazine365\\\/el-bisontin-astur-celebra-su-primer-cumpleanos\\\/#webpage\",\"url\":\"https:\\\/\\\/eldigitaldeasturias.com\\\/magazine365\\\/el-bisontin-astur-celebra-su-primer-cumpleanos\\\/\",\"name\":\"El \\u2018bisont\\u00edn\\u2019 Astur celebra su primer cumplea\\u00f1os | El Digital de Asturias\",\"description\":\"El Parque de la Prehistoria de Teverga celebra el primer cumplea\\u00f1os del bisont\\u00edn Astur el pr\\u00f3ximo s\\u00e1bado 16 de mayo con 12 familias, una por cada mes de vida, que participar\\u00e1n en el programa de actividades para \\\"clanes prehist\\u00f3ricos\\\" que el Parque ha preparado con motivo del aniversario del nacimiento del bisonte europeo en el\",\"inLanguage\":\"es-ES\",\"isPartOf\":{\"@id\":\"https:\\\/\\\/eldigitaldeasturias.com\\\/magazine365\\\/#website\"},\"breadcrumb\":{\"@id\":\"https:\\\/\\\/eldigitaldeasturias.com\\\/magazine365\\\/el-bisontin-astur-celebra-su-primer-cumpleanos\\\/#breadcrumblist\"},\"author\":{\"@id\":\"https:\\\/\\\/eldigitaldeasturias.com\\\/magazine365\\\/author\\\/admin\\\/#author\"},\"creator\":{\"@id\":\"https:\\\/\\\/eldigitaldeasturias.com\\\/magazine365\\\/author\\\/admin\\\/#author\"},\"image\":{\"@type\":\"ImageObject\",\"url\":\"https:\\\/\\\/eldigitaldeasturias.com\\\/magazine365\\\/wp-content\\\/uploads\\\/2015\\\/05\\\/fotonoticia_20150512122620_800.jpg\",\"@id\":\"https:\\\/\\\/eldigitaldeasturias.com\\\/magazine365\\\/el-bisontin-astur-celebra-su-primer-cumpleanos\\\/#mainImage\",\"width\":800,\"height\":600},\"primaryImageOfPage\":{\"@id\":\"https:\\\/\\\/eldigitaldeasturias.com\\\/magazine365\\\/el-bisontin-astur-celebra-su-primer-cumpleanos\\\/#mainImage\"},\"datePublished\":\"2015-05-12T15:27:14+02:00\",\"dateModified\":\"2015-05-12T15:27:14+02:00\"},{\"@type\":\"WebSite\",\"@id\":\"https:\\\/\\\/eldigitaldeasturias.com\\\/magazine365\\\/#website\",\"url\":\"https:\\\/\\\/eldigitaldeasturias.com\\\/magazine365\\\/\",\"name\":\"El Digital de Asturias\",\"description\":\"Revista de ocio, turismo y estilo de vida\",\"inLanguage\":\"es-ES\",\"publisher\":{\"@id\":\"https:\\\/\\\/eldigitaldeasturias.com\\\/magazine365\\\/#organization\"}}]}\n\t\t<\/script>\n\t\t<!-- All in One SEO Pro -->\r\n\t\t<title>El \u2018bisont\u00edn\u2019 Astur celebra su primer cumplea\u00f1os | El Digital de Asturias<\/title>\n\n","aioseo_head_json":{"title":"El \u2018bisont\u00edn\u2019 Astur celebra su primer cumplea\u00f1os | El Digital de Asturias","description":"El Parque de la Prehistoria de Teverga celebra el primer cumplea\u00f1os del bisont\u00edn Astur el pr\u00f3ximo s\u00e1bado 16 de mayo con 12 familias, una por cada mes de vida, que participar\u00e1n en el programa de actividades para \"clanes prehist\u00f3ricos\" que el Parque ha preparado con motivo del aniversario del nacimiento del bisonte europeo en el","canonical_url":"https:\/\/eldigitaldeasturias.com\/magazine365\/el-bisontin-astur-celebra-su-primer-cumpleanos\/","robots":"max-image-preview:large","keywords":"sabores","webmasterTools":{"google-site-verification":"UA-38556648-1","miscellaneous":""},"schema":{"@context":"https:\/\/schema.org","@graph":[{"@type":"Article","@id":"https:\/\/eldigitaldeasturias.com\/magazine365\/el-bisontin-astur-celebra-su-primer-cumpleanos\/#article","name":"El \u2018bisont\u00edn\u2019 Astur celebra su primer cumplea\u00f1os | El Digital de Asturias","headline":"El &#8216;bisont\u00edn&#8217; Astur celebra su primer cumplea\u00f1os","author":{"@id":"https:\/\/eldigitaldeasturias.com\/magazine365\/author\/admin\/#author"},"publisher":{"@id":"https:\/\/eldigitaldeasturias.com\/magazine365\/#organization"},"image":{"@type":"ImageObject","url":"https:\/\/eldigitaldeasturias.com\/magazine365\/wp-content\/uploads\/2015\/05\/fotonoticia_20150512122620_800.jpg","width":800,"height":600},"datePublished":"2015-05-12T15:27:14+02:00","dateModified":"2015-05-12T15:27:14+02:00","inLanguage":"es-ES","mainEntityOfPage":{"@id":"https:\/\/eldigitaldeasturias.com\/magazine365\/el-bisontin-astur-celebra-su-primer-cumpleanos\/#webpage"},"isPartOf":{"@id":"https:\/\/eldigitaldeasturias.com\/magazine365\/el-bisontin-astur-celebra-su-primer-cumpleanos\/#webpage"},"articleSection":"Sabores"},{"@type":"BreadcrumbList","@id":"https:\/\/eldigitaldeasturias.com\/magazine365\/el-bisontin-astur-celebra-su-primer-cumpleanos\/#breadcrumblist","itemListElement":[{"@type":"ListItem","@id":"https:\/\/eldigitaldeasturias.com\/magazine365#listItem","position":1,"name":"Home","item":"https:\/\/eldigitaldeasturias.com\/magazine365","nextItem":{"@type":"ListItem","@id":"https:\/\/eldigitaldeasturias.com\/magazine365\/category\/sabores\/#listItem","name":"Sabores"}},{"@type":"ListItem","@id":"https:\/\/eldigitaldeasturias.com\/magazine365\/category\/sabores\/#listItem","position":2,"name":"Sabores","item":"https:\/\/eldigitaldeasturias.com\/magazine365\/category\/sabores\/","nextItem":{"@type":"ListItem","@id":"https:\/\/eldigitaldeasturias.com\/magazine365\/el-bisontin-astur-celebra-su-primer-cumpleanos\/#listItem","name":"El &#8216;bisont\u00edn&#8217; Astur celebra su primer cumplea\u00f1os"},"previousItem":{"@type":"ListItem","@id":"https:\/\/eldigitaldeasturias.com\/magazine365#listItem","name":"Home"}},{"@type":"ListItem","@id":"https:\/\/eldigitaldeasturias.com\/magazine365\/el-bisontin-astur-celebra-su-primer-cumpleanos\/#listItem","position":3,"name":"El &#8216;bisont\u00edn&#8217; Astur celebra su primer cumplea\u00f1os","previousItem":{"@type":"ListItem","@id":"https:\/\/eldigitaldeasturias.com\/magazine365\/category\/sabores\/#listItem","name":"Sabores"}}]},{"@type":"Organization","@id":"https:\/\/eldigitaldeasturias.com\/magazine365\/#organization","name":"El digital de Asturias","description":"Revista de ocio, turismo y estilo de vida","url":"https:\/\/eldigitaldeasturias.com\/magazine365\/","logo":{"@type":"ImageObject","url":"https:\/\/www.eldigitaldeasturias.com\/noticias\/wp-content\/uploads\/2020\/12\/EDA.jpg","@id":"https:\/\/eldigitaldeasturias.com\/magazine365\/el-bisontin-astur-celebra-su-primer-cumpleanos\/#organizationLogo"},"image":{"@id":"https:\/\/eldigitaldeasturias.com\/magazine365\/el-bisontin-astur-celebra-su-primer-cumpleanos\/#organizationLogo"}},{"@type":"Person","@id":"https:\/\/eldigitaldeasturias.com\/magazine365\/author\/admin\/#author","url":"https:\/\/eldigitaldeasturias.com\/magazine365\/author\/admin\/","name":"admin","image":{"@type":"ImageObject","@id":"https:\/\/eldigitaldeasturias.com\/magazine365\/el-bisontin-astur-celebra-su-primer-cumpleanos\/#authorImage","url":"https:\/\/eldigitaldeasturias.com\/magazine365\/wp-content\/litespeed\/avatar\/e571bcf59a0edd6fa6838245a470f2fe.jpg?ver=1776969259","width":96,"height":96,"caption":"admin"}},{"@type":"WebPage","@id":"https:\/\/eldigitaldeasturias.com\/magazine365\/el-bisontin-astur-celebra-su-primer-cumpleanos\/#webpage","url":"https:\/\/eldigitaldeasturias.com\/magazine365\/el-bisontin-astur-celebra-su-primer-cumpleanos\/","name":"El \u2018bisont\u00edn\u2019 Astur celebra su primer cumplea\u00f1os | El Digital de Asturias","description":"El Parque de la Prehistoria de Teverga celebra el primer cumplea\u00f1os del bisont\u00edn Astur el pr\u00f3ximo s\u00e1bado 16 de mayo con 12 familias, una por cada mes de vida, que participar\u00e1n en el programa de actividades para \"clanes prehist\u00f3ricos\" que el Parque ha preparado con motivo del aniversario del nacimiento del bisonte europeo en el","inLanguage":"es-ES","isPartOf":{"@id":"https:\/\/eldigitaldeasturias.com\/magazine365\/#website"},"breadcrumb":{"@id":"https:\/\/eldigitaldeasturias.com\/magazine365\/el-bisontin-astur-celebra-su-primer-cumpleanos\/#breadcrumblist"},"author":{"@id":"https:\/\/eldigitaldeasturias.com\/magazine365\/author\/admin\/#author"},"creator":{"@id":"https:\/\/eldigitaldeasturias.com\/magazine365\/author\/admin\/#author"},"image":{"@type":"ImageObject","url":"https:\/\/eldigitaldeasturias.com\/magazine365\/wp-content\/uploads\/2015\/05\/fotonoticia_20150512122620_800.jpg","@id":"https:\/\/eldigitaldeasturias.com\/magazine365\/el-bisontin-astur-celebra-su-primer-cumpleanos\/#mainImage","width":800,"height":600},"primaryImageOfPage":{"@id":"https:\/\/eldigitaldeasturias.com\/magazine365\/el-bisontin-astur-celebra-su-primer-cumpleanos\/#mainImage"},"datePublished":"2015-05-12T15:27:14+02:00","dateModified":"2015-05-12T15:27:14+02:00"},{"@type":"WebSite","@id":"https:\/\/eldigitaldeasturias.com\/magazine365\/#website","url":"https:\/\/eldigitaldeasturias.com\/magazine365\/","name":"El Digital de Asturias","description":"Revista de ocio, turismo y estilo de vida","inLanguage":"es-ES","publisher":{"@id":"https:\/\/eldigitaldeasturias.com\/magazine365\/#organization"}}]},"og:locale":"es_ES","og:site_name":"El Digital de Asturias \u2013 Revista de ocio, turismo y estilo de vida","og:type":"article","og:title":"El \u2018bisont\u00edn\u2019 Astur celebra su primer cumplea\u00f1os | El Digital de Asturias","og:description":"El Parque de la Prehistoria de Teverga celebra el primer cumplea\u00f1os del bisont\u00edn Astur el pr\u00f3ximo s\u00e1bado 16 de mayo con 12 familias, una por cada mes de vida, que participar\u00e1n en el programa de actividades para &quot;clanes prehist\u00f3ricos&quot; que el Parque ha preparado con motivo del aniversario del nacimiento del bisonte europeo en el","og:url":"https:\/\/eldigitaldeasturias.com\/magazine365\/el-bisontin-astur-celebra-su-primer-cumpleanos\/","og:image":"https:\/\/eldigitaldeasturias.com\/magazine365\/wp-content\/uploads\/2015\/05\/fotonoticia_20150512122620_800.jpg","og:image:secure_url":"https:\/\/eldigitaldeasturias.com\/magazine365\/wp-content\/uploads\/2015\/05\/fotonoticia_20150512122620_800.jpg","og:image:width":800,"og:image:height":600,"article:published_time":"2015-05-12T13:57:14+00:00","article:modified_time":"2015-05-12T13:57:14+00:00","twitter:card":"summary_large_image","twitter:title":"El \u2018bisont\u00edn\u2019 Astur celebra su primer cumplea\u00f1os | El Digital de Asturias","twitter:description":"El Parque de la Prehistoria de Teverga celebra el primer cumplea\u00f1os del bisont\u00edn Astur el pr\u00f3ximo s\u00e1bado 16 de mayo con 12 familias, una por cada mes de vida, que participar\u00e1n en el programa de actividades para &quot;clanes prehist\u00f3ricos&quot; que el Parque ha preparado con motivo del aniversario del nacimiento del bisonte europeo en el","twitter:image":"https:\/\/eldigitaldeasturias.com\/magazine365\/wp-content\/uploads\/2015\/05\/fotonoticia_20150512122620_800.jpg"},"aioseo_meta_data":{"post_id":"38299","title":null,"description":null,"keywords":null,"keyphrases":null,"primary_term":null,"canonical_url":null,"og_title":null,"og_description":null,"og_object_type":"default","og_image_type":"default","og_image_url":null,"og_image_width":null,"og_image_height":null,"og_image_custom_url":null,"og_image_custom_fields":null,"og_video":null,"og_custom_url":null,"og_article_section":null,"og_article_tags":null,"twitter_use_og":false,"twitter_card":"default","twitter_image_type":"default","twitter_image_url":null,"twitter_image_custom_url":null,"twitter_image_custom_fields":null,"twitter_title":null,"twitter_description":null,"schema":{"blockGraphs":[],"customGraphs":[],"default":{"data":{"Article":[],"Course":[],"Dataset":[],"FAQPage":[],"Movie":[],"Person":[],"Product":[],"ProductReview":[],"Car":[],"Recipe":[],"Service":[],"SoftwareApplication":[],"WebPage":[]},"graphName":"","isEnabled":true},"graphs":[],"defaultGraph":"","defaultPostTypeGraph":""},"schema_type":null,"schema_type_options":null,"pillar_content":false,"robots_default":true,"robots_noindex":false,"robots_noarchive":false,"robots_nosnippet":false,"robots_nofollow":false,"robots_noimageindex":false,"robots_noodp":false,"robots_notranslate":false,"robots_max_snippet":null,"robots_max_videopreview":null,"robots_max_imagepreview":"large","priority":null,"frequency":null,"location":null,"local_seo":null,"seo_analyzer_scan_date":"2025-09-19 09:17:00","breadcrumb_settings":null,"limit_modified_date":false,"open_ai":null,"ai":null,"created":"2021-03-09 02:55:56","updated":"2025-09-19 09:17:00"},"aioseo_breadcrumb":"<div class=\"aioseo-breadcrumbs\"><span class=\"aioseo-breadcrumb\">\n\t<a href=\"https:\/\/eldigitaldeasturias.com\/magazine365\" title=\"Home\">Home<\/a>\n<\/span><span class=\"aioseo-breadcrumb-separator\">\u2013<\/span><span class=\"aioseo-breadcrumb\">\n\t<a href=\"https:\/\/eldigitaldeasturias.com\/magazine365\/category\/sabores\/\" title=\"Sabores\">Sabores<\/a>\n<\/span><span class=\"aioseo-breadcrumb-separator\">\u2013<\/span><span class=\"aioseo-breadcrumb\">\n\t<a href=\"https:\/\/eldigitaldeasturias.com\/magazine365\/el-bisontin-astur-celebra-su-primer-cumpleanos\/\" title=\"El \u2018bisont\u00edn\u2019 Astur celebra su primer cumplea\u00f1os\">El \u2018bisont\u00edn\u2019 Astur celebra su primer cumplea\u00f1os<\/a>\n<\/span><\/div>","aioseo_breadcrumb_json":[{"label":"Home","link":"https:\/\/eldigitaldeasturias.com\/magazine365"},{"label":"Sabores","link":"https:\/\/eldigitaldeasturias.com\/magazine365\/category\/sabores\/"},{"label":"El &#8216;bisont\u00edn&#8217; Astur celebra su primer cumplea\u00f1os","link":"https:\/\/eldigitaldeasturias.com\/magazine365\/el-bisontin-astur-celebra-su-primer-cumpleanos\/"}],"_links":{"self":[{"href":"https:\/\/eldigitaldeasturias.com\/magazine365\/wp-json\/wp\/v2\/posts\/38299","targetHints":{"allow":["GET"]}}],"collection":[{"href":"https:\/\/eldigitaldeasturias.com\/magazine365\/wp-json\/wp\/v2\/posts"}],"about":[{"href":"https:\/\/eldigitaldeasturias.com\/magazine365\/wp-json\/wp\/v2\/types\/post"}],"author":[{"embeddable":true,"href":"https:\/\/eldigitaldeasturias.com\/magazine365\/wp-json\/wp\/v2\/users\/1"}],"replies":[{"embeddable":true,"href":"https:\/\/eldigitaldeasturias.com\/magazine365\/wp-json\/wp\/v2\/comments?post=38299"}],"version-history":[{"count":0,"href":"https:\/\/eldigitaldeasturias.com\/magazine365\/wp-json\/wp\/v2\/posts\/38299\/revisions"}],"wp:featuredmedia":[{"embeddable":true,"href":"https:\/\/eldigitaldeasturias.com\/magazine365\/wp-json\/wp\/v2\/media\/38300"}],"wp:attachment":[{"href":"https:\/\/eldigitaldeasturias.com\/magazine365\/wp-json\/wp\/v2\/media?parent=38299"}],"wp:term":[{"taxonomy":"category","embeddable":true,"href":"https:\/\/eldigitaldeasturias.com\/magazine365\/wp-json\/wp\/v2\/categories?post=38299"},{"taxonomy":"post_tag","embeddable":true,"href":"https:\/\/eldigitaldeasturias.com\/magazine365\/wp-json\/wp\/v2\/tags?post=38299"}],"curies":[{"name":"wp","href":"https:\/\/api.w.org\/{rel}","templated":true}]}}