{"id":38280,"date":"2015-05-11T11:57:27","date_gmt":"2015-05-11T10:27:27","guid":{"rendered":"http:\/\/eldigitaldeasturias.com\/magazine365\/?p=38280"},"modified":"2015-05-11T11:57:27","modified_gmt":"2015-05-11T10:27:27","slug":"jose-maria-inigo-y-julia-varela-comentaristas-de-tve-del-festival-de-eurovision-2015","status":"publish","type":"post","link":"https:\/\/eldigitaldeasturias.com\/magazine365\/jose-maria-inigo-y-julia-varela-comentaristas-de-tve-del-festival-de-eurovision-2015\/","title":{"rendered":"Jos\u00e9 Mar\u00eda \u00cd\u00f1igo y Julia Varela, comentaristas de TVE del Festival de Eurovisi\u00f3n 2015"},"content":{"rendered":"<p><img fetchpriority=\"high\" decoding=\"async\" class=\"alignleft size-medium wp-image-38281\" src=\"https:\/\/eldigitaldeasturias.com\/magazine365\/wp-content\/uploads\/2015\/05\/1430209720813-360x240.jpg\" alt=\"1430209720813\" width=\"360\" height=\"240\" srcset=\"https:\/\/eldigitaldeasturias.com\/magazine365\/wp-content\/uploads\/2015\/05\/1430209720813-360x240.jpg 360w, https:\/\/eldigitaldeasturias.com\/magazine365\/wp-content\/uploads\/2015\/05\/1430209720813-650x433.jpg 650w, https:\/\/eldigitaldeasturias.com\/magazine365\/wp-content\/uploads\/2015\/05\/1430209720813-150x100.jpg 150w, https:\/\/eldigitaldeasturias.com\/magazine365\/wp-content\/uploads\/2015\/05\/1430209720813-450x300.jpg 450w, https:\/\/eldigitaldeasturias.com\/magazine365\/wp-content\/uploads\/2015\/05\/1430209720813-696x464.jpg 696w, https:\/\/eldigitaldeasturias.com\/magazine365\/wp-content\/uploads\/2015\/05\/1430209720813-630x420.jpg 630w, https:\/\/eldigitaldeasturias.com\/magazine365\/wp-content\/uploads\/2015\/05\/1430209720813-84x55.jpg 84w, https:\/\/eldigitaldeasturias.com\/magazine365\/wp-content\/uploads\/2015\/05\/1430209720813.jpg 720w\" sizes=\"(max-width: 360px) 100vw, 360px\" \/>Pareja de lujo de comentaristas para la 60\u00aa edici\u00f3n del Festival de Eurovisi\u00f3n que se celebra en Viena. Jos\u00e9 Mar\u00eda \u00cd\u00f1igo, voz de TVE del certamen desde hace cuatro a\u00f1os, estar\u00e1 acompa\u00f1ado en 2015 por la periodista de RTVE Julia Varela. Ambos narrar\u00e1n tanto la final del d\u00eda 23 de mayo, en la que participar\u00e1 Edurne, como las semifinales de los d\u00edas 19 y 21, que tambi\u00e9n emitir\u00e1 la cadena p\u00fablica. Asimismo, ellos ser\u00e1n los encargados de poner voz al \u2018Eurovisi\u00f3n 60 Aniversario\u2019, un show en el que participaron artistas de toda la historia del certamen europeo de la canci\u00f3n.<\/p>\n<p>Jos\u00e9 Mar\u00eda \u00cd\u00f1igo, colaborador de \u2018No es un d\u00eda cualquiera\u2019 de Radio Nacional y autor de numerosos libros, comentar\u00e1 el Festival de Eurovisi\u00f3n por quinto a\u00f1o consecutivo tras D\u00fcsseldorf (2011), Bak\u00fa (2012), Malm\u00f6 (2013) y Copenhague (2014).<\/p>\n<p>Para Julia Varela, por su parte, ser\u00e1 su primera experiencia en Eurovisi\u00f3n. La periodista de RTVE, actualmente reportera y comentarista de la secci\u00f3n de Espect\u00e1culos de \u2018La ma\u00f1ana\u2019, ha sido redactora y locutora de Radio Exterior y ha estado durante a\u00f1os vinculada a Radio 3, la emisora musical de RNE, a trav\u00e9s de la presentaci\u00f3n de diferentes espacios \u2013Los Conciertos de Radio 3 entre ellos\u2013 y de retransmisiones en diversos festivales de m\u00fasica. Su firma est\u00e1 detr\u00e1s del blog \u2018Yo, laggard\u2019 en la web de Radio3.<\/p>\n<p>Completa el equipo el especialista en el certamen europeo V\u00edctor Escudero, asesor desde hace seis a\u00f1os del equipo de comentaristas de TVE para este evento y redactor de la web oficial de la UER dedicada al Festival.<\/p>\n","protected":false},"excerpt":{"rendered":"<p>Pareja de lujo de comentaristas para la 60\u00aa edici\u00f3n del Festival de Eurovisi\u00f3n que se celebra en Viena. Jos\u00e9 Mar\u00eda \u00cd\u00f1igo, voz de TVE del certamen desde hace cuatro a\u00f1os, estar\u00e1 acompa\u00f1ado en 2015 por la periodista de RTVE Julia Varela. Ambos narrar\u00e1n tanto la final del d\u00eda 23 de mayo, en la que participar\u00e1<\/p>\n","protected":false},"author":1,"featured_media":38281,"comment_status":"open","ping_status":"closed","sticky":false,"template":"","format":"standard","meta":{"footnotes":""},"categories":[224],"tags":[],"class_list":{"0":"post-38280","1":"post","2":"type-post","3":"status-publish","4":"format-standard","5":"has-post-thumbnail","7":"category-noticias-actualidad"},"aioseo_notices":[],"aioseo_head":"\n\t\t<!-- All in One SEO Pro 4.9.6.1 - aioseo.com -->\n\t<meta name=\"description\" content=\"Pareja de lujo de comentaristas para la 60\u00aa edici\u00f3n del Festival de Eurovisi\u00f3n que se celebra en Viena. Jos\u00e9 Mar\u00eda \u00cd\u00f1igo, voz de TVE del certamen desde hace cuatro a\u00f1os, estar\u00e1 acompa\u00f1ado en 2015 por la periodista de RTVE Julia Varela. Ambos narrar\u00e1n tanto la final del d\u00eda 23 de mayo, en la que participar\u00e1\" \/>\n\t<meta name=\"robots\" content=\"max-image-preview:large\" \/>\n\t<meta name=\"author\" content=\"admin\"\/>\n\t<meta name=\"google-site-verification\" content=\"UA-38556648-1\" \/>\n\t<meta name=\"keywords\" content=\"noticias y actualidad\" \/>\n\t<link rel=\"canonical\" href=\"https:\/\/eldigitaldeasturias.com\/magazine365\/jose-maria-inigo-y-julia-varela-comentaristas-de-tve-del-festival-de-eurovision-2015\/\" \/>\n\t<meta name=\"generator\" content=\"All in One SEO Pro (AIOSEO) 4.9.6.1\" \/>\n\t\t<meta property=\"og:locale\" content=\"es_ES\" \/>\n\t\t<meta property=\"og:site_name\" content=\"El Digital de Asturias \u2013 Revista de ocio, turismo y estilo de vida\" \/>\n\t\t<meta property=\"og:type\" content=\"article\" \/>\n\t\t<meta property=\"og:title\" content=\"Jos\u00e9 Mar\u00eda \u00cd\u00f1igo y Julia Varela, comentaristas de TVE del Festival de Eurovisi\u00f3n 2015 | El Digital de Asturias\" \/>\n\t\t<meta property=\"og:description\" content=\"Pareja de lujo de comentaristas para la 60\u00aa edici\u00f3n del Festival de Eurovisi\u00f3n que se celebra en Viena. Jos\u00e9 Mar\u00eda \u00cd\u00f1igo, voz de TVE del certamen desde hace cuatro a\u00f1os, estar\u00e1 acompa\u00f1ado en 2015 por la periodista de RTVE Julia Varela. Ambos narrar\u00e1n tanto la final del d\u00eda 23 de mayo, en la que participar\u00e1\" \/>\n\t\t<meta property=\"og:url\" content=\"https:\/\/eldigitaldeasturias.com\/magazine365\/jose-maria-inigo-y-julia-varela-comentaristas-de-tve-del-festival-de-eurovision-2015\/\" \/>\n\t\t<meta property=\"og:image\" content=\"https:\/\/eldigitaldeasturias.com\/magazine365\/wp-content\/uploads\/2015\/05\/1430209720813.jpg\" \/>\n\t\t<meta property=\"og:image:secure_url\" content=\"https:\/\/eldigitaldeasturias.com\/magazine365\/wp-content\/uploads\/2015\/05\/1430209720813.jpg\" \/>\n\t\t<meta property=\"og:image:width\" content=\"720\" \/>\n\t\t<meta property=\"og:image:height\" content=\"480\" \/>\n\t\t<meta property=\"article:published_time\" content=\"2015-05-11T10:27:27+00:00\" \/>\n\t\t<meta property=\"article:modified_time\" content=\"2015-05-11T10:27:27+00:00\" \/>\n\t\t<meta name=\"twitter:card\" content=\"summary_large_image\" \/>\n\t\t<meta name=\"twitter:title\" content=\"Jos\u00e9 Mar\u00eda \u00cd\u00f1igo y Julia Varela, comentaristas de TVE del Festival de Eurovisi\u00f3n 2015 | El Digital de Asturias\" \/>\n\t\t<meta name=\"twitter:description\" content=\"Pareja de lujo de comentaristas para la 60\u00aa edici\u00f3n del Festival de Eurovisi\u00f3n que se celebra en Viena. Jos\u00e9 Mar\u00eda \u00cd\u00f1igo, voz de TVE del certamen desde hace cuatro a\u00f1os, estar\u00e1 acompa\u00f1ado en 2015 por la periodista de RTVE Julia Varela. Ambos narrar\u00e1n tanto la final del d\u00eda 23 de mayo, en la que participar\u00e1\" \/>\n\t\t<meta name=\"twitter:image\" content=\"https:\/\/eldigitaldeasturias.com\/magazine365\/wp-content\/uploads\/2015\/05\/1430209720813.jpg\" \/>\n\t\t<script type=\"application\/ld+json\" class=\"aioseo-schema\">\n\t\t\t{\"@context\":\"https:\\\/\\\/schema.org\",\"@graph\":[{\"@type\":\"Article\",\"@id\":\"https:\\\/\\\/eldigitaldeasturias.com\\\/magazine365\\\/jose-maria-inigo-y-julia-varela-comentaristas-de-tve-del-festival-de-eurovision-2015\\\/#article\",\"name\":\"Jos\\u00e9 Mar\\u00eda \\u00cd\\u00f1igo y Julia Varela, comentaristas de TVE del Festival de Eurovisi\\u00f3n 2015 | El Digital de Asturias\",\"headline\":\"Jos\\u00e9 Mar\\u00eda \\u00cd\\u00f1igo y Julia Varela, comentaristas de TVE del Festival de Eurovisi\\u00f3n 2015\",\"author\":{\"@id\":\"https:\\\/\\\/eldigitaldeasturias.com\\\/magazine365\\\/author\\\/admin\\\/#author\"},\"publisher\":{\"@id\":\"https:\\\/\\\/eldigitaldeasturias.com\\\/magazine365\\\/#organization\"},\"image\":{\"@type\":\"ImageObject\",\"url\":\"https:\\\/\\\/eldigitaldeasturias.com\\\/magazine365\\\/wp-content\\\/uploads\\\/2015\\\/05\\\/1430209720813.jpg\",\"width\":720,\"height\":480},\"datePublished\":\"2015-05-11T11:57:27+02:00\",\"dateModified\":\"2015-05-11T11:57:27+02:00\",\"inLanguage\":\"es-ES\",\"mainEntityOfPage\":{\"@id\":\"https:\\\/\\\/eldigitaldeasturias.com\\\/magazine365\\\/jose-maria-inigo-y-julia-varela-comentaristas-de-tve-del-festival-de-eurovision-2015\\\/#webpage\"},\"isPartOf\":{\"@id\":\"https:\\\/\\\/eldigitaldeasturias.com\\\/magazine365\\\/jose-maria-inigo-y-julia-varela-comentaristas-de-tve-del-festival-de-eurovision-2015\\\/#webpage\"},\"articleSection\":\"Noticias y Actualidad\"},{\"@type\":\"BreadcrumbList\",\"@id\":\"https:\\\/\\\/eldigitaldeasturias.com\\\/magazine365\\\/jose-maria-inigo-y-julia-varela-comentaristas-de-tve-del-festival-de-eurovision-2015\\\/#breadcrumblist\",\"itemListElement\":[{\"@type\":\"ListItem\",\"@id\":\"https:\\\/\\\/eldigitaldeasturias.com\\\/magazine365#listItem\",\"position\":1,\"name\":\"Home\",\"item\":\"https:\\\/\\\/eldigitaldeasturias.com\\\/magazine365\",\"nextItem\":{\"@type\":\"ListItem\",\"@id\":\"https:\\\/\\\/eldigitaldeasturias.com\\\/magazine365\\\/category\\\/noticias-actualidad\\\/#listItem\",\"name\":\"Noticias y Actualidad\"}},{\"@type\":\"ListItem\",\"@id\":\"https:\\\/\\\/eldigitaldeasturias.com\\\/magazine365\\\/category\\\/noticias-actualidad\\\/#listItem\",\"position\":2,\"name\":\"Noticias y Actualidad\",\"item\":\"https:\\\/\\\/eldigitaldeasturias.com\\\/magazine365\\\/category\\\/noticias-actualidad\\\/\",\"nextItem\":{\"@type\":\"ListItem\",\"@id\":\"https:\\\/\\\/eldigitaldeasturias.com\\\/magazine365\\\/jose-maria-inigo-y-julia-varela-comentaristas-de-tve-del-festival-de-eurovision-2015\\\/#listItem\",\"name\":\"Jos\\u00e9 Mar\\u00eda \\u00cd\\u00f1igo y Julia Varela, comentaristas de TVE del Festival de Eurovisi\\u00f3n 2015\"},\"previousItem\":{\"@type\":\"ListItem\",\"@id\":\"https:\\\/\\\/eldigitaldeasturias.com\\\/magazine365#listItem\",\"name\":\"Home\"}},{\"@type\":\"ListItem\",\"@id\":\"https:\\\/\\\/eldigitaldeasturias.com\\\/magazine365\\\/jose-maria-inigo-y-julia-varela-comentaristas-de-tve-del-festival-de-eurovision-2015\\\/#listItem\",\"position\":3,\"name\":\"Jos\\u00e9 Mar\\u00eda \\u00cd\\u00f1igo y Julia Varela, comentaristas de TVE del Festival de Eurovisi\\u00f3n 2015\",\"previousItem\":{\"@type\":\"ListItem\",\"@id\":\"https:\\\/\\\/eldigitaldeasturias.com\\\/magazine365\\\/category\\\/noticias-actualidad\\\/#listItem\",\"name\":\"Noticias y Actualidad\"}}]},{\"@type\":\"Organization\",\"@id\":\"https:\\\/\\\/eldigitaldeasturias.com\\\/magazine365\\\/#organization\",\"name\":\"El digital de Asturias\",\"description\":\"Revista de ocio, turismo y estilo de vida\",\"url\":\"https:\\\/\\\/eldigitaldeasturias.com\\\/magazine365\\\/\",\"logo\":{\"@type\":\"ImageObject\",\"url\":\"https:\\\/\\\/www.eldigitaldeasturias.com\\\/noticias\\\/wp-content\\\/uploads\\\/2020\\\/12\\\/EDA.jpg\",\"@id\":\"https:\\\/\\\/eldigitaldeasturias.com\\\/magazine365\\\/jose-maria-inigo-y-julia-varela-comentaristas-de-tve-del-festival-de-eurovision-2015\\\/#organizationLogo\"},\"image\":{\"@id\":\"https:\\\/\\\/eldigitaldeasturias.com\\\/magazine365\\\/jose-maria-inigo-y-julia-varela-comentaristas-de-tve-del-festival-de-eurovision-2015\\\/#organizationLogo\"}},{\"@type\":\"Person\",\"@id\":\"https:\\\/\\\/eldigitaldeasturias.com\\\/magazine365\\\/author\\\/admin\\\/#author\",\"url\":\"https:\\\/\\\/eldigitaldeasturias.com\\\/magazine365\\\/author\\\/admin\\\/\",\"name\":\"admin\",\"image\":{\"@type\":\"ImageObject\",\"@id\":\"https:\\\/\\\/eldigitaldeasturias.com\\\/magazine365\\\/jose-maria-inigo-y-julia-varela-comentaristas-de-tve-del-festival-de-eurovision-2015\\\/#authorImage\",\"url\":\"https:\\\/\\\/eldigitaldeasturias.com\\\/magazine365\\\/wp-content\\\/litespeed\\\/avatar\\\/e571bcf59a0edd6fa6838245a470f2fe.jpg?ver=1776969259\",\"width\":96,\"height\":96,\"caption\":\"admin\"}},{\"@type\":\"WebPage\",\"@id\":\"https:\\\/\\\/eldigitaldeasturias.com\\\/magazine365\\\/jose-maria-inigo-y-julia-varela-comentaristas-de-tve-del-festival-de-eurovision-2015\\\/#webpage\",\"url\":\"https:\\\/\\\/eldigitaldeasturias.com\\\/magazine365\\\/jose-maria-inigo-y-julia-varela-comentaristas-de-tve-del-festival-de-eurovision-2015\\\/\",\"name\":\"Jos\\u00e9 Mar\\u00eda \\u00cd\\u00f1igo y Julia Varela, comentaristas de TVE del Festival de Eurovisi\\u00f3n 2015 | El Digital de Asturias\",\"description\":\"Pareja de lujo de comentaristas para la 60\\u00aa edici\\u00f3n del Festival de Eurovisi\\u00f3n que se celebra en Viena. Jos\\u00e9 Mar\\u00eda \\u00cd\\u00f1igo, voz de TVE del certamen desde hace cuatro a\\u00f1os, estar\\u00e1 acompa\\u00f1ado en 2015 por la periodista de RTVE Julia Varela. Ambos narrar\\u00e1n tanto la final del d\\u00eda 23 de mayo, en la que participar\\u00e1\",\"inLanguage\":\"es-ES\",\"isPartOf\":{\"@id\":\"https:\\\/\\\/eldigitaldeasturias.com\\\/magazine365\\\/#website\"},\"breadcrumb\":{\"@id\":\"https:\\\/\\\/eldigitaldeasturias.com\\\/magazine365\\\/jose-maria-inigo-y-julia-varela-comentaristas-de-tve-del-festival-de-eurovision-2015\\\/#breadcrumblist\"},\"author\":{\"@id\":\"https:\\\/\\\/eldigitaldeasturias.com\\\/magazine365\\\/author\\\/admin\\\/#author\"},\"creator\":{\"@id\":\"https:\\\/\\\/eldigitaldeasturias.com\\\/magazine365\\\/author\\\/admin\\\/#author\"},\"image\":{\"@type\":\"ImageObject\",\"url\":\"https:\\\/\\\/eldigitaldeasturias.com\\\/magazine365\\\/wp-content\\\/uploads\\\/2015\\\/05\\\/1430209720813.jpg\",\"@id\":\"https:\\\/\\\/eldigitaldeasturias.com\\\/magazine365\\\/jose-maria-inigo-y-julia-varela-comentaristas-de-tve-del-festival-de-eurovision-2015\\\/#mainImage\",\"width\":720,\"height\":480},\"primaryImageOfPage\":{\"@id\":\"https:\\\/\\\/eldigitaldeasturias.com\\\/magazine365\\\/jose-maria-inigo-y-julia-varela-comentaristas-de-tve-del-festival-de-eurovision-2015\\\/#mainImage\"},\"datePublished\":\"2015-05-11T11:57:27+02:00\",\"dateModified\":\"2015-05-11T11:57:27+02:00\"},{\"@type\":\"WebSite\",\"@id\":\"https:\\\/\\\/eldigitaldeasturias.com\\\/magazine365\\\/#website\",\"url\":\"https:\\\/\\\/eldigitaldeasturias.com\\\/magazine365\\\/\",\"name\":\"El Digital de Asturias\",\"description\":\"Revista de ocio, turismo y estilo de vida\",\"inLanguage\":\"es-ES\",\"publisher\":{\"@id\":\"https:\\\/\\\/eldigitaldeasturias.com\\\/magazine365\\\/#organization\"}}]}\n\t\t<\/script>\n\t\t<!-- All in One SEO Pro -->\r\n\t\t<title>Jos\u00e9 Mar\u00eda \u00cd\u00f1igo y Julia Varela, comentaristas de TVE del Festival de Eurovisi\u00f3n 2015 | El Digital de Asturias<\/title>\n\n","aioseo_head_json":{"title":"Jos\u00e9 Mar\u00eda \u00cd\u00f1igo y Julia Varela, comentaristas de TVE del Festival de Eurovisi\u00f3n 2015 | El Digital de Asturias","description":"Pareja de lujo de comentaristas para la 60\u00aa edici\u00f3n del Festival de Eurovisi\u00f3n que se celebra en Viena. Jos\u00e9 Mar\u00eda \u00cd\u00f1igo, voz de TVE del certamen desde hace cuatro a\u00f1os, estar\u00e1 acompa\u00f1ado en 2015 por la periodista de RTVE Julia Varela. Ambos narrar\u00e1n tanto la final del d\u00eda 23 de mayo, en la que participar\u00e1","canonical_url":"https:\/\/eldigitaldeasturias.com\/magazine365\/jose-maria-inigo-y-julia-varela-comentaristas-de-tve-del-festival-de-eurovision-2015\/","robots":"max-image-preview:large","keywords":"noticias y actualidad","webmasterTools":{"google-site-verification":"UA-38556648-1","miscellaneous":""},"schema":{"@context":"https:\/\/schema.org","@graph":[{"@type":"Article","@id":"https:\/\/eldigitaldeasturias.com\/magazine365\/jose-maria-inigo-y-julia-varela-comentaristas-de-tve-del-festival-de-eurovision-2015\/#article","name":"Jos\u00e9 Mar\u00eda \u00cd\u00f1igo y Julia Varela, comentaristas de TVE del Festival de Eurovisi\u00f3n 2015 | El Digital de Asturias","headline":"Jos\u00e9 Mar\u00eda \u00cd\u00f1igo y Julia Varela, comentaristas de TVE del Festival de Eurovisi\u00f3n 2015","author":{"@id":"https:\/\/eldigitaldeasturias.com\/magazine365\/author\/admin\/#author"},"publisher":{"@id":"https:\/\/eldigitaldeasturias.com\/magazine365\/#organization"},"image":{"@type":"ImageObject","url":"https:\/\/eldigitaldeasturias.com\/magazine365\/wp-content\/uploads\/2015\/05\/1430209720813.jpg","width":720,"height":480},"datePublished":"2015-05-11T11:57:27+02:00","dateModified":"2015-05-11T11:57:27+02:00","inLanguage":"es-ES","mainEntityOfPage":{"@id":"https:\/\/eldigitaldeasturias.com\/magazine365\/jose-maria-inigo-y-julia-varela-comentaristas-de-tve-del-festival-de-eurovision-2015\/#webpage"},"isPartOf":{"@id":"https:\/\/eldigitaldeasturias.com\/magazine365\/jose-maria-inigo-y-julia-varela-comentaristas-de-tve-del-festival-de-eurovision-2015\/#webpage"},"articleSection":"Noticias y Actualidad"},{"@type":"BreadcrumbList","@id":"https:\/\/eldigitaldeasturias.com\/magazine365\/jose-maria-inigo-y-julia-varela-comentaristas-de-tve-del-festival-de-eurovision-2015\/#breadcrumblist","itemListElement":[{"@type":"ListItem","@id":"https:\/\/eldigitaldeasturias.com\/magazine365#listItem","position":1,"name":"Home","item":"https:\/\/eldigitaldeasturias.com\/magazine365","nextItem":{"@type":"ListItem","@id":"https:\/\/eldigitaldeasturias.com\/magazine365\/category\/noticias-actualidad\/#listItem","name":"Noticias y Actualidad"}},{"@type":"ListItem","@id":"https:\/\/eldigitaldeasturias.com\/magazine365\/category\/noticias-actualidad\/#listItem","position":2,"name":"Noticias y Actualidad","item":"https:\/\/eldigitaldeasturias.com\/magazine365\/category\/noticias-actualidad\/","nextItem":{"@type":"ListItem","@id":"https:\/\/eldigitaldeasturias.com\/magazine365\/jose-maria-inigo-y-julia-varela-comentaristas-de-tve-del-festival-de-eurovision-2015\/#listItem","name":"Jos\u00e9 Mar\u00eda \u00cd\u00f1igo y Julia Varela, comentaristas de TVE del Festival de Eurovisi\u00f3n 2015"},"previousItem":{"@type":"ListItem","@id":"https:\/\/eldigitaldeasturias.com\/magazine365#listItem","name":"Home"}},{"@type":"ListItem","@id":"https:\/\/eldigitaldeasturias.com\/magazine365\/jose-maria-inigo-y-julia-varela-comentaristas-de-tve-del-festival-de-eurovision-2015\/#listItem","position":3,"name":"Jos\u00e9 Mar\u00eda \u00cd\u00f1igo y Julia Varela, comentaristas de TVE del Festival de Eurovisi\u00f3n 2015","previousItem":{"@type":"ListItem","@id":"https:\/\/eldigitaldeasturias.com\/magazine365\/category\/noticias-actualidad\/#listItem","name":"Noticias y Actualidad"}}]},{"@type":"Organization","@id":"https:\/\/eldigitaldeasturias.com\/magazine365\/#organization","name":"El digital de Asturias","description":"Revista de ocio, turismo y estilo de vida","url":"https:\/\/eldigitaldeasturias.com\/magazine365\/","logo":{"@type":"ImageObject","url":"https:\/\/www.eldigitaldeasturias.com\/noticias\/wp-content\/uploads\/2020\/12\/EDA.jpg","@id":"https:\/\/eldigitaldeasturias.com\/magazine365\/jose-maria-inigo-y-julia-varela-comentaristas-de-tve-del-festival-de-eurovision-2015\/#organizationLogo"},"image":{"@id":"https:\/\/eldigitaldeasturias.com\/magazine365\/jose-maria-inigo-y-julia-varela-comentaristas-de-tve-del-festival-de-eurovision-2015\/#organizationLogo"}},{"@type":"Person","@id":"https:\/\/eldigitaldeasturias.com\/magazine365\/author\/admin\/#author","url":"https:\/\/eldigitaldeasturias.com\/magazine365\/author\/admin\/","name":"admin","image":{"@type":"ImageObject","@id":"https:\/\/eldigitaldeasturias.com\/magazine365\/jose-maria-inigo-y-julia-varela-comentaristas-de-tve-del-festival-de-eurovision-2015\/#authorImage","url":"https:\/\/eldigitaldeasturias.com\/magazine365\/wp-content\/litespeed\/avatar\/e571bcf59a0edd6fa6838245a470f2fe.jpg?ver=1776969259","width":96,"height":96,"caption":"admin"}},{"@type":"WebPage","@id":"https:\/\/eldigitaldeasturias.com\/magazine365\/jose-maria-inigo-y-julia-varela-comentaristas-de-tve-del-festival-de-eurovision-2015\/#webpage","url":"https:\/\/eldigitaldeasturias.com\/magazine365\/jose-maria-inigo-y-julia-varela-comentaristas-de-tve-del-festival-de-eurovision-2015\/","name":"Jos\u00e9 Mar\u00eda \u00cd\u00f1igo y Julia Varela, comentaristas de TVE del Festival de Eurovisi\u00f3n 2015 | El Digital de Asturias","description":"Pareja de lujo de comentaristas para la 60\u00aa edici\u00f3n del Festival de Eurovisi\u00f3n que se celebra en Viena. Jos\u00e9 Mar\u00eda \u00cd\u00f1igo, voz de TVE del certamen desde hace cuatro a\u00f1os, estar\u00e1 acompa\u00f1ado en 2015 por la periodista de RTVE Julia Varela. Ambos narrar\u00e1n tanto la final del d\u00eda 23 de mayo, en la que participar\u00e1","inLanguage":"es-ES","isPartOf":{"@id":"https:\/\/eldigitaldeasturias.com\/magazine365\/#website"},"breadcrumb":{"@id":"https:\/\/eldigitaldeasturias.com\/magazine365\/jose-maria-inigo-y-julia-varela-comentaristas-de-tve-del-festival-de-eurovision-2015\/#breadcrumblist"},"author":{"@id":"https:\/\/eldigitaldeasturias.com\/magazine365\/author\/admin\/#author"},"creator":{"@id":"https:\/\/eldigitaldeasturias.com\/magazine365\/author\/admin\/#author"},"image":{"@type":"ImageObject","url":"https:\/\/eldigitaldeasturias.com\/magazine365\/wp-content\/uploads\/2015\/05\/1430209720813.jpg","@id":"https:\/\/eldigitaldeasturias.com\/magazine365\/jose-maria-inigo-y-julia-varela-comentaristas-de-tve-del-festival-de-eurovision-2015\/#mainImage","width":720,"height":480},"primaryImageOfPage":{"@id":"https:\/\/eldigitaldeasturias.com\/magazine365\/jose-maria-inigo-y-julia-varela-comentaristas-de-tve-del-festival-de-eurovision-2015\/#mainImage"},"datePublished":"2015-05-11T11:57:27+02:00","dateModified":"2015-05-11T11:57:27+02:00"},{"@type":"WebSite","@id":"https:\/\/eldigitaldeasturias.com\/magazine365\/#website","url":"https:\/\/eldigitaldeasturias.com\/magazine365\/","name":"El Digital de Asturias","description":"Revista de ocio, turismo y estilo de vida","inLanguage":"es-ES","publisher":{"@id":"https:\/\/eldigitaldeasturias.com\/magazine365\/#organization"}}]},"og:locale":"es_ES","og:site_name":"El Digital de Asturias \u2013 Revista de ocio, turismo y estilo de vida","og:type":"article","og:title":"Jos\u00e9 Mar\u00eda \u00cd\u00f1igo y Julia Varela, comentaristas de TVE del Festival de Eurovisi\u00f3n 2015 | El Digital de Asturias","og:description":"Pareja de lujo de comentaristas para la 60\u00aa edici\u00f3n del Festival de Eurovisi\u00f3n que se celebra en Viena. Jos\u00e9 Mar\u00eda \u00cd\u00f1igo, voz de TVE del certamen desde hace cuatro a\u00f1os, estar\u00e1 acompa\u00f1ado en 2015 por la periodista de RTVE Julia Varela. Ambos narrar\u00e1n tanto la final del d\u00eda 23 de mayo, en la que participar\u00e1","og:url":"https:\/\/eldigitaldeasturias.com\/magazine365\/jose-maria-inigo-y-julia-varela-comentaristas-de-tve-del-festival-de-eurovision-2015\/","og:image":"https:\/\/eldigitaldeasturias.com\/magazine365\/wp-content\/uploads\/2015\/05\/1430209720813.jpg","og:image:secure_url":"https:\/\/eldigitaldeasturias.com\/magazine365\/wp-content\/uploads\/2015\/05\/1430209720813.jpg","og:image:width":720,"og:image:height":480,"article:published_time":"2015-05-11T10:27:27+00:00","article:modified_time":"2015-05-11T10:27:27+00:00","twitter:card":"summary_large_image","twitter:title":"Jos\u00e9 Mar\u00eda \u00cd\u00f1igo y Julia Varela, comentaristas de TVE del Festival de Eurovisi\u00f3n 2015 | El Digital de Asturias","twitter:description":"Pareja de lujo de comentaristas para la 60\u00aa edici\u00f3n del Festival de Eurovisi\u00f3n que se celebra en Viena. Jos\u00e9 Mar\u00eda \u00cd\u00f1igo, voz de TVE del certamen desde hace cuatro a\u00f1os, estar\u00e1 acompa\u00f1ado en 2015 por la periodista de RTVE Julia Varela. Ambos narrar\u00e1n tanto la final del d\u00eda 23 de mayo, en la que participar\u00e1","twitter:image":"https:\/\/eldigitaldeasturias.com\/magazine365\/wp-content\/uploads\/2015\/05\/1430209720813.jpg"},"aioseo_meta_data":{"post_id":"38280","title":null,"description":null,"keywords":null,"keyphrases":null,"primary_term":null,"canonical_url":null,"og_title":null,"og_description":null,"og_object_type":"default","og_image_type":"default","og_image_url":null,"og_image_width":null,"og_image_height":null,"og_image_custom_url":null,"og_image_custom_fields":null,"og_video":null,"og_custom_url":null,"og_article_section":null,"og_article_tags":null,"twitter_use_og":false,"twitter_card":"default","twitter_image_type":"default","twitter_image_url":null,"twitter_image_custom_url":null,"twitter_image_custom_fields":null,"twitter_title":null,"twitter_description":null,"schema":{"blockGraphs":[],"customGraphs":[],"default":{"data":{"Article":[],"Course":[],"Dataset":[],"FAQPage":[],"Movie":[],"Person":[],"Product":[],"ProductReview":[],"Car":[],"Recipe":[],"Service":[],"SoftwareApplication":[],"WebPage":[]},"graphName":"","isEnabled":true},"graphs":[],"defaultGraph":"","defaultPostTypeGraph":""},"schema_type":null,"schema_type_options":null,"pillar_content":false,"robots_default":true,"robots_noindex":false,"robots_noarchive":false,"robots_nosnippet":false,"robots_nofollow":false,"robots_noimageindex":false,"robots_noodp":false,"robots_notranslate":false,"robots_max_snippet":null,"robots_max_videopreview":null,"robots_max_imagepreview":"large","priority":null,"frequency":null,"location":null,"local_seo":null,"seo_analyzer_scan_date":"2025-09-19 09:15:11","breadcrumb_settings":null,"limit_modified_date":false,"open_ai":null,"ai":null,"created":"2021-03-09 02:55:56","updated":"2025-09-19 09:15:11"},"aioseo_breadcrumb":"<div class=\"aioseo-breadcrumbs\"><span class=\"aioseo-breadcrumb\">\n\t<a href=\"https:\/\/eldigitaldeasturias.com\/magazine365\" title=\"Home\">Home<\/a>\n<\/span><span class=\"aioseo-breadcrumb-separator\">\u2013<\/span><span class=\"aioseo-breadcrumb\">\n\t<a href=\"https:\/\/eldigitaldeasturias.com\/magazine365\/category\/noticias-actualidad\/\" title=\"Noticias y Actualidad\">Noticias y Actualidad<\/a>\n<\/span><span class=\"aioseo-breadcrumb-separator\">\u2013<\/span><span class=\"aioseo-breadcrumb\">\n\t<a href=\"https:\/\/eldigitaldeasturias.com\/magazine365\/jose-maria-inigo-y-julia-varela-comentaristas-de-tve-del-festival-de-eurovision-2015\/\" title=\"Jos\u00e9 Mar\u00eda \u00cd\u00f1igo y Julia Varela, comentaristas de TVE del Festival de Eurovisi\u00f3n 2015\">Jos\u00e9 Mar\u00eda \u00cd\u00f1igo y Julia Varela, comentaristas de TVE del Festival de Eurovisi\u00f3n 2015<\/a>\n<\/span><\/div>","aioseo_breadcrumb_json":[{"label":"Home","link":"https:\/\/eldigitaldeasturias.com\/magazine365"},{"label":"Noticias y Actualidad","link":"https:\/\/eldigitaldeasturias.com\/magazine365\/category\/noticias-actualidad\/"},{"label":"Jos\u00e9 Mar\u00eda \u00cd\u00f1igo y Julia Varela, comentaristas de TVE del Festival de Eurovisi\u00f3n 2015","link":"https:\/\/eldigitaldeasturias.com\/magazine365\/jose-maria-inigo-y-julia-varela-comentaristas-de-tve-del-festival-de-eurovision-2015\/"}],"_links":{"self":[{"href":"https:\/\/eldigitaldeasturias.com\/magazine365\/wp-json\/wp\/v2\/posts\/38280","targetHints":{"allow":["GET"]}}],"collection":[{"href":"https:\/\/eldigitaldeasturias.com\/magazine365\/wp-json\/wp\/v2\/posts"}],"about":[{"href":"https:\/\/eldigitaldeasturias.com\/magazine365\/wp-json\/wp\/v2\/types\/post"}],"author":[{"embeddable":true,"href":"https:\/\/eldigitaldeasturias.com\/magazine365\/wp-json\/wp\/v2\/users\/1"}],"replies":[{"embeddable":true,"href":"https:\/\/eldigitaldeasturias.com\/magazine365\/wp-json\/wp\/v2\/comments?post=38280"}],"version-history":[{"count":0,"href":"https:\/\/eldigitaldeasturias.com\/magazine365\/wp-json\/wp\/v2\/posts\/38280\/revisions"}],"wp:featuredmedia":[{"embeddable":true,"href":"https:\/\/eldigitaldeasturias.com\/magazine365\/wp-json\/wp\/v2\/media\/38281"}],"wp:attachment":[{"href":"https:\/\/eldigitaldeasturias.com\/magazine365\/wp-json\/wp\/v2\/media?parent=38280"}],"wp:term":[{"taxonomy":"category","embeddable":true,"href":"https:\/\/eldigitaldeasturias.com\/magazine365\/wp-json\/wp\/v2\/categories?post=38280"},{"taxonomy":"post_tag","embeddable":true,"href":"https:\/\/eldigitaldeasturias.com\/magazine365\/wp-json\/wp\/v2\/tags?post=38280"}],"curies":[{"name":"wp","href":"https:\/\/api.w.org\/{rel}","templated":true}]}}