{"id":38263,"date":"2015-05-11T10:23:27","date_gmt":"2015-05-11T08:53:27","guid":{"rendered":"http:\/\/eldigitaldeasturias.com\/magazine365\/?p=38263"},"modified":"2015-05-11T10:23:27","modified_gmt":"2015-05-11T08:53:27","slug":"bodegas-bocopa-presenta-senorio-de-benidorm","status":"publish","type":"post","link":"https:\/\/eldigitaldeasturias.com\/magazine365\/bodegas-bocopa-presenta-senorio-de-benidorm\/","title":{"rendered":"Bodegas Bocopa presenta \u201cSe\u00f1or\u00edo de Benidorm\u201d"},"content":{"rendered":"<p><img fetchpriority=\"high\" decoding=\"async\" class=\"alignleft size-medium wp-image-38264\" src=\"https:\/\/eldigitaldeasturias.com\/magazine365\/wp-content\/uploads\/2015\/05\/1431075868_Sen_oriodeBenidorm91706_copy-360x240.jpg\" alt=\"1431075868_Sen_oriodeBenidorm91706_copy\" width=\"360\" height=\"240\" srcset=\"https:\/\/eldigitaldeasturias.com\/magazine365\/wp-content\/uploads\/2015\/05\/1431075868_Sen_oriodeBenidorm91706_copy-360x240.jpg 360w, https:\/\/eldigitaldeasturias.com\/magazine365\/wp-content\/uploads\/2015\/05\/1431075868_Sen_oriodeBenidorm91706_copy-650x434.jpg 650w, https:\/\/eldigitaldeasturias.com\/magazine365\/wp-content\/uploads\/2015\/05\/1431075868_Sen_oriodeBenidorm91706_copy-768x512.jpg 768w, https:\/\/eldigitaldeasturias.com\/magazine365\/wp-content\/uploads\/2015\/05\/1431075868_Sen_oriodeBenidorm91706_copy-150x100.jpg 150w, https:\/\/eldigitaldeasturias.com\/magazine365\/wp-content\/uploads\/2015\/05\/1431075868_Sen_oriodeBenidorm91706_copy-450x300.jpg 450w, https:\/\/eldigitaldeasturias.com\/magazine365\/wp-content\/uploads\/2015\/05\/1431075868_Sen_oriodeBenidorm91706_copy-696x464.jpg 696w, https:\/\/eldigitaldeasturias.com\/magazine365\/wp-content\/uploads\/2015\/05\/1431075868_Sen_oriodeBenidorm91706_copy-630x420.jpg 630w, https:\/\/eldigitaldeasturias.com\/magazine365\/wp-content\/uploads\/2015\/05\/1431075868_Sen_oriodeBenidorm91706_copy-84x55.jpg 84w, https:\/\/eldigitaldeasturias.com\/magazine365\/wp-content\/uploads\/2015\/05\/1431075868_Sen_oriodeBenidorm91706_copy.jpg 1000w\" sizes=\"(max-width: 360px) 100vw, 360px\" \/>Bodegas Bocopa presenta \u201cSe\u00f1or\u00edo de Benidorm\u201d, un vino tinto inspirado en la esencia tur\u00edstica de la ciudad alicantina y creado a partir de las varietales de uva Monastrell y Syrah, por lo es un producto plenamente mediterr\u00e1neo y \u00fanico en el mundo dado su origen, proceso de elaboraci\u00f3n y bouquet final.<\/p>\n<p>Durante la presentaci\u00f3n, que tuvo lugar esta semana en el Ayuntamiento de la localidad que da nombre al producto, se pusieron en relieve las caracter\u00edsticas de \u00abSe\u00f1or\u00edo de Benidorm\u00bb, un vino joven con 100 d\u00edas de crianza en barricas de roble franc\u00e9s, americano y h\u00fangaro de tostado medio. El sumiller Javier del Castillo y el en\u00f3logo Gaspar P. Tom\u00e1s, junto con agricultores de Bodegas Bocopa, han realizado una selecci\u00f3n de maderas con el fin de que primara la fruta. El paso de este tiempo para su elaboraci\u00f3n aporta al vino una micro oxigenaci\u00f3n, que le permite mantenerse m\u00e1s tiempo vivo y fresco, garantizando sus propiedades organol\u00e9pticas y su calidad.<\/p>\n<p>Vi\u00f1edos seleccionados<\/p>\n<p>\u00abSe\u00f1or\u00edo de Benidorm\u00bb ha sido elaborado con uvas seleccionadas de los vi\u00f1edos m\u00e1s antiguos de Castalla y Ca\u00f1ada, dos de las cinco cooperativas que conforman Bodegas Bocopa. Destacan los de Monastrell, situados entre los t\u00e9rminos de Biar y Ca\u00f1ada, plantados por don Regino Moya Toledo en 1929, siendo de las primeras parcelas replantadas con posterioridad a la invasi\u00f3n de la filoxera y que actualmente son vi\u00f1edos de agricultura ecol\u00f3gica. La selecci\u00f3n de uva se ha hecho desde la vi\u00f1a, con una fermentaci\u00f3n de baja temperatura para extraerle los aromas de los varietales, con un tanino goloso y cremoso.<\/p>\n<p>Maridaje<\/p>\n<p>Se trata de un vino con frescura, que soporta bien una gran variedad de platos. Es ideal para tapas y aperitivos, jam\u00f3n y otros embutidos, as\u00ed como quesos tanto de pasta blanda, pasta prensada y madurados. Marida con carnes blancas, rojas, guisadas y estofadas. Para paellas y arroces tambi\u00e9n es buena elecci\u00f3n.<\/p>\n<p>Nota de cata de la bodega y descripci\u00f3n<\/p>\n<p>A la vista destaca por su color limpio y brillante, de coraz\u00f3n cereza, meniscos guindas y ribete viol\u00e1ceo. De capa media alta, con una l\u00e1grima lenta. En nariz desprende notas frescas de frutas negras y del bosque, recordando ar\u00e1ndanos, moras y ciruelas, y aromas de monte bajo mediterr\u00e1neo de tomillo, pino y romero. Notas de aromas de pasteler\u00eda y aromas especiados. Al paladar, ataque seco, paso de boca amplio, redondo y goloso. centro de boca con una gran carga frutal, fondo de boca largo y persistente. Retro nasal bals\u00e1mico.<\/p>\n<p>Est\u00e1 previsto distribuir 70.000 unidades en el primer a\u00f1o, correspondientes a la primera cosecha de la a\u00f1ada 2014 y destaca tambi\u00e9n por el dise\u00f1o en relieve de la botella, con el skyline de la ciudad, el mar y la isla de Benidorm, s\u00edmbolos tur\u00edsticos de la ciudad, y el lema \u201cUn lugar para volver\u201d.<\/p>\n<p>FICHA<\/p>\n<p>Tipo de vino: vino joven con cien d\u00edas en barrica.<\/p>\n<p>Calificaci\u00f3n: denominaci\u00f3n de origen Alicante.<\/p>\n<p>Variedades: Monastrell y Syrah.<\/p>\n<p>Graduaci\u00f3n: 14\u00ba.<\/p>\n<p>Elaboraci\u00f3n: selecci\u00f3n de uvas en el momento \u00f3ptimo de maduraci\u00f3n de vi\u00f1as viejas de Monastrell y Syrah. Criomaceraci\u00f3n carb\u00f3nica y fermentaci\u00f3n a baja temperatura.<\/p>\n<p>Crianza: 100 d\u00edas de crianza en barricas de roble franc\u00e9s, americano y h\u00fangaro de tostado medio.<\/p>\n<p>Temperatura de servicio: entre 15 y 17\u00ba.<\/p>\n","protected":false},"excerpt":{"rendered":"<p>Bodegas Bocopa presenta \u201cSe\u00f1or\u00edo de Benidorm\u201d, un vino tinto inspirado en la esencia tur\u00edstica de la ciudad alicantina y creado a partir de las varietales de uva Monastrell y Syrah, por lo es un producto plenamente mediterr\u00e1neo y \u00fanico en el mundo dado su origen, proceso de elaboraci\u00f3n y bouquet final. Durante la presentaci\u00f3n, que<\/p>\n","protected":false},"author":1,"featured_media":38264,"comment_status":"open","ping_status":"closed","sticky":false,"template":"","format":"standard","meta":{"footnotes":""},"categories":[224],"tags":[],"class_list":{"0":"post-38263","1":"post","2":"type-post","3":"status-publish","4":"format-standard","5":"has-post-thumbnail","7":"category-noticias-actualidad"},"aioseo_notices":[],"aioseo_head":"\n\t\t<!-- All in One SEO Pro 4.9.6.1 - aioseo.com -->\n\t<meta name=\"description\" content=\"Bodegas Bocopa presenta \u201cSe\u00f1or\u00edo de Benidorm\u201d, un vino tinto inspirado en la esencia tur\u00edstica de la ciudad alicantina y creado a partir de las varietales de uva Monastrell y Syrah, por lo es un producto plenamente mediterr\u00e1neo y \u00fanico en el mundo dado su origen, proceso de elaboraci\u00f3n y bouquet final. Durante la presentaci\u00f3n, que\" \/>\n\t<meta name=\"robots\" content=\"max-image-preview:large\" \/>\n\t<meta name=\"author\" content=\"admin\"\/>\n\t<meta name=\"google-site-verification\" content=\"UA-38556648-1\" \/>\n\t<meta name=\"keywords\" content=\"noticias y actualidad\" \/>\n\t<link rel=\"canonical\" href=\"https:\/\/eldigitaldeasturias.com\/magazine365\/bodegas-bocopa-presenta-senorio-de-benidorm\/\" \/>\n\t<meta name=\"generator\" content=\"All in One SEO Pro (AIOSEO) 4.9.6.1\" \/>\n\t\t<meta property=\"og:locale\" content=\"es_ES\" \/>\n\t\t<meta property=\"og:site_name\" content=\"El Digital de Asturias \u2013 Revista de ocio, turismo y estilo de vida\" \/>\n\t\t<meta property=\"og:type\" content=\"article\" \/>\n\t\t<meta property=\"og:title\" content=\"Bodegas Bocopa presenta \u201cSe\u00f1or\u00edo de Benidorm\u201d | El Digital de Asturias\" \/>\n\t\t<meta property=\"og:description\" content=\"Bodegas Bocopa presenta \u201cSe\u00f1or\u00edo de Benidorm\u201d, un vino tinto inspirado en la esencia tur\u00edstica de la ciudad alicantina y creado a partir de las varietales de uva Monastrell y Syrah, por lo es un producto plenamente mediterr\u00e1neo y \u00fanico en el mundo dado su origen, proceso de elaboraci\u00f3n y bouquet final. Durante la presentaci\u00f3n, que\" \/>\n\t\t<meta property=\"og:url\" content=\"https:\/\/eldigitaldeasturias.com\/magazine365\/bodegas-bocopa-presenta-senorio-de-benidorm\/\" \/>\n\t\t<meta property=\"og:image\" content=\"https:\/\/eldigitaldeasturias.com\/magazine365\/wp-content\/uploads\/2015\/05\/1431075868_Sen_oriodeBenidorm91706_copy.jpg\" \/>\n\t\t<meta property=\"og:image:secure_url\" content=\"https:\/\/eldigitaldeasturias.com\/magazine365\/wp-content\/uploads\/2015\/05\/1431075868_Sen_oriodeBenidorm91706_copy.jpg\" \/>\n\t\t<meta property=\"og:image:width\" content=\"1000\" \/>\n\t\t<meta property=\"og:image:height\" content=\"667\" \/>\n\t\t<meta property=\"article:published_time\" content=\"2015-05-11T08:53:27+00:00\" \/>\n\t\t<meta property=\"article:modified_time\" content=\"2015-05-11T08:53:27+00:00\" \/>\n\t\t<meta name=\"twitter:card\" content=\"summary_large_image\" \/>\n\t\t<meta name=\"twitter:title\" content=\"Bodegas Bocopa presenta \u201cSe\u00f1or\u00edo de Benidorm\u201d | El Digital de Asturias\" \/>\n\t\t<meta name=\"twitter:description\" content=\"Bodegas Bocopa presenta \u201cSe\u00f1or\u00edo de Benidorm\u201d, un vino tinto inspirado en la esencia tur\u00edstica de la ciudad alicantina y creado a partir de las varietales de uva Monastrell y Syrah, por lo es un producto plenamente mediterr\u00e1neo y \u00fanico en el mundo dado su origen, proceso de elaboraci\u00f3n y bouquet final. Durante la presentaci\u00f3n, que\" \/>\n\t\t<meta name=\"twitter:image\" content=\"https:\/\/eldigitaldeasturias.com\/magazine365\/wp-content\/uploads\/2015\/05\/1431075868_Sen_oriodeBenidorm91706_copy.jpg\" \/>\n\t\t<script type=\"application\/ld+json\" class=\"aioseo-schema\">\n\t\t\t{\"@context\":\"https:\\\/\\\/schema.org\",\"@graph\":[{\"@type\":\"Article\",\"@id\":\"https:\\\/\\\/eldigitaldeasturias.com\\\/magazine365\\\/bodegas-bocopa-presenta-senorio-de-benidorm\\\/#article\",\"name\":\"Bodegas Bocopa presenta \\u201cSe\\u00f1or\\u00edo de Benidorm\\u201d | El Digital de Asturias\",\"headline\":\"Bodegas Bocopa presenta \\u201cSe\\u00f1or\\u00edo de Benidorm\\u201d\",\"author\":{\"@id\":\"https:\\\/\\\/eldigitaldeasturias.com\\\/magazine365\\\/author\\\/admin\\\/#author\"},\"publisher\":{\"@id\":\"https:\\\/\\\/eldigitaldeasturias.com\\\/magazine365\\\/#organization\"},\"image\":{\"@type\":\"ImageObject\",\"url\":\"https:\\\/\\\/eldigitaldeasturias.com\\\/magazine365\\\/wp-content\\\/uploads\\\/2015\\\/05\\\/1431075868_Sen_oriodeBenidorm91706_copy.jpg\",\"width\":1000,\"height\":667},\"datePublished\":\"2015-05-11T10:23:27+02:00\",\"dateModified\":\"2015-05-11T10:23:27+02:00\",\"inLanguage\":\"es-ES\",\"mainEntityOfPage\":{\"@id\":\"https:\\\/\\\/eldigitaldeasturias.com\\\/magazine365\\\/bodegas-bocopa-presenta-senorio-de-benidorm\\\/#webpage\"},\"isPartOf\":{\"@id\":\"https:\\\/\\\/eldigitaldeasturias.com\\\/magazine365\\\/bodegas-bocopa-presenta-senorio-de-benidorm\\\/#webpage\"},\"articleSection\":\"Noticias y Actualidad\"},{\"@type\":\"BreadcrumbList\",\"@id\":\"https:\\\/\\\/eldigitaldeasturias.com\\\/magazine365\\\/bodegas-bocopa-presenta-senorio-de-benidorm\\\/#breadcrumblist\",\"itemListElement\":[{\"@type\":\"ListItem\",\"@id\":\"https:\\\/\\\/eldigitaldeasturias.com\\\/magazine365#listItem\",\"position\":1,\"name\":\"Home\",\"item\":\"https:\\\/\\\/eldigitaldeasturias.com\\\/magazine365\",\"nextItem\":{\"@type\":\"ListItem\",\"@id\":\"https:\\\/\\\/eldigitaldeasturias.com\\\/magazine365\\\/category\\\/noticias-actualidad\\\/#listItem\",\"name\":\"Noticias y Actualidad\"}},{\"@type\":\"ListItem\",\"@id\":\"https:\\\/\\\/eldigitaldeasturias.com\\\/magazine365\\\/category\\\/noticias-actualidad\\\/#listItem\",\"position\":2,\"name\":\"Noticias y Actualidad\",\"item\":\"https:\\\/\\\/eldigitaldeasturias.com\\\/magazine365\\\/category\\\/noticias-actualidad\\\/\",\"nextItem\":{\"@type\":\"ListItem\",\"@id\":\"https:\\\/\\\/eldigitaldeasturias.com\\\/magazine365\\\/bodegas-bocopa-presenta-senorio-de-benidorm\\\/#listItem\",\"name\":\"Bodegas Bocopa presenta \\u201cSe\\u00f1or\\u00edo de Benidorm\\u201d\"},\"previousItem\":{\"@type\":\"ListItem\",\"@id\":\"https:\\\/\\\/eldigitaldeasturias.com\\\/magazine365#listItem\",\"name\":\"Home\"}},{\"@type\":\"ListItem\",\"@id\":\"https:\\\/\\\/eldigitaldeasturias.com\\\/magazine365\\\/bodegas-bocopa-presenta-senorio-de-benidorm\\\/#listItem\",\"position\":3,\"name\":\"Bodegas Bocopa presenta \\u201cSe\\u00f1or\\u00edo de Benidorm\\u201d\",\"previousItem\":{\"@type\":\"ListItem\",\"@id\":\"https:\\\/\\\/eldigitaldeasturias.com\\\/magazine365\\\/category\\\/noticias-actualidad\\\/#listItem\",\"name\":\"Noticias y Actualidad\"}}]},{\"@type\":\"Organization\",\"@id\":\"https:\\\/\\\/eldigitaldeasturias.com\\\/magazine365\\\/#organization\",\"name\":\"El digital de Asturias\",\"description\":\"Revista de ocio, turismo y estilo de vida\",\"url\":\"https:\\\/\\\/eldigitaldeasturias.com\\\/magazine365\\\/\",\"logo\":{\"@type\":\"ImageObject\",\"url\":\"https:\\\/\\\/www.eldigitaldeasturias.com\\\/noticias\\\/wp-content\\\/uploads\\\/2020\\\/12\\\/EDA.jpg\",\"@id\":\"https:\\\/\\\/eldigitaldeasturias.com\\\/magazine365\\\/bodegas-bocopa-presenta-senorio-de-benidorm\\\/#organizationLogo\"},\"image\":{\"@id\":\"https:\\\/\\\/eldigitaldeasturias.com\\\/magazine365\\\/bodegas-bocopa-presenta-senorio-de-benidorm\\\/#organizationLogo\"}},{\"@type\":\"Person\",\"@id\":\"https:\\\/\\\/eldigitaldeasturias.com\\\/magazine365\\\/author\\\/admin\\\/#author\",\"url\":\"https:\\\/\\\/eldigitaldeasturias.com\\\/magazine365\\\/author\\\/admin\\\/\",\"name\":\"admin\",\"image\":{\"@type\":\"ImageObject\",\"@id\":\"https:\\\/\\\/eldigitaldeasturias.com\\\/magazine365\\\/bodegas-bocopa-presenta-senorio-de-benidorm\\\/#authorImage\",\"url\":\"https:\\\/\\\/eldigitaldeasturias.com\\\/magazine365\\\/wp-content\\\/litespeed\\\/avatar\\\/e571bcf59a0edd6fa6838245a470f2fe.jpg?ver=1776969259\",\"width\":96,\"height\":96,\"caption\":\"admin\"}},{\"@type\":\"WebPage\",\"@id\":\"https:\\\/\\\/eldigitaldeasturias.com\\\/magazine365\\\/bodegas-bocopa-presenta-senorio-de-benidorm\\\/#webpage\",\"url\":\"https:\\\/\\\/eldigitaldeasturias.com\\\/magazine365\\\/bodegas-bocopa-presenta-senorio-de-benidorm\\\/\",\"name\":\"Bodegas Bocopa presenta \\u201cSe\\u00f1or\\u00edo de Benidorm\\u201d | El Digital de Asturias\",\"description\":\"Bodegas Bocopa presenta \\u201cSe\\u00f1or\\u00edo de Benidorm\\u201d, un vino tinto inspirado en la esencia tur\\u00edstica de la ciudad alicantina y creado a partir de las varietales de uva Monastrell y Syrah, por lo es un producto plenamente mediterr\\u00e1neo y \\u00fanico en el mundo dado su origen, proceso de elaboraci\\u00f3n y bouquet final. Durante la presentaci\\u00f3n, que\",\"inLanguage\":\"es-ES\",\"isPartOf\":{\"@id\":\"https:\\\/\\\/eldigitaldeasturias.com\\\/magazine365\\\/#website\"},\"breadcrumb\":{\"@id\":\"https:\\\/\\\/eldigitaldeasturias.com\\\/magazine365\\\/bodegas-bocopa-presenta-senorio-de-benidorm\\\/#breadcrumblist\"},\"author\":{\"@id\":\"https:\\\/\\\/eldigitaldeasturias.com\\\/magazine365\\\/author\\\/admin\\\/#author\"},\"creator\":{\"@id\":\"https:\\\/\\\/eldigitaldeasturias.com\\\/magazine365\\\/author\\\/admin\\\/#author\"},\"image\":{\"@type\":\"ImageObject\",\"url\":\"https:\\\/\\\/eldigitaldeasturias.com\\\/magazine365\\\/wp-content\\\/uploads\\\/2015\\\/05\\\/1431075868_Sen_oriodeBenidorm91706_copy.jpg\",\"@id\":\"https:\\\/\\\/eldigitaldeasturias.com\\\/magazine365\\\/bodegas-bocopa-presenta-senorio-de-benidorm\\\/#mainImage\",\"width\":1000,\"height\":667},\"primaryImageOfPage\":{\"@id\":\"https:\\\/\\\/eldigitaldeasturias.com\\\/magazine365\\\/bodegas-bocopa-presenta-senorio-de-benidorm\\\/#mainImage\"},\"datePublished\":\"2015-05-11T10:23:27+02:00\",\"dateModified\":\"2015-05-11T10:23:27+02:00\"},{\"@type\":\"WebSite\",\"@id\":\"https:\\\/\\\/eldigitaldeasturias.com\\\/magazine365\\\/#website\",\"url\":\"https:\\\/\\\/eldigitaldeasturias.com\\\/magazine365\\\/\",\"name\":\"El Digital de Asturias\",\"description\":\"Revista de ocio, turismo y estilo de vida\",\"inLanguage\":\"es-ES\",\"publisher\":{\"@id\":\"https:\\\/\\\/eldigitaldeasturias.com\\\/magazine365\\\/#organization\"}}]}\n\t\t<\/script>\n\t\t<!-- All in One SEO Pro -->\r\n\t\t<title>Bodegas Bocopa presenta \u201cSe\u00f1or\u00edo de Benidorm\u201d | El Digital de Asturias<\/title>\n\n","aioseo_head_json":{"title":"Bodegas Bocopa presenta \u201cSe\u00f1or\u00edo de Benidorm\u201d | El Digital de Asturias","description":"Bodegas Bocopa presenta \u201cSe\u00f1or\u00edo de Benidorm\u201d, un vino tinto inspirado en la esencia tur\u00edstica de la ciudad alicantina y creado a partir de las varietales de uva Monastrell y Syrah, por lo es un producto plenamente mediterr\u00e1neo y \u00fanico en el mundo dado su origen, proceso de elaboraci\u00f3n y bouquet final. Durante la presentaci\u00f3n, que","canonical_url":"https:\/\/eldigitaldeasturias.com\/magazine365\/bodegas-bocopa-presenta-senorio-de-benidorm\/","robots":"max-image-preview:large","keywords":"noticias y actualidad","webmasterTools":{"google-site-verification":"UA-38556648-1","miscellaneous":""},"schema":{"@context":"https:\/\/schema.org","@graph":[{"@type":"Article","@id":"https:\/\/eldigitaldeasturias.com\/magazine365\/bodegas-bocopa-presenta-senorio-de-benidorm\/#article","name":"Bodegas Bocopa presenta \u201cSe\u00f1or\u00edo de Benidorm\u201d | El Digital de Asturias","headline":"Bodegas Bocopa presenta \u201cSe\u00f1or\u00edo de Benidorm\u201d","author":{"@id":"https:\/\/eldigitaldeasturias.com\/magazine365\/author\/admin\/#author"},"publisher":{"@id":"https:\/\/eldigitaldeasturias.com\/magazine365\/#organization"},"image":{"@type":"ImageObject","url":"https:\/\/eldigitaldeasturias.com\/magazine365\/wp-content\/uploads\/2015\/05\/1431075868_Sen_oriodeBenidorm91706_copy.jpg","width":1000,"height":667},"datePublished":"2015-05-11T10:23:27+02:00","dateModified":"2015-05-11T10:23:27+02:00","inLanguage":"es-ES","mainEntityOfPage":{"@id":"https:\/\/eldigitaldeasturias.com\/magazine365\/bodegas-bocopa-presenta-senorio-de-benidorm\/#webpage"},"isPartOf":{"@id":"https:\/\/eldigitaldeasturias.com\/magazine365\/bodegas-bocopa-presenta-senorio-de-benidorm\/#webpage"},"articleSection":"Noticias y Actualidad"},{"@type":"BreadcrumbList","@id":"https:\/\/eldigitaldeasturias.com\/magazine365\/bodegas-bocopa-presenta-senorio-de-benidorm\/#breadcrumblist","itemListElement":[{"@type":"ListItem","@id":"https:\/\/eldigitaldeasturias.com\/magazine365#listItem","position":1,"name":"Home","item":"https:\/\/eldigitaldeasturias.com\/magazine365","nextItem":{"@type":"ListItem","@id":"https:\/\/eldigitaldeasturias.com\/magazine365\/category\/noticias-actualidad\/#listItem","name":"Noticias y Actualidad"}},{"@type":"ListItem","@id":"https:\/\/eldigitaldeasturias.com\/magazine365\/category\/noticias-actualidad\/#listItem","position":2,"name":"Noticias y Actualidad","item":"https:\/\/eldigitaldeasturias.com\/magazine365\/category\/noticias-actualidad\/","nextItem":{"@type":"ListItem","@id":"https:\/\/eldigitaldeasturias.com\/magazine365\/bodegas-bocopa-presenta-senorio-de-benidorm\/#listItem","name":"Bodegas Bocopa presenta \u201cSe\u00f1or\u00edo de Benidorm\u201d"},"previousItem":{"@type":"ListItem","@id":"https:\/\/eldigitaldeasturias.com\/magazine365#listItem","name":"Home"}},{"@type":"ListItem","@id":"https:\/\/eldigitaldeasturias.com\/magazine365\/bodegas-bocopa-presenta-senorio-de-benidorm\/#listItem","position":3,"name":"Bodegas Bocopa presenta \u201cSe\u00f1or\u00edo de Benidorm\u201d","previousItem":{"@type":"ListItem","@id":"https:\/\/eldigitaldeasturias.com\/magazine365\/category\/noticias-actualidad\/#listItem","name":"Noticias y Actualidad"}}]},{"@type":"Organization","@id":"https:\/\/eldigitaldeasturias.com\/magazine365\/#organization","name":"El digital de Asturias","description":"Revista de ocio, turismo y estilo de vida","url":"https:\/\/eldigitaldeasturias.com\/magazine365\/","logo":{"@type":"ImageObject","url":"https:\/\/www.eldigitaldeasturias.com\/noticias\/wp-content\/uploads\/2020\/12\/EDA.jpg","@id":"https:\/\/eldigitaldeasturias.com\/magazine365\/bodegas-bocopa-presenta-senorio-de-benidorm\/#organizationLogo"},"image":{"@id":"https:\/\/eldigitaldeasturias.com\/magazine365\/bodegas-bocopa-presenta-senorio-de-benidorm\/#organizationLogo"}},{"@type":"Person","@id":"https:\/\/eldigitaldeasturias.com\/magazine365\/author\/admin\/#author","url":"https:\/\/eldigitaldeasturias.com\/magazine365\/author\/admin\/","name":"admin","image":{"@type":"ImageObject","@id":"https:\/\/eldigitaldeasturias.com\/magazine365\/bodegas-bocopa-presenta-senorio-de-benidorm\/#authorImage","url":"https:\/\/eldigitaldeasturias.com\/magazine365\/wp-content\/litespeed\/avatar\/e571bcf59a0edd6fa6838245a470f2fe.jpg?ver=1776969259","width":96,"height":96,"caption":"admin"}},{"@type":"WebPage","@id":"https:\/\/eldigitaldeasturias.com\/magazine365\/bodegas-bocopa-presenta-senorio-de-benidorm\/#webpage","url":"https:\/\/eldigitaldeasturias.com\/magazine365\/bodegas-bocopa-presenta-senorio-de-benidorm\/","name":"Bodegas Bocopa presenta \u201cSe\u00f1or\u00edo de Benidorm\u201d | El Digital de Asturias","description":"Bodegas Bocopa presenta \u201cSe\u00f1or\u00edo de Benidorm\u201d, un vino tinto inspirado en la esencia tur\u00edstica de la ciudad alicantina y creado a partir de las varietales de uva Monastrell y Syrah, por lo es un producto plenamente mediterr\u00e1neo y \u00fanico en el mundo dado su origen, proceso de elaboraci\u00f3n y bouquet final. Durante la presentaci\u00f3n, que","inLanguage":"es-ES","isPartOf":{"@id":"https:\/\/eldigitaldeasturias.com\/magazine365\/#website"},"breadcrumb":{"@id":"https:\/\/eldigitaldeasturias.com\/magazine365\/bodegas-bocopa-presenta-senorio-de-benidorm\/#breadcrumblist"},"author":{"@id":"https:\/\/eldigitaldeasturias.com\/magazine365\/author\/admin\/#author"},"creator":{"@id":"https:\/\/eldigitaldeasturias.com\/magazine365\/author\/admin\/#author"},"image":{"@type":"ImageObject","url":"https:\/\/eldigitaldeasturias.com\/magazine365\/wp-content\/uploads\/2015\/05\/1431075868_Sen_oriodeBenidorm91706_copy.jpg","@id":"https:\/\/eldigitaldeasturias.com\/magazine365\/bodegas-bocopa-presenta-senorio-de-benidorm\/#mainImage","width":1000,"height":667},"primaryImageOfPage":{"@id":"https:\/\/eldigitaldeasturias.com\/magazine365\/bodegas-bocopa-presenta-senorio-de-benidorm\/#mainImage"},"datePublished":"2015-05-11T10:23:27+02:00","dateModified":"2015-05-11T10:23:27+02:00"},{"@type":"WebSite","@id":"https:\/\/eldigitaldeasturias.com\/magazine365\/#website","url":"https:\/\/eldigitaldeasturias.com\/magazine365\/","name":"El Digital de Asturias","description":"Revista de ocio, turismo y estilo de vida","inLanguage":"es-ES","publisher":{"@id":"https:\/\/eldigitaldeasturias.com\/magazine365\/#organization"}}]},"og:locale":"es_ES","og:site_name":"El Digital de Asturias \u2013 Revista de ocio, turismo y estilo de vida","og:type":"article","og:title":"Bodegas Bocopa presenta \u201cSe\u00f1or\u00edo de Benidorm\u201d | El Digital de Asturias","og:description":"Bodegas Bocopa presenta \u201cSe\u00f1or\u00edo de Benidorm\u201d, un vino tinto inspirado en la esencia tur\u00edstica de la ciudad alicantina y creado a partir de las varietales de uva Monastrell y Syrah, por lo es un producto plenamente mediterr\u00e1neo y \u00fanico en el mundo dado su origen, proceso de elaboraci\u00f3n y bouquet final. Durante la presentaci\u00f3n, que","og:url":"https:\/\/eldigitaldeasturias.com\/magazine365\/bodegas-bocopa-presenta-senorio-de-benidorm\/","og:image":"https:\/\/eldigitaldeasturias.com\/magazine365\/wp-content\/uploads\/2015\/05\/1431075868_Sen_oriodeBenidorm91706_copy.jpg","og:image:secure_url":"https:\/\/eldigitaldeasturias.com\/magazine365\/wp-content\/uploads\/2015\/05\/1431075868_Sen_oriodeBenidorm91706_copy.jpg","og:image:width":1000,"og:image:height":667,"article:published_time":"2015-05-11T08:53:27+00:00","article:modified_time":"2015-05-11T08:53:27+00:00","twitter:card":"summary_large_image","twitter:title":"Bodegas Bocopa presenta \u201cSe\u00f1or\u00edo de Benidorm\u201d | El Digital de Asturias","twitter:description":"Bodegas Bocopa presenta \u201cSe\u00f1or\u00edo de Benidorm\u201d, un vino tinto inspirado en la esencia tur\u00edstica de la ciudad alicantina y creado a partir de las varietales de uva Monastrell y Syrah, por lo es un producto plenamente mediterr\u00e1neo y \u00fanico en el mundo dado su origen, proceso de elaboraci\u00f3n y bouquet final. Durante la presentaci\u00f3n, que","twitter:image":"https:\/\/eldigitaldeasturias.com\/magazine365\/wp-content\/uploads\/2015\/05\/1431075868_Sen_oriodeBenidorm91706_copy.jpg"},"aioseo_meta_data":{"post_id":"38263","title":null,"description":null,"keywords":null,"keyphrases":null,"primary_term":null,"canonical_url":null,"og_title":null,"og_description":null,"og_object_type":"default","og_image_type":"default","og_image_url":null,"og_image_width":null,"og_image_height":null,"og_image_custom_url":null,"og_image_custom_fields":null,"og_video":null,"og_custom_url":null,"og_article_section":null,"og_article_tags":null,"twitter_use_og":false,"twitter_card":"default","twitter_image_type":"default","twitter_image_url":null,"twitter_image_custom_url":null,"twitter_image_custom_fields":null,"twitter_title":null,"twitter_description":null,"schema":{"blockGraphs":[],"customGraphs":[],"default":{"data":{"Article":[],"Course":[],"Dataset":[],"FAQPage":[],"Movie":[],"Person":[],"Product":[],"ProductReview":[],"Car":[],"Recipe":[],"Service":[],"SoftwareApplication":[],"WebPage":[]},"graphName":"","isEnabled":true},"graphs":[],"defaultGraph":"","defaultPostTypeGraph":""},"schema_type":null,"schema_type_options":null,"pillar_content":false,"robots_default":true,"robots_noindex":false,"robots_noarchive":false,"robots_nosnippet":false,"robots_nofollow":false,"robots_noimageindex":false,"robots_noodp":false,"robots_notranslate":false,"robots_max_snippet":null,"robots_max_videopreview":null,"robots_max_imagepreview":"large","priority":null,"frequency":null,"location":null,"local_seo":null,"seo_analyzer_scan_date":"2025-09-19 09:11:21","breadcrumb_settings":null,"limit_modified_date":false,"open_ai":null,"ai":null,"created":"2021-03-09 02:55:57","updated":"2025-09-19 09:11:21"},"aioseo_breadcrumb":"<div class=\"aioseo-breadcrumbs\"><span class=\"aioseo-breadcrumb\">\n\t<a href=\"https:\/\/eldigitaldeasturias.com\/magazine365\" title=\"Home\">Home<\/a>\n<\/span><span class=\"aioseo-breadcrumb-separator\">\u2013<\/span><span class=\"aioseo-breadcrumb\">\n\t<a href=\"https:\/\/eldigitaldeasturias.com\/magazine365\/category\/noticias-actualidad\/\" title=\"Noticias y Actualidad\">Noticias y Actualidad<\/a>\n<\/span><span class=\"aioseo-breadcrumb-separator\">\u2013<\/span><span class=\"aioseo-breadcrumb\">\n\t<a href=\"https:\/\/eldigitaldeasturias.com\/magazine365\/bodegas-bocopa-presenta-senorio-de-benidorm\/\" title=\"Bodegas Bocopa presenta \u201cSe\u00f1or\u00edo de Benidorm\u201d\">Bodegas Bocopa presenta \u201cSe\u00f1or\u00edo de Benidorm\u201d<\/a>\n<\/span><\/div>","aioseo_breadcrumb_json":[{"label":"Home","link":"https:\/\/eldigitaldeasturias.com\/magazine365"},{"label":"Noticias y Actualidad","link":"https:\/\/eldigitaldeasturias.com\/magazine365\/category\/noticias-actualidad\/"},{"label":"Bodegas Bocopa presenta \u201cSe\u00f1or\u00edo de Benidorm\u201d","link":"https:\/\/eldigitaldeasturias.com\/magazine365\/bodegas-bocopa-presenta-senorio-de-benidorm\/"}],"_links":{"self":[{"href":"https:\/\/eldigitaldeasturias.com\/magazine365\/wp-json\/wp\/v2\/posts\/38263","targetHints":{"allow":["GET"]}}],"collection":[{"href":"https:\/\/eldigitaldeasturias.com\/magazine365\/wp-json\/wp\/v2\/posts"}],"about":[{"href":"https:\/\/eldigitaldeasturias.com\/magazine365\/wp-json\/wp\/v2\/types\/post"}],"author":[{"embeddable":true,"href":"https:\/\/eldigitaldeasturias.com\/magazine365\/wp-json\/wp\/v2\/users\/1"}],"replies":[{"embeddable":true,"href":"https:\/\/eldigitaldeasturias.com\/magazine365\/wp-json\/wp\/v2\/comments?post=38263"}],"version-history":[{"count":0,"href":"https:\/\/eldigitaldeasturias.com\/magazine365\/wp-json\/wp\/v2\/posts\/38263\/revisions"}],"wp:featuredmedia":[{"embeddable":true,"href":"https:\/\/eldigitaldeasturias.com\/magazine365\/wp-json\/wp\/v2\/media\/38264"}],"wp:attachment":[{"href":"https:\/\/eldigitaldeasturias.com\/magazine365\/wp-json\/wp\/v2\/media?parent=38263"}],"wp:term":[{"taxonomy":"category","embeddable":true,"href":"https:\/\/eldigitaldeasturias.com\/magazine365\/wp-json\/wp\/v2\/categories?post=38263"},{"taxonomy":"post_tag","embeddable":true,"href":"https:\/\/eldigitaldeasturias.com\/magazine365\/wp-json\/wp\/v2\/tags?post=38263"}],"curies":[{"name":"wp","href":"https:\/\/api.w.org\/{rel}","templated":true}]}}