{"id":38244,"date":"2015-05-10T15:49:35","date_gmt":"2015-05-10T14:19:35","guid":{"rendered":"http:\/\/eldigitaldeasturias.com\/magazine365\/?p=38244"},"modified":"2015-05-10T15:49:35","modified_gmt":"2015-05-10T14:19:35","slug":"julio-iglesias-recibira-el-doctor-honoris-causa-por-la-universidad-de-berklee","status":"publish","type":"post","link":"https:\/\/eldigitaldeasturias.com\/magazine365\/julio-iglesias-recibira-el-doctor-honoris-causa-por-la-universidad-de-berklee\/","title":{"rendered":"Julio Iglesias recibir\u00e1 el Doctor Honoris Causa por la Universidad de Berklee"},"content":{"rendered":"<p><img fetchpriority=\"high\" decoding=\"async\" class=\"alignleft size-medium wp-image-38245\" src=\"https:\/\/eldigitaldeasturias.com\/magazine365\/wp-content\/uploads\/2015\/05\/julioiglesias-360x187.jpg\" alt=\"julioiglesias\" width=\"360\" height=\"187\" srcset=\"https:\/\/eldigitaldeasturias.com\/magazine365\/wp-content\/uploads\/2015\/05\/julioiglesias-360x187.jpg 360w, https:\/\/eldigitaldeasturias.com\/magazine365\/wp-content\/uploads\/2015\/05\/julioiglesias-150x78.jpg 150w, https:\/\/eldigitaldeasturias.com\/magazine365\/wp-content\/uploads\/2015\/05\/julioiglesias-450x234.jpg 450w, https:\/\/eldigitaldeasturias.com\/magazine365\/wp-content\/uploads\/2015\/05\/julioiglesias-499x260.jpg 499w, https:\/\/eldigitaldeasturias.com\/magazine365\/wp-content\/uploads\/2015\/05\/julioiglesias.jpg 500w\" sizes=\"(max-width: 360px) 100vw, 360px\" \/>El Berklee College of Music, la universidad privada de m\u00fasica m\u00e1s grande del mundo, distinguir\u00e1 a Julio Iglesias y Doug Morris con el t\u00edtulo de Doctor Honoris Causa en m\u00fasica, durante la ceremonia de graduaci\u00f3n, el 9 de mayo, en el Agganis Arena de la Universidad de Boston. M\u00e1s de 900 graduados del Berklee, sus padres e invitados presenciar\u00e1n el acto.<\/p>\n<p>La noticia de este galard\u00f3n llega el mismo d\u00eda en el que el festival Starlite de Marbella (M\u00e1laga, sur de Espa\u00f1a) anunci\u00f3 que Iglesias cerrar\u00e1 su cartel de 2015 con un concierto el pr\u00f3ximo 5 de agosto.<\/p>\n<p>Con su incorporaci\u00f3n al Starlite 2015, que este a\u00f1o alcanza cuatro ediciones, se cierra un cartel que contar\u00e1 adem\u00e1s con su hijo Enrique Iglesias, Lenny Kravitz, Alejandro Sanz, Andrea Bocelli, Laura Pausini y Pl\u00e1cido Domingo.<\/p>\n","protected":false},"excerpt":{"rendered":"<p>El Berklee College of Music, la universidad privada de m\u00fasica m\u00e1s grande del mundo, distinguir\u00e1 a Julio Iglesias y Doug Morris con el t\u00edtulo de Doctor Honoris Causa en m\u00fasica, durante la ceremonia de graduaci\u00f3n, el 9 de mayo, en el Agganis Arena de la Universidad de Boston. M\u00e1s de 900 graduados del Berklee, sus<\/p>\n","protected":false},"author":1,"featured_media":38245,"comment_status":"open","ping_status":"closed","sticky":false,"template":"","format":"standard","meta":{"footnotes":""},"categories":[224],"tags":[],"class_list":{"0":"post-38244","1":"post","2":"type-post","3":"status-publish","4":"format-standard","5":"has-post-thumbnail","7":"category-noticias-actualidad"},"aioseo_notices":[],"aioseo_head":"\n\t\t<!-- All in One SEO Pro 4.9.6.1 - aioseo.com -->\n\t<meta name=\"description\" content=\"El Berklee College of Music, la universidad privada de m\u00fasica m\u00e1s grande del mundo, distinguir\u00e1 a Julio Iglesias y Doug Morris con el t\u00edtulo de Doctor Honoris Causa en m\u00fasica, durante la ceremonia de graduaci\u00f3n, el 9 de mayo, en el Agganis Arena de la Universidad de Boston. M\u00e1s de 900 graduados del Berklee, sus\" \/>\n\t<meta name=\"robots\" content=\"max-image-preview:large\" \/>\n\t<meta name=\"author\" content=\"admin\"\/>\n\t<meta name=\"google-site-verification\" content=\"UA-38556648-1\" \/>\n\t<meta name=\"keywords\" content=\"noticias y actualidad\" \/>\n\t<link rel=\"canonical\" href=\"https:\/\/eldigitaldeasturias.com\/magazine365\/julio-iglesias-recibira-el-doctor-honoris-causa-por-la-universidad-de-berklee\/\" \/>\n\t<meta name=\"generator\" content=\"All in One SEO Pro (AIOSEO) 4.9.6.1\" \/>\n\t\t<meta property=\"og:locale\" content=\"es_ES\" \/>\n\t\t<meta property=\"og:site_name\" content=\"El Digital de Asturias \u2013 Revista de ocio, turismo y estilo de vida\" \/>\n\t\t<meta property=\"og:type\" content=\"article\" \/>\n\t\t<meta property=\"og:title\" content=\"Julio Iglesias recibir\u00e1 el Doctor Honoris Causa por la Universidad de Berklee | El Digital de Asturias\" \/>\n\t\t<meta property=\"og:description\" content=\"El Berklee College of Music, la universidad privada de m\u00fasica m\u00e1s grande del mundo, distinguir\u00e1 a Julio Iglesias y Doug Morris con el t\u00edtulo de Doctor Honoris Causa en m\u00fasica, durante la ceremonia de graduaci\u00f3n, el 9 de mayo, en el Agganis Arena de la Universidad de Boston. M\u00e1s de 900 graduados del Berklee, sus\" \/>\n\t\t<meta property=\"og:url\" content=\"https:\/\/eldigitaldeasturias.com\/magazine365\/julio-iglesias-recibira-el-doctor-honoris-causa-por-la-universidad-de-berklee\/\" \/>\n\t\t<meta property=\"og:image\" content=\"https:\/\/eldigitaldeasturias.com\/magazine365\/wp-content\/uploads\/2015\/05\/julioiglesias.jpg\" \/>\n\t\t<meta property=\"og:image:secure_url\" content=\"https:\/\/eldigitaldeasturias.com\/magazine365\/wp-content\/uploads\/2015\/05\/julioiglesias.jpg\" \/>\n\t\t<meta property=\"og:image:width\" content=\"500\" \/>\n\t\t<meta property=\"og:image:height\" content=\"260\" \/>\n\t\t<meta property=\"article:published_time\" content=\"2015-05-10T14:19:35+00:00\" \/>\n\t\t<meta property=\"article:modified_time\" content=\"2015-05-10T14:19:35+00:00\" \/>\n\t\t<meta name=\"twitter:card\" content=\"summary_large_image\" \/>\n\t\t<meta name=\"twitter:title\" content=\"Julio Iglesias recibir\u00e1 el Doctor Honoris Causa por la Universidad de Berklee | El Digital de Asturias\" \/>\n\t\t<meta name=\"twitter:description\" content=\"El Berklee College of Music, la universidad privada de m\u00fasica m\u00e1s grande del mundo, distinguir\u00e1 a Julio Iglesias y Doug Morris con el t\u00edtulo de Doctor Honoris Causa en m\u00fasica, durante la ceremonia de graduaci\u00f3n, el 9 de mayo, en el Agganis Arena de la Universidad de Boston. M\u00e1s de 900 graduados del Berklee, sus\" \/>\n\t\t<meta name=\"twitter:image\" content=\"https:\/\/eldigitaldeasturias.com\/magazine365\/wp-content\/uploads\/2015\/05\/julioiglesias.jpg\" \/>\n\t\t<script type=\"application\/ld+json\" class=\"aioseo-schema\">\n\t\t\t{\"@context\":\"https:\\\/\\\/schema.org\",\"@graph\":[{\"@type\":\"Article\",\"@id\":\"https:\\\/\\\/eldigitaldeasturias.com\\\/magazine365\\\/julio-iglesias-recibira-el-doctor-honoris-causa-por-la-universidad-de-berklee\\\/#article\",\"name\":\"Julio Iglesias recibir\\u00e1 el Doctor Honoris Causa por la Universidad de Berklee | El Digital de Asturias\",\"headline\":\"Julio Iglesias recibir\\u00e1 el Doctor Honoris Causa por la Universidad de Berklee\",\"author\":{\"@id\":\"https:\\\/\\\/eldigitaldeasturias.com\\\/magazine365\\\/author\\\/admin\\\/#author\"},\"publisher\":{\"@id\":\"https:\\\/\\\/eldigitaldeasturias.com\\\/magazine365\\\/#organization\"},\"image\":{\"@type\":\"ImageObject\",\"url\":\"https:\\\/\\\/eldigitaldeasturias.com\\\/magazine365\\\/wp-content\\\/uploads\\\/2015\\\/05\\\/julioiglesias.jpg\",\"width\":500,\"height\":260},\"datePublished\":\"2015-05-10T15:49:35+02:00\",\"dateModified\":\"2015-05-10T15:49:35+02:00\",\"inLanguage\":\"es-ES\",\"mainEntityOfPage\":{\"@id\":\"https:\\\/\\\/eldigitaldeasturias.com\\\/magazine365\\\/julio-iglesias-recibira-el-doctor-honoris-causa-por-la-universidad-de-berklee\\\/#webpage\"},\"isPartOf\":{\"@id\":\"https:\\\/\\\/eldigitaldeasturias.com\\\/magazine365\\\/julio-iglesias-recibira-el-doctor-honoris-causa-por-la-universidad-de-berklee\\\/#webpage\"},\"articleSection\":\"Noticias y Actualidad\"},{\"@type\":\"BreadcrumbList\",\"@id\":\"https:\\\/\\\/eldigitaldeasturias.com\\\/magazine365\\\/julio-iglesias-recibira-el-doctor-honoris-causa-por-la-universidad-de-berklee\\\/#breadcrumblist\",\"itemListElement\":[{\"@type\":\"ListItem\",\"@id\":\"https:\\\/\\\/eldigitaldeasturias.com\\\/magazine365#listItem\",\"position\":1,\"name\":\"Home\",\"item\":\"https:\\\/\\\/eldigitaldeasturias.com\\\/magazine365\",\"nextItem\":{\"@type\":\"ListItem\",\"@id\":\"https:\\\/\\\/eldigitaldeasturias.com\\\/magazine365\\\/category\\\/noticias-actualidad\\\/#listItem\",\"name\":\"Noticias y Actualidad\"}},{\"@type\":\"ListItem\",\"@id\":\"https:\\\/\\\/eldigitaldeasturias.com\\\/magazine365\\\/category\\\/noticias-actualidad\\\/#listItem\",\"position\":2,\"name\":\"Noticias y Actualidad\",\"item\":\"https:\\\/\\\/eldigitaldeasturias.com\\\/magazine365\\\/category\\\/noticias-actualidad\\\/\",\"nextItem\":{\"@type\":\"ListItem\",\"@id\":\"https:\\\/\\\/eldigitaldeasturias.com\\\/magazine365\\\/julio-iglesias-recibira-el-doctor-honoris-causa-por-la-universidad-de-berklee\\\/#listItem\",\"name\":\"Julio Iglesias recibir\\u00e1 el Doctor Honoris Causa por la Universidad de Berklee\"},\"previousItem\":{\"@type\":\"ListItem\",\"@id\":\"https:\\\/\\\/eldigitaldeasturias.com\\\/magazine365#listItem\",\"name\":\"Home\"}},{\"@type\":\"ListItem\",\"@id\":\"https:\\\/\\\/eldigitaldeasturias.com\\\/magazine365\\\/julio-iglesias-recibira-el-doctor-honoris-causa-por-la-universidad-de-berklee\\\/#listItem\",\"position\":3,\"name\":\"Julio Iglesias recibir\\u00e1 el Doctor Honoris Causa por la Universidad de Berklee\",\"previousItem\":{\"@type\":\"ListItem\",\"@id\":\"https:\\\/\\\/eldigitaldeasturias.com\\\/magazine365\\\/category\\\/noticias-actualidad\\\/#listItem\",\"name\":\"Noticias y Actualidad\"}}]},{\"@type\":\"Organization\",\"@id\":\"https:\\\/\\\/eldigitaldeasturias.com\\\/magazine365\\\/#organization\",\"name\":\"El digital de Asturias\",\"description\":\"Revista de ocio, turismo y estilo de vida\",\"url\":\"https:\\\/\\\/eldigitaldeasturias.com\\\/magazine365\\\/\",\"logo\":{\"@type\":\"ImageObject\",\"url\":\"https:\\\/\\\/www.eldigitaldeasturias.com\\\/noticias\\\/wp-content\\\/uploads\\\/2020\\\/12\\\/EDA.jpg\",\"@id\":\"https:\\\/\\\/eldigitaldeasturias.com\\\/magazine365\\\/julio-iglesias-recibira-el-doctor-honoris-causa-por-la-universidad-de-berklee\\\/#organizationLogo\"},\"image\":{\"@id\":\"https:\\\/\\\/eldigitaldeasturias.com\\\/magazine365\\\/julio-iglesias-recibira-el-doctor-honoris-causa-por-la-universidad-de-berklee\\\/#organizationLogo\"}},{\"@type\":\"Person\",\"@id\":\"https:\\\/\\\/eldigitaldeasturias.com\\\/magazine365\\\/author\\\/admin\\\/#author\",\"url\":\"https:\\\/\\\/eldigitaldeasturias.com\\\/magazine365\\\/author\\\/admin\\\/\",\"name\":\"admin\",\"image\":{\"@type\":\"ImageObject\",\"@id\":\"https:\\\/\\\/eldigitaldeasturias.com\\\/magazine365\\\/julio-iglesias-recibira-el-doctor-honoris-causa-por-la-universidad-de-berklee\\\/#authorImage\",\"url\":\"https:\\\/\\\/eldigitaldeasturias.com\\\/magazine365\\\/wp-content\\\/litespeed\\\/avatar\\\/e571bcf59a0edd6fa6838245a470f2fe.jpg?ver=1776969259\",\"width\":96,\"height\":96,\"caption\":\"admin\"}},{\"@type\":\"WebPage\",\"@id\":\"https:\\\/\\\/eldigitaldeasturias.com\\\/magazine365\\\/julio-iglesias-recibira-el-doctor-honoris-causa-por-la-universidad-de-berklee\\\/#webpage\",\"url\":\"https:\\\/\\\/eldigitaldeasturias.com\\\/magazine365\\\/julio-iglesias-recibira-el-doctor-honoris-causa-por-la-universidad-de-berklee\\\/\",\"name\":\"Julio Iglesias recibir\\u00e1 el Doctor Honoris Causa por la Universidad de Berklee | El Digital de Asturias\",\"description\":\"El Berklee College of Music, la universidad privada de m\\u00fasica m\\u00e1s grande del mundo, distinguir\\u00e1 a Julio Iglesias y Doug Morris con el t\\u00edtulo de Doctor Honoris Causa en m\\u00fasica, durante la ceremonia de graduaci\\u00f3n, el 9 de mayo, en el Agganis Arena de la Universidad de Boston. M\\u00e1s de 900 graduados del Berklee, sus\",\"inLanguage\":\"es-ES\",\"isPartOf\":{\"@id\":\"https:\\\/\\\/eldigitaldeasturias.com\\\/magazine365\\\/#website\"},\"breadcrumb\":{\"@id\":\"https:\\\/\\\/eldigitaldeasturias.com\\\/magazine365\\\/julio-iglesias-recibira-el-doctor-honoris-causa-por-la-universidad-de-berklee\\\/#breadcrumblist\"},\"author\":{\"@id\":\"https:\\\/\\\/eldigitaldeasturias.com\\\/magazine365\\\/author\\\/admin\\\/#author\"},\"creator\":{\"@id\":\"https:\\\/\\\/eldigitaldeasturias.com\\\/magazine365\\\/author\\\/admin\\\/#author\"},\"image\":{\"@type\":\"ImageObject\",\"url\":\"https:\\\/\\\/eldigitaldeasturias.com\\\/magazine365\\\/wp-content\\\/uploads\\\/2015\\\/05\\\/julioiglesias.jpg\",\"@id\":\"https:\\\/\\\/eldigitaldeasturias.com\\\/magazine365\\\/julio-iglesias-recibira-el-doctor-honoris-causa-por-la-universidad-de-berklee\\\/#mainImage\",\"width\":500,\"height\":260},\"primaryImageOfPage\":{\"@id\":\"https:\\\/\\\/eldigitaldeasturias.com\\\/magazine365\\\/julio-iglesias-recibira-el-doctor-honoris-causa-por-la-universidad-de-berklee\\\/#mainImage\"},\"datePublished\":\"2015-05-10T15:49:35+02:00\",\"dateModified\":\"2015-05-10T15:49:35+02:00\"},{\"@type\":\"WebSite\",\"@id\":\"https:\\\/\\\/eldigitaldeasturias.com\\\/magazine365\\\/#website\",\"url\":\"https:\\\/\\\/eldigitaldeasturias.com\\\/magazine365\\\/\",\"name\":\"El Digital de Asturias\",\"description\":\"Revista de ocio, turismo y estilo de vida\",\"inLanguage\":\"es-ES\",\"publisher\":{\"@id\":\"https:\\\/\\\/eldigitaldeasturias.com\\\/magazine365\\\/#organization\"}}]}\n\t\t<\/script>\n\t\t<!-- All in One SEO Pro -->\r\n\t\t<title>Julio Iglesias recibir\u00e1 el Doctor Honoris Causa por la Universidad de Berklee | El Digital de Asturias<\/title>\n\n","aioseo_head_json":{"title":"Julio Iglesias recibir\u00e1 el Doctor Honoris Causa por la Universidad de Berklee | El Digital de Asturias","description":"El Berklee College of Music, la universidad privada de m\u00fasica m\u00e1s grande del mundo, distinguir\u00e1 a Julio Iglesias y Doug Morris con el t\u00edtulo de Doctor Honoris Causa en m\u00fasica, durante la ceremonia de graduaci\u00f3n, el 9 de mayo, en el Agganis Arena de la Universidad de Boston. M\u00e1s de 900 graduados del Berklee, sus","canonical_url":"https:\/\/eldigitaldeasturias.com\/magazine365\/julio-iglesias-recibira-el-doctor-honoris-causa-por-la-universidad-de-berklee\/","robots":"max-image-preview:large","keywords":"noticias y actualidad","webmasterTools":{"google-site-verification":"UA-38556648-1","miscellaneous":""},"schema":{"@context":"https:\/\/schema.org","@graph":[{"@type":"Article","@id":"https:\/\/eldigitaldeasturias.com\/magazine365\/julio-iglesias-recibira-el-doctor-honoris-causa-por-la-universidad-de-berklee\/#article","name":"Julio Iglesias recibir\u00e1 el Doctor Honoris Causa por la Universidad de Berklee | El Digital de Asturias","headline":"Julio Iglesias recibir\u00e1 el Doctor Honoris Causa por la Universidad de Berklee","author":{"@id":"https:\/\/eldigitaldeasturias.com\/magazine365\/author\/admin\/#author"},"publisher":{"@id":"https:\/\/eldigitaldeasturias.com\/magazine365\/#organization"},"image":{"@type":"ImageObject","url":"https:\/\/eldigitaldeasturias.com\/magazine365\/wp-content\/uploads\/2015\/05\/julioiglesias.jpg","width":500,"height":260},"datePublished":"2015-05-10T15:49:35+02:00","dateModified":"2015-05-10T15:49:35+02:00","inLanguage":"es-ES","mainEntityOfPage":{"@id":"https:\/\/eldigitaldeasturias.com\/magazine365\/julio-iglesias-recibira-el-doctor-honoris-causa-por-la-universidad-de-berklee\/#webpage"},"isPartOf":{"@id":"https:\/\/eldigitaldeasturias.com\/magazine365\/julio-iglesias-recibira-el-doctor-honoris-causa-por-la-universidad-de-berklee\/#webpage"},"articleSection":"Noticias y Actualidad"},{"@type":"BreadcrumbList","@id":"https:\/\/eldigitaldeasturias.com\/magazine365\/julio-iglesias-recibira-el-doctor-honoris-causa-por-la-universidad-de-berklee\/#breadcrumblist","itemListElement":[{"@type":"ListItem","@id":"https:\/\/eldigitaldeasturias.com\/magazine365#listItem","position":1,"name":"Home","item":"https:\/\/eldigitaldeasturias.com\/magazine365","nextItem":{"@type":"ListItem","@id":"https:\/\/eldigitaldeasturias.com\/magazine365\/category\/noticias-actualidad\/#listItem","name":"Noticias y Actualidad"}},{"@type":"ListItem","@id":"https:\/\/eldigitaldeasturias.com\/magazine365\/category\/noticias-actualidad\/#listItem","position":2,"name":"Noticias y Actualidad","item":"https:\/\/eldigitaldeasturias.com\/magazine365\/category\/noticias-actualidad\/","nextItem":{"@type":"ListItem","@id":"https:\/\/eldigitaldeasturias.com\/magazine365\/julio-iglesias-recibira-el-doctor-honoris-causa-por-la-universidad-de-berklee\/#listItem","name":"Julio Iglesias recibir\u00e1 el Doctor Honoris Causa por la Universidad de Berklee"},"previousItem":{"@type":"ListItem","@id":"https:\/\/eldigitaldeasturias.com\/magazine365#listItem","name":"Home"}},{"@type":"ListItem","@id":"https:\/\/eldigitaldeasturias.com\/magazine365\/julio-iglesias-recibira-el-doctor-honoris-causa-por-la-universidad-de-berklee\/#listItem","position":3,"name":"Julio Iglesias recibir\u00e1 el Doctor Honoris Causa por la Universidad de Berklee","previousItem":{"@type":"ListItem","@id":"https:\/\/eldigitaldeasturias.com\/magazine365\/category\/noticias-actualidad\/#listItem","name":"Noticias y Actualidad"}}]},{"@type":"Organization","@id":"https:\/\/eldigitaldeasturias.com\/magazine365\/#organization","name":"El digital de Asturias","description":"Revista de ocio, turismo y estilo de vida","url":"https:\/\/eldigitaldeasturias.com\/magazine365\/","logo":{"@type":"ImageObject","url":"https:\/\/www.eldigitaldeasturias.com\/noticias\/wp-content\/uploads\/2020\/12\/EDA.jpg","@id":"https:\/\/eldigitaldeasturias.com\/magazine365\/julio-iglesias-recibira-el-doctor-honoris-causa-por-la-universidad-de-berklee\/#organizationLogo"},"image":{"@id":"https:\/\/eldigitaldeasturias.com\/magazine365\/julio-iglesias-recibira-el-doctor-honoris-causa-por-la-universidad-de-berklee\/#organizationLogo"}},{"@type":"Person","@id":"https:\/\/eldigitaldeasturias.com\/magazine365\/author\/admin\/#author","url":"https:\/\/eldigitaldeasturias.com\/magazine365\/author\/admin\/","name":"admin","image":{"@type":"ImageObject","@id":"https:\/\/eldigitaldeasturias.com\/magazine365\/julio-iglesias-recibira-el-doctor-honoris-causa-por-la-universidad-de-berklee\/#authorImage","url":"https:\/\/eldigitaldeasturias.com\/magazine365\/wp-content\/litespeed\/avatar\/e571bcf59a0edd6fa6838245a470f2fe.jpg?ver=1776969259","width":96,"height":96,"caption":"admin"}},{"@type":"WebPage","@id":"https:\/\/eldigitaldeasturias.com\/magazine365\/julio-iglesias-recibira-el-doctor-honoris-causa-por-la-universidad-de-berklee\/#webpage","url":"https:\/\/eldigitaldeasturias.com\/magazine365\/julio-iglesias-recibira-el-doctor-honoris-causa-por-la-universidad-de-berklee\/","name":"Julio Iglesias recibir\u00e1 el Doctor Honoris Causa por la Universidad de Berklee | El Digital de Asturias","description":"El Berklee College of Music, la universidad privada de m\u00fasica m\u00e1s grande del mundo, distinguir\u00e1 a Julio Iglesias y Doug Morris con el t\u00edtulo de Doctor Honoris Causa en m\u00fasica, durante la ceremonia de graduaci\u00f3n, el 9 de mayo, en el Agganis Arena de la Universidad de Boston. M\u00e1s de 900 graduados del Berklee, sus","inLanguage":"es-ES","isPartOf":{"@id":"https:\/\/eldigitaldeasturias.com\/magazine365\/#website"},"breadcrumb":{"@id":"https:\/\/eldigitaldeasturias.com\/magazine365\/julio-iglesias-recibira-el-doctor-honoris-causa-por-la-universidad-de-berklee\/#breadcrumblist"},"author":{"@id":"https:\/\/eldigitaldeasturias.com\/magazine365\/author\/admin\/#author"},"creator":{"@id":"https:\/\/eldigitaldeasturias.com\/magazine365\/author\/admin\/#author"},"image":{"@type":"ImageObject","url":"https:\/\/eldigitaldeasturias.com\/magazine365\/wp-content\/uploads\/2015\/05\/julioiglesias.jpg","@id":"https:\/\/eldigitaldeasturias.com\/magazine365\/julio-iglesias-recibira-el-doctor-honoris-causa-por-la-universidad-de-berklee\/#mainImage","width":500,"height":260},"primaryImageOfPage":{"@id":"https:\/\/eldigitaldeasturias.com\/magazine365\/julio-iglesias-recibira-el-doctor-honoris-causa-por-la-universidad-de-berklee\/#mainImage"},"datePublished":"2015-05-10T15:49:35+02:00","dateModified":"2015-05-10T15:49:35+02:00"},{"@type":"WebSite","@id":"https:\/\/eldigitaldeasturias.com\/magazine365\/#website","url":"https:\/\/eldigitaldeasturias.com\/magazine365\/","name":"El Digital de Asturias","description":"Revista de ocio, turismo y estilo de vida","inLanguage":"es-ES","publisher":{"@id":"https:\/\/eldigitaldeasturias.com\/magazine365\/#organization"}}]},"og:locale":"es_ES","og:site_name":"El Digital de Asturias \u2013 Revista de ocio, turismo y estilo de vida","og:type":"article","og:title":"Julio Iglesias recibir\u00e1 el Doctor Honoris Causa por la Universidad de Berklee | El Digital de Asturias","og:description":"El Berklee College of Music, la universidad privada de m\u00fasica m\u00e1s grande del mundo, distinguir\u00e1 a Julio Iglesias y Doug Morris con el t\u00edtulo de Doctor Honoris Causa en m\u00fasica, durante la ceremonia de graduaci\u00f3n, el 9 de mayo, en el Agganis Arena de la Universidad de Boston. M\u00e1s de 900 graduados del Berklee, sus","og:url":"https:\/\/eldigitaldeasturias.com\/magazine365\/julio-iglesias-recibira-el-doctor-honoris-causa-por-la-universidad-de-berklee\/","og:image":"https:\/\/eldigitaldeasturias.com\/magazine365\/wp-content\/uploads\/2015\/05\/julioiglesias.jpg","og:image:secure_url":"https:\/\/eldigitaldeasturias.com\/magazine365\/wp-content\/uploads\/2015\/05\/julioiglesias.jpg","og:image:width":500,"og:image:height":260,"article:published_time":"2015-05-10T14:19:35+00:00","article:modified_time":"2015-05-10T14:19:35+00:00","twitter:card":"summary_large_image","twitter:title":"Julio Iglesias recibir\u00e1 el Doctor Honoris Causa por la Universidad de Berklee | El Digital de Asturias","twitter:description":"El Berklee College of Music, la universidad privada de m\u00fasica m\u00e1s grande del mundo, distinguir\u00e1 a Julio Iglesias y Doug Morris con el t\u00edtulo de Doctor Honoris Causa en m\u00fasica, durante la ceremonia de graduaci\u00f3n, el 9 de mayo, en el Agganis Arena de la Universidad de Boston. M\u00e1s de 900 graduados del Berklee, sus","twitter:image":"https:\/\/eldigitaldeasturias.com\/magazine365\/wp-content\/uploads\/2015\/05\/julioiglesias.jpg"},"aioseo_meta_data":{"post_id":"38244","title":null,"description":null,"keywords":null,"keyphrases":null,"primary_term":null,"canonical_url":null,"og_title":null,"og_description":null,"og_object_type":"default","og_image_type":"default","og_image_url":null,"og_image_width":null,"og_image_height":null,"og_image_custom_url":null,"og_image_custom_fields":null,"og_video":null,"og_custom_url":null,"og_article_section":null,"og_article_tags":null,"twitter_use_og":false,"twitter_card":"default","twitter_image_type":"default","twitter_image_url":null,"twitter_image_custom_url":null,"twitter_image_custom_fields":null,"twitter_title":null,"twitter_description":null,"schema":{"blockGraphs":[],"customGraphs":[],"default":{"data":{"Article":[],"Course":[],"Dataset":[],"FAQPage":[],"Movie":[],"Person":[],"Product":[],"ProductReview":[],"Car":[],"Recipe":[],"Service":[],"SoftwareApplication":[],"WebPage":[]},"graphName":"","isEnabled":true},"graphs":[]},"schema_type":null,"schema_type_options":null,"pillar_content":false,"robots_default":true,"robots_noindex":false,"robots_noarchive":false,"robots_nosnippet":false,"robots_nofollow":false,"robots_noimageindex":false,"robots_noodp":false,"robots_notranslate":false,"robots_max_snippet":null,"robots_max_videopreview":null,"robots_max_imagepreview":"large","priority":null,"frequency":null,"location":null,"local_seo":null,"seo_analyzer_scan_date":"2025-09-19 09:09:13","breadcrumb_settings":null,"limit_modified_date":false,"open_ai":null,"ai":null,"created":"2021-03-09 02:55:57","updated":"2025-09-19 09:09:13"},"aioseo_breadcrumb":"<div class=\"aioseo-breadcrumbs\"><span class=\"aioseo-breadcrumb\">\n\t<a href=\"https:\/\/eldigitaldeasturias.com\/magazine365\" title=\"Home\">Home<\/a>\n<\/span><span class=\"aioseo-breadcrumb-separator\">\u2013<\/span><span class=\"aioseo-breadcrumb\">\n\t<a href=\"https:\/\/eldigitaldeasturias.com\/magazine365\/category\/noticias-actualidad\/\" title=\"Noticias y Actualidad\">Noticias y Actualidad<\/a>\n<\/span><span class=\"aioseo-breadcrumb-separator\">\u2013<\/span><span class=\"aioseo-breadcrumb\">\n\t<a href=\"https:\/\/eldigitaldeasturias.com\/magazine365\/julio-iglesias-recibira-el-doctor-honoris-causa-por-la-universidad-de-berklee\/\" title=\"Julio Iglesias recibir\u00e1 el Doctor Honoris Causa por la Universidad de Berklee\">Julio Iglesias recibir\u00e1 el Doctor Honoris Causa por la Universidad de Berklee<\/a>\n<\/span><\/div>","aioseo_breadcrumb_json":[{"label":"Home","link":"https:\/\/eldigitaldeasturias.com\/magazine365"},{"label":"Noticias y Actualidad","link":"https:\/\/eldigitaldeasturias.com\/magazine365\/category\/noticias-actualidad\/"},{"label":"Julio Iglesias recibir\u00e1 el Doctor Honoris Causa por la Universidad de Berklee","link":"https:\/\/eldigitaldeasturias.com\/magazine365\/julio-iglesias-recibira-el-doctor-honoris-causa-por-la-universidad-de-berklee\/"}],"_links":{"self":[{"href":"https:\/\/eldigitaldeasturias.com\/magazine365\/wp-json\/wp\/v2\/posts\/38244","targetHints":{"allow":["GET"]}}],"collection":[{"href":"https:\/\/eldigitaldeasturias.com\/magazine365\/wp-json\/wp\/v2\/posts"}],"about":[{"href":"https:\/\/eldigitaldeasturias.com\/magazine365\/wp-json\/wp\/v2\/types\/post"}],"author":[{"embeddable":true,"href":"https:\/\/eldigitaldeasturias.com\/magazine365\/wp-json\/wp\/v2\/users\/1"}],"replies":[{"embeddable":true,"href":"https:\/\/eldigitaldeasturias.com\/magazine365\/wp-json\/wp\/v2\/comments?post=38244"}],"version-history":[{"count":0,"href":"https:\/\/eldigitaldeasturias.com\/magazine365\/wp-json\/wp\/v2\/posts\/38244\/revisions"}],"wp:featuredmedia":[{"embeddable":true,"href":"https:\/\/eldigitaldeasturias.com\/magazine365\/wp-json\/wp\/v2\/media\/38245"}],"wp:attachment":[{"href":"https:\/\/eldigitaldeasturias.com\/magazine365\/wp-json\/wp\/v2\/media?parent=38244"}],"wp:term":[{"taxonomy":"category","embeddable":true,"href":"https:\/\/eldigitaldeasturias.com\/magazine365\/wp-json\/wp\/v2\/categories?post=38244"},{"taxonomy":"post_tag","embeddable":true,"href":"https:\/\/eldigitaldeasturias.com\/magazine365\/wp-json\/wp\/v2\/tags?post=38244"}],"curies":[{"name":"wp","href":"https:\/\/api.w.org\/{rel}","templated":true}]}}