{"id":38235,"date":"2015-05-10T15:04:49","date_gmt":"2015-05-10T13:34:49","guid":{"rendered":"http:\/\/eldigitaldeasturias.com\/magazine365\/?p=38235"},"modified":"2015-05-10T15:04:49","modified_gmt":"2015-05-10T13:34:49","slug":"asi-viajaremos-en-avion-en-el-futuro","status":"publish","type":"post","link":"https:\/\/eldigitaldeasturias.com\/magazine365\/asi-viajaremos-en-avion-en-el-futuro\/","title":{"rendered":"As\u00ed viajaremos en avi\u00f3n en el futuro"},"content":{"rendered":"<p><img fetchpriority=\"high\" decoding=\"async\" class=\"alignleft size-medium wp-image-38236\" src=\"https:\/\/eldigitaldeasturias.com\/magazine365\/wp-content\/uploads\/2015\/05\/asi-viajaremos-en-avion-en-el-futuro-680x443-360x235.jpg\" alt=\"asi-viajaremos-en-avion-en-el-futuro-680x443\" width=\"360\" height=\"235\" srcset=\"https:\/\/eldigitaldeasturias.com\/magazine365\/wp-content\/uploads\/2015\/05\/asi-viajaremos-en-avion-en-el-futuro-680x443-360x235.jpg 360w, https:\/\/eldigitaldeasturias.com\/magazine365\/wp-content\/uploads\/2015\/05\/asi-viajaremos-en-avion-en-el-futuro-680x443-650x423.jpg 650w, https:\/\/eldigitaldeasturias.com\/magazine365\/wp-content\/uploads\/2015\/05\/asi-viajaremos-en-avion-en-el-futuro-680x443-150x98.jpg 150w, https:\/\/eldigitaldeasturias.com\/magazine365\/wp-content\/uploads\/2015\/05\/asi-viajaremos-en-avion-en-el-futuro-680x443-450x293.jpg 450w, https:\/\/eldigitaldeasturias.com\/magazine365\/wp-content\/uploads\/2015\/05\/asi-viajaremos-en-avion-en-el-futuro-680x443-645x420.jpg 645w, https:\/\/eldigitaldeasturias.com\/magazine365\/wp-content\/uploads\/2015\/05\/asi-viajaremos-en-avion-en-el-futuro-680x443-84x55.jpg 84w, https:\/\/eldigitaldeasturias.com\/magazine365\/wp-content\/uploads\/2015\/05\/asi-viajaremos-en-avion-en-el-futuro-680x443.jpg 680w\" sizes=\"(max-width: 360px) 100vw, 360px\" \/>El futuro, eso de lo que tanto nos gusta hablar, pero que todav\u00eda no llega, porque sino, no ser\u00eda futuro. Digamos que el futuro ser\u00e1 muy distinto en cuanto a la manera en la que viajamos en avi\u00f3n. O quiz\u00e1 no, dependiendo de si las patentes que las empresas fabricantes de aviones finalmente se llevan a cabo o no. Pero si les echamos un vistazo podemos apreciar que hay algunas ideas para el futuro de los aviones que resultan cuanto menos interesantes.<\/p>\n<p>Por ejemplo, parece que uno de los planes que tienen las empresas de dise\u00f1o es conseguir que la interacci\u00f3n entre pasajero y avi\u00f3n sean m\u00e1s elevada. Ahora mismo viajamos y tenemos la costumbre de pedirnos ventana si queremos apoyarnos en ella o mirar de vez en cuando. En el futuro la ventana ser\u00e1 m\u00e1s codiciada debido a que ser\u00e1 el medio que proporcione la interacci\u00f3n con los pasajeros. La ventana ser\u00e1 una pantalla t\u00e1ctil en la que podremos tocar para acceder a distinta informaci\u00f3n. Por ejemplo, p\u00e1ginas de Internet donde reservar entradas para espect\u00e1culos o gu\u00edas de viaje a fin de conocer el destino al que nos dirigimos.<\/p>\n<p>Como indicamos, es m\u00e1s que posible que las ventanas empiecen a estar mucho m\u00e1s cotizadas que en la actualidad. Otra cosa de la que se est\u00e1 hablando es del uso de cascos de realidad virtual.<\/p>\n<p>Ser\u00eda un concepto similar al de las gafas de realidad virtual que se est\u00e1n fabricando que posiblemente triunfar\u00e1n en el pr\u00f3ximo a\u00f1o 2016. Nos pondremos el casco y eso nos introducir\u00e1 en una experiencia de entretenimiento multimedia para la cual no se necesitar\u00e1 ning\u00fan tipo de pantalla, dado que la tendremos directamente d\u00e1ndonos el contenido en los ojos. Es una posibilidad muy firme para ver pel\u00edculas, escuchar m\u00fasica o con el objetivo de acceder a otros contenidos, incluso juegos. Podr\u00eda garantizar la privacidad m\u00e1xima y ofrecer una forma m\u00e1s sencilla de tener los asientos ordenados. Lo que no sabemos es si ser\u00eda un invento muy c\u00f3modo para aquellos momentos en los que no tuvi\u00e9ramos el casco puesto.<\/p>\n<p>Otras ideas est\u00e1n menos dirigidas al pasajero y m\u00e1s al avi\u00f3n en s\u00ed mismo. Por ejemplo, se ha patentado una trampa para terroristas, que activar\u00eda una trampilla en el suelo en la que caer\u00eda quien estuviera intentando forzar la cabina del piloto. Tambi\u00e9n se trabaja en un escudo que envolver\u00eda al avi\u00f3n en un campo de energ\u00eda para detener las ondas expansivas de explosiones.<\/p>\n","protected":false},"excerpt":{"rendered":"<p>El futuro, eso de lo que tanto nos gusta hablar, pero que todav\u00eda no llega, porque sino, no ser\u00eda futuro. Digamos que el futuro ser\u00e1 muy distinto en cuanto a la manera en la que viajamos en avi\u00f3n. O quiz\u00e1 no, dependiendo de si las patentes que las empresas fabricantes de aviones finalmente se llevan<\/p>\n","protected":false},"author":1,"featured_media":38236,"comment_status":"open","ping_status":"closed","sticky":false,"template":"","format":"standard","meta":{"footnotes":""},"categories":[224],"tags":[],"class_list":{"0":"post-38235","1":"post","2":"type-post","3":"status-publish","4":"format-standard","5":"has-post-thumbnail","7":"category-noticias-actualidad"},"aioseo_notices":[],"aioseo_head":"\n\t\t<!-- All in One SEO Pro 4.9.6.1 - aioseo.com -->\n\t<meta name=\"description\" content=\"El futuro, eso de lo que tanto nos gusta hablar, pero que todav\u00eda no llega, porque sino, no ser\u00eda futuro. Digamos que el futuro ser\u00e1 muy distinto en cuanto a la manera en la que viajamos en avi\u00f3n. O quiz\u00e1 no, dependiendo de si las patentes que las empresas fabricantes de aviones finalmente se llevan\" \/>\n\t<meta name=\"robots\" content=\"max-image-preview:large\" \/>\n\t<meta name=\"author\" content=\"admin\"\/>\n\t<meta name=\"google-site-verification\" content=\"UA-38556648-1\" \/>\n\t<meta name=\"keywords\" content=\"noticias y actualidad\" \/>\n\t<link rel=\"canonical\" href=\"https:\/\/eldigitaldeasturias.com\/magazine365\/asi-viajaremos-en-avion-en-el-futuro\/\" \/>\n\t<meta name=\"generator\" content=\"All in One SEO Pro (AIOSEO) 4.9.6.1\" \/>\n\t\t<meta property=\"og:locale\" content=\"es_ES\" \/>\n\t\t<meta property=\"og:site_name\" content=\"El Digital de Asturias \u2013 Revista de ocio, turismo y estilo de vida\" \/>\n\t\t<meta property=\"og:type\" content=\"article\" \/>\n\t\t<meta property=\"og:title\" content=\"As\u00ed viajaremos en avi\u00f3n en el futuro | El Digital de Asturias\" \/>\n\t\t<meta property=\"og:description\" content=\"El futuro, eso de lo que tanto nos gusta hablar, pero que todav\u00eda no llega, porque sino, no ser\u00eda futuro. Digamos que el futuro ser\u00e1 muy distinto en cuanto a la manera en la que viajamos en avi\u00f3n. O quiz\u00e1 no, dependiendo de si las patentes que las empresas fabricantes de aviones finalmente se llevan\" \/>\n\t\t<meta property=\"og:url\" content=\"https:\/\/eldigitaldeasturias.com\/magazine365\/asi-viajaremos-en-avion-en-el-futuro\/\" \/>\n\t\t<meta property=\"og:image\" content=\"https:\/\/eldigitaldeasturias.com\/magazine365\/wp-content\/uploads\/2015\/05\/asi-viajaremos-en-avion-en-el-futuro-680x443.jpg\" \/>\n\t\t<meta property=\"og:image:secure_url\" content=\"https:\/\/eldigitaldeasturias.com\/magazine365\/wp-content\/uploads\/2015\/05\/asi-viajaremos-en-avion-en-el-futuro-680x443.jpg\" \/>\n\t\t<meta property=\"og:image:width\" content=\"680\" \/>\n\t\t<meta property=\"og:image:height\" content=\"443\" \/>\n\t\t<meta property=\"article:published_time\" content=\"2015-05-10T13:34:49+00:00\" \/>\n\t\t<meta property=\"article:modified_time\" content=\"2015-05-10T13:34:49+00:00\" \/>\n\t\t<meta name=\"twitter:card\" content=\"summary_large_image\" \/>\n\t\t<meta name=\"twitter:title\" content=\"As\u00ed viajaremos en avi\u00f3n en el futuro | El Digital de Asturias\" \/>\n\t\t<meta name=\"twitter:description\" content=\"El futuro, eso de lo que tanto nos gusta hablar, pero que todav\u00eda no llega, porque sino, no ser\u00eda futuro. Digamos que el futuro ser\u00e1 muy distinto en cuanto a la manera en la que viajamos en avi\u00f3n. O quiz\u00e1 no, dependiendo de si las patentes que las empresas fabricantes de aviones finalmente se llevan\" \/>\n\t\t<meta name=\"twitter:image\" content=\"https:\/\/eldigitaldeasturias.com\/magazine365\/wp-content\/uploads\/2015\/05\/asi-viajaremos-en-avion-en-el-futuro-680x443.jpg\" \/>\n\t\t<script type=\"application\/ld+json\" class=\"aioseo-schema\">\n\t\t\t{\"@context\":\"https:\\\/\\\/schema.org\",\"@graph\":[{\"@type\":\"Article\",\"@id\":\"https:\\\/\\\/eldigitaldeasturias.com\\\/magazine365\\\/asi-viajaremos-en-avion-en-el-futuro\\\/#article\",\"name\":\"As\\u00ed viajaremos en avi\\u00f3n en el futuro | El Digital de Asturias\",\"headline\":\"As\\u00ed viajaremos en avi\\u00f3n en el futuro\",\"author\":{\"@id\":\"https:\\\/\\\/eldigitaldeasturias.com\\\/magazine365\\\/author\\\/admin\\\/#author\"},\"publisher\":{\"@id\":\"https:\\\/\\\/eldigitaldeasturias.com\\\/magazine365\\\/#organization\"},\"image\":{\"@type\":\"ImageObject\",\"url\":\"https:\\\/\\\/eldigitaldeasturias.com\\\/magazine365\\\/wp-content\\\/uploads\\\/2015\\\/05\\\/asi-viajaremos-en-avion-en-el-futuro-680x443.jpg\",\"width\":680,\"height\":443},\"datePublished\":\"2015-05-10T15:04:49+02:00\",\"dateModified\":\"2015-05-10T15:04:49+02:00\",\"inLanguage\":\"es-ES\",\"mainEntityOfPage\":{\"@id\":\"https:\\\/\\\/eldigitaldeasturias.com\\\/magazine365\\\/asi-viajaremos-en-avion-en-el-futuro\\\/#webpage\"},\"isPartOf\":{\"@id\":\"https:\\\/\\\/eldigitaldeasturias.com\\\/magazine365\\\/asi-viajaremos-en-avion-en-el-futuro\\\/#webpage\"},\"articleSection\":\"Noticias y Actualidad\"},{\"@type\":\"BreadcrumbList\",\"@id\":\"https:\\\/\\\/eldigitaldeasturias.com\\\/magazine365\\\/asi-viajaremos-en-avion-en-el-futuro\\\/#breadcrumblist\",\"itemListElement\":[{\"@type\":\"ListItem\",\"@id\":\"https:\\\/\\\/eldigitaldeasturias.com\\\/magazine365#listItem\",\"position\":1,\"name\":\"Home\",\"item\":\"https:\\\/\\\/eldigitaldeasturias.com\\\/magazine365\",\"nextItem\":{\"@type\":\"ListItem\",\"@id\":\"https:\\\/\\\/eldigitaldeasturias.com\\\/magazine365\\\/category\\\/noticias-actualidad\\\/#listItem\",\"name\":\"Noticias y Actualidad\"}},{\"@type\":\"ListItem\",\"@id\":\"https:\\\/\\\/eldigitaldeasturias.com\\\/magazine365\\\/category\\\/noticias-actualidad\\\/#listItem\",\"position\":2,\"name\":\"Noticias y Actualidad\",\"item\":\"https:\\\/\\\/eldigitaldeasturias.com\\\/magazine365\\\/category\\\/noticias-actualidad\\\/\",\"nextItem\":{\"@type\":\"ListItem\",\"@id\":\"https:\\\/\\\/eldigitaldeasturias.com\\\/magazine365\\\/asi-viajaremos-en-avion-en-el-futuro\\\/#listItem\",\"name\":\"As\\u00ed viajaremos en avi\\u00f3n en el futuro\"},\"previousItem\":{\"@type\":\"ListItem\",\"@id\":\"https:\\\/\\\/eldigitaldeasturias.com\\\/magazine365#listItem\",\"name\":\"Home\"}},{\"@type\":\"ListItem\",\"@id\":\"https:\\\/\\\/eldigitaldeasturias.com\\\/magazine365\\\/asi-viajaremos-en-avion-en-el-futuro\\\/#listItem\",\"position\":3,\"name\":\"As\\u00ed viajaremos en avi\\u00f3n en el futuro\",\"previousItem\":{\"@type\":\"ListItem\",\"@id\":\"https:\\\/\\\/eldigitaldeasturias.com\\\/magazine365\\\/category\\\/noticias-actualidad\\\/#listItem\",\"name\":\"Noticias y Actualidad\"}}]},{\"@type\":\"Organization\",\"@id\":\"https:\\\/\\\/eldigitaldeasturias.com\\\/magazine365\\\/#organization\",\"name\":\"El digital de Asturias\",\"description\":\"Revista de ocio, turismo y estilo de vida\",\"url\":\"https:\\\/\\\/eldigitaldeasturias.com\\\/magazine365\\\/\",\"logo\":{\"@type\":\"ImageObject\",\"url\":\"https:\\\/\\\/www.eldigitaldeasturias.com\\\/noticias\\\/wp-content\\\/uploads\\\/2020\\\/12\\\/EDA.jpg\",\"@id\":\"https:\\\/\\\/eldigitaldeasturias.com\\\/magazine365\\\/asi-viajaremos-en-avion-en-el-futuro\\\/#organizationLogo\"},\"image\":{\"@id\":\"https:\\\/\\\/eldigitaldeasturias.com\\\/magazine365\\\/asi-viajaremos-en-avion-en-el-futuro\\\/#organizationLogo\"}},{\"@type\":\"Person\",\"@id\":\"https:\\\/\\\/eldigitaldeasturias.com\\\/magazine365\\\/author\\\/admin\\\/#author\",\"url\":\"https:\\\/\\\/eldigitaldeasturias.com\\\/magazine365\\\/author\\\/admin\\\/\",\"name\":\"admin\",\"image\":{\"@type\":\"ImageObject\",\"@id\":\"https:\\\/\\\/eldigitaldeasturias.com\\\/magazine365\\\/asi-viajaremos-en-avion-en-el-futuro\\\/#authorImage\",\"url\":\"https:\\\/\\\/eldigitaldeasturias.com\\\/magazine365\\\/wp-content\\\/litespeed\\\/avatar\\\/e571bcf59a0edd6fa6838245a470f2fe.jpg?ver=1776969259\",\"width\":96,\"height\":96,\"caption\":\"admin\"}},{\"@type\":\"WebPage\",\"@id\":\"https:\\\/\\\/eldigitaldeasturias.com\\\/magazine365\\\/asi-viajaremos-en-avion-en-el-futuro\\\/#webpage\",\"url\":\"https:\\\/\\\/eldigitaldeasturias.com\\\/magazine365\\\/asi-viajaremos-en-avion-en-el-futuro\\\/\",\"name\":\"As\\u00ed viajaremos en avi\\u00f3n en el futuro | El Digital de Asturias\",\"description\":\"El futuro, eso de lo que tanto nos gusta hablar, pero que todav\\u00eda no llega, porque sino, no ser\\u00eda futuro. Digamos que el futuro ser\\u00e1 muy distinto en cuanto a la manera en la que viajamos en avi\\u00f3n. O quiz\\u00e1 no, dependiendo de si las patentes que las empresas fabricantes de aviones finalmente se llevan\",\"inLanguage\":\"es-ES\",\"isPartOf\":{\"@id\":\"https:\\\/\\\/eldigitaldeasturias.com\\\/magazine365\\\/#website\"},\"breadcrumb\":{\"@id\":\"https:\\\/\\\/eldigitaldeasturias.com\\\/magazine365\\\/asi-viajaremos-en-avion-en-el-futuro\\\/#breadcrumblist\"},\"author\":{\"@id\":\"https:\\\/\\\/eldigitaldeasturias.com\\\/magazine365\\\/author\\\/admin\\\/#author\"},\"creator\":{\"@id\":\"https:\\\/\\\/eldigitaldeasturias.com\\\/magazine365\\\/author\\\/admin\\\/#author\"},\"image\":{\"@type\":\"ImageObject\",\"url\":\"https:\\\/\\\/eldigitaldeasturias.com\\\/magazine365\\\/wp-content\\\/uploads\\\/2015\\\/05\\\/asi-viajaremos-en-avion-en-el-futuro-680x443.jpg\",\"@id\":\"https:\\\/\\\/eldigitaldeasturias.com\\\/magazine365\\\/asi-viajaremos-en-avion-en-el-futuro\\\/#mainImage\",\"width\":680,\"height\":443},\"primaryImageOfPage\":{\"@id\":\"https:\\\/\\\/eldigitaldeasturias.com\\\/magazine365\\\/asi-viajaremos-en-avion-en-el-futuro\\\/#mainImage\"},\"datePublished\":\"2015-05-10T15:04:49+02:00\",\"dateModified\":\"2015-05-10T15:04:49+02:00\"},{\"@type\":\"WebSite\",\"@id\":\"https:\\\/\\\/eldigitaldeasturias.com\\\/magazine365\\\/#website\",\"url\":\"https:\\\/\\\/eldigitaldeasturias.com\\\/magazine365\\\/\",\"name\":\"El Digital de Asturias\",\"description\":\"Revista de ocio, turismo y estilo de vida\",\"inLanguage\":\"es-ES\",\"publisher\":{\"@id\":\"https:\\\/\\\/eldigitaldeasturias.com\\\/magazine365\\\/#organization\"}}]}\n\t\t<\/script>\n\t\t<!-- All in One SEO Pro -->\r\n\t\t<title>As\u00ed viajaremos en avi\u00f3n en el futuro | El Digital de Asturias<\/title>\n\n","aioseo_head_json":{"title":"As\u00ed viajaremos en avi\u00f3n en el futuro | El Digital de Asturias","description":"El futuro, eso de lo que tanto nos gusta hablar, pero que todav\u00eda no llega, porque sino, no ser\u00eda futuro. Digamos que el futuro ser\u00e1 muy distinto en cuanto a la manera en la que viajamos en avi\u00f3n. O quiz\u00e1 no, dependiendo de si las patentes que las empresas fabricantes de aviones finalmente se llevan","canonical_url":"https:\/\/eldigitaldeasturias.com\/magazine365\/asi-viajaremos-en-avion-en-el-futuro\/","robots":"max-image-preview:large","keywords":"noticias y actualidad","webmasterTools":{"google-site-verification":"UA-38556648-1","miscellaneous":""},"schema":{"@context":"https:\/\/schema.org","@graph":[{"@type":"Article","@id":"https:\/\/eldigitaldeasturias.com\/magazine365\/asi-viajaremos-en-avion-en-el-futuro\/#article","name":"As\u00ed viajaremos en avi\u00f3n en el futuro | El Digital de Asturias","headline":"As\u00ed viajaremos en avi\u00f3n en el futuro","author":{"@id":"https:\/\/eldigitaldeasturias.com\/magazine365\/author\/admin\/#author"},"publisher":{"@id":"https:\/\/eldigitaldeasturias.com\/magazine365\/#organization"},"image":{"@type":"ImageObject","url":"https:\/\/eldigitaldeasturias.com\/magazine365\/wp-content\/uploads\/2015\/05\/asi-viajaremos-en-avion-en-el-futuro-680x443.jpg","width":680,"height":443},"datePublished":"2015-05-10T15:04:49+02:00","dateModified":"2015-05-10T15:04:49+02:00","inLanguage":"es-ES","mainEntityOfPage":{"@id":"https:\/\/eldigitaldeasturias.com\/magazine365\/asi-viajaremos-en-avion-en-el-futuro\/#webpage"},"isPartOf":{"@id":"https:\/\/eldigitaldeasturias.com\/magazine365\/asi-viajaremos-en-avion-en-el-futuro\/#webpage"},"articleSection":"Noticias y Actualidad"},{"@type":"BreadcrumbList","@id":"https:\/\/eldigitaldeasturias.com\/magazine365\/asi-viajaremos-en-avion-en-el-futuro\/#breadcrumblist","itemListElement":[{"@type":"ListItem","@id":"https:\/\/eldigitaldeasturias.com\/magazine365#listItem","position":1,"name":"Home","item":"https:\/\/eldigitaldeasturias.com\/magazine365","nextItem":{"@type":"ListItem","@id":"https:\/\/eldigitaldeasturias.com\/magazine365\/category\/noticias-actualidad\/#listItem","name":"Noticias y Actualidad"}},{"@type":"ListItem","@id":"https:\/\/eldigitaldeasturias.com\/magazine365\/category\/noticias-actualidad\/#listItem","position":2,"name":"Noticias y Actualidad","item":"https:\/\/eldigitaldeasturias.com\/magazine365\/category\/noticias-actualidad\/","nextItem":{"@type":"ListItem","@id":"https:\/\/eldigitaldeasturias.com\/magazine365\/asi-viajaremos-en-avion-en-el-futuro\/#listItem","name":"As\u00ed viajaremos en avi\u00f3n en el futuro"},"previousItem":{"@type":"ListItem","@id":"https:\/\/eldigitaldeasturias.com\/magazine365#listItem","name":"Home"}},{"@type":"ListItem","@id":"https:\/\/eldigitaldeasturias.com\/magazine365\/asi-viajaremos-en-avion-en-el-futuro\/#listItem","position":3,"name":"As\u00ed viajaremos en avi\u00f3n en el futuro","previousItem":{"@type":"ListItem","@id":"https:\/\/eldigitaldeasturias.com\/magazine365\/category\/noticias-actualidad\/#listItem","name":"Noticias y Actualidad"}}]},{"@type":"Organization","@id":"https:\/\/eldigitaldeasturias.com\/magazine365\/#organization","name":"El digital de Asturias","description":"Revista de ocio, turismo y estilo de vida","url":"https:\/\/eldigitaldeasturias.com\/magazine365\/","logo":{"@type":"ImageObject","url":"https:\/\/www.eldigitaldeasturias.com\/noticias\/wp-content\/uploads\/2020\/12\/EDA.jpg","@id":"https:\/\/eldigitaldeasturias.com\/magazine365\/asi-viajaremos-en-avion-en-el-futuro\/#organizationLogo"},"image":{"@id":"https:\/\/eldigitaldeasturias.com\/magazine365\/asi-viajaremos-en-avion-en-el-futuro\/#organizationLogo"}},{"@type":"Person","@id":"https:\/\/eldigitaldeasturias.com\/magazine365\/author\/admin\/#author","url":"https:\/\/eldigitaldeasturias.com\/magazine365\/author\/admin\/","name":"admin","image":{"@type":"ImageObject","@id":"https:\/\/eldigitaldeasturias.com\/magazine365\/asi-viajaremos-en-avion-en-el-futuro\/#authorImage","url":"https:\/\/eldigitaldeasturias.com\/magazine365\/wp-content\/litespeed\/avatar\/e571bcf59a0edd6fa6838245a470f2fe.jpg?ver=1776969259","width":96,"height":96,"caption":"admin"}},{"@type":"WebPage","@id":"https:\/\/eldigitaldeasturias.com\/magazine365\/asi-viajaremos-en-avion-en-el-futuro\/#webpage","url":"https:\/\/eldigitaldeasturias.com\/magazine365\/asi-viajaremos-en-avion-en-el-futuro\/","name":"As\u00ed viajaremos en avi\u00f3n en el futuro | El Digital de Asturias","description":"El futuro, eso de lo que tanto nos gusta hablar, pero que todav\u00eda no llega, porque sino, no ser\u00eda futuro. Digamos que el futuro ser\u00e1 muy distinto en cuanto a la manera en la que viajamos en avi\u00f3n. O quiz\u00e1 no, dependiendo de si las patentes que las empresas fabricantes de aviones finalmente se llevan","inLanguage":"es-ES","isPartOf":{"@id":"https:\/\/eldigitaldeasturias.com\/magazine365\/#website"},"breadcrumb":{"@id":"https:\/\/eldigitaldeasturias.com\/magazine365\/asi-viajaremos-en-avion-en-el-futuro\/#breadcrumblist"},"author":{"@id":"https:\/\/eldigitaldeasturias.com\/magazine365\/author\/admin\/#author"},"creator":{"@id":"https:\/\/eldigitaldeasturias.com\/magazine365\/author\/admin\/#author"},"image":{"@type":"ImageObject","url":"https:\/\/eldigitaldeasturias.com\/magazine365\/wp-content\/uploads\/2015\/05\/asi-viajaremos-en-avion-en-el-futuro-680x443.jpg","@id":"https:\/\/eldigitaldeasturias.com\/magazine365\/asi-viajaremos-en-avion-en-el-futuro\/#mainImage","width":680,"height":443},"primaryImageOfPage":{"@id":"https:\/\/eldigitaldeasturias.com\/magazine365\/asi-viajaremos-en-avion-en-el-futuro\/#mainImage"},"datePublished":"2015-05-10T15:04:49+02:00","dateModified":"2015-05-10T15:04:49+02:00"},{"@type":"WebSite","@id":"https:\/\/eldigitaldeasturias.com\/magazine365\/#website","url":"https:\/\/eldigitaldeasturias.com\/magazine365\/","name":"El Digital de Asturias","description":"Revista de ocio, turismo y estilo de vida","inLanguage":"es-ES","publisher":{"@id":"https:\/\/eldigitaldeasturias.com\/magazine365\/#organization"}}]},"og:locale":"es_ES","og:site_name":"El Digital de Asturias \u2013 Revista de ocio, turismo y estilo de vida","og:type":"article","og:title":"As\u00ed viajaremos en avi\u00f3n en el futuro | El Digital de Asturias","og:description":"El futuro, eso de lo que tanto nos gusta hablar, pero que todav\u00eda no llega, porque sino, no ser\u00eda futuro. Digamos que el futuro ser\u00e1 muy distinto en cuanto a la manera en la que viajamos en avi\u00f3n. O quiz\u00e1 no, dependiendo de si las patentes que las empresas fabricantes de aviones finalmente se llevan","og:url":"https:\/\/eldigitaldeasturias.com\/magazine365\/asi-viajaremos-en-avion-en-el-futuro\/","og:image":"https:\/\/eldigitaldeasturias.com\/magazine365\/wp-content\/uploads\/2015\/05\/asi-viajaremos-en-avion-en-el-futuro-680x443.jpg","og:image:secure_url":"https:\/\/eldigitaldeasturias.com\/magazine365\/wp-content\/uploads\/2015\/05\/asi-viajaremos-en-avion-en-el-futuro-680x443.jpg","og:image:width":680,"og:image:height":443,"article:published_time":"2015-05-10T13:34:49+00:00","article:modified_time":"2015-05-10T13:34:49+00:00","twitter:card":"summary_large_image","twitter:title":"As\u00ed viajaremos en avi\u00f3n en el futuro | El Digital de Asturias","twitter:description":"El futuro, eso de lo que tanto nos gusta hablar, pero que todav\u00eda no llega, porque sino, no ser\u00eda futuro. Digamos que el futuro ser\u00e1 muy distinto en cuanto a la manera en la que viajamos en avi\u00f3n. O quiz\u00e1 no, dependiendo de si las patentes que las empresas fabricantes de aviones finalmente se llevan","twitter:image":"https:\/\/eldigitaldeasturias.com\/magazine365\/wp-content\/uploads\/2015\/05\/asi-viajaremos-en-avion-en-el-futuro-680x443.jpg"},"aioseo_meta_data":{"post_id":"38235","title":null,"description":null,"keywords":null,"keyphrases":null,"primary_term":null,"canonical_url":null,"og_title":null,"og_description":null,"og_object_type":"default","og_image_type":"default","og_image_url":null,"og_image_width":null,"og_image_height":null,"og_image_custom_url":null,"og_image_custom_fields":null,"og_video":null,"og_custom_url":null,"og_article_section":null,"og_article_tags":null,"twitter_use_og":false,"twitter_card":"default","twitter_image_type":"default","twitter_image_url":null,"twitter_image_custom_url":null,"twitter_image_custom_fields":null,"twitter_title":null,"twitter_description":null,"schema":{"blockGraphs":[],"customGraphs":[],"default":{"data":{"Article":[],"Course":[],"Dataset":[],"FAQPage":[],"Movie":[],"Person":[],"Product":[],"ProductReview":[],"Car":[],"Recipe":[],"Service":[],"SoftwareApplication":[],"WebPage":[]},"graphName":"","isEnabled":true},"graphs":[],"defaultGraph":"","defaultPostTypeGraph":""},"schema_type":null,"schema_type_options":null,"pillar_content":false,"robots_default":true,"robots_noindex":false,"robots_noarchive":false,"robots_nosnippet":false,"robots_nofollow":false,"robots_noimageindex":false,"robots_noodp":false,"robots_notranslate":false,"robots_max_snippet":null,"robots_max_videopreview":null,"robots_max_imagepreview":"large","priority":null,"frequency":null,"location":null,"local_seo":null,"seo_analyzer_scan_date":"2025-09-19 09:09:06","breadcrumb_settings":null,"limit_modified_date":false,"open_ai":null,"ai":null,"created":"2021-03-09 02:55:57","updated":"2025-09-19 09:09:06"},"aioseo_breadcrumb":"<div class=\"aioseo-breadcrumbs\"><span class=\"aioseo-breadcrumb\">\n\t<a href=\"https:\/\/eldigitaldeasturias.com\/magazine365\" title=\"Home\">Home<\/a>\n<\/span><span class=\"aioseo-breadcrumb-separator\">\u2013<\/span><span class=\"aioseo-breadcrumb\">\n\t<a href=\"https:\/\/eldigitaldeasturias.com\/magazine365\/category\/noticias-actualidad\/\" title=\"Noticias y Actualidad\">Noticias y Actualidad<\/a>\n<\/span><span class=\"aioseo-breadcrumb-separator\">\u2013<\/span><span class=\"aioseo-breadcrumb\">\n\t<a href=\"https:\/\/eldigitaldeasturias.com\/magazine365\/asi-viajaremos-en-avion-en-el-futuro\/\" title=\"As\u00ed viajaremos en avi\u00f3n en el futuro\">As\u00ed viajaremos en avi\u00f3n en el futuro<\/a>\n<\/span><\/div>","aioseo_breadcrumb_json":[{"label":"Home","link":"https:\/\/eldigitaldeasturias.com\/magazine365"},{"label":"Noticias y Actualidad","link":"https:\/\/eldigitaldeasturias.com\/magazine365\/category\/noticias-actualidad\/"},{"label":"As\u00ed viajaremos en avi\u00f3n en el futuro","link":"https:\/\/eldigitaldeasturias.com\/magazine365\/asi-viajaremos-en-avion-en-el-futuro\/"}],"_links":{"self":[{"href":"https:\/\/eldigitaldeasturias.com\/magazine365\/wp-json\/wp\/v2\/posts\/38235","targetHints":{"allow":["GET"]}}],"collection":[{"href":"https:\/\/eldigitaldeasturias.com\/magazine365\/wp-json\/wp\/v2\/posts"}],"about":[{"href":"https:\/\/eldigitaldeasturias.com\/magazine365\/wp-json\/wp\/v2\/types\/post"}],"author":[{"embeddable":true,"href":"https:\/\/eldigitaldeasturias.com\/magazine365\/wp-json\/wp\/v2\/users\/1"}],"replies":[{"embeddable":true,"href":"https:\/\/eldigitaldeasturias.com\/magazine365\/wp-json\/wp\/v2\/comments?post=38235"}],"version-history":[{"count":0,"href":"https:\/\/eldigitaldeasturias.com\/magazine365\/wp-json\/wp\/v2\/posts\/38235\/revisions"}],"wp:featuredmedia":[{"embeddable":true,"href":"https:\/\/eldigitaldeasturias.com\/magazine365\/wp-json\/wp\/v2\/media\/38236"}],"wp:attachment":[{"href":"https:\/\/eldigitaldeasturias.com\/magazine365\/wp-json\/wp\/v2\/media?parent=38235"}],"wp:term":[{"taxonomy":"category","embeddable":true,"href":"https:\/\/eldigitaldeasturias.com\/magazine365\/wp-json\/wp\/v2\/categories?post=38235"},{"taxonomy":"post_tag","embeddable":true,"href":"https:\/\/eldigitaldeasturias.com\/magazine365\/wp-json\/wp\/v2\/tags?post=38235"}],"curies":[{"name":"wp","href":"https:\/\/api.w.org\/{rel}","templated":true}]}}