{"id":38232,"date":"2015-05-10T15:01:46","date_gmt":"2015-05-10T13:31:46","guid":{"rendered":"http:\/\/eldigitaldeasturias.com\/magazine365\/?p=38232"},"modified":"2015-05-10T15:01:46","modified_gmt":"2015-05-10T13:31:46","slug":"la-app-oficial-de-air-europa-se-estrena-en-el-apple-watch","status":"publish","type":"post","link":"https:\/\/eldigitaldeasturias.com\/magazine365\/la-app-oficial-de-air-europa-se-estrena-en-el-apple-watch\/","title":{"rendered":"La app oficial de Air Europa se estrena en el Apple Watch"},"content":{"rendered":"<p><img fetchpriority=\"high\" decoding=\"async\" class=\"alignleft size-medium wp-image-38233\" src=\"https:\/\/eldigitaldeasturias.com\/magazine365\/wp-content\/uploads\/2015\/05\/europa-applewatch-360x214.jpg\" alt=\"europa-applewatch\" width=\"360\" height=\"214\" srcset=\"https:\/\/eldigitaldeasturias.com\/magazine365\/wp-content\/uploads\/2015\/05\/europa-applewatch-360x214.jpg 360w, https:\/\/eldigitaldeasturias.com\/magazine365\/wp-content\/uploads\/2015\/05\/europa-applewatch-650x387.jpg 650w, https:\/\/eldigitaldeasturias.com\/magazine365\/wp-content\/uploads\/2015\/05\/europa-applewatch-150x89.jpg 150w, https:\/\/eldigitaldeasturias.com\/magazine365\/wp-content\/uploads\/2015\/05\/europa-applewatch-450x268.jpg 450w, https:\/\/eldigitaldeasturias.com\/magazine365\/wp-content\/uploads\/2015\/05\/europa-applewatch-696x415.jpg 696w, https:\/\/eldigitaldeasturias.com\/magazine365\/wp-content\/uploads\/2015\/05\/europa-applewatch-705x420.jpg 705w, https:\/\/eldigitaldeasturias.com\/magazine365\/wp-content\/uploads\/2015\/05\/europa-applewatch.jpg 727w\" sizes=\"(max-width: 360px) 100vw, 360px\" \/>Si hay una empresa cuyos lanzamientos se convierten en un evento mundial es Apple. En pocos a\u00f1os han conseguido reinventar las reglas del juego y revolucionar por completo el mundo de los dispositivos m\u00f3viles, convirti\u00e9ndose en pioneros en todo aquello que emprenden gracias a un est\u00e9tico dise\u00f1o, excelente funcionalidad y una gran calidad en sus productos. El lanzamiento de su nuevo producto estrella: el Apple Watch, un gadget en el que podr\u00e1s utilizar la aplicaci\u00f3n de Air Europa y gestionar tus reservas y muchas otras funcionalidades.<\/p>\n<p>No podemos estar m\u00e1s entusiasmados de estrenar nuestra aplicaci\u00f3n en el nuevo smartwatch de Apple, que continua innovando esta vez en el campo de la tecnolog\u00eda wearable. La app de Air Europa ha sido dise\u00f1ada exclusivamente para este dispositivo y te permitir\u00e1 acceder de forma pr\u00e1ctica a un sinf\u00edn de ventajas antes de abordar a cualquiera de nuestros vuelos. Si decides subirte al carro tecnol\u00f3gico del Apple Watch, la app de Air Europa se convertir\u00e1 en tu asistente personal de viajes.<\/p>\n<p>Para registrarte tan s\u00f3lo necesitar\u00e1s una direcci\u00f3n de e-mail y enseguida podr\u00e1s comenzar a gestionar tus vuelos. Entre las funcionalidades principales de la aplicaci\u00f3n Air Europa con el Apple Watch, est\u00e1 la alternativa de obtener y consultar la informaci\u00f3n de tu tarjeta de embarque, la herramienta \u201cGlance\u201d te permitir\u00e1 consultar la informaci\u00f3n de tu vuelo, as\u00ed como el recibir una notificaci\u00f3n cuando el check-in para tu vuelo est\u00e9 disponible directamente en tu reloj. Adem\u00e1s, podr\u00e1s hacer el embarque utilizando las tarjetas de embarque en formato Passbook generadas por tu iPhone, incluso si no cuentas con conexi\u00f3n a internet, tan solo mostrando tu mu\u00f1eca.<\/p>\n<p>La aplicaci\u00f3n gratuita est\u00e1 disponible en castellano e ingl\u00e9s y la puedes descargar ahora mismo en iTunes y continuar m\u00e1s que nunca con las ganas de volar con Air Europa.<\/p>\n<p>La entrada La app oficial de Air Europa se estrena en el Apple Watch aparece primero en Billete 996.<\/p>\n","protected":false},"excerpt":{"rendered":"<p>Si hay una empresa cuyos lanzamientos se convierten en un evento mundial es Apple. En pocos a\u00f1os han conseguido reinventar las reglas del juego y revolucionar por completo el mundo de los dispositivos m\u00f3viles, convirti\u00e9ndose en pioneros en todo aquello que emprenden gracias a un est\u00e9tico dise\u00f1o, excelente funcionalidad y una gran calidad en sus<\/p>\n","protected":false},"author":1,"featured_media":38233,"comment_status":"open","ping_status":"closed","sticky":false,"template":"","format":"standard","meta":{"footnotes":""},"categories":[224],"tags":[],"class_list":{"0":"post-38232","1":"post","2":"type-post","3":"status-publish","4":"format-standard","5":"has-post-thumbnail","7":"category-noticias-actualidad"},"aioseo_notices":[],"aioseo_head":"\n\t\t<!-- All in One SEO Pro 4.9.6.1 - aioseo.com -->\n\t<meta name=\"description\" content=\"Si hay una empresa cuyos lanzamientos se convierten en un evento mundial es Apple. En pocos a\u00f1os han conseguido reinventar las reglas del juego y revolucionar por completo el mundo de los dispositivos m\u00f3viles, convirti\u00e9ndose en pioneros en todo aquello que emprenden gracias a un est\u00e9tico dise\u00f1o, excelente funcionalidad y una gran calidad en sus\" \/>\n\t<meta name=\"robots\" content=\"max-image-preview:large\" \/>\n\t<meta name=\"author\" content=\"admin\"\/>\n\t<meta name=\"google-site-verification\" content=\"UA-38556648-1\" \/>\n\t<meta name=\"keywords\" content=\"noticias y actualidad\" \/>\n\t<link rel=\"canonical\" href=\"https:\/\/eldigitaldeasturias.com\/magazine365\/la-app-oficial-de-air-europa-se-estrena-en-el-apple-watch\/\" \/>\n\t<meta name=\"generator\" content=\"All in One SEO Pro (AIOSEO) 4.9.6.1\" \/>\n\t\t<meta property=\"og:locale\" content=\"es_ES\" \/>\n\t\t<meta property=\"og:site_name\" content=\"El Digital de Asturias \u2013 Revista de ocio, turismo y estilo de vida\" \/>\n\t\t<meta property=\"og:type\" content=\"article\" \/>\n\t\t<meta property=\"og:title\" content=\"La app oficial de Air Europa se estrena en el Apple Watch | El Digital de Asturias\" \/>\n\t\t<meta property=\"og:description\" content=\"Si hay una empresa cuyos lanzamientos se convierten en un evento mundial es Apple. En pocos a\u00f1os han conseguido reinventar las reglas del juego y revolucionar por completo el mundo de los dispositivos m\u00f3viles, convirti\u00e9ndose en pioneros en todo aquello que emprenden gracias a un est\u00e9tico dise\u00f1o, excelente funcionalidad y una gran calidad en sus\" \/>\n\t\t<meta property=\"og:url\" content=\"https:\/\/eldigitaldeasturias.com\/magazine365\/la-app-oficial-de-air-europa-se-estrena-en-el-apple-watch\/\" \/>\n\t\t<meta property=\"og:image\" content=\"https:\/\/eldigitaldeasturias.com\/magazine365\/wp-content\/uploads\/2015\/05\/europa-applewatch.jpg\" \/>\n\t\t<meta property=\"og:image:secure_url\" content=\"https:\/\/eldigitaldeasturias.com\/magazine365\/wp-content\/uploads\/2015\/05\/europa-applewatch.jpg\" \/>\n\t\t<meta property=\"og:image:width\" content=\"727\" \/>\n\t\t<meta property=\"og:image:height\" content=\"433\" \/>\n\t\t<meta property=\"article:published_time\" content=\"2015-05-10T13:31:46+00:00\" \/>\n\t\t<meta property=\"article:modified_time\" content=\"2015-05-10T13:31:46+00:00\" \/>\n\t\t<meta name=\"twitter:card\" content=\"summary_large_image\" \/>\n\t\t<meta name=\"twitter:title\" content=\"La app oficial de Air Europa se estrena en el Apple Watch | El Digital de Asturias\" \/>\n\t\t<meta name=\"twitter:description\" content=\"Si hay una empresa cuyos lanzamientos se convierten en un evento mundial es Apple. En pocos a\u00f1os han conseguido reinventar las reglas del juego y revolucionar por completo el mundo de los dispositivos m\u00f3viles, convirti\u00e9ndose en pioneros en todo aquello que emprenden gracias a un est\u00e9tico dise\u00f1o, excelente funcionalidad y una gran calidad en sus\" \/>\n\t\t<meta name=\"twitter:image\" content=\"https:\/\/eldigitaldeasturias.com\/magazine365\/wp-content\/uploads\/2015\/05\/europa-applewatch.jpg\" \/>\n\t\t<script type=\"application\/ld+json\" class=\"aioseo-schema\">\n\t\t\t{\"@context\":\"https:\\\/\\\/schema.org\",\"@graph\":[{\"@type\":\"Article\",\"@id\":\"https:\\\/\\\/eldigitaldeasturias.com\\\/magazine365\\\/la-app-oficial-de-air-europa-se-estrena-en-el-apple-watch\\\/#article\",\"name\":\"La app oficial de Air Europa se estrena en el Apple Watch | El Digital de Asturias\",\"headline\":\"La app oficial de Air Europa se estrena en el Apple Watch\",\"author\":{\"@id\":\"https:\\\/\\\/eldigitaldeasturias.com\\\/magazine365\\\/author\\\/admin\\\/#author\"},\"publisher\":{\"@id\":\"https:\\\/\\\/eldigitaldeasturias.com\\\/magazine365\\\/#organization\"},\"image\":{\"@type\":\"ImageObject\",\"url\":\"https:\\\/\\\/eldigitaldeasturias.com\\\/magazine365\\\/wp-content\\\/uploads\\\/2015\\\/05\\\/europa-applewatch.jpg\",\"width\":727,\"height\":433},\"datePublished\":\"2015-05-10T15:01:46+02:00\",\"dateModified\":\"2015-05-10T15:01:46+02:00\",\"inLanguage\":\"es-ES\",\"mainEntityOfPage\":{\"@id\":\"https:\\\/\\\/eldigitaldeasturias.com\\\/magazine365\\\/la-app-oficial-de-air-europa-se-estrena-en-el-apple-watch\\\/#webpage\"},\"isPartOf\":{\"@id\":\"https:\\\/\\\/eldigitaldeasturias.com\\\/magazine365\\\/la-app-oficial-de-air-europa-se-estrena-en-el-apple-watch\\\/#webpage\"},\"articleSection\":\"Noticias y Actualidad\"},{\"@type\":\"BreadcrumbList\",\"@id\":\"https:\\\/\\\/eldigitaldeasturias.com\\\/magazine365\\\/la-app-oficial-de-air-europa-se-estrena-en-el-apple-watch\\\/#breadcrumblist\",\"itemListElement\":[{\"@type\":\"ListItem\",\"@id\":\"https:\\\/\\\/eldigitaldeasturias.com\\\/magazine365#listItem\",\"position\":1,\"name\":\"Home\",\"item\":\"https:\\\/\\\/eldigitaldeasturias.com\\\/magazine365\",\"nextItem\":{\"@type\":\"ListItem\",\"@id\":\"https:\\\/\\\/eldigitaldeasturias.com\\\/magazine365\\\/category\\\/noticias-actualidad\\\/#listItem\",\"name\":\"Noticias y Actualidad\"}},{\"@type\":\"ListItem\",\"@id\":\"https:\\\/\\\/eldigitaldeasturias.com\\\/magazine365\\\/category\\\/noticias-actualidad\\\/#listItem\",\"position\":2,\"name\":\"Noticias y Actualidad\",\"item\":\"https:\\\/\\\/eldigitaldeasturias.com\\\/magazine365\\\/category\\\/noticias-actualidad\\\/\",\"nextItem\":{\"@type\":\"ListItem\",\"@id\":\"https:\\\/\\\/eldigitaldeasturias.com\\\/magazine365\\\/la-app-oficial-de-air-europa-se-estrena-en-el-apple-watch\\\/#listItem\",\"name\":\"La app oficial de Air Europa se estrena en el Apple Watch\"},\"previousItem\":{\"@type\":\"ListItem\",\"@id\":\"https:\\\/\\\/eldigitaldeasturias.com\\\/magazine365#listItem\",\"name\":\"Home\"}},{\"@type\":\"ListItem\",\"@id\":\"https:\\\/\\\/eldigitaldeasturias.com\\\/magazine365\\\/la-app-oficial-de-air-europa-se-estrena-en-el-apple-watch\\\/#listItem\",\"position\":3,\"name\":\"La app oficial de Air Europa se estrena en el Apple Watch\",\"previousItem\":{\"@type\":\"ListItem\",\"@id\":\"https:\\\/\\\/eldigitaldeasturias.com\\\/magazine365\\\/category\\\/noticias-actualidad\\\/#listItem\",\"name\":\"Noticias y Actualidad\"}}]},{\"@type\":\"Organization\",\"@id\":\"https:\\\/\\\/eldigitaldeasturias.com\\\/magazine365\\\/#organization\",\"name\":\"El digital de Asturias\",\"description\":\"Revista de ocio, turismo y estilo de vida\",\"url\":\"https:\\\/\\\/eldigitaldeasturias.com\\\/magazine365\\\/\",\"logo\":{\"@type\":\"ImageObject\",\"url\":\"https:\\\/\\\/www.eldigitaldeasturias.com\\\/noticias\\\/wp-content\\\/uploads\\\/2020\\\/12\\\/EDA.jpg\",\"@id\":\"https:\\\/\\\/eldigitaldeasturias.com\\\/magazine365\\\/la-app-oficial-de-air-europa-se-estrena-en-el-apple-watch\\\/#organizationLogo\"},\"image\":{\"@id\":\"https:\\\/\\\/eldigitaldeasturias.com\\\/magazine365\\\/la-app-oficial-de-air-europa-se-estrena-en-el-apple-watch\\\/#organizationLogo\"}},{\"@type\":\"Person\",\"@id\":\"https:\\\/\\\/eldigitaldeasturias.com\\\/magazine365\\\/author\\\/admin\\\/#author\",\"url\":\"https:\\\/\\\/eldigitaldeasturias.com\\\/magazine365\\\/author\\\/admin\\\/\",\"name\":\"admin\",\"image\":{\"@type\":\"ImageObject\",\"@id\":\"https:\\\/\\\/eldigitaldeasturias.com\\\/magazine365\\\/la-app-oficial-de-air-europa-se-estrena-en-el-apple-watch\\\/#authorImage\",\"url\":\"https:\\\/\\\/eldigitaldeasturias.com\\\/magazine365\\\/wp-content\\\/litespeed\\\/avatar\\\/e571bcf59a0edd6fa6838245a470f2fe.jpg?ver=1776969259\",\"width\":96,\"height\":96,\"caption\":\"admin\"}},{\"@type\":\"WebPage\",\"@id\":\"https:\\\/\\\/eldigitaldeasturias.com\\\/magazine365\\\/la-app-oficial-de-air-europa-se-estrena-en-el-apple-watch\\\/#webpage\",\"url\":\"https:\\\/\\\/eldigitaldeasturias.com\\\/magazine365\\\/la-app-oficial-de-air-europa-se-estrena-en-el-apple-watch\\\/\",\"name\":\"La app oficial de Air Europa se estrena en el Apple Watch | El Digital de Asturias\",\"description\":\"Si hay una empresa cuyos lanzamientos se convierten en un evento mundial es Apple. En pocos a\\u00f1os han conseguido reinventar las reglas del juego y revolucionar por completo el mundo de los dispositivos m\\u00f3viles, convirti\\u00e9ndose en pioneros en todo aquello que emprenden gracias a un est\\u00e9tico dise\\u00f1o, excelente funcionalidad y una gran calidad en sus\",\"inLanguage\":\"es-ES\",\"isPartOf\":{\"@id\":\"https:\\\/\\\/eldigitaldeasturias.com\\\/magazine365\\\/#website\"},\"breadcrumb\":{\"@id\":\"https:\\\/\\\/eldigitaldeasturias.com\\\/magazine365\\\/la-app-oficial-de-air-europa-se-estrena-en-el-apple-watch\\\/#breadcrumblist\"},\"author\":{\"@id\":\"https:\\\/\\\/eldigitaldeasturias.com\\\/magazine365\\\/author\\\/admin\\\/#author\"},\"creator\":{\"@id\":\"https:\\\/\\\/eldigitaldeasturias.com\\\/magazine365\\\/author\\\/admin\\\/#author\"},\"image\":{\"@type\":\"ImageObject\",\"url\":\"https:\\\/\\\/eldigitaldeasturias.com\\\/magazine365\\\/wp-content\\\/uploads\\\/2015\\\/05\\\/europa-applewatch.jpg\",\"@id\":\"https:\\\/\\\/eldigitaldeasturias.com\\\/magazine365\\\/la-app-oficial-de-air-europa-se-estrena-en-el-apple-watch\\\/#mainImage\",\"width\":727,\"height\":433},\"primaryImageOfPage\":{\"@id\":\"https:\\\/\\\/eldigitaldeasturias.com\\\/magazine365\\\/la-app-oficial-de-air-europa-se-estrena-en-el-apple-watch\\\/#mainImage\"},\"datePublished\":\"2015-05-10T15:01:46+02:00\",\"dateModified\":\"2015-05-10T15:01:46+02:00\"},{\"@type\":\"WebSite\",\"@id\":\"https:\\\/\\\/eldigitaldeasturias.com\\\/magazine365\\\/#website\",\"url\":\"https:\\\/\\\/eldigitaldeasturias.com\\\/magazine365\\\/\",\"name\":\"El Digital de Asturias\",\"description\":\"Revista de ocio, turismo y estilo de vida\",\"inLanguage\":\"es-ES\",\"publisher\":{\"@id\":\"https:\\\/\\\/eldigitaldeasturias.com\\\/magazine365\\\/#organization\"}}]}\n\t\t<\/script>\n\t\t<!-- All in One SEO Pro -->\r\n\t\t<title>La app oficial de Air Europa se estrena en el Apple Watch | El Digital de Asturias<\/title>\n\n","aioseo_head_json":{"title":"La app oficial de Air Europa se estrena en el Apple Watch | El Digital de Asturias","description":"Si hay una empresa cuyos lanzamientos se convierten en un evento mundial es Apple. En pocos a\u00f1os han conseguido reinventar las reglas del juego y revolucionar por completo el mundo de los dispositivos m\u00f3viles, convirti\u00e9ndose en pioneros en todo aquello que emprenden gracias a un est\u00e9tico dise\u00f1o, excelente funcionalidad y una gran calidad en sus","canonical_url":"https:\/\/eldigitaldeasturias.com\/magazine365\/la-app-oficial-de-air-europa-se-estrena-en-el-apple-watch\/","robots":"max-image-preview:large","keywords":"noticias y actualidad","webmasterTools":{"google-site-verification":"UA-38556648-1","miscellaneous":""},"schema":{"@context":"https:\/\/schema.org","@graph":[{"@type":"Article","@id":"https:\/\/eldigitaldeasturias.com\/magazine365\/la-app-oficial-de-air-europa-se-estrena-en-el-apple-watch\/#article","name":"La app oficial de Air Europa se estrena en el Apple Watch | El Digital de Asturias","headline":"La app oficial de Air Europa se estrena en el Apple Watch","author":{"@id":"https:\/\/eldigitaldeasturias.com\/magazine365\/author\/admin\/#author"},"publisher":{"@id":"https:\/\/eldigitaldeasturias.com\/magazine365\/#organization"},"image":{"@type":"ImageObject","url":"https:\/\/eldigitaldeasturias.com\/magazine365\/wp-content\/uploads\/2015\/05\/europa-applewatch.jpg","width":727,"height":433},"datePublished":"2015-05-10T15:01:46+02:00","dateModified":"2015-05-10T15:01:46+02:00","inLanguage":"es-ES","mainEntityOfPage":{"@id":"https:\/\/eldigitaldeasturias.com\/magazine365\/la-app-oficial-de-air-europa-se-estrena-en-el-apple-watch\/#webpage"},"isPartOf":{"@id":"https:\/\/eldigitaldeasturias.com\/magazine365\/la-app-oficial-de-air-europa-se-estrena-en-el-apple-watch\/#webpage"},"articleSection":"Noticias y Actualidad"},{"@type":"BreadcrumbList","@id":"https:\/\/eldigitaldeasturias.com\/magazine365\/la-app-oficial-de-air-europa-se-estrena-en-el-apple-watch\/#breadcrumblist","itemListElement":[{"@type":"ListItem","@id":"https:\/\/eldigitaldeasturias.com\/magazine365#listItem","position":1,"name":"Home","item":"https:\/\/eldigitaldeasturias.com\/magazine365","nextItem":{"@type":"ListItem","@id":"https:\/\/eldigitaldeasturias.com\/magazine365\/category\/noticias-actualidad\/#listItem","name":"Noticias y Actualidad"}},{"@type":"ListItem","@id":"https:\/\/eldigitaldeasturias.com\/magazine365\/category\/noticias-actualidad\/#listItem","position":2,"name":"Noticias y Actualidad","item":"https:\/\/eldigitaldeasturias.com\/magazine365\/category\/noticias-actualidad\/","nextItem":{"@type":"ListItem","@id":"https:\/\/eldigitaldeasturias.com\/magazine365\/la-app-oficial-de-air-europa-se-estrena-en-el-apple-watch\/#listItem","name":"La app oficial de Air Europa se estrena en el Apple Watch"},"previousItem":{"@type":"ListItem","@id":"https:\/\/eldigitaldeasturias.com\/magazine365#listItem","name":"Home"}},{"@type":"ListItem","@id":"https:\/\/eldigitaldeasturias.com\/magazine365\/la-app-oficial-de-air-europa-se-estrena-en-el-apple-watch\/#listItem","position":3,"name":"La app oficial de Air Europa se estrena en el Apple Watch","previousItem":{"@type":"ListItem","@id":"https:\/\/eldigitaldeasturias.com\/magazine365\/category\/noticias-actualidad\/#listItem","name":"Noticias y Actualidad"}}]},{"@type":"Organization","@id":"https:\/\/eldigitaldeasturias.com\/magazine365\/#organization","name":"El digital de Asturias","description":"Revista de ocio, turismo y estilo de vida","url":"https:\/\/eldigitaldeasturias.com\/magazine365\/","logo":{"@type":"ImageObject","url":"https:\/\/www.eldigitaldeasturias.com\/noticias\/wp-content\/uploads\/2020\/12\/EDA.jpg","@id":"https:\/\/eldigitaldeasturias.com\/magazine365\/la-app-oficial-de-air-europa-se-estrena-en-el-apple-watch\/#organizationLogo"},"image":{"@id":"https:\/\/eldigitaldeasturias.com\/magazine365\/la-app-oficial-de-air-europa-se-estrena-en-el-apple-watch\/#organizationLogo"}},{"@type":"Person","@id":"https:\/\/eldigitaldeasturias.com\/magazine365\/author\/admin\/#author","url":"https:\/\/eldigitaldeasturias.com\/magazine365\/author\/admin\/","name":"admin","image":{"@type":"ImageObject","@id":"https:\/\/eldigitaldeasturias.com\/magazine365\/la-app-oficial-de-air-europa-se-estrena-en-el-apple-watch\/#authorImage","url":"https:\/\/eldigitaldeasturias.com\/magazine365\/wp-content\/litespeed\/avatar\/e571bcf59a0edd6fa6838245a470f2fe.jpg?ver=1776969259","width":96,"height":96,"caption":"admin"}},{"@type":"WebPage","@id":"https:\/\/eldigitaldeasturias.com\/magazine365\/la-app-oficial-de-air-europa-se-estrena-en-el-apple-watch\/#webpage","url":"https:\/\/eldigitaldeasturias.com\/magazine365\/la-app-oficial-de-air-europa-se-estrena-en-el-apple-watch\/","name":"La app oficial de Air Europa se estrena en el Apple Watch | El Digital de Asturias","description":"Si hay una empresa cuyos lanzamientos se convierten en un evento mundial es Apple. En pocos a\u00f1os han conseguido reinventar las reglas del juego y revolucionar por completo el mundo de los dispositivos m\u00f3viles, convirti\u00e9ndose en pioneros en todo aquello que emprenden gracias a un est\u00e9tico dise\u00f1o, excelente funcionalidad y una gran calidad en sus","inLanguage":"es-ES","isPartOf":{"@id":"https:\/\/eldigitaldeasturias.com\/magazine365\/#website"},"breadcrumb":{"@id":"https:\/\/eldigitaldeasturias.com\/magazine365\/la-app-oficial-de-air-europa-se-estrena-en-el-apple-watch\/#breadcrumblist"},"author":{"@id":"https:\/\/eldigitaldeasturias.com\/magazine365\/author\/admin\/#author"},"creator":{"@id":"https:\/\/eldigitaldeasturias.com\/magazine365\/author\/admin\/#author"},"image":{"@type":"ImageObject","url":"https:\/\/eldigitaldeasturias.com\/magazine365\/wp-content\/uploads\/2015\/05\/europa-applewatch.jpg","@id":"https:\/\/eldigitaldeasturias.com\/magazine365\/la-app-oficial-de-air-europa-se-estrena-en-el-apple-watch\/#mainImage","width":727,"height":433},"primaryImageOfPage":{"@id":"https:\/\/eldigitaldeasturias.com\/magazine365\/la-app-oficial-de-air-europa-se-estrena-en-el-apple-watch\/#mainImage"},"datePublished":"2015-05-10T15:01:46+02:00","dateModified":"2015-05-10T15:01:46+02:00"},{"@type":"WebSite","@id":"https:\/\/eldigitaldeasturias.com\/magazine365\/#website","url":"https:\/\/eldigitaldeasturias.com\/magazine365\/","name":"El Digital de Asturias","description":"Revista de ocio, turismo y estilo de vida","inLanguage":"es-ES","publisher":{"@id":"https:\/\/eldigitaldeasturias.com\/magazine365\/#organization"}}]},"og:locale":"es_ES","og:site_name":"El Digital de Asturias \u2013 Revista de ocio, turismo y estilo de vida","og:type":"article","og:title":"La app oficial de Air Europa se estrena en el Apple Watch | El Digital de Asturias","og:description":"Si hay una empresa cuyos lanzamientos se convierten en un evento mundial es Apple. En pocos a\u00f1os han conseguido reinventar las reglas del juego y revolucionar por completo el mundo de los dispositivos m\u00f3viles, convirti\u00e9ndose en pioneros en todo aquello que emprenden gracias a un est\u00e9tico dise\u00f1o, excelente funcionalidad y una gran calidad en sus","og:url":"https:\/\/eldigitaldeasturias.com\/magazine365\/la-app-oficial-de-air-europa-se-estrena-en-el-apple-watch\/","og:image":"https:\/\/eldigitaldeasturias.com\/magazine365\/wp-content\/uploads\/2015\/05\/europa-applewatch.jpg","og:image:secure_url":"https:\/\/eldigitaldeasturias.com\/magazine365\/wp-content\/uploads\/2015\/05\/europa-applewatch.jpg","og:image:width":727,"og:image:height":433,"article:published_time":"2015-05-10T13:31:46+00:00","article:modified_time":"2015-05-10T13:31:46+00:00","twitter:card":"summary_large_image","twitter:title":"La app oficial de Air Europa se estrena en el Apple Watch | El Digital de Asturias","twitter:description":"Si hay una empresa cuyos lanzamientos se convierten en un evento mundial es Apple. En pocos a\u00f1os han conseguido reinventar las reglas del juego y revolucionar por completo el mundo de los dispositivos m\u00f3viles, convirti\u00e9ndose en pioneros en todo aquello que emprenden gracias a un est\u00e9tico dise\u00f1o, excelente funcionalidad y una gran calidad en sus","twitter:image":"https:\/\/eldigitaldeasturias.com\/magazine365\/wp-content\/uploads\/2015\/05\/europa-applewatch.jpg"},"aioseo_meta_data":{"post_id":"38232","title":null,"description":null,"keywords":null,"keyphrases":null,"primary_term":null,"canonical_url":null,"og_title":null,"og_description":null,"og_object_type":"default","og_image_type":"default","og_image_url":null,"og_image_width":null,"og_image_height":null,"og_image_custom_url":null,"og_image_custom_fields":null,"og_video":null,"og_custom_url":null,"og_article_section":null,"og_article_tags":null,"twitter_use_og":false,"twitter_card":"default","twitter_image_type":"default","twitter_image_url":null,"twitter_image_custom_url":null,"twitter_image_custom_fields":null,"twitter_title":null,"twitter_description":null,"schema":{"blockGraphs":[],"customGraphs":[],"default":{"data":{"Article":[],"Course":[],"Dataset":[],"FAQPage":[],"Movie":[],"Person":[],"Product":[],"ProductReview":[],"Car":[],"Recipe":[],"Service":[],"SoftwareApplication":[],"WebPage":[]},"graphName":"","isEnabled":true},"graphs":[],"defaultGraph":"","defaultPostTypeGraph":""},"schema_type":null,"schema_type_options":null,"pillar_content":false,"robots_default":true,"robots_noindex":false,"robots_noarchive":false,"robots_nosnippet":false,"robots_nofollow":false,"robots_noimageindex":false,"robots_noodp":false,"robots_notranslate":false,"robots_max_snippet":null,"robots_max_videopreview":null,"robots_max_imagepreview":"large","priority":null,"frequency":null,"location":null,"local_seo":null,"seo_analyzer_scan_date":"2025-09-19 09:07:34","breadcrumb_settings":null,"limit_modified_date":false,"open_ai":null,"ai":null,"created":"2021-03-09 02:55:57","updated":"2025-09-19 09:07:34"},"aioseo_breadcrumb":"<div class=\"aioseo-breadcrumbs\"><span class=\"aioseo-breadcrumb\">\n\t<a href=\"https:\/\/eldigitaldeasturias.com\/magazine365\" title=\"Home\">Home<\/a>\n<\/span><span class=\"aioseo-breadcrumb-separator\">\u2013<\/span><span class=\"aioseo-breadcrumb\">\n\t<a href=\"https:\/\/eldigitaldeasturias.com\/magazine365\/category\/noticias-actualidad\/\" title=\"Noticias y Actualidad\">Noticias y Actualidad<\/a>\n<\/span><span class=\"aioseo-breadcrumb-separator\">\u2013<\/span><span class=\"aioseo-breadcrumb\">\n\t<a href=\"https:\/\/eldigitaldeasturias.com\/magazine365\/la-app-oficial-de-air-europa-se-estrena-en-el-apple-watch\/\" title=\"La app oficial de Air Europa se estrena en el Apple Watch\">La app oficial de Air Europa se estrena en el Apple Watch<\/a>\n<\/span><\/div>","aioseo_breadcrumb_json":[{"label":"Home","link":"https:\/\/eldigitaldeasturias.com\/magazine365"},{"label":"Noticias y Actualidad","link":"https:\/\/eldigitaldeasturias.com\/magazine365\/category\/noticias-actualidad\/"},{"label":"La app oficial de Air Europa se estrena en el Apple Watch","link":"https:\/\/eldigitaldeasturias.com\/magazine365\/la-app-oficial-de-air-europa-se-estrena-en-el-apple-watch\/"}],"_links":{"self":[{"href":"https:\/\/eldigitaldeasturias.com\/magazine365\/wp-json\/wp\/v2\/posts\/38232","targetHints":{"allow":["GET"]}}],"collection":[{"href":"https:\/\/eldigitaldeasturias.com\/magazine365\/wp-json\/wp\/v2\/posts"}],"about":[{"href":"https:\/\/eldigitaldeasturias.com\/magazine365\/wp-json\/wp\/v2\/types\/post"}],"author":[{"embeddable":true,"href":"https:\/\/eldigitaldeasturias.com\/magazine365\/wp-json\/wp\/v2\/users\/1"}],"replies":[{"embeddable":true,"href":"https:\/\/eldigitaldeasturias.com\/magazine365\/wp-json\/wp\/v2\/comments?post=38232"}],"version-history":[{"count":0,"href":"https:\/\/eldigitaldeasturias.com\/magazine365\/wp-json\/wp\/v2\/posts\/38232\/revisions"}],"wp:featuredmedia":[{"embeddable":true,"href":"https:\/\/eldigitaldeasturias.com\/magazine365\/wp-json\/wp\/v2\/media\/38233"}],"wp:attachment":[{"href":"https:\/\/eldigitaldeasturias.com\/magazine365\/wp-json\/wp\/v2\/media?parent=38232"}],"wp:term":[{"taxonomy":"category","embeddable":true,"href":"https:\/\/eldigitaldeasturias.com\/magazine365\/wp-json\/wp\/v2\/categories?post=38232"},{"taxonomy":"post_tag","embeddable":true,"href":"https:\/\/eldigitaldeasturias.com\/magazine365\/wp-json\/wp\/v2\/tags?post=38232"}],"curies":[{"name":"wp","href":"https:\/\/api.w.org\/{rel}","templated":true}]}}