{"id":38222,"date":"2015-05-08T08:52:57","date_gmt":"2015-05-08T07:22:57","guid":{"rendered":"http:\/\/eldigitaldeasturias.com\/magazine365\/?p=38222"},"modified":"2015-05-08T08:52:57","modified_gmt":"2015-05-08T07:22:57","slug":"los-antepasados-de-los-pajaros-vivieron-hace-130-millones-de-anos","status":"publish","type":"post","link":"https:\/\/eldigitaldeasturias.com\/magazine365\/los-antepasados-de-los-pajaros-vivieron-hace-130-millones-de-anos\/","title":{"rendered":"Los antepasados de los p\u00e1jaros vivieron hace 130 millones de a\u00f1os"},"content":{"rendered":"<p><img fetchpriority=\"high\" decoding=\"async\" class=\"alignleft size-medium wp-image-38223\" src=\"https:\/\/eldigitaldeasturias.com\/magazine365\/wp-content\/uploads\/2015\/05\/Los-antepasados-de-los-pajaros-vivieron-hace-130-millones-de-anos_image_380-360x219.jpg\" alt=\"Los-antepasados-de-los-pajaros-vivieron-hace-130-millones-de-anos_image_380\" width=\"360\" height=\"219\" srcset=\"https:\/\/eldigitaldeasturias.com\/magazine365\/wp-content\/uploads\/2015\/05\/Los-antepasados-de-los-pajaros-vivieron-hace-130-millones-de-anos_image_380-360x219.jpg 360w, https:\/\/eldigitaldeasturias.com\/magazine365\/wp-content\/uploads\/2015\/05\/Los-antepasados-de-los-pajaros-vivieron-hace-130-millones-de-anos_image_380-150x91.jpg 150w, https:\/\/eldigitaldeasturias.com\/magazine365\/wp-content\/uploads\/2015\/05\/Los-antepasados-de-los-pajaros-vivieron-hace-130-millones-de-anos_image_380-450x274.jpg 450w, https:\/\/eldigitaldeasturias.com\/magazine365\/wp-content\/uploads\/2015\/05\/Los-antepasados-de-los-pajaros-vivieron-hace-130-millones-de-anos_image_380.jpg 625w\" sizes=\"(max-width: 360px) 100vw, 360px\" \/>SINC &#8211; Investigadores chinos y australianos han descubierto dos f\u00f3siles de una nueva especie, Archaeornithura memmanae, del Cret\u00e1cico inferior \u2013hace 130,7 millones de a\u00f1os\u2013. Se trata de los restos m\u00e1s antiguos de la familia de Ornithuromorphas, los antepasados de los p\u00e1jaros actuales. Estos ejemplares conservan sus plumas casi de forma completa.<\/p>\n<p>Un equipo multidisciplinar de paleont\u00f3logos y bi\u00f3logos de China y Australia han hallado dos f\u00f3siles de una nueva especie de aves del Cret\u00e1cico, a la que han bautizado como Archaeornithura meemannae. Se trata de los espec\u00edmenes m\u00e1s antiguos de Ornithuromorpha, el grupo del que descienden las aves actuales.<\/p>\n<p>\u201cEste nuevo descubrimiento extiende el per\u00edodo de vida de Ornithuromorphas entre cinco y seis millones de a\u00f1os, lo que hace retroceder hasta el Cret\u00e1cico inferior la \u00e9poca en la que se produjo la divergencia de los primeros linajes de aves\u201c, destacan los investigadores.<\/p>\n<blockquote><p>La longitud de las patas y la ausencia de plumas en el tibiotarso indica que estas les serv\u00edan como zancos para poder vivir en el agua<\/p><\/blockquote>\n<p>Seg\u00fan la descripci\u00f3n del estudio, publicado en la revista Nature Communications, estos animales ten\u00edan un plumaje que les cubr\u00eda casi todo el cuerpo y pose\u00edan una anatom\u00eda que les permit\u00edan maniobrar durante el vuelo.<\/p>\n<p>La longitud de las patas y la ausencia de plumas en el tibiotarso \u2013hueso entre el f\u00e9mur y el tarsometatarso en la pata de un ave\u2013 indica que estas les serv\u00edan como zancos para poder vivir en el agua, lo que concuerda con las caracter\u00edsticas de otros f\u00f3siles similares.<\/p>\n<p>La descripci\u00f3n de estos rasgos permite clasificar a la nueva especie dentro de la familia de las Hongshanornithidae, formada por peque\u00f1as aves acu\u00e1ticas vadeadoras de patas largas, en proporci\u00f3n al tama\u00f1o de las alas.<\/p>\n<p><em>Un salto en el tiempo de cinco millones de a\u00f1os<\/em><\/p>\n<p>Los restos fueron extra\u00eddos del segundo dep\u00f3sito de f\u00f3siles de ave m\u00e1s antiguo del mundo, localizado en la cuenca de Sichakou, al noreste de China.<\/p>\n<p>El an\u00e1lisis estratigr\u00e1fico y radiom\u00e9trico de los estratos geol\u00f3gicos fue lo que permiti\u00f3 datar a esta especie hace 130,7 millones de a\u00f1os, en el Cret\u00e1cico inferior. Los anteriores f\u00f3siles de esta rama evolutiva eran de hace 125 millones de a\u00f1os.<\/p>\n<p>Aunque en los \u00faltimos a\u00f1os \u201cse han producido importantes avances\u201d, los f\u00f3siles del Mesozoico (\u00e9poca fechada hace 252 y 66 millones de a\u00f1os) son muy extra\u00f1os y se sabe muy poco sobre la historia evolutiva de los antepasados de los p\u00e1jaros actuales.<\/p>\n<p>Se estima que Ornithuromorphas representaba la mitad de las especies de aves de este per\u00edodo. El otro clado m\u00e1s abundante, el de los Enantiornithes, desapareci\u00f3 durante la extinci\u00f3n del Cret\u00e1cico-Terciario, hace 66 millones de a\u00f1os.<\/p>\n","protected":false},"excerpt":{"rendered":"<p>SINC &#8211; Investigadores chinos y australianos han descubierto dos f\u00f3siles de una nueva especie, Archaeornithura memmanae, del Cret\u00e1cico inferior \u2013hace 130,7 millones de a\u00f1os\u2013. Se trata de los restos m\u00e1s antiguos de la familia de Ornithuromorphas, los antepasados de los p\u00e1jaros actuales. Estos ejemplares conservan sus plumas casi de forma completa. Un equipo multidisciplinar de<\/p>\n","protected":false},"author":1,"featured_media":38223,"comment_status":"open","ping_status":"closed","sticky":false,"template":"","format":"standard","meta":{"footnotes":""},"categories":[224],"tags":[],"class_list":{"0":"post-38222","1":"post","2":"type-post","3":"status-publish","4":"format-standard","5":"has-post-thumbnail","7":"category-noticias-actualidad"},"aioseo_notices":[],"aioseo_head":"\n\t\t<!-- All in One SEO Pro 4.9.6.1 - aioseo.com -->\n\t<meta name=\"description\" content=\"SINC - Investigadores chinos y australianos han descubierto dos f\u00f3siles de una nueva especie, Archaeornithura memmanae, del Cret\u00e1cico inferior \u2013hace 130,7 millones de a\u00f1os\u2013. Se trata de los restos m\u00e1s antiguos de la familia de Ornithuromorphas, los antepasados de los p\u00e1jaros actuales. Estos ejemplares conservan sus plumas casi de forma completa. Un equipo multidisciplinar de\" \/>\n\t<meta name=\"robots\" content=\"max-image-preview:large\" \/>\n\t<meta name=\"author\" content=\"admin\"\/>\n\t<meta name=\"google-site-verification\" content=\"UA-38556648-1\" \/>\n\t<meta name=\"keywords\" content=\"noticias y actualidad\" \/>\n\t<link rel=\"canonical\" href=\"https:\/\/eldigitaldeasturias.com\/magazine365\/los-antepasados-de-los-pajaros-vivieron-hace-130-millones-de-anos\/\" \/>\n\t<meta name=\"generator\" content=\"All in One SEO Pro (AIOSEO) 4.9.6.1\" \/>\n\t\t<meta property=\"og:locale\" content=\"es_ES\" \/>\n\t\t<meta property=\"og:site_name\" content=\"El Digital de Asturias \u2013 Revista de ocio, turismo y estilo de vida\" \/>\n\t\t<meta property=\"og:type\" content=\"article\" \/>\n\t\t<meta property=\"og:title\" content=\"Los antepasados de los p\u00e1jaros vivieron hace 130 millones de a\u00f1os | El Digital de Asturias\" \/>\n\t\t<meta property=\"og:description\" content=\"SINC - Investigadores chinos y australianos han descubierto dos f\u00f3siles de una nueva especie, Archaeornithura memmanae, del Cret\u00e1cico inferior \u2013hace 130,7 millones de a\u00f1os\u2013. Se trata de los restos m\u00e1s antiguos de la familia de Ornithuromorphas, los antepasados de los p\u00e1jaros actuales. Estos ejemplares conservan sus plumas casi de forma completa. Un equipo multidisciplinar de\" \/>\n\t\t<meta property=\"og:url\" content=\"https:\/\/eldigitaldeasturias.com\/magazine365\/los-antepasados-de-los-pajaros-vivieron-hace-130-millones-de-anos\/\" \/>\n\t\t<meta property=\"og:image\" content=\"https:\/\/eldigitaldeasturias.com\/magazine365\/wp-content\/uploads\/2015\/05\/Los-antepasados-de-los-pajaros-vivieron-hace-130-millones-de-anos_image_380.jpg\" \/>\n\t\t<meta property=\"og:image:secure_url\" content=\"https:\/\/eldigitaldeasturias.com\/magazine365\/wp-content\/uploads\/2015\/05\/Los-antepasados-de-los-pajaros-vivieron-hace-130-millones-de-anos_image_380.jpg\" \/>\n\t\t<meta property=\"og:image:width\" content=\"625\" \/>\n\t\t<meta property=\"og:image:height\" content=\"380\" \/>\n\t\t<meta property=\"article:published_time\" content=\"2015-05-08T07:22:57+00:00\" \/>\n\t\t<meta property=\"article:modified_time\" content=\"2015-05-08T07:22:57+00:00\" \/>\n\t\t<meta name=\"twitter:card\" content=\"summary_large_image\" \/>\n\t\t<meta name=\"twitter:title\" content=\"Los antepasados de los p\u00e1jaros vivieron hace 130 millones de a\u00f1os | El Digital de Asturias\" \/>\n\t\t<meta name=\"twitter:description\" content=\"SINC - Investigadores chinos y australianos han descubierto dos f\u00f3siles de una nueva especie, Archaeornithura memmanae, del Cret\u00e1cico inferior \u2013hace 130,7 millones de a\u00f1os\u2013. Se trata de los restos m\u00e1s antiguos de la familia de Ornithuromorphas, los antepasados de los p\u00e1jaros actuales. Estos ejemplares conservan sus plumas casi de forma completa. Un equipo multidisciplinar de\" \/>\n\t\t<meta name=\"twitter:image\" content=\"https:\/\/eldigitaldeasturias.com\/magazine365\/wp-content\/uploads\/2015\/05\/Los-antepasados-de-los-pajaros-vivieron-hace-130-millones-de-anos_image_380.jpg\" \/>\n\t\t<script type=\"application\/ld+json\" class=\"aioseo-schema\">\n\t\t\t{\"@context\":\"https:\\\/\\\/schema.org\",\"@graph\":[{\"@type\":\"Article\",\"@id\":\"https:\\\/\\\/eldigitaldeasturias.com\\\/magazine365\\\/los-antepasados-de-los-pajaros-vivieron-hace-130-millones-de-anos\\\/#article\",\"name\":\"Los antepasados de los p\\u00e1jaros vivieron hace 130 millones de a\\u00f1os | El Digital de Asturias\",\"headline\":\"Los antepasados de los p\\u00e1jaros vivieron hace 130 millones de a\\u00f1os\",\"author\":{\"@id\":\"https:\\\/\\\/eldigitaldeasturias.com\\\/magazine365\\\/author\\\/admin\\\/#author\"},\"publisher\":{\"@id\":\"https:\\\/\\\/eldigitaldeasturias.com\\\/magazine365\\\/#organization\"},\"image\":{\"@type\":\"ImageObject\",\"url\":\"https:\\\/\\\/eldigitaldeasturias.com\\\/magazine365\\\/wp-content\\\/uploads\\\/2015\\\/05\\\/Los-antepasados-de-los-pajaros-vivieron-hace-130-millones-de-anos_image_380.jpg\",\"width\":625,\"height\":380},\"datePublished\":\"2015-05-08T08:52:57+02:00\",\"dateModified\":\"2015-05-08T08:52:57+02:00\",\"inLanguage\":\"es-ES\",\"mainEntityOfPage\":{\"@id\":\"https:\\\/\\\/eldigitaldeasturias.com\\\/magazine365\\\/los-antepasados-de-los-pajaros-vivieron-hace-130-millones-de-anos\\\/#webpage\"},\"isPartOf\":{\"@id\":\"https:\\\/\\\/eldigitaldeasturias.com\\\/magazine365\\\/los-antepasados-de-los-pajaros-vivieron-hace-130-millones-de-anos\\\/#webpage\"},\"articleSection\":\"Noticias y Actualidad\"},{\"@type\":\"BreadcrumbList\",\"@id\":\"https:\\\/\\\/eldigitaldeasturias.com\\\/magazine365\\\/los-antepasados-de-los-pajaros-vivieron-hace-130-millones-de-anos\\\/#breadcrumblist\",\"itemListElement\":[{\"@type\":\"ListItem\",\"@id\":\"https:\\\/\\\/eldigitaldeasturias.com\\\/magazine365#listItem\",\"position\":1,\"name\":\"Home\",\"item\":\"https:\\\/\\\/eldigitaldeasturias.com\\\/magazine365\",\"nextItem\":{\"@type\":\"ListItem\",\"@id\":\"https:\\\/\\\/eldigitaldeasturias.com\\\/magazine365\\\/category\\\/noticias-actualidad\\\/#listItem\",\"name\":\"Noticias y Actualidad\"}},{\"@type\":\"ListItem\",\"@id\":\"https:\\\/\\\/eldigitaldeasturias.com\\\/magazine365\\\/category\\\/noticias-actualidad\\\/#listItem\",\"position\":2,\"name\":\"Noticias y Actualidad\",\"item\":\"https:\\\/\\\/eldigitaldeasturias.com\\\/magazine365\\\/category\\\/noticias-actualidad\\\/\",\"nextItem\":{\"@type\":\"ListItem\",\"@id\":\"https:\\\/\\\/eldigitaldeasturias.com\\\/magazine365\\\/los-antepasados-de-los-pajaros-vivieron-hace-130-millones-de-anos\\\/#listItem\",\"name\":\"Los antepasados de los p\\u00e1jaros vivieron hace 130 millones de a\\u00f1os\"},\"previousItem\":{\"@type\":\"ListItem\",\"@id\":\"https:\\\/\\\/eldigitaldeasturias.com\\\/magazine365#listItem\",\"name\":\"Home\"}},{\"@type\":\"ListItem\",\"@id\":\"https:\\\/\\\/eldigitaldeasturias.com\\\/magazine365\\\/los-antepasados-de-los-pajaros-vivieron-hace-130-millones-de-anos\\\/#listItem\",\"position\":3,\"name\":\"Los antepasados de los p\\u00e1jaros vivieron hace 130 millones de a\\u00f1os\",\"previousItem\":{\"@type\":\"ListItem\",\"@id\":\"https:\\\/\\\/eldigitaldeasturias.com\\\/magazine365\\\/category\\\/noticias-actualidad\\\/#listItem\",\"name\":\"Noticias y Actualidad\"}}]},{\"@type\":\"Organization\",\"@id\":\"https:\\\/\\\/eldigitaldeasturias.com\\\/magazine365\\\/#organization\",\"name\":\"El digital de Asturias\",\"description\":\"Revista de ocio, turismo y estilo de vida\",\"url\":\"https:\\\/\\\/eldigitaldeasturias.com\\\/magazine365\\\/\",\"logo\":{\"@type\":\"ImageObject\",\"url\":\"https:\\\/\\\/www.eldigitaldeasturias.com\\\/noticias\\\/wp-content\\\/uploads\\\/2020\\\/12\\\/EDA.jpg\",\"@id\":\"https:\\\/\\\/eldigitaldeasturias.com\\\/magazine365\\\/los-antepasados-de-los-pajaros-vivieron-hace-130-millones-de-anos\\\/#organizationLogo\"},\"image\":{\"@id\":\"https:\\\/\\\/eldigitaldeasturias.com\\\/magazine365\\\/los-antepasados-de-los-pajaros-vivieron-hace-130-millones-de-anos\\\/#organizationLogo\"}},{\"@type\":\"Person\",\"@id\":\"https:\\\/\\\/eldigitaldeasturias.com\\\/magazine365\\\/author\\\/admin\\\/#author\",\"url\":\"https:\\\/\\\/eldigitaldeasturias.com\\\/magazine365\\\/author\\\/admin\\\/\",\"name\":\"admin\",\"image\":{\"@type\":\"ImageObject\",\"@id\":\"https:\\\/\\\/eldigitaldeasturias.com\\\/magazine365\\\/los-antepasados-de-los-pajaros-vivieron-hace-130-millones-de-anos\\\/#authorImage\",\"url\":\"https:\\\/\\\/eldigitaldeasturias.com\\\/magazine365\\\/wp-content\\\/litespeed\\\/avatar\\\/e571bcf59a0edd6fa6838245a470f2fe.jpg?ver=1776969259\",\"width\":96,\"height\":96,\"caption\":\"admin\"}},{\"@type\":\"WebPage\",\"@id\":\"https:\\\/\\\/eldigitaldeasturias.com\\\/magazine365\\\/los-antepasados-de-los-pajaros-vivieron-hace-130-millones-de-anos\\\/#webpage\",\"url\":\"https:\\\/\\\/eldigitaldeasturias.com\\\/magazine365\\\/los-antepasados-de-los-pajaros-vivieron-hace-130-millones-de-anos\\\/\",\"name\":\"Los antepasados de los p\\u00e1jaros vivieron hace 130 millones de a\\u00f1os | El Digital de Asturias\",\"description\":\"SINC - Investigadores chinos y australianos han descubierto dos f\\u00f3siles de una nueva especie, Archaeornithura memmanae, del Cret\\u00e1cico inferior \\u2013hace 130,7 millones de a\\u00f1os\\u2013. Se trata de los restos m\\u00e1s antiguos de la familia de Ornithuromorphas, los antepasados de los p\\u00e1jaros actuales. Estos ejemplares conservan sus plumas casi de forma completa. Un equipo multidisciplinar de\",\"inLanguage\":\"es-ES\",\"isPartOf\":{\"@id\":\"https:\\\/\\\/eldigitaldeasturias.com\\\/magazine365\\\/#website\"},\"breadcrumb\":{\"@id\":\"https:\\\/\\\/eldigitaldeasturias.com\\\/magazine365\\\/los-antepasados-de-los-pajaros-vivieron-hace-130-millones-de-anos\\\/#breadcrumblist\"},\"author\":{\"@id\":\"https:\\\/\\\/eldigitaldeasturias.com\\\/magazine365\\\/author\\\/admin\\\/#author\"},\"creator\":{\"@id\":\"https:\\\/\\\/eldigitaldeasturias.com\\\/magazine365\\\/author\\\/admin\\\/#author\"},\"image\":{\"@type\":\"ImageObject\",\"url\":\"https:\\\/\\\/eldigitaldeasturias.com\\\/magazine365\\\/wp-content\\\/uploads\\\/2015\\\/05\\\/Los-antepasados-de-los-pajaros-vivieron-hace-130-millones-de-anos_image_380.jpg\",\"@id\":\"https:\\\/\\\/eldigitaldeasturias.com\\\/magazine365\\\/los-antepasados-de-los-pajaros-vivieron-hace-130-millones-de-anos\\\/#mainImage\",\"width\":625,\"height\":380},\"primaryImageOfPage\":{\"@id\":\"https:\\\/\\\/eldigitaldeasturias.com\\\/magazine365\\\/los-antepasados-de-los-pajaros-vivieron-hace-130-millones-de-anos\\\/#mainImage\"},\"datePublished\":\"2015-05-08T08:52:57+02:00\",\"dateModified\":\"2015-05-08T08:52:57+02:00\"},{\"@type\":\"WebSite\",\"@id\":\"https:\\\/\\\/eldigitaldeasturias.com\\\/magazine365\\\/#website\",\"url\":\"https:\\\/\\\/eldigitaldeasturias.com\\\/magazine365\\\/\",\"name\":\"El Digital de Asturias\",\"description\":\"Revista de ocio, turismo y estilo de vida\",\"inLanguage\":\"es-ES\",\"publisher\":{\"@id\":\"https:\\\/\\\/eldigitaldeasturias.com\\\/magazine365\\\/#organization\"}}]}\n\t\t<\/script>\n\t\t<!-- All in One SEO Pro -->\r\n\t\t<title>Los antepasados de los p\u00e1jaros vivieron hace 130 millones de a\u00f1os | El Digital de Asturias<\/title>\n\n","aioseo_head_json":{"title":"Los antepasados de los p\u00e1jaros vivieron hace 130 millones de a\u00f1os | El Digital de Asturias","description":"SINC - Investigadores chinos y australianos han descubierto dos f\u00f3siles de una nueva especie, Archaeornithura memmanae, del Cret\u00e1cico inferior \u2013hace 130,7 millones de a\u00f1os\u2013. Se trata de los restos m\u00e1s antiguos de la familia de Ornithuromorphas, los antepasados de los p\u00e1jaros actuales. Estos ejemplares conservan sus plumas casi de forma completa. Un equipo multidisciplinar de","canonical_url":"https:\/\/eldigitaldeasturias.com\/magazine365\/los-antepasados-de-los-pajaros-vivieron-hace-130-millones-de-anos\/","robots":"max-image-preview:large","keywords":"noticias y actualidad","webmasterTools":{"google-site-verification":"UA-38556648-1","miscellaneous":""},"schema":{"@context":"https:\/\/schema.org","@graph":[{"@type":"Article","@id":"https:\/\/eldigitaldeasturias.com\/magazine365\/los-antepasados-de-los-pajaros-vivieron-hace-130-millones-de-anos\/#article","name":"Los antepasados de los p\u00e1jaros vivieron hace 130 millones de a\u00f1os | El Digital de Asturias","headline":"Los antepasados de los p\u00e1jaros vivieron hace 130 millones de a\u00f1os","author":{"@id":"https:\/\/eldigitaldeasturias.com\/magazine365\/author\/admin\/#author"},"publisher":{"@id":"https:\/\/eldigitaldeasturias.com\/magazine365\/#organization"},"image":{"@type":"ImageObject","url":"https:\/\/eldigitaldeasturias.com\/magazine365\/wp-content\/uploads\/2015\/05\/Los-antepasados-de-los-pajaros-vivieron-hace-130-millones-de-anos_image_380.jpg","width":625,"height":380},"datePublished":"2015-05-08T08:52:57+02:00","dateModified":"2015-05-08T08:52:57+02:00","inLanguage":"es-ES","mainEntityOfPage":{"@id":"https:\/\/eldigitaldeasturias.com\/magazine365\/los-antepasados-de-los-pajaros-vivieron-hace-130-millones-de-anos\/#webpage"},"isPartOf":{"@id":"https:\/\/eldigitaldeasturias.com\/magazine365\/los-antepasados-de-los-pajaros-vivieron-hace-130-millones-de-anos\/#webpage"},"articleSection":"Noticias y Actualidad"},{"@type":"BreadcrumbList","@id":"https:\/\/eldigitaldeasturias.com\/magazine365\/los-antepasados-de-los-pajaros-vivieron-hace-130-millones-de-anos\/#breadcrumblist","itemListElement":[{"@type":"ListItem","@id":"https:\/\/eldigitaldeasturias.com\/magazine365#listItem","position":1,"name":"Home","item":"https:\/\/eldigitaldeasturias.com\/magazine365","nextItem":{"@type":"ListItem","@id":"https:\/\/eldigitaldeasturias.com\/magazine365\/category\/noticias-actualidad\/#listItem","name":"Noticias y Actualidad"}},{"@type":"ListItem","@id":"https:\/\/eldigitaldeasturias.com\/magazine365\/category\/noticias-actualidad\/#listItem","position":2,"name":"Noticias y Actualidad","item":"https:\/\/eldigitaldeasturias.com\/magazine365\/category\/noticias-actualidad\/","nextItem":{"@type":"ListItem","@id":"https:\/\/eldigitaldeasturias.com\/magazine365\/los-antepasados-de-los-pajaros-vivieron-hace-130-millones-de-anos\/#listItem","name":"Los antepasados de los p\u00e1jaros vivieron hace 130 millones de a\u00f1os"},"previousItem":{"@type":"ListItem","@id":"https:\/\/eldigitaldeasturias.com\/magazine365#listItem","name":"Home"}},{"@type":"ListItem","@id":"https:\/\/eldigitaldeasturias.com\/magazine365\/los-antepasados-de-los-pajaros-vivieron-hace-130-millones-de-anos\/#listItem","position":3,"name":"Los antepasados de los p\u00e1jaros vivieron hace 130 millones de a\u00f1os","previousItem":{"@type":"ListItem","@id":"https:\/\/eldigitaldeasturias.com\/magazine365\/category\/noticias-actualidad\/#listItem","name":"Noticias y Actualidad"}}]},{"@type":"Organization","@id":"https:\/\/eldigitaldeasturias.com\/magazine365\/#organization","name":"El digital de Asturias","description":"Revista de ocio, turismo y estilo de vida","url":"https:\/\/eldigitaldeasturias.com\/magazine365\/","logo":{"@type":"ImageObject","url":"https:\/\/www.eldigitaldeasturias.com\/noticias\/wp-content\/uploads\/2020\/12\/EDA.jpg","@id":"https:\/\/eldigitaldeasturias.com\/magazine365\/los-antepasados-de-los-pajaros-vivieron-hace-130-millones-de-anos\/#organizationLogo"},"image":{"@id":"https:\/\/eldigitaldeasturias.com\/magazine365\/los-antepasados-de-los-pajaros-vivieron-hace-130-millones-de-anos\/#organizationLogo"}},{"@type":"Person","@id":"https:\/\/eldigitaldeasturias.com\/magazine365\/author\/admin\/#author","url":"https:\/\/eldigitaldeasturias.com\/magazine365\/author\/admin\/","name":"admin","image":{"@type":"ImageObject","@id":"https:\/\/eldigitaldeasturias.com\/magazine365\/los-antepasados-de-los-pajaros-vivieron-hace-130-millones-de-anos\/#authorImage","url":"https:\/\/eldigitaldeasturias.com\/magazine365\/wp-content\/litespeed\/avatar\/e571bcf59a0edd6fa6838245a470f2fe.jpg?ver=1776969259","width":96,"height":96,"caption":"admin"}},{"@type":"WebPage","@id":"https:\/\/eldigitaldeasturias.com\/magazine365\/los-antepasados-de-los-pajaros-vivieron-hace-130-millones-de-anos\/#webpage","url":"https:\/\/eldigitaldeasturias.com\/magazine365\/los-antepasados-de-los-pajaros-vivieron-hace-130-millones-de-anos\/","name":"Los antepasados de los p\u00e1jaros vivieron hace 130 millones de a\u00f1os | El Digital de Asturias","description":"SINC - Investigadores chinos y australianos han descubierto dos f\u00f3siles de una nueva especie, Archaeornithura memmanae, del Cret\u00e1cico inferior \u2013hace 130,7 millones de a\u00f1os\u2013. Se trata de los restos m\u00e1s antiguos de la familia de Ornithuromorphas, los antepasados de los p\u00e1jaros actuales. Estos ejemplares conservan sus plumas casi de forma completa. Un equipo multidisciplinar de","inLanguage":"es-ES","isPartOf":{"@id":"https:\/\/eldigitaldeasturias.com\/magazine365\/#website"},"breadcrumb":{"@id":"https:\/\/eldigitaldeasturias.com\/magazine365\/los-antepasados-de-los-pajaros-vivieron-hace-130-millones-de-anos\/#breadcrumblist"},"author":{"@id":"https:\/\/eldigitaldeasturias.com\/magazine365\/author\/admin\/#author"},"creator":{"@id":"https:\/\/eldigitaldeasturias.com\/magazine365\/author\/admin\/#author"},"image":{"@type":"ImageObject","url":"https:\/\/eldigitaldeasturias.com\/magazine365\/wp-content\/uploads\/2015\/05\/Los-antepasados-de-los-pajaros-vivieron-hace-130-millones-de-anos_image_380.jpg","@id":"https:\/\/eldigitaldeasturias.com\/magazine365\/los-antepasados-de-los-pajaros-vivieron-hace-130-millones-de-anos\/#mainImage","width":625,"height":380},"primaryImageOfPage":{"@id":"https:\/\/eldigitaldeasturias.com\/magazine365\/los-antepasados-de-los-pajaros-vivieron-hace-130-millones-de-anos\/#mainImage"},"datePublished":"2015-05-08T08:52:57+02:00","dateModified":"2015-05-08T08:52:57+02:00"},{"@type":"WebSite","@id":"https:\/\/eldigitaldeasturias.com\/magazine365\/#website","url":"https:\/\/eldigitaldeasturias.com\/magazine365\/","name":"El Digital de Asturias","description":"Revista de ocio, turismo y estilo de vida","inLanguage":"es-ES","publisher":{"@id":"https:\/\/eldigitaldeasturias.com\/magazine365\/#organization"}}]},"og:locale":"es_ES","og:site_name":"El Digital de Asturias \u2013 Revista de ocio, turismo y estilo de vida","og:type":"article","og:title":"Los antepasados de los p\u00e1jaros vivieron hace 130 millones de a\u00f1os | El Digital de Asturias","og:description":"SINC - Investigadores chinos y australianos han descubierto dos f\u00f3siles de una nueva especie, Archaeornithura memmanae, del Cret\u00e1cico inferior \u2013hace 130,7 millones de a\u00f1os\u2013. Se trata de los restos m\u00e1s antiguos de la familia de Ornithuromorphas, los antepasados de los p\u00e1jaros actuales. Estos ejemplares conservan sus plumas casi de forma completa. Un equipo multidisciplinar de","og:url":"https:\/\/eldigitaldeasturias.com\/magazine365\/los-antepasados-de-los-pajaros-vivieron-hace-130-millones-de-anos\/","og:image":"https:\/\/eldigitaldeasturias.com\/magazine365\/wp-content\/uploads\/2015\/05\/Los-antepasados-de-los-pajaros-vivieron-hace-130-millones-de-anos_image_380.jpg","og:image:secure_url":"https:\/\/eldigitaldeasturias.com\/magazine365\/wp-content\/uploads\/2015\/05\/Los-antepasados-de-los-pajaros-vivieron-hace-130-millones-de-anos_image_380.jpg","og:image:width":625,"og:image:height":380,"article:published_time":"2015-05-08T07:22:57+00:00","article:modified_time":"2015-05-08T07:22:57+00:00","twitter:card":"summary_large_image","twitter:title":"Los antepasados de los p\u00e1jaros vivieron hace 130 millones de a\u00f1os | El Digital de Asturias","twitter:description":"SINC - Investigadores chinos y australianos han descubierto dos f\u00f3siles de una nueva especie, Archaeornithura memmanae, del Cret\u00e1cico inferior \u2013hace 130,7 millones de a\u00f1os\u2013. Se trata de los restos m\u00e1s antiguos de la familia de Ornithuromorphas, los antepasados de los p\u00e1jaros actuales. Estos ejemplares conservan sus plumas casi de forma completa. Un equipo multidisciplinar de","twitter:image":"https:\/\/eldigitaldeasturias.com\/magazine365\/wp-content\/uploads\/2015\/05\/Los-antepasados-de-los-pajaros-vivieron-hace-130-millones-de-anos_image_380.jpg"},"aioseo_meta_data":{"post_id":"38222","title":null,"description":null,"keywords":null,"keyphrases":null,"primary_term":null,"canonical_url":null,"og_title":null,"og_description":null,"og_object_type":"default","og_image_type":"default","og_image_url":null,"og_image_width":null,"og_image_height":null,"og_image_custom_url":null,"og_image_custom_fields":null,"og_video":null,"og_custom_url":null,"og_article_section":null,"og_article_tags":null,"twitter_use_og":false,"twitter_card":"default","twitter_image_type":"default","twitter_image_url":null,"twitter_image_custom_url":null,"twitter_image_custom_fields":null,"twitter_title":null,"twitter_description":null,"schema":{"blockGraphs":[],"customGraphs":[],"default":{"data":{"Article":[],"Course":[],"Dataset":[],"FAQPage":[],"Movie":[],"Person":[],"Product":[],"ProductReview":[],"Car":[],"Recipe":[],"Service":[],"SoftwareApplication":[],"WebPage":[]},"graphName":"","isEnabled":true},"graphs":[],"defaultGraph":"","defaultPostTypeGraph":""},"schema_type":null,"schema_type_options":null,"pillar_content":false,"robots_default":true,"robots_noindex":false,"robots_noarchive":false,"robots_nosnippet":false,"robots_nofollow":false,"robots_noimageindex":false,"robots_noodp":false,"robots_notranslate":false,"robots_max_snippet":null,"robots_max_videopreview":null,"robots_max_imagepreview":"large","priority":null,"frequency":null,"location":null,"local_seo":null,"seo_analyzer_scan_date":"2025-09-19 09:07:30","breadcrumb_settings":null,"limit_modified_date":false,"open_ai":null,"ai":null,"created":"2021-03-09 02:55:57","updated":"2025-09-19 09:07:30"},"aioseo_breadcrumb":"<div class=\"aioseo-breadcrumbs\"><span class=\"aioseo-breadcrumb\">\n\t<a href=\"https:\/\/eldigitaldeasturias.com\/magazine365\" title=\"Home\">Home<\/a>\n<\/span><span class=\"aioseo-breadcrumb-separator\">\u2013<\/span><span class=\"aioseo-breadcrumb\">\n\t<a href=\"https:\/\/eldigitaldeasturias.com\/magazine365\/category\/noticias-actualidad\/\" title=\"Noticias y Actualidad\">Noticias y Actualidad<\/a>\n<\/span><span class=\"aioseo-breadcrumb-separator\">\u2013<\/span><span class=\"aioseo-breadcrumb\">\n\t<a href=\"https:\/\/eldigitaldeasturias.com\/magazine365\/los-antepasados-de-los-pajaros-vivieron-hace-130-millones-de-anos\/\" title=\"Los antepasados de los p\u00e1jaros vivieron hace 130 millones de a\u00f1os\">Los antepasados de los p\u00e1jaros vivieron hace 130 millones de a\u00f1os<\/a>\n<\/span><\/div>","aioseo_breadcrumb_json":[{"label":"Home","link":"https:\/\/eldigitaldeasturias.com\/magazine365"},{"label":"Noticias y Actualidad","link":"https:\/\/eldigitaldeasturias.com\/magazine365\/category\/noticias-actualidad\/"},{"label":"Los antepasados de los p\u00e1jaros vivieron hace 130 millones de a\u00f1os","link":"https:\/\/eldigitaldeasturias.com\/magazine365\/los-antepasados-de-los-pajaros-vivieron-hace-130-millones-de-anos\/"}],"_links":{"self":[{"href":"https:\/\/eldigitaldeasturias.com\/magazine365\/wp-json\/wp\/v2\/posts\/38222","targetHints":{"allow":["GET"]}}],"collection":[{"href":"https:\/\/eldigitaldeasturias.com\/magazine365\/wp-json\/wp\/v2\/posts"}],"about":[{"href":"https:\/\/eldigitaldeasturias.com\/magazine365\/wp-json\/wp\/v2\/types\/post"}],"author":[{"embeddable":true,"href":"https:\/\/eldigitaldeasturias.com\/magazine365\/wp-json\/wp\/v2\/users\/1"}],"replies":[{"embeddable":true,"href":"https:\/\/eldigitaldeasturias.com\/magazine365\/wp-json\/wp\/v2\/comments?post=38222"}],"version-history":[{"count":0,"href":"https:\/\/eldigitaldeasturias.com\/magazine365\/wp-json\/wp\/v2\/posts\/38222\/revisions"}],"wp:featuredmedia":[{"embeddable":true,"href":"https:\/\/eldigitaldeasturias.com\/magazine365\/wp-json\/wp\/v2\/media\/38223"}],"wp:attachment":[{"href":"https:\/\/eldigitaldeasturias.com\/magazine365\/wp-json\/wp\/v2\/media?parent=38222"}],"wp:term":[{"taxonomy":"category","embeddable":true,"href":"https:\/\/eldigitaldeasturias.com\/magazine365\/wp-json\/wp\/v2\/categories?post=38222"},{"taxonomy":"post_tag","embeddable":true,"href":"https:\/\/eldigitaldeasturias.com\/magazine365\/wp-json\/wp\/v2\/tags?post=38222"}],"curies":[{"name":"wp","href":"https:\/\/api.w.org\/{rel}","templated":true}]}}