{"id":38211,"date":"2015-05-07T20:20:17","date_gmt":"2015-05-07T18:50:17","guid":{"rendered":"http:\/\/eldigitaldeasturias.com\/magazine365\/?p=38211"},"modified":"2015-05-11T07:32:40","modified_gmt":"2015-05-11T06:02:40","slug":"muere-aitor-mazo-el-cura-de-ocho-apellidos-vascos","status":"publish","type":"post","link":"https:\/\/eldigitaldeasturias.com\/magazine365\/muere-aitor-mazo-el-cura-de-ocho-apellidos-vascos\/","title":{"rendered":"Muere Aitor Mazo, el cura de \u201cOcho apellidos vascos\u201d"},"content":{"rendered":"<p><img fetchpriority=\"high\" decoding=\"async\" class=\"alignleft size-medium wp-image-38212\" src=\"https:\/\/eldigitaldeasturias.com\/magazine365\/wp-content\/uploads\/2015\/05\/aitor-360x240.jpg\" alt=\"aitor\" width=\"360\" height=\"240\" srcset=\"https:\/\/eldigitaldeasturias.com\/magazine365\/wp-content\/uploads\/2015\/05\/aitor-360x240.jpg 360w, https:\/\/eldigitaldeasturias.com\/magazine365\/wp-content\/uploads\/2015\/05\/aitor-150x100.jpg 150w, https:\/\/eldigitaldeasturias.com\/magazine365\/wp-content\/uploads\/2015\/05\/aitor-450x300.jpg 450w, https:\/\/eldigitaldeasturias.com\/magazine365\/wp-content\/uploads\/2015\/05\/aitor-629x420.jpg 629w, https:\/\/eldigitaldeasturias.com\/magazine365\/wp-content\/uploads\/2015\/05\/aitor-84x55.jpg 84w, https:\/\/eldigitaldeasturias.com\/magazine365\/wp-content\/uploads\/2015\/05\/aitor.jpg 635w\" sizes=\"(max-width: 360px) 100vw, 360px\" \/>El actor vasco, Aitor Mazo, ha muerto esta ma\u00f1ana en su domicilio de Bilbao. El int\u00e9rprete, conocido por su participaci\u00f3n en decenas de series de televisi\u00f3n de nuestro pa\u00eds, ha fallecido a los 53 a\u00f1os de edad. Entre ellas, se pueden citar \u00abM\u00e9dico de familia\u00bb, \u00abCompa\u00f1eros\u00bb y \u00abCu\u00e9ntame\u00bb. Tambi\u00e9n ha trabajado en \u00abAmar es para siempre\u00bb, \u00abEl Chiringuito de Pepe\u00bb y \u00abEl ministerio del tiempo\u00bb. En la mayor\u00eda de ellas sol\u00eda encarnar el papel de actor secundario.<\/p>\n<p>Su paso a la gran pantalla lo dio de la mano de grandes directores como Alex de la Iglesia en \u201cLa comunidad\u201d o en la taquillera pel\u00edcula \u201cOcho apellidos vascos\u201d, filme en la que interpret\u00f3 al divertido cura que deb\u00eda casar a los personajes de Dani Rovira y Clara Lago.<\/p>\n<p>Entre los premios que tiene en su haber, destaca el galard\u00f3n del I Concurso de Guiones de Largometraje Versi\u00f3n Espa\u00f1ola\/ALMA, por la pel\u00edcula \u201cLa m\u00e1quina de pintar nubes\u201d. Su \u00faltima aparici\u00f3n en el s\u00e9ptimo arte fue en \u201cLasa y Zabala\u201d, con el papel de juez. Gran entusiasta tambi\u00e9n del teatro, ma\u00f1ana ten\u00eda previsto el estreno en Pamplona de la obra \u201cLa calma m\u00e1gica\u201d.<\/p>\n<p>Muchos han sido los compa\u00f1eros de profesi\u00f3n que han querido demostrar en las redes sociales el cari\u00f1o que sent\u00edan por Aitor. As\u00ed, por ejemplo, Dani Rovira le dedicaba unas palabras. \u201cQu\u00e9 prontito te has ido Aitor Mazo. Se me pas\u00f3 confesarte que fue maravilloso trabajar contigo. Un c\u00e1lido abrazo a su familia y amigos\u00bb.<\/p>\n<p>Clara Lago, por su parte, tambi\u00e9n entonaba un discurso de pena. \u201cD\u00eda triste, se nos va alguien de la familia #8apellidosvascos y de la familia del #cineespa\u00f1ol. Descansa en paz compa\u00f1ero\u201d.<\/p>\n<p>Por otro lado, Melani Olivares o Santiago Segura tampoco han dejado pasar la ocasi\u00f3n para darle un \u00faltimo adi\u00f3s al vasco. \u00abAitor Mazo fallece a los 53 a\u00f1os, un buen actor, solvente y vers\u00e1til de los de fondo. Podr\u00eda haber seguido trabajando toda la vida\u00bb, eran las palabras del actor de la saga \u201cTorrente\u201d.<\/p>\n<p>A\u00fan se desconocen las causas del fallecimiento de este gran representante de la ficci\u00f3n nacional, aunque a la espera de autopsia, podr\u00eda haber sido v\u00edctima de una insuficiencia coronaria.<\/p>\n<p>Por Ana V\u00e1zquez<\/p>\n","protected":false},"excerpt":{"rendered":"<p>El actor vasco, Aitor Mazo, ha muerto esta ma\u00f1ana en su domicilio de Bilbao. El int\u00e9rprete, conocido por su participaci\u00f3n en decenas de series de televisi\u00f3n de nuestro pa\u00eds, ha fallecido a los 53 a\u00f1os de edad. Entre ellas, se pueden citar \u00abM\u00e9dico de familia\u00bb, \u00abCompa\u00f1eros\u00bb y \u00abCu\u00e9ntame\u00bb. Tambi\u00e9n ha trabajado en \u00abAmar es para<\/p>\n","protected":false},"author":1,"featured_media":38212,"comment_status":"open","ping_status":"closed","sticky":false,"template":"","format":"standard","meta":{"footnotes":""},"categories":[224],"tags":[],"class_list":{"0":"post-38211","1":"post","2":"type-post","3":"status-publish","4":"format-standard","5":"has-post-thumbnail","7":"category-noticias-actualidad"},"aioseo_notices":[],"aioseo_head":"\n\t\t<!-- All in One SEO Pro 4.9.6.1 - aioseo.com -->\n\t<meta name=\"description\" content=\"El actor vasco, Aitor Mazo, ha muerto esta ma\u00f1ana en su domicilio de Bilbao. El int\u00e9rprete, conocido por su participaci\u00f3n en decenas de series de televisi\u00f3n de nuestro pa\u00eds, ha fallecido a los 53 a\u00f1os de edad. Entre ellas, se pueden citar &quot;M\u00e9dico de familia&quot;, &quot;Compa\u00f1eros&quot; y &quot;Cu\u00e9ntame&quot;. Tambi\u00e9n ha trabajado en &quot;Amar es para\" \/>\n\t<meta name=\"robots\" content=\"max-image-preview:large\" \/>\n\t<meta name=\"author\" content=\"admin\"\/>\n\t<meta name=\"google-site-verification\" content=\"UA-38556648-1\" \/>\n\t<meta name=\"keywords\" content=\"noticias y actualidad\" \/>\n\t<link rel=\"canonical\" href=\"https:\/\/eldigitaldeasturias.com\/magazine365\/muere-aitor-mazo-el-cura-de-ocho-apellidos-vascos\/\" \/>\n\t<meta name=\"generator\" content=\"All in One SEO Pro (AIOSEO) 4.9.6.1\" \/>\n\t\t<meta property=\"og:locale\" content=\"es_ES\" \/>\n\t\t<meta property=\"og:site_name\" content=\"El Digital de Asturias \u2013 Revista de ocio, turismo y estilo de vida\" \/>\n\t\t<meta property=\"og:type\" content=\"article\" \/>\n\t\t<meta property=\"og:title\" content=\"Muere Aitor Mazo, el cura de \u201cOcho apellidos vascos\u201d | El Digital de Asturias\" \/>\n\t\t<meta property=\"og:description\" content=\"El actor vasco, Aitor Mazo, ha muerto esta ma\u00f1ana en su domicilio de Bilbao. El int\u00e9rprete, conocido por su participaci\u00f3n en decenas de series de televisi\u00f3n de nuestro pa\u00eds, ha fallecido a los 53 a\u00f1os de edad. Entre ellas, se pueden citar &quot;M\u00e9dico de familia&quot;, &quot;Compa\u00f1eros&quot; y &quot;Cu\u00e9ntame&quot;. Tambi\u00e9n ha trabajado en &quot;Amar es para\" \/>\n\t\t<meta property=\"og:url\" content=\"https:\/\/eldigitaldeasturias.com\/magazine365\/muere-aitor-mazo-el-cura-de-ocho-apellidos-vascos\/\" \/>\n\t\t<meta property=\"og:image\" content=\"https:\/\/eldigitaldeasturias.com\/magazine365\/wp-content\/uploads\/2015\/05\/aitor.jpg\" \/>\n\t\t<meta property=\"og:image:secure_url\" content=\"https:\/\/eldigitaldeasturias.com\/magazine365\/wp-content\/uploads\/2015\/05\/aitor.jpg\" \/>\n\t\t<meta property=\"og:image:width\" content=\"635\" \/>\n\t\t<meta property=\"og:image:height\" content=\"424\" \/>\n\t\t<meta property=\"article:published_time\" content=\"2015-05-07T18:50:17+00:00\" \/>\n\t\t<meta property=\"article:modified_time\" content=\"2015-05-11T06:02:40+00:00\" \/>\n\t\t<meta name=\"twitter:card\" content=\"summary_large_image\" \/>\n\t\t<meta name=\"twitter:title\" content=\"Muere Aitor Mazo, el cura de \u201cOcho apellidos vascos\u201d | El Digital de Asturias\" \/>\n\t\t<meta name=\"twitter:description\" content=\"El actor vasco, Aitor Mazo, ha muerto esta ma\u00f1ana en su domicilio de Bilbao. El int\u00e9rprete, conocido por su participaci\u00f3n en decenas de series de televisi\u00f3n de nuestro pa\u00eds, ha fallecido a los 53 a\u00f1os de edad. Entre ellas, se pueden citar &quot;M\u00e9dico de familia&quot;, &quot;Compa\u00f1eros&quot; y &quot;Cu\u00e9ntame&quot;. Tambi\u00e9n ha trabajado en &quot;Amar es para\" \/>\n\t\t<meta name=\"twitter:image\" content=\"https:\/\/eldigitaldeasturias.com\/magazine365\/wp-content\/uploads\/2015\/05\/aitor.jpg\" \/>\n\t\t<script type=\"application\/ld+json\" class=\"aioseo-schema\">\n\t\t\t{\"@context\":\"https:\\\/\\\/schema.org\",\"@graph\":[{\"@type\":\"Article\",\"@id\":\"https:\\\/\\\/eldigitaldeasturias.com\\\/magazine365\\\/muere-aitor-mazo-el-cura-de-ocho-apellidos-vascos\\\/#article\",\"name\":\"Muere Aitor Mazo, el cura de \\u201cOcho apellidos vascos\\u201d | El Digital de Asturias\",\"headline\":\"Muere Aitor Mazo, el cura de \\u201cOcho apellidos vascos\\u201d\",\"author\":{\"@id\":\"https:\\\/\\\/eldigitaldeasturias.com\\\/magazine365\\\/author\\\/admin\\\/#author\"},\"publisher\":{\"@id\":\"https:\\\/\\\/eldigitaldeasturias.com\\\/magazine365\\\/#organization\"},\"image\":{\"@type\":\"ImageObject\",\"url\":\"https:\\\/\\\/eldigitaldeasturias.com\\\/magazine365\\\/wp-content\\\/uploads\\\/2015\\\/05\\\/aitor.jpg\",\"width\":635,\"height\":424},\"datePublished\":\"2015-05-07T20:20:17+02:00\",\"dateModified\":\"2015-05-11T07:32:40+02:00\",\"inLanguage\":\"es-ES\",\"mainEntityOfPage\":{\"@id\":\"https:\\\/\\\/eldigitaldeasturias.com\\\/magazine365\\\/muere-aitor-mazo-el-cura-de-ocho-apellidos-vascos\\\/#webpage\"},\"isPartOf\":{\"@id\":\"https:\\\/\\\/eldigitaldeasturias.com\\\/magazine365\\\/muere-aitor-mazo-el-cura-de-ocho-apellidos-vascos\\\/#webpage\"},\"articleSection\":\"Noticias y Actualidad\"},{\"@type\":\"BreadcrumbList\",\"@id\":\"https:\\\/\\\/eldigitaldeasturias.com\\\/magazine365\\\/muere-aitor-mazo-el-cura-de-ocho-apellidos-vascos\\\/#breadcrumblist\",\"itemListElement\":[{\"@type\":\"ListItem\",\"@id\":\"https:\\\/\\\/eldigitaldeasturias.com\\\/magazine365#listItem\",\"position\":1,\"name\":\"Home\",\"item\":\"https:\\\/\\\/eldigitaldeasturias.com\\\/magazine365\",\"nextItem\":{\"@type\":\"ListItem\",\"@id\":\"https:\\\/\\\/eldigitaldeasturias.com\\\/magazine365\\\/category\\\/noticias-actualidad\\\/#listItem\",\"name\":\"Noticias y Actualidad\"}},{\"@type\":\"ListItem\",\"@id\":\"https:\\\/\\\/eldigitaldeasturias.com\\\/magazine365\\\/category\\\/noticias-actualidad\\\/#listItem\",\"position\":2,\"name\":\"Noticias y Actualidad\",\"item\":\"https:\\\/\\\/eldigitaldeasturias.com\\\/magazine365\\\/category\\\/noticias-actualidad\\\/\",\"nextItem\":{\"@type\":\"ListItem\",\"@id\":\"https:\\\/\\\/eldigitaldeasturias.com\\\/magazine365\\\/muere-aitor-mazo-el-cura-de-ocho-apellidos-vascos\\\/#listItem\",\"name\":\"Muere Aitor Mazo, el cura de \\u201cOcho apellidos vascos\\u201d\"},\"previousItem\":{\"@type\":\"ListItem\",\"@id\":\"https:\\\/\\\/eldigitaldeasturias.com\\\/magazine365#listItem\",\"name\":\"Home\"}},{\"@type\":\"ListItem\",\"@id\":\"https:\\\/\\\/eldigitaldeasturias.com\\\/magazine365\\\/muere-aitor-mazo-el-cura-de-ocho-apellidos-vascos\\\/#listItem\",\"position\":3,\"name\":\"Muere Aitor Mazo, el cura de \\u201cOcho apellidos vascos\\u201d\",\"previousItem\":{\"@type\":\"ListItem\",\"@id\":\"https:\\\/\\\/eldigitaldeasturias.com\\\/magazine365\\\/category\\\/noticias-actualidad\\\/#listItem\",\"name\":\"Noticias y Actualidad\"}}]},{\"@type\":\"Organization\",\"@id\":\"https:\\\/\\\/eldigitaldeasturias.com\\\/magazine365\\\/#organization\",\"name\":\"El digital de Asturias\",\"description\":\"Revista de ocio, turismo y estilo de vida\",\"url\":\"https:\\\/\\\/eldigitaldeasturias.com\\\/magazine365\\\/\",\"logo\":{\"@type\":\"ImageObject\",\"url\":\"https:\\\/\\\/www.eldigitaldeasturias.com\\\/noticias\\\/wp-content\\\/uploads\\\/2020\\\/12\\\/EDA.jpg\",\"@id\":\"https:\\\/\\\/eldigitaldeasturias.com\\\/magazine365\\\/muere-aitor-mazo-el-cura-de-ocho-apellidos-vascos\\\/#organizationLogo\"},\"image\":{\"@id\":\"https:\\\/\\\/eldigitaldeasturias.com\\\/magazine365\\\/muere-aitor-mazo-el-cura-de-ocho-apellidos-vascos\\\/#organizationLogo\"}},{\"@type\":\"Person\",\"@id\":\"https:\\\/\\\/eldigitaldeasturias.com\\\/magazine365\\\/author\\\/admin\\\/#author\",\"url\":\"https:\\\/\\\/eldigitaldeasturias.com\\\/magazine365\\\/author\\\/admin\\\/\",\"name\":\"admin\",\"image\":{\"@type\":\"ImageObject\",\"@id\":\"https:\\\/\\\/eldigitaldeasturias.com\\\/magazine365\\\/muere-aitor-mazo-el-cura-de-ocho-apellidos-vascos\\\/#authorImage\",\"url\":\"https:\\\/\\\/eldigitaldeasturias.com\\\/magazine365\\\/wp-content\\\/litespeed\\\/avatar\\\/e571bcf59a0edd6fa6838245a470f2fe.jpg?ver=1776969259\",\"width\":96,\"height\":96,\"caption\":\"admin\"}},{\"@type\":\"WebPage\",\"@id\":\"https:\\\/\\\/eldigitaldeasturias.com\\\/magazine365\\\/muere-aitor-mazo-el-cura-de-ocho-apellidos-vascos\\\/#webpage\",\"url\":\"https:\\\/\\\/eldigitaldeasturias.com\\\/magazine365\\\/muere-aitor-mazo-el-cura-de-ocho-apellidos-vascos\\\/\",\"name\":\"Muere Aitor Mazo, el cura de \\u201cOcho apellidos vascos\\u201d | El Digital de Asturias\",\"description\":\"El actor vasco, Aitor Mazo, ha muerto esta ma\\u00f1ana en su domicilio de Bilbao. El int\\u00e9rprete, conocido por su participaci\\u00f3n en decenas de series de televisi\\u00f3n de nuestro pa\\u00eds, ha fallecido a los 53 a\\u00f1os de edad. Entre ellas, se pueden citar \\\"M\\u00e9dico de familia\\\", \\\"Compa\\u00f1eros\\\" y \\\"Cu\\u00e9ntame\\\". Tambi\\u00e9n ha trabajado en \\\"Amar es para\",\"inLanguage\":\"es-ES\",\"isPartOf\":{\"@id\":\"https:\\\/\\\/eldigitaldeasturias.com\\\/magazine365\\\/#website\"},\"breadcrumb\":{\"@id\":\"https:\\\/\\\/eldigitaldeasturias.com\\\/magazine365\\\/muere-aitor-mazo-el-cura-de-ocho-apellidos-vascos\\\/#breadcrumblist\"},\"author\":{\"@id\":\"https:\\\/\\\/eldigitaldeasturias.com\\\/magazine365\\\/author\\\/admin\\\/#author\"},\"creator\":{\"@id\":\"https:\\\/\\\/eldigitaldeasturias.com\\\/magazine365\\\/author\\\/admin\\\/#author\"},\"image\":{\"@type\":\"ImageObject\",\"url\":\"https:\\\/\\\/eldigitaldeasturias.com\\\/magazine365\\\/wp-content\\\/uploads\\\/2015\\\/05\\\/aitor.jpg\",\"@id\":\"https:\\\/\\\/eldigitaldeasturias.com\\\/magazine365\\\/muere-aitor-mazo-el-cura-de-ocho-apellidos-vascos\\\/#mainImage\",\"width\":635,\"height\":424},\"primaryImageOfPage\":{\"@id\":\"https:\\\/\\\/eldigitaldeasturias.com\\\/magazine365\\\/muere-aitor-mazo-el-cura-de-ocho-apellidos-vascos\\\/#mainImage\"},\"datePublished\":\"2015-05-07T20:20:17+02:00\",\"dateModified\":\"2015-05-11T07:32:40+02:00\"},{\"@type\":\"WebSite\",\"@id\":\"https:\\\/\\\/eldigitaldeasturias.com\\\/magazine365\\\/#website\",\"url\":\"https:\\\/\\\/eldigitaldeasturias.com\\\/magazine365\\\/\",\"name\":\"El Digital de Asturias\",\"description\":\"Revista de ocio, turismo y estilo de vida\",\"inLanguage\":\"es-ES\",\"publisher\":{\"@id\":\"https:\\\/\\\/eldigitaldeasturias.com\\\/magazine365\\\/#organization\"}}]}\n\t\t<\/script>\n\t\t<!-- All in One SEO Pro -->\r\n\t\t<title>Muere Aitor Mazo, el cura de \u201cOcho apellidos vascos\u201d | El Digital de Asturias<\/title>\n\n","aioseo_head_json":{"title":"Muere Aitor Mazo, el cura de \u201cOcho apellidos vascos\u201d | El Digital de Asturias","description":"El actor vasco, Aitor Mazo, ha muerto esta ma\u00f1ana en su domicilio de Bilbao. El int\u00e9rprete, conocido por su participaci\u00f3n en decenas de series de televisi\u00f3n de nuestro pa\u00eds, ha fallecido a los 53 a\u00f1os de edad. Entre ellas, se pueden citar \"M\u00e9dico de familia\", \"Compa\u00f1eros\" y \"Cu\u00e9ntame\". Tambi\u00e9n ha trabajado en \"Amar es para","canonical_url":"https:\/\/eldigitaldeasturias.com\/magazine365\/muere-aitor-mazo-el-cura-de-ocho-apellidos-vascos\/","robots":"max-image-preview:large","keywords":"noticias y actualidad","webmasterTools":{"google-site-verification":"UA-38556648-1","miscellaneous":""},"schema":{"@context":"https:\/\/schema.org","@graph":[{"@type":"Article","@id":"https:\/\/eldigitaldeasturias.com\/magazine365\/muere-aitor-mazo-el-cura-de-ocho-apellidos-vascos\/#article","name":"Muere Aitor Mazo, el cura de \u201cOcho apellidos vascos\u201d | El Digital de Asturias","headline":"Muere Aitor Mazo, el cura de \u201cOcho apellidos vascos\u201d","author":{"@id":"https:\/\/eldigitaldeasturias.com\/magazine365\/author\/admin\/#author"},"publisher":{"@id":"https:\/\/eldigitaldeasturias.com\/magazine365\/#organization"},"image":{"@type":"ImageObject","url":"https:\/\/eldigitaldeasturias.com\/magazine365\/wp-content\/uploads\/2015\/05\/aitor.jpg","width":635,"height":424},"datePublished":"2015-05-07T20:20:17+02:00","dateModified":"2015-05-11T07:32:40+02:00","inLanguage":"es-ES","mainEntityOfPage":{"@id":"https:\/\/eldigitaldeasturias.com\/magazine365\/muere-aitor-mazo-el-cura-de-ocho-apellidos-vascos\/#webpage"},"isPartOf":{"@id":"https:\/\/eldigitaldeasturias.com\/magazine365\/muere-aitor-mazo-el-cura-de-ocho-apellidos-vascos\/#webpage"},"articleSection":"Noticias y Actualidad"},{"@type":"BreadcrumbList","@id":"https:\/\/eldigitaldeasturias.com\/magazine365\/muere-aitor-mazo-el-cura-de-ocho-apellidos-vascos\/#breadcrumblist","itemListElement":[{"@type":"ListItem","@id":"https:\/\/eldigitaldeasturias.com\/magazine365#listItem","position":1,"name":"Home","item":"https:\/\/eldigitaldeasturias.com\/magazine365","nextItem":{"@type":"ListItem","@id":"https:\/\/eldigitaldeasturias.com\/magazine365\/category\/noticias-actualidad\/#listItem","name":"Noticias y Actualidad"}},{"@type":"ListItem","@id":"https:\/\/eldigitaldeasturias.com\/magazine365\/category\/noticias-actualidad\/#listItem","position":2,"name":"Noticias y Actualidad","item":"https:\/\/eldigitaldeasturias.com\/magazine365\/category\/noticias-actualidad\/","nextItem":{"@type":"ListItem","@id":"https:\/\/eldigitaldeasturias.com\/magazine365\/muere-aitor-mazo-el-cura-de-ocho-apellidos-vascos\/#listItem","name":"Muere Aitor Mazo, el cura de \u201cOcho apellidos vascos\u201d"},"previousItem":{"@type":"ListItem","@id":"https:\/\/eldigitaldeasturias.com\/magazine365#listItem","name":"Home"}},{"@type":"ListItem","@id":"https:\/\/eldigitaldeasturias.com\/magazine365\/muere-aitor-mazo-el-cura-de-ocho-apellidos-vascos\/#listItem","position":3,"name":"Muere Aitor Mazo, el cura de \u201cOcho apellidos vascos\u201d","previousItem":{"@type":"ListItem","@id":"https:\/\/eldigitaldeasturias.com\/magazine365\/category\/noticias-actualidad\/#listItem","name":"Noticias y Actualidad"}}]},{"@type":"Organization","@id":"https:\/\/eldigitaldeasturias.com\/magazine365\/#organization","name":"El digital de Asturias","description":"Revista de ocio, turismo y estilo de vida","url":"https:\/\/eldigitaldeasturias.com\/magazine365\/","logo":{"@type":"ImageObject","url":"https:\/\/www.eldigitaldeasturias.com\/noticias\/wp-content\/uploads\/2020\/12\/EDA.jpg","@id":"https:\/\/eldigitaldeasturias.com\/magazine365\/muere-aitor-mazo-el-cura-de-ocho-apellidos-vascos\/#organizationLogo"},"image":{"@id":"https:\/\/eldigitaldeasturias.com\/magazine365\/muere-aitor-mazo-el-cura-de-ocho-apellidos-vascos\/#organizationLogo"}},{"@type":"Person","@id":"https:\/\/eldigitaldeasturias.com\/magazine365\/author\/admin\/#author","url":"https:\/\/eldigitaldeasturias.com\/magazine365\/author\/admin\/","name":"admin","image":{"@type":"ImageObject","@id":"https:\/\/eldigitaldeasturias.com\/magazine365\/muere-aitor-mazo-el-cura-de-ocho-apellidos-vascos\/#authorImage","url":"https:\/\/eldigitaldeasturias.com\/magazine365\/wp-content\/litespeed\/avatar\/e571bcf59a0edd6fa6838245a470f2fe.jpg?ver=1776969259","width":96,"height":96,"caption":"admin"}},{"@type":"WebPage","@id":"https:\/\/eldigitaldeasturias.com\/magazine365\/muere-aitor-mazo-el-cura-de-ocho-apellidos-vascos\/#webpage","url":"https:\/\/eldigitaldeasturias.com\/magazine365\/muere-aitor-mazo-el-cura-de-ocho-apellidos-vascos\/","name":"Muere Aitor Mazo, el cura de \u201cOcho apellidos vascos\u201d | El Digital de Asturias","description":"El actor vasco, Aitor Mazo, ha muerto esta ma\u00f1ana en su domicilio de Bilbao. El int\u00e9rprete, conocido por su participaci\u00f3n en decenas de series de televisi\u00f3n de nuestro pa\u00eds, ha fallecido a los 53 a\u00f1os de edad. Entre ellas, se pueden citar \"M\u00e9dico de familia\", \"Compa\u00f1eros\" y \"Cu\u00e9ntame\". Tambi\u00e9n ha trabajado en \"Amar es para","inLanguage":"es-ES","isPartOf":{"@id":"https:\/\/eldigitaldeasturias.com\/magazine365\/#website"},"breadcrumb":{"@id":"https:\/\/eldigitaldeasturias.com\/magazine365\/muere-aitor-mazo-el-cura-de-ocho-apellidos-vascos\/#breadcrumblist"},"author":{"@id":"https:\/\/eldigitaldeasturias.com\/magazine365\/author\/admin\/#author"},"creator":{"@id":"https:\/\/eldigitaldeasturias.com\/magazine365\/author\/admin\/#author"},"image":{"@type":"ImageObject","url":"https:\/\/eldigitaldeasturias.com\/magazine365\/wp-content\/uploads\/2015\/05\/aitor.jpg","@id":"https:\/\/eldigitaldeasturias.com\/magazine365\/muere-aitor-mazo-el-cura-de-ocho-apellidos-vascos\/#mainImage","width":635,"height":424},"primaryImageOfPage":{"@id":"https:\/\/eldigitaldeasturias.com\/magazine365\/muere-aitor-mazo-el-cura-de-ocho-apellidos-vascos\/#mainImage"},"datePublished":"2015-05-07T20:20:17+02:00","dateModified":"2015-05-11T07:32:40+02:00"},{"@type":"WebSite","@id":"https:\/\/eldigitaldeasturias.com\/magazine365\/#website","url":"https:\/\/eldigitaldeasturias.com\/magazine365\/","name":"El Digital de Asturias","description":"Revista de ocio, turismo y estilo de vida","inLanguage":"es-ES","publisher":{"@id":"https:\/\/eldigitaldeasturias.com\/magazine365\/#organization"}}]},"og:locale":"es_ES","og:site_name":"El Digital de Asturias \u2013 Revista de ocio, turismo y estilo de vida","og:type":"article","og:title":"Muere Aitor Mazo, el cura de \u201cOcho apellidos vascos\u201d | El Digital de Asturias","og:description":"El actor vasco, Aitor Mazo, ha muerto esta ma\u00f1ana en su domicilio de Bilbao. El int\u00e9rprete, conocido por su participaci\u00f3n en decenas de series de televisi\u00f3n de nuestro pa\u00eds, ha fallecido a los 53 a\u00f1os de edad. Entre ellas, se pueden citar &quot;M\u00e9dico de familia&quot;, &quot;Compa\u00f1eros&quot; y &quot;Cu\u00e9ntame&quot;. Tambi\u00e9n ha trabajado en &quot;Amar es para","og:url":"https:\/\/eldigitaldeasturias.com\/magazine365\/muere-aitor-mazo-el-cura-de-ocho-apellidos-vascos\/","og:image":"https:\/\/eldigitaldeasturias.com\/magazine365\/wp-content\/uploads\/2015\/05\/aitor.jpg","og:image:secure_url":"https:\/\/eldigitaldeasturias.com\/magazine365\/wp-content\/uploads\/2015\/05\/aitor.jpg","og:image:width":635,"og:image:height":424,"article:published_time":"2015-05-07T18:50:17+00:00","article:modified_time":"2015-05-11T06:02:40+00:00","twitter:card":"summary_large_image","twitter:title":"Muere Aitor Mazo, el cura de \u201cOcho apellidos vascos\u201d | El Digital de Asturias","twitter:description":"El actor vasco, Aitor Mazo, ha muerto esta ma\u00f1ana en su domicilio de Bilbao. El int\u00e9rprete, conocido por su participaci\u00f3n en decenas de series de televisi\u00f3n de nuestro pa\u00eds, ha fallecido a los 53 a\u00f1os de edad. Entre ellas, se pueden citar &quot;M\u00e9dico de familia&quot;, &quot;Compa\u00f1eros&quot; y &quot;Cu\u00e9ntame&quot;. Tambi\u00e9n ha trabajado en &quot;Amar es para","twitter:image":"https:\/\/eldigitaldeasturias.com\/magazine365\/wp-content\/uploads\/2015\/05\/aitor.jpg"},"aioseo_meta_data":{"post_id":"38211","title":null,"description":null,"keywords":null,"keyphrases":null,"primary_term":null,"canonical_url":null,"og_title":null,"og_description":null,"og_object_type":"default","og_image_type":"default","og_image_url":null,"og_image_width":null,"og_image_height":null,"og_image_custom_url":null,"og_image_custom_fields":null,"og_video":null,"og_custom_url":null,"og_article_section":null,"og_article_tags":null,"twitter_use_og":false,"twitter_card":"default","twitter_image_type":"default","twitter_image_url":null,"twitter_image_custom_url":null,"twitter_image_custom_fields":null,"twitter_title":null,"twitter_description":null,"schema":{"blockGraphs":[],"customGraphs":[],"default":{"data":{"Article":[],"Course":[],"Dataset":[],"FAQPage":[],"Movie":[],"Person":[],"Product":[],"ProductReview":[],"Car":[],"Recipe":[],"Service":[],"SoftwareApplication":[],"WebPage":[]},"graphName":"","isEnabled":true},"graphs":[],"defaultGraph":"","defaultPostTypeGraph":""},"schema_type":null,"schema_type_options":null,"pillar_content":false,"robots_default":true,"robots_noindex":false,"robots_noarchive":false,"robots_nosnippet":false,"robots_nofollow":false,"robots_noimageindex":false,"robots_noodp":false,"robots_notranslate":false,"robots_max_snippet":null,"robots_max_videopreview":null,"robots_max_imagepreview":"large","priority":null,"frequency":null,"location":null,"local_seo":null,"seo_analyzer_scan_date":"2025-09-19 09:06:02","breadcrumb_settings":null,"limit_modified_date":false,"open_ai":null,"ai":null,"created":"2021-03-09 02:56:46","updated":"2025-09-19 09:06:02"},"aioseo_breadcrumb":"<div class=\"aioseo-breadcrumbs\"><span class=\"aioseo-breadcrumb\">\n\t<a href=\"https:\/\/eldigitaldeasturias.com\/magazine365\" title=\"Home\">Home<\/a>\n<\/span><span class=\"aioseo-breadcrumb-separator\">\u2013<\/span><span class=\"aioseo-breadcrumb\">\n\t<a href=\"https:\/\/eldigitaldeasturias.com\/magazine365\/category\/noticias-actualidad\/\" title=\"Noticias y Actualidad\">Noticias y Actualidad<\/a>\n<\/span><span class=\"aioseo-breadcrumb-separator\">\u2013<\/span><span class=\"aioseo-breadcrumb\">\n\t<a href=\"https:\/\/eldigitaldeasturias.com\/magazine365\/muere-aitor-mazo-el-cura-de-ocho-apellidos-vascos\/\" title=\"Muere Aitor Mazo, el cura de \u201cOcho apellidos vascos\u201d\">Muere Aitor Mazo, el cura de \u201cOcho apellidos vascos\u201d<\/a>\n<\/span><\/div>","aioseo_breadcrumb_json":[{"label":"Home","link":"https:\/\/eldigitaldeasturias.com\/magazine365"},{"label":"Noticias y Actualidad","link":"https:\/\/eldigitaldeasturias.com\/magazine365\/category\/noticias-actualidad\/"},{"label":"Muere Aitor Mazo, el cura de \u201cOcho apellidos vascos\u201d","link":"https:\/\/eldigitaldeasturias.com\/magazine365\/muere-aitor-mazo-el-cura-de-ocho-apellidos-vascos\/"}],"_links":{"self":[{"href":"https:\/\/eldigitaldeasturias.com\/magazine365\/wp-json\/wp\/v2\/posts\/38211","targetHints":{"allow":["GET"]}}],"collection":[{"href":"https:\/\/eldigitaldeasturias.com\/magazine365\/wp-json\/wp\/v2\/posts"}],"about":[{"href":"https:\/\/eldigitaldeasturias.com\/magazine365\/wp-json\/wp\/v2\/types\/post"}],"author":[{"embeddable":true,"href":"https:\/\/eldigitaldeasturias.com\/magazine365\/wp-json\/wp\/v2\/users\/1"}],"replies":[{"embeddable":true,"href":"https:\/\/eldigitaldeasturias.com\/magazine365\/wp-json\/wp\/v2\/comments?post=38211"}],"version-history":[{"count":0,"href":"https:\/\/eldigitaldeasturias.com\/magazine365\/wp-json\/wp\/v2\/posts\/38211\/revisions"}],"wp:featuredmedia":[{"embeddable":true,"href":"https:\/\/eldigitaldeasturias.com\/magazine365\/wp-json\/wp\/v2\/media\/38212"}],"wp:attachment":[{"href":"https:\/\/eldigitaldeasturias.com\/magazine365\/wp-json\/wp\/v2\/media?parent=38211"}],"wp:term":[{"taxonomy":"category","embeddable":true,"href":"https:\/\/eldigitaldeasturias.com\/magazine365\/wp-json\/wp\/v2\/categories?post=38211"},{"taxonomy":"post_tag","embeddable":true,"href":"https:\/\/eldigitaldeasturias.com\/magazine365\/wp-json\/wp\/v2\/tags?post=38211"}],"curies":[{"name":"wp","href":"https:\/\/api.w.org\/{rel}","templated":true}]}}