{"id":38183,"date":"2015-05-06T00:02:46","date_gmt":"2015-05-05T22:32:46","guid":{"rendered":"http:\/\/eldigitaldeasturias.com\/magazine365\/?p=38183"},"modified":"2015-05-06T00:02:46","modified_gmt":"2015-05-05T22:32:46","slug":"jose-almeida-presidira-otea","status":"publish","type":"post","link":"https:\/\/eldigitaldeasturias.com\/magazine365\/jose-almeida-presidira-otea\/","title":{"rendered":"Jos\u00e9 Almeida presidir\u00e1 OTEA"},"content":{"rendered":"<p><img fetchpriority=\"high\" decoding=\"async\" class=\"alignleft size-medium wp-image-38184\" src=\"https:\/\/eldigitaldeasturias.com\/magazine365\/wp-content\/uploads\/2015\/05\/fotonoticia_20150505185012_800-360x270.jpg\" alt=\"fotonoticia_20150505185012_800\" width=\"360\" height=\"270\" srcset=\"https:\/\/eldigitaldeasturias.com\/magazine365\/wp-content\/uploads\/2015\/05\/fotonoticia_20150505185012_800-360x270.jpg 360w, https:\/\/eldigitaldeasturias.com\/magazine365\/wp-content\/uploads\/2015\/05\/fotonoticia_20150505185012_800-650x488.jpg 650w, https:\/\/eldigitaldeasturias.com\/magazine365\/wp-content\/uploads\/2015\/05\/fotonoticia_20150505185012_800-768x576.jpg 768w, https:\/\/eldigitaldeasturias.com\/magazine365\/wp-content\/uploads\/2015\/05\/fotonoticia_20150505185012_800-150x113.jpg 150w, https:\/\/eldigitaldeasturias.com\/magazine365\/wp-content\/uploads\/2015\/05\/fotonoticia_20150505185012_800-450x338.jpg 450w, https:\/\/eldigitaldeasturias.com\/magazine365\/wp-content\/uploads\/2015\/05\/fotonoticia_20150505185012_800-80x60.jpg 80w, https:\/\/eldigitaldeasturias.com\/magazine365\/wp-content\/uploads\/2015\/05\/fotonoticia_20150505185012_800-265x198.jpg 265w, https:\/\/eldigitaldeasturias.com\/magazine365\/wp-content\/uploads\/2015\/05\/fotonoticia_20150505185012_800-696x522.jpg 696w, https:\/\/eldigitaldeasturias.com\/magazine365\/wp-content\/uploads\/2015\/05\/fotonoticia_20150505185012_800-560x420.jpg 560w, https:\/\/eldigitaldeasturias.com\/magazine365\/wp-content\/uploads\/2015\/05\/fotonoticia_20150505185012_800-90x67.jpg 90w, https:\/\/eldigitaldeasturias.com\/magazine365\/wp-content\/uploads\/2015\/05\/fotonoticia_20150505185012_800-100x75.jpg 100w, https:\/\/eldigitaldeasturias.com\/magazine365\/wp-content\/uploads\/2015\/05\/fotonoticia_20150505185012_800.jpg 800w\" sizes=\"(max-width: 360px) 100vw, 360px\" \/>La Asociaci\u00f3n de Hosteler\u00eda de Gij\u00f3n y la de Asturias junto a la Uni\u00f3n Hotelera del Principado dar\u00e1n un nuevo paso a la fusi\u00f3n de las tres entidades el pr\u00f3ximo d\u00eda 30, cuando se someter\u00e1 a votaci\u00f3n de los asociados los Estatutos de la nueva asociaci\u00f3n, que llevar\u00e1 por nombre OTEA (Ocio y Turismo de Asturias).<\/p>\n<p>As\u00ed lo ha confirmado a Europa Press el presidente de la Asociaci\u00f3n de Hosteler\u00eda de Gij\u00f3n, Ricardo \u00c1lvarez. Este ha se\u00f1alado que cada entidad celebrar\u00e1 su propia reuni\u00f3n pero las tres ser\u00e1n el mismo d\u00eda. De no haber cambios, el presidente ejecutivo ser\u00e1 Jos\u00e9 Almeida, quien es ahora presidente de la Asociaci\u00f3n Hosteler\u00eda de Asturias.<\/p>\n<p>Habr\u00e1 adem\u00e1s dos presidentes; Fernando Corral, por parte de la Uni\u00f3n Hotelera del Principado, y \u00e9l mismo por la Hosteler\u00eda de Gij\u00f3n. Se espera que la asociaci\u00f3n resultante eche a andar en junio. El acuerdo de fusi\u00f3n entre las tres entidades fue rubricado el pasado 29 de enero, en el marco de la Feria Internacional del Turismo (Fitur).<\/p>\n","protected":false},"excerpt":{"rendered":"<p>La Asociaci\u00f3n de Hosteler\u00eda de Gij\u00f3n y la de Asturias junto a la Uni\u00f3n Hotelera del Principado dar\u00e1n un nuevo paso a la fusi\u00f3n de las tres entidades el pr\u00f3ximo d\u00eda 30, cuando se someter\u00e1 a votaci\u00f3n de los asociados los Estatutos de la nueva asociaci\u00f3n, que llevar\u00e1 por nombre OTEA (Ocio y Turismo de<\/p>\n","protected":false},"author":1,"featured_media":38184,"comment_status":"open","ping_status":"closed","sticky":false,"template":"","format":"standard","meta":{"footnotes":""},"categories":[222],"tags":[],"class_list":{"0":"post-38183","1":"post","2":"type-post","3":"status-publish","4":"format-standard","5":"has-post-thumbnail","7":"category-actualidad-turismo"},"aioseo_notices":[],"aioseo_head":"\n\t\t<!-- All in One SEO Pro 4.9.6.1 - aioseo.com -->\n\t<meta name=\"description\" content=\"La Asociaci\u00f3n de Hosteler\u00eda de Gij\u00f3n y la de Asturias junto a la Uni\u00f3n Hotelera del Principado dar\u00e1n un nuevo paso a la fusi\u00f3n de las tres entidades el pr\u00f3ximo d\u00eda 30, cuando se someter\u00e1 a votaci\u00f3n de los asociados los Estatutos de la nueva asociaci\u00f3n, que llevar\u00e1 por nombre OTEA (Ocio y Turismo de\" \/>\n\t<meta name=\"robots\" content=\"max-image-preview:large\" \/>\n\t<meta name=\"author\" content=\"admin\"\/>\n\t<meta name=\"google-site-verification\" content=\"UA-38556648-1\" \/>\n\t<meta name=\"keywords\" content=\"actualidad turismo\" \/>\n\t<link rel=\"canonical\" href=\"https:\/\/eldigitaldeasturias.com\/magazine365\/jose-almeida-presidira-otea\/\" \/>\n\t<meta name=\"generator\" content=\"All in One SEO Pro (AIOSEO) 4.9.6.1\" \/>\n\t\t<meta property=\"og:locale\" content=\"es_ES\" \/>\n\t\t<meta property=\"og:site_name\" content=\"El Digital de Asturias \u2013 Revista de ocio, turismo y estilo de vida\" \/>\n\t\t<meta property=\"og:type\" content=\"article\" \/>\n\t\t<meta property=\"og:title\" content=\"Jos\u00e9 Almeida presidir\u00e1 OTEA | El Digital de Asturias\" \/>\n\t\t<meta property=\"og:description\" content=\"La Asociaci\u00f3n de Hosteler\u00eda de Gij\u00f3n y la de Asturias junto a la Uni\u00f3n Hotelera del Principado dar\u00e1n un nuevo paso a la fusi\u00f3n de las tres entidades el pr\u00f3ximo d\u00eda 30, cuando se someter\u00e1 a votaci\u00f3n de los asociados los Estatutos de la nueva asociaci\u00f3n, que llevar\u00e1 por nombre OTEA (Ocio y Turismo de\" \/>\n\t\t<meta property=\"og:url\" content=\"https:\/\/eldigitaldeasturias.com\/magazine365\/jose-almeida-presidira-otea\/\" \/>\n\t\t<meta property=\"og:image\" content=\"https:\/\/eldigitaldeasturias.com\/magazine365\/wp-content\/uploads\/2015\/05\/fotonoticia_20150505185012_800.jpg\" \/>\n\t\t<meta property=\"og:image:secure_url\" content=\"https:\/\/eldigitaldeasturias.com\/magazine365\/wp-content\/uploads\/2015\/05\/fotonoticia_20150505185012_800.jpg\" \/>\n\t\t<meta property=\"og:image:width\" content=\"800\" \/>\n\t\t<meta property=\"og:image:height\" content=\"600\" \/>\n\t\t<meta property=\"article:published_time\" content=\"2015-05-05T22:32:46+00:00\" \/>\n\t\t<meta property=\"article:modified_time\" content=\"2015-05-05T22:32:46+00:00\" \/>\n\t\t<meta name=\"twitter:card\" content=\"summary_large_image\" \/>\n\t\t<meta name=\"twitter:title\" content=\"Jos\u00e9 Almeida presidir\u00e1 OTEA | El Digital de Asturias\" \/>\n\t\t<meta name=\"twitter:description\" content=\"La Asociaci\u00f3n de Hosteler\u00eda de Gij\u00f3n y la de Asturias junto a la Uni\u00f3n Hotelera del Principado dar\u00e1n un nuevo paso a la fusi\u00f3n de las tres entidades el pr\u00f3ximo d\u00eda 30, cuando se someter\u00e1 a votaci\u00f3n de los asociados los Estatutos de la nueva asociaci\u00f3n, que llevar\u00e1 por nombre OTEA (Ocio y Turismo de\" \/>\n\t\t<meta name=\"twitter:image\" content=\"https:\/\/eldigitaldeasturias.com\/magazine365\/wp-content\/uploads\/2015\/05\/fotonoticia_20150505185012_800.jpg\" \/>\n\t\t<script type=\"application\/ld+json\" class=\"aioseo-schema\">\n\t\t\t{\"@context\":\"https:\\\/\\\/schema.org\",\"@graph\":[{\"@type\":\"Article\",\"@id\":\"https:\\\/\\\/eldigitaldeasturias.com\\\/magazine365\\\/jose-almeida-presidira-otea\\\/#article\",\"name\":\"Jos\\u00e9 Almeida presidir\\u00e1 OTEA | El Digital de Asturias\",\"headline\":\"Jos\\u00e9 Almeida presidir\\u00e1 OTEA\",\"author\":{\"@id\":\"https:\\\/\\\/eldigitaldeasturias.com\\\/magazine365\\\/author\\\/admin\\\/#author\"},\"publisher\":{\"@id\":\"https:\\\/\\\/eldigitaldeasturias.com\\\/magazine365\\\/#organization\"},\"image\":{\"@type\":\"ImageObject\",\"url\":\"https:\\\/\\\/eldigitaldeasturias.com\\\/magazine365\\\/wp-content\\\/uploads\\\/2015\\\/05\\\/fotonoticia_20150505185012_800.jpg\",\"width\":800,\"height\":600},\"datePublished\":\"2015-05-06T00:02:46+02:00\",\"dateModified\":\"2015-05-06T00:02:46+02:00\",\"inLanguage\":\"es-ES\",\"mainEntityOfPage\":{\"@id\":\"https:\\\/\\\/eldigitaldeasturias.com\\\/magazine365\\\/jose-almeida-presidira-otea\\\/#webpage\"},\"isPartOf\":{\"@id\":\"https:\\\/\\\/eldigitaldeasturias.com\\\/magazine365\\\/jose-almeida-presidira-otea\\\/#webpage\"},\"articleSection\":\"Actualidad Turismo\"},{\"@type\":\"BreadcrumbList\",\"@id\":\"https:\\\/\\\/eldigitaldeasturias.com\\\/magazine365\\\/jose-almeida-presidira-otea\\\/#breadcrumblist\",\"itemListElement\":[{\"@type\":\"ListItem\",\"@id\":\"https:\\\/\\\/eldigitaldeasturias.com\\\/magazine365#listItem\",\"position\":1,\"name\":\"Home\",\"item\":\"https:\\\/\\\/eldigitaldeasturias.com\\\/magazine365\",\"nextItem\":{\"@type\":\"ListItem\",\"@id\":\"https:\\\/\\\/eldigitaldeasturias.com\\\/magazine365\\\/category\\\/actualidad-turismo\\\/#listItem\",\"name\":\"Actualidad Turismo\"}},{\"@type\":\"ListItem\",\"@id\":\"https:\\\/\\\/eldigitaldeasturias.com\\\/magazine365\\\/category\\\/actualidad-turismo\\\/#listItem\",\"position\":2,\"name\":\"Actualidad Turismo\",\"item\":\"https:\\\/\\\/eldigitaldeasturias.com\\\/magazine365\\\/category\\\/actualidad-turismo\\\/\",\"nextItem\":{\"@type\":\"ListItem\",\"@id\":\"https:\\\/\\\/eldigitaldeasturias.com\\\/magazine365\\\/jose-almeida-presidira-otea\\\/#listItem\",\"name\":\"Jos\\u00e9 Almeida presidir\\u00e1 OTEA\"},\"previousItem\":{\"@type\":\"ListItem\",\"@id\":\"https:\\\/\\\/eldigitaldeasturias.com\\\/magazine365#listItem\",\"name\":\"Home\"}},{\"@type\":\"ListItem\",\"@id\":\"https:\\\/\\\/eldigitaldeasturias.com\\\/magazine365\\\/jose-almeida-presidira-otea\\\/#listItem\",\"position\":3,\"name\":\"Jos\\u00e9 Almeida presidir\\u00e1 OTEA\",\"previousItem\":{\"@type\":\"ListItem\",\"@id\":\"https:\\\/\\\/eldigitaldeasturias.com\\\/magazine365\\\/category\\\/actualidad-turismo\\\/#listItem\",\"name\":\"Actualidad Turismo\"}}]},{\"@type\":\"Organization\",\"@id\":\"https:\\\/\\\/eldigitaldeasturias.com\\\/magazine365\\\/#organization\",\"name\":\"El digital de Asturias\",\"description\":\"Revista de ocio, turismo y estilo de vida\",\"url\":\"https:\\\/\\\/eldigitaldeasturias.com\\\/magazine365\\\/\",\"logo\":{\"@type\":\"ImageObject\",\"url\":\"https:\\\/\\\/www.eldigitaldeasturias.com\\\/noticias\\\/wp-content\\\/uploads\\\/2020\\\/12\\\/EDA.jpg\",\"@id\":\"https:\\\/\\\/eldigitaldeasturias.com\\\/magazine365\\\/jose-almeida-presidira-otea\\\/#organizationLogo\"},\"image\":{\"@id\":\"https:\\\/\\\/eldigitaldeasturias.com\\\/magazine365\\\/jose-almeida-presidira-otea\\\/#organizationLogo\"}},{\"@type\":\"Person\",\"@id\":\"https:\\\/\\\/eldigitaldeasturias.com\\\/magazine365\\\/author\\\/admin\\\/#author\",\"url\":\"https:\\\/\\\/eldigitaldeasturias.com\\\/magazine365\\\/author\\\/admin\\\/\",\"name\":\"admin\",\"image\":{\"@type\":\"ImageObject\",\"@id\":\"https:\\\/\\\/eldigitaldeasturias.com\\\/magazine365\\\/jose-almeida-presidira-otea\\\/#authorImage\",\"url\":\"https:\\\/\\\/eldigitaldeasturias.com\\\/magazine365\\\/wp-content\\\/litespeed\\\/avatar\\\/e571bcf59a0edd6fa6838245a470f2fe.jpg?ver=1776969259\",\"width\":96,\"height\":96,\"caption\":\"admin\"}},{\"@type\":\"WebPage\",\"@id\":\"https:\\\/\\\/eldigitaldeasturias.com\\\/magazine365\\\/jose-almeida-presidira-otea\\\/#webpage\",\"url\":\"https:\\\/\\\/eldigitaldeasturias.com\\\/magazine365\\\/jose-almeida-presidira-otea\\\/\",\"name\":\"Jos\\u00e9 Almeida presidir\\u00e1 OTEA | El Digital de Asturias\",\"description\":\"La Asociaci\\u00f3n de Hosteler\\u00eda de Gij\\u00f3n y la de Asturias junto a la Uni\\u00f3n Hotelera del Principado dar\\u00e1n un nuevo paso a la fusi\\u00f3n de las tres entidades el pr\\u00f3ximo d\\u00eda 30, cuando se someter\\u00e1 a votaci\\u00f3n de los asociados los Estatutos de la nueva asociaci\\u00f3n, que llevar\\u00e1 por nombre OTEA (Ocio y Turismo de\",\"inLanguage\":\"es-ES\",\"isPartOf\":{\"@id\":\"https:\\\/\\\/eldigitaldeasturias.com\\\/magazine365\\\/#website\"},\"breadcrumb\":{\"@id\":\"https:\\\/\\\/eldigitaldeasturias.com\\\/magazine365\\\/jose-almeida-presidira-otea\\\/#breadcrumblist\"},\"author\":{\"@id\":\"https:\\\/\\\/eldigitaldeasturias.com\\\/magazine365\\\/author\\\/admin\\\/#author\"},\"creator\":{\"@id\":\"https:\\\/\\\/eldigitaldeasturias.com\\\/magazine365\\\/author\\\/admin\\\/#author\"},\"image\":{\"@type\":\"ImageObject\",\"url\":\"https:\\\/\\\/eldigitaldeasturias.com\\\/magazine365\\\/wp-content\\\/uploads\\\/2015\\\/05\\\/fotonoticia_20150505185012_800.jpg\",\"@id\":\"https:\\\/\\\/eldigitaldeasturias.com\\\/magazine365\\\/jose-almeida-presidira-otea\\\/#mainImage\",\"width\":800,\"height\":600},\"primaryImageOfPage\":{\"@id\":\"https:\\\/\\\/eldigitaldeasturias.com\\\/magazine365\\\/jose-almeida-presidira-otea\\\/#mainImage\"},\"datePublished\":\"2015-05-06T00:02:46+02:00\",\"dateModified\":\"2015-05-06T00:02:46+02:00\"},{\"@type\":\"WebSite\",\"@id\":\"https:\\\/\\\/eldigitaldeasturias.com\\\/magazine365\\\/#website\",\"url\":\"https:\\\/\\\/eldigitaldeasturias.com\\\/magazine365\\\/\",\"name\":\"El Digital de Asturias\",\"description\":\"Revista de ocio, turismo y estilo de vida\",\"inLanguage\":\"es-ES\",\"publisher\":{\"@id\":\"https:\\\/\\\/eldigitaldeasturias.com\\\/magazine365\\\/#organization\"}}]}\n\t\t<\/script>\n\t\t<!-- All in One SEO Pro -->\r\n\t\t<title>Jos\u00e9 Almeida presidir\u00e1 OTEA | El Digital de Asturias<\/title>\n\n","aioseo_head_json":{"title":"Jos\u00e9 Almeida presidir\u00e1 OTEA | El Digital de Asturias","description":"La Asociaci\u00f3n de Hosteler\u00eda de Gij\u00f3n y la de Asturias junto a la Uni\u00f3n Hotelera del Principado dar\u00e1n un nuevo paso a la fusi\u00f3n de las tres entidades el pr\u00f3ximo d\u00eda 30, cuando se someter\u00e1 a votaci\u00f3n de los asociados los Estatutos de la nueva asociaci\u00f3n, que llevar\u00e1 por nombre OTEA (Ocio y Turismo de","canonical_url":"https:\/\/eldigitaldeasturias.com\/magazine365\/jose-almeida-presidira-otea\/","robots":"max-image-preview:large","keywords":"actualidad turismo","webmasterTools":{"google-site-verification":"UA-38556648-1","miscellaneous":""},"schema":{"@context":"https:\/\/schema.org","@graph":[{"@type":"Article","@id":"https:\/\/eldigitaldeasturias.com\/magazine365\/jose-almeida-presidira-otea\/#article","name":"Jos\u00e9 Almeida presidir\u00e1 OTEA | El Digital de Asturias","headline":"Jos\u00e9 Almeida presidir\u00e1 OTEA","author":{"@id":"https:\/\/eldigitaldeasturias.com\/magazine365\/author\/admin\/#author"},"publisher":{"@id":"https:\/\/eldigitaldeasturias.com\/magazine365\/#organization"},"image":{"@type":"ImageObject","url":"https:\/\/eldigitaldeasturias.com\/magazine365\/wp-content\/uploads\/2015\/05\/fotonoticia_20150505185012_800.jpg","width":800,"height":600},"datePublished":"2015-05-06T00:02:46+02:00","dateModified":"2015-05-06T00:02:46+02:00","inLanguage":"es-ES","mainEntityOfPage":{"@id":"https:\/\/eldigitaldeasturias.com\/magazine365\/jose-almeida-presidira-otea\/#webpage"},"isPartOf":{"@id":"https:\/\/eldigitaldeasturias.com\/magazine365\/jose-almeida-presidira-otea\/#webpage"},"articleSection":"Actualidad Turismo"},{"@type":"BreadcrumbList","@id":"https:\/\/eldigitaldeasturias.com\/magazine365\/jose-almeida-presidira-otea\/#breadcrumblist","itemListElement":[{"@type":"ListItem","@id":"https:\/\/eldigitaldeasturias.com\/magazine365#listItem","position":1,"name":"Home","item":"https:\/\/eldigitaldeasturias.com\/magazine365","nextItem":{"@type":"ListItem","@id":"https:\/\/eldigitaldeasturias.com\/magazine365\/category\/actualidad-turismo\/#listItem","name":"Actualidad Turismo"}},{"@type":"ListItem","@id":"https:\/\/eldigitaldeasturias.com\/magazine365\/category\/actualidad-turismo\/#listItem","position":2,"name":"Actualidad Turismo","item":"https:\/\/eldigitaldeasturias.com\/magazine365\/category\/actualidad-turismo\/","nextItem":{"@type":"ListItem","@id":"https:\/\/eldigitaldeasturias.com\/magazine365\/jose-almeida-presidira-otea\/#listItem","name":"Jos\u00e9 Almeida presidir\u00e1 OTEA"},"previousItem":{"@type":"ListItem","@id":"https:\/\/eldigitaldeasturias.com\/magazine365#listItem","name":"Home"}},{"@type":"ListItem","@id":"https:\/\/eldigitaldeasturias.com\/magazine365\/jose-almeida-presidira-otea\/#listItem","position":3,"name":"Jos\u00e9 Almeida presidir\u00e1 OTEA","previousItem":{"@type":"ListItem","@id":"https:\/\/eldigitaldeasturias.com\/magazine365\/category\/actualidad-turismo\/#listItem","name":"Actualidad Turismo"}}]},{"@type":"Organization","@id":"https:\/\/eldigitaldeasturias.com\/magazine365\/#organization","name":"El digital de Asturias","description":"Revista de ocio, turismo y estilo de vida","url":"https:\/\/eldigitaldeasturias.com\/magazine365\/","logo":{"@type":"ImageObject","url":"https:\/\/www.eldigitaldeasturias.com\/noticias\/wp-content\/uploads\/2020\/12\/EDA.jpg","@id":"https:\/\/eldigitaldeasturias.com\/magazine365\/jose-almeida-presidira-otea\/#organizationLogo"},"image":{"@id":"https:\/\/eldigitaldeasturias.com\/magazine365\/jose-almeida-presidira-otea\/#organizationLogo"}},{"@type":"Person","@id":"https:\/\/eldigitaldeasturias.com\/magazine365\/author\/admin\/#author","url":"https:\/\/eldigitaldeasturias.com\/magazine365\/author\/admin\/","name":"admin","image":{"@type":"ImageObject","@id":"https:\/\/eldigitaldeasturias.com\/magazine365\/jose-almeida-presidira-otea\/#authorImage","url":"https:\/\/eldigitaldeasturias.com\/magazine365\/wp-content\/litespeed\/avatar\/e571bcf59a0edd6fa6838245a470f2fe.jpg?ver=1776969259","width":96,"height":96,"caption":"admin"}},{"@type":"WebPage","@id":"https:\/\/eldigitaldeasturias.com\/magazine365\/jose-almeida-presidira-otea\/#webpage","url":"https:\/\/eldigitaldeasturias.com\/magazine365\/jose-almeida-presidira-otea\/","name":"Jos\u00e9 Almeida presidir\u00e1 OTEA | El Digital de Asturias","description":"La Asociaci\u00f3n de Hosteler\u00eda de Gij\u00f3n y la de Asturias junto a la Uni\u00f3n Hotelera del Principado dar\u00e1n un nuevo paso a la fusi\u00f3n de las tres entidades el pr\u00f3ximo d\u00eda 30, cuando se someter\u00e1 a votaci\u00f3n de los asociados los Estatutos de la nueva asociaci\u00f3n, que llevar\u00e1 por nombre OTEA (Ocio y Turismo de","inLanguage":"es-ES","isPartOf":{"@id":"https:\/\/eldigitaldeasturias.com\/magazine365\/#website"},"breadcrumb":{"@id":"https:\/\/eldigitaldeasturias.com\/magazine365\/jose-almeida-presidira-otea\/#breadcrumblist"},"author":{"@id":"https:\/\/eldigitaldeasturias.com\/magazine365\/author\/admin\/#author"},"creator":{"@id":"https:\/\/eldigitaldeasturias.com\/magazine365\/author\/admin\/#author"},"image":{"@type":"ImageObject","url":"https:\/\/eldigitaldeasturias.com\/magazine365\/wp-content\/uploads\/2015\/05\/fotonoticia_20150505185012_800.jpg","@id":"https:\/\/eldigitaldeasturias.com\/magazine365\/jose-almeida-presidira-otea\/#mainImage","width":800,"height":600},"primaryImageOfPage":{"@id":"https:\/\/eldigitaldeasturias.com\/magazine365\/jose-almeida-presidira-otea\/#mainImage"},"datePublished":"2015-05-06T00:02:46+02:00","dateModified":"2015-05-06T00:02:46+02:00"},{"@type":"WebSite","@id":"https:\/\/eldigitaldeasturias.com\/magazine365\/#website","url":"https:\/\/eldigitaldeasturias.com\/magazine365\/","name":"El Digital de Asturias","description":"Revista de ocio, turismo y estilo de vida","inLanguage":"es-ES","publisher":{"@id":"https:\/\/eldigitaldeasturias.com\/magazine365\/#organization"}}]},"og:locale":"es_ES","og:site_name":"El Digital de Asturias \u2013 Revista de ocio, turismo y estilo de vida","og:type":"article","og:title":"Jos\u00e9 Almeida presidir\u00e1 OTEA | El Digital de Asturias","og:description":"La Asociaci\u00f3n de Hosteler\u00eda de Gij\u00f3n y la de Asturias junto a la Uni\u00f3n Hotelera del Principado dar\u00e1n un nuevo paso a la fusi\u00f3n de las tres entidades el pr\u00f3ximo d\u00eda 30, cuando se someter\u00e1 a votaci\u00f3n de los asociados los Estatutos de la nueva asociaci\u00f3n, que llevar\u00e1 por nombre OTEA (Ocio y Turismo de","og:url":"https:\/\/eldigitaldeasturias.com\/magazine365\/jose-almeida-presidira-otea\/","og:image":"https:\/\/eldigitaldeasturias.com\/magazine365\/wp-content\/uploads\/2015\/05\/fotonoticia_20150505185012_800.jpg","og:image:secure_url":"https:\/\/eldigitaldeasturias.com\/magazine365\/wp-content\/uploads\/2015\/05\/fotonoticia_20150505185012_800.jpg","og:image:width":800,"og:image:height":600,"article:published_time":"2015-05-05T22:32:46+00:00","article:modified_time":"2015-05-05T22:32:46+00:00","twitter:card":"summary_large_image","twitter:title":"Jos\u00e9 Almeida presidir\u00e1 OTEA | El Digital de Asturias","twitter:description":"La Asociaci\u00f3n de Hosteler\u00eda de Gij\u00f3n y la de Asturias junto a la Uni\u00f3n Hotelera del Principado dar\u00e1n un nuevo paso a la fusi\u00f3n de las tres entidades el pr\u00f3ximo d\u00eda 30, cuando se someter\u00e1 a votaci\u00f3n de los asociados los Estatutos de la nueva asociaci\u00f3n, que llevar\u00e1 por nombre OTEA (Ocio y Turismo de","twitter:image":"https:\/\/eldigitaldeasturias.com\/magazine365\/wp-content\/uploads\/2015\/05\/fotonoticia_20150505185012_800.jpg"},"aioseo_meta_data":{"post_id":"38183","title":null,"description":null,"keywords":null,"keyphrases":null,"primary_term":null,"canonical_url":null,"og_title":null,"og_description":null,"og_object_type":"default","og_image_type":"default","og_image_url":null,"og_image_width":null,"og_image_height":null,"og_image_custom_url":null,"og_image_custom_fields":null,"og_video":null,"og_custom_url":null,"og_article_section":null,"og_article_tags":null,"twitter_use_og":false,"twitter_card":"default","twitter_image_type":"default","twitter_image_url":null,"twitter_image_custom_url":null,"twitter_image_custom_fields":null,"twitter_title":null,"twitter_description":null,"schema":{"blockGraphs":[],"customGraphs":[],"default":{"data":{"Article":[],"Course":[],"Dataset":[],"FAQPage":[],"Movie":[],"Person":[],"Product":[],"ProductReview":[],"Car":[],"Recipe":[],"Service":[],"SoftwareApplication":[],"WebPage":[]},"graphName":"","isEnabled":true},"graphs":[],"defaultGraph":"","defaultPostTypeGraph":""},"schema_type":null,"schema_type_options":null,"pillar_content":false,"robots_default":true,"robots_noindex":false,"robots_noarchive":false,"robots_nosnippet":false,"robots_nofollow":false,"robots_noimageindex":false,"robots_noodp":false,"robots_notranslate":false,"robots_max_snippet":null,"robots_max_videopreview":null,"robots_max_imagepreview":"large","priority":null,"frequency":null,"location":null,"local_seo":null,"seo_analyzer_scan_date":"2025-09-19 09:02:07","breadcrumb_settings":null,"limit_modified_date":false,"open_ai":null,"ai":null,"created":"2021-03-09 02:56:46","updated":"2025-09-19 09:02:07"},"aioseo_breadcrumb":"<div class=\"aioseo-breadcrumbs\"><span class=\"aioseo-breadcrumb\">\n\t<a href=\"https:\/\/eldigitaldeasturias.com\/magazine365\" title=\"Home\">Home<\/a>\n<\/span><span class=\"aioseo-breadcrumb-separator\">\u2013<\/span><span class=\"aioseo-breadcrumb\">\n\t<a href=\"https:\/\/eldigitaldeasturias.com\/magazine365\/category\/actualidad-turismo\/\" title=\"Actualidad Turismo\">Actualidad Turismo<\/a>\n<\/span><span class=\"aioseo-breadcrumb-separator\">\u2013<\/span><span class=\"aioseo-breadcrumb\">\n\t<a href=\"https:\/\/eldigitaldeasturias.com\/magazine365\/jose-almeida-presidira-otea\/\" title=\"Jos\u00e9 Almeida presidir\u00e1 OTEA\">Jos\u00e9 Almeida presidir\u00e1 OTEA<\/a>\n<\/span><\/div>","aioseo_breadcrumb_json":[{"label":"Home","link":"https:\/\/eldigitaldeasturias.com\/magazine365"},{"label":"Actualidad Turismo","link":"https:\/\/eldigitaldeasturias.com\/magazine365\/category\/actualidad-turismo\/"},{"label":"Jos\u00e9 Almeida presidir\u00e1 OTEA","link":"https:\/\/eldigitaldeasturias.com\/magazine365\/jose-almeida-presidira-otea\/"}],"_links":{"self":[{"href":"https:\/\/eldigitaldeasturias.com\/magazine365\/wp-json\/wp\/v2\/posts\/38183","targetHints":{"allow":["GET"]}}],"collection":[{"href":"https:\/\/eldigitaldeasturias.com\/magazine365\/wp-json\/wp\/v2\/posts"}],"about":[{"href":"https:\/\/eldigitaldeasturias.com\/magazine365\/wp-json\/wp\/v2\/types\/post"}],"author":[{"embeddable":true,"href":"https:\/\/eldigitaldeasturias.com\/magazine365\/wp-json\/wp\/v2\/users\/1"}],"replies":[{"embeddable":true,"href":"https:\/\/eldigitaldeasturias.com\/magazine365\/wp-json\/wp\/v2\/comments?post=38183"}],"version-history":[{"count":0,"href":"https:\/\/eldigitaldeasturias.com\/magazine365\/wp-json\/wp\/v2\/posts\/38183\/revisions"}],"wp:featuredmedia":[{"embeddable":true,"href":"https:\/\/eldigitaldeasturias.com\/magazine365\/wp-json\/wp\/v2\/media\/38184"}],"wp:attachment":[{"href":"https:\/\/eldigitaldeasturias.com\/magazine365\/wp-json\/wp\/v2\/media?parent=38183"}],"wp:term":[{"taxonomy":"category","embeddable":true,"href":"https:\/\/eldigitaldeasturias.com\/magazine365\/wp-json\/wp\/v2\/categories?post=38183"},{"taxonomy":"post_tag","embeddable":true,"href":"https:\/\/eldigitaldeasturias.com\/magazine365\/wp-json\/wp\/v2\/tags?post=38183"}],"curies":[{"name":"wp","href":"https:\/\/api.w.org\/{rel}","templated":true}]}}