{"id":38177,"date":"2015-05-05T21:03:02","date_gmt":"2015-05-05T19:33:02","guid":{"rendered":"http:\/\/eldigitaldeasturias.com\/magazine365\/?p=38177"},"modified":"2015-05-05T21:03:02","modified_gmt":"2015-05-05T19:33:02","slug":"divertia-proyecta-un-programa-de-promocion-turistica-centrada-en-los-ninos","status":"publish","type":"post","link":"https:\/\/eldigitaldeasturias.com\/magazine365\/divertia-proyecta-un-programa-de-promocion-turistica-centrada-en-los-ninos\/","title":{"rendered":"Divertia proyecta un programa de promoci\u00f3n tur\u00edstica centrada en los ni\u00f1os"},"content":{"rendered":"<p><img fetchpriority=\"high\" decoding=\"async\" class=\"alignleft size-medium wp-image-38178\" src=\"https:\/\/eldigitaldeasturias.com\/magazine365\/wp-content\/uploads\/2015\/05\/fotonoticia_20150505152909_800-360x270.jpg\" alt=\"fotonoticia_20150505152909_800\" width=\"360\" height=\"270\" srcset=\"https:\/\/eldigitaldeasturias.com\/magazine365\/wp-content\/uploads\/2015\/05\/fotonoticia_20150505152909_800-360x270.jpg 360w, https:\/\/eldigitaldeasturias.com\/magazine365\/wp-content\/uploads\/2015\/05\/fotonoticia_20150505152909_800-650x488.jpg 650w, https:\/\/eldigitaldeasturias.com\/magazine365\/wp-content\/uploads\/2015\/05\/fotonoticia_20150505152909_800-768x576.jpg 768w, https:\/\/eldigitaldeasturias.com\/magazine365\/wp-content\/uploads\/2015\/05\/fotonoticia_20150505152909_800-150x113.jpg 150w, https:\/\/eldigitaldeasturias.com\/magazine365\/wp-content\/uploads\/2015\/05\/fotonoticia_20150505152909_800-450x338.jpg 450w, https:\/\/eldigitaldeasturias.com\/magazine365\/wp-content\/uploads\/2015\/05\/fotonoticia_20150505152909_800-80x60.jpg 80w, https:\/\/eldigitaldeasturias.com\/magazine365\/wp-content\/uploads\/2015\/05\/fotonoticia_20150505152909_800-265x198.jpg 265w, https:\/\/eldigitaldeasturias.com\/magazine365\/wp-content\/uploads\/2015\/05\/fotonoticia_20150505152909_800-696x522.jpg 696w, https:\/\/eldigitaldeasturias.com\/magazine365\/wp-content\/uploads\/2015\/05\/fotonoticia_20150505152909_800-560x420.jpg 560w, https:\/\/eldigitaldeasturias.com\/magazine365\/wp-content\/uploads\/2015\/05\/fotonoticia_20150505152909_800-90x67.jpg 90w, https:\/\/eldigitaldeasturias.com\/magazine365\/wp-content\/uploads\/2015\/05\/fotonoticia_20150505152909_800-100x75.jpg 100w, https:\/\/eldigitaldeasturias.com\/magazine365\/wp-content\/uploads\/2015\/05\/fotonoticia_20150505152909_800.jpg 800w\" sizes=\"(max-width: 360px) 100vw, 360px\" \/>El gerente de Divertia, Jes\u00fas Mart\u00ednez Salvador, ha anunciado este martes que en los pr\u00f3ximos d\u00edas se dar\u00e1 a conocer un proyecto de promoci\u00f3n tur\u00edstica dirigido al p\u00fablico infantil, en el que tendr\u00e1n como referencia la gu\u00eda tur\u00edstica \u00abde ni\u00f1os para ni\u00f1os\u00bb hecha por los alumnos del colegio de La Corolla, y que tiene como lema &#8216;Gijon contagia, contagia Gij\u00f3n&#8217;.<\/p>\n<p>Ser\u00e1 un proyecto de c\u00f3mo los ni\u00f1os ven Gij\u00f3n y c\u00f3mo pueden disfrutar lo m\u00e1ximo posible de la ciudad, seg\u00fan Mart\u00ednez Salvador. As\u00ed lo ha indicado durante la presentaci\u00f3n en el Ayuntamiento de Gij\u00f3n de la citada gu\u00eda a cargo de profesores y escolares que participaron en el proyecto, en un acto en el que ha participado la alcaldesa gijonesa, Carmen Moriy\u00f3n (Foro).<\/p>\n<p>Los alumnos de La Corolla han explicado c\u00f3mo se dieron cuenta de que no conoc\u00edan suficiente la ciudad para ello. \u00abUn paso atr\u00e1s, nos hizo dar unos cuantos pasos adelante\u00bb, ha se\u00f1alado una de las participantes, los cuales se declaran contagiados por su ciudad e invitan a los ni\u00f1os de otras localidades a hacer lo mismo.<\/p>\n<p>Tambi\u00e9n han destacado la importancia de las redes sociales como la mejor herramienta \u00abpara contagiar\u00bb, de lo que surgi\u00f3 el hashtag #contagiagijon. En este sentido, han invitado a todos a enviar un tweet con ese hashtag y cambiar el perfil de usuario por el emotic\u00f3n denominado \u00abcontagiados\u00bb.<\/p>\n","protected":false},"excerpt":{"rendered":"<p>El gerente de Divertia, Jes\u00fas Mart\u00ednez Salvador, ha anunciado este martes que en los pr\u00f3ximos d\u00edas se dar\u00e1 a conocer un proyecto de promoci\u00f3n tur\u00edstica dirigido al p\u00fablico infantil, en el que tendr\u00e1n como referencia la gu\u00eda tur\u00edstica \u00abde ni\u00f1os para ni\u00f1os\u00bb hecha por los alumnos del colegio de La Corolla, y que tiene como<\/p>\n","protected":false},"author":1,"featured_media":38178,"comment_status":"open","ping_status":"closed","sticky":false,"template":"","format":"standard","meta":{"footnotes":""},"categories":[224],"tags":[],"class_list":{"0":"post-38177","1":"post","2":"type-post","3":"status-publish","4":"format-standard","5":"has-post-thumbnail","7":"category-noticias-actualidad"},"aioseo_notices":[],"aioseo_head":"\n\t\t<!-- All in One SEO Pro 4.9.6.1 - aioseo.com -->\n\t<meta name=\"description\" content=\"El gerente de Divertia, Jes\u00fas Mart\u00ednez Salvador, ha anunciado este martes que en los pr\u00f3ximos d\u00edas se dar\u00e1 a conocer un proyecto de promoci\u00f3n tur\u00edstica dirigido al p\u00fablico infantil, en el que tendr\u00e1n como referencia la gu\u00eda tur\u00edstica &quot;de ni\u00f1os para ni\u00f1os&quot; hecha por los alumnos del colegio de La Corolla, y que tiene como\" \/>\n\t<meta name=\"robots\" content=\"max-image-preview:large\" \/>\n\t<meta name=\"author\" content=\"admin\"\/>\n\t<meta name=\"google-site-verification\" content=\"UA-38556648-1\" \/>\n\t<meta name=\"keywords\" content=\"noticias y actualidad\" \/>\n\t<link rel=\"canonical\" href=\"https:\/\/eldigitaldeasturias.com\/magazine365\/divertia-proyecta-un-programa-de-promocion-turistica-centrada-en-los-ninos\/\" \/>\n\t<meta name=\"generator\" content=\"All in One SEO Pro (AIOSEO) 4.9.6.1\" \/>\n\t\t<meta property=\"og:locale\" content=\"es_ES\" \/>\n\t\t<meta property=\"og:site_name\" content=\"El Digital de Asturias \u2013 Revista de ocio, turismo y estilo de vida\" \/>\n\t\t<meta property=\"og:type\" content=\"article\" \/>\n\t\t<meta property=\"og:title\" content=\"Divertia proyecta un programa de promoci\u00f3n tur\u00edstica centrada en los ni\u00f1os | El Digital de Asturias\" \/>\n\t\t<meta property=\"og:description\" content=\"El gerente de Divertia, Jes\u00fas Mart\u00ednez Salvador, ha anunciado este martes que en los pr\u00f3ximos d\u00edas se dar\u00e1 a conocer un proyecto de promoci\u00f3n tur\u00edstica dirigido al p\u00fablico infantil, en el que tendr\u00e1n como referencia la gu\u00eda tur\u00edstica &quot;de ni\u00f1os para ni\u00f1os&quot; hecha por los alumnos del colegio de La Corolla, y que tiene como\" \/>\n\t\t<meta property=\"og:url\" content=\"https:\/\/eldigitaldeasturias.com\/magazine365\/divertia-proyecta-un-programa-de-promocion-turistica-centrada-en-los-ninos\/\" \/>\n\t\t<meta property=\"og:image\" content=\"https:\/\/eldigitaldeasturias.com\/magazine365\/wp-content\/uploads\/2015\/05\/fotonoticia_20150505152909_800.jpg\" \/>\n\t\t<meta property=\"og:image:secure_url\" content=\"https:\/\/eldigitaldeasturias.com\/magazine365\/wp-content\/uploads\/2015\/05\/fotonoticia_20150505152909_800.jpg\" \/>\n\t\t<meta property=\"og:image:width\" content=\"800\" \/>\n\t\t<meta property=\"og:image:height\" content=\"600\" \/>\n\t\t<meta property=\"article:published_time\" content=\"2015-05-05T19:33:02+00:00\" \/>\n\t\t<meta property=\"article:modified_time\" content=\"2015-05-05T19:33:02+00:00\" \/>\n\t\t<meta name=\"twitter:card\" content=\"summary_large_image\" \/>\n\t\t<meta name=\"twitter:title\" content=\"Divertia proyecta un programa de promoci\u00f3n tur\u00edstica centrada en los ni\u00f1os | El Digital de Asturias\" \/>\n\t\t<meta name=\"twitter:description\" content=\"El gerente de Divertia, Jes\u00fas Mart\u00ednez Salvador, ha anunciado este martes que en los pr\u00f3ximos d\u00edas se dar\u00e1 a conocer un proyecto de promoci\u00f3n tur\u00edstica dirigido al p\u00fablico infantil, en el que tendr\u00e1n como referencia la gu\u00eda tur\u00edstica &quot;de ni\u00f1os para ni\u00f1os&quot; hecha por los alumnos del colegio de La Corolla, y que tiene como\" \/>\n\t\t<meta name=\"twitter:image\" content=\"https:\/\/eldigitaldeasturias.com\/magazine365\/wp-content\/uploads\/2015\/05\/fotonoticia_20150505152909_800.jpg\" \/>\n\t\t<script type=\"application\/ld+json\" class=\"aioseo-schema\">\n\t\t\t{\"@context\":\"https:\\\/\\\/schema.org\",\"@graph\":[{\"@type\":\"Article\",\"@id\":\"https:\\\/\\\/eldigitaldeasturias.com\\\/magazine365\\\/divertia-proyecta-un-programa-de-promocion-turistica-centrada-en-los-ninos\\\/#article\",\"name\":\"Divertia proyecta un programa de promoci\\u00f3n tur\\u00edstica centrada en los ni\\u00f1os | El Digital de Asturias\",\"headline\":\"Divertia proyecta un programa de promoci\\u00f3n tur\\u00edstica centrada en los ni\\u00f1os\",\"author\":{\"@id\":\"https:\\\/\\\/eldigitaldeasturias.com\\\/magazine365\\\/author\\\/admin\\\/#author\"},\"publisher\":{\"@id\":\"https:\\\/\\\/eldigitaldeasturias.com\\\/magazine365\\\/#organization\"},\"image\":{\"@type\":\"ImageObject\",\"url\":\"https:\\\/\\\/eldigitaldeasturias.com\\\/magazine365\\\/wp-content\\\/uploads\\\/2015\\\/05\\\/fotonoticia_20150505152909_800.jpg\",\"width\":800,\"height\":600},\"datePublished\":\"2015-05-05T21:03:02+02:00\",\"dateModified\":\"2015-05-05T21:03:02+02:00\",\"inLanguage\":\"es-ES\",\"mainEntityOfPage\":{\"@id\":\"https:\\\/\\\/eldigitaldeasturias.com\\\/magazine365\\\/divertia-proyecta-un-programa-de-promocion-turistica-centrada-en-los-ninos\\\/#webpage\"},\"isPartOf\":{\"@id\":\"https:\\\/\\\/eldigitaldeasturias.com\\\/magazine365\\\/divertia-proyecta-un-programa-de-promocion-turistica-centrada-en-los-ninos\\\/#webpage\"},\"articleSection\":\"Noticias y Actualidad\"},{\"@type\":\"BreadcrumbList\",\"@id\":\"https:\\\/\\\/eldigitaldeasturias.com\\\/magazine365\\\/divertia-proyecta-un-programa-de-promocion-turistica-centrada-en-los-ninos\\\/#breadcrumblist\",\"itemListElement\":[{\"@type\":\"ListItem\",\"@id\":\"https:\\\/\\\/eldigitaldeasturias.com\\\/magazine365#listItem\",\"position\":1,\"name\":\"Home\",\"item\":\"https:\\\/\\\/eldigitaldeasturias.com\\\/magazine365\",\"nextItem\":{\"@type\":\"ListItem\",\"@id\":\"https:\\\/\\\/eldigitaldeasturias.com\\\/magazine365\\\/category\\\/noticias-actualidad\\\/#listItem\",\"name\":\"Noticias y Actualidad\"}},{\"@type\":\"ListItem\",\"@id\":\"https:\\\/\\\/eldigitaldeasturias.com\\\/magazine365\\\/category\\\/noticias-actualidad\\\/#listItem\",\"position\":2,\"name\":\"Noticias y Actualidad\",\"item\":\"https:\\\/\\\/eldigitaldeasturias.com\\\/magazine365\\\/category\\\/noticias-actualidad\\\/\",\"nextItem\":{\"@type\":\"ListItem\",\"@id\":\"https:\\\/\\\/eldigitaldeasturias.com\\\/magazine365\\\/divertia-proyecta-un-programa-de-promocion-turistica-centrada-en-los-ninos\\\/#listItem\",\"name\":\"Divertia proyecta un programa de promoci\\u00f3n tur\\u00edstica centrada en los ni\\u00f1os\"},\"previousItem\":{\"@type\":\"ListItem\",\"@id\":\"https:\\\/\\\/eldigitaldeasturias.com\\\/magazine365#listItem\",\"name\":\"Home\"}},{\"@type\":\"ListItem\",\"@id\":\"https:\\\/\\\/eldigitaldeasturias.com\\\/magazine365\\\/divertia-proyecta-un-programa-de-promocion-turistica-centrada-en-los-ninos\\\/#listItem\",\"position\":3,\"name\":\"Divertia proyecta un programa de promoci\\u00f3n tur\\u00edstica centrada en los ni\\u00f1os\",\"previousItem\":{\"@type\":\"ListItem\",\"@id\":\"https:\\\/\\\/eldigitaldeasturias.com\\\/magazine365\\\/category\\\/noticias-actualidad\\\/#listItem\",\"name\":\"Noticias y Actualidad\"}}]},{\"@type\":\"Organization\",\"@id\":\"https:\\\/\\\/eldigitaldeasturias.com\\\/magazine365\\\/#organization\",\"name\":\"El digital de Asturias\",\"description\":\"Revista de ocio, turismo y estilo de vida\",\"url\":\"https:\\\/\\\/eldigitaldeasturias.com\\\/magazine365\\\/\",\"logo\":{\"@type\":\"ImageObject\",\"url\":\"https:\\\/\\\/www.eldigitaldeasturias.com\\\/noticias\\\/wp-content\\\/uploads\\\/2020\\\/12\\\/EDA.jpg\",\"@id\":\"https:\\\/\\\/eldigitaldeasturias.com\\\/magazine365\\\/divertia-proyecta-un-programa-de-promocion-turistica-centrada-en-los-ninos\\\/#organizationLogo\"},\"image\":{\"@id\":\"https:\\\/\\\/eldigitaldeasturias.com\\\/magazine365\\\/divertia-proyecta-un-programa-de-promocion-turistica-centrada-en-los-ninos\\\/#organizationLogo\"}},{\"@type\":\"Person\",\"@id\":\"https:\\\/\\\/eldigitaldeasturias.com\\\/magazine365\\\/author\\\/admin\\\/#author\",\"url\":\"https:\\\/\\\/eldigitaldeasturias.com\\\/magazine365\\\/author\\\/admin\\\/\",\"name\":\"admin\",\"image\":{\"@type\":\"ImageObject\",\"@id\":\"https:\\\/\\\/eldigitaldeasturias.com\\\/magazine365\\\/divertia-proyecta-un-programa-de-promocion-turistica-centrada-en-los-ninos\\\/#authorImage\",\"url\":\"https:\\\/\\\/eldigitaldeasturias.com\\\/magazine365\\\/wp-content\\\/litespeed\\\/avatar\\\/e571bcf59a0edd6fa6838245a470f2fe.jpg?ver=1776969259\",\"width\":96,\"height\":96,\"caption\":\"admin\"}},{\"@type\":\"WebPage\",\"@id\":\"https:\\\/\\\/eldigitaldeasturias.com\\\/magazine365\\\/divertia-proyecta-un-programa-de-promocion-turistica-centrada-en-los-ninos\\\/#webpage\",\"url\":\"https:\\\/\\\/eldigitaldeasturias.com\\\/magazine365\\\/divertia-proyecta-un-programa-de-promocion-turistica-centrada-en-los-ninos\\\/\",\"name\":\"Divertia proyecta un programa de promoci\\u00f3n tur\\u00edstica centrada en los ni\\u00f1os | El Digital de Asturias\",\"description\":\"El gerente de Divertia, Jes\\u00fas Mart\\u00ednez Salvador, ha anunciado este martes que en los pr\\u00f3ximos d\\u00edas se dar\\u00e1 a conocer un proyecto de promoci\\u00f3n tur\\u00edstica dirigido al p\\u00fablico infantil, en el que tendr\\u00e1n como referencia la gu\\u00eda tur\\u00edstica \\\"de ni\\u00f1os para ni\\u00f1os\\\" hecha por los alumnos del colegio de La Corolla, y que tiene como\",\"inLanguage\":\"es-ES\",\"isPartOf\":{\"@id\":\"https:\\\/\\\/eldigitaldeasturias.com\\\/magazine365\\\/#website\"},\"breadcrumb\":{\"@id\":\"https:\\\/\\\/eldigitaldeasturias.com\\\/magazine365\\\/divertia-proyecta-un-programa-de-promocion-turistica-centrada-en-los-ninos\\\/#breadcrumblist\"},\"author\":{\"@id\":\"https:\\\/\\\/eldigitaldeasturias.com\\\/magazine365\\\/author\\\/admin\\\/#author\"},\"creator\":{\"@id\":\"https:\\\/\\\/eldigitaldeasturias.com\\\/magazine365\\\/author\\\/admin\\\/#author\"},\"image\":{\"@type\":\"ImageObject\",\"url\":\"https:\\\/\\\/eldigitaldeasturias.com\\\/magazine365\\\/wp-content\\\/uploads\\\/2015\\\/05\\\/fotonoticia_20150505152909_800.jpg\",\"@id\":\"https:\\\/\\\/eldigitaldeasturias.com\\\/magazine365\\\/divertia-proyecta-un-programa-de-promocion-turistica-centrada-en-los-ninos\\\/#mainImage\",\"width\":800,\"height\":600},\"primaryImageOfPage\":{\"@id\":\"https:\\\/\\\/eldigitaldeasturias.com\\\/magazine365\\\/divertia-proyecta-un-programa-de-promocion-turistica-centrada-en-los-ninos\\\/#mainImage\"},\"datePublished\":\"2015-05-05T21:03:02+02:00\",\"dateModified\":\"2015-05-05T21:03:02+02:00\"},{\"@type\":\"WebSite\",\"@id\":\"https:\\\/\\\/eldigitaldeasturias.com\\\/magazine365\\\/#website\",\"url\":\"https:\\\/\\\/eldigitaldeasturias.com\\\/magazine365\\\/\",\"name\":\"El Digital de Asturias\",\"description\":\"Revista de ocio, turismo y estilo de vida\",\"inLanguage\":\"es-ES\",\"publisher\":{\"@id\":\"https:\\\/\\\/eldigitaldeasturias.com\\\/magazine365\\\/#organization\"}}]}\n\t\t<\/script>\n\t\t<!-- All in One SEO Pro -->\r\n\t\t<title>Divertia proyecta un programa de promoci\u00f3n tur\u00edstica centrada en los ni\u00f1os | El Digital de Asturias<\/title>\n\n","aioseo_head_json":{"title":"Divertia proyecta un programa de promoci\u00f3n tur\u00edstica centrada en los ni\u00f1os | El Digital de Asturias","description":"El gerente de Divertia, Jes\u00fas Mart\u00ednez Salvador, ha anunciado este martes que en los pr\u00f3ximos d\u00edas se dar\u00e1 a conocer un proyecto de promoci\u00f3n tur\u00edstica dirigido al p\u00fablico infantil, en el que tendr\u00e1n como referencia la gu\u00eda tur\u00edstica \"de ni\u00f1os para ni\u00f1os\" hecha por los alumnos del colegio de La Corolla, y que tiene como","canonical_url":"https:\/\/eldigitaldeasturias.com\/magazine365\/divertia-proyecta-un-programa-de-promocion-turistica-centrada-en-los-ninos\/","robots":"max-image-preview:large","keywords":"noticias y actualidad","webmasterTools":{"google-site-verification":"UA-38556648-1","miscellaneous":""},"schema":{"@context":"https:\/\/schema.org","@graph":[{"@type":"Article","@id":"https:\/\/eldigitaldeasturias.com\/magazine365\/divertia-proyecta-un-programa-de-promocion-turistica-centrada-en-los-ninos\/#article","name":"Divertia proyecta un programa de promoci\u00f3n tur\u00edstica centrada en los ni\u00f1os | El Digital de Asturias","headline":"Divertia proyecta un programa de promoci\u00f3n tur\u00edstica centrada en los ni\u00f1os","author":{"@id":"https:\/\/eldigitaldeasturias.com\/magazine365\/author\/admin\/#author"},"publisher":{"@id":"https:\/\/eldigitaldeasturias.com\/magazine365\/#organization"},"image":{"@type":"ImageObject","url":"https:\/\/eldigitaldeasturias.com\/magazine365\/wp-content\/uploads\/2015\/05\/fotonoticia_20150505152909_800.jpg","width":800,"height":600},"datePublished":"2015-05-05T21:03:02+02:00","dateModified":"2015-05-05T21:03:02+02:00","inLanguage":"es-ES","mainEntityOfPage":{"@id":"https:\/\/eldigitaldeasturias.com\/magazine365\/divertia-proyecta-un-programa-de-promocion-turistica-centrada-en-los-ninos\/#webpage"},"isPartOf":{"@id":"https:\/\/eldigitaldeasturias.com\/magazine365\/divertia-proyecta-un-programa-de-promocion-turistica-centrada-en-los-ninos\/#webpage"},"articleSection":"Noticias y Actualidad"},{"@type":"BreadcrumbList","@id":"https:\/\/eldigitaldeasturias.com\/magazine365\/divertia-proyecta-un-programa-de-promocion-turistica-centrada-en-los-ninos\/#breadcrumblist","itemListElement":[{"@type":"ListItem","@id":"https:\/\/eldigitaldeasturias.com\/magazine365#listItem","position":1,"name":"Home","item":"https:\/\/eldigitaldeasturias.com\/magazine365","nextItem":{"@type":"ListItem","@id":"https:\/\/eldigitaldeasturias.com\/magazine365\/category\/noticias-actualidad\/#listItem","name":"Noticias y Actualidad"}},{"@type":"ListItem","@id":"https:\/\/eldigitaldeasturias.com\/magazine365\/category\/noticias-actualidad\/#listItem","position":2,"name":"Noticias y Actualidad","item":"https:\/\/eldigitaldeasturias.com\/magazine365\/category\/noticias-actualidad\/","nextItem":{"@type":"ListItem","@id":"https:\/\/eldigitaldeasturias.com\/magazine365\/divertia-proyecta-un-programa-de-promocion-turistica-centrada-en-los-ninos\/#listItem","name":"Divertia proyecta un programa de promoci\u00f3n tur\u00edstica centrada en los ni\u00f1os"},"previousItem":{"@type":"ListItem","@id":"https:\/\/eldigitaldeasturias.com\/magazine365#listItem","name":"Home"}},{"@type":"ListItem","@id":"https:\/\/eldigitaldeasturias.com\/magazine365\/divertia-proyecta-un-programa-de-promocion-turistica-centrada-en-los-ninos\/#listItem","position":3,"name":"Divertia proyecta un programa de promoci\u00f3n tur\u00edstica centrada en los ni\u00f1os","previousItem":{"@type":"ListItem","@id":"https:\/\/eldigitaldeasturias.com\/magazine365\/category\/noticias-actualidad\/#listItem","name":"Noticias y Actualidad"}}]},{"@type":"Organization","@id":"https:\/\/eldigitaldeasturias.com\/magazine365\/#organization","name":"El digital de Asturias","description":"Revista de ocio, turismo y estilo de vida","url":"https:\/\/eldigitaldeasturias.com\/magazine365\/","logo":{"@type":"ImageObject","url":"https:\/\/www.eldigitaldeasturias.com\/noticias\/wp-content\/uploads\/2020\/12\/EDA.jpg","@id":"https:\/\/eldigitaldeasturias.com\/magazine365\/divertia-proyecta-un-programa-de-promocion-turistica-centrada-en-los-ninos\/#organizationLogo"},"image":{"@id":"https:\/\/eldigitaldeasturias.com\/magazine365\/divertia-proyecta-un-programa-de-promocion-turistica-centrada-en-los-ninos\/#organizationLogo"}},{"@type":"Person","@id":"https:\/\/eldigitaldeasturias.com\/magazine365\/author\/admin\/#author","url":"https:\/\/eldigitaldeasturias.com\/magazine365\/author\/admin\/","name":"admin","image":{"@type":"ImageObject","@id":"https:\/\/eldigitaldeasturias.com\/magazine365\/divertia-proyecta-un-programa-de-promocion-turistica-centrada-en-los-ninos\/#authorImage","url":"https:\/\/eldigitaldeasturias.com\/magazine365\/wp-content\/litespeed\/avatar\/e571bcf59a0edd6fa6838245a470f2fe.jpg?ver=1776969259","width":96,"height":96,"caption":"admin"}},{"@type":"WebPage","@id":"https:\/\/eldigitaldeasturias.com\/magazine365\/divertia-proyecta-un-programa-de-promocion-turistica-centrada-en-los-ninos\/#webpage","url":"https:\/\/eldigitaldeasturias.com\/magazine365\/divertia-proyecta-un-programa-de-promocion-turistica-centrada-en-los-ninos\/","name":"Divertia proyecta un programa de promoci\u00f3n tur\u00edstica centrada en los ni\u00f1os | El Digital de Asturias","description":"El gerente de Divertia, Jes\u00fas Mart\u00ednez Salvador, ha anunciado este martes que en los pr\u00f3ximos d\u00edas se dar\u00e1 a conocer un proyecto de promoci\u00f3n tur\u00edstica dirigido al p\u00fablico infantil, en el que tendr\u00e1n como referencia la gu\u00eda tur\u00edstica \"de ni\u00f1os para ni\u00f1os\" hecha por los alumnos del colegio de La Corolla, y que tiene como","inLanguage":"es-ES","isPartOf":{"@id":"https:\/\/eldigitaldeasturias.com\/magazine365\/#website"},"breadcrumb":{"@id":"https:\/\/eldigitaldeasturias.com\/magazine365\/divertia-proyecta-un-programa-de-promocion-turistica-centrada-en-los-ninos\/#breadcrumblist"},"author":{"@id":"https:\/\/eldigitaldeasturias.com\/magazine365\/author\/admin\/#author"},"creator":{"@id":"https:\/\/eldigitaldeasturias.com\/magazine365\/author\/admin\/#author"},"image":{"@type":"ImageObject","url":"https:\/\/eldigitaldeasturias.com\/magazine365\/wp-content\/uploads\/2015\/05\/fotonoticia_20150505152909_800.jpg","@id":"https:\/\/eldigitaldeasturias.com\/magazine365\/divertia-proyecta-un-programa-de-promocion-turistica-centrada-en-los-ninos\/#mainImage","width":800,"height":600},"primaryImageOfPage":{"@id":"https:\/\/eldigitaldeasturias.com\/magazine365\/divertia-proyecta-un-programa-de-promocion-turistica-centrada-en-los-ninos\/#mainImage"},"datePublished":"2015-05-05T21:03:02+02:00","dateModified":"2015-05-05T21:03:02+02:00"},{"@type":"WebSite","@id":"https:\/\/eldigitaldeasturias.com\/magazine365\/#website","url":"https:\/\/eldigitaldeasturias.com\/magazine365\/","name":"El Digital de Asturias","description":"Revista de ocio, turismo y estilo de vida","inLanguage":"es-ES","publisher":{"@id":"https:\/\/eldigitaldeasturias.com\/magazine365\/#organization"}}]},"og:locale":"es_ES","og:site_name":"El Digital de Asturias \u2013 Revista de ocio, turismo y estilo de vida","og:type":"article","og:title":"Divertia proyecta un programa de promoci\u00f3n tur\u00edstica centrada en los ni\u00f1os | El Digital de Asturias","og:description":"El gerente de Divertia, Jes\u00fas Mart\u00ednez Salvador, ha anunciado este martes que en los pr\u00f3ximos d\u00edas se dar\u00e1 a conocer un proyecto de promoci\u00f3n tur\u00edstica dirigido al p\u00fablico infantil, en el que tendr\u00e1n como referencia la gu\u00eda tur\u00edstica &quot;de ni\u00f1os para ni\u00f1os&quot; hecha por los alumnos del colegio de La Corolla, y que tiene como","og:url":"https:\/\/eldigitaldeasturias.com\/magazine365\/divertia-proyecta-un-programa-de-promocion-turistica-centrada-en-los-ninos\/","og:image":"https:\/\/eldigitaldeasturias.com\/magazine365\/wp-content\/uploads\/2015\/05\/fotonoticia_20150505152909_800.jpg","og:image:secure_url":"https:\/\/eldigitaldeasturias.com\/magazine365\/wp-content\/uploads\/2015\/05\/fotonoticia_20150505152909_800.jpg","og:image:width":800,"og:image:height":600,"article:published_time":"2015-05-05T19:33:02+00:00","article:modified_time":"2015-05-05T19:33:02+00:00","twitter:card":"summary_large_image","twitter:title":"Divertia proyecta un programa de promoci\u00f3n tur\u00edstica centrada en los ni\u00f1os | El Digital de Asturias","twitter:description":"El gerente de Divertia, Jes\u00fas Mart\u00ednez Salvador, ha anunciado este martes que en los pr\u00f3ximos d\u00edas se dar\u00e1 a conocer un proyecto de promoci\u00f3n tur\u00edstica dirigido al p\u00fablico infantil, en el que tendr\u00e1n como referencia la gu\u00eda tur\u00edstica &quot;de ni\u00f1os para ni\u00f1os&quot; hecha por los alumnos del colegio de La Corolla, y que tiene como","twitter:image":"https:\/\/eldigitaldeasturias.com\/magazine365\/wp-content\/uploads\/2015\/05\/fotonoticia_20150505152909_800.jpg"},"aioseo_meta_data":{"post_id":"38177","title":null,"description":null,"keywords":null,"keyphrases":null,"primary_term":null,"canonical_url":null,"og_title":null,"og_description":null,"og_object_type":"default","og_image_type":"default","og_image_url":null,"og_image_width":null,"og_image_height":null,"og_image_custom_url":null,"og_image_custom_fields":null,"og_video":null,"og_custom_url":null,"og_article_section":null,"og_article_tags":null,"twitter_use_og":false,"twitter_card":"default","twitter_image_type":"default","twitter_image_url":null,"twitter_image_custom_url":null,"twitter_image_custom_fields":null,"twitter_title":null,"twitter_description":null,"schema":{"blockGraphs":[],"customGraphs":[],"default":{"data":{"Article":[],"Course":[],"Dataset":[],"FAQPage":[],"Movie":[],"Person":[],"Product":[],"ProductReview":[],"Car":[],"Recipe":[],"Service":[],"SoftwareApplication":[],"WebPage":[]},"graphName":"","isEnabled":true},"graphs":[],"defaultGraph":"","defaultPostTypeGraph":""},"schema_type":null,"schema_type_options":null,"pillar_content":false,"robots_default":true,"robots_noindex":false,"robots_noarchive":false,"robots_nosnippet":false,"robots_nofollow":false,"robots_noimageindex":false,"robots_noodp":false,"robots_notranslate":false,"robots_max_snippet":null,"robots_max_videopreview":null,"robots_max_imagepreview":"large","priority":null,"frequency":null,"location":null,"local_seo":null,"seo_analyzer_scan_date":"2025-09-19 09:02:05","breadcrumb_settings":null,"limit_modified_date":false,"open_ai":null,"ai":null,"created":"2021-03-09 02:56:46","updated":"2025-09-19 09:02:05"},"aioseo_breadcrumb":"<div class=\"aioseo-breadcrumbs\"><span class=\"aioseo-breadcrumb\">\n\t<a href=\"https:\/\/eldigitaldeasturias.com\/magazine365\" title=\"Home\">Home<\/a>\n<\/span><span class=\"aioseo-breadcrumb-separator\">\u2013<\/span><span class=\"aioseo-breadcrumb\">\n\t<a href=\"https:\/\/eldigitaldeasturias.com\/magazine365\/category\/noticias-actualidad\/\" title=\"Noticias y Actualidad\">Noticias y Actualidad<\/a>\n<\/span><span class=\"aioseo-breadcrumb-separator\">\u2013<\/span><span class=\"aioseo-breadcrumb\">\n\t<a href=\"https:\/\/eldigitaldeasturias.com\/magazine365\/divertia-proyecta-un-programa-de-promocion-turistica-centrada-en-los-ninos\/\" title=\"Divertia proyecta un programa de promoci\u00f3n tur\u00edstica centrada en los ni\u00f1os\">Divertia proyecta un programa de promoci\u00f3n tur\u00edstica centrada en los ni\u00f1os<\/a>\n<\/span><\/div>","aioseo_breadcrumb_json":[{"label":"Home","link":"https:\/\/eldigitaldeasturias.com\/magazine365"},{"label":"Noticias y Actualidad","link":"https:\/\/eldigitaldeasturias.com\/magazine365\/category\/noticias-actualidad\/"},{"label":"Divertia proyecta un programa de promoci\u00f3n tur\u00edstica centrada en los ni\u00f1os","link":"https:\/\/eldigitaldeasturias.com\/magazine365\/divertia-proyecta-un-programa-de-promocion-turistica-centrada-en-los-ninos\/"}],"_links":{"self":[{"href":"https:\/\/eldigitaldeasturias.com\/magazine365\/wp-json\/wp\/v2\/posts\/38177","targetHints":{"allow":["GET"]}}],"collection":[{"href":"https:\/\/eldigitaldeasturias.com\/magazine365\/wp-json\/wp\/v2\/posts"}],"about":[{"href":"https:\/\/eldigitaldeasturias.com\/magazine365\/wp-json\/wp\/v2\/types\/post"}],"author":[{"embeddable":true,"href":"https:\/\/eldigitaldeasturias.com\/magazine365\/wp-json\/wp\/v2\/users\/1"}],"replies":[{"embeddable":true,"href":"https:\/\/eldigitaldeasturias.com\/magazine365\/wp-json\/wp\/v2\/comments?post=38177"}],"version-history":[{"count":0,"href":"https:\/\/eldigitaldeasturias.com\/magazine365\/wp-json\/wp\/v2\/posts\/38177\/revisions"}],"wp:featuredmedia":[{"embeddable":true,"href":"https:\/\/eldigitaldeasturias.com\/magazine365\/wp-json\/wp\/v2\/media\/38178"}],"wp:attachment":[{"href":"https:\/\/eldigitaldeasturias.com\/magazine365\/wp-json\/wp\/v2\/media?parent=38177"}],"wp:term":[{"taxonomy":"category","embeddable":true,"href":"https:\/\/eldigitaldeasturias.com\/magazine365\/wp-json\/wp\/v2\/categories?post=38177"},{"taxonomy":"post_tag","embeddable":true,"href":"https:\/\/eldigitaldeasturias.com\/magazine365\/wp-json\/wp\/v2\/tags?post=38177"}],"curies":[{"name":"wp","href":"https:\/\/api.w.org\/{rel}","templated":true}]}}