{"id":38175,"date":"2015-05-05T20:55:57","date_gmt":"2015-05-05T19:25:57","guid":{"rendered":"http:\/\/eldigitaldeasturias.com\/magazine365\/?p=38175"},"modified":"2015-05-05T20:55:57","modified_gmt":"2015-05-05T19:25:57","slug":"las-comunidades-dan-el-aprobado-a-la-estrategia-turistica-del-gobierno","status":"publish","type":"post","link":"https:\/\/eldigitaldeasturias.com\/magazine365\/las-comunidades-dan-el-aprobado-a-la-estrategia-turistica-del-gobierno\/","title":{"rendered":"Las Comunidades dan el aprobado a la estrategia tur\u00edstica del gobierno"},"content":{"rendered":"<p><img fetchpriority=\"high\" decoding=\"async\" class=\"alignleft size-medium wp-image-37611\" src=\"https:\/\/eldigitaldeasturias.com\/magazine365\/wp-content\/uploads\/2015\/04\/aeropuerto-asturias-360x241.jpg\" alt=\"aeropuerto asturias\" width=\"360\" height=\"241\" srcset=\"https:\/\/eldigitaldeasturias.com\/magazine365\/wp-content\/uploads\/2015\/04\/aeropuerto-asturias-360x241.jpg 360w, https:\/\/eldigitaldeasturias.com\/magazine365\/wp-content\/uploads\/2015\/04\/aeropuerto-asturias-650x436.jpg 650w, https:\/\/eldigitaldeasturias.com\/magazine365\/wp-content\/uploads\/2015\/04\/aeropuerto-asturias-768x515.jpg 768w, https:\/\/eldigitaldeasturias.com\/magazine365\/wp-content\/uploads\/2015\/04\/aeropuerto-asturias-150x101.jpg 150w, https:\/\/eldigitaldeasturias.com\/magazine365\/wp-content\/uploads\/2015\/04\/aeropuerto-asturias-450x302.jpg 450w, https:\/\/eldigitaldeasturias.com\/magazine365\/wp-content\/uploads\/2015\/04\/aeropuerto-asturias-696x466.jpg 696w, https:\/\/eldigitaldeasturias.com\/magazine365\/wp-content\/uploads\/2015\/04\/aeropuerto-asturias-627x420.jpg 627w, https:\/\/eldigitaldeasturias.com\/magazine365\/wp-content\/uploads\/2015\/04\/aeropuerto-asturias-84x55.jpg 84w, https:\/\/eldigitaldeasturias.com\/magazine365\/wp-content\/uploads\/2015\/04\/aeropuerto-asturias.jpg 800w\" sizes=\"(max-width: 360px) 100vw, 360px\" \/>Representantes de las comunidades aut\u00f3nomas han destacado este martes las cifras positivas que ha experimentado el sector tur\u00edstico en Espa\u00f1a durante el primer trimestre de 2015 y, en concreto, han hecho un balance positivo de este sector que en la mayor\u00eda de las regiones se ha visto incrementado con respecto al a\u00f1o pasado.<\/p>\n<p>As\u00ed lo han manifestado varios consejeros auton\u00f3micos tras asistir a la conferencia sectorial de Turismo que se ha celebrado este martes en la sede del Ministerio de Industria, Energ\u00eda y Turismo, y en la que el ministro de este departamento, Jos\u00e9 Manuel Soria, ha subrayado la buena coyuntura tur\u00edstica de Espa\u00f1a.<\/p>\n<p>El ministro ha resaltado los buenos datos econ\u00f3micos del sector tur\u00edstico &#8211;que cerr\u00f3 el primer trimestre con m\u00e1s de 2,56 millones de trabajadores en activo, un 2,5% m\u00e1s&#8211; remarcando las repercusiones del Plan Nacional e Integral de Turismo aprobado en esta legislatura y que marc\u00f3 la hoja de ruta para este sector.<\/p>\n<p>La consejera de Empleo y Econom\u00eda de Castilla-La Mancha, Carmen Casero, ha hecho hincapi\u00e9 en que el turismo \u00abes una de las principales palancas\u00bb en la recuperaci\u00f3n econ\u00f3mica y de empleo y ha destacado la existencia de una estrategia conjunta para el sector entre el Gobierno y la comunidades que, a su juicio, est\u00e1 \u00abdando muy buenos resultados\u00bb.<\/p>\n<p>En este sentido, ha recordado que en Castilla-La Mancha el sector tur\u00edstico supone el 12% del PIB y m\u00e1s de 42.000 empleos, que este puente del mes de mayo ha sido un \u00ab\u00e9xito\u00bb tanto en su comunidad como a nivel nacional, y que C-LM ha cumplido en un 90% el plan estrat\u00e9gico de turismo.<\/p>\n<p>De hecho, sobre la estrategia de empleo &#8216;Programa Empresa Empleo&#8217; puesta en marcha por la comunidad y dirigida a aut\u00f3nomos, ha asegurado que ya ha generado 3.890 contratos<\/p>\n<p>AVANCE CONJUNTO<\/p>\n<p>Desde Castilla y Le\u00f3n, la consejera de Cultura y Turismo, Alicia Garc\u00eda, ha hecho hincapi\u00e9 en los avances conseguidos de manera conjunta con el Ejecutivo central en materia tur\u00edstica. Seg\u00fan afirmado, en su regi\u00f3n el turismo internacional ha generado una cifra de gasto de 138 millones en los tres primeros meses de 2015.<\/p>\n<p>Sobre el turismo rural, ha recalcado la labor de armonizaci\u00f3n y homogeneizaci\u00f3n realizada desde su comunidad que ya cuenta con \u00abm\u00e1s de 3.000\u00bb alojamientos de este tipo. La consejera ha dicho que en su comunidad el turismo rural ha supuesto un crecimiento del 17,11 % en n\u00famero de viajeros y del 21% en cuanto a pernoctaciones. \u00abSiendo siempre l\u00edder en turismo rural\u00bb, ha apuntado.<\/p>\n<p>En cualquier caso, para Garc\u00eda el turismo es \u00abun elemento fundamental\u00bb para la reactivaci\u00f3n econ\u00f3mica y, seg\u00fan ha resaltado, los buenos resultados de este primer trimestre en la comunidad son \u00abfruto del esfuerzo\u00bb de la Junta, del Gobierno central y del Plan nacional de Turismo: \u00abNo ha permitido posicionarnos de manera m\u00e1s potente\u00bb, ha puntualizado.<\/p>\n<p>CANARIAS, \u00abBATIENDO RECORDS\u00bb<\/p>\n<p>El viceconsejero de Turismo del Gobierno de Canarias, Ricardo Fern\u00e1ndez de la Puente ha afirmado tras la reuni\u00f3n con el ministro en la que se han evidenciado las \u00abbuenas cifras\u00bb del sector y las previsiones para 2015 y 2016, que Canarias est\u00e1 \u00abbatiendo records\u00bb ya que este a\u00f1o est\u00e1 empezando a recuperar el turismo nacional y manteniendo mercados como el brit\u00e1nico.<\/p>\n<p>Seg\u00fan Fern\u00e1ndez, se prev\u00e9 que la pr\u00f3xima temporada sea \u00abpositiva\u00bb temporada positiva y \u00abauguran una buena temporada\u00bb por el mantenimiento del turismo extranjero. Eso s\u00ed, ha asegurando que, pese a los datos \u00abmuy buenos\u00bb, \u00abnunca\u00bb hay que estar conforme porque la competencia de pa\u00edses vecinos es \u00abcada vez m\u00e1s fuerte\u00bb: \u00abEl Gobierno de Canarias est\u00e1 trabajando con el sector para mantener y seguir creciendo y pasar de los 13 millones de turistas\u00bb, ha se\u00f1alado.<\/p>\n<p>Por otro lado, el consejero de Econom\u00eda y Empleo del Ejecutivo aragon\u00e9s, Francisco Bono, ha calificado de \u00abexcelente\u00bb el dato del sector tur\u00edstico en su comunidad con \u00ab14, 15, 16 meses con crecimiento\u00bb, un incremento que seg\u00fan ha asegurado es \u00abininterrumpido\u00bb. Asimismo, ha dicho que en marzo ha habido un crecimiento \u00abmuy sustancial\u00bb del alojamientos rural y en campings y en general, se ha dado un incremento del turismo internacional y recuperaci\u00f3n del nacional que estaba \u00abmuy adormecido con la crisis\u00bb.<\/p>\n<p>El consejero aragon\u00e9s ha asegurado que el turismo nacional se \u00abest\u00e1 recuperando\u00bb y el gastos y las pernoctaciones son \u00absuperiores a la media espa\u00f1ola\u00bb pese a que la comunidad carece de sol y playa. \u00abEl Turismo est\u00e1 dando las principales alegr\u00edas en materia econ\u00f3mica\u00bb, ha manifestado, aseverando que el sector ha experimentado un crecimiento interanual de \u00abm\u00e1s del 15 por ciento\u00bb y \u00abcercano al 20 por ciento en algunos casos\u00bb.<\/p>\n<p>Por \u00faltimo, desde Asturias, el consejero de Econom\u00eda y Empleo, Graciano Torre, hecho hincapi\u00e9 en que los tres primeros meses de 2015 han sido muy buenos en el Principado, incluso a pesar de que no son los mejores meses por la climatolog\u00eda, asegurando que el sector ha crecido un 34% este primer trimestre del a\u00f1o en relaci\u00f3n al a\u00f1o pasado.<\/p>\n","protected":false},"excerpt":{"rendered":"<p>Representantes de las comunidades aut\u00f3nomas han destacado este martes las cifras positivas que ha experimentado el sector tur\u00edstico en Espa\u00f1a durante el primer trimestre de 2015 y, en concreto, han hecho un balance positivo de este sector que en la mayor\u00eda de las regiones se ha visto incrementado con respecto al a\u00f1o pasado. As\u00ed lo<\/p>\n","protected":false},"author":1,"featured_media":37611,"comment_status":"open","ping_status":"closed","sticky":false,"template":"","format":"standard","meta":{"footnotes":""},"categories":[224],"tags":[],"class_list":{"0":"post-38175","1":"post","2":"type-post","3":"status-publish","4":"format-standard","5":"has-post-thumbnail","7":"category-noticias-actualidad"},"aioseo_notices":[],"aioseo_head":"\n\t\t<!-- All in One SEO Pro 4.9.6.1 - aioseo.com -->\n\t<meta name=\"description\" content=\"Representantes de las comunidades aut\u00f3nomas han destacado este martes las cifras positivas que ha experimentado el sector tur\u00edstico en Espa\u00f1a durante el primer trimestre de 2015 y, en concreto, han hecho un balance positivo de este sector que en la mayor\u00eda de las regiones se ha visto incrementado con respecto al a\u00f1o pasado. As\u00ed lo\" \/>\n\t<meta name=\"robots\" content=\"max-image-preview:large\" \/>\n\t<meta name=\"author\" content=\"admin\"\/>\n\t<meta name=\"google-site-verification\" content=\"UA-38556648-1\" \/>\n\t<meta name=\"keywords\" content=\"noticias y actualidad\" \/>\n\t<link rel=\"canonical\" href=\"https:\/\/eldigitaldeasturias.com\/magazine365\/las-comunidades-dan-el-aprobado-a-la-estrategia-turistica-del-gobierno\/\" \/>\n\t<meta name=\"generator\" content=\"All in One SEO Pro (AIOSEO) 4.9.6.1\" \/>\n\t\t<meta property=\"og:locale\" content=\"es_ES\" \/>\n\t\t<meta property=\"og:site_name\" content=\"El Digital de Asturias \u2013 Revista de ocio, turismo y estilo de vida\" \/>\n\t\t<meta property=\"og:type\" content=\"article\" \/>\n\t\t<meta property=\"og:title\" content=\"Las Comunidades dan el aprobado a la estrategia tur\u00edstica del gobierno | El Digital de Asturias\" \/>\n\t\t<meta property=\"og:description\" content=\"Representantes de las comunidades aut\u00f3nomas han destacado este martes las cifras positivas que ha experimentado el sector tur\u00edstico en Espa\u00f1a durante el primer trimestre de 2015 y, en concreto, han hecho un balance positivo de este sector que en la mayor\u00eda de las regiones se ha visto incrementado con respecto al a\u00f1o pasado. As\u00ed lo\" \/>\n\t\t<meta property=\"og:url\" content=\"https:\/\/eldigitaldeasturias.com\/magazine365\/las-comunidades-dan-el-aprobado-a-la-estrategia-turistica-del-gobierno\/\" \/>\n\t\t<meta property=\"og:image\" content=\"https:\/\/eldigitaldeasturias.com\/magazine365\/wp-content\/uploads\/2015\/04\/aeropuerto-asturias.jpg\" \/>\n\t\t<meta property=\"og:image:secure_url\" content=\"https:\/\/eldigitaldeasturias.com\/magazine365\/wp-content\/uploads\/2015\/04\/aeropuerto-asturias.jpg\" \/>\n\t\t<meta property=\"og:image:width\" content=\"800\" \/>\n\t\t<meta property=\"og:image:height\" content=\"536\" \/>\n\t\t<meta property=\"article:published_time\" content=\"2015-05-05T19:25:57+00:00\" \/>\n\t\t<meta property=\"article:modified_time\" content=\"2015-05-05T19:25:57+00:00\" \/>\n\t\t<meta name=\"twitter:card\" content=\"summary_large_image\" \/>\n\t\t<meta name=\"twitter:title\" content=\"Las Comunidades dan el aprobado a la estrategia tur\u00edstica del gobierno | El Digital de Asturias\" \/>\n\t\t<meta name=\"twitter:description\" content=\"Representantes de las comunidades aut\u00f3nomas han destacado este martes las cifras positivas que ha experimentado el sector tur\u00edstico en Espa\u00f1a durante el primer trimestre de 2015 y, en concreto, han hecho un balance positivo de este sector que en la mayor\u00eda de las regiones se ha visto incrementado con respecto al a\u00f1o pasado. As\u00ed lo\" \/>\n\t\t<meta name=\"twitter:image\" content=\"https:\/\/eldigitaldeasturias.com\/magazine365\/wp-content\/uploads\/2015\/04\/aeropuerto-asturias.jpg\" \/>\n\t\t<script type=\"application\/ld+json\" class=\"aioseo-schema\">\n\t\t\t{\"@context\":\"https:\\\/\\\/schema.org\",\"@graph\":[{\"@type\":\"Article\",\"@id\":\"https:\\\/\\\/eldigitaldeasturias.com\\\/magazine365\\\/las-comunidades-dan-el-aprobado-a-la-estrategia-turistica-del-gobierno\\\/#article\",\"name\":\"Las Comunidades dan el aprobado a la estrategia tur\\u00edstica del gobierno | El Digital de Asturias\",\"headline\":\"Las Comunidades dan el aprobado a la estrategia tur\\u00edstica del gobierno\",\"author\":{\"@id\":\"https:\\\/\\\/eldigitaldeasturias.com\\\/magazine365\\\/author\\\/admin\\\/#author\"},\"publisher\":{\"@id\":\"https:\\\/\\\/eldigitaldeasturias.com\\\/magazine365\\\/#organization\"},\"image\":{\"@type\":\"ImageObject\",\"url\":\"https:\\\/\\\/eldigitaldeasturias.com\\\/magazine365\\\/wp-content\\\/uploads\\\/2015\\\/04\\\/aeropuerto-asturias.jpg\",\"width\":800,\"height\":536},\"datePublished\":\"2015-05-05T20:55:57+02:00\",\"dateModified\":\"2015-05-05T20:55:57+02:00\",\"inLanguage\":\"es-ES\",\"mainEntityOfPage\":{\"@id\":\"https:\\\/\\\/eldigitaldeasturias.com\\\/magazine365\\\/las-comunidades-dan-el-aprobado-a-la-estrategia-turistica-del-gobierno\\\/#webpage\"},\"isPartOf\":{\"@id\":\"https:\\\/\\\/eldigitaldeasturias.com\\\/magazine365\\\/las-comunidades-dan-el-aprobado-a-la-estrategia-turistica-del-gobierno\\\/#webpage\"},\"articleSection\":\"Noticias y Actualidad\"},{\"@type\":\"BreadcrumbList\",\"@id\":\"https:\\\/\\\/eldigitaldeasturias.com\\\/magazine365\\\/las-comunidades-dan-el-aprobado-a-la-estrategia-turistica-del-gobierno\\\/#breadcrumblist\",\"itemListElement\":[{\"@type\":\"ListItem\",\"@id\":\"https:\\\/\\\/eldigitaldeasturias.com\\\/magazine365#listItem\",\"position\":1,\"name\":\"Home\",\"item\":\"https:\\\/\\\/eldigitaldeasturias.com\\\/magazine365\",\"nextItem\":{\"@type\":\"ListItem\",\"@id\":\"https:\\\/\\\/eldigitaldeasturias.com\\\/magazine365\\\/category\\\/noticias-actualidad\\\/#listItem\",\"name\":\"Noticias y Actualidad\"}},{\"@type\":\"ListItem\",\"@id\":\"https:\\\/\\\/eldigitaldeasturias.com\\\/magazine365\\\/category\\\/noticias-actualidad\\\/#listItem\",\"position\":2,\"name\":\"Noticias y Actualidad\",\"item\":\"https:\\\/\\\/eldigitaldeasturias.com\\\/magazine365\\\/category\\\/noticias-actualidad\\\/\",\"nextItem\":{\"@type\":\"ListItem\",\"@id\":\"https:\\\/\\\/eldigitaldeasturias.com\\\/magazine365\\\/las-comunidades-dan-el-aprobado-a-la-estrategia-turistica-del-gobierno\\\/#listItem\",\"name\":\"Las Comunidades dan el aprobado a la estrategia tur\\u00edstica del gobierno\"},\"previousItem\":{\"@type\":\"ListItem\",\"@id\":\"https:\\\/\\\/eldigitaldeasturias.com\\\/magazine365#listItem\",\"name\":\"Home\"}},{\"@type\":\"ListItem\",\"@id\":\"https:\\\/\\\/eldigitaldeasturias.com\\\/magazine365\\\/las-comunidades-dan-el-aprobado-a-la-estrategia-turistica-del-gobierno\\\/#listItem\",\"position\":3,\"name\":\"Las Comunidades dan el aprobado a la estrategia tur\\u00edstica del gobierno\",\"previousItem\":{\"@type\":\"ListItem\",\"@id\":\"https:\\\/\\\/eldigitaldeasturias.com\\\/magazine365\\\/category\\\/noticias-actualidad\\\/#listItem\",\"name\":\"Noticias y Actualidad\"}}]},{\"@type\":\"Organization\",\"@id\":\"https:\\\/\\\/eldigitaldeasturias.com\\\/magazine365\\\/#organization\",\"name\":\"El digital de Asturias\",\"description\":\"Revista de ocio, turismo y estilo de vida\",\"url\":\"https:\\\/\\\/eldigitaldeasturias.com\\\/magazine365\\\/\",\"logo\":{\"@type\":\"ImageObject\",\"url\":\"https:\\\/\\\/www.eldigitaldeasturias.com\\\/noticias\\\/wp-content\\\/uploads\\\/2020\\\/12\\\/EDA.jpg\",\"@id\":\"https:\\\/\\\/eldigitaldeasturias.com\\\/magazine365\\\/las-comunidades-dan-el-aprobado-a-la-estrategia-turistica-del-gobierno\\\/#organizationLogo\"},\"image\":{\"@id\":\"https:\\\/\\\/eldigitaldeasturias.com\\\/magazine365\\\/las-comunidades-dan-el-aprobado-a-la-estrategia-turistica-del-gobierno\\\/#organizationLogo\"}},{\"@type\":\"Person\",\"@id\":\"https:\\\/\\\/eldigitaldeasturias.com\\\/magazine365\\\/author\\\/admin\\\/#author\",\"url\":\"https:\\\/\\\/eldigitaldeasturias.com\\\/magazine365\\\/author\\\/admin\\\/\",\"name\":\"admin\",\"image\":{\"@type\":\"ImageObject\",\"@id\":\"https:\\\/\\\/eldigitaldeasturias.com\\\/magazine365\\\/las-comunidades-dan-el-aprobado-a-la-estrategia-turistica-del-gobierno\\\/#authorImage\",\"url\":\"https:\\\/\\\/eldigitaldeasturias.com\\\/magazine365\\\/wp-content\\\/litespeed\\\/avatar\\\/e571bcf59a0edd6fa6838245a470f2fe.jpg?ver=1776969259\",\"width\":96,\"height\":96,\"caption\":\"admin\"}},{\"@type\":\"WebPage\",\"@id\":\"https:\\\/\\\/eldigitaldeasturias.com\\\/magazine365\\\/las-comunidades-dan-el-aprobado-a-la-estrategia-turistica-del-gobierno\\\/#webpage\",\"url\":\"https:\\\/\\\/eldigitaldeasturias.com\\\/magazine365\\\/las-comunidades-dan-el-aprobado-a-la-estrategia-turistica-del-gobierno\\\/\",\"name\":\"Las Comunidades dan el aprobado a la estrategia tur\\u00edstica del gobierno | El Digital de Asturias\",\"description\":\"Representantes de las comunidades aut\\u00f3nomas han destacado este martes las cifras positivas que ha experimentado el sector tur\\u00edstico en Espa\\u00f1a durante el primer trimestre de 2015 y, en concreto, han hecho un balance positivo de este sector que en la mayor\\u00eda de las regiones se ha visto incrementado con respecto al a\\u00f1o pasado. As\\u00ed lo\",\"inLanguage\":\"es-ES\",\"isPartOf\":{\"@id\":\"https:\\\/\\\/eldigitaldeasturias.com\\\/magazine365\\\/#website\"},\"breadcrumb\":{\"@id\":\"https:\\\/\\\/eldigitaldeasturias.com\\\/magazine365\\\/las-comunidades-dan-el-aprobado-a-la-estrategia-turistica-del-gobierno\\\/#breadcrumblist\"},\"author\":{\"@id\":\"https:\\\/\\\/eldigitaldeasturias.com\\\/magazine365\\\/author\\\/admin\\\/#author\"},\"creator\":{\"@id\":\"https:\\\/\\\/eldigitaldeasturias.com\\\/magazine365\\\/author\\\/admin\\\/#author\"},\"image\":{\"@type\":\"ImageObject\",\"url\":\"https:\\\/\\\/eldigitaldeasturias.com\\\/magazine365\\\/wp-content\\\/uploads\\\/2015\\\/04\\\/aeropuerto-asturias.jpg\",\"@id\":\"https:\\\/\\\/eldigitaldeasturias.com\\\/magazine365\\\/las-comunidades-dan-el-aprobado-a-la-estrategia-turistica-del-gobierno\\\/#mainImage\",\"width\":800,\"height\":536},\"primaryImageOfPage\":{\"@id\":\"https:\\\/\\\/eldigitaldeasturias.com\\\/magazine365\\\/las-comunidades-dan-el-aprobado-a-la-estrategia-turistica-del-gobierno\\\/#mainImage\"},\"datePublished\":\"2015-05-05T20:55:57+02:00\",\"dateModified\":\"2015-05-05T20:55:57+02:00\"},{\"@type\":\"WebSite\",\"@id\":\"https:\\\/\\\/eldigitaldeasturias.com\\\/magazine365\\\/#website\",\"url\":\"https:\\\/\\\/eldigitaldeasturias.com\\\/magazine365\\\/\",\"name\":\"El Digital de Asturias\",\"description\":\"Revista de ocio, turismo y estilo de vida\",\"inLanguage\":\"es-ES\",\"publisher\":{\"@id\":\"https:\\\/\\\/eldigitaldeasturias.com\\\/magazine365\\\/#organization\"}}]}\n\t\t<\/script>\n\t\t<!-- All in One SEO Pro -->\r\n\t\t<title>Las Comunidades dan el aprobado a la estrategia tur\u00edstica del gobierno | El Digital de Asturias<\/title>\n\n","aioseo_head_json":{"title":"Las Comunidades dan el aprobado a la estrategia tur\u00edstica del gobierno | El Digital de Asturias","description":"Representantes de las comunidades aut\u00f3nomas han destacado este martes las cifras positivas que ha experimentado el sector tur\u00edstico en Espa\u00f1a durante el primer trimestre de 2015 y, en concreto, han hecho un balance positivo de este sector que en la mayor\u00eda de las regiones se ha visto incrementado con respecto al a\u00f1o pasado. As\u00ed lo","canonical_url":"https:\/\/eldigitaldeasturias.com\/magazine365\/las-comunidades-dan-el-aprobado-a-la-estrategia-turistica-del-gobierno\/","robots":"max-image-preview:large","keywords":"noticias y actualidad","webmasterTools":{"google-site-verification":"UA-38556648-1","miscellaneous":""},"schema":{"@context":"https:\/\/schema.org","@graph":[{"@type":"Article","@id":"https:\/\/eldigitaldeasturias.com\/magazine365\/las-comunidades-dan-el-aprobado-a-la-estrategia-turistica-del-gobierno\/#article","name":"Las Comunidades dan el aprobado a la estrategia tur\u00edstica del gobierno | El Digital de Asturias","headline":"Las Comunidades dan el aprobado a la estrategia tur\u00edstica del gobierno","author":{"@id":"https:\/\/eldigitaldeasturias.com\/magazine365\/author\/admin\/#author"},"publisher":{"@id":"https:\/\/eldigitaldeasturias.com\/magazine365\/#organization"},"image":{"@type":"ImageObject","url":"https:\/\/eldigitaldeasturias.com\/magazine365\/wp-content\/uploads\/2015\/04\/aeropuerto-asturias.jpg","width":800,"height":536},"datePublished":"2015-05-05T20:55:57+02:00","dateModified":"2015-05-05T20:55:57+02:00","inLanguage":"es-ES","mainEntityOfPage":{"@id":"https:\/\/eldigitaldeasturias.com\/magazine365\/las-comunidades-dan-el-aprobado-a-la-estrategia-turistica-del-gobierno\/#webpage"},"isPartOf":{"@id":"https:\/\/eldigitaldeasturias.com\/magazine365\/las-comunidades-dan-el-aprobado-a-la-estrategia-turistica-del-gobierno\/#webpage"},"articleSection":"Noticias y Actualidad"},{"@type":"BreadcrumbList","@id":"https:\/\/eldigitaldeasturias.com\/magazine365\/las-comunidades-dan-el-aprobado-a-la-estrategia-turistica-del-gobierno\/#breadcrumblist","itemListElement":[{"@type":"ListItem","@id":"https:\/\/eldigitaldeasturias.com\/magazine365#listItem","position":1,"name":"Home","item":"https:\/\/eldigitaldeasturias.com\/magazine365","nextItem":{"@type":"ListItem","@id":"https:\/\/eldigitaldeasturias.com\/magazine365\/category\/noticias-actualidad\/#listItem","name":"Noticias y Actualidad"}},{"@type":"ListItem","@id":"https:\/\/eldigitaldeasturias.com\/magazine365\/category\/noticias-actualidad\/#listItem","position":2,"name":"Noticias y Actualidad","item":"https:\/\/eldigitaldeasturias.com\/magazine365\/category\/noticias-actualidad\/","nextItem":{"@type":"ListItem","@id":"https:\/\/eldigitaldeasturias.com\/magazine365\/las-comunidades-dan-el-aprobado-a-la-estrategia-turistica-del-gobierno\/#listItem","name":"Las Comunidades dan el aprobado a la estrategia tur\u00edstica del gobierno"},"previousItem":{"@type":"ListItem","@id":"https:\/\/eldigitaldeasturias.com\/magazine365#listItem","name":"Home"}},{"@type":"ListItem","@id":"https:\/\/eldigitaldeasturias.com\/magazine365\/las-comunidades-dan-el-aprobado-a-la-estrategia-turistica-del-gobierno\/#listItem","position":3,"name":"Las Comunidades dan el aprobado a la estrategia tur\u00edstica del gobierno","previousItem":{"@type":"ListItem","@id":"https:\/\/eldigitaldeasturias.com\/magazine365\/category\/noticias-actualidad\/#listItem","name":"Noticias y Actualidad"}}]},{"@type":"Organization","@id":"https:\/\/eldigitaldeasturias.com\/magazine365\/#organization","name":"El digital de Asturias","description":"Revista de ocio, turismo y estilo de vida","url":"https:\/\/eldigitaldeasturias.com\/magazine365\/","logo":{"@type":"ImageObject","url":"https:\/\/www.eldigitaldeasturias.com\/noticias\/wp-content\/uploads\/2020\/12\/EDA.jpg","@id":"https:\/\/eldigitaldeasturias.com\/magazine365\/las-comunidades-dan-el-aprobado-a-la-estrategia-turistica-del-gobierno\/#organizationLogo"},"image":{"@id":"https:\/\/eldigitaldeasturias.com\/magazine365\/las-comunidades-dan-el-aprobado-a-la-estrategia-turistica-del-gobierno\/#organizationLogo"}},{"@type":"Person","@id":"https:\/\/eldigitaldeasturias.com\/magazine365\/author\/admin\/#author","url":"https:\/\/eldigitaldeasturias.com\/magazine365\/author\/admin\/","name":"admin","image":{"@type":"ImageObject","@id":"https:\/\/eldigitaldeasturias.com\/magazine365\/las-comunidades-dan-el-aprobado-a-la-estrategia-turistica-del-gobierno\/#authorImage","url":"https:\/\/eldigitaldeasturias.com\/magazine365\/wp-content\/litespeed\/avatar\/e571bcf59a0edd6fa6838245a470f2fe.jpg?ver=1776969259","width":96,"height":96,"caption":"admin"}},{"@type":"WebPage","@id":"https:\/\/eldigitaldeasturias.com\/magazine365\/las-comunidades-dan-el-aprobado-a-la-estrategia-turistica-del-gobierno\/#webpage","url":"https:\/\/eldigitaldeasturias.com\/magazine365\/las-comunidades-dan-el-aprobado-a-la-estrategia-turistica-del-gobierno\/","name":"Las Comunidades dan el aprobado a la estrategia tur\u00edstica del gobierno | El Digital de Asturias","description":"Representantes de las comunidades aut\u00f3nomas han destacado este martes las cifras positivas que ha experimentado el sector tur\u00edstico en Espa\u00f1a durante el primer trimestre de 2015 y, en concreto, han hecho un balance positivo de este sector que en la mayor\u00eda de las regiones se ha visto incrementado con respecto al a\u00f1o pasado. As\u00ed lo","inLanguage":"es-ES","isPartOf":{"@id":"https:\/\/eldigitaldeasturias.com\/magazine365\/#website"},"breadcrumb":{"@id":"https:\/\/eldigitaldeasturias.com\/magazine365\/las-comunidades-dan-el-aprobado-a-la-estrategia-turistica-del-gobierno\/#breadcrumblist"},"author":{"@id":"https:\/\/eldigitaldeasturias.com\/magazine365\/author\/admin\/#author"},"creator":{"@id":"https:\/\/eldigitaldeasturias.com\/magazine365\/author\/admin\/#author"},"image":{"@type":"ImageObject","url":"https:\/\/eldigitaldeasturias.com\/magazine365\/wp-content\/uploads\/2015\/04\/aeropuerto-asturias.jpg","@id":"https:\/\/eldigitaldeasturias.com\/magazine365\/las-comunidades-dan-el-aprobado-a-la-estrategia-turistica-del-gobierno\/#mainImage","width":800,"height":536},"primaryImageOfPage":{"@id":"https:\/\/eldigitaldeasturias.com\/magazine365\/las-comunidades-dan-el-aprobado-a-la-estrategia-turistica-del-gobierno\/#mainImage"},"datePublished":"2015-05-05T20:55:57+02:00","dateModified":"2015-05-05T20:55:57+02:00"},{"@type":"WebSite","@id":"https:\/\/eldigitaldeasturias.com\/magazine365\/#website","url":"https:\/\/eldigitaldeasturias.com\/magazine365\/","name":"El Digital de Asturias","description":"Revista de ocio, turismo y estilo de vida","inLanguage":"es-ES","publisher":{"@id":"https:\/\/eldigitaldeasturias.com\/magazine365\/#organization"}}]},"og:locale":"es_ES","og:site_name":"El Digital de Asturias \u2013 Revista de ocio, turismo y estilo de vida","og:type":"article","og:title":"Las Comunidades dan el aprobado a la estrategia tur\u00edstica del gobierno | El Digital de Asturias","og:description":"Representantes de las comunidades aut\u00f3nomas han destacado este martes las cifras positivas que ha experimentado el sector tur\u00edstico en Espa\u00f1a durante el primer trimestre de 2015 y, en concreto, han hecho un balance positivo de este sector que en la mayor\u00eda de las regiones se ha visto incrementado con respecto al a\u00f1o pasado. As\u00ed lo","og:url":"https:\/\/eldigitaldeasturias.com\/magazine365\/las-comunidades-dan-el-aprobado-a-la-estrategia-turistica-del-gobierno\/","og:image":"https:\/\/eldigitaldeasturias.com\/magazine365\/wp-content\/uploads\/2015\/04\/aeropuerto-asturias.jpg","og:image:secure_url":"https:\/\/eldigitaldeasturias.com\/magazine365\/wp-content\/uploads\/2015\/04\/aeropuerto-asturias.jpg","og:image:width":800,"og:image:height":536,"article:published_time":"2015-05-05T19:25:57+00:00","article:modified_time":"2015-05-05T19:25:57+00:00","twitter:card":"summary_large_image","twitter:title":"Las Comunidades dan el aprobado a la estrategia tur\u00edstica del gobierno | El Digital de Asturias","twitter:description":"Representantes de las comunidades aut\u00f3nomas han destacado este martes las cifras positivas que ha experimentado el sector tur\u00edstico en Espa\u00f1a durante el primer trimestre de 2015 y, en concreto, han hecho un balance positivo de este sector que en la mayor\u00eda de las regiones se ha visto incrementado con respecto al a\u00f1o pasado. As\u00ed lo","twitter:image":"https:\/\/eldigitaldeasturias.com\/magazine365\/wp-content\/uploads\/2015\/04\/aeropuerto-asturias.jpg"},"aioseo_meta_data":{"post_id":"38175","title":null,"description":null,"keywords":null,"keyphrases":null,"primary_term":null,"canonical_url":null,"og_title":null,"og_description":null,"og_object_type":"default","og_image_type":"default","og_image_url":null,"og_image_width":null,"og_image_height":null,"og_image_custom_url":null,"og_image_custom_fields":null,"og_video":null,"og_custom_url":null,"og_article_section":null,"og_article_tags":null,"twitter_use_og":false,"twitter_card":"default","twitter_image_type":"default","twitter_image_url":null,"twitter_image_custom_url":null,"twitter_image_custom_fields":null,"twitter_title":null,"twitter_description":null,"schema":{"blockGraphs":[],"customGraphs":[],"default":{"data":{"Article":[],"Course":[],"Dataset":[],"FAQPage":[],"Movie":[],"Person":[],"Product":[],"ProductReview":[],"Car":[],"Recipe":[],"Service":[],"SoftwareApplication":[],"WebPage":[]},"graphName":"","isEnabled":true},"graphs":[],"defaultGraph":"","defaultPostTypeGraph":""},"schema_type":null,"schema_type_options":null,"pillar_content":false,"robots_default":true,"robots_noindex":false,"robots_noarchive":false,"robots_nosnippet":false,"robots_nofollow":false,"robots_noimageindex":false,"robots_noodp":false,"robots_notranslate":false,"robots_max_snippet":null,"robots_max_videopreview":null,"robots_max_imagepreview":"large","priority":null,"frequency":null,"location":null,"local_seo":null,"seo_analyzer_scan_date":"2025-09-19 09:02:03","breadcrumb_settings":null,"limit_modified_date":false,"open_ai":null,"ai":null,"created":"2021-03-09 02:56:46","updated":"2025-09-19 09:02:03"},"aioseo_breadcrumb":"<div class=\"aioseo-breadcrumbs\"><span class=\"aioseo-breadcrumb\">\n\t<a href=\"https:\/\/eldigitaldeasturias.com\/magazine365\" title=\"Home\">Home<\/a>\n<\/span><span class=\"aioseo-breadcrumb-separator\">\u2013<\/span><span class=\"aioseo-breadcrumb\">\n\t<a href=\"https:\/\/eldigitaldeasturias.com\/magazine365\/category\/noticias-actualidad\/\" title=\"Noticias y Actualidad\">Noticias y Actualidad<\/a>\n<\/span><span class=\"aioseo-breadcrumb-separator\">\u2013<\/span><span class=\"aioseo-breadcrumb\">\n\t<a href=\"https:\/\/eldigitaldeasturias.com\/magazine365\/las-comunidades-dan-el-aprobado-a-la-estrategia-turistica-del-gobierno\/\" title=\"Las Comunidades dan el aprobado a la estrategia tur\u00edstica del gobierno\">Las Comunidades dan el aprobado a la estrategia tur\u00edstica del gobierno<\/a>\n<\/span><\/div>","aioseo_breadcrumb_json":[{"label":"Home","link":"https:\/\/eldigitaldeasturias.com\/magazine365"},{"label":"Noticias y Actualidad","link":"https:\/\/eldigitaldeasturias.com\/magazine365\/category\/noticias-actualidad\/"},{"label":"Las Comunidades dan el aprobado a la estrategia tur\u00edstica del gobierno","link":"https:\/\/eldigitaldeasturias.com\/magazine365\/las-comunidades-dan-el-aprobado-a-la-estrategia-turistica-del-gobierno\/"}],"_links":{"self":[{"href":"https:\/\/eldigitaldeasturias.com\/magazine365\/wp-json\/wp\/v2\/posts\/38175","targetHints":{"allow":["GET"]}}],"collection":[{"href":"https:\/\/eldigitaldeasturias.com\/magazine365\/wp-json\/wp\/v2\/posts"}],"about":[{"href":"https:\/\/eldigitaldeasturias.com\/magazine365\/wp-json\/wp\/v2\/types\/post"}],"author":[{"embeddable":true,"href":"https:\/\/eldigitaldeasturias.com\/magazine365\/wp-json\/wp\/v2\/users\/1"}],"replies":[{"embeddable":true,"href":"https:\/\/eldigitaldeasturias.com\/magazine365\/wp-json\/wp\/v2\/comments?post=38175"}],"version-history":[{"count":0,"href":"https:\/\/eldigitaldeasturias.com\/magazine365\/wp-json\/wp\/v2\/posts\/38175\/revisions"}],"wp:featuredmedia":[{"embeddable":true,"href":"https:\/\/eldigitaldeasturias.com\/magazine365\/wp-json\/wp\/v2\/media\/37611"}],"wp:attachment":[{"href":"https:\/\/eldigitaldeasturias.com\/magazine365\/wp-json\/wp\/v2\/media?parent=38175"}],"wp:term":[{"taxonomy":"category","embeddable":true,"href":"https:\/\/eldigitaldeasturias.com\/magazine365\/wp-json\/wp\/v2\/categories?post=38175"},{"taxonomy":"post_tag","embeddable":true,"href":"https:\/\/eldigitaldeasturias.com\/magazine365\/wp-json\/wp\/v2\/tags?post=38175"}],"curies":[{"name":"wp","href":"https:\/\/api.w.org\/{rel}","templated":true}]}}