{"id":37930,"date":"2015-04-22T17:03:44","date_gmt":"2015-04-22T15:33:44","guid":{"rendered":"http:\/\/eldigitaldeasturias.com\/magazine365\/?p=37930"},"modified":"2015-04-22T17:03:44","modified_gmt":"2015-04-22T15:33:44","slug":"skyteam-elegida-mejor-alianza-aerea-2015","status":"publish","type":"post","link":"https:\/\/eldigitaldeasturias.com\/magazine365\/skyteam-elegida-mejor-alianza-aerea-2015\/","title":{"rendered":"SkyTeam, elegida mejor alianza a\u00e9rea 2015"},"content":{"rendered":"<p><img fetchpriority=\"high\" decoding=\"async\" class=\"alignleft size-medium wp-image-37931\" src=\"https:\/\/eldigitaldeasturias.com\/magazine365\/wp-content\/uploads\/2015\/04\/Billete996-SkyTeam-elegida-mejor-alianza-aerea-2015-360x203.jpg\" alt=\"Billete996-SkyTeam-elegida-mejor-alianza-aerea-2015\" width=\"360\" height=\"203\" srcset=\"https:\/\/eldigitaldeasturias.com\/magazine365\/wp-content\/uploads\/2015\/04\/Billete996-SkyTeam-elegida-mejor-alianza-aerea-2015-360x203.jpg 360w, https:\/\/eldigitaldeasturias.com\/magazine365\/wp-content\/uploads\/2015\/04\/Billete996-SkyTeam-elegida-mejor-alianza-aerea-2015-650x367.jpg 650w, https:\/\/eldigitaldeasturias.com\/magazine365\/wp-content\/uploads\/2015\/04\/Billete996-SkyTeam-elegida-mejor-alianza-aerea-2015-768x434.jpg 768w, https:\/\/eldigitaldeasturias.com\/magazine365\/wp-content\/uploads\/2015\/04\/Billete996-SkyTeam-elegida-mejor-alianza-aerea-2015-150x85.jpg 150w, https:\/\/eldigitaldeasturias.com\/magazine365\/wp-content\/uploads\/2015\/04\/Billete996-SkyTeam-elegida-mejor-alianza-aerea-2015-450x254.jpg 450w, https:\/\/eldigitaldeasturias.com\/magazine365\/wp-content\/uploads\/2015\/04\/Billete996-SkyTeam-elegida-mejor-alianza-aerea-2015-696x393.jpg 696w, https:\/\/eldigitaldeasturias.com\/magazine365\/wp-content\/uploads\/2015\/04\/Billete996-SkyTeam-elegida-mejor-alianza-aerea-2015-743x420.jpg 743w, https:\/\/eldigitaldeasturias.com\/magazine365\/wp-content\/uploads\/2015\/04\/Billete996-SkyTeam-elegida-mejor-alianza-aerea-2015-499x280.jpg 499w, https:\/\/eldigitaldeasturias.com\/magazine365\/wp-content\/uploads\/2015\/04\/Billete996-SkyTeam-elegida-mejor-alianza-aerea-2015.jpg 770w\" sizes=\"(max-width: 360px) 100vw, 360px\" \/>SkyTeam, elegida mejor alianza a\u00e9rea 2015. Este gran acuerdo estrat\u00e9gico global, del que forma parte Air Europa, se ha llevado el premio Airline Alliance of the Year en los galardones anuales que concede la publicaci\u00f3n on line Air Transport News para reconocer los m\u00e9ritos alcanzados en el sector de la aviaci\u00f3n.<\/p>\n<p>Esta \u00faltima edici\u00f3n, celebrada en Ginebra el pasado 23 de marzo, coincidi\u00f3 adem\u00e1s con un aniversario: el 15\u00ba a\u00f1o de la fundaci\u00f3n de SkyTeam, que contin\u00faa al pie del ca\u00f1\u00f3n trabajando para ofrecer a sus clientes los beneficios de su amplia red.<\/p>\n<p>Los Air Transport News Awards se conceden anualmente gracias a los propios lectores, que votan a sus candidatos preferidos en cada categor\u00eda para obtener una serie de finalistas. El vencedor de \u00e9stos es elegido por un jurado de siete expertos, integrado por miembros del sector aeron\u00e1utico.<\/p>\n<p>En el caso de Skyteam, los motivos apuntados para su triunfo fueron variados: su servicio SkyPriority para pasajeros Elite Plus, First y Business Class en m\u00e1s de un millar de aeropuertos; el SkyTransfer, sistema para mejorar las conexiones; los fast track, controles de seguridad r\u00e1pidos; y los espl\u00e9ndidos lounges reci\u00e9n abiertos en las terminales.<\/p>\n<p>Asimismo, se ha tenido en cuenta una novedad: la puesta en marcha de una herramienta on line en la web oficial para que los pasajeros frecuentes puedan hacer reservas con cualquier aerol\u00ednea de la alianza.<\/p>\n<p>Michael Wisbrun, gerente general de SkyTeam, fue el encargado de recoger el premio durante la ceremonia que se tuvo lugar en la ciudad suiza. Durante el acto, tuvo palabras de agradecimiento para los clientes y la industria, recordando de paso el aniversario mencionado y haciendo una profec\u00eda: \u201cSeguimos m\u00e1s centrados que nunca en nuestro objetivo de brindar valor a nuestros clientes y miembros: lo mejor todav\u00eda est\u00e1 por venir para SkyTeam\u201d.<\/p>\n<p>SkyTeam es una alianza estrat\u00e9gica que opera un total de 1.064 destinos gracias a que aglutina 20 compa\u00f1\u00edas a\u00e9reas. Son las siguientes: Air Europa, Aeroflot, Aerol\u00edneas Argentinas, Aerom\u00e9xico, Air France, Alitalia, China Airlines, China Eastern, China Southern, Czech Airlines, Delta, Garuda Indonesia, Kenya Airways, KLM, Korean Air, MEA, Saudia, Tarom, Vietnam Airlines y Xiamen Air.<\/p>\n<p>La entrada SkyTeam, elegida mejor alianza a\u00e9rea 2015 aparece primero en Billete 996.<\/p>\n","protected":false},"excerpt":{"rendered":"<p>SkyTeam, elegida mejor alianza a\u00e9rea 2015. Este gran acuerdo estrat\u00e9gico global, del que forma parte Air Europa, se ha llevado el premio Airline Alliance of the Year en los galardones anuales que concede la publicaci\u00f3n on line Air Transport News para reconocer los m\u00e9ritos alcanzados en el sector de la aviaci\u00f3n. Esta \u00faltima edici\u00f3n, celebrada<\/p>\n","protected":false},"author":1,"featured_media":37931,"comment_status":"open","ping_status":"closed","sticky":false,"template":"","format":"standard","meta":{"footnotes":""},"categories":[222],"tags":[],"class_list":{"0":"post-37930","1":"post","2":"type-post","3":"status-publish","4":"format-standard","5":"has-post-thumbnail","7":"category-actualidad-turismo"},"aioseo_notices":[],"aioseo_head":"\n\t\t<!-- All in One SEO Pro 4.9.6.1 - aioseo.com -->\n\t<meta name=\"description\" content=\"SkyTeam, elegida mejor alianza a\u00e9rea 2015. Este gran acuerdo estrat\u00e9gico global, del que forma parte Air Europa, se ha llevado el premio Airline Alliance of the Year en los galardones anuales que concede la publicaci\u00f3n on line Air Transport News para reconocer los m\u00e9ritos alcanzados en el sector de la aviaci\u00f3n. Esta \u00faltima edici\u00f3n, celebrada\" \/>\n\t<meta name=\"robots\" content=\"max-image-preview:large\" \/>\n\t<meta name=\"author\" content=\"admin\"\/>\n\t<meta name=\"google-site-verification\" content=\"UA-38556648-1\" \/>\n\t<meta name=\"keywords\" content=\"actualidad turismo\" \/>\n\t<link rel=\"canonical\" href=\"https:\/\/eldigitaldeasturias.com\/magazine365\/skyteam-elegida-mejor-alianza-aerea-2015\/\" \/>\n\t<meta name=\"generator\" content=\"All in One SEO Pro (AIOSEO) 4.9.6.1\" \/>\n\t\t<meta property=\"og:locale\" content=\"es_ES\" \/>\n\t\t<meta property=\"og:site_name\" content=\"El Digital de Asturias \u2013 Revista de ocio, turismo y estilo de vida\" \/>\n\t\t<meta property=\"og:type\" content=\"article\" \/>\n\t\t<meta property=\"og:title\" content=\"SkyTeam, elegida mejor alianza a\u00e9rea 2015 | El Digital de Asturias\" \/>\n\t\t<meta property=\"og:description\" content=\"SkyTeam, elegida mejor alianza a\u00e9rea 2015. Este gran acuerdo estrat\u00e9gico global, del que forma parte Air Europa, se ha llevado el premio Airline Alliance of the Year en los galardones anuales que concede la publicaci\u00f3n on line Air Transport News para reconocer los m\u00e9ritos alcanzados en el sector de la aviaci\u00f3n. Esta \u00faltima edici\u00f3n, celebrada\" \/>\n\t\t<meta property=\"og:url\" content=\"https:\/\/eldigitaldeasturias.com\/magazine365\/skyteam-elegida-mejor-alianza-aerea-2015\/\" \/>\n\t\t<meta property=\"og:image\" content=\"https:\/\/eldigitaldeasturias.com\/magazine365\/wp-content\/uploads\/2015\/04\/Billete996-SkyTeam-elegida-mejor-alianza-aerea-2015.jpg\" \/>\n\t\t<meta property=\"og:image:secure_url\" content=\"https:\/\/eldigitaldeasturias.com\/magazine365\/wp-content\/uploads\/2015\/04\/Billete996-SkyTeam-elegida-mejor-alianza-aerea-2015.jpg\" \/>\n\t\t<meta property=\"og:image:width\" content=\"770\" \/>\n\t\t<meta property=\"og:image:height\" content=\"435\" \/>\n\t\t<meta property=\"article:published_time\" content=\"2015-04-22T15:33:44+00:00\" \/>\n\t\t<meta property=\"article:modified_time\" content=\"2015-04-22T15:33:44+00:00\" \/>\n\t\t<meta name=\"twitter:card\" content=\"summary_large_image\" \/>\n\t\t<meta name=\"twitter:title\" content=\"SkyTeam, elegida mejor alianza a\u00e9rea 2015 | El Digital de Asturias\" \/>\n\t\t<meta name=\"twitter:description\" content=\"SkyTeam, elegida mejor alianza a\u00e9rea 2015. Este gran acuerdo estrat\u00e9gico global, del que forma parte Air Europa, se ha llevado el premio Airline Alliance of the Year en los galardones anuales que concede la publicaci\u00f3n on line Air Transport News para reconocer los m\u00e9ritos alcanzados en el sector de la aviaci\u00f3n. Esta \u00faltima edici\u00f3n, celebrada\" \/>\n\t\t<meta name=\"twitter:image\" content=\"https:\/\/eldigitaldeasturias.com\/magazine365\/wp-content\/uploads\/2015\/04\/Billete996-SkyTeam-elegida-mejor-alianza-aerea-2015.jpg\" \/>\n\t\t<script type=\"application\/ld+json\" class=\"aioseo-schema\">\n\t\t\t{\"@context\":\"https:\\\/\\\/schema.org\",\"@graph\":[{\"@type\":\"Article\",\"@id\":\"https:\\\/\\\/eldigitaldeasturias.com\\\/magazine365\\\/skyteam-elegida-mejor-alianza-aerea-2015\\\/#article\",\"name\":\"SkyTeam, elegida mejor alianza a\\u00e9rea 2015 | El Digital de Asturias\",\"headline\":\"SkyTeam, elegida mejor alianza a\\u00e9rea 2015\",\"author\":{\"@id\":\"https:\\\/\\\/eldigitaldeasturias.com\\\/magazine365\\\/author\\\/admin\\\/#author\"},\"publisher\":{\"@id\":\"https:\\\/\\\/eldigitaldeasturias.com\\\/magazine365\\\/#organization\"},\"image\":{\"@type\":\"ImageObject\",\"url\":\"https:\\\/\\\/eldigitaldeasturias.com\\\/magazine365\\\/wp-content\\\/uploads\\\/2015\\\/04\\\/Billete996-SkyTeam-elegida-mejor-alianza-aerea-2015.jpg\",\"width\":770,\"height\":435},\"datePublished\":\"2015-04-22T17:03:44+02:00\",\"dateModified\":\"2015-04-22T17:03:44+02:00\",\"inLanguage\":\"es-ES\",\"mainEntityOfPage\":{\"@id\":\"https:\\\/\\\/eldigitaldeasturias.com\\\/magazine365\\\/skyteam-elegida-mejor-alianza-aerea-2015\\\/#webpage\"},\"isPartOf\":{\"@id\":\"https:\\\/\\\/eldigitaldeasturias.com\\\/magazine365\\\/skyteam-elegida-mejor-alianza-aerea-2015\\\/#webpage\"},\"articleSection\":\"Actualidad Turismo\"},{\"@type\":\"BreadcrumbList\",\"@id\":\"https:\\\/\\\/eldigitaldeasturias.com\\\/magazine365\\\/skyteam-elegida-mejor-alianza-aerea-2015\\\/#breadcrumblist\",\"itemListElement\":[{\"@type\":\"ListItem\",\"@id\":\"https:\\\/\\\/eldigitaldeasturias.com\\\/magazine365#listItem\",\"position\":1,\"name\":\"Home\",\"item\":\"https:\\\/\\\/eldigitaldeasturias.com\\\/magazine365\",\"nextItem\":{\"@type\":\"ListItem\",\"@id\":\"https:\\\/\\\/eldigitaldeasturias.com\\\/magazine365\\\/category\\\/actualidad-turismo\\\/#listItem\",\"name\":\"Actualidad Turismo\"}},{\"@type\":\"ListItem\",\"@id\":\"https:\\\/\\\/eldigitaldeasturias.com\\\/magazine365\\\/category\\\/actualidad-turismo\\\/#listItem\",\"position\":2,\"name\":\"Actualidad Turismo\",\"item\":\"https:\\\/\\\/eldigitaldeasturias.com\\\/magazine365\\\/category\\\/actualidad-turismo\\\/\",\"nextItem\":{\"@type\":\"ListItem\",\"@id\":\"https:\\\/\\\/eldigitaldeasturias.com\\\/magazine365\\\/skyteam-elegida-mejor-alianza-aerea-2015\\\/#listItem\",\"name\":\"SkyTeam, elegida mejor alianza a\\u00e9rea 2015\"},\"previousItem\":{\"@type\":\"ListItem\",\"@id\":\"https:\\\/\\\/eldigitaldeasturias.com\\\/magazine365#listItem\",\"name\":\"Home\"}},{\"@type\":\"ListItem\",\"@id\":\"https:\\\/\\\/eldigitaldeasturias.com\\\/magazine365\\\/skyteam-elegida-mejor-alianza-aerea-2015\\\/#listItem\",\"position\":3,\"name\":\"SkyTeam, elegida mejor alianza a\\u00e9rea 2015\",\"previousItem\":{\"@type\":\"ListItem\",\"@id\":\"https:\\\/\\\/eldigitaldeasturias.com\\\/magazine365\\\/category\\\/actualidad-turismo\\\/#listItem\",\"name\":\"Actualidad Turismo\"}}]},{\"@type\":\"Organization\",\"@id\":\"https:\\\/\\\/eldigitaldeasturias.com\\\/magazine365\\\/#organization\",\"name\":\"El digital de Asturias\",\"description\":\"Revista de ocio, turismo y estilo de vida\",\"url\":\"https:\\\/\\\/eldigitaldeasturias.com\\\/magazine365\\\/\",\"logo\":{\"@type\":\"ImageObject\",\"url\":\"https:\\\/\\\/www.eldigitaldeasturias.com\\\/noticias\\\/wp-content\\\/uploads\\\/2020\\\/12\\\/EDA.jpg\",\"@id\":\"https:\\\/\\\/eldigitaldeasturias.com\\\/magazine365\\\/skyteam-elegida-mejor-alianza-aerea-2015\\\/#organizationLogo\"},\"image\":{\"@id\":\"https:\\\/\\\/eldigitaldeasturias.com\\\/magazine365\\\/skyteam-elegida-mejor-alianza-aerea-2015\\\/#organizationLogo\"}},{\"@type\":\"Person\",\"@id\":\"https:\\\/\\\/eldigitaldeasturias.com\\\/magazine365\\\/author\\\/admin\\\/#author\",\"url\":\"https:\\\/\\\/eldigitaldeasturias.com\\\/magazine365\\\/author\\\/admin\\\/\",\"name\":\"admin\",\"image\":{\"@type\":\"ImageObject\",\"@id\":\"https:\\\/\\\/eldigitaldeasturias.com\\\/magazine365\\\/skyteam-elegida-mejor-alianza-aerea-2015\\\/#authorImage\",\"url\":\"https:\\\/\\\/eldigitaldeasturias.com\\\/magazine365\\\/wp-content\\\/litespeed\\\/avatar\\\/e571bcf59a0edd6fa6838245a470f2fe.jpg?ver=1776969259\",\"width\":96,\"height\":96,\"caption\":\"admin\"}},{\"@type\":\"WebPage\",\"@id\":\"https:\\\/\\\/eldigitaldeasturias.com\\\/magazine365\\\/skyteam-elegida-mejor-alianza-aerea-2015\\\/#webpage\",\"url\":\"https:\\\/\\\/eldigitaldeasturias.com\\\/magazine365\\\/skyteam-elegida-mejor-alianza-aerea-2015\\\/\",\"name\":\"SkyTeam, elegida mejor alianza a\\u00e9rea 2015 | El Digital de Asturias\",\"description\":\"SkyTeam, elegida mejor alianza a\\u00e9rea 2015. Este gran acuerdo estrat\\u00e9gico global, del que forma parte Air Europa, se ha llevado el premio Airline Alliance of the Year en los galardones anuales que concede la publicaci\\u00f3n on line Air Transport News para reconocer los m\\u00e9ritos alcanzados en el sector de la aviaci\\u00f3n. Esta \\u00faltima edici\\u00f3n, celebrada\",\"inLanguage\":\"es-ES\",\"isPartOf\":{\"@id\":\"https:\\\/\\\/eldigitaldeasturias.com\\\/magazine365\\\/#website\"},\"breadcrumb\":{\"@id\":\"https:\\\/\\\/eldigitaldeasturias.com\\\/magazine365\\\/skyteam-elegida-mejor-alianza-aerea-2015\\\/#breadcrumblist\"},\"author\":{\"@id\":\"https:\\\/\\\/eldigitaldeasturias.com\\\/magazine365\\\/author\\\/admin\\\/#author\"},\"creator\":{\"@id\":\"https:\\\/\\\/eldigitaldeasturias.com\\\/magazine365\\\/author\\\/admin\\\/#author\"},\"image\":{\"@type\":\"ImageObject\",\"url\":\"https:\\\/\\\/eldigitaldeasturias.com\\\/magazine365\\\/wp-content\\\/uploads\\\/2015\\\/04\\\/Billete996-SkyTeam-elegida-mejor-alianza-aerea-2015.jpg\",\"@id\":\"https:\\\/\\\/eldigitaldeasturias.com\\\/magazine365\\\/skyteam-elegida-mejor-alianza-aerea-2015\\\/#mainImage\",\"width\":770,\"height\":435},\"primaryImageOfPage\":{\"@id\":\"https:\\\/\\\/eldigitaldeasturias.com\\\/magazine365\\\/skyteam-elegida-mejor-alianza-aerea-2015\\\/#mainImage\"},\"datePublished\":\"2015-04-22T17:03:44+02:00\",\"dateModified\":\"2015-04-22T17:03:44+02:00\"},{\"@type\":\"WebSite\",\"@id\":\"https:\\\/\\\/eldigitaldeasturias.com\\\/magazine365\\\/#website\",\"url\":\"https:\\\/\\\/eldigitaldeasturias.com\\\/magazine365\\\/\",\"name\":\"El Digital de Asturias\",\"description\":\"Revista de ocio, turismo y estilo de vida\",\"inLanguage\":\"es-ES\",\"publisher\":{\"@id\":\"https:\\\/\\\/eldigitaldeasturias.com\\\/magazine365\\\/#organization\"}}]}\n\t\t<\/script>\n\t\t<!-- All in One SEO Pro -->\r\n\t\t<title>SkyTeam, elegida mejor alianza a\u00e9rea 2015 | El Digital de Asturias<\/title>\n\n","aioseo_head_json":{"title":"SkyTeam, elegida mejor alianza a\u00e9rea 2015 | El Digital de Asturias","description":"SkyTeam, elegida mejor alianza a\u00e9rea 2015. Este gran acuerdo estrat\u00e9gico global, del que forma parte Air Europa, se ha llevado el premio Airline Alliance of the Year en los galardones anuales que concede la publicaci\u00f3n on line Air Transport News para reconocer los m\u00e9ritos alcanzados en el sector de la aviaci\u00f3n. Esta \u00faltima edici\u00f3n, celebrada","canonical_url":"https:\/\/eldigitaldeasturias.com\/magazine365\/skyteam-elegida-mejor-alianza-aerea-2015\/","robots":"max-image-preview:large","keywords":"actualidad turismo","webmasterTools":{"google-site-verification":"UA-38556648-1","miscellaneous":""},"schema":{"@context":"https:\/\/schema.org","@graph":[{"@type":"Article","@id":"https:\/\/eldigitaldeasturias.com\/magazine365\/skyteam-elegida-mejor-alianza-aerea-2015\/#article","name":"SkyTeam, elegida mejor alianza a\u00e9rea 2015 | El Digital de Asturias","headline":"SkyTeam, elegida mejor alianza a\u00e9rea 2015","author":{"@id":"https:\/\/eldigitaldeasturias.com\/magazine365\/author\/admin\/#author"},"publisher":{"@id":"https:\/\/eldigitaldeasturias.com\/magazine365\/#organization"},"image":{"@type":"ImageObject","url":"https:\/\/eldigitaldeasturias.com\/magazine365\/wp-content\/uploads\/2015\/04\/Billete996-SkyTeam-elegida-mejor-alianza-aerea-2015.jpg","width":770,"height":435},"datePublished":"2015-04-22T17:03:44+02:00","dateModified":"2015-04-22T17:03:44+02:00","inLanguage":"es-ES","mainEntityOfPage":{"@id":"https:\/\/eldigitaldeasturias.com\/magazine365\/skyteam-elegida-mejor-alianza-aerea-2015\/#webpage"},"isPartOf":{"@id":"https:\/\/eldigitaldeasturias.com\/magazine365\/skyteam-elegida-mejor-alianza-aerea-2015\/#webpage"},"articleSection":"Actualidad Turismo"},{"@type":"BreadcrumbList","@id":"https:\/\/eldigitaldeasturias.com\/magazine365\/skyteam-elegida-mejor-alianza-aerea-2015\/#breadcrumblist","itemListElement":[{"@type":"ListItem","@id":"https:\/\/eldigitaldeasturias.com\/magazine365#listItem","position":1,"name":"Home","item":"https:\/\/eldigitaldeasturias.com\/magazine365","nextItem":{"@type":"ListItem","@id":"https:\/\/eldigitaldeasturias.com\/magazine365\/category\/actualidad-turismo\/#listItem","name":"Actualidad Turismo"}},{"@type":"ListItem","@id":"https:\/\/eldigitaldeasturias.com\/magazine365\/category\/actualidad-turismo\/#listItem","position":2,"name":"Actualidad Turismo","item":"https:\/\/eldigitaldeasturias.com\/magazine365\/category\/actualidad-turismo\/","nextItem":{"@type":"ListItem","@id":"https:\/\/eldigitaldeasturias.com\/magazine365\/skyteam-elegida-mejor-alianza-aerea-2015\/#listItem","name":"SkyTeam, elegida mejor alianza a\u00e9rea 2015"},"previousItem":{"@type":"ListItem","@id":"https:\/\/eldigitaldeasturias.com\/magazine365#listItem","name":"Home"}},{"@type":"ListItem","@id":"https:\/\/eldigitaldeasturias.com\/magazine365\/skyteam-elegida-mejor-alianza-aerea-2015\/#listItem","position":3,"name":"SkyTeam, elegida mejor alianza a\u00e9rea 2015","previousItem":{"@type":"ListItem","@id":"https:\/\/eldigitaldeasturias.com\/magazine365\/category\/actualidad-turismo\/#listItem","name":"Actualidad Turismo"}}]},{"@type":"Organization","@id":"https:\/\/eldigitaldeasturias.com\/magazine365\/#organization","name":"El digital de Asturias","description":"Revista de ocio, turismo y estilo de vida","url":"https:\/\/eldigitaldeasturias.com\/magazine365\/","logo":{"@type":"ImageObject","url":"https:\/\/www.eldigitaldeasturias.com\/noticias\/wp-content\/uploads\/2020\/12\/EDA.jpg","@id":"https:\/\/eldigitaldeasturias.com\/magazine365\/skyteam-elegida-mejor-alianza-aerea-2015\/#organizationLogo"},"image":{"@id":"https:\/\/eldigitaldeasturias.com\/magazine365\/skyteam-elegida-mejor-alianza-aerea-2015\/#organizationLogo"}},{"@type":"Person","@id":"https:\/\/eldigitaldeasturias.com\/magazine365\/author\/admin\/#author","url":"https:\/\/eldigitaldeasturias.com\/magazine365\/author\/admin\/","name":"admin","image":{"@type":"ImageObject","@id":"https:\/\/eldigitaldeasturias.com\/magazine365\/skyteam-elegida-mejor-alianza-aerea-2015\/#authorImage","url":"https:\/\/eldigitaldeasturias.com\/magazine365\/wp-content\/litespeed\/avatar\/e571bcf59a0edd6fa6838245a470f2fe.jpg?ver=1776969259","width":96,"height":96,"caption":"admin"}},{"@type":"WebPage","@id":"https:\/\/eldigitaldeasturias.com\/magazine365\/skyteam-elegida-mejor-alianza-aerea-2015\/#webpage","url":"https:\/\/eldigitaldeasturias.com\/magazine365\/skyteam-elegida-mejor-alianza-aerea-2015\/","name":"SkyTeam, elegida mejor alianza a\u00e9rea 2015 | El Digital de Asturias","description":"SkyTeam, elegida mejor alianza a\u00e9rea 2015. Este gran acuerdo estrat\u00e9gico global, del que forma parte Air Europa, se ha llevado el premio Airline Alliance of the Year en los galardones anuales que concede la publicaci\u00f3n on line Air Transport News para reconocer los m\u00e9ritos alcanzados en el sector de la aviaci\u00f3n. Esta \u00faltima edici\u00f3n, celebrada","inLanguage":"es-ES","isPartOf":{"@id":"https:\/\/eldigitaldeasturias.com\/magazine365\/#website"},"breadcrumb":{"@id":"https:\/\/eldigitaldeasturias.com\/magazine365\/skyteam-elegida-mejor-alianza-aerea-2015\/#breadcrumblist"},"author":{"@id":"https:\/\/eldigitaldeasturias.com\/magazine365\/author\/admin\/#author"},"creator":{"@id":"https:\/\/eldigitaldeasturias.com\/magazine365\/author\/admin\/#author"},"image":{"@type":"ImageObject","url":"https:\/\/eldigitaldeasturias.com\/magazine365\/wp-content\/uploads\/2015\/04\/Billete996-SkyTeam-elegida-mejor-alianza-aerea-2015.jpg","@id":"https:\/\/eldigitaldeasturias.com\/magazine365\/skyteam-elegida-mejor-alianza-aerea-2015\/#mainImage","width":770,"height":435},"primaryImageOfPage":{"@id":"https:\/\/eldigitaldeasturias.com\/magazine365\/skyteam-elegida-mejor-alianza-aerea-2015\/#mainImage"},"datePublished":"2015-04-22T17:03:44+02:00","dateModified":"2015-04-22T17:03:44+02:00"},{"@type":"WebSite","@id":"https:\/\/eldigitaldeasturias.com\/magazine365\/#website","url":"https:\/\/eldigitaldeasturias.com\/magazine365\/","name":"El Digital de Asturias","description":"Revista de ocio, turismo y estilo de vida","inLanguage":"es-ES","publisher":{"@id":"https:\/\/eldigitaldeasturias.com\/magazine365\/#organization"}}]},"og:locale":"es_ES","og:site_name":"El Digital de Asturias \u2013 Revista de ocio, turismo y estilo de vida","og:type":"article","og:title":"SkyTeam, elegida mejor alianza a\u00e9rea 2015 | El Digital de Asturias","og:description":"SkyTeam, elegida mejor alianza a\u00e9rea 2015. Este gran acuerdo estrat\u00e9gico global, del que forma parte Air Europa, se ha llevado el premio Airline Alliance of the Year en los galardones anuales que concede la publicaci\u00f3n on line Air Transport News para reconocer los m\u00e9ritos alcanzados en el sector de la aviaci\u00f3n. Esta \u00faltima edici\u00f3n, celebrada","og:url":"https:\/\/eldigitaldeasturias.com\/magazine365\/skyteam-elegida-mejor-alianza-aerea-2015\/","og:image":"https:\/\/eldigitaldeasturias.com\/magazine365\/wp-content\/uploads\/2015\/04\/Billete996-SkyTeam-elegida-mejor-alianza-aerea-2015.jpg","og:image:secure_url":"https:\/\/eldigitaldeasturias.com\/magazine365\/wp-content\/uploads\/2015\/04\/Billete996-SkyTeam-elegida-mejor-alianza-aerea-2015.jpg","og:image:width":770,"og:image:height":435,"article:published_time":"2015-04-22T15:33:44+00:00","article:modified_time":"2015-04-22T15:33:44+00:00","twitter:card":"summary_large_image","twitter:title":"SkyTeam, elegida mejor alianza a\u00e9rea 2015 | El Digital de Asturias","twitter:description":"SkyTeam, elegida mejor alianza a\u00e9rea 2015. Este gran acuerdo estrat\u00e9gico global, del que forma parte Air Europa, se ha llevado el premio Airline Alliance of the Year en los galardones anuales que concede la publicaci\u00f3n on line Air Transport News para reconocer los m\u00e9ritos alcanzados en el sector de la aviaci\u00f3n. Esta \u00faltima edici\u00f3n, celebrada","twitter:image":"https:\/\/eldigitaldeasturias.com\/magazine365\/wp-content\/uploads\/2015\/04\/Billete996-SkyTeam-elegida-mejor-alianza-aerea-2015.jpg"},"aioseo_meta_data":{"post_id":"37930","title":null,"description":null,"keywords":null,"keyphrases":null,"primary_term":null,"canonical_url":null,"og_title":null,"og_description":null,"og_object_type":"default","og_image_type":"default","og_image_url":null,"og_image_width":null,"og_image_height":null,"og_image_custom_url":null,"og_image_custom_fields":null,"og_video":null,"og_custom_url":null,"og_article_section":null,"og_article_tags":null,"twitter_use_og":false,"twitter_card":"default","twitter_image_type":"default","twitter_image_url":null,"twitter_image_custom_url":null,"twitter_image_custom_fields":null,"twitter_title":null,"twitter_description":null,"schema":{"blockGraphs":[],"customGraphs":[],"default":{"data":{"Article":[],"Course":[],"Dataset":[],"FAQPage":[],"Movie":[],"Person":[],"Product":[],"ProductReview":[],"Car":[],"Recipe":[],"Service":[],"SoftwareApplication":[],"WebPage":[]},"graphName":"","isEnabled":true},"graphs":[],"defaultGraph":"","defaultPostTypeGraph":""},"schema_type":null,"schema_type_options":null,"pillar_content":false,"robots_default":true,"robots_noindex":false,"robots_noarchive":false,"robots_nosnippet":false,"robots_nofollow":false,"robots_noimageindex":false,"robots_noodp":false,"robots_notranslate":false,"robots_max_snippet":null,"robots_max_videopreview":null,"robots_max_imagepreview":"large","priority":null,"frequency":null,"location":null,"local_seo":null,"seo_analyzer_scan_date":"2025-09-19 08:35:20","breadcrumb_settings":null,"limit_modified_date":false,"open_ai":null,"ai":null,"created":"2020-12-21 14:47:23","updated":"2025-09-19 08:35:20"},"aioseo_breadcrumb":"<div class=\"aioseo-breadcrumbs\"><span class=\"aioseo-breadcrumb\">\n\t<a href=\"https:\/\/eldigitaldeasturias.com\/magazine365\" title=\"Home\">Home<\/a>\n<\/span><span class=\"aioseo-breadcrumb-separator\">\u2013<\/span><span class=\"aioseo-breadcrumb\">\n\t<a href=\"https:\/\/eldigitaldeasturias.com\/magazine365\/category\/actualidad-turismo\/\" title=\"Actualidad Turismo\">Actualidad Turismo<\/a>\n<\/span><span class=\"aioseo-breadcrumb-separator\">\u2013<\/span><span class=\"aioseo-breadcrumb\">\n\t<a href=\"https:\/\/eldigitaldeasturias.com\/magazine365\/skyteam-elegida-mejor-alianza-aerea-2015\/\" title=\"SkyTeam, elegida mejor alianza a\u00e9rea 2015\">SkyTeam, elegida mejor alianza a\u00e9rea 2015<\/a>\n<\/span><\/div>","aioseo_breadcrumb_json":[{"label":"Home","link":"https:\/\/eldigitaldeasturias.com\/magazine365"},{"label":"Actualidad Turismo","link":"https:\/\/eldigitaldeasturias.com\/magazine365\/category\/actualidad-turismo\/"},{"label":"SkyTeam, elegida mejor alianza a\u00e9rea 2015","link":"https:\/\/eldigitaldeasturias.com\/magazine365\/skyteam-elegida-mejor-alianza-aerea-2015\/"}],"_links":{"self":[{"href":"https:\/\/eldigitaldeasturias.com\/magazine365\/wp-json\/wp\/v2\/posts\/37930","targetHints":{"allow":["GET"]}}],"collection":[{"href":"https:\/\/eldigitaldeasturias.com\/magazine365\/wp-json\/wp\/v2\/posts"}],"about":[{"href":"https:\/\/eldigitaldeasturias.com\/magazine365\/wp-json\/wp\/v2\/types\/post"}],"author":[{"embeddable":true,"href":"https:\/\/eldigitaldeasturias.com\/magazine365\/wp-json\/wp\/v2\/users\/1"}],"replies":[{"embeddable":true,"href":"https:\/\/eldigitaldeasturias.com\/magazine365\/wp-json\/wp\/v2\/comments?post=37930"}],"version-history":[{"count":0,"href":"https:\/\/eldigitaldeasturias.com\/magazine365\/wp-json\/wp\/v2\/posts\/37930\/revisions"}],"wp:featuredmedia":[{"embeddable":true,"href":"https:\/\/eldigitaldeasturias.com\/magazine365\/wp-json\/wp\/v2\/media\/37931"}],"wp:attachment":[{"href":"https:\/\/eldigitaldeasturias.com\/magazine365\/wp-json\/wp\/v2\/media?parent=37930"}],"wp:term":[{"taxonomy":"category","embeddable":true,"href":"https:\/\/eldigitaldeasturias.com\/magazine365\/wp-json\/wp\/v2\/categories?post=37930"},{"taxonomy":"post_tag","embeddable":true,"href":"https:\/\/eldigitaldeasturias.com\/magazine365\/wp-json\/wp\/v2\/tags?post=37930"}],"curies":[{"name":"wp","href":"https:\/\/api.w.org\/{rel}","templated":true}]}}