{"id":37912,"date":"2015-04-21T20:31:51","date_gmt":"2015-04-21T19:01:51","guid":{"rendered":"http:\/\/eldigitaldeasturias.com\/magazine365\/?p=37912"},"modified":"2015-04-21T20:31:51","modified_gmt":"2015-04-21T19:01:51","slug":"el-poliestireno-de-valero-presente-en-fitur-2015","status":"publish","type":"post","link":"https:\/\/eldigitaldeasturias.com\/magazine365\/el-poliestireno-de-valero-presente-en-fitur-2015\/","title":{"rendered":"El poliestireno de Valero presente en Fitur 2015"},"content":{"rendered":"<p><img fetchpriority=\"high\" decoding=\"async\" class=\"alignleft size-medium wp-image-37913\" src=\"https:\/\/eldigitaldeasturias.com\/magazine365\/wp-content\/uploads\/2015\/04\/1429631883_2015_01_28_11_30_20-169x300.jpg\" alt=\"1429631883_2015_01_28_11_30_20\" width=\"169\" height=\"300\" srcset=\"https:\/\/eldigitaldeasturias.com\/magazine365\/wp-content\/uploads\/2015\/04\/1429631883_2015_01_28_11_30_20-169x300.jpg 169w, https:\/\/eldigitaldeasturias.com\/magazine365\/wp-content\/uploads\/2015\/04\/1429631883_2015_01_28_11_30_20-150x267.jpg 150w, https:\/\/eldigitaldeasturias.com\/magazine365\/wp-content\/uploads\/2015\/04\/1429631883_2015_01_28_11_30_20-236x420.jpg 236w, https:\/\/eldigitaldeasturias.com\/magazine365\/wp-content\/uploads\/2015\/04\/1429631883_2015_01_28_11_30_20.jpg 337w\" sizes=\"(max-width: 169px) 100vw, 169px\" \/>Para la imagen del grupo sanitario se hab\u00edan dise\u00f1ado varios r\u00f3tulos de gran tama\u00f1o, que en algunos casos deb\u00edan incluso estar suspendidos. Para ello era importante encontrar un material resistente, ligero, manipulable y f\u00e1cil de transportar y montar, as\u00ed que se decidi\u00f3 realizar unas letras de gran formato con el poliestireno expandido (EPS) de Grupo Valero.<\/p>\n<p>Para \u00e9ste tipo de trabajos es necesario un corte preciso y un acabado fino y limpio, que s\u00f3lo Valero puede producir gracias a su maquinaria de precisi\u00f3n que permite calibrados de +\/- 0,1 mm. de precisi\u00f3n y un riguroso control de la humedad durante el proceso productivo que garantice la estabilidad dimensional del material. En \u00e9ste aspecto Valero es la \u00fanica empresa espa\u00f1ola que garantiza \u00e9ste nivel de acabados gracias a la maquinaria m\u00e1s avanzada del mercado.<\/p>\n<p>Adem\u00e1s, es necesario una materia prima de alta calidad que permita una adecuada cohesi\u00f3n de las perlas de poliestireno expandido (E.P.S.) para evitar que el producto final se desgrane o sufra mucho frente a impactos y\/o roces que deteriorar\u00edan su aspecto final. Por eso, Valero siempre cuenta con la mejor materia prima de \u00faltima generaci\u00f3n de las principales compa\u00f1\u00edas del sector a nivel mundial como por ejemplo BASF.<\/p>\n<p>\u00c9ste tipo de trabajos en poliestireno expandido (E.P.S.) para empresas de eventos y publicidad, permite realizar montajes ef\u00edmeros a un reducido coste y desde muy pocas unidades, gracias al sistema de fabricaci\u00f3n de Valero con tan s\u00f3lo 1 unidad de pedido m\u00ednimo.<\/p>\n<p>Por \u00faltimo, gracias a la planta de reciclaje de poliestireno expandido (E.P.S.) propia que Valero tiene en sus instalaciones de Cox (Alicante), se puede aprovechar todo el material sobrante tras una feria y\/o evento y reciclarlo para posteriores usos, creando un importante valor a\u00f1adido como es el cuidado del medio ambiente y el ahorro, evitando la importante generaci\u00f3n de residuos que se producen en \u00e9ste tipo de eventos<\/p>\n","protected":false},"excerpt":{"rendered":"<p>Para la imagen del grupo sanitario se hab\u00edan dise\u00f1ado varios r\u00f3tulos de gran tama\u00f1o, que en algunos casos deb\u00edan incluso estar suspendidos. Para ello era importante encontrar un material resistente, ligero, manipulable y f\u00e1cil de transportar y montar, as\u00ed que se decidi\u00f3 realizar unas letras de gran formato con el poliestireno expandido (EPS) de Grupo<\/p>\n","protected":false},"author":1,"featured_media":37913,"comment_status":"open","ping_status":"closed","sticky":false,"template":"","format":"standard","meta":{"footnotes":""},"categories":[222],"tags":[],"class_list":{"0":"post-37912","1":"post","2":"type-post","3":"status-publish","4":"format-standard","5":"has-post-thumbnail","7":"category-actualidad-turismo"},"aioseo_notices":[],"aioseo_head":"\n\t\t<!-- All in One SEO Pro 4.9.6.1 - aioseo.com -->\n\t<meta name=\"description\" content=\"Para la imagen del grupo sanitario se hab\u00edan dise\u00f1ado varios r\u00f3tulos de gran tama\u00f1o, que en algunos casos deb\u00edan incluso estar suspendidos. Para ello era importante encontrar un material resistente, ligero, manipulable y f\u00e1cil de transportar y montar, as\u00ed que se decidi\u00f3 realizar unas letras de gran formato con el poliestireno expandido (EPS) de Grupo\" \/>\n\t<meta name=\"robots\" content=\"max-image-preview:large\" \/>\n\t<meta name=\"author\" content=\"admin\"\/>\n\t<meta name=\"google-site-verification\" content=\"UA-38556648-1\" \/>\n\t<meta name=\"keywords\" content=\"actualidad turismo\" \/>\n\t<link rel=\"canonical\" href=\"https:\/\/eldigitaldeasturias.com\/magazine365\/el-poliestireno-de-valero-presente-en-fitur-2015\/\" \/>\n\t<meta name=\"generator\" content=\"All in One SEO Pro (AIOSEO) 4.9.6.1\" \/>\n\t\t<meta property=\"og:locale\" content=\"es_ES\" \/>\n\t\t<meta property=\"og:site_name\" content=\"El Digital de Asturias \u2013 Revista de ocio, turismo y estilo de vida\" \/>\n\t\t<meta property=\"og:type\" content=\"article\" \/>\n\t\t<meta property=\"og:title\" content=\"El poliestireno de Valero presente en Fitur 2015 | El Digital de Asturias\" \/>\n\t\t<meta property=\"og:description\" content=\"Para la imagen del grupo sanitario se hab\u00edan dise\u00f1ado varios r\u00f3tulos de gran tama\u00f1o, que en algunos casos deb\u00edan incluso estar suspendidos. Para ello era importante encontrar un material resistente, ligero, manipulable y f\u00e1cil de transportar y montar, as\u00ed que se decidi\u00f3 realizar unas letras de gran formato con el poliestireno expandido (EPS) de Grupo\" \/>\n\t\t<meta property=\"og:url\" content=\"https:\/\/eldigitaldeasturias.com\/magazine365\/el-poliestireno-de-valero-presente-en-fitur-2015\/\" \/>\n\t\t<meta property=\"og:image\" content=\"https:\/\/eldigitaldeasturias.com\/magazine365\/wp-content\/uploads\/2015\/04\/1429631883_2015_01_28_11_30_20.jpg\" \/>\n\t\t<meta property=\"og:image:secure_url\" content=\"https:\/\/eldigitaldeasturias.com\/magazine365\/wp-content\/uploads\/2015\/04\/1429631883_2015_01_28_11_30_20.jpg\" \/>\n\t\t<meta property=\"og:image:width\" content=\"337\" \/>\n\t\t<meta property=\"og:image:height\" content=\"600\" \/>\n\t\t<meta property=\"article:published_time\" content=\"2015-04-21T19:01:51+00:00\" \/>\n\t\t<meta property=\"article:modified_time\" content=\"2015-04-21T19:01:51+00:00\" \/>\n\t\t<meta name=\"twitter:card\" content=\"summary_large_image\" \/>\n\t\t<meta name=\"twitter:title\" content=\"El poliestireno de Valero presente en Fitur 2015 | El Digital de Asturias\" \/>\n\t\t<meta name=\"twitter:description\" content=\"Para la imagen del grupo sanitario se hab\u00edan dise\u00f1ado varios r\u00f3tulos de gran tama\u00f1o, que en algunos casos deb\u00edan incluso estar suspendidos. Para ello era importante encontrar un material resistente, ligero, manipulable y f\u00e1cil de transportar y montar, as\u00ed que se decidi\u00f3 realizar unas letras de gran formato con el poliestireno expandido (EPS) de Grupo\" \/>\n\t\t<meta name=\"twitter:image\" content=\"https:\/\/eldigitaldeasturias.com\/magazine365\/wp-content\/uploads\/2015\/04\/1429631883_2015_01_28_11_30_20.jpg\" \/>\n\t\t<script type=\"application\/ld+json\" class=\"aioseo-schema\">\n\t\t\t{\"@context\":\"https:\\\/\\\/schema.org\",\"@graph\":[{\"@type\":\"Article\",\"@id\":\"https:\\\/\\\/eldigitaldeasturias.com\\\/magazine365\\\/el-poliestireno-de-valero-presente-en-fitur-2015\\\/#article\",\"name\":\"El poliestireno de Valero presente en Fitur 2015 | El Digital de Asturias\",\"headline\":\"El poliestireno de Valero presente en Fitur 2015\",\"author\":{\"@id\":\"https:\\\/\\\/eldigitaldeasturias.com\\\/magazine365\\\/author\\\/admin\\\/#author\"},\"publisher\":{\"@id\":\"https:\\\/\\\/eldigitaldeasturias.com\\\/magazine365\\\/#organization\"},\"image\":{\"@type\":\"ImageObject\",\"url\":\"https:\\\/\\\/eldigitaldeasturias.com\\\/magazine365\\\/wp-content\\\/uploads\\\/2015\\\/04\\\/1429631883_2015_01_28_11_30_20.jpg\",\"width\":337,\"height\":600},\"datePublished\":\"2015-04-21T20:31:51+02:00\",\"dateModified\":\"2015-04-21T20:31:51+02:00\",\"inLanguage\":\"es-ES\",\"mainEntityOfPage\":{\"@id\":\"https:\\\/\\\/eldigitaldeasturias.com\\\/magazine365\\\/el-poliestireno-de-valero-presente-en-fitur-2015\\\/#webpage\"},\"isPartOf\":{\"@id\":\"https:\\\/\\\/eldigitaldeasturias.com\\\/magazine365\\\/el-poliestireno-de-valero-presente-en-fitur-2015\\\/#webpage\"},\"articleSection\":\"Actualidad Turismo\"},{\"@type\":\"BreadcrumbList\",\"@id\":\"https:\\\/\\\/eldigitaldeasturias.com\\\/magazine365\\\/el-poliestireno-de-valero-presente-en-fitur-2015\\\/#breadcrumblist\",\"itemListElement\":[{\"@type\":\"ListItem\",\"@id\":\"https:\\\/\\\/eldigitaldeasturias.com\\\/magazine365#listItem\",\"position\":1,\"name\":\"Home\",\"item\":\"https:\\\/\\\/eldigitaldeasturias.com\\\/magazine365\",\"nextItem\":{\"@type\":\"ListItem\",\"@id\":\"https:\\\/\\\/eldigitaldeasturias.com\\\/magazine365\\\/category\\\/actualidad-turismo\\\/#listItem\",\"name\":\"Actualidad Turismo\"}},{\"@type\":\"ListItem\",\"@id\":\"https:\\\/\\\/eldigitaldeasturias.com\\\/magazine365\\\/category\\\/actualidad-turismo\\\/#listItem\",\"position\":2,\"name\":\"Actualidad Turismo\",\"item\":\"https:\\\/\\\/eldigitaldeasturias.com\\\/magazine365\\\/category\\\/actualidad-turismo\\\/\",\"nextItem\":{\"@type\":\"ListItem\",\"@id\":\"https:\\\/\\\/eldigitaldeasturias.com\\\/magazine365\\\/el-poliestireno-de-valero-presente-en-fitur-2015\\\/#listItem\",\"name\":\"El poliestireno de Valero presente en Fitur 2015\"},\"previousItem\":{\"@type\":\"ListItem\",\"@id\":\"https:\\\/\\\/eldigitaldeasturias.com\\\/magazine365#listItem\",\"name\":\"Home\"}},{\"@type\":\"ListItem\",\"@id\":\"https:\\\/\\\/eldigitaldeasturias.com\\\/magazine365\\\/el-poliestireno-de-valero-presente-en-fitur-2015\\\/#listItem\",\"position\":3,\"name\":\"El poliestireno de Valero presente en Fitur 2015\",\"previousItem\":{\"@type\":\"ListItem\",\"@id\":\"https:\\\/\\\/eldigitaldeasturias.com\\\/magazine365\\\/category\\\/actualidad-turismo\\\/#listItem\",\"name\":\"Actualidad Turismo\"}}]},{\"@type\":\"Organization\",\"@id\":\"https:\\\/\\\/eldigitaldeasturias.com\\\/magazine365\\\/#organization\",\"name\":\"El digital de Asturias\",\"description\":\"Revista de ocio, turismo y estilo de vida\",\"url\":\"https:\\\/\\\/eldigitaldeasturias.com\\\/magazine365\\\/\",\"logo\":{\"@type\":\"ImageObject\",\"url\":\"https:\\\/\\\/www.eldigitaldeasturias.com\\\/noticias\\\/wp-content\\\/uploads\\\/2020\\\/12\\\/EDA.jpg\",\"@id\":\"https:\\\/\\\/eldigitaldeasturias.com\\\/magazine365\\\/el-poliestireno-de-valero-presente-en-fitur-2015\\\/#organizationLogo\"},\"image\":{\"@id\":\"https:\\\/\\\/eldigitaldeasturias.com\\\/magazine365\\\/el-poliestireno-de-valero-presente-en-fitur-2015\\\/#organizationLogo\"}},{\"@type\":\"Person\",\"@id\":\"https:\\\/\\\/eldigitaldeasturias.com\\\/magazine365\\\/author\\\/admin\\\/#author\",\"url\":\"https:\\\/\\\/eldigitaldeasturias.com\\\/magazine365\\\/author\\\/admin\\\/\",\"name\":\"admin\",\"image\":{\"@type\":\"ImageObject\",\"@id\":\"https:\\\/\\\/eldigitaldeasturias.com\\\/magazine365\\\/el-poliestireno-de-valero-presente-en-fitur-2015\\\/#authorImage\",\"url\":\"https:\\\/\\\/eldigitaldeasturias.com\\\/magazine365\\\/wp-content\\\/litespeed\\\/avatar\\\/e571bcf59a0edd6fa6838245a470f2fe.jpg?ver=1776969259\",\"width\":96,\"height\":96,\"caption\":\"admin\"}},{\"@type\":\"WebPage\",\"@id\":\"https:\\\/\\\/eldigitaldeasturias.com\\\/magazine365\\\/el-poliestireno-de-valero-presente-en-fitur-2015\\\/#webpage\",\"url\":\"https:\\\/\\\/eldigitaldeasturias.com\\\/magazine365\\\/el-poliestireno-de-valero-presente-en-fitur-2015\\\/\",\"name\":\"El poliestireno de Valero presente en Fitur 2015 | El Digital de Asturias\",\"description\":\"Para la imagen del grupo sanitario se hab\\u00edan dise\\u00f1ado varios r\\u00f3tulos de gran tama\\u00f1o, que en algunos casos deb\\u00edan incluso estar suspendidos. Para ello era importante encontrar un material resistente, ligero, manipulable y f\\u00e1cil de transportar y montar, as\\u00ed que se decidi\\u00f3 realizar unas letras de gran formato con el poliestireno expandido (EPS) de Grupo\",\"inLanguage\":\"es-ES\",\"isPartOf\":{\"@id\":\"https:\\\/\\\/eldigitaldeasturias.com\\\/magazine365\\\/#website\"},\"breadcrumb\":{\"@id\":\"https:\\\/\\\/eldigitaldeasturias.com\\\/magazine365\\\/el-poliestireno-de-valero-presente-en-fitur-2015\\\/#breadcrumblist\"},\"author\":{\"@id\":\"https:\\\/\\\/eldigitaldeasturias.com\\\/magazine365\\\/author\\\/admin\\\/#author\"},\"creator\":{\"@id\":\"https:\\\/\\\/eldigitaldeasturias.com\\\/magazine365\\\/author\\\/admin\\\/#author\"},\"image\":{\"@type\":\"ImageObject\",\"url\":\"https:\\\/\\\/eldigitaldeasturias.com\\\/magazine365\\\/wp-content\\\/uploads\\\/2015\\\/04\\\/1429631883_2015_01_28_11_30_20.jpg\",\"@id\":\"https:\\\/\\\/eldigitaldeasturias.com\\\/magazine365\\\/el-poliestireno-de-valero-presente-en-fitur-2015\\\/#mainImage\",\"width\":337,\"height\":600},\"primaryImageOfPage\":{\"@id\":\"https:\\\/\\\/eldigitaldeasturias.com\\\/magazine365\\\/el-poliestireno-de-valero-presente-en-fitur-2015\\\/#mainImage\"},\"datePublished\":\"2015-04-21T20:31:51+02:00\",\"dateModified\":\"2015-04-21T20:31:51+02:00\"},{\"@type\":\"WebSite\",\"@id\":\"https:\\\/\\\/eldigitaldeasturias.com\\\/magazine365\\\/#website\",\"url\":\"https:\\\/\\\/eldigitaldeasturias.com\\\/magazine365\\\/\",\"name\":\"El Digital de Asturias\",\"description\":\"Revista de ocio, turismo y estilo de vida\",\"inLanguage\":\"es-ES\",\"publisher\":{\"@id\":\"https:\\\/\\\/eldigitaldeasturias.com\\\/magazine365\\\/#organization\"}}]}\n\t\t<\/script>\n\t\t<!-- All in One SEO Pro -->\r\n\t\t<title>El poliestireno de Valero presente en Fitur 2015 | El Digital de Asturias<\/title>\n\n","aioseo_head_json":{"title":"El poliestireno de Valero presente en Fitur 2015 | El Digital de Asturias","description":"Para la imagen del grupo sanitario se hab\u00edan dise\u00f1ado varios r\u00f3tulos de gran tama\u00f1o, que en algunos casos deb\u00edan incluso estar suspendidos. Para ello era importante encontrar un material resistente, ligero, manipulable y f\u00e1cil de transportar y montar, as\u00ed que se decidi\u00f3 realizar unas letras de gran formato con el poliestireno expandido (EPS) de Grupo","canonical_url":"https:\/\/eldigitaldeasturias.com\/magazine365\/el-poliestireno-de-valero-presente-en-fitur-2015\/","robots":"max-image-preview:large","keywords":"actualidad turismo","webmasterTools":{"google-site-verification":"UA-38556648-1","miscellaneous":""},"schema":{"@context":"https:\/\/schema.org","@graph":[{"@type":"Article","@id":"https:\/\/eldigitaldeasturias.com\/magazine365\/el-poliestireno-de-valero-presente-en-fitur-2015\/#article","name":"El poliestireno de Valero presente en Fitur 2015 | El Digital de Asturias","headline":"El poliestireno de Valero presente en Fitur 2015","author":{"@id":"https:\/\/eldigitaldeasturias.com\/magazine365\/author\/admin\/#author"},"publisher":{"@id":"https:\/\/eldigitaldeasturias.com\/magazine365\/#organization"},"image":{"@type":"ImageObject","url":"https:\/\/eldigitaldeasturias.com\/magazine365\/wp-content\/uploads\/2015\/04\/1429631883_2015_01_28_11_30_20.jpg","width":337,"height":600},"datePublished":"2015-04-21T20:31:51+02:00","dateModified":"2015-04-21T20:31:51+02:00","inLanguage":"es-ES","mainEntityOfPage":{"@id":"https:\/\/eldigitaldeasturias.com\/magazine365\/el-poliestireno-de-valero-presente-en-fitur-2015\/#webpage"},"isPartOf":{"@id":"https:\/\/eldigitaldeasturias.com\/magazine365\/el-poliestireno-de-valero-presente-en-fitur-2015\/#webpage"},"articleSection":"Actualidad Turismo"},{"@type":"BreadcrumbList","@id":"https:\/\/eldigitaldeasturias.com\/magazine365\/el-poliestireno-de-valero-presente-en-fitur-2015\/#breadcrumblist","itemListElement":[{"@type":"ListItem","@id":"https:\/\/eldigitaldeasturias.com\/magazine365#listItem","position":1,"name":"Home","item":"https:\/\/eldigitaldeasturias.com\/magazine365","nextItem":{"@type":"ListItem","@id":"https:\/\/eldigitaldeasturias.com\/magazine365\/category\/actualidad-turismo\/#listItem","name":"Actualidad Turismo"}},{"@type":"ListItem","@id":"https:\/\/eldigitaldeasturias.com\/magazine365\/category\/actualidad-turismo\/#listItem","position":2,"name":"Actualidad Turismo","item":"https:\/\/eldigitaldeasturias.com\/magazine365\/category\/actualidad-turismo\/","nextItem":{"@type":"ListItem","@id":"https:\/\/eldigitaldeasturias.com\/magazine365\/el-poliestireno-de-valero-presente-en-fitur-2015\/#listItem","name":"El poliestireno de Valero presente en Fitur 2015"},"previousItem":{"@type":"ListItem","@id":"https:\/\/eldigitaldeasturias.com\/magazine365#listItem","name":"Home"}},{"@type":"ListItem","@id":"https:\/\/eldigitaldeasturias.com\/magazine365\/el-poliestireno-de-valero-presente-en-fitur-2015\/#listItem","position":3,"name":"El poliestireno de Valero presente en Fitur 2015","previousItem":{"@type":"ListItem","@id":"https:\/\/eldigitaldeasturias.com\/magazine365\/category\/actualidad-turismo\/#listItem","name":"Actualidad Turismo"}}]},{"@type":"Organization","@id":"https:\/\/eldigitaldeasturias.com\/magazine365\/#organization","name":"El digital de Asturias","description":"Revista de ocio, turismo y estilo de vida","url":"https:\/\/eldigitaldeasturias.com\/magazine365\/","logo":{"@type":"ImageObject","url":"https:\/\/www.eldigitaldeasturias.com\/noticias\/wp-content\/uploads\/2020\/12\/EDA.jpg","@id":"https:\/\/eldigitaldeasturias.com\/magazine365\/el-poliestireno-de-valero-presente-en-fitur-2015\/#organizationLogo"},"image":{"@id":"https:\/\/eldigitaldeasturias.com\/magazine365\/el-poliestireno-de-valero-presente-en-fitur-2015\/#organizationLogo"}},{"@type":"Person","@id":"https:\/\/eldigitaldeasturias.com\/magazine365\/author\/admin\/#author","url":"https:\/\/eldigitaldeasturias.com\/magazine365\/author\/admin\/","name":"admin","image":{"@type":"ImageObject","@id":"https:\/\/eldigitaldeasturias.com\/magazine365\/el-poliestireno-de-valero-presente-en-fitur-2015\/#authorImage","url":"https:\/\/eldigitaldeasturias.com\/magazine365\/wp-content\/litespeed\/avatar\/e571bcf59a0edd6fa6838245a470f2fe.jpg?ver=1776969259","width":96,"height":96,"caption":"admin"}},{"@type":"WebPage","@id":"https:\/\/eldigitaldeasturias.com\/magazine365\/el-poliestireno-de-valero-presente-en-fitur-2015\/#webpage","url":"https:\/\/eldigitaldeasturias.com\/magazine365\/el-poliestireno-de-valero-presente-en-fitur-2015\/","name":"El poliestireno de Valero presente en Fitur 2015 | El Digital de Asturias","description":"Para la imagen del grupo sanitario se hab\u00edan dise\u00f1ado varios r\u00f3tulos de gran tama\u00f1o, que en algunos casos deb\u00edan incluso estar suspendidos. Para ello era importante encontrar un material resistente, ligero, manipulable y f\u00e1cil de transportar y montar, as\u00ed que se decidi\u00f3 realizar unas letras de gran formato con el poliestireno expandido (EPS) de Grupo","inLanguage":"es-ES","isPartOf":{"@id":"https:\/\/eldigitaldeasturias.com\/magazine365\/#website"},"breadcrumb":{"@id":"https:\/\/eldigitaldeasturias.com\/magazine365\/el-poliestireno-de-valero-presente-en-fitur-2015\/#breadcrumblist"},"author":{"@id":"https:\/\/eldigitaldeasturias.com\/magazine365\/author\/admin\/#author"},"creator":{"@id":"https:\/\/eldigitaldeasturias.com\/magazine365\/author\/admin\/#author"},"image":{"@type":"ImageObject","url":"https:\/\/eldigitaldeasturias.com\/magazine365\/wp-content\/uploads\/2015\/04\/1429631883_2015_01_28_11_30_20.jpg","@id":"https:\/\/eldigitaldeasturias.com\/magazine365\/el-poliestireno-de-valero-presente-en-fitur-2015\/#mainImage","width":337,"height":600},"primaryImageOfPage":{"@id":"https:\/\/eldigitaldeasturias.com\/magazine365\/el-poliestireno-de-valero-presente-en-fitur-2015\/#mainImage"},"datePublished":"2015-04-21T20:31:51+02:00","dateModified":"2015-04-21T20:31:51+02:00"},{"@type":"WebSite","@id":"https:\/\/eldigitaldeasturias.com\/magazine365\/#website","url":"https:\/\/eldigitaldeasturias.com\/magazine365\/","name":"El Digital de Asturias","description":"Revista de ocio, turismo y estilo de vida","inLanguage":"es-ES","publisher":{"@id":"https:\/\/eldigitaldeasturias.com\/magazine365\/#organization"}}]},"og:locale":"es_ES","og:site_name":"El Digital de Asturias \u2013 Revista de ocio, turismo y estilo de vida","og:type":"article","og:title":"El poliestireno de Valero presente en Fitur 2015 | El Digital de Asturias","og:description":"Para la imagen del grupo sanitario se hab\u00edan dise\u00f1ado varios r\u00f3tulos de gran tama\u00f1o, que en algunos casos deb\u00edan incluso estar suspendidos. Para ello era importante encontrar un material resistente, ligero, manipulable y f\u00e1cil de transportar y montar, as\u00ed que se decidi\u00f3 realizar unas letras de gran formato con el poliestireno expandido (EPS) de Grupo","og:url":"https:\/\/eldigitaldeasturias.com\/magazine365\/el-poliestireno-de-valero-presente-en-fitur-2015\/","og:image":"https:\/\/eldigitaldeasturias.com\/magazine365\/wp-content\/uploads\/2015\/04\/1429631883_2015_01_28_11_30_20.jpg","og:image:secure_url":"https:\/\/eldigitaldeasturias.com\/magazine365\/wp-content\/uploads\/2015\/04\/1429631883_2015_01_28_11_30_20.jpg","og:image:width":337,"og:image:height":600,"article:published_time":"2015-04-21T19:01:51+00:00","article:modified_time":"2015-04-21T19:01:51+00:00","twitter:card":"summary_large_image","twitter:title":"El poliestireno de Valero presente en Fitur 2015 | El Digital de Asturias","twitter:description":"Para la imagen del grupo sanitario se hab\u00edan dise\u00f1ado varios r\u00f3tulos de gran tama\u00f1o, que en algunos casos deb\u00edan incluso estar suspendidos. Para ello era importante encontrar un material resistente, ligero, manipulable y f\u00e1cil de transportar y montar, as\u00ed que se decidi\u00f3 realizar unas letras de gran formato con el poliestireno expandido (EPS) de Grupo","twitter:image":"https:\/\/eldigitaldeasturias.com\/magazine365\/wp-content\/uploads\/2015\/04\/1429631883_2015_01_28_11_30_20.jpg"},"aioseo_meta_data":{"post_id":"37912","title":null,"description":null,"keywords":null,"keyphrases":null,"primary_term":null,"canonical_url":null,"og_title":null,"og_description":null,"og_object_type":"default","og_image_type":"default","og_image_url":null,"og_image_width":null,"og_image_height":null,"og_image_custom_url":null,"og_image_custom_fields":null,"og_video":null,"og_custom_url":null,"og_article_section":null,"og_article_tags":null,"twitter_use_og":false,"twitter_card":"default","twitter_image_type":"default","twitter_image_url":null,"twitter_image_custom_url":null,"twitter_image_custom_fields":null,"twitter_title":null,"twitter_description":null,"schema":{"blockGraphs":[],"customGraphs":[],"default":{"data":{"Article":[],"Course":[],"Dataset":[],"FAQPage":[],"Movie":[],"Person":[],"Product":[],"ProductReview":[],"Car":[],"Recipe":[],"Service":[],"SoftwareApplication":[],"WebPage":[]},"graphName":"","isEnabled":true},"graphs":[],"defaultGraph":"","defaultPostTypeGraph":""},"schema_type":null,"schema_type_options":null,"pillar_content":false,"robots_default":true,"robots_noindex":false,"robots_noarchive":false,"robots_nosnippet":false,"robots_nofollow":false,"robots_noimageindex":false,"robots_noodp":false,"robots_notranslate":false,"robots_max_snippet":null,"robots_max_videopreview":null,"robots_max_imagepreview":"large","priority":null,"frequency":null,"location":null,"local_seo":null,"seo_analyzer_scan_date":"2025-09-19 08:33:55","breadcrumb_settings":null,"limit_modified_date":false,"open_ai":null,"ai":null,"created":"2021-03-09 02:59:45","updated":"2025-09-19 08:33:55"},"aioseo_breadcrumb":"<div class=\"aioseo-breadcrumbs\"><span class=\"aioseo-breadcrumb\">\n\t<a href=\"https:\/\/eldigitaldeasturias.com\/magazine365\" title=\"Home\">Home<\/a>\n<\/span><span class=\"aioseo-breadcrumb-separator\">\u2013<\/span><span class=\"aioseo-breadcrumb\">\n\t<a href=\"https:\/\/eldigitaldeasturias.com\/magazine365\/category\/actualidad-turismo\/\" title=\"Actualidad Turismo\">Actualidad Turismo<\/a>\n<\/span><span class=\"aioseo-breadcrumb-separator\">\u2013<\/span><span class=\"aioseo-breadcrumb\">\n\t<a href=\"https:\/\/eldigitaldeasturias.com\/magazine365\/el-poliestireno-de-valero-presente-en-fitur-2015\/\" title=\"El poliestireno de Valero presente en Fitur 2015\">El poliestireno de Valero presente en Fitur 2015<\/a>\n<\/span><\/div>","aioseo_breadcrumb_json":[{"label":"Home","link":"https:\/\/eldigitaldeasturias.com\/magazine365"},{"label":"Actualidad Turismo","link":"https:\/\/eldigitaldeasturias.com\/magazine365\/category\/actualidad-turismo\/"},{"label":"El poliestireno de Valero presente en Fitur 2015","link":"https:\/\/eldigitaldeasturias.com\/magazine365\/el-poliestireno-de-valero-presente-en-fitur-2015\/"}],"_links":{"self":[{"href":"https:\/\/eldigitaldeasturias.com\/magazine365\/wp-json\/wp\/v2\/posts\/37912","targetHints":{"allow":["GET"]}}],"collection":[{"href":"https:\/\/eldigitaldeasturias.com\/magazine365\/wp-json\/wp\/v2\/posts"}],"about":[{"href":"https:\/\/eldigitaldeasturias.com\/magazine365\/wp-json\/wp\/v2\/types\/post"}],"author":[{"embeddable":true,"href":"https:\/\/eldigitaldeasturias.com\/magazine365\/wp-json\/wp\/v2\/users\/1"}],"replies":[{"embeddable":true,"href":"https:\/\/eldigitaldeasturias.com\/magazine365\/wp-json\/wp\/v2\/comments?post=37912"}],"version-history":[{"count":0,"href":"https:\/\/eldigitaldeasturias.com\/magazine365\/wp-json\/wp\/v2\/posts\/37912\/revisions"}],"wp:featuredmedia":[{"embeddable":true,"href":"https:\/\/eldigitaldeasturias.com\/magazine365\/wp-json\/wp\/v2\/media\/37913"}],"wp:attachment":[{"href":"https:\/\/eldigitaldeasturias.com\/magazine365\/wp-json\/wp\/v2\/media?parent=37912"}],"wp:term":[{"taxonomy":"category","embeddable":true,"href":"https:\/\/eldigitaldeasturias.com\/magazine365\/wp-json\/wp\/v2\/categories?post=37912"},{"taxonomy":"post_tag","embeddable":true,"href":"https:\/\/eldigitaldeasturias.com\/magazine365\/wp-json\/wp\/v2\/tags?post=37912"}],"curies":[{"name":"wp","href":"https:\/\/api.w.org\/{rel}","templated":true}]}}