{"id":37774,"date":"2015-04-17T05:23:33","date_gmt":"2015-04-17T07:23:33","guid":{"rendered":"http:\/\/eldigitaldeasturias.com\/magazine365\/?p=37774"},"modified":"2015-04-17T05:23:33","modified_gmt":"2015-04-17T07:23:33","slug":"moniberic-desembarca-en-el-mercado-frances","status":"publish","type":"post","link":"https:\/\/eldigitaldeasturias.com\/magazine365\/moniberic-desembarca-en-el-mercado-frances\/","title":{"rendered":"Moniberic desembarca en el mercado franc\u00e9s"},"content":{"rendered":"<p><img fetchpriority=\"high\" decoding=\"async\" class=\"alignleft size-medium wp-image-37775\" src=\"https:\/\/eldigitaldeasturias.com\/magazine365\/wp-content\/uploads\/2015\/04\/1429173945_Tienda_moniberic-360x240.jpg\" alt=\"1429173945_Tienda_moniberic\" width=\"360\" height=\"240\" srcset=\"https:\/\/eldigitaldeasturias.com\/magazine365\/wp-content\/uploads\/2015\/04\/1429173945_Tienda_moniberic-360x240.jpg 360w, https:\/\/eldigitaldeasturias.com\/magazine365\/wp-content\/uploads\/2015\/04\/1429173945_Tienda_moniberic-650x433.jpg 650w, https:\/\/eldigitaldeasturias.com\/magazine365\/wp-content\/uploads\/2015\/04\/1429173945_Tienda_moniberic-768x512.jpg 768w, https:\/\/eldigitaldeasturias.com\/magazine365\/wp-content\/uploads\/2015\/04\/1429173945_Tienda_moniberic-1536x1024.jpg 1536w, https:\/\/eldigitaldeasturias.com\/magazine365\/wp-content\/uploads\/2015\/04\/1429173945_Tienda_moniberic-2048x1366.jpg 2048w, https:\/\/eldigitaldeasturias.com\/magazine365\/wp-content\/uploads\/2015\/04\/1429173945_Tienda_moniberic-150x100.jpg 150w, https:\/\/eldigitaldeasturias.com\/magazine365\/wp-content\/uploads\/2015\/04\/1429173945_Tienda_moniberic-450x300.jpg 450w, https:\/\/eldigitaldeasturias.com\/magazine365\/wp-content\/uploads\/2015\/04\/1429173945_Tienda_moniberic-1200x800.jpg 1200w, https:\/\/eldigitaldeasturias.com\/magazine365\/wp-content\/uploads\/2015\/04\/1429173945_Tienda_moniberic-696x464.jpg 696w, https:\/\/eldigitaldeasturias.com\/magazine365\/wp-content\/uploads\/2015\/04\/1429173945_Tienda_moniberic-1068x712.jpg 1068w, https:\/\/eldigitaldeasturias.com\/magazine365\/wp-content\/uploads\/2015\/04\/1429173945_Tienda_moniberic-630x420.jpg 630w, https:\/\/eldigitaldeasturias.com\/magazine365\/wp-content\/uploads\/2015\/04\/1429173945_Tienda_moniberic-84x55.jpg 84w\" sizes=\"(max-width: 360px) 100vw, 360px\" \/>Moniberic, empresa especializada en distribuci\u00f3n y venta de jamones y embutidos ib\u00e9ricos continua su proceso de expansi\u00f3n franquiciando un c\u00f3rner en las bodegas Notre Dame de Montpellier. La empresa inicia su andadura internacional de la mano de un especialista en vinos del sur de Francia, dando as\u00ed respuesta a la demanda que el mercado franc\u00e9s tiene en producto ib\u00e9rico. Tras esta primera incursi\u00f3n en el mundo del vino, moniberic seguir\u00e1 esta senda abriendo nueva l\u00ednea de negocio con vinotecas.<\/p>\n<p>Con estas aperturas, Moniberic contin\u00faa su proceso de expansi\u00f3n que inici\u00f3 hace dos a\u00f1os apostando por un modelo de charcuter\u00eda diferente y muy especializada. Este mes de abril levanta la persiana de 4 establecimientos m\u00e1s en la pen\u00ednsula, 3 de ellos en Barcelona y otro en Palma de Mallorca. Moniberic cuenta con 28 franquicias y 9 tiendas propias y continuar\u00e1 esta l\u00ednea ascendente abriendo el mes de mayo de nuevo en Barcelona y tambi\u00e9n en Ibiza. Actualmente sigue contemplando acuerdos para dar continuidad a este proceso internacional que ha empezado en Montpellier.<\/p>\n<p>Tambi\u00e9n el pr\u00f3ximo mes, inaugura el nuevo centro log\u00edstico en Cabrera de Mar, Barcelona. Dicho centro acoge la central de compras y ser\u00e1 espacio de divulgaci\u00f3n del ib\u00e9rico donde se pondr\u00e1 en alza el protagonismo del jam\u00f3n y estar\u00e1 dedicado a formar a trabajadores, franquiciados y profesionales del sector.<\/p>\n<p>En las charcuter\u00edas Moniberic, cada jam\u00f3n se presenta como un espect\u00e1culo, en un entorno concebido para que los clientes puedan apreciar los matices de su color, delicado gusto y aroma suave. Moniberic dispone de su marca propia Tom\u00e1s L\u00f3pez totalmente exclusiva, y tambi\u00e9n selecciona y distribuye algunas de las m\u00e1s destacadas del pa\u00eds.<\/p>\n<p>Procedentes de cerdos ib\u00e9ricos, alimentados en r\u00e9gimen de montanera, exclusivamente con bellotas y pastos naturales, nuestros jamones han sido seleccionados entre los m\u00e1s reputados de las principales denominaciones de Origen del pa\u00eds: Guijuelo, Dehesa de Extremadura, Los Pedroches y Huelva.<\/p>\n<p>El pasado 2014 moniberic cerr\u00f3 su ejercicio superando los 15 millones de facturaci\u00f3n y para este 2015 mantiene su previsi\u00f3n de 15 aperturas.<\/p>\n","protected":false},"excerpt":{"rendered":"<p>Moniberic, empresa especializada en distribuci\u00f3n y venta de jamones y embutidos ib\u00e9ricos continua su proceso de expansi\u00f3n franquiciando un c\u00f3rner en las bodegas Notre Dame de Montpellier. La empresa inicia su andadura internacional de la mano de un especialista en vinos del sur de Francia, dando as\u00ed respuesta a la demanda que el mercado franc\u00e9s<\/p>\n","protected":false},"author":1,"featured_media":37775,"comment_status":"open","ping_status":"closed","sticky":false,"template":"","format":"standard","meta":{"footnotes":""},"categories":[222],"tags":[],"class_list":{"0":"post-37774","1":"post","2":"type-post","3":"status-publish","4":"format-standard","5":"has-post-thumbnail","7":"category-actualidad-turismo"},"aioseo_notices":[],"aioseo_head":"\n\t\t<!-- All in One SEO Pro 4.9.6.1 - aioseo.com -->\n\t<meta name=\"description\" content=\"Moniberic, empresa especializada en distribuci\u00f3n y venta de jamones y embutidos ib\u00e9ricos continua su proceso de expansi\u00f3n franquiciando un c\u00f3rner en las bodegas Notre Dame de Montpellier. La empresa inicia su andadura internacional de la mano de un especialista en vinos del sur de Francia, dando as\u00ed respuesta a la demanda que el mercado franc\u00e9s\" \/>\n\t<meta name=\"robots\" content=\"max-image-preview:large\" \/>\n\t<meta name=\"author\" content=\"admin\"\/>\n\t<meta name=\"google-site-verification\" content=\"UA-38556648-1\" \/>\n\t<meta name=\"keywords\" content=\"actualidad turismo\" \/>\n\t<link rel=\"canonical\" href=\"https:\/\/eldigitaldeasturias.com\/magazine365\/moniberic-desembarca-en-el-mercado-frances\/\" \/>\n\t<meta name=\"generator\" content=\"All in One SEO Pro (AIOSEO) 4.9.6.1\" \/>\n\t\t<meta property=\"og:locale\" content=\"es_ES\" \/>\n\t\t<meta property=\"og:site_name\" content=\"El Digital de Asturias \u2013 Revista de ocio, turismo y estilo de vida\" \/>\n\t\t<meta property=\"og:type\" content=\"article\" \/>\n\t\t<meta property=\"og:title\" content=\"Moniberic desembarca en el mercado franc\u00e9s | El Digital de Asturias\" \/>\n\t\t<meta property=\"og:description\" content=\"Moniberic, empresa especializada en distribuci\u00f3n y venta de jamones y embutidos ib\u00e9ricos continua su proceso de expansi\u00f3n franquiciando un c\u00f3rner en las bodegas Notre Dame de Montpellier. La empresa inicia su andadura internacional de la mano de un especialista en vinos del sur de Francia, dando as\u00ed respuesta a la demanda que el mercado franc\u00e9s\" \/>\n\t\t<meta property=\"og:url\" content=\"https:\/\/eldigitaldeasturias.com\/magazine365\/moniberic-desembarca-en-el-mercado-frances\/\" \/>\n\t\t<meta property=\"og:image\" content=\"https:\/\/eldigitaldeasturias.com\/magazine365\/wp-content\/uploads\/2015\/04\/1429173945_Tienda_moniberic.jpg\" \/>\n\t\t<meta property=\"og:image:secure_url\" content=\"https:\/\/eldigitaldeasturias.com\/magazine365\/wp-content\/uploads\/2015\/04\/1429173945_Tienda_moniberic.jpg\" \/>\n\t\t<meta property=\"og:image:width\" content=\"2500\" \/>\n\t\t<meta property=\"og:image:height\" content=\"1667\" \/>\n\t\t<meta property=\"article:published_time\" content=\"2015-04-17T07:23:33+00:00\" \/>\n\t\t<meta property=\"article:modified_time\" content=\"2015-04-17T07:23:33+00:00\" \/>\n\t\t<meta name=\"twitter:card\" content=\"summary_large_image\" \/>\n\t\t<meta name=\"twitter:title\" content=\"Moniberic desembarca en el mercado franc\u00e9s | El Digital de Asturias\" \/>\n\t\t<meta name=\"twitter:description\" content=\"Moniberic, empresa especializada en distribuci\u00f3n y venta de jamones y embutidos ib\u00e9ricos continua su proceso de expansi\u00f3n franquiciando un c\u00f3rner en las bodegas Notre Dame de Montpellier. La empresa inicia su andadura internacional de la mano de un especialista en vinos del sur de Francia, dando as\u00ed respuesta a la demanda que el mercado franc\u00e9s\" \/>\n\t\t<meta name=\"twitter:image\" content=\"https:\/\/eldigitaldeasturias.com\/magazine365\/wp-content\/uploads\/2015\/04\/1429173945_Tienda_moniberic.jpg\" \/>\n\t\t<script type=\"application\/ld+json\" class=\"aioseo-schema\">\n\t\t\t{\"@context\":\"https:\\\/\\\/schema.org\",\"@graph\":[{\"@type\":\"Article\",\"@id\":\"https:\\\/\\\/eldigitaldeasturias.com\\\/magazine365\\\/moniberic-desembarca-en-el-mercado-frances\\\/#article\",\"name\":\"Moniberic desembarca en el mercado franc\\u00e9s | El Digital de Asturias\",\"headline\":\"Moniberic desembarca en el mercado franc\\u00e9s\",\"author\":{\"@id\":\"https:\\\/\\\/eldigitaldeasturias.com\\\/magazine365\\\/author\\\/admin\\\/#author\"},\"publisher\":{\"@id\":\"https:\\\/\\\/eldigitaldeasturias.com\\\/magazine365\\\/#organization\"},\"image\":{\"@type\":\"ImageObject\",\"url\":\"https:\\\/\\\/eldigitaldeasturias.com\\\/magazine365\\\/wp-content\\\/uploads\\\/2015\\\/04\\\/1429173945_Tienda_moniberic.jpg\",\"width\":2500,\"height\":1667},\"datePublished\":\"2015-04-17T05:23:33+02:00\",\"dateModified\":\"2015-04-17T05:23:33+02:00\",\"inLanguage\":\"es-ES\",\"mainEntityOfPage\":{\"@id\":\"https:\\\/\\\/eldigitaldeasturias.com\\\/magazine365\\\/moniberic-desembarca-en-el-mercado-frances\\\/#webpage\"},\"isPartOf\":{\"@id\":\"https:\\\/\\\/eldigitaldeasturias.com\\\/magazine365\\\/moniberic-desembarca-en-el-mercado-frances\\\/#webpage\"},\"articleSection\":\"Actualidad Turismo\"},{\"@type\":\"BreadcrumbList\",\"@id\":\"https:\\\/\\\/eldigitaldeasturias.com\\\/magazine365\\\/moniberic-desembarca-en-el-mercado-frances\\\/#breadcrumblist\",\"itemListElement\":[{\"@type\":\"ListItem\",\"@id\":\"https:\\\/\\\/eldigitaldeasturias.com\\\/magazine365#listItem\",\"position\":1,\"name\":\"Home\",\"item\":\"https:\\\/\\\/eldigitaldeasturias.com\\\/magazine365\",\"nextItem\":{\"@type\":\"ListItem\",\"@id\":\"https:\\\/\\\/eldigitaldeasturias.com\\\/magazine365\\\/category\\\/actualidad-turismo\\\/#listItem\",\"name\":\"Actualidad Turismo\"}},{\"@type\":\"ListItem\",\"@id\":\"https:\\\/\\\/eldigitaldeasturias.com\\\/magazine365\\\/category\\\/actualidad-turismo\\\/#listItem\",\"position\":2,\"name\":\"Actualidad Turismo\",\"item\":\"https:\\\/\\\/eldigitaldeasturias.com\\\/magazine365\\\/category\\\/actualidad-turismo\\\/\",\"nextItem\":{\"@type\":\"ListItem\",\"@id\":\"https:\\\/\\\/eldigitaldeasturias.com\\\/magazine365\\\/moniberic-desembarca-en-el-mercado-frances\\\/#listItem\",\"name\":\"Moniberic desembarca en el mercado franc\\u00e9s\"},\"previousItem\":{\"@type\":\"ListItem\",\"@id\":\"https:\\\/\\\/eldigitaldeasturias.com\\\/magazine365#listItem\",\"name\":\"Home\"}},{\"@type\":\"ListItem\",\"@id\":\"https:\\\/\\\/eldigitaldeasturias.com\\\/magazine365\\\/moniberic-desembarca-en-el-mercado-frances\\\/#listItem\",\"position\":3,\"name\":\"Moniberic desembarca en el mercado franc\\u00e9s\",\"previousItem\":{\"@type\":\"ListItem\",\"@id\":\"https:\\\/\\\/eldigitaldeasturias.com\\\/magazine365\\\/category\\\/actualidad-turismo\\\/#listItem\",\"name\":\"Actualidad Turismo\"}}]},{\"@type\":\"Organization\",\"@id\":\"https:\\\/\\\/eldigitaldeasturias.com\\\/magazine365\\\/#organization\",\"name\":\"El digital de Asturias\",\"description\":\"Revista de ocio, turismo y estilo de vida\",\"url\":\"https:\\\/\\\/eldigitaldeasturias.com\\\/magazine365\\\/\",\"logo\":{\"@type\":\"ImageObject\",\"url\":\"https:\\\/\\\/www.eldigitaldeasturias.com\\\/noticias\\\/wp-content\\\/uploads\\\/2020\\\/12\\\/EDA.jpg\",\"@id\":\"https:\\\/\\\/eldigitaldeasturias.com\\\/magazine365\\\/moniberic-desembarca-en-el-mercado-frances\\\/#organizationLogo\"},\"image\":{\"@id\":\"https:\\\/\\\/eldigitaldeasturias.com\\\/magazine365\\\/moniberic-desembarca-en-el-mercado-frances\\\/#organizationLogo\"}},{\"@type\":\"Person\",\"@id\":\"https:\\\/\\\/eldigitaldeasturias.com\\\/magazine365\\\/author\\\/admin\\\/#author\",\"url\":\"https:\\\/\\\/eldigitaldeasturias.com\\\/magazine365\\\/author\\\/admin\\\/\",\"name\":\"admin\",\"image\":{\"@type\":\"ImageObject\",\"@id\":\"https:\\\/\\\/eldigitaldeasturias.com\\\/magazine365\\\/moniberic-desembarca-en-el-mercado-frances\\\/#authorImage\",\"url\":\"https:\\\/\\\/eldigitaldeasturias.com\\\/magazine365\\\/wp-content\\\/litespeed\\\/avatar\\\/e571bcf59a0edd6fa6838245a470f2fe.jpg?ver=1776969259\",\"width\":96,\"height\":96,\"caption\":\"admin\"}},{\"@type\":\"WebPage\",\"@id\":\"https:\\\/\\\/eldigitaldeasturias.com\\\/magazine365\\\/moniberic-desembarca-en-el-mercado-frances\\\/#webpage\",\"url\":\"https:\\\/\\\/eldigitaldeasturias.com\\\/magazine365\\\/moniberic-desembarca-en-el-mercado-frances\\\/\",\"name\":\"Moniberic desembarca en el mercado franc\\u00e9s | El Digital de Asturias\",\"description\":\"Moniberic, empresa especializada en distribuci\\u00f3n y venta de jamones y embutidos ib\\u00e9ricos continua su proceso de expansi\\u00f3n franquiciando un c\\u00f3rner en las bodegas Notre Dame de Montpellier. La empresa inicia su andadura internacional de la mano de un especialista en vinos del sur de Francia, dando as\\u00ed respuesta a la demanda que el mercado franc\\u00e9s\",\"inLanguage\":\"es-ES\",\"isPartOf\":{\"@id\":\"https:\\\/\\\/eldigitaldeasturias.com\\\/magazine365\\\/#website\"},\"breadcrumb\":{\"@id\":\"https:\\\/\\\/eldigitaldeasturias.com\\\/magazine365\\\/moniberic-desembarca-en-el-mercado-frances\\\/#breadcrumblist\"},\"author\":{\"@id\":\"https:\\\/\\\/eldigitaldeasturias.com\\\/magazine365\\\/author\\\/admin\\\/#author\"},\"creator\":{\"@id\":\"https:\\\/\\\/eldigitaldeasturias.com\\\/magazine365\\\/author\\\/admin\\\/#author\"},\"image\":{\"@type\":\"ImageObject\",\"url\":\"https:\\\/\\\/eldigitaldeasturias.com\\\/magazine365\\\/wp-content\\\/uploads\\\/2015\\\/04\\\/1429173945_Tienda_moniberic.jpg\",\"@id\":\"https:\\\/\\\/eldigitaldeasturias.com\\\/magazine365\\\/moniberic-desembarca-en-el-mercado-frances\\\/#mainImage\",\"width\":2500,\"height\":1667},\"primaryImageOfPage\":{\"@id\":\"https:\\\/\\\/eldigitaldeasturias.com\\\/magazine365\\\/moniberic-desembarca-en-el-mercado-frances\\\/#mainImage\"},\"datePublished\":\"2015-04-17T05:23:33+02:00\",\"dateModified\":\"2015-04-17T05:23:33+02:00\"},{\"@type\":\"WebSite\",\"@id\":\"https:\\\/\\\/eldigitaldeasturias.com\\\/magazine365\\\/#website\",\"url\":\"https:\\\/\\\/eldigitaldeasturias.com\\\/magazine365\\\/\",\"name\":\"El Digital de Asturias\",\"description\":\"Revista de ocio, turismo y estilo de vida\",\"inLanguage\":\"es-ES\",\"publisher\":{\"@id\":\"https:\\\/\\\/eldigitaldeasturias.com\\\/magazine365\\\/#organization\"}}]}\n\t\t<\/script>\n\t\t<!-- All in One SEO Pro -->\r\n\t\t<title>Moniberic desembarca en el mercado franc\u00e9s | El Digital de Asturias<\/title>\n\n","aioseo_head_json":{"title":"Moniberic desembarca en el mercado franc\u00e9s | El Digital de Asturias","description":"Moniberic, empresa especializada en distribuci\u00f3n y venta de jamones y embutidos ib\u00e9ricos continua su proceso de expansi\u00f3n franquiciando un c\u00f3rner en las bodegas Notre Dame de Montpellier. La empresa inicia su andadura internacional de la mano de un especialista en vinos del sur de Francia, dando as\u00ed respuesta a la demanda que el mercado franc\u00e9s","canonical_url":"https:\/\/eldigitaldeasturias.com\/magazine365\/moniberic-desembarca-en-el-mercado-frances\/","robots":"max-image-preview:large","keywords":"actualidad turismo","webmasterTools":{"google-site-verification":"UA-38556648-1","miscellaneous":""},"schema":{"@context":"https:\/\/schema.org","@graph":[{"@type":"Article","@id":"https:\/\/eldigitaldeasturias.com\/magazine365\/moniberic-desembarca-en-el-mercado-frances\/#article","name":"Moniberic desembarca en el mercado franc\u00e9s | El Digital de Asturias","headline":"Moniberic desembarca en el mercado franc\u00e9s","author":{"@id":"https:\/\/eldigitaldeasturias.com\/magazine365\/author\/admin\/#author"},"publisher":{"@id":"https:\/\/eldigitaldeasturias.com\/magazine365\/#organization"},"image":{"@type":"ImageObject","url":"https:\/\/eldigitaldeasturias.com\/magazine365\/wp-content\/uploads\/2015\/04\/1429173945_Tienda_moniberic.jpg","width":2500,"height":1667},"datePublished":"2015-04-17T05:23:33+02:00","dateModified":"2015-04-17T05:23:33+02:00","inLanguage":"es-ES","mainEntityOfPage":{"@id":"https:\/\/eldigitaldeasturias.com\/magazine365\/moniberic-desembarca-en-el-mercado-frances\/#webpage"},"isPartOf":{"@id":"https:\/\/eldigitaldeasturias.com\/magazine365\/moniberic-desembarca-en-el-mercado-frances\/#webpage"},"articleSection":"Actualidad Turismo"},{"@type":"BreadcrumbList","@id":"https:\/\/eldigitaldeasturias.com\/magazine365\/moniberic-desembarca-en-el-mercado-frances\/#breadcrumblist","itemListElement":[{"@type":"ListItem","@id":"https:\/\/eldigitaldeasturias.com\/magazine365#listItem","position":1,"name":"Home","item":"https:\/\/eldigitaldeasturias.com\/magazine365","nextItem":{"@type":"ListItem","@id":"https:\/\/eldigitaldeasturias.com\/magazine365\/category\/actualidad-turismo\/#listItem","name":"Actualidad Turismo"}},{"@type":"ListItem","@id":"https:\/\/eldigitaldeasturias.com\/magazine365\/category\/actualidad-turismo\/#listItem","position":2,"name":"Actualidad Turismo","item":"https:\/\/eldigitaldeasturias.com\/magazine365\/category\/actualidad-turismo\/","nextItem":{"@type":"ListItem","@id":"https:\/\/eldigitaldeasturias.com\/magazine365\/moniberic-desembarca-en-el-mercado-frances\/#listItem","name":"Moniberic desembarca en el mercado franc\u00e9s"},"previousItem":{"@type":"ListItem","@id":"https:\/\/eldigitaldeasturias.com\/magazine365#listItem","name":"Home"}},{"@type":"ListItem","@id":"https:\/\/eldigitaldeasturias.com\/magazine365\/moniberic-desembarca-en-el-mercado-frances\/#listItem","position":3,"name":"Moniberic desembarca en el mercado franc\u00e9s","previousItem":{"@type":"ListItem","@id":"https:\/\/eldigitaldeasturias.com\/magazine365\/category\/actualidad-turismo\/#listItem","name":"Actualidad Turismo"}}]},{"@type":"Organization","@id":"https:\/\/eldigitaldeasturias.com\/magazine365\/#organization","name":"El digital de Asturias","description":"Revista de ocio, turismo y estilo de vida","url":"https:\/\/eldigitaldeasturias.com\/magazine365\/","logo":{"@type":"ImageObject","url":"https:\/\/www.eldigitaldeasturias.com\/noticias\/wp-content\/uploads\/2020\/12\/EDA.jpg","@id":"https:\/\/eldigitaldeasturias.com\/magazine365\/moniberic-desembarca-en-el-mercado-frances\/#organizationLogo"},"image":{"@id":"https:\/\/eldigitaldeasturias.com\/magazine365\/moniberic-desembarca-en-el-mercado-frances\/#organizationLogo"}},{"@type":"Person","@id":"https:\/\/eldigitaldeasturias.com\/magazine365\/author\/admin\/#author","url":"https:\/\/eldigitaldeasturias.com\/magazine365\/author\/admin\/","name":"admin","image":{"@type":"ImageObject","@id":"https:\/\/eldigitaldeasturias.com\/magazine365\/moniberic-desembarca-en-el-mercado-frances\/#authorImage","url":"https:\/\/eldigitaldeasturias.com\/magazine365\/wp-content\/litespeed\/avatar\/e571bcf59a0edd6fa6838245a470f2fe.jpg?ver=1776969259","width":96,"height":96,"caption":"admin"}},{"@type":"WebPage","@id":"https:\/\/eldigitaldeasturias.com\/magazine365\/moniberic-desembarca-en-el-mercado-frances\/#webpage","url":"https:\/\/eldigitaldeasturias.com\/magazine365\/moniberic-desembarca-en-el-mercado-frances\/","name":"Moniberic desembarca en el mercado franc\u00e9s | El Digital de Asturias","description":"Moniberic, empresa especializada en distribuci\u00f3n y venta de jamones y embutidos ib\u00e9ricos continua su proceso de expansi\u00f3n franquiciando un c\u00f3rner en las bodegas Notre Dame de Montpellier. La empresa inicia su andadura internacional de la mano de un especialista en vinos del sur de Francia, dando as\u00ed respuesta a la demanda que el mercado franc\u00e9s","inLanguage":"es-ES","isPartOf":{"@id":"https:\/\/eldigitaldeasturias.com\/magazine365\/#website"},"breadcrumb":{"@id":"https:\/\/eldigitaldeasturias.com\/magazine365\/moniberic-desembarca-en-el-mercado-frances\/#breadcrumblist"},"author":{"@id":"https:\/\/eldigitaldeasturias.com\/magazine365\/author\/admin\/#author"},"creator":{"@id":"https:\/\/eldigitaldeasturias.com\/magazine365\/author\/admin\/#author"},"image":{"@type":"ImageObject","url":"https:\/\/eldigitaldeasturias.com\/magazine365\/wp-content\/uploads\/2015\/04\/1429173945_Tienda_moniberic.jpg","@id":"https:\/\/eldigitaldeasturias.com\/magazine365\/moniberic-desembarca-en-el-mercado-frances\/#mainImage","width":2500,"height":1667},"primaryImageOfPage":{"@id":"https:\/\/eldigitaldeasturias.com\/magazine365\/moniberic-desembarca-en-el-mercado-frances\/#mainImage"},"datePublished":"2015-04-17T05:23:33+02:00","dateModified":"2015-04-17T05:23:33+02:00"},{"@type":"WebSite","@id":"https:\/\/eldigitaldeasturias.com\/magazine365\/#website","url":"https:\/\/eldigitaldeasturias.com\/magazine365\/","name":"El Digital de Asturias","description":"Revista de ocio, turismo y estilo de vida","inLanguage":"es-ES","publisher":{"@id":"https:\/\/eldigitaldeasturias.com\/magazine365\/#organization"}}]},"og:locale":"es_ES","og:site_name":"El Digital de Asturias \u2013 Revista de ocio, turismo y estilo de vida","og:type":"article","og:title":"Moniberic desembarca en el mercado franc\u00e9s | El Digital de Asturias","og:description":"Moniberic, empresa especializada en distribuci\u00f3n y venta de jamones y embutidos ib\u00e9ricos continua su proceso de expansi\u00f3n franquiciando un c\u00f3rner en las bodegas Notre Dame de Montpellier. La empresa inicia su andadura internacional de la mano de un especialista en vinos del sur de Francia, dando as\u00ed respuesta a la demanda que el mercado franc\u00e9s","og:url":"https:\/\/eldigitaldeasturias.com\/magazine365\/moniberic-desembarca-en-el-mercado-frances\/","og:image":"https:\/\/eldigitaldeasturias.com\/magazine365\/wp-content\/uploads\/2015\/04\/1429173945_Tienda_moniberic.jpg","og:image:secure_url":"https:\/\/eldigitaldeasturias.com\/magazine365\/wp-content\/uploads\/2015\/04\/1429173945_Tienda_moniberic.jpg","og:image:width":2500,"og:image:height":1667,"article:published_time":"2015-04-17T07:23:33+00:00","article:modified_time":"2015-04-17T07:23:33+00:00","twitter:card":"summary_large_image","twitter:title":"Moniberic desembarca en el mercado franc\u00e9s | El Digital de Asturias","twitter:description":"Moniberic, empresa especializada en distribuci\u00f3n y venta de jamones y embutidos ib\u00e9ricos continua su proceso de expansi\u00f3n franquiciando un c\u00f3rner en las bodegas Notre Dame de Montpellier. La empresa inicia su andadura internacional de la mano de un especialista en vinos del sur de Francia, dando as\u00ed respuesta a la demanda que el mercado franc\u00e9s","twitter:image":"https:\/\/eldigitaldeasturias.com\/magazine365\/wp-content\/uploads\/2015\/04\/1429173945_Tienda_moniberic.jpg"},"aioseo_meta_data":{"post_id":"37774","title":null,"description":null,"keywords":null,"keyphrases":null,"primary_term":null,"canonical_url":null,"og_title":null,"og_description":null,"og_object_type":"default","og_image_type":"default","og_image_url":null,"og_image_width":null,"og_image_height":null,"og_image_custom_url":null,"og_image_custom_fields":null,"og_video":null,"og_custom_url":null,"og_article_section":null,"og_article_tags":null,"twitter_use_og":false,"twitter_card":"default","twitter_image_type":"default","twitter_image_url":null,"twitter_image_custom_url":null,"twitter_image_custom_fields":null,"twitter_title":null,"twitter_description":null,"schema":{"blockGraphs":[],"customGraphs":[],"default":{"data":{"Article":[],"Course":[],"Dataset":[],"FAQPage":[],"Movie":[],"Person":[],"Product":[],"ProductReview":[],"Car":[],"Recipe":[],"Service":[],"SoftwareApplication":[],"WebPage":[]},"graphName":"","isEnabled":true},"graphs":[],"defaultGraph":"","defaultPostTypeGraph":""},"schema_type":null,"schema_type_options":null,"pillar_content":false,"robots_default":true,"robots_noindex":false,"robots_noarchive":false,"robots_nosnippet":false,"robots_nofollow":false,"robots_noimageindex":false,"robots_noodp":false,"robots_notranslate":false,"robots_max_snippet":null,"robots_max_videopreview":null,"robots_max_imagepreview":"large","priority":null,"frequency":null,"location":null,"local_seo":null,"seo_analyzer_scan_date":"2025-09-19 08:16:08","breadcrumb_settings":null,"limit_modified_date":false,"open_ai":null,"ai":null,"created":"2021-03-09 03:01:43","updated":"2025-09-19 08:16:08"},"aioseo_breadcrumb":"<div class=\"aioseo-breadcrumbs\"><span class=\"aioseo-breadcrumb\">\n\t<a href=\"https:\/\/eldigitaldeasturias.com\/magazine365\" title=\"Home\">Home<\/a>\n<\/span><span class=\"aioseo-breadcrumb-separator\">\u2013<\/span><span class=\"aioseo-breadcrumb\">\n\t<a href=\"https:\/\/eldigitaldeasturias.com\/magazine365\/category\/actualidad-turismo\/\" title=\"Actualidad Turismo\">Actualidad Turismo<\/a>\n<\/span><span class=\"aioseo-breadcrumb-separator\">\u2013<\/span><span class=\"aioseo-breadcrumb\">\n\t<a href=\"https:\/\/eldigitaldeasturias.com\/magazine365\/moniberic-desembarca-en-el-mercado-frances\/\" title=\"Moniberic desembarca en el mercado franc\u00e9s\">Moniberic desembarca en el mercado franc\u00e9s<\/a>\n<\/span><\/div>","aioseo_breadcrumb_json":[{"label":"Home","link":"https:\/\/eldigitaldeasturias.com\/magazine365"},{"label":"Actualidad Turismo","link":"https:\/\/eldigitaldeasturias.com\/magazine365\/category\/actualidad-turismo\/"},{"label":"Moniberic desembarca en el mercado franc\u00e9s","link":"https:\/\/eldigitaldeasturias.com\/magazine365\/moniberic-desembarca-en-el-mercado-frances\/"}],"_links":{"self":[{"href":"https:\/\/eldigitaldeasturias.com\/magazine365\/wp-json\/wp\/v2\/posts\/37774","targetHints":{"allow":["GET"]}}],"collection":[{"href":"https:\/\/eldigitaldeasturias.com\/magazine365\/wp-json\/wp\/v2\/posts"}],"about":[{"href":"https:\/\/eldigitaldeasturias.com\/magazine365\/wp-json\/wp\/v2\/types\/post"}],"author":[{"embeddable":true,"href":"https:\/\/eldigitaldeasturias.com\/magazine365\/wp-json\/wp\/v2\/users\/1"}],"replies":[{"embeddable":true,"href":"https:\/\/eldigitaldeasturias.com\/magazine365\/wp-json\/wp\/v2\/comments?post=37774"}],"version-history":[{"count":0,"href":"https:\/\/eldigitaldeasturias.com\/magazine365\/wp-json\/wp\/v2\/posts\/37774\/revisions"}],"wp:featuredmedia":[{"embeddable":true,"href":"https:\/\/eldigitaldeasturias.com\/magazine365\/wp-json\/wp\/v2\/media\/37775"}],"wp:attachment":[{"href":"https:\/\/eldigitaldeasturias.com\/magazine365\/wp-json\/wp\/v2\/media?parent=37774"}],"wp:term":[{"taxonomy":"category","embeddable":true,"href":"https:\/\/eldigitaldeasturias.com\/magazine365\/wp-json\/wp\/v2\/categories?post=37774"},{"taxonomy":"post_tag","embeddable":true,"href":"https:\/\/eldigitaldeasturias.com\/magazine365\/wp-json\/wp\/v2\/tags?post=37774"}],"curies":[{"name":"wp","href":"https:\/\/api.w.org\/{rel}","templated":true}]}}