{"id":37754,"date":"2015-04-16T17:21:29","date_gmt":"2015-04-16T19:21:29","guid":{"rendered":"http:\/\/eldigitaldeasturias.com\/magazine365\/?p=37754"},"modified":"2015-04-16T17:21:29","modified_gmt":"2015-04-16T19:21:29","slug":"la-xvi-preba-de-la-sidra-ocupa-por-primera-vez-toda-la-calle-gascona","status":"publish","type":"post","link":"https:\/\/eldigitaldeasturias.com\/magazine365\/la-xvi-preba-de-la-sidra-ocupa-por-primera-vez-toda-la-calle-gascona\/","title":{"rendered":"La XVI Preba de la Sidra ocupa por primera vez toda la calle Gascona"},"content":{"rendered":"<p><img fetchpriority=\"high\" decoding=\"async\" class=\"alignleft size-medium wp-image-37755\" src=\"https:\/\/eldigitaldeasturias.com\/magazine365\/wp-content\/uploads\/2015\/04\/fotonoticia_20150416131408_800-360x270.jpg\" alt=\"fotonoticia_20150416131408_800\" width=\"360\" height=\"270\" srcset=\"https:\/\/eldigitaldeasturias.com\/magazine365\/wp-content\/uploads\/2015\/04\/fotonoticia_20150416131408_800-360x270.jpg 360w, https:\/\/eldigitaldeasturias.com\/magazine365\/wp-content\/uploads\/2015\/04\/fotonoticia_20150416131408_800-650x488.jpg 650w, https:\/\/eldigitaldeasturias.com\/magazine365\/wp-content\/uploads\/2015\/04\/fotonoticia_20150416131408_800-768x576.jpg 768w, https:\/\/eldigitaldeasturias.com\/magazine365\/wp-content\/uploads\/2015\/04\/fotonoticia_20150416131408_800-150x113.jpg 150w, https:\/\/eldigitaldeasturias.com\/magazine365\/wp-content\/uploads\/2015\/04\/fotonoticia_20150416131408_800-450x338.jpg 450w, https:\/\/eldigitaldeasturias.com\/magazine365\/wp-content\/uploads\/2015\/04\/fotonoticia_20150416131408_800-80x60.jpg 80w, https:\/\/eldigitaldeasturias.com\/magazine365\/wp-content\/uploads\/2015\/04\/fotonoticia_20150416131408_800-265x198.jpg 265w, https:\/\/eldigitaldeasturias.com\/magazine365\/wp-content\/uploads\/2015\/04\/fotonoticia_20150416131408_800-696x522.jpg 696w, https:\/\/eldigitaldeasturias.com\/magazine365\/wp-content\/uploads\/2015\/04\/fotonoticia_20150416131408_800-560x420.jpg 560w, https:\/\/eldigitaldeasturias.com\/magazine365\/wp-content\/uploads\/2015\/04\/fotonoticia_20150416131408_800-90x67.jpg 90w, https:\/\/eldigitaldeasturias.com\/magazine365\/wp-content\/uploads\/2015\/04\/fotonoticia_20150416131408_800-100x75.jpg 100w, https:\/\/eldigitaldeasturias.com\/magazine365\/wp-content\/uploads\/2015\/04\/fotonoticia_20150416131408_800.jpg 800w\" sizes=\"(max-width: 360px) 100vw, 360px\" \/>La XVI Preba de la Sidra en la calle Gascona de Oviedo ocupar\u00e1 por primera vez todo el Bulevar de la Sidra este pr\u00f3ximo domingo 26 de abril. El presidente de la Asociaci\u00f3n de Sidrer\u00edas de Gascona, Francisco \u00c1lvarez Colunga, ha explicado este jueves que el evento abarcar\u00e1 desde la calle Foncalada a la de Jovellanos, tras unirse este a\u00f1o seis sidrer\u00edas m\u00e1s a la asociaci\u00f3n, hasta formar un total de 13 establecimientos participantes en la jornada.<\/p>\n<p>En la presentaci\u00f3n celebrada en el Ayuntamiento de Oviedo, Colunga ha se\u00f1alado que est\u00e1 ampliaci\u00f3n doblar\u00e1 la longitud del evento respecto a a\u00f1os anteriores y permitir\u00e1 dar un \u00abdesahogo\u00bb a la aglomeraci\u00f3n de visitantes que en las \u00faltimas ediciones han disfrutado del d\u00eda dedicado a la cultura sidrera.<\/p>\n<p>La Preba constar\u00e1 de dos categor\u00edas, una cata oficial y una popular en la que los visitantes podr\u00e1n degustar las 16 sidras que se ofrecen por un precio de 3 euros. La cata comenzar\u00e1 a las 12.00 horas con el preg\u00f3n a cargo de Carlos Mesa, el conocido showman &#8216;Charlie Table&#8217;. Adem\u00e1s, desde este jueves tiene lugar las Jornadas Gastron\u00f3micas de &#8216;La cocina de la Sidra&#8217; que ofrecer\u00e1n menus especiales en los restaurantes de Gascona.<\/p>\n<p>El concejal de Turismo de Oviedo, Jos\u00e9 Ram\u00f3n Pando, ha destacado esta colaboraci\u00f3n entre la administraci\u00f3n p\u00fablica y las entidades y empresas para la promoci\u00f3n de la ciudad. El concejal ha se\u00f1alado el \u00abespecial atractivo\u00bb de la Preba que demuestran \u00ablos miles de visitantes que acuden cada a\u00f1o\u00bb.<\/p>\n<p>En la edici\u00f3n de este a\u00f1o participan 16 llagares: Buznego, Casta\u00f1\u00f3n, Cortina, El Gobernador, Foncueva, Herminio, JR, L&#8217;Argay\u00f3n, Men\u00e9ndez, Mu\u00f1iz, Oriz\u00f3n, Roza, Trabanco, Vallina, Viuda de Angel\u00f3n y Viuda de Corsino.<\/p>\n<p>Por segundo a\u00f1o consecutivo, la asociaci\u00f3n de sidrer\u00edas ha firmado un acuerdo con la Uni\u00f3n Hotelera de Asturias para lanzar una oferta conjunta par el evento, Pack Preba, en la que participan 10 establecimientos hoteleros de la ciudad y que ofertar\u00e1 noche de hotel y asistencia al evento, con precios desde 48 a 88 euros, para dos personas.<\/p>\n<p>El vicepresidente de la Uni\u00f3n Hotelera de Asturias, Daniel Garc\u00eda, ha afirmado que pocos productos representan \u00abla asturian\u00eda y el car\u00e1cter de la regi\u00f3n\u00bb como la sidra. En ese sentido ha apuntado que la idea de estos acuerdos es conseguir \u00aba medio y largo plazo\u00bb que el nombre de Oviedo como ciudad de destino vaya \u00abcalando poco a poco\u00bb en los turistas.<\/p>\n","protected":false},"excerpt":{"rendered":"<p>La XVI Preba de la Sidra en la calle Gascona de Oviedo ocupar\u00e1 por primera vez todo el Bulevar de la Sidra este pr\u00f3ximo domingo 26 de abril. El presidente de la Asociaci\u00f3n de Sidrer\u00edas de Gascona, Francisco \u00c1lvarez Colunga, ha explicado este jueves que el evento abarcar\u00e1 desde la calle Foncalada a la de<\/p>\n","protected":false},"author":1,"featured_media":37755,"comment_status":"open","ping_status":"closed","sticky":false,"template":"","format":"standard","meta":{"footnotes":""},"categories":[222],"tags":[],"class_list":{"0":"post-37754","1":"post","2":"type-post","3":"status-publish","4":"format-standard","5":"has-post-thumbnail","7":"category-actualidad-turismo"},"aioseo_notices":[],"aioseo_head":"\n\t\t<!-- All in One SEO Pro 4.9.6.1 - aioseo.com -->\n\t<meta name=\"description\" content=\"La XVI Preba de la Sidra en la calle Gascona de Oviedo ocupar\u00e1 por primera vez todo el Bulevar de la Sidra este pr\u00f3ximo domingo 26 de abril. El presidente de la Asociaci\u00f3n de Sidrer\u00edas de Gascona, Francisco \u00c1lvarez Colunga, ha explicado este jueves que el evento abarcar\u00e1 desde la calle Foncalada a la de\" \/>\n\t<meta name=\"robots\" content=\"max-image-preview:large\" \/>\n\t<meta name=\"author\" content=\"admin\"\/>\n\t<meta name=\"google-site-verification\" content=\"UA-38556648-1\" \/>\n\t<meta name=\"keywords\" content=\"actualidad turismo\" \/>\n\t<link rel=\"canonical\" href=\"https:\/\/eldigitaldeasturias.com\/magazine365\/la-xvi-preba-de-la-sidra-ocupa-por-primera-vez-toda-la-calle-gascona\/\" \/>\n\t<meta name=\"generator\" content=\"All in One SEO Pro (AIOSEO) 4.9.6.1\" \/>\n\t\t<meta property=\"og:locale\" content=\"es_ES\" \/>\n\t\t<meta property=\"og:site_name\" content=\"El Digital de Asturias \u2013 Revista de ocio, turismo y estilo de vida\" \/>\n\t\t<meta property=\"og:type\" content=\"article\" \/>\n\t\t<meta property=\"og:title\" content=\"La XVI Preba de la Sidra ocupa por primera vez toda la calle Gascona | El Digital de Asturias\" \/>\n\t\t<meta property=\"og:description\" content=\"La XVI Preba de la Sidra en la calle Gascona de Oviedo ocupar\u00e1 por primera vez todo el Bulevar de la Sidra este pr\u00f3ximo domingo 26 de abril. El presidente de la Asociaci\u00f3n de Sidrer\u00edas de Gascona, Francisco \u00c1lvarez Colunga, ha explicado este jueves que el evento abarcar\u00e1 desde la calle Foncalada a la de\" \/>\n\t\t<meta property=\"og:url\" content=\"https:\/\/eldigitaldeasturias.com\/magazine365\/la-xvi-preba-de-la-sidra-ocupa-por-primera-vez-toda-la-calle-gascona\/\" \/>\n\t\t<meta property=\"og:image\" content=\"https:\/\/eldigitaldeasturias.com\/magazine365\/wp-content\/uploads\/2015\/04\/fotonoticia_20150416131408_800.jpg\" \/>\n\t\t<meta property=\"og:image:secure_url\" content=\"https:\/\/eldigitaldeasturias.com\/magazine365\/wp-content\/uploads\/2015\/04\/fotonoticia_20150416131408_800.jpg\" \/>\n\t\t<meta property=\"og:image:width\" content=\"800\" \/>\n\t\t<meta property=\"og:image:height\" content=\"600\" \/>\n\t\t<meta property=\"article:published_time\" content=\"2015-04-16T19:21:29+00:00\" \/>\n\t\t<meta property=\"article:modified_time\" content=\"2015-04-16T19:21:29+00:00\" \/>\n\t\t<meta name=\"twitter:card\" content=\"summary_large_image\" \/>\n\t\t<meta name=\"twitter:title\" content=\"La XVI Preba de la Sidra ocupa por primera vez toda la calle Gascona | El Digital de Asturias\" \/>\n\t\t<meta name=\"twitter:description\" content=\"La XVI Preba de la Sidra en la calle Gascona de Oviedo ocupar\u00e1 por primera vez todo el Bulevar de la Sidra este pr\u00f3ximo domingo 26 de abril. El presidente de la Asociaci\u00f3n de Sidrer\u00edas de Gascona, Francisco \u00c1lvarez Colunga, ha explicado este jueves que el evento abarcar\u00e1 desde la calle Foncalada a la de\" \/>\n\t\t<meta name=\"twitter:image\" content=\"https:\/\/eldigitaldeasturias.com\/magazine365\/wp-content\/uploads\/2015\/04\/fotonoticia_20150416131408_800.jpg\" \/>\n\t\t<script type=\"application\/ld+json\" class=\"aioseo-schema\">\n\t\t\t{\"@context\":\"https:\\\/\\\/schema.org\",\"@graph\":[{\"@type\":\"Article\",\"@id\":\"https:\\\/\\\/eldigitaldeasturias.com\\\/magazine365\\\/la-xvi-preba-de-la-sidra-ocupa-por-primera-vez-toda-la-calle-gascona\\\/#article\",\"name\":\"La XVI Preba de la Sidra ocupa por primera vez toda la calle Gascona | El Digital de Asturias\",\"headline\":\"La XVI Preba de la Sidra ocupa por primera vez toda la calle Gascona\",\"author\":{\"@id\":\"https:\\\/\\\/eldigitaldeasturias.com\\\/magazine365\\\/author\\\/admin\\\/#author\"},\"publisher\":{\"@id\":\"https:\\\/\\\/eldigitaldeasturias.com\\\/magazine365\\\/#organization\"},\"image\":{\"@type\":\"ImageObject\",\"url\":\"https:\\\/\\\/eldigitaldeasturias.com\\\/magazine365\\\/wp-content\\\/uploads\\\/2015\\\/04\\\/fotonoticia_20150416131408_800.jpg\",\"width\":800,\"height\":600},\"datePublished\":\"2015-04-16T17:21:29+02:00\",\"dateModified\":\"2015-04-16T17:21:29+02:00\",\"inLanguage\":\"es-ES\",\"mainEntityOfPage\":{\"@id\":\"https:\\\/\\\/eldigitaldeasturias.com\\\/magazine365\\\/la-xvi-preba-de-la-sidra-ocupa-por-primera-vez-toda-la-calle-gascona\\\/#webpage\"},\"isPartOf\":{\"@id\":\"https:\\\/\\\/eldigitaldeasturias.com\\\/magazine365\\\/la-xvi-preba-de-la-sidra-ocupa-por-primera-vez-toda-la-calle-gascona\\\/#webpage\"},\"articleSection\":\"Actualidad Turismo\"},{\"@type\":\"BreadcrumbList\",\"@id\":\"https:\\\/\\\/eldigitaldeasturias.com\\\/magazine365\\\/la-xvi-preba-de-la-sidra-ocupa-por-primera-vez-toda-la-calle-gascona\\\/#breadcrumblist\",\"itemListElement\":[{\"@type\":\"ListItem\",\"@id\":\"https:\\\/\\\/eldigitaldeasturias.com\\\/magazine365#listItem\",\"position\":1,\"name\":\"Home\",\"item\":\"https:\\\/\\\/eldigitaldeasturias.com\\\/magazine365\",\"nextItem\":{\"@type\":\"ListItem\",\"@id\":\"https:\\\/\\\/eldigitaldeasturias.com\\\/magazine365\\\/category\\\/actualidad-turismo\\\/#listItem\",\"name\":\"Actualidad Turismo\"}},{\"@type\":\"ListItem\",\"@id\":\"https:\\\/\\\/eldigitaldeasturias.com\\\/magazine365\\\/category\\\/actualidad-turismo\\\/#listItem\",\"position\":2,\"name\":\"Actualidad Turismo\",\"item\":\"https:\\\/\\\/eldigitaldeasturias.com\\\/magazine365\\\/category\\\/actualidad-turismo\\\/\",\"nextItem\":{\"@type\":\"ListItem\",\"@id\":\"https:\\\/\\\/eldigitaldeasturias.com\\\/magazine365\\\/la-xvi-preba-de-la-sidra-ocupa-por-primera-vez-toda-la-calle-gascona\\\/#listItem\",\"name\":\"La XVI Preba de la Sidra ocupa por primera vez toda la calle Gascona\"},\"previousItem\":{\"@type\":\"ListItem\",\"@id\":\"https:\\\/\\\/eldigitaldeasturias.com\\\/magazine365#listItem\",\"name\":\"Home\"}},{\"@type\":\"ListItem\",\"@id\":\"https:\\\/\\\/eldigitaldeasturias.com\\\/magazine365\\\/la-xvi-preba-de-la-sidra-ocupa-por-primera-vez-toda-la-calle-gascona\\\/#listItem\",\"position\":3,\"name\":\"La XVI Preba de la Sidra ocupa por primera vez toda la calle Gascona\",\"previousItem\":{\"@type\":\"ListItem\",\"@id\":\"https:\\\/\\\/eldigitaldeasturias.com\\\/magazine365\\\/category\\\/actualidad-turismo\\\/#listItem\",\"name\":\"Actualidad Turismo\"}}]},{\"@type\":\"Organization\",\"@id\":\"https:\\\/\\\/eldigitaldeasturias.com\\\/magazine365\\\/#organization\",\"name\":\"El digital de Asturias\",\"description\":\"Revista de ocio, turismo y estilo de vida\",\"url\":\"https:\\\/\\\/eldigitaldeasturias.com\\\/magazine365\\\/\",\"logo\":{\"@type\":\"ImageObject\",\"url\":\"https:\\\/\\\/www.eldigitaldeasturias.com\\\/noticias\\\/wp-content\\\/uploads\\\/2020\\\/12\\\/EDA.jpg\",\"@id\":\"https:\\\/\\\/eldigitaldeasturias.com\\\/magazine365\\\/la-xvi-preba-de-la-sidra-ocupa-por-primera-vez-toda-la-calle-gascona\\\/#organizationLogo\"},\"image\":{\"@id\":\"https:\\\/\\\/eldigitaldeasturias.com\\\/magazine365\\\/la-xvi-preba-de-la-sidra-ocupa-por-primera-vez-toda-la-calle-gascona\\\/#organizationLogo\"}},{\"@type\":\"Person\",\"@id\":\"https:\\\/\\\/eldigitaldeasturias.com\\\/magazine365\\\/author\\\/admin\\\/#author\",\"url\":\"https:\\\/\\\/eldigitaldeasturias.com\\\/magazine365\\\/author\\\/admin\\\/\",\"name\":\"admin\",\"image\":{\"@type\":\"ImageObject\",\"@id\":\"https:\\\/\\\/eldigitaldeasturias.com\\\/magazine365\\\/la-xvi-preba-de-la-sidra-ocupa-por-primera-vez-toda-la-calle-gascona\\\/#authorImage\",\"url\":\"https:\\\/\\\/eldigitaldeasturias.com\\\/magazine365\\\/wp-content\\\/litespeed\\\/avatar\\\/e571bcf59a0edd6fa6838245a470f2fe.jpg?ver=1776969259\",\"width\":96,\"height\":96,\"caption\":\"admin\"}},{\"@type\":\"WebPage\",\"@id\":\"https:\\\/\\\/eldigitaldeasturias.com\\\/magazine365\\\/la-xvi-preba-de-la-sidra-ocupa-por-primera-vez-toda-la-calle-gascona\\\/#webpage\",\"url\":\"https:\\\/\\\/eldigitaldeasturias.com\\\/magazine365\\\/la-xvi-preba-de-la-sidra-ocupa-por-primera-vez-toda-la-calle-gascona\\\/\",\"name\":\"La XVI Preba de la Sidra ocupa por primera vez toda la calle Gascona | El Digital de Asturias\",\"description\":\"La XVI Preba de la Sidra en la calle Gascona de Oviedo ocupar\\u00e1 por primera vez todo el Bulevar de la Sidra este pr\\u00f3ximo domingo 26 de abril. El presidente de la Asociaci\\u00f3n de Sidrer\\u00edas de Gascona, Francisco \\u00c1lvarez Colunga, ha explicado este jueves que el evento abarcar\\u00e1 desde la calle Foncalada a la de\",\"inLanguage\":\"es-ES\",\"isPartOf\":{\"@id\":\"https:\\\/\\\/eldigitaldeasturias.com\\\/magazine365\\\/#website\"},\"breadcrumb\":{\"@id\":\"https:\\\/\\\/eldigitaldeasturias.com\\\/magazine365\\\/la-xvi-preba-de-la-sidra-ocupa-por-primera-vez-toda-la-calle-gascona\\\/#breadcrumblist\"},\"author\":{\"@id\":\"https:\\\/\\\/eldigitaldeasturias.com\\\/magazine365\\\/author\\\/admin\\\/#author\"},\"creator\":{\"@id\":\"https:\\\/\\\/eldigitaldeasturias.com\\\/magazine365\\\/author\\\/admin\\\/#author\"},\"image\":{\"@type\":\"ImageObject\",\"url\":\"https:\\\/\\\/eldigitaldeasturias.com\\\/magazine365\\\/wp-content\\\/uploads\\\/2015\\\/04\\\/fotonoticia_20150416131408_800.jpg\",\"@id\":\"https:\\\/\\\/eldigitaldeasturias.com\\\/magazine365\\\/la-xvi-preba-de-la-sidra-ocupa-por-primera-vez-toda-la-calle-gascona\\\/#mainImage\",\"width\":800,\"height\":600},\"primaryImageOfPage\":{\"@id\":\"https:\\\/\\\/eldigitaldeasturias.com\\\/magazine365\\\/la-xvi-preba-de-la-sidra-ocupa-por-primera-vez-toda-la-calle-gascona\\\/#mainImage\"},\"datePublished\":\"2015-04-16T17:21:29+02:00\",\"dateModified\":\"2015-04-16T17:21:29+02:00\"},{\"@type\":\"WebSite\",\"@id\":\"https:\\\/\\\/eldigitaldeasturias.com\\\/magazine365\\\/#website\",\"url\":\"https:\\\/\\\/eldigitaldeasturias.com\\\/magazine365\\\/\",\"name\":\"El Digital de Asturias\",\"description\":\"Revista de ocio, turismo y estilo de vida\",\"inLanguage\":\"es-ES\",\"publisher\":{\"@id\":\"https:\\\/\\\/eldigitaldeasturias.com\\\/magazine365\\\/#organization\"}}]}\n\t\t<\/script>\n\t\t<!-- All in One SEO Pro -->\r\n\t\t<title>La XVI Preba de la Sidra ocupa por primera vez toda la calle Gascona | El Digital de Asturias<\/title>\n\n","aioseo_head_json":{"title":"La XVI Preba de la Sidra ocupa por primera vez toda la calle Gascona | El Digital de Asturias","description":"La XVI Preba de la Sidra en la calle Gascona de Oviedo ocupar\u00e1 por primera vez todo el Bulevar de la Sidra este pr\u00f3ximo domingo 26 de abril. El presidente de la Asociaci\u00f3n de Sidrer\u00edas de Gascona, Francisco \u00c1lvarez Colunga, ha explicado este jueves que el evento abarcar\u00e1 desde la calle Foncalada a la de","canonical_url":"https:\/\/eldigitaldeasturias.com\/magazine365\/la-xvi-preba-de-la-sidra-ocupa-por-primera-vez-toda-la-calle-gascona\/","robots":"max-image-preview:large","keywords":"actualidad turismo","webmasterTools":{"google-site-verification":"UA-38556648-1","miscellaneous":""},"schema":{"@context":"https:\/\/schema.org","@graph":[{"@type":"Article","@id":"https:\/\/eldigitaldeasturias.com\/magazine365\/la-xvi-preba-de-la-sidra-ocupa-por-primera-vez-toda-la-calle-gascona\/#article","name":"La XVI Preba de la Sidra ocupa por primera vez toda la calle Gascona | El Digital de Asturias","headline":"La XVI Preba de la Sidra ocupa por primera vez toda la calle Gascona","author":{"@id":"https:\/\/eldigitaldeasturias.com\/magazine365\/author\/admin\/#author"},"publisher":{"@id":"https:\/\/eldigitaldeasturias.com\/magazine365\/#organization"},"image":{"@type":"ImageObject","url":"https:\/\/eldigitaldeasturias.com\/magazine365\/wp-content\/uploads\/2015\/04\/fotonoticia_20150416131408_800.jpg","width":800,"height":600},"datePublished":"2015-04-16T17:21:29+02:00","dateModified":"2015-04-16T17:21:29+02:00","inLanguage":"es-ES","mainEntityOfPage":{"@id":"https:\/\/eldigitaldeasturias.com\/magazine365\/la-xvi-preba-de-la-sidra-ocupa-por-primera-vez-toda-la-calle-gascona\/#webpage"},"isPartOf":{"@id":"https:\/\/eldigitaldeasturias.com\/magazine365\/la-xvi-preba-de-la-sidra-ocupa-por-primera-vez-toda-la-calle-gascona\/#webpage"},"articleSection":"Actualidad Turismo"},{"@type":"BreadcrumbList","@id":"https:\/\/eldigitaldeasturias.com\/magazine365\/la-xvi-preba-de-la-sidra-ocupa-por-primera-vez-toda-la-calle-gascona\/#breadcrumblist","itemListElement":[{"@type":"ListItem","@id":"https:\/\/eldigitaldeasturias.com\/magazine365#listItem","position":1,"name":"Home","item":"https:\/\/eldigitaldeasturias.com\/magazine365","nextItem":{"@type":"ListItem","@id":"https:\/\/eldigitaldeasturias.com\/magazine365\/category\/actualidad-turismo\/#listItem","name":"Actualidad Turismo"}},{"@type":"ListItem","@id":"https:\/\/eldigitaldeasturias.com\/magazine365\/category\/actualidad-turismo\/#listItem","position":2,"name":"Actualidad Turismo","item":"https:\/\/eldigitaldeasturias.com\/magazine365\/category\/actualidad-turismo\/","nextItem":{"@type":"ListItem","@id":"https:\/\/eldigitaldeasturias.com\/magazine365\/la-xvi-preba-de-la-sidra-ocupa-por-primera-vez-toda-la-calle-gascona\/#listItem","name":"La XVI Preba de la Sidra ocupa por primera vez toda la calle Gascona"},"previousItem":{"@type":"ListItem","@id":"https:\/\/eldigitaldeasturias.com\/magazine365#listItem","name":"Home"}},{"@type":"ListItem","@id":"https:\/\/eldigitaldeasturias.com\/magazine365\/la-xvi-preba-de-la-sidra-ocupa-por-primera-vez-toda-la-calle-gascona\/#listItem","position":3,"name":"La XVI Preba de la Sidra ocupa por primera vez toda la calle Gascona","previousItem":{"@type":"ListItem","@id":"https:\/\/eldigitaldeasturias.com\/magazine365\/category\/actualidad-turismo\/#listItem","name":"Actualidad Turismo"}}]},{"@type":"Organization","@id":"https:\/\/eldigitaldeasturias.com\/magazine365\/#organization","name":"El digital de Asturias","description":"Revista de ocio, turismo y estilo de vida","url":"https:\/\/eldigitaldeasturias.com\/magazine365\/","logo":{"@type":"ImageObject","url":"https:\/\/www.eldigitaldeasturias.com\/noticias\/wp-content\/uploads\/2020\/12\/EDA.jpg","@id":"https:\/\/eldigitaldeasturias.com\/magazine365\/la-xvi-preba-de-la-sidra-ocupa-por-primera-vez-toda-la-calle-gascona\/#organizationLogo"},"image":{"@id":"https:\/\/eldigitaldeasturias.com\/magazine365\/la-xvi-preba-de-la-sidra-ocupa-por-primera-vez-toda-la-calle-gascona\/#organizationLogo"}},{"@type":"Person","@id":"https:\/\/eldigitaldeasturias.com\/magazine365\/author\/admin\/#author","url":"https:\/\/eldigitaldeasturias.com\/magazine365\/author\/admin\/","name":"admin","image":{"@type":"ImageObject","@id":"https:\/\/eldigitaldeasturias.com\/magazine365\/la-xvi-preba-de-la-sidra-ocupa-por-primera-vez-toda-la-calle-gascona\/#authorImage","url":"https:\/\/eldigitaldeasturias.com\/magazine365\/wp-content\/litespeed\/avatar\/e571bcf59a0edd6fa6838245a470f2fe.jpg?ver=1776969259","width":96,"height":96,"caption":"admin"}},{"@type":"WebPage","@id":"https:\/\/eldigitaldeasturias.com\/magazine365\/la-xvi-preba-de-la-sidra-ocupa-por-primera-vez-toda-la-calle-gascona\/#webpage","url":"https:\/\/eldigitaldeasturias.com\/magazine365\/la-xvi-preba-de-la-sidra-ocupa-por-primera-vez-toda-la-calle-gascona\/","name":"La XVI Preba de la Sidra ocupa por primera vez toda la calle Gascona | El Digital de Asturias","description":"La XVI Preba de la Sidra en la calle Gascona de Oviedo ocupar\u00e1 por primera vez todo el Bulevar de la Sidra este pr\u00f3ximo domingo 26 de abril. El presidente de la Asociaci\u00f3n de Sidrer\u00edas de Gascona, Francisco \u00c1lvarez Colunga, ha explicado este jueves que el evento abarcar\u00e1 desde la calle Foncalada a la de","inLanguage":"es-ES","isPartOf":{"@id":"https:\/\/eldigitaldeasturias.com\/magazine365\/#website"},"breadcrumb":{"@id":"https:\/\/eldigitaldeasturias.com\/magazine365\/la-xvi-preba-de-la-sidra-ocupa-por-primera-vez-toda-la-calle-gascona\/#breadcrumblist"},"author":{"@id":"https:\/\/eldigitaldeasturias.com\/magazine365\/author\/admin\/#author"},"creator":{"@id":"https:\/\/eldigitaldeasturias.com\/magazine365\/author\/admin\/#author"},"image":{"@type":"ImageObject","url":"https:\/\/eldigitaldeasturias.com\/magazine365\/wp-content\/uploads\/2015\/04\/fotonoticia_20150416131408_800.jpg","@id":"https:\/\/eldigitaldeasturias.com\/magazine365\/la-xvi-preba-de-la-sidra-ocupa-por-primera-vez-toda-la-calle-gascona\/#mainImage","width":800,"height":600},"primaryImageOfPage":{"@id":"https:\/\/eldigitaldeasturias.com\/magazine365\/la-xvi-preba-de-la-sidra-ocupa-por-primera-vez-toda-la-calle-gascona\/#mainImage"},"datePublished":"2015-04-16T17:21:29+02:00","dateModified":"2015-04-16T17:21:29+02:00"},{"@type":"WebSite","@id":"https:\/\/eldigitaldeasturias.com\/magazine365\/#website","url":"https:\/\/eldigitaldeasturias.com\/magazine365\/","name":"El Digital de Asturias","description":"Revista de ocio, turismo y estilo de vida","inLanguage":"es-ES","publisher":{"@id":"https:\/\/eldigitaldeasturias.com\/magazine365\/#organization"}}]},"og:locale":"es_ES","og:site_name":"El Digital de Asturias \u2013 Revista de ocio, turismo y estilo de vida","og:type":"article","og:title":"La XVI Preba de la Sidra ocupa por primera vez toda la calle Gascona | El Digital de Asturias","og:description":"La XVI Preba de la Sidra en la calle Gascona de Oviedo ocupar\u00e1 por primera vez todo el Bulevar de la Sidra este pr\u00f3ximo domingo 26 de abril. El presidente de la Asociaci\u00f3n de Sidrer\u00edas de Gascona, Francisco \u00c1lvarez Colunga, ha explicado este jueves que el evento abarcar\u00e1 desde la calle Foncalada a la de","og:url":"https:\/\/eldigitaldeasturias.com\/magazine365\/la-xvi-preba-de-la-sidra-ocupa-por-primera-vez-toda-la-calle-gascona\/","og:image":"https:\/\/eldigitaldeasturias.com\/magazine365\/wp-content\/uploads\/2015\/04\/fotonoticia_20150416131408_800.jpg","og:image:secure_url":"https:\/\/eldigitaldeasturias.com\/magazine365\/wp-content\/uploads\/2015\/04\/fotonoticia_20150416131408_800.jpg","og:image:width":800,"og:image:height":600,"article:published_time":"2015-04-16T19:21:29+00:00","article:modified_time":"2015-04-16T19:21:29+00:00","twitter:card":"summary_large_image","twitter:title":"La XVI Preba de la Sidra ocupa por primera vez toda la calle Gascona | El Digital de Asturias","twitter:description":"La XVI Preba de la Sidra en la calle Gascona de Oviedo ocupar\u00e1 por primera vez todo el Bulevar de la Sidra este pr\u00f3ximo domingo 26 de abril. El presidente de la Asociaci\u00f3n de Sidrer\u00edas de Gascona, Francisco \u00c1lvarez Colunga, ha explicado este jueves que el evento abarcar\u00e1 desde la calle Foncalada a la de","twitter:image":"https:\/\/eldigitaldeasturias.com\/magazine365\/wp-content\/uploads\/2015\/04\/fotonoticia_20150416131408_800.jpg"},"aioseo_meta_data":{"post_id":"37754","title":null,"description":null,"keywords":null,"keyphrases":null,"primary_term":null,"canonical_url":null,"og_title":null,"og_description":null,"og_object_type":"default","og_image_type":"default","og_image_url":null,"og_image_width":null,"og_image_height":null,"og_image_custom_url":null,"og_image_custom_fields":null,"og_video":null,"og_custom_url":null,"og_article_section":null,"og_article_tags":null,"twitter_use_og":false,"twitter_card":"default","twitter_image_type":"default","twitter_image_url":null,"twitter_image_custom_url":null,"twitter_image_custom_fields":null,"twitter_title":null,"twitter_description":null,"schema":{"blockGraphs":[],"customGraphs":[],"default":{"data":{"Article":[],"Course":[],"Dataset":[],"FAQPage":[],"Movie":[],"Person":[],"Product":[],"ProductReview":[],"Car":[],"Recipe":[],"Service":[],"SoftwareApplication":[],"WebPage":[]},"graphName":"","isEnabled":true},"graphs":[],"defaultGraph":"","defaultPostTypeGraph":""},"schema_type":null,"schema_type_options":null,"pillar_content":false,"robots_default":true,"robots_noindex":false,"robots_noarchive":false,"robots_nosnippet":false,"robots_nofollow":false,"robots_noimageindex":false,"robots_noodp":false,"robots_notranslate":false,"robots_max_snippet":null,"robots_max_videopreview":null,"robots_max_imagepreview":"large","priority":null,"frequency":null,"location":null,"local_seo":null,"seo_analyzer_scan_date":"2025-09-19 08:12:01","breadcrumb_settings":null,"limit_modified_date":false,"open_ai":null,"ai":null,"created":"2021-03-09 03:01:43","updated":"2025-09-19 08:12:01"},"aioseo_breadcrumb":"<div class=\"aioseo-breadcrumbs\"><span class=\"aioseo-breadcrumb\">\n\t<a href=\"https:\/\/eldigitaldeasturias.com\/magazine365\" title=\"Home\">Home<\/a>\n<\/span><span class=\"aioseo-breadcrumb-separator\">\u2013<\/span><span class=\"aioseo-breadcrumb\">\n\t<a href=\"https:\/\/eldigitaldeasturias.com\/magazine365\/category\/actualidad-turismo\/\" title=\"Actualidad Turismo\">Actualidad Turismo<\/a>\n<\/span><span class=\"aioseo-breadcrumb-separator\">\u2013<\/span><span class=\"aioseo-breadcrumb\">\n\t<a href=\"https:\/\/eldigitaldeasturias.com\/magazine365\/la-xvi-preba-de-la-sidra-ocupa-por-primera-vez-toda-la-calle-gascona\/\" title=\"La XVI Preba de la Sidra ocupa por primera vez toda la calle Gascona\">La XVI Preba de la Sidra ocupa por primera vez toda la calle Gascona<\/a>\n<\/span><\/div>","aioseo_breadcrumb_json":[{"label":"Home","link":"https:\/\/eldigitaldeasturias.com\/magazine365"},{"label":"Actualidad Turismo","link":"https:\/\/eldigitaldeasturias.com\/magazine365\/category\/actualidad-turismo\/"},{"label":"La XVI Preba de la Sidra ocupa por primera vez toda la calle Gascona","link":"https:\/\/eldigitaldeasturias.com\/magazine365\/la-xvi-preba-de-la-sidra-ocupa-por-primera-vez-toda-la-calle-gascona\/"}],"_links":{"self":[{"href":"https:\/\/eldigitaldeasturias.com\/magazine365\/wp-json\/wp\/v2\/posts\/37754","targetHints":{"allow":["GET"]}}],"collection":[{"href":"https:\/\/eldigitaldeasturias.com\/magazine365\/wp-json\/wp\/v2\/posts"}],"about":[{"href":"https:\/\/eldigitaldeasturias.com\/magazine365\/wp-json\/wp\/v2\/types\/post"}],"author":[{"embeddable":true,"href":"https:\/\/eldigitaldeasturias.com\/magazine365\/wp-json\/wp\/v2\/users\/1"}],"replies":[{"embeddable":true,"href":"https:\/\/eldigitaldeasturias.com\/magazine365\/wp-json\/wp\/v2\/comments?post=37754"}],"version-history":[{"count":0,"href":"https:\/\/eldigitaldeasturias.com\/magazine365\/wp-json\/wp\/v2\/posts\/37754\/revisions"}],"wp:featuredmedia":[{"embeddable":true,"href":"https:\/\/eldigitaldeasturias.com\/magazine365\/wp-json\/wp\/v2\/media\/37755"}],"wp:attachment":[{"href":"https:\/\/eldigitaldeasturias.com\/magazine365\/wp-json\/wp\/v2\/media?parent=37754"}],"wp:term":[{"taxonomy":"category","embeddable":true,"href":"https:\/\/eldigitaldeasturias.com\/magazine365\/wp-json\/wp\/v2\/categories?post=37754"},{"taxonomy":"post_tag","embeddable":true,"href":"https:\/\/eldigitaldeasturias.com\/magazine365\/wp-json\/wp\/v2\/tags?post=37754"}],"curies":[{"name":"wp","href":"https:\/\/api.w.org\/{rel}","templated":true}]}}