{"id":37601,"date":"2015-04-13T07:26:34","date_gmt":"2015-04-13T09:26:34","guid":{"rendered":"http:\/\/eldigitaldeasturias.com\/magazine365\/?p=37601"},"modified":"2015-04-13T07:26:34","modified_gmt":"2015-04-13T09:26:34","slug":"como-se-comporta-el-viajero-rural-en-invierno%e2%80%8f","status":"publish","type":"post","link":"https:\/\/eldigitaldeasturias.com\/magazine365\/como-se-comporta-el-viajero-rural-en-invierno%e2%80%8f\/","title":{"rendered":"\u00bfC\u00f3mo se comporta el viajero rural en invierno?\u200f"},"content":{"rendered":"<p><img fetchpriority=\"high\" decoding=\"async\" class=\"alignleft size-medium wp-image-37602\" src=\"https:\/\/eldigitaldeasturias.com\/magazine365\/wp-content\/uploads\/2015\/04\/1811-Sajambre-Rural-360x239.jpg\" alt=\"1811-Sajambre Rural\" width=\"360\" height=\"239\" srcset=\"https:\/\/eldigitaldeasturias.com\/magazine365\/wp-content\/uploads\/2015\/04\/1811-Sajambre-Rural-360x239.jpg 360w, https:\/\/eldigitaldeasturias.com\/magazine365\/wp-content\/uploads\/2015\/04\/1811-Sajambre-Rural-650x432.jpg 650w, https:\/\/eldigitaldeasturias.com\/magazine365\/wp-content\/uploads\/2015\/04\/1811-Sajambre-Rural-768x510.jpg 768w, https:\/\/eldigitaldeasturias.com\/magazine365\/wp-content\/uploads\/2015\/04\/1811-Sajambre-Rural-1536x1020.jpg 1536w, https:\/\/eldigitaldeasturias.com\/magazine365\/wp-content\/uploads\/2015\/04\/1811-Sajambre-Rural-150x100.jpg 150w, https:\/\/eldigitaldeasturias.com\/magazine365\/wp-content\/uploads\/2015\/04\/1811-Sajambre-Rural-450x299.jpg 450w, https:\/\/eldigitaldeasturias.com\/magazine365\/wp-content\/uploads\/2015\/04\/1811-Sajambre-Rural-1200x797.jpg 1200w, https:\/\/eldigitaldeasturias.com\/magazine365\/wp-content\/uploads\/2015\/04\/1811-Sajambre-Rural-696x462.jpg 696w, https:\/\/eldigitaldeasturias.com\/magazine365\/wp-content\/uploads\/2015\/04\/1811-Sajambre-Rural-1068x709.jpg 1068w, https:\/\/eldigitaldeasturias.com\/magazine365\/wp-content\/uploads\/2015\/04\/1811-Sajambre-Rural-633x420.jpg 633w, https:\/\/eldigitaldeasturias.com\/magazine365\/wp-content\/uploads\/2015\/04\/1811-Sajambre-Rural-84x55.jpg 84w, https:\/\/eldigitaldeasturias.com\/magazine365\/wp-content\/uploads\/2015\/04\/1811-Sajambre-Rural.jpg 2000w\" sizes=\"(max-width: 360px) 100vw, 360px\" \/>El viajero rural busca alojamientos distintos seg\u00fan prepare sus vacaciones de verano o sus escapadas de fin de semana o puentes en invierno. Y aunque hay servicios bastante demandados durante todo el a\u00f1o, hay tres que, en lo que llevamos de 2015, se posicionan como los m\u00e1s buscados por los turistas, seg\u00fan el portal de reservas clubrural.com. Son el jacuzzi, que en invierno ha tenido una demanda del 19,07% de los viajeros, los servicios\/actividades para quienes viajan con ni\u00f1os (18,42%) y la admisi\u00f3n de mascotas (16,09%).<\/p>\n<p>Adem\u00e1s, durante el invierno ya hay quien busca alojamientos para el verano, por lo que, sorprendentemente, el cuarto lugar de la lista de lo m\u00e1s demandado estos meses lo ocupa la piscina (9,97% de solicitudes), seguida de la barbacoa (8,86%) y la chimenea (7,87%).<\/p>\n<p>En este perfil del viajero rural en los meses de fr\u00edo, tambi\u00e9n hay que destacar los destinos que ha preferido, especialmente del litoral. Las primeras posiciones est\u00e1n ocupadas por Madrid (7,65% de las solicitudes de reserva), Barcelona (7,21%), Girona (5,79%), Granada (5,29%) y Castell\u00f3n (5,23%). Otros lugares importantes demandados en estas fechas han sido \u00c1vila (5,15%), Asturias (4,23%), Lleida (4,14%) Valencia (3,91%) y Teruel (3,77%). Por tanto, a pesar de que en el top 10 hay destinos de interior, en el c\u00f3mputo total, son las provincias costeras las que tienen mayor relevancia en el turismo rural espa\u00f1ol<\/p>\n","protected":false},"excerpt":{"rendered":"<p>El viajero rural busca alojamientos distintos seg\u00fan prepare sus vacaciones de verano o sus escapadas de fin de semana o puentes en invierno. Y aunque hay servicios bastante demandados durante todo el a\u00f1o, hay tres que, en lo que llevamos de 2015, se posicionan como los m\u00e1s buscados por los turistas, seg\u00fan el portal de<\/p>\n","protected":false},"author":1,"featured_media":37602,"comment_status":"open","ping_status":"closed","sticky":false,"template":"","format":"standard","meta":{"footnotes":""},"categories":[222],"tags":[],"class_list":{"0":"post-37601","1":"post","2":"type-post","3":"status-publish","4":"format-standard","5":"has-post-thumbnail","7":"category-actualidad-turismo"},"aioseo_notices":[],"aioseo_head":"\n\t\t<!-- All in One SEO Pro 4.9.6.1 - aioseo.com -->\n\t<meta name=\"description\" content=\"El viajero rural busca alojamientos distintos seg\u00fan prepare sus vacaciones de verano o sus escapadas de fin de semana o puentes en invierno. Y aunque hay servicios bastante demandados durante todo el a\u00f1o, hay tres que, en lo que llevamos de 2015, se posicionan como los m\u00e1s buscados por los turistas, seg\u00fan el portal de\" \/>\n\t<meta name=\"robots\" content=\"max-image-preview:large\" \/>\n\t<meta name=\"author\" content=\"admin\"\/>\n\t<meta name=\"google-site-verification\" content=\"UA-38556648-1\" \/>\n\t<meta name=\"keywords\" content=\"actualidad turismo\" \/>\n\t<link rel=\"canonical\" href=\"https:\/\/eldigitaldeasturias.com\/magazine365\/como-se-comporta-el-viajero-rural-en-invierno%e2%80%8f\/\" \/>\n\t<meta name=\"generator\" content=\"All in One SEO Pro (AIOSEO) 4.9.6.1\" \/>\n\t\t<meta property=\"og:locale\" content=\"es_ES\" \/>\n\t\t<meta property=\"og:site_name\" content=\"El Digital de Asturias \u2013 Revista de ocio, turismo y estilo de vida\" \/>\n\t\t<meta property=\"og:type\" content=\"article\" \/>\n\t\t<meta property=\"og:title\" content=\"\u00bfC\u00f3mo se comporta el viajero rural en invierno?\u200f | El Digital de Asturias\" \/>\n\t\t<meta property=\"og:description\" content=\"El viajero rural busca alojamientos distintos seg\u00fan prepare sus vacaciones de verano o sus escapadas de fin de semana o puentes en invierno. Y aunque hay servicios bastante demandados durante todo el a\u00f1o, hay tres que, en lo que llevamos de 2015, se posicionan como los m\u00e1s buscados por los turistas, seg\u00fan el portal de\" \/>\n\t\t<meta property=\"og:url\" content=\"https:\/\/eldigitaldeasturias.com\/magazine365\/como-se-comporta-el-viajero-rural-en-invierno%e2%80%8f\/\" \/>\n\t\t<meta property=\"og:image\" content=\"https:\/\/eldigitaldeasturias.com\/magazine365\/wp-content\/uploads\/2015\/04\/1811-Sajambre-Rural.jpg\" \/>\n\t\t<meta property=\"og:image:secure_url\" content=\"https:\/\/eldigitaldeasturias.com\/magazine365\/wp-content\/uploads\/2015\/04\/1811-Sajambre-Rural.jpg\" \/>\n\t\t<meta property=\"og:image:width\" content=\"2000\" \/>\n\t\t<meta property=\"og:image:height\" content=\"1328\" \/>\n\t\t<meta property=\"article:published_time\" content=\"2015-04-13T09:26:34+00:00\" \/>\n\t\t<meta property=\"article:modified_time\" content=\"2015-04-13T09:26:34+00:00\" \/>\n\t\t<meta name=\"twitter:card\" content=\"summary_large_image\" \/>\n\t\t<meta name=\"twitter:title\" content=\"\u00bfC\u00f3mo se comporta el viajero rural en invierno?\u200f | El Digital de Asturias\" \/>\n\t\t<meta name=\"twitter:description\" content=\"El viajero rural busca alojamientos distintos seg\u00fan prepare sus vacaciones de verano o sus escapadas de fin de semana o puentes en invierno. Y aunque hay servicios bastante demandados durante todo el a\u00f1o, hay tres que, en lo que llevamos de 2015, se posicionan como los m\u00e1s buscados por los turistas, seg\u00fan el portal de\" \/>\n\t\t<meta name=\"twitter:image\" content=\"https:\/\/eldigitaldeasturias.com\/magazine365\/wp-content\/uploads\/2015\/04\/1811-Sajambre-Rural.jpg\" \/>\n\t\t<script type=\"application\/ld+json\" class=\"aioseo-schema\">\n\t\t\t{\"@context\":\"https:\\\/\\\/schema.org\",\"@graph\":[{\"@type\":\"Article\",\"@id\":\"https:\\\/\\\/eldigitaldeasturias.com\\\/magazine365\\\/como-se-comporta-el-viajero-rural-en-invierno%e2%80%8f\\\/#article\",\"name\":\"\\u00bfC\\u00f3mo se comporta el viajero rural en invierno?\\u200f | El Digital de Asturias\",\"headline\":\"\\u00bfC\\u00f3mo se comporta el viajero rural en invierno?\\u200f\",\"author\":{\"@id\":\"https:\\\/\\\/eldigitaldeasturias.com\\\/magazine365\\\/author\\\/admin\\\/#author\"},\"publisher\":{\"@id\":\"https:\\\/\\\/eldigitaldeasturias.com\\\/magazine365\\\/#organization\"},\"image\":{\"@type\":\"ImageObject\",\"url\":\"https:\\\/\\\/eldigitaldeasturias.com\\\/magazine365\\\/wp-content\\\/uploads\\\/2015\\\/04\\\/1811-Sajambre-Rural.jpg\",\"width\":2000,\"height\":1328},\"datePublished\":\"2015-04-13T07:26:34+02:00\",\"dateModified\":\"2015-04-13T07:26:34+02:00\",\"inLanguage\":\"es-ES\",\"mainEntityOfPage\":{\"@id\":\"https:\\\/\\\/eldigitaldeasturias.com\\\/magazine365\\\/como-se-comporta-el-viajero-rural-en-invierno%e2%80%8f\\\/#webpage\"},\"isPartOf\":{\"@id\":\"https:\\\/\\\/eldigitaldeasturias.com\\\/magazine365\\\/como-se-comporta-el-viajero-rural-en-invierno%e2%80%8f\\\/#webpage\"},\"articleSection\":\"Actualidad Turismo\"},{\"@type\":\"BreadcrumbList\",\"@id\":\"https:\\\/\\\/eldigitaldeasturias.com\\\/magazine365\\\/como-se-comporta-el-viajero-rural-en-invierno%e2%80%8f\\\/#breadcrumblist\",\"itemListElement\":[{\"@type\":\"ListItem\",\"@id\":\"https:\\\/\\\/eldigitaldeasturias.com\\\/magazine365#listItem\",\"position\":1,\"name\":\"Home\",\"item\":\"https:\\\/\\\/eldigitaldeasturias.com\\\/magazine365\",\"nextItem\":{\"@type\":\"ListItem\",\"@id\":\"https:\\\/\\\/eldigitaldeasturias.com\\\/magazine365\\\/category\\\/actualidad-turismo\\\/#listItem\",\"name\":\"Actualidad Turismo\"}},{\"@type\":\"ListItem\",\"@id\":\"https:\\\/\\\/eldigitaldeasturias.com\\\/magazine365\\\/category\\\/actualidad-turismo\\\/#listItem\",\"position\":2,\"name\":\"Actualidad Turismo\",\"item\":\"https:\\\/\\\/eldigitaldeasturias.com\\\/magazine365\\\/category\\\/actualidad-turismo\\\/\",\"nextItem\":{\"@type\":\"ListItem\",\"@id\":\"https:\\\/\\\/eldigitaldeasturias.com\\\/magazine365\\\/como-se-comporta-el-viajero-rural-en-invierno%e2%80%8f\\\/#listItem\",\"name\":\"\\u00bfC\\u00f3mo se comporta el viajero rural en invierno?\\u200f\"},\"previousItem\":{\"@type\":\"ListItem\",\"@id\":\"https:\\\/\\\/eldigitaldeasturias.com\\\/magazine365#listItem\",\"name\":\"Home\"}},{\"@type\":\"ListItem\",\"@id\":\"https:\\\/\\\/eldigitaldeasturias.com\\\/magazine365\\\/como-se-comporta-el-viajero-rural-en-invierno%e2%80%8f\\\/#listItem\",\"position\":3,\"name\":\"\\u00bfC\\u00f3mo se comporta el viajero rural en invierno?\\u200f\",\"previousItem\":{\"@type\":\"ListItem\",\"@id\":\"https:\\\/\\\/eldigitaldeasturias.com\\\/magazine365\\\/category\\\/actualidad-turismo\\\/#listItem\",\"name\":\"Actualidad Turismo\"}}]},{\"@type\":\"Organization\",\"@id\":\"https:\\\/\\\/eldigitaldeasturias.com\\\/magazine365\\\/#organization\",\"name\":\"El digital de Asturias\",\"description\":\"Revista de ocio, turismo y estilo de vida\",\"url\":\"https:\\\/\\\/eldigitaldeasturias.com\\\/magazine365\\\/\",\"logo\":{\"@type\":\"ImageObject\",\"url\":\"https:\\\/\\\/www.eldigitaldeasturias.com\\\/noticias\\\/wp-content\\\/uploads\\\/2020\\\/12\\\/EDA.jpg\",\"@id\":\"https:\\\/\\\/eldigitaldeasturias.com\\\/magazine365\\\/como-se-comporta-el-viajero-rural-en-invierno%e2%80%8f\\\/#organizationLogo\"},\"image\":{\"@id\":\"https:\\\/\\\/eldigitaldeasturias.com\\\/magazine365\\\/como-se-comporta-el-viajero-rural-en-invierno%e2%80%8f\\\/#organizationLogo\"}},{\"@type\":\"Person\",\"@id\":\"https:\\\/\\\/eldigitaldeasturias.com\\\/magazine365\\\/author\\\/admin\\\/#author\",\"url\":\"https:\\\/\\\/eldigitaldeasturias.com\\\/magazine365\\\/author\\\/admin\\\/\",\"name\":\"admin\",\"image\":{\"@type\":\"ImageObject\",\"@id\":\"https:\\\/\\\/eldigitaldeasturias.com\\\/magazine365\\\/como-se-comporta-el-viajero-rural-en-invierno%e2%80%8f\\\/#authorImage\",\"url\":\"https:\\\/\\\/eldigitaldeasturias.com\\\/magazine365\\\/wp-content\\\/litespeed\\\/avatar\\\/e571bcf59a0edd6fa6838245a470f2fe.jpg?ver=1776969259\",\"width\":96,\"height\":96,\"caption\":\"admin\"}},{\"@type\":\"WebPage\",\"@id\":\"https:\\\/\\\/eldigitaldeasturias.com\\\/magazine365\\\/como-se-comporta-el-viajero-rural-en-invierno%e2%80%8f\\\/#webpage\",\"url\":\"https:\\\/\\\/eldigitaldeasturias.com\\\/magazine365\\\/como-se-comporta-el-viajero-rural-en-invierno%e2%80%8f\\\/\",\"name\":\"\\u00bfC\\u00f3mo se comporta el viajero rural en invierno?\\u200f | El Digital de Asturias\",\"description\":\"El viajero rural busca alojamientos distintos seg\\u00fan prepare sus vacaciones de verano o sus escapadas de fin de semana o puentes en invierno. Y aunque hay servicios bastante demandados durante todo el a\\u00f1o, hay tres que, en lo que llevamos de 2015, se posicionan como los m\\u00e1s buscados por los turistas, seg\\u00fan el portal de\",\"inLanguage\":\"es-ES\",\"isPartOf\":{\"@id\":\"https:\\\/\\\/eldigitaldeasturias.com\\\/magazine365\\\/#website\"},\"breadcrumb\":{\"@id\":\"https:\\\/\\\/eldigitaldeasturias.com\\\/magazine365\\\/como-se-comporta-el-viajero-rural-en-invierno%e2%80%8f\\\/#breadcrumblist\"},\"author\":{\"@id\":\"https:\\\/\\\/eldigitaldeasturias.com\\\/magazine365\\\/author\\\/admin\\\/#author\"},\"creator\":{\"@id\":\"https:\\\/\\\/eldigitaldeasturias.com\\\/magazine365\\\/author\\\/admin\\\/#author\"},\"image\":{\"@type\":\"ImageObject\",\"url\":\"https:\\\/\\\/eldigitaldeasturias.com\\\/magazine365\\\/wp-content\\\/uploads\\\/2015\\\/04\\\/1811-Sajambre-Rural.jpg\",\"@id\":\"https:\\\/\\\/eldigitaldeasturias.com\\\/magazine365\\\/como-se-comporta-el-viajero-rural-en-invierno%e2%80%8f\\\/#mainImage\",\"width\":2000,\"height\":1328},\"primaryImageOfPage\":{\"@id\":\"https:\\\/\\\/eldigitaldeasturias.com\\\/magazine365\\\/como-se-comporta-el-viajero-rural-en-invierno%e2%80%8f\\\/#mainImage\"},\"datePublished\":\"2015-04-13T07:26:34+02:00\",\"dateModified\":\"2015-04-13T07:26:34+02:00\"},{\"@type\":\"WebSite\",\"@id\":\"https:\\\/\\\/eldigitaldeasturias.com\\\/magazine365\\\/#website\",\"url\":\"https:\\\/\\\/eldigitaldeasturias.com\\\/magazine365\\\/\",\"name\":\"El Digital de Asturias\",\"description\":\"Revista de ocio, turismo y estilo de vida\",\"inLanguage\":\"es-ES\",\"publisher\":{\"@id\":\"https:\\\/\\\/eldigitaldeasturias.com\\\/magazine365\\\/#organization\"}}]}\n\t\t<\/script>\n\t\t<!-- All in One SEO Pro -->\r\n\t\t<title>\u00bfC\u00f3mo se comporta el viajero rural en invierno?\u200f | El Digital de Asturias<\/title>\n\n","aioseo_head_json":{"title":"\u00bfC\u00f3mo se comporta el viajero rural en invierno?\u200f | El Digital de Asturias","description":"El viajero rural busca alojamientos distintos seg\u00fan prepare sus vacaciones de verano o sus escapadas de fin de semana o puentes en invierno. Y aunque hay servicios bastante demandados durante todo el a\u00f1o, hay tres que, en lo que llevamos de 2015, se posicionan como los m\u00e1s buscados por los turistas, seg\u00fan el portal de","canonical_url":"https:\/\/eldigitaldeasturias.com\/magazine365\/como-se-comporta-el-viajero-rural-en-invierno%e2%80%8f\/","robots":"max-image-preview:large","keywords":"actualidad turismo","webmasterTools":{"google-site-verification":"UA-38556648-1","miscellaneous":""},"schema":{"@context":"https:\/\/schema.org","@graph":[{"@type":"Article","@id":"https:\/\/eldigitaldeasturias.com\/magazine365\/como-se-comporta-el-viajero-rural-en-invierno%e2%80%8f\/#article","name":"\u00bfC\u00f3mo se comporta el viajero rural en invierno?\u200f | El Digital de Asturias","headline":"\u00bfC\u00f3mo se comporta el viajero rural en invierno?\u200f","author":{"@id":"https:\/\/eldigitaldeasturias.com\/magazine365\/author\/admin\/#author"},"publisher":{"@id":"https:\/\/eldigitaldeasturias.com\/magazine365\/#organization"},"image":{"@type":"ImageObject","url":"https:\/\/eldigitaldeasturias.com\/magazine365\/wp-content\/uploads\/2015\/04\/1811-Sajambre-Rural.jpg","width":2000,"height":1328},"datePublished":"2015-04-13T07:26:34+02:00","dateModified":"2015-04-13T07:26:34+02:00","inLanguage":"es-ES","mainEntityOfPage":{"@id":"https:\/\/eldigitaldeasturias.com\/magazine365\/como-se-comporta-el-viajero-rural-en-invierno%e2%80%8f\/#webpage"},"isPartOf":{"@id":"https:\/\/eldigitaldeasturias.com\/magazine365\/como-se-comporta-el-viajero-rural-en-invierno%e2%80%8f\/#webpage"},"articleSection":"Actualidad Turismo"},{"@type":"BreadcrumbList","@id":"https:\/\/eldigitaldeasturias.com\/magazine365\/como-se-comporta-el-viajero-rural-en-invierno%e2%80%8f\/#breadcrumblist","itemListElement":[{"@type":"ListItem","@id":"https:\/\/eldigitaldeasturias.com\/magazine365#listItem","position":1,"name":"Home","item":"https:\/\/eldigitaldeasturias.com\/magazine365","nextItem":{"@type":"ListItem","@id":"https:\/\/eldigitaldeasturias.com\/magazine365\/category\/actualidad-turismo\/#listItem","name":"Actualidad Turismo"}},{"@type":"ListItem","@id":"https:\/\/eldigitaldeasturias.com\/magazine365\/category\/actualidad-turismo\/#listItem","position":2,"name":"Actualidad Turismo","item":"https:\/\/eldigitaldeasturias.com\/magazine365\/category\/actualidad-turismo\/","nextItem":{"@type":"ListItem","@id":"https:\/\/eldigitaldeasturias.com\/magazine365\/como-se-comporta-el-viajero-rural-en-invierno%e2%80%8f\/#listItem","name":"\u00bfC\u00f3mo se comporta el viajero rural en invierno?\u200f"},"previousItem":{"@type":"ListItem","@id":"https:\/\/eldigitaldeasturias.com\/magazine365#listItem","name":"Home"}},{"@type":"ListItem","@id":"https:\/\/eldigitaldeasturias.com\/magazine365\/como-se-comporta-el-viajero-rural-en-invierno%e2%80%8f\/#listItem","position":3,"name":"\u00bfC\u00f3mo se comporta el viajero rural en invierno?\u200f","previousItem":{"@type":"ListItem","@id":"https:\/\/eldigitaldeasturias.com\/magazine365\/category\/actualidad-turismo\/#listItem","name":"Actualidad Turismo"}}]},{"@type":"Organization","@id":"https:\/\/eldigitaldeasturias.com\/magazine365\/#organization","name":"El digital de Asturias","description":"Revista de ocio, turismo y estilo de vida","url":"https:\/\/eldigitaldeasturias.com\/magazine365\/","logo":{"@type":"ImageObject","url":"https:\/\/www.eldigitaldeasturias.com\/noticias\/wp-content\/uploads\/2020\/12\/EDA.jpg","@id":"https:\/\/eldigitaldeasturias.com\/magazine365\/como-se-comporta-el-viajero-rural-en-invierno%e2%80%8f\/#organizationLogo"},"image":{"@id":"https:\/\/eldigitaldeasturias.com\/magazine365\/como-se-comporta-el-viajero-rural-en-invierno%e2%80%8f\/#organizationLogo"}},{"@type":"Person","@id":"https:\/\/eldigitaldeasturias.com\/magazine365\/author\/admin\/#author","url":"https:\/\/eldigitaldeasturias.com\/magazine365\/author\/admin\/","name":"admin","image":{"@type":"ImageObject","@id":"https:\/\/eldigitaldeasturias.com\/magazine365\/como-se-comporta-el-viajero-rural-en-invierno%e2%80%8f\/#authorImage","url":"https:\/\/eldigitaldeasturias.com\/magazine365\/wp-content\/litespeed\/avatar\/e571bcf59a0edd6fa6838245a470f2fe.jpg?ver=1776969259","width":96,"height":96,"caption":"admin"}},{"@type":"WebPage","@id":"https:\/\/eldigitaldeasturias.com\/magazine365\/como-se-comporta-el-viajero-rural-en-invierno%e2%80%8f\/#webpage","url":"https:\/\/eldigitaldeasturias.com\/magazine365\/como-se-comporta-el-viajero-rural-en-invierno%e2%80%8f\/","name":"\u00bfC\u00f3mo se comporta el viajero rural en invierno?\u200f | El Digital de Asturias","description":"El viajero rural busca alojamientos distintos seg\u00fan prepare sus vacaciones de verano o sus escapadas de fin de semana o puentes en invierno. Y aunque hay servicios bastante demandados durante todo el a\u00f1o, hay tres que, en lo que llevamos de 2015, se posicionan como los m\u00e1s buscados por los turistas, seg\u00fan el portal de","inLanguage":"es-ES","isPartOf":{"@id":"https:\/\/eldigitaldeasturias.com\/magazine365\/#website"},"breadcrumb":{"@id":"https:\/\/eldigitaldeasturias.com\/magazine365\/como-se-comporta-el-viajero-rural-en-invierno%e2%80%8f\/#breadcrumblist"},"author":{"@id":"https:\/\/eldigitaldeasturias.com\/magazine365\/author\/admin\/#author"},"creator":{"@id":"https:\/\/eldigitaldeasturias.com\/magazine365\/author\/admin\/#author"},"image":{"@type":"ImageObject","url":"https:\/\/eldigitaldeasturias.com\/magazine365\/wp-content\/uploads\/2015\/04\/1811-Sajambre-Rural.jpg","@id":"https:\/\/eldigitaldeasturias.com\/magazine365\/como-se-comporta-el-viajero-rural-en-invierno%e2%80%8f\/#mainImage","width":2000,"height":1328},"primaryImageOfPage":{"@id":"https:\/\/eldigitaldeasturias.com\/magazine365\/como-se-comporta-el-viajero-rural-en-invierno%e2%80%8f\/#mainImage"},"datePublished":"2015-04-13T07:26:34+02:00","dateModified":"2015-04-13T07:26:34+02:00"},{"@type":"WebSite","@id":"https:\/\/eldigitaldeasturias.com\/magazine365\/#website","url":"https:\/\/eldigitaldeasturias.com\/magazine365\/","name":"El Digital de Asturias","description":"Revista de ocio, turismo y estilo de vida","inLanguage":"es-ES","publisher":{"@id":"https:\/\/eldigitaldeasturias.com\/magazine365\/#organization"}}]},"og:locale":"es_ES","og:site_name":"El Digital de Asturias \u2013 Revista de ocio, turismo y estilo de vida","og:type":"article","og:title":"\u00bfC\u00f3mo se comporta el viajero rural en invierno?\u200f | El Digital de Asturias","og:description":"El viajero rural busca alojamientos distintos seg\u00fan prepare sus vacaciones de verano o sus escapadas de fin de semana o puentes en invierno. Y aunque hay servicios bastante demandados durante todo el a\u00f1o, hay tres que, en lo que llevamos de 2015, se posicionan como los m\u00e1s buscados por los turistas, seg\u00fan el portal de","og:url":"https:\/\/eldigitaldeasturias.com\/magazine365\/como-se-comporta-el-viajero-rural-en-invierno%e2%80%8f\/","og:image":"https:\/\/eldigitaldeasturias.com\/magazine365\/wp-content\/uploads\/2015\/04\/1811-Sajambre-Rural.jpg","og:image:secure_url":"https:\/\/eldigitaldeasturias.com\/magazine365\/wp-content\/uploads\/2015\/04\/1811-Sajambre-Rural.jpg","og:image:width":2000,"og:image:height":1328,"article:published_time":"2015-04-13T09:26:34+00:00","article:modified_time":"2015-04-13T09:26:34+00:00","twitter:card":"summary_large_image","twitter:title":"\u00bfC\u00f3mo se comporta el viajero rural en invierno?\u200f | El Digital de Asturias","twitter:description":"El viajero rural busca alojamientos distintos seg\u00fan prepare sus vacaciones de verano o sus escapadas de fin de semana o puentes en invierno. Y aunque hay servicios bastante demandados durante todo el a\u00f1o, hay tres que, en lo que llevamos de 2015, se posicionan como los m\u00e1s buscados por los turistas, seg\u00fan el portal de","twitter:image":"https:\/\/eldigitaldeasturias.com\/magazine365\/wp-content\/uploads\/2015\/04\/1811-Sajambre-Rural.jpg"},"aioseo_meta_data":{"post_id":"37601","title":null,"description":null,"keywords":null,"keyphrases":null,"primary_term":null,"canonical_url":null,"og_title":null,"og_description":null,"og_object_type":"default","og_image_type":"default","og_image_url":null,"og_image_width":null,"og_image_height":null,"og_image_custom_url":null,"og_image_custom_fields":null,"og_video":null,"og_custom_url":null,"og_article_section":null,"og_article_tags":null,"twitter_use_og":false,"twitter_card":"default","twitter_image_type":"default","twitter_image_url":null,"twitter_image_custom_url":null,"twitter_image_custom_fields":null,"twitter_title":null,"twitter_description":null,"schema":{"blockGraphs":[],"customGraphs":[],"default":{"data":{"Article":[],"Course":[],"Dataset":[],"FAQPage":[],"Movie":[],"Person":[],"Product":[],"ProductReview":[],"Car":[],"Recipe":[],"Service":[],"SoftwareApplication":[],"WebPage":[]},"graphName":"","isEnabled":true},"graphs":[],"defaultGraph":"","defaultPostTypeGraph":""},"schema_type":null,"schema_type_options":null,"pillar_content":false,"robots_default":true,"robots_noindex":false,"robots_noarchive":false,"robots_nosnippet":false,"robots_nofollow":false,"robots_noimageindex":false,"robots_noodp":false,"robots_notranslate":false,"robots_max_snippet":null,"robots_max_videopreview":null,"robots_max_imagepreview":"large","priority":null,"frequency":null,"location":null,"local_seo":null,"seo_analyzer_scan_date":"2025-09-19 07:51:37","breadcrumb_settings":null,"limit_modified_date":false,"open_ai":null,"ai":null,"created":"2021-03-09 03:03:43","updated":"2025-09-19 07:51:37"},"aioseo_breadcrumb":"<div class=\"aioseo-breadcrumbs\"><span class=\"aioseo-breadcrumb\">\n\t<a href=\"https:\/\/eldigitaldeasturias.com\/magazine365\" title=\"Home\">Home<\/a>\n<\/span><span class=\"aioseo-breadcrumb-separator\">\u2013<\/span><span class=\"aioseo-breadcrumb\">\n\t<a href=\"https:\/\/eldigitaldeasturias.com\/magazine365\/category\/actualidad-turismo\/\" title=\"Actualidad Turismo\">Actualidad Turismo<\/a>\n<\/span><span class=\"aioseo-breadcrumb-separator\">\u2013<\/span><span class=\"aioseo-breadcrumb\">\n\t<a href=\"https:\/\/eldigitaldeasturias.com\/magazine365\/como-se-comporta-el-viajero-rural-en-invierno%e2%80%8f\/\" title=\"\u00bfC\u00f3mo se comporta el viajero rural en invierno?\u200f\">\u00bfC\u00f3mo se comporta el viajero rural en invierno?\u200f<\/a>\n<\/span><\/div>","aioseo_breadcrumb_json":[{"label":"Home","link":"https:\/\/eldigitaldeasturias.com\/magazine365"},{"label":"Actualidad Turismo","link":"https:\/\/eldigitaldeasturias.com\/magazine365\/category\/actualidad-turismo\/"},{"label":"\u00bfC\u00f3mo se comporta el viajero rural en invierno?\u200f","link":"https:\/\/eldigitaldeasturias.com\/magazine365\/como-se-comporta-el-viajero-rural-en-invierno%e2%80%8f\/"}],"_links":{"self":[{"href":"https:\/\/eldigitaldeasturias.com\/magazine365\/wp-json\/wp\/v2\/posts\/37601","targetHints":{"allow":["GET"]}}],"collection":[{"href":"https:\/\/eldigitaldeasturias.com\/magazine365\/wp-json\/wp\/v2\/posts"}],"about":[{"href":"https:\/\/eldigitaldeasturias.com\/magazine365\/wp-json\/wp\/v2\/types\/post"}],"author":[{"embeddable":true,"href":"https:\/\/eldigitaldeasturias.com\/magazine365\/wp-json\/wp\/v2\/users\/1"}],"replies":[{"embeddable":true,"href":"https:\/\/eldigitaldeasturias.com\/magazine365\/wp-json\/wp\/v2\/comments?post=37601"}],"version-history":[{"count":0,"href":"https:\/\/eldigitaldeasturias.com\/magazine365\/wp-json\/wp\/v2\/posts\/37601\/revisions"}],"wp:featuredmedia":[{"embeddable":true,"href":"https:\/\/eldigitaldeasturias.com\/magazine365\/wp-json\/wp\/v2\/media\/37602"}],"wp:attachment":[{"href":"https:\/\/eldigitaldeasturias.com\/magazine365\/wp-json\/wp\/v2\/media?parent=37601"}],"wp:term":[{"taxonomy":"category","embeddable":true,"href":"https:\/\/eldigitaldeasturias.com\/magazine365\/wp-json\/wp\/v2\/categories?post=37601"},{"taxonomy":"post_tag","embeddable":true,"href":"https:\/\/eldigitaldeasturias.com\/magazine365\/wp-json\/wp\/v2\/tags?post=37601"}],"curies":[{"name":"wp","href":"https:\/\/api.w.org\/{rel}","templated":true}]}}