{"id":326,"date":"2013-12-30T20:39:11","date_gmt":"2013-12-30T21:39:11","guid":{"rendered":"http:\/\/eldigitaldeasturias.com\/magazine365\/?p=326"},"modified":"2013-12-30T20:39:11","modified_gmt":"2013-12-30T21:39:11","slug":"insua-la-fortaleza-del-atlantico","status":"publish","type":"post","link":"https:\/\/eldigitaldeasturias.com\/magazine365\/insua-la-fortaleza-del-atlantico\/","title":{"rendered":"Insua la fortaleza del Atl\u00e1ntico"},"content":{"rendered":"<p><img fetchpriority=\"high\" decoding=\"async\" class=\"alignleft size-medium wp-image-327\" alt=\"isla de insua\" src=\"https:\/\/eldigitaldeasturias.com\/magazine365\/wp-content\/uploads\/2013\/12\/DSC_0738-360x186.jpg\" width=\"360\" height=\"186\" srcset=\"https:\/\/eldigitaldeasturias.com\/magazine365\/wp-content\/uploads\/2013\/12\/DSC_0738-360x186.jpg 360w, https:\/\/eldigitaldeasturias.com\/magazine365\/wp-content\/uploads\/2013\/12\/DSC_0738-768x398.jpg 768w, https:\/\/eldigitaldeasturias.com\/magazine365\/wp-content\/uploads\/2013\/12\/DSC_0738-650x337.jpg 650w, https:\/\/eldigitaldeasturias.com\/magazine365\/wp-content\/uploads\/2013\/12\/DSC_0738.jpg 2022w\" sizes=\"(max-width: 360px) 100vw, 360px\" \/><\/p>\n<p>Llevaba d\u00edas mirando para aquella misteriosa isla cada que vez que estaba tumbada al sol en la playa de O Mui\u00f1o en la Guarda .<\/p>\n<p>Incluso mis compa\u00f1eros de viaje y yo fantase\u00e1bamos acerca de que pod\u00eda haber ocurrido ayer durante siglos .<\/p>\n<p>Fue una tarde hablando de ello en la terraza del bar de la playa cuando se acerco a nosotros Pablo un pescador de la zona, de sonrisa amable y ojos profundos y al o\u00edrme hablar de la isla y de mis inquietudes se acerco y nos cont\u00f3 la siguiente historia\u2026.<\/p>\n<p>Para quien no la conozca, es una isla Portuguesa localizada en la desembocadura del rio Mi\u00f1o en el lugar conocido como Boca da Barra , en la frontera entre Espa\u00f1a y Portugal, se puede ver desde el Monte Santa Trega en todo su esplendor .<\/p>\n<p>Pertenece al distrito de Viana do Castelo, desde la playa de Moledo (Potugal) tambi\u00e9n se puede apreciar perfectamente puesto que estar\u00eda aproximadamente a 200 metros de distancia. Para llegar a la playa de Moledo desde Galicia se puede coger un ferry desde el pueblo de O Pasaxe (cerca de A guarda) hasta Caminha (Portugal) .<\/p>\n<p>La isla tiene aproximadamente unos 400 metros de longitud y est\u00e1 construida en granito, en su interior hay una fortaleza del siglo XVII y a su vez dentro de la fortaleza est\u00e1 el convento Franciscano de Santa Maria de Insua (con su iglesia , cocina, refrectorio y diminuto claustro) que seg\u00fan nos conto Pablo fue construido en 1471 y habitado por los monjes hasta 1834 .<\/p>\n<p>El convento del que se cuenta que all\u00ed ocurr\u00edan milagros tambi\u00e9n sufri\u00f3 numerosos saqueos de piratas piratas , ese fue uno de lo motivos por los que fue ordenada construir la fortaleza por el rey Joao IV entre 1649 y 1652.<\/p>\n<p>Fue saqueada o atacada por piratas corsarios ingleses en 1602 y por piratas luteranos de la Rochelle en 1606.<\/p>\n<p>Tambi\u00e9n fue tomada dos veces por tropas Espa\u00f1olas:<\/p>\n<p>En 1580 cuando fue tomada y ocupada por la armada gallega y en 1807 bajo el reinado de Carlos IV vuelve a ser ocupada por tropas Espa\u00f1olas hasta que un a\u00f1o m\u00e1s tarde cae ante tropas francesas.<\/p>\n<p>Llama mucho la atenci\u00f3n su forma de estrella irregular sobretodo desde una vista aerea, posee cinco bastiones , plaza de armas y fuertes muros que cumplen sus funci\u00f3n de rompeolas.<\/p>\n<p>En 1690 fue dotada por dos ca\u00f1ones de bronce sobre una base de hierro que aun se pueden ver en la visita a la fortaleza.<\/p>\n<p>Pablo nos cont\u00f3 tambi\u00e9n que en su interior hay un pozo de agua dulce cosa at\u00edpica puesto que solo existen tres pozos de estas caracter\u00edsticas en fortalezas de mar, lo cual lo hacia todo mas c\u00f3modo al no tener que acercarse a la costa a por agua en periodos de revueltas o saqueos, pero tambi\u00e9n nos conto que no tiene terreno cultivable.<\/p>\n<p>Ya de construcci\u00f3n mas moderna dentro de la fortaleza en su garita noroeste se encuentra un faro de torre conica sobre base cuadrada que emite luz blanca, roja y verde cosa que se puede apreciar de noche.<\/p>\n<p>Desde 1910 fue clasificado como monumento nacional y a dia de hoy se puede visitar en barca desde el embarcadero de A Foz en Caminha .<\/p>\n<p>Ya en un tono m\u00e1s bajo y misterioso Pablo nos cuenta leyendas sobre la isla tales como la existencia de un pasadizo secreto bajo el mar que une la isla con la playa de Moledo aunque nadie lo ha encontrado todav\u00eda, se contaba tambi\u00e9n que en la isla no hab\u00eda ratas ni animales venenosos.<\/p>\n<p>Desde la terraza del bar de la playa nos quedamos pasando la tarde , viendo la puesta de sol y hablando de c\u00f3mo pod\u00edan haber sido esos saqueos de piratas, esas batallas entre Portugueses y Espa\u00f1oles y la vida de esos monjes en un lugar tan hermoso y m\u00e1gico.<\/p>\n<p>Xanina<\/p>\n<p>&nbsp;<\/p>\n<p>&nbsp;<\/p>\n","protected":false},"excerpt":{"rendered":"<p>Llevaba d\u00edas mirando para aquella misteriosa isla cada que vez que estaba tumbada al sol en la playa de O Mui\u00f1o en la Guarda . Incluso mis compa\u00f1eros de viaje y yo fantase\u00e1bamos acerca de que pod\u00eda haber ocurrido ayer durante siglos . Fue una tarde hablando de ello en la terraza del bar de<\/p>\n","protected":false},"author":1,"featured_media":0,"comment_status":"open","ping_status":"open","sticky":false,"template":"","format":"standard","meta":{"footnotes":""},"categories":[199],"tags":[],"class_list":{"0":"post-326","1":"post","2":"type-post","3":"status-publish","4":"format-standard","6":"category-mundo-curioso"},"aioseo_notices":[],"aioseo_head":"\n\t\t<!-- All in One SEO Pro 4.9.6.1 - aioseo.com -->\n\t<meta name=\"description\" content=\"Llevaba d\u00edas mirando para aquella misteriosa isla cada que vez que estaba tumbada al sol en la playa de O Mui\u00f1o en la Guarda . Incluso mis compa\u00f1eros de viaje y yo fantase\u00e1bamos acerca de que pod\u00eda haber ocurrido ayer durante siglos . Fue una tarde hablando de ello en la terraza del bar de\" \/>\n\t<meta name=\"robots\" content=\"max-image-preview:large\" \/>\n\t<meta name=\"author\" content=\"admin\"\/>\n\t<meta name=\"google-site-verification\" content=\"UA-38556648-1\" \/>\n\t<meta name=\"keywords\" content=\"mundo curioso\" \/>\n\t<link rel=\"canonical\" href=\"https:\/\/eldigitaldeasturias.com\/magazine365\/insua-la-fortaleza-del-atlantico\/\" \/>\n\t<meta name=\"generator\" content=\"All in One SEO Pro (AIOSEO) 4.9.6.1\" \/>\n\t\t<meta property=\"og:locale\" content=\"es_ES\" \/>\n\t\t<meta property=\"og:site_name\" content=\"El Digital de Asturias \u2013 Revista de ocio, turismo y estilo de vida\" \/>\n\t\t<meta property=\"og:type\" content=\"article\" \/>\n\t\t<meta property=\"og:title\" content=\"Insua la fortaleza del Atl\u00e1ntico | El Digital de Asturias\" \/>\n\t\t<meta property=\"og:description\" content=\"Llevaba d\u00edas mirando para aquella misteriosa isla cada que vez que estaba tumbada al sol en la playa de O Mui\u00f1o en la Guarda . Incluso mis compa\u00f1eros de viaje y yo fantase\u00e1bamos acerca de que pod\u00eda haber ocurrido ayer durante siglos . Fue una tarde hablando de ello en la terraza del bar de\" \/>\n\t\t<meta property=\"og:url\" content=\"https:\/\/eldigitaldeasturias.com\/magazine365\/insua-la-fortaleza-del-atlantico\/\" \/>\n\t\t<meta property=\"og:image\" content=\"https:\/\/www.eldigitaldeasturias.com\/noticias\/wp-content\/uploads\/2020\/12\/EDA.jpg\" \/>\n\t\t<meta property=\"og:image:secure_url\" content=\"https:\/\/www.eldigitaldeasturias.com\/noticias\/wp-content\/uploads\/2020\/12\/EDA.jpg\" \/>\n\t\t<meta property=\"article:published_time\" content=\"2013-12-30T21:39:11+00:00\" \/>\n\t\t<meta property=\"article:modified_time\" content=\"2013-12-30T21:39:11+00:00\" \/>\n\t\t<meta name=\"twitter:card\" content=\"summary_large_image\" \/>\n\t\t<meta name=\"twitter:title\" content=\"Insua la fortaleza del Atl\u00e1ntico | El Digital de Asturias\" \/>\n\t\t<meta name=\"twitter:description\" content=\"Llevaba d\u00edas mirando para aquella misteriosa isla cada que vez que estaba tumbada al sol en la playa de O Mui\u00f1o en la Guarda . Incluso mis compa\u00f1eros de viaje y yo fantase\u00e1bamos acerca de que pod\u00eda haber ocurrido ayer durante siglos . Fue una tarde hablando de ello en la terraza del bar de\" \/>\n\t\t<meta name=\"twitter:image\" content=\"https:\/\/www.eldigitaldeasturias.com\/noticias\/wp-content\/uploads\/2020\/12\/EDA.jpg\" \/>\n\t\t<script type=\"application\/ld+json\" class=\"aioseo-schema\">\n\t\t\t{\"@context\":\"https:\\\/\\\/schema.org\",\"@graph\":[{\"@type\":\"Article\",\"@id\":\"https:\\\/\\\/eldigitaldeasturias.com\\\/magazine365\\\/insua-la-fortaleza-del-atlantico\\\/#article\",\"name\":\"Insua la fortaleza del Atl\\u00e1ntico | El Digital de Asturias\",\"headline\":\"Insua la fortaleza del Atl\\u00e1ntico\",\"author\":{\"@id\":\"https:\\\/\\\/eldigitaldeasturias.com\\\/magazine365\\\/author\\\/admin\\\/#author\"},\"publisher\":{\"@id\":\"https:\\\/\\\/eldigitaldeasturias.com\\\/magazine365\\\/#organization\"},\"image\":{\"@type\":\"ImageObject\",\"url\":\"http:\\\/\\\/eldigitaldeasturias.com\\\/magazine365\\\/wp-content\\\/uploads\\\/2013\\\/12\\\/DSC_0738-360x186.jpg\",\"@id\":\"https:\\\/\\\/eldigitaldeasturias.com\\\/magazine365\\\/insua-la-fortaleza-del-atlantico\\\/#articleImage\"},\"datePublished\":\"2013-12-30T20:39:11+01:00\",\"dateModified\":\"2013-12-30T20:39:11+01:00\",\"inLanguage\":\"es-ES\",\"mainEntityOfPage\":{\"@id\":\"https:\\\/\\\/eldigitaldeasturias.com\\\/magazine365\\\/insua-la-fortaleza-del-atlantico\\\/#webpage\"},\"isPartOf\":{\"@id\":\"https:\\\/\\\/eldigitaldeasturias.com\\\/magazine365\\\/insua-la-fortaleza-del-atlantico\\\/#webpage\"},\"articleSection\":\"Mundo Curioso\"},{\"@type\":\"BreadcrumbList\",\"@id\":\"https:\\\/\\\/eldigitaldeasturias.com\\\/magazine365\\\/insua-la-fortaleza-del-atlantico\\\/#breadcrumblist\",\"itemListElement\":[{\"@type\":\"ListItem\",\"@id\":\"https:\\\/\\\/eldigitaldeasturias.com\\\/magazine365#listItem\",\"position\":1,\"name\":\"Home\",\"item\":\"https:\\\/\\\/eldigitaldeasturias.com\\\/magazine365\",\"nextItem\":{\"@type\":\"ListItem\",\"@id\":\"https:\\\/\\\/eldigitaldeasturias.com\\\/magazine365\\\/category\\\/mundo-curioso\\\/#listItem\",\"name\":\"Mundo Curioso\"}},{\"@type\":\"ListItem\",\"@id\":\"https:\\\/\\\/eldigitaldeasturias.com\\\/magazine365\\\/category\\\/mundo-curioso\\\/#listItem\",\"position\":2,\"name\":\"Mundo Curioso\",\"item\":\"https:\\\/\\\/eldigitaldeasturias.com\\\/magazine365\\\/category\\\/mundo-curioso\\\/\",\"nextItem\":{\"@type\":\"ListItem\",\"@id\":\"https:\\\/\\\/eldigitaldeasturias.com\\\/magazine365\\\/insua-la-fortaleza-del-atlantico\\\/#listItem\",\"name\":\"Insua la fortaleza del Atl\\u00e1ntico\"},\"previousItem\":{\"@type\":\"ListItem\",\"@id\":\"https:\\\/\\\/eldigitaldeasturias.com\\\/magazine365#listItem\",\"name\":\"Home\"}},{\"@type\":\"ListItem\",\"@id\":\"https:\\\/\\\/eldigitaldeasturias.com\\\/magazine365\\\/insua-la-fortaleza-del-atlantico\\\/#listItem\",\"position\":3,\"name\":\"Insua la fortaleza del Atl\\u00e1ntico\",\"previousItem\":{\"@type\":\"ListItem\",\"@id\":\"https:\\\/\\\/eldigitaldeasturias.com\\\/magazine365\\\/category\\\/mundo-curioso\\\/#listItem\",\"name\":\"Mundo Curioso\"}}]},{\"@type\":\"Organization\",\"@id\":\"https:\\\/\\\/eldigitaldeasturias.com\\\/magazine365\\\/#organization\",\"name\":\"El digital de Asturias\",\"description\":\"Revista de ocio, turismo y estilo de vida\",\"url\":\"https:\\\/\\\/eldigitaldeasturias.com\\\/magazine365\\\/\",\"logo\":{\"@type\":\"ImageObject\",\"url\":\"https:\\\/\\\/www.eldigitaldeasturias.com\\\/noticias\\\/wp-content\\\/uploads\\\/2020\\\/12\\\/EDA.jpg\",\"@id\":\"https:\\\/\\\/eldigitaldeasturias.com\\\/magazine365\\\/insua-la-fortaleza-del-atlantico\\\/#organizationLogo\"},\"image\":{\"@id\":\"https:\\\/\\\/eldigitaldeasturias.com\\\/magazine365\\\/insua-la-fortaleza-del-atlantico\\\/#organizationLogo\"}},{\"@type\":\"Person\",\"@id\":\"https:\\\/\\\/eldigitaldeasturias.com\\\/magazine365\\\/author\\\/admin\\\/#author\",\"url\":\"https:\\\/\\\/eldigitaldeasturias.com\\\/magazine365\\\/author\\\/admin\\\/\",\"name\":\"admin\",\"image\":{\"@type\":\"ImageObject\",\"@id\":\"https:\\\/\\\/eldigitaldeasturias.com\\\/magazine365\\\/insua-la-fortaleza-del-atlantico\\\/#authorImage\",\"url\":\"https:\\\/\\\/eldigitaldeasturias.com\\\/magazine365\\\/wp-content\\\/litespeed\\\/avatar\\\/e571bcf59a0edd6fa6838245a470f2fe.jpg?ver=1776969259\",\"width\":96,\"height\":96,\"caption\":\"admin\"}},{\"@type\":\"WebPage\",\"@id\":\"https:\\\/\\\/eldigitaldeasturias.com\\\/magazine365\\\/insua-la-fortaleza-del-atlantico\\\/#webpage\",\"url\":\"https:\\\/\\\/eldigitaldeasturias.com\\\/magazine365\\\/insua-la-fortaleza-del-atlantico\\\/\",\"name\":\"Insua la fortaleza del Atl\\u00e1ntico | El Digital de Asturias\",\"description\":\"Llevaba d\\u00edas mirando para aquella misteriosa isla cada que vez que estaba tumbada al sol en la playa de O Mui\\u00f1o en la Guarda . Incluso mis compa\\u00f1eros de viaje y yo fantase\\u00e1bamos acerca de que pod\\u00eda haber ocurrido ayer durante siglos . Fue una tarde hablando de ello en la terraza del bar de\",\"inLanguage\":\"es-ES\",\"isPartOf\":{\"@id\":\"https:\\\/\\\/eldigitaldeasturias.com\\\/magazine365\\\/#website\"},\"breadcrumb\":{\"@id\":\"https:\\\/\\\/eldigitaldeasturias.com\\\/magazine365\\\/insua-la-fortaleza-del-atlantico\\\/#breadcrumblist\"},\"author\":{\"@id\":\"https:\\\/\\\/eldigitaldeasturias.com\\\/magazine365\\\/author\\\/admin\\\/#author\"},\"creator\":{\"@id\":\"https:\\\/\\\/eldigitaldeasturias.com\\\/magazine365\\\/author\\\/admin\\\/#author\"},\"datePublished\":\"2013-12-30T20:39:11+01:00\",\"dateModified\":\"2013-12-30T20:39:11+01:00\"},{\"@type\":\"WebSite\",\"@id\":\"https:\\\/\\\/eldigitaldeasturias.com\\\/magazine365\\\/#website\",\"url\":\"https:\\\/\\\/eldigitaldeasturias.com\\\/magazine365\\\/\",\"name\":\"El Digital de Asturias\",\"description\":\"Revista de ocio, turismo y estilo de vida\",\"inLanguage\":\"es-ES\",\"publisher\":{\"@id\":\"https:\\\/\\\/eldigitaldeasturias.com\\\/magazine365\\\/#organization\"}}]}\n\t\t<\/script>\n\t\t<!-- All in One SEO Pro -->\r\n\t\t<title>Insua la fortaleza del Atl\u00e1ntico | El Digital de Asturias<\/title>\n\n","aioseo_head_json":{"title":"Insua la fortaleza del Atl\u00e1ntico | El Digital de Asturias","description":"Llevaba d\u00edas mirando para aquella misteriosa isla cada que vez que estaba tumbada al sol en la playa de O Mui\u00f1o en la Guarda . Incluso mis compa\u00f1eros de viaje y yo fantase\u00e1bamos acerca de que pod\u00eda haber ocurrido ayer durante siglos . Fue una tarde hablando de ello en la terraza del bar de","canonical_url":"https:\/\/eldigitaldeasturias.com\/magazine365\/insua-la-fortaleza-del-atlantico\/","robots":"max-image-preview:large","keywords":"mundo curioso","webmasterTools":{"google-site-verification":"UA-38556648-1","miscellaneous":""},"schema":{"@context":"https:\/\/schema.org","@graph":[{"@type":"Article","@id":"https:\/\/eldigitaldeasturias.com\/magazine365\/insua-la-fortaleza-del-atlantico\/#article","name":"Insua la fortaleza del Atl\u00e1ntico | El Digital de Asturias","headline":"Insua la fortaleza del Atl\u00e1ntico","author":{"@id":"https:\/\/eldigitaldeasturias.com\/magazine365\/author\/admin\/#author"},"publisher":{"@id":"https:\/\/eldigitaldeasturias.com\/magazine365\/#organization"},"image":{"@type":"ImageObject","url":"http:\/\/eldigitaldeasturias.com\/magazine365\/wp-content\/uploads\/2013\/12\/DSC_0738-360x186.jpg","@id":"https:\/\/eldigitaldeasturias.com\/magazine365\/insua-la-fortaleza-del-atlantico\/#articleImage"},"datePublished":"2013-12-30T20:39:11+01:00","dateModified":"2013-12-30T20:39:11+01:00","inLanguage":"es-ES","mainEntityOfPage":{"@id":"https:\/\/eldigitaldeasturias.com\/magazine365\/insua-la-fortaleza-del-atlantico\/#webpage"},"isPartOf":{"@id":"https:\/\/eldigitaldeasturias.com\/magazine365\/insua-la-fortaleza-del-atlantico\/#webpage"},"articleSection":"Mundo Curioso"},{"@type":"BreadcrumbList","@id":"https:\/\/eldigitaldeasturias.com\/magazine365\/insua-la-fortaleza-del-atlantico\/#breadcrumblist","itemListElement":[{"@type":"ListItem","@id":"https:\/\/eldigitaldeasturias.com\/magazine365#listItem","position":1,"name":"Home","item":"https:\/\/eldigitaldeasturias.com\/magazine365","nextItem":{"@type":"ListItem","@id":"https:\/\/eldigitaldeasturias.com\/magazine365\/category\/mundo-curioso\/#listItem","name":"Mundo Curioso"}},{"@type":"ListItem","@id":"https:\/\/eldigitaldeasturias.com\/magazine365\/category\/mundo-curioso\/#listItem","position":2,"name":"Mundo Curioso","item":"https:\/\/eldigitaldeasturias.com\/magazine365\/category\/mundo-curioso\/","nextItem":{"@type":"ListItem","@id":"https:\/\/eldigitaldeasturias.com\/magazine365\/insua-la-fortaleza-del-atlantico\/#listItem","name":"Insua la fortaleza del Atl\u00e1ntico"},"previousItem":{"@type":"ListItem","@id":"https:\/\/eldigitaldeasturias.com\/magazine365#listItem","name":"Home"}},{"@type":"ListItem","@id":"https:\/\/eldigitaldeasturias.com\/magazine365\/insua-la-fortaleza-del-atlantico\/#listItem","position":3,"name":"Insua la fortaleza del Atl\u00e1ntico","previousItem":{"@type":"ListItem","@id":"https:\/\/eldigitaldeasturias.com\/magazine365\/category\/mundo-curioso\/#listItem","name":"Mundo Curioso"}}]},{"@type":"Organization","@id":"https:\/\/eldigitaldeasturias.com\/magazine365\/#organization","name":"El digital de Asturias","description":"Revista de ocio, turismo y estilo de vida","url":"https:\/\/eldigitaldeasturias.com\/magazine365\/","logo":{"@type":"ImageObject","url":"https:\/\/www.eldigitaldeasturias.com\/noticias\/wp-content\/uploads\/2020\/12\/EDA.jpg","@id":"https:\/\/eldigitaldeasturias.com\/magazine365\/insua-la-fortaleza-del-atlantico\/#organizationLogo"},"image":{"@id":"https:\/\/eldigitaldeasturias.com\/magazine365\/insua-la-fortaleza-del-atlantico\/#organizationLogo"}},{"@type":"Person","@id":"https:\/\/eldigitaldeasturias.com\/magazine365\/author\/admin\/#author","url":"https:\/\/eldigitaldeasturias.com\/magazine365\/author\/admin\/","name":"admin","image":{"@type":"ImageObject","@id":"https:\/\/eldigitaldeasturias.com\/magazine365\/insua-la-fortaleza-del-atlantico\/#authorImage","url":"https:\/\/eldigitaldeasturias.com\/magazine365\/wp-content\/litespeed\/avatar\/e571bcf59a0edd6fa6838245a470f2fe.jpg?ver=1776969259","width":96,"height":96,"caption":"admin"}},{"@type":"WebPage","@id":"https:\/\/eldigitaldeasturias.com\/magazine365\/insua-la-fortaleza-del-atlantico\/#webpage","url":"https:\/\/eldigitaldeasturias.com\/magazine365\/insua-la-fortaleza-del-atlantico\/","name":"Insua la fortaleza del Atl\u00e1ntico | El Digital de Asturias","description":"Llevaba d\u00edas mirando para aquella misteriosa isla cada que vez que estaba tumbada al sol en la playa de O Mui\u00f1o en la Guarda . Incluso mis compa\u00f1eros de viaje y yo fantase\u00e1bamos acerca de que pod\u00eda haber ocurrido ayer durante siglos . Fue una tarde hablando de ello en la terraza del bar de","inLanguage":"es-ES","isPartOf":{"@id":"https:\/\/eldigitaldeasturias.com\/magazine365\/#website"},"breadcrumb":{"@id":"https:\/\/eldigitaldeasturias.com\/magazine365\/insua-la-fortaleza-del-atlantico\/#breadcrumblist"},"author":{"@id":"https:\/\/eldigitaldeasturias.com\/magazine365\/author\/admin\/#author"},"creator":{"@id":"https:\/\/eldigitaldeasturias.com\/magazine365\/author\/admin\/#author"},"datePublished":"2013-12-30T20:39:11+01:00","dateModified":"2013-12-30T20:39:11+01:00"},{"@type":"WebSite","@id":"https:\/\/eldigitaldeasturias.com\/magazine365\/#website","url":"https:\/\/eldigitaldeasturias.com\/magazine365\/","name":"El Digital de Asturias","description":"Revista de ocio, turismo y estilo de vida","inLanguage":"es-ES","publisher":{"@id":"https:\/\/eldigitaldeasturias.com\/magazine365\/#organization"}}]},"og:locale":"es_ES","og:site_name":"El Digital de Asturias \u2013 Revista de ocio, turismo y estilo de vida","og:type":"article","og:title":"Insua la fortaleza del Atl\u00e1ntico | El Digital de Asturias","og:description":"Llevaba d\u00edas mirando para aquella misteriosa isla cada que vez que estaba tumbada al sol en la playa de O Mui\u00f1o en la Guarda . Incluso mis compa\u00f1eros de viaje y yo fantase\u00e1bamos acerca de que pod\u00eda haber ocurrido ayer durante siglos . Fue una tarde hablando de ello en la terraza del bar de","og:url":"https:\/\/eldigitaldeasturias.com\/magazine365\/insua-la-fortaleza-del-atlantico\/","og:image":"https:\/\/www.eldigitaldeasturias.com\/noticias\/wp-content\/uploads\/2020\/12\/EDA.jpg","og:image:secure_url":"https:\/\/www.eldigitaldeasturias.com\/noticias\/wp-content\/uploads\/2020\/12\/EDA.jpg","article:published_time":"2013-12-30T21:39:11+00:00","article:modified_time":"2013-12-30T21:39:11+00:00","twitter:card":"summary_large_image","twitter:title":"Insua la fortaleza del Atl\u00e1ntico | El Digital de Asturias","twitter:description":"Llevaba d\u00edas mirando para aquella misteriosa isla cada que vez que estaba tumbada al sol en la playa de O Mui\u00f1o en la Guarda . Incluso mis compa\u00f1eros de viaje y yo fantase\u00e1bamos acerca de que pod\u00eda haber ocurrido ayer durante siglos . Fue una tarde hablando de ello en la terraza del bar de","twitter:image":"https:\/\/www.eldigitaldeasturias.com\/noticias\/wp-content\/uploads\/2020\/12\/EDA.jpg"},"aioseo_meta_data":{"post_id":"326","title":null,"description":null,"keywords":null,"keyphrases":null,"primary_term":null,"canonical_url":null,"og_title":null,"og_description":null,"og_object_type":"default","og_image_type":"default","og_image_url":null,"og_image_width":null,"og_image_height":null,"og_image_custom_url":null,"og_image_custom_fields":null,"og_video":null,"og_custom_url":null,"og_article_section":null,"og_article_tags":null,"twitter_use_og":false,"twitter_card":"default","twitter_image_type":"default","twitter_image_url":null,"twitter_image_custom_url":null,"twitter_image_custom_fields":null,"twitter_title":null,"twitter_description":null,"schema":{"blockGraphs":[],"customGraphs":[],"default":{"data":{"Article":[],"Course":[],"Dataset":[],"FAQPage":[],"Movie":[],"Person":[],"Product":[],"ProductReview":[],"Car":[],"Recipe":[],"Service":[],"SoftwareApplication":[],"WebPage":[]},"graphName":"","isEnabled":true},"graphs":[],"defaultGraph":"","defaultPostTypeGraph":""},"schema_type":null,"schema_type_options":null,"pillar_content":false,"robots_default":true,"robots_noindex":false,"robots_noarchive":false,"robots_nosnippet":false,"robots_nofollow":false,"robots_noimageindex":false,"robots_noodp":false,"robots_notranslate":false,"robots_max_snippet":null,"robots_max_videopreview":null,"robots_max_imagepreview":"large","priority":null,"frequency":null,"location":null,"local_seo":null,"seo_analyzer_scan_date":"2025-09-16 07:27:23","breadcrumb_settings":null,"limit_modified_date":false,"open_ai":null,"ai":null,"created":"2020-12-21 13:33:12","updated":"2025-09-16 07:27:23"},"aioseo_breadcrumb":"<div class=\"aioseo-breadcrumbs\"><span class=\"aioseo-breadcrumb\">\n\t<a href=\"https:\/\/eldigitaldeasturias.com\/magazine365\" title=\"Home\">Home<\/a>\n<\/span><span class=\"aioseo-breadcrumb-separator\">\u2013<\/span><span class=\"aioseo-breadcrumb\">\n\t<a href=\"https:\/\/eldigitaldeasturias.com\/magazine365\/category\/mundo-curioso\/\" title=\"Mundo Curioso\">Mundo Curioso<\/a>\n<\/span><span class=\"aioseo-breadcrumb-separator\">\u2013<\/span><span class=\"aioseo-breadcrumb\">\n\t<a href=\"https:\/\/eldigitaldeasturias.com\/magazine365\/insua-la-fortaleza-del-atlantico\/\" title=\"Insua la fortaleza del Atl\u00e1ntico\">Insua la fortaleza del Atl\u00e1ntico<\/a>\n<\/span><\/div>","aioseo_breadcrumb_json":[{"label":"Home","link":"https:\/\/eldigitaldeasturias.com\/magazine365"},{"label":"Mundo Curioso","link":"https:\/\/eldigitaldeasturias.com\/magazine365\/category\/mundo-curioso\/"},{"label":"Insua la fortaleza del Atl\u00e1ntico","link":"https:\/\/eldigitaldeasturias.com\/magazine365\/insua-la-fortaleza-del-atlantico\/"}],"_links":{"self":[{"href":"https:\/\/eldigitaldeasturias.com\/magazine365\/wp-json\/wp\/v2\/posts\/326","targetHints":{"allow":["GET"]}}],"collection":[{"href":"https:\/\/eldigitaldeasturias.com\/magazine365\/wp-json\/wp\/v2\/posts"}],"about":[{"href":"https:\/\/eldigitaldeasturias.com\/magazine365\/wp-json\/wp\/v2\/types\/post"}],"author":[{"embeddable":true,"href":"https:\/\/eldigitaldeasturias.com\/magazine365\/wp-json\/wp\/v2\/users\/1"}],"replies":[{"embeddable":true,"href":"https:\/\/eldigitaldeasturias.com\/magazine365\/wp-json\/wp\/v2\/comments?post=326"}],"version-history":[{"count":0,"href":"https:\/\/eldigitaldeasturias.com\/magazine365\/wp-json\/wp\/v2\/posts\/326\/revisions"}],"wp:attachment":[{"href":"https:\/\/eldigitaldeasturias.com\/magazine365\/wp-json\/wp\/v2\/media?parent=326"}],"wp:term":[{"taxonomy":"category","embeddable":true,"href":"https:\/\/eldigitaldeasturias.com\/magazine365\/wp-json\/wp\/v2\/categories?post=326"},{"taxonomy":"post_tag","embeddable":true,"href":"https:\/\/eldigitaldeasturias.com\/magazine365\/wp-json\/wp\/v2\/tags?post=326"}],"curies":[{"name":"wp","href":"https:\/\/api.w.org\/{rel}","templated":true}]}}