{"id":1774,"date":"2014-01-24T14:02:35","date_gmt":"2014-01-24T15:02:35","guid":{"rendered":"http:\/\/eldigitaldeasturias.com\/magazine365\/?p=1774"},"modified":"2014-01-24T14:02:35","modified_gmt":"2014-01-24T15:02:35","slug":"charly-garcia-mejora-y-se-encuentra-estable-y-sin-fiebre","status":"publish","type":"post","link":"https:\/\/eldigitaldeasturias.com\/magazine365\/charly-garcia-mejora-y-se-encuentra-estable-y-sin-fiebre\/","title":{"rendered":"Charly Garc\u00eda mejora y se encuentra estable y sin fiebre"},"content":{"rendered":"<p><img fetchpriority=\"high\" decoding=\"async\" class=\"alignleft size-medium wp-image-1775\" alt=\"5872414w\" src=\"https:\/\/eldigitaldeasturias.com\/magazine365\/wp-content\/uploads\/2014\/01\/5872414w-360x238.jpg\" width=\"360\" height=\"238\" \/>Buenos Aires, 23 ene (EFE).- El rockero argentino Charly Garc\u00eda mejora y se encuentra \u00abestable, l\u00facido y con par\u00e1metros cardiovasculares normales\u00bb y sin fiebre, informaron hoy fuentes m\u00e9dicas.<\/p>\n<p>El cantante ingres\u00f3 ayer en una cl\u00ednica de Buenos Aires, donde lleg\u00f3 con un cuadro de fiebres altas que remitieron hoy, seg\u00fan explic\u00f3 la doctora Graciela S\u00e1nchez en un comunicado.<\/p>\n<p>Garc\u00eda ser\u00e1 sometido a nuevas pruebas en las pr\u00f3ximas horas para tratar de encontrar el origen de su reciente indisposici\u00f3n, a\u00f1adi\u00f3 la nota.<\/p>\n<p>El rockero argentino ha estado ingresado varias veces por su delicado estado de salud, la \u00faltima el pasado 15 de noviembre por un preinfarto antes de ofrecer un concierto en Bogot\u00e1.<\/p>\n<p>En 2012, Garc\u00eda se desvaneci\u00f3 durante un recital en la provincia argentina de C\u00f3rdoba, y en 2011 tuvo que suspender una actuaci\u00f3n en Bolivia por un c\u00f3lico provocado por c\u00e1lculos en la ves\u00edcula.<\/p>\n<p>El cantante, nacido en Buenos Aires el 23 de octubre de 1951, tiene una amplia carrera como solista que incluye la grabaci\u00f3n de 41 discos.<\/p>\n<p>Su destacada trayectoria musical le ha hecho acreedor de varios premios como el Grammy a la Excelencia Musical en Las Vegas, otorgado por la Academia Latina de la Grabaci\u00f3n y que entrega los Premios Grammy Latinos.<\/p>\n","protected":false},"excerpt":{"rendered":"<p>Buenos Aires, 23 ene (EFE).- El rockero argentino Charly Garc\u00eda mejora y se encuentra \u00abestable, l\u00facido y con par\u00e1metros cardiovasculares normales\u00bb y sin fiebre, informaron hoy fuentes m\u00e9dicas. El cantante ingres\u00f3 ayer en una cl\u00ednica de Buenos Aires, donde lleg\u00f3 con un cuadro de fiebres altas que remitieron hoy, seg\u00fan explic\u00f3 la doctora Graciela S\u00e1nchez<\/p>\n","protected":false},"author":1,"featured_media":1775,"comment_status":"open","ping_status":"open","sticky":false,"template":"","format":"standard","meta":{"footnotes":""},"categories":[224],"tags":[],"class_list":{"0":"post-1774","1":"post","2":"type-post","3":"status-publish","4":"format-standard","5":"has-post-thumbnail","7":"category-noticias-actualidad"},"aioseo_notices":[],"aioseo_head":"\n\t\t<!-- All in One SEO Pro 4.9.6.1 - aioseo.com -->\n\t<meta name=\"description\" content=\"Buenos Aires, 23 ene (EFE).- El rockero argentino Charly Garc\u00eda mejora y se encuentra &quot;estable, l\u00facido y con par\u00e1metros cardiovasculares normales&quot; y sin fiebre, informaron hoy fuentes m\u00e9dicas. El cantante ingres\u00f3 ayer en una cl\u00ednica de Buenos Aires, donde lleg\u00f3 con un cuadro de fiebres altas que remitieron hoy, seg\u00fan explic\u00f3 la doctora Graciela S\u00e1nchez\" \/>\n\t<meta name=\"robots\" content=\"max-image-preview:large\" \/>\n\t<meta name=\"author\" content=\"admin\"\/>\n\t<meta name=\"google-site-verification\" content=\"UA-38556648-1\" \/>\n\t<meta name=\"keywords\" content=\"noticias y actualidad\" \/>\n\t<link rel=\"canonical\" href=\"https:\/\/eldigitaldeasturias.com\/magazine365\/charly-garcia-mejora-y-se-encuentra-estable-y-sin-fiebre\/\" \/>\n\t<meta name=\"generator\" content=\"All in One SEO Pro (AIOSEO) 4.9.6.1\" \/>\n\t\t<meta property=\"og:locale\" content=\"es_ES\" \/>\n\t\t<meta property=\"og:site_name\" content=\"El Digital de Asturias \u2013 Revista de ocio, turismo y estilo de vida\" \/>\n\t\t<meta property=\"og:type\" content=\"article\" \/>\n\t\t<meta property=\"og:title\" content=\"Charly Garc\u00eda mejora y se encuentra estable y sin fiebre | El Digital de Asturias\" \/>\n\t\t<meta property=\"og:description\" content=\"Buenos Aires, 23 ene (EFE).- El rockero argentino Charly Garc\u00eda mejora y se encuentra &quot;estable, l\u00facido y con par\u00e1metros cardiovasculares normales&quot; y sin fiebre, informaron hoy fuentes m\u00e9dicas. El cantante ingres\u00f3 ayer en una cl\u00ednica de Buenos Aires, donde lleg\u00f3 con un cuadro de fiebres altas que remitieron hoy, seg\u00fan explic\u00f3 la doctora Graciela S\u00e1nchez\" \/>\n\t\t<meta property=\"og:url\" content=\"https:\/\/eldigitaldeasturias.com\/magazine365\/charly-garcia-mejora-y-se-encuentra-estable-y-sin-fiebre\/\" \/>\n\t\t<meta property=\"og:image\" content=\"https:\/\/eldigitaldeasturias.com\/magazine365\/wp-content\/uploads\/2014\/01\/5872414w.jpg\" \/>\n\t\t<meta property=\"og:image:secure_url\" content=\"https:\/\/eldigitaldeasturias.com\/magazine365\/wp-content\/uploads\/2014\/01\/5872414w.jpg\" \/>\n\t\t<meta property=\"og:image:width\" content=\"800\" \/>\n\t\t<meta property=\"og:image:height\" content=\"530\" \/>\n\t\t<meta property=\"article:published_time\" content=\"2014-01-24T15:02:35+00:00\" \/>\n\t\t<meta property=\"article:modified_time\" content=\"2014-01-24T15:02:35+00:00\" \/>\n\t\t<meta name=\"twitter:card\" content=\"summary_large_image\" \/>\n\t\t<meta name=\"twitter:title\" content=\"Charly Garc\u00eda mejora y se encuentra estable y sin fiebre | El Digital de Asturias\" \/>\n\t\t<meta name=\"twitter:description\" content=\"Buenos Aires, 23 ene (EFE).- El rockero argentino Charly Garc\u00eda mejora y se encuentra &quot;estable, l\u00facido y con par\u00e1metros cardiovasculares normales&quot; y sin fiebre, informaron hoy fuentes m\u00e9dicas. El cantante ingres\u00f3 ayer en una cl\u00ednica de Buenos Aires, donde lleg\u00f3 con un cuadro de fiebres altas que remitieron hoy, seg\u00fan explic\u00f3 la doctora Graciela S\u00e1nchez\" \/>\n\t\t<meta name=\"twitter:image\" content=\"https:\/\/eldigitaldeasturias.com\/magazine365\/wp-content\/uploads\/2014\/01\/5872414w.jpg\" \/>\n\t\t<script type=\"application\/ld+json\" class=\"aioseo-schema\">\n\t\t\t{\"@context\":\"https:\\\/\\\/schema.org\",\"@graph\":[{\"@type\":\"Article\",\"@id\":\"https:\\\/\\\/eldigitaldeasturias.com\\\/magazine365\\\/charly-garcia-mejora-y-se-encuentra-estable-y-sin-fiebre\\\/#article\",\"name\":\"Charly Garc\\u00eda mejora y se encuentra estable y sin fiebre | El Digital de Asturias\",\"headline\":\"Charly Garc\\u00eda mejora y se encuentra estable y sin fiebre\",\"author\":{\"@id\":\"https:\\\/\\\/eldigitaldeasturias.com\\\/magazine365\\\/author\\\/admin\\\/#author\"},\"publisher\":{\"@id\":\"https:\\\/\\\/eldigitaldeasturias.com\\\/magazine365\\\/#organization\"},\"image\":{\"@type\":\"ImageObject\",\"url\":\"https:\\\/\\\/eldigitaldeasturias.com\\\/magazine365\\\/wp-content\\\/uploads\\\/2014\\\/01\\\/5872414w.jpg\",\"width\":800,\"height\":530},\"datePublished\":\"2014-01-24T14:02:35+01:00\",\"dateModified\":\"2014-01-24T14:02:35+01:00\",\"inLanguage\":\"es-ES\",\"mainEntityOfPage\":{\"@id\":\"https:\\\/\\\/eldigitaldeasturias.com\\\/magazine365\\\/charly-garcia-mejora-y-se-encuentra-estable-y-sin-fiebre\\\/#webpage\"},\"isPartOf\":{\"@id\":\"https:\\\/\\\/eldigitaldeasturias.com\\\/magazine365\\\/charly-garcia-mejora-y-se-encuentra-estable-y-sin-fiebre\\\/#webpage\"},\"articleSection\":\"Noticias y Actualidad\"},{\"@type\":\"BreadcrumbList\",\"@id\":\"https:\\\/\\\/eldigitaldeasturias.com\\\/magazine365\\\/charly-garcia-mejora-y-se-encuentra-estable-y-sin-fiebre\\\/#breadcrumblist\",\"itemListElement\":[{\"@type\":\"ListItem\",\"@id\":\"https:\\\/\\\/eldigitaldeasturias.com\\\/magazine365#listItem\",\"position\":1,\"name\":\"Home\",\"item\":\"https:\\\/\\\/eldigitaldeasturias.com\\\/magazine365\",\"nextItem\":{\"@type\":\"ListItem\",\"@id\":\"https:\\\/\\\/eldigitaldeasturias.com\\\/magazine365\\\/category\\\/noticias-actualidad\\\/#listItem\",\"name\":\"Noticias y Actualidad\"}},{\"@type\":\"ListItem\",\"@id\":\"https:\\\/\\\/eldigitaldeasturias.com\\\/magazine365\\\/category\\\/noticias-actualidad\\\/#listItem\",\"position\":2,\"name\":\"Noticias y Actualidad\",\"item\":\"https:\\\/\\\/eldigitaldeasturias.com\\\/magazine365\\\/category\\\/noticias-actualidad\\\/\",\"nextItem\":{\"@type\":\"ListItem\",\"@id\":\"https:\\\/\\\/eldigitaldeasturias.com\\\/magazine365\\\/charly-garcia-mejora-y-se-encuentra-estable-y-sin-fiebre\\\/#listItem\",\"name\":\"Charly Garc\\u00eda mejora y se encuentra estable y sin fiebre\"},\"previousItem\":{\"@type\":\"ListItem\",\"@id\":\"https:\\\/\\\/eldigitaldeasturias.com\\\/magazine365#listItem\",\"name\":\"Home\"}},{\"@type\":\"ListItem\",\"@id\":\"https:\\\/\\\/eldigitaldeasturias.com\\\/magazine365\\\/charly-garcia-mejora-y-se-encuentra-estable-y-sin-fiebre\\\/#listItem\",\"position\":3,\"name\":\"Charly Garc\\u00eda mejora y se encuentra estable y sin fiebre\",\"previousItem\":{\"@type\":\"ListItem\",\"@id\":\"https:\\\/\\\/eldigitaldeasturias.com\\\/magazine365\\\/category\\\/noticias-actualidad\\\/#listItem\",\"name\":\"Noticias y Actualidad\"}}]},{\"@type\":\"Organization\",\"@id\":\"https:\\\/\\\/eldigitaldeasturias.com\\\/magazine365\\\/#organization\",\"name\":\"El digital de Asturias\",\"description\":\"Revista de ocio, turismo y estilo de vida\",\"url\":\"https:\\\/\\\/eldigitaldeasturias.com\\\/magazine365\\\/\",\"logo\":{\"@type\":\"ImageObject\",\"url\":\"https:\\\/\\\/www.eldigitaldeasturias.com\\\/noticias\\\/wp-content\\\/uploads\\\/2020\\\/12\\\/EDA.jpg\",\"@id\":\"https:\\\/\\\/eldigitaldeasturias.com\\\/magazine365\\\/charly-garcia-mejora-y-se-encuentra-estable-y-sin-fiebre\\\/#organizationLogo\"},\"image\":{\"@id\":\"https:\\\/\\\/eldigitaldeasturias.com\\\/magazine365\\\/charly-garcia-mejora-y-se-encuentra-estable-y-sin-fiebre\\\/#organizationLogo\"}},{\"@type\":\"Person\",\"@id\":\"https:\\\/\\\/eldigitaldeasturias.com\\\/magazine365\\\/author\\\/admin\\\/#author\",\"url\":\"https:\\\/\\\/eldigitaldeasturias.com\\\/magazine365\\\/author\\\/admin\\\/\",\"name\":\"admin\",\"image\":{\"@type\":\"ImageObject\",\"@id\":\"https:\\\/\\\/eldigitaldeasturias.com\\\/magazine365\\\/charly-garcia-mejora-y-se-encuentra-estable-y-sin-fiebre\\\/#authorImage\",\"url\":\"https:\\\/\\\/eldigitaldeasturias.com\\\/magazine365\\\/wp-content\\\/litespeed\\\/avatar\\\/e571bcf59a0edd6fa6838245a470f2fe.jpg?ver=1777574230\",\"width\":96,\"height\":96,\"caption\":\"admin\"}},{\"@type\":\"WebPage\",\"@id\":\"https:\\\/\\\/eldigitaldeasturias.com\\\/magazine365\\\/charly-garcia-mejora-y-se-encuentra-estable-y-sin-fiebre\\\/#webpage\",\"url\":\"https:\\\/\\\/eldigitaldeasturias.com\\\/magazine365\\\/charly-garcia-mejora-y-se-encuentra-estable-y-sin-fiebre\\\/\",\"name\":\"Charly Garc\\u00eda mejora y se encuentra estable y sin fiebre | El Digital de Asturias\",\"description\":\"Buenos Aires, 23 ene (EFE).- El rockero argentino Charly Garc\\u00eda mejora y se encuentra \\\"estable, l\\u00facido y con par\\u00e1metros cardiovasculares normales\\\" y sin fiebre, informaron hoy fuentes m\\u00e9dicas. El cantante ingres\\u00f3 ayer en una cl\\u00ednica de Buenos Aires, donde lleg\\u00f3 con un cuadro de fiebres altas que remitieron hoy, seg\\u00fan explic\\u00f3 la doctora Graciela S\\u00e1nchez\",\"inLanguage\":\"es-ES\",\"isPartOf\":{\"@id\":\"https:\\\/\\\/eldigitaldeasturias.com\\\/magazine365\\\/#website\"},\"breadcrumb\":{\"@id\":\"https:\\\/\\\/eldigitaldeasturias.com\\\/magazine365\\\/charly-garcia-mejora-y-se-encuentra-estable-y-sin-fiebre\\\/#breadcrumblist\"},\"author\":{\"@id\":\"https:\\\/\\\/eldigitaldeasturias.com\\\/magazine365\\\/author\\\/admin\\\/#author\"},\"creator\":{\"@id\":\"https:\\\/\\\/eldigitaldeasturias.com\\\/magazine365\\\/author\\\/admin\\\/#author\"},\"image\":{\"@type\":\"ImageObject\",\"url\":\"https:\\\/\\\/eldigitaldeasturias.com\\\/magazine365\\\/wp-content\\\/uploads\\\/2014\\\/01\\\/5872414w.jpg\",\"@id\":\"https:\\\/\\\/eldigitaldeasturias.com\\\/magazine365\\\/charly-garcia-mejora-y-se-encuentra-estable-y-sin-fiebre\\\/#mainImage\",\"width\":800,\"height\":530},\"primaryImageOfPage\":{\"@id\":\"https:\\\/\\\/eldigitaldeasturias.com\\\/magazine365\\\/charly-garcia-mejora-y-se-encuentra-estable-y-sin-fiebre\\\/#mainImage\"},\"datePublished\":\"2014-01-24T14:02:35+01:00\",\"dateModified\":\"2014-01-24T14:02:35+01:00\"},{\"@type\":\"WebSite\",\"@id\":\"https:\\\/\\\/eldigitaldeasturias.com\\\/magazine365\\\/#website\",\"url\":\"https:\\\/\\\/eldigitaldeasturias.com\\\/magazine365\\\/\",\"name\":\"El Digital de Asturias\",\"description\":\"Revista de ocio, turismo y estilo de vida\",\"inLanguage\":\"es-ES\",\"publisher\":{\"@id\":\"https:\\\/\\\/eldigitaldeasturias.com\\\/magazine365\\\/#organization\"}}]}\n\t\t<\/script>\n\t\t<!-- All in One SEO Pro -->\r\n\t\t<title>Charly Garc\u00eda mejora y se encuentra estable y sin fiebre | El Digital de Asturias<\/title>\n\n","aioseo_head_json":{"title":"Charly Garc\u00eda mejora y se encuentra estable y sin fiebre | El Digital de Asturias","description":"Buenos Aires, 23 ene (EFE).- El rockero argentino Charly Garc\u00eda mejora y se encuentra \"estable, l\u00facido y con par\u00e1metros cardiovasculares normales\" y sin fiebre, informaron hoy fuentes m\u00e9dicas. El cantante ingres\u00f3 ayer en una cl\u00ednica de Buenos Aires, donde lleg\u00f3 con un cuadro de fiebres altas que remitieron hoy, seg\u00fan explic\u00f3 la doctora Graciela S\u00e1nchez","canonical_url":"https:\/\/eldigitaldeasturias.com\/magazine365\/charly-garcia-mejora-y-se-encuentra-estable-y-sin-fiebre\/","robots":"max-image-preview:large","keywords":"noticias y actualidad","webmasterTools":{"google-site-verification":"UA-38556648-1","miscellaneous":""},"schema":{"@context":"https:\/\/schema.org","@graph":[{"@type":"Article","@id":"https:\/\/eldigitaldeasturias.com\/magazine365\/charly-garcia-mejora-y-se-encuentra-estable-y-sin-fiebre\/#article","name":"Charly Garc\u00eda mejora y se encuentra estable y sin fiebre | El Digital de Asturias","headline":"Charly Garc\u00eda mejora y se encuentra estable y sin fiebre","author":{"@id":"https:\/\/eldigitaldeasturias.com\/magazine365\/author\/admin\/#author"},"publisher":{"@id":"https:\/\/eldigitaldeasturias.com\/magazine365\/#organization"},"image":{"@type":"ImageObject","url":"https:\/\/eldigitaldeasturias.com\/magazine365\/wp-content\/uploads\/2014\/01\/5872414w.jpg","width":800,"height":530},"datePublished":"2014-01-24T14:02:35+01:00","dateModified":"2014-01-24T14:02:35+01:00","inLanguage":"es-ES","mainEntityOfPage":{"@id":"https:\/\/eldigitaldeasturias.com\/magazine365\/charly-garcia-mejora-y-se-encuentra-estable-y-sin-fiebre\/#webpage"},"isPartOf":{"@id":"https:\/\/eldigitaldeasturias.com\/magazine365\/charly-garcia-mejora-y-se-encuentra-estable-y-sin-fiebre\/#webpage"},"articleSection":"Noticias y Actualidad"},{"@type":"BreadcrumbList","@id":"https:\/\/eldigitaldeasturias.com\/magazine365\/charly-garcia-mejora-y-se-encuentra-estable-y-sin-fiebre\/#breadcrumblist","itemListElement":[{"@type":"ListItem","@id":"https:\/\/eldigitaldeasturias.com\/magazine365#listItem","position":1,"name":"Home","item":"https:\/\/eldigitaldeasturias.com\/magazine365","nextItem":{"@type":"ListItem","@id":"https:\/\/eldigitaldeasturias.com\/magazine365\/category\/noticias-actualidad\/#listItem","name":"Noticias y Actualidad"}},{"@type":"ListItem","@id":"https:\/\/eldigitaldeasturias.com\/magazine365\/category\/noticias-actualidad\/#listItem","position":2,"name":"Noticias y Actualidad","item":"https:\/\/eldigitaldeasturias.com\/magazine365\/category\/noticias-actualidad\/","nextItem":{"@type":"ListItem","@id":"https:\/\/eldigitaldeasturias.com\/magazine365\/charly-garcia-mejora-y-se-encuentra-estable-y-sin-fiebre\/#listItem","name":"Charly Garc\u00eda mejora y se encuentra estable y sin fiebre"},"previousItem":{"@type":"ListItem","@id":"https:\/\/eldigitaldeasturias.com\/magazine365#listItem","name":"Home"}},{"@type":"ListItem","@id":"https:\/\/eldigitaldeasturias.com\/magazine365\/charly-garcia-mejora-y-se-encuentra-estable-y-sin-fiebre\/#listItem","position":3,"name":"Charly Garc\u00eda mejora y se encuentra estable y sin fiebre","previousItem":{"@type":"ListItem","@id":"https:\/\/eldigitaldeasturias.com\/magazine365\/category\/noticias-actualidad\/#listItem","name":"Noticias y Actualidad"}}]},{"@type":"Organization","@id":"https:\/\/eldigitaldeasturias.com\/magazine365\/#organization","name":"El digital de Asturias","description":"Revista de ocio, turismo y estilo de vida","url":"https:\/\/eldigitaldeasturias.com\/magazine365\/","logo":{"@type":"ImageObject","url":"https:\/\/www.eldigitaldeasturias.com\/noticias\/wp-content\/uploads\/2020\/12\/EDA.jpg","@id":"https:\/\/eldigitaldeasturias.com\/magazine365\/charly-garcia-mejora-y-se-encuentra-estable-y-sin-fiebre\/#organizationLogo"},"image":{"@id":"https:\/\/eldigitaldeasturias.com\/magazine365\/charly-garcia-mejora-y-se-encuentra-estable-y-sin-fiebre\/#organizationLogo"}},{"@type":"Person","@id":"https:\/\/eldigitaldeasturias.com\/magazine365\/author\/admin\/#author","url":"https:\/\/eldigitaldeasturias.com\/magazine365\/author\/admin\/","name":"admin","image":{"@type":"ImageObject","@id":"https:\/\/eldigitaldeasturias.com\/magazine365\/charly-garcia-mejora-y-se-encuentra-estable-y-sin-fiebre\/#authorImage","url":"https:\/\/eldigitaldeasturias.com\/magazine365\/wp-content\/litespeed\/avatar\/e571bcf59a0edd6fa6838245a470f2fe.jpg?ver=1777574230","width":96,"height":96,"caption":"admin"}},{"@type":"WebPage","@id":"https:\/\/eldigitaldeasturias.com\/magazine365\/charly-garcia-mejora-y-se-encuentra-estable-y-sin-fiebre\/#webpage","url":"https:\/\/eldigitaldeasturias.com\/magazine365\/charly-garcia-mejora-y-se-encuentra-estable-y-sin-fiebre\/","name":"Charly Garc\u00eda mejora y se encuentra estable y sin fiebre | El Digital de Asturias","description":"Buenos Aires, 23 ene (EFE).- El rockero argentino Charly Garc\u00eda mejora y se encuentra \"estable, l\u00facido y con par\u00e1metros cardiovasculares normales\" y sin fiebre, informaron hoy fuentes m\u00e9dicas. El cantante ingres\u00f3 ayer en una cl\u00ednica de Buenos Aires, donde lleg\u00f3 con un cuadro de fiebres altas que remitieron hoy, seg\u00fan explic\u00f3 la doctora Graciela S\u00e1nchez","inLanguage":"es-ES","isPartOf":{"@id":"https:\/\/eldigitaldeasturias.com\/magazine365\/#website"},"breadcrumb":{"@id":"https:\/\/eldigitaldeasturias.com\/magazine365\/charly-garcia-mejora-y-se-encuentra-estable-y-sin-fiebre\/#breadcrumblist"},"author":{"@id":"https:\/\/eldigitaldeasturias.com\/magazine365\/author\/admin\/#author"},"creator":{"@id":"https:\/\/eldigitaldeasturias.com\/magazine365\/author\/admin\/#author"},"image":{"@type":"ImageObject","url":"https:\/\/eldigitaldeasturias.com\/magazine365\/wp-content\/uploads\/2014\/01\/5872414w.jpg","@id":"https:\/\/eldigitaldeasturias.com\/magazine365\/charly-garcia-mejora-y-se-encuentra-estable-y-sin-fiebre\/#mainImage","width":800,"height":530},"primaryImageOfPage":{"@id":"https:\/\/eldigitaldeasturias.com\/magazine365\/charly-garcia-mejora-y-se-encuentra-estable-y-sin-fiebre\/#mainImage"},"datePublished":"2014-01-24T14:02:35+01:00","dateModified":"2014-01-24T14:02:35+01:00"},{"@type":"WebSite","@id":"https:\/\/eldigitaldeasturias.com\/magazine365\/#website","url":"https:\/\/eldigitaldeasturias.com\/magazine365\/","name":"El Digital de Asturias","description":"Revista de ocio, turismo y estilo de vida","inLanguage":"es-ES","publisher":{"@id":"https:\/\/eldigitaldeasturias.com\/magazine365\/#organization"}}]},"og:locale":"es_ES","og:site_name":"El Digital de Asturias \u2013 Revista de ocio, turismo y estilo de vida","og:type":"article","og:title":"Charly Garc\u00eda mejora y se encuentra estable y sin fiebre | El Digital de Asturias","og:description":"Buenos Aires, 23 ene (EFE).- El rockero argentino Charly Garc\u00eda mejora y se encuentra &quot;estable, l\u00facido y con par\u00e1metros cardiovasculares normales&quot; y sin fiebre, informaron hoy fuentes m\u00e9dicas. El cantante ingres\u00f3 ayer en una cl\u00ednica de Buenos Aires, donde lleg\u00f3 con un cuadro de fiebres altas que remitieron hoy, seg\u00fan explic\u00f3 la doctora Graciela S\u00e1nchez","og:url":"https:\/\/eldigitaldeasturias.com\/magazine365\/charly-garcia-mejora-y-se-encuentra-estable-y-sin-fiebre\/","og:image":"https:\/\/eldigitaldeasturias.com\/magazine365\/wp-content\/uploads\/2014\/01\/5872414w.jpg","og:image:secure_url":"https:\/\/eldigitaldeasturias.com\/magazine365\/wp-content\/uploads\/2014\/01\/5872414w.jpg","og:image:width":800,"og:image:height":530,"article:published_time":"2014-01-24T15:02:35+00:00","article:modified_time":"2014-01-24T15:02:35+00:00","twitter:card":"summary_large_image","twitter:title":"Charly Garc\u00eda mejora y se encuentra estable y sin fiebre | El Digital de Asturias","twitter:description":"Buenos Aires, 23 ene (EFE).- El rockero argentino Charly Garc\u00eda mejora y se encuentra &quot;estable, l\u00facido y con par\u00e1metros cardiovasculares normales&quot; y sin fiebre, informaron hoy fuentes m\u00e9dicas. El cantante ingres\u00f3 ayer en una cl\u00ednica de Buenos Aires, donde lleg\u00f3 con un cuadro de fiebres altas que remitieron hoy, seg\u00fan explic\u00f3 la doctora Graciela S\u00e1nchez","twitter:image":"https:\/\/eldigitaldeasturias.com\/magazine365\/wp-content\/uploads\/2014\/01\/5872414w.jpg"},"aioseo_meta_data":{"post_id":"1774","title":null,"description":null,"keywords":null,"keyphrases":null,"primary_term":null,"canonical_url":null,"og_title":null,"og_description":null,"og_object_type":"default","og_image_type":"default","og_image_url":null,"og_image_width":null,"og_image_height":null,"og_image_custom_url":null,"og_image_custom_fields":null,"og_video":null,"og_custom_url":null,"og_article_section":null,"og_article_tags":null,"twitter_use_og":false,"twitter_card":"default","twitter_image_type":"default","twitter_image_url":null,"twitter_image_custom_url":null,"twitter_image_custom_fields":null,"twitter_title":null,"twitter_description":null,"schema":{"blockGraphs":[],"customGraphs":[],"default":{"data":{"Article":[],"Course":[],"Dataset":[],"FAQPage":[],"Movie":[],"Person":[],"Product":[],"ProductReview":[],"Car":[],"Recipe":[],"Service":[],"SoftwareApplication":[],"WebPage":[]},"graphName":"","isEnabled":true},"graphs":[],"defaultGraph":"","defaultPostTypeGraph":""},"schema_type":null,"schema_type_options":null,"pillar_content":false,"robots_default":true,"robots_noindex":false,"robots_noarchive":false,"robots_nosnippet":false,"robots_nofollow":false,"robots_noimageindex":false,"robots_noodp":false,"robots_notranslate":false,"robots_max_snippet":null,"robots_max_videopreview":null,"robots_max_imagepreview":"large","priority":null,"frequency":null,"location":null,"local_seo":null,"seo_analyzer_scan_date":"2025-09-16 10:00:44","breadcrumb_settings":null,"limit_modified_date":false,"open_ai":null,"ai":null,"created":"2020-12-21 13:40:26","updated":"2025-09-16 10:00:44"},"aioseo_breadcrumb":"<div class=\"aioseo-breadcrumbs\"><span class=\"aioseo-breadcrumb\">\n\t<a href=\"https:\/\/eldigitaldeasturias.com\/magazine365\" title=\"Home\">Home<\/a>\n<\/span><span class=\"aioseo-breadcrumb-separator\">\u2013<\/span><span class=\"aioseo-breadcrumb\">\n\t<a href=\"https:\/\/eldigitaldeasturias.com\/magazine365\/category\/noticias-actualidad\/\" title=\"Noticias y Actualidad\">Noticias y Actualidad<\/a>\n<\/span><span class=\"aioseo-breadcrumb-separator\">\u2013<\/span><span class=\"aioseo-breadcrumb\">\n\t<a href=\"https:\/\/eldigitaldeasturias.com\/magazine365\/charly-garcia-mejora-y-se-encuentra-estable-y-sin-fiebre\/\" title=\"Charly Garc\u00eda mejora y se encuentra estable y sin fiebre\">Charly Garc\u00eda mejora y se encuentra estable y sin fiebre<\/a>\n<\/span><\/div>","aioseo_breadcrumb_json":[{"label":"Home","link":"https:\/\/eldigitaldeasturias.com\/magazine365"},{"label":"Noticias y Actualidad","link":"https:\/\/eldigitaldeasturias.com\/magazine365\/category\/noticias-actualidad\/"},{"label":"Charly Garc\u00eda mejora y se encuentra estable y sin fiebre","link":"https:\/\/eldigitaldeasturias.com\/magazine365\/charly-garcia-mejora-y-se-encuentra-estable-y-sin-fiebre\/"}],"_links":{"self":[{"href":"https:\/\/eldigitaldeasturias.com\/magazine365\/wp-json\/wp\/v2\/posts\/1774","targetHints":{"allow":["GET"]}}],"collection":[{"href":"https:\/\/eldigitaldeasturias.com\/magazine365\/wp-json\/wp\/v2\/posts"}],"about":[{"href":"https:\/\/eldigitaldeasturias.com\/magazine365\/wp-json\/wp\/v2\/types\/post"}],"author":[{"embeddable":true,"href":"https:\/\/eldigitaldeasturias.com\/magazine365\/wp-json\/wp\/v2\/users\/1"}],"replies":[{"embeddable":true,"href":"https:\/\/eldigitaldeasturias.com\/magazine365\/wp-json\/wp\/v2\/comments?post=1774"}],"version-history":[{"count":0,"href":"https:\/\/eldigitaldeasturias.com\/magazine365\/wp-json\/wp\/v2\/posts\/1774\/revisions"}],"wp:featuredmedia":[{"embeddable":true,"href":"https:\/\/eldigitaldeasturias.com\/magazine365\/wp-json\/wp\/v2\/media\/1775"}],"wp:attachment":[{"href":"https:\/\/eldigitaldeasturias.com\/magazine365\/wp-json\/wp\/v2\/media?parent=1774"}],"wp:term":[{"taxonomy":"category","embeddable":true,"href":"https:\/\/eldigitaldeasturias.com\/magazine365\/wp-json\/wp\/v2\/categories?post=1774"},{"taxonomy":"post_tag","embeddable":true,"href":"https:\/\/eldigitaldeasturias.com\/magazine365\/wp-json\/wp\/v2\/tags?post=1774"}],"curies":[{"name":"wp","href":"https:\/\/api.w.org\/{rel}","templated":true}]}}