{"id":1748,"date":"2014-01-23T20:19:44","date_gmt":"2014-01-23T21:19:44","guid":{"rendered":"http:\/\/eldigitaldeasturias.com\/magazine365\/?p=1748"},"modified":"2014-01-23T20:20:15","modified_gmt":"2014-01-23T21:20:15","slug":"los-vinos-de-jerez-revalidan-su-sobresaliente-y-van-a-mas","status":"publish","type":"post","link":"https:\/\/eldigitaldeasturias.com\/magazine365\/los-vinos-de-jerez-revalidan-su-sobresaliente-y-van-a-mas\/","title":{"rendered":"Los vinos de Jerez revalidan su \u00absobresaliente\u00bb y \u00abvan a m\u00e1s\u00bb"},"content":{"rendered":"<p><img fetchpriority=\"high\" decoding=\"async\" class=\"alignleft size-medium wp-image-1749\" alt=\"5871895w\" src=\"https:\/\/eldigitaldeasturias.com\/magazine365\/wp-content\/uploads\/2014\/01\/5871895w-360x237.jpg\" width=\"360\" height=\"237\" srcset=\"https:\/\/eldigitaldeasturias.com\/magazine365\/wp-content\/uploads\/2014\/01\/5871895w-360x237.jpg 360w, https:\/\/eldigitaldeasturias.com\/magazine365\/wp-content\/uploads\/2014\/01\/5871895w-650x428.jpg 650w, https:\/\/eldigitaldeasturias.com\/magazine365\/wp-content\/uploads\/2014\/01\/5871895w-768x506.jpg 768w, https:\/\/eldigitaldeasturias.com\/magazine365\/wp-content\/uploads\/2014\/01\/5871895w-150x99.jpg 150w, https:\/\/eldigitaldeasturias.com\/magazine365\/wp-content\/uploads\/2014\/01\/5871895w-450x296.jpg 450w, https:\/\/eldigitaldeasturias.com\/magazine365\/wp-content\/uploads\/2014\/01\/5871895w-696x458.jpg 696w, https:\/\/eldigitaldeasturias.com\/magazine365\/wp-content\/uploads\/2014\/01\/5871895w-741x486.jpg 741w, https:\/\/eldigitaldeasturias.com\/magazine365\/wp-content\/uploads\/2014\/01\/5871895w-638x420.jpg 638w, https:\/\/eldigitaldeasturias.com\/magazine365\/wp-content\/uploads\/2014\/01\/5871895w-84x55.jpg 84w, https:\/\/eldigitaldeasturias.com\/magazine365\/wp-content\/uploads\/2014\/01\/5871895w.jpg 800w\" sizes=\"(max-width: 360px) 100vw, 360px\" \/>Jerez de la Frontera (C\u00e1diz), 23 ene (EFE).- Los vinos de Jerez han vuelto a obtener un sobresaliente, y alto, en las catas que el equipo de la Gu\u00eda Pe\u00f1\u00edn ha emprendido en la ciudad gaditana para su pr\u00f3xima edici\u00f3n y que, en los pr\u00f3ximos meses, recorrer\u00e1 toda la geograf\u00eda espa\u00f1ola para probar m\u00e1s de 10.000 caldos nacionales.<\/p>\n<p>\u00abComo siempre ha sido una cata espectacular, las puntuaciones de los vinos de Jerez son las m\u00e1s altas de toda Espa\u00f1a\u00bb, ha explicado a Efe Carlos Gonz\u00e1lez, director de Gu\u00eda Pe\u00f1\u00edn y uno de los tres catadores que participa en esta peculiar ruta para elaborar la edici\u00f3n que servir\u00e1 de manual de los vinos espa\u00f1oles del 2015.<\/p>\n<p>En sus 25 a\u00f1os, la Gu\u00eda Pe\u00f1\u00edn se ha convertido en un referente de los vinos espa\u00f1oles a nivel nacional e internacional y, seg\u00fan sus responsables, en una de las m\u00e1s influyentes para la comercializaci\u00f3n de los vinos espa\u00f1oles en el mundo.<\/p>\n<p>Con una edici\u00f3n en espa\u00f1ol de 10.000 ejemplares y otras dos en ingl\u00e9s y alem\u00e1n de 5.000 cada uno de ellos, adem\u00e1s de la versi\u00f3n digital, la Gu\u00eda Pe\u00f1\u00edn se distribuye en m\u00e1s de 20 pa\u00edses, en los que sirve como manual para aficionados y profesionales.<\/p>\n<p>En la sede del Consejo Regulador del Marco de Jerez, el equipo ha estado dos d\u00edas y ha probado 200 vinos.<\/p>\n<p>El equipo de la Gu\u00eda asegura que los vinos de Jerez han obtenido en esta ocasi\u00f3n una puntuaci\u00f3n \u00aba\u00fan m\u00e1s alta\u00bb que el a\u00f1o pasado, cuando su media fue de 91 puntos, dentro de un sistema americano que punt\u00faa del 50 al 100, lo que, trasladado a las notas escolares, supone todo un sobresaliente, seg\u00fan explica el director de la Gu\u00eda.<\/p>\n<p>El equipo, formado por tres catadores, explica que los vinos de Jerez han mostrado \u00abun nivel alt\u00edsimo\u00bb en todas sus tipolog\u00edas y variedades.<\/p>\n<p>\u00abVan a m\u00e1s cada vez y cada vez hay m\u00e1s referencias\u00bb, asegura Carlos Gonz\u00e1lez, que destaca c\u00f3mo ha crecido el n\u00famero de VOS y VORS, los \u00abVery Old Sherry\u00bb que pueden tener hasta 30 a\u00f1os y la calidad que han alcanzado finos y manzanillas envejecidos.<\/p>\n<p>Realizar estas catas es un trabajo que requiere \u00abseriedad y profesionalidad\u00bb y sobre, todo, mucha memoria \u00abpara retener los aromas y descriptores de cada vino y poder as\u00ed puntuarlos y compararlos\u00bb, seg\u00fan explica Javier Luengo, otro de los catadores y responsables de la edici\u00f3n.<\/p>\n<p>La primera lecci\u00f3n que da es que con los vinos \u00abel primer impacto es decisivo\u00bb. \u00abEs como cuando entras en una casa, nada mas entrar percibes todos los olores y cuanto m\u00e1s tiempo pasas en ella, m\u00e1s anestesiado est\u00e1s para distinguir esos aromas\u00bb, apunta.<\/p>\n<p>Mirar sus tonos, dando vueltas al vino; olerlos metiendo en la copa la nariz sin tapujos y hacer una suerte de \u00abg\u00e1rgara\u00bb con un trago, son las tres fases de que consta una cata, un ejercicio que toma poco m\u00e1s de un minuto y del que se extrae toda la informaci\u00f3n que se vuelca en el ordenador y que sirve para puntuarlos, describirlos y compararlos.<\/p>\n<p>El \u00faltimo paso es escupir el trago, la \u00fanica f\u00f3rmula que puede hacer que un catador que ha probado 200 tragos de vinos diferentes en dos d\u00edas siga en pie.<\/p>\n<p>La cata en Jerez ha sido el primer paso de una ruta que se prolongar\u00e1 durante siete meses y se extender\u00e1 por todas la regiones vitivin\u00edcolas espa\u00f1olas.<\/p>\n<p>La pr\u00f3xima parada ser\u00e1 el Consejo Regulador de la Denominaci\u00f3n de Origen Cava en Villafranca del Pened\u00e9s los \u00faltimos d\u00edas de enero.<\/p>\n<p>La primera edici\u00f3n de la Gu\u00eda de Vinos y Bodegas de Espa\u00f1a sali\u00f3 en 1990 e inclu\u00eda unos 4.000 vinos catados de unas 1.200 bodegas espa\u00f1olas, en una \u00e9poca en la que s\u00f3lo exist\u00edan 39 denominaciones de origen reconocidas.<\/p>\n<p>Actualmente, supera los 10.000 vinos de 2.137 bodegas y 135 zonas elaboradoras (denominaciones de origen, Vinos de la Tierra, Vinos de Pago, Vinos de Calidad, Vinos de Mesa).<\/p>\n<p>En la edici\u00f3n del a\u00f1o pasado la denominaci\u00f3n de origen con m\u00e1s vinos catados fue la de la Rioja, con 1321 caldos, seguida de Ribera del Duero, con 755 referencias, y Cava, con 719.<\/p>\n","protected":false},"excerpt":{"rendered":"<p>Jerez de la Frontera (C\u00e1diz), 23 ene (EFE).- Los vinos de Jerez han vuelto a obtener un sobresaliente, y alto, en las catas que el equipo de la Gu\u00eda Pe\u00f1\u00edn ha emprendido en la ciudad gaditana para su pr\u00f3xima edici\u00f3n y que, en los pr\u00f3ximos meses, recorrer\u00e1 toda la geograf\u00eda espa\u00f1ola para probar m\u00e1s de<\/p>\n","protected":false},"author":1,"featured_media":1749,"comment_status":"open","ping_status":"open","sticky":false,"template":"","format":"standard","meta":{"footnotes":""},"categories":[224],"tags":[],"class_list":{"0":"post-1748","1":"post","2":"type-post","3":"status-publish","4":"format-standard","5":"has-post-thumbnail","7":"category-noticias-actualidad"},"aioseo_notices":[],"aioseo_head":"\n\t\t<!-- All in One SEO Pro 4.9.6.1 - aioseo.com -->\n\t<meta name=\"description\" content=\"Jerez de la Frontera (C\u00e1diz), 23 ene (EFE).- Los vinos de Jerez han vuelto a obtener un sobresaliente, y alto, en las catas que el equipo de la Gu\u00eda Pe\u00f1\u00edn ha emprendido en la ciudad gaditana para su pr\u00f3xima edici\u00f3n y que, en los pr\u00f3ximos meses, recorrer\u00e1 toda la geograf\u00eda espa\u00f1ola para probar m\u00e1s de\" \/>\n\t<meta name=\"robots\" content=\"max-image-preview:large\" \/>\n\t<meta name=\"author\" content=\"admin\"\/>\n\t<meta name=\"google-site-verification\" content=\"UA-38556648-1\" \/>\n\t<meta name=\"keywords\" content=\"noticias y actualidad\" \/>\n\t<link rel=\"canonical\" href=\"https:\/\/eldigitaldeasturias.com\/magazine365\/los-vinos-de-jerez-revalidan-su-sobresaliente-y-van-a-mas\/\" \/>\n\t<meta name=\"generator\" content=\"All in One SEO Pro (AIOSEO) 4.9.6.1\" \/>\n\t\t<meta property=\"og:locale\" content=\"es_ES\" \/>\n\t\t<meta property=\"og:site_name\" content=\"El Digital de Asturias \u2013 Revista de ocio, turismo y estilo de vida\" \/>\n\t\t<meta property=\"og:type\" content=\"article\" \/>\n\t\t<meta property=\"og:title\" content=\"Los vinos de Jerez revalidan su \u00absobresaliente\u00bb y \u00abvan a m\u00e1s\u00bb | El Digital de Asturias\" \/>\n\t\t<meta property=\"og:description\" content=\"Jerez de la Frontera (C\u00e1diz), 23 ene (EFE).- Los vinos de Jerez han vuelto a obtener un sobresaliente, y alto, en las catas que el equipo de la Gu\u00eda Pe\u00f1\u00edn ha emprendido en la ciudad gaditana para su pr\u00f3xima edici\u00f3n y que, en los pr\u00f3ximos meses, recorrer\u00e1 toda la geograf\u00eda espa\u00f1ola para probar m\u00e1s de\" \/>\n\t\t<meta property=\"og:url\" content=\"https:\/\/eldigitaldeasturias.com\/magazine365\/los-vinos-de-jerez-revalidan-su-sobresaliente-y-van-a-mas\/\" \/>\n\t\t<meta property=\"og:image\" content=\"https:\/\/eldigitaldeasturias.com\/magazine365\/wp-content\/uploads\/2014\/01\/5871895w.jpg\" \/>\n\t\t<meta property=\"og:image:secure_url\" content=\"https:\/\/eldigitaldeasturias.com\/magazine365\/wp-content\/uploads\/2014\/01\/5871895w.jpg\" \/>\n\t\t<meta property=\"og:image:width\" content=\"800\" \/>\n\t\t<meta property=\"og:image:height\" content=\"527\" \/>\n\t\t<meta property=\"article:published_time\" content=\"2014-01-23T21:19:44+00:00\" \/>\n\t\t<meta property=\"article:modified_time\" content=\"2014-01-23T21:20:15+00:00\" \/>\n\t\t<meta name=\"twitter:card\" content=\"summary_large_image\" \/>\n\t\t<meta name=\"twitter:title\" content=\"Los vinos de Jerez revalidan su \u00absobresaliente\u00bb y \u00abvan a m\u00e1s\u00bb | El Digital de Asturias\" \/>\n\t\t<meta name=\"twitter:description\" content=\"Jerez de la Frontera (C\u00e1diz), 23 ene (EFE).- Los vinos de Jerez han vuelto a obtener un sobresaliente, y alto, en las catas que el equipo de la Gu\u00eda Pe\u00f1\u00edn ha emprendido en la ciudad gaditana para su pr\u00f3xima edici\u00f3n y que, en los pr\u00f3ximos meses, recorrer\u00e1 toda la geograf\u00eda espa\u00f1ola para probar m\u00e1s de\" \/>\n\t\t<meta name=\"twitter:image\" content=\"https:\/\/eldigitaldeasturias.com\/magazine365\/wp-content\/uploads\/2014\/01\/5871895w.jpg\" \/>\n\t\t<script type=\"application\/ld+json\" class=\"aioseo-schema\">\n\t\t\t{\"@context\":\"https:\\\/\\\/schema.org\",\"@graph\":[{\"@type\":\"Article\",\"@id\":\"https:\\\/\\\/eldigitaldeasturias.com\\\/magazine365\\\/los-vinos-de-jerez-revalidan-su-sobresaliente-y-van-a-mas\\\/#article\",\"name\":\"Los vinos de Jerez revalidan su \\u00absobresaliente\\u00bb y \\u00abvan a m\\u00e1s\\u00bb | El Digital de Asturias\",\"headline\":\"Los vinos de Jerez revalidan su \\u00absobresaliente\\u00bb y \\u00abvan a m\\u00e1s\\u00bb\",\"author\":{\"@id\":\"https:\\\/\\\/eldigitaldeasturias.com\\\/magazine365\\\/author\\\/admin\\\/#author\"},\"publisher\":{\"@id\":\"https:\\\/\\\/eldigitaldeasturias.com\\\/magazine365\\\/#organization\"},\"image\":{\"@type\":\"ImageObject\",\"url\":\"https:\\\/\\\/eldigitaldeasturias.com\\\/magazine365\\\/wp-content\\\/uploads\\\/2014\\\/01\\\/5871895w.jpg\",\"width\":800,\"height\":527},\"datePublished\":\"2014-01-23T20:19:44+01:00\",\"dateModified\":\"2014-01-23T20:20:15+01:00\",\"inLanguage\":\"es-ES\",\"mainEntityOfPage\":{\"@id\":\"https:\\\/\\\/eldigitaldeasturias.com\\\/magazine365\\\/los-vinos-de-jerez-revalidan-su-sobresaliente-y-van-a-mas\\\/#webpage\"},\"isPartOf\":{\"@id\":\"https:\\\/\\\/eldigitaldeasturias.com\\\/magazine365\\\/los-vinos-de-jerez-revalidan-su-sobresaliente-y-van-a-mas\\\/#webpage\"},\"articleSection\":\"Noticias y Actualidad\"},{\"@type\":\"BreadcrumbList\",\"@id\":\"https:\\\/\\\/eldigitaldeasturias.com\\\/magazine365\\\/los-vinos-de-jerez-revalidan-su-sobresaliente-y-van-a-mas\\\/#breadcrumblist\",\"itemListElement\":[{\"@type\":\"ListItem\",\"@id\":\"https:\\\/\\\/eldigitaldeasturias.com\\\/magazine365#listItem\",\"position\":1,\"name\":\"Home\",\"item\":\"https:\\\/\\\/eldigitaldeasturias.com\\\/magazine365\",\"nextItem\":{\"@type\":\"ListItem\",\"@id\":\"https:\\\/\\\/eldigitaldeasturias.com\\\/magazine365\\\/category\\\/noticias-actualidad\\\/#listItem\",\"name\":\"Noticias y Actualidad\"}},{\"@type\":\"ListItem\",\"@id\":\"https:\\\/\\\/eldigitaldeasturias.com\\\/magazine365\\\/category\\\/noticias-actualidad\\\/#listItem\",\"position\":2,\"name\":\"Noticias y Actualidad\",\"item\":\"https:\\\/\\\/eldigitaldeasturias.com\\\/magazine365\\\/category\\\/noticias-actualidad\\\/\",\"nextItem\":{\"@type\":\"ListItem\",\"@id\":\"https:\\\/\\\/eldigitaldeasturias.com\\\/magazine365\\\/los-vinos-de-jerez-revalidan-su-sobresaliente-y-van-a-mas\\\/#listItem\",\"name\":\"Los vinos de Jerez revalidan su \\u00absobresaliente\\u00bb y \\u00abvan a m\\u00e1s\\u00bb\"},\"previousItem\":{\"@type\":\"ListItem\",\"@id\":\"https:\\\/\\\/eldigitaldeasturias.com\\\/magazine365#listItem\",\"name\":\"Home\"}},{\"@type\":\"ListItem\",\"@id\":\"https:\\\/\\\/eldigitaldeasturias.com\\\/magazine365\\\/los-vinos-de-jerez-revalidan-su-sobresaliente-y-van-a-mas\\\/#listItem\",\"position\":3,\"name\":\"Los vinos de Jerez revalidan su \\u00absobresaliente\\u00bb y \\u00abvan a m\\u00e1s\\u00bb\",\"previousItem\":{\"@type\":\"ListItem\",\"@id\":\"https:\\\/\\\/eldigitaldeasturias.com\\\/magazine365\\\/category\\\/noticias-actualidad\\\/#listItem\",\"name\":\"Noticias y Actualidad\"}}]},{\"@type\":\"Organization\",\"@id\":\"https:\\\/\\\/eldigitaldeasturias.com\\\/magazine365\\\/#organization\",\"name\":\"El digital de Asturias\",\"description\":\"Revista de ocio, turismo y estilo de vida\",\"url\":\"https:\\\/\\\/eldigitaldeasturias.com\\\/magazine365\\\/\",\"logo\":{\"@type\":\"ImageObject\",\"url\":\"https:\\\/\\\/www.eldigitaldeasturias.com\\\/noticias\\\/wp-content\\\/uploads\\\/2020\\\/12\\\/EDA.jpg\",\"@id\":\"https:\\\/\\\/eldigitaldeasturias.com\\\/magazine365\\\/los-vinos-de-jerez-revalidan-su-sobresaliente-y-van-a-mas\\\/#organizationLogo\"},\"image\":{\"@id\":\"https:\\\/\\\/eldigitaldeasturias.com\\\/magazine365\\\/los-vinos-de-jerez-revalidan-su-sobresaliente-y-van-a-mas\\\/#organizationLogo\"}},{\"@type\":\"Person\",\"@id\":\"https:\\\/\\\/eldigitaldeasturias.com\\\/magazine365\\\/author\\\/admin\\\/#author\",\"url\":\"https:\\\/\\\/eldigitaldeasturias.com\\\/magazine365\\\/author\\\/admin\\\/\",\"name\":\"admin\",\"image\":{\"@type\":\"ImageObject\",\"@id\":\"https:\\\/\\\/eldigitaldeasturias.com\\\/magazine365\\\/los-vinos-de-jerez-revalidan-su-sobresaliente-y-van-a-mas\\\/#authorImage\",\"url\":\"https:\\\/\\\/eldigitaldeasturias.com\\\/magazine365\\\/wp-content\\\/litespeed\\\/avatar\\\/e571bcf59a0edd6fa6838245a470f2fe.jpg?ver=1777574230\",\"width\":96,\"height\":96,\"caption\":\"admin\"}},{\"@type\":\"WebPage\",\"@id\":\"https:\\\/\\\/eldigitaldeasturias.com\\\/magazine365\\\/los-vinos-de-jerez-revalidan-su-sobresaliente-y-van-a-mas\\\/#webpage\",\"url\":\"https:\\\/\\\/eldigitaldeasturias.com\\\/magazine365\\\/los-vinos-de-jerez-revalidan-su-sobresaliente-y-van-a-mas\\\/\",\"name\":\"Los vinos de Jerez revalidan su \\u00absobresaliente\\u00bb y \\u00abvan a m\\u00e1s\\u00bb | El Digital de Asturias\",\"description\":\"Jerez de la Frontera (C\\u00e1diz), 23 ene (EFE).- Los vinos de Jerez han vuelto a obtener un sobresaliente, y alto, en las catas que el equipo de la Gu\\u00eda Pe\\u00f1\\u00edn ha emprendido en la ciudad gaditana para su pr\\u00f3xima edici\\u00f3n y que, en los pr\\u00f3ximos meses, recorrer\\u00e1 toda la geograf\\u00eda espa\\u00f1ola para probar m\\u00e1s de\",\"inLanguage\":\"es-ES\",\"isPartOf\":{\"@id\":\"https:\\\/\\\/eldigitaldeasturias.com\\\/magazine365\\\/#website\"},\"breadcrumb\":{\"@id\":\"https:\\\/\\\/eldigitaldeasturias.com\\\/magazine365\\\/los-vinos-de-jerez-revalidan-su-sobresaliente-y-van-a-mas\\\/#breadcrumblist\"},\"author\":{\"@id\":\"https:\\\/\\\/eldigitaldeasturias.com\\\/magazine365\\\/author\\\/admin\\\/#author\"},\"creator\":{\"@id\":\"https:\\\/\\\/eldigitaldeasturias.com\\\/magazine365\\\/author\\\/admin\\\/#author\"},\"image\":{\"@type\":\"ImageObject\",\"url\":\"https:\\\/\\\/eldigitaldeasturias.com\\\/magazine365\\\/wp-content\\\/uploads\\\/2014\\\/01\\\/5871895w.jpg\",\"@id\":\"https:\\\/\\\/eldigitaldeasturias.com\\\/magazine365\\\/los-vinos-de-jerez-revalidan-su-sobresaliente-y-van-a-mas\\\/#mainImage\",\"width\":800,\"height\":527},\"primaryImageOfPage\":{\"@id\":\"https:\\\/\\\/eldigitaldeasturias.com\\\/magazine365\\\/los-vinos-de-jerez-revalidan-su-sobresaliente-y-van-a-mas\\\/#mainImage\"},\"datePublished\":\"2014-01-23T20:19:44+01:00\",\"dateModified\":\"2014-01-23T20:20:15+01:00\"},{\"@type\":\"WebSite\",\"@id\":\"https:\\\/\\\/eldigitaldeasturias.com\\\/magazine365\\\/#website\",\"url\":\"https:\\\/\\\/eldigitaldeasturias.com\\\/magazine365\\\/\",\"name\":\"El Digital de Asturias\",\"description\":\"Revista de ocio, turismo y estilo de vida\",\"inLanguage\":\"es-ES\",\"publisher\":{\"@id\":\"https:\\\/\\\/eldigitaldeasturias.com\\\/magazine365\\\/#organization\"}}]}\n\t\t<\/script>\n\t\t<!-- All in One SEO Pro -->\r\n\t\t<title>Los vinos de Jerez revalidan su \u00absobresaliente\u00bb y \u00abvan a m\u00e1s\u00bb | El Digital de Asturias<\/title>\n\n","aioseo_head_json":{"title":"Los vinos de Jerez revalidan su \u00absobresaliente\u00bb y \u00abvan a m\u00e1s\u00bb | El Digital de Asturias","description":"Jerez de la Frontera (C\u00e1diz), 23 ene (EFE).- Los vinos de Jerez han vuelto a obtener un sobresaliente, y alto, en las catas que el equipo de la Gu\u00eda Pe\u00f1\u00edn ha emprendido en la ciudad gaditana para su pr\u00f3xima edici\u00f3n y que, en los pr\u00f3ximos meses, recorrer\u00e1 toda la geograf\u00eda espa\u00f1ola para probar m\u00e1s de","canonical_url":"https:\/\/eldigitaldeasturias.com\/magazine365\/los-vinos-de-jerez-revalidan-su-sobresaliente-y-van-a-mas\/","robots":"max-image-preview:large","keywords":"noticias y actualidad","webmasterTools":{"google-site-verification":"UA-38556648-1","miscellaneous":""},"schema":{"@context":"https:\/\/schema.org","@graph":[{"@type":"Article","@id":"https:\/\/eldigitaldeasturias.com\/magazine365\/los-vinos-de-jerez-revalidan-su-sobresaliente-y-van-a-mas\/#article","name":"Los vinos de Jerez revalidan su \u00absobresaliente\u00bb y \u00abvan a m\u00e1s\u00bb | El Digital de Asturias","headline":"Los vinos de Jerez revalidan su \u00absobresaliente\u00bb y \u00abvan a m\u00e1s\u00bb","author":{"@id":"https:\/\/eldigitaldeasturias.com\/magazine365\/author\/admin\/#author"},"publisher":{"@id":"https:\/\/eldigitaldeasturias.com\/magazine365\/#organization"},"image":{"@type":"ImageObject","url":"https:\/\/eldigitaldeasturias.com\/magazine365\/wp-content\/uploads\/2014\/01\/5871895w.jpg","width":800,"height":527},"datePublished":"2014-01-23T20:19:44+01:00","dateModified":"2014-01-23T20:20:15+01:00","inLanguage":"es-ES","mainEntityOfPage":{"@id":"https:\/\/eldigitaldeasturias.com\/magazine365\/los-vinos-de-jerez-revalidan-su-sobresaliente-y-van-a-mas\/#webpage"},"isPartOf":{"@id":"https:\/\/eldigitaldeasturias.com\/magazine365\/los-vinos-de-jerez-revalidan-su-sobresaliente-y-van-a-mas\/#webpage"},"articleSection":"Noticias y Actualidad"},{"@type":"BreadcrumbList","@id":"https:\/\/eldigitaldeasturias.com\/magazine365\/los-vinos-de-jerez-revalidan-su-sobresaliente-y-van-a-mas\/#breadcrumblist","itemListElement":[{"@type":"ListItem","@id":"https:\/\/eldigitaldeasturias.com\/magazine365#listItem","position":1,"name":"Home","item":"https:\/\/eldigitaldeasturias.com\/magazine365","nextItem":{"@type":"ListItem","@id":"https:\/\/eldigitaldeasturias.com\/magazine365\/category\/noticias-actualidad\/#listItem","name":"Noticias y Actualidad"}},{"@type":"ListItem","@id":"https:\/\/eldigitaldeasturias.com\/magazine365\/category\/noticias-actualidad\/#listItem","position":2,"name":"Noticias y Actualidad","item":"https:\/\/eldigitaldeasturias.com\/magazine365\/category\/noticias-actualidad\/","nextItem":{"@type":"ListItem","@id":"https:\/\/eldigitaldeasturias.com\/magazine365\/los-vinos-de-jerez-revalidan-su-sobresaliente-y-van-a-mas\/#listItem","name":"Los vinos de Jerez revalidan su \u00absobresaliente\u00bb y \u00abvan a m\u00e1s\u00bb"},"previousItem":{"@type":"ListItem","@id":"https:\/\/eldigitaldeasturias.com\/magazine365#listItem","name":"Home"}},{"@type":"ListItem","@id":"https:\/\/eldigitaldeasturias.com\/magazine365\/los-vinos-de-jerez-revalidan-su-sobresaliente-y-van-a-mas\/#listItem","position":3,"name":"Los vinos de Jerez revalidan su \u00absobresaliente\u00bb y \u00abvan a m\u00e1s\u00bb","previousItem":{"@type":"ListItem","@id":"https:\/\/eldigitaldeasturias.com\/magazine365\/category\/noticias-actualidad\/#listItem","name":"Noticias y Actualidad"}}]},{"@type":"Organization","@id":"https:\/\/eldigitaldeasturias.com\/magazine365\/#organization","name":"El digital de Asturias","description":"Revista de ocio, turismo y estilo de vida","url":"https:\/\/eldigitaldeasturias.com\/magazine365\/","logo":{"@type":"ImageObject","url":"https:\/\/www.eldigitaldeasturias.com\/noticias\/wp-content\/uploads\/2020\/12\/EDA.jpg","@id":"https:\/\/eldigitaldeasturias.com\/magazine365\/los-vinos-de-jerez-revalidan-su-sobresaliente-y-van-a-mas\/#organizationLogo"},"image":{"@id":"https:\/\/eldigitaldeasturias.com\/magazine365\/los-vinos-de-jerez-revalidan-su-sobresaliente-y-van-a-mas\/#organizationLogo"}},{"@type":"Person","@id":"https:\/\/eldigitaldeasturias.com\/magazine365\/author\/admin\/#author","url":"https:\/\/eldigitaldeasturias.com\/magazine365\/author\/admin\/","name":"admin","image":{"@type":"ImageObject","@id":"https:\/\/eldigitaldeasturias.com\/magazine365\/los-vinos-de-jerez-revalidan-su-sobresaliente-y-van-a-mas\/#authorImage","url":"https:\/\/eldigitaldeasturias.com\/magazine365\/wp-content\/litespeed\/avatar\/e571bcf59a0edd6fa6838245a470f2fe.jpg?ver=1777574230","width":96,"height":96,"caption":"admin"}},{"@type":"WebPage","@id":"https:\/\/eldigitaldeasturias.com\/magazine365\/los-vinos-de-jerez-revalidan-su-sobresaliente-y-van-a-mas\/#webpage","url":"https:\/\/eldigitaldeasturias.com\/magazine365\/los-vinos-de-jerez-revalidan-su-sobresaliente-y-van-a-mas\/","name":"Los vinos de Jerez revalidan su \u00absobresaliente\u00bb y \u00abvan a m\u00e1s\u00bb | El Digital de Asturias","description":"Jerez de la Frontera (C\u00e1diz), 23 ene (EFE).- Los vinos de Jerez han vuelto a obtener un sobresaliente, y alto, en las catas que el equipo de la Gu\u00eda Pe\u00f1\u00edn ha emprendido en la ciudad gaditana para su pr\u00f3xima edici\u00f3n y que, en los pr\u00f3ximos meses, recorrer\u00e1 toda la geograf\u00eda espa\u00f1ola para probar m\u00e1s de","inLanguage":"es-ES","isPartOf":{"@id":"https:\/\/eldigitaldeasturias.com\/magazine365\/#website"},"breadcrumb":{"@id":"https:\/\/eldigitaldeasturias.com\/magazine365\/los-vinos-de-jerez-revalidan-su-sobresaliente-y-van-a-mas\/#breadcrumblist"},"author":{"@id":"https:\/\/eldigitaldeasturias.com\/magazine365\/author\/admin\/#author"},"creator":{"@id":"https:\/\/eldigitaldeasturias.com\/magazine365\/author\/admin\/#author"},"image":{"@type":"ImageObject","url":"https:\/\/eldigitaldeasturias.com\/magazine365\/wp-content\/uploads\/2014\/01\/5871895w.jpg","@id":"https:\/\/eldigitaldeasturias.com\/magazine365\/los-vinos-de-jerez-revalidan-su-sobresaliente-y-van-a-mas\/#mainImage","width":800,"height":527},"primaryImageOfPage":{"@id":"https:\/\/eldigitaldeasturias.com\/magazine365\/los-vinos-de-jerez-revalidan-su-sobresaliente-y-van-a-mas\/#mainImage"},"datePublished":"2014-01-23T20:19:44+01:00","dateModified":"2014-01-23T20:20:15+01:00"},{"@type":"WebSite","@id":"https:\/\/eldigitaldeasturias.com\/magazine365\/#website","url":"https:\/\/eldigitaldeasturias.com\/magazine365\/","name":"El Digital de Asturias","description":"Revista de ocio, turismo y estilo de vida","inLanguage":"es-ES","publisher":{"@id":"https:\/\/eldigitaldeasturias.com\/magazine365\/#organization"}}]},"og:locale":"es_ES","og:site_name":"El Digital de Asturias \u2013 Revista de ocio, turismo y estilo de vida","og:type":"article","og:title":"Los vinos de Jerez revalidan su \u00absobresaliente\u00bb y \u00abvan a m\u00e1s\u00bb | El Digital de Asturias","og:description":"Jerez de la Frontera (C\u00e1diz), 23 ene (EFE).- Los vinos de Jerez han vuelto a obtener un sobresaliente, y alto, en las catas que el equipo de la Gu\u00eda Pe\u00f1\u00edn ha emprendido en la ciudad gaditana para su pr\u00f3xima edici\u00f3n y que, en los pr\u00f3ximos meses, recorrer\u00e1 toda la geograf\u00eda espa\u00f1ola para probar m\u00e1s de","og:url":"https:\/\/eldigitaldeasturias.com\/magazine365\/los-vinos-de-jerez-revalidan-su-sobresaliente-y-van-a-mas\/","og:image":"https:\/\/eldigitaldeasturias.com\/magazine365\/wp-content\/uploads\/2014\/01\/5871895w.jpg","og:image:secure_url":"https:\/\/eldigitaldeasturias.com\/magazine365\/wp-content\/uploads\/2014\/01\/5871895w.jpg","og:image:width":800,"og:image:height":527,"article:published_time":"2014-01-23T21:19:44+00:00","article:modified_time":"2014-01-23T21:20:15+00:00","twitter:card":"summary_large_image","twitter:title":"Los vinos de Jerez revalidan su \u00absobresaliente\u00bb y \u00abvan a m\u00e1s\u00bb | El Digital de Asturias","twitter:description":"Jerez de la Frontera (C\u00e1diz), 23 ene (EFE).- Los vinos de Jerez han vuelto a obtener un sobresaliente, y alto, en las catas que el equipo de la Gu\u00eda Pe\u00f1\u00edn ha emprendido en la ciudad gaditana para su pr\u00f3xima edici\u00f3n y que, en los pr\u00f3ximos meses, recorrer\u00e1 toda la geograf\u00eda espa\u00f1ola para probar m\u00e1s de","twitter:image":"https:\/\/eldigitaldeasturias.com\/magazine365\/wp-content\/uploads\/2014\/01\/5871895w.jpg"},"aioseo_meta_data":{"post_id":"1748","title":null,"description":null,"keywords":null,"keyphrases":null,"primary_term":null,"canonical_url":null,"og_title":null,"og_description":null,"og_object_type":"default","og_image_type":"default","og_image_url":null,"og_image_width":null,"og_image_height":null,"og_image_custom_url":null,"og_image_custom_fields":null,"og_video":null,"og_custom_url":null,"og_article_section":null,"og_article_tags":null,"twitter_use_og":false,"twitter_card":"default","twitter_image_type":"default","twitter_image_url":null,"twitter_image_custom_url":null,"twitter_image_custom_fields":null,"twitter_title":null,"twitter_description":null,"schema":{"blockGraphs":[],"customGraphs":[],"default":{"data":{"Article":[],"Course":[],"Dataset":[],"FAQPage":[],"Movie":[],"Person":[],"Product":[],"ProductReview":[],"Car":[],"Recipe":[],"Service":[],"SoftwareApplication":[],"WebPage":[]},"graphName":"","isEnabled":true},"graphs":[],"defaultGraph":"","defaultPostTypeGraph":""},"schema_type":null,"schema_type_options":null,"pillar_content":false,"robots_default":true,"robots_noindex":false,"robots_noarchive":false,"robots_nosnippet":false,"robots_nofollow":false,"robots_noimageindex":false,"robots_noodp":false,"robots_notranslate":false,"robots_max_snippet":null,"robots_max_videopreview":null,"robots_max_imagepreview":"large","priority":null,"frequency":null,"location":null,"local_seo":null,"seo_analyzer_scan_date":"2025-09-16 09:56:29","breadcrumb_settings":null,"limit_modified_date":false,"open_ai":null,"ai":null,"created":"2020-12-21 13:40:25","updated":"2025-09-16 09:56:29"},"aioseo_breadcrumb":"<div class=\"aioseo-breadcrumbs\"><span class=\"aioseo-breadcrumb\">\n\t<a href=\"https:\/\/eldigitaldeasturias.com\/magazine365\" title=\"Home\">Home<\/a>\n<\/span><span class=\"aioseo-breadcrumb-separator\">\u2013<\/span><span class=\"aioseo-breadcrumb\">\n\t<a href=\"https:\/\/eldigitaldeasturias.com\/magazine365\/category\/noticias-actualidad\/\" title=\"Noticias y Actualidad\">Noticias y Actualidad<\/a>\n<\/span><span class=\"aioseo-breadcrumb-separator\">\u2013<\/span><span class=\"aioseo-breadcrumb\">\n\t<a href=\"https:\/\/eldigitaldeasturias.com\/magazine365\/los-vinos-de-jerez-revalidan-su-sobresaliente-y-van-a-mas\/\" title=\"Los vinos de Jerez revalidan su \u00absobresaliente\u00bb y \u00abvan a m\u00e1s\u00bb\">Los vinos de Jerez revalidan su \u00absobresaliente\u00bb y \u00abvan a m\u00e1s\u00bb<\/a>\n<\/span><\/div>","aioseo_breadcrumb_json":[{"label":"Home","link":"https:\/\/eldigitaldeasturias.com\/magazine365"},{"label":"Noticias y Actualidad","link":"https:\/\/eldigitaldeasturias.com\/magazine365\/category\/noticias-actualidad\/"},{"label":"Los vinos de Jerez revalidan su \u00absobresaliente\u00bb y \u00abvan a m\u00e1s\u00bb","link":"https:\/\/eldigitaldeasturias.com\/magazine365\/los-vinos-de-jerez-revalidan-su-sobresaliente-y-van-a-mas\/"}],"_links":{"self":[{"href":"https:\/\/eldigitaldeasturias.com\/magazine365\/wp-json\/wp\/v2\/posts\/1748","targetHints":{"allow":["GET"]}}],"collection":[{"href":"https:\/\/eldigitaldeasturias.com\/magazine365\/wp-json\/wp\/v2\/posts"}],"about":[{"href":"https:\/\/eldigitaldeasturias.com\/magazine365\/wp-json\/wp\/v2\/types\/post"}],"author":[{"embeddable":true,"href":"https:\/\/eldigitaldeasturias.com\/magazine365\/wp-json\/wp\/v2\/users\/1"}],"replies":[{"embeddable":true,"href":"https:\/\/eldigitaldeasturias.com\/magazine365\/wp-json\/wp\/v2\/comments?post=1748"}],"version-history":[{"count":0,"href":"https:\/\/eldigitaldeasturias.com\/magazine365\/wp-json\/wp\/v2\/posts\/1748\/revisions"}],"wp:featuredmedia":[{"embeddable":true,"href":"https:\/\/eldigitaldeasturias.com\/magazine365\/wp-json\/wp\/v2\/media\/1749"}],"wp:attachment":[{"href":"https:\/\/eldigitaldeasturias.com\/magazine365\/wp-json\/wp\/v2\/media?parent=1748"}],"wp:term":[{"taxonomy":"category","embeddable":true,"href":"https:\/\/eldigitaldeasturias.com\/magazine365\/wp-json\/wp\/v2\/categories?post=1748"},{"taxonomy":"post_tag","embeddable":true,"href":"https:\/\/eldigitaldeasturias.com\/magazine365\/wp-json\/wp\/v2\/tags?post=1748"}],"curies":[{"name":"wp","href":"https:\/\/api.w.org\/{rel}","templated":true}]}}