{"id":1726,"date":"2014-01-23T19:55:07","date_gmt":"2014-01-23T20:55:07","guid":{"rendered":"http:\/\/eldigitaldeasturias.com\/magazine365\/?p=1726"},"modified":"2014-01-23T19:55:07","modified_gmt":"2014-01-23T20:55:07","slug":"los-eurodiputados-respaldan-la-obligatoriedad-del-dispositivo-ecall-en-los-vehiculos-en-2015","status":"publish","type":"post","link":"https:\/\/eldigitaldeasturias.com\/magazine365\/los-eurodiputados-respaldan-la-obligatoriedad-del-dispositivo-ecall-en-los-vehiculos-en-2015\/","title":{"rendered":"Los eurodiputados respaldan la obligatoriedad del dispositivo eCall en los veh\u00edculos en 2015"},"content":{"rendered":"<p><img fetchpriority=\"high\" decoding=\"async\" class=\"alignleft size-medium wp-image-1727\" alt=\"5871492w\" src=\"https:\/\/eldigitaldeasturias.com\/magazine365\/wp-content\/uploads\/2014\/01\/5871492w-360x239.jpg\" width=\"360\" height=\"239\" srcset=\"https:\/\/eldigitaldeasturias.com\/magazine365\/wp-content\/uploads\/2014\/01\/5871492w-360x239.jpg 360w, https:\/\/eldigitaldeasturias.com\/magazine365\/wp-content\/uploads\/2014\/01\/5871492w-650x432.jpg 650w, https:\/\/eldigitaldeasturias.com\/magazine365\/wp-content\/uploads\/2014\/01\/5871492w-768x511.jpg 768w, https:\/\/eldigitaldeasturias.com\/magazine365\/wp-content\/uploads\/2014\/01\/5871492w-150x100.jpg 150w, https:\/\/eldigitaldeasturias.com\/magazine365\/wp-content\/uploads\/2014\/01\/5871492w-450x299.jpg 450w, https:\/\/eldigitaldeasturias.com\/magazine365\/wp-content\/uploads\/2014\/01\/5871492w-696x463.jpg 696w, https:\/\/eldigitaldeasturias.com\/magazine365\/wp-content\/uploads\/2014\/01\/5871492w-632x420.jpg 632w, https:\/\/eldigitaldeasturias.com\/magazine365\/wp-content\/uploads\/2014\/01\/5871492w-84x55.jpg 84w, https:\/\/eldigitaldeasturias.com\/magazine365\/wp-content\/uploads\/2014\/01\/5871492w.jpg 800w\" sizes=\"(max-width: 360px) 100vw, 360px\" \/>Bruselas, 23 ene (EFE).- La comisi\u00f3n de Mercado Interior y Protecci\u00f3n al Consumidor del Parlamento Europeo respald\u00f3 hoy la obligatoriedad a partir del 1 de octubre de 2015 del dispositivo eCall o llamada de emergencia en los veh\u00edculos nuevos en la UE.<\/p>\n<p>Los eurodiputados dieron as\u00ed luz verde definitiva a esta nueva obligaci\u00f3n para los fabricantes de veh\u00edculos, que no recibir\u00e1n la homologaci\u00f3n de la CE si no incorporan a sus nuevos productos este dispositivo, que ante un accidente llama autom\u00e1ticamente al 112.<\/p>\n<p>El dispositivo eCall permite acelerar la llegada de los servicios de emergencia al lugar del siniestro, lo que podr\u00eda salvar hasta 2.500 vidas al a\u00f1o y reducir la gravedad de las heridas entre un 10 y un 15 %, seg\u00fan datos de la Euroc\u00e1mara.<\/p>\n<p>El sistema aprovecha la conocida como \u00abhora de oro\u00bb, es decir, los 60 minutos siguientes a que se produzca un accidente, que resultan cr\u00edticos para salvar a las v\u00edctimas del siniestro y lograr que las heridas sufridas se agraven lo menos posible.<\/p>\n<p>El Parlamento Europeo reconoce que la introducci\u00f3n de estos aparatos tendr\u00e1 un coste, pero recalca que son m\u00e1s importantes los beneficios que ofrecen.<\/p>\n<p>La obligatoriedad busca adem\u00e1s que no solo se beneficien del eCall aquellas personas que puedan permitirse adquirir veh\u00edculos de alta gama.<\/p>\n<p>Por el momento, solo el 0,4 % de los coches europeos tiene instalado un sistema de este tipo.<\/p>\n<p>El informe pide tambi\u00e9n que se mejore el funcionamiento de los servicios de emergencia del 112, debido a los distintos rendimientos que presenta en los Veintisiete.<\/p>\n","protected":false},"excerpt":{"rendered":"<p>Bruselas, 23 ene (EFE).- La comisi\u00f3n de Mercado Interior y Protecci\u00f3n al Consumidor del Parlamento Europeo respald\u00f3 hoy la obligatoriedad a partir del 1 de octubre de 2015 del dispositivo eCall o llamada de emergencia en los veh\u00edculos nuevos en la UE. Los eurodiputados dieron as\u00ed luz verde definitiva a esta nueva obligaci\u00f3n para los<\/p>\n","protected":false},"author":1,"featured_media":1727,"comment_status":"open","ping_status":"open","sticky":false,"template":"","format":"standard","meta":{"footnotes":""},"categories":[224],"tags":[],"class_list":{"0":"post-1726","1":"post","2":"type-post","3":"status-publish","4":"format-standard","5":"has-post-thumbnail","7":"category-noticias-actualidad"},"aioseo_notices":[],"aioseo_head":"\n\t\t<!-- All in One SEO Pro 4.9.6.1 - aioseo.com -->\n\t<meta name=\"description\" content=\"Bruselas, 23 ene (EFE).- La comisi\u00f3n de Mercado Interior y Protecci\u00f3n al Consumidor del Parlamento Europeo respald\u00f3 hoy la obligatoriedad a partir del 1 de octubre de 2015 del dispositivo eCall o llamada de emergencia en los veh\u00edculos nuevos en la UE. Los eurodiputados dieron as\u00ed luz verde definitiva a esta nueva obligaci\u00f3n para los\" \/>\n\t<meta name=\"robots\" content=\"max-image-preview:large\" \/>\n\t<meta name=\"author\" content=\"admin\"\/>\n\t<meta name=\"google-site-verification\" content=\"UA-38556648-1\" \/>\n\t<meta name=\"keywords\" content=\"noticias y actualidad\" \/>\n\t<link rel=\"canonical\" href=\"https:\/\/eldigitaldeasturias.com\/magazine365\/los-eurodiputados-respaldan-la-obligatoriedad-del-dispositivo-ecall-en-los-vehiculos-en-2015\/\" \/>\n\t<meta name=\"generator\" content=\"All in One SEO Pro (AIOSEO) 4.9.6.1\" \/>\n\t\t<meta property=\"og:locale\" content=\"es_ES\" \/>\n\t\t<meta property=\"og:site_name\" content=\"El Digital de Asturias \u2013 Revista de ocio, turismo y estilo de vida\" \/>\n\t\t<meta property=\"og:type\" content=\"article\" \/>\n\t\t<meta property=\"og:title\" content=\"Los eurodiputados respaldan la obligatoriedad del dispositivo eCall en los veh\u00edculos en 2015 | El Digital de Asturias\" \/>\n\t\t<meta property=\"og:description\" content=\"Bruselas, 23 ene (EFE).- La comisi\u00f3n de Mercado Interior y Protecci\u00f3n al Consumidor del Parlamento Europeo respald\u00f3 hoy la obligatoriedad a partir del 1 de octubre de 2015 del dispositivo eCall o llamada de emergencia en los veh\u00edculos nuevos en la UE. Los eurodiputados dieron as\u00ed luz verde definitiva a esta nueva obligaci\u00f3n para los\" \/>\n\t\t<meta property=\"og:url\" content=\"https:\/\/eldigitaldeasturias.com\/magazine365\/los-eurodiputados-respaldan-la-obligatoriedad-del-dispositivo-ecall-en-los-vehiculos-en-2015\/\" \/>\n\t\t<meta property=\"og:image\" content=\"https:\/\/eldigitaldeasturias.com\/magazine365\/wp-content\/uploads\/2014\/01\/5871492w.jpg\" \/>\n\t\t<meta property=\"og:image:secure_url\" content=\"https:\/\/eldigitaldeasturias.com\/magazine365\/wp-content\/uploads\/2014\/01\/5871492w.jpg\" \/>\n\t\t<meta property=\"og:image:width\" content=\"800\" \/>\n\t\t<meta property=\"og:image:height\" content=\"532\" \/>\n\t\t<meta property=\"article:published_time\" content=\"2014-01-23T20:55:07+00:00\" \/>\n\t\t<meta property=\"article:modified_time\" content=\"2014-01-23T20:55:07+00:00\" \/>\n\t\t<meta name=\"twitter:card\" content=\"summary_large_image\" \/>\n\t\t<meta name=\"twitter:title\" content=\"Los eurodiputados respaldan la obligatoriedad del dispositivo eCall en los veh\u00edculos en 2015 | El Digital de Asturias\" \/>\n\t\t<meta name=\"twitter:description\" content=\"Bruselas, 23 ene (EFE).- La comisi\u00f3n de Mercado Interior y Protecci\u00f3n al Consumidor del Parlamento Europeo respald\u00f3 hoy la obligatoriedad a partir del 1 de octubre de 2015 del dispositivo eCall o llamada de emergencia en los veh\u00edculos nuevos en la UE. Los eurodiputados dieron as\u00ed luz verde definitiva a esta nueva obligaci\u00f3n para los\" \/>\n\t\t<meta name=\"twitter:image\" content=\"https:\/\/eldigitaldeasturias.com\/magazine365\/wp-content\/uploads\/2014\/01\/5871492w.jpg\" \/>\n\t\t<script type=\"application\/ld+json\" class=\"aioseo-schema\">\n\t\t\t{\"@context\":\"https:\\\/\\\/schema.org\",\"@graph\":[{\"@type\":\"Article\",\"@id\":\"https:\\\/\\\/eldigitaldeasturias.com\\\/magazine365\\\/los-eurodiputados-respaldan-la-obligatoriedad-del-dispositivo-ecall-en-los-vehiculos-en-2015\\\/#article\",\"name\":\"Los eurodiputados respaldan la obligatoriedad del dispositivo eCall en los veh\\u00edculos en 2015 | El Digital de Asturias\",\"headline\":\"Los eurodiputados respaldan la obligatoriedad del dispositivo eCall en los veh\\u00edculos en 2015\",\"author\":{\"@id\":\"https:\\\/\\\/eldigitaldeasturias.com\\\/magazine365\\\/author\\\/admin\\\/#author\"},\"publisher\":{\"@id\":\"https:\\\/\\\/eldigitaldeasturias.com\\\/magazine365\\\/#organization\"},\"image\":{\"@type\":\"ImageObject\",\"url\":\"https:\\\/\\\/eldigitaldeasturias.com\\\/magazine365\\\/wp-content\\\/uploads\\\/2014\\\/01\\\/5871492w.jpg\",\"width\":800,\"height\":532},\"datePublished\":\"2014-01-23T19:55:07+01:00\",\"dateModified\":\"2014-01-23T19:55:07+01:00\",\"inLanguage\":\"es-ES\",\"mainEntityOfPage\":{\"@id\":\"https:\\\/\\\/eldigitaldeasturias.com\\\/magazine365\\\/los-eurodiputados-respaldan-la-obligatoriedad-del-dispositivo-ecall-en-los-vehiculos-en-2015\\\/#webpage\"},\"isPartOf\":{\"@id\":\"https:\\\/\\\/eldigitaldeasturias.com\\\/magazine365\\\/los-eurodiputados-respaldan-la-obligatoriedad-del-dispositivo-ecall-en-los-vehiculos-en-2015\\\/#webpage\"},\"articleSection\":\"Noticias y Actualidad\"},{\"@type\":\"BreadcrumbList\",\"@id\":\"https:\\\/\\\/eldigitaldeasturias.com\\\/magazine365\\\/los-eurodiputados-respaldan-la-obligatoriedad-del-dispositivo-ecall-en-los-vehiculos-en-2015\\\/#breadcrumblist\",\"itemListElement\":[{\"@type\":\"ListItem\",\"@id\":\"https:\\\/\\\/eldigitaldeasturias.com\\\/magazine365#listItem\",\"position\":1,\"name\":\"Home\",\"item\":\"https:\\\/\\\/eldigitaldeasturias.com\\\/magazine365\",\"nextItem\":{\"@type\":\"ListItem\",\"@id\":\"https:\\\/\\\/eldigitaldeasturias.com\\\/magazine365\\\/category\\\/noticias-actualidad\\\/#listItem\",\"name\":\"Noticias y Actualidad\"}},{\"@type\":\"ListItem\",\"@id\":\"https:\\\/\\\/eldigitaldeasturias.com\\\/magazine365\\\/category\\\/noticias-actualidad\\\/#listItem\",\"position\":2,\"name\":\"Noticias y Actualidad\",\"item\":\"https:\\\/\\\/eldigitaldeasturias.com\\\/magazine365\\\/category\\\/noticias-actualidad\\\/\",\"nextItem\":{\"@type\":\"ListItem\",\"@id\":\"https:\\\/\\\/eldigitaldeasturias.com\\\/magazine365\\\/los-eurodiputados-respaldan-la-obligatoriedad-del-dispositivo-ecall-en-los-vehiculos-en-2015\\\/#listItem\",\"name\":\"Los eurodiputados respaldan la obligatoriedad del dispositivo eCall en los veh\\u00edculos en 2015\"},\"previousItem\":{\"@type\":\"ListItem\",\"@id\":\"https:\\\/\\\/eldigitaldeasturias.com\\\/magazine365#listItem\",\"name\":\"Home\"}},{\"@type\":\"ListItem\",\"@id\":\"https:\\\/\\\/eldigitaldeasturias.com\\\/magazine365\\\/los-eurodiputados-respaldan-la-obligatoriedad-del-dispositivo-ecall-en-los-vehiculos-en-2015\\\/#listItem\",\"position\":3,\"name\":\"Los eurodiputados respaldan la obligatoriedad del dispositivo eCall en los veh\\u00edculos en 2015\",\"previousItem\":{\"@type\":\"ListItem\",\"@id\":\"https:\\\/\\\/eldigitaldeasturias.com\\\/magazine365\\\/category\\\/noticias-actualidad\\\/#listItem\",\"name\":\"Noticias y Actualidad\"}}]},{\"@type\":\"Organization\",\"@id\":\"https:\\\/\\\/eldigitaldeasturias.com\\\/magazine365\\\/#organization\",\"name\":\"El digital de Asturias\",\"description\":\"Revista de ocio, turismo y estilo de vida\",\"url\":\"https:\\\/\\\/eldigitaldeasturias.com\\\/magazine365\\\/\",\"logo\":{\"@type\":\"ImageObject\",\"url\":\"https:\\\/\\\/www.eldigitaldeasturias.com\\\/noticias\\\/wp-content\\\/uploads\\\/2020\\\/12\\\/EDA.jpg\",\"@id\":\"https:\\\/\\\/eldigitaldeasturias.com\\\/magazine365\\\/los-eurodiputados-respaldan-la-obligatoriedad-del-dispositivo-ecall-en-los-vehiculos-en-2015\\\/#organizationLogo\"},\"image\":{\"@id\":\"https:\\\/\\\/eldigitaldeasturias.com\\\/magazine365\\\/los-eurodiputados-respaldan-la-obligatoriedad-del-dispositivo-ecall-en-los-vehiculos-en-2015\\\/#organizationLogo\"}},{\"@type\":\"Person\",\"@id\":\"https:\\\/\\\/eldigitaldeasturias.com\\\/magazine365\\\/author\\\/admin\\\/#author\",\"url\":\"https:\\\/\\\/eldigitaldeasturias.com\\\/magazine365\\\/author\\\/admin\\\/\",\"name\":\"admin\",\"image\":{\"@type\":\"ImageObject\",\"@id\":\"https:\\\/\\\/eldigitaldeasturias.com\\\/magazine365\\\/los-eurodiputados-respaldan-la-obligatoriedad-del-dispositivo-ecall-en-los-vehiculos-en-2015\\\/#authorImage\",\"url\":\"https:\\\/\\\/eldigitaldeasturias.com\\\/magazine365\\\/wp-content\\\/litespeed\\\/avatar\\\/e571bcf59a0edd6fa6838245a470f2fe.jpg?ver=1777574230\",\"width\":96,\"height\":96,\"caption\":\"admin\"}},{\"@type\":\"WebPage\",\"@id\":\"https:\\\/\\\/eldigitaldeasturias.com\\\/magazine365\\\/los-eurodiputados-respaldan-la-obligatoriedad-del-dispositivo-ecall-en-los-vehiculos-en-2015\\\/#webpage\",\"url\":\"https:\\\/\\\/eldigitaldeasturias.com\\\/magazine365\\\/los-eurodiputados-respaldan-la-obligatoriedad-del-dispositivo-ecall-en-los-vehiculos-en-2015\\\/\",\"name\":\"Los eurodiputados respaldan la obligatoriedad del dispositivo eCall en los veh\\u00edculos en 2015 | El Digital de Asturias\",\"description\":\"Bruselas, 23 ene (EFE).- La comisi\\u00f3n de Mercado Interior y Protecci\\u00f3n al Consumidor del Parlamento Europeo respald\\u00f3 hoy la obligatoriedad a partir del 1 de octubre de 2015 del dispositivo eCall o llamada de emergencia en los veh\\u00edculos nuevos en la UE. Los eurodiputados dieron as\\u00ed luz verde definitiva a esta nueva obligaci\\u00f3n para los\",\"inLanguage\":\"es-ES\",\"isPartOf\":{\"@id\":\"https:\\\/\\\/eldigitaldeasturias.com\\\/magazine365\\\/#website\"},\"breadcrumb\":{\"@id\":\"https:\\\/\\\/eldigitaldeasturias.com\\\/magazine365\\\/los-eurodiputados-respaldan-la-obligatoriedad-del-dispositivo-ecall-en-los-vehiculos-en-2015\\\/#breadcrumblist\"},\"author\":{\"@id\":\"https:\\\/\\\/eldigitaldeasturias.com\\\/magazine365\\\/author\\\/admin\\\/#author\"},\"creator\":{\"@id\":\"https:\\\/\\\/eldigitaldeasturias.com\\\/magazine365\\\/author\\\/admin\\\/#author\"},\"image\":{\"@type\":\"ImageObject\",\"url\":\"https:\\\/\\\/eldigitaldeasturias.com\\\/magazine365\\\/wp-content\\\/uploads\\\/2014\\\/01\\\/5871492w.jpg\",\"@id\":\"https:\\\/\\\/eldigitaldeasturias.com\\\/magazine365\\\/los-eurodiputados-respaldan-la-obligatoriedad-del-dispositivo-ecall-en-los-vehiculos-en-2015\\\/#mainImage\",\"width\":800,\"height\":532},\"primaryImageOfPage\":{\"@id\":\"https:\\\/\\\/eldigitaldeasturias.com\\\/magazine365\\\/los-eurodiputados-respaldan-la-obligatoriedad-del-dispositivo-ecall-en-los-vehiculos-en-2015\\\/#mainImage\"},\"datePublished\":\"2014-01-23T19:55:07+01:00\",\"dateModified\":\"2014-01-23T19:55:07+01:00\"},{\"@type\":\"WebSite\",\"@id\":\"https:\\\/\\\/eldigitaldeasturias.com\\\/magazine365\\\/#website\",\"url\":\"https:\\\/\\\/eldigitaldeasturias.com\\\/magazine365\\\/\",\"name\":\"El Digital de Asturias\",\"description\":\"Revista de ocio, turismo y estilo de vida\",\"inLanguage\":\"es-ES\",\"publisher\":{\"@id\":\"https:\\\/\\\/eldigitaldeasturias.com\\\/magazine365\\\/#organization\"}}]}\n\t\t<\/script>\n\t\t<!-- All in One SEO Pro -->\r\n\t\t<title>Los eurodiputados respaldan la obligatoriedad del dispositivo eCall en los veh\u00edculos en 2015 | El Digital de Asturias<\/title>\n\n","aioseo_head_json":{"title":"Los eurodiputados respaldan la obligatoriedad del dispositivo eCall en los veh\u00edculos en 2015 | El Digital de Asturias","description":"Bruselas, 23 ene (EFE).- La comisi\u00f3n de Mercado Interior y Protecci\u00f3n al Consumidor del Parlamento Europeo respald\u00f3 hoy la obligatoriedad a partir del 1 de octubre de 2015 del dispositivo eCall o llamada de emergencia en los veh\u00edculos nuevos en la UE. Los eurodiputados dieron as\u00ed luz verde definitiva a esta nueva obligaci\u00f3n para los","canonical_url":"https:\/\/eldigitaldeasturias.com\/magazine365\/los-eurodiputados-respaldan-la-obligatoriedad-del-dispositivo-ecall-en-los-vehiculos-en-2015\/","robots":"max-image-preview:large","keywords":"noticias y actualidad","webmasterTools":{"google-site-verification":"UA-38556648-1","miscellaneous":""},"schema":{"@context":"https:\/\/schema.org","@graph":[{"@type":"Article","@id":"https:\/\/eldigitaldeasturias.com\/magazine365\/los-eurodiputados-respaldan-la-obligatoriedad-del-dispositivo-ecall-en-los-vehiculos-en-2015\/#article","name":"Los eurodiputados respaldan la obligatoriedad del dispositivo eCall en los veh\u00edculos en 2015 | El Digital de Asturias","headline":"Los eurodiputados respaldan la obligatoriedad del dispositivo eCall en los veh\u00edculos en 2015","author":{"@id":"https:\/\/eldigitaldeasturias.com\/magazine365\/author\/admin\/#author"},"publisher":{"@id":"https:\/\/eldigitaldeasturias.com\/magazine365\/#organization"},"image":{"@type":"ImageObject","url":"https:\/\/eldigitaldeasturias.com\/magazine365\/wp-content\/uploads\/2014\/01\/5871492w.jpg","width":800,"height":532},"datePublished":"2014-01-23T19:55:07+01:00","dateModified":"2014-01-23T19:55:07+01:00","inLanguage":"es-ES","mainEntityOfPage":{"@id":"https:\/\/eldigitaldeasturias.com\/magazine365\/los-eurodiputados-respaldan-la-obligatoriedad-del-dispositivo-ecall-en-los-vehiculos-en-2015\/#webpage"},"isPartOf":{"@id":"https:\/\/eldigitaldeasturias.com\/magazine365\/los-eurodiputados-respaldan-la-obligatoriedad-del-dispositivo-ecall-en-los-vehiculos-en-2015\/#webpage"},"articleSection":"Noticias y Actualidad"},{"@type":"BreadcrumbList","@id":"https:\/\/eldigitaldeasturias.com\/magazine365\/los-eurodiputados-respaldan-la-obligatoriedad-del-dispositivo-ecall-en-los-vehiculos-en-2015\/#breadcrumblist","itemListElement":[{"@type":"ListItem","@id":"https:\/\/eldigitaldeasturias.com\/magazine365#listItem","position":1,"name":"Home","item":"https:\/\/eldigitaldeasturias.com\/magazine365","nextItem":{"@type":"ListItem","@id":"https:\/\/eldigitaldeasturias.com\/magazine365\/category\/noticias-actualidad\/#listItem","name":"Noticias y Actualidad"}},{"@type":"ListItem","@id":"https:\/\/eldigitaldeasturias.com\/magazine365\/category\/noticias-actualidad\/#listItem","position":2,"name":"Noticias y Actualidad","item":"https:\/\/eldigitaldeasturias.com\/magazine365\/category\/noticias-actualidad\/","nextItem":{"@type":"ListItem","@id":"https:\/\/eldigitaldeasturias.com\/magazine365\/los-eurodiputados-respaldan-la-obligatoriedad-del-dispositivo-ecall-en-los-vehiculos-en-2015\/#listItem","name":"Los eurodiputados respaldan la obligatoriedad del dispositivo eCall en los veh\u00edculos en 2015"},"previousItem":{"@type":"ListItem","@id":"https:\/\/eldigitaldeasturias.com\/magazine365#listItem","name":"Home"}},{"@type":"ListItem","@id":"https:\/\/eldigitaldeasturias.com\/magazine365\/los-eurodiputados-respaldan-la-obligatoriedad-del-dispositivo-ecall-en-los-vehiculos-en-2015\/#listItem","position":3,"name":"Los eurodiputados respaldan la obligatoriedad del dispositivo eCall en los veh\u00edculos en 2015","previousItem":{"@type":"ListItem","@id":"https:\/\/eldigitaldeasturias.com\/magazine365\/category\/noticias-actualidad\/#listItem","name":"Noticias y Actualidad"}}]},{"@type":"Organization","@id":"https:\/\/eldigitaldeasturias.com\/magazine365\/#organization","name":"El digital de Asturias","description":"Revista de ocio, turismo y estilo de vida","url":"https:\/\/eldigitaldeasturias.com\/magazine365\/","logo":{"@type":"ImageObject","url":"https:\/\/www.eldigitaldeasturias.com\/noticias\/wp-content\/uploads\/2020\/12\/EDA.jpg","@id":"https:\/\/eldigitaldeasturias.com\/magazine365\/los-eurodiputados-respaldan-la-obligatoriedad-del-dispositivo-ecall-en-los-vehiculos-en-2015\/#organizationLogo"},"image":{"@id":"https:\/\/eldigitaldeasturias.com\/magazine365\/los-eurodiputados-respaldan-la-obligatoriedad-del-dispositivo-ecall-en-los-vehiculos-en-2015\/#organizationLogo"}},{"@type":"Person","@id":"https:\/\/eldigitaldeasturias.com\/magazine365\/author\/admin\/#author","url":"https:\/\/eldigitaldeasturias.com\/magazine365\/author\/admin\/","name":"admin","image":{"@type":"ImageObject","@id":"https:\/\/eldigitaldeasturias.com\/magazine365\/los-eurodiputados-respaldan-la-obligatoriedad-del-dispositivo-ecall-en-los-vehiculos-en-2015\/#authorImage","url":"https:\/\/eldigitaldeasturias.com\/magazine365\/wp-content\/litespeed\/avatar\/e571bcf59a0edd6fa6838245a470f2fe.jpg?ver=1777574230","width":96,"height":96,"caption":"admin"}},{"@type":"WebPage","@id":"https:\/\/eldigitaldeasturias.com\/magazine365\/los-eurodiputados-respaldan-la-obligatoriedad-del-dispositivo-ecall-en-los-vehiculos-en-2015\/#webpage","url":"https:\/\/eldigitaldeasturias.com\/magazine365\/los-eurodiputados-respaldan-la-obligatoriedad-del-dispositivo-ecall-en-los-vehiculos-en-2015\/","name":"Los eurodiputados respaldan la obligatoriedad del dispositivo eCall en los veh\u00edculos en 2015 | El Digital de Asturias","description":"Bruselas, 23 ene (EFE).- La comisi\u00f3n de Mercado Interior y Protecci\u00f3n al Consumidor del Parlamento Europeo respald\u00f3 hoy la obligatoriedad a partir del 1 de octubre de 2015 del dispositivo eCall o llamada de emergencia en los veh\u00edculos nuevos en la UE. Los eurodiputados dieron as\u00ed luz verde definitiva a esta nueva obligaci\u00f3n para los","inLanguage":"es-ES","isPartOf":{"@id":"https:\/\/eldigitaldeasturias.com\/magazine365\/#website"},"breadcrumb":{"@id":"https:\/\/eldigitaldeasturias.com\/magazine365\/los-eurodiputados-respaldan-la-obligatoriedad-del-dispositivo-ecall-en-los-vehiculos-en-2015\/#breadcrumblist"},"author":{"@id":"https:\/\/eldigitaldeasturias.com\/magazine365\/author\/admin\/#author"},"creator":{"@id":"https:\/\/eldigitaldeasturias.com\/magazine365\/author\/admin\/#author"},"image":{"@type":"ImageObject","url":"https:\/\/eldigitaldeasturias.com\/magazine365\/wp-content\/uploads\/2014\/01\/5871492w.jpg","@id":"https:\/\/eldigitaldeasturias.com\/magazine365\/los-eurodiputados-respaldan-la-obligatoriedad-del-dispositivo-ecall-en-los-vehiculos-en-2015\/#mainImage","width":800,"height":532},"primaryImageOfPage":{"@id":"https:\/\/eldigitaldeasturias.com\/magazine365\/los-eurodiputados-respaldan-la-obligatoriedad-del-dispositivo-ecall-en-los-vehiculos-en-2015\/#mainImage"},"datePublished":"2014-01-23T19:55:07+01:00","dateModified":"2014-01-23T19:55:07+01:00"},{"@type":"WebSite","@id":"https:\/\/eldigitaldeasturias.com\/magazine365\/#website","url":"https:\/\/eldigitaldeasturias.com\/magazine365\/","name":"El Digital de Asturias","description":"Revista de ocio, turismo y estilo de vida","inLanguage":"es-ES","publisher":{"@id":"https:\/\/eldigitaldeasturias.com\/magazine365\/#organization"}}]},"og:locale":"es_ES","og:site_name":"El Digital de Asturias \u2013 Revista de ocio, turismo y estilo de vida","og:type":"article","og:title":"Los eurodiputados respaldan la obligatoriedad del dispositivo eCall en los veh\u00edculos en 2015 | El Digital de Asturias","og:description":"Bruselas, 23 ene (EFE).- La comisi\u00f3n de Mercado Interior y Protecci\u00f3n al Consumidor del Parlamento Europeo respald\u00f3 hoy la obligatoriedad a partir del 1 de octubre de 2015 del dispositivo eCall o llamada de emergencia en los veh\u00edculos nuevos en la UE. Los eurodiputados dieron as\u00ed luz verde definitiva a esta nueva obligaci\u00f3n para los","og:url":"https:\/\/eldigitaldeasturias.com\/magazine365\/los-eurodiputados-respaldan-la-obligatoriedad-del-dispositivo-ecall-en-los-vehiculos-en-2015\/","og:image":"https:\/\/eldigitaldeasturias.com\/magazine365\/wp-content\/uploads\/2014\/01\/5871492w.jpg","og:image:secure_url":"https:\/\/eldigitaldeasturias.com\/magazine365\/wp-content\/uploads\/2014\/01\/5871492w.jpg","og:image:width":800,"og:image:height":532,"article:published_time":"2014-01-23T20:55:07+00:00","article:modified_time":"2014-01-23T20:55:07+00:00","twitter:card":"summary_large_image","twitter:title":"Los eurodiputados respaldan la obligatoriedad del dispositivo eCall en los veh\u00edculos en 2015 | El Digital de Asturias","twitter:description":"Bruselas, 23 ene (EFE).- La comisi\u00f3n de Mercado Interior y Protecci\u00f3n al Consumidor del Parlamento Europeo respald\u00f3 hoy la obligatoriedad a partir del 1 de octubre de 2015 del dispositivo eCall o llamada de emergencia en los veh\u00edculos nuevos en la UE. Los eurodiputados dieron as\u00ed luz verde definitiva a esta nueva obligaci\u00f3n para los","twitter:image":"https:\/\/eldigitaldeasturias.com\/magazine365\/wp-content\/uploads\/2014\/01\/5871492w.jpg"},"aioseo_meta_data":{"post_id":"1726","title":null,"description":null,"keywords":null,"keyphrases":null,"primary_term":null,"canonical_url":null,"og_title":null,"og_description":null,"og_object_type":"default","og_image_type":"default","og_image_url":null,"og_image_width":null,"og_image_height":null,"og_image_custom_url":null,"og_image_custom_fields":null,"og_video":null,"og_custom_url":null,"og_article_section":null,"og_article_tags":null,"twitter_use_og":false,"twitter_card":"default","twitter_image_type":"default","twitter_image_url":null,"twitter_image_custom_url":null,"twitter_image_custom_fields":null,"twitter_title":null,"twitter_description":null,"schema":{"blockGraphs":[],"customGraphs":[],"default":{"data":{"Article":[],"Course":[],"Dataset":[],"FAQPage":[],"Movie":[],"Person":[],"Product":[],"ProductReview":[],"Car":[],"Recipe":[],"Service":[],"SoftwareApplication":[],"WebPage":[]},"graphName":"","isEnabled":true},"graphs":[],"defaultGraph":"","defaultPostTypeGraph":""},"schema_type":null,"schema_type_options":null,"pillar_content":false,"robots_default":true,"robots_noindex":false,"robots_noarchive":false,"robots_nosnippet":false,"robots_nofollow":false,"robots_noimageindex":false,"robots_noodp":false,"robots_notranslate":false,"robots_max_snippet":null,"robots_max_videopreview":null,"robots_max_imagepreview":"large","priority":null,"frequency":null,"location":null,"local_seo":null,"seo_analyzer_scan_date":"2025-09-16 09:54:56","breadcrumb_settings":null,"limit_modified_date":false,"open_ai":null,"ai":null,"created":"2020-12-21 13:40:24","updated":"2025-09-16 09:54:56"},"aioseo_breadcrumb":"<div class=\"aioseo-breadcrumbs\"><span class=\"aioseo-breadcrumb\">\n\t<a href=\"https:\/\/eldigitaldeasturias.com\/magazine365\" title=\"Home\">Home<\/a>\n<\/span><span class=\"aioseo-breadcrumb-separator\">\u2013<\/span><span class=\"aioseo-breadcrumb\">\n\t<a href=\"https:\/\/eldigitaldeasturias.com\/magazine365\/category\/noticias-actualidad\/\" title=\"Noticias y Actualidad\">Noticias y Actualidad<\/a>\n<\/span><span class=\"aioseo-breadcrumb-separator\">\u2013<\/span><span class=\"aioseo-breadcrumb\">\n\t<a href=\"https:\/\/eldigitaldeasturias.com\/magazine365\/los-eurodiputados-respaldan-la-obligatoriedad-del-dispositivo-ecall-en-los-vehiculos-en-2015\/\" title=\"Los eurodiputados respaldan la obligatoriedad del dispositivo eCall en los veh\u00edculos en 2015\">Los eurodiputados respaldan la obligatoriedad del dispositivo eCall en los veh\u00edculos en 2015<\/a>\n<\/span><\/div>","aioseo_breadcrumb_json":[{"label":"Home","link":"https:\/\/eldigitaldeasturias.com\/magazine365"},{"label":"Noticias y Actualidad","link":"https:\/\/eldigitaldeasturias.com\/magazine365\/category\/noticias-actualidad\/"},{"label":"Los eurodiputados respaldan la obligatoriedad del dispositivo eCall en los veh\u00edculos en 2015","link":"https:\/\/eldigitaldeasturias.com\/magazine365\/los-eurodiputados-respaldan-la-obligatoriedad-del-dispositivo-ecall-en-los-vehiculos-en-2015\/"}],"_links":{"self":[{"href":"https:\/\/eldigitaldeasturias.com\/magazine365\/wp-json\/wp\/v2\/posts\/1726","targetHints":{"allow":["GET"]}}],"collection":[{"href":"https:\/\/eldigitaldeasturias.com\/magazine365\/wp-json\/wp\/v2\/posts"}],"about":[{"href":"https:\/\/eldigitaldeasturias.com\/magazine365\/wp-json\/wp\/v2\/types\/post"}],"author":[{"embeddable":true,"href":"https:\/\/eldigitaldeasturias.com\/magazine365\/wp-json\/wp\/v2\/users\/1"}],"replies":[{"embeddable":true,"href":"https:\/\/eldigitaldeasturias.com\/magazine365\/wp-json\/wp\/v2\/comments?post=1726"}],"version-history":[{"count":0,"href":"https:\/\/eldigitaldeasturias.com\/magazine365\/wp-json\/wp\/v2\/posts\/1726\/revisions"}],"wp:featuredmedia":[{"embeddable":true,"href":"https:\/\/eldigitaldeasturias.com\/magazine365\/wp-json\/wp\/v2\/media\/1727"}],"wp:attachment":[{"href":"https:\/\/eldigitaldeasturias.com\/magazine365\/wp-json\/wp\/v2\/media?parent=1726"}],"wp:term":[{"taxonomy":"category","embeddable":true,"href":"https:\/\/eldigitaldeasturias.com\/magazine365\/wp-json\/wp\/v2\/categories?post=1726"},{"taxonomy":"post_tag","embeddable":true,"href":"https:\/\/eldigitaldeasturias.com\/magazine365\/wp-json\/wp\/v2\/tags?post=1726"}],"curies":[{"name":"wp","href":"https:\/\/api.w.org\/{rel}","templated":true}]}}