{"id":1720,"date":"2014-01-23T19:51:45","date_gmt":"2014-01-23T20:51:45","guid":{"rendered":"http:\/\/eldigitaldeasturias.com\/magazine365\/?p=1720"},"modified":"2014-01-23T19:51:45","modified_gmt":"2014-01-23T20:51:45","slug":"detenido-justin-bieber-por-conducir-ebrio-y-participar-en-una-carrera-ilegal","status":"publish","type":"post","link":"https:\/\/eldigitaldeasturias.com\/magazine365\/detenido-justin-bieber-por-conducir-ebrio-y-participar-en-una-carrera-ilegal\/","title":{"rendered":"Detenido Justin Bieber por conducir ebrio y participar en una carrera ilegal"},"content":{"rendered":"<p><img fetchpriority=\"high\" decoding=\"async\" class=\"alignleft size-medium wp-image-1721\" alt=\"5871428w\" src=\"https:\/\/eldigitaldeasturias.com\/magazine365\/wp-content\/uploads\/2014\/01\/5871428w-239x300.jpg\" width=\"239\" height=\"300\" \/>Miami (EE.UU.), 23 ene (EFE).- El \u00eddolo juvenil del pop Justin Bieber, de 19 a\u00f1os, fue arrestado esta madrugada en Miami Beach (EE.UU.) por conducir presuntamente bajo la influencia de sustancias y a toda velocidad su veh\u00edculo en una carrera ilegal, inform\u00f3 la Polic\u00eda.<\/p>\n<p>\u00abEstaban corriendo dos veh\u00edculos deportivos en una zona residencial de Miami Beach y los agentes detuvieron a sus conductores (uno de ellos Bieber) y conduc\u00edan bajo la influencia del alcohol\u00bb, dijo hoy a los medios Bob Hern\u00e1ndez, detective de la Polic\u00eda de esta ciudad.<\/p>\n<p>En estos momentos, Bieber se encuentra bajo custodia de Polic\u00eda de Miami Beach y \u00abest\u00e1 siendo procesado\u00bb, agreg\u00f3 el agente.<\/p>\n<p>El cantante canadiense tendr\u00e1 con toda probabilidad que enfrentarse a varios cargos y comparecer ante un juez. Se desconoce qui\u00e9n es su abogado y cu\u00e1ndo presentar\u00e1 la solicitud de libertad bajo fianza.<\/p>\n<p>La prueba de alcoholemia detect\u00f3 que Bieber se encontraba bajo la influencia de sustancias. El cantante se mostr\u00f3 ante los agentes \u00abincoherente, con las manos en los bolsillos, y, adem\u00e1s, no ten\u00eda un carn\u00e9 de conducir v\u00e1lido\u00bb, se\u00f1al\u00f3 el jefe de la Polic\u00eda de Miami Beach, Raymond Mart\u00ednez, al diario The Miami Herald.<\/p>\n<p>El portal TMZ, dedicado al mundo del espect\u00e1culo, indic\u00f3 que Bieber hab\u00eda salido de un club esta madrugada y conduc\u00eda un Lamborghini amarillo cuando los polic\u00edas lo detuvieron en un barrio residencial.<\/p>\n<p>Los informantes de TMZ dijeron que la persona contra la cual Justin compet\u00eda conduc\u00eda un Lamborghini rojo, y tambi\u00e9n fue arrestada.<\/p>\n<p>\u00abJustin llevaba una pasajera en su auto, una modelo\u00bb, a\u00f1adi\u00f3 TMZ.<\/p>\n<p>El arresto de Bieber se produce s\u00f3lo unos d\u00edas despu\u00e9s de que agentes de la Polic\u00eda de Los \u00c1ngeles registraran su domicilio para investigar la implicaci\u00f3n del joven en unos actos de vandalismo sucedidos en su barrio.<\/p>\n","protected":false},"excerpt":{"rendered":"<p>Miami (EE.UU.), 23 ene (EFE).- El \u00eddolo juvenil del pop Justin Bieber, de 19 a\u00f1os, fue arrestado esta madrugada en Miami Beach (EE.UU.) por conducir presuntamente bajo la influencia de sustancias y a toda velocidad su veh\u00edculo en una carrera ilegal, inform\u00f3 la Polic\u00eda. \u00abEstaban corriendo dos veh\u00edculos deportivos en una zona residencial de Miami<\/p>\n","protected":false},"author":1,"featured_media":1721,"comment_status":"open","ping_status":"open","sticky":false,"template":"","format":"standard","meta":{"footnotes":""},"categories":[224],"tags":[],"class_list":{"0":"post-1720","1":"post","2":"type-post","3":"status-publish","4":"format-standard","5":"has-post-thumbnail","7":"category-noticias-actualidad"},"aioseo_notices":[],"aioseo_head":"\n\t\t<!-- All in One SEO Pro 4.9.6.1 - aioseo.com -->\n\t<meta name=\"description\" content=\"Miami (EE.UU.), 23 ene (EFE).- El \u00eddolo juvenil del pop Justin Bieber, de 19 a\u00f1os, fue arrestado esta madrugada en Miami Beach (EE.UU.) por conducir presuntamente bajo la influencia de sustancias y a toda velocidad su veh\u00edculo en una carrera ilegal, inform\u00f3 la Polic\u00eda. &quot;Estaban corriendo dos veh\u00edculos deportivos en una zona residencial de Miami\" \/>\n\t<meta name=\"robots\" content=\"max-image-preview:large\" \/>\n\t<meta name=\"author\" content=\"admin\"\/>\n\t<meta name=\"google-site-verification\" content=\"UA-38556648-1\" \/>\n\t<meta name=\"keywords\" content=\"noticias y actualidad\" \/>\n\t<link rel=\"canonical\" href=\"https:\/\/eldigitaldeasturias.com\/magazine365\/detenido-justin-bieber-por-conducir-ebrio-y-participar-en-una-carrera-ilegal\/\" \/>\n\t<meta name=\"generator\" content=\"All in One SEO Pro (AIOSEO) 4.9.6.1\" \/>\n\t\t<meta property=\"og:locale\" content=\"es_ES\" \/>\n\t\t<meta property=\"og:site_name\" content=\"El Digital de Asturias \u2013 Revista de ocio, turismo y estilo de vida\" \/>\n\t\t<meta property=\"og:type\" content=\"article\" \/>\n\t\t<meta property=\"og:title\" content=\"Detenido Justin Bieber por conducir ebrio y participar en una carrera ilegal | El Digital de Asturias\" \/>\n\t\t<meta property=\"og:description\" content=\"Miami (EE.UU.), 23 ene (EFE).- El \u00eddolo juvenil del pop Justin Bieber, de 19 a\u00f1os, fue arrestado esta madrugada en Miami Beach (EE.UU.) por conducir presuntamente bajo la influencia de sustancias y a toda velocidad su veh\u00edculo en una carrera ilegal, inform\u00f3 la Polic\u00eda. &quot;Estaban corriendo dos veh\u00edculos deportivos en una zona residencial de Miami\" \/>\n\t\t<meta property=\"og:url\" content=\"https:\/\/eldigitaldeasturias.com\/magazine365\/detenido-justin-bieber-por-conducir-ebrio-y-participar-en-una-carrera-ilegal\/\" \/>\n\t\t<meta property=\"og:image\" content=\"https:\/\/eldigitaldeasturias.com\/magazine365\/wp-content\/uploads\/2014\/01\/5871428w.jpg\" \/>\n\t\t<meta property=\"og:image:secure_url\" content=\"https:\/\/eldigitaldeasturias.com\/magazine365\/wp-content\/uploads\/2014\/01\/5871428w.jpg\" \/>\n\t\t<meta property=\"og:image:width\" content=\"700\" \/>\n\t\t<meta property=\"og:image:height\" content=\"876\" \/>\n\t\t<meta property=\"article:published_time\" content=\"2014-01-23T20:51:45+00:00\" \/>\n\t\t<meta property=\"article:modified_time\" content=\"2014-01-23T20:51:45+00:00\" \/>\n\t\t<meta name=\"twitter:card\" content=\"summary_large_image\" \/>\n\t\t<meta name=\"twitter:title\" content=\"Detenido Justin Bieber por conducir ebrio y participar en una carrera ilegal | El Digital de Asturias\" \/>\n\t\t<meta name=\"twitter:description\" content=\"Miami (EE.UU.), 23 ene (EFE).- El \u00eddolo juvenil del pop Justin Bieber, de 19 a\u00f1os, fue arrestado esta madrugada en Miami Beach (EE.UU.) por conducir presuntamente bajo la influencia de sustancias y a toda velocidad su veh\u00edculo en una carrera ilegal, inform\u00f3 la Polic\u00eda. &quot;Estaban corriendo dos veh\u00edculos deportivos en una zona residencial de Miami\" \/>\n\t\t<meta name=\"twitter:image\" content=\"https:\/\/eldigitaldeasturias.com\/magazine365\/wp-content\/uploads\/2014\/01\/5871428w.jpg\" \/>\n\t\t<script type=\"application\/ld+json\" class=\"aioseo-schema\">\n\t\t\t{\"@context\":\"https:\\\/\\\/schema.org\",\"@graph\":[{\"@type\":\"Article\",\"@id\":\"https:\\\/\\\/eldigitaldeasturias.com\\\/magazine365\\\/detenido-justin-bieber-por-conducir-ebrio-y-participar-en-una-carrera-ilegal\\\/#article\",\"name\":\"Detenido Justin Bieber por conducir ebrio y participar en una carrera ilegal | El Digital de Asturias\",\"headline\":\"Detenido Justin Bieber por conducir ebrio y participar en una carrera ilegal\",\"author\":{\"@id\":\"https:\\\/\\\/eldigitaldeasturias.com\\\/magazine365\\\/author\\\/admin\\\/#author\"},\"publisher\":{\"@id\":\"https:\\\/\\\/eldigitaldeasturias.com\\\/magazine365\\\/#organization\"},\"image\":{\"@type\":\"ImageObject\",\"url\":\"https:\\\/\\\/eldigitaldeasturias.com\\\/magazine365\\\/wp-content\\\/uploads\\\/2014\\\/01\\\/5871428w.jpg\",\"width\":700,\"height\":876},\"datePublished\":\"2014-01-23T19:51:45+01:00\",\"dateModified\":\"2014-01-23T19:51:45+01:00\",\"inLanguage\":\"es-ES\",\"mainEntityOfPage\":{\"@id\":\"https:\\\/\\\/eldigitaldeasturias.com\\\/magazine365\\\/detenido-justin-bieber-por-conducir-ebrio-y-participar-en-una-carrera-ilegal\\\/#webpage\"},\"isPartOf\":{\"@id\":\"https:\\\/\\\/eldigitaldeasturias.com\\\/magazine365\\\/detenido-justin-bieber-por-conducir-ebrio-y-participar-en-una-carrera-ilegal\\\/#webpage\"},\"articleSection\":\"Noticias y Actualidad\"},{\"@type\":\"BreadcrumbList\",\"@id\":\"https:\\\/\\\/eldigitaldeasturias.com\\\/magazine365\\\/detenido-justin-bieber-por-conducir-ebrio-y-participar-en-una-carrera-ilegal\\\/#breadcrumblist\",\"itemListElement\":[{\"@type\":\"ListItem\",\"@id\":\"https:\\\/\\\/eldigitaldeasturias.com\\\/magazine365#listItem\",\"position\":1,\"name\":\"Home\",\"item\":\"https:\\\/\\\/eldigitaldeasturias.com\\\/magazine365\",\"nextItem\":{\"@type\":\"ListItem\",\"@id\":\"https:\\\/\\\/eldigitaldeasturias.com\\\/magazine365\\\/category\\\/noticias-actualidad\\\/#listItem\",\"name\":\"Noticias y Actualidad\"}},{\"@type\":\"ListItem\",\"@id\":\"https:\\\/\\\/eldigitaldeasturias.com\\\/magazine365\\\/category\\\/noticias-actualidad\\\/#listItem\",\"position\":2,\"name\":\"Noticias y Actualidad\",\"item\":\"https:\\\/\\\/eldigitaldeasturias.com\\\/magazine365\\\/category\\\/noticias-actualidad\\\/\",\"nextItem\":{\"@type\":\"ListItem\",\"@id\":\"https:\\\/\\\/eldigitaldeasturias.com\\\/magazine365\\\/detenido-justin-bieber-por-conducir-ebrio-y-participar-en-una-carrera-ilegal\\\/#listItem\",\"name\":\"Detenido Justin Bieber por conducir ebrio y participar en una carrera ilegal\"},\"previousItem\":{\"@type\":\"ListItem\",\"@id\":\"https:\\\/\\\/eldigitaldeasturias.com\\\/magazine365#listItem\",\"name\":\"Home\"}},{\"@type\":\"ListItem\",\"@id\":\"https:\\\/\\\/eldigitaldeasturias.com\\\/magazine365\\\/detenido-justin-bieber-por-conducir-ebrio-y-participar-en-una-carrera-ilegal\\\/#listItem\",\"position\":3,\"name\":\"Detenido Justin Bieber por conducir ebrio y participar en una carrera ilegal\",\"previousItem\":{\"@type\":\"ListItem\",\"@id\":\"https:\\\/\\\/eldigitaldeasturias.com\\\/magazine365\\\/category\\\/noticias-actualidad\\\/#listItem\",\"name\":\"Noticias y Actualidad\"}}]},{\"@type\":\"Organization\",\"@id\":\"https:\\\/\\\/eldigitaldeasturias.com\\\/magazine365\\\/#organization\",\"name\":\"El digital de Asturias\",\"description\":\"Revista de ocio, turismo y estilo de vida\",\"url\":\"https:\\\/\\\/eldigitaldeasturias.com\\\/magazine365\\\/\",\"logo\":{\"@type\":\"ImageObject\",\"url\":\"https:\\\/\\\/www.eldigitaldeasturias.com\\\/noticias\\\/wp-content\\\/uploads\\\/2020\\\/12\\\/EDA.jpg\",\"@id\":\"https:\\\/\\\/eldigitaldeasturias.com\\\/magazine365\\\/detenido-justin-bieber-por-conducir-ebrio-y-participar-en-una-carrera-ilegal\\\/#organizationLogo\"},\"image\":{\"@id\":\"https:\\\/\\\/eldigitaldeasturias.com\\\/magazine365\\\/detenido-justin-bieber-por-conducir-ebrio-y-participar-en-una-carrera-ilegal\\\/#organizationLogo\"}},{\"@type\":\"Person\",\"@id\":\"https:\\\/\\\/eldigitaldeasturias.com\\\/magazine365\\\/author\\\/admin\\\/#author\",\"url\":\"https:\\\/\\\/eldigitaldeasturias.com\\\/magazine365\\\/author\\\/admin\\\/\",\"name\":\"admin\",\"image\":{\"@type\":\"ImageObject\",\"@id\":\"https:\\\/\\\/eldigitaldeasturias.com\\\/magazine365\\\/detenido-justin-bieber-por-conducir-ebrio-y-participar-en-una-carrera-ilegal\\\/#authorImage\",\"url\":\"https:\\\/\\\/eldigitaldeasturias.com\\\/magazine365\\\/wp-content\\\/litespeed\\\/avatar\\\/e571bcf59a0edd6fa6838245a470f2fe.jpg?ver=1777574230\",\"width\":96,\"height\":96,\"caption\":\"admin\"}},{\"@type\":\"WebPage\",\"@id\":\"https:\\\/\\\/eldigitaldeasturias.com\\\/magazine365\\\/detenido-justin-bieber-por-conducir-ebrio-y-participar-en-una-carrera-ilegal\\\/#webpage\",\"url\":\"https:\\\/\\\/eldigitaldeasturias.com\\\/magazine365\\\/detenido-justin-bieber-por-conducir-ebrio-y-participar-en-una-carrera-ilegal\\\/\",\"name\":\"Detenido Justin Bieber por conducir ebrio y participar en una carrera ilegal | El Digital de Asturias\",\"description\":\"Miami (EE.UU.), 23 ene (EFE).- El \\u00eddolo juvenil del pop Justin Bieber, de 19 a\\u00f1os, fue arrestado esta madrugada en Miami Beach (EE.UU.) por conducir presuntamente bajo la influencia de sustancias y a toda velocidad su veh\\u00edculo en una carrera ilegal, inform\\u00f3 la Polic\\u00eda. \\\"Estaban corriendo dos veh\\u00edculos deportivos en una zona residencial de Miami\",\"inLanguage\":\"es-ES\",\"isPartOf\":{\"@id\":\"https:\\\/\\\/eldigitaldeasturias.com\\\/magazine365\\\/#website\"},\"breadcrumb\":{\"@id\":\"https:\\\/\\\/eldigitaldeasturias.com\\\/magazine365\\\/detenido-justin-bieber-por-conducir-ebrio-y-participar-en-una-carrera-ilegal\\\/#breadcrumblist\"},\"author\":{\"@id\":\"https:\\\/\\\/eldigitaldeasturias.com\\\/magazine365\\\/author\\\/admin\\\/#author\"},\"creator\":{\"@id\":\"https:\\\/\\\/eldigitaldeasturias.com\\\/magazine365\\\/author\\\/admin\\\/#author\"},\"image\":{\"@type\":\"ImageObject\",\"url\":\"https:\\\/\\\/eldigitaldeasturias.com\\\/magazine365\\\/wp-content\\\/uploads\\\/2014\\\/01\\\/5871428w.jpg\",\"@id\":\"https:\\\/\\\/eldigitaldeasturias.com\\\/magazine365\\\/detenido-justin-bieber-por-conducir-ebrio-y-participar-en-una-carrera-ilegal\\\/#mainImage\",\"width\":700,\"height\":876},\"primaryImageOfPage\":{\"@id\":\"https:\\\/\\\/eldigitaldeasturias.com\\\/magazine365\\\/detenido-justin-bieber-por-conducir-ebrio-y-participar-en-una-carrera-ilegal\\\/#mainImage\"},\"datePublished\":\"2014-01-23T19:51:45+01:00\",\"dateModified\":\"2014-01-23T19:51:45+01:00\"},{\"@type\":\"WebSite\",\"@id\":\"https:\\\/\\\/eldigitaldeasturias.com\\\/magazine365\\\/#website\",\"url\":\"https:\\\/\\\/eldigitaldeasturias.com\\\/magazine365\\\/\",\"name\":\"El Digital de Asturias\",\"description\":\"Revista de ocio, turismo y estilo de vida\",\"inLanguage\":\"es-ES\",\"publisher\":{\"@id\":\"https:\\\/\\\/eldigitaldeasturias.com\\\/magazine365\\\/#organization\"}}]}\n\t\t<\/script>\n\t\t<!-- All in One SEO Pro -->\r\n\t\t<title>Detenido Justin Bieber por conducir ebrio y participar en una carrera ilegal | El Digital de Asturias<\/title>\n\n","aioseo_head_json":{"title":"Detenido Justin Bieber por conducir ebrio y participar en una carrera ilegal | El Digital de Asturias","description":"Miami (EE.UU.), 23 ene (EFE).- El \u00eddolo juvenil del pop Justin Bieber, de 19 a\u00f1os, fue arrestado esta madrugada en Miami Beach (EE.UU.) por conducir presuntamente bajo la influencia de sustancias y a toda velocidad su veh\u00edculo en una carrera ilegal, inform\u00f3 la Polic\u00eda. \"Estaban corriendo dos veh\u00edculos deportivos en una zona residencial de Miami","canonical_url":"https:\/\/eldigitaldeasturias.com\/magazine365\/detenido-justin-bieber-por-conducir-ebrio-y-participar-en-una-carrera-ilegal\/","robots":"max-image-preview:large","keywords":"noticias y actualidad","webmasterTools":{"google-site-verification":"UA-38556648-1","miscellaneous":""},"schema":{"@context":"https:\/\/schema.org","@graph":[{"@type":"Article","@id":"https:\/\/eldigitaldeasturias.com\/magazine365\/detenido-justin-bieber-por-conducir-ebrio-y-participar-en-una-carrera-ilegal\/#article","name":"Detenido Justin Bieber por conducir ebrio y participar en una carrera ilegal | El Digital de Asturias","headline":"Detenido Justin Bieber por conducir ebrio y participar en una carrera ilegal","author":{"@id":"https:\/\/eldigitaldeasturias.com\/magazine365\/author\/admin\/#author"},"publisher":{"@id":"https:\/\/eldigitaldeasturias.com\/magazine365\/#organization"},"image":{"@type":"ImageObject","url":"https:\/\/eldigitaldeasturias.com\/magazine365\/wp-content\/uploads\/2014\/01\/5871428w.jpg","width":700,"height":876},"datePublished":"2014-01-23T19:51:45+01:00","dateModified":"2014-01-23T19:51:45+01:00","inLanguage":"es-ES","mainEntityOfPage":{"@id":"https:\/\/eldigitaldeasturias.com\/magazine365\/detenido-justin-bieber-por-conducir-ebrio-y-participar-en-una-carrera-ilegal\/#webpage"},"isPartOf":{"@id":"https:\/\/eldigitaldeasturias.com\/magazine365\/detenido-justin-bieber-por-conducir-ebrio-y-participar-en-una-carrera-ilegal\/#webpage"},"articleSection":"Noticias y Actualidad"},{"@type":"BreadcrumbList","@id":"https:\/\/eldigitaldeasturias.com\/magazine365\/detenido-justin-bieber-por-conducir-ebrio-y-participar-en-una-carrera-ilegal\/#breadcrumblist","itemListElement":[{"@type":"ListItem","@id":"https:\/\/eldigitaldeasturias.com\/magazine365#listItem","position":1,"name":"Home","item":"https:\/\/eldigitaldeasturias.com\/magazine365","nextItem":{"@type":"ListItem","@id":"https:\/\/eldigitaldeasturias.com\/magazine365\/category\/noticias-actualidad\/#listItem","name":"Noticias y Actualidad"}},{"@type":"ListItem","@id":"https:\/\/eldigitaldeasturias.com\/magazine365\/category\/noticias-actualidad\/#listItem","position":2,"name":"Noticias y Actualidad","item":"https:\/\/eldigitaldeasturias.com\/magazine365\/category\/noticias-actualidad\/","nextItem":{"@type":"ListItem","@id":"https:\/\/eldigitaldeasturias.com\/magazine365\/detenido-justin-bieber-por-conducir-ebrio-y-participar-en-una-carrera-ilegal\/#listItem","name":"Detenido Justin Bieber por conducir ebrio y participar en una carrera ilegal"},"previousItem":{"@type":"ListItem","@id":"https:\/\/eldigitaldeasturias.com\/magazine365#listItem","name":"Home"}},{"@type":"ListItem","@id":"https:\/\/eldigitaldeasturias.com\/magazine365\/detenido-justin-bieber-por-conducir-ebrio-y-participar-en-una-carrera-ilegal\/#listItem","position":3,"name":"Detenido Justin Bieber por conducir ebrio y participar en una carrera ilegal","previousItem":{"@type":"ListItem","@id":"https:\/\/eldigitaldeasturias.com\/magazine365\/category\/noticias-actualidad\/#listItem","name":"Noticias y Actualidad"}}]},{"@type":"Organization","@id":"https:\/\/eldigitaldeasturias.com\/magazine365\/#organization","name":"El digital de Asturias","description":"Revista de ocio, turismo y estilo de vida","url":"https:\/\/eldigitaldeasturias.com\/magazine365\/","logo":{"@type":"ImageObject","url":"https:\/\/www.eldigitaldeasturias.com\/noticias\/wp-content\/uploads\/2020\/12\/EDA.jpg","@id":"https:\/\/eldigitaldeasturias.com\/magazine365\/detenido-justin-bieber-por-conducir-ebrio-y-participar-en-una-carrera-ilegal\/#organizationLogo"},"image":{"@id":"https:\/\/eldigitaldeasturias.com\/magazine365\/detenido-justin-bieber-por-conducir-ebrio-y-participar-en-una-carrera-ilegal\/#organizationLogo"}},{"@type":"Person","@id":"https:\/\/eldigitaldeasturias.com\/magazine365\/author\/admin\/#author","url":"https:\/\/eldigitaldeasturias.com\/magazine365\/author\/admin\/","name":"admin","image":{"@type":"ImageObject","@id":"https:\/\/eldigitaldeasturias.com\/magazine365\/detenido-justin-bieber-por-conducir-ebrio-y-participar-en-una-carrera-ilegal\/#authorImage","url":"https:\/\/eldigitaldeasturias.com\/magazine365\/wp-content\/litespeed\/avatar\/e571bcf59a0edd6fa6838245a470f2fe.jpg?ver=1777574230","width":96,"height":96,"caption":"admin"}},{"@type":"WebPage","@id":"https:\/\/eldigitaldeasturias.com\/magazine365\/detenido-justin-bieber-por-conducir-ebrio-y-participar-en-una-carrera-ilegal\/#webpage","url":"https:\/\/eldigitaldeasturias.com\/magazine365\/detenido-justin-bieber-por-conducir-ebrio-y-participar-en-una-carrera-ilegal\/","name":"Detenido Justin Bieber por conducir ebrio y participar en una carrera ilegal | El Digital de Asturias","description":"Miami (EE.UU.), 23 ene (EFE).- El \u00eddolo juvenil del pop Justin Bieber, de 19 a\u00f1os, fue arrestado esta madrugada en Miami Beach (EE.UU.) por conducir presuntamente bajo la influencia de sustancias y a toda velocidad su veh\u00edculo en una carrera ilegal, inform\u00f3 la Polic\u00eda. \"Estaban corriendo dos veh\u00edculos deportivos en una zona residencial de Miami","inLanguage":"es-ES","isPartOf":{"@id":"https:\/\/eldigitaldeasturias.com\/magazine365\/#website"},"breadcrumb":{"@id":"https:\/\/eldigitaldeasturias.com\/magazine365\/detenido-justin-bieber-por-conducir-ebrio-y-participar-en-una-carrera-ilegal\/#breadcrumblist"},"author":{"@id":"https:\/\/eldigitaldeasturias.com\/magazine365\/author\/admin\/#author"},"creator":{"@id":"https:\/\/eldigitaldeasturias.com\/magazine365\/author\/admin\/#author"},"image":{"@type":"ImageObject","url":"https:\/\/eldigitaldeasturias.com\/magazine365\/wp-content\/uploads\/2014\/01\/5871428w.jpg","@id":"https:\/\/eldigitaldeasturias.com\/magazine365\/detenido-justin-bieber-por-conducir-ebrio-y-participar-en-una-carrera-ilegal\/#mainImage","width":700,"height":876},"primaryImageOfPage":{"@id":"https:\/\/eldigitaldeasturias.com\/magazine365\/detenido-justin-bieber-por-conducir-ebrio-y-participar-en-una-carrera-ilegal\/#mainImage"},"datePublished":"2014-01-23T19:51:45+01:00","dateModified":"2014-01-23T19:51:45+01:00"},{"@type":"WebSite","@id":"https:\/\/eldigitaldeasturias.com\/magazine365\/#website","url":"https:\/\/eldigitaldeasturias.com\/magazine365\/","name":"El Digital de Asturias","description":"Revista de ocio, turismo y estilo de vida","inLanguage":"es-ES","publisher":{"@id":"https:\/\/eldigitaldeasturias.com\/magazine365\/#organization"}}]},"og:locale":"es_ES","og:site_name":"El Digital de Asturias \u2013 Revista de ocio, turismo y estilo de vida","og:type":"article","og:title":"Detenido Justin Bieber por conducir ebrio y participar en una carrera ilegal | El Digital de Asturias","og:description":"Miami (EE.UU.), 23 ene (EFE).- El \u00eddolo juvenil del pop Justin Bieber, de 19 a\u00f1os, fue arrestado esta madrugada en Miami Beach (EE.UU.) por conducir presuntamente bajo la influencia de sustancias y a toda velocidad su veh\u00edculo en una carrera ilegal, inform\u00f3 la Polic\u00eda. &quot;Estaban corriendo dos veh\u00edculos deportivos en una zona residencial de Miami","og:url":"https:\/\/eldigitaldeasturias.com\/magazine365\/detenido-justin-bieber-por-conducir-ebrio-y-participar-en-una-carrera-ilegal\/","og:image":"https:\/\/eldigitaldeasturias.com\/magazine365\/wp-content\/uploads\/2014\/01\/5871428w.jpg","og:image:secure_url":"https:\/\/eldigitaldeasturias.com\/magazine365\/wp-content\/uploads\/2014\/01\/5871428w.jpg","og:image:width":700,"og:image:height":876,"article:published_time":"2014-01-23T20:51:45+00:00","article:modified_time":"2014-01-23T20:51:45+00:00","twitter:card":"summary_large_image","twitter:title":"Detenido Justin Bieber por conducir ebrio y participar en una carrera ilegal | El Digital de Asturias","twitter:description":"Miami (EE.UU.), 23 ene (EFE).- El \u00eddolo juvenil del pop Justin Bieber, de 19 a\u00f1os, fue arrestado esta madrugada en Miami Beach (EE.UU.) por conducir presuntamente bajo la influencia de sustancias y a toda velocidad su veh\u00edculo en una carrera ilegal, inform\u00f3 la Polic\u00eda. &quot;Estaban corriendo dos veh\u00edculos deportivos en una zona residencial de Miami","twitter:image":"https:\/\/eldigitaldeasturias.com\/magazine365\/wp-content\/uploads\/2014\/01\/5871428w.jpg"},"aioseo_meta_data":{"post_id":"1720","title":null,"description":null,"keywords":null,"keyphrases":null,"primary_term":null,"canonical_url":null,"og_title":null,"og_description":null,"og_object_type":"default","og_image_type":"default","og_image_url":null,"og_image_width":null,"og_image_height":null,"og_image_custom_url":null,"og_image_custom_fields":null,"og_video":null,"og_custom_url":null,"og_article_section":null,"og_article_tags":null,"twitter_use_og":false,"twitter_card":"default","twitter_image_type":"default","twitter_image_url":null,"twitter_image_custom_url":null,"twitter_image_custom_fields":null,"twitter_title":null,"twitter_description":null,"schema":{"blockGraphs":[],"customGraphs":[],"default":{"data":{"Article":[],"Course":[],"Dataset":[],"FAQPage":[],"Movie":[],"Person":[],"Product":[],"ProductReview":[],"Car":[],"Recipe":[],"Service":[],"SoftwareApplication":[],"WebPage":[]},"graphName":"","isEnabled":true},"graphs":[],"defaultGraph":"","defaultPostTypeGraph":""},"schema_type":null,"schema_type_options":null,"pillar_content":false,"robots_default":true,"robots_noindex":false,"robots_noarchive":false,"robots_nosnippet":false,"robots_nofollow":false,"robots_noimageindex":false,"robots_noodp":false,"robots_notranslate":false,"robots_max_snippet":null,"robots_max_videopreview":null,"robots_max_imagepreview":"large","priority":null,"frequency":null,"location":null,"local_seo":null,"seo_analyzer_scan_date":"2025-09-16 09:53:31","breadcrumb_settings":null,"limit_modified_date":false,"open_ai":null,"ai":null,"created":"2020-12-21 13:40:23","updated":"2025-09-16 09:53:31"},"aioseo_breadcrumb":"<div class=\"aioseo-breadcrumbs\"><span class=\"aioseo-breadcrumb\">\n\t<a href=\"https:\/\/eldigitaldeasturias.com\/magazine365\" title=\"Home\">Home<\/a>\n<\/span><span class=\"aioseo-breadcrumb-separator\">\u2013<\/span><span class=\"aioseo-breadcrumb\">\n\t<a href=\"https:\/\/eldigitaldeasturias.com\/magazine365\/category\/noticias-actualidad\/\" title=\"Noticias y Actualidad\">Noticias y Actualidad<\/a>\n<\/span><span class=\"aioseo-breadcrumb-separator\">\u2013<\/span><span class=\"aioseo-breadcrumb\">\n\t<a href=\"https:\/\/eldigitaldeasturias.com\/magazine365\/detenido-justin-bieber-por-conducir-ebrio-y-participar-en-una-carrera-ilegal\/\" title=\"Detenido Justin Bieber por conducir ebrio y participar en una carrera ilegal\">Detenido Justin Bieber por conducir ebrio y participar en una carrera ilegal<\/a>\n<\/span><\/div>","aioseo_breadcrumb_json":[{"label":"Home","link":"https:\/\/eldigitaldeasturias.com\/magazine365"},{"label":"Noticias y Actualidad","link":"https:\/\/eldigitaldeasturias.com\/magazine365\/category\/noticias-actualidad\/"},{"label":"Detenido Justin Bieber por conducir ebrio y participar en una carrera ilegal","link":"https:\/\/eldigitaldeasturias.com\/magazine365\/detenido-justin-bieber-por-conducir-ebrio-y-participar-en-una-carrera-ilegal\/"}],"_links":{"self":[{"href":"https:\/\/eldigitaldeasturias.com\/magazine365\/wp-json\/wp\/v2\/posts\/1720","targetHints":{"allow":["GET"]}}],"collection":[{"href":"https:\/\/eldigitaldeasturias.com\/magazine365\/wp-json\/wp\/v2\/posts"}],"about":[{"href":"https:\/\/eldigitaldeasturias.com\/magazine365\/wp-json\/wp\/v2\/types\/post"}],"author":[{"embeddable":true,"href":"https:\/\/eldigitaldeasturias.com\/magazine365\/wp-json\/wp\/v2\/users\/1"}],"replies":[{"embeddable":true,"href":"https:\/\/eldigitaldeasturias.com\/magazine365\/wp-json\/wp\/v2\/comments?post=1720"}],"version-history":[{"count":0,"href":"https:\/\/eldigitaldeasturias.com\/magazine365\/wp-json\/wp\/v2\/posts\/1720\/revisions"}],"wp:featuredmedia":[{"embeddable":true,"href":"https:\/\/eldigitaldeasturias.com\/magazine365\/wp-json\/wp\/v2\/media\/1721"}],"wp:attachment":[{"href":"https:\/\/eldigitaldeasturias.com\/magazine365\/wp-json\/wp\/v2\/media?parent=1720"}],"wp:term":[{"taxonomy":"category","embeddable":true,"href":"https:\/\/eldigitaldeasturias.com\/magazine365\/wp-json\/wp\/v2\/categories?post=1720"},{"taxonomy":"post_tag","embeddable":true,"href":"https:\/\/eldigitaldeasturias.com\/magazine365\/wp-json\/wp\/v2\/tags?post=1720"}],"curies":[{"name":"wp","href":"https:\/\/api.w.org\/{rel}","templated":true}]}}