{"id":1714,"date":"2014-01-23T19:49:10","date_gmt":"2014-01-23T20:49:10","guid":{"rendered":"http:\/\/eldigitaldeasturias.com\/magazine365\/?p=1714"},"modified":"2014-01-23T19:49:10","modified_gmt":"2014-01-23T20:49:10","slug":"el-sector-del-automovil-confia-en-que-manana-el-gobierno-apruebe-el-plan-pive-5","status":"publish","type":"post","link":"https:\/\/eldigitaldeasturias.com\/magazine365\/el-sector-del-automovil-confia-en-que-manana-el-gobierno-apruebe-el-plan-pive-5\/","title":{"rendered":"El sector del autom\u00f3vil conf\u00eda en que ma\u00f1ana el Gobierno apruebe el Plan PIVE 5"},"content":{"rendered":"<p><img fetchpriority=\"high\" decoding=\"async\" class=\"alignleft size-medium wp-image-1715\" alt=\"5871365w\" src=\"https:\/\/eldigitaldeasturias.com\/magazine365\/wp-content\/uploads\/2014\/01\/5871365w-360x241.jpg\" width=\"360\" height=\"241\" srcset=\"https:\/\/eldigitaldeasturias.com\/magazine365\/wp-content\/uploads\/2014\/01\/5871365w-360x241.jpg 360w, https:\/\/eldigitaldeasturias.com\/magazine365\/wp-content\/uploads\/2014\/01\/5871365w-650x436.jpg 650w, https:\/\/eldigitaldeasturias.com\/magazine365\/wp-content\/uploads\/2014\/01\/5871365w-768x515.jpg 768w, https:\/\/eldigitaldeasturias.com\/magazine365\/wp-content\/uploads\/2014\/01\/5871365w-150x101.jpg 150w, https:\/\/eldigitaldeasturias.com\/magazine365\/wp-content\/uploads\/2014\/01\/5871365w-450x302.jpg 450w, https:\/\/eldigitaldeasturias.com\/magazine365\/wp-content\/uploads\/2014\/01\/5871365w-696x466.jpg 696w, https:\/\/eldigitaldeasturias.com\/magazine365\/wp-content\/uploads\/2014\/01\/5871365w-627x420.jpg 627w, https:\/\/eldigitaldeasturias.com\/magazine365\/wp-content\/uploads\/2014\/01\/5871365w-84x55.jpg 84w, https:\/\/eldigitaldeasturias.com\/magazine365\/wp-content\/uploads\/2014\/01\/5871365w.jpg 800w\" sizes=\"(max-width: 360px) 100vw, 360px\" \/>Madrid, 23 ene (EFE).- El sector automovil\u00edstico ha expresado hoy a Efe su confianza en que ma\u00f1ana el Gobierno, en Consejo de Ministros, apruebe definitivamente el Plan PIVE 5.<\/p>\n<p>Esta plan, dotado con 175 millones de euros en fondos para ayudar al consumidor a la compra de autom\u00f3viles de baja contaminaci\u00f3n, lo anunci\u00f3 la vicepresidenta del Gobierno, Soraya S\u00e1enz de Santanar\u00eda, el pasado 10 de enero, tras el primera reuni\u00f3n del gabinete del a\u00f1o.<\/p>\n<p>S\u00e1enz de Santamar\u00eda anunci\u00f3 que el plan se aprobar\u00eda en las \u00abpr\u00f3ximas semanas\u00bb y apunt\u00f3 detalles como la ya citada dotaci\u00f3n y los efectos sobre la demanda y la industria que han tenido las cuatro ediciones anteriores de esta medida, sin entrar en m\u00e1s contenidos.<\/p>\n<p>Las distintas fuentes consultadas por Efe no prev\u00e9n cambios sustanciales respecto a los requisitos contemplados en el Plan PIVE 4 en cuanto a beneficiarios, condiciones de los autom\u00f3viles, dotaciones por cada operaci\u00f3n y protocolos respecto al achatarramiento.<\/p>\n<p>El director general de Peugeot Espa\u00f1a, Rafael Prieto, que preside la Asociaci\u00f3n Nacional de Fabricantes de Autom\u00f3viles (Anfac), dijo el pasado lunes, en la presentaci\u00f3n de resultados de su filial, que urge la aprobaci\u00f3n del plan y que es necesaria una acci\u00f3n r\u00e1pida, pues el tr\u00e1fico de consumidores por los concesionarios hab\u00eda sufrido una importante bajada desde el anuncio del Gobierno sobre el PIVE 5.<\/p>\n<p>Prieto y el resto de las principales asociaciones del sector entienden que la dotaci\u00f3n de 175 millones de euros, aunque es la mayor concedida a este tipo de planes desde su puesta en marcha, en septiembre de 2012, ser\u00e1 insuficiente para la cobertura del ejercicio completo, dado el ritmo imprimido de reservas, sobre todo en el plan anterior.<\/p>\n<p>S\u00e1enz de Santamar\u00eda destac\u00f3 el c\u00e1lculo de una creaci\u00f3n de 4.500 empleos por influencia del Plan PIVE 5 a a\u00f1adir a los 10.000 generados con las ediciones anteriores.<\/p>\n<p>Entre los efectos de los cuatro planes anteriores se alude a la sustituci\u00f3n de 365.000 veh\u00edculos, un ahorro de carburante de 127 millones de litros y una reducci\u00f3n de emisiones de 161.000 toneladas de CO2 al a\u00f1o.<\/p>\n<p>La recaudaci\u00f3n fiscal inducida de 1.000 millones de euros por el aumento de ventas de autom\u00f3viles y que la producci\u00f3n y exportaci\u00f3n se han incrementado en tasas interanuales del 9 % son otras de las razones aducidas por la vicepresidenta.<\/p>\n<p>En cuanto a la producci\u00f3n se cita que un 60 % de los veh\u00edculos acogidos a los distintos planes PIVE se han fabricado en Espa\u00f1a<\/p>\n<p>La inversi\u00f3n extranjera figura como argumento desde la perspectiva que se han recibido 3.500 millones de euros en 2013 y se a\u00f1adir\u00e1n otros 1.500 millones en el ejercicio en curso.<\/p>\n","protected":false},"excerpt":{"rendered":"<p>Madrid, 23 ene (EFE).- El sector automovil\u00edstico ha expresado hoy a Efe su confianza en que ma\u00f1ana el Gobierno, en Consejo de Ministros, apruebe definitivamente el Plan PIVE 5. Esta plan, dotado con 175 millones de euros en fondos para ayudar al consumidor a la compra de autom\u00f3viles de baja contaminaci\u00f3n, lo anunci\u00f3 la vicepresidenta<\/p>\n","protected":false},"author":1,"featured_media":1715,"comment_status":"open","ping_status":"open","sticky":false,"template":"","format":"standard","meta":{"footnotes":""},"categories":[224],"tags":[],"class_list":{"0":"post-1714","1":"post","2":"type-post","3":"status-publish","4":"format-standard","5":"has-post-thumbnail","7":"category-noticias-actualidad"},"aioseo_notices":[],"aioseo_head":"\n\t\t<!-- All in One SEO Pro 4.9.6.1 - aioseo.com -->\n\t<meta name=\"description\" content=\"Madrid, 23 ene (EFE).- El sector automovil\u00edstico ha expresado hoy a Efe su confianza en que ma\u00f1ana el Gobierno, en Consejo de Ministros, apruebe definitivamente el Plan PIVE 5. Esta plan, dotado con 175 millones de euros en fondos para ayudar al consumidor a la compra de autom\u00f3viles de baja contaminaci\u00f3n, lo anunci\u00f3 la vicepresidenta\" \/>\n\t<meta name=\"robots\" content=\"max-image-preview:large\" \/>\n\t<meta name=\"author\" content=\"admin\"\/>\n\t<meta name=\"google-site-verification\" content=\"UA-38556648-1\" \/>\n\t<meta name=\"keywords\" content=\"noticias y actualidad\" \/>\n\t<link rel=\"canonical\" href=\"https:\/\/eldigitaldeasturias.com\/magazine365\/el-sector-del-automovil-confia-en-que-manana-el-gobierno-apruebe-el-plan-pive-5\/\" \/>\n\t<meta name=\"generator\" content=\"All in One SEO Pro (AIOSEO) 4.9.6.1\" \/>\n\t\t<meta property=\"og:locale\" content=\"es_ES\" \/>\n\t\t<meta property=\"og:site_name\" content=\"El Digital de Asturias \u2013 Revista de ocio, turismo y estilo de vida\" \/>\n\t\t<meta property=\"og:type\" content=\"article\" \/>\n\t\t<meta property=\"og:title\" content=\"El sector del autom\u00f3vil conf\u00eda en que ma\u00f1ana el Gobierno apruebe el Plan PIVE 5 | El Digital de Asturias\" \/>\n\t\t<meta property=\"og:description\" content=\"Madrid, 23 ene (EFE).- El sector automovil\u00edstico ha expresado hoy a Efe su confianza en que ma\u00f1ana el Gobierno, en Consejo de Ministros, apruebe definitivamente el Plan PIVE 5. Esta plan, dotado con 175 millones de euros en fondos para ayudar al consumidor a la compra de autom\u00f3viles de baja contaminaci\u00f3n, lo anunci\u00f3 la vicepresidenta\" \/>\n\t\t<meta property=\"og:url\" content=\"https:\/\/eldigitaldeasturias.com\/magazine365\/el-sector-del-automovil-confia-en-que-manana-el-gobierno-apruebe-el-plan-pive-5\/\" \/>\n\t\t<meta property=\"og:image\" content=\"https:\/\/eldigitaldeasturias.com\/magazine365\/wp-content\/uploads\/2014\/01\/5871365w.jpg\" \/>\n\t\t<meta property=\"og:image:secure_url\" content=\"https:\/\/eldigitaldeasturias.com\/magazine365\/wp-content\/uploads\/2014\/01\/5871365w.jpg\" \/>\n\t\t<meta property=\"og:image:width\" content=\"800\" \/>\n\t\t<meta property=\"og:image:height\" content=\"536\" \/>\n\t\t<meta property=\"article:published_time\" content=\"2014-01-23T20:49:10+00:00\" \/>\n\t\t<meta property=\"article:modified_time\" content=\"2014-01-23T20:49:10+00:00\" \/>\n\t\t<meta name=\"twitter:card\" content=\"summary_large_image\" \/>\n\t\t<meta name=\"twitter:title\" content=\"El sector del autom\u00f3vil conf\u00eda en que ma\u00f1ana el Gobierno apruebe el Plan PIVE 5 | El Digital de Asturias\" \/>\n\t\t<meta name=\"twitter:description\" content=\"Madrid, 23 ene (EFE).- El sector automovil\u00edstico ha expresado hoy a Efe su confianza en que ma\u00f1ana el Gobierno, en Consejo de Ministros, apruebe definitivamente el Plan PIVE 5. Esta plan, dotado con 175 millones de euros en fondos para ayudar al consumidor a la compra de autom\u00f3viles de baja contaminaci\u00f3n, lo anunci\u00f3 la vicepresidenta\" \/>\n\t\t<meta name=\"twitter:image\" content=\"https:\/\/eldigitaldeasturias.com\/magazine365\/wp-content\/uploads\/2014\/01\/5871365w.jpg\" \/>\n\t\t<script type=\"application\/ld+json\" class=\"aioseo-schema\">\n\t\t\t{\"@context\":\"https:\\\/\\\/schema.org\",\"@graph\":[{\"@type\":\"Article\",\"@id\":\"https:\\\/\\\/eldigitaldeasturias.com\\\/magazine365\\\/el-sector-del-automovil-confia-en-que-manana-el-gobierno-apruebe-el-plan-pive-5\\\/#article\",\"name\":\"El sector del autom\\u00f3vil conf\\u00eda en que ma\\u00f1ana el Gobierno apruebe el Plan PIVE 5 | El Digital de Asturias\",\"headline\":\"El sector del autom\\u00f3vil conf\\u00eda en que ma\\u00f1ana el Gobierno apruebe el Plan PIVE 5\",\"author\":{\"@id\":\"https:\\\/\\\/eldigitaldeasturias.com\\\/magazine365\\\/author\\\/admin\\\/#author\"},\"publisher\":{\"@id\":\"https:\\\/\\\/eldigitaldeasturias.com\\\/magazine365\\\/#organization\"},\"image\":{\"@type\":\"ImageObject\",\"url\":\"https:\\\/\\\/eldigitaldeasturias.com\\\/magazine365\\\/wp-content\\\/uploads\\\/2014\\\/01\\\/5871365w.jpg\",\"width\":800,\"height\":536},\"datePublished\":\"2014-01-23T19:49:10+01:00\",\"dateModified\":\"2014-01-23T19:49:10+01:00\",\"inLanguage\":\"es-ES\",\"mainEntityOfPage\":{\"@id\":\"https:\\\/\\\/eldigitaldeasturias.com\\\/magazine365\\\/el-sector-del-automovil-confia-en-que-manana-el-gobierno-apruebe-el-plan-pive-5\\\/#webpage\"},\"isPartOf\":{\"@id\":\"https:\\\/\\\/eldigitaldeasturias.com\\\/magazine365\\\/el-sector-del-automovil-confia-en-que-manana-el-gobierno-apruebe-el-plan-pive-5\\\/#webpage\"},\"articleSection\":\"Noticias y Actualidad\"},{\"@type\":\"BreadcrumbList\",\"@id\":\"https:\\\/\\\/eldigitaldeasturias.com\\\/magazine365\\\/el-sector-del-automovil-confia-en-que-manana-el-gobierno-apruebe-el-plan-pive-5\\\/#breadcrumblist\",\"itemListElement\":[{\"@type\":\"ListItem\",\"@id\":\"https:\\\/\\\/eldigitaldeasturias.com\\\/magazine365#listItem\",\"position\":1,\"name\":\"Home\",\"item\":\"https:\\\/\\\/eldigitaldeasturias.com\\\/magazine365\",\"nextItem\":{\"@type\":\"ListItem\",\"@id\":\"https:\\\/\\\/eldigitaldeasturias.com\\\/magazine365\\\/category\\\/noticias-actualidad\\\/#listItem\",\"name\":\"Noticias y Actualidad\"}},{\"@type\":\"ListItem\",\"@id\":\"https:\\\/\\\/eldigitaldeasturias.com\\\/magazine365\\\/category\\\/noticias-actualidad\\\/#listItem\",\"position\":2,\"name\":\"Noticias y Actualidad\",\"item\":\"https:\\\/\\\/eldigitaldeasturias.com\\\/magazine365\\\/category\\\/noticias-actualidad\\\/\",\"nextItem\":{\"@type\":\"ListItem\",\"@id\":\"https:\\\/\\\/eldigitaldeasturias.com\\\/magazine365\\\/el-sector-del-automovil-confia-en-que-manana-el-gobierno-apruebe-el-plan-pive-5\\\/#listItem\",\"name\":\"El sector del autom\\u00f3vil conf\\u00eda en que ma\\u00f1ana el Gobierno apruebe el Plan PIVE 5\"},\"previousItem\":{\"@type\":\"ListItem\",\"@id\":\"https:\\\/\\\/eldigitaldeasturias.com\\\/magazine365#listItem\",\"name\":\"Home\"}},{\"@type\":\"ListItem\",\"@id\":\"https:\\\/\\\/eldigitaldeasturias.com\\\/magazine365\\\/el-sector-del-automovil-confia-en-que-manana-el-gobierno-apruebe-el-plan-pive-5\\\/#listItem\",\"position\":3,\"name\":\"El sector del autom\\u00f3vil conf\\u00eda en que ma\\u00f1ana el Gobierno apruebe el Plan PIVE 5\",\"previousItem\":{\"@type\":\"ListItem\",\"@id\":\"https:\\\/\\\/eldigitaldeasturias.com\\\/magazine365\\\/category\\\/noticias-actualidad\\\/#listItem\",\"name\":\"Noticias y Actualidad\"}}]},{\"@type\":\"Organization\",\"@id\":\"https:\\\/\\\/eldigitaldeasturias.com\\\/magazine365\\\/#organization\",\"name\":\"El digital de Asturias\",\"description\":\"Revista de ocio, turismo y estilo de vida\",\"url\":\"https:\\\/\\\/eldigitaldeasturias.com\\\/magazine365\\\/\",\"logo\":{\"@type\":\"ImageObject\",\"url\":\"https:\\\/\\\/www.eldigitaldeasturias.com\\\/noticias\\\/wp-content\\\/uploads\\\/2020\\\/12\\\/EDA.jpg\",\"@id\":\"https:\\\/\\\/eldigitaldeasturias.com\\\/magazine365\\\/el-sector-del-automovil-confia-en-que-manana-el-gobierno-apruebe-el-plan-pive-5\\\/#organizationLogo\"},\"image\":{\"@id\":\"https:\\\/\\\/eldigitaldeasturias.com\\\/magazine365\\\/el-sector-del-automovil-confia-en-que-manana-el-gobierno-apruebe-el-plan-pive-5\\\/#organizationLogo\"}},{\"@type\":\"Person\",\"@id\":\"https:\\\/\\\/eldigitaldeasturias.com\\\/magazine365\\\/author\\\/admin\\\/#author\",\"url\":\"https:\\\/\\\/eldigitaldeasturias.com\\\/magazine365\\\/author\\\/admin\\\/\",\"name\":\"admin\",\"image\":{\"@type\":\"ImageObject\",\"@id\":\"https:\\\/\\\/eldigitaldeasturias.com\\\/magazine365\\\/el-sector-del-automovil-confia-en-que-manana-el-gobierno-apruebe-el-plan-pive-5\\\/#authorImage\",\"url\":\"https:\\\/\\\/eldigitaldeasturias.com\\\/magazine365\\\/wp-content\\\/litespeed\\\/avatar\\\/e571bcf59a0edd6fa6838245a470f2fe.jpg?ver=1777574230\",\"width\":96,\"height\":96,\"caption\":\"admin\"}},{\"@type\":\"WebPage\",\"@id\":\"https:\\\/\\\/eldigitaldeasturias.com\\\/magazine365\\\/el-sector-del-automovil-confia-en-que-manana-el-gobierno-apruebe-el-plan-pive-5\\\/#webpage\",\"url\":\"https:\\\/\\\/eldigitaldeasturias.com\\\/magazine365\\\/el-sector-del-automovil-confia-en-que-manana-el-gobierno-apruebe-el-plan-pive-5\\\/\",\"name\":\"El sector del autom\\u00f3vil conf\\u00eda en que ma\\u00f1ana el Gobierno apruebe el Plan PIVE 5 | El Digital de Asturias\",\"description\":\"Madrid, 23 ene (EFE).- El sector automovil\\u00edstico ha expresado hoy a Efe su confianza en que ma\\u00f1ana el Gobierno, en Consejo de Ministros, apruebe definitivamente el Plan PIVE 5. Esta plan, dotado con 175 millones de euros en fondos para ayudar al consumidor a la compra de autom\\u00f3viles de baja contaminaci\\u00f3n, lo anunci\\u00f3 la vicepresidenta\",\"inLanguage\":\"es-ES\",\"isPartOf\":{\"@id\":\"https:\\\/\\\/eldigitaldeasturias.com\\\/magazine365\\\/#website\"},\"breadcrumb\":{\"@id\":\"https:\\\/\\\/eldigitaldeasturias.com\\\/magazine365\\\/el-sector-del-automovil-confia-en-que-manana-el-gobierno-apruebe-el-plan-pive-5\\\/#breadcrumblist\"},\"author\":{\"@id\":\"https:\\\/\\\/eldigitaldeasturias.com\\\/magazine365\\\/author\\\/admin\\\/#author\"},\"creator\":{\"@id\":\"https:\\\/\\\/eldigitaldeasturias.com\\\/magazine365\\\/author\\\/admin\\\/#author\"},\"image\":{\"@type\":\"ImageObject\",\"url\":\"https:\\\/\\\/eldigitaldeasturias.com\\\/magazine365\\\/wp-content\\\/uploads\\\/2014\\\/01\\\/5871365w.jpg\",\"@id\":\"https:\\\/\\\/eldigitaldeasturias.com\\\/magazine365\\\/el-sector-del-automovil-confia-en-que-manana-el-gobierno-apruebe-el-plan-pive-5\\\/#mainImage\",\"width\":800,\"height\":536},\"primaryImageOfPage\":{\"@id\":\"https:\\\/\\\/eldigitaldeasturias.com\\\/magazine365\\\/el-sector-del-automovil-confia-en-que-manana-el-gobierno-apruebe-el-plan-pive-5\\\/#mainImage\"},\"datePublished\":\"2014-01-23T19:49:10+01:00\",\"dateModified\":\"2014-01-23T19:49:10+01:00\"},{\"@type\":\"WebSite\",\"@id\":\"https:\\\/\\\/eldigitaldeasturias.com\\\/magazine365\\\/#website\",\"url\":\"https:\\\/\\\/eldigitaldeasturias.com\\\/magazine365\\\/\",\"name\":\"El Digital de Asturias\",\"description\":\"Revista de ocio, turismo y estilo de vida\",\"inLanguage\":\"es-ES\",\"publisher\":{\"@id\":\"https:\\\/\\\/eldigitaldeasturias.com\\\/magazine365\\\/#organization\"}}]}\n\t\t<\/script>\n\t\t<!-- All in One SEO Pro -->\r\n\t\t<title>El sector del autom\u00f3vil conf\u00eda en que ma\u00f1ana el Gobierno apruebe el Plan PIVE 5 | El Digital de Asturias<\/title>\n\n","aioseo_head_json":{"title":"El sector del autom\u00f3vil conf\u00eda en que ma\u00f1ana el Gobierno apruebe el Plan PIVE 5 | El Digital de Asturias","description":"Madrid, 23 ene (EFE).- El sector automovil\u00edstico ha expresado hoy a Efe su confianza en que ma\u00f1ana el Gobierno, en Consejo de Ministros, apruebe definitivamente el Plan PIVE 5. Esta plan, dotado con 175 millones de euros en fondos para ayudar al consumidor a la compra de autom\u00f3viles de baja contaminaci\u00f3n, lo anunci\u00f3 la vicepresidenta","canonical_url":"https:\/\/eldigitaldeasturias.com\/magazine365\/el-sector-del-automovil-confia-en-que-manana-el-gobierno-apruebe-el-plan-pive-5\/","robots":"max-image-preview:large","keywords":"noticias y actualidad","webmasterTools":{"google-site-verification":"UA-38556648-1","miscellaneous":""},"schema":{"@context":"https:\/\/schema.org","@graph":[{"@type":"Article","@id":"https:\/\/eldigitaldeasturias.com\/magazine365\/el-sector-del-automovil-confia-en-que-manana-el-gobierno-apruebe-el-plan-pive-5\/#article","name":"El sector del autom\u00f3vil conf\u00eda en que ma\u00f1ana el Gobierno apruebe el Plan PIVE 5 | El Digital de Asturias","headline":"El sector del autom\u00f3vil conf\u00eda en que ma\u00f1ana el Gobierno apruebe el Plan PIVE 5","author":{"@id":"https:\/\/eldigitaldeasturias.com\/magazine365\/author\/admin\/#author"},"publisher":{"@id":"https:\/\/eldigitaldeasturias.com\/magazine365\/#organization"},"image":{"@type":"ImageObject","url":"https:\/\/eldigitaldeasturias.com\/magazine365\/wp-content\/uploads\/2014\/01\/5871365w.jpg","width":800,"height":536},"datePublished":"2014-01-23T19:49:10+01:00","dateModified":"2014-01-23T19:49:10+01:00","inLanguage":"es-ES","mainEntityOfPage":{"@id":"https:\/\/eldigitaldeasturias.com\/magazine365\/el-sector-del-automovil-confia-en-que-manana-el-gobierno-apruebe-el-plan-pive-5\/#webpage"},"isPartOf":{"@id":"https:\/\/eldigitaldeasturias.com\/magazine365\/el-sector-del-automovil-confia-en-que-manana-el-gobierno-apruebe-el-plan-pive-5\/#webpage"},"articleSection":"Noticias y Actualidad"},{"@type":"BreadcrumbList","@id":"https:\/\/eldigitaldeasturias.com\/magazine365\/el-sector-del-automovil-confia-en-que-manana-el-gobierno-apruebe-el-plan-pive-5\/#breadcrumblist","itemListElement":[{"@type":"ListItem","@id":"https:\/\/eldigitaldeasturias.com\/magazine365#listItem","position":1,"name":"Home","item":"https:\/\/eldigitaldeasturias.com\/magazine365","nextItem":{"@type":"ListItem","@id":"https:\/\/eldigitaldeasturias.com\/magazine365\/category\/noticias-actualidad\/#listItem","name":"Noticias y Actualidad"}},{"@type":"ListItem","@id":"https:\/\/eldigitaldeasturias.com\/magazine365\/category\/noticias-actualidad\/#listItem","position":2,"name":"Noticias y Actualidad","item":"https:\/\/eldigitaldeasturias.com\/magazine365\/category\/noticias-actualidad\/","nextItem":{"@type":"ListItem","@id":"https:\/\/eldigitaldeasturias.com\/magazine365\/el-sector-del-automovil-confia-en-que-manana-el-gobierno-apruebe-el-plan-pive-5\/#listItem","name":"El sector del autom\u00f3vil conf\u00eda en que ma\u00f1ana el Gobierno apruebe el Plan PIVE 5"},"previousItem":{"@type":"ListItem","@id":"https:\/\/eldigitaldeasturias.com\/magazine365#listItem","name":"Home"}},{"@type":"ListItem","@id":"https:\/\/eldigitaldeasturias.com\/magazine365\/el-sector-del-automovil-confia-en-que-manana-el-gobierno-apruebe-el-plan-pive-5\/#listItem","position":3,"name":"El sector del autom\u00f3vil conf\u00eda en que ma\u00f1ana el Gobierno apruebe el Plan PIVE 5","previousItem":{"@type":"ListItem","@id":"https:\/\/eldigitaldeasturias.com\/magazine365\/category\/noticias-actualidad\/#listItem","name":"Noticias y Actualidad"}}]},{"@type":"Organization","@id":"https:\/\/eldigitaldeasturias.com\/magazine365\/#organization","name":"El digital de Asturias","description":"Revista de ocio, turismo y estilo de vida","url":"https:\/\/eldigitaldeasturias.com\/magazine365\/","logo":{"@type":"ImageObject","url":"https:\/\/www.eldigitaldeasturias.com\/noticias\/wp-content\/uploads\/2020\/12\/EDA.jpg","@id":"https:\/\/eldigitaldeasturias.com\/magazine365\/el-sector-del-automovil-confia-en-que-manana-el-gobierno-apruebe-el-plan-pive-5\/#organizationLogo"},"image":{"@id":"https:\/\/eldigitaldeasturias.com\/magazine365\/el-sector-del-automovil-confia-en-que-manana-el-gobierno-apruebe-el-plan-pive-5\/#organizationLogo"}},{"@type":"Person","@id":"https:\/\/eldigitaldeasturias.com\/magazine365\/author\/admin\/#author","url":"https:\/\/eldigitaldeasturias.com\/magazine365\/author\/admin\/","name":"admin","image":{"@type":"ImageObject","@id":"https:\/\/eldigitaldeasturias.com\/magazine365\/el-sector-del-automovil-confia-en-que-manana-el-gobierno-apruebe-el-plan-pive-5\/#authorImage","url":"https:\/\/eldigitaldeasturias.com\/magazine365\/wp-content\/litespeed\/avatar\/e571bcf59a0edd6fa6838245a470f2fe.jpg?ver=1777574230","width":96,"height":96,"caption":"admin"}},{"@type":"WebPage","@id":"https:\/\/eldigitaldeasturias.com\/magazine365\/el-sector-del-automovil-confia-en-que-manana-el-gobierno-apruebe-el-plan-pive-5\/#webpage","url":"https:\/\/eldigitaldeasturias.com\/magazine365\/el-sector-del-automovil-confia-en-que-manana-el-gobierno-apruebe-el-plan-pive-5\/","name":"El sector del autom\u00f3vil conf\u00eda en que ma\u00f1ana el Gobierno apruebe el Plan PIVE 5 | El Digital de Asturias","description":"Madrid, 23 ene (EFE).- El sector automovil\u00edstico ha expresado hoy a Efe su confianza en que ma\u00f1ana el Gobierno, en Consejo de Ministros, apruebe definitivamente el Plan PIVE 5. Esta plan, dotado con 175 millones de euros en fondos para ayudar al consumidor a la compra de autom\u00f3viles de baja contaminaci\u00f3n, lo anunci\u00f3 la vicepresidenta","inLanguage":"es-ES","isPartOf":{"@id":"https:\/\/eldigitaldeasturias.com\/magazine365\/#website"},"breadcrumb":{"@id":"https:\/\/eldigitaldeasturias.com\/magazine365\/el-sector-del-automovil-confia-en-que-manana-el-gobierno-apruebe-el-plan-pive-5\/#breadcrumblist"},"author":{"@id":"https:\/\/eldigitaldeasturias.com\/magazine365\/author\/admin\/#author"},"creator":{"@id":"https:\/\/eldigitaldeasturias.com\/magazine365\/author\/admin\/#author"},"image":{"@type":"ImageObject","url":"https:\/\/eldigitaldeasturias.com\/magazine365\/wp-content\/uploads\/2014\/01\/5871365w.jpg","@id":"https:\/\/eldigitaldeasturias.com\/magazine365\/el-sector-del-automovil-confia-en-que-manana-el-gobierno-apruebe-el-plan-pive-5\/#mainImage","width":800,"height":536},"primaryImageOfPage":{"@id":"https:\/\/eldigitaldeasturias.com\/magazine365\/el-sector-del-automovil-confia-en-que-manana-el-gobierno-apruebe-el-plan-pive-5\/#mainImage"},"datePublished":"2014-01-23T19:49:10+01:00","dateModified":"2014-01-23T19:49:10+01:00"},{"@type":"WebSite","@id":"https:\/\/eldigitaldeasturias.com\/magazine365\/#website","url":"https:\/\/eldigitaldeasturias.com\/magazine365\/","name":"El Digital de Asturias","description":"Revista de ocio, turismo y estilo de vida","inLanguage":"es-ES","publisher":{"@id":"https:\/\/eldigitaldeasturias.com\/magazine365\/#organization"}}]},"og:locale":"es_ES","og:site_name":"El Digital de Asturias \u2013 Revista de ocio, turismo y estilo de vida","og:type":"article","og:title":"El sector del autom\u00f3vil conf\u00eda en que ma\u00f1ana el Gobierno apruebe el Plan PIVE 5 | El Digital de Asturias","og:description":"Madrid, 23 ene (EFE).- El sector automovil\u00edstico ha expresado hoy a Efe su confianza en que ma\u00f1ana el Gobierno, en Consejo de Ministros, apruebe definitivamente el Plan PIVE 5. Esta plan, dotado con 175 millones de euros en fondos para ayudar al consumidor a la compra de autom\u00f3viles de baja contaminaci\u00f3n, lo anunci\u00f3 la vicepresidenta","og:url":"https:\/\/eldigitaldeasturias.com\/magazine365\/el-sector-del-automovil-confia-en-que-manana-el-gobierno-apruebe-el-plan-pive-5\/","og:image":"https:\/\/eldigitaldeasturias.com\/magazine365\/wp-content\/uploads\/2014\/01\/5871365w.jpg","og:image:secure_url":"https:\/\/eldigitaldeasturias.com\/magazine365\/wp-content\/uploads\/2014\/01\/5871365w.jpg","og:image:width":800,"og:image:height":536,"article:published_time":"2014-01-23T20:49:10+00:00","article:modified_time":"2014-01-23T20:49:10+00:00","twitter:card":"summary_large_image","twitter:title":"El sector del autom\u00f3vil conf\u00eda en que ma\u00f1ana el Gobierno apruebe el Plan PIVE 5 | El Digital de Asturias","twitter:description":"Madrid, 23 ene (EFE).- El sector automovil\u00edstico ha expresado hoy a Efe su confianza en que ma\u00f1ana el Gobierno, en Consejo de Ministros, apruebe definitivamente el Plan PIVE 5. Esta plan, dotado con 175 millones de euros en fondos para ayudar al consumidor a la compra de autom\u00f3viles de baja contaminaci\u00f3n, lo anunci\u00f3 la vicepresidenta","twitter:image":"https:\/\/eldigitaldeasturias.com\/magazine365\/wp-content\/uploads\/2014\/01\/5871365w.jpg"},"aioseo_meta_data":{"post_id":"1714","title":null,"description":null,"keywords":null,"keyphrases":null,"primary_term":null,"canonical_url":null,"og_title":null,"og_description":null,"og_object_type":"default","og_image_type":"default","og_image_url":null,"og_image_width":null,"og_image_height":null,"og_image_custom_url":null,"og_image_custom_fields":null,"og_video":null,"og_custom_url":null,"og_article_section":null,"og_article_tags":null,"twitter_use_og":false,"twitter_card":"default","twitter_image_type":"default","twitter_image_url":null,"twitter_image_custom_url":null,"twitter_image_custom_fields":null,"twitter_title":null,"twitter_description":null,"schema":{"blockGraphs":[],"customGraphs":[],"default":{"data":{"Article":[],"Course":[],"Dataset":[],"FAQPage":[],"Movie":[],"Person":[],"Product":[],"ProductReview":[],"Car":[],"Recipe":[],"Service":[],"SoftwareApplication":[],"WebPage":[]},"graphName":"","isEnabled":true},"graphs":[],"defaultGraph":"","defaultPostTypeGraph":""},"schema_type":null,"schema_type_options":null,"pillar_content":false,"robots_default":true,"robots_noindex":false,"robots_noarchive":false,"robots_nosnippet":false,"robots_nofollow":false,"robots_noimageindex":false,"robots_noodp":false,"robots_notranslate":false,"robots_max_snippet":null,"robots_max_videopreview":null,"robots_max_imagepreview":"large","priority":null,"frequency":null,"location":null,"local_seo":null,"seo_analyzer_scan_date":"2025-09-16 09:53:26","breadcrumb_settings":null,"limit_modified_date":false,"open_ai":null,"ai":null,"created":"2020-12-21 13:40:23","updated":"2025-09-16 09:53:26"},"aioseo_breadcrumb":"<div class=\"aioseo-breadcrumbs\"><span class=\"aioseo-breadcrumb\">\n\t<a href=\"https:\/\/eldigitaldeasturias.com\/magazine365\" title=\"Home\">Home<\/a>\n<\/span><span class=\"aioseo-breadcrumb-separator\">\u2013<\/span><span class=\"aioseo-breadcrumb\">\n\t<a href=\"https:\/\/eldigitaldeasturias.com\/magazine365\/category\/noticias-actualidad\/\" title=\"Noticias y Actualidad\">Noticias y Actualidad<\/a>\n<\/span><span class=\"aioseo-breadcrumb-separator\">\u2013<\/span><span class=\"aioseo-breadcrumb\">\n\t<a href=\"https:\/\/eldigitaldeasturias.com\/magazine365\/el-sector-del-automovil-confia-en-que-manana-el-gobierno-apruebe-el-plan-pive-5\/\" title=\"El sector del autom\u00f3vil conf\u00eda en que ma\u00f1ana el Gobierno apruebe el Plan PIVE 5\">El sector del autom\u00f3vil conf\u00eda en que ma\u00f1ana el Gobierno apruebe el Plan PIVE 5<\/a>\n<\/span><\/div>","aioseo_breadcrumb_json":[{"label":"Home","link":"https:\/\/eldigitaldeasturias.com\/magazine365"},{"label":"Noticias y Actualidad","link":"https:\/\/eldigitaldeasturias.com\/magazine365\/category\/noticias-actualidad\/"},{"label":"El sector del autom\u00f3vil conf\u00eda en que ma\u00f1ana el Gobierno apruebe el Plan PIVE 5","link":"https:\/\/eldigitaldeasturias.com\/magazine365\/el-sector-del-automovil-confia-en-que-manana-el-gobierno-apruebe-el-plan-pive-5\/"}],"_links":{"self":[{"href":"https:\/\/eldigitaldeasturias.com\/magazine365\/wp-json\/wp\/v2\/posts\/1714","targetHints":{"allow":["GET"]}}],"collection":[{"href":"https:\/\/eldigitaldeasturias.com\/magazine365\/wp-json\/wp\/v2\/posts"}],"about":[{"href":"https:\/\/eldigitaldeasturias.com\/magazine365\/wp-json\/wp\/v2\/types\/post"}],"author":[{"embeddable":true,"href":"https:\/\/eldigitaldeasturias.com\/magazine365\/wp-json\/wp\/v2\/users\/1"}],"replies":[{"embeddable":true,"href":"https:\/\/eldigitaldeasturias.com\/magazine365\/wp-json\/wp\/v2\/comments?post=1714"}],"version-history":[{"count":0,"href":"https:\/\/eldigitaldeasturias.com\/magazine365\/wp-json\/wp\/v2\/posts\/1714\/revisions"}],"wp:featuredmedia":[{"embeddable":true,"href":"https:\/\/eldigitaldeasturias.com\/magazine365\/wp-json\/wp\/v2\/media\/1715"}],"wp:attachment":[{"href":"https:\/\/eldigitaldeasturias.com\/magazine365\/wp-json\/wp\/v2\/media?parent=1714"}],"wp:term":[{"taxonomy":"category","embeddable":true,"href":"https:\/\/eldigitaldeasturias.com\/magazine365\/wp-json\/wp\/v2\/categories?post=1714"},{"taxonomy":"post_tag","embeddable":true,"href":"https:\/\/eldigitaldeasturias.com\/magazine365\/wp-json\/wp\/v2\/tags?post=1714"}],"curies":[{"name":"wp","href":"https:\/\/api.w.org\/{rel}","templated":true}]}}