{"id":1708,"date":"2014-01-23T19:40:36","date_gmt":"2014-01-23T20:40:36","guid":{"rendered":"http:\/\/eldigitaldeasturias.com\/magazine365\/?p=1708"},"modified":"2014-01-23T19:40:36","modified_gmt":"2014-01-23T20:40:36","slug":"claudia-llosa-abrira-el-festival-de-malaga-con-no-llores-vuela","status":"publish","type":"post","link":"https:\/\/eldigitaldeasturias.com\/magazine365\/claudia-llosa-abrira-el-festival-de-malaga-con-no-llores-vuela\/","title":{"rendered":"Claudia Llosa abrir\u00e1 el Festival de M\u00e1laga con \u00abNo llores, vuela\u00bb"},"content":{"rendered":"<p><img fetchpriority=\"high\" decoding=\"async\" class=\"alignleft size-medium wp-image-1709\" alt=\"5871061w\" src=\"https:\/\/eldigitaldeasturias.com\/magazine365\/wp-content\/uploads\/2014\/01\/5871061w-360x294.jpg\" width=\"360\" height=\"294\" srcset=\"https:\/\/eldigitaldeasturias.com\/magazine365\/wp-content\/uploads\/2014\/01\/5871061w-360x294.jpg 360w, https:\/\/eldigitaldeasturias.com\/magazine365\/wp-content\/uploads\/2014\/01\/5871061w-650x531.jpg 650w, https:\/\/eldigitaldeasturias.com\/magazine365\/wp-content\/uploads\/2014\/01\/5871061w-768x628.jpg 768w, https:\/\/eldigitaldeasturias.com\/magazine365\/wp-content\/uploads\/2014\/01\/5871061w-150x123.jpg 150w, https:\/\/eldigitaldeasturias.com\/magazine365\/wp-content\/uploads\/2014\/01\/5871061w-450x368.jpg 450w, https:\/\/eldigitaldeasturias.com\/magazine365\/wp-content\/uploads\/2014\/01\/5871061w-696x569.jpg 696w, https:\/\/eldigitaldeasturias.com\/magazine365\/wp-content\/uploads\/2014\/01\/5871061w-514x420.jpg 514w, https:\/\/eldigitaldeasturias.com\/magazine365\/wp-content\/uploads\/2014\/01\/5871061w.jpg 800w\" sizes=\"(max-width: 360px) 100vw, 360px\" \/>M\u00e1laga, 23 ene (EFE).- La pel\u00edcula \u00abNo llores, vuela\u00bb, dirigida por la peruana Claudia Llosa y protagonizada por Jennifer Connely, Cillian Murphy y M\u00e9lanie Laurent, ser\u00e1 la protagonista de la gala inaugural del decimos\u00e9ptimo Festival de Cine Espa\u00f1ol de M\u00e1laga, que se celebrar\u00e1 del 21 al 29 de marzo.<\/p>\n<p>Esta producci\u00f3n espa\u00f1ola coproducida por Canad\u00e1 y Francia ser\u00e1 uno de los largometrajes de la secci\u00f3n oficial a concurso, ha anunciado hoy el Festival de M\u00e1laga en un comunicado.<\/p>\n<p>Cuenta la historia del encuentro entre una madre (Jennifer Connelly) y su hijo (Cillian Murphy), separados por un accidente, y que vuelven a unir sus vidas gracias a una joven periodista (M\u00e9lanie Laurent).<\/p>\n<p>Antes de ser presentada en primicia en Espa\u00f1a en el certamen malague\u00f1o, Llosa competir\u00e1 por el Oso de Oro en el Festival Internacional de Cine de Berl\u00edn, y tras su paso por M\u00e1laga se estrenar\u00e1 comercialmente en las salas espa\u00f1olas el 28 de marzo.<\/p>\n<p>La directora, guionista y productora Claudia Llosa (Lima, 1976) estudi\u00f3 Ciencias de la Informaci\u00f3n en la Universidad de Lima y posteriormente realiz\u00f3 un m\u00e1ster en Gui\u00f3n en la Escuela Superior de Artes y Espect\u00e1culos de Madrid.<\/p>\n<p>Con \u00abMadeinusa\u00bb, su debut en el cine, compiti\u00f3 en Sundance 2006 y consigui\u00f3 numerosos premios internacionales como el Premio FIPRESCI de la Cr\u00edtica Internacional en el Festival de Rotterdam y el premio a la Mejor Pel\u00edcula Latinoamericana en el Festival de M\u00e1laga.<\/p>\n<p>Su segundo largometraje, \u00abLa teta asustada\u00bb, fue seleccionado en la secci\u00f3n oficial de la Berlinale 2009, donde recibi\u00f3 el Oso de Oro a la mejor pel\u00edcula y el Premio Internacional de la Cr\u00edtica (FIPRESCI), adem\u00e1s de ser el primer filme peruano nominado al Oscar a mejor pel\u00edcula extranjera.<\/p>\n<p>En 2010, Claudia Llosa fue invitada a formar parte como miembro de la Academia de las Artes y las Ciencias Cinematogr\u00e1ficas de Hollywood.<\/p>\n","protected":false},"excerpt":{"rendered":"<p>M\u00e1laga, 23 ene (EFE).- La pel\u00edcula \u00abNo llores, vuela\u00bb, dirigida por la peruana Claudia Llosa y protagonizada por Jennifer Connely, Cillian Murphy y M\u00e9lanie Laurent, ser\u00e1 la protagonista de la gala inaugural del decimos\u00e9ptimo Festival de Cine Espa\u00f1ol de M\u00e1laga, que se celebrar\u00e1 del 21 al 29 de marzo. Esta producci\u00f3n espa\u00f1ola coproducida por Canad\u00e1<\/p>\n","protected":false},"author":1,"featured_media":1709,"comment_status":"open","ping_status":"open","sticky":false,"template":"","format":"standard","meta":{"footnotes":""},"categories":[224],"tags":[],"class_list":{"0":"post-1708","1":"post","2":"type-post","3":"status-publish","4":"format-standard","5":"has-post-thumbnail","7":"category-noticias-actualidad"},"aioseo_notices":[],"aioseo_head":"\n\t\t<!-- All in One SEO Pro 4.9.6.1 - aioseo.com -->\n\t<meta name=\"description\" content=\"M\u00e1laga, 23 ene (EFE).- La pel\u00edcula &quot;No llores, vuela&quot;, dirigida por la peruana Claudia Llosa y protagonizada por Jennifer Connely, Cillian Murphy y M\u00e9lanie Laurent, ser\u00e1 la protagonista de la gala inaugural del decimos\u00e9ptimo Festival de Cine Espa\u00f1ol de M\u00e1laga, que se celebrar\u00e1 del 21 al 29 de marzo. Esta producci\u00f3n espa\u00f1ola coproducida por Canad\u00e1\" \/>\n\t<meta name=\"robots\" content=\"max-image-preview:large\" \/>\n\t<meta name=\"author\" content=\"admin\"\/>\n\t<meta name=\"google-site-verification\" content=\"UA-38556648-1\" \/>\n\t<meta name=\"keywords\" content=\"noticias y actualidad\" \/>\n\t<link rel=\"canonical\" href=\"https:\/\/eldigitaldeasturias.com\/magazine365\/claudia-llosa-abrira-el-festival-de-malaga-con-no-llores-vuela\/\" \/>\n\t<meta name=\"generator\" content=\"All in One SEO Pro (AIOSEO) 4.9.6.1\" \/>\n\t\t<meta property=\"og:locale\" content=\"es_ES\" \/>\n\t\t<meta property=\"og:site_name\" content=\"El Digital de Asturias \u2013 Revista de ocio, turismo y estilo de vida\" \/>\n\t\t<meta property=\"og:type\" content=\"article\" \/>\n\t\t<meta property=\"og:title\" content=\"Claudia Llosa abrir\u00e1 el Festival de M\u00e1laga con \u00abNo llores, vuela\u00bb | El Digital de Asturias\" \/>\n\t\t<meta property=\"og:description\" content=\"M\u00e1laga, 23 ene (EFE).- La pel\u00edcula &quot;No llores, vuela&quot;, dirigida por la peruana Claudia Llosa y protagonizada por Jennifer Connely, Cillian Murphy y M\u00e9lanie Laurent, ser\u00e1 la protagonista de la gala inaugural del decimos\u00e9ptimo Festival de Cine Espa\u00f1ol de M\u00e1laga, que se celebrar\u00e1 del 21 al 29 de marzo. Esta producci\u00f3n espa\u00f1ola coproducida por Canad\u00e1\" \/>\n\t\t<meta property=\"og:url\" content=\"https:\/\/eldigitaldeasturias.com\/magazine365\/claudia-llosa-abrira-el-festival-de-malaga-con-no-llores-vuela\/\" \/>\n\t\t<meta property=\"og:image\" content=\"https:\/\/eldigitaldeasturias.com\/magazine365\/wp-content\/uploads\/2014\/01\/5871061w.jpg\" \/>\n\t\t<meta property=\"og:image:secure_url\" content=\"https:\/\/eldigitaldeasturias.com\/magazine365\/wp-content\/uploads\/2014\/01\/5871061w.jpg\" \/>\n\t\t<meta property=\"og:image:width\" content=\"800\" \/>\n\t\t<meta property=\"og:image:height\" content=\"654\" \/>\n\t\t<meta property=\"article:published_time\" content=\"2014-01-23T20:40:36+00:00\" \/>\n\t\t<meta property=\"article:modified_time\" content=\"2014-01-23T20:40:36+00:00\" \/>\n\t\t<meta name=\"twitter:card\" content=\"summary_large_image\" \/>\n\t\t<meta name=\"twitter:title\" content=\"Claudia Llosa abrir\u00e1 el Festival de M\u00e1laga con \u00abNo llores, vuela\u00bb | El Digital de Asturias\" \/>\n\t\t<meta name=\"twitter:description\" content=\"M\u00e1laga, 23 ene (EFE).- La pel\u00edcula &quot;No llores, vuela&quot;, dirigida por la peruana Claudia Llosa y protagonizada por Jennifer Connely, Cillian Murphy y M\u00e9lanie Laurent, ser\u00e1 la protagonista de la gala inaugural del decimos\u00e9ptimo Festival de Cine Espa\u00f1ol de M\u00e1laga, que se celebrar\u00e1 del 21 al 29 de marzo. Esta producci\u00f3n espa\u00f1ola coproducida por Canad\u00e1\" \/>\n\t\t<meta name=\"twitter:image\" content=\"https:\/\/eldigitaldeasturias.com\/magazine365\/wp-content\/uploads\/2014\/01\/5871061w.jpg\" \/>\n\t\t<script type=\"application\/ld+json\" class=\"aioseo-schema\">\n\t\t\t{\"@context\":\"https:\\\/\\\/schema.org\",\"@graph\":[{\"@type\":\"Article\",\"@id\":\"https:\\\/\\\/eldigitaldeasturias.com\\\/magazine365\\\/claudia-llosa-abrira-el-festival-de-malaga-con-no-llores-vuela\\\/#article\",\"name\":\"Claudia Llosa abrir\\u00e1 el Festival de M\\u00e1laga con \\u00abNo llores, vuela\\u00bb | El Digital de Asturias\",\"headline\":\"Claudia Llosa abrir\\u00e1 el Festival de M\\u00e1laga con \\u00abNo llores, vuela\\u00bb\",\"author\":{\"@id\":\"https:\\\/\\\/eldigitaldeasturias.com\\\/magazine365\\\/author\\\/admin\\\/#author\"},\"publisher\":{\"@id\":\"https:\\\/\\\/eldigitaldeasturias.com\\\/magazine365\\\/#organization\"},\"image\":{\"@type\":\"ImageObject\",\"url\":\"https:\\\/\\\/eldigitaldeasturias.com\\\/magazine365\\\/wp-content\\\/uploads\\\/2014\\\/01\\\/5871061w.jpg\",\"width\":800,\"height\":654},\"datePublished\":\"2014-01-23T19:40:36+01:00\",\"dateModified\":\"2014-01-23T19:40:36+01:00\",\"inLanguage\":\"es-ES\",\"mainEntityOfPage\":{\"@id\":\"https:\\\/\\\/eldigitaldeasturias.com\\\/magazine365\\\/claudia-llosa-abrira-el-festival-de-malaga-con-no-llores-vuela\\\/#webpage\"},\"isPartOf\":{\"@id\":\"https:\\\/\\\/eldigitaldeasturias.com\\\/magazine365\\\/claudia-llosa-abrira-el-festival-de-malaga-con-no-llores-vuela\\\/#webpage\"},\"articleSection\":\"Noticias y Actualidad\"},{\"@type\":\"BreadcrumbList\",\"@id\":\"https:\\\/\\\/eldigitaldeasturias.com\\\/magazine365\\\/claudia-llosa-abrira-el-festival-de-malaga-con-no-llores-vuela\\\/#breadcrumblist\",\"itemListElement\":[{\"@type\":\"ListItem\",\"@id\":\"https:\\\/\\\/eldigitaldeasturias.com\\\/magazine365#listItem\",\"position\":1,\"name\":\"Home\",\"item\":\"https:\\\/\\\/eldigitaldeasturias.com\\\/magazine365\",\"nextItem\":{\"@type\":\"ListItem\",\"@id\":\"https:\\\/\\\/eldigitaldeasturias.com\\\/magazine365\\\/category\\\/noticias-actualidad\\\/#listItem\",\"name\":\"Noticias y Actualidad\"}},{\"@type\":\"ListItem\",\"@id\":\"https:\\\/\\\/eldigitaldeasturias.com\\\/magazine365\\\/category\\\/noticias-actualidad\\\/#listItem\",\"position\":2,\"name\":\"Noticias y Actualidad\",\"item\":\"https:\\\/\\\/eldigitaldeasturias.com\\\/magazine365\\\/category\\\/noticias-actualidad\\\/\",\"nextItem\":{\"@type\":\"ListItem\",\"@id\":\"https:\\\/\\\/eldigitaldeasturias.com\\\/magazine365\\\/claudia-llosa-abrira-el-festival-de-malaga-con-no-llores-vuela\\\/#listItem\",\"name\":\"Claudia Llosa abrir\\u00e1 el Festival de M\\u00e1laga con \\u00abNo llores, vuela\\u00bb\"},\"previousItem\":{\"@type\":\"ListItem\",\"@id\":\"https:\\\/\\\/eldigitaldeasturias.com\\\/magazine365#listItem\",\"name\":\"Home\"}},{\"@type\":\"ListItem\",\"@id\":\"https:\\\/\\\/eldigitaldeasturias.com\\\/magazine365\\\/claudia-llosa-abrira-el-festival-de-malaga-con-no-llores-vuela\\\/#listItem\",\"position\":3,\"name\":\"Claudia Llosa abrir\\u00e1 el Festival de M\\u00e1laga con \\u00abNo llores, vuela\\u00bb\",\"previousItem\":{\"@type\":\"ListItem\",\"@id\":\"https:\\\/\\\/eldigitaldeasturias.com\\\/magazine365\\\/category\\\/noticias-actualidad\\\/#listItem\",\"name\":\"Noticias y Actualidad\"}}]},{\"@type\":\"Organization\",\"@id\":\"https:\\\/\\\/eldigitaldeasturias.com\\\/magazine365\\\/#organization\",\"name\":\"El digital de Asturias\",\"description\":\"Revista de ocio, turismo y estilo de vida\",\"url\":\"https:\\\/\\\/eldigitaldeasturias.com\\\/magazine365\\\/\",\"logo\":{\"@type\":\"ImageObject\",\"url\":\"https:\\\/\\\/www.eldigitaldeasturias.com\\\/noticias\\\/wp-content\\\/uploads\\\/2020\\\/12\\\/EDA.jpg\",\"@id\":\"https:\\\/\\\/eldigitaldeasturias.com\\\/magazine365\\\/claudia-llosa-abrira-el-festival-de-malaga-con-no-llores-vuela\\\/#organizationLogo\"},\"image\":{\"@id\":\"https:\\\/\\\/eldigitaldeasturias.com\\\/magazine365\\\/claudia-llosa-abrira-el-festival-de-malaga-con-no-llores-vuela\\\/#organizationLogo\"}},{\"@type\":\"Person\",\"@id\":\"https:\\\/\\\/eldigitaldeasturias.com\\\/magazine365\\\/author\\\/admin\\\/#author\",\"url\":\"https:\\\/\\\/eldigitaldeasturias.com\\\/magazine365\\\/author\\\/admin\\\/\",\"name\":\"admin\",\"image\":{\"@type\":\"ImageObject\",\"@id\":\"https:\\\/\\\/eldigitaldeasturias.com\\\/magazine365\\\/claudia-llosa-abrira-el-festival-de-malaga-con-no-llores-vuela\\\/#authorImage\",\"url\":\"https:\\\/\\\/eldigitaldeasturias.com\\\/magazine365\\\/wp-content\\\/litespeed\\\/avatar\\\/e571bcf59a0edd6fa6838245a470f2fe.jpg?ver=1777574230\",\"width\":96,\"height\":96,\"caption\":\"admin\"}},{\"@type\":\"WebPage\",\"@id\":\"https:\\\/\\\/eldigitaldeasturias.com\\\/magazine365\\\/claudia-llosa-abrira-el-festival-de-malaga-con-no-llores-vuela\\\/#webpage\",\"url\":\"https:\\\/\\\/eldigitaldeasturias.com\\\/magazine365\\\/claudia-llosa-abrira-el-festival-de-malaga-con-no-llores-vuela\\\/\",\"name\":\"Claudia Llosa abrir\\u00e1 el Festival de M\\u00e1laga con \\u00abNo llores, vuela\\u00bb | El Digital de Asturias\",\"description\":\"M\\u00e1laga, 23 ene (EFE).- La pel\\u00edcula \\\"No llores, vuela\\\", dirigida por la peruana Claudia Llosa y protagonizada por Jennifer Connely, Cillian Murphy y M\\u00e9lanie Laurent, ser\\u00e1 la protagonista de la gala inaugural del decimos\\u00e9ptimo Festival de Cine Espa\\u00f1ol de M\\u00e1laga, que se celebrar\\u00e1 del 21 al 29 de marzo. Esta producci\\u00f3n espa\\u00f1ola coproducida por Canad\\u00e1\",\"inLanguage\":\"es-ES\",\"isPartOf\":{\"@id\":\"https:\\\/\\\/eldigitaldeasturias.com\\\/magazine365\\\/#website\"},\"breadcrumb\":{\"@id\":\"https:\\\/\\\/eldigitaldeasturias.com\\\/magazine365\\\/claudia-llosa-abrira-el-festival-de-malaga-con-no-llores-vuela\\\/#breadcrumblist\"},\"author\":{\"@id\":\"https:\\\/\\\/eldigitaldeasturias.com\\\/magazine365\\\/author\\\/admin\\\/#author\"},\"creator\":{\"@id\":\"https:\\\/\\\/eldigitaldeasturias.com\\\/magazine365\\\/author\\\/admin\\\/#author\"},\"image\":{\"@type\":\"ImageObject\",\"url\":\"https:\\\/\\\/eldigitaldeasturias.com\\\/magazine365\\\/wp-content\\\/uploads\\\/2014\\\/01\\\/5871061w.jpg\",\"@id\":\"https:\\\/\\\/eldigitaldeasturias.com\\\/magazine365\\\/claudia-llosa-abrira-el-festival-de-malaga-con-no-llores-vuela\\\/#mainImage\",\"width\":800,\"height\":654},\"primaryImageOfPage\":{\"@id\":\"https:\\\/\\\/eldigitaldeasturias.com\\\/magazine365\\\/claudia-llosa-abrira-el-festival-de-malaga-con-no-llores-vuela\\\/#mainImage\"},\"datePublished\":\"2014-01-23T19:40:36+01:00\",\"dateModified\":\"2014-01-23T19:40:36+01:00\"},{\"@type\":\"WebSite\",\"@id\":\"https:\\\/\\\/eldigitaldeasturias.com\\\/magazine365\\\/#website\",\"url\":\"https:\\\/\\\/eldigitaldeasturias.com\\\/magazine365\\\/\",\"name\":\"El Digital de Asturias\",\"description\":\"Revista de ocio, turismo y estilo de vida\",\"inLanguage\":\"es-ES\",\"publisher\":{\"@id\":\"https:\\\/\\\/eldigitaldeasturias.com\\\/magazine365\\\/#organization\"}}]}\n\t\t<\/script>\n\t\t<!-- All in One SEO Pro -->\r\n\t\t<title>Claudia Llosa abrir\u00e1 el Festival de M\u00e1laga con \u00abNo llores, vuela\u00bb | El Digital de Asturias<\/title>\n\n","aioseo_head_json":{"title":"Claudia Llosa abrir\u00e1 el Festival de M\u00e1laga con \u00abNo llores, vuela\u00bb | El Digital de Asturias","description":"M\u00e1laga, 23 ene (EFE).- La pel\u00edcula \"No llores, vuela\", dirigida por la peruana Claudia Llosa y protagonizada por Jennifer Connely, Cillian Murphy y M\u00e9lanie Laurent, ser\u00e1 la protagonista de la gala inaugural del decimos\u00e9ptimo Festival de Cine Espa\u00f1ol de M\u00e1laga, que se celebrar\u00e1 del 21 al 29 de marzo. Esta producci\u00f3n espa\u00f1ola coproducida por Canad\u00e1","canonical_url":"https:\/\/eldigitaldeasturias.com\/magazine365\/claudia-llosa-abrira-el-festival-de-malaga-con-no-llores-vuela\/","robots":"max-image-preview:large","keywords":"noticias y actualidad","webmasterTools":{"google-site-verification":"UA-38556648-1","miscellaneous":""},"schema":{"@context":"https:\/\/schema.org","@graph":[{"@type":"Article","@id":"https:\/\/eldigitaldeasturias.com\/magazine365\/claudia-llosa-abrira-el-festival-de-malaga-con-no-llores-vuela\/#article","name":"Claudia Llosa abrir\u00e1 el Festival de M\u00e1laga con \u00abNo llores, vuela\u00bb | El Digital de Asturias","headline":"Claudia Llosa abrir\u00e1 el Festival de M\u00e1laga con \u00abNo llores, vuela\u00bb","author":{"@id":"https:\/\/eldigitaldeasturias.com\/magazine365\/author\/admin\/#author"},"publisher":{"@id":"https:\/\/eldigitaldeasturias.com\/magazine365\/#organization"},"image":{"@type":"ImageObject","url":"https:\/\/eldigitaldeasturias.com\/magazine365\/wp-content\/uploads\/2014\/01\/5871061w.jpg","width":800,"height":654},"datePublished":"2014-01-23T19:40:36+01:00","dateModified":"2014-01-23T19:40:36+01:00","inLanguage":"es-ES","mainEntityOfPage":{"@id":"https:\/\/eldigitaldeasturias.com\/magazine365\/claudia-llosa-abrira-el-festival-de-malaga-con-no-llores-vuela\/#webpage"},"isPartOf":{"@id":"https:\/\/eldigitaldeasturias.com\/magazine365\/claudia-llosa-abrira-el-festival-de-malaga-con-no-llores-vuela\/#webpage"},"articleSection":"Noticias y Actualidad"},{"@type":"BreadcrumbList","@id":"https:\/\/eldigitaldeasturias.com\/magazine365\/claudia-llosa-abrira-el-festival-de-malaga-con-no-llores-vuela\/#breadcrumblist","itemListElement":[{"@type":"ListItem","@id":"https:\/\/eldigitaldeasturias.com\/magazine365#listItem","position":1,"name":"Home","item":"https:\/\/eldigitaldeasturias.com\/magazine365","nextItem":{"@type":"ListItem","@id":"https:\/\/eldigitaldeasturias.com\/magazine365\/category\/noticias-actualidad\/#listItem","name":"Noticias y Actualidad"}},{"@type":"ListItem","@id":"https:\/\/eldigitaldeasturias.com\/magazine365\/category\/noticias-actualidad\/#listItem","position":2,"name":"Noticias y Actualidad","item":"https:\/\/eldigitaldeasturias.com\/magazine365\/category\/noticias-actualidad\/","nextItem":{"@type":"ListItem","@id":"https:\/\/eldigitaldeasturias.com\/magazine365\/claudia-llosa-abrira-el-festival-de-malaga-con-no-llores-vuela\/#listItem","name":"Claudia Llosa abrir\u00e1 el Festival de M\u00e1laga con \u00abNo llores, vuela\u00bb"},"previousItem":{"@type":"ListItem","@id":"https:\/\/eldigitaldeasturias.com\/magazine365#listItem","name":"Home"}},{"@type":"ListItem","@id":"https:\/\/eldigitaldeasturias.com\/magazine365\/claudia-llosa-abrira-el-festival-de-malaga-con-no-llores-vuela\/#listItem","position":3,"name":"Claudia Llosa abrir\u00e1 el Festival de M\u00e1laga con \u00abNo llores, vuela\u00bb","previousItem":{"@type":"ListItem","@id":"https:\/\/eldigitaldeasturias.com\/magazine365\/category\/noticias-actualidad\/#listItem","name":"Noticias y Actualidad"}}]},{"@type":"Organization","@id":"https:\/\/eldigitaldeasturias.com\/magazine365\/#organization","name":"El digital de Asturias","description":"Revista de ocio, turismo y estilo de vida","url":"https:\/\/eldigitaldeasturias.com\/magazine365\/","logo":{"@type":"ImageObject","url":"https:\/\/www.eldigitaldeasturias.com\/noticias\/wp-content\/uploads\/2020\/12\/EDA.jpg","@id":"https:\/\/eldigitaldeasturias.com\/magazine365\/claudia-llosa-abrira-el-festival-de-malaga-con-no-llores-vuela\/#organizationLogo"},"image":{"@id":"https:\/\/eldigitaldeasturias.com\/magazine365\/claudia-llosa-abrira-el-festival-de-malaga-con-no-llores-vuela\/#organizationLogo"}},{"@type":"Person","@id":"https:\/\/eldigitaldeasturias.com\/magazine365\/author\/admin\/#author","url":"https:\/\/eldigitaldeasturias.com\/magazine365\/author\/admin\/","name":"admin","image":{"@type":"ImageObject","@id":"https:\/\/eldigitaldeasturias.com\/magazine365\/claudia-llosa-abrira-el-festival-de-malaga-con-no-llores-vuela\/#authorImage","url":"https:\/\/eldigitaldeasturias.com\/magazine365\/wp-content\/litespeed\/avatar\/e571bcf59a0edd6fa6838245a470f2fe.jpg?ver=1777574230","width":96,"height":96,"caption":"admin"}},{"@type":"WebPage","@id":"https:\/\/eldigitaldeasturias.com\/magazine365\/claudia-llosa-abrira-el-festival-de-malaga-con-no-llores-vuela\/#webpage","url":"https:\/\/eldigitaldeasturias.com\/magazine365\/claudia-llosa-abrira-el-festival-de-malaga-con-no-llores-vuela\/","name":"Claudia Llosa abrir\u00e1 el Festival de M\u00e1laga con \u00abNo llores, vuela\u00bb | El Digital de Asturias","description":"M\u00e1laga, 23 ene (EFE).- La pel\u00edcula \"No llores, vuela\", dirigida por la peruana Claudia Llosa y protagonizada por Jennifer Connely, Cillian Murphy y M\u00e9lanie Laurent, ser\u00e1 la protagonista de la gala inaugural del decimos\u00e9ptimo Festival de Cine Espa\u00f1ol de M\u00e1laga, que se celebrar\u00e1 del 21 al 29 de marzo. Esta producci\u00f3n espa\u00f1ola coproducida por Canad\u00e1","inLanguage":"es-ES","isPartOf":{"@id":"https:\/\/eldigitaldeasturias.com\/magazine365\/#website"},"breadcrumb":{"@id":"https:\/\/eldigitaldeasturias.com\/magazine365\/claudia-llosa-abrira-el-festival-de-malaga-con-no-llores-vuela\/#breadcrumblist"},"author":{"@id":"https:\/\/eldigitaldeasturias.com\/magazine365\/author\/admin\/#author"},"creator":{"@id":"https:\/\/eldigitaldeasturias.com\/magazine365\/author\/admin\/#author"},"image":{"@type":"ImageObject","url":"https:\/\/eldigitaldeasturias.com\/magazine365\/wp-content\/uploads\/2014\/01\/5871061w.jpg","@id":"https:\/\/eldigitaldeasturias.com\/magazine365\/claudia-llosa-abrira-el-festival-de-malaga-con-no-llores-vuela\/#mainImage","width":800,"height":654},"primaryImageOfPage":{"@id":"https:\/\/eldigitaldeasturias.com\/magazine365\/claudia-llosa-abrira-el-festival-de-malaga-con-no-llores-vuela\/#mainImage"},"datePublished":"2014-01-23T19:40:36+01:00","dateModified":"2014-01-23T19:40:36+01:00"},{"@type":"WebSite","@id":"https:\/\/eldigitaldeasturias.com\/magazine365\/#website","url":"https:\/\/eldigitaldeasturias.com\/magazine365\/","name":"El Digital de Asturias","description":"Revista de ocio, turismo y estilo de vida","inLanguage":"es-ES","publisher":{"@id":"https:\/\/eldigitaldeasturias.com\/magazine365\/#organization"}}]},"og:locale":"es_ES","og:site_name":"El Digital de Asturias \u2013 Revista de ocio, turismo y estilo de vida","og:type":"article","og:title":"Claudia Llosa abrir\u00e1 el Festival de M\u00e1laga con \u00abNo llores, vuela\u00bb | El Digital de Asturias","og:description":"M\u00e1laga, 23 ene (EFE).- La pel\u00edcula &quot;No llores, vuela&quot;, dirigida por la peruana Claudia Llosa y protagonizada por Jennifer Connely, Cillian Murphy y M\u00e9lanie Laurent, ser\u00e1 la protagonista de la gala inaugural del decimos\u00e9ptimo Festival de Cine Espa\u00f1ol de M\u00e1laga, que se celebrar\u00e1 del 21 al 29 de marzo. Esta producci\u00f3n espa\u00f1ola coproducida por Canad\u00e1","og:url":"https:\/\/eldigitaldeasturias.com\/magazine365\/claudia-llosa-abrira-el-festival-de-malaga-con-no-llores-vuela\/","og:image":"https:\/\/eldigitaldeasturias.com\/magazine365\/wp-content\/uploads\/2014\/01\/5871061w.jpg","og:image:secure_url":"https:\/\/eldigitaldeasturias.com\/magazine365\/wp-content\/uploads\/2014\/01\/5871061w.jpg","og:image:width":800,"og:image:height":654,"article:published_time":"2014-01-23T20:40:36+00:00","article:modified_time":"2014-01-23T20:40:36+00:00","twitter:card":"summary_large_image","twitter:title":"Claudia Llosa abrir\u00e1 el Festival de M\u00e1laga con \u00abNo llores, vuela\u00bb | El Digital de Asturias","twitter:description":"M\u00e1laga, 23 ene (EFE).- La pel\u00edcula &quot;No llores, vuela&quot;, dirigida por la peruana Claudia Llosa y protagonizada por Jennifer Connely, Cillian Murphy y M\u00e9lanie Laurent, ser\u00e1 la protagonista de la gala inaugural del decimos\u00e9ptimo Festival de Cine Espa\u00f1ol de M\u00e1laga, que se celebrar\u00e1 del 21 al 29 de marzo. Esta producci\u00f3n espa\u00f1ola coproducida por Canad\u00e1","twitter:image":"https:\/\/eldigitaldeasturias.com\/magazine365\/wp-content\/uploads\/2014\/01\/5871061w.jpg"},"aioseo_meta_data":{"post_id":"1708","title":null,"description":null,"keywords":null,"keyphrases":null,"primary_term":null,"canonical_url":null,"og_title":null,"og_description":null,"og_object_type":"default","og_image_type":"default","og_image_url":null,"og_image_width":null,"og_image_height":null,"og_image_custom_url":null,"og_image_custom_fields":null,"og_video":null,"og_custom_url":null,"og_article_section":null,"og_article_tags":null,"twitter_use_og":false,"twitter_card":"default","twitter_image_type":"default","twitter_image_url":null,"twitter_image_custom_url":null,"twitter_image_custom_fields":null,"twitter_title":null,"twitter_description":null,"schema":{"blockGraphs":[],"customGraphs":[],"default":{"data":{"Article":[],"Course":[],"Dataset":[],"FAQPage":[],"Movie":[],"Person":[],"Product":[],"ProductReview":[],"Car":[],"Recipe":[],"Service":[],"SoftwareApplication":[],"WebPage":[]},"graphName":"","isEnabled":true},"graphs":[],"defaultGraph":"","defaultPostTypeGraph":""},"schema_type":null,"schema_type_options":null,"pillar_content":false,"robots_default":true,"robots_noindex":false,"robots_noarchive":false,"robots_nosnippet":false,"robots_nofollow":false,"robots_noimageindex":false,"robots_noodp":false,"robots_notranslate":false,"robots_max_snippet":null,"robots_max_videopreview":null,"robots_max_imagepreview":"large","priority":null,"frequency":null,"location":null,"local_seo":null,"seo_analyzer_scan_date":"2025-09-16 09:53:22","breadcrumb_settings":null,"limit_modified_date":false,"open_ai":null,"ai":null,"created":"2020-12-21 13:40:23","updated":"2025-09-16 09:53:22"},"aioseo_breadcrumb":"<div class=\"aioseo-breadcrumbs\"><span class=\"aioseo-breadcrumb\">\n\t<a href=\"https:\/\/eldigitaldeasturias.com\/magazine365\" title=\"Home\">Home<\/a>\n<\/span><span class=\"aioseo-breadcrumb-separator\">\u2013<\/span><span class=\"aioseo-breadcrumb\">\n\t<a href=\"https:\/\/eldigitaldeasturias.com\/magazine365\/category\/noticias-actualidad\/\" title=\"Noticias y Actualidad\">Noticias y Actualidad<\/a>\n<\/span><span class=\"aioseo-breadcrumb-separator\">\u2013<\/span><span class=\"aioseo-breadcrumb\">\n\t<a href=\"https:\/\/eldigitaldeasturias.com\/magazine365\/claudia-llosa-abrira-el-festival-de-malaga-con-no-llores-vuela\/\" title=\"Claudia Llosa abrir\u00e1 el Festival de M\u00e1laga con \u00abNo llores, vuela\u00bb\">Claudia Llosa abrir\u00e1 el Festival de M\u00e1laga con \u00abNo llores, vuela\u00bb<\/a>\n<\/span><\/div>","aioseo_breadcrumb_json":[{"label":"Home","link":"https:\/\/eldigitaldeasturias.com\/magazine365"},{"label":"Noticias y Actualidad","link":"https:\/\/eldigitaldeasturias.com\/magazine365\/category\/noticias-actualidad\/"},{"label":"Claudia Llosa abrir\u00e1 el Festival de M\u00e1laga con \u00abNo llores, vuela\u00bb","link":"https:\/\/eldigitaldeasturias.com\/magazine365\/claudia-llosa-abrira-el-festival-de-malaga-con-no-llores-vuela\/"}],"_links":{"self":[{"href":"https:\/\/eldigitaldeasturias.com\/magazine365\/wp-json\/wp\/v2\/posts\/1708","targetHints":{"allow":["GET"]}}],"collection":[{"href":"https:\/\/eldigitaldeasturias.com\/magazine365\/wp-json\/wp\/v2\/posts"}],"about":[{"href":"https:\/\/eldigitaldeasturias.com\/magazine365\/wp-json\/wp\/v2\/types\/post"}],"author":[{"embeddable":true,"href":"https:\/\/eldigitaldeasturias.com\/magazine365\/wp-json\/wp\/v2\/users\/1"}],"replies":[{"embeddable":true,"href":"https:\/\/eldigitaldeasturias.com\/magazine365\/wp-json\/wp\/v2\/comments?post=1708"}],"version-history":[{"count":0,"href":"https:\/\/eldigitaldeasturias.com\/magazine365\/wp-json\/wp\/v2\/posts\/1708\/revisions"}],"wp:featuredmedia":[{"embeddable":true,"href":"https:\/\/eldigitaldeasturias.com\/magazine365\/wp-json\/wp\/v2\/media\/1709"}],"wp:attachment":[{"href":"https:\/\/eldigitaldeasturias.com\/magazine365\/wp-json\/wp\/v2\/media?parent=1708"}],"wp:term":[{"taxonomy":"category","embeddable":true,"href":"https:\/\/eldigitaldeasturias.com\/magazine365\/wp-json\/wp\/v2\/categories?post=1708"},{"taxonomy":"post_tag","embeddable":true,"href":"https:\/\/eldigitaldeasturias.com\/magazine365\/wp-json\/wp\/v2\/tags?post=1708"}],"curies":[{"name":"wp","href":"https:\/\/api.w.org\/{rel}","templated":true}]}}