{"id":1702,"date":"2014-01-23T19:35:17","date_gmt":"2014-01-23T20:35:17","guid":{"rendered":"http:\/\/eldigitaldeasturias.com\/magazine365\/?p=1702"},"modified":"2014-01-23T19:35:17","modified_gmt":"2014-01-23T20:35:17","slug":"bisbal-dice-que-nunca-ha-sentido-tanta-libertad-como-con-su-nuevo-album","status":"publish","type":"post","link":"https:\/\/eldigitaldeasturias.com\/magazine365\/bisbal-dice-que-nunca-ha-sentido-tanta-libertad-como-con-su-nuevo-album\/","title":{"rendered":"Bisbal dice que nunca ha sentido \u00abtanta libertad\u00bb como con su nuevo \u00e1lbum"},"content":{"rendered":"<p><img fetchpriority=\"high\" decoding=\"async\" class=\"alignleft size-medium wp-image-1703\" alt=\"5870783w\" src=\"https:\/\/eldigitaldeasturias.com\/magazine365\/wp-content\/uploads\/2014\/01\/5870783w-360x246.jpg\" width=\"360\" height=\"246\" \/>Madrid, 23 ene (EFE).- Nunca antes se hab\u00eda sentido \u00abcon tanta libertad\u00bb como en la grabaci\u00f3n de \u00abT\u00fa y yo\u00bb, el nuevo \u00e1lbum con el que David Bisbal iniciar\u00e1 su sexta gira internacional y en el que hace gala de un sonido \u00abuniversal\u00bb del que est\u00e1 muy satisfecho, seg\u00fan ha confesado hoy el cantante a Efe.<\/p>\n<p>Est\u00e1 \u00abmuy satisfecho sobre todo por la mezcla\u00bb que ha conseguido en este \u00e1lbum, que saldr\u00e1 a la venta el pr\u00f3ximo 18 de marzo y en el que, explica, se juntan los sonidos de banda org\u00e1nica y el electr\u00f3nico, lo que ha dado un resultado diferente al de todas sus canciones anteriores.<\/p>\n<p>Mezcla que ha tenido como inspiraci\u00f3n la gira ac\u00fastica que realiz\u00f3 en 2011 que supuso para el artista almeriense \u00abun antes y un despu\u00e9s\u00bb y que ha combinado \u00abcon la m\u00fasica que se escucha en las radios\u00bb, ha indicado en una entrevista antes de presentar en el C\u00edrculo de Bellas Artes de Madrid el primer sencillo del \u00e1lbum, una canci\u00f3n titulada \u00abDiez Mil Maneras\u00bb.<\/p>\n<p>Varias de las canciones de este \u00e1lbum est\u00e1n escritas por el propio Bisbal, que incluye tambi\u00e9n temas compuestos por mujeres, con cuyo estilo se siente muy compenetrado.<\/p>\n<p>Con el t\u00edtulo de \u00abT\u00fa y yo\u00bb, Bisbal quiere realizar un homenaje a la cercan\u00eda de su p\u00fablico, ese que le ha apoyado a lo largo de sus doce a\u00f1os de carrera y a \u00abesa conexi\u00f3n directa\u00bb que siente siempre por parte de sus seguidores.<\/p>\n<p>El lanzamiento de \u00abDiez Mil Maneras\u00bb que hoy se realizado de forma simult\u00e1nea en las radios de todos los pa\u00edses de Am\u00e9rica Latina, Espa\u00f1a y Estados Unidos, no ha podido tener una mejor acogida, ya que en pocas horas se ha puesto a la cabeza de las ventas en las plataformas digitales.<\/p>\n<p>\u00abEs una grand\u00edsima sorpresa\u00bb, ha indicado el cantante tras conocer los resultados de venta en las primeras horas de este tema, que eligi\u00f3 como primer adelanto por su \u00absorprendente ritmo\u00bb, un \u00e9xito que el almeriense ha achacado al \u00abmagn\u00edfico\u00bb trabajo en equipo que se ha llevado a cabo durante la grabaci\u00f3n.<\/p>\n<p>Y es que Bisbal dice haber sentido una total libertad durante la grabaci\u00f3n en Los \u00c1ngeles (EEUU) de este trabajo, producido por Sebastian Krys y con el que ha trabajado \u00abcodo con codo\u00bb, y en el que ha contado con m\u00fasicos que han trabajado con algunos de los mejores artistas.<\/p>\n<p>Con este tema, Bisbal ha querido apostar por nuevas formas de acercar su m\u00fasica al p\u00fablico y estimular el modelo tradicional de venta de m\u00fasica, de tal forma que a partir de ma\u00f1ana, en Espa\u00f1a habr\u00e1 disponible una oferta especial de lanzamiento que incluir\u00e1 la compra de una entrada para la gira de conciertos, m\u00e1s la preventa del \u00e1lbum.<\/p>\n<p>Argentina, Chile, Uruguay, M\u00e9xico, Ecuador, Espa\u00f1a, Colombia, Venezuela, Estados Unidos, Canad\u00e1, Francia y el Reino Unido ser\u00e1n escenarios de la gira de David Bisbal, que dar\u00e1 comienzo el 21 de marzo en San Luis, en Argentina.<\/p>\n<p>Cinco millones de discos vendidos, 60 discos de platino y oro, 5 giras internacionales y m\u00e1s de 600 conciertos a lo largo y ancho del mundo no han quitado a Bisbal de los nervios previos al estreno, seg\u00fan ha reconocido hoy.<\/p>\n<p>En los pr\u00f3ximos conciertos, el p\u00fablico podr\u00e1 escuchar varias canciones escritas \u00abdel pu\u00f1o y letra\u00bb de Bisbal, que ha confesado que se puso a componer \u00aba diestro y siniestro\u00bb tras acabar su participaci\u00f3n en los concursos de \u00abLa Voz\u00bb en Espa\u00f1a y M\u00e9xico.<\/p>\n<p>Unos concursos en los que particip\u00f3 como \u00abcoach\u00bb de los j\u00f3venes talentos y de los que conserva recuerdos maravillosos y que, incluso, le han emocionado hasta las l\u00e1grimas durante el acto de presentaci\u00f3n.<\/p>\n<p>No obstante, \u00abprefiero ser concursante\u00bb, ha afirmado este cantante que qued\u00f3 en segundo puesto en la primera edici\u00f3n de \u00abOperaci\u00f3n Triunfo\u00bb ya que considera que en la participaci\u00f3n como experto que ha protagonizado en \u00abLa Voz\u00bb ha tenido que tomar \u00abdecisiones dif\u00edciles\u00bb.<\/p>\n<p>El artista ha presentado tambi\u00e9n hoy un adelanto del medio metraje que Universal Music lanzar\u00e1 durante la gira y que, dirigido por Kike Ma\u00edllo, protagonizan David Bisbal y Mar\u00eda Valverde.<\/p>\n<p>Aunque se trata de \u00abmaterial discogr\u00e1fico\u00bb, Bisbal quer\u00eda presentar un proyecto \u00abdiferente\u00bb para este \u00e1lbum, de tal forma que en este medio metraje se incluyen cuatro canciones de \u00abT\u00fa y yo\u00bb.<\/p>\n<p>Con esta experiencia el cantante ha visto que hacer cine es \u00abmuy dif\u00edcil\u00bb, un arte que, sostiene, no es lo suyo: \u00ablo m\u00edo es la m\u00fasica, y a la m\u00fasica me dedicar\u00e9 siempre\u00bb, ha insistido categ\u00f3rico el artista que ha destacado la forma en la que los actores y el director le \u00abarroparon\u00bb durante el rodaje.<\/p>\n<p>Bisbal tambi\u00e9n es el protagonista de un v\u00eddeo de turismo de Almer\u00eda que, con \u00abCien mil maneras\u00bb de banda sonora, se proyectar\u00e1 antes de los conciertos de su gira internacional, para promocionar las visitas a su tierra natal, \u00abun talism\u00e1n\u00bb para \u00e9l.<\/p>\n","protected":false},"excerpt":{"rendered":"<p>Madrid, 23 ene (EFE).- Nunca antes se hab\u00eda sentido \u00abcon tanta libertad\u00bb como en la grabaci\u00f3n de \u00abT\u00fa y yo\u00bb, el nuevo \u00e1lbum con el que David Bisbal iniciar\u00e1 su sexta gira internacional y en el que hace gala de un sonido \u00abuniversal\u00bb del que est\u00e1 muy satisfecho, seg\u00fan ha confesado hoy el cantante a<\/p>\n","protected":false},"author":1,"featured_media":1703,"comment_status":"open","ping_status":"open","sticky":false,"template":"","format":"standard","meta":{"footnotes":""},"categories":[224],"tags":[],"class_list":{"0":"post-1702","1":"post","2":"type-post","3":"status-publish","4":"format-standard","5":"has-post-thumbnail","7":"category-noticias-actualidad"},"aioseo_notices":[],"aioseo_head":"\n\t\t<!-- All in One SEO Pro 4.9.6.1 - aioseo.com -->\n\t<meta name=\"description\" content=\"Madrid, 23 ene (EFE).- Nunca antes se hab\u00eda sentido &quot;con tanta libertad&quot; como en la grabaci\u00f3n de &quot;T\u00fa y yo&quot;, el nuevo \u00e1lbum con el que David Bisbal iniciar\u00e1 su sexta gira internacional y en el que hace gala de un sonido &quot;universal&quot; del que est\u00e1 muy satisfecho, seg\u00fan ha confesado hoy el cantante a\" \/>\n\t<meta name=\"robots\" content=\"max-image-preview:large\" \/>\n\t<meta name=\"author\" content=\"admin\"\/>\n\t<meta name=\"google-site-verification\" content=\"UA-38556648-1\" \/>\n\t<meta name=\"keywords\" content=\"noticias y actualidad\" \/>\n\t<link rel=\"canonical\" href=\"https:\/\/eldigitaldeasturias.com\/magazine365\/bisbal-dice-que-nunca-ha-sentido-tanta-libertad-como-con-su-nuevo-album\/\" \/>\n\t<meta name=\"generator\" content=\"All in One SEO Pro (AIOSEO) 4.9.6.1\" \/>\n\t\t<meta property=\"og:locale\" content=\"es_ES\" \/>\n\t\t<meta property=\"og:site_name\" content=\"El Digital de Asturias \u2013 Revista de ocio, turismo y estilo de vida\" \/>\n\t\t<meta property=\"og:type\" content=\"article\" \/>\n\t\t<meta property=\"og:title\" content=\"Bisbal dice que nunca ha sentido \u00abtanta libertad\u00bb como con su nuevo \u00e1lbum | El Digital de Asturias\" \/>\n\t\t<meta property=\"og:description\" content=\"Madrid, 23 ene (EFE).- Nunca antes se hab\u00eda sentido &quot;con tanta libertad&quot; como en la grabaci\u00f3n de &quot;T\u00fa y yo&quot;, el nuevo \u00e1lbum con el que David Bisbal iniciar\u00e1 su sexta gira internacional y en el que hace gala de un sonido &quot;universal&quot; del que est\u00e1 muy satisfecho, seg\u00fan ha confesado hoy el cantante a\" \/>\n\t\t<meta property=\"og:url\" content=\"https:\/\/eldigitaldeasturias.com\/magazine365\/bisbal-dice-que-nunca-ha-sentido-tanta-libertad-como-con-su-nuevo-album\/\" \/>\n\t\t<meta property=\"og:image\" content=\"https:\/\/eldigitaldeasturias.com\/magazine365\/wp-content\/uploads\/2014\/01\/5870783w.jpg\" \/>\n\t\t<meta property=\"og:image:secure_url\" content=\"https:\/\/eldigitaldeasturias.com\/magazine365\/wp-content\/uploads\/2014\/01\/5870783w.jpg\" \/>\n\t\t<meta property=\"og:image:width\" content=\"800\" \/>\n\t\t<meta property=\"og:image:height\" content=\"548\" \/>\n\t\t<meta property=\"article:published_time\" content=\"2014-01-23T20:35:17+00:00\" \/>\n\t\t<meta property=\"article:modified_time\" content=\"2014-01-23T20:35:17+00:00\" \/>\n\t\t<meta name=\"twitter:card\" content=\"summary_large_image\" \/>\n\t\t<meta name=\"twitter:title\" content=\"Bisbal dice que nunca ha sentido \u00abtanta libertad\u00bb como con su nuevo \u00e1lbum | El Digital de Asturias\" \/>\n\t\t<meta name=\"twitter:description\" content=\"Madrid, 23 ene (EFE).- Nunca antes se hab\u00eda sentido &quot;con tanta libertad&quot; como en la grabaci\u00f3n de &quot;T\u00fa y yo&quot;, el nuevo \u00e1lbum con el que David Bisbal iniciar\u00e1 su sexta gira internacional y en el que hace gala de un sonido &quot;universal&quot; del que est\u00e1 muy satisfecho, seg\u00fan ha confesado hoy el cantante a\" \/>\n\t\t<meta name=\"twitter:image\" content=\"https:\/\/eldigitaldeasturias.com\/magazine365\/wp-content\/uploads\/2014\/01\/5870783w.jpg\" \/>\n\t\t<script type=\"application\/ld+json\" class=\"aioseo-schema\">\n\t\t\t{\"@context\":\"https:\\\/\\\/schema.org\",\"@graph\":[{\"@type\":\"Article\",\"@id\":\"https:\\\/\\\/eldigitaldeasturias.com\\\/magazine365\\\/bisbal-dice-que-nunca-ha-sentido-tanta-libertad-como-con-su-nuevo-album\\\/#article\",\"name\":\"Bisbal dice que nunca ha sentido \\u00abtanta libertad\\u00bb como con su nuevo \\u00e1lbum | El Digital de Asturias\",\"headline\":\"Bisbal dice que nunca ha sentido \\u00abtanta libertad\\u00bb como con su nuevo \\u00e1lbum\",\"author\":{\"@id\":\"https:\\\/\\\/eldigitaldeasturias.com\\\/magazine365\\\/author\\\/admin\\\/#author\"},\"publisher\":{\"@id\":\"https:\\\/\\\/eldigitaldeasturias.com\\\/magazine365\\\/#organization\"},\"image\":{\"@type\":\"ImageObject\",\"url\":\"https:\\\/\\\/eldigitaldeasturias.com\\\/magazine365\\\/wp-content\\\/uploads\\\/2014\\\/01\\\/5870783w.jpg\",\"width\":800,\"height\":548},\"datePublished\":\"2014-01-23T19:35:17+01:00\",\"dateModified\":\"2014-01-23T19:35:17+01:00\",\"inLanguage\":\"es-ES\",\"mainEntityOfPage\":{\"@id\":\"https:\\\/\\\/eldigitaldeasturias.com\\\/magazine365\\\/bisbal-dice-que-nunca-ha-sentido-tanta-libertad-como-con-su-nuevo-album\\\/#webpage\"},\"isPartOf\":{\"@id\":\"https:\\\/\\\/eldigitaldeasturias.com\\\/magazine365\\\/bisbal-dice-que-nunca-ha-sentido-tanta-libertad-como-con-su-nuevo-album\\\/#webpage\"},\"articleSection\":\"Noticias y Actualidad\"},{\"@type\":\"BreadcrumbList\",\"@id\":\"https:\\\/\\\/eldigitaldeasturias.com\\\/magazine365\\\/bisbal-dice-que-nunca-ha-sentido-tanta-libertad-como-con-su-nuevo-album\\\/#breadcrumblist\",\"itemListElement\":[{\"@type\":\"ListItem\",\"@id\":\"https:\\\/\\\/eldigitaldeasturias.com\\\/magazine365#listItem\",\"position\":1,\"name\":\"Home\",\"item\":\"https:\\\/\\\/eldigitaldeasturias.com\\\/magazine365\",\"nextItem\":{\"@type\":\"ListItem\",\"@id\":\"https:\\\/\\\/eldigitaldeasturias.com\\\/magazine365\\\/category\\\/noticias-actualidad\\\/#listItem\",\"name\":\"Noticias y Actualidad\"}},{\"@type\":\"ListItem\",\"@id\":\"https:\\\/\\\/eldigitaldeasturias.com\\\/magazine365\\\/category\\\/noticias-actualidad\\\/#listItem\",\"position\":2,\"name\":\"Noticias y Actualidad\",\"item\":\"https:\\\/\\\/eldigitaldeasturias.com\\\/magazine365\\\/category\\\/noticias-actualidad\\\/\",\"nextItem\":{\"@type\":\"ListItem\",\"@id\":\"https:\\\/\\\/eldigitaldeasturias.com\\\/magazine365\\\/bisbal-dice-que-nunca-ha-sentido-tanta-libertad-como-con-su-nuevo-album\\\/#listItem\",\"name\":\"Bisbal dice que nunca ha sentido \\u00abtanta libertad\\u00bb como con su nuevo \\u00e1lbum\"},\"previousItem\":{\"@type\":\"ListItem\",\"@id\":\"https:\\\/\\\/eldigitaldeasturias.com\\\/magazine365#listItem\",\"name\":\"Home\"}},{\"@type\":\"ListItem\",\"@id\":\"https:\\\/\\\/eldigitaldeasturias.com\\\/magazine365\\\/bisbal-dice-que-nunca-ha-sentido-tanta-libertad-como-con-su-nuevo-album\\\/#listItem\",\"position\":3,\"name\":\"Bisbal dice que nunca ha sentido \\u00abtanta libertad\\u00bb como con su nuevo \\u00e1lbum\",\"previousItem\":{\"@type\":\"ListItem\",\"@id\":\"https:\\\/\\\/eldigitaldeasturias.com\\\/magazine365\\\/category\\\/noticias-actualidad\\\/#listItem\",\"name\":\"Noticias y Actualidad\"}}]},{\"@type\":\"Organization\",\"@id\":\"https:\\\/\\\/eldigitaldeasturias.com\\\/magazine365\\\/#organization\",\"name\":\"El digital de Asturias\",\"description\":\"Revista de ocio, turismo y estilo de vida\",\"url\":\"https:\\\/\\\/eldigitaldeasturias.com\\\/magazine365\\\/\",\"logo\":{\"@type\":\"ImageObject\",\"url\":\"https:\\\/\\\/www.eldigitaldeasturias.com\\\/noticias\\\/wp-content\\\/uploads\\\/2020\\\/12\\\/EDA.jpg\",\"@id\":\"https:\\\/\\\/eldigitaldeasturias.com\\\/magazine365\\\/bisbal-dice-que-nunca-ha-sentido-tanta-libertad-como-con-su-nuevo-album\\\/#organizationLogo\"},\"image\":{\"@id\":\"https:\\\/\\\/eldigitaldeasturias.com\\\/magazine365\\\/bisbal-dice-que-nunca-ha-sentido-tanta-libertad-como-con-su-nuevo-album\\\/#organizationLogo\"}},{\"@type\":\"Person\",\"@id\":\"https:\\\/\\\/eldigitaldeasturias.com\\\/magazine365\\\/author\\\/admin\\\/#author\",\"url\":\"https:\\\/\\\/eldigitaldeasturias.com\\\/magazine365\\\/author\\\/admin\\\/\",\"name\":\"admin\",\"image\":{\"@type\":\"ImageObject\",\"@id\":\"https:\\\/\\\/eldigitaldeasturias.com\\\/magazine365\\\/bisbal-dice-que-nunca-ha-sentido-tanta-libertad-como-con-su-nuevo-album\\\/#authorImage\",\"url\":\"https:\\\/\\\/eldigitaldeasturias.com\\\/magazine365\\\/wp-content\\\/litespeed\\\/avatar\\\/e571bcf59a0edd6fa6838245a470f2fe.jpg?ver=1777574230\",\"width\":96,\"height\":96,\"caption\":\"admin\"}},{\"@type\":\"WebPage\",\"@id\":\"https:\\\/\\\/eldigitaldeasturias.com\\\/magazine365\\\/bisbal-dice-que-nunca-ha-sentido-tanta-libertad-como-con-su-nuevo-album\\\/#webpage\",\"url\":\"https:\\\/\\\/eldigitaldeasturias.com\\\/magazine365\\\/bisbal-dice-que-nunca-ha-sentido-tanta-libertad-como-con-su-nuevo-album\\\/\",\"name\":\"Bisbal dice que nunca ha sentido \\u00abtanta libertad\\u00bb como con su nuevo \\u00e1lbum | El Digital de Asturias\",\"description\":\"Madrid, 23 ene (EFE).- Nunca antes se hab\\u00eda sentido \\\"con tanta libertad\\\" como en la grabaci\\u00f3n de \\\"T\\u00fa y yo\\\", el nuevo \\u00e1lbum con el que David Bisbal iniciar\\u00e1 su sexta gira internacional y en el que hace gala de un sonido \\\"universal\\\" del que est\\u00e1 muy satisfecho, seg\\u00fan ha confesado hoy el cantante a\",\"inLanguage\":\"es-ES\",\"isPartOf\":{\"@id\":\"https:\\\/\\\/eldigitaldeasturias.com\\\/magazine365\\\/#website\"},\"breadcrumb\":{\"@id\":\"https:\\\/\\\/eldigitaldeasturias.com\\\/magazine365\\\/bisbal-dice-que-nunca-ha-sentido-tanta-libertad-como-con-su-nuevo-album\\\/#breadcrumblist\"},\"author\":{\"@id\":\"https:\\\/\\\/eldigitaldeasturias.com\\\/magazine365\\\/author\\\/admin\\\/#author\"},\"creator\":{\"@id\":\"https:\\\/\\\/eldigitaldeasturias.com\\\/magazine365\\\/author\\\/admin\\\/#author\"},\"image\":{\"@type\":\"ImageObject\",\"url\":\"https:\\\/\\\/eldigitaldeasturias.com\\\/magazine365\\\/wp-content\\\/uploads\\\/2014\\\/01\\\/5870783w.jpg\",\"@id\":\"https:\\\/\\\/eldigitaldeasturias.com\\\/magazine365\\\/bisbal-dice-que-nunca-ha-sentido-tanta-libertad-como-con-su-nuevo-album\\\/#mainImage\",\"width\":800,\"height\":548},\"primaryImageOfPage\":{\"@id\":\"https:\\\/\\\/eldigitaldeasturias.com\\\/magazine365\\\/bisbal-dice-que-nunca-ha-sentido-tanta-libertad-como-con-su-nuevo-album\\\/#mainImage\"},\"datePublished\":\"2014-01-23T19:35:17+01:00\",\"dateModified\":\"2014-01-23T19:35:17+01:00\"},{\"@type\":\"WebSite\",\"@id\":\"https:\\\/\\\/eldigitaldeasturias.com\\\/magazine365\\\/#website\",\"url\":\"https:\\\/\\\/eldigitaldeasturias.com\\\/magazine365\\\/\",\"name\":\"El Digital de Asturias\",\"description\":\"Revista de ocio, turismo y estilo de vida\",\"inLanguage\":\"es-ES\",\"publisher\":{\"@id\":\"https:\\\/\\\/eldigitaldeasturias.com\\\/magazine365\\\/#organization\"}}]}\n\t\t<\/script>\n\t\t<!-- All in One SEO Pro -->\r\n\t\t<title>Bisbal dice que nunca ha sentido \u00abtanta libertad\u00bb como con su nuevo \u00e1lbum | El Digital de Asturias<\/title>\n\n","aioseo_head_json":{"title":"Bisbal dice que nunca ha sentido \u00abtanta libertad\u00bb como con su nuevo \u00e1lbum | El Digital de Asturias","description":"Madrid, 23 ene (EFE).- Nunca antes se hab\u00eda sentido \"con tanta libertad\" como en la grabaci\u00f3n de \"T\u00fa y yo\", el nuevo \u00e1lbum con el que David Bisbal iniciar\u00e1 su sexta gira internacional y en el que hace gala de un sonido \"universal\" del que est\u00e1 muy satisfecho, seg\u00fan ha confesado hoy el cantante a","canonical_url":"https:\/\/eldigitaldeasturias.com\/magazine365\/bisbal-dice-que-nunca-ha-sentido-tanta-libertad-como-con-su-nuevo-album\/","robots":"max-image-preview:large","keywords":"noticias y actualidad","webmasterTools":{"google-site-verification":"UA-38556648-1","miscellaneous":""},"schema":{"@context":"https:\/\/schema.org","@graph":[{"@type":"Article","@id":"https:\/\/eldigitaldeasturias.com\/magazine365\/bisbal-dice-que-nunca-ha-sentido-tanta-libertad-como-con-su-nuevo-album\/#article","name":"Bisbal dice que nunca ha sentido \u00abtanta libertad\u00bb como con su nuevo \u00e1lbum | El Digital de Asturias","headline":"Bisbal dice que nunca ha sentido \u00abtanta libertad\u00bb como con su nuevo \u00e1lbum","author":{"@id":"https:\/\/eldigitaldeasturias.com\/magazine365\/author\/admin\/#author"},"publisher":{"@id":"https:\/\/eldigitaldeasturias.com\/magazine365\/#organization"},"image":{"@type":"ImageObject","url":"https:\/\/eldigitaldeasturias.com\/magazine365\/wp-content\/uploads\/2014\/01\/5870783w.jpg","width":800,"height":548},"datePublished":"2014-01-23T19:35:17+01:00","dateModified":"2014-01-23T19:35:17+01:00","inLanguage":"es-ES","mainEntityOfPage":{"@id":"https:\/\/eldigitaldeasturias.com\/magazine365\/bisbal-dice-que-nunca-ha-sentido-tanta-libertad-como-con-su-nuevo-album\/#webpage"},"isPartOf":{"@id":"https:\/\/eldigitaldeasturias.com\/magazine365\/bisbal-dice-que-nunca-ha-sentido-tanta-libertad-como-con-su-nuevo-album\/#webpage"},"articleSection":"Noticias y Actualidad"},{"@type":"BreadcrumbList","@id":"https:\/\/eldigitaldeasturias.com\/magazine365\/bisbal-dice-que-nunca-ha-sentido-tanta-libertad-como-con-su-nuevo-album\/#breadcrumblist","itemListElement":[{"@type":"ListItem","@id":"https:\/\/eldigitaldeasturias.com\/magazine365#listItem","position":1,"name":"Home","item":"https:\/\/eldigitaldeasturias.com\/magazine365","nextItem":{"@type":"ListItem","@id":"https:\/\/eldigitaldeasturias.com\/magazine365\/category\/noticias-actualidad\/#listItem","name":"Noticias y Actualidad"}},{"@type":"ListItem","@id":"https:\/\/eldigitaldeasturias.com\/magazine365\/category\/noticias-actualidad\/#listItem","position":2,"name":"Noticias y Actualidad","item":"https:\/\/eldigitaldeasturias.com\/magazine365\/category\/noticias-actualidad\/","nextItem":{"@type":"ListItem","@id":"https:\/\/eldigitaldeasturias.com\/magazine365\/bisbal-dice-que-nunca-ha-sentido-tanta-libertad-como-con-su-nuevo-album\/#listItem","name":"Bisbal dice que nunca ha sentido \u00abtanta libertad\u00bb como con su nuevo \u00e1lbum"},"previousItem":{"@type":"ListItem","@id":"https:\/\/eldigitaldeasturias.com\/magazine365#listItem","name":"Home"}},{"@type":"ListItem","@id":"https:\/\/eldigitaldeasturias.com\/magazine365\/bisbal-dice-que-nunca-ha-sentido-tanta-libertad-como-con-su-nuevo-album\/#listItem","position":3,"name":"Bisbal dice que nunca ha sentido \u00abtanta libertad\u00bb como con su nuevo \u00e1lbum","previousItem":{"@type":"ListItem","@id":"https:\/\/eldigitaldeasturias.com\/magazine365\/category\/noticias-actualidad\/#listItem","name":"Noticias y Actualidad"}}]},{"@type":"Organization","@id":"https:\/\/eldigitaldeasturias.com\/magazine365\/#organization","name":"El digital de Asturias","description":"Revista de ocio, turismo y estilo de vida","url":"https:\/\/eldigitaldeasturias.com\/magazine365\/","logo":{"@type":"ImageObject","url":"https:\/\/www.eldigitaldeasturias.com\/noticias\/wp-content\/uploads\/2020\/12\/EDA.jpg","@id":"https:\/\/eldigitaldeasturias.com\/magazine365\/bisbal-dice-que-nunca-ha-sentido-tanta-libertad-como-con-su-nuevo-album\/#organizationLogo"},"image":{"@id":"https:\/\/eldigitaldeasturias.com\/magazine365\/bisbal-dice-que-nunca-ha-sentido-tanta-libertad-como-con-su-nuevo-album\/#organizationLogo"}},{"@type":"Person","@id":"https:\/\/eldigitaldeasturias.com\/magazine365\/author\/admin\/#author","url":"https:\/\/eldigitaldeasturias.com\/magazine365\/author\/admin\/","name":"admin","image":{"@type":"ImageObject","@id":"https:\/\/eldigitaldeasturias.com\/magazine365\/bisbal-dice-que-nunca-ha-sentido-tanta-libertad-como-con-su-nuevo-album\/#authorImage","url":"https:\/\/eldigitaldeasturias.com\/magazine365\/wp-content\/litespeed\/avatar\/e571bcf59a0edd6fa6838245a470f2fe.jpg?ver=1777574230","width":96,"height":96,"caption":"admin"}},{"@type":"WebPage","@id":"https:\/\/eldigitaldeasturias.com\/magazine365\/bisbal-dice-que-nunca-ha-sentido-tanta-libertad-como-con-su-nuevo-album\/#webpage","url":"https:\/\/eldigitaldeasturias.com\/magazine365\/bisbal-dice-que-nunca-ha-sentido-tanta-libertad-como-con-su-nuevo-album\/","name":"Bisbal dice que nunca ha sentido \u00abtanta libertad\u00bb como con su nuevo \u00e1lbum | El Digital de Asturias","description":"Madrid, 23 ene (EFE).- Nunca antes se hab\u00eda sentido \"con tanta libertad\" como en la grabaci\u00f3n de \"T\u00fa y yo\", el nuevo \u00e1lbum con el que David Bisbal iniciar\u00e1 su sexta gira internacional y en el que hace gala de un sonido \"universal\" del que est\u00e1 muy satisfecho, seg\u00fan ha confesado hoy el cantante a","inLanguage":"es-ES","isPartOf":{"@id":"https:\/\/eldigitaldeasturias.com\/magazine365\/#website"},"breadcrumb":{"@id":"https:\/\/eldigitaldeasturias.com\/magazine365\/bisbal-dice-que-nunca-ha-sentido-tanta-libertad-como-con-su-nuevo-album\/#breadcrumblist"},"author":{"@id":"https:\/\/eldigitaldeasturias.com\/magazine365\/author\/admin\/#author"},"creator":{"@id":"https:\/\/eldigitaldeasturias.com\/magazine365\/author\/admin\/#author"},"image":{"@type":"ImageObject","url":"https:\/\/eldigitaldeasturias.com\/magazine365\/wp-content\/uploads\/2014\/01\/5870783w.jpg","@id":"https:\/\/eldigitaldeasturias.com\/magazine365\/bisbal-dice-que-nunca-ha-sentido-tanta-libertad-como-con-su-nuevo-album\/#mainImage","width":800,"height":548},"primaryImageOfPage":{"@id":"https:\/\/eldigitaldeasturias.com\/magazine365\/bisbal-dice-que-nunca-ha-sentido-tanta-libertad-como-con-su-nuevo-album\/#mainImage"},"datePublished":"2014-01-23T19:35:17+01:00","dateModified":"2014-01-23T19:35:17+01:00"},{"@type":"WebSite","@id":"https:\/\/eldigitaldeasturias.com\/magazine365\/#website","url":"https:\/\/eldigitaldeasturias.com\/magazine365\/","name":"El Digital de Asturias","description":"Revista de ocio, turismo y estilo de vida","inLanguage":"es-ES","publisher":{"@id":"https:\/\/eldigitaldeasturias.com\/magazine365\/#organization"}}]},"og:locale":"es_ES","og:site_name":"El Digital de Asturias \u2013 Revista de ocio, turismo y estilo de vida","og:type":"article","og:title":"Bisbal dice que nunca ha sentido \u00abtanta libertad\u00bb como con su nuevo \u00e1lbum | El Digital de Asturias","og:description":"Madrid, 23 ene (EFE).- Nunca antes se hab\u00eda sentido &quot;con tanta libertad&quot; como en la grabaci\u00f3n de &quot;T\u00fa y yo&quot;, el nuevo \u00e1lbum con el que David Bisbal iniciar\u00e1 su sexta gira internacional y en el que hace gala de un sonido &quot;universal&quot; del que est\u00e1 muy satisfecho, seg\u00fan ha confesado hoy el cantante a","og:url":"https:\/\/eldigitaldeasturias.com\/magazine365\/bisbal-dice-que-nunca-ha-sentido-tanta-libertad-como-con-su-nuevo-album\/","og:image":"https:\/\/eldigitaldeasturias.com\/magazine365\/wp-content\/uploads\/2014\/01\/5870783w.jpg","og:image:secure_url":"https:\/\/eldigitaldeasturias.com\/magazine365\/wp-content\/uploads\/2014\/01\/5870783w.jpg","og:image:width":800,"og:image:height":548,"article:published_time":"2014-01-23T20:35:17+00:00","article:modified_time":"2014-01-23T20:35:17+00:00","twitter:card":"summary_large_image","twitter:title":"Bisbal dice que nunca ha sentido \u00abtanta libertad\u00bb como con su nuevo \u00e1lbum | El Digital de Asturias","twitter:description":"Madrid, 23 ene (EFE).- Nunca antes se hab\u00eda sentido &quot;con tanta libertad&quot; como en la grabaci\u00f3n de &quot;T\u00fa y yo&quot;, el nuevo \u00e1lbum con el que David Bisbal iniciar\u00e1 su sexta gira internacional y en el que hace gala de un sonido &quot;universal&quot; del que est\u00e1 muy satisfecho, seg\u00fan ha confesado hoy el cantante a","twitter:image":"https:\/\/eldigitaldeasturias.com\/magazine365\/wp-content\/uploads\/2014\/01\/5870783w.jpg"},"aioseo_meta_data":{"post_id":"1702","title":null,"description":null,"keywords":null,"keyphrases":null,"primary_term":null,"canonical_url":null,"og_title":null,"og_description":null,"og_object_type":"default","og_image_type":"default","og_image_url":null,"og_image_width":null,"og_image_height":null,"og_image_custom_url":null,"og_image_custom_fields":null,"og_video":null,"og_custom_url":null,"og_article_section":null,"og_article_tags":null,"twitter_use_og":false,"twitter_card":"default","twitter_image_type":"default","twitter_image_url":null,"twitter_image_custom_url":null,"twitter_image_custom_fields":null,"twitter_title":null,"twitter_description":null,"schema":{"blockGraphs":[],"customGraphs":[],"default":{"data":{"Article":[],"Course":[],"Dataset":[],"FAQPage":[],"Movie":[],"Person":[],"Product":[],"ProductReview":[],"Car":[],"Recipe":[],"Service":[],"SoftwareApplication":[],"WebPage":[]},"graphName":"","isEnabled":true},"graphs":[],"defaultGraph":"","defaultPostTypeGraph":""},"schema_type":null,"schema_type_options":null,"pillar_content":false,"robots_default":true,"robots_noindex":false,"robots_noarchive":false,"robots_nosnippet":false,"robots_nofollow":false,"robots_noimageindex":false,"robots_noodp":false,"robots_notranslate":false,"robots_max_snippet":null,"robots_max_videopreview":null,"robots_max_imagepreview":"large","priority":null,"frequency":null,"location":null,"local_seo":null,"seo_analyzer_scan_date":"2025-09-16 09:51:39","breadcrumb_settings":null,"limit_modified_date":false,"open_ai":null,"ai":null,"created":"2020-12-21 13:40:22","updated":"2025-09-16 09:51:39"},"aioseo_breadcrumb":"<div class=\"aioseo-breadcrumbs\"><span class=\"aioseo-breadcrumb\">\n\t<a href=\"https:\/\/eldigitaldeasturias.com\/magazine365\" title=\"Home\">Home<\/a>\n<\/span><span class=\"aioseo-breadcrumb-separator\">\u2013<\/span><span class=\"aioseo-breadcrumb\">\n\t<a href=\"https:\/\/eldigitaldeasturias.com\/magazine365\/category\/noticias-actualidad\/\" title=\"Noticias y Actualidad\">Noticias y Actualidad<\/a>\n<\/span><span class=\"aioseo-breadcrumb-separator\">\u2013<\/span><span class=\"aioseo-breadcrumb\">\n\t<a href=\"https:\/\/eldigitaldeasturias.com\/magazine365\/bisbal-dice-que-nunca-ha-sentido-tanta-libertad-como-con-su-nuevo-album\/\" title=\"Bisbal dice que nunca ha sentido \u00abtanta libertad\u00bb como con su nuevo \u00e1lbum\">Bisbal dice que nunca ha sentido \u00abtanta libertad\u00bb como con su nuevo \u00e1lbum<\/a>\n<\/span><\/div>","aioseo_breadcrumb_json":[{"label":"Home","link":"https:\/\/eldigitaldeasturias.com\/magazine365"},{"label":"Noticias y Actualidad","link":"https:\/\/eldigitaldeasturias.com\/magazine365\/category\/noticias-actualidad\/"},{"label":"Bisbal dice que nunca ha sentido \u00abtanta libertad\u00bb como con su nuevo \u00e1lbum","link":"https:\/\/eldigitaldeasturias.com\/magazine365\/bisbal-dice-que-nunca-ha-sentido-tanta-libertad-como-con-su-nuevo-album\/"}],"_links":{"self":[{"href":"https:\/\/eldigitaldeasturias.com\/magazine365\/wp-json\/wp\/v2\/posts\/1702","targetHints":{"allow":["GET"]}}],"collection":[{"href":"https:\/\/eldigitaldeasturias.com\/magazine365\/wp-json\/wp\/v2\/posts"}],"about":[{"href":"https:\/\/eldigitaldeasturias.com\/magazine365\/wp-json\/wp\/v2\/types\/post"}],"author":[{"embeddable":true,"href":"https:\/\/eldigitaldeasturias.com\/magazine365\/wp-json\/wp\/v2\/users\/1"}],"replies":[{"embeddable":true,"href":"https:\/\/eldigitaldeasturias.com\/magazine365\/wp-json\/wp\/v2\/comments?post=1702"}],"version-history":[{"count":0,"href":"https:\/\/eldigitaldeasturias.com\/magazine365\/wp-json\/wp\/v2\/posts\/1702\/revisions"}],"wp:featuredmedia":[{"embeddable":true,"href":"https:\/\/eldigitaldeasturias.com\/magazine365\/wp-json\/wp\/v2\/media\/1703"}],"wp:attachment":[{"href":"https:\/\/eldigitaldeasturias.com\/magazine365\/wp-json\/wp\/v2\/media?parent=1702"}],"wp:term":[{"taxonomy":"category","embeddable":true,"href":"https:\/\/eldigitaldeasturias.com\/magazine365\/wp-json\/wp\/v2\/categories?post=1702"},{"taxonomy":"post_tag","embeddable":true,"href":"https:\/\/eldigitaldeasturias.com\/magazine365\/wp-json\/wp\/v2\/tags?post=1702"}],"curies":[{"name":"wp","href":"https:\/\/api.w.org\/{rel}","templated":true}]}}