{"id":1681,"date":"2014-01-23T19:24:23","date_gmt":"2014-01-23T20:24:23","guid":{"rendered":"http:\/\/eldigitaldeasturias.com\/magazine365\/?p=1681"},"modified":"2014-01-23T19:24:23","modified_gmt":"2014-01-23T20:24:23","slug":"el-festival-kurt-weill-convoca-a-un-concierto-sinfonico-compuesto-por-tuits","status":"publish","type":"post","link":"https:\/\/eldigitaldeasturias.com\/magazine365\/el-festival-kurt-weill-convoca-a-un-concierto-sinfonico-compuesto-por-tuits\/","title":{"rendered":"El Festival Kurt Weill convoca a un concierto sinf\u00f3nico compuesto por tuits"},"content":{"rendered":"<p><img fetchpriority=\"high\" decoding=\"async\" class=\"alignleft size-medium wp-image-1682\" alt=\"5870554w\" src=\"https:\/\/eldigitaldeasturias.com\/magazine365\/wp-content\/uploads\/2014\/01\/5870554w-360x272.jpg\" width=\"360\" height=\"272\" \/>Berl\u00edn, 23 ene (EFE).- El Festival Kurt Weill de Dessau (este de Alemania) estrenar\u00e1 el pr\u00f3ximo 3 de marzo la denominada \u00abTweetfonie\u00bb, un concierto de sinfon\u00edas a partir de tuits que espera recibir de distintas partes del mundo.<\/p>\n<p>El festival lanzar\u00e1 esta convocatoria a la comunidad internauta la pr\u00f3xima semana, con el objetivo de reunir a una nueva generaci\u00f3n de compositores a trav\u00e9s de esa sinfon\u00eda experimental y colectiva.<\/p>\n<p>A partir del 28 de febrero, en el enlace www.tweetfonie.de aparecer\u00e1 un teclado virtual en el que se podr\u00e1n introducir una melod\u00eda con un m\u00e1ximo de 140 caracteres, que quedar\u00e1n plasmados luego en una partitura convencional.<\/p>\n<p>El 2 de marzo un jurado de expertos proceder\u00e1 a seleccionar las piezas consideradas m\u00e1s logradas, que ser\u00e1n estrenadas al d\u00eda siguiente por la Filarm\u00f3nica de Dessau, cuna del movimiento art\u00edstico Bauhaus.<\/p>\n<p>El festival Kurt Weill, que se abri\u00f3 el pasado martes, estar\u00e1 integrado por m\u00e1s de 50 actos, entre conciertos, proyecciones de cine, seminarios y exposiciones, y se desarrollar\u00e1 hasta el 9 de marzo.<\/p>\n<p>La \u00abTwetfonia\u00bb es el plato fuerte ideado por sus organizadores para atraerse al p\u00fablico m\u00e1s joven hacia la m\u00fasica cl\u00e1sica.<\/p>\n<p>La convocatoria est\u00e1 abierta a compositores, cr\u00edticos, music\u00f3logos, periodistas y p\u00fablico en general, procedentes de cualquier pa\u00eds y parte del mundo.<\/p>\n","protected":false},"excerpt":{"rendered":"<p>Berl\u00edn, 23 ene (EFE).- El Festival Kurt Weill de Dessau (este de Alemania) estrenar\u00e1 el pr\u00f3ximo 3 de marzo la denominada \u00abTweetfonie\u00bb, un concierto de sinfon\u00edas a partir de tuits que espera recibir de distintas partes del mundo. El festival lanzar\u00e1 esta convocatoria a la comunidad internauta la pr\u00f3xima semana, con el objetivo de reunir<\/p>\n","protected":false},"author":1,"featured_media":1682,"comment_status":"open","ping_status":"open","sticky":false,"template":"","format":"standard","meta":{"footnotes":""},"categories":[224],"tags":[],"class_list":{"0":"post-1681","1":"post","2":"type-post","3":"status-publish","4":"format-standard","5":"has-post-thumbnail","7":"category-noticias-actualidad"},"aioseo_notices":[],"aioseo_head":"\n\t\t<!-- All in One SEO Pro 4.9.6.1 - aioseo.com -->\n\t<meta name=\"description\" content=\"Berl\u00edn, 23 ene (EFE).- El Festival Kurt Weill de Dessau (este de Alemania) estrenar\u00e1 el pr\u00f3ximo 3 de marzo la denominada &quot;Tweetfonie&quot;, un concierto de sinfon\u00edas a partir de tuits que espera recibir de distintas partes del mundo. El festival lanzar\u00e1 esta convocatoria a la comunidad internauta la pr\u00f3xima semana, con el objetivo de reunir\" \/>\n\t<meta name=\"robots\" content=\"max-image-preview:large\" \/>\n\t<meta name=\"author\" content=\"admin\"\/>\n\t<meta name=\"google-site-verification\" content=\"UA-38556648-1\" \/>\n\t<meta name=\"keywords\" content=\"noticias y actualidad\" \/>\n\t<link rel=\"canonical\" href=\"https:\/\/eldigitaldeasturias.com\/magazine365\/el-festival-kurt-weill-convoca-a-un-concierto-sinfonico-compuesto-por-tuits\/\" \/>\n\t<meta name=\"generator\" content=\"All in One SEO Pro (AIOSEO) 4.9.6.1\" \/>\n\t\t<meta property=\"og:locale\" content=\"es_ES\" \/>\n\t\t<meta property=\"og:site_name\" content=\"El Digital de Asturias \u2013 Revista de ocio, turismo y estilo de vida\" \/>\n\t\t<meta property=\"og:type\" content=\"article\" \/>\n\t\t<meta property=\"og:title\" content=\"El Festival Kurt Weill convoca a un concierto sinf\u00f3nico compuesto por tuits | El Digital de Asturias\" \/>\n\t\t<meta property=\"og:description\" content=\"Berl\u00edn, 23 ene (EFE).- El Festival Kurt Weill de Dessau (este de Alemania) estrenar\u00e1 el pr\u00f3ximo 3 de marzo la denominada &quot;Tweetfonie&quot;, un concierto de sinfon\u00edas a partir de tuits que espera recibir de distintas partes del mundo. El festival lanzar\u00e1 esta convocatoria a la comunidad internauta la pr\u00f3xima semana, con el objetivo de reunir\" \/>\n\t\t<meta property=\"og:url\" content=\"https:\/\/eldigitaldeasturias.com\/magazine365\/el-festival-kurt-weill-convoca-a-un-concierto-sinfonico-compuesto-por-tuits\/\" \/>\n\t\t<meta property=\"og:image\" content=\"https:\/\/eldigitaldeasturias.com\/magazine365\/wp-content\/uploads\/2014\/01\/5870554w.jpg\" \/>\n\t\t<meta property=\"og:image:secure_url\" content=\"https:\/\/eldigitaldeasturias.com\/magazine365\/wp-content\/uploads\/2014\/01\/5870554w.jpg\" \/>\n\t\t<meta property=\"og:image:width\" content=\"800\" \/>\n\t\t<meta property=\"og:image:height\" content=\"606\" \/>\n\t\t<meta property=\"article:published_time\" content=\"2014-01-23T20:24:23+00:00\" \/>\n\t\t<meta property=\"article:modified_time\" content=\"2014-01-23T20:24:23+00:00\" \/>\n\t\t<meta name=\"twitter:card\" content=\"summary_large_image\" \/>\n\t\t<meta name=\"twitter:title\" content=\"El Festival Kurt Weill convoca a un concierto sinf\u00f3nico compuesto por tuits | El Digital de Asturias\" \/>\n\t\t<meta name=\"twitter:description\" content=\"Berl\u00edn, 23 ene (EFE).- El Festival Kurt Weill de Dessau (este de Alemania) estrenar\u00e1 el pr\u00f3ximo 3 de marzo la denominada &quot;Tweetfonie&quot;, un concierto de sinfon\u00edas a partir de tuits que espera recibir de distintas partes del mundo. El festival lanzar\u00e1 esta convocatoria a la comunidad internauta la pr\u00f3xima semana, con el objetivo de reunir\" \/>\n\t\t<meta name=\"twitter:image\" content=\"https:\/\/eldigitaldeasturias.com\/magazine365\/wp-content\/uploads\/2014\/01\/5870554w.jpg\" \/>\n\t\t<script type=\"application\/ld+json\" class=\"aioseo-schema\">\n\t\t\t{\"@context\":\"https:\\\/\\\/schema.org\",\"@graph\":[{\"@type\":\"Article\",\"@id\":\"https:\\\/\\\/eldigitaldeasturias.com\\\/magazine365\\\/el-festival-kurt-weill-convoca-a-un-concierto-sinfonico-compuesto-por-tuits\\\/#article\",\"name\":\"El Festival Kurt Weill convoca a un concierto sinf\\u00f3nico compuesto por tuits | El Digital de Asturias\",\"headline\":\"El Festival Kurt Weill convoca a un concierto sinf\\u00f3nico compuesto por tuits\",\"author\":{\"@id\":\"https:\\\/\\\/eldigitaldeasturias.com\\\/magazine365\\\/author\\\/admin\\\/#author\"},\"publisher\":{\"@id\":\"https:\\\/\\\/eldigitaldeasturias.com\\\/magazine365\\\/#organization\"},\"image\":{\"@type\":\"ImageObject\",\"url\":\"https:\\\/\\\/eldigitaldeasturias.com\\\/magazine365\\\/wp-content\\\/uploads\\\/2014\\\/01\\\/5870554w.jpg\",\"width\":800,\"height\":606},\"datePublished\":\"2014-01-23T19:24:23+01:00\",\"dateModified\":\"2014-01-23T19:24:23+01:00\",\"inLanguage\":\"es-ES\",\"mainEntityOfPage\":{\"@id\":\"https:\\\/\\\/eldigitaldeasturias.com\\\/magazine365\\\/el-festival-kurt-weill-convoca-a-un-concierto-sinfonico-compuesto-por-tuits\\\/#webpage\"},\"isPartOf\":{\"@id\":\"https:\\\/\\\/eldigitaldeasturias.com\\\/magazine365\\\/el-festival-kurt-weill-convoca-a-un-concierto-sinfonico-compuesto-por-tuits\\\/#webpage\"},\"articleSection\":\"Noticias y Actualidad\"},{\"@type\":\"BreadcrumbList\",\"@id\":\"https:\\\/\\\/eldigitaldeasturias.com\\\/magazine365\\\/el-festival-kurt-weill-convoca-a-un-concierto-sinfonico-compuesto-por-tuits\\\/#breadcrumblist\",\"itemListElement\":[{\"@type\":\"ListItem\",\"@id\":\"https:\\\/\\\/eldigitaldeasturias.com\\\/magazine365#listItem\",\"position\":1,\"name\":\"Home\",\"item\":\"https:\\\/\\\/eldigitaldeasturias.com\\\/magazine365\",\"nextItem\":{\"@type\":\"ListItem\",\"@id\":\"https:\\\/\\\/eldigitaldeasturias.com\\\/magazine365\\\/category\\\/noticias-actualidad\\\/#listItem\",\"name\":\"Noticias y Actualidad\"}},{\"@type\":\"ListItem\",\"@id\":\"https:\\\/\\\/eldigitaldeasturias.com\\\/magazine365\\\/category\\\/noticias-actualidad\\\/#listItem\",\"position\":2,\"name\":\"Noticias y Actualidad\",\"item\":\"https:\\\/\\\/eldigitaldeasturias.com\\\/magazine365\\\/category\\\/noticias-actualidad\\\/\",\"nextItem\":{\"@type\":\"ListItem\",\"@id\":\"https:\\\/\\\/eldigitaldeasturias.com\\\/magazine365\\\/el-festival-kurt-weill-convoca-a-un-concierto-sinfonico-compuesto-por-tuits\\\/#listItem\",\"name\":\"El Festival Kurt Weill convoca a un concierto sinf\\u00f3nico compuesto por tuits\"},\"previousItem\":{\"@type\":\"ListItem\",\"@id\":\"https:\\\/\\\/eldigitaldeasturias.com\\\/magazine365#listItem\",\"name\":\"Home\"}},{\"@type\":\"ListItem\",\"@id\":\"https:\\\/\\\/eldigitaldeasturias.com\\\/magazine365\\\/el-festival-kurt-weill-convoca-a-un-concierto-sinfonico-compuesto-por-tuits\\\/#listItem\",\"position\":3,\"name\":\"El Festival Kurt Weill convoca a un concierto sinf\\u00f3nico compuesto por tuits\",\"previousItem\":{\"@type\":\"ListItem\",\"@id\":\"https:\\\/\\\/eldigitaldeasturias.com\\\/magazine365\\\/category\\\/noticias-actualidad\\\/#listItem\",\"name\":\"Noticias y Actualidad\"}}]},{\"@type\":\"Organization\",\"@id\":\"https:\\\/\\\/eldigitaldeasturias.com\\\/magazine365\\\/#organization\",\"name\":\"El digital de Asturias\",\"description\":\"Revista de ocio, turismo y estilo de vida\",\"url\":\"https:\\\/\\\/eldigitaldeasturias.com\\\/magazine365\\\/\",\"logo\":{\"@type\":\"ImageObject\",\"url\":\"https:\\\/\\\/www.eldigitaldeasturias.com\\\/noticias\\\/wp-content\\\/uploads\\\/2020\\\/12\\\/EDA.jpg\",\"@id\":\"https:\\\/\\\/eldigitaldeasturias.com\\\/magazine365\\\/el-festival-kurt-weill-convoca-a-un-concierto-sinfonico-compuesto-por-tuits\\\/#organizationLogo\"},\"image\":{\"@id\":\"https:\\\/\\\/eldigitaldeasturias.com\\\/magazine365\\\/el-festival-kurt-weill-convoca-a-un-concierto-sinfonico-compuesto-por-tuits\\\/#organizationLogo\"}},{\"@type\":\"Person\",\"@id\":\"https:\\\/\\\/eldigitaldeasturias.com\\\/magazine365\\\/author\\\/admin\\\/#author\",\"url\":\"https:\\\/\\\/eldigitaldeasturias.com\\\/magazine365\\\/author\\\/admin\\\/\",\"name\":\"admin\",\"image\":{\"@type\":\"ImageObject\",\"@id\":\"https:\\\/\\\/eldigitaldeasturias.com\\\/magazine365\\\/el-festival-kurt-weill-convoca-a-un-concierto-sinfonico-compuesto-por-tuits\\\/#authorImage\",\"url\":\"https:\\\/\\\/eldigitaldeasturias.com\\\/magazine365\\\/wp-content\\\/litespeed\\\/avatar\\\/e571bcf59a0edd6fa6838245a470f2fe.jpg?ver=1777574230\",\"width\":96,\"height\":96,\"caption\":\"admin\"}},{\"@type\":\"WebPage\",\"@id\":\"https:\\\/\\\/eldigitaldeasturias.com\\\/magazine365\\\/el-festival-kurt-weill-convoca-a-un-concierto-sinfonico-compuesto-por-tuits\\\/#webpage\",\"url\":\"https:\\\/\\\/eldigitaldeasturias.com\\\/magazine365\\\/el-festival-kurt-weill-convoca-a-un-concierto-sinfonico-compuesto-por-tuits\\\/\",\"name\":\"El Festival Kurt Weill convoca a un concierto sinf\\u00f3nico compuesto por tuits | El Digital de Asturias\",\"description\":\"Berl\\u00edn, 23 ene (EFE).- El Festival Kurt Weill de Dessau (este de Alemania) estrenar\\u00e1 el pr\\u00f3ximo 3 de marzo la denominada \\\"Tweetfonie\\\", un concierto de sinfon\\u00edas a partir de tuits que espera recibir de distintas partes del mundo. El festival lanzar\\u00e1 esta convocatoria a la comunidad internauta la pr\\u00f3xima semana, con el objetivo de reunir\",\"inLanguage\":\"es-ES\",\"isPartOf\":{\"@id\":\"https:\\\/\\\/eldigitaldeasturias.com\\\/magazine365\\\/#website\"},\"breadcrumb\":{\"@id\":\"https:\\\/\\\/eldigitaldeasturias.com\\\/magazine365\\\/el-festival-kurt-weill-convoca-a-un-concierto-sinfonico-compuesto-por-tuits\\\/#breadcrumblist\"},\"author\":{\"@id\":\"https:\\\/\\\/eldigitaldeasturias.com\\\/magazine365\\\/author\\\/admin\\\/#author\"},\"creator\":{\"@id\":\"https:\\\/\\\/eldigitaldeasturias.com\\\/magazine365\\\/author\\\/admin\\\/#author\"},\"image\":{\"@type\":\"ImageObject\",\"url\":\"https:\\\/\\\/eldigitaldeasturias.com\\\/magazine365\\\/wp-content\\\/uploads\\\/2014\\\/01\\\/5870554w.jpg\",\"@id\":\"https:\\\/\\\/eldigitaldeasturias.com\\\/magazine365\\\/el-festival-kurt-weill-convoca-a-un-concierto-sinfonico-compuesto-por-tuits\\\/#mainImage\",\"width\":800,\"height\":606},\"primaryImageOfPage\":{\"@id\":\"https:\\\/\\\/eldigitaldeasturias.com\\\/magazine365\\\/el-festival-kurt-weill-convoca-a-un-concierto-sinfonico-compuesto-por-tuits\\\/#mainImage\"},\"datePublished\":\"2014-01-23T19:24:23+01:00\",\"dateModified\":\"2014-01-23T19:24:23+01:00\"},{\"@type\":\"WebSite\",\"@id\":\"https:\\\/\\\/eldigitaldeasturias.com\\\/magazine365\\\/#website\",\"url\":\"https:\\\/\\\/eldigitaldeasturias.com\\\/magazine365\\\/\",\"name\":\"El Digital de Asturias\",\"description\":\"Revista de ocio, turismo y estilo de vida\",\"inLanguage\":\"es-ES\",\"publisher\":{\"@id\":\"https:\\\/\\\/eldigitaldeasturias.com\\\/magazine365\\\/#organization\"}}]}\n\t\t<\/script>\n\t\t<!-- All in One SEO Pro -->\r\n\t\t<title>El Festival Kurt Weill convoca a un concierto sinf\u00f3nico compuesto por tuits | El Digital de Asturias<\/title>\n\n","aioseo_head_json":{"title":"El Festival Kurt Weill convoca a un concierto sinf\u00f3nico compuesto por tuits | El Digital de Asturias","description":"Berl\u00edn, 23 ene (EFE).- El Festival Kurt Weill de Dessau (este de Alemania) estrenar\u00e1 el pr\u00f3ximo 3 de marzo la denominada \"Tweetfonie\", un concierto de sinfon\u00edas a partir de tuits que espera recibir de distintas partes del mundo. El festival lanzar\u00e1 esta convocatoria a la comunidad internauta la pr\u00f3xima semana, con el objetivo de reunir","canonical_url":"https:\/\/eldigitaldeasturias.com\/magazine365\/el-festival-kurt-weill-convoca-a-un-concierto-sinfonico-compuesto-por-tuits\/","robots":"max-image-preview:large","keywords":"noticias y actualidad","webmasterTools":{"google-site-verification":"UA-38556648-1","miscellaneous":""},"schema":{"@context":"https:\/\/schema.org","@graph":[{"@type":"Article","@id":"https:\/\/eldigitaldeasturias.com\/magazine365\/el-festival-kurt-weill-convoca-a-un-concierto-sinfonico-compuesto-por-tuits\/#article","name":"El Festival Kurt Weill convoca a un concierto sinf\u00f3nico compuesto por tuits | El Digital de Asturias","headline":"El Festival Kurt Weill convoca a un concierto sinf\u00f3nico compuesto por tuits","author":{"@id":"https:\/\/eldigitaldeasturias.com\/magazine365\/author\/admin\/#author"},"publisher":{"@id":"https:\/\/eldigitaldeasturias.com\/magazine365\/#organization"},"image":{"@type":"ImageObject","url":"https:\/\/eldigitaldeasturias.com\/magazine365\/wp-content\/uploads\/2014\/01\/5870554w.jpg","width":800,"height":606},"datePublished":"2014-01-23T19:24:23+01:00","dateModified":"2014-01-23T19:24:23+01:00","inLanguage":"es-ES","mainEntityOfPage":{"@id":"https:\/\/eldigitaldeasturias.com\/magazine365\/el-festival-kurt-weill-convoca-a-un-concierto-sinfonico-compuesto-por-tuits\/#webpage"},"isPartOf":{"@id":"https:\/\/eldigitaldeasturias.com\/magazine365\/el-festival-kurt-weill-convoca-a-un-concierto-sinfonico-compuesto-por-tuits\/#webpage"},"articleSection":"Noticias y Actualidad"},{"@type":"BreadcrumbList","@id":"https:\/\/eldigitaldeasturias.com\/magazine365\/el-festival-kurt-weill-convoca-a-un-concierto-sinfonico-compuesto-por-tuits\/#breadcrumblist","itemListElement":[{"@type":"ListItem","@id":"https:\/\/eldigitaldeasturias.com\/magazine365#listItem","position":1,"name":"Home","item":"https:\/\/eldigitaldeasturias.com\/magazine365","nextItem":{"@type":"ListItem","@id":"https:\/\/eldigitaldeasturias.com\/magazine365\/category\/noticias-actualidad\/#listItem","name":"Noticias y Actualidad"}},{"@type":"ListItem","@id":"https:\/\/eldigitaldeasturias.com\/magazine365\/category\/noticias-actualidad\/#listItem","position":2,"name":"Noticias y Actualidad","item":"https:\/\/eldigitaldeasturias.com\/magazine365\/category\/noticias-actualidad\/","nextItem":{"@type":"ListItem","@id":"https:\/\/eldigitaldeasturias.com\/magazine365\/el-festival-kurt-weill-convoca-a-un-concierto-sinfonico-compuesto-por-tuits\/#listItem","name":"El Festival Kurt Weill convoca a un concierto sinf\u00f3nico compuesto por tuits"},"previousItem":{"@type":"ListItem","@id":"https:\/\/eldigitaldeasturias.com\/magazine365#listItem","name":"Home"}},{"@type":"ListItem","@id":"https:\/\/eldigitaldeasturias.com\/magazine365\/el-festival-kurt-weill-convoca-a-un-concierto-sinfonico-compuesto-por-tuits\/#listItem","position":3,"name":"El Festival Kurt Weill convoca a un concierto sinf\u00f3nico compuesto por tuits","previousItem":{"@type":"ListItem","@id":"https:\/\/eldigitaldeasturias.com\/magazine365\/category\/noticias-actualidad\/#listItem","name":"Noticias y Actualidad"}}]},{"@type":"Organization","@id":"https:\/\/eldigitaldeasturias.com\/magazine365\/#organization","name":"El digital de Asturias","description":"Revista de ocio, turismo y estilo de vida","url":"https:\/\/eldigitaldeasturias.com\/magazine365\/","logo":{"@type":"ImageObject","url":"https:\/\/www.eldigitaldeasturias.com\/noticias\/wp-content\/uploads\/2020\/12\/EDA.jpg","@id":"https:\/\/eldigitaldeasturias.com\/magazine365\/el-festival-kurt-weill-convoca-a-un-concierto-sinfonico-compuesto-por-tuits\/#organizationLogo"},"image":{"@id":"https:\/\/eldigitaldeasturias.com\/magazine365\/el-festival-kurt-weill-convoca-a-un-concierto-sinfonico-compuesto-por-tuits\/#organizationLogo"}},{"@type":"Person","@id":"https:\/\/eldigitaldeasturias.com\/magazine365\/author\/admin\/#author","url":"https:\/\/eldigitaldeasturias.com\/magazine365\/author\/admin\/","name":"admin","image":{"@type":"ImageObject","@id":"https:\/\/eldigitaldeasturias.com\/magazine365\/el-festival-kurt-weill-convoca-a-un-concierto-sinfonico-compuesto-por-tuits\/#authorImage","url":"https:\/\/eldigitaldeasturias.com\/magazine365\/wp-content\/litespeed\/avatar\/e571bcf59a0edd6fa6838245a470f2fe.jpg?ver=1777574230","width":96,"height":96,"caption":"admin"}},{"@type":"WebPage","@id":"https:\/\/eldigitaldeasturias.com\/magazine365\/el-festival-kurt-weill-convoca-a-un-concierto-sinfonico-compuesto-por-tuits\/#webpage","url":"https:\/\/eldigitaldeasturias.com\/magazine365\/el-festival-kurt-weill-convoca-a-un-concierto-sinfonico-compuesto-por-tuits\/","name":"El Festival Kurt Weill convoca a un concierto sinf\u00f3nico compuesto por tuits | El Digital de Asturias","description":"Berl\u00edn, 23 ene (EFE).- El Festival Kurt Weill de Dessau (este de Alemania) estrenar\u00e1 el pr\u00f3ximo 3 de marzo la denominada \"Tweetfonie\", un concierto de sinfon\u00edas a partir de tuits que espera recibir de distintas partes del mundo. El festival lanzar\u00e1 esta convocatoria a la comunidad internauta la pr\u00f3xima semana, con el objetivo de reunir","inLanguage":"es-ES","isPartOf":{"@id":"https:\/\/eldigitaldeasturias.com\/magazine365\/#website"},"breadcrumb":{"@id":"https:\/\/eldigitaldeasturias.com\/magazine365\/el-festival-kurt-weill-convoca-a-un-concierto-sinfonico-compuesto-por-tuits\/#breadcrumblist"},"author":{"@id":"https:\/\/eldigitaldeasturias.com\/magazine365\/author\/admin\/#author"},"creator":{"@id":"https:\/\/eldigitaldeasturias.com\/magazine365\/author\/admin\/#author"},"image":{"@type":"ImageObject","url":"https:\/\/eldigitaldeasturias.com\/magazine365\/wp-content\/uploads\/2014\/01\/5870554w.jpg","@id":"https:\/\/eldigitaldeasturias.com\/magazine365\/el-festival-kurt-weill-convoca-a-un-concierto-sinfonico-compuesto-por-tuits\/#mainImage","width":800,"height":606},"primaryImageOfPage":{"@id":"https:\/\/eldigitaldeasturias.com\/magazine365\/el-festival-kurt-weill-convoca-a-un-concierto-sinfonico-compuesto-por-tuits\/#mainImage"},"datePublished":"2014-01-23T19:24:23+01:00","dateModified":"2014-01-23T19:24:23+01:00"},{"@type":"WebSite","@id":"https:\/\/eldigitaldeasturias.com\/magazine365\/#website","url":"https:\/\/eldigitaldeasturias.com\/magazine365\/","name":"El Digital de Asturias","description":"Revista de ocio, turismo y estilo de vida","inLanguage":"es-ES","publisher":{"@id":"https:\/\/eldigitaldeasturias.com\/magazine365\/#organization"}}]},"og:locale":"es_ES","og:site_name":"El Digital de Asturias \u2013 Revista de ocio, turismo y estilo de vida","og:type":"article","og:title":"El Festival Kurt Weill convoca a un concierto sinf\u00f3nico compuesto por tuits | El Digital de Asturias","og:description":"Berl\u00edn, 23 ene (EFE).- El Festival Kurt Weill de Dessau (este de Alemania) estrenar\u00e1 el pr\u00f3ximo 3 de marzo la denominada &quot;Tweetfonie&quot;, un concierto de sinfon\u00edas a partir de tuits que espera recibir de distintas partes del mundo. El festival lanzar\u00e1 esta convocatoria a la comunidad internauta la pr\u00f3xima semana, con el objetivo de reunir","og:url":"https:\/\/eldigitaldeasturias.com\/magazine365\/el-festival-kurt-weill-convoca-a-un-concierto-sinfonico-compuesto-por-tuits\/","og:image":"https:\/\/eldigitaldeasturias.com\/magazine365\/wp-content\/uploads\/2014\/01\/5870554w.jpg","og:image:secure_url":"https:\/\/eldigitaldeasturias.com\/magazine365\/wp-content\/uploads\/2014\/01\/5870554w.jpg","og:image:width":800,"og:image:height":606,"article:published_time":"2014-01-23T20:24:23+00:00","article:modified_time":"2014-01-23T20:24:23+00:00","twitter:card":"summary_large_image","twitter:title":"El Festival Kurt Weill convoca a un concierto sinf\u00f3nico compuesto por tuits | El Digital de Asturias","twitter:description":"Berl\u00edn, 23 ene (EFE).- El Festival Kurt Weill de Dessau (este de Alemania) estrenar\u00e1 el pr\u00f3ximo 3 de marzo la denominada &quot;Tweetfonie&quot;, un concierto de sinfon\u00edas a partir de tuits que espera recibir de distintas partes del mundo. El festival lanzar\u00e1 esta convocatoria a la comunidad internauta la pr\u00f3xima semana, con el objetivo de reunir","twitter:image":"https:\/\/eldigitaldeasturias.com\/magazine365\/wp-content\/uploads\/2014\/01\/5870554w.jpg"},"aioseo_meta_data":{"post_id":"1681","title":null,"description":null,"keywords":null,"keyphrases":null,"primary_term":null,"canonical_url":null,"og_title":null,"og_description":null,"og_object_type":"default","og_image_type":"default","og_image_url":null,"og_image_width":null,"og_image_height":null,"og_image_custom_url":null,"og_image_custom_fields":null,"og_video":null,"og_custom_url":null,"og_article_section":null,"og_article_tags":null,"twitter_use_og":false,"twitter_card":"default","twitter_image_type":"default","twitter_image_url":null,"twitter_image_custom_url":null,"twitter_image_custom_fields":null,"twitter_title":null,"twitter_description":null,"schema":{"blockGraphs":[],"customGraphs":[],"default":{"data":{"Article":[],"Course":[],"Dataset":[],"FAQPage":[],"Movie":[],"Person":[],"Product":[],"ProductReview":[],"Car":[],"Recipe":[],"Service":[],"SoftwareApplication":[],"WebPage":[]},"graphName":"","isEnabled":true},"graphs":[],"defaultGraph":"","defaultPostTypeGraph":""},"schema_type":null,"schema_type_options":null,"pillar_content":false,"robots_default":true,"robots_noindex":false,"robots_noarchive":false,"robots_nosnippet":false,"robots_nofollow":false,"robots_noimageindex":false,"robots_noodp":false,"robots_notranslate":false,"robots_max_snippet":null,"robots_max_videopreview":null,"robots_max_imagepreview":"large","priority":null,"frequency":null,"location":null,"local_seo":null,"seo_analyzer_scan_date":"2025-09-16 09:50:13","breadcrumb_settings":null,"limit_modified_date":false,"open_ai":null,"ai":null,"created":"2020-12-21 13:40:21","updated":"2025-09-16 09:50:13"},"aioseo_breadcrumb":"<div class=\"aioseo-breadcrumbs\"><span class=\"aioseo-breadcrumb\">\n\t<a href=\"https:\/\/eldigitaldeasturias.com\/magazine365\" title=\"Home\">Home<\/a>\n<\/span><span class=\"aioseo-breadcrumb-separator\">\u2013<\/span><span class=\"aioseo-breadcrumb\">\n\t<a href=\"https:\/\/eldigitaldeasturias.com\/magazine365\/category\/noticias-actualidad\/\" title=\"Noticias y Actualidad\">Noticias y Actualidad<\/a>\n<\/span><span class=\"aioseo-breadcrumb-separator\">\u2013<\/span><span class=\"aioseo-breadcrumb\">\n\t<a href=\"https:\/\/eldigitaldeasturias.com\/magazine365\/el-festival-kurt-weill-convoca-a-un-concierto-sinfonico-compuesto-por-tuits\/\" title=\"El Festival Kurt Weill convoca a un concierto sinf\u00f3nico compuesto por tuits\">El Festival Kurt Weill convoca a un concierto sinf\u00f3nico compuesto por tuits<\/a>\n<\/span><\/div>","aioseo_breadcrumb_json":[{"label":"Home","link":"https:\/\/eldigitaldeasturias.com\/magazine365"},{"label":"Noticias y Actualidad","link":"https:\/\/eldigitaldeasturias.com\/magazine365\/category\/noticias-actualidad\/"},{"label":"El Festival Kurt Weill convoca a un concierto sinf\u00f3nico compuesto por tuits","link":"https:\/\/eldigitaldeasturias.com\/magazine365\/el-festival-kurt-weill-convoca-a-un-concierto-sinfonico-compuesto-por-tuits\/"}],"_links":{"self":[{"href":"https:\/\/eldigitaldeasturias.com\/magazine365\/wp-json\/wp\/v2\/posts\/1681","targetHints":{"allow":["GET"]}}],"collection":[{"href":"https:\/\/eldigitaldeasturias.com\/magazine365\/wp-json\/wp\/v2\/posts"}],"about":[{"href":"https:\/\/eldigitaldeasturias.com\/magazine365\/wp-json\/wp\/v2\/types\/post"}],"author":[{"embeddable":true,"href":"https:\/\/eldigitaldeasturias.com\/magazine365\/wp-json\/wp\/v2\/users\/1"}],"replies":[{"embeddable":true,"href":"https:\/\/eldigitaldeasturias.com\/magazine365\/wp-json\/wp\/v2\/comments?post=1681"}],"version-history":[{"count":0,"href":"https:\/\/eldigitaldeasturias.com\/magazine365\/wp-json\/wp\/v2\/posts\/1681\/revisions"}],"wp:featuredmedia":[{"embeddable":true,"href":"https:\/\/eldigitaldeasturias.com\/magazine365\/wp-json\/wp\/v2\/media\/1682"}],"wp:attachment":[{"href":"https:\/\/eldigitaldeasturias.com\/magazine365\/wp-json\/wp\/v2\/media?parent=1681"}],"wp:term":[{"taxonomy":"category","embeddable":true,"href":"https:\/\/eldigitaldeasturias.com\/magazine365\/wp-json\/wp\/v2\/categories?post=1681"},{"taxonomy":"post_tag","embeddable":true,"href":"https:\/\/eldigitaldeasturias.com\/magazine365\/wp-json\/wp\/v2\/tags?post=1681"}],"curies":[{"name":"wp","href":"https:\/\/api.w.org\/{rel}","templated":true}]}}