{"id":1678,"date":"2014-01-23T19:22:28","date_gmt":"2014-01-23T20:22:28","guid":{"rendered":"http:\/\/eldigitaldeasturias.com\/magazine365\/?p=1678"},"modified":"2014-01-23T19:22:28","modified_gmt":"2014-01-23T20:22:28","slug":"carlos-saura-sera-investido-doctor-honoris-causa-por-la-complutense","status":"publish","type":"post","link":"https:\/\/eldigitaldeasturias.com\/magazine365\/carlos-saura-sera-investido-doctor-honoris-causa-por-la-complutense\/","title":{"rendered":"Carlos Saura ser\u00e1 investido doctor \u00abhonoris causa\u00bb por la Complutense"},"content":{"rendered":"<p><img fetchpriority=\"high\" decoding=\"async\" class=\"alignleft size-medium wp-image-1679\" alt=\"5870123w\" src=\"https:\/\/eldigitaldeasturias.com\/magazine365\/wp-content\/uploads\/2014\/01\/5870123w-336x300.jpg\" width=\"336\" height=\"300\" srcset=\"https:\/\/eldigitaldeasturias.com\/magazine365\/wp-content\/uploads\/2014\/01\/5870123w-336x300.jpg 336w, https:\/\/eldigitaldeasturias.com\/magazine365\/wp-content\/uploads\/2014\/01\/5870123w-650x580.jpg 650w, https:\/\/eldigitaldeasturias.com\/magazine365\/wp-content\/uploads\/2014\/01\/5870123w-768x685.jpg 768w, https:\/\/eldigitaldeasturias.com\/magazine365\/wp-content\/uploads\/2014\/01\/5870123w-150x134.jpg 150w, https:\/\/eldigitaldeasturias.com\/magazine365\/wp-content\/uploads\/2014\/01\/5870123w-450x402.jpg 450w, https:\/\/eldigitaldeasturias.com\/magazine365\/wp-content\/uploads\/2014\/01\/5870123w-696x621.jpg 696w, https:\/\/eldigitaldeasturias.com\/magazine365\/wp-content\/uploads\/2014\/01\/5870123w-471x420.jpg 471w, https:\/\/eldigitaldeasturias.com\/magazine365\/wp-content\/uploads\/2014\/01\/5870123w.jpg 800w\" sizes=\"(max-width: 336px) 100vw, 336px\" \/>Madrid, 23 ene (EFE).- El cineasta, escritor y fot\u00f3grafo Carlos Saura, autor de pel\u00edculas como \u00abCr\u00eda cuervos\u00bb, \u00abLa prima Ang\u00e9lica\u00bb o \u00ab\u00a1Ay, Carmela!\u00bb, ser\u00e1 investido doctor \u00abhonoris causa\u00bb por la Universidad Complutense de Madrid (UCM) el pr\u00f3ximo 27 de enero.<\/p>\n<p>El acto acad\u00e9mico, que se celebrar\u00e1 en el paraninfo con motivo de la festividad de Santo Tom\u00e1s de Aquino, estar\u00e1 presidido por el rector Jos\u00e9 Carrillo y la lectura de la laudatio correr\u00e1 a cargo del profesor de Comunicaci\u00f3n Audiovisual Emilio Garc\u00eda Fern\u00e1ndez.<\/p>\n<p>A propuesta de la Facultad de Ciencias de la Informaci\u00f3n, la UCM reconoce \u00abla brillante y extensa carrera de Carlos Saura como fot\u00f3grafo, escritor, guionista y director de cine. Una trayectoria profesional repleta de \u00e9xitos, premios y trabajos con una gran proyecci\u00f3n internacional que le han convertido en uno de los m\u00e1s importantes y significativos directores de cine espa\u00f1oles\u00bb.<\/p>\n<p>Saura (Huesca, 1932) se une as\u00ed a otro gran cineasta, Luis Garc\u00eda Berlanga, que fue investido doctor \u00abhonoris causa\u00bb por la UCM en 1989. Del mundo del cine tambi\u00e9n han recibido esta distinci\u00f3n que otorga la mayor universidad madrile\u00f1a el actor y dramaturgo Jos\u00e9 Luis G\u00f3mez (2011) y la actriz de cine y teatro Nuria Espert en 2013.<\/p>\n","protected":false},"excerpt":{"rendered":"<p>Madrid, 23 ene (EFE).- El cineasta, escritor y fot\u00f3grafo Carlos Saura, autor de pel\u00edculas como \u00abCr\u00eda cuervos\u00bb, \u00abLa prima Ang\u00e9lica\u00bb o \u00ab\u00a1Ay, Carmela!\u00bb, ser\u00e1 investido doctor \u00abhonoris causa\u00bb por la Universidad Complutense de Madrid (UCM) el pr\u00f3ximo 27 de enero. El acto acad\u00e9mico, que se celebrar\u00e1 en el paraninfo con motivo de la festividad de<\/p>\n","protected":false},"author":1,"featured_media":1679,"comment_status":"open","ping_status":"open","sticky":false,"template":"","format":"standard","meta":{"footnotes":""},"categories":[224],"tags":[],"class_list":{"0":"post-1678","1":"post","2":"type-post","3":"status-publish","4":"format-standard","5":"has-post-thumbnail","7":"category-noticias-actualidad"},"aioseo_notices":[],"aioseo_head":"\n\t\t<!-- All in One SEO Pro 4.9.6.1 - aioseo.com -->\n\t<meta name=\"description\" content=\"Madrid, 23 ene (EFE).- El cineasta, escritor y fot\u00f3grafo Carlos Saura, autor de pel\u00edculas como &quot;Cr\u00eda cuervos&quot;, &quot;La prima Ang\u00e9lica&quot; o &quot;\u00a1Ay, Carmela!&quot;, ser\u00e1 investido doctor &quot;honoris causa&quot; por la Universidad Complutense de Madrid (UCM) el pr\u00f3ximo 27 de enero. El acto acad\u00e9mico, que se celebrar\u00e1 en el paraninfo con motivo de la festividad de\" \/>\n\t<meta name=\"robots\" content=\"max-image-preview:large\" \/>\n\t<meta name=\"author\" content=\"admin\"\/>\n\t<meta name=\"google-site-verification\" content=\"UA-38556648-1\" \/>\n\t<meta name=\"keywords\" content=\"noticias y actualidad\" \/>\n\t<link rel=\"canonical\" href=\"https:\/\/eldigitaldeasturias.com\/magazine365\/carlos-saura-sera-investido-doctor-honoris-causa-por-la-complutense\/\" \/>\n\t<meta name=\"generator\" content=\"All in One SEO Pro (AIOSEO) 4.9.6.1\" \/>\n\t\t<meta property=\"og:locale\" content=\"es_ES\" \/>\n\t\t<meta property=\"og:site_name\" content=\"El Digital de Asturias \u2013 Revista de ocio, turismo y estilo de vida\" \/>\n\t\t<meta property=\"og:type\" content=\"article\" \/>\n\t\t<meta property=\"og:title\" content=\"Carlos Saura ser\u00e1 investido doctor \u00abhonoris causa\u00bb por la Complutense | El Digital de Asturias\" \/>\n\t\t<meta property=\"og:description\" content=\"Madrid, 23 ene (EFE).- El cineasta, escritor y fot\u00f3grafo Carlos Saura, autor de pel\u00edculas como &quot;Cr\u00eda cuervos&quot;, &quot;La prima Ang\u00e9lica&quot; o &quot;\u00a1Ay, Carmela!&quot;, ser\u00e1 investido doctor &quot;honoris causa&quot; por la Universidad Complutense de Madrid (UCM) el pr\u00f3ximo 27 de enero. El acto acad\u00e9mico, que se celebrar\u00e1 en el paraninfo con motivo de la festividad de\" \/>\n\t\t<meta property=\"og:url\" content=\"https:\/\/eldigitaldeasturias.com\/magazine365\/carlos-saura-sera-investido-doctor-honoris-causa-por-la-complutense\/\" \/>\n\t\t<meta property=\"og:image\" content=\"https:\/\/eldigitaldeasturias.com\/magazine365\/wp-content\/uploads\/2014\/01\/5870123w.jpg\" \/>\n\t\t<meta property=\"og:image:secure_url\" content=\"https:\/\/eldigitaldeasturias.com\/magazine365\/wp-content\/uploads\/2014\/01\/5870123w.jpg\" \/>\n\t\t<meta property=\"og:image:width\" content=\"800\" \/>\n\t\t<meta property=\"og:image:height\" content=\"714\" \/>\n\t\t<meta property=\"article:published_time\" content=\"2014-01-23T20:22:28+00:00\" \/>\n\t\t<meta property=\"article:modified_time\" content=\"2014-01-23T20:22:28+00:00\" \/>\n\t\t<meta name=\"twitter:card\" content=\"summary_large_image\" \/>\n\t\t<meta name=\"twitter:title\" content=\"Carlos Saura ser\u00e1 investido doctor \u00abhonoris causa\u00bb por la Complutense | El Digital de Asturias\" \/>\n\t\t<meta name=\"twitter:description\" content=\"Madrid, 23 ene (EFE).- El cineasta, escritor y fot\u00f3grafo Carlos Saura, autor de pel\u00edculas como &quot;Cr\u00eda cuervos&quot;, &quot;La prima Ang\u00e9lica&quot; o &quot;\u00a1Ay, Carmela!&quot;, ser\u00e1 investido doctor &quot;honoris causa&quot; por la Universidad Complutense de Madrid (UCM) el pr\u00f3ximo 27 de enero. El acto acad\u00e9mico, que se celebrar\u00e1 en el paraninfo con motivo de la festividad de\" \/>\n\t\t<meta name=\"twitter:image\" content=\"https:\/\/eldigitaldeasturias.com\/magazine365\/wp-content\/uploads\/2014\/01\/5870123w.jpg\" \/>\n\t\t<script type=\"application\/ld+json\" class=\"aioseo-schema\">\n\t\t\t{\"@context\":\"https:\\\/\\\/schema.org\",\"@graph\":[{\"@type\":\"Article\",\"@id\":\"https:\\\/\\\/eldigitaldeasturias.com\\\/magazine365\\\/carlos-saura-sera-investido-doctor-honoris-causa-por-la-complutense\\\/#article\",\"name\":\"Carlos Saura ser\\u00e1 investido doctor \\u00abhonoris causa\\u00bb por la Complutense | El Digital de Asturias\",\"headline\":\"Carlos Saura ser\\u00e1 investido doctor \\u00abhonoris causa\\u00bb por la Complutense\",\"author\":{\"@id\":\"https:\\\/\\\/eldigitaldeasturias.com\\\/magazine365\\\/author\\\/admin\\\/#author\"},\"publisher\":{\"@id\":\"https:\\\/\\\/eldigitaldeasturias.com\\\/magazine365\\\/#organization\"},\"image\":{\"@type\":\"ImageObject\",\"url\":\"https:\\\/\\\/eldigitaldeasturias.com\\\/magazine365\\\/wp-content\\\/uploads\\\/2014\\\/01\\\/5870123w.jpg\",\"width\":800,\"height\":714},\"datePublished\":\"2014-01-23T19:22:28+01:00\",\"dateModified\":\"2014-01-23T19:22:28+01:00\",\"inLanguage\":\"es-ES\",\"mainEntityOfPage\":{\"@id\":\"https:\\\/\\\/eldigitaldeasturias.com\\\/magazine365\\\/carlos-saura-sera-investido-doctor-honoris-causa-por-la-complutense\\\/#webpage\"},\"isPartOf\":{\"@id\":\"https:\\\/\\\/eldigitaldeasturias.com\\\/magazine365\\\/carlos-saura-sera-investido-doctor-honoris-causa-por-la-complutense\\\/#webpage\"},\"articleSection\":\"Noticias y Actualidad\"},{\"@type\":\"BreadcrumbList\",\"@id\":\"https:\\\/\\\/eldigitaldeasturias.com\\\/magazine365\\\/carlos-saura-sera-investido-doctor-honoris-causa-por-la-complutense\\\/#breadcrumblist\",\"itemListElement\":[{\"@type\":\"ListItem\",\"@id\":\"https:\\\/\\\/eldigitaldeasturias.com\\\/magazine365#listItem\",\"position\":1,\"name\":\"Home\",\"item\":\"https:\\\/\\\/eldigitaldeasturias.com\\\/magazine365\",\"nextItem\":{\"@type\":\"ListItem\",\"@id\":\"https:\\\/\\\/eldigitaldeasturias.com\\\/magazine365\\\/category\\\/noticias-actualidad\\\/#listItem\",\"name\":\"Noticias y Actualidad\"}},{\"@type\":\"ListItem\",\"@id\":\"https:\\\/\\\/eldigitaldeasturias.com\\\/magazine365\\\/category\\\/noticias-actualidad\\\/#listItem\",\"position\":2,\"name\":\"Noticias y Actualidad\",\"item\":\"https:\\\/\\\/eldigitaldeasturias.com\\\/magazine365\\\/category\\\/noticias-actualidad\\\/\",\"nextItem\":{\"@type\":\"ListItem\",\"@id\":\"https:\\\/\\\/eldigitaldeasturias.com\\\/magazine365\\\/carlos-saura-sera-investido-doctor-honoris-causa-por-la-complutense\\\/#listItem\",\"name\":\"Carlos Saura ser\\u00e1 investido doctor \\u00abhonoris causa\\u00bb por la Complutense\"},\"previousItem\":{\"@type\":\"ListItem\",\"@id\":\"https:\\\/\\\/eldigitaldeasturias.com\\\/magazine365#listItem\",\"name\":\"Home\"}},{\"@type\":\"ListItem\",\"@id\":\"https:\\\/\\\/eldigitaldeasturias.com\\\/magazine365\\\/carlos-saura-sera-investido-doctor-honoris-causa-por-la-complutense\\\/#listItem\",\"position\":3,\"name\":\"Carlos Saura ser\\u00e1 investido doctor \\u00abhonoris causa\\u00bb por la Complutense\",\"previousItem\":{\"@type\":\"ListItem\",\"@id\":\"https:\\\/\\\/eldigitaldeasturias.com\\\/magazine365\\\/category\\\/noticias-actualidad\\\/#listItem\",\"name\":\"Noticias y Actualidad\"}}]},{\"@type\":\"Organization\",\"@id\":\"https:\\\/\\\/eldigitaldeasturias.com\\\/magazine365\\\/#organization\",\"name\":\"El digital de Asturias\",\"description\":\"Revista de ocio, turismo y estilo de vida\",\"url\":\"https:\\\/\\\/eldigitaldeasturias.com\\\/magazine365\\\/\",\"logo\":{\"@type\":\"ImageObject\",\"url\":\"https:\\\/\\\/www.eldigitaldeasturias.com\\\/noticias\\\/wp-content\\\/uploads\\\/2020\\\/12\\\/EDA.jpg\",\"@id\":\"https:\\\/\\\/eldigitaldeasturias.com\\\/magazine365\\\/carlos-saura-sera-investido-doctor-honoris-causa-por-la-complutense\\\/#organizationLogo\"},\"image\":{\"@id\":\"https:\\\/\\\/eldigitaldeasturias.com\\\/magazine365\\\/carlos-saura-sera-investido-doctor-honoris-causa-por-la-complutense\\\/#organizationLogo\"}},{\"@type\":\"Person\",\"@id\":\"https:\\\/\\\/eldigitaldeasturias.com\\\/magazine365\\\/author\\\/admin\\\/#author\",\"url\":\"https:\\\/\\\/eldigitaldeasturias.com\\\/magazine365\\\/author\\\/admin\\\/\",\"name\":\"admin\",\"image\":{\"@type\":\"ImageObject\",\"@id\":\"https:\\\/\\\/eldigitaldeasturias.com\\\/magazine365\\\/carlos-saura-sera-investido-doctor-honoris-causa-por-la-complutense\\\/#authorImage\",\"url\":\"https:\\\/\\\/eldigitaldeasturias.com\\\/magazine365\\\/wp-content\\\/litespeed\\\/avatar\\\/e571bcf59a0edd6fa6838245a470f2fe.jpg?ver=1777574230\",\"width\":96,\"height\":96,\"caption\":\"admin\"}},{\"@type\":\"WebPage\",\"@id\":\"https:\\\/\\\/eldigitaldeasturias.com\\\/magazine365\\\/carlos-saura-sera-investido-doctor-honoris-causa-por-la-complutense\\\/#webpage\",\"url\":\"https:\\\/\\\/eldigitaldeasturias.com\\\/magazine365\\\/carlos-saura-sera-investido-doctor-honoris-causa-por-la-complutense\\\/\",\"name\":\"Carlos Saura ser\\u00e1 investido doctor \\u00abhonoris causa\\u00bb por la Complutense | El Digital de Asturias\",\"description\":\"Madrid, 23 ene (EFE).- El cineasta, escritor y fot\\u00f3grafo Carlos Saura, autor de pel\\u00edculas como \\\"Cr\\u00eda cuervos\\\", \\\"La prima Ang\\u00e9lica\\\" o \\\"\\u00a1Ay, Carmela!\\\", ser\\u00e1 investido doctor \\\"honoris causa\\\" por la Universidad Complutense de Madrid (UCM) el pr\\u00f3ximo 27 de enero. El acto acad\\u00e9mico, que se celebrar\\u00e1 en el paraninfo con motivo de la festividad de\",\"inLanguage\":\"es-ES\",\"isPartOf\":{\"@id\":\"https:\\\/\\\/eldigitaldeasturias.com\\\/magazine365\\\/#website\"},\"breadcrumb\":{\"@id\":\"https:\\\/\\\/eldigitaldeasturias.com\\\/magazine365\\\/carlos-saura-sera-investido-doctor-honoris-causa-por-la-complutense\\\/#breadcrumblist\"},\"author\":{\"@id\":\"https:\\\/\\\/eldigitaldeasturias.com\\\/magazine365\\\/author\\\/admin\\\/#author\"},\"creator\":{\"@id\":\"https:\\\/\\\/eldigitaldeasturias.com\\\/magazine365\\\/author\\\/admin\\\/#author\"},\"image\":{\"@type\":\"ImageObject\",\"url\":\"https:\\\/\\\/eldigitaldeasturias.com\\\/magazine365\\\/wp-content\\\/uploads\\\/2014\\\/01\\\/5870123w.jpg\",\"@id\":\"https:\\\/\\\/eldigitaldeasturias.com\\\/magazine365\\\/carlos-saura-sera-investido-doctor-honoris-causa-por-la-complutense\\\/#mainImage\",\"width\":800,\"height\":714},\"primaryImageOfPage\":{\"@id\":\"https:\\\/\\\/eldigitaldeasturias.com\\\/magazine365\\\/carlos-saura-sera-investido-doctor-honoris-causa-por-la-complutense\\\/#mainImage\"},\"datePublished\":\"2014-01-23T19:22:28+01:00\",\"dateModified\":\"2014-01-23T19:22:28+01:00\"},{\"@type\":\"WebSite\",\"@id\":\"https:\\\/\\\/eldigitaldeasturias.com\\\/magazine365\\\/#website\",\"url\":\"https:\\\/\\\/eldigitaldeasturias.com\\\/magazine365\\\/\",\"name\":\"El Digital de Asturias\",\"description\":\"Revista de ocio, turismo y estilo de vida\",\"inLanguage\":\"es-ES\",\"publisher\":{\"@id\":\"https:\\\/\\\/eldigitaldeasturias.com\\\/magazine365\\\/#organization\"}}]}\n\t\t<\/script>\n\t\t<!-- All in One SEO Pro -->\r\n\t\t<title>Carlos Saura ser\u00e1 investido doctor \u00abhonoris causa\u00bb por la Complutense | El Digital de Asturias<\/title>\n\n","aioseo_head_json":{"title":"Carlos Saura ser\u00e1 investido doctor \u00abhonoris causa\u00bb por la Complutense | El Digital de Asturias","description":"Madrid, 23 ene (EFE).- El cineasta, escritor y fot\u00f3grafo Carlos Saura, autor de pel\u00edculas como \"Cr\u00eda cuervos\", \"La prima Ang\u00e9lica\" o \"\u00a1Ay, Carmela!\", ser\u00e1 investido doctor \"honoris causa\" por la Universidad Complutense de Madrid (UCM) el pr\u00f3ximo 27 de enero. El acto acad\u00e9mico, que se celebrar\u00e1 en el paraninfo con motivo de la festividad de","canonical_url":"https:\/\/eldigitaldeasturias.com\/magazine365\/carlos-saura-sera-investido-doctor-honoris-causa-por-la-complutense\/","robots":"max-image-preview:large","keywords":"noticias y actualidad","webmasterTools":{"google-site-verification":"UA-38556648-1","miscellaneous":""},"schema":{"@context":"https:\/\/schema.org","@graph":[{"@type":"Article","@id":"https:\/\/eldigitaldeasturias.com\/magazine365\/carlos-saura-sera-investido-doctor-honoris-causa-por-la-complutense\/#article","name":"Carlos Saura ser\u00e1 investido doctor \u00abhonoris causa\u00bb por la Complutense | El Digital de Asturias","headline":"Carlos Saura ser\u00e1 investido doctor \u00abhonoris causa\u00bb por la Complutense","author":{"@id":"https:\/\/eldigitaldeasturias.com\/magazine365\/author\/admin\/#author"},"publisher":{"@id":"https:\/\/eldigitaldeasturias.com\/magazine365\/#organization"},"image":{"@type":"ImageObject","url":"https:\/\/eldigitaldeasturias.com\/magazine365\/wp-content\/uploads\/2014\/01\/5870123w.jpg","width":800,"height":714},"datePublished":"2014-01-23T19:22:28+01:00","dateModified":"2014-01-23T19:22:28+01:00","inLanguage":"es-ES","mainEntityOfPage":{"@id":"https:\/\/eldigitaldeasturias.com\/magazine365\/carlos-saura-sera-investido-doctor-honoris-causa-por-la-complutense\/#webpage"},"isPartOf":{"@id":"https:\/\/eldigitaldeasturias.com\/magazine365\/carlos-saura-sera-investido-doctor-honoris-causa-por-la-complutense\/#webpage"},"articleSection":"Noticias y Actualidad"},{"@type":"BreadcrumbList","@id":"https:\/\/eldigitaldeasturias.com\/magazine365\/carlos-saura-sera-investido-doctor-honoris-causa-por-la-complutense\/#breadcrumblist","itemListElement":[{"@type":"ListItem","@id":"https:\/\/eldigitaldeasturias.com\/magazine365#listItem","position":1,"name":"Home","item":"https:\/\/eldigitaldeasturias.com\/magazine365","nextItem":{"@type":"ListItem","@id":"https:\/\/eldigitaldeasturias.com\/magazine365\/category\/noticias-actualidad\/#listItem","name":"Noticias y Actualidad"}},{"@type":"ListItem","@id":"https:\/\/eldigitaldeasturias.com\/magazine365\/category\/noticias-actualidad\/#listItem","position":2,"name":"Noticias y Actualidad","item":"https:\/\/eldigitaldeasturias.com\/magazine365\/category\/noticias-actualidad\/","nextItem":{"@type":"ListItem","@id":"https:\/\/eldigitaldeasturias.com\/magazine365\/carlos-saura-sera-investido-doctor-honoris-causa-por-la-complutense\/#listItem","name":"Carlos Saura ser\u00e1 investido doctor \u00abhonoris causa\u00bb por la Complutense"},"previousItem":{"@type":"ListItem","@id":"https:\/\/eldigitaldeasturias.com\/magazine365#listItem","name":"Home"}},{"@type":"ListItem","@id":"https:\/\/eldigitaldeasturias.com\/magazine365\/carlos-saura-sera-investido-doctor-honoris-causa-por-la-complutense\/#listItem","position":3,"name":"Carlos Saura ser\u00e1 investido doctor \u00abhonoris causa\u00bb por la Complutense","previousItem":{"@type":"ListItem","@id":"https:\/\/eldigitaldeasturias.com\/magazine365\/category\/noticias-actualidad\/#listItem","name":"Noticias y Actualidad"}}]},{"@type":"Organization","@id":"https:\/\/eldigitaldeasturias.com\/magazine365\/#organization","name":"El digital de Asturias","description":"Revista de ocio, turismo y estilo de vida","url":"https:\/\/eldigitaldeasturias.com\/magazine365\/","logo":{"@type":"ImageObject","url":"https:\/\/www.eldigitaldeasturias.com\/noticias\/wp-content\/uploads\/2020\/12\/EDA.jpg","@id":"https:\/\/eldigitaldeasturias.com\/magazine365\/carlos-saura-sera-investido-doctor-honoris-causa-por-la-complutense\/#organizationLogo"},"image":{"@id":"https:\/\/eldigitaldeasturias.com\/magazine365\/carlos-saura-sera-investido-doctor-honoris-causa-por-la-complutense\/#organizationLogo"}},{"@type":"Person","@id":"https:\/\/eldigitaldeasturias.com\/magazine365\/author\/admin\/#author","url":"https:\/\/eldigitaldeasturias.com\/magazine365\/author\/admin\/","name":"admin","image":{"@type":"ImageObject","@id":"https:\/\/eldigitaldeasturias.com\/magazine365\/carlos-saura-sera-investido-doctor-honoris-causa-por-la-complutense\/#authorImage","url":"https:\/\/eldigitaldeasturias.com\/magazine365\/wp-content\/litespeed\/avatar\/e571bcf59a0edd6fa6838245a470f2fe.jpg?ver=1777574230","width":96,"height":96,"caption":"admin"}},{"@type":"WebPage","@id":"https:\/\/eldigitaldeasturias.com\/magazine365\/carlos-saura-sera-investido-doctor-honoris-causa-por-la-complutense\/#webpage","url":"https:\/\/eldigitaldeasturias.com\/magazine365\/carlos-saura-sera-investido-doctor-honoris-causa-por-la-complutense\/","name":"Carlos Saura ser\u00e1 investido doctor \u00abhonoris causa\u00bb por la Complutense | El Digital de Asturias","description":"Madrid, 23 ene (EFE).- El cineasta, escritor y fot\u00f3grafo Carlos Saura, autor de pel\u00edculas como \"Cr\u00eda cuervos\", \"La prima Ang\u00e9lica\" o \"\u00a1Ay, Carmela!\", ser\u00e1 investido doctor \"honoris causa\" por la Universidad Complutense de Madrid (UCM) el pr\u00f3ximo 27 de enero. El acto acad\u00e9mico, que se celebrar\u00e1 en el paraninfo con motivo de la festividad de","inLanguage":"es-ES","isPartOf":{"@id":"https:\/\/eldigitaldeasturias.com\/magazine365\/#website"},"breadcrumb":{"@id":"https:\/\/eldigitaldeasturias.com\/magazine365\/carlos-saura-sera-investido-doctor-honoris-causa-por-la-complutense\/#breadcrumblist"},"author":{"@id":"https:\/\/eldigitaldeasturias.com\/magazine365\/author\/admin\/#author"},"creator":{"@id":"https:\/\/eldigitaldeasturias.com\/magazine365\/author\/admin\/#author"},"image":{"@type":"ImageObject","url":"https:\/\/eldigitaldeasturias.com\/magazine365\/wp-content\/uploads\/2014\/01\/5870123w.jpg","@id":"https:\/\/eldigitaldeasturias.com\/magazine365\/carlos-saura-sera-investido-doctor-honoris-causa-por-la-complutense\/#mainImage","width":800,"height":714},"primaryImageOfPage":{"@id":"https:\/\/eldigitaldeasturias.com\/magazine365\/carlos-saura-sera-investido-doctor-honoris-causa-por-la-complutense\/#mainImage"},"datePublished":"2014-01-23T19:22:28+01:00","dateModified":"2014-01-23T19:22:28+01:00"},{"@type":"WebSite","@id":"https:\/\/eldigitaldeasturias.com\/magazine365\/#website","url":"https:\/\/eldigitaldeasturias.com\/magazine365\/","name":"El Digital de Asturias","description":"Revista de ocio, turismo y estilo de vida","inLanguage":"es-ES","publisher":{"@id":"https:\/\/eldigitaldeasturias.com\/magazine365\/#organization"}}]},"og:locale":"es_ES","og:site_name":"El Digital de Asturias \u2013 Revista de ocio, turismo y estilo de vida","og:type":"article","og:title":"Carlos Saura ser\u00e1 investido doctor \u00abhonoris causa\u00bb por la Complutense | El Digital de Asturias","og:description":"Madrid, 23 ene (EFE).- El cineasta, escritor y fot\u00f3grafo Carlos Saura, autor de pel\u00edculas como &quot;Cr\u00eda cuervos&quot;, &quot;La prima Ang\u00e9lica&quot; o &quot;\u00a1Ay, Carmela!&quot;, ser\u00e1 investido doctor &quot;honoris causa&quot; por la Universidad Complutense de Madrid (UCM) el pr\u00f3ximo 27 de enero. El acto acad\u00e9mico, que se celebrar\u00e1 en el paraninfo con motivo de la festividad de","og:url":"https:\/\/eldigitaldeasturias.com\/magazine365\/carlos-saura-sera-investido-doctor-honoris-causa-por-la-complutense\/","og:image":"https:\/\/eldigitaldeasturias.com\/magazine365\/wp-content\/uploads\/2014\/01\/5870123w.jpg","og:image:secure_url":"https:\/\/eldigitaldeasturias.com\/magazine365\/wp-content\/uploads\/2014\/01\/5870123w.jpg","og:image:width":800,"og:image:height":714,"article:published_time":"2014-01-23T20:22:28+00:00","article:modified_time":"2014-01-23T20:22:28+00:00","twitter:card":"summary_large_image","twitter:title":"Carlos Saura ser\u00e1 investido doctor \u00abhonoris causa\u00bb por la Complutense | El Digital de Asturias","twitter:description":"Madrid, 23 ene (EFE).- El cineasta, escritor y fot\u00f3grafo Carlos Saura, autor de pel\u00edculas como &quot;Cr\u00eda cuervos&quot;, &quot;La prima Ang\u00e9lica&quot; o &quot;\u00a1Ay, Carmela!&quot;, ser\u00e1 investido doctor &quot;honoris causa&quot; por la Universidad Complutense de Madrid (UCM) el pr\u00f3ximo 27 de enero. El acto acad\u00e9mico, que se celebrar\u00e1 en el paraninfo con motivo de la festividad de","twitter:image":"https:\/\/eldigitaldeasturias.com\/magazine365\/wp-content\/uploads\/2014\/01\/5870123w.jpg"},"aioseo_meta_data":{"post_id":"1678","title":null,"description":null,"keywords":null,"keyphrases":null,"primary_term":null,"canonical_url":null,"og_title":null,"og_description":null,"og_object_type":"default","og_image_type":"default","og_image_url":null,"og_image_width":null,"og_image_height":null,"og_image_custom_url":null,"og_image_custom_fields":null,"og_video":null,"og_custom_url":null,"og_article_section":null,"og_article_tags":null,"twitter_use_og":false,"twitter_card":"default","twitter_image_type":"default","twitter_image_url":null,"twitter_image_custom_url":null,"twitter_image_custom_fields":null,"twitter_title":null,"twitter_description":null,"schema":{"blockGraphs":[],"customGraphs":[],"default":{"data":{"Article":[],"Course":[],"Dataset":[],"FAQPage":[],"Movie":[],"Person":[],"Product":[],"ProductReview":[],"Car":[],"Recipe":[],"Service":[],"SoftwareApplication":[],"WebPage":[]},"graphName":"","isEnabled":true},"graphs":[],"defaultGraph":"","defaultPostTypeGraph":""},"schema_type":null,"schema_type_options":null,"pillar_content":false,"robots_default":true,"robots_noindex":false,"robots_noarchive":false,"robots_nosnippet":false,"robots_nofollow":false,"robots_noimageindex":false,"robots_noodp":false,"robots_notranslate":false,"robots_max_snippet":null,"robots_max_videopreview":null,"robots_max_imagepreview":"large","priority":null,"frequency":null,"location":null,"local_seo":null,"seo_analyzer_scan_date":"2025-09-16 09:50:12","breadcrumb_settings":null,"limit_modified_date":false,"open_ai":null,"ai":null,"created":"2020-12-21 13:40:21","updated":"2025-09-16 09:50:12"},"aioseo_breadcrumb":"<div class=\"aioseo-breadcrumbs\"><span class=\"aioseo-breadcrumb\">\n\t<a href=\"https:\/\/eldigitaldeasturias.com\/magazine365\" title=\"Home\">Home<\/a>\n<\/span><span class=\"aioseo-breadcrumb-separator\">\u2013<\/span><span class=\"aioseo-breadcrumb\">\n\t<a href=\"https:\/\/eldigitaldeasturias.com\/magazine365\/category\/noticias-actualidad\/\" title=\"Noticias y Actualidad\">Noticias y Actualidad<\/a>\n<\/span><span class=\"aioseo-breadcrumb-separator\">\u2013<\/span><span class=\"aioseo-breadcrumb\">\n\t<a href=\"https:\/\/eldigitaldeasturias.com\/magazine365\/carlos-saura-sera-investido-doctor-honoris-causa-por-la-complutense\/\" title=\"Carlos Saura ser\u00e1 investido doctor \u00abhonoris causa\u00bb por la Complutense\">Carlos Saura ser\u00e1 investido doctor \u00abhonoris causa\u00bb por la Complutense<\/a>\n<\/span><\/div>","aioseo_breadcrumb_json":[{"label":"Home","link":"https:\/\/eldigitaldeasturias.com\/magazine365"},{"label":"Noticias y Actualidad","link":"https:\/\/eldigitaldeasturias.com\/magazine365\/category\/noticias-actualidad\/"},{"label":"Carlos Saura ser\u00e1 investido doctor \u00abhonoris causa\u00bb por la Complutense","link":"https:\/\/eldigitaldeasturias.com\/magazine365\/carlos-saura-sera-investido-doctor-honoris-causa-por-la-complutense\/"}],"_links":{"self":[{"href":"https:\/\/eldigitaldeasturias.com\/magazine365\/wp-json\/wp\/v2\/posts\/1678","targetHints":{"allow":["GET"]}}],"collection":[{"href":"https:\/\/eldigitaldeasturias.com\/magazine365\/wp-json\/wp\/v2\/posts"}],"about":[{"href":"https:\/\/eldigitaldeasturias.com\/magazine365\/wp-json\/wp\/v2\/types\/post"}],"author":[{"embeddable":true,"href":"https:\/\/eldigitaldeasturias.com\/magazine365\/wp-json\/wp\/v2\/users\/1"}],"replies":[{"embeddable":true,"href":"https:\/\/eldigitaldeasturias.com\/magazine365\/wp-json\/wp\/v2\/comments?post=1678"}],"version-history":[{"count":0,"href":"https:\/\/eldigitaldeasturias.com\/magazine365\/wp-json\/wp\/v2\/posts\/1678\/revisions"}],"wp:featuredmedia":[{"embeddable":true,"href":"https:\/\/eldigitaldeasturias.com\/magazine365\/wp-json\/wp\/v2\/media\/1679"}],"wp:attachment":[{"href":"https:\/\/eldigitaldeasturias.com\/magazine365\/wp-json\/wp\/v2\/media?parent=1678"}],"wp:term":[{"taxonomy":"category","embeddable":true,"href":"https:\/\/eldigitaldeasturias.com\/magazine365\/wp-json\/wp\/v2\/categories?post=1678"},{"taxonomy":"post_tag","embeddable":true,"href":"https:\/\/eldigitaldeasturias.com\/magazine365\/wp-json\/wp\/v2\/tags?post=1678"}],"curies":[{"name":"wp","href":"https:\/\/api.w.org\/{rel}","templated":true}]}}