{"id":1672,"date":"2014-01-23T19:15:40","date_gmt":"2014-01-23T20:15:40","guid":{"rendered":"http:\/\/eldigitaldeasturias.com\/magazine365\/?p=1672"},"modified":"2014-01-23T19:15:40","modified_gmt":"2014-01-23T20:15:40","slug":"gregory-porter-estrella-destacada-de-la-septima-edicion-de-365-jazz-bilbao","status":"publish","type":"post","link":"https:\/\/eldigitaldeasturias.com\/magazine365\/gregory-porter-estrella-destacada-de-la-septima-edicion-de-365-jazz-bilbao\/","title":{"rendered":"Gregory Porter, estrella destacada de la s\u00e9ptima edici\u00f3n de \u00ab365 Jazz Bilbao\u00bb"},"content":{"rendered":"<p><img fetchpriority=\"high\" decoding=\"async\" class=\"alignleft size-medium wp-image-1673\" alt=\"5870283w\" src=\"https:\/\/eldigitaldeasturias.com\/magazine365\/wp-content\/uploads\/2014\/01\/5870283w-360x246.jpg\" width=\"360\" height=\"246\" srcset=\"https:\/\/eldigitaldeasturias.com\/magazine365\/wp-content\/uploads\/2014\/01\/5870283w-360x246.jpg 360w, https:\/\/eldigitaldeasturias.com\/magazine365\/wp-content\/uploads\/2014\/01\/5870283w-650x444.jpg 650w, https:\/\/eldigitaldeasturias.com\/magazine365\/wp-content\/uploads\/2014\/01\/5870283w-768x525.jpg 768w, https:\/\/eldigitaldeasturias.com\/magazine365\/wp-content\/uploads\/2014\/01\/5870283w-150x103.jpg 150w, https:\/\/eldigitaldeasturias.com\/magazine365\/wp-content\/uploads\/2014\/01\/5870283w-450x308.jpg 450w, https:\/\/eldigitaldeasturias.com\/magazine365\/wp-content\/uploads\/2014\/01\/5870283w-218x150.jpg 218w, https:\/\/eldigitaldeasturias.com\/magazine365\/wp-content\/uploads\/2014\/01\/5870283w-696x476.jpg 696w, https:\/\/eldigitaldeasturias.com\/magazine365\/wp-content\/uploads\/2014\/01\/5870283w-614x420.jpg 614w, https:\/\/eldigitaldeasturias.com\/magazine365\/wp-content\/uploads\/2014\/01\/5870283w.jpg 800w\" sizes=\"(max-width: 360px) 100vw, 360px\" \/>Bilbao, 23 ene (EFE).- El vocalista californiano Gregory Porter, considerado una de las figuras m\u00e1s brillantes del jazz actual, es uno de los artistas destacados del cartel de la s\u00e9ptima edici\u00f3n de \u00ab365 Jazz Bilbao\u00bb.<\/p>\n<p>Junto a Porter, que actuar\u00e1 el pr\u00f3ximo 12 de marzo en el Teatro Campos Eliseos, de la capital vizca\u00edna, comparten la temporada 2014 el pianista armenio Tigran Hamasyan (4 de febrero); el trompetista Roy Hargrove Quintet (23 de abril) y el trompetista, compositor y arreglista Terence Blanchard (27 de mayo).<\/p>\n<p>La entidad Fundaci\u00f3n Bilbao 700, organizadora de este ciclo de conciertos, ha informado hoy de la programaci\u00f3n de este a\u00f1o a trav\u00e9s de un comunicado, y ha afirmado que mantiene el objetivo de ofrecer un cartel internacional \u00abde calidad\u00bb a precios asequibles.<\/p>\n<p>El programa de esta edici\u00f3n abarca distintos estilos desde las ra\u00edces m\u00e1s puras del jazz a las \u00faltimas vanguardias, as\u00ed como la fusi\u00f3n con otros g\u00e9neros como la m\u00fasica cl\u00e1sica, el rock, el blues o el hip hop.<\/p>\n<p>Adem\u00e1s de las actuaciones en teatro, la temporada de jazz tambi\u00e9n ofrece veladas en varios hoteles bilba\u00ednos en los que act\u00faan formaciones locales y estatales como Noguel Quartet, Wom, Hernan Hock Quintet, Gintonic y James Room.<\/p>\n","protected":false},"excerpt":{"rendered":"<p>Bilbao, 23 ene (EFE).- El vocalista californiano Gregory Porter, considerado una de las figuras m\u00e1s brillantes del jazz actual, es uno de los artistas destacados del cartel de la s\u00e9ptima edici\u00f3n de \u00ab365 Jazz Bilbao\u00bb. Junto a Porter, que actuar\u00e1 el pr\u00f3ximo 12 de marzo en el Teatro Campos Eliseos, de la capital vizca\u00edna, comparten<\/p>\n","protected":false},"author":1,"featured_media":1673,"comment_status":"open","ping_status":"open","sticky":false,"template":"","format":"standard","meta":{"footnotes":""},"categories":[224],"tags":[],"class_list":{"0":"post-1672","1":"post","2":"type-post","3":"status-publish","4":"format-standard","5":"has-post-thumbnail","7":"category-noticias-actualidad"},"aioseo_notices":[],"aioseo_head":"\n\t\t<!-- All in One SEO Pro 4.9.6.1 - aioseo.com -->\n\t<meta name=\"description\" content=\"Bilbao, 23 ene (EFE).- El vocalista californiano Gregory Porter, considerado una de las figuras m\u00e1s brillantes del jazz actual, es uno de los artistas destacados del cartel de la s\u00e9ptima edici\u00f3n de &quot;365 Jazz Bilbao&quot;. Junto a Porter, que actuar\u00e1 el pr\u00f3ximo 12 de marzo en el Teatro Campos Eliseos, de la capital vizca\u00edna, comparten\" \/>\n\t<meta name=\"robots\" content=\"max-image-preview:large\" \/>\n\t<meta name=\"author\" content=\"admin\"\/>\n\t<meta name=\"google-site-verification\" content=\"UA-38556648-1\" \/>\n\t<meta name=\"keywords\" content=\"noticias y actualidad\" \/>\n\t<link rel=\"canonical\" href=\"https:\/\/eldigitaldeasturias.com\/magazine365\/gregory-porter-estrella-destacada-de-la-septima-edicion-de-365-jazz-bilbao\/\" \/>\n\t<meta name=\"generator\" content=\"All in One SEO Pro (AIOSEO) 4.9.6.1\" \/>\n\t\t<meta property=\"og:locale\" content=\"es_ES\" \/>\n\t\t<meta property=\"og:site_name\" content=\"El Digital de Asturias \u2013 Revista de ocio, turismo y estilo de vida\" \/>\n\t\t<meta property=\"og:type\" content=\"article\" \/>\n\t\t<meta property=\"og:title\" content=\"Gregory Porter, estrella destacada de la s\u00e9ptima edici\u00f3n de \u00ab365 Jazz Bilbao\u00bb | El Digital de Asturias\" \/>\n\t\t<meta property=\"og:description\" content=\"Bilbao, 23 ene (EFE).- El vocalista californiano Gregory Porter, considerado una de las figuras m\u00e1s brillantes del jazz actual, es uno de los artistas destacados del cartel de la s\u00e9ptima edici\u00f3n de &quot;365 Jazz Bilbao&quot;. Junto a Porter, que actuar\u00e1 el pr\u00f3ximo 12 de marzo en el Teatro Campos Eliseos, de la capital vizca\u00edna, comparten\" \/>\n\t\t<meta property=\"og:url\" content=\"https:\/\/eldigitaldeasturias.com\/magazine365\/gregory-porter-estrella-destacada-de-la-septima-edicion-de-365-jazz-bilbao\/\" \/>\n\t\t<meta property=\"og:image\" content=\"https:\/\/eldigitaldeasturias.com\/magazine365\/wp-content\/uploads\/2014\/01\/5870283w.jpg\" \/>\n\t\t<meta property=\"og:image:secure_url\" content=\"https:\/\/eldigitaldeasturias.com\/magazine365\/wp-content\/uploads\/2014\/01\/5870283w.jpg\" \/>\n\t\t<meta property=\"og:image:width\" content=\"800\" \/>\n\t\t<meta property=\"og:image:height\" content=\"547\" \/>\n\t\t<meta property=\"article:published_time\" content=\"2014-01-23T20:15:40+00:00\" \/>\n\t\t<meta property=\"article:modified_time\" content=\"2014-01-23T20:15:40+00:00\" \/>\n\t\t<meta name=\"twitter:card\" content=\"summary_large_image\" \/>\n\t\t<meta name=\"twitter:title\" content=\"Gregory Porter, estrella destacada de la s\u00e9ptima edici\u00f3n de \u00ab365 Jazz Bilbao\u00bb | El Digital de Asturias\" \/>\n\t\t<meta name=\"twitter:description\" content=\"Bilbao, 23 ene (EFE).- El vocalista californiano Gregory Porter, considerado una de las figuras m\u00e1s brillantes del jazz actual, es uno de los artistas destacados del cartel de la s\u00e9ptima edici\u00f3n de &quot;365 Jazz Bilbao&quot;. Junto a Porter, que actuar\u00e1 el pr\u00f3ximo 12 de marzo en el Teatro Campos Eliseos, de la capital vizca\u00edna, comparten\" \/>\n\t\t<meta name=\"twitter:image\" content=\"https:\/\/eldigitaldeasturias.com\/magazine365\/wp-content\/uploads\/2014\/01\/5870283w.jpg\" \/>\n\t\t<script type=\"application\/ld+json\" class=\"aioseo-schema\">\n\t\t\t{\"@context\":\"https:\\\/\\\/schema.org\",\"@graph\":[{\"@type\":\"Article\",\"@id\":\"https:\\\/\\\/eldigitaldeasturias.com\\\/magazine365\\\/gregory-porter-estrella-destacada-de-la-septima-edicion-de-365-jazz-bilbao\\\/#article\",\"name\":\"Gregory Porter, estrella destacada de la s\\u00e9ptima edici\\u00f3n de \\u00ab365 Jazz Bilbao\\u00bb | El Digital de Asturias\",\"headline\":\"Gregory Porter, estrella destacada de la s\\u00e9ptima edici\\u00f3n de \\u00ab365 Jazz Bilbao\\u00bb\",\"author\":{\"@id\":\"https:\\\/\\\/eldigitaldeasturias.com\\\/magazine365\\\/author\\\/admin\\\/#author\"},\"publisher\":{\"@id\":\"https:\\\/\\\/eldigitaldeasturias.com\\\/magazine365\\\/#organization\"},\"image\":{\"@type\":\"ImageObject\",\"url\":\"https:\\\/\\\/eldigitaldeasturias.com\\\/magazine365\\\/wp-content\\\/uploads\\\/2014\\\/01\\\/5870283w.jpg\",\"width\":800,\"height\":547},\"datePublished\":\"2014-01-23T19:15:40+01:00\",\"dateModified\":\"2014-01-23T19:15:40+01:00\",\"inLanguage\":\"es-ES\",\"mainEntityOfPage\":{\"@id\":\"https:\\\/\\\/eldigitaldeasturias.com\\\/magazine365\\\/gregory-porter-estrella-destacada-de-la-septima-edicion-de-365-jazz-bilbao\\\/#webpage\"},\"isPartOf\":{\"@id\":\"https:\\\/\\\/eldigitaldeasturias.com\\\/magazine365\\\/gregory-porter-estrella-destacada-de-la-septima-edicion-de-365-jazz-bilbao\\\/#webpage\"},\"articleSection\":\"Noticias y Actualidad\"},{\"@type\":\"BreadcrumbList\",\"@id\":\"https:\\\/\\\/eldigitaldeasturias.com\\\/magazine365\\\/gregory-porter-estrella-destacada-de-la-septima-edicion-de-365-jazz-bilbao\\\/#breadcrumblist\",\"itemListElement\":[{\"@type\":\"ListItem\",\"@id\":\"https:\\\/\\\/eldigitaldeasturias.com\\\/magazine365#listItem\",\"position\":1,\"name\":\"Home\",\"item\":\"https:\\\/\\\/eldigitaldeasturias.com\\\/magazine365\",\"nextItem\":{\"@type\":\"ListItem\",\"@id\":\"https:\\\/\\\/eldigitaldeasturias.com\\\/magazine365\\\/category\\\/noticias-actualidad\\\/#listItem\",\"name\":\"Noticias y Actualidad\"}},{\"@type\":\"ListItem\",\"@id\":\"https:\\\/\\\/eldigitaldeasturias.com\\\/magazine365\\\/category\\\/noticias-actualidad\\\/#listItem\",\"position\":2,\"name\":\"Noticias y Actualidad\",\"item\":\"https:\\\/\\\/eldigitaldeasturias.com\\\/magazine365\\\/category\\\/noticias-actualidad\\\/\",\"nextItem\":{\"@type\":\"ListItem\",\"@id\":\"https:\\\/\\\/eldigitaldeasturias.com\\\/magazine365\\\/gregory-porter-estrella-destacada-de-la-septima-edicion-de-365-jazz-bilbao\\\/#listItem\",\"name\":\"Gregory Porter, estrella destacada de la s\\u00e9ptima edici\\u00f3n de \\u00ab365 Jazz Bilbao\\u00bb\"},\"previousItem\":{\"@type\":\"ListItem\",\"@id\":\"https:\\\/\\\/eldigitaldeasturias.com\\\/magazine365#listItem\",\"name\":\"Home\"}},{\"@type\":\"ListItem\",\"@id\":\"https:\\\/\\\/eldigitaldeasturias.com\\\/magazine365\\\/gregory-porter-estrella-destacada-de-la-septima-edicion-de-365-jazz-bilbao\\\/#listItem\",\"position\":3,\"name\":\"Gregory Porter, estrella destacada de la s\\u00e9ptima edici\\u00f3n de \\u00ab365 Jazz Bilbao\\u00bb\",\"previousItem\":{\"@type\":\"ListItem\",\"@id\":\"https:\\\/\\\/eldigitaldeasturias.com\\\/magazine365\\\/category\\\/noticias-actualidad\\\/#listItem\",\"name\":\"Noticias y Actualidad\"}}]},{\"@type\":\"Organization\",\"@id\":\"https:\\\/\\\/eldigitaldeasturias.com\\\/magazine365\\\/#organization\",\"name\":\"El digital de Asturias\",\"description\":\"Revista de ocio, turismo y estilo de vida\",\"url\":\"https:\\\/\\\/eldigitaldeasturias.com\\\/magazine365\\\/\",\"logo\":{\"@type\":\"ImageObject\",\"url\":\"https:\\\/\\\/www.eldigitaldeasturias.com\\\/noticias\\\/wp-content\\\/uploads\\\/2020\\\/12\\\/EDA.jpg\",\"@id\":\"https:\\\/\\\/eldigitaldeasturias.com\\\/magazine365\\\/gregory-porter-estrella-destacada-de-la-septima-edicion-de-365-jazz-bilbao\\\/#organizationLogo\"},\"image\":{\"@id\":\"https:\\\/\\\/eldigitaldeasturias.com\\\/magazine365\\\/gregory-porter-estrella-destacada-de-la-septima-edicion-de-365-jazz-bilbao\\\/#organizationLogo\"}},{\"@type\":\"Person\",\"@id\":\"https:\\\/\\\/eldigitaldeasturias.com\\\/magazine365\\\/author\\\/admin\\\/#author\",\"url\":\"https:\\\/\\\/eldigitaldeasturias.com\\\/magazine365\\\/author\\\/admin\\\/\",\"name\":\"admin\",\"image\":{\"@type\":\"ImageObject\",\"@id\":\"https:\\\/\\\/eldigitaldeasturias.com\\\/magazine365\\\/gregory-porter-estrella-destacada-de-la-septima-edicion-de-365-jazz-bilbao\\\/#authorImage\",\"url\":\"https:\\\/\\\/eldigitaldeasturias.com\\\/magazine365\\\/wp-content\\\/litespeed\\\/avatar\\\/e571bcf59a0edd6fa6838245a470f2fe.jpg?ver=1777574230\",\"width\":96,\"height\":96,\"caption\":\"admin\"}},{\"@type\":\"WebPage\",\"@id\":\"https:\\\/\\\/eldigitaldeasturias.com\\\/magazine365\\\/gregory-porter-estrella-destacada-de-la-septima-edicion-de-365-jazz-bilbao\\\/#webpage\",\"url\":\"https:\\\/\\\/eldigitaldeasturias.com\\\/magazine365\\\/gregory-porter-estrella-destacada-de-la-septima-edicion-de-365-jazz-bilbao\\\/\",\"name\":\"Gregory Porter, estrella destacada de la s\\u00e9ptima edici\\u00f3n de \\u00ab365 Jazz Bilbao\\u00bb | El Digital de Asturias\",\"description\":\"Bilbao, 23 ene (EFE).- El vocalista californiano Gregory Porter, considerado una de las figuras m\\u00e1s brillantes del jazz actual, es uno de los artistas destacados del cartel de la s\\u00e9ptima edici\\u00f3n de \\\"365 Jazz Bilbao\\\". Junto a Porter, que actuar\\u00e1 el pr\\u00f3ximo 12 de marzo en el Teatro Campos Eliseos, de la capital vizca\\u00edna, comparten\",\"inLanguage\":\"es-ES\",\"isPartOf\":{\"@id\":\"https:\\\/\\\/eldigitaldeasturias.com\\\/magazine365\\\/#website\"},\"breadcrumb\":{\"@id\":\"https:\\\/\\\/eldigitaldeasturias.com\\\/magazine365\\\/gregory-porter-estrella-destacada-de-la-septima-edicion-de-365-jazz-bilbao\\\/#breadcrumblist\"},\"author\":{\"@id\":\"https:\\\/\\\/eldigitaldeasturias.com\\\/magazine365\\\/author\\\/admin\\\/#author\"},\"creator\":{\"@id\":\"https:\\\/\\\/eldigitaldeasturias.com\\\/magazine365\\\/author\\\/admin\\\/#author\"},\"image\":{\"@type\":\"ImageObject\",\"url\":\"https:\\\/\\\/eldigitaldeasturias.com\\\/magazine365\\\/wp-content\\\/uploads\\\/2014\\\/01\\\/5870283w.jpg\",\"@id\":\"https:\\\/\\\/eldigitaldeasturias.com\\\/magazine365\\\/gregory-porter-estrella-destacada-de-la-septima-edicion-de-365-jazz-bilbao\\\/#mainImage\",\"width\":800,\"height\":547},\"primaryImageOfPage\":{\"@id\":\"https:\\\/\\\/eldigitaldeasturias.com\\\/magazine365\\\/gregory-porter-estrella-destacada-de-la-septima-edicion-de-365-jazz-bilbao\\\/#mainImage\"},\"datePublished\":\"2014-01-23T19:15:40+01:00\",\"dateModified\":\"2014-01-23T19:15:40+01:00\"},{\"@type\":\"WebSite\",\"@id\":\"https:\\\/\\\/eldigitaldeasturias.com\\\/magazine365\\\/#website\",\"url\":\"https:\\\/\\\/eldigitaldeasturias.com\\\/magazine365\\\/\",\"name\":\"El Digital de Asturias\",\"description\":\"Revista de ocio, turismo y estilo de vida\",\"inLanguage\":\"es-ES\",\"publisher\":{\"@id\":\"https:\\\/\\\/eldigitaldeasturias.com\\\/magazine365\\\/#organization\"}}]}\n\t\t<\/script>\n\t\t<!-- All in One SEO Pro -->\r\n\t\t<title>Gregory Porter, estrella destacada de la s\u00e9ptima edici\u00f3n de \u00ab365 Jazz Bilbao\u00bb | El Digital de Asturias<\/title>\n\n","aioseo_head_json":{"title":"Gregory Porter, estrella destacada de la s\u00e9ptima edici\u00f3n de \u00ab365 Jazz Bilbao\u00bb | El Digital de Asturias","description":"Bilbao, 23 ene (EFE).- El vocalista californiano Gregory Porter, considerado una de las figuras m\u00e1s brillantes del jazz actual, es uno de los artistas destacados del cartel de la s\u00e9ptima edici\u00f3n de \"365 Jazz Bilbao\". Junto a Porter, que actuar\u00e1 el pr\u00f3ximo 12 de marzo en el Teatro Campos Eliseos, de la capital vizca\u00edna, comparten","canonical_url":"https:\/\/eldigitaldeasturias.com\/magazine365\/gregory-porter-estrella-destacada-de-la-septima-edicion-de-365-jazz-bilbao\/","robots":"max-image-preview:large","keywords":"noticias y actualidad","webmasterTools":{"google-site-verification":"UA-38556648-1","miscellaneous":""},"schema":{"@context":"https:\/\/schema.org","@graph":[{"@type":"Article","@id":"https:\/\/eldigitaldeasturias.com\/magazine365\/gregory-porter-estrella-destacada-de-la-septima-edicion-de-365-jazz-bilbao\/#article","name":"Gregory Porter, estrella destacada de la s\u00e9ptima edici\u00f3n de \u00ab365 Jazz Bilbao\u00bb | El Digital de Asturias","headline":"Gregory Porter, estrella destacada de la s\u00e9ptima edici\u00f3n de \u00ab365 Jazz Bilbao\u00bb","author":{"@id":"https:\/\/eldigitaldeasturias.com\/magazine365\/author\/admin\/#author"},"publisher":{"@id":"https:\/\/eldigitaldeasturias.com\/magazine365\/#organization"},"image":{"@type":"ImageObject","url":"https:\/\/eldigitaldeasturias.com\/magazine365\/wp-content\/uploads\/2014\/01\/5870283w.jpg","width":800,"height":547},"datePublished":"2014-01-23T19:15:40+01:00","dateModified":"2014-01-23T19:15:40+01:00","inLanguage":"es-ES","mainEntityOfPage":{"@id":"https:\/\/eldigitaldeasturias.com\/magazine365\/gregory-porter-estrella-destacada-de-la-septima-edicion-de-365-jazz-bilbao\/#webpage"},"isPartOf":{"@id":"https:\/\/eldigitaldeasturias.com\/magazine365\/gregory-porter-estrella-destacada-de-la-septima-edicion-de-365-jazz-bilbao\/#webpage"},"articleSection":"Noticias y Actualidad"},{"@type":"BreadcrumbList","@id":"https:\/\/eldigitaldeasturias.com\/magazine365\/gregory-porter-estrella-destacada-de-la-septima-edicion-de-365-jazz-bilbao\/#breadcrumblist","itemListElement":[{"@type":"ListItem","@id":"https:\/\/eldigitaldeasturias.com\/magazine365#listItem","position":1,"name":"Home","item":"https:\/\/eldigitaldeasturias.com\/magazine365","nextItem":{"@type":"ListItem","@id":"https:\/\/eldigitaldeasturias.com\/magazine365\/category\/noticias-actualidad\/#listItem","name":"Noticias y Actualidad"}},{"@type":"ListItem","@id":"https:\/\/eldigitaldeasturias.com\/magazine365\/category\/noticias-actualidad\/#listItem","position":2,"name":"Noticias y Actualidad","item":"https:\/\/eldigitaldeasturias.com\/magazine365\/category\/noticias-actualidad\/","nextItem":{"@type":"ListItem","@id":"https:\/\/eldigitaldeasturias.com\/magazine365\/gregory-porter-estrella-destacada-de-la-septima-edicion-de-365-jazz-bilbao\/#listItem","name":"Gregory Porter, estrella destacada de la s\u00e9ptima edici\u00f3n de \u00ab365 Jazz Bilbao\u00bb"},"previousItem":{"@type":"ListItem","@id":"https:\/\/eldigitaldeasturias.com\/magazine365#listItem","name":"Home"}},{"@type":"ListItem","@id":"https:\/\/eldigitaldeasturias.com\/magazine365\/gregory-porter-estrella-destacada-de-la-septima-edicion-de-365-jazz-bilbao\/#listItem","position":3,"name":"Gregory Porter, estrella destacada de la s\u00e9ptima edici\u00f3n de \u00ab365 Jazz Bilbao\u00bb","previousItem":{"@type":"ListItem","@id":"https:\/\/eldigitaldeasturias.com\/magazine365\/category\/noticias-actualidad\/#listItem","name":"Noticias y Actualidad"}}]},{"@type":"Organization","@id":"https:\/\/eldigitaldeasturias.com\/magazine365\/#organization","name":"El digital de Asturias","description":"Revista de ocio, turismo y estilo de vida","url":"https:\/\/eldigitaldeasturias.com\/magazine365\/","logo":{"@type":"ImageObject","url":"https:\/\/www.eldigitaldeasturias.com\/noticias\/wp-content\/uploads\/2020\/12\/EDA.jpg","@id":"https:\/\/eldigitaldeasturias.com\/magazine365\/gregory-porter-estrella-destacada-de-la-septima-edicion-de-365-jazz-bilbao\/#organizationLogo"},"image":{"@id":"https:\/\/eldigitaldeasturias.com\/magazine365\/gregory-porter-estrella-destacada-de-la-septima-edicion-de-365-jazz-bilbao\/#organizationLogo"}},{"@type":"Person","@id":"https:\/\/eldigitaldeasturias.com\/magazine365\/author\/admin\/#author","url":"https:\/\/eldigitaldeasturias.com\/magazine365\/author\/admin\/","name":"admin","image":{"@type":"ImageObject","@id":"https:\/\/eldigitaldeasturias.com\/magazine365\/gregory-porter-estrella-destacada-de-la-septima-edicion-de-365-jazz-bilbao\/#authorImage","url":"https:\/\/eldigitaldeasturias.com\/magazine365\/wp-content\/litespeed\/avatar\/e571bcf59a0edd6fa6838245a470f2fe.jpg?ver=1777574230","width":96,"height":96,"caption":"admin"}},{"@type":"WebPage","@id":"https:\/\/eldigitaldeasturias.com\/magazine365\/gregory-porter-estrella-destacada-de-la-septima-edicion-de-365-jazz-bilbao\/#webpage","url":"https:\/\/eldigitaldeasturias.com\/magazine365\/gregory-porter-estrella-destacada-de-la-septima-edicion-de-365-jazz-bilbao\/","name":"Gregory Porter, estrella destacada de la s\u00e9ptima edici\u00f3n de \u00ab365 Jazz Bilbao\u00bb | El Digital de Asturias","description":"Bilbao, 23 ene (EFE).- El vocalista californiano Gregory Porter, considerado una de las figuras m\u00e1s brillantes del jazz actual, es uno de los artistas destacados del cartel de la s\u00e9ptima edici\u00f3n de \"365 Jazz Bilbao\". Junto a Porter, que actuar\u00e1 el pr\u00f3ximo 12 de marzo en el Teatro Campos Eliseos, de la capital vizca\u00edna, comparten","inLanguage":"es-ES","isPartOf":{"@id":"https:\/\/eldigitaldeasturias.com\/magazine365\/#website"},"breadcrumb":{"@id":"https:\/\/eldigitaldeasturias.com\/magazine365\/gregory-porter-estrella-destacada-de-la-septima-edicion-de-365-jazz-bilbao\/#breadcrumblist"},"author":{"@id":"https:\/\/eldigitaldeasturias.com\/magazine365\/author\/admin\/#author"},"creator":{"@id":"https:\/\/eldigitaldeasturias.com\/magazine365\/author\/admin\/#author"},"image":{"@type":"ImageObject","url":"https:\/\/eldigitaldeasturias.com\/magazine365\/wp-content\/uploads\/2014\/01\/5870283w.jpg","@id":"https:\/\/eldigitaldeasturias.com\/magazine365\/gregory-porter-estrella-destacada-de-la-septima-edicion-de-365-jazz-bilbao\/#mainImage","width":800,"height":547},"primaryImageOfPage":{"@id":"https:\/\/eldigitaldeasturias.com\/magazine365\/gregory-porter-estrella-destacada-de-la-septima-edicion-de-365-jazz-bilbao\/#mainImage"},"datePublished":"2014-01-23T19:15:40+01:00","dateModified":"2014-01-23T19:15:40+01:00"},{"@type":"WebSite","@id":"https:\/\/eldigitaldeasturias.com\/magazine365\/#website","url":"https:\/\/eldigitaldeasturias.com\/magazine365\/","name":"El Digital de Asturias","description":"Revista de ocio, turismo y estilo de vida","inLanguage":"es-ES","publisher":{"@id":"https:\/\/eldigitaldeasturias.com\/magazine365\/#organization"}}]},"og:locale":"es_ES","og:site_name":"El Digital de Asturias \u2013 Revista de ocio, turismo y estilo de vida","og:type":"article","og:title":"Gregory Porter, estrella destacada de la s\u00e9ptima edici\u00f3n de \u00ab365 Jazz Bilbao\u00bb | El Digital de Asturias","og:description":"Bilbao, 23 ene (EFE).- El vocalista californiano Gregory Porter, considerado una de las figuras m\u00e1s brillantes del jazz actual, es uno de los artistas destacados del cartel de la s\u00e9ptima edici\u00f3n de &quot;365 Jazz Bilbao&quot;. Junto a Porter, que actuar\u00e1 el pr\u00f3ximo 12 de marzo en el Teatro Campos Eliseos, de la capital vizca\u00edna, comparten","og:url":"https:\/\/eldigitaldeasturias.com\/magazine365\/gregory-porter-estrella-destacada-de-la-septima-edicion-de-365-jazz-bilbao\/","og:image":"https:\/\/eldigitaldeasturias.com\/magazine365\/wp-content\/uploads\/2014\/01\/5870283w.jpg","og:image:secure_url":"https:\/\/eldigitaldeasturias.com\/magazine365\/wp-content\/uploads\/2014\/01\/5870283w.jpg","og:image:width":800,"og:image:height":547,"article:published_time":"2014-01-23T20:15:40+00:00","article:modified_time":"2014-01-23T20:15:40+00:00","twitter:card":"summary_large_image","twitter:title":"Gregory Porter, estrella destacada de la s\u00e9ptima edici\u00f3n de \u00ab365 Jazz Bilbao\u00bb | El Digital de Asturias","twitter:description":"Bilbao, 23 ene (EFE).- El vocalista californiano Gregory Porter, considerado una de las figuras m\u00e1s brillantes del jazz actual, es uno de los artistas destacados del cartel de la s\u00e9ptima edici\u00f3n de &quot;365 Jazz Bilbao&quot;. Junto a Porter, que actuar\u00e1 el pr\u00f3ximo 12 de marzo en el Teatro Campos Eliseos, de la capital vizca\u00edna, comparten","twitter:image":"https:\/\/eldigitaldeasturias.com\/magazine365\/wp-content\/uploads\/2014\/01\/5870283w.jpg"},"aioseo_meta_data":{"post_id":"1672","title":null,"description":null,"keywords":null,"keyphrases":null,"primary_term":null,"canonical_url":null,"og_title":null,"og_description":null,"og_object_type":"default","og_image_type":"default","og_image_url":null,"og_image_width":null,"og_image_height":null,"og_image_custom_url":null,"og_image_custom_fields":null,"og_video":null,"og_custom_url":null,"og_article_section":null,"og_article_tags":null,"twitter_use_og":false,"twitter_card":"default","twitter_image_type":"default","twitter_image_url":null,"twitter_image_custom_url":null,"twitter_image_custom_fields":null,"twitter_title":null,"twitter_description":null,"schema":{"blockGraphs":[],"customGraphs":[],"default":{"data":{"Article":[],"Course":[],"Dataset":[],"FAQPage":[],"Movie":[],"Person":[],"Product":[],"ProductReview":[],"Car":[],"Recipe":[],"Service":[],"SoftwareApplication":[],"WebPage":[]},"graphName":"","isEnabled":true},"graphs":[],"defaultGraph":"","defaultPostTypeGraph":""},"schema_type":null,"schema_type_options":null,"pillar_content":false,"robots_default":true,"robots_noindex":false,"robots_noarchive":false,"robots_nosnippet":false,"robots_nofollow":false,"robots_noimageindex":false,"robots_noodp":false,"robots_notranslate":false,"robots_max_snippet":null,"robots_max_videopreview":null,"robots_max_imagepreview":"large","priority":null,"frequency":null,"location":null,"local_seo":null,"seo_analyzer_scan_date":"2025-09-16 09:49:00","breadcrumb_settings":null,"limit_modified_date":false,"open_ai":null,"ai":null,"created":"2020-12-21 13:40:21","updated":"2025-09-16 09:49:00"},"aioseo_breadcrumb":"<div class=\"aioseo-breadcrumbs\"><span class=\"aioseo-breadcrumb\">\n\t<a href=\"https:\/\/eldigitaldeasturias.com\/magazine365\" title=\"Home\">Home<\/a>\n<\/span><span class=\"aioseo-breadcrumb-separator\">\u2013<\/span><span class=\"aioseo-breadcrumb\">\n\t<a href=\"https:\/\/eldigitaldeasturias.com\/magazine365\/category\/noticias-actualidad\/\" title=\"Noticias y Actualidad\">Noticias y Actualidad<\/a>\n<\/span><span class=\"aioseo-breadcrumb-separator\">\u2013<\/span><span class=\"aioseo-breadcrumb\">\n\t<a href=\"https:\/\/eldigitaldeasturias.com\/magazine365\/gregory-porter-estrella-destacada-de-la-septima-edicion-de-365-jazz-bilbao\/\" title=\"Gregory Porter, estrella destacada de la s\u00e9ptima edici\u00f3n de \u00ab365 Jazz Bilbao\u00bb\">Gregory Porter, estrella destacada de la s\u00e9ptima edici\u00f3n de \u00ab365 Jazz Bilbao\u00bb<\/a>\n<\/span><\/div>","aioseo_breadcrumb_json":[{"label":"Home","link":"https:\/\/eldigitaldeasturias.com\/magazine365"},{"label":"Noticias y Actualidad","link":"https:\/\/eldigitaldeasturias.com\/magazine365\/category\/noticias-actualidad\/"},{"label":"Gregory Porter, estrella destacada de la s\u00e9ptima edici\u00f3n de \u00ab365 Jazz Bilbao\u00bb","link":"https:\/\/eldigitaldeasturias.com\/magazine365\/gregory-porter-estrella-destacada-de-la-septima-edicion-de-365-jazz-bilbao\/"}],"_links":{"self":[{"href":"https:\/\/eldigitaldeasturias.com\/magazine365\/wp-json\/wp\/v2\/posts\/1672","targetHints":{"allow":["GET"]}}],"collection":[{"href":"https:\/\/eldigitaldeasturias.com\/magazine365\/wp-json\/wp\/v2\/posts"}],"about":[{"href":"https:\/\/eldigitaldeasturias.com\/magazine365\/wp-json\/wp\/v2\/types\/post"}],"author":[{"embeddable":true,"href":"https:\/\/eldigitaldeasturias.com\/magazine365\/wp-json\/wp\/v2\/users\/1"}],"replies":[{"embeddable":true,"href":"https:\/\/eldigitaldeasturias.com\/magazine365\/wp-json\/wp\/v2\/comments?post=1672"}],"version-history":[{"count":0,"href":"https:\/\/eldigitaldeasturias.com\/magazine365\/wp-json\/wp\/v2\/posts\/1672\/revisions"}],"wp:featuredmedia":[{"embeddable":true,"href":"https:\/\/eldigitaldeasturias.com\/magazine365\/wp-json\/wp\/v2\/media\/1673"}],"wp:attachment":[{"href":"https:\/\/eldigitaldeasturias.com\/magazine365\/wp-json\/wp\/v2\/media?parent=1672"}],"wp:term":[{"taxonomy":"category","embeddable":true,"href":"https:\/\/eldigitaldeasturias.com\/magazine365\/wp-json\/wp\/v2\/categories?post=1672"},{"taxonomy":"post_tag","embeddable":true,"href":"https:\/\/eldigitaldeasturias.com\/magazine365\/wp-json\/wp\/v2\/tags?post=1672"}],"curies":[{"name":"wp","href":"https:\/\/api.w.org\/{rel}","templated":true}]}}