{"id":1669,"date":"2014-01-23T19:14:17","date_gmt":"2014-01-23T20:14:17","guid":{"rendered":"http:\/\/eldigitaldeasturias.com\/magazine365\/?p=1669"},"modified":"2014-01-23T19:14:17","modified_gmt":"2014-01-23T20:14:17","slug":"paramount-channel-emitira-en-directo-la-gala-de-los-primeros-premios-feroz","status":"publish","type":"post","link":"https:\/\/eldigitaldeasturias.com\/magazine365\/paramount-channel-emitira-en-directo-la-gala-de-los-primeros-premios-feroz\/","title":{"rendered":"Paramount Channel emitir\u00e1 en directo la gala de los primeros Premios Feroz"},"content":{"rendered":"<p><img fetchpriority=\"high\" decoding=\"async\" class=\"alignleft size-medium wp-image-1670\" alt=\"5870281w\" src=\"https:\/\/eldigitaldeasturias.com\/magazine365\/wp-content\/uploads\/2014\/01\/5870281w-216x300.jpg\" width=\"216\" height=\"300\" srcset=\"https:\/\/eldigitaldeasturias.com\/magazine365\/wp-content\/uploads\/2014\/01\/5870281w-216x300.jpg 216w, https:\/\/eldigitaldeasturias.com\/magazine365\/wp-content\/uploads\/2014\/01\/5870281w-462x640.jpg 462w, https:\/\/eldigitaldeasturias.com\/magazine365\/wp-content\/uploads\/2014\/01\/5870281w-150x208.jpg 150w, https:\/\/eldigitaldeasturias.com\/magazine365\/wp-content\/uploads\/2014\/01\/5870281w-450x624.jpg 450w, https:\/\/eldigitaldeasturias.com\/magazine365\/wp-content\/uploads\/2014\/01\/5870281w-696x964.jpg 696w, https:\/\/eldigitaldeasturias.com\/magazine365\/wp-content\/uploads\/2014\/01\/5870281w-303x420.jpg 303w, https:\/\/eldigitaldeasturias.com\/magazine365\/wp-content\/uploads\/2014\/01\/5870281w.jpg 700w\" sizes=\"(max-width: 216px) 100vw, 216px\" \/>Madrid, 23 dic (EFE).- Paramount Channel transmitir\u00e1 en directo los primeros Premios Feroz que se entregar\u00e1n el pr\u00f3ximo lunes 27 de enero a las 22 horas en una gala escrita y dirigida por Paco Cabezas y presentada por la actriz Alexandra Jim\u00e9nez, en la que participan tambi\u00e9n Blanca Su\u00e1rez, Mar\u00eda Le\u00f3n, Javier Pereira y Macarena G\u00f3mez.<\/p>\n<p>Previamente, desde las 19:30 horas, la gran alfombra roja desplegada en la plaza del Callao podr\u00e1 verse en directo a trav\u00e9s de Internet en www.paramountchannel.es\/premiosferoz y varias decenas de grandes cabeceras digitales que incluir\u00e1n la se\u00f1al en \u00abstreaming\u00bb.<\/p>\n<p>La fiesta tambi\u00e9n se podr\u00e1 seguir en las pantallas gigantes de Callao City Lights de Madrid donde el p\u00fablico que decida asistir tendr\u00e1 ocasi\u00f3n de saludar a sus actores favoritos.<\/p>\n<p>En Twitter podr\u00e1 seguirse la conversaci\u00f3n sobre los nuevos galardones de la prensa cinematogr\u00e1fica espa\u00f1ola con el hashtag #PremiosFeroz y, adem\u00e1s, la cuenta oficial @PremiosFeroz permitir\u00e1 asomarse a los rincones que la retransmisi\u00f3n televisiva no cubra.<\/p>\n<p>La gala tendr\u00e1 una duraci\u00f3n de 1 hora y media y en ella, junto Alexandra Jim\u00e9nez, que actuar\u00e1 de maestra de ceremonias, participar\u00e1n grandes estrellas del cine espa\u00f1ol que entregar\u00e1n los premios.<\/p>\n<p>Entre ellos, los actores Blanca Su\u00e1rez, Mar\u00eda Le\u00f3n, Javier Pereira, Macarena G\u00f3mez, Carlos Bardem, B\u00e1rbara Santa-Cruz o el director Nacho Vigalondo.<\/p>\n<p>La entrega de los Premios Feroz se realizar\u00e1 al m\u00e1s puro estilo americano, siguiendo el ejemplo de los Globos de Oro, por lo cual el cine Callao presentar\u00e1 un aspecto in\u00e9dito, ya que todas las butacas de patio ser\u00e1n sustituidas por mesas donde se servir\u00e1 la cena de gala que compartir\u00e1n nominados, socios e invitados.<\/p>\n<p>Como adelanto de la gala del lunes 27, ya est\u00e1n disponibles en el canal oficial de los Premios Feroz en Youtube cinco piezas promocionales rodadas por Paco Cabezas en las que Alexandra Jim\u00e9nez interroga a los viandantes sobre sus conocimientos sobre cine espa\u00f1ol con resultados \u00abm\u00e1s bien catastr\u00f3ficos\u00bb, han apuntado a Efe fuentes de la organizaci\u00f3n.<\/p>\n<p>Estos premios, organizados por la Asociaci\u00f3n de Informadores Cinematogr\u00e1ficos de Espa\u00f1a, reconocer\u00e1n de forma anual el m\u00e9rito y la calidad de la producci\u00f3n cinematogr\u00e1fica espa\u00f1ola.<\/p>\n","protected":false},"excerpt":{"rendered":"<p>Madrid, 23 dic (EFE).- Paramount Channel transmitir\u00e1 en directo los primeros Premios Feroz que se entregar\u00e1n el pr\u00f3ximo lunes 27 de enero a las 22 horas en una gala escrita y dirigida por Paco Cabezas y presentada por la actriz Alexandra Jim\u00e9nez, en la que participan tambi\u00e9n Blanca Su\u00e1rez, Mar\u00eda Le\u00f3n, Javier Pereira y Macarena<\/p>\n","protected":false},"author":1,"featured_media":1670,"comment_status":"open","ping_status":"open","sticky":false,"template":"","format":"standard","meta":{"footnotes":""},"categories":[224],"tags":[],"class_list":{"0":"post-1669","1":"post","2":"type-post","3":"status-publish","4":"format-standard","5":"has-post-thumbnail","7":"category-noticias-actualidad"},"aioseo_notices":[],"aioseo_head":"\n\t\t<!-- All in One SEO Pro 4.9.6.1 - aioseo.com -->\n\t<meta name=\"description\" content=\"Madrid, 23 dic (EFE).- Paramount Channel transmitir\u00e1 en directo los primeros Premios Feroz que se entregar\u00e1n el pr\u00f3ximo lunes 27 de enero a las 22 horas en una gala escrita y dirigida por Paco Cabezas y presentada por la actriz Alexandra Jim\u00e9nez, en la que participan tambi\u00e9n Blanca Su\u00e1rez, Mar\u00eda Le\u00f3n, Javier Pereira y Macarena\" \/>\n\t<meta name=\"robots\" content=\"max-image-preview:large\" \/>\n\t<meta name=\"author\" content=\"admin\"\/>\n\t<meta name=\"google-site-verification\" content=\"UA-38556648-1\" \/>\n\t<meta name=\"keywords\" content=\"noticias y actualidad\" \/>\n\t<link rel=\"canonical\" href=\"https:\/\/eldigitaldeasturias.com\/magazine365\/paramount-channel-emitira-en-directo-la-gala-de-los-primeros-premios-feroz\/\" \/>\n\t<meta name=\"generator\" content=\"All in One SEO Pro (AIOSEO) 4.9.6.1\" \/>\n\t\t<meta property=\"og:locale\" content=\"es_ES\" \/>\n\t\t<meta property=\"og:site_name\" content=\"El Digital de Asturias \u2013 Revista de ocio, turismo y estilo de vida\" \/>\n\t\t<meta property=\"og:type\" content=\"article\" \/>\n\t\t<meta property=\"og:title\" content=\"Paramount Channel emitir\u00e1 en directo la gala de los primeros Premios Feroz | El Digital de Asturias\" \/>\n\t\t<meta property=\"og:description\" content=\"Madrid, 23 dic (EFE).- Paramount Channel transmitir\u00e1 en directo los primeros Premios Feroz que se entregar\u00e1n el pr\u00f3ximo lunes 27 de enero a las 22 horas en una gala escrita y dirigida por Paco Cabezas y presentada por la actriz Alexandra Jim\u00e9nez, en la que participan tambi\u00e9n Blanca Su\u00e1rez, Mar\u00eda Le\u00f3n, Javier Pereira y Macarena\" \/>\n\t\t<meta property=\"og:url\" content=\"https:\/\/eldigitaldeasturias.com\/magazine365\/paramount-channel-emitira-en-directo-la-gala-de-los-primeros-premios-feroz\/\" \/>\n\t\t<meta property=\"og:image\" content=\"https:\/\/eldigitaldeasturias.com\/magazine365\/wp-content\/uploads\/2014\/01\/5870281w.jpg\" \/>\n\t\t<meta property=\"og:image:secure_url\" content=\"https:\/\/eldigitaldeasturias.com\/magazine365\/wp-content\/uploads\/2014\/01\/5870281w.jpg\" \/>\n\t\t<meta property=\"og:image:width\" content=\"700\" \/>\n\t\t<meta property=\"og:image:height\" content=\"970\" \/>\n\t\t<meta property=\"article:published_time\" content=\"2014-01-23T20:14:17+00:00\" \/>\n\t\t<meta property=\"article:modified_time\" content=\"2014-01-23T20:14:17+00:00\" \/>\n\t\t<meta name=\"twitter:card\" content=\"summary_large_image\" \/>\n\t\t<meta name=\"twitter:title\" content=\"Paramount Channel emitir\u00e1 en directo la gala de los primeros Premios Feroz | El Digital de Asturias\" \/>\n\t\t<meta name=\"twitter:description\" content=\"Madrid, 23 dic (EFE).- Paramount Channel transmitir\u00e1 en directo los primeros Premios Feroz que se entregar\u00e1n el pr\u00f3ximo lunes 27 de enero a las 22 horas en una gala escrita y dirigida por Paco Cabezas y presentada por la actriz Alexandra Jim\u00e9nez, en la que participan tambi\u00e9n Blanca Su\u00e1rez, Mar\u00eda Le\u00f3n, Javier Pereira y Macarena\" \/>\n\t\t<meta name=\"twitter:image\" content=\"https:\/\/eldigitaldeasturias.com\/magazine365\/wp-content\/uploads\/2014\/01\/5870281w.jpg\" \/>\n\t\t<script type=\"application\/ld+json\" class=\"aioseo-schema\">\n\t\t\t{\"@context\":\"https:\\\/\\\/schema.org\",\"@graph\":[{\"@type\":\"Article\",\"@id\":\"https:\\\/\\\/eldigitaldeasturias.com\\\/magazine365\\\/paramount-channel-emitira-en-directo-la-gala-de-los-primeros-premios-feroz\\\/#article\",\"name\":\"Paramount Channel emitir\\u00e1 en directo la gala de los primeros Premios Feroz | El Digital de Asturias\",\"headline\":\"Paramount Channel emitir\\u00e1 en directo la gala de los primeros Premios Feroz\",\"author\":{\"@id\":\"https:\\\/\\\/eldigitaldeasturias.com\\\/magazine365\\\/author\\\/admin\\\/#author\"},\"publisher\":{\"@id\":\"https:\\\/\\\/eldigitaldeasturias.com\\\/magazine365\\\/#organization\"},\"image\":{\"@type\":\"ImageObject\",\"url\":\"https:\\\/\\\/eldigitaldeasturias.com\\\/magazine365\\\/wp-content\\\/uploads\\\/2014\\\/01\\\/5870281w.jpg\",\"width\":700,\"height\":970},\"datePublished\":\"2014-01-23T19:14:17+01:00\",\"dateModified\":\"2014-01-23T19:14:17+01:00\",\"inLanguage\":\"es-ES\",\"mainEntityOfPage\":{\"@id\":\"https:\\\/\\\/eldigitaldeasturias.com\\\/magazine365\\\/paramount-channel-emitira-en-directo-la-gala-de-los-primeros-premios-feroz\\\/#webpage\"},\"isPartOf\":{\"@id\":\"https:\\\/\\\/eldigitaldeasturias.com\\\/magazine365\\\/paramount-channel-emitira-en-directo-la-gala-de-los-primeros-premios-feroz\\\/#webpage\"},\"articleSection\":\"Noticias y Actualidad\"},{\"@type\":\"BreadcrumbList\",\"@id\":\"https:\\\/\\\/eldigitaldeasturias.com\\\/magazine365\\\/paramount-channel-emitira-en-directo-la-gala-de-los-primeros-premios-feroz\\\/#breadcrumblist\",\"itemListElement\":[{\"@type\":\"ListItem\",\"@id\":\"https:\\\/\\\/eldigitaldeasturias.com\\\/magazine365#listItem\",\"position\":1,\"name\":\"Home\",\"item\":\"https:\\\/\\\/eldigitaldeasturias.com\\\/magazine365\",\"nextItem\":{\"@type\":\"ListItem\",\"@id\":\"https:\\\/\\\/eldigitaldeasturias.com\\\/magazine365\\\/category\\\/noticias-actualidad\\\/#listItem\",\"name\":\"Noticias y Actualidad\"}},{\"@type\":\"ListItem\",\"@id\":\"https:\\\/\\\/eldigitaldeasturias.com\\\/magazine365\\\/category\\\/noticias-actualidad\\\/#listItem\",\"position\":2,\"name\":\"Noticias y Actualidad\",\"item\":\"https:\\\/\\\/eldigitaldeasturias.com\\\/magazine365\\\/category\\\/noticias-actualidad\\\/\",\"nextItem\":{\"@type\":\"ListItem\",\"@id\":\"https:\\\/\\\/eldigitaldeasturias.com\\\/magazine365\\\/paramount-channel-emitira-en-directo-la-gala-de-los-primeros-premios-feroz\\\/#listItem\",\"name\":\"Paramount Channel emitir\\u00e1 en directo la gala de los primeros Premios Feroz\"},\"previousItem\":{\"@type\":\"ListItem\",\"@id\":\"https:\\\/\\\/eldigitaldeasturias.com\\\/magazine365#listItem\",\"name\":\"Home\"}},{\"@type\":\"ListItem\",\"@id\":\"https:\\\/\\\/eldigitaldeasturias.com\\\/magazine365\\\/paramount-channel-emitira-en-directo-la-gala-de-los-primeros-premios-feroz\\\/#listItem\",\"position\":3,\"name\":\"Paramount Channel emitir\\u00e1 en directo la gala de los primeros Premios Feroz\",\"previousItem\":{\"@type\":\"ListItem\",\"@id\":\"https:\\\/\\\/eldigitaldeasturias.com\\\/magazine365\\\/category\\\/noticias-actualidad\\\/#listItem\",\"name\":\"Noticias y Actualidad\"}}]},{\"@type\":\"Organization\",\"@id\":\"https:\\\/\\\/eldigitaldeasturias.com\\\/magazine365\\\/#organization\",\"name\":\"El digital de Asturias\",\"description\":\"Revista de ocio, turismo y estilo de vida\",\"url\":\"https:\\\/\\\/eldigitaldeasturias.com\\\/magazine365\\\/\",\"logo\":{\"@type\":\"ImageObject\",\"url\":\"https:\\\/\\\/www.eldigitaldeasturias.com\\\/noticias\\\/wp-content\\\/uploads\\\/2020\\\/12\\\/EDA.jpg\",\"@id\":\"https:\\\/\\\/eldigitaldeasturias.com\\\/magazine365\\\/paramount-channel-emitira-en-directo-la-gala-de-los-primeros-premios-feroz\\\/#organizationLogo\"},\"image\":{\"@id\":\"https:\\\/\\\/eldigitaldeasturias.com\\\/magazine365\\\/paramount-channel-emitira-en-directo-la-gala-de-los-primeros-premios-feroz\\\/#organizationLogo\"}},{\"@type\":\"Person\",\"@id\":\"https:\\\/\\\/eldigitaldeasturias.com\\\/magazine365\\\/author\\\/admin\\\/#author\",\"url\":\"https:\\\/\\\/eldigitaldeasturias.com\\\/magazine365\\\/author\\\/admin\\\/\",\"name\":\"admin\",\"image\":{\"@type\":\"ImageObject\",\"@id\":\"https:\\\/\\\/eldigitaldeasturias.com\\\/magazine365\\\/paramount-channel-emitira-en-directo-la-gala-de-los-primeros-premios-feroz\\\/#authorImage\",\"url\":\"https:\\\/\\\/eldigitaldeasturias.com\\\/magazine365\\\/wp-content\\\/litespeed\\\/avatar\\\/e571bcf59a0edd6fa6838245a470f2fe.jpg?ver=1777574230\",\"width\":96,\"height\":96,\"caption\":\"admin\"}},{\"@type\":\"WebPage\",\"@id\":\"https:\\\/\\\/eldigitaldeasturias.com\\\/magazine365\\\/paramount-channel-emitira-en-directo-la-gala-de-los-primeros-premios-feroz\\\/#webpage\",\"url\":\"https:\\\/\\\/eldigitaldeasturias.com\\\/magazine365\\\/paramount-channel-emitira-en-directo-la-gala-de-los-primeros-premios-feroz\\\/\",\"name\":\"Paramount Channel emitir\\u00e1 en directo la gala de los primeros Premios Feroz | El Digital de Asturias\",\"description\":\"Madrid, 23 dic (EFE).- Paramount Channel transmitir\\u00e1 en directo los primeros Premios Feroz que se entregar\\u00e1n el pr\\u00f3ximo lunes 27 de enero a las 22 horas en una gala escrita y dirigida por Paco Cabezas y presentada por la actriz Alexandra Jim\\u00e9nez, en la que participan tambi\\u00e9n Blanca Su\\u00e1rez, Mar\\u00eda Le\\u00f3n, Javier Pereira y Macarena\",\"inLanguage\":\"es-ES\",\"isPartOf\":{\"@id\":\"https:\\\/\\\/eldigitaldeasturias.com\\\/magazine365\\\/#website\"},\"breadcrumb\":{\"@id\":\"https:\\\/\\\/eldigitaldeasturias.com\\\/magazine365\\\/paramount-channel-emitira-en-directo-la-gala-de-los-primeros-premios-feroz\\\/#breadcrumblist\"},\"author\":{\"@id\":\"https:\\\/\\\/eldigitaldeasturias.com\\\/magazine365\\\/author\\\/admin\\\/#author\"},\"creator\":{\"@id\":\"https:\\\/\\\/eldigitaldeasturias.com\\\/magazine365\\\/author\\\/admin\\\/#author\"},\"image\":{\"@type\":\"ImageObject\",\"url\":\"https:\\\/\\\/eldigitaldeasturias.com\\\/magazine365\\\/wp-content\\\/uploads\\\/2014\\\/01\\\/5870281w.jpg\",\"@id\":\"https:\\\/\\\/eldigitaldeasturias.com\\\/magazine365\\\/paramount-channel-emitira-en-directo-la-gala-de-los-primeros-premios-feroz\\\/#mainImage\",\"width\":700,\"height\":970},\"primaryImageOfPage\":{\"@id\":\"https:\\\/\\\/eldigitaldeasturias.com\\\/magazine365\\\/paramount-channel-emitira-en-directo-la-gala-de-los-primeros-premios-feroz\\\/#mainImage\"},\"datePublished\":\"2014-01-23T19:14:17+01:00\",\"dateModified\":\"2014-01-23T19:14:17+01:00\"},{\"@type\":\"WebSite\",\"@id\":\"https:\\\/\\\/eldigitaldeasturias.com\\\/magazine365\\\/#website\",\"url\":\"https:\\\/\\\/eldigitaldeasturias.com\\\/magazine365\\\/\",\"name\":\"El Digital de Asturias\",\"description\":\"Revista de ocio, turismo y estilo de vida\",\"inLanguage\":\"es-ES\",\"publisher\":{\"@id\":\"https:\\\/\\\/eldigitaldeasturias.com\\\/magazine365\\\/#organization\"}}]}\n\t\t<\/script>\n\t\t<!-- All in One SEO Pro -->\r\n\t\t<title>Paramount Channel emitir\u00e1 en directo la gala de los primeros Premios Feroz | El Digital de Asturias<\/title>\n\n","aioseo_head_json":{"title":"Paramount Channel emitir\u00e1 en directo la gala de los primeros Premios Feroz | El Digital de Asturias","description":"Madrid, 23 dic (EFE).- Paramount Channel transmitir\u00e1 en directo los primeros Premios Feroz que se entregar\u00e1n el pr\u00f3ximo lunes 27 de enero a las 22 horas en una gala escrita y dirigida por Paco Cabezas y presentada por la actriz Alexandra Jim\u00e9nez, en la que participan tambi\u00e9n Blanca Su\u00e1rez, Mar\u00eda Le\u00f3n, Javier Pereira y Macarena","canonical_url":"https:\/\/eldigitaldeasturias.com\/magazine365\/paramount-channel-emitira-en-directo-la-gala-de-los-primeros-premios-feroz\/","robots":"max-image-preview:large","keywords":"noticias y actualidad","webmasterTools":{"google-site-verification":"UA-38556648-1","miscellaneous":""},"schema":{"@context":"https:\/\/schema.org","@graph":[{"@type":"Article","@id":"https:\/\/eldigitaldeasturias.com\/magazine365\/paramount-channel-emitira-en-directo-la-gala-de-los-primeros-premios-feroz\/#article","name":"Paramount Channel emitir\u00e1 en directo la gala de los primeros Premios Feroz | El Digital de Asturias","headline":"Paramount Channel emitir\u00e1 en directo la gala de los primeros Premios Feroz","author":{"@id":"https:\/\/eldigitaldeasturias.com\/magazine365\/author\/admin\/#author"},"publisher":{"@id":"https:\/\/eldigitaldeasturias.com\/magazine365\/#organization"},"image":{"@type":"ImageObject","url":"https:\/\/eldigitaldeasturias.com\/magazine365\/wp-content\/uploads\/2014\/01\/5870281w.jpg","width":700,"height":970},"datePublished":"2014-01-23T19:14:17+01:00","dateModified":"2014-01-23T19:14:17+01:00","inLanguage":"es-ES","mainEntityOfPage":{"@id":"https:\/\/eldigitaldeasturias.com\/magazine365\/paramount-channel-emitira-en-directo-la-gala-de-los-primeros-premios-feroz\/#webpage"},"isPartOf":{"@id":"https:\/\/eldigitaldeasturias.com\/magazine365\/paramount-channel-emitira-en-directo-la-gala-de-los-primeros-premios-feroz\/#webpage"},"articleSection":"Noticias y Actualidad"},{"@type":"BreadcrumbList","@id":"https:\/\/eldigitaldeasturias.com\/magazine365\/paramount-channel-emitira-en-directo-la-gala-de-los-primeros-premios-feroz\/#breadcrumblist","itemListElement":[{"@type":"ListItem","@id":"https:\/\/eldigitaldeasturias.com\/magazine365#listItem","position":1,"name":"Home","item":"https:\/\/eldigitaldeasturias.com\/magazine365","nextItem":{"@type":"ListItem","@id":"https:\/\/eldigitaldeasturias.com\/magazine365\/category\/noticias-actualidad\/#listItem","name":"Noticias y Actualidad"}},{"@type":"ListItem","@id":"https:\/\/eldigitaldeasturias.com\/magazine365\/category\/noticias-actualidad\/#listItem","position":2,"name":"Noticias y Actualidad","item":"https:\/\/eldigitaldeasturias.com\/magazine365\/category\/noticias-actualidad\/","nextItem":{"@type":"ListItem","@id":"https:\/\/eldigitaldeasturias.com\/magazine365\/paramount-channel-emitira-en-directo-la-gala-de-los-primeros-premios-feroz\/#listItem","name":"Paramount Channel emitir\u00e1 en directo la gala de los primeros Premios Feroz"},"previousItem":{"@type":"ListItem","@id":"https:\/\/eldigitaldeasturias.com\/magazine365#listItem","name":"Home"}},{"@type":"ListItem","@id":"https:\/\/eldigitaldeasturias.com\/magazine365\/paramount-channel-emitira-en-directo-la-gala-de-los-primeros-premios-feroz\/#listItem","position":3,"name":"Paramount Channel emitir\u00e1 en directo la gala de los primeros Premios Feroz","previousItem":{"@type":"ListItem","@id":"https:\/\/eldigitaldeasturias.com\/magazine365\/category\/noticias-actualidad\/#listItem","name":"Noticias y Actualidad"}}]},{"@type":"Organization","@id":"https:\/\/eldigitaldeasturias.com\/magazine365\/#organization","name":"El digital de Asturias","description":"Revista de ocio, turismo y estilo de vida","url":"https:\/\/eldigitaldeasturias.com\/magazine365\/","logo":{"@type":"ImageObject","url":"https:\/\/www.eldigitaldeasturias.com\/noticias\/wp-content\/uploads\/2020\/12\/EDA.jpg","@id":"https:\/\/eldigitaldeasturias.com\/magazine365\/paramount-channel-emitira-en-directo-la-gala-de-los-primeros-premios-feroz\/#organizationLogo"},"image":{"@id":"https:\/\/eldigitaldeasturias.com\/magazine365\/paramount-channel-emitira-en-directo-la-gala-de-los-primeros-premios-feroz\/#organizationLogo"}},{"@type":"Person","@id":"https:\/\/eldigitaldeasturias.com\/magazine365\/author\/admin\/#author","url":"https:\/\/eldigitaldeasturias.com\/magazine365\/author\/admin\/","name":"admin","image":{"@type":"ImageObject","@id":"https:\/\/eldigitaldeasturias.com\/magazine365\/paramount-channel-emitira-en-directo-la-gala-de-los-primeros-premios-feroz\/#authorImage","url":"https:\/\/eldigitaldeasturias.com\/magazine365\/wp-content\/litespeed\/avatar\/e571bcf59a0edd6fa6838245a470f2fe.jpg?ver=1777574230","width":96,"height":96,"caption":"admin"}},{"@type":"WebPage","@id":"https:\/\/eldigitaldeasturias.com\/magazine365\/paramount-channel-emitira-en-directo-la-gala-de-los-primeros-premios-feroz\/#webpage","url":"https:\/\/eldigitaldeasturias.com\/magazine365\/paramount-channel-emitira-en-directo-la-gala-de-los-primeros-premios-feroz\/","name":"Paramount Channel emitir\u00e1 en directo la gala de los primeros Premios Feroz | El Digital de Asturias","description":"Madrid, 23 dic (EFE).- Paramount Channel transmitir\u00e1 en directo los primeros Premios Feroz que se entregar\u00e1n el pr\u00f3ximo lunes 27 de enero a las 22 horas en una gala escrita y dirigida por Paco Cabezas y presentada por la actriz Alexandra Jim\u00e9nez, en la que participan tambi\u00e9n Blanca Su\u00e1rez, Mar\u00eda Le\u00f3n, Javier Pereira y Macarena","inLanguage":"es-ES","isPartOf":{"@id":"https:\/\/eldigitaldeasturias.com\/magazine365\/#website"},"breadcrumb":{"@id":"https:\/\/eldigitaldeasturias.com\/magazine365\/paramount-channel-emitira-en-directo-la-gala-de-los-primeros-premios-feroz\/#breadcrumblist"},"author":{"@id":"https:\/\/eldigitaldeasturias.com\/magazine365\/author\/admin\/#author"},"creator":{"@id":"https:\/\/eldigitaldeasturias.com\/magazine365\/author\/admin\/#author"},"image":{"@type":"ImageObject","url":"https:\/\/eldigitaldeasturias.com\/magazine365\/wp-content\/uploads\/2014\/01\/5870281w.jpg","@id":"https:\/\/eldigitaldeasturias.com\/magazine365\/paramount-channel-emitira-en-directo-la-gala-de-los-primeros-premios-feroz\/#mainImage","width":700,"height":970},"primaryImageOfPage":{"@id":"https:\/\/eldigitaldeasturias.com\/magazine365\/paramount-channel-emitira-en-directo-la-gala-de-los-primeros-premios-feroz\/#mainImage"},"datePublished":"2014-01-23T19:14:17+01:00","dateModified":"2014-01-23T19:14:17+01:00"},{"@type":"WebSite","@id":"https:\/\/eldigitaldeasturias.com\/magazine365\/#website","url":"https:\/\/eldigitaldeasturias.com\/magazine365\/","name":"El Digital de Asturias","description":"Revista de ocio, turismo y estilo de vida","inLanguage":"es-ES","publisher":{"@id":"https:\/\/eldigitaldeasturias.com\/magazine365\/#organization"}}]},"og:locale":"es_ES","og:site_name":"El Digital de Asturias \u2013 Revista de ocio, turismo y estilo de vida","og:type":"article","og:title":"Paramount Channel emitir\u00e1 en directo la gala de los primeros Premios Feroz | El Digital de Asturias","og:description":"Madrid, 23 dic (EFE).- Paramount Channel transmitir\u00e1 en directo los primeros Premios Feroz que se entregar\u00e1n el pr\u00f3ximo lunes 27 de enero a las 22 horas en una gala escrita y dirigida por Paco Cabezas y presentada por la actriz Alexandra Jim\u00e9nez, en la que participan tambi\u00e9n Blanca Su\u00e1rez, Mar\u00eda Le\u00f3n, Javier Pereira y Macarena","og:url":"https:\/\/eldigitaldeasturias.com\/magazine365\/paramount-channel-emitira-en-directo-la-gala-de-los-primeros-premios-feroz\/","og:image":"https:\/\/eldigitaldeasturias.com\/magazine365\/wp-content\/uploads\/2014\/01\/5870281w.jpg","og:image:secure_url":"https:\/\/eldigitaldeasturias.com\/magazine365\/wp-content\/uploads\/2014\/01\/5870281w.jpg","og:image:width":700,"og:image:height":970,"article:published_time":"2014-01-23T20:14:17+00:00","article:modified_time":"2014-01-23T20:14:17+00:00","twitter:card":"summary_large_image","twitter:title":"Paramount Channel emitir\u00e1 en directo la gala de los primeros Premios Feroz | El Digital de Asturias","twitter:description":"Madrid, 23 dic (EFE).- Paramount Channel transmitir\u00e1 en directo los primeros Premios Feroz que se entregar\u00e1n el pr\u00f3ximo lunes 27 de enero a las 22 horas en una gala escrita y dirigida por Paco Cabezas y presentada por la actriz Alexandra Jim\u00e9nez, en la que participan tambi\u00e9n Blanca Su\u00e1rez, Mar\u00eda Le\u00f3n, Javier Pereira y Macarena","twitter:image":"https:\/\/eldigitaldeasturias.com\/magazine365\/wp-content\/uploads\/2014\/01\/5870281w.jpg"},"aioseo_meta_data":{"post_id":"1669","title":null,"description":null,"keywords":null,"keyphrases":null,"primary_term":null,"canonical_url":null,"og_title":null,"og_description":null,"og_object_type":"default","og_image_type":"default","og_image_url":null,"og_image_width":null,"og_image_height":null,"og_image_custom_url":null,"og_image_custom_fields":null,"og_video":null,"og_custom_url":null,"og_article_section":null,"og_article_tags":null,"twitter_use_og":false,"twitter_card":"default","twitter_image_type":"default","twitter_image_url":null,"twitter_image_custom_url":null,"twitter_image_custom_fields":null,"twitter_title":null,"twitter_description":null,"schema":{"blockGraphs":[],"customGraphs":[],"default":{"data":{"Article":[],"Course":[],"Dataset":[],"FAQPage":[],"Movie":[],"Person":[],"Product":[],"ProductReview":[],"Car":[],"Recipe":[],"Service":[],"SoftwareApplication":[],"WebPage":[]},"graphName":"","isEnabled":true},"graphs":[],"defaultGraph":"","defaultPostTypeGraph":""},"schema_type":null,"schema_type_options":null,"pillar_content":false,"robots_default":true,"robots_noindex":false,"robots_noarchive":false,"robots_nosnippet":false,"robots_nofollow":false,"robots_noimageindex":false,"robots_noodp":false,"robots_notranslate":false,"robots_max_snippet":null,"robots_max_videopreview":null,"robots_max_imagepreview":"large","priority":null,"frequency":null,"location":null,"local_seo":null,"seo_analyzer_scan_date":"2025-09-16 09:48:57","breadcrumb_settings":null,"limit_modified_date":false,"open_ai":null,"ai":null,"created":"2020-12-21 13:39:36","updated":"2025-09-16 09:48:57"},"aioseo_breadcrumb":"<div class=\"aioseo-breadcrumbs\"><span class=\"aioseo-breadcrumb\">\n\t<a href=\"https:\/\/eldigitaldeasturias.com\/magazine365\" title=\"Home\">Home<\/a>\n<\/span><span class=\"aioseo-breadcrumb-separator\">\u2013<\/span><span class=\"aioseo-breadcrumb\">\n\t<a href=\"https:\/\/eldigitaldeasturias.com\/magazine365\/category\/noticias-actualidad\/\" title=\"Noticias y Actualidad\">Noticias y Actualidad<\/a>\n<\/span><span class=\"aioseo-breadcrumb-separator\">\u2013<\/span><span class=\"aioseo-breadcrumb\">\n\t<a href=\"https:\/\/eldigitaldeasturias.com\/magazine365\/paramount-channel-emitira-en-directo-la-gala-de-los-primeros-premios-feroz\/\" title=\"Paramount Channel emitir\u00e1 en directo la gala de los primeros Premios Feroz\">Paramount Channel emitir\u00e1 en directo la gala de los primeros Premios Feroz<\/a>\n<\/span><\/div>","aioseo_breadcrumb_json":[{"label":"Home","link":"https:\/\/eldigitaldeasturias.com\/magazine365"},{"label":"Noticias y Actualidad","link":"https:\/\/eldigitaldeasturias.com\/magazine365\/category\/noticias-actualidad\/"},{"label":"Paramount Channel emitir\u00e1 en directo la gala de los primeros Premios Feroz","link":"https:\/\/eldigitaldeasturias.com\/magazine365\/paramount-channel-emitira-en-directo-la-gala-de-los-primeros-premios-feroz\/"}],"_links":{"self":[{"href":"https:\/\/eldigitaldeasturias.com\/magazine365\/wp-json\/wp\/v2\/posts\/1669","targetHints":{"allow":["GET"]}}],"collection":[{"href":"https:\/\/eldigitaldeasturias.com\/magazine365\/wp-json\/wp\/v2\/posts"}],"about":[{"href":"https:\/\/eldigitaldeasturias.com\/magazine365\/wp-json\/wp\/v2\/types\/post"}],"author":[{"embeddable":true,"href":"https:\/\/eldigitaldeasturias.com\/magazine365\/wp-json\/wp\/v2\/users\/1"}],"replies":[{"embeddable":true,"href":"https:\/\/eldigitaldeasturias.com\/magazine365\/wp-json\/wp\/v2\/comments?post=1669"}],"version-history":[{"count":0,"href":"https:\/\/eldigitaldeasturias.com\/magazine365\/wp-json\/wp\/v2\/posts\/1669\/revisions"}],"wp:featuredmedia":[{"embeddable":true,"href":"https:\/\/eldigitaldeasturias.com\/magazine365\/wp-json\/wp\/v2\/media\/1670"}],"wp:attachment":[{"href":"https:\/\/eldigitaldeasturias.com\/magazine365\/wp-json\/wp\/v2\/media?parent=1669"}],"wp:term":[{"taxonomy":"category","embeddable":true,"href":"https:\/\/eldigitaldeasturias.com\/magazine365\/wp-json\/wp\/v2\/categories?post=1669"},{"taxonomy":"post_tag","embeddable":true,"href":"https:\/\/eldigitaldeasturias.com\/magazine365\/wp-json\/wp\/v2\/tags?post=1669"}],"curies":[{"name":"wp","href":"https:\/\/api.w.org\/{rel}","templated":true}]}}