{"id":1660,"date":"2014-01-23T19:10:20","date_gmt":"2014-01-23T20:10:20","guid":{"rendered":"http:\/\/eldigitaldeasturias.com\/magazine365\/?p=1660"},"modified":"2014-01-23T19:10:20","modified_gmt":"2014-01-23T20:10:20","slug":"un-hercules-mas-humano-frente-a-un-provocador-von-trier-llegan-a-la-cartelera","status":"publish","type":"post","link":"https:\/\/eldigitaldeasturias.com\/magazine365\/un-hercules-mas-humano-frente-a-un-provocador-von-trier-llegan-a-la-cartelera\/","title":{"rendered":"Un H\u00e9rcules m\u00e1s humano frente a un provocador Von Trier llegan a la cartelera"},"content":{"rendered":"<p><img fetchpriority=\"high\" decoding=\"async\" class=\"alignleft size-medium wp-image-1661\" alt=\"5870014w\" src=\"https:\/\/eldigitaldeasturias.com\/magazine365\/wp-content\/uploads\/2014\/01\/5870014w-360x247.jpg\" width=\"360\" height=\"247\" \/>Madrid, 23 ene (EFE).- Lars Von Trier estrena la segunda parte de la controvertida \u00abNymphomaniac\u00bb en una semana marcada por la pel\u00edcula mitol\u00f3gica \u00abH\u00e9rcules: el origen de la leyenda\u00bb, los estrenos espa\u00f1oles \u00abOte\u00b7lo\u00bb, \u00abPresentemientos\u00bb y \u00abCasi inocentes\u00bb y el \u00abboom\u00bb de las adaptaciones literarias.<\/p>\n<p>SEXO EXPL\u00cdCITO EN \u00abNYMPHOMANIAC. VOLUMEN II\u00bb<\/p>\n<p>Un mes despu\u00e9s del estreno de la primera parte de \u00abNymphomaniac\u00bb, llega a los cines el final de este drama con escenas de sexo expl\u00edcito dirigido por Lars von Trier (\u00abMelancol\u00eda\u00bb), que los distribuidores dividieron en dos vol\u00famenes para su proyecci\u00f3n en los cines, ya que la duraci\u00f3n final de la cinta era de cinco horas y media.<\/p>\n<p>Joe (Charlotte Gainsbourg, protagonista habitual de las cintas de Von Trier), una mujer de 50 a\u00f1os diagnosticada como ninf\u00f3mana en su adolescencia, relata su historia a ra\u00edz de que Seligman (Stellan Skarsg\u00e5rd), un anciano soltero, la encuentre en un callej\u00f3n herida y casi inconsciente en una fr\u00eda noche de invierno.<\/p>\n<p>UNA LEYENDA M\u00c1S HUMANA EN \u00abH\u00c9RCULES: EL ORIGEN DE LA LEYENDA\u00bb<\/p>\n<p>Renny Harlin (\u00abLa isla de las cabezas cortadas\u00bb) recupera la leyenda de H\u00e9rcules: en la antigua Grecia, las plegarias de la reina Alcmena por salvar al pueblo del tirano rey, desembocan en un hijo, engendrado por Zeus, padre de los dioses y los hombres, al que llamar\u00e1n H\u00e9rcules y que deber\u00e1 elegir entre huir con su amada o enfrentarse a su destino heroico.<\/p>\n<p>Protagonizada por Kellan Lutz, Liam McIntyre y Gaia Weiss, la pel\u00edcula versiona la leyenda tratando de acercarse a la realidad, al poner el foco en el componente humano de la historia.<\/p>\n<p>\u00ab\u00bfQU\u00c9 HACEMOS CON MAISIE?\u00bb, UN DRAMA ACTUAL CON UN SIGLO DE HISTORIA<\/p>\n<p>La pareja de realizadores Scott McGehee y David Siegel (\u00abLa huella del silencio\u00bb) dirigen \u00ab\u00bfQu\u00e9 hacemos con Maisie?\u00bb, un drama sobre el divorcio entre la estrella del rock Susanna (Julianne Moore) y el marchante de arte Beale (Steve Coogan) y su lucha por la custodia de su hija Maisie (Onata Aprile), de seis a\u00f1os, en la que la peque\u00f1a ser\u00e1 la m\u00e1s perjudicada.<\/p>\n<p>La pel\u00edcula se basa en \u00abLo que Maisie sab\u00eda\u00bb, escrita por Henry James en 1897, una novela centrada en la \u00abincomprensible\u00bb soluci\u00f3n, en el siglo XIX, de la custodia compartida, por lo que los guionistas han tenido que adaptar el punto de vista a la actualidad.<\/p>\n<p>\u00abMINDSCAPE\u00bb, THRILLER PSICOL\u00d3GICO DE UN DIRECTOR NOVEL<\/p>\n<p>Protagonizado por Mark Strong, Taissa Farmiga y Brian Cox, \u00abMindscape\u00bb relata c\u00f3mo un hombre con la habilidad de entrar en los recuerdos de las personas debe descubrir si una brillante pero problem\u00e1tica adolescente es una soci\u00f3pata o es v\u00edctima de un trauma.<\/p>\n<p>El director de este \u00abthriller\u00bb psicol\u00f3gico de ciencia ficci\u00f3n, Jorge Dorado, estuvo nominado a los premios Goya en 2006 por su cortometraje \u00abLa guerra\u00bb y opta este a\u00f1o a mejor direcci\u00f3n novel en los galardones.<\/p>\n<p>\u00abCASI INOCENTES\u00bb, DRAMA SOBRE LA GRATITUD Y LA PATERNIDAD<\/p>\n<p>Un inmigrante entra en la familia de Alberto despu\u00e9s de salvar a su hijo de un accidente mortal al que \u00e9l no es capaz de reaccionar. A partir de ese momento, sentir\u00e1 una eterna gratitud y deuda con el hombre que cambiar\u00e1 su vida.<\/p>\n<p>Dirigida por Papick Lozano (\u00abA Mario\u00bb) y protagonizada por Fernando Cayo, Ana Fern\u00e1ndez, Jaroslaw Bielski y Alexandra Jim\u00e9nez, la pel\u00edcula est\u00e1 basada en la novela hom\u00f3nima de Pedro Ugarte, que recibi\u00f3 el premio Lengua de Trapo de Narrativa en 2004.<\/p>\n<p>REMAKE DEL MANGA \u00abOLD BOY\u00bb<\/p>\n<p>Spike Lee (\u00abPlan oculto\u00bb) dirige esta cinta sobre la conspiraci\u00f3n de la que es v\u00edctima Joe Douchett, un ejecutivo publicitario, secuestrado y liberado 20 a\u00f1os despu\u00e9s con el encargo de descubrir el por qu\u00e9 de su retenci\u00f3n.<\/p>\n<p>Josh Brolin (\u00abNo es pa\u00eds para viejos\u00bb), Elizabeth Olsen y Samuel L. Jackson protagoniza este \u00abremake\u00bb basado en una de las series de manga japon\u00e9s contempor\u00e1neo m\u00e1s aclamada y llevada al cine en 2003 por Park Chan-wook (\u00abSympathy For Mr. Vengeance\u00bb).<\/p>\n<p>\u00abPRESENTIMIENTOS\u00bb PARA SALVAR EL AMOR DE UNA PAREJA<\/p>\n<p>Julia y F\u00e9lix realizan un viaje para recuperar su relaci\u00f3n, pero, tras una discusi\u00f3n, ella huye en el coche y se encuentra un accidente. Al tratar de regresar a casa, descubre que le han robado el bolso y el tel\u00e9fono y no sabe c\u00f3mo volver, una angustia por reencontrarse que vivir\u00e1n los dos y marcar\u00e1 su relaci\u00f3n.<\/p>\n<p>Eduardo Noriega y Marta Etura protagonizan este \u00abthriller\u00bb rom\u00e1ntico, dirigido por Santiago Tabernero (\u00abVida y color\u00bb) y basado en la novela del mismo nombre escrita por Clara S\u00e1nchez.<\/p>\n<p>VERSI\u00d3N ESPA\u00d1OLA DE \u00abOTEL\u00b7LO \u00bb<\/p>\n<p>Hammudi Al-Rahmoun, autor del cortometraje \u00abLa ventana rota\u00bb, dirige esta cinta de nacionalidad espa\u00f1ola protagonizada por Ann M. Perell\u00f3, Youcef Allaoui, Kike Fern\u00e0ndez.<\/p>\n<p>La pel\u00edcula adapta el cl\u00e1sico de Shakespeare en una pel\u00edcula que disolver\u00e1 la frontera entre la realidad y la imaginaci\u00f3n con un ligero toque de humor negro y obviando los prejuicios morales, sexuales y legales.<\/p>\n<p>&nbsp;<\/p>\n<p>Por Marisa Montiel<\/p>\n","protected":false},"excerpt":{"rendered":"<p>Madrid, 23 ene (EFE).- Lars Von Trier estrena la segunda parte de la controvertida \u00abNymphomaniac\u00bb en una semana marcada por la pel\u00edcula mitol\u00f3gica \u00abH\u00e9rcules: el origen de la leyenda\u00bb, los estrenos espa\u00f1oles \u00abOte\u00b7lo\u00bb, \u00abPresentemientos\u00bb y \u00abCasi inocentes\u00bb y el \u00abboom\u00bb de las adaptaciones literarias. SEXO EXPL\u00cdCITO EN \u00abNYMPHOMANIAC. VOLUMEN II\u00bb Un mes despu\u00e9s del estreno<\/p>\n","protected":false},"author":1,"featured_media":1661,"comment_status":"open","ping_status":"open","sticky":false,"template":"","format":"standard","meta":{"footnotes":""},"categories":[224],"tags":[],"class_list":{"0":"post-1660","1":"post","2":"type-post","3":"status-publish","4":"format-standard","5":"has-post-thumbnail","7":"category-noticias-actualidad"},"aioseo_notices":[],"aioseo_head":"\n\t\t<!-- All in One SEO Pro 4.9.6.1 - aioseo.com -->\n\t<meta name=\"description\" content=\"Madrid, 23 ene (EFE).- Lars Von Trier estrena la segunda parte de la controvertida &quot;Nymphomaniac&quot; en una semana marcada por la pel\u00edcula mitol\u00f3gica &quot;H\u00e9rcules: el origen de la leyenda&quot;, los estrenos espa\u00f1oles &quot;Ote\u00b7lo&quot;, &quot;Presentemientos&quot; y &quot;Casi inocentes&quot; y el &quot;boom&quot; de las adaptaciones literarias. SEXO EXPL\u00cdCITO EN &quot;NYMPHOMANIAC. VOLUMEN II&quot; Un mes despu\u00e9s del estreno\" \/>\n\t<meta name=\"robots\" content=\"max-image-preview:large\" \/>\n\t<meta name=\"author\" content=\"admin\"\/>\n\t<meta name=\"google-site-verification\" content=\"UA-38556648-1\" \/>\n\t<meta name=\"keywords\" content=\"noticias y actualidad\" \/>\n\t<link rel=\"canonical\" href=\"https:\/\/eldigitaldeasturias.com\/magazine365\/un-hercules-mas-humano-frente-a-un-provocador-von-trier-llegan-a-la-cartelera\/\" \/>\n\t<meta name=\"generator\" content=\"All in One SEO Pro (AIOSEO) 4.9.6.1\" \/>\n\t\t<meta property=\"og:locale\" content=\"es_ES\" \/>\n\t\t<meta property=\"og:site_name\" content=\"El Digital de Asturias \u2013 Revista de ocio, turismo y estilo de vida\" \/>\n\t\t<meta property=\"og:type\" content=\"article\" \/>\n\t\t<meta property=\"og:title\" content=\"Un H\u00e9rcules m\u00e1s humano frente a un provocador Von Trier llegan a la cartelera | El Digital de Asturias\" \/>\n\t\t<meta property=\"og:description\" content=\"Madrid, 23 ene (EFE).- Lars Von Trier estrena la segunda parte de la controvertida &quot;Nymphomaniac&quot; en una semana marcada por la pel\u00edcula mitol\u00f3gica &quot;H\u00e9rcules: el origen de la leyenda&quot;, los estrenos espa\u00f1oles &quot;Ote\u00b7lo&quot;, &quot;Presentemientos&quot; y &quot;Casi inocentes&quot; y el &quot;boom&quot; de las adaptaciones literarias. SEXO EXPL\u00cdCITO EN &quot;NYMPHOMANIAC. VOLUMEN II&quot; Un mes despu\u00e9s del estreno\" \/>\n\t\t<meta property=\"og:url\" content=\"https:\/\/eldigitaldeasturias.com\/magazine365\/un-hercules-mas-humano-frente-a-un-provocador-von-trier-llegan-a-la-cartelera\/\" \/>\n\t\t<meta property=\"og:image\" content=\"https:\/\/eldigitaldeasturias.com\/magazine365\/wp-content\/uploads\/2014\/01\/5870014w.jpg\" \/>\n\t\t<meta property=\"og:image:secure_url\" content=\"https:\/\/eldigitaldeasturias.com\/magazine365\/wp-content\/uploads\/2014\/01\/5870014w.jpg\" \/>\n\t\t<meta property=\"og:image:width\" content=\"800\" \/>\n\t\t<meta property=\"og:image:height\" content=\"551\" \/>\n\t\t<meta property=\"article:published_time\" content=\"2014-01-23T20:10:20+00:00\" \/>\n\t\t<meta property=\"article:modified_time\" content=\"2014-01-23T20:10:20+00:00\" \/>\n\t\t<meta name=\"twitter:card\" content=\"summary_large_image\" \/>\n\t\t<meta name=\"twitter:title\" content=\"Un H\u00e9rcules m\u00e1s humano frente a un provocador Von Trier llegan a la cartelera | El Digital de Asturias\" \/>\n\t\t<meta name=\"twitter:description\" content=\"Madrid, 23 ene (EFE).- Lars Von Trier estrena la segunda parte de la controvertida &quot;Nymphomaniac&quot; en una semana marcada por la pel\u00edcula mitol\u00f3gica &quot;H\u00e9rcules: el origen de la leyenda&quot;, los estrenos espa\u00f1oles &quot;Ote\u00b7lo&quot;, &quot;Presentemientos&quot; y &quot;Casi inocentes&quot; y el &quot;boom&quot; de las adaptaciones literarias. SEXO EXPL\u00cdCITO EN &quot;NYMPHOMANIAC. VOLUMEN II&quot; Un mes despu\u00e9s del estreno\" \/>\n\t\t<meta name=\"twitter:image\" content=\"https:\/\/eldigitaldeasturias.com\/magazine365\/wp-content\/uploads\/2014\/01\/5870014w.jpg\" \/>\n\t\t<script type=\"application\/ld+json\" class=\"aioseo-schema\">\n\t\t\t{\"@context\":\"https:\\\/\\\/schema.org\",\"@graph\":[{\"@type\":\"Article\",\"@id\":\"https:\\\/\\\/eldigitaldeasturias.com\\\/magazine365\\\/un-hercules-mas-humano-frente-a-un-provocador-von-trier-llegan-a-la-cartelera\\\/#article\",\"name\":\"Un H\\u00e9rcules m\\u00e1s humano frente a un provocador Von Trier llegan a la cartelera | El Digital de Asturias\",\"headline\":\"Un H\\u00e9rcules m\\u00e1s humano frente a un provocador Von Trier llegan a la cartelera\",\"author\":{\"@id\":\"https:\\\/\\\/eldigitaldeasturias.com\\\/magazine365\\\/author\\\/admin\\\/#author\"},\"publisher\":{\"@id\":\"https:\\\/\\\/eldigitaldeasturias.com\\\/magazine365\\\/#organization\"},\"image\":{\"@type\":\"ImageObject\",\"url\":\"https:\\\/\\\/eldigitaldeasturias.com\\\/magazine365\\\/wp-content\\\/uploads\\\/2014\\\/01\\\/5870014w.jpg\",\"width\":800,\"height\":551},\"datePublished\":\"2014-01-23T19:10:20+01:00\",\"dateModified\":\"2014-01-23T19:10:20+01:00\",\"inLanguage\":\"es-ES\",\"mainEntityOfPage\":{\"@id\":\"https:\\\/\\\/eldigitaldeasturias.com\\\/magazine365\\\/un-hercules-mas-humano-frente-a-un-provocador-von-trier-llegan-a-la-cartelera\\\/#webpage\"},\"isPartOf\":{\"@id\":\"https:\\\/\\\/eldigitaldeasturias.com\\\/magazine365\\\/un-hercules-mas-humano-frente-a-un-provocador-von-trier-llegan-a-la-cartelera\\\/#webpage\"},\"articleSection\":\"Noticias y Actualidad\"},{\"@type\":\"BreadcrumbList\",\"@id\":\"https:\\\/\\\/eldigitaldeasturias.com\\\/magazine365\\\/un-hercules-mas-humano-frente-a-un-provocador-von-trier-llegan-a-la-cartelera\\\/#breadcrumblist\",\"itemListElement\":[{\"@type\":\"ListItem\",\"@id\":\"https:\\\/\\\/eldigitaldeasturias.com\\\/magazine365#listItem\",\"position\":1,\"name\":\"Home\",\"item\":\"https:\\\/\\\/eldigitaldeasturias.com\\\/magazine365\",\"nextItem\":{\"@type\":\"ListItem\",\"@id\":\"https:\\\/\\\/eldigitaldeasturias.com\\\/magazine365\\\/category\\\/noticias-actualidad\\\/#listItem\",\"name\":\"Noticias y Actualidad\"}},{\"@type\":\"ListItem\",\"@id\":\"https:\\\/\\\/eldigitaldeasturias.com\\\/magazine365\\\/category\\\/noticias-actualidad\\\/#listItem\",\"position\":2,\"name\":\"Noticias y Actualidad\",\"item\":\"https:\\\/\\\/eldigitaldeasturias.com\\\/magazine365\\\/category\\\/noticias-actualidad\\\/\",\"nextItem\":{\"@type\":\"ListItem\",\"@id\":\"https:\\\/\\\/eldigitaldeasturias.com\\\/magazine365\\\/un-hercules-mas-humano-frente-a-un-provocador-von-trier-llegan-a-la-cartelera\\\/#listItem\",\"name\":\"Un H\\u00e9rcules m\\u00e1s humano frente a un provocador Von Trier llegan a la cartelera\"},\"previousItem\":{\"@type\":\"ListItem\",\"@id\":\"https:\\\/\\\/eldigitaldeasturias.com\\\/magazine365#listItem\",\"name\":\"Home\"}},{\"@type\":\"ListItem\",\"@id\":\"https:\\\/\\\/eldigitaldeasturias.com\\\/magazine365\\\/un-hercules-mas-humano-frente-a-un-provocador-von-trier-llegan-a-la-cartelera\\\/#listItem\",\"position\":3,\"name\":\"Un H\\u00e9rcules m\\u00e1s humano frente a un provocador Von Trier llegan a la cartelera\",\"previousItem\":{\"@type\":\"ListItem\",\"@id\":\"https:\\\/\\\/eldigitaldeasturias.com\\\/magazine365\\\/category\\\/noticias-actualidad\\\/#listItem\",\"name\":\"Noticias y Actualidad\"}}]},{\"@type\":\"Organization\",\"@id\":\"https:\\\/\\\/eldigitaldeasturias.com\\\/magazine365\\\/#organization\",\"name\":\"El digital de Asturias\",\"description\":\"Revista de ocio, turismo y estilo de vida\",\"url\":\"https:\\\/\\\/eldigitaldeasturias.com\\\/magazine365\\\/\",\"logo\":{\"@type\":\"ImageObject\",\"url\":\"https:\\\/\\\/www.eldigitaldeasturias.com\\\/noticias\\\/wp-content\\\/uploads\\\/2020\\\/12\\\/EDA.jpg\",\"@id\":\"https:\\\/\\\/eldigitaldeasturias.com\\\/magazine365\\\/un-hercules-mas-humano-frente-a-un-provocador-von-trier-llegan-a-la-cartelera\\\/#organizationLogo\"},\"image\":{\"@id\":\"https:\\\/\\\/eldigitaldeasturias.com\\\/magazine365\\\/un-hercules-mas-humano-frente-a-un-provocador-von-trier-llegan-a-la-cartelera\\\/#organizationLogo\"}},{\"@type\":\"Person\",\"@id\":\"https:\\\/\\\/eldigitaldeasturias.com\\\/magazine365\\\/author\\\/admin\\\/#author\",\"url\":\"https:\\\/\\\/eldigitaldeasturias.com\\\/magazine365\\\/author\\\/admin\\\/\",\"name\":\"admin\",\"image\":{\"@type\":\"ImageObject\",\"@id\":\"https:\\\/\\\/eldigitaldeasturias.com\\\/magazine365\\\/un-hercules-mas-humano-frente-a-un-provocador-von-trier-llegan-a-la-cartelera\\\/#authorImage\",\"url\":\"https:\\\/\\\/eldigitaldeasturias.com\\\/magazine365\\\/wp-content\\\/litespeed\\\/avatar\\\/e571bcf59a0edd6fa6838245a470f2fe.jpg?ver=1777574230\",\"width\":96,\"height\":96,\"caption\":\"admin\"}},{\"@type\":\"WebPage\",\"@id\":\"https:\\\/\\\/eldigitaldeasturias.com\\\/magazine365\\\/un-hercules-mas-humano-frente-a-un-provocador-von-trier-llegan-a-la-cartelera\\\/#webpage\",\"url\":\"https:\\\/\\\/eldigitaldeasturias.com\\\/magazine365\\\/un-hercules-mas-humano-frente-a-un-provocador-von-trier-llegan-a-la-cartelera\\\/\",\"name\":\"Un H\\u00e9rcules m\\u00e1s humano frente a un provocador Von Trier llegan a la cartelera | El Digital de Asturias\",\"description\":\"Madrid, 23 ene (EFE).- Lars Von Trier estrena la segunda parte de la controvertida \\\"Nymphomaniac\\\" en una semana marcada por la pel\\u00edcula mitol\\u00f3gica \\\"H\\u00e9rcules: el origen de la leyenda\\\", los estrenos espa\\u00f1oles \\\"Ote\\u00b7lo\\\", \\\"Presentemientos\\\" y \\\"Casi inocentes\\\" y el \\\"boom\\\" de las adaptaciones literarias. SEXO EXPL\\u00cdCITO EN \\\"NYMPHOMANIAC. VOLUMEN II\\\" Un mes despu\\u00e9s del estreno\",\"inLanguage\":\"es-ES\",\"isPartOf\":{\"@id\":\"https:\\\/\\\/eldigitaldeasturias.com\\\/magazine365\\\/#website\"},\"breadcrumb\":{\"@id\":\"https:\\\/\\\/eldigitaldeasturias.com\\\/magazine365\\\/un-hercules-mas-humano-frente-a-un-provocador-von-trier-llegan-a-la-cartelera\\\/#breadcrumblist\"},\"author\":{\"@id\":\"https:\\\/\\\/eldigitaldeasturias.com\\\/magazine365\\\/author\\\/admin\\\/#author\"},\"creator\":{\"@id\":\"https:\\\/\\\/eldigitaldeasturias.com\\\/magazine365\\\/author\\\/admin\\\/#author\"},\"image\":{\"@type\":\"ImageObject\",\"url\":\"https:\\\/\\\/eldigitaldeasturias.com\\\/magazine365\\\/wp-content\\\/uploads\\\/2014\\\/01\\\/5870014w.jpg\",\"@id\":\"https:\\\/\\\/eldigitaldeasturias.com\\\/magazine365\\\/un-hercules-mas-humano-frente-a-un-provocador-von-trier-llegan-a-la-cartelera\\\/#mainImage\",\"width\":800,\"height\":551},\"primaryImageOfPage\":{\"@id\":\"https:\\\/\\\/eldigitaldeasturias.com\\\/magazine365\\\/un-hercules-mas-humano-frente-a-un-provocador-von-trier-llegan-a-la-cartelera\\\/#mainImage\"},\"datePublished\":\"2014-01-23T19:10:20+01:00\",\"dateModified\":\"2014-01-23T19:10:20+01:00\"},{\"@type\":\"WebSite\",\"@id\":\"https:\\\/\\\/eldigitaldeasturias.com\\\/magazine365\\\/#website\",\"url\":\"https:\\\/\\\/eldigitaldeasturias.com\\\/magazine365\\\/\",\"name\":\"El Digital de Asturias\",\"description\":\"Revista de ocio, turismo y estilo de vida\",\"inLanguage\":\"es-ES\",\"publisher\":{\"@id\":\"https:\\\/\\\/eldigitaldeasturias.com\\\/magazine365\\\/#organization\"}}]}\n\t\t<\/script>\n\t\t<!-- All in One SEO Pro -->\r\n\t\t<title>Un H\u00e9rcules m\u00e1s humano frente a un provocador Von Trier llegan a la cartelera | El Digital de Asturias<\/title>\n\n","aioseo_head_json":{"title":"Un H\u00e9rcules m\u00e1s humano frente a un provocador Von Trier llegan a la cartelera | El Digital de Asturias","description":"Madrid, 23 ene (EFE).- Lars Von Trier estrena la segunda parte de la controvertida \"Nymphomaniac\" en una semana marcada por la pel\u00edcula mitol\u00f3gica \"H\u00e9rcules: el origen de la leyenda\", los estrenos espa\u00f1oles \"Ote\u00b7lo\", \"Presentemientos\" y \"Casi inocentes\" y el \"boom\" de las adaptaciones literarias. SEXO EXPL\u00cdCITO EN \"NYMPHOMANIAC. VOLUMEN II\" Un mes despu\u00e9s del estreno","canonical_url":"https:\/\/eldigitaldeasturias.com\/magazine365\/un-hercules-mas-humano-frente-a-un-provocador-von-trier-llegan-a-la-cartelera\/","robots":"max-image-preview:large","keywords":"noticias y actualidad","webmasterTools":{"google-site-verification":"UA-38556648-1","miscellaneous":""},"schema":{"@context":"https:\/\/schema.org","@graph":[{"@type":"Article","@id":"https:\/\/eldigitaldeasturias.com\/magazine365\/un-hercules-mas-humano-frente-a-un-provocador-von-trier-llegan-a-la-cartelera\/#article","name":"Un H\u00e9rcules m\u00e1s humano frente a un provocador Von Trier llegan a la cartelera | El Digital de Asturias","headline":"Un H\u00e9rcules m\u00e1s humano frente a un provocador Von Trier llegan a la cartelera","author":{"@id":"https:\/\/eldigitaldeasturias.com\/magazine365\/author\/admin\/#author"},"publisher":{"@id":"https:\/\/eldigitaldeasturias.com\/magazine365\/#organization"},"image":{"@type":"ImageObject","url":"https:\/\/eldigitaldeasturias.com\/magazine365\/wp-content\/uploads\/2014\/01\/5870014w.jpg","width":800,"height":551},"datePublished":"2014-01-23T19:10:20+01:00","dateModified":"2014-01-23T19:10:20+01:00","inLanguage":"es-ES","mainEntityOfPage":{"@id":"https:\/\/eldigitaldeasturias.com\/magazine365\/un-hercules-mas-humano-frente-a-un-provocador-von-trier-llegan-a-la-cartelera\/#webpage"},"isPartOf":{"@id":"https:\/\/eldigitaldeasturias.com\/magazine365\/un-hercules-mas-humano-frente-a-un-provocador-von-trier-llegan-a-la-cartelera\/#webpage"},"articleSection":"Noticias y Actualidad"},{"@type":"BreadcrumbList","@id":"https:\/\/eldigitaldeasturias.com\/magazine365\/un-hercules-mas-humano-frente-a-un-provocador-von-trier-llegan-a-la-cartelera\/#breadcrumblist","itemListElement":[{"@type":"ListItem","@id":"https:\/\/eldigitaldeasturias.com\/magazine365#listItem","position":1,"name":"Home","item":"https:\/\/eldigitaldeasturias.com\/magazine365","nextItem":{"@type":"ListItem","@id":"https:\/\/eldigitaldeasturias.com\/magazine365\/category\/noticias-actualidad\/#listItem","name":"Noticias y Actualidad"}},{"@type":"ListItem","@id":"https:\/\/eldigitaldeasturias.com\/magazine365\/category\/noticias-actualidad\/#listItem","position":2,"name":"Noticias y Actualidad","item":"https:\/\/eldigitaldeasturias.com\/magazine365\/category\/noticias-actualidad\/","nextItem":{"@type":"ListItem","@id":"https:\/\/eldigitaldeasturias.com\/magazine365\/un-hercules-mas-humano-frente-a-un-provocador-von-trier-llegan-a-la-cartelera\/#listItem","name":"Un H\u00e9rcules m\u00e1s humano frente a un provocador Von Trier llegan a la cartelera"},"previousItem":{"@type":"ListItem","@id":"https:\/\/eldigitaldeasturias.com\/magazine365#listItem","name":"Home"}},{"@type":"ListItem","@id":"https:\/\/eldigitaldeasturias.com\/magazine365\/un-hercules-mas-humano-frente-a-un-provocador-von-trier-llegan-a-la-cartelera\/#listItem","position":3,"name":"Un H\u00e9rcules m\u00e1s humano frente a un provocador Von Trier llegan a la cartelera","previousItem":{"@type":"ListItem","@id":"https:\/\/eldigitaldeasturias.com\/magazine365\/category\/noticias-actualidad\/#listItem","name":"Noticias y Actualidad"}}]},{"@type":"Organization","@id":"https:\/\/eldigitaldeasturias.com\/magazine365\/#organization","name":"El digital de Asturias","description":"Revista de ocio, turismo y estilo de vida","url":"https:\/\/eldigitaldeasturias.com\/magazine365\/","logo":{"@type":"ImageObject","url":"https:\/\/www.eldigitaldeasturias.com\/noticias\/wp-content\/uploads\/2020\/12\/EDA.jpg","@id":"https:\/\/eldigitaldeasturias.com\/magazine365\/un-hercules-mas-humano-frente-a-un-provocador-von-trier-llegan-a-la-cartelera\/#organizationLogo"},"image":{"@id":"https:\/\/eldigitaldeasturias.com\/magazine365\/un-hercules-mas-humano-frente-a-un-provocador-von-trier-llegan-a-la-cartelera\/#organizationLogo"}},{"@type":"Person","@id":"https:\/\/eldigitaldeasturias.com\/magazine365\/author\/admin\/#author","url":"https:\/\/eldigitaldeasturias.com\/magazine365\/author\/admin\/","name":"admin","image":{"@type":"ImageObject","@id":"https:\/\/eldigitaldeasturias.com\/magazine365\/un-hercules-mas-humano-frente-a-un-provocador-von-trier-llegan-a-la-cartelera\/#authorImage","url":"https:\/\/eldigitaldeasturias.com\/magazine365\/wp-content\/litespeed\/avatar\/e571bcf59a0edd6fa6838245a470f2fe.jpg?ver=1777574230","width":96,"height":96,"caption":"admin"}},{"@type":"WebPage","@id":"https:\/\/eldigitaldeasturias.com\/magazine365\/un-hercules-mas-humano-frente-a-un-provocador-von-trier-llegan-a-la-cartelera\/#webpage","url":"https:\/\/eldigitaldeasturias.com\/magazine365\/un-hercules-mas-humano-frente-a-un-provocador-von-trier-llegan-a-la-cartelera\/","name":"Un H\u00e9rcules m\u00e1s humano frente a un provocador Von Trier llegan a la cartelera | El Digital de Asturias","description":"Madrid, 23 ene (EFE).- Lars Von Trier estrena la segunda parte de la controvertida \"Nymphomaniac\" en una semana marcada por la pel\u00edcula mitol\u00f3gica \"H\u00e9rcules: el origen de la leyenda\", los estrenos espa\u00f1oles \"Ote\u00b7lo\", \"Presentemientos\" y \"Casi inocentes\" y el \"boom\" de las adaptaciones literarias. SEXO EXPL\u00cdCITO EN \"NYMPHOMANIAC. VOLUMEN II\" Un mes despu\u00e9s del estreno","inLanguage":"es-ES","isPartOf":{"@id":"https:\/\/eldigitaldeasturias.com\/magazine365\/#website"},"breadcrumb":{"@id":"https:\/\/eldigitaldeasturias.com\/magazine365\/un-hercules-mas-humano-frente-a-un-provocador-von-trier-llegan-a-la-cartelera\/#breadcrumblist"},"author":{"@id":"https:\/\/eldigitaldeasturias.com\/magazine365\/author\/admin\/#author"},"creator":{"@id":"https:\/\/eldigitaldeasturias.com\/magazine365\/author\/admin\/#author"},"image":{"@type":"ImageObject","url":"https:\/\/eldigitaldeasturias.com\/magazine365\/wp-content\/uploads\/2014\/01\/5870014w.jpg","@id":"https:\/\/eldigitaldeasturias.com\/magazine365\/un-hercules-mas-humano-frente-a-un-provocador-von-trier-llegan-a-la-cartelera\/#mainImage","width":800,"height":551},"primaryImageOfPage":{"@id":"https:\/\/eldigitaldeasturias.com\/magazine365\/un-hercules-mas-humano-frente-a-un-provocador-von-trier-llegan-a-la-cartelera\/#mainImage"},"datePublished":"2014-01-23T19:10:20+01:00","dateModified":"2014-01-23T19:10:20+01:00"},{"@type":"WebSite","@id":"https:\/\/eldigitaldeasturias.com\/magazine365\/#website","url":"https:\/\/eldigitaldeasturias.com\/magazine365\/","name":"El Digital de Asturias","description":"Revista de ocio, turismo y estilo de vida","inLanguage":"es-ES","publisher":{"@id":"https:\/\/eldigitaldeasturias.com\/magazine365\/#organization"}}]},"og:locale":"es_ES","og:site_name":"El Digital de Asturias \u2013 Revista de ocio, turismo y estilo de vida","og:type":"article","og:title":"Un H\u00e9rcules m\u00e1s humano frente a un provocador Von Trier llegan a la cartelera | El Digital de Asturias","og:description":"Madrid, 23 ene (EFE).- Lars Von Trier estrena la segunda parte de la controvertida &quot;Nymphomaniac&quot; en una semana marcada por la pel\u00edcula mitol\u00f3gica &quot;H\u00e9rcules: el origen de la leyenda&quot;, los estrenos espa\u00f1oles &quot;Ote\u00b7lo&quot;, &quot;Presentemientos&quot; y &quot;Casi inocentes&quot; y el &quot;boom&quot; de las adaptaciones literarias. SEXO EXPL\u00cdCITO EN &quot;NYMPHOMANIAC. VOLUMEN II&quot; Un mes despu\u00e9s del estreno","og:url":"https:\/\/eldigitaldeasturias.com\/magazine365\/un-hercules-mas-humano-frente-a-un-provocador-von-trier-llegan-a-la-cartelera\/","og:image":"https:\/\/eldigitaldeasturias.com\/magazine365\/wp-content\/uploads\/2014\/01\/5870014w.jpg","og:image:secure_url":"https:\/\/eldigitaldeasturias.com\/magazine365\/wp-content\/uploads\/2014\/01\/5870014w.jpg","og:image:width":800,"og:image:height":551,"article:published_time":"2014-01-23T20:10:20+00:00","article:modified_time":"2014-01-23T20:10:20+00:00","twitter:card":"summary_large_image","twitter:title":"Un H\u00e9rcules m\u00e1s humano frente a un provocador Von Trier llegan a la cartelera | El Digital de Asturias","twitter:description":"Madrid, 23 ene (EFE).- Lars Von Trier estrena la segunda parte de la controvertida &quot;Nymphomaniac&quot; en una semana marcada por la pel\u00edcula mitol\u00f3gica &quot;H\u00e9rcules: el origen de la leyenda&quot;, los estrenos espa\u00f1oles &quot;Ote\u00b7lo&quot;, &quot;Presentemientos&quot; y &quot;Casi inocentes&quot; y el &quot;boom&quot; de las adaptaciones literarias. SEXO EXPL\u00cdCITO EN &quot;NYMPHOMANIAC. VOLUMEN II&quot; Un mes despu\u00e9s del estreno","twitter:image":"https:\/\/eldigitaldeasturias.com\/magazine365\/wp-content\/uploads\/2014\/01\/5870014w.jpg"},"aioseo_meta_data":{"post_id":"1660","title":null,"description":null,"keywords":null,"keyphrases":null,"primary_term":null,"canonical_url":null,"og_title":null,"og_description":null,"og_object_type":"default","og_image_type":"default","og_image_url":null,"og_image_width":null,"og_image_height":null,"og_image_custom_url":null,"og_image_custom_fields":null,"og_video":null,"og_custom_url":null,"og_article_section":null,"og_article_tags":null,"twitter_use_og":false,"twitter_card":"default","twitter_image_type":"default","twitter_image_url":null,"twitter_image_custom_url":null,"twitter_image_custom_fields":null,"twitter_title":null,"twitter_description":null,"schema":{"blockGraphs":[],"customGraphs":[],"default":{"data":{"Article":[],"Course":[],"Dataset":[],"FAQPage":[],"Movie":[],"Person":[],"Product":[],"ProductReview":[],"Car":[],"Recipe":[],"Service":[],"SoftwareApplication":[],"WebPage":[]},"graphName":"","isEnabled":true},"graphs":[],"defaultGraph":"","defaultPostTypeGraph":""},"schema_type":null,"schema_type_options":null,"pillar_content":false,"robots_default":true,"robots_noindex":false,"robots_noarchive":false,"robots_nosnippet":false,"robots_nofollow":false,"robots_noimageindex":false,"robots_noodp":false,"robots_notranslate":false,"robots_max_snippet":null,"robots_max_videopreview":null,"robots_max_imagepreview":"large","priority":null,"frequency":null,"location":null,"local_seo":null,"seo_analyzer_scan_date":"2025-09-16 09:47:16","breadcrumb_settings":null,"limit_modified_date":false,"open_ai":null,"ai":null,"created":"2020-12-21 13:39:36","updated":"2025-09-16 09:47:16"},"aioseo_breadcrumb":"<div class=\"aioseo-breadcrumbs\"><span class=\"aioseo-breadcrumb\">\n\t<a href=\"https:\/\/eldigitaldeasturias.com\/magazine365\" title=\"Home\">Home<\/a>\n<\/span><span class=\"aioseo-breadcrumb-separator\">\u2013<\/span><span class=\"aioseo-breadcrumb\">\n\t<a href=\"https:\/\/eldigitaldeasturias.com\/magazine365\/category\/noticias-actualidad\/\" title=\"Noticias y Actualidad\">Noticias y Actualidad<\/a>\n<\/span><span class=\"aioseo-breadcrumb-separator\">\u2013<\/span><span class=\"aioseo-breadcrumb\">\n\t<a href=\"https:\/\/eldigitaldeasturias.com\/magazine365\/un-hercules-mas-humano-frente-a-un-provocador-von-trier-llegan-a-la-cartelera\/\" title=\"Un H\u00e9rcules m\u00e1s humano frente a un provocador Von Trier llegan a la cartelera\">Un H\u00e9rcules m\u00e1s humano frente a un provocador Von Trier llegan a la cartelera<\/a>\n<\/span><\/div>","aioseo_breadcrumb_json":[{"label":"Home","link":"https:\/\/eldigitaldeasturias.com\/magazine365"},{"label":"Noticias y Actualidad","link":"https:\/\/eldigitaldeasturias.com\/magazine365\/category\/noticias-actualidad\/"},{"label":"Un H\u00e9rcules m\u00e1s humano frente a un provocador Von Trier llegan a la cartelera","link":"https:\/\/eldigitaldeasturias.com\/magazine365\/un-hercules-mas-humano-frente-a-un-provocador-von-trier-llegan-a-la-cartelera\/"}],"_links":{"self":[{"href":"https:\/\/eldigitaldeasturias.com\/magazine365\/wp-json\/wp\/v2\/posts\/1660","targetHints":{"allow":["GET"]}}],"collection":[{"href":"https:\/\/eldigitaldeasturias.com\/magazine365\/wp-json\/wp\/v2\/posts"}],"about":[{"href":"https:\/\/eldigitaldeasturias.com\/magazine365\/wp-json\/wp\/v2\/types\/post"}],"author":[{"embeddable":true,"href":"https:\/\/eldigitaldeasturias.com\/magazine365\/wp-json\/wp\/v2\/users\/1"}],"replies":[{"embeddable":true,"href":"https:\/\/eldigitaldeasturias.com\/magazine365\/wp-json\/wp\/v2\/comments?post=1660"}],"version-history":[{"count":0,"href":"https:\/\/eldigitaldeasturias.com\/magazine365\/wp-json\/wp\/v2\/posts\/1660\/revisions"}],"wp:featuredmedia":[{"embeddable":true,"href":"https:\/\/eldigitaldeasturias.com\/magazine365\/wp-json\/wp\/v2\/media\/1661"}],"wp:attachment":[{"href":"https:\/\/eldigitaldeasturias.com\/magazine365\/wp-json\/wp\/v2\/media?parent=1660"}],"wp:term":[{"taxonomy":"category","embeddable":true,"href":"https:\/\/eldigitaldeasturias.com\/magazine365\/wp-json\/wp\/v2\/categories?post=1660"},{"taxonomy":"post_tag","embeddable":true,"href":"https:\/\/eldigitaldeasturias.com\/magazine365\/wp-json\/wp\/v2\/tags?post=1660"}],"curies":[{"name":"wp","href":"https:\/\/api.w.org\/{rel}","templated":true}]}}