{"id":1657,"date":"2014-01-23T19:08:23","date_gmt":"2014-01-23T20:08:23","guid":{"rendered":"http:\/\/eldigitaldeasturias.com\/magazine365\/?p=1657"},"modified":"2014-01-23T19:08:23","modified_gmt":"2014-01-23T20:08:23","slug":"ana-moura-cree-que-el-fado-es-puro-y-no-necesita-renovacion-pero-si-evolucion","status":"publish","type":"post","link":"https:\/\/eldigitaldeasturias.com\/magazine365\/ana-moura-cree-que-el-fado-es-puro-y-no-necesita-renovacion-pero-si-evolucion\/","title":{"rendered":"Ana Moura cree que el fado \u00abes puro y no necesita renovaci\u00f3n, pero s\u00ed evoluci\u00f3n\u00bb"},"content":{"rendered":"<p><img fetchpriority=\"high\" decoding=\"async\" class=\"alignleft size-medium wp-image-1658\" alt=\"5869912w\" src=\"https:\/\/eldigitaldeasturias.com\/magazine365\/wp-content\/uploads\/2014\/01\/5869912w-360x256.jpg\" width=\"360\" height=\"256\" \/>Madrid, 23 ene (EFE).- M\u00e1s de cien mil discos vendidos, varios premios y cr\u00edticas \u00f3ptimas avalan el discurso de Ana Moura, la nueva reina de la canci\u00f3n portuguesa, una profunda conocedora y defensora del fado, al que ha dado un vuelo distinto: \u00abes una m\u00fasica pura y no necesita renovarse por renovarse, pero s\u00ed evolucionar\u00bb, dice.<\/p>\n<p>Moura (Santarem, 1979) cantar\u00e1 a partir del 25 de enero en Espa\u00f1a en una gira con su quinto y \u00faltimo disco, \u00abDesfado\u00bb, que comienza en Pontevedra (Teatro Principal) y contin\u00faa, los d\u00edas siguientes, en A Coru\u00f1a (Teatro Rosal\u00eda de Castro), Madrid (Teatro Caser Calder\u00f3n) y Zaragoza (Teatro Arbol\u00e9).<\/p>\n<p>El d\u00eda 31, la portuguesa llegar\u00e1 a Barcelona, a la Sala Apolo, y el 2 de febrero concluir\u00e1 su \u00abtour\u00bb en el Auditorio de Murcia, desde donde viajar\u00e1 a Estados Unidos y luego Israel e Hispanoam\u00e9rica.<\/p>\n<p>El disco sali\u00f3 en septiembre de 2012 y no ha podido tener mejor acogida, tanto en su pa\u00eds como en Europa y en Estados Unidos, donde la cr\u00edtica lo ha recibido como \u00abla revelaci\u00f3n del fado\u00bb.<\/p>\n<p>\u00abEstoy -dice en una entrevista con Efe- muy feliz porque hasta &#8216;Desfado&#8217; todo lo que hab\u00eda hecho era tradicional y aqu\u00ed hay ya otras m\u00fasicas\u00bb, se\u00f1ala.<\/p>\n<p>En \u00abDesfado\u00bb se percibe la influencia del folk del norte de Portugal y tambi\u00e9n anglosaj\u00f3n y una incursi\u00f3n en el jazz con una \u00abdeliciosa\u00bb versi\u00f3n de un tema tan conocido y venerado como \u00abA case of you\u00bb, de la norteamericana Joni Mitchell, y una colaboraci\u00f3n con Herbie Hancock en \u00abDream of fire\u00bb.<\/p>\n<p>\u00abTen\u00eda ganas de hacer algo diferente, de poder reflejar lo que he hecho en los \u00faltimos a\u00f1os con m\u00fasicos de Los \u00c1ngeles, por ejemplo, por eso quise a alguien que conoce tan bien el universo del jazz como Larry Klein\u00bb, es decir el estrecho colaborador y exmarido de Mitchell, ganador de 4 Premios Grammy y productor de artistas como Madeleine Peyroux, Melody Gardot o del propio Hancock.<\/p>\n<p>Klein viaj\u00f3 a Lisboa para la preproducci\u00f3n y all\u00ed Moura le \u00abinici\u00f3\u00bb en la m\u00fasica tradicional portuguesa y en los instrumentos tradicionales, \u00abpor eso el disco tiene esta sonoridad tan especial\u00bb, explica.<\/p>\n<p>Fue el propio productor el que le sugiri\u00f3 que incluyera \u00abA case of you\u00bb, \u00abun temazo\u00bb que han cantado, entre otros, K.d. Lang, Prince, Diana Krall o James Blake, y a ella la idea, \u00absimplemente\u00bb, le encant\u00f3.<\/p>\n<p>\u00abLa letra -&#8216;Tu sabor es tan amargo y tan dulce\/ Podr\u00eda beberme un barril de ti, cari\u00f1o\/ y a\u00fan sostenerme en pie&#8217;- es muy similar a la de los fados y encaja muy bien con su emoci\u00f3n, su tristeza, su melancol\u00eda&#8230;\u00bb, asegura.<\/p>\n<p>Del popular que cantaba Amalia Rodrigues (1920-1999), \u00abel fado naci\u00f3 un d\u00eda, cuando el viento apenas soplaba y el cielo el mar prolongaba, en el puente de un velero, en el pecho de un marinero que estando triste cantaba\u00bb al \u00abay qu\u00e9 tristeza esta mi alegr\u00eda, ay qu\u00e9 alegr\u00eda, esta tristeza tan grande\u00bb que canta ella ahora, hay, dice Moura, \u00absimplemente a\u00f1os\u00bb.<\/p>\n<p>\u00abEl fado tradicional es muy puro y bonito. Ni es obligatorio cambiarlo ni hay que cambiarlo por cambiarlo. Lo que s\u00ed es verdad es que tiene una evoluci\u00f3n natural, hacia otros poemas, hacia otras interpretaciones, de las que s\u00ed precisa\u00bb, subraya la cantante.<\/p>\n<p>Para ser \u00abuna fadista\u00bb, dice, no se puede parar de investigar pero es un g\u00e9nero, reconoce, que en los \u00faltimos a\u00f1os parece subyugar m\u00e1s a las mujeres que a los hombres.<\/p>\n<p>\u00abCreo que tiene que ver con nuestra capacidad de compartir. Es una sociedad acostumbrada a que sean las mujeres las que muestren sus emociones y las compartan\u00bb, razona.<\/p>\n<p>Ya est\u00e1 escogiendo nuevas m\u00fasicas para su siguiente disco porque su intenci\u00f3n es volver a grabar a finales de este a\u00f1o pero a\u00fan est\u00e1 en el proceso \u00abde estudio e intensa meditaci\u00f3n\u00bb, se r\u00ede.<\/p>\n","protected":false},"excerpt":{"rendered":"<p>Madrid, 23 ene (EFE).- M\u00e1s de cien mil discos vendidos, varios premios y cr\u00edticas \u00f3ptimas avalan el discurso de Ana Moura, la nueva reina de la canci\u00f3n portuguesa, una profunda conocedora y defensora del fado, al que ha dado un vuelo distinto: \u00abes una m\u00fasica pura y no necesita renovarse por renovarse, pero s\u00ed evolucionar\u00bb,<\/p>\n","protected":false},"author":1,"featured_media":1658,"comment_status":"open","ping_status":"open","sticky":false,"template":"","format":"standard","meta":{"footnotes":""},"categories":[224],"tags":[],"class_list":{"0":"post-1657","1":"post","2":"type-post","3":"status-publish","4":"format-standard","5":"has-post-thumbnail","7":"category-noticias-actualidad"},"aioseo_notices":[],"aioseo_head":"\n\t\t<!-- All in One SEO Pro 4.9.6.1 - aioseo.com -->\n\t<meta name=\"description\" content=\"Madrid, 23 ene (EFE).- M\u00e1s de cien mil discos vendidos, varios premios y cr\u00edticas \u00f3ptimas avalan el discurso de Ana Moura, la nueva reina de la canci\u00f3n portuguesa, una profunda conocedora y defensora del fado, al que ha dado un vuelo distinto: &quot;es una m\u00fasica pura y no necesita renovarse por renovarse, pero s\u00ed evolucionar&quot;,\" \/>\n\t<meta name=\"robots\" content=\"max-image-preview:large\" \/>\n\t<meta name=\"author\" content=\"admin\"\/>\n\t<meta name=\"google-site-verification\" content=\"UA-38556648-1\" \/>\n\t<meta name=\"keywords\" content=\"noticias y actualidad\" \/>\n\t<link rel=\"canonical\" href=\"https:\/\/eldigitaldeasturias.com\/magazine365\/ana-moura-cree-que-el-fado-es-puro-y-no-necesita-renovacion-pero-si-evolucion\/\" \/>\n\t<meta name=\"generator\" content=\"All in One SEO Pro (AIOSEO) 4.9.6.1\" \/>\n\t\t<meta property=\"og:locale\" content=\"es_ES\" \/>\n\t\t<meta property=\"og:site_name\" content=\"El Digital de Asturias \u2013 Revista de ocio, turismo y estilo de vida\" \/>\n\t\t<meta property=\"og:type\" content=\"article\" \/>\n\t\t<meta property=\"og:title\" content=\"Ana Moura cree que el fado \u00abes puro y no necesita renovaci\u00f3n, pero s\u00ed evoluci\u00f3n\u00bb | El Digital de Asturias\" \/>\n\t\t<meta property=\"og:description\" content=\"Madrid, 23 ene (EFE).- M\u00e1s de cien mil discos vendidos, varios premios y cr\u00edticas \u00f3ptimas avalan el discurso de Ana Moura, la nueva reina de la canci\u00f3n portuguesa, una profunda conocedora y defensora del fado, al que ha dado un vuelo distinto: &quot;es una m\u00fasica pura y no necesita renovarse por renovarse, pero s\u00ed evolucionar&quot;,\" \/>\n\t\t<meta property=\"og:url\" content=\"https:\/\/eldigitaldeasturias.com\/magazine365\/ana-moura-cree-que-el-fado-es-puro-y-no-necesita-renovacion-pero-si-evolucion\/\" \/>\n\t\t<meta property=\"og:image\" content=\"https:\/\/eldigitaldeasturias.com\/magazine365\/wp-content\/uploads\/2014\/01\/5869912w.jpg\" \/>\n\t\t<meta property=\"og:image:secure_url\" content=\"https:\/\/eldigitaldeasturias.com\/magazine365\/wp-content\/uploads\/2014\/01\/5869912w.jpg\" \/>\n\t\t<meta property=\"og:image:width\" content=\"800\" \/>\n\t\t<meta property=\"og:image:height\" content=\"570\" \/>\n\t\t<meta property=\"article:published_time\" content=\"2014-01-23T20:08:23+00:00\" \/>\n\t\t<meta property=\"article:modified_time\" content=\"2014-01-23T20:08:23+00:00\" \/>\n\t\t<meta name=\"twitter:card\" content=\"summary_large_image\" \/>\n\t\t<meta name=\"twitter:title\" content=\"Ana Moura cree que el fado \u00abes puro y no necesita renovaci\u00f3n, pero s\u00ed evoluci\u00f3n\u00bb | El Digital de Asturias\" \/>\n\t\t<meta name=\"twitter:description\" content=\"Madrid, 23 ene (EFE).- M\u00e1s de cien mil discos vendidos, varios premios y cr\u00edticas \u00f3ptimas avalan el discurso de Ana Moura, la nueva reina de la canci\u00f3n portuguesa, una profunda conocedora y defensora del fado, al que ha dado un vuelo distinto: &quot;es una m\u00fasica pura y no necesita renovarse por renovarse, pero s\u00ed evolucionar&quot;,\" \/>\n\t\t<meta name=\"twitter:image\" content=\"https:\/\/eldigitaldeasturias.com\/magazine365\/wp-content\/uploads\/2014\/01\/5869912w.jpg\" \/>\n\t\t<script type=\"application\/ld+json\" class=\"aioseo-schema\">\n\t\t\t{\"@context\":\"https:\\\/\\\/schema.org\",\"@graph\":[{\"@type\":\"Article\",\"@id\":\"https:\\\/\\\/eldigitaldeasturias.com\\\/magazine365\\\/ana-moura-cree-que-el-fado-es-puro-y-no-necesita-renovacion-pero-si-evolucion\\\/#article\",\"name\":\"Ana Moura cree que el fado \\u00abes puro y no necesita renovaci\\u00f3n, pero s\\u00ed evoluci\\u00f3n\\u00bb | El Digital de Asturias\",\"headline\":\"Ana Moura cree que el fado \\u00abes puro y no necesita renovaci\\u00f3n, pero s\\u00ed evoluci\\u00f3n\\u00bb\",\"author\":{\"@id\":\"https:\\\/\\\/eldigitaldeasturias.com\\\/magazine365\\\/author\\\/admin\\\/#author\"},\"publisher\":{\"@id\":\"https:\\\/\\\/eldigitaldeasturias.com\\\/magazine365\\\/#organization\"},\"image\":{\"@type\":\"ImageObject\",\"url\":\"https:\\\/\\\/eldigitaldeasturias.com\\\/magazine365\\\/wp-content\\\/uploads\\\/2014\\\/01\\\/5869912w.jpg\",\"width\":800,\"height\":570},\"datePublished\":\"2014-01-23T19:08:23+01:00\",\"dateModified\":\"2014-01-23T19:08:23+01:00\",\"inLanguage\":\"es-ES\",\"mainEntityOfPage\":{\"@id\":\"https:\\\/\\\/eldigitaldeasturias.com\\\/magazine365\\\/ana-moura-cree-que-el-fado-es-puro-y-no-necesita-renovacion-pero-si-evolucion\\\/#webpage\"},\"isPartOf\":{\"@id\":\"https:\\\/\\\/eldigitaldeasturias.com\\\/magazine365\\\/ana-moura-cree-que-el-fado-es-puro-y-no-necesita-renovacion-pero-si-evolucion\\\/#webpage\"},\"articleSection\":\"Noticias y Actualidad\"},{\"@type\":\"BreadcrumbList\",\"@id\":\"https:\\\/\\\/eldigitaldeasturias.com\\\/magazine365\\\/ana-moura-cree-que-el-fado-es-puro-y-no-necesita-renovacion-pero-si-evolucion\\\/#breadcrumblist\",\"itemListElement\":[{\"@type\":\"ListItem\",\"@id\":\"https:\\\/\\\/eldigitaldeasturias.com\\\/magazine365#listItem\",\"position\":1,\"name\":\"Home\",\"item\":\"https:\\\/\\\/eldigitaldeasturias.com\\\/magazine365\",\"nextItem\":{\"@type\":\"ListItem\",\"@id\":\"https:\\\/\\\/eldigitaldeasturias.com\\\/magazine365\\\/category\\\/noticias-actualidad\\\/#listItem\",\"name\":\"Noticias y Actualidad\"}},{\"@type\":\"ListItem\",\"@id\":\"https:\\\/\\\/eldigitaldeasturias.com\\\/magazine365\\\/category\\\/noticias-actualidad\\\/#listItem\",\"position\":2,\"name\":\"Noticias y Actualidad\",\"item\":\"https:\\\/\\\/eldigitaldeasturias.com\\\/magazine365\\\/category\\\/noticias-actualidad\\\/\",\"nextItem\":{\"@type\":\"ListItem\",\"@id\":\"https:\\\/\\\/eldigitaldeasturias.com\\\/magazine365\\\/ana-moura-cree-que-el-fado-es-puro-y-no-necesita-renovacion-pero-si-evolucion\\\/#listItem\",\"name\":\"Ana Moura cree que el fado \\u00abes puro y no necesita renovaci\\u00f3n, pero s\\u00ed evoluci\\u00f3n\\u00bb\"},\"previousItem\":{\"@type\":\"ListItem\",\"@id\":\"https:\\\/\\\/eldigitaldeasturias.com\\\/magazine365#listItem\",\"name\":\"Home\"}},{\"@type\":\"ListItem\",\"@id\":\"https:\\\/\\\/eldigitaldeasturias.com\\\/magazine365\\\/ana-moura-cree-que-el-fado-es-puro-y-no-necesita-renovacion-pero-si-evolucion\\\/#listItem\",\"position\":3,\"name\":\"Ana Moura cree que el fado \\u00abes puro y no necesita renovaci\\u00f3n, pero s\\u00ed evoluci\\u00f3n\\u00bb\",\"previousItem\":{\"@type\":\"ListItem\",\"@id\":\"https:\\\/\\\/eldigitaldeasturias.com\\\/magazine365\\\/category\\\/noticias-actualidad\\\/#listItem\",\"name\":\"Noticias y Actualidad\"}}]},{\"@type\":\"Organization\",\"@id\":\"https:\\\/\\\/eldigitaldeasturias.com\\\/magazine365\\\/#organization\",\"name\":\"El digital de Asturias\",\"description\":\"Revista de ocio, turismo y estilo de vida\",\"url\":\"https:\\\/\\\/eldigitaldeasturias.com\\\/magazine365\\\/\",\"logo\":{\"@type\":\"ImageObject\",\"url\":\"https:\\\/\\\/www.eldigitaldeasturias.com\\\/noticias\\\/wp-content\\\/uploads\\\/2020\\\/12\\\/EDA.jpg\",\"@id\":\"https:\\\/\\\/eldigitaldeasturias.com\\\/magazine365\\\/ana-moura-cree-que-el-fado-es-puro-y-no-necesita-renovacion-pero-si-evolucion\\\/#organizationLogo\"},\"image\":{\"@id\":\"https:\\\/\\\/eldigitaldeasturias.com\\\/magazine365\\\/ana-moura-cree-que-el-fado-es-puro-y-no-necesita-renovacion-pero-si-evolucion\\\/#organizationLogo\"}},{\"@type\":\"Person\",\"@id\":\"https:\\\/\\\/eldigitaldeasturias.com\\\/magazine365\\\/author\\\/admin\\\/#author\",\"url\":\"https:\\\/\\\/eldigitaldeasturias.com\\\/magazine365\\\/author\\\/admin\\\/\",\"name\":\"admin\",\"image\":{\"@type\":\"ImageObject\",\"@id\":\"https:\\\/\\\/eldigitaldeasturias.com\\\/magazine365\\\/ana-moura-cree-que-el-fado-es-puro-y-no-necesita-renovacion-pero-si-evolucion\\\/#authorImage\",\"url\":\"https:\\\/\\\/eldigitaldeasturias.com\\\/magazine365\\\/wp-content\\\/litespeed\\\/avatar\\\/e571bcf59a0edd6fa6838245a470f2fe.jpg?ver=1777574230\",\"width\":96,\"height\":96,\"caption\":\"admin\"}},{\"@type\":\"WebPage\",\"@id\":\"https:\\\/\\\/eldigitaldeasturias.com\\\/magazine365\\\/ana-moura-cree-que-el-fado-es-puro-y-no-necesita-renovacion-pero-si-evolucion\\\/#webpage\",\"url\":\"https:\\\/\\\/eldigitaldeasturias.com\\\/magazine365\\\/ana-moura-cree-que-el-fado-es-puro-y-no-necesita-renovacion-pero-si-evolucion\\\/\",\"name\":\"Ana Moura cree que el fado \\u00abes puro y no necesita renovaci\\u00f3n, pero s\\u00ed evoluci\\u00f3n\\u00bb | El Digital de Asturias\",\"description\":\"Madrid, 23 ene (EFE).- M\\u00e1s de cien mil discos vendidos, varios premios y cr\\u00edticas \\u00f3ptimas avalan el discurso de Ana Moura, la nueva reina de la canci\\u00f3n portuguesa, una profunda conocedora y defensora del fado, al que ha dado un vuelo distinto: \\\"es una m\\u00fasica pura y no necesita renovarse por renovarse, pero s\\u00ed evolucionar\\\",\",\"inLanguage\":\"es-ES\",\"isPartOf\":{\"@id\":\"https:\\\/\\\/eldigitaldeasturias.com\\\/magazine365\\\/#website\"},\"breadcrumb\":{\"@id\":\"https:\\\/\\\/eldigitaldeasturias.com\\\/magazine365\\\/ana-moura-cree-que-el-fado-es-puro-y-no-necesita-renovacion-pero-si-evolucion\\\/#breadcrumblist\"},\"author\":{\"@id\":\"https:\\\/\\\/eldigitaldeasturias.com\\\/magazine365\\\/author\\\/admin\\\/#author\"},\"creator\":{\"@id\":\"https:\\\/\\\/eldigitaldeasturias.com\\\/magazine365\\\/author\\\/admin\\\/#author\"},\"image\":{\"@type\":\"ImageObject\",\"url\":\"https:\\\/\\\/eldigitaldeasturias.com\\\/magazine365\\\/wp-content\\\/uploads\\\/2014\\\/01\\\/5869912w.jpg\",\"@id\":\"https:\\\/\\\/eldigitaldeasturias.com\\\/magazine365\\\/ana-moura-cree-que-el-fado-es-puro-y-no-necesita-renovacion-pero-si-evolucion\\\/#mainImage\",\"width\":800,\"height\":570},\"primaryImageOfPage\":{\"@id\":\"https:\\\/\\\/eldigitaldeasturias.com\\\/magazine365\\\/ana-moura-cree-que-el-fado-es-puro-y-no-necesita-renovacion-pero-si-evolucion\\\/#mainImage\"},\"datePublished\":\"2014-01-23T19:08:23+01:00\",\"dateModified\":\"2014-01-23T19:08:23+01:00\"},{\"@type\":\"WebSite\",\"@id\":\"https:\\\/\\\/eldigitaldeasturias.com\\\/magazine365\\\/#website\",\"url\":\"https:\\\/\\\/eldigitaldeasturias.com\\\/magazine365\\\/\",\"name\":\"El Digital de Asturias\",\"description\":\"Revista de ocio, turismo y estilo de vida\",\"inLanguage\":\"es-ES\",\"publisher\":{\"@id\":\"https:\\\/\\\/eldigitaldeasturias.com\\\/magazine365\\\/#organization\"}}]}\n\t\t<\/script>\n\t\t<!-- All in One SEO Pro -->\r\n\t\t<title>Ana Moura cree que el fado \u00abes puro y no necesita renovaci\u00f3n, pero s\u00ed evoluci\u00f3n\u00bb | El Digital de Asturias<\/title>\n\n","aioseo_head_json":{"title":"Ana Moura cree que el fado \u00abes puro y no necesita renovaci\u00f3n, pero s\u00ed evoluci\u00f3n\u00bb | El Digital de Asturias","description":"Madrid, 23 ene (EFE).- M\u00e1s de cien mil discos vendidos, varios premios y cr\u00edticas \u00f3ptimas avalan el discurso de Ana Moura, la nueva reina de la canci\u00f3n portuguesa, una profunda conocedora y defensora del fado, al que ha dado un vuelo distinto: \"es una m\u00fasica pura y no necesita renovarse por renovarse, pero s\u00ed evolucionar\",","canonical_url":"https:\/\/eldigitaldeasturias.com\/magazine365\/ana-moura-cree-que-el-fado-es-puro-y-no-necesita-renovacion-pero-si-evolucion\/","robots":"max-image-preview:large","keywords":"noticias y actualidad","webmasterTools":{"google-site-verification":"UA-38556648-1","miscellaneous":""},"schema":{"@context":"https:\/\/schema.org","@graph":[{"@type":"Article","@id":"https:\/\/eldigitaldeasturias.com\/magazine365\/ana-moura-cree-que-el-fado-es-puro-y-no-necesita-renovacion-pero-si-evolucion\/#article","name":"Ana Moura cree que el fado \u00abes puro y no necesita renovaci\u00f3n, pero s\u00ed evoluci\u00f3n\u00bb | El Digital de Asturias","headline":"Ana Moura cree que el fado \u00abes puro y no necesita renovaci\u00f3n, pero s\u00ed evoluci\u00f3n\u00bb","author":{"@id":"https:\/\/eldigitaldeasturias.com\/magazine365\/author\/admin\/#author"},"publisher":{"@id":"https:\/\/eldigitaldeasturias.com\/magazine365\/#organization"},"image":{"@type":"ImageObject","url":"https:\/\/eldigitaldeasturias.com\/magazine365\/wp-content\/uploads\/2014\/01\/5869912w.jpg","width":800,"height":570},"datePublished":"2014-01-23T19:08:23+01:00","dateModified":"2014-01-23T19:08:23+01:00","inLanguage":"es-ES","mainEntityOfPage":{"@id":"https:\/\/eldigitaldeasturias.com\/magazine365\/ana-moura-cree-que-el-fado-es-puro-y-no-necesita-renovacion-pero-si-evolucion\/#webpage"},"isPartOf":{"@id":"https:\/\/eldigitaldeasturias.com\/magazine365\/ana-moura-cree-que-el-fado-es-puro-y-no-necesita-renovacion-pero-si-evolucion\/#webpage"},"articleSection":"Noticias y Actualidad"},{"@type":"BreadcrumbList","@id":"https:\/\/eldigitaldeasturias.com\/magazine365\/ana-moura-cree-que-el-fado-es-puro-y-no-necesita-renovacion-pero-si-evolucion\/#breadcrumblist","itemListElement":[{"@type":"ListItem","@id":"https:\/\/eldigitaldeasturias.com\/magazine365#listItem","position":1,"name":"Home","item":"https:\/\/eldigitaldeasturias.com\/magazine365","nextItem":{"@type":"ListItem","@id":"https:\/\/eldigitaldeasturias.com\/magazine365\/category\/noticias-actualidad\/#listItem","name":"Noticias y Actualidad"}},{"@type":"ListItem","@id":"https:\/\/eldigitaldeasturias.com\/magazine365\/category\/noticias-actualidad\/#listItem","position":2,"name":"Noticias y Actualidad","item":"https:\/\/eldigitaldeasturias.com\/magazine365\/category\/noticias-actualidad\/","nextItem":{"@type":"ListItem","@id":"https:\/\/eldigitaldeasturias.com\/magazine365\/ana-moura-cree-que-el-fado-es-puro-y-no-necesita-renovacion-pero-si-evolucion\/#listItem","name":"Ana Moura cree que el fado \u00abes puro y no necesita renovaci\u00f3n, pero s\u00ed evoluci\u00f3n\u00bb"},"previousItem":{"@type":"ListItem","@id":"https:\/\/eldigitaldeasturias.com\/magazine365#listItem","name":"Home"}},{"@type":"ListItem","@id":"https:\/\/eldigitaldeasturias.com\/magazine365\/ana-moura-cree-que-el-fado-es-puro-y-no-necesita-renovacion-pero-si-evolucion\/#listItem","position":3,"name":"Ana Moura cree que el fado \u00abes puro y no necesita renovaci\u00f3n, pero s\u00ed evoluci\u00f3n\u00bb","previousItem":{"@type":"ListItem","@id":"https:\/\/eldigitaldeasturias.com\/magazine365\/category\/noticias-actualidad\/#listItem","name":"Noticias y Actualidad"}}]},{"@type":"Organization","@id":"https:\/\/eldigitaldeasturias.com\/magazine365\/#organization","name":"El digital de Asturias","description":"Revista de ocio, turismo y estilo de vida","url":"https:\/\/eldigitaldeasturias.com\/magazine365\/","logo":{"@type":"ImageObject","url":"https:\/\/www.eldigitaldeasturias.com\/noticias\/wp-content\/uploads\/2020\/12\/EDA.jpg","@id":"https:\/\/eldigitaldeasturias.com\/magazine365\/ana-moura-cree-que-el-fado-es-puro-y-no-necesita-renovacion-pero-si-evolucion\/#organizationLogo"},"image":{"@id":"https:\/\/eldigitaldeasturias.com\/magazine365\/ana-moura-cree-que-el-fado-es-puro-y-no-necesita-renovacion-pero-si-evolucion\/#organizationLogo"}},{"@type":"Person","@id":"https:\/\/eldigitaldeasturias.com\/magazine365\/author\/admin\/#author","url":"https:\/\/eldigitaldeasturias.com\/magazine365\/author\/admin\/","name":"admin","image":{"@type":"ImageObject","@id":"https:\/\/eldigitaldeasturias.com\/magazine365\/ana-moura-cree-que-el-fado-es-puro-y-no-necesita-renovacion-pero-si-evolucion\/#authorImage","url":"https:\/\/eldigitaldeasturias.com\/magazine365\/wp-content\/litespeed\/avatar\/e571bcf59a0edd6fa6838245a470f2fe.jpg?ver=1777574230","width":96,"height":96,"caption":"admin"}},{"@type":"WebPage","@id":"https:\/\/eldigitaldeasturias.com\/magazine365\/ana-moura-cree-que-el-fado-es-puro-y-no-necesita-renovacion-pero-si-evolucion\/#webpage","url":"https:\/\/eldigitaldeasturias.com\/magazine365\/ana-moura-cree-que-el-fado-es-puro-y-no-necesita-renovacion-pero-si-evolucion\/","name":"Ana Moura cree que el fado \u00abes puro y no necesita renovaci\u00f3n, pero s\u00ed evoluci\u00f3n\u00bb | El Digital de Asturias","description":"Madrid, 23 ene (EFE).- M\u00e1s de cien mil discos vendidos, varios premios y cr\u00edticas \u00f3ptimas avalan el discurso de Ana Moura, la nueva reina de la canci\u00f3n portuguesa, una profunda conocedora y defensora del fado, al que ha dado un vuelo distinto: \"es una m\u00fasica pura y no necesita renovarse por renovarse, pero s\u00ed evolucionar\",","inLanguage":"es-ES","isPartOf":{"@id":"https:\/\/eldigitaldeasturias.com\/magazine365\/#website"},"breadcrumb":{"@id":"https:\/\/eldigitaldeasturias.com\/magazine365\/ana-moura-cree-que-el-fado-es-puro-y-no-necesita-renovacion-pero-si-evolucion\/#breadcrumblist"},"author":{"@id":"https:\/\/eldigitaldeasturias.com\/magazine365\/author\/admin\/#author"},"creator":{"@id":"https:\/\/eldigitaldeasturias.com\/magazine365\/author\/admin\/#author"},"image":{"@type":"ImageObject","url":"https:\/\/eldigitaldeasturias.com\/magazine365\/wp-content\/uploads\/2014\/01\/5869912w.jpg","@id":"https:\/\/eldigitaldeasturias.com\/magazine365\/ana-moura-cree-que-el-fado-es-puro-y-no-necesita-renovacion-pero-si-evolucion\/#mainImage","width":800,"height":570},"primaryImageOfPage":{"@id":"https:\/\/eldigitaldeasturias.com\/magazine365\/ana-moura-cree-que-el-fado-es-puro-y-no-necesita-renovacion-pero-si-evolucion\/#mainImage"},"datePublished":"2014-01-23T19:08:23+01:00","dateModified":"2014-01-23T19:08:23+01:00"},{"@type":"WebSite","@id":"https:\/\/eldigitaldeasturias.com\/magazine365\/#website","url":"https:\/\/eldigitaldeasturias.com\/magazine365\/","name":"El Digital de Asturias","description":"Revista de ocio, turismo y estilo de vida","inLanguage":"es-ES","publisher":{"@id":"https:\/\/eldigitaldeasturias.com\/magazine365\/#organization"}}]},"og:locale":"es_ES","og:site_name":"El Digital de Asturias \u2013 Revista de ocio, turismo y estilo de vida","og:type":"article","og:title":"Ana Moura cree que el fado \u00abes puro y no necesita renovaci\u00f3n, pero s\u00ed evoluci\u00f3n\u00bb | El Digital de Asturias","og:description":"Madrid, 23 ene (EFE).- M\u00e1s de cien mil discos vendidos, varios premios y cr\u00edticas \u00f3ptimas avalan el discurso de Ana Moura, la nueva reina de la canci\u00f3n portuguesa, una profunda conocedora y defensora del fado, al que ha dado un vuelo distinto: &quot;es una m\u00fasica pura y no necesita renovarse por renovarse, pero s\u00ed evolucionar&quot;,","og:url":"https:\/\/eldigitaldeasturias.com\/magazine365\/ana-moura-cree-que-el-fado-es-puro-y-no-necesita-renovacion-pero-si-evolucion\/","og:image":"https:\/\/eldigitaldeasturias.com\/magazine365\/wp-content\/uploads\/2014\/01\/5869912w.jpg","og:image:secure_url":"https:\/\/eldigitaldeasturias.com\/magazine365\/wp-content\/uploads\/2014\/01\/5869912w.jpg","og:image:width":800,"og:image:height":570,"article:published_time":"2014-01-23T20:08:23+00:00","article:modified_time":"2014-01-23T20:08:23+00:00","twitter:card":"summary_large_image","twitter:title":"Ana Moura cree que el fado \u00abes puro y no necesita renovaci\u00f3n, pero s\u00ed evoluci\u00f3n\u00bb | El Digital de Asturias","twitter:description":"Madrid, 23 ene (EFE).- M\u00e1s de cien mil discos vendidos, varios premios y cr\u00edticas \u00f3ptimas avalan el discurso de Ana Moura, la nueva reina de la canci\u00f3n portuguesa, una profunda conocedora y defensora del fado, al que ha dado un vuelo distinto: &quot;es una m\u00fasica pura y no necesita renovarse por renovarse, pero s\u00ed evolucionar&quot;,","twitter:image":"https:\/\/eldigitaldeasturias.com\/magazine365\/wp-content\/uploads\/2014\/01\/5869912w.jpg"},"aioseo_meta_data":{"post_id":"1657","title":null,"description":null,"keywords":null,"keyphrases":null,"primary_term":null,"canonical_url":null,"og_title":null,"og_description":null,"og_object_type":"default","og_image_type":"default","og_image_url":null,"og_image_width":null,"og_image_height":null,"og_image_custom_url":null,"og_image_custom_fields":null,"og_video":null,"og_custom_url":null,"og_article_section":null,"og_article_tags":null,"twitter_use_og":false,"twitter_card":"default","twitter_image_type":"default","twitter_image_url":null,"twitter_image_custom_url":null,"twitter_image_custom_fields":null,"twitter_title":null,"twitter_description":null,"schema":{"blockGraphs":[],"customGraphs":[],"default":{"data":{"Article":[],"Course":[],"Dataset":[],"FAQPage":[],"Movie":[],"Person":[],"Product":[],"ProductReview":[],"Car":[],"Recipe":[],"Service":[],"SoftwareApplication":[],"WebPage":[]},"graphName":"","isEnabled":true},"graphs":[],"defaultGraph":"","defaultPostTypeGraph":""},"schema_type":null,"schema_type_options":null,"pillar_content":false,"robots_default":true,"robots_noindex":false,"robots_noarchive":false,"robots_nosnippet":false,"robots_nofollow":false,"robots_noimageindex":false,"robots_noodp":false,"robots_notranslate":false,"robots_max_snippet":null,"robots_max_videopreview":null,"robots_max_imagepreview":"large","priority":null,"frequency":null,"location":null,"local_seo":null,"seo_analyzer_scan_date":"2025-09-16 09:47:15","breadcrumb_settings":null,"limit_modified_date":false,"open_ai":null,"ai":null,"created":"2020-12-21 13:39:35","updated":"2025-09-16 09:47:15"},"aioseo_breadcrumb":"<div class=\"aioseo-breadcrumbs\"><span class=\"aioseo-breadcrumb\">\n\t<a href=\"https:\/\/eldigitaldeasturias.com\/magazine365\" title=\"Home\">Home<\/a>\n<\/span><span class=\"aioseo-breadcrumb-separator\">\u2013<\/span><span class=\"aioseo-breadcrumb\">\n\t<a href=\"https:\/\/eldigitaldeasturias.com\/magazine365\/category\/noticias-actualidad\/\" title=\"Noticias y Actualidad\">Noticias y Actualidad<\/a>\n<\/span><span class=\"aioseo-breadcrumb-separator\">\u2013<\/span><span class=\"aioseo-breadcrumb\">\n\t<a href=\"https:\/\/eldigitaldeasturias.com\/magazine365\/ana-moura-cree-que-el-fado-es-puro-y-no-necesita-renovacion-pero-si-evolucion\/\" title=\"Ana Moura cree que el fado \u00abes puro y no necesita renovaci\u00f3n, pero s\u00ed evoluci\u00f3n\u00bb\">Ana Moura cree que el fado \u00abes puro y no necesita renovaci\u00f3n, pero s\u00ed evoluci\u00f3n\u00bb<\/a>\n<\/span><\/div>","aioseo_breadcrumb_json":[{"label":"Home","link":"https:\/\/eldigitaldeasturias.com\/magazine365"},{"label":"Noticias y Actualidad","link":"https:\/\/eldigitaldeasturias.com\/magazine365\/category\/noticias-actualidad\/"},{"label":"Ana Moura cree que el fado \u00abes puro y no necesita renovaci\u00f3n, pero s\u00ed evoluci\u00f3n\u00bb","link":"https:\/\/eldigitaldeasturias.com\/magazine365\/ana-moura-cree-que-el-fado-es-puro-y-no-necesita-renovacion-pero-si-evolucion\/"}],"_links":{"self":[{"href":"https:\/\/eldigitaldeasturias.com\/magazine365\/wp-json\/wp\/v2\/posts\/1657","targetHints":{"allow":["GET"]}}],"collection":[{"href":"https:\/\/eldigitaldeasturias.com\/magazine365\/wp-json\/wp\/v2\/posts"}],"about":[{"href":"https:\/\/eldigitaldeasturias.com\/magazine365\/wp-json\/wp\/v2\/types\/post"}],"author":[{"embeddable":true,"href":"https:\/\/eldigitaldeasturias.com\/magazine365\/wp-json\/wp\/v2\/users\/1"}],"replies":[{"embeddable":true,"href":"https:\/\/eldigitaldeasturias.com\/magazine365\/wp-json\/wp\/v2\/comments?post=1657"}],"version-history":[{"count":0,"href":"https:\/\/eldigitaldeasturias.com\/magazine365\/wp-json\/wp\/v2\/posts\/1657\/revisions"}],"wp:featuredmedia":[{"embeddable":true,"href":"https:\/\/eldigitaldeasturias.com\/magazine365\/wp-json\/wp\/v2\/media\/1658"}],"wp:attachment":[{"href":"https:\/\/eldigitaldeasturias.com\/magazine365\/wp-json\/wp\/v2\/media?parent=1657"}],"wp:term":[{"taxonomy":"category","embeddable":true,"href":"https:\/\/eldigitaldeasturias.com\/magazine365\/wp-json\/wp\/v2\/categories?post=1657"},{"taxonomy":"post_tag","embeddable":true,"href":"https:\/\/eldigitaldeasturias.com\/magazine365\/wp-json\/wp\/v2\/tags?post=1657"}],"curies":[{"name":"wp","href":"https:\/\/api.w.org\/{rel}","templated":true}]}}