{"id":1647,"date":"2014-01-23T10:20:29","date_gmt":"2014-01-23T11:20:29","guid":{"rendered":"http:\/\/eldigitaldeasturias.com\/magazine365\/?p=1647"},"modified":"2014-01-23T10:20:29","modified_gmt":"2014-01-23T11:20:29","slug":"marc-anthony-niega-planes-de-viajar-a-cuba-para-ofrecer-dos-conciertos","status":"publish","type":"post","link":"https:\/\/eldigitaldeasturias.com\/magazine365\/marc-anthony-niega-planes-de-viajar-a-cuba-para-ofrecer-dos-conciertos\/","title":{"rendered":"Marc Anthony niega planes de viajar a Cuba para ofrecer dos conciertos"},"content":{"rendered":"<p><img fetchpriority=\"high\" decoding=\"async\" class=\"alignleft size-medium wp-image-1648\" alt=\"5868824w\" src=\"https:\/\/eldigitaldeasturias.com\/magazine365\/wp-content\/uploads\/2014\/01\/5868824w-360x239.jpg\" width=\"360\" height=\"239\" \/>Nueva York, 22 ene (EFE).- El cantante de origen puertorrique\u00f1o Marc Anthony neg\u00f3 hoy que tenga planeado viajar en las pr\u00f3ximas semanas a Cuba para ofrecer dos conciertos en la isla.<\/p>\n<p>\u00abNi Marc Anthony ni sus representantes han confirmado en lo absoluto el supuesto viaje de conciertos o personal a Cuba\u00bb, afirm\u00f3 hoy su publicista, Blanca Lasalle.<\/p>\n<p>Diferentes medios en la isla han publicado que el salsero boricua tiene previsto visitar Cuba \u00aba finales de enero o febrero\u00bb para ofrecer un par de conciertos.<\/p>\n<p>\u00abEstas informaciones son totalmente err\u00f3neas\u00bb, aclar\u00f3 en un comunicado su publicista en Nueva York.<\/p>\n<p>La emisora cubana Radio Reloj public\u00f3 este martes en su p\u00e1gina web que Marc Anthony planea actuar en la comunidad Las Terrazas, en Pinar del R\u00edo, y en la Plaza de la Revoluci\u00f3n, en La Habana.<\/p>\n<p>\u00abSus oficinas tampoco conocen ni han establecido negocios con el promotor de los alegados conciertos\u00bb, a\u00f1adi\u00f3 la publicista en el mismo comunicado.<\/p>\n<p>Seg\u00fan la revista \u00abLa Voz de la Salsa\u00bb, la estrella de origen boricua viajar\u00eda a la isla acompa\u00f1ado por El Gran Combo de Puerto Rico y Olga Ta\u00f1\u00f3n.<\/p>\n","protected":false},"excerpt":{"rendered":"<p>Nueva York, 22 ene (EFE).- El cantante de origen puertorrique\u00f1o Marc Anthony neg\u00f3 hoy que tenga planeado viajar en las pr\u00f3ximas semanas a Cuba para ofrecer dos conciertos en la isla. \u00abNi Marc Anthony ni sus representantes han confirmado en lo absoluto el supuesto viaje de conciertos o personal a Cuba\u00bb, afirm\u00f3 hoy su publicista,<\/p>\n","protected":false},"author":1,"featured_media":1648,"comment_status":"open","ping_status":"open","sticky":false,"template":"","format":"standard","meta":{"footnotes":""},"categories":[224],"tags":[],"class_list":{"0":"post-1647","1":"post","2":"type-post","3":"status-publish","4":"format-standard","5":"has-post-thumbnail","7":"category-noticias-actualidad"},"aioseo_notices":[],"aioseo_head":"\n\t\t<!-- All in One SEO Pro 4.9.6.1 - aioseo.com -->\n\t<meta name=\"description\" content=\"Nueva York, 22 ene (EFE).- El cantante de origen puertorrique\u00f1o Marc Anthony neg\u00f3 hoy que tenga planeado viajar en las pr\u00f3ximas semanas a Cuba para ofrecer dos conciertos en la isla. &quot;Ni Marc Anthony ni sus representantes han confirmado en lo absoluto el supuesto viaje de conciertos o personal a Cuba&quot;, afirm\u00f3 hoy su publicista,\" \/>\n\t<meta name=\"robots\" content=\"max-image-preview:large\" \/>\n\t<meta name=\"author\" content=\"admin\"\/>\n\t<meta name=\"google-site-verification\" content=\"UA-38556648-1\" \/>\n\t<meta name=\"keywords\" content=\"noticias y actualidad\" \/>\n\t<link rel=\"canonical\" href=\"https:\/\/eldigitaldeasturias.com\/magazine365\/marc-anthony-niega-planes-de-viajar-a-cuba-para-ofrecer-dos-conciertos\/\" \/>\n\t<meta name=\"generator\" content=\"All in One SEO Pro (AIOSEO) 4.9.6.1\" \/>\n\t\t<meta property=\"og:locale\" content=\"es_ES\" \/>\n\t\t<meta property=\"og:site_name\" content=\"El Digital de Asturias \u2013 Revista de ocio, turismo y estilo de vida\" \/>\n\t\t<meta property=\"og:type\" content=\"article\" \/>\n\t\t<meta property=\"og:title\" content=\"Marc Anthony niega planes de viajar a Cuba para ofrecer dos conciertos | El Digital de Asturias\" \/>\n\t\t<meta property=\"og:description\" content=\"Nueva York, 22 ene (EFE).- El cantante de origen puertorrique\u00f1o Marc Anthony neg\u00f3 hoy que tenga planeado viajar en las pr\u00f3ximas semanas a Cuba para ofrecer dos conciertos en la isla. &quot;Ni Marc Anthony ni sus representantes han confirmado en lo absoluto el supuesto viaje de conciertos o personal a Cuba&quot;, afirm\u00f3 hoy su publicista,\" \/>\n\t\t<meta property=\"og:url\" content=\"https:\/\/eldigitaldeasturias.com\/magazine365\/marc-anthony-niega-planes-de-viajar-a-cuba-para-ofrecer-dos-conciertos\/\" \/>\n\t\t<meta property=\"og:image\" content=\"https:\/\/eldigitaldeasturias.com\/magazine365\/wp-content\/uploads\/2014\/01\/5868824w.jpg\" \/>\n\t\t<meta property=\"og:image:secure_url\" content=\"https:\/\/eldigitaldeasturias.com\/magazine365\/wp-content\/uploads\/2014\/01\/5868824w.jpg\" \/>\n\t\t<meta property=\"og:image:width\" content=\"800\" \/>\n\t\t<meta property=\"og:image:height\" content=\"533\" \/>\n\t\t<meta property=\"article:published_time\" content=\"2014-01-23T11:20:29+00:00\" \/>\n\t\t<meta property=\"article:modified_time\" content=\"2014-01-23T11:20:29+00:00\" \/>\n\t\t<meta name=\"twitter:card\" content=\"summary_large_image\" \/>\n\t\t<meta name=\"twitter:title\" content=\"Marc Anthony niega planes de viajar a Cuba para ofrecer dos conciertos | El Digital de Asturias\" \/>\n\t\t<meta name=\"twitter:description\" content=\"Nueva York, 22 ene (EFE).- El cantante de origen puertorrique\u00f1o Marc Anthony neg\u00f3 hoy que tenga planeado viajar en las pr\u00f3ximas semanas a Cuba para ofrecer dos conciertos en la isla. &quot;Ni Marc Anthony ni sus representantes han confirmado en lo absoluto el supuesto viaje de conciertos o personal a Cuba&quot;, afirm\u00f3 hoy su publicista,\" \/>\n\t\t<meta name=\"twitter:image\" content=\"https:\/\/eldigitaldeasturias.com\/magazine365\/wp-content\/uploads\/2014\/01\/5868824w.jpg\" \/>\n\t\t<script type=\"application\/ld+json\" class=\"aioseo-schema\">\n\t\t\t{\"@context\":\"https:\\\/\\\/schema.org\",\"@graph\":[{\"@type\":\"Article\",\"@id\":\"https:\\\/\\\/eldigitaldeasturias.com\\\/magazine365\\\/marc-anthony-niega-planes-de-viajar-a-cuba-para-ofrecer-dos-conciertos\\\/#article\",\"name\":\"Marc Anthony niega planes de viajar a Cuba para ofrecer dos conciertos | El Digital de Asturias\",\"headline\":\"Marc Anthony niega planes de viajar a Cuba para ofrecer dos conciertos\",\"author\":{\"@id\":\"https:\\\/\\\/eldigitaldeasturias.com\\\/magazine365\\\/author\\\/admin\\\/#author\"},\"publisher\":{\"@id\":\"https:\\\/\\\/eldigitaldeasturias.com\\\/magazine365\\\/#organization\"},\"image\":{\"@type\":\"ImageObject\",\"url\":\"https:\\\/\\\/eldigitaldeasturias.com\\\/magazine365\\\/wp-content\\\/uploads\\\/2014\\\/01\\\/5868824w.jpg\",\"width\":800,\"height\":533},\"datePublished\":\"2014-01-23T10:20:29+01:00\",\"dateModified\":\"2014-01-23T10:20:29+01:00\",\"inLanguage\":\"es-ES\",\"mainEntityOfPage\":{\"@id\":\"https:\\\/\\\/eldigitaldeasturias.com\\\/magazine365\\\/marc-anthony-niega-planes-de-viajar-a-cuba-para-ofrecer-dos-conciertos\\\/#webpage\"},\"isPartOf\":{\"@id\":\"https:\\\/\\\/eldigitaldeasturias.com\\\/magazine365\\\/marc-anthony-niega-planes-de-viajar-a-cuba-para-ofrecer-dos-conciertos\\\/#webpage\"},\"articleSection\":\"Noticias y Actualidad\"},{\"@type\":\"BreadcrumbList\",\"@id\":\"https:\\\/\\\/eldigitaldeasturias.com\\\/magazine365\\\/marc-anthony-niega-planes-de-viajar-a-cuba-para-ofrecer-dos-conciertos\\\/#breadcrumblist\",\"itemListElement\":[{\"@type\":\"ListItem\",\"@id\":\"https:\\\/\\\/eldigitaldeasturias.com\\\/magazine365#listItem\",\"position\":1,\"name\":\"Home\",\"item\":\"https:\\\/\\\/eldigitaldeasturias.com\\\/magazine365\",\"nextItem\":{\"@type\":\"ListItem\",\"@id\":\"https:\\\/\\\/eldigitaldeasturias.com\\\/magazine365\\\/category\\\/noticias-actualidad\\\/#listItem\",\"name\":\"Noticias y Actualidad\"}},{\"@type\":\"ListItem\",\"@id\":\"https:\\\/\\\/eldigitaldeasturias.com\\\/magazine365\\\/category\\\/noticias-actualidad\\\/#listItem\",\"position\":2,\"name\":\"Noticias y Actualidad\",\"item\":\"https:\\\/\\\/eldigitaldeasturias.com\\\/magazine365\\\/category\\\/noticias-actualidad\\\/\",\"nextItem\":{\"@type\":\"ListItem\",\"@id\":\"https:\\\/\\\/eldigitaldeasturias.com\\\/magazine365\\\/marc-anthony-niega-planes-de-viajar-a-cuba-para-ofrecer-dos-conciertos\\\/#listItem\",\"name\":\"Marc Anthony niega planes de viajar a Cuba para ofrecer dos conciertos\"},\"previousItem\":{\"@type\":\"ListItem\",\"@id\":\"https:\\\/\\\/eldigitaldeasturias.com\\\/magazine365#listItem\",\"name\":\"Home\"}},{\"@type\":\"ListItem\",\"@id\":\"https:\\\/\\\/eldigitaldeasturias.com\\\/magazine365\\\/marc-anthony-niega-planes-de-viajar-a-cuba-para-ofrecer-dos-conciertos\\\/#listItem\",\"position\":3,\"name\":\"Marc Anthony niega planes de viajar a Cuba para ofrecer dos conciertos\",\"previousItem\":{\"@type\":\"ListItem\",\"@id\":\"https:\\\/\\\/eldigitaldeasturias.com\\\/magazine365\\\/category\\\/noticias-actualidad\\\/#listItem\",\"name\":\"Noticias y Actualidad\"}}]},{\"@type\":\"Organization\",\"@id\":\"https:\\\/\\\/eldigitaldeasturias.com\\\/magazine365\\\/#organization\",\"name\":\"El digital de Asturias\",\"description\":\"Revista de ocio, turismo y estilo de vida\",\"url\":\"https:\\\/\\\/eldigitaldeasturias.com\\\/magazine365\\\/\",\"logo\":{\"@type\":\"ImageObject\",\"url\":\"https:\\\/\\\/www.eldigitaldeasturias.com\\\/noticias\\\/wp-content\\\/uploads\\\/2020\\\/12\\\/EDA.jpg\",\"@id\":\"https:\\\/\\\/eldigitaldeasturias.com\\\/magazine365\\\/marc-anthony-niega-planes-de-viajar-a-cuba-para-ofrecer-dos-conciertos\\\/#organizationLogo\"},\"image\":{\"@id\":\"https:\\\/\\\/eldigitaldeasturias.com\\\/magazine365\\\/marc-anthony-niega-planes-de-viajar-a-cuba-para-ofrecer-dos-conciertos\\\/#organizationLogo\"}},{\"@type\":\"Person\",\"@id\":\"https:\\\/\\\/eldigitaldeasturias.com\\\/magazine365\\\/author\\\/admin\\\/#author\",\"url\":\"https:\\\/\\\/eldigitaldeasturias.com\\\/magazine365\\\/author\\\/admin\\\/\",\"name\":\"admin\",\"image\":{\"@type\":\"ImageObject\",\"@id\":\"https:\\\/\\\/eldigitaldeasturias.com\\\/magazine365\\\/marc-anthony-niega-planes-de-viajar-a-cuba-para-ofrecer-dos-conciertos\\\/#authorImage\",\"url\":\"https:\\\/\\\/eldigitaldeasturias.com\\\/magazine365\\\/wp-content\\\/litespeed\\\/avatar\\\/e571bcf59a0edd6fa6838245a470f2fe.jpg?ver=1777574230\",\"width\":96,\"height\":96,\"caption\":\"admin\"}},{\"@type\":\"WebPage\",\"@id\":\"https:\\\/\\\/eldigitaldeasturias.com\\\/magazine365\\\/marc-anthony-niega-planes-de-viajar-a-cuba-para-ofrecer-dos-conciertos\\\/#webpage\",\"url\":\"https:\\\/\\\/eldigitaldeasturias.com\\\/magazine365\\\/marc-anthony-niega-planes-de-viajar-a-cuba-para-ofrecer-dos-conciertos\\\/\",\"name\":\"Marc Anthony niega planes de viajar a Cuba para ofrecer dos conciertos | El Digital de Asturias\",\"description\":\"Nueva York, 22 ene (EFE).- El cantante de origen puertorrique\\u00f1o Marc Anthony neg\\u00f3 hoy que tenga planeado viajar en las pr\\u00f3ximas semanas a Cuba para ofrecer dos conciertos en la isla. \\\"Ni Marc Anthony ni sus representantes han confirmado en lo absoluto el supuesto viaje de conciertos o personal a Cuba\\\", afirm\\u00f3 hoy su publicista,\",\"inLanguage\":\"es-ES\",\"isPartOf\":{\"@id\":\"https:\\\/\\\/eldigitaldeasturias.com\\\/magazine365\\\/#website\"},\"breadcrumb\":{\"@id\":\"https:\\\/\\\/eldigitaldeasturias.com\\\/magazine365\\\/marc-anthony-niega-planes-de-viajar-a-cuba-para-ofrecer-dos-conciertos\\\/#breadcrumblist\"},\"author\":{\"@id\":\"https:\\\/\\\/eldigitaldeasturias.com\\\/magazine365\\\/author\\\/admin\\\/#author\"},\"creator\":{\"@id\":\"https:\\\/\\\/eldigitaldeasturias.com\\\/magazine365\\\/author\\\/admin\\\/#author\"},\"image\":{\"@type\":\"ImageObject\",\"url\":\"https:\\\/\\\/eldigitaldeasturias.com\\\/magazine365\\\/wp-content\\\/uploads\\\/2014\\\/01\\\/5868824w.jpg\",\"@id\":\"https:\\\/\\\/eldigitaldeasturias.com\\\/magazine365\\\/marc-anthony-niega-planes-de-viajar-a-cuba-para-ofrecer-dos-conciertos\\\/#mainImage\",\"width\":800,\"height\":533},\"primaryImageOfPage\":{\"@id\":\"https:\\\/\\\/eldigitaldeasturias.com\\\/magazine365\\\/marc-anthony-niega-planes-de-viajar-a-cuba-para-ofrecer-dos-conciertos\\\/#mainImage\"},\"datePublished\":\"2014-01-23T10:20:29+01:00\",\"dateModified\":\"2014-01-23T10:20:29+01:00\"},{\"@type\":\"WebSite\",\"@id\":\"https:\\\/\\\/eldigitaldeasturias.com\\\/magazine365\\\/#website\",\"url\":\"https:\\\/\\\/eldigitaldeasturias.com\\\/magazine365\\\/\",\"name\":\"El Digital de Asturias\",\"description\":\"Revista de ocio, turismo y estilo de vida\",\"inLanguage\":\"es-ES\",\"publisher\":{\"@id\":\"https:\\\/\\\/eldigitaldeasturias.com\\\/magazine365\\\/#organization\"}}]}\n\t\t<\/script>\n\t\t<!-- All in One SEO Pro -->\r\n\t\t<title>Marc Anthony niega planes de viajar a Cuba para ofrecer dos conciertos | El Digital de Asturias<\/title>\n\n","aioseo_head_json":{"title":"Marc Anthony niega planes de viajar a Cuba para ofrecer dos conciertos | El Digital de Asturias","description":"Nueva York, 22 ene (EFE).- El cantante de origen puertorrique\u00f1o Marc Anthony neg\u00f3 hoy que tenga planeado viajar en las pr\u00f3ximas semanas a Cuba para ofrecer dos conciertos en la isla. \"Ni Marc Anthony ni sus representantes han confirmado en lo absoluto el supuesto viaje de conciertos o personal a Cuba\", afirm\u00f3 hoy su publicista,","canonical_url":"https:\/\/eldigitaldeasturias.com\/magazine365\/marc-anthony-niega-planes-de-viajar-a-cuba-para-ofrecer-dos-conciertos\/","robots":"max-image-preview:large","keywords":"noticias y actualidad","webmasterTools":{"google-site-verification":"UA-38556648-1","miscellaneous":""},"schema":{"@context":"https:\/\/schema.org","@graph":[{"@type":"Article","@id":"https:\/\/eldigitaldeasturias.com\/magazine365\/marc-anthony-niega-planes-de-viajar-a-cuba-para-ofrecer-dos-conciertos\/#article","name":"Marc Anthony niega planes de viajar a Cuba para ofrecer dos conciertos | El Digital de Asturias","headline":"Marc Anthony niega planes de viajar a Cuba para ofrecer dos conciertos","author":{"@id":"https:\/\/eldigitaldeasturias.com\/magazine365\/author\/admin\/#author"},"publisher":{"@id":"https:\/\/eldigitaldeasturias.com\/magazine365\/#organization"},"image":{"@type":"ImageObject","url":"https:\/\/eldigitaldeasturias.com\/magazine365\/wp-content\/uploads\/2014\/01\/5868824w.jpg","width":800,"height":533},"datePublished":"2014-01-23T10:20:29+01:00","dateModified":"2014-01-23T10:20:29+01:00","inLanguage":"es-ES","mainEntityOfPage":{"@id":"https:\/\/eldigitaldeasturias.com\/magazine365\/marc-anthony-niega-planes-de-viajar-a-cuba-para-ofrecer-dos-conciertos\/#webpage"},"isPartOf":{"@id":"https:\/\/eldigitaldeasturias.com\/magazine365\/marc-anthony-niega-planes-de-viajar-a-cuba-para-ofrecer-dos-conciertos\/#webpage"},"articleSection":"Noticias y Actualidad"},{"@type":"BreadcrumbList","@id":"https:\/\/eldigitaldeasturias.com\/magazine365\/marc-anthony-niega-planes-de-viajar-a-cuba-para-ofrecer-dos-conciertos\/#breadcrumblist","itemListElement":[{"@type":"ListItem","@id":"https:\/\/eldigitaldeasturias.com\/magazine365#listItem","position":1,"name":"Home","item":"https:\/\/eldigitaldeasturias.com\/magazine365","nextItem":{"@type":"ListItem","@id":"https:\/\/eldigitaldeasturias.com\/magazine365\/category\/noticias-actualidad\/#listItem","name":"Noticias y Actualidad"}},{"@type":"ListItem","@id":"https:\/\/eldigitaldeasturias.com\/magazine365\/category\/noticias-actualidad\/#listItem","position":2,"name":"Noticias y Actualidad","item":"https:\/\/eldigitaldeasturias.com\/magazine365\/category\/noticias-actualidad\/","nextItem":{"@type":"ListItem","@id":"https:\/\/eldigitaldeasturias.com\/magazine365\/marc-anthony-niega-planes-de-viajar-a-cuba-para-ofrecer-dos-conciertos\/#listItem","name":"Marc Anthony niega planes de viajar a Cuba para ofrecer dos conciertos"},"previousItem":{"@type":"ListItem","@id":"https:\/\/eldigitaldeasturias.com\/magazine365#listItem","name":"Home"}},{"@type":"ListItem","@id":"https:\/\/eldigitaldeasturias.com\/magazine365\/marc-anthony-niega-planes-de-viajar-a-cuba-para-ofrecer-dos-conciertos\/#listItem","position":3,"name":"Marc Anthony niega planes de viajar a Cuba para ofrecer dos conciertos","previousItem":{"@type":"ListItem","@id":"https:\/\/eldigitaldeasturias.com\/magazine365\/category\/noticias-actualidad\/#listItem","name":"Noticias y Actualidad"}}]},{"@type":"Organization","@id":"https:\/\/eldigitaldeasturias.com\/magazine365\/#organization","name":"El digital de Asturias","description":"Revista de ocio, turismo y estilo de vida","url":"https:\/\/eldigitaldeasturias.com\/magazine365\/","logo":{"@type":"ImageObject","url":"https:\/\/www.eldigitaldeasturias.com\/noticias\/wp-content\/uploads\/2020\/12\/EDA.jpg","@id":"https:\/\/eldigitaldeasturias.com\/magazine365\/marc-anthony-niega-planes-de-viajar-a-cuba-para-ofrecer-dos-conciertos\/#organizationLogo"},"image":{"@id":"https:\/\/eldigitaldeasturias.com\/magazine365\/marc-anthony-niega-planes-de-viajar-a-cuba-para-ofrecer-dos-conciertos\/#organizationLogo"}},{"@type":"Person","@id":"https:\/\/eldigitaldeasturias.com\/magazine365\/author\/admin\/#author","url":"https:\/\/eldigitaldeasturias.com\/magazine365\/author\/admin\/","name":"admin","image":{"@type":"ImageObject","@id":"https:\/\/eldigitaldeasturias.com\/magazine365\/marc-anthony-niega-planes-de-viajar-a-cuba-para-ofrecer-dos-conciertos\/#authorImage","url":"https:\/\/eldigitaldeasturias.com\/magazine365\/wp-content\/litespeed\/avatar\/e571bcf59a0edd6fa6838245a470f2fe.jpg?ver=1777574230","width":96,"height":96,"caption":"admin"}},{"@type":"WebPage","@id":"https:\/\/eldigitaldeasturias.com\/magazine365\/marc-anthony-niega-planes-de-viajar-a-cuba-para-ofrecer-dos-conciertos\/#webpage","url":"https:\/\/eldigitaldeasturias.com\/magazine365\/marc-anthony-niega-planes-de-viajar-a-cuba-para-ofrecer-dos-conciertos\/","name":"Marc Anthony niega planes de viajar a Cuba para ofrecer dos conciertos | El Digital de Asturias","description":"Nueva York, 22 ene (EFE).- El cantante de origen puertorrique\u00f1o Marc Anthony neg\u00f3 hoy que tenga planeado viajar en las pr\u00f3ximas semanas a Cuba para ofrecer dos conciertos en la isla. \"Ni Marc Anthony ni sus representantes han confirmado en lo absoluto el supuesto viaje de conciertos o personal a Cuba\", afirm\u00f3 hoy su publicista,","inLanguage":"es-ES","isPartOf":{"@id":"https:\/\/eldigitaldeasturias.com\/magazine365\/#website"},"breadcrumb":{"@id":"https:\/\/eldigitaldeasturias.com\/magazine365\/marc-anthony-niega-planes-de-viajar-a-cuba-para-ofrecer-dos-conciertos\/#breadcrumblist"},"author":{"@id":"https:\/\/eldigitaldeasturias.com\/magazine365\/author\/admin\/#author"},"creator":{"@id":"https:\/\/eldigitaldeasturias.com\/magazine365\/author\/admin\/#author"},"image":{"@type":"ImageObject","url":"https:\/\/eldigitaldeasturias.com\/magazine365\/wp-content\/uploads\/2014\/01\/5868824w.jpg","@id":"https:\/\/eldigitaldeasturias.com\/magazine365\/marc-anthony-niega-planes-de-viajar-a-cuba-para-ofrecer-dos-conciertos\/#mainImage","width":800,"height":533},"primaryImageOfPage":{"@id":"https:\/\/eldigitaldeasturias.com\/magazine365\/marc-anthony-niega-planes-de-viajar-a-cuba-para-ofrecer-dos-conciertos\/#mainImage"},"datePublished":"2014-01-23T10:20:29+01:00","dateModified":"2014-01-23T10:20:29+01:00"},{"@type":"WebSite","@id":"https:\/\/eldigitaldeasturias.com\/magazine365\/#website","url":"https:\/\/eldigitaldeasturias.com\/magazine365\/","name":"El Digital de Asturias","description":"Revista de ocio, turismo y estilo de vida","inLanguage":"es-ES","publisher":{"@id":"https:\/\/eldigitaldeasturias.com\/magazine365\/#organization"}}]},"og:locale":"es_ES","og:site_name":"El Digital de Asturias \u2013 Revista de ocio, turismo y estilo de vida","og:type":"article","og:title":"Marc Anthony niega planes de viajar a Cuba para ofrecer dos conciertos | El Digital de Asturias","og:description":"Nueva York, 22 ene (EFE).- El cantante de origen puertorrique\u00f1o Marc Anthony neg\u00f3 hoy que tenga planeado viajar en las pr\u00f3ximas semanas a Cuba para ofrecer dos conciertos en la isla. &quot;Ni Marc Anthony ni sus representantes han confirmado en lo absoluto el supuesto viaje de conciertos o personal a Cuba&quot;, afirm\u00f3 hoy su publicista,","og:url":"https:\/\/eldigitaldeasturias.com\/magazine365\/marc-anthony-niega-planes-de-viajar-a-cuba-para-ofrecer-dos-conciertos\/","og:image":"https:\/\/eldigitaldeasturias.com\/magazine365\/wp-content\/uploads\/2014\/01\/5868824w.jpg","og:image:secure_url":"https:\/\/eldigitaldeasturias.com\/magazine365\/wp-content\/uploads\/2014\/01\/5868824w.jpg","og:image:width":800,"og:image:height":533,"article:published_time":"2014-01-23T11:20:29+00:00","article:modified_time":"2014-01-23T11:20:29+00:00","twitter:card":"summary_large_image","twitter:title":"Marc Anthony niega planes de viajar a Cuba para ofrecer dos conciertos | El Digital de Asturias","twitter:description":"Nueva York, 22 ene (EFE).- El cantante de origen puertorrique\u00f1o Marc Anthony neg\u00f3 hoy que tenga planeado viajar en las pr\u00f3ximas semanas a Cuba para ofrecer dos conciertos en la isla. &quot;Ni Marc Anthony ni sus representantes han confirmado en lo absoluto el supuesto viaje de conciertos o personal a Cuba&quot;, afirm\u00f3 hoy su publicista,","twitter:image":"https:\/\/eldigitaldeasturias.com\/magazine365\/wp-content\/uploads\/2014\/01\/5868824w.jpg"},"aioseo_meta_data":{"post_id":"1647","title":null,"description":null,"keywords":null,"keyphrases":null,"primary_term":null,"canonical_url":null,"og_title":null,"og_description":null,"og_object_type":"default","og_image_type":"default","og_image_url":null,"og_image_width":null,"og_image_height":null,"og_image_custom_url":null,"og_image_custom_fields":null,"og_video":null,"og_custom_url":null,"og_article_section":null,"og_article_tags":null,"twitter_use_og":false,"twitter_card":"default","twitter_image_type":"default","twitter_image_url":null,"twitter_image_custom_url":null,"twitter_image_custom_fields":null,"twitter_title":null,"twitter_description":null,"schema":{"blockGraphs":[],"customGraphs":[],"default":{"data":{"Article":[],"Course":[],"Dataset":[],"FAQPage":[],"Movie":[],"Person":[],"Product":[],"ProductReview":[],"Car":[],"Recipe":[],"Service":[],"SoftwareApplication":[],"WebPage":[]},"graphName":"","isEnabled":true},"graphs":[],"defaultGraph":"","defaultPostTypeGraph":""},"schema_type":null,"schema_type_options":null,"pillar_content":false,"robots_default":true,"robots_noindex":false,"robots_noarchive":false,"robots_nosnippet":false,"robots_nofollow":false,"robots_noimageindex":false,"robots_noodp":false,"robots_notranslate":false,"robots_max_snippet":null,"robots_max_videopreview":null,"robots_max_imagepreview":"large","priority":null,"frequency":null,"location":null,"local_seo":null,"seo_analyzer_scan_date":"2025-09-16 09:47:10","breadcrumb_settings":null,"limit_modified_date":false,"open_ai":null,"ai":null,"created":"2020-12-21 13:39:35","updated":"2025-09-16 09:47:10"},"aioseo_breadcrumb":"<div class=\"aioseo-breadcrumbs\"><span class=\"aioseo-breadcrumb\">\n\t<a href=\"https:\/\/eldigitaldeasturias.com\/magazine365\" title=\"Home\">Home<\/a>\n<\/span><span class=\"aioseo-breadcrumb-separator\">\u2013<\/span><span class=\"aioseo-breadcrumb\">\n\t<a href=\"https:\/\/eldigitaldeasturias.com\/magazine365\/category\/noticias-actualidad\/\" title=\"Noticias y Actualidad\">Noticias y Actualidad<\/a>\n<\/span><span class=\"aioseo-breadcrumb-separator\">\u2013<\/span><span class=\"aioseo-breadcrumb\">\n\t<a href=\"https:\/\/eldigitaldeasturias.com\/magazine365\/marc-anthony-niega-planes-de-viajar-a-cuba-para-ofrecer-dos-conciertos\/\" title=\"Marc Anthony niega planes de viajar a Cuba para ofrecer dos conciertos\">Marc Anthony niega planes de viajar a Cuba para ofrecer dos conciertos<\/a>\n<\/span><\/div>","aioseo_breadcrumb_json":[{"label":"Home","link":"https:\/\/eldigitaldeasturias.com\/magazine365"},{"label":"Noticias y Actualidad","link":"https:\/\/eldigitaldeasturias.com\/magazine365\/category\/noticias-actualidad\/"},{"label":"Marc Anthony niega planes de viajar a Cuba para ofrecer dos conciertos","link":"https:\/\/eldigitaldeasturias.com\/magazine365\/marc-anthony-niega-planes-de-viajar-a-cuba-para-ofrecer-dos-conciertos\/"}],"_links":{"self":[{"href":"https:\/\/eldigitaldeasturias.com\/magazine365\/wp-json\/wp\/v2\/posts\/1647","targetHints":{"allow":["GET"]}}],"collection":[{"href":"https:\/\/eldigitaldeasturias.com\/magazine365\/wp-json\/wp\/v2\/posts"}],"about":[{"href":"https:\/\/eldigitaldeasturias.com\/magazine365\/wp-json\/wp\/v2\/types\/post"}],"author":[{"embeddable":true,"href":"https:\/\/eldigitaldeasturias.com\/magazine365\/wp-json\/wp\/v2\/users\/1"}],"replies":[{"embeddable":true,"href":"https:\/\/eldigitaldeasturias.com\/magazine365\/wp-json\/wp\/v2\/comments?post=1647"}],"version-history":[{"count":0,"href":"https:\/\/eldigitaldeasturias.com\/magazine365\/wp-json\/wp\/v2\/posts\/1647\/revisions"}],"wp:featuredmedia":[{"embeddable":true,"href":"https:\/\/eldigitaldeasturias.com\/magazine365\/wp-json\/wp\/v2\/media\/1648"}],"wp:attachment":[{"href":"https:\/\/eldigitaldeasturias.com\/magazine365\/wp-json\/wp\/v2\/media?parent=1647"}],"wp:term":[{"taxonomy":"category","embeddable":true,"href":"https:\/\/eldigitaldeasturias.com\/magazine365\/wp-json\/wp\/v2\/categories?post=1647"},{"taxonomy":"post_tag","embeddable":true,"href":"https:\/\/eldigitaldeasturias.com\/magazine365\/wp-json\/wp\/v2\/tags?post=1647"}],"curies":[{"name":"wp","href":"https:\/\/api.w.org\/{rel}","templated":true}]}}