{"id":1641,"date":"2014-01-23T10:16:39","date_gmt":"2014-01-23T11:16:39","guid":{"rendered":"http:\/\/eldigitaldeasturias.com\/magazine365\/?p=1641"},"modified":"2014-01-23T10:16:39","modified_gmt":"2014-01-23T11:16:39","slug":"escultores-se-disculpan-por-haber-anadido-en-una-estatua-de-mandela-un-conejo-en-su-oreja","status":"publish","type":"post","link":"https:\/\/eldigitaldeasturias.com\/magazine365\/escultores-se-disculpan-por-haber-anadido-en-una-estatua-de-mandela-un-conejo-en-su-oreja\/","title":{"rendered":"Escultores se disculpan por haber a\u00f1adido en una estatua de Mandela un conejo en su oreja"},"content":{"rendered":"<p><img fetchpriority=\"high\" decoding=\"async\" class=\"alignleft size-medium wp-image-1642\" alt=\"5868713w\" src=\"https:\/\/eldigitaldeasturias.com\/magazine365\/wp-content\/uploads\/2014\/01\/5868713w-360x240.jpg\" width=\"360\" height=\"240\" srcset=\"https:\/\/eldigitaldeasturias.com\/magazine365\/wp-content\/uploads\/2014\/01\/5868713w-360x240.jpg 360w, https:\/\/eldigitaldeasturias.com\/magazine365\/wp-content\/uploads\/2014\/01\/5868713w-650x434.jpg 650w, https:\/\/eldigitaldeasturias.com\/magazine365\/wp-content\/uploads\/2014\/01\/5868713w-768x513.jpg 768w, https:\/\/eldigitaldeasturias.com\/magazine365\/wp-content\/uploads\/2014\/01\/5868713w-150x100.jpg 150w, https:\/\/eldigitaldeasturias.com\/magazine365\/wp-content\/uploads\/2014\/01\/5868713w-450x300.jpg 450w, https:\/\/eldigitaldeasturias.com\/magazine365\/wp-content\/uploads\/2014\/01\/5868713w-696x465.jpg 696w, https:\/\/eldigitaldeasturias.com\/magazine365\/wp-content\/uploads\/2014\/01\/5868713w-629x420.jpg 629w, https:\/\/eldigitaldeasturias.com\/magazine365\/wp-content\/uploads\/2014\/01\/5868713w-84x55.jpg 84w, https:\/\/eldigitaldeasturias.com\/magazine365\/wp-content\/uploads\/2014\/01\/5868713w.jpg 800w\" sizes=\"(max-width: 360px) 100vw, 360px\" \/>Johannesburgo, 22 ene (EFE).- Los escultores de la nueva estatua que representa a Nelson Mandela frente al edificio del Gobierno sudafricano en Pretoria se han disculpado al Gobierno por haber a\u00f1adido un peque\u00f1o conejo de bronce en el interior de la oreja del expresidente, inform\u00f3 hoy el Gobierno del pa\u00eds austral.<\/p>\n<p>Los artistas colocaron all\u00ed el animal a modo de firma, como \u00abuna peque\u00f1a marca de su trabajo\u00bb, despu\u00e9s de que el Gobierno, que les encarg\u00f3 la obra, les prohibiera estampar su firma en los pantalones de la estatua, esculpida tambi\u00e9n en bronce.<\/p>\n<p>\u00abAceptamos su disculpa y que sus intenciones fueron buenas\u00bb, dijo en un comunicado el portavoz del ministerio de Artes y Cultura, Josias Pila, que calific\u00f3 de \u00abdesafortunado\u00bb que los escultores no comunicaran el a\u00f1adido del detalle al Gobierno.<\/p>\n<p>Los artistas, los sudafricanos Andre Prinsloo y Ruhan Janse van Vuuren, explicaron al diario local \u00abBeeld\u00bb que la representaci\u00f3n del conejo era tambi\u00e9n una alegor\u00eda ling\u00fc\u00edstica, ya que la palabra \u00abhaas\u00bb significa en lengua afrikaans \u00abconejo\u00bb y \u00abprisa\u00bb a un tiempo.<\/p>\n<p>\u00abEl tiempo fue un gran factor, y hubo momentos en que tuvimos que trabajar muy duro\u00bb, afirm\u00f3 al peri\u00f3dico Prinsloo, que agreg\u00f3 en su descargo que, para verlo, \u00abse necesitan prism\u00e1ticos\u00bb.<\/p>\n<p>\u00abMucha gente vio la estatua de cerca y nadie not\u00f3 nada\u00bb, indic\u00f3 el artista de esta obra de nueve metros de altura.<\/p>\n<p>La estatua de Nelson Mandela fue inaugurada frente a la sede gubernamental de Pretoria el pasado 16 de diciembre, un d\u00eda despu\u00e9s del funeral del expresidente, que falleci\u00f3 el 5 de diciembre a los 95 a\u00f1os.<\/p>\n","protected":false},"excerpt":{"rendered":"<p>Johannesburgo, 22 ene (EFE).- Los escultores de la nueva estatua que representa a Nelson Mandela frente al edificio del Gobierno sudafricano en Pretoria se han disculpado al Gobierno por haber a\u00f1adido un peque\u00f1o conejo de bronce en el interior de la oreja del expresidente, inform\u00f3 hoy el Gobierno del pa\u00eds austral. Los artistas colocaron all\u00ed<\/p>\n","protected":false},"author":1,"featured_media":1642,"comment_status":"open","ping_status":"open","sticky":false,"template":"","format":"standard","meta":{"footnotes":""},"categories":[224],"tags":[],"class_list":{"0":"post-1641","1":"post","2":"type-post","3":"status-publish","4":"format-standard","5":"has-post-thumbnail","7":"category-noticias-actualidad"},"aioseo_notices":[],"aioseo_head":"\n\t\t<!-- All in One SEO Pro 4.9.6.1 - aioseo.com -->\n\t<meta name=\"description\" content=\"Johannesburgo, 22 ene (EFE).- Los escultores de la nueva estatua que representa a Nelson Mandela frente al edificio del Gobierno sudafricano en Pretoria se han disculpado al Gobierno por haber a\u00f1adido un peque\u00f1o conejo de bronce en el interior de la oreja del expresidente, inform\u00f3 hoy el Gobierno del pa\u00eds austral. Los artistas colocaron all\u00ed\" \/>\n\t<meta name=\"robots\" content=\"max-image-preview:large\" \/>\n\t<meta name=\"author\" content=\"admin\"\/>\n\t<meta name=\"google-site-verification\" content=\"UA-38556648-1\" \/>\n\t<meta name=\"keywords\" content=\"noticias y actualidad\" \/>\n\t<link rel=\"canonical\" href=\"https:\/\/eldigitaldeasturias.com\/magazine365\/escultores-se-disculpan-por-haber-anadido-en-una-estatua-de-mandela-un-conejo-en-su-oreja\/\" \/>\n\t<meta name=\"generator\" content=\"All in One SEO Pro (AIOSEO) 4.9.6.1\" \/>\n\t\t<meta property=\"og:locale\" content=\"es_ES\" \/>\n\t\t<meta property=\"og:site_name\" content=\"El Digital de Asturias \u2013 Revista de ocio, turismo y estilo de vida\" \/>\n\t\t<meta property=\"og:type\" content=\"article\" \/>\n\t\t<meta property=\"og:title\" content=\"Escultores se disculpan por haber a\u00f1adido en una estatua de Mandela un conejo en su oreja | El Digital de Asturias\" \/>\n\t\t<meta property=\"og:description\" content=\"Johannesburgo, 22 ene (EFE).- Los escultores de la nueva estatua que representa a Nelson Mandela frente al edificio del Gobierno sudafricano en Pretoria se han disculpado al Gobierno por haber a\u00f1adido un peque\u00f1o conejo de bronce en el interior de la oreja del expresidente, inform\u00f3 hoy el Gobierno del pa\u00eds austral. Los artistas colocaron all\u00ed\" \/>\n\t\t<meta property=\"og:url\" content=\"https:\/\/eldigitaldeasturias.com\/magazine365\/escultores-se-disculpan-por-haber-anadido-en-una-estatua-de-mandela-un-conejo-en-su-oreja\/\" \/>\n\t\t<meta property=\"og:image\" content=\"https:\/\/eldigitaldeasturias.com\/magazine365\/wp-content\/uploads\/2014\/01\/5868713w.jpg\" \/>\n\t\t<meta property=\"og:image:secure_url\" content=\"https:\/\/eldigitaldeasturias.com\/magazine365\/wp-content\/uploads\/2014\/01\/5868713w.jpg\" \/>\n\t\t<meta property=\"og:image:width\" content=\"800\" \/>\n\t\t<meta property=\"og:image:height\" content=\"534\" \/>\n\t\t<meta property=\"article:published_time\" content=\"2014-01-23T11:16:39+00:00\" \/>\n\t\t<meta property=\"article:modified_time\" content=\"2014-01-23T11:16:39+00:00\" \/>\n\t\t<meta name=\"twitter:card\" content=\"summary_large_image\" \/>\n\t\t<meta name=\"twitter:title\" content=\"Escultores se disculpan por haber a\u00f1adido en una estatua de Mandela un conejo en su oreja | El Digital de Asturias\" \/>\n\t\t<meta name=\"twitter:description\" content=\"Johannesburgo, 22 ene (EFE).- Los escultores de la nueva estatua que representa a Nelson Mandela frente al edificio del Gobierno sudafricano en Pretoria se han disculpado al Gobierno por haber a\u00f1adido un peque\u00f1o conejo de bronce en el interior de la oreja del expresidente, inform\u00f3 hoy el Gobierno del pa\u00eds austral. Los artistas colocaron all\u00ed\" \/>\n\t\t<meta name=\"twitter:image\" content=\"https:\/\/eldigitaldeasturias.com\/magazine365\/wp-content\/uploads\/2014\/01\/5868713w.jpg\" \/>\n\t\t<script type=\"application\/ld+json\" class=\"aioseo-schema\">\n\t\t\t{\"@context\":\"https:\\\/\\\/schema.org\",\"@graph\":[{\"@type\":\"Article\",\"@id\":\"https:\\\/\\\/eldigitaldeasturias.com\\\/magazine365\\\/escultores-se-disculpan-por-haber-anadido-en-una-estatua-de-mandela-un-conejo-en-su-oreja\\\/#article\",\"name\":\"Escultores se disculpan por haber a\\u00f1adido en una estatua de Mandela un conejo en su oreja | El Digital de Asturias\",\"headline\":\"Escultores se disculpan por haber a\\u00f1adido en una estatua de Mandela un conejo en su oreja\",\"author\":{\"@id\":\"https:\\\/\\\/eldigitaldeasturias.com\\\/magazine365\\\/author\\\/admin\\\/#author\"},\"publisher\":{\"@id\":\"https:\\\/\\\/eldigitaldeasturias.com\\\/magazine365\\\/#organization\"},\"image\":{\"@type\":\"ImageObject\",\"url\":\"https:\\\/\\\/eldigitaldeasturias.com\\\/magazine365\\\/wp-content\\\/uploads\\\/2014\\\/01\\\/5868713w.jpg\",\"width\":800,\"height\":534},\"datePublished\":\"2014-01-23T10:16:39+01:00\",\"dateModified\":\"2014-01-23T10:16:39+01:00\",\"inLanguage\":\"es-ES\",\"mainEntityOfPage\":{\"@id\":\"https:\\\/\\\/eldigitaldeasturias.com\\\/magazine365\\\/escultores-se-disculpan-por-haber-anadido-en-una-estatua-de-mandela-un-conejo-en-su-oreja\\\/#webpage\"},\"isPartOf\":{\"@id\":\"https:\\\/\\\/eldigitaldeasturias.com\\\/magazine365\\\/escultores-se-disculpan-por-haber-anadido-en-una-estatua-de-mandela-un-conejo-en-su-oreja\\\/#webpage\"},\"articleSection\":\"Noticias y Actualidad\"},{\"@type\":\"BreadcrumbList\",\"@id\":\"https:\\\/\\\/eldigitaldeasturias.com\\\/magazine365\\\/escultores-se-disculpan-por-haber-anadido-en-una-estatua-de-mandela-un-conejo-en-su-oreja\\\/#breadcrumblist\",\"itemListElement\":[{\"@type\":\"ListItem\",\"@id\":\"https:\\\/\\\/eldigitaldeasturias.com\\\/magazine365#listItem\",\"position\":1,\"name\":\"Home\",\"item\":\"https:\\\/\\\/eldigitaldeasturias.com\\\/magazine365\",\"nextItem\":{\"@type\":\"ListItem\",\"@id\":\"https:\\\/\\\/eldigitaldeasturias.com\\\/magazine365\\\/category\\\/noticias-actualidad\\\/#listItem\",\"name\":\"Noticias y Actualidad\"}},{\"@type\":\"ListItem\",\"@id\":\"https:\\\/\\\/eldigitaldeasturias.com\\\/magazine365\\\/category\\\/noticias-actualidad\\\/#listItem\",\"position\":2,\"name\":\"Noticias y Actualidad\",\"item\":\"https:\\\/\\\/eldigitaldeasturias.com\\\/magazine365\\\/category\\\/noticias-actualidad\\\/\",\"nextItem\":{\"@type\":\"ListItem\",\"@id\":\"https:\\\/\\\/eldigitaldeasturias.com\\\/magazine365\\\/escultores-se-disculpan-por-haber-anadido-en-una-estatua-de-mandela-un-conejo-en-su-oreja\\\/#listItem\",\"name\":\"Escultores se disculpan por haber a\\u00f1adido en una estatua de Mandela un conejo en su oreja\"},\"previousItem\":{\"@type\":\"ListItem\",\"@id\":\"https:\\\/\\\/eldigitaldeasturias.com\\\/magazine365#listItem\",\"name\":\"Home\"}},{\"@type\":\"ListItem\",\"@id\":\"https:\\\/\\\/eldigitaldeasturias.com\\\/magazine365\\\/escultores-se-disculpan-por-haber-anadido-en-una-estatua-de-mandela-un-conejo-en-su-oreja\\\/#listItem\",\"position\":3,\"name\":\"Escultores se disculpan por haber a\\u00f1adido en una estatua de Mandela un conejo en su oreja\",\"previousItem\":{\"@type\":\"ListItem\",\"@id\":\"https:\\\/\\\/eldigitaldeasturias.com\\\/magazine365\\\/category\\\/noticias-actualidad\\\/#listItem\",\"name\":\"Noticias y Actualidad\"}}]},{\"@type\":\"Organization\",\"@id\":\"https:\\\/\\\/eldigitaldeasturias.com\\\/magazine365\\\/#organization\",\"name\":\"El digital de Asturias\",\"description\":\"Revista de ocio, turismo y estilo de vida\",\"url\":\"https:\\\/\\\/eldigitaldeasturias.com\\\/magazine365\\\/\",\"logo\":{\"@type\":\"ImageObject\",\"url\":\"https:\\\/\\\/www.eldigitaldeasturias.com\\\/noticias\\\/wp-content\\\/uploads\\\/2020\\\/12\\\/EDA.jpg\",\"@id\":\"https:\\\/\\\/eldigitaldeasturias.com\\\/magazine365\\\/escultores-se-disculpan-por-haber-anadido-en-una-estatua-de-mandela-un-conejo-en-su-oreja\\\/#organizationLogo\"},\"image\":{\"@id\":\"https:\\\/\\\/eldigitaldeasturias.com\\\/magazine365\\\/escultores-se-disculpan-por-haber-anadido-en-una-estatua-de-mandela-un-conejo-en-su-oreja\\\/#organizationLogo\"}},{\"@type\":\"Person\",\"@id\":\"https:\\\/\\\/eldigitaldeasturias.com\\\/magazine365\\\/author\\\/admin\\\/#author\",\"url\":\"https:\\\/\\\/eldigitaldeasturias.com\\\/magazine365\\\/author\\\/admin\\\/\",\"name\":\"admin\",\"image\":{\"@type\":\"ImageObject\",\"@id\":\"https:\\\/\\\/eldigitaldeasturias.com\\\/magazine365\\\/escultores-se-disculpan-por-haber-anadido-en-una-estatua-de-mandela-un-conejo-en-su-oreja\\\/#authorImage\",\"url\":\"https:\\\/\\\/eldigitaldeasturias.com\\\/magazine365\\\/wp-content\\\/litespeed\\\/avatar\\\/e571bcf59a0edd6fa6838245a470f2fe.jpg?ver=1777574230\",\"width\":96,\"height\":96,\"caption\":\"admin\"}},{\"@type\":\"WebPage\",\"@id\":\"https:\\\/\\\/eldigitaldeasturias.com\\\/magazine365\\\/escultores-se-disculpan-por-haber-anadido-en-una-estatua-de-mandela-un-conejo-en-su-oreja\\\/#webpage\",\"url\":\"https:\\\/\\\/eldigitaldeasturias.com\\\/magazine365\\\/escultores-se-disculpan-por-haber-anadido-en-una-estatua-de-mandela-un-conejo-en-su-oreja\\\/\",\"name\":\"Escultores se disculpan por haber a\\u00f1adido en una estatua de Mandela un conejo en su oreja | El Digital de Asturias\",\"description\":\"Johannesburgo, 22 ene (EFE).- Los escultores de la nueva estatua que representa a Nelson Mandela frente al edificio del Gobierno sudafricano en Pretoria se han disculpado al Gobierno por haber a\\u00f1adido un peque\\u00f1o conejo de bronce en el interior de la oreja del expresidente, inform\\u00f3 hoy el Gobierno del pa\\u00eds austral. Los artistas colocaron all\\u00ed\",\"inLanguage\":\"es-ES\",\"isPartOf\":{\"@id\":\"https:\\\/\\\/eldigitaldeasturias.com\\\/magazine365\\\/#website\"},\"breadcrumb\":{\"@id\":\"https:\\\/\\\/eldigitaldeasturias.com\\\/magazine365\\\/escultores-se-disculpan-por-haber-anadido-en-una-estatua-de-mandela-un-conejo-en-su-oreja\\\/#breadcrumblist\"},\"author\":{\"@id\":\"https:\\\/\\\/eldigitaldeasturias.com\\\/magazine365\\\/author\\\/admin\\\/#author\"},\"creator\":{\"@id\":\"https:\\\/\\\/eldigitaldeasturias.com\\\/magazine365\\\/author\\\/admin\\\/#author\"},\"image\":{\"@type\":\"ImageObject\",\"url\":\"https:\\\/\\\/eldigitaldeasturias.com\\\/magazine365\\\/wp-content\\\/uploads\\\/2014\\\/01\\\/5868713w.jpg\",\"@id\":\"https:\\\/\\\/eldigitaldeasturias.com\\\/magazine365\\\/escultores-se-disculpan-por-haber-anadido-en-una-estatua-de-mandela-un-conejo-en-su-oreja\\\/#mainImage\",\"width\":800,\"height\":534},\"primaryImageOfPage\":{\"@id\":\"https:\\\/\\\/eldigitaldeasturias.com\\\/magazine365\\\/escultores-se-disculpan-por-haber-anadido-en-una-estatua-de-mandela-un-conejo-en-su-oreja\\\/#mainImage\"},\"datePublished\":\"2014-01-23T10:16:39+01:00\",\"dateModified\":\"2014-01-23T10:16:39+01:00\"},{\"@type\":\"WebSite\",\"@id\":\"https:\\\/\\\/eldigitaldeasturias.com\\\/magazine365\\\/#website\",\"url\":\"https:\\\/\\\/eldigitaldeasturias.com\\\/magazine365\\\/\",\"name\":\"El Digital de Asturias\",\"description\":\"Revista de ocio, turismo y estilo de vida\",\"inLanguage\":\"es-ES\",\"publisher\":{\"@id\":\"https:\\\/\\\/eldigitaldeasturias.com\\\/magazine365\\\/#organization\"}}]}\n\t\t<\/script>\n\t\t<!-- All in One SEO Pro -->\r\n\t\t<title>Escultores se disculpan por haber a\u00f1adido en una estatua de Mandela un conejo en su oreja | El Digital de Asturias<\/title>\n\n","aioseo_head_json":{"title":"Escultores se disculpan por haber a\u00f1adido en una estatua de Mandela un conejo en su oreja | El Digital de Asturias","description":"Johannesburgo, 22 ene (EFE).- Los escultores de la nueva estatua que representa a Nelson Mandela frente al edificio del Gobierno sudafricano en Pretoria se han disculpado al Gobierno por haber a\u00f1adido un peque\u00f1o conejo de bronce en el interior de la oreja del expresidente, inform\u00f3 hoy el Gobierno del pa\u00eds austral. Los artistas colocaron all\u00ed","canonical_url":"https:\/\/eldigitaldeasturias.com\/magazine365\/escultores-se-disculpan-por-haber-anadido-en-una-estatua-de-mandela-un-conejo-en-su-oreja\/","robots":"max-image-preview:large","keywords":"noticias y actualidad","webmasterTools":{"google-site-verification":"UA-38556648-1","miscellaneous":""},"schema":{"@context":"https:\/\/schema.org","@graph":[{"@type":"Article","@id":"https:\/\/eldigitaldeasturias.com\/magazine365\/escultores-se-disculpan-por-haber-anadido-en-una-estatua-de-mandela-un-conejo-en-su-oreja\/#article","name":"Escultores se disculpan por haber a\u00f1adido en una estatua de Mandela un conejo en su oreja | El Digital de Asturias","headline":"Escultores se disculpan por haber a\u00f1adido en una estatua de Mandela un conejo en su oreja","author":{"@id":"https:\/\/eldigitaldeasturias.com\/magazine365\/author\/admin\/#author"},"publisher":{"@id":"https:\/\/eldigitaldeasturias.com\/magazine365\/#organization"},"image":{"@type":"ImageObject","url":"https:\/\/eldigitaldeasturias.com\/magazine365\/wp-content\/uploads\/2014\/01\/5868713w.jpg","width":800,"height":534},"datePublished":"2014-01-23T10:16:39+01:00","dateModified":"2014-01-23T10:16:39+01:00","inLanguage":"es-ES","mainEntityOfPage":{"@id":"https:\/\/eldigitaldeasturias.com\/magazine365\/escultores-se-disculpan-por-haber-anadido-en-una-estatua-de-mandela-un-conejo-en-su-oreja\/#webpage"},"isPartOf":{"@id":"https:\/\/eldigitaldeasturias.com\/magazine365\/escultores-se-disculpan-por-haber-anadido-en-una-estatua-de-mandela-un-conejo-en-su-oreja\/#webpage"},"articleSection":"Noticias y Actualidad"},{"@type":"BreadcrumbList","@id":"https:\/\/eldigitaldeasturias.com\/magazine365\/escultores-se-disculpan-por-haber-anadido-en-una-estatua-de-mandela-un-conejo-en-su-oreja\/#breadcrumblist","itemListElement":[{"@type":"ListItem","@id":"https:\/\/eldigitaldeasturias.com\/magazine365#listItem","position":1,"name":"Home","item":"https:\/\/eldigitaldeasturias.com\/magazine365","nextItem":{"@type":"ListItem","@id":"https:\/\/eldigitaldeasturias.com\/magazine365\/category\/noticias-actualidad\/#listItem","name":"Noticias y Actualidad"}},{"@type":"ListItem","@id":"https:\/\/eldigitaldeasturias.com\/magazine365\/category\/noticias-actualidad\/#listItem","position":2,"name":"Noticias y Actualidad","item":"https:\/\/eldigitaldeasturias.com\/magazine365\/category\/noticias-actualidad\/","nextItem":{"@type":"ListItem","@id":"https:\/\/eldigitaldeasturias.com\/magazine365\/escultores-se-disculpan-por-haber-anadido-en-una-estatua-de-mandela-un-conejo-en-su-oreja\/#listItem","name":"Escultores se disculpan por haber a\u00f1adido en una estatua de Mandela un conejo en su oreja"},"previousItem":{"@type":"ListItem","@id":"https:\/\/eldigitaldeasturias.com\/magazine365#listItem","name":"Home"}},{"@type":"ListItem","@id":"https:\/\/eldigitaldeasturias.com\/magazine365\/escultores-se-disculpan-por-haber-anadido-en-una-estatua-de-mandela-un-conejo-en-su-oreja\/#listItem","position":3,"name":"Escultores se disculpan por haber a\u00f1adido en una estatua de Mandela un conejo en su oreja","previousItem":{"@type":"ListItem","@id":"https:\/\/eldigitaldeasturias.com\/magazine365\/category\/noticias-actualidad\/#listItem","name":"Noticias y Actualidad"}}]},{"@type":"Organization","@id":"https:\/\/eldigitaldeasturias.com\/magazine365\/#organization","name":"El digital de Asturias","description":"Revista de ocio, turismo y estilo de vida","url":"https:\/\/eldigitaldeasturias.com\/magazine365\/","logo":{"@type":"ImageObject","url":"https:\/\/www.eldigitaldeasturias.com\/noticias\/wp-content\/uploads\/2020\/12\/EDA.jpg","@id":"https:\/\/eldigitaldeasturias.com\/magazine365\/escultores-se-disculpan-por-haber-anadido-en-una-estatua-de-mandela-un-conejo-en-su-oreja\/#organizationLogo"},"image":{"@id":"https:\/\/eldigitaldeasturias.com\/magazine365\/escultores-se-disculpan-por-haber-anadido-en-una-estatua-de-mandela-un-conejo-en-su-oreja\/#organizationLogo"}},{"@type":"Person","@id":"https:\/\/eldigitaldeasturias.com\/magazine365\/author\/admin\/#author","url":"https:\/\/eldigitaldeasturias.com\/magazine365\/author\/admin\/","name":"admin","image":{"@type":"ImageObject","@id":"https:\/\/eldigitaldeasturias.com\/magazine365\/escultores-se-disculpan-por-haber-anadido-en-una-estatua-de-mandela-un-conejo-en-su-oreja\/#authorImage","url":"https:\/\/eldigitaldeasturias.com\/magazine365\/wp-content\/litespeed\/avatar\/e571bcf59a0edd6fa6838245a470f2fe.jpg?ver=1777574230","width":96,"height":96,"caption":"admin"}},{"@type":"WebPage","@id":"https:\/\/eldigitaldeasturias.com\/magazine365\/escultores-se-disculpan-por-haber-anadido-en-una-estatua-de-mandela-un-conejo-en-su-oreja\/#webpage","url":"https:\/\/eldigitaldeasturias.com\/magazine365\/escultores-se-disculpan-por-haber-anadido-en-una-estatua-de-mandela-un-conejo-en-su-oreja\/","name":"Escultores se disculpan por haber a\u00f1adido en una estatua de Mandela un conejo en su oreja | El Digital de Asturias","description":"Johannesburgo, 22 ene (EFE).- Los escultores de la nueva estatua que representa a Nelson Mandela frente al edificio del Gobierno sudafricano en Pretoria se han disculpado al Gobierno por haber a\u00f1adido un peque\u00f1o conejo de bronce en el interior de la oreja del expresidente, inform\u00f3 hoy el Gobierno del pa\u00eds austral. Los artistas colocaron all\u00ed","inLanguage":"es-ES","isPartOf":{"@id":"https:\/\/eldigitaldeasturias.com\/magazine365\/#website"},"breadcrumb":{"@id":"https:\/\/eldigitaldeasturias.com\/magazine365\/escultores-se-disculpan-por-haber-anadido-en-una-estatua-de-mandela-un-conejo-en-su-oreja\/#breadcrumblist"},"author":{"@id":"https:\/\/eldigitaldeasturias.com\/magazine365\/author\/admin\/#author"},"creator":{"@id":"https:\/\/eldigitaldeasturias.com\/magazine365\/author\/admin\/#author"},"image":{"@type":"ImageObject","url":"https:\/\/eldigitaldeasturias.com\/magazine365\/wp-content\/uploads\/2014\/01\/5868713w.jpg","@id":"https:\/\/eldigitaldeasturias.com\/magazine365\/escultores-se-disculpan-por-haber-anadido-en-una-estatua-de-mandela-un-conejo-en-su-oreja\/#mainImage","width":800,"height":534},"primaryImageOfPage":{"@id":"https:\/\/eldigitaldeasturias.com\/magazine365\/escultores-se-disculpan-por-haber-anadido-en-una-estatua-de-mandela-un-conejo-en-su-oreja\/#mainImage"},"datePublished":"2014-01-23T10:16:39+01:00","dateModified":"2014-01-23T10:16:39+01:00"},{"@type":"WebSite","@id":"https:\/\/eldigitaldeasturias.com\/magazine365\/#website","url":"https:\/\/eldigitaldeasturias.com\/magazine365\/","name":"El Digital de Asturias","description":"Revista de ocio, turismo y estilo de vida","inLanguage":"es-ES","publisher":{"@id":"https:\/\/eldigitaldeasturias.com\/magazine365\/#organization"}}]},"og:locale":"es_ES","og:site_name":"El Digital de Asturias \u2013 Revista de ocio, turismo y estilo de vida","og:type":"article","og:title":"Escultores se disculpan por haber a\u00f1adido en una estatua de Mandela un conejo en su oreja | El Digital de Asturias","og:description":"Johannesburgo, 22 ene (EFE).- Los escultores de la nueva estatua que representa a Nelson Mandela frente al edificio del Gobierno sudafricano en Pretoria se han disculpado al Gobierno por haber a\u00f1adido un peque\u00f1o conejo de bronce en el interior de la oreja del expresidente, inform\u00f3 hoy el Gobierno del pa\u00eds austral. Los artistas colocaron all\u00ed","og:url":"https:\/\/eldigitaldeasturias.com\/magazine365\/escultores-se-disculpan-por-haber-anadido-en-una-estatua-de-mandela-un-conejo-en-su-oreja\/","og:image":"https:\/\/eldigitaldeasturias.com\/magazine365\/wp-content\/uploads\/2014\/01\/5868713w.jpg","og:image:secure_url":"https:\/\/eldigitaldeasturias.com\/magazine365\/wp-content\/uploads\/2014\/01\/5868713w.jpg","og:image:width":800,"og:image:height":534,"article:published_time":"2014-01-23T11:16:39+00:00","article:modified_time":"2014-01-23T11:16:39+00:00","twitter:card":"summary_large_image","twitter:title":"Escultores se disculpan por haber a\u00f1adido en una estatua de Mandela un conejo en su oreja | El Digital de Asturias","twitter:description":"Johannesburgo, 22 ene (EFE).- Los escultores de la nueva estatua que representa a Nelson Mandela frente al edificio del Gobierno sudafricano en Pretoria se han disculpado al Gobierno por haber a\u00f1adido un peque\u00f1o conejo de bronce en el interior de la oreja del expresidente, inform\u00f3 hoy el Gobierno del pa\u00eds austral. Los artistas colocaron all\u00ed","twitter:image":"https:\/\/eldigitaldeasturias.com\/magazine365\/wp-content\/uploads\/2014\/01\/5868713w.jpg"},"aioseo_meta_data":{"post_id":"1641","title":null,"description":null,"keywords":null,"keyphrases":null,"primary_term":null,"canonical_url":null,"og_title":null,"og_description":null,"og_object_type":"default","og_image_type":"default","og_image_url":null,"og_image_width":null,"og_image_height":null,"og_image_custom_url":null,"og_image_custom_fields":null,"og_video":null,"og_custom_url":null,"og_article_section":null,"og_article_tags":null,"twitter_use_og":false,"twitter_card":"default","twitter_image_type":"default","twitter_image_url":null,"twitter_image_custom_url":null,"twitter_image_custom_fields":null,"twitter_title":null,"twitter_description":null,"schema":{"blockGraphs":[],"customGraphs":[],"default":{"data":{"Article":[],"Course":[],"Dataset":[],"FAQPage":[],"Movie":[],"Person":[],"Product":[],"ProductReview":[],"Car":[],"Recipe":[],"Service":[],"SoftwareApplication":[],"WebPage":[]},"graphName":"","isEnabled":true},"graphs":[],"defaultGraph":"","defaultPostTypeGraph":""},"schema_type":null,"schema_type_options":null,"pillar_content":false,"robots_default":true,"robots_noindex":false,"robots_noarchive":false,"robots_nosnippet":false,"robots_nofollow":false,"robots_noimageindex":false,"robots_noodp":false,"robots_notranslate":false,"robots_max_snippet":null,"robots_max_videopreview":null,"robots_max_imagepreview":"large","priority":null,"frequency":null,"location":null,"local_seo":null,"seo_analyzer_scan_date":"2025-09-16 09:45:59","breadcrumb_settings":null,"limit_modified_date":false,"open_ai":null,"ai":null,"created":"2020-12-21 13:39:35","updated":"2025-09-16 09:45:59"},"aioseo_breadcrumb":"<div class=\"aioseo-breadcrumbs\"><span class=\"aioseo-breadcrumb\">\n\t<a href=\"https:\/\/eldigitaldeasturias.com\/magazine365\" title=\"Home\">Home<\/a>\n<\/span><span class=\"aioseo-breadcrumb-separator\">\u2013<\/span><span class=\"aioseo-breadcrumb\">\n\t<a href=\"https:\/\/eldigitaldeasturias.com\/magazine365\/category\/noticias-actualidad\/\" title=\"Noticias y Actualidad\">Noticias y Actualidad<\/a>\n<\/span><span class=\"aioseo-breadcrumb-separator\">\u2013<\/span><span class=\"aioseo-breadcrumb\">\n\t<a href=\"https:\/\/eldigitaldeasturias.com\/magazine365\/escultores-se-disculpan-por-haber-anadido-en-una-estatua-de-mandela-un-conejo-en-su-oreja\/\" title=\"Escultores se disculpan por haber a\u00f1adido en una estatua de Mandela un conejo en su oreja\">Escultores se disculpan por haber a\u00f1adido en una estatua de Mandela un conejo en su oreja<\/a>\n<\/span><\/div>","aioseo_breadcrumb_json":[{"label":"Home","link":"https:\/\/eldigitaldeasturias.com\/magazine365"},{"label":"Noticias y Actualidad","link":"https:\/\/eldigitaldeasturias.com\/magazine365\/category\/noticias-actualidad\/"},{"label":"Escultores se disculpan por haber a\u00f1adido en una estatua de Mandela un conejo en su oreja","link":"https:\/\/eldigitaldeasturias.com\/magazine365\/escultores-se-disculpan-por-haber-anadido-en-una-estatua-de-mandela-un-conejo-en-su-oreja\/"}],"_links":{"self":[{"href":"https:\/\/eldigitaldeasturias.com\/magazine365\/wp-json\/wp\/v2\/posts\/1641","targetHints":{"allow":["GET"]}}],"collection":[{"href":"https:\/\/eldigitaldeasturias.com\/magazine365\/wp-json\/wp\/v2\/posts"}],"about":[{"href":"https:\/\/eldigitaldeasturias.com\/magazine365\/wp-json\/wp\/v2\/types\/post"}],"author":[{"embeddable":true,"href":"https:\/\/eldigitaldeasturias.com\/magazine365\/wp-json\/wp\/v2\/users\/1"}],"replies":[{"embeddable":true,"href":"https:\/\/eldigitaldeasturias.com\/magazine365\/wp-json\/wp\/v2\/comments?post=1641"}],"version-history":[{"count":0,"href":"https:\/\/eldigitaldeasturias.com\/magazine365\/wp-json\/wp\/v2\/posts\/1641\/revisions"}],"wp:featuredmedia":[{"embeddable":true,"href":"https:\/\/eldigitaldeasturias.com\/magazine365\/wp-json\/wp\/v2\/media\/1642"}],"wp:attachment":[{"href":"https:\/\/eldigitaldeasturias.com\/magazine365\/wp-json\/wp\/v2\/media?parent=1641"}],"wp:term":[{"taxonomy":"category","embeddable":true,"href":"https:\/\/eldigitaldeasturias.com\/magazine365\/wp-json\/wp\/v2\/categories?post=1641"},{"taxonomy":"post_tag","embeddable":true,"href":"https:\/\/eldigitaldeasturias.com\/magazine365\/wp-json\/wp\/v2\/tags?post=1641"}],"curies":[{"name":"wp","href":"https:\/\/api.w.org\/{rel}","templated":true}]}}