{"id":1624,"date":"2014-01-23T10:06:42","date_gmt":"2014-01-23T11:06:42","guid":{"rendered":"http:\/\/eldigitaldeasturias.com\/magazine365\/?p=1624"},"modified":"2014-01-23T10:06:46","modified_gmt":"2014-01-23T11:06:46","slug":"eva-yerbabuena-estrella-morente-y-tomatito-en-el-festival-de-flamenco-de-miami","status":"publish","type":"post","link":"https:\/\/eldigitaldeasturias.com\/magazine365\/eva-yerbabuena-estrella-morente-y-tomatito-en-el-festival-de-flamenco-de-miami\/","title":{"rendered":"Eva Yerbabuena, Estrella Morente y Tomatito, en el festival de Flamenco de Miami"},"content":{"rendered":"<p><img fetchpriority=\"high\" decoding=\"async\" class=\"alignleft size-medium wp-image-1625\" alt=\"5868447w\" src=\"https:\/\/eldigitaldeasturias.com\/magazine365\/wp-content\/uploads\/2014\/01\/5868447w-360x233.jpg\" width=\"360\" height=\"233\" \/>Miami (EE.UU.), 22 ene (EFE).- Estrella Morente, Eva Yerbabuena y su ballet flamenco y Tomatito Sextet forman parte del cartel del Flamenco Festival Miami, que, del 27 de febrero al 8 de marzo, llevar\u00e1n una muestra de este arte a los escenario de Miami.<\/p>\n<p>El Flamenco Festival Miami alcanza este a\u00f1o su s\u00e9ptima edici\u00f3n con una gran acogida de p\u00fablico: \u00abEn los a\u00f1os pasados, el festival se ha convertido en toda una sensaci\u00f3n disfrutada por m\u00e1s de 20.000 personas\u00bb, se\u00f1al\u00f3 hoy en un comunicado John Richard, presidente y gerente general del Adrienne Arsht Center, donde tendr\u00e1 lugar el evento.<\/p>\n<p>Richard resalt\u00f3 que la cita de este a\u00f1o trae al Arsht Center una \u00abfiesta sensorial de la m\u00fasica, la voz y el movimiento\u00bb del mejor flamenco.<\/p>\n<p>La garra y pasi\u00f3n de la cantaora Estrella Morente, uno de los platos fuertes de la programaci\u00f3n, traer\u00e1 la pureza de este arte el pr\u00f3ximo 6 de marzo.<\/p>\n<p>La core\u00f3grafa y bailaora Eva Mar\u00eda Garrido, Eva Yerbabuena, se subir\u00e1 al escenario con su ballet flamenco el 1 de marzo, \u00abun gran espect\u00e1culo de flamenco tradicional con una coreograf\u00eda fresca\u00bb, destac\u00f3 la organizaci\u00f3n en un comunicado.<\/p>\n<p>\u00abFamosa por sus impresionantes solos, su talento teatral y su hechizante movimiento, la sensacional Eva Yerbabuena regresa al Arhst Center\u00bb, tras una ausencia de siete a\u00f1os, para presentar su trabajo \u00abLluvia\u00bb.<\/p>\n<p>La figura de Jos\u00e9 Fern\u00e1ndez Torres, el guitarrista almeriense conocido como Tomatito, ser\u00e1 tambi\u00e9n protagonista de esta cita. Ganador de cuatro premios Grammy, su \u00abcarism\u00e1tica personalidad y su maestr\u00eda\u00bb quedar\u00e1n patentes el pr\u00f3ximo el pr\u00f3ximo 8 de marzo.<\/p>\n<p>Tomatito ha colaborado con grandes cantaores como el fallecido Enrique Llorente, padre de Estrella Morente; Jos\u00e9 Menese y Vicente Soto, adem\u00e1s de colaborar con estrellas como Elton John o Chick Corea.<\/p>\n<p>\u00abStars of Flamenco\u00bb, evento con el que arranca el festival el 27 de febrero pr\u00f3ximo, reunir\u00e1 a cuatro de los m\u00e1s reconocidos bailaores de flamenco: Antonio Canales, Carlos Rodr\u00edguez, la bailaora Karime Amaya, sobrina-nieta de Carmen Amaya, y Jes\u00fas Carmona.<\/p>\n","protected":false},"excerpt":{"rendered":"<p>Miami (EE.UU.), 22 ene (EFE).- Estrella Morente, Eva Yerbabuena y su ballet flamenco y Tomatito Sextet forman parte del cartel del Flamenco Festival Miami, que, del 27 de febrero al 8 de marzo, llevar\u00e1n una muestra de este arte a los escenario de Miami. El Flamenco Festival Miami alcanza este a\u00f1o su s\u00e9ptima edici\u00f3n con<\/p>\n","protected":false},"author":1,"featured_media":1625,"comment_status":"open","ping_status":"open","sticky":false,"template":"","format":"standard","meta":{"footnotes":""},"categories":[224],"tags":[],"class_list":{"0":"post-1624","1":"post","2":"type-post","3":"status-publish","4":"format-standard","5":"has-post-thumbnail","7":"category-noticias-actualidad"},"aioseo_notices":[],"aioseo_head":"\n\t\t<!-- All in One SEO Pro 4.9.6.1 - aioseo.com -->\n\t<meta name=\"description\" content=\"Miami (EE.UU.), 22 ene (EFE).- Estrella Morente, Eva Yerbabuena y su ballet flamenco y Tomatito Sextet forman parte del cartel del Flamenco Festival Miami, que, del 27 de febrero al 8 de marzo, llevar\u00e1n una muestra de este arte a los escenario de Miami. El Flamenco Festival Miami alcanza este a\u00f1o su s\u00e9ptima edici\u00f3n con\" \/>\n\t<meta name=\"robots\" content=\"max-image-preview:large\" \/>\n\t<meta name=\"author\" content=\"admin\"\/>\n\t<meta name=\"google-site-verification\" content=\"UA-38556648-1\" \/>\n\t<meta name=\"keywords\" content=\"noticias y actualidad\" \/>\n\t<link rel=\"canonical\" href=\"https:\/\/eldigitaldeasturias.com\/magazine365\/eva-yerbabuena-estrella-morente-y-tomatito-en-el-festival-de-flamenco-de-miami\/\" \/>\n\t<meta name=\"generator\" content=\"All in One SEO Pro (AIOSEO) 4.9.6.1\" \/>\n\t\t<meta property=\"og:locale\" content=\"es_ES\" \/>\n\t\t<meta property=\"og:site_name\" content=\"El Digital de Asturias \u2013 Revista de ocio, turismo y estilo de vida\" \/>\n\t\t<meta property=\"og:type\" content=\"article\" \/>\n\t\t<meta property=\"og:title\" content=\"Eva Yerbabuena, Estrella Morente y Tomatito, en el festival de Flamenco de Miami | El Digital de Asturias\" \/>\n\t\t<meta property=\"og:description\" content=\"Miami (EE.UU.), 22 ene (EFE).- Estrella Morente, Eva Yerbabuena y su ballet flamenco y Tomatito Sextet forman parte del cartel del Flamenco Festival Miami, que, del 27 de febrero al 8 de marzo, llevar\u00e1n una muestra de este arte a los escenario de Miami. El Flamenco Festival Miami alcanza este a\u00f1o su s\u00e9ptima edici\u00f3n con\" \/>\n\t\t<meta property=\"og:url\" content=\"https:\/\/eldigitaldeasturias.com\/magazine365\/eva-yerbabuena-estrella-morente-y-tomatito-en-el-festival-de-flamenco-de-miami\/\" \/>\n\t\t<meta property=\"og:image\" content=\"https:\/\/eldigitaldeasturias.com\/magazine365\/wp-content\/uploads\/2014\/01\/5868447w.jpg\" \/>\n\t\t<meta property=\"og:image:secure_url\" content=\"https:\/\/eldigitaldeasturias.com\/magazine365\/wp-content\/uploads\/2014\/01\/5868447w.jpg\" \/>\n\t\t<meta property=\"og:image:width\" content=\"800\" \/>\n\t\t<meta property=\"og:image:height\" content=\"519\" \/>\n\t\t<meta property=\"article:published_time\" content=\"2014-01-23T11:06:42+00:00\" \/>\n\t\t<meta property=\"article:modified_time\" content=\"2014-01-23T11:06:46+00:00\" \/>\n\t\t<meta name=\"twitter:card\" content=\"summary_large_image\" \/>\n\t\t<meta name=\"twitter:title\" content=\"Eva Yerbabuena, Estrella Morente y Tomatito, en el festival de Flamenco de Miami | El Digital de Asturias\" \/>\n\t\t<meta name=\"twitter:description\" content=\"Miami (EE.UU.), 22 ene (EFE).- Estrella Morente, Eva Yerbabuena y su ballet flamenco y Tomatito Sextet forman parte del cartel del Flamenco Festival Miami, que, del 27 de febrero al 8 de marzo, llevar\u00e1n una muestra de este arte a los escenario de Miami. El Flamenco Festival Miami alcanza este a\u00f1o su s\u00e9ptima edici\u00f3n con\" \/>\n\t\t<meta name=\"twitter:image\" content=\"https:\/\/eldigitaldeasturias.com\/magazine365\/wp-content\/uploads\/2014\/01\/5868447w.jpg\" \/>\n\t\t<script type=\"application\/ld+json\" class=\"aioseo-schema\">\n\t\t\t{\"@context\":\"https:\\\/\\\/schema.org\",\"@graph\":[{\"@type\":\"Article\",\"@id\":\"https:\\\/\\\/eldigitaldeasturias.com\\\/magazine365\\\/eva-yerbabuena-estrella-morente-y-tomatito-en-el-festival-de-flamenco-de-miami\\\/#article\",\"name\":\"Eva Yerbabuena, Estrella Morente y Tomatito, en el festival de Flamenco de Miami | El Digital de Asturias\",\"headline\":\"Eva Yerbabuena, Estrella Morente y Tomatito, en el festival de Flamenco de Miami\",\"author\":{\"@id\":\"https:\\\/\\\/eldigitaldeasturias.com\\\/magazine365\\\/author\\\/admin\\\/#author\"},\"publisher\":{\"@id\":\"https:\\\/\\\/eldigitaldeasturias.com\\\/magazine365\\\/#organization\"},\"image\":{\"@type\":\"ImageObject\",\"url\":\"https:\\\/\\\/eldigitaldeasturias.com\\\/magazine365\\\/wp-content\\\/uploads\\\/2014\\\/01\\\/5868447w.jpg\",\"width\":800,\"height\":519},\"datePublished\":\"2014-01-23T10:06:42+01:00\",\"dateModified\":\"2014-01-23T10:06:46+01:00\",\"inLanguage\":\"es-ES\",\"mainEntityOfPage\":{\"@id\":\"https:\\\/\\\/eldigitaldeasturias.com\\\/magazine365\\\/eva-yerbabuena-estrella-morente-y-tomatito-en-el-festival-de-flamenco-de-miami\\\/#webpage\"},\"isPartOf\":{\"@id\":\"https:\\\/\\\/eldigitaldeasturias.com\\\/magazine365\\\/eva-yerbabuena-estrella-morente-y-tomatito-en-el-festival-de-flamenco-de-miami\\\/#webpage\"},\"articleSection\":\"Noticias y Actualidad\"},{\"@type\":\"BreadcrumbList\",\"@id\":\"https:\\\/\\\/eldigitaldeasturias.com\\\/magazine365\\\/eva-yerbabuena-estrella-morente-y-tomatito-en-el-festival-de-flamenco-de-miami\\\/#breadcrumblist\",\"itemListElement\":[{\"@type\":\"ListItem\",\"@id\":\"https:\\\/\\\/eldigitaldeasturias.com\\\/magazine365#listItem\",\"position\":1,\"name\":\"Home\",\"item\":\"https:\\\/\\\/eldigitaldeasturias.com\\\/magazine365\",\"nextItem\":{\"@type\":\"ListItem\",\"@id\":\"https:\\\/\\\/eldigitaldeasturias.com\\\/magazine365\\\/category\\\/noticias-actualidad\\\/#listItem\",\"name\":\"Noticias y Actualidad\"}},{\"@type\":\"ListItem\",\"@id\":\"https:\\\/\\\/eldigitaldeasturias.com\\\/magazine365\\\/category\\\/noticias-actualidad\\\/#listItem\",\"position\":2,\"name\":\"Noticias y Actualidad\",\"item\":\"https:\\\/\\\/eldigitaldeasturias.com\\\/magazine365\\\/category\\\/noticias-actualidad\\\/\",\"nextItem\":{\"@type\":\"ListItem\",\"@id\":\"https:\\\/\\\/eldigitaldeasturias.com\\\/magazine365\\\/eva-yerbabuena-estrella-morente-y-tomatito-en-el-festival-de-flamenco-de-miami\\\/#listItem\",\"name\":\"Eva Yerbabuena, Estrella Morente y Tomatito, en el festival de Flamenco de Miami\"},\"previousItem\":{\"@type\":\"ListItem\",\"@id\":\"https:\\\/\\\/eldigitaldeasturias.com\\\/magazine365#listItem\",\"name\":\"Home\"}},{\"@type\":\"ListItem\",\"@id\":\"https:\\\/\\\/eldigitaldeasturias.com\\\/magazine365\\\/eva-yerbabuena-estrella-morente-y-tomatito-en-el-festival-de-flamenco-de-miami\\\/#listItem\",\"position\":3,\"name\":\"Eva Yerbabuena, Estrella Morente y Tomatito, en el festival de Flamenco de Miami\",\"previousItem\":{\"@type\":\"ListItem\",\"@id\":\"https:\\\/\\\/eldigitaldeasturias.com\\\/magazine365\\\/category\\\/noticias-actualidad\\\/#listItem\",\"name\":\"Noticias y Actualidad\"}}]},{\"@type\":\"Organization\",\"@id\":\"https:\\\/\\\/eldigitaldeasturias.com\\\/magazine365\\\/#organization\",\"name\":\"El digital de Asturias\",\"description\":\"Revista de ocio, turismo y estilo de vida\",\"url\":\"https:\\\/\\\/eldigitaldeasturias.com\\\/magazine365\\\/\",\"logo\":{\"@type\":\"ImageObject\",\"url\":\"https:\\\/\\\/www.eldigitaldeasturias.com\\\/noticias\\\/wp-content\\\/uploads\\\/2020\\\/12\\\/EDA.jpg\",\"@id\":\"https:\\\/\\\/eldigitaldeasturias.com\\\/magazine365\\\/eva-yerbabuena-estrella-morente-y-tomatito-en-el-festival-de-flamenco-de-miami\\\/#organizationLogo\"},\"image\":{\"@id\":\"https:\\\/\\\/eldigitaldeasturias.com\\\/magazine365\\\/eva-yerbabuena-estrella-morente-y-tomatito-en-el-festival-de-flamenco-de-miami\\\/#organizationLogo\"}},{\"@type\":\"Person\",\"@id\":\"https:\\\/\\\/eldigitaldeasturias.com\\\/magazine365\\\/author\\\/admin\\\/#author\",\"url\":\"https:\\\/\\\/eldigitaldeasturias.com\\\/magazine365\\\/author\\\/admin\\\/\",\"name\":\"admin\",\"image\":{\"@type\":\"ImageObject\",\"@id\":\"https:\\\/\\\/eldigitaldeasturias.com\\\/magazine365\\\/eva-yerbabuena-estrella-morente-y-tomatito-en-el-festival-de-flamenco-de-miami\\\/#authorImage\",\"url\":\"https:\\\/\\\/eldigitaldeasturias.com\\\/magazine365\\\/wp-content\\\/litespeed\\\/avatar\\\/e571bcf59a0edd6fa6838245a470f2fe.jpg?ver=1777574230\",\"width\":96,\"height\":96,\"caption\":\"admin\"}},{\"@type\":\"WebPage\",\"@id\":\"https:\\\/\\\/eldigitaldeasturias.com\\\/magazine365\\\/eva-yerbabuena-estrella-morente-y-tomatito-en-el-festival-de-flamenco-de-miami\\\/#webpage\",\"url\":\"https:\\\/\\\/eldigitaldeasturias.com\\\/magazine365\\\/eva-yerbabuena-estrella-morente-y-tomatito-en-el-festival-de-flamenco-de-miami\\\/\",\"name\":\"Eva Yerbabuena, Estrella Morente y Tomatito, en el festival de Flamenco de Miami | El Digital de Asturias\",\"description\":\"Miami (EE.UU.), 22 ene (EFE).- Estrella Morente, Eva Yerbabuena y su ballet flamenco y Tomatito Sextet forman parte del cartel del Flamenco Festival Miami, que, del 27 de febrero al 8 de marzo, llevar\\u00e1n una muestra de este arte a los escenario de Miami. El Flamenco Festival Miami alcanza este a\\u00f1o su s\\u00e9ptima edici\\u00f3n con\",\"inLanguage\":\"es-ES\",\"isPartOf\":{\"@id\":\"https:\\\/\\\/eldigitaldeasturias.com\\\/magazine365\\\/#website\"},\"breadcrumb\":{\"@id\":\"https:\\\/\\\/eldigitaldeasturias.com\\\/magazine365\\\/eva-yerbabuena-estrella-morente-y-tomatito-en-el-festival-de-flamenco-de-miami\\\/#breadcrumblist\"},\"author\":{\"@id\":\"https:\\\/\\\/eldigitaldeasturias.com\\\/magazine365\\\/author\\\/admin\\\/#author\"},\"creator\":{\"@id\":\"https:\\\/\\\/eldigitaldeasturias.com\\\/magazine365\\\/author\\\/admin\\\/#author\"},\"image\":{\"@type\":\"ImageObject\",\"url\":\"https:\\\/\\\/eldigitaldeasturias.com\\\/magazine365\\\/wp-content\\\/uploads\\\/2014\\\/01\\\/5868447w.jpg\",\"@id\":\"https:\\\/\\\/eldigitaldeasturias.com\\\/magazine365\\\/eva-yerbabuena-estrella-morente-y-tomatito-en-el-festival-de-flamenco-de-miami\\\/#mainImage\",\"width\":800,\"height\":519},\"primaryImageOfPage\":{\"@id\":\"https:\\\/\\\/eldigitaldeasturias.com\\\/magazine365\\\/eva-yerbabuena-estrella-morente-y-tomatito-en-el-festival-de-flamenco-de-miami\\\/#mainImage\"},\"datePublished\":\"2014-01-23T10:06:42+01:00\",\"dateModified\":\"2014-01-23T10:06:46+01:00\"},{\"@type\":\"WebSite\",\"@id\":\"https:\\\/\\\/eldigitaldeasturias.com\\\/magazine365\\\/#website\",\"url\":\"https:\\\/\\\/eldigitaldeasturias.com\\\/magazine365\\\/\",\"name\":\"El Digital de Asturias\",\"description\":\"Revista de ocio, turismo y estilo de vida\",\"inLanguage\":\"es-ES\",\"publisher\":{\"@id\":\"https:\\\/\\\/eldigitaldeasturias.com\\\/magazine365\\\/#organization\"}}]}\n\t\t<\/script>\n\t\t<!-- All in One SEO Pro -->\r\n\t\t<title>Eva Yerbabuena, Estrella Morente y Tomatito, en el festival de Flamenco de Miami | El Digital de Asturias<\/title>\n\n","aioseo_head_json":{"title":"Eva Yerbabuena, Estrella Morente y Tomatito, en el festival de Flamenco de Miami | El Digital de Asturias","description":"Miami (EE.UU.), 22 ene (EFE).- Estrella Morente, Eva Yerbabuena y su ballet flamenco y Tomatito Sextet forman parte del cartel del Flamenco Festival Miami, que, del 27 de febrero al 8 de marzo, llevar\u00e1n una muestra de este arte a los escenario de Miami. El Flamenco Festival Miami alcanza este a\u00f1o su s\u00e9ptima edici\u00f3n con","canonical_url":"https:\/\/eldigitaldeasturias.com\/magazine365\/eva-yerbabuena-estrella-morente-y-tomatito-en-el-festival-de-flamenco-de-miami\/","robots":"max-image-preview:large","keywords":"noticias y actualidad","webmasterTools":{"google-site-verification":"UA-38556648-1","miscellaneous":""},"schema":{"@context":"https:\/\/schema.org","@graph":[{"@type":"Article","@id":"https:\/\/eldigitaldeasturias.com\/magazine365\/eva-yerbabuena-estrella-morente-y-tomatito-en-el-festival-de-flamenco-de-miami\/#article","name":"Eva Yerbabuena, Estrella Morente y Tomatito, en el festival de Flamenco de Miami | El Digital de Asturias","headline":"Eva Yerbabuena, Estrella Morente y Tomatito, en el festival de Flamenco de Miami","author":{"@id":"https:\/\/eldigitaldeasturias.com\/magazine365\/author\/admin\/#author"},"publisher":{"@id":"https:\/\/eldigitaldeasturias.com\/magazine365\/#organization"},"image":{"@type":"ImageObject","url":"https:\/\/eldigitaldeasturias.com\/magazine365\/wp-content\/uploads\/2014\/01\/5868447w.jpg","width":800,"height":519},"datePublished":"2014-01-23T10:06:42+01:00","dateModified":"2014-01-23T10:06:46+01:00","inLanguage":"es-ES","mainEntityOfPage":{"@id":"https:\/\/eldigitaldeasturias.com\/magazine365\/eva-yerbabuena-estrella-morente-y-tomatito-en-el-festival-de-flamenco-de-miami\/#webpage"},"isPartOf":{"@id":"https:\/\/eldigitaldeasturias.com\/magazine365\/eva-yerbabuena-estrella-morente-y-tomatito-en-el-festival-de-flamenco-de-miami\/#webpage"},"articleSection":"Noticias y Actualidad"},{"@type":"BreadcrumbList","@id":"https:\/\/eldigitaldeasturias.com\/magazine365\/eva-yerbabuena-estrella-morente-y-tomatito-en-el-festival-de-flamenco-de-miami\/#breadcrumblist","itemListElement":[{"@type":"ListItem","@id":"https:\/\/eldigitaldeasturias.com\/magazine365#listItem","position":1,"name":"Home","item":"https:\/\/eldigitaldeasturias.com\/magazine365","nextItem":{"@type":"ListItem","@id":"https:\/\/eldigitaldeasturias.com\/magazine365\/category\/noticias-actualidad\/#listItem","name":"Noticias y Actualidad"}},{"@type":"ListItem","@id":"https:\/\/eldigitaldeasturias.com\/magazine365\/category\/noticias-actualidad\/#listItem","position":2,"name":"Noticias y Actualidad","item":"https:\/\/eldigitaldeasturias.com\/magazine365\/category\/noticias-actualidad\/","nextItem":{"@type":"ListItem","@id":"https:\/\/eldigitaldeasturias.com\/magazine365\/eva-yerbabuena-estrella-morente-y-tomatito-en-el-festival-de-flamenco-de-miami\/#listItem","name":"Eva Yerbabuena, Estrella Morente y Tomatito, en el festival de Flamenco de Miami"},"previousItem":{"@type":"ListItem","@id":"https:\/\/eldigitaldeasturias.com\/magazine365#listItem","name":"Home"}},{"@type":"ListItem","@id":"https:\/\/eldigitaldeasturias.com\/magazine365\/eva-yerbabuena-estrella-morente-y-tomatito-en-el-festival-de-flamenco-de-miami\/#listItem","position":3,"name":"Eva Yerbabuena, Estrella Morente y Tomatito, en el festival de Flamenco de Miami","previousItem":{"@type":"ListItem","@id":"https:\/\/eldigitaldeasturias.com\/magazine365\/category\/noticias-actualidad\/#listItem","name":"Noticias y Actualidad"}}]},{"@type":"Organization","@id":"https:\/\/eldigitaldeasturias.com\/magazine365\/#organization","name":"El digital de Asturias","description":"Revista de ocio, turismo y estilo de vida","url":"https:\/\/eldigitaldeasturias.com\/magazine365\/","logo":{"@type":"ImageObject","url":"https:\/\/www.eldigitaldeasturias.com\/noticias\/wp-content\/uploads\/2020\/12\/EDA.jpg","@id":"https:\/\/eldigitaldeasturias.com\/magazine365\/eva-yerbabuena-estrella-morente-y-tomatito-en-el-festival-de-flamenco-de-miami\/#organizationLogo"},"image":{"@id":"https:\/\/eldigitaldeasturias.com\/magazine365\/eva-yerbabuena-estrella-morente-y-tomatito-en-el-festival-de-flamenco-de-miami\/#organizationLogo"}},{"@type":"Person","@id":"https:\/\/eldigitaldeasturias.com\/magazine365\/author\/admin\/#author","url":"https:\/\/eldigitaldeasturias.com\/magazine365\/author\/admin\/","name":"admin","image":{"@type":"ImageObject","@id":"https:\/\/eldigitaldeasturias.com\/magazine365\/eva-yerbabuena-estrella-morente-y-tomatito-en-el-festival-de-flamenco-de-miami\/#authorImage","url":"https:\/\/eldigitaldeasturias.com\/magazine365\/wp-content\/litespeed\/avatar\/e571bcf59a0edd6fa6838245a470f2fe.jpg?ver=1777574230","width":96,"height":96,"caption":"admin"}},{"@type":"WebPage","@id":"https:\/\/eldigitaldeasturias.com\/magazine365\/eva-yerbabuena-estrella-morente-y-tomatito-en-el-festival-de-flamenco-de-miami\/#webpage","url":"https:\/\/eldigitaldeasturias.com\/magazine365\/eva-yerbabuena-estrella-morente-y-tomatito-en-el-festival-de-flamenco-de-miami\/","name":"Eva Yerbabuena, Estrella Morente y Tomatito, en el festival de Flamenco de Miami | El Digital de Asturias","description":"Miami (EE.UU.), 22 ene (EFE).- Estrella Morente, Eva Yerbabuena y su ballet flamenco y Tomatito Sextet forman parte del cartel del Flamenco Festival Miami, que, del 27 de febrero al 8 de marzo, llevar\u00e1n una muestra de este arte a los escenario de Miami. El Flamenco Festival Miami alcanza este a\u00f1o su s\u00e9ptima edici\u00f3n con","inLanguage":"es-ES","isPartOf":{"@id":"https:\/\/eldigitaldeasturias.com\/magazine365\/#website"},"breadcrumb":{"@id":"https:\/\/eldigitaldeasturias.com\/magazine365\/eva-yerbabuena-estrella-morente-y-tomatito-en-el-festival-de-flamenco-de-miami\/#breadcrumblist"},"author":{"@id":"https:\/\/eldigitaldeasturias.com\/magazine365\/author\/admin\/#author"},"creator":{"@id":"https:\/\/eldigitaldeasturias.com\/magazine365\/author\/admin\/#author"},"image":{"@type":"ImageObject","url":"https:\/\/eldigitaldeasturias.com\/magazine365\/wp-content\/uploads\/2014\/01\/5868447w.jpg","@id":"https:\/\/eldigitaldeasturias.com\/magazine365\/eva-yerbabuena-estrella-morente-y-tomatito-en-el-festival-de-flamenco-de-miami\/#mainImage","width":800,"height":519},"primaryImageOfPage":{"@id":"https:\/\/eldigitaldeasturias.com\/magazine365\/eva-yerbabuena-estrella-morente-y-tomatito-en-el-festival-de-flamenco-de-miami\/#mainImage"},"datePublished":"2014-01-23T10:06:42+01:00","dateModified":"2014-01-23T10:06:46+01:00"},{"@type":"WebSite","@id":"https:\/\/eldigitaldeasturias.com\/magazine365\/#website","url":"https:\/\/eldigitaldeasturias.com\/magazine365\/","name":"El Digital de Asturias","description":"Revista de ocio, turismo y estilo de vida","inLanguage":"es-ES","publisher":{"@id":"https:\/\/eldigitaldeasturias.com\/magazine365\/#organization"}}]},"og:locale":"es_ES","og:site_name":"El Digital de Asturias \u2013 Revista de ocio, turismo y estilo de vida","og:type":"article","og:title":"Eva Yerbabuena, Estrella Morente y Tomatito, en el festival de Flamenco de Miami | El Digital de Asturias","og:description":"Miami (EE.UU.), 22 ene (EFE).- Estrella Morente, Eva Yerbabuena y su ballet flamenco y Tomatito Sextet forman parte del cartel del Flamenco Festival Miami, que, del 27 de febrero al 8 de marzo, llevar\u00e1n una muestra de este arte a los escenario de Miami. El Flamenco Festival Miami alcanza este a\u00f1o su s\u00e9ptima edici\u00f3n con","og:url":"https:\/\/eldigitaldeasturias.com\/magazine365\/eva-yerbabuena-estrella-morente-y-tomatito-en-el-festival-de-flamenco-de-miami\/","og:image":"https:\/\/eldigitaldeasturias.com\/magazine365\/wp-content\/uploads\/2014\/01\/5868447w.jpg","og:image:secure_url":"https:\/\/eldigitaldeasturias.com\/magazine365\/wp-content\/uploads\/2014\/01\/5868447w.jpg","og:image:width":800,"og:image:height":519,"article:published_time":"2014-01-23T11:06:42+00:00","article:modified_time":"2014-01-23T11:06:46+00:00","twitter:card":"summary_large_image","twitter:title":"Eva Yerbabuena, Estrella Morente y Tomatito, en el festival de Flamenco de Miami | El Digital de Asturias","twitter:description":"Miami (EE.UU.), 22 ene (EFE).- Estrella Morente, Eva Yerbabuena y su ballet flamenco y Tomatito Sextet forman parte del cartel del Flamenco Festival Miami, que, del 27 de febrero al 8 de marzo, llevar\u00e1n una muestra de este arte a los escenario de Miami. El Flamenco Festival Miami alcanza este a\u00f1o su s\u00e9ptima edici\u00f3n con","twitter:image":"https:\/\/eldigitaldeasturias.com\/magazine365\/wp-content\/uploads\/2014\/01\/5868447w.jpg"},"aioseo_meta_data":{"post_id":"1624","title":null,"description":null,"keywords":null,"keyphrases":null,"primary_term":null,"canonical_url":null,"og_title":null,"og_description":null,"og_object_type":"default","og_image_type":"default","og_image_url":null,"og_image_width":null,"og_image_height":null,"og_image_custom_url":null,"og_image_custom_fields":null,"og_video":null,"og_custom_url":null,"og_article_section":null,"og_article_tags":null,"twitter_use_og":false,"twitter_card":"default","twitter_image_type":"default","twitter_image_url":null,"twitter_image_custom_url":null,"twitter_image_custom_fields":null,"twitter_title":null,"twitter_description":null,"schema":{"blockGraphs":[],"customGraphs":[],"default":{"data":{"Article":[],"Course":[],"Dataset":[],"FAQPage":[],"Movie":[],"Person":[],"Product":[],"ProductReview":[],"Car":[],"Recipe":[],"Service":[],"SoftwareApplication":[],"WebPage":[]},"graphName":"","isEnabled":true},"graphs":[],"defaultGraph":"","defaultPostTypeGraph":""},"schema_type":null,"schema_type_options":null,"pillar_content":false,"robots_default":true,"robots_noindex":false,"robots_noarchive":false,"robots_nosnippet":false,"robots_nofollow":false,"robots_noimageindex":false,"robots_noodp":false,"robots_notranslate":false,"robots_max_snippet":null,"robots_max_videopreview":null,"robots_max_imagepreview":"large","priority":null,"frequency":null,"location":null,"local_seo":null,"seo_analyzer_scan_date":"2025-09-16 09:44:27","breadcrumb_settings":null,"limit_modified_date":false,"open_ai":null,"ai":null,"created":"2020-12-21 13:39:34","updated":"2025-09-16 09:44:27"},"aioseo_breadcrumb":"<div class=\"aioseo-breadcrumbs\"><span class=\"aioseo-breadcrumb\">\n\t<a href=\"https:\/\/eldigitaldeasturias.com\/magazine365\" title=\"Home\">Home<\/a>\n<\/span><span class=\"aioseo-breadcrumb-separator\">\u2013<\/span><span class=\"aioseo-breadcrumb\">\n\t<a href=\"https:\/\/eldigitaldeasturias.com\/magazine365\/category\/noticias-actualidad\/\" title=\"Noticias y Actualidad\">Noticias y Actualidad<\/a>\n<\/span><span class=\"aioseo-breadcrumb-separator\">\u2013<\/span><span class=\"aioseo-breadcrumb\">\n\t<a href=\"https:\/\/eldigitaldeasturias.com\/magazine365\/eva-yerbabuena-estrella-morente-y-tomatito-en-el-festival-de-flamenco-de-miami\/\" title=\"Eva Yerbabuena, Estrella Morente y Tomatito, en el festival de Flamenco de Miami\">Eva Yerbabuena, Estrella Morente y Tomatito, en el festival de Flamenco de Miami<\/a>\n<\/span><\/div>","aioseo_breadcrumb_json":[{"label":"Home","link":"https:\/\/eldigitaldeasturias.com\/magazine365"},{"label":"Noticias y Actualidad","link":"https:\/\/eldigitaldeasturias.com\/magazine365\/category\/noticias-actualidad\/"},{"label":"Eva Yerbabuena, Estrella Morente y Tomatito, en el festival de Flamenco de Miami","link":"https:\/\/eldigitaldeasturias.com\/magazine365\/eva-yerbabuena-estrella-morente-y-tomatito-en-el-festival-de-flamenco-de-miami\/"}],"_links":{"self":[{"href":"https:\/\/eldigitaldeasturias.com\/magazine365\/wp-json\/wp\/v2\/posts\/1624","targetHints":{"allow":["GET"]}}],"collection":[{"href":"https:\/\/eldigitaldeasturias.com\/magazine365\/wp-json\/wp\/v2\/posts"}],"about":[{"href":"https:\/\/eldigitaldeasturias.com\/magazine365\/wp-json\/wp\/v2\/types\/post"}],"author":[{"embeddable":true,"href":"https:\/\/eldigitaldeasturias.com\/magazine365\/wp-json\/wp\/v2\/users\/1"}],"replies":[{"embeddable":true,"href":"https:\/\/eldigitaldeasturias.com\/magazine365\/wp-json\/wp\/v2\/comments?post=1624"}],"version-history":[{"count":0,"href":"https:\/\/eldigitaldeasturias.com\/magazine365\/wp-json\/wp\/v2\/posts\/1624\/revisions"}],"wp:featuredmedia":[{"embeddable":true,"href":"https:\/\/eldigitaldeasturias.com\/magazine365\/wp-json\/wp\/v2\/media\/1625"}],"wp:attachment":[{"href":"https:\/\/eldigitaldeasturias.com\/magazine365\/wp-json\/wp\/v2\/media?parent=1624"}],"wp:term":[{"taxonomy":"category","embeddable":true,"href":"https:\/\/eldigitaldeasturias.com\/magazine365\/wp-json\/wp\/v2\/categories?post=1624"},{"taxonomy":"post_tag","embeddable":true,"href":"https:\/\/eldigitaldeasturias.com\/magazine365\/wp-json\/wp\/v2\/tags?post=1624"}],"curies":[{"name":"wp","href":"https:\/\/api.w.org\/{rel}","templated":true}]}}