{"id":1605,"date":"2014-01-22T21:17:02","date_gmt":"2014-01-22T22:17:02","guid":{"rendered":"http:\/\/eldigitaldeasturias.com\/magazine365\/?p=1605"},"modified":"2014-01-22T21:17:02","modified_gmt":"2014-01-22T22:17:02","slug":"dudamel-dirige-en-notre-dame-de-paris-un-requiem-dedicado-a-abbado","status":"publish","type":"post","link":"https:\/\/eldigitaldeasturias.com\/magazine365\/dudamel-dirige-en-notre-dame-de-paris-un-requiem-dedicado-a-abbado\/","title":{"rendered":"Dudamel dirige en Notre Dame de Par\u00eds un \u00abR\u00e9quiem\u00bb dedicado a Abbado"},"content":{"rendered":"<p><img fetchpriority=\"high\" decoding=\"async\" class=\"alignleft size-medium wp-image-1606\" alt=\"5867893w\" src=\"https:\/\/eldigitaldeasturias.com\/magazine365\/wp-content\/uploads\/2014\/01\/5867893w-360x239.jpg\" width=\"360\" height=\"239\" \/>Par\u00eds, 22 ene (EFE).- El \u00abR\u00e9quiem\u00bb que el maestro venezolano Gustavo Dudamel dirige hoy en la Catedral de Notre Dame, al frente de la Orquesta Sinf\u00f3nica Sim\u00f3n Bol\u00edvar, la Filarm\u00f3nica de Radio France y dos corales, estar\u00e1 dedicado al m\u00fasico italiano Claudio Abbado, fallecido este lunes a los 80 a\u00f1os.<\/p>\n<p>De dimensiones monumentales tanto por el lugar elegido como por el n\u00famero de int\u00e9rpretes y su nivel internacional, el evento ser\u00e1 retransmitido en directo por Internet v\u00eda ARTE Libe Web.<\/p>\n<p>Dudamel y las dos orquestas que ya ha dirigido juntas en otras ocasiones, la Coral de Radio France y la Maitrise de Notre Dame rindieron un primer homenaje al maestro italiano en su primer ensayo en Par\u00eds.<\/p>\n<p>\u00abLamentablemente, hoy es un d\u00eda muy triste para nosotros y creo que para el mundo de la m\u00fasica cl\u00e1sica tambi\u00e9n lo es\u00bb, dijo Dudamel en el coraz\u00f3n de la c\u00e9lebre catedral parisina al evocar la desaparici\u00f3n de \u00abnuestro amado maestro Abaddo\u00bb.<\/p>\n<p>Era una figura \u00abmuy pr\u00f3xima de El Sistema, y de la Orquesta Sim\u00f3n Bol\u00edvar y m\u00eda, por supuesto, ha fallecido esta ma\u00f1ana y vamos a dedicarle este &#8216;R\u00e9quiem'\u00bb, a\u00f1ad\u00eda en un v\u00eddeo divulgado por El Sistema de Orquestas y Coros Juveniles e Infantiles de Venezuela.<\/p>\n<p>\u00abPara m\u00ed Claudio Abbado ser\u00e1 siempre parte de ese excelso grupo de Genios en la historia del Arte\u00bb, explica el tambi\u00e9n director en La Filarm\u00f3nica de Los \u00c1ngeles (EE.UU.) en su p\u00e1gina web, donde glosa \u00absu infinita generosidad y amor\u00bb, que tanto le influyeron desde su juventud y que, afirma, considerar\u00e1 siempre como uno de sus m\u00e1s \u00abvaliosos tesoros\u00bb<\/p>\n<p>Abbado fue uno de los grandes apoyos extranjeros de El Sistema de Venezuela, estructura pedag\u00f3gica que desde hace d\u00e9cadas da acceso a la m\u00fasica y con ella a la integraci\u00f3n social a miles de ni\u00f1os y j\u00f3venes de las clases sociales m\u00e1s desheredadas.<\/p>\n<p>La organizaci\u00f3n venezolana, que celebra en 2014 su 39 aniversario, fue fundada en 1975 por el m\u00fasico, economista y pol\u00edtico Jos\u00e9 Antonio Abreu, de 74 a\u00f1os, quien se encuentra en estos momentos en Par\u00eds, donde celebr\u00f3 igualmente la memoria del m\u00fasico italiano que de 2005 a 2010 le visit\u00f3 con frecuencia en Venezuela.<\/p>\n<p>La p\u00e9rdida del maestro Abaddo \u00abes tan irreparable como la inmensidad de su legado pedag\u00f3gico, social y art\u00edstico\u00bb, \u00e9l hizo del proyecto de El Sistema \u00abun programa de acci\u00f3n infinito, sin precedentes y hambriento de grandezas\u00bb, subray\u00f3.<\/p>\n<p>El fundador de esta organizaci\u00f3n que solo en Venezuela forma hoy a 400.000 ni\u00f1os y j\u00f3venes y se expande en cerca de 40 pa\u00edses, anunci\u00f3 que toda su temporada 2014 le estar\u00eda \u00abfervorosamente dedicada\u00bb y que esas orquestas y coros que tanto apoy\u00f3 Abbado le rendir\u00edan un gran homenaje en 2015 en Italia.<\/p>\n<p>Fuera de Venezuela, la temporada 2014 de El Sistema comenz\u00f3 el pasado d\u00eda 19 en la sala Pleyel, primera cita de su gira Par\u00eds-Oriente Medio, que el pr\u00f3ximo viernes marcar\u00e1 el debut oficial de Dudamel y la Sim\u00f3n Bol\u00edvar en la regi\u00f3n, con un concierto en la Royal Opera House de Mascate, en Om\u00e1n.<\/p>\n<p>En Francia, las relaciones con m\u00fasicos, profesores, orquestas y agrupaciones comenzaron en 1986, a\u00f1o en el que la Sim\u00f3n Bol\u00edvar se produjo por primera vez en Par\u00eds, seg\u00fan subraya la Fundaci\u00f3n Sim\u00f3n Bol\u00edvar.<\/p>\n<p>Con ocasi\u00f3n de sus nuevos conciertos en Par\u00eds, los representantes de Abreu visitaron algunos n\u00facleos que toman por modelo los logros venezolanos, como el impulsado en el colegio de Santa Mar\u00eda de Foug\u00e8res (Breta\u00f1a) por la asociaci\u00f3n Passeurs d&#8217;Arts y el director de orquesta St\u00e9phan Fourreau.<\/p>\n<p>Tambi\u00e9n en el noroeste franc\u00e9s, visitaron el colegio de la Fondation Orphelins Apprentis D&#8217;auteuil de Gorges, donde la asociaci\u00f3n El Sistema-France lanz\u00f3 el pasado septiembre su primer ciclo de formaci\u00f3n, con la direcci\u00f3n musical y pedag\u00f3gica del director de orquesta venezolano Alcides Maestre.<\/p>\n","protected":false},"excerpt":{"rendered":"<p>Par\u00eds, 22 ene (EFE).- El \u00abR\u00e9quiem\u00bb que el maestro venezolano Gustavo Dudamel dirige hoy en la Catedral de Notre Dame, al frente de la Orquesta Sinf\u00f3nica Sim\u00f3n Bol\u00edvar, la Filarm\u00f3nica de Radio France y dos corales, estar\u00e1 dedicado al m\u00fasico italiano Claudio Abbado, fallecido este lunes a los 80 a\u00f1os. De dimensiones monumentales tanto por<\/p>\n","protected":false},"author":1,"featured_media":1606,"comment_status":"open","ping_status":"open","sticky":false,"template":"","format":"standard","meta":{"footnotes":""},"categories":[224],"tags":[],"class_list":{"0":"post-1605","1":"post","2":"type-post","3":"status-publish","4":"format-standard","5":"has-post-thumbnail","7":"category-noticias-actualidad"},"aioseo_notices":[],"aioseo_head":"\n\t\t<!-- All in One SEO Pro 4.9.6.1 - aioseo.com -->\n\t<meta name=\"description\" content=\"Par\u00eds, 22 ene (EFE).- El &quot;R\u00e9quiem&quot; que el maestro venezolano Gustavo Dudamel dirige hoy en la Catedral de Notre Dame, al frente de la Orquesta Sinf\u00f3nica Sim\u00f3n Bol\u00edvar, la Filarm\u00f3nica de Radio France y dos corales, estar\u00e1 dedicado al m\u00fasico italiano Claudio Abbado, fallecido este lunes a los 80 a\u00f1os. De dimensiones monumentales tanto por\" \/>\n\t<meta name=\"robots\" content=\"max-image-preview:large\" \/>\n\t<meta name=\"author\" content=\"admin\"\/>\n\t<meta name=\"google-site-verification\" content=\"UA-38556648-1\" \/>\n\t<meta name=\"keywords\" content=\"noticias y actualidad\" \/>\n\t<link rel=\"canonical\" href=\"https:\/\/eldigitaldeasturias.com\/magazine365\/dudamel-dirige-en-notre-dame-de-paris-un-requiem-dedicado-a-abbado\/\" \/>\n\t<meta name=\"generator\" content=\"All in One SEO Pro (AIOSEO) 4.9.6.1\" \/>\n\t\t<meta property=\"og:locale\" content=\"es_ES\" \/>\n\t\t<meta property=\"og:site_name\" content=\"El Digital de Asturias \u2013 Revista de ocio, turismo y estilo de vida\" \/>\n\t\t<meta property=\"og:type\" content=\"article\" \/>\n\t\t<meta property=\"og:title\" content=\"Dudamel dirige en Notre Dame de Par\u00eds un \u00abR\u00e9quiem\u00bb dedicado a Abbado | El Digital de Asturias\" \/>\n\t\t<meta property=\"og:description\" content=\"Par\u00eds, 22 ene (EFE).- El &quot;R\u00e9quiem&quot; que el maestro venezolano Gustavo Dudamel dirige hoy en la Catedral de Notre Dame, al frente de la Orquesta Sinf\u00f3nica Sim\u00f3n Bol\u00edvar, la Filarm\u00f3nica de Radio France y dos corales, estar\u00e1 dedicado al m\u00fasico italiano Claudio Abbado, fallecido este lunes a los 80 a\u00f1os. De dimensiones monumentales tanto por\" \/>\n\t\t<meta property=\"og:url\" content=\"https:\/\/eldigitaldeasturias.com\/magazine365\/dudamel-dirige-en-notre-dame-de-paris-un-requiem-dedicado-a-abbado\/\" \/>\n\t\t<meta property=\"og:image\" content=\"https:\/\/eldigitaldeasturias.com\/magazine365\/wp-content\/uploads\/2014\/01\/5867893w.jpg\" \/>\n\t\t<meta property=\"og:image:secure_url\" content=\"https:\/\/eldigitaldeasturias.com\/magazine365\/wp-content\/uploads\/2014\/01\/5867893w.jpg\" \/>\n\t\t<meta property=\"og:image:width\" content=\"800\" \/>\n\t\t<meta property=\"og:image:height\" content=\"533\" \/>\n\t\t<meta property=\"article:published_time\" content=\"2014-01-22T22:17:02+00:00\" \/>\n\t\t<meta property=\"article:modified_time\" content=\"2014-01-22T22:17:02+00:00\" \/>\n\t\t<meta name=\"twitter:card\" content=\"summary_large_image\" \/>\n\t\t<meta name=\"twitter:title\" content=\"Dudamel dirige en Notre Dame de Par\u00eds un \u00abR\u00e9quiem\u00bb dedicado a Abbado | El Digital de Asturias\" \/>\n\t\t<meta name=\"twitter:description\" content=\"Par\u00eds, 22 ene (EFE).- El &quot;R\u00e9quiem&quot; que el maestro venezolano Gustavo Dudamel dirige hoy en la Catedral de Notre Dame, al frente de la Orquesta Sinf\u00f3nica Sim\u00f3n Bol\u00edvar, la Filarm\u00f3nica de Radio France y dos corales, estar\u00e1 dedicado al m\u00fasico italiano Claudio Abbado, fallecido este lunes a los 80 a\u00f1os. De dimensiones monumentales tanto por\" \/>\n\t\t<meta name=\"twitter:image\" content=\"https:\/\/eldigitaldeasturias.com\/magazine365\/wp-content\/uploads\/2014\/01\/5867893w.jpg\" \/>\n\t\t<script type=\"application\/ld+json\" class=\"aioseo-schema\">\n\t\t\t{\"@context\":\"https:\\\/\\\/schema.org\",\"@graph\":[{\"@type\":\"Article\",\"@id\":\"https:\\\/\\\/eldigitaldeasturias.com\\\/magazine365\\\/dudamel-dirige-en-notre-dame-de-paris-un-requiem-dedicado-a-abbado\\\/#article\",\"name\":\"Dudamel dirige en Notre Dame de Par\\u00eds un \\u00abR\\u00e9quiem\\u00bb dedicado a Abbado | El Digital de Asturias\",\"headline\":\"Dudamel dirige en Notre Dame de Par\\u00eds un \\u00abR\\u00e9quiem\\u00bb dedicado a Abbado\",\"author\":{\"@id\":\"https:\\\/\\\/eldigitaldeasturias.com\\\/magazine365\\\/author\\\/admin\\\/#author\"},\"publisher\":{\"@id\":\"https:\\\/\\\/eldigitaldeasturias.com\\\/magazine365\\\/#organization\"},\"image\":{\"@type\":\"ImageObject\",\"url\":\"https:\\\/\\\/eldigitaldeasturias.com\\\/magazine365\\\/wp-content\\\/uploads\\\/2014\\\/01\\\/5867893w.jpg\",\"width\":800,\"height\":533},\"datePublished\":\"2014-01-22T21:17:02+01:00\",\"dateModified\":\"2014-01-22T21:17:02+01:00\",\"inLanguage\":\"es-ES\",\"mainEntityOfPage\":{\"@id\":\"https:\\\/\\\/eldigitaldeasturias.com\\\/magazine365\\\/dudamel-dirige-en-notre-dame-de-paris-un-requiem-dedicado-a-abbado\\\/#webpage\"},\"isPartOf\":{\"@id\":\"https:\\\/\\\/eldigitaldeasturias.com\\\/magazine365\\\/dudamel-dirige-en-notre-dame-de-paris-un-requiem-dedicado-a-abbado\\\/#webpage\"},\"articleSection\":\"Noticias y Actualidad\"},{\"@type\":\"BreadcrumbList\",\"@id\":\"https:\\\/\\\/eldigitaldeasturias.com\\\/magazine365\\\/dudamel-dirige-en-notre-dame-de-paris-un-requiem-dedicado-a-abbado\\\/#breadcrumblist\",\"itemListElement\":[{\"@type\":\"ListItem\",\"@id\":\"https:\\\/\\\/eldigitaldeasturias.com\\\/magazine365#listItem\",\"position\":1,\"name\":\"Home\",\"item\":\"https:\\\/\\\/eldigitaldeasturias.com\\\/magazine365\",\"nextItem\":{\"@type\":\"ListItem\",\"@id\":\"https:\\\/\\\/eldigitaldeasturias.com\\\/magazine365\\\/category\\\/noticias-actualidad\\\/#listItem\",\"name\":\"Noticias y Actualidad\"}},{\"@type\":\"ListItem\",\"@id\":\"https:\\\/\\\/eldigitaldeasturias.com\\\/magazine365\\\/category\\\/noticias-actualidad\\\/#listItem\",\"position\":2,\"name\":\"Noticias y Actualidad\",\"item\":\"https:\\\/\\\/eldigitaldeasturias.com\\\/magazine365\\\/category\\\/noticias-actualidad\\\/\",\"nextItem\":{\"@type\":\"ListItem\",\"@id\":\"https:\\\/\\\/eldigitaldeasturias.com\\\/magazine365\\\/dudamel-dirige-en-notre-dame-de-paris-un-requiem-dedicado-a-abbado\\\/#listItem\",\"name\":\"Dudamel dirige en Notre Dame de Par\\u00eds un \\u00abR\\u00e9quiem\\u00bb dedicado a Abbado\"},\"previousItem\":{\"@type\":\"ListItem\",\"@id\":\"https:\\\/\\\/eldigitaldeasturias.com\\\/magazine365#listItem\",\"name\":\"Home\"}},{\"@type\":\"ListItem\",\"@id\":\"https:\\\/\\\/eldigitaldeasturias.com\\\/magazine365\\\/dudamel-dirige-en-notre-dame-de-paris-un-requiem-dedicado-a-abbado\\\/#listItem\",\"position\":3,\"name\":\"Dudamel dirige en Notre Dame de Par\\u00eds un \\u00abR\\u00e9quiem\\u00bb dedicado a Abbado\",\"previousItem\":{\"@type\":\"ListItem\",\"@id\":\"https:\\\/\\\/eldigitaldeasturias.com\\\/magazine365\\\/category\\\/noticias-actualidad\\\/#listItem\",\"name\":\"Noticias y Actualidad\"}}]},{\"@type\":\"Organization\",\"@id\":\"https:\\\/\\\/eldigitaldeasturias.com\\\/magazine365\\\/#organization\",\"name\":\"El digital de Asturias\",\"description\":\"Revista de ocio, turismo y estilo de vida\",\"url\":\"https:\\\/\\\/eldigitaldeasturias.com\\\/magazine365\\\/\",\"logo\":{\"@type\":\"ImageObject\",\"url\":\"https:\\\/\\\/www.eldigitaldeasturias.com\\\/noticias\\\/wp-content\\\/uploads\\\/2020\\\/12\\\/EDA.jpg\",\"@id\":\"https:\\\/\\\/eldigitaldeasturias.com\\\/magazine365\\\/dudamel-dirige-en-notre-dame-de-paris-un-requiem-dedicado-a-abbado\\\/#organizationLogo\"},\"image\":{\"@id\":\"https:\\\/\\\/eldigitaldeasturias.com\\\/magazine365\\\/dudamel-dirige-en-notre-dame-de-paris-un-requiem-dedicado-a-abbado\\\/#organizationLogo\"}},{\"@type\":\"Person\",\"@id\":\"https:\\\/\\\/eldigitaldeasturias.com\\\/magazine365\\\/author\\\/admin\\\/#author\",\"url\":\"https:\\\/\\\/eldigitaldeasturias.com\\\/magazine365\\\/author\\\/admin\\\/\",\"name\":\"admin\",\"image\":{\"@type\":\"ImageObject\",\"@id\":\"https:\\\/\\\/eldigitaldeasturias.com\\\/magazine365\\\/dudamel-dirige-en-notre-dame-de-paris-un-requiem-dedicado-a-abbado\\\/#authorImage\",\"url\":\"https:\\\/\\\/eldigitaldeasturias.com\\\/magazine365\\\/wp-content\\\/litespeed\\\/avatar\\\/e571bcf59a0edd6fa6838245a470f2fe.jpg?ver=1777574230\",\"width\":96,\"height\":96,\"caption\":\"admin\"}},{\"@type\":\"WebPage\",\"@id\":\"https:\\\/\\\/eldigitaldeasturias.com\\\/magazine365\\\/dudamel-dirige-en-notre-dame-de-paris-un-requiem-dedicado-a-abbado\\\/#webpage\",\"url\":\"https:\\\/\\\/eldigitaldeasturias.com\\\/magazine365\\\/dudamel-dirige-en-notre-dame-de-paris-un-requiem-dedicado-a-abbado\\\/\",\"name\":\"Dudamel dirige en Notre Dame de Par\\u00eds un \\u00abR\\u00e9quiem\\u00bb dedicado a Abbado | El Digital de Asturias\",\"description\":\"Par\\u00eds, 22 ene (EFE).- El \\\"R\\u00e9quiem\\\" que el maestro venezolano Gustavo Dudamel dirige hoy en la Catedral de Notre Dame, al frente de la Orquesta Sinf\\u00f3nica Sim\\u00f3n Bol\\u00edvar, la Filarm\\u00f3nica de Radio France y dos corales, estar\\u00e1 dedicado al m\\u00fasico italiano Claudio Abbado, fallecido este lunes a los 80 a\\u00f1os. De dimensiones monumentales tanto por\",\"inLanguage\":\"es-ES\",\"isPartOf\":{\"@id\":\"https:\\\/\\\/eldigitaldeasturias.com\\\/magazine365\\\/#website\"},\"breadcrumb\":{\"@id\":\"https:\\\/\\\/eldigitaldeasturias.com\\\/magazine365\\\/dudamel-dirige-en-notre-dame-de-paris-un-requiem-dedicado-a-abbado\\\/#breadcrumblist\"},\"author\":{\"@id\":\"https:\\\/\\\/eldigitaldeasturias.com\\\/magazine365\\\/author\\\/admin\\\/#author\"},\"creator\":{\"@id\":\"https:\\\/\\\/eldigitaldeasturias.com\\\/magazine365\\\/author\\\/admin\\\/#author\"},\"image\":{\"@type\":\"ImageObject\",\"url\":\"https:\\\/\\\/eldigitaldeasturias.com\\\/magazine365\\\/wp-content\\\/uploads\\\/2014\\\/01\\\/5867893w.jpg\",\"@id\":\"https:\\\/\\\/eldigitaldeasturias.com\\\/magazine365\\\/dudamel-dirige-en-notre-dame-de-paris-un-requiem-dedicado-a-abbado\\\/#mainImage\",\"width\":800,\"height\":533},\"primaryImageOfPage\":{\"@id\":\"https:\\\/\\\/eldigitaldeasturias.com\\\/magazine365\\\/dudamel-dirige-en-notre-dame-de-paris-un-requiem-dedicado-a-abbado\\\/#mainImage\"},\"datePublished\":\"2014-01-22T21:17:02+01:00\",\"dateModified\":\"2014-01-22T21:17:02+01:00\"},{\"@type\":\"WebSite\",\"@id\":\"https:\\\/\\\/eldigitaldeasturias.com\\\/magazine365\\\/#website\",\"url\":\"https:\\\/\\\/eldigitaldeasturias.com\\\/magazine365\\\/\",\"name\":\"El Digital de Asturias\",\"description\":\"Revista de ocio, turismo y estilo de vida\",\"inLanguage\":\"es-ES\",\"publisher\":{\"@id\":\"https:\\\/\\\/eldigitaldeasturias.com\\\/magazine365\\\/#organization\"}}]}\n\t\t<\/script>\n\t\t<!-- All in One SEO Pro -->\r\n\t\t<title>Dudamel dirige en Notre Dame de Par\u00eds un \u00abR\u00e9quiem\u00bb dedicado a Abbado | El Digital de Asturias<\/title>\n\n","aioseo_head_json":{"title":"Dudamel dirige en Notre Dame de Par\u00eds un \u00abR\u00e9quiem\u00bb dedicado a Abbado | El Digital de Asturias","description":"Par\u00eds, 22 ene (EFE).- El \"R\u00e9quiem\" que el maestro venezolano Gustavo Dudamel dirige hoy en la Catedral de Notre Dame, al frente de la Orquesta Sinf\u00f3nica Sim\u00f3n Bol\u00edvar, la Filarm\u00f3nica de Radio France y dos corales, estar\u00e1 dedicado al m\u00fasico italiano Claudio Abbado, fallecido este lunes a los 80 a\u00f1os. De dimensiones monumentales tanto por","canonical_url":"https:\/\/eldigitaldeasturias.com\/magazine365\/dudamel-dirige-en-notre-dame-de-paris-un-requiem-dedicado-a-abbado\/","robots":"max-image-preview:large","keywords":"noticias y actualidad","webmasterTools":{"google-site-verification":"UA-38556648-1","miscellaneous":""},"schema":{"@context":"https:\/\/schema.org","@graph":[{"@type":"Article","@id":"https:\/\/eldigitaldeasturias.com\/magazine365\/dudamel-dirige-en-notre-dame-de-paris-un-requiem-dedicado-a-abbado\/#article","name":"Dudamel dirige en Notre Dame de Par\u00eds un \u00abR\u00e9quiem\u00bb dedicado a Abbado | El Digital de Asturias","headline":"Dudamel dirige en Notre Dame de Par\u00eds un \u00abR\u00e9quiem\u00bb dedicado a Abbado","author":{"@id":"https:\/\/eldigitaldeasturias.com\/magazine365\/author\/admin\/#author"},"publisher":{"@id":"https:\/\/eldigitaldeasturias.com\/magazine365\/#organization"},"image":{"@type":"ImageObject","url":"https:\/\/eldigitaldeasturias.com\/magazine365\/wp-content\/uploads\/2014\/01\/5867893w.jpg","width":800,"height":533},"datePublished":"2014-01-22T21:17:02+01:00","dateModified":"2014-01-22T21:17:02+01:00","inLanguage":"es-ES","mainEntityOfPage":{"@id":"https:\/\/eldigitaldeasturias.com\/magazine365\/dudamel-dirige-en-notre-dame-de-paris-un-requiem-dedicado-a-abbado\/#webpage"},"isPartOf":{"@id":"https:\/\/eldigitaldeasturias.com\/magazine365\/dudamel-dirige-en-notre-dame-de-paris-un-requiem-dedicado-a-abbado\/#webpage"},"articleSection":"Noticias y Actualidad"},{"@type":"BreadcrumbList","@id":"https:\/\/eldigitaldeasturias.com\/magazine365\/dudamel-dirige-en-notre-dame-de-paris-un-requiem-dedicado-a-abbado\/#breadcrumblist","itemListElement":[{"@type":"ListItem","@id":"https:\/\/eldigitaldeasturias.com\/magazine365#listItem","position":1,"name":"Home","item":"https:\/\/eldigitaldeasturias.com\/magazine365","nextItem":{"@type":"ListItem","@id":"https:\/\/eldigitaldeasturias.com\/magazine365\/category\/noticias-actualidad\/#listItem","name":"Noticias y Actualidad"}},{"@type":"ListItem","@id":"https:\/\/eldigitaldeasturias.com\/magazine365\/category\/noticias-actualidad\/#listItem","position":2,"name":"Noticias y Actualidad","item":"https:\/\/eldigitaldeasturias.com\/magazine365\/category\/noticias-actualidad\/","nextItem":{"@type":"ListItem","@id":"https:\/\/eldigitaldeasturias.com\/magazine365\/dudamel-dirige-en-notre-dame-de-paris-un-requiem-dedicado-a-abbado\/#listItem","name":"Dudamel dirige en Notre Dame de Par\u00eds un \u00abR\u00e9quiem\u00bb dedicado a Abbado"},"previousItem":{"@type":"ListItem","@id":"https:\/\/eldigitaldeasturias.com\/magazine365#listItem","name":"Home"}},{"@type":"ListItem","@id":"https:\/\/eldigitaldeasturias.com\/magazine365\/dudamel-dirige-en-notre-dame-de-paris-un-requiem-dedicado-a-abbado\/#listItem","position":3,"name":"Dudamel dirige en Notre Dame de Par\u00eds un \u00abR\u00e9quiem\u00bb dedicado a Abbado","previousItem":{"@type":"ListItem","@id":"https:\/\/eldigitaldeasturias.com\/magazine365\/category\/noticias-actualidad\/#listItem","name":"Noticias y Actualidad"}}]},{"@type":"Organization","@id":"https:\/\/eldigitaldeasturias.com\/magazine365\/#organization","name":"El digital de Asturias","description":"Revista de ocio, turismo y estilo de vida","url":"https:\/\/eldigitaldeasturias.com\/magazine365\/","logo":{"@type":"ImageObject","url":"https:\/\/www.eldigitaldeasturias.com\/noticias\/wp-content\/uploads\/2020\/12\/EDA.jpg","@id":"https:\/\/eldigitaldeasturias.com\/magazine365\/dudamel-dirige-en-notre-dame-de-paris-un-requiem-dedicado-a-abbado\/#organizationLogo"},"image":{"@id":"https:\/\/eldigitaldeasturias.com\/magazine365\/dudamel-dirige-en-notre-dame-de-paris-un-requiem-dedicado-a-abbado\/#organizationLogo"}},{"@type":"Person","@id":"https:\/\/eldigitaldeasturias.com\/magazine365\/author\/admin\/#author","url":"https:\/\/eldigitaldeasturias.com\/magazine365\/author\/admin\/","name":"admin","image":{"@type":"ImageObject","@id":"https:\/\/eldigitaldeasturias.com\/magazine365\/dudamel-dirige-en-notre-dame-de-paris-un-requiem-dedicado-a-abbado\/#authorImage","url":"https:\/\/eldigitaldeasturias.com\/magazine365\/wp-content\/litespeed\/avatar\/e571bcf59a0edd6fa6838245a470f2fe.jpg?ver=1777574230","width":96,"height":96,"caption":"admin"}},{"@type":"WebPage","@id":"https:\/\/eldigitaldeasturias.com\/magazine365\/dudamel-dirige-en-notre-dame-de-paris-un-requiem-dedicado-a-abbado\/#webpage","url":"https:\/\/eldigitaldeasturias.com\/magazine365\/dudamel-dirige-en-notre-dame-de-paris-un-requiem-dedicado-a-abbado\/","name":"Dudamel dirige en Notre Dame de Par\u00eds un \u00abR\u00e9quiem\u00bb dedicado a Abbado | El Digital de Asturias","description":"Par\u00eds, 22 ene (EFE).- El \"R\u00e9quiem\" que el maestro venezolano Gustavo Dudamel dirige hoy en la Catedral de Notre Dame, al frente de la Orquesta Sinf\u00f3nica Sim\u00f3n Bol\u00edvar, la Filarm\u00f3nica de Radio France y dos corales, estar\u00e1 dedicado al m\u00fasico italiano Claudio Abbado, fallecido este lunes a los 80 a\u00f1os. De dimensiones monumentales tanto por","inLanguage":"es-ES","isPartOf":{"@id":"https:\/\/eldigitaldeasturias.com\/magazine365\/#website"},"breadcrumb":{"@id":"https:\/\/eldigitaldeasturias.com\/magazine365\/dudamel-dirige-en-notre-dame-de-paris-un-requiem-dedicado-a-abbado\/#breadcrumblist"},"author":{"@id":"https:\/\/eldigitaldeasturias.com\/magazine365\/author\/admin\/#author"},"creator":{"@id":"https:\/\/eldigitaldeasturias.com\/magazine365\/author\/admin\/#author"},"image":{"@type":"ImageObject","url":"https:\/\/eldigitaldeasturias.com\/magazine365\/wp-content\/uploads\/2014\/01\/5867893w.jpg","@id":"https:\/\/eldigitaldeasturias.com\/magazine365\/dudamel-dirige-en-notre-dame-de-paris-un-requiem-dedicado-a-abbado\/#mainImage","width":800,"height":533},"primaryImageOfPage":{"@id":"https:\/\/eldigitaldeasturias.com\/magazine365\/dudamel-dirige-en-notre-dame-de-paris-un-requiem-dedicado-a-abbado\/#mainImage"},"datePublished":"2014-01-22T21:17:02+01:00","dateModified":"2014-01-22T21:17:02+01:00"},{"@type":"WebSite","@id":"https:\/\/eldigitaldeasturias.com\/magazine365\/#website","url":"https:\/\/eldigitaldeasturias.com\/magazine365\/","name":"El Digital de Asturias","description":"Revista de ocio, turismo y estilo de vida","inLanguage":"es-ES","publisher":{"@id":"https:\/\/eldigitaldeasturias.com\/magazine365\/#organization"}}]},"og:locale":"es_ES","og:site_name":"El Digital de Asturias \u2013 Revista de ocio, turismo y estilo de vida","og:type":"article","og:title":"Dudamel dirige en Notre Dame de Par\u00eds un \u00abR\u00e9quiem\u00bb dedicado a Abbado | El Digital de Asturias","og:description":"Par\u00eds, 22 ene (EFE).- El &quot;R\u00e9quiem&quot; que el maestro venezolano Gustavo Dudamel dirige hoy en la Catedral de Notre Dame, al frente de la Orquesta Sinf\u00f3nica Sim\u00f3n Bol\u00edvar, la Filarm\u00f3nica de Radio France y dos corales, estar\u00e1 dedicado al m\u00fasico italiano Claudio Abbado, fallecido este lunes a los 80 a\u00f1os. De dimensiones monumentales tanto por","og:url":"https:\/\/eldigitaldeasturias.com\/magazine365\/dudamel-dirige-en-notre-dame-de-paris-un-requiem-dedicado-a-abbado\/","og:image":"https:\/\/eldigitaldeasturias.com\/magazine365\/wp-content\/uploads\/2014\/01\/5867893w.jpg","og:image:secure_url":"https:\/\/eldigitaldeasturias.com\/magazine365\/wp-content\/uploads\/2014\/01\/5867893w.jpg","og:image:width":800,"og:image:height":533,"article:published_time":"2014-01-22T22:17:02+00:00","article:modified_time":"2014-01-22T22:17:02+00:00","twitter:card":"summary_large_image","twitter:title":"Dudamel dirige en Notre Dame de Par\u00eds un \u00abR\u00e9quiem\u00bb dedicado a Abbado | El Digital de Asturias","twitter:description":"Par\u00eds, 22 ene (EFE).- El &quot;R\u00e9quiem&quot; que el maestro venezolano Gustavo Dudamel dirige hoy en la Catedral de Notre Dame, al frente de la Orquesta Sinf\u00f3nica Sim\u00f3n Bol\u00edvar, la Filarm\u00f3nica de Radio France y dos corales, estar\u00e1 dedicado al m\u00fasico italiano Claudio Abbado, fallecido este lunes a los 80 a\u00f1os. De dimensiones monumentales tanto por","twitter:image":"https:\/\/eldigitaldeasturias.com\/magazine365\/wp-content\/uploads\/2014\/01\/5867893w.jpg"},"aioseo_meta_data":{"post_id":"1605","title":null,"description":null,"keywords":null,"keyphrases":null,"primary_term":null,"canonical_url":null,"og_title":null,"og_description":null,"og_object_type":"default","og_image_type":"default","og_image_url":null,"og_image_width":null,"og_image_height":null,"og_image_custom_url":null,"og_image_custom_fields":null,"og_video":null,"og_custom_url":null,"og_article_section":null,"og_article_tags":null,"twitter_use_og":false,"twitter_card":"default","twitter_image_type":"default","twitter_image_url":null,"twitter_image_custom_url":null,"twitter_image_custom_fields":null,"twitter_title":null,"twitter_description":null,"schema":{"blockGraphs":[],"customGraphs":[],"default":{"data":{"Article":[],"Course":[],"Dataset":[],"FAQPage":[],"Movie":[],"Person":[],"Product":[],"ProductReview":[],"Car":[],"Recipe":[],"Service":[],"SoftwareApplication":[],"WebPage":[]},"graphName":"","isEnabled":true},"graphs":[],"defaultGraph":"","defaultPostTypeGraph":""},"schema_type":null,"schema_type_options":null,"pillar_content":false,"robots_default":true,"robots_noindex":false,"robots_noarchive":false,"robots_nosnippet":false,"robots_nofollow":false,"robots_noimageindex":false,"robots_noodp":false,"robots_notranslate":false,"robots_max_snippet":null,"robots_max_videopreview":null,"robots_max_imagepreview":"large","priority":null,"frequency":null,"location":null,"local_seo":null,"seo_analyzer_scan_date":"2025-09-16 09:41:58","breadcrumb_settings":null,"limit_modified_date":false,"open_ai":null,"ai":null,"created":"2020-12-21 13:39:33","updated":"2025-09-16 09:41:58"},"aioseo_breadcrumb":"<div class=\"aioseo-breadcrumbs\"><span class=\"aioseo-breadcrumb\">\n\t<a href=\"https:\/\/eldigitaldeasturias.com\/magazine365\" title=\"Home\">Home<\/a>\n<\/span><span class=\"aioseo-breadcrumb-separator\">\u2013<\/span><span class=\"aioseo-breadcrumb\">\n\t<a href=\"https:\/\/eldigitaldeasturias.com\/magazine365\/category\/noticias-actualidad\/\" title=\"Noticias y Actualidad\">Noticias y Actualidad<\/a>\n<\/span><span class=\"aioseo-breadcrumb-separator\">\u2013<\/span><span class=\"aioseo-breadcrumb\">\n\t<a href=\"https:\/\/eldigitaldeasturias.com\/magazine365\/dudamel-dirige-en-notre-dame-de-paris-un-requiem-dedicado-a-abbado\/\" title=\"Dudamel dirige en Notre Dame de Par\u00eds un \u00abR\u00e9quiem\u00bb dedicado a Abbado\">Dudamel dirige en Notre Dame de Par\u00eds un \u00abR\u00e9quiem\u00bb dedicado a Abbado<\/a>\n<\/span><\/div>","aioseo_breadcrumb_json":[{"label":"Home","link":"https:\/\/eldigitaldeasturias.com\/magazine365"},{"label":"Noticias y Actualidad","link":"https:\/\/eldigitaldeasturias.com\/magazine365\/category\/noticias-actualidad\/"},{"label":"Dudamel dirige en Notre Dame de Par\u00eds un \u00abR\u00e9quiem\u00bb dedicado a Abbado","link":"https:\/\/eldigitaldeasturias.com\/magazine365\/dudamel-dirige-en-notre-dame-de-paris-un-requiem-dedicado-a-abbado\/"}],"_links":{"self":[{"href":"https:\/\/eldigitaldeasturias.com\/magazine365\/wp-json\/wp\/v2\/posts\/1605","targetHints":{"allow":["GET"]}}],"collection":[{"href":"https:\/\/eldigitaldeasturias.com\/magazine365\/wp-json\/wp\/v2\/posts"}],"about":[{"href":"https:\/\/eldigitaldeasturias.com\/magazine365\/wp-json\/wp\/v2\/types\/post"}],"author":[{"embeddable":true,"href":"https:\/\/eldigitaldeasturias.com\/magazine365\/wp-json\/wp\/v2\/users\/1"}],"replies":[{"embeddable":true,"href":"https:\/\/eldigitaldeasturias.com\/magazine365\/wp-json\/wp\/v2\/comments?post=1605"}],"version-history":[{"count":0,"href":"https:\/\/eldigitaldeasturias.com\/magazine365\/wp-json\/wp\/v2\/posts\/1605\/revisions"}],"wp:featuredmedia":[{"embeddable":true,"href":"https:\/\/eldigitaldeasturias.com\/magazine365\/wp-json\/wp\/v2\/media\/1606"}],"wp:attachment":[{"href":"https:\/\/eldigitaldeasturias.com\/magazine365\/wp-json\/wp\/v2\/media?parent=1605"}],"wp:term":[{"taxonomy":"category","embeddable":true,"href":"https:\/\/eldigitaldeasturias.com\/magazine365\/wp-json\/wp\/v2\/categories?post=1605"},{"taxonomy":"post_tag","embeddable":true,"href":"https:\/\/eldigitaldeasturias.com\/magazine365\/wp-json\/wp\/v2\/tags?post=1605"}],"curies":[{"name":"wp","href":"https:\/\/api.w.org\/{rel}","templated":true}]}}