{"id":1602,"date":"2014-01-22T21:15:44","date_gmt":"2014-01-22T22:15:44","guid":{"rendered":"http:\/\/eldigitaldeasturias.com\/magazine365\/?p=1602"},"modified":"2014-01-22T21:15:44","modified_gmt":"2014-01-22T22:15:44","slug":"la-pasion-de-amantes-llega-al-teatro-y-convierte-el-thriller-en-tragedia","status":"publish","type":"post","link":"https:\/\/eldigitaldeasturias.com\/magazine365\/la-pasion-de-amantes-llega-al-teatro-y-convierte-el-thriller-en-tragedia\/","title":{"rendered":"La pasi\u00f3n de \u00abAmantes\u00bb llega al teatro y convierte el \u00abthriller\u00bb en tragedia"},"content":{"rendered":"<p><img fetchpriority=\"high\" decoding=\"async\" class=\"alignleft size-medium wp-image-1603\" alt=\"5867880w\" src=\"https:\/\/eldigitaldeasturias.com\/magazine365\/wp-content\/uploads\/2014\/01\/5867880w-267x300.jpg\" width=\"267\" height=\"300\" srcset=\"https:\/\/eldigitaldeasturias.com\/magazine365\/wp-content\/uploads\/2014\/01\/5867880w-267x300.jpg 267w, https:\/\/eldigitaldeasturias.com\/magazine365\/wp-content\/uploads\/2014\/01\/5867880w-570x640.jpg 570w, https:\/\/eldigitaldeasturias.com\/magazine365\/wp-content\/uploads\/2014\/01\/5867880w-150x168.jpg 150w, https:\/\/eldigitaldeasturias.com\/magazine365\/wp-content\/uploads\/2014\/01\/5867880w-450x505.jpg 450w, https:\/\/eldigitaldeasturias.com\/magazine365\/wp-content\/uploads\/2014\/01\/5867880w-696x782.jpg 696w, https:\/\/eldigitaldeasturias.com\/magazine365\/wp-content\/uploads\/2014\/01\/5867880w-374x420.jpg 374w, https:\/\/eldigitaldeasturias.com\/magazine365\/wp-content\/uploads\/2014\/01\/5867880w.jpg 700w\" sizes=\"(max-width: 267px) 100vw, 267px\" \/>Madrid, 22 ene (EFE).- La historia del cl\u00e1sico tri\u00e1ngulo amoroso de un hombre entre dos mujeres tom\u00f3 forma de \u00abthriller\u00bb sentimental en la famosa cinta de Vicente Aranda \u00abAmantes\u00bb y ahora, 23 a\u00f1os despu\u00e9s de su estreno, llega al teatro como un drama que convierte en tragedia este \u00abterceto de pasiones encontradas\u00bb.<\/p>\n<p>La obra desembarca el 24 de enero en el Teatro Valle Incl\u00e1n del Centro Dram\u00e1tico Nacional (CDN) de la mano del propio Vicente Aranda y \u00c1lvaro del Amo, director del montaje y coautor del gui\u00f3n cinematogr\u00e1fico de \u00abAmantes\u00bb, ganadora de los Premios Goya a mejor pel\u00edcula y mejor director en 1991, que fue protagonizada por Maribel Verd\u00fa, Victoria Abril y Jorge Sanz.<\/p>\n<p>Tres a\u00f1os han transcurrido desde que surgiera la idea inicial de llevar a escena esta pel\u00edcula, un proyecto en el que Vicente Aranda y \u00c1lvaro del Amo han colaborado estrechamente, seg\u00fan ha explicado \u00e9ste \u00faltimo en la presentaci\u00f3n del montaje, al que no ha podido acudir el cineasta, de 87 a\u00f1os, por encontrarse \u00abdelicado de salud\u00bb.<\/p>\n<p>Se trata de la misma historia contada de forma diferente y, as\u00ed, el montaje se ha reducido a \u00abla esencia del drama\u00bb de los tres personajes principales ya que, ha indicado Del Amo, el teatro permite una mayor simplicidad.<\/p>\n<p>Adem\u00e1s, se ha huido de un decorado realista y se ha dotado de una mayor complejidad psicol\u00f3gica a los protagonistas, a los que se les ha dotado tambi\u00e9n de un pasado del que carec\u00edan en la pel\u00edcula.<\/p>\n<p>Marta Belaustegui, Natalia S\u00e1nchez y Marc Clotet han asumido \u00abel reto de resistir las comparaciones\u00bb con Victoria Abril, Maribel Verd\u00fa y Jorge Sanz en los papeles de Luisa, Trini y Paco, respectivamente, ha explicado la productora Sandra Toral, que ha recordado las poderosas interpretaciones de una pel\u00edcula que ha calificado de \u00abm\u00edtica\u00bb.<\/p>\n<p>Para Marta Belaustegui, se trata de que el espectador de la obra teatral se olvide durante la representaci\u00f3n de la pel\u00edcula, en la que Victoria Abril daba vida a Luisa, el personaje que ella interpreta en el escenario.<\/p>\n<p>\u00abLuisa es un personaje fascinante, que se niega a vivir con las normas opresivas de la \u00e9poca, una mujer que ans\u00eda la libertad\u00bb, ha indicado Belaustegui, que ha confiado en interpretar a este personaje, la amante de Paco, \u00aba coraz\u00f3n abierto\u00bb.<\/p>\n<p>Mientras, Natalia S\u00e1nchez ha descrito a Trini, la criada novia de Paco, como una mujer trabajadora y sufridora, \u00abuna mujer de los a\u00f1os 50 que trabaja para tener un futuro con el amor de su vida, tanto que sin \u00e9l no hay futuro\u00bb.<\/p>\n<p>A pesar de insistir en que no tiene predilecci\u00f3n por el personaje de Trini en una historia en la que no hay \u00abni buenos ni malos\u00bb, Del Amo cree que, de haberla, ser\u00eda la hero\u00edna, una mujer a la que ha despojado del car\u00e1cter algo \u00abpazguato\u00bb que ten\u00eda en la pel\u00edcula para dotarla de una mayor complejidad.<\/p>\n<p>Y Paco es, seg\u00fan Marc Clotet, un chico de pueblo que se enamora de dos mujeres, su novia de toda la vida y la mujer que le descubre la sexualidad, \u00aby no sabe elegir porque elegir es perder y \u00e9l no quiere, lo que le lleva a una situaci\u00f3n l\u00edmite\u00bb.<\/p>\n<p>\u00abSon personajes tr\u00e1gicos que viven, aman y odian al l\u00edmite\u00bb, ha considerado Marta Belaustegui que ha explicado c\u00f3mo esta vivencia se traslada al trabajo de los int\u00e9rpretes.<\/p>\n<p>Los tres viven unos sentimientos universales pero que, en la pel\u00edcula y en el montaje teatral, est\u00e1n encuadrados en una \u00e9poca, una Navidad en la Espa\u00f1a de los a\u00f1os 50 que se transmite a la escena de una forma \u00abdeterminante\u00bb en su vestuario, en su ambientaci\u00f3n sonora \u00aby en la propia historia\u00bb, ha indicado Del Amo.<\/p>\n<p>\u00abEste terceto de pasiones encontradas podr\u00eda trasladarse a otra \u00e9poca, pero tendr\u00eda que contarse de una forma diferente\u00bb, ha dicho el director que ha se\u00f1alado que, al recibir el encargo de Vicente Aranda de llevar el gui\u00f3n cinematogr\u00e1fico al teatro, ni se le pas\u00f3 por la cabeza ambientarlo en la actualidad.<\/p>\n","protected":false},"excerpt":{"rendered":"<p>Madrid, 22 ene (EFE).- La historia del cl\u00e1sico tri\u00e1ngulo amoroso de un hombre entre dos mujeres tom\u00f3 forma de \u00abthriller\u00bb sentimental en la famosa cinta de Vicente Aranda \u00abAmantes\u00bb y ahora, 23 a\u00f1os despu\u00e9s de su estreno, llega al teatro como un drama que convierte en tragedia este \u00abterceto de pasiones encontradas\u00bb. La obra desembarca<\/p>\n","protected":false},"author":1,"featured_media":1603,"comment_status":"open","ping_status":"open","sticky":false,"template":"","format":"standard","meta":{"footnotes":""},"categories":[224],"tags":[],"class_list":{"0":"post-1602","1":"post","2":"type-post","3":"status-publish","4":"format-standard","5":"has-post-thumbnail","7":"category-noticias-actualidad"},"aioseo_notices":[],"aioseo_head":"\n\t\t<!-- All in One SEO Pro 4.9.6.1 - aioseo.com -->\n\t<meta name=\"description\" content=\"Madrid, 22 ene (EFE).- La historia del cl\u00e1sico tri\u00e1ngulo amoroso de un hombre entre dos mujeres tom\u00f3 forma de &quot;thriller&quot; sentimental en la famosa cinta de Vicente Aranda &quot;Amantes&quot; y ahora, 23 a\u00f1os despu\u00e9s de su estreno, llega al teatro como un drama que convierte en tragedia este &quot;terceto de pasiones encontradas&quot;. La obra desembarca\" \/>\n\t<meta name=\"robots\" content=\"max-image-preview:large\" \/>\n\t<meta name=\"author\" content=\"admin\"\/>\n\t<meta name=\"google-site-verification\" content=\"UA-38556648-1\" \/>\n\t<meta name=\"keywords\" content=\"noticias y actualidad\" \/>\n\t<link rel=\"canonical\" href=\"https:\/\/eldigitaldeasturias.com\/magazine365\/la-pasion-de-amantes-llega-al-teatro-y-convierte-el-thriller-en-tragedia\/\" \/>\n\t<meta name=\"generator\" content=\"All in One SEO Pro (AIOSEO) 4.9.6.1\" \/>\n\t\t<meta property=\"og:locale\" content=\"es_ES\" \/>\n\t\t<meta property=\"og:site_name\" content=\"El Digital de Asturias \u2013 Revista de ocio, turismo y estilo de vida\" \/>\n\t\t<meta property=\"og:type\" content=\"article\" \/>\n\t\t<meta property=\"og:title\" content=\"La pasi\u00f3n de \u00abAmantes\u00bb llega al teatro y convierte el \u00abthriller\u00bb en tragedia | El Digital de Asturias\" \/>\n\t\t<meta property=\"og:description\" content=\"Madrid, 22 ene (EFE).- La historia del cl\u00e1sico tri\u00e1ngulo amoroso de un hombre entre dos mujeres tom\u00f3 forma de &quot;thriller&quot; sentimental en la famosa cinta de Vicente Aranda &quot;Amantes&quot; y ahora, 23 a\u00f1os despu\u00e9s de su estreno, llega al teatro como un drama que convierte en tragedia este &quot;terceto de pasiones encontradas&quot;. La obra desembarca\" \/>\n\t\t<meta property=\"og:url\" content=\"https:\/\/eldigitaldeasturias.com\/magazine365\/la-pasion-de-amantes-llega-al-teatro-y-convierte-el-thriller-en-tragedia\/\" \/>\n\t\t<meta property=\"og:image\" content=\"https:\/\/eldigitaldeasturias.com\/magazine365\/wp-content\/uploads\/2014\/01\/5867880w.jpg\" \/>\n\t\t<meta property=\"og:image:secure_url\" content=\"https:\/\/eldigitaldeasturias.com\/magazine365\/wp-content\/uploads\/2014\/01\/5867880w.jpg\" \/>\n\t\t<meta property=\"og:image:width\" content=\"700\" \/>\n\t\t<meta property=\"og:image:height\" content=\"786\" \/>\n\t\t<meta property=\"article:published_time\" content=\"2014-01-22T22:15:44+00:00\" \/>\n\t\t<meta property=\"article:modified_time\" content=\"2014-01-22T22:15:44+00:00\" \/>\n\t\t<meta name=\"twitter:card\" content=\"summary_large_image\" \/>\n\t\t<meta name=\"twitter:title\" content=\"La pasi\u00f3n de \u00abAmantes\u00bb llega al teatro y convierte el \u00abthriller\u00bb en tragedia | El Digital de Asturias\" \/>\n\t\t<meta name=\"twitter:description\" content=\"Madrid, 22 ene (EFE).- La historia del cl\u00e1sico tri\u00e1ngulo amoroso de un hombre entre dos mujeres tom\u00f3 forma de &quot;thriller&quot; sentimental en la famosa cinta de Vicente Aranda &quot;Amantes&quot; y ahora, 23 a\u00f1os despu\u00e9s de su estreno, llega al teatro como un drama que convierte en tragedia este &quot;terceto de pasiones encontradas&quot;. La obra desembarca\" \/>\n\t\t<meta name=\"twitter:image\" content=\"https:\/\/eldigitaldeasturias.com\/magazine365\/wp-content\/uploads\/2014\/01\/5867880w.jpg\" \/>\n\t\t<script type=\"application\/ld+json\" class=\"aioseo-schema\">\n\t\t\t{\"@context\":\"https:\\\/\\\/schema.org\",\"@graph\":[{\"@type\":\"Article\",\"@id\":\"https:\\\/\\\/eldigitaldeasturias.com\\\/magazine365\\\/la-pasion-de-amantes-llega-al-teatro-y-convierte-el-thriller-en-tragedia\\\/#article\",\"name\":\"La pasi\\u00f3n de \\u00abAmantes\\u00bb llega al teatro y convierte el \\u00abthriller\\u00bb en tragedia | El Digital de Asturias\",\"headline\":\"La pasi\\u00f3n de \\u00abAmantes\\u00bb llega al teatro y convierte el \\u00abthriller\\u00bb en tragedia\",\"author\":{\"@id\":\"https:\\\/\\\/eldigitaldeasturias.com\\\/magazine365\\\/author\\\/admin\\\/#author\"},\"publisher\":{\"@id\":\"https:\\\/\\\/eldigitaldeasturias.com\\\/magazine365\\\/#organization\"},\"image\":{\"@type\":\"ImageObject\",\"url\":\"https:\\\/\\\/eldigitaldeasturias.com\\\/magazine365\\\/wp-content\\\/uploads\\\/2014\\\/01\\\/5867880w.jpg\",\"width\":700,\"height\":786},\"datePublished\":\"2014-01-22T21:15:44+01:00\",\"dateModified\":\"2014-01-22T21:15:44+01:00\",\"inLanguage\":\"es-ES\",\"mainEntityOfPage\":{\"@id\":\"https:\\\/\\\/eldigitaldeasturias.com\\\/magazine365\\\/la-pasion-de-amantes-llega-al-teatro-y-convierte-el-thriller-en-tragedia\\\/#webpage\"},\"isPartOf\":{\"@id\":\"https:\\\/\\\/eldigitaldeasturias.com\\\/magazine365\\\/la-pasion-de-amantes-llega-al-teatro-y-convierte-el-thriller-en-tragedia\\\/#webpage\"},\"articleSection\":\"Noticias y Actualidad\"},{\"@type\":\"BreadcrumbList\",\"@id\":\"https:\\\/\\\/eldigitaldeasturias.com\\\/magazine365\\\/la-pasion-de-amantes-llega-al-teatro-y-convierte-el-thriller-en-tragedia\\\/#breadcrumblist\",\"itemListElement\":[{\"@type\":\"ListItem\",\"@id\":\"https:\\\/\\\/eldigitaldeasturias.com\\\/magazine365#listItem\",\"position\":1,\"name\":\"Home\",\"item\":\"https:\\\/\\\/eldigitaldeasturias.com\\\/magazine365\",\"nextItem\":{\"@type\":\"ListItem\",\"@id\":\"https:\\\/\\\/eldigitaldeasturias.com\\\/magazine365\\\/category\\\/noticias-actualidad\\\/#listItem\",\"name\":\"Noticias y Actualidad\"}},{\"@type\":\"ListItem\",\"@id\":\"https:\\\/\\\/eldigitaldeasturias.com\\\/magazine365\\\/category\\\/noticias-actualidad\\\/#listItem\",\"position\":2,\"name\":\"Noticias y Actualidad\",\"item\":\"https:\\\/\\\/eldigitaldeasturias.com\\\/magazine365\\\/category\\\/noticias-actualidad\\\/\",\"nextItem\":{\"@type\":\"ListItem\",\"@id\":\"https:\\\/\\\/eldigitaldeasturias.com\\\/magazine365\\\/la-pasion-de-amantes-llega-al-teatro-y-convierte-el-thriller-en-tragedia\\\/#listItem\",\"name\":\"La pasi\\u00f3n de \\u00abAmantes\\u00bb llega al teatro y convierte el \\u00abthriller\\u00bb en tragedia\"},\"previousItem\":{\"@type\":\"ListItem\",\"@id\":\"https:\\\/\\\/eldigitaldeasturias.com\\\/magazine365#listItem\",\"name\":\"Home\"}},{\"@type\":\"ListItem\",\"@id\":\"https:\\\/\\\/eldigitaldeasturias.com\\\/magazine365\\\/la-pasion-de-amantes-llega-al-teatro-y-convierte-el-thriller-en-tragedia\\\/#listItem\",\"position\":3,\"name\":\"La pasi\\u00f3n de \\u00abAmantes\\u00bb llega al teatro y convierte el \\u00abthriller\\u00bb en tragedia\",\"previousItem\":{\"@type\":\"ListItem\",\"@id\":\"https:\\\/\\\/eldigitaldeasturias.com\\\/magazine365\\\/category\\\/noticias-actualidad\\\/#listItem\",\"name\":\"Noticias y Actualidad\"}}]},{\"@type\":\"Organization\",\"@id\":\"https:\\\/\\\/eldigitaldeasturias.com\\\/magazine365\\\/#organization\",\"name\":\"El digital de Asturias\",\"description\":\"Revista de ocio, turismo y estilo de vida\",\"url\":\"https:\\\/\\\/eldigitaldeasturias.com\\\/magazine365\\\/\",\"logo\":{\"@type\":\"ImageObject\",\"url\":\"https:\\\/\\\/www.eldigitaldeasturias.com\\\/noticias\\\/wp-content\\\/uploads\\\/2020\\\/12\\\/EDA.jpg\",\"@id\":\"https:\\\/\\\/eldigitaldeasturias.com\\\/magazine365\\\/la-pasion-de-amantes-llega-al-teatro-y-convierte-el-thriller-en-tragedia\\\/#organizationLogo\"},\"image\":{\"@id\":\"https:\\\/\\\/eldigitaldeasturias.com\\\/magazine365\\\/la-pasion-de-amantes-llega-al-teatro-y-convierte-el-thriller-en-tragedia\\\/#organizationLogo\"}},{\"@type\":\"Person\",\"@id\":\"https:\\\/\\\/eldigitaldeasturias.com\\\/magazine365\\\/author\\\/admin\\\/#author\",\"url\":\"https:\\\/\\\/eldigitaldeasturias.com\\\/magazine365\\\/author\\\/admin\\\/\",\"name\":\"admin\",\"image\":{\"@type\":\"ImageObject\",\"@id\":\"https:\\\/\\\/eldigitaldeasturias.com\\\/magazine365\\\/la-pasion-de-amantes-llega-al-teatro-y-convierte-el-thriller-en-tragedia\\\/#authorImage\",\"url\":\"https:\\\/\\\/eldigitaldeasturias.com\\\/magazine365\\\/wp-content\\\/litespeed\\\/avatar\\\/e571bcf59a0edd6fa6838245a470f2fe.jpg?ver=1777574230\",\"width\":96,\"height\":96,\"caption\":\"admin\"}},{\"@type\":\"WebPage\",\"@id\":\"https:\\\/\\\/eldigitaldeasturias.com\\\/magazine365\\\/la-pasion-de-amantes-llega-al-teatro-y-convierte-el-thriller-en-tragedia\\\/#webpage\",\"url\":\"https:\\\/\\\/eldigitaldeasturias.com\\\/magazine365\\\/la-pasion-de-amantes-llega-al-teatro-y-convierte-el-thriller-en-tragedia\\\/\",\"name\":\"La pasi\\u00f3n de \\u00abAmantes\\u00bb llega al teatro y convierte el \\u00abthriller\\u00bb en tragedia | El Digital de Asturias\",\"description\":\"Madrid, 22 ene (EFE).- La historia del cl\\u00e1sico tri\\u00e1ngulo amoroso de un hombre entre dos mujeres tom\\u00f3 forma de \\\"thriller\\\" sentimental en la famosa cinta de Vicente Aranda \\\"Amantes\\\" y ahora, 23 a\\u00f1os despu\\u00e9s de su estreno, llega al teatro como un drama que convierte en tragedia este \\\"terceto de pasiones encontradas\\\". La obra desembarca\",\"inLanguage\":\"es-ES\",\"isPartOf\":{\"@id\":\"https:\\\/\\\/eldigitaldeasturias.com\\\/magazine365\\\/#website\"},\"breadcrumb\":{\"@id\":\"https:\\\/\\\/eldigitaldeasturias.com\\\/magazine365\\\/la-pasion-de-amantes-llega-al-teatro-y-convierte-el-thriller-en-tragedia\\\/#breadcrumblist\"},\"author\":{\"@id\":\"https:\\\/\\\/eldigitaldeasturias.com\\\/magazine365\\\/author\\\/admin\\\/#author\"},\"creator\":{\"@id\":\"https:\\\/\\\/eldigitaldeasturias.com\\\/magazine365\\\/author\\\/admin\\\/#author\"},\"image\":{\"@type\":\"ImageObject\",\"url\":\"https:\\\/\\\/eldigitaldeasturias.com\\\/magazine365\\\/wp-content\\\/uploads\\\/2014\\\/01\\\/5867880w.jpg\",\"@id\":\"https:\\\/\\\/eldigitaldeasturias.com\\\/magazine365\\\/la-pasion-de-amantes-llega-al-teatro-y-convierte-el-thriller-en-tragedia\\\/#mainImage\",\"width\":700,\"height\":786},\"primaryImageOfPage\":{\"@id\":\"https:\\\/\\\/eldigitaldeasturias.com\\\/magazine365\\\/la-pasion-de-amantes-llega-al-teatro-y-convierte-el-thriller-en-tragedia\\\/#mainImage\"},\"datePublished\":\"2014-01-22T21:15:44+01:00\",\"dateModified\":\"2014-01-22T21:15:44+01:00\"},{\"@type\":\"WebSite\",\"@id\":\"https:\\\/\\\/eldigitaldeasturias.com\\\/magazine365\\\/#website\",\"url\":\"https:\\\/\\\/eldigitaldeasturias.com\\\/magazine365\\\/\",\"name\":\"El Digital de Asturias\",\"description\":\"Revista de ocio, turismo y estilo de vida\",\"inLanguage\":\"es-ES\",\"publisher\":{\"@id\":\"https:\\\/\\\/eldigitaldeasturias.com\\\/magazine365\\\/#organization\"}}]}\n\t\t<\/script>\n\t\t<!-- All in One SEO Pro -->\r\n\t\t<title>La pasi\u00f3n de \u00abAmantes\u00bb llega al teatro y convierte el \u00abthriller\u00bb en tragedia | El Digital de Asturias<\/title>\n\n","aioseo_head_json":{"title":"La pasi\u00f3n de \u00abAmantes\u00bb llega al teatro y convierte el \u00abthriller\u00bb en tragedia | El Digital de Asturias","description":"Madrid, 22 ene (EFE).- La historia del cl\u00e1sico tri\u00e1ngulo amoroso de un hombre entre dos mujeres tom\u00f3 forma de \"thriller\" sentimental en la famosa cinta de Vicente Aranda \"Amantes\" y ahora, 23 a\u00f1os despu\u00e9s de su estreno, llega al teatro como un drama que convierte en tragedia este \"terceto de pasiones encontradas\". La obra desembarca","canonical_url":"https:\/\/eldigitaldeasturias.com\/magazine365\/la-pasion-de-amantes-llega-al-teatro-y-convierte-el-thriller-en-tragedia\/","robots":"max-image-preview:large","keywords":"noticias y actualidad","webmasterTools":{"google-site-verification":"UA-38556648-1","miscellaneous":""},"schema":{"@context":"https:\/\/schema.org","@graph":[{"@type":"Article","@id":"https:\/\/eldigitaldeasturias.com\/magazine365\/la-pasion-de-amantes-llega-al-teatro-y-convierte-el-thriller-en-tragedia\/#article","name":"La pasi\u00f3n de \u00abAmantes\u00bb llega al teatro y convierte el \u00abthriller\u00bb en tragedia | El Digital de Asturias","headline":"La pasi\u00f3n de \u00abAmantes\u00bb llega al teatro y convierte el \u00abthriller\u00bb en tragedia","author":{"@id":"https:\/\/eldigitaldeasturias.com\/magazine365\/author\/admin\/#author"},"publisher":{"@id":"https:\/\/eldigitaldeasturias.com\/magazine365\/#organization"},"image":{"@type":"ImageObject","url":"https:\/\/eldigitaldeasturias.com\/magazine365\/wp-content\/uploads\/2014\/01\/5867880w.jpg","width":700,"height":786},"datePublished":"2014-01-22T21:15:44+01:00","dateModified":"2014-01-22T21:15:44+01:00","inLanguage":"es-ES","mainEntityOfPage":{"@id":"https:\/\/eldigitaldeasturias.com\/magazine365\/la-pasion-de-amantes-llega-al-teatro-y-convierte-el-thriller-en-tragedia\/#webpage"},"isPartOf":{"@id":"https:\/\/eldigitaldeasturias.com\/magazine365\/la-pasion-de-amantes-llega-al-teatro-y-convierte-el-thriller-en-tragedia\/#webpage"},"articleSection":"Noticias y Actualidad"},{"@type":"BreadcrumbList","@id":"https:\/\/eldigitaldeasturias.com\/magazine365\/la-pasion-de-amantes-llega-al-teatro-y-convierte-el-thriller-en-tragedia\/#breadcrumblist","itemListElement":[{"@type":"ListItem","@id":"https:\/\/eldigitaldeasturias.com\/magazine365#listItem","position":1,"name":"Home","item":"https:\/\/eldigitaldeasturias.com\/magazine365","nextItem":{"@type":"ListItem","@id":"https:\/\/eldigitaldeasturias.com\/magazine365\/category\/noticias-actualidad\/#listItem","name":"Noticias y Actualidad"}},{"@type":"ListItem","@id":"https:\/\/eldigitaldeasturias.com\/magazine365\/category\/noticias-actualidad\/#listItem","position":2,"name":"Noticias y Actualidad","item":"https:\/\/eldigitaldeasturias.com\/magazine365\/category\/noticias-actualidad\/","nextItem":{"@type":"ListItem","@id":"https:\/\/eldigitaldeasturias.com\/magazine365\/la-pasion-de-amantes-llega-al-teatro-y-convierte-el-thriller-en-tragedia\/#listItem","name":"La pasi\u00f3n de \u00abAmantes\u00bb llega al teatro y convierte el \u00abthriller\u00bb en tragedia"},"previousItem":{"@type":"ListItem","@id":"https:\/\/eldigitaldeasturias.com\/magazine365#listItem","name":"Home"}},{"@type":"ListItem","@id":"https:\/\/eldigitaldeasturias.com\/magazine365\/la-pasion-de-amantes-llega-al-teatro-y-convierte-el-thriller-en-tragedia\/#listItem","position":3,"name":"La pasi\u00f3n de \u00abAmantes\u00bb llega al teatro y convierte el \u00abthriller\u00bb en tragedia","previousItem":{"@type":"ListItem","@id":"https:\/\/eldigitaldeasturias.com\/magazine365\/category\/noticias-actualidad\/#listItem","name":"Noticias y Actualidad"}}]},{"@type":"Organization","@id":"https:\/\/eldigitaldeasturias.com\/magazine365\/#organization","name":"El digital de Asturias","description":"Revista de ocio, turismo y estilo de vida","url":"https:\/\/eldigitaldeasturias.com\/magazine365\/","logo":{"@type":"ImageObject","url":"https:\/\/www.eldigitaldeasturias.com\/noticias\/wp-content\/uploads\/2020\/12\/EDA.jpg","@id":"https:\/\/eldigitaldeasturias.com\/magazine365\/la-pasion-de-amantes-llega-al-teatro-y-convierte-el-thriller-en-tragedia\/#organizationLogo"},"image":{"@id":"https:\/\/eldigitaldeasturias.com\/magazine365\/la-pasion-de-amantes-llega-al-teatro-y-convierte-el-thriller-en-tragedia\/#organizationLogo"}},{"@type":"Person","@id":"https:\/\/eldigitaldeasturias.com\/magazine365\/author\/admin\/#author","url":"https:\/\/eldigitaldeasturias.com\/magazine365\/author\/admin\/","name":"admin","image":{"@type":"ImageObject","@id":"https:\/\/eldigitaldeasturias.com\/magazine365\/la-pasion-de-amantes-llega-al-teatro-y-convierte-el-thriller-en-tragedia\/#authorImage","url":"https:\/\/eldigitaldeasturias.com\/magazine365\/wp-content\/litespeed\/avatar\/e571bcf59a0edd6fa6838245a470f2fe.jpg?ver=1777574230","width":96,"height":96,"caption":"admin"}},{"@type":"WebPage","@id":"https:\/\/eldigitaldeasturias.com\/magazine365\/la-pasion-de-amantes-llega-al-teatro-y-convierte-el-thriller-en-tragedia\/#webpage","url":"https:\/\/eldigitaldeasturias.com\/magazine365\/la-pasion-de-amantes-llega-al-teatro-y-convierte-el-thriller-en-tragedia\/","name":"La pasi\u00f3n de \u00abAmantes\u00bb llega al teatro y convierte el \u00abthriller\u00bb en tragedia | El Digital de Asturias","description":"Madrid, 22 ene (EFE).- La historia del cl\u00e1sico tri\u00e1ngulo amoroso de un hombre entre dos mujeres tom\u00f3 forma de \"thriller\" sentimental en la famosa cinta de Vicente Aranda \"Amantes\" y ahora, 23 a\u00f1os despu\u00e9s de su estreno, llega al teatro como un drama que convierte en tragedia este \"terceto de pasiones encontradas\". La obra desembarca","inLanguage":"es-ES","isPartOf":{"@id":"https:\/\/eldigitaldeasturias.com\/magazine365\/#website"},"breadcrumb":{"@id":"https:\/\/eldigitaldeasturias.com\/magazine365\/la-pasion-de-amantes-llega-al-teatro-y-convierte-el-thriller-en-tragedia\/#breadcrumblist"},"author":{"@id":"https:\/\/eldigitaldeasturias.com\/magazine365\/author\/admin\/#author"},"creator":{"@id":"https:\/\/eldigitaldeasturias.com\/magazine365\/author\/admin\/#author"},"image":{"@type":"ImageObject","url":"https:\/\/eldigitaldeasturias.com\/magazine365\/wp-content\/uploads\/2014\/01\/5867880w.jpg","@id":"https:\/\/eldigitaldeasturias.com\/magazine365\/la-pasion-de-amantes-llega-al-teatro-y-convierte-el-thriller-en-tragedia\/#mainImage","width":700,"height":786},"primaryImageOfPage":{"@id":"https:\/\/eldigitaldeasturias.com\/magazine365\/la-pasion-de-amantes-llega-al-teatro-y-convierte-el-thriller-en-tragedia\/#mainImage"},"datePublished":"2014-01-22T21:15:44+01:00","dateModified":"2014-01-22T21:15:44+01:00"},{"@type":"WebSite","@id":"https:\/\/eldigitaldeasturias.com\/magazine365\/#website","url":"https:\/\/eldigitaldeasturias.com\/magazine365\/","name":"El Digital de Asturias","description":"Revista de ocio, turismo y estilo de vida","inLanguage":"es-ES","publisher":{"@id":"https:\/\/eldigitaldeasturias.com\/magazine365\/#organization"}}]},"og:locale":"es_ES","og:site_name":"El Digital de Asturias \u2013 Revista de ocio, turismo y estilo de vida","og:type":"article","og:title":"La pasi\u00f3n de \u00abAmantes\u00bb llega al teatro y convierte el \u00abthriller\u00bb en tragedia | El Digital de Asturias","og:description":"Madrid, 22 ene (EFE).- La historia del cl\u00e1sico tri\u00e1ngulo amoroso de un hombre entre dos mujeres tom\u00f3 forma de &quot;thriller&quot; sentimental en la famosa cinta de Vicente Aranda &quot;Amantes&quot; y ahora, 23 a\u00f1os despu\u00e9s de su estreno, llega al teatro como un drama que convierte en tragedia este &quot;terceto de pasiones encontradas&quot;. La obra desembarca","og:url":"https:\/\/eldigitaldeasturias.com\/magazine365\/la-pasion-de-amantes-llega-al-teatro-y-convierte-el-thriller-en-tragedia\/","og:image":"https:\/\/eldigitaldeasturias.com\/magazine365\/wp-content\/uploads\/2014\/01\/5867880w.jpg","og:image:secure_url":"https:\/\/eldigitaldeasturias.com\/magazine365\/wp-content\/uploads\/2014\/01\/5867880w.jpg","og:image:width":700,"og:image:height":786,"article:published_time":"2014-01-22T22:15:44+00:00","article:modified_time":"2014-01-22T22:15:44+00:00","twitter:card":"summary_large_image","twitter:title":"La pasi\u00f3n de \u00abAmantes\u00bb llega al teatro y convierte el \u00abthriller\u00bb en tragedia | El Digital de Asturias","twitter:description":"Madrid, 22 ene (EFE).- La historia del cl\u00e1sico tri\u00e1ngulo amoroso de un hombre entre dos mujeres tom\u00f3 forma de &quot;thriller&quot; sentimental en la famosa cinta de Vicente Aranda &quot;Amantes&quot; y ahora, 23 a\u00f1os despu\u00e9s de su estreno, llega al teatro como un drama que convierte en tragedia este &quot;terceto de pasiones encontradas&quot;. La obra desembarca","twitter:image":"https:\/\/eldigitaldeasturias.com\/magazine365\/wp-content\/uploads\/2014\/01\/5867880w.jpg"},"aioseo_meta_data":{"post_id":"1602","title":null,"description":null,"keywords":null,"keyphrases":null,"primary_term":null,"canonical_url":null,"og_title":null,"og_description":null,"og_object_type":"default","og_image_type":"default","og_image_url":null,"og_image_width":null,"og_image_height":null,"og_image_custom_url":null,"og_image_custom_fields":null,"og_video":null,"og_custom_url":null,"og_article_section":null,"og_article_tags":null,"twitter_use_og":false,"twitter_card":"default","twitter_image_type":"default","twitter_image_url":null,"twitter_image_custom_url":null,"twitter_image_custom_fields":null,"twitter_title":null,"twitter_description":null,"schema":{"blockGraphs":[],"customGraphs":[],"default":{"data":{"Article":[],"Course":[],"Dataset":[],"FAQPage":[],"Movie":[],"Person":[],"Product":[],"ProductReview":[],"Car":[],"Recipe":[],"Service":[],"SoftwareApplication":[],"WebPage":[]},"graphName":"","isEnabled":true},"graphs":[],"defaultGraph":"","defaultPostTypeGraph":""},"schema_type":null,"schema_type_options":null,"pillar_content":false,"robots_default":true,"robots_noindex":false,"robots_noarchive":false,"robots_nosnippet":false,"robots_nofollow":false,"robots_noimageindex":false,"robots_noodp":false,"robots_notranslate":false,"robots_max_snippet":null,"robots_max_videopreview":null,"robots_max_imagepreview":"large","priority":null,"frequency":null,"location":null,"local_seo":null,"seo_analyzer_scan_date":"2025-09-16 09:41:57","breadcrumb_settings":null,"limit_modified_date":false,"open_ai":null,"ai":null,"created":"2020-12-21 13:39:33","updated":"2025-09-16 09:41:57"},"aioseo_breadcrumb":"<div class=\"aioseo-breadcrumbs\"><span class=\"aioseo-breadcrumb\">\n\t<a href=\"https:\/\/eldigitaldeasturias.com\/magazine365\" title=\"Home\">Home<\/a>\n<\/span><span class=\"aioseo-breadcrumb-separator\">\u2013<\/span><span class=\"aioseo-breadcrumb\">\n\t<a href=\"https:\/\/eldigitaldeasturias.com\/magazine365\/category\/noticias-actualidad\/\" title=\"Noticias y Actualidad\">Noticias y Actualidad<\/a>\n<\/span><span class=\"aioseo-breadcrumb-separator\">\u2013<\/span><span class=\"aioseo-breadcrumb\">\n\t<a href=\"https:\/\/eldigitaldeasturias.com\/magazine365\/la-pasion-de-amantes-llega-al-teatro-y-convierte-el-thriller-en-tragedia\/\" title=\"La pasi\u00f3n de \u00abAmantes\u00bb llega al teatro y convierte el \u00abthriller\u00bb en tragedia\">La pasi\u00f3n de \u00abAmantes\u00bb llega al teatro y convierte el \u00abthriller\u00bb en tragedia<\/a>\n<\/span><\/div>","aioseo_breadcrumb_json":[{"label":"Home","link":"https:\/\/eldigitaldeasturias.com\/magazine365"},{"label":"Noticias y Actualidad","link":"https:\/\/eldigitaldeasturias.com\/magazine365\/category\/noticias-actualidad\/"},{"label":"La pasi\u00f3n de \u00abAmantes\u00bb llega al teatro y convierte el \u00abthriller\u00bb en tragedia","link":"https:\/\/eldigitaldeasturias.com\/magazine365\/la-pasion-de-amantes-llega-al-teatro-y-convierte-el-thriller-en-tragedia\/"}],"_links":{"self":[{"href":"https:\/\/eldigitaldeasturias.com\/magazine365\/wp-json\/wp\/v2\/posts\/1602","targetHints":{"allow":["GET"]}}],"collection":[{"href":"https:\/\/eldigitaldeasturias.com\/magazine365\/wp-json\/wp\/v2\/posts"}],"about":[{"href":"https:\/\/eldigitaldeasturias.com\/magazine365\/wp-json\/wp\/v2\/types\/post"}],"author":[{"embeddable":true,"href":"https:\/\/eldigitaldeasturias.com\/magazine365\/wp-json\/wp\/v2\/users\/1"}],"replies":[{"embeddable":true,"href":"https:\/\/eldigitaldeasturias.com\/magazine365\/wp-json\/wp\/v2\/comments?post=1602"}],"version-history":[{"count":0,"href":"https:\/\/eldigitaldeasturias.com\/magazine365\/wp-json\/wp\/v2\/posts\/1602\/revisions"}],"wp:featuredmedia":[{"embeddable":true,"href":"https:\/\/eldigitaldeasturias.com\/magazine365\/wp-json\/wp\/v2\/media\/1603"}],"wp:attachment":[{"href":"https:\/\/eldigitaldeasturias.com\/magazine365\/wp-json\/wp\/v2\/media?parent=1602"}],"wp:term":[{"taxonomy":"category","embeddable":true,"href":"https:\/\/eldigitaldeasturias.com\/magazine365\/wp-json\/wp\/v2\/categories?post=1602"},{"taxonomy":"post_tag","embeddable":true,"href":"https:\/\/eldigitaldeasturias.com\/magazine365\/wp-json\/wp\/v2\/tags?post=1602"}],"curies":[{"name":"wp","href":"https:\/\/api.w.org\/{rel}","templated":true}]}}