{"id":1599,"date":"2014-01-22T21:14:28","date_gmt":"2014-01-22T22:14:28","guid":{"rendered":"http:\/\/eldigitaldeasturias.com\/magazine365\/?p=1599"},"modified":"2014-01-22T21:14:28","modified_gmt":"2014-01-22T22:14:28","slug":"viajar-por-el-espacio-sin-levantarse-de-la-silla","status":"publish","type":"post","link":"https:\/\/eldigitaldeasturias.com\/magazine365\/viajar-por-el-espacio-sin-levantarse-de-la-silla\/","title":{"rendered":"Viajar por el espacio sin levantarse de la silla"},"content":{"rendered":"<p><img fetchpriority=\"high\" decoding=\"async\" class=\"alignleft size-medium wp-image-1600\" alt=\"5867785w\" src=\"https:\/\/eldigitaldeasturias.com\/magazine365\/wp-content\/uploads\/2014\/01\/5867785w-360x241.jpg\" width=\"360\" height=\"241\" srcset=\"https:\/\/eldigitaldeasturias.com\/magazine365\/wp-content\/uploads\/2014\/01\/5867785w-360x241.jpg 360w, https:\/\/eldigitaldeasturias.com\/magazine365\/wp-content\/uploads\/2014\/01\/5867785w-650x436.jpg 650w, https:\/\/eldigitaldeasturias.com\/magazine365\/wp-content\/uploads\/2014\/01\/5867785w-768x515.jpg 768w, https:\/\/eldigitaldeasturias.com\/magazine365\/wp-content\/uploads\/2014\/01\/5867785w-150x101.jpg 150w, https:\/\/eldigitaldeasturias.com\/magazine365\/wp-content\/uploads\/2014\/01\/5867785w-450x302.jpg 450w, https:\/\/eldigitaldeasturias.com\/magazine365\/wp-content\/uploads\/2014\/01\/5867785w-696x466.jpg 696w, https:\/\/eldigitaldeasturias.com\/magazine365\/wp-content\/uploads\/2014\/01\/5867785w-627x420.jpg 627w, https:\/\/eldigitaldeasturias.com\/magazine365\/wp-content\/uploads\/2014\/01\/5867785w-84x55.jpg 84w, https:\/\/eldigitaldeasturias.com\/magazine365\/wp-content\/uploads\/2014\/01\/5867785w.jpg 800w\" sizes=\"(max-width: 360px) 100vw, 360px\" \/>Madrid, 22 ene (EFE).- \u00bfQu\u00e9 se ve\u00eda en el cielo desde Cabo Ca\u00f1averal cuando el Apolo 11 despeg\u00f3 en 1969 camino a la Luna? o \u00bfc\u00f3mo era el que hace m\u00e1s de cien a\u00f1os admir\u00f3 maravillado Amundsen cuando lleg\u00f3 al Polo Sur 35 d\u00edas antes que Scott?.<\/p>\n<p>Ya es posible saberlo, gracias a la aplicaci\u00f3n de internet \u00abPersonal Space\u00bb, un programa a la carta que permite explorar el universo desde un ordenador personal.<\/p>\n<p>La idea forma parte de GLORIA, un proyecto europeo que cuenta con una red de diecisiete telescopios rob\u00f3ticos repartidos por Espa\u00f1a, Nueva Zelanda, Rep\u00fablica Checa, Argentina, Chile, Sud\u00e1frica y Chile, con el objetivo de acercar la astronom\u00eda al p\u00fablico general.<\/p>\n<p>Seg\u00fan explica una nota del Consejo Superior de Investigaciones Cient\u00edficas (CSIC), integrante del proyecto GLORIA, con solo elegir una fecha y un lugar del mundo, cualquier usuario de Internet puede observar la parte de la b\u00f3veda celeste y los objetos m\u00e1s interesantes que se ve\u00edan en ese momento del pasado.<\/p>\n<p>\u00abLa aplicaci\u00f3n es una invitaci\u00f3n en l\u00ednea para conectar y explorar el universo de un modo intuitivo, mostrando bellas im\u00e1genes astron\u00f3micas y acercando la Astronom\u00eda a todos\u00bb, asegura Alberto Castro-Tirado, responsable cient\u00edfico del Proyecto GLORIA e investigador del Instituto de Astrof\u00edsica de Andaluc\u00eda del CSIC.<\/p>\n<p>Basado en los movimientos de la Tierra (nutaci\u00f3n, translaci\u00f3n y precesi\u00f3n), as\u00ed como en los movimientos propios de las estrellas m\u00e1s cercanas, el sistema calcula qu\u00e9 instant\u00e1neas del universo se hubieran podido obtener en el pasado, por ejemplo, el d\u00eda que nacimos o cualquier otra fecha significativa para nosotros.<\/p>\n<p>El portal cuenta ya con una galer\u00eda fotogr\u00e1fica de mapas celestes relacionados con acontecimientos hist\u00f3ricos, como el hundimiento del Titanic, la toma de la Bastilla o la ca\u00edda del muro de Berl\u00edn, entre otros.<\/p>\n<p>El sistema muestra, adem\u00e1s, si el \u00e1rea del cielo seleccionada coincide o se solapa con alg\u00fan acontecimiento se\u00f1alado por el propio usuario y aporta informaci\u00f3n adicional sobre las constelaciones, estrellas, nebulosas y galaxias que aparecen en las im\u00e1genes.<\/p>\n<p>En Espa\u00f1a, el Instituto de Astrof\u00edsica de Andaluc\u00eda del CSIC, Instituto de Astrof\u00edsica de Canarias, Universidad de M\u00e1laga, la Universidad Polit\u00e9cnica de Madrid y el Centro de Astrobiolog\u00eda, centro mixto del CSIC y el Instituto Nacional de T\u00e9cnica Aeroespacial forman parte del proyecto GLORIA.<\/p>\n","protected":false},"excerpt":{"rendered":"<p>Madrid, 22 ene (EFE).- \u00bfQu\u00e9 se ve\u00eda en el cielo desde Cabo Ca\u00f1averal cuando el Apolo 11 despeg\u00f3 en 1969 camino a la Luna? o \u00bfc\u00f3mo era el que hace m\u00e1s de cien a\u00f1os admir\u00f3 maravillado Amundsen cuando lleg\u00f3 al Polo Sur 35 d\u00edas antes que Scott?. Ya es posible saberlo, gracias a la aplicaci\u00f3n<\/p>\n","protected":false},"author":1,"featured_media":1600,"comment_status":"open","ping_status":"open","sticky":false,"template":"","format":"standard","meta":{"footnotes":""},"categories":[224],"tags":[],"class_list":{"0":"post-1599","1":"post","2":"type-post","3":"status-publish","4":"format-standard","5":"has-post-thumbnail","7":"category-noticias-actualidad"},"aioseo_notices":[],"aioseo_head":"\n\t\t<!-- All in One SEO Pro 4.9.6.1 - aioseo.com -->\n\t<meta name=\"description\" content=\"Madrid, 22 ene (EFE).- \u00bfQu\u00e9 se ve\u00eda en el cielo desde Cabo Ca\u00f1averal cuando el Apolo 11 despeg\u00f3 en 1969 camino a la Luna? o \u00bfc\u00f3mo era el que hace m\u00e1s de cien a\u00f1os admir\u00f3 maravillado Amundsen cuando lleg\u00f3 al Polo Sur 35 d\u00edas antes que Scott?. Ya es posible saberlo, gracias a la aplicaci\u00f3n\" \/>\n\t<meta name=\"robots\" content=\"max-image-preview:large\" \/>\n\t<meta name=\"author\" content=\"admin\"\/>\n\t<meta name=\"google-site-verification\" content=\"UA-38556648-1\" \/>\n\t<meta name=\"keywords\" content=\"noticias y actualidad\" \/>\n\t<link rel=\"canonical\" href=\"https:\/\/eldigitaldeasturias.com\/magazine365\/viajar-por-el-espacio-sin-levantarse-de-la-silla\/\" \/>\n\t<meta name=\"generator\" content=\"All in One SEO Pro (AIOSEO) 4.9.6.1\" \/>\n\t\t<meta property=\"og:locale\" content=\"es_ES\" \/>\n\t\t<meta property=\"og:site_name\" content=\"El Digital de Asturias \u2013 Revista de ocio, turismo y estilo de vida\" \/>\n\t\t<meta property=\"og:type\" content=\"article\" \/>\n\t\t<meta property=\"og:title\" content=\"Viajar por el espacio sin levantarse de la silla | El Digital de Asturias\" \/>\n\t\t<meta property=\"og:description\" content=\"Madrid, 22 ene (EFE).- \u00bfQu\u00e9 se ve\u00eda en el cielo desde Cabo Ca\u00f1averal cuando el Apolo 11 despeg\u00f3 en 1969 camino a la Luna? o \u00bfc\u00f3mo era el que hace m\u00e1s de cien a\u00f1os admir\u00f3 maravillado Amundsen cuando lleg\u00f3 al Polo Sur 35 d\u00edas antes que Scott?. Ya es posible saberlo, gracias a la aplicaci\u00f3n\" \/>\n\t\t<meta property=\"og:url\" content=\"https:\/\/eldigitaldeasturias.com\/magazine365\/viajar-por-el-espacio-sin-levantarse-de-la-silla\/\" \/>\n\t\t<meta property=\"og:image\" content=\"https:\/\/eldigitaldeasturias.com\/magazine365\/wp-content\/uploads\/2014\/01\/5867785w.jpg\" \/>\n\t\t<meta property=\"og:image:secure_url\" content=\"https:\/\/eldigitaldeasturias.com\/magazine365\/wp-content\/uploads\/2014\/01\/5867785w.jpg\" \/>\n\t\t<meta property=\"og:image:width\" content=\"800\" \/>\n\t\t<meta property=\"og:image:height\" content=\"536\" \/>\n\t\t<meta property=\"article:published_time\" content=\"2014-01-22T22:14:28+00:00\" \/>\n\t\t<meta property=\"article:modified_time\" content=\"2014-01-22T22:14:28+00:00\" \/>\n\t\t<meta name=\"twitter:card\" content=\"summary_large_image\" \/>\n\t\t<meta name=\"twitter:title\" content=\"Viajar por el espacio sin levantarse de la silla | El Digital de Asturias\" \/>\n\t\t<meta name=\"twitter:description\" content=\"Madrid, 22 ene (EFE).- \u00bfQu\u00e9 se ve\u00eda en el cielo desde Cabo Ca\u00f1averal cuando el Apolo 11 despeg\u00f3 en 1969 camino a la Luna? o \u00bfc\u00f3mo era el que hace m\u00e1s de cien a\u00f1os admir\u00f3 maravillado Amundsen cuando lleg\u00f3 al Polo Sur 35 d\u00edas antes que Scott?. Ya es posible saberlo, gracias a la aplicaci\u00f3n\" \/>\n\t\t<meta name=\"twitter:image\" content=\"https:\/\/eldigitaldeasturias.com\/magazine365\/wp-content\/uploads\/2014\/01\/5867785w.jpg\" \/>\n\t\t<script type=\"application\/ld+json\" class=\"aioseo-schema\">\n\t\t\t{\"@context\":\"https:\\\/\\\/schema.org\",\"@graph\":[{\"@type\":\"Article\",\"@id\":\"https:\\\/\\\/eldigitaldeasturias.com\\\/magazine365\\\/viajar-por-el-espacio-sin-levantarse-de-la-silla\\\/#article\",\"name\":\"Viajar por el espacio sin levantarse de la silla | El Digital de Asturias\",\"headline\":\"Viajar por el espacio sin levantarse de la silla\",\"author\":{\"@id\":\"https:\\\/\\\/eldigitaldeasturias.com\\\/magazine365\\\/author\\\/admin\\\/#author\"},\"publisher\":{\"@id\":\"https:\\\/\\\/eldigitaldeasturias.com\\\/magazine365\\\/#organization\"},\"image\":{\"@type\":\"ImageObject\",\"url\":\"https:\\\/\\\/eldigitaldeasturias.com\\\/magazine365\\\/wp-content\\\/uploads\\\/2014\\\/01\\\/5867785w.jpg\",\"width\":800,\"height\":536},\"datePublished\":\"2014-01-22T21:14:28+01:00\",\"dateModified\":\"2014-01-22T21:14:28+01:00\",\"inLanguage\":\"es-ES\",\"mainEntityOfPage\":{\"@id\":\"https:\\\/\\\/eldigitaldeasturias.com\\\/magazine365\\\/viajar-por-el-espacio-sin-levantarse-de-la-silla\\\/#webpage\"},\"isPartOf\":{\"@id\":\"https:\\\/\\\/eldigitaldeasturias.com\\\/magazine365\\\/viajar-por-el-espacio-sin-levantarse-de-la-silla\\\/#webpage\"},\"articleSection\":\"Noticias y Actualidad\"},{\"@type\":\"BreadcrumbList\",\"@id\":\"https:\\\/\\\/eldigitaldeasturias.com\\\/magazine365\\\/viajar-por-el-espacio-sin-levantarse-de-la-silla\\\/#breadcrumblist\",\"itemListElement\":[{\"@type\":\"ListItem\",\"@id\":\"https:\\\/\\\/eldigitaldeasturias.com\\\/magazine365#listItem\",\"position\":1,\"name\":\"Home\",\"item\":\"https:\\\/\\\/eldigitaldeasturias.com\\\/magazine365\",\"nextItem\":{\"@type\":\"ListItem\",\"@id\":\"https:\\\/\\\/eldigitaldeasturias.com\\\/magazine365\\\/category\\\/noticias-actualidad\\\/#listItem\",\"name\":\"Noticias y Actualidad\"}},{\"@type\":\"ListItem\",\"@id\":\"https:\\\/\\\/eldigitaldeasturias.com\\\/magazine365\\\/category\\\/noticias-actualidad\\\/#listItem\",\"position\":2,\"name\":\"Noticias y Actualidad\",\"item\":\"https:\\\/\\\/eldigitaldeasturias.com\\\/magazine365\\\/category\\\/noticias-actualidad\\\/\",\"nextItem\":{\"@type\":\"ListItem\",\"@id\":\"https:\\\/\\\/eldigitaldeasturias.com\\\/magazine365\\\/viajar-por-el-espacio-sin-levantarse-de-la-silla\\\/#listItem\",\"name\":\"Viajar por el espacio sin levantarse de la silla\"},\"previousItem\":{\"@type\":\"ListItem\",\"@id\":\"https:\\\/\\\/eldigitaldeasturias.com\\\/magazine365#listItem\",\"name\":\"Home\"}},{\"@type\":\"ListItem\",\"@id\":\"https:\\\/\\\/eldigitaldeasturias.com\\\/magazine365\\\/viajar-por-el-espacio-sin-levantarse-de-la-silla\\\/#listItem\",\"position\":3,\"name\":\"Viajar por el espacio sin levantarse de la silla\",\"previousItem\":{\"@type\":\"ListItem\",\"@id\":\"https:\\\/\\\/eldigitaldeasturias.com\\\/magazine365\\\/category\\\/noticias-actualidad\\\/#listItem\",\"name\":\"Noticias y Actualidad\"}}]},{\"@type\":\"Organization\",\"@id\":\"https:\\\/\\\/eldigitaldeasturias.com\\\/magazine365\\\/#organization\",\"name\":\"El digital de Asturias\",\"description\":\"Revista de ocio, turismo y estilo de vida\",\"url\":\"https:\\\/\\\/eldigitaldeasturias.com\\\/magazine365\\\/\",\"logo\":{\"@type\":\"ImageObject\",\"url\":\"https:\\\/\\\/www.eldigitaldeasturias.com\\\/noticias\\\/wp-content\\\/uploads\\\/2020\\\/12\\\/EDA.jpg\",\"@id\":\"https:\\\/\\\/eldigitaldeasturias.com\\\/magazine365\\\/viajar-por-el-espacio-sin-levantarse-de-la-silla\\\/#organizationLogo\"},\"image\":{\"@id\":\"https:\\\/\\\/eldigitaldeasturias.com\\\/magazine365\\\/viajar-por-el-espacio-sin-levantarse-de-la-silla\\\/#organizationLogo\"}},{\"@type\":\"Person\",\"@id\":\"https:\\\/\\\/eldigitaldeasturias.com\\\/magazine365\\\/author\\\/admin\\\/#author\",\"url\":\"https:\\\/\\\/eldigitaldeasturias.com\\\/magazine365\\\/author\\\/admin\\\/\",\"name\":\"admin\",\"image\":{\"@type\":\"ImageObject\",\"@id\":\"https:\\\/\\\/eldigitaldeasturias.com\\\/magazine365\\\/viajar-por-el-espacio-sin-levantarse-de-la-silla\\\/#authorImage\",\"url\":\"https:\\\/\\\/eldigitaldeasturias.com\\\/magazine365\\\/wp-content\\\/litespeed\\\/avatar\\\/e571bcf59a0edd6fa6838245a470f2fe.jpg?ver=1777574230\",\"width\":96,\"height\":96,\"caption\":\"admin\"}},{\"@type\":\"WebPage\",\"@id\":\"https:\\\/\\\/eldigitaldeasturias.com\\\/magazine365\\\/viajar-por-el-espacio-sin-levantarse-de-la-silla\\\/#webpage\",\"url\":\"https:\\\/\\\/eldigitaldeasturias.com\\\/magazine365\\\/viajar-por-el-espacio-sin-levantarse-de-la-silla\\\/\",\"name\":\"Viajar por el espacio sin levantarse de la silla | El Digital de Asturias\",\"description\":\"Madrid, 22 ene (EFE).- \\u00bfQu\\u00e9 se ve\\u00eda en el cielo desde Cabo Ca\\u00f1averal cuando el Apolo 11 despeg\\u00f3 en 1969 camino a la Luna? o \\u00bfc\\u00f3mo era el que hace m\\u00e1s de cien a\\u00f1os admir\\u00f3 maravillado Amundsen cuando lleg\\u00f3 al Polo Sur 35 d\\u00edas antes que Scott?. Ya es posible saberlo, gracias a la aplicaci\\u00f3n\",\"inLanguage\":\"es-ES\",\"isPartOf\":{\"@id\":\"https:\\\/\\\/eldigitaldeasturias.com\\\/magazine365\\\/#website\"},\"breadcrumb\":{\"@id\":\"https:\\\/\\\/eldigitaldeasturias.com\\\/magazine365\\\/viajar-por-el-espacio-sin-levantarse-de-la-silla\\\/#breadcrumblist\"},\"author\":{\"@id\":\"https:\\\/\\\/eldigitaldeasturias.com\\\/magazine365\\\/author\\\/admin\\\/#author\"},\"creator\":{\"@id\":\"https:\\\/\\\/eldigitaldeasturias.com\\\/magazine365\\\/author\\\/admin\\\/#author\"},\"image\":{\"@type\":\"ImageObject\",\"url\":\"https:\\\/\\\/eldigitaldeasturias.com\\\/magazine365\\\/wp-content\\\/uploads\\\/2014\\\/01\\\/5867785w.jpg\",\"@id\":\"https:\\\/\\\/eldigitaldeasturias.com\\\/magazine365\\\/viajar-por-el-espacio-sin-levantarse-de-la-silla\\\/#mainImage\",\"width\":800,\"height\":536},\"primaryImageOfPage\":{\"@id\":\"https:\\\/\\\/eldigitaldeasturias.com\\\/magazine365\\\/viajar-por-el-espacio-sin-levantarse-de-la-silla\\\/#mainImage\"},\"datePublished\":\"2014-01-22T21:14:28+01:00\",\"dateModified\":\"2014-01-22T21:14:28+01:00\"},{\"@type\":\"WebSite\",\"@id\":\"https:\\\/\\\/eldigitaldeasturias.com\\\/magazine365\\\/#website\",\"url\":\"https:\\\/\\\/eldigitaldeasturias.com\\\/magazine365\\\/\",\"name\":\"El Digital de Asturias\",\"description\":\"Revista de ocio, turismo y estilo de vida\",\"inLanguage\":\"es-ES\",\"publisher\":{\"@id\":\"https:\\\/\\\/eldigitaldeasturias.com\\\/magazine365\\\/#organization\"}}]}\n\t\t<\/script>\n\t\t<!-- All in One SEO Pro -->\r\n\t\t<title>Viajar por el espacio sin levantarse de la silla | El Digital de Asturias<\/title>\n\n","aioseo_head_json":{"title":"Viajar por el espacio sin levantarse de la silla | El Digital de Asturias","description":"Madrid, 22 ene (EFE).- \u00bfQu\u00e9 se ve\u00eda en el cielo desde Cabo Ca\u00f1averal cuando el Apolo 11 despeg\u00f3 en 1969 camino a la Luna? o \u00bfc\u00f3mo era el que hace m\u00e1s de cien a\u00f1os admir\u00f3 maravillado Amundsen cuando lleg\u00f3 al Polo Sur 35 d\u00edas antes que Scott?. Ya es posible saberlo, gracias a la aplicaci\u00f3n","canonical_url":"https:\/\/eldigitaldeasturias.com\/magazine365\/viajar-por-el-espacio-sin-levantarse-de-la-silla\/","robots":"max-image-preview:large","keywords":"noticias y actualidad","webmasterTools":{"google-site-verification":"UA-38556648-1","miscellaneous":""},"schema":{"@context":"https:\/\/schema.org","@graph":[{"@type":"Article","@id":"https:\/\/eldigitaldeasturias.com\/magazine365\/viajar-por-el-espacio-sin-levantarse-de-la-silla\/#article","name":"Viajar por el espacio sin levantarse de la silla | El Digital de Asturias","headline":"Viajar por el espacio sin levantarse de la silla","author":{"@id":"https:\/\/eldigitaldeasturias.com\/magazine365\/author\/admin\/#author"},"publisher":{"@id":"https:\/\/eldigitaldeasturias.com\/magazine365\/#organization"},"image":{"@type":"ImageObject","url":"https:\/\/eldigitaldeasturias.com\/magazine365\/wp-content\/uploads\/2014\/01\/5867785w.jpg","width":800,"height":536},"datePublished":"2014-01-22T21:14:28+01:00","dateModified":"2014-01-22T21:14:28+01:00","inLanguage":"es-ES","mainEntityOfPage":{"@id":"https:\/\/eldigitaldeasturias.com\/magazine365\/viajar-por-el-espacio-sin-levantarse-de-la-silla\/#webpage"},"isPartOf":{"@id":"https:\/\/eldigitaldeasturias.com\/magazine365\/viajar-por-el-espacio-sin-levantarse-de-la-silla\/#webpage"},"articleSection":"Noticias y Actualidad"},{"@type":"BreadcrumbList","@id":"https:\/\/eldigitaldeasturias.com\/magazine365\/viajar-por-el-espacio-sin-levantarse-de-la-silla\/#breadcrumblist","itemListElement":[{"@type":"ListItem","@id":"https:\/\/eldigitaldeasturias.com\/magazine365#listItem","position":1,"name":"Home","item":"https:\/\/eldigitaldeasturias.com\/magazine365","nextItem":{"@type":"ListItem","@id":"https:\/\/eldigitaldeasturias.com\/magazine365\/category\/noticias-actualidad\/#listItem","name":"Noticias y Actualidad"}},{"@type":"ListItem","@id":"https:\/\/eldigitaldeasturias.com\/magazine365\/category\/noticias-actualidad\/#listItem","position":2,"name":"Noticias y Actualidad","item":"https:\/\/eldigitaldeasturias.com\/magazine365\/category\/noticias-actualidad\/","nextItem":{"@type":"ListItem","@id":"https:\/\/eldigitaldeasturias.com\/magazine365\/viajar-por-el-espacio-sin-levantarse-de-la-silla\/#listItem","name":"Viajar por el espacio sin levantarse de la silla"},"previousItem":{"@type":"ListItem","@id":"https:\/\/eldigitaldeasturias.com\/magazine365#listItem","name":"Home"}},{"@type":"ListItem","@id":"https:\/\/eldigitaldeasturias.com\/magazine365\/viajar-por-el-espacio-sin-levantarse-de-la-silla\/#listItem","position":3,"name":"Viajar por el espacio sin levantarse de la silla","previousItem":{"@type":"ListItem","@id":"https:\/\/eldigitaldeasturias.com\/magazine365\/category\/noticias-actualidad\/#listItem","name":"Noticias y Actualidad"}}]},{"@type":"Organization","@id":"https:\/\/eldigitaldeasturias.com\/magazine365\/#organization","name":"El digital de Asturias","description":"Revista de ocio, turismo y estilo de vida","url":"https:\/\/eldigitaldeasturias.com\/magazine365\/","logo":{"@type":"ImageObject","url":"https:\/\/www.eldigitaldeasturias.com\/noticias\/wp-content\/uploads\/2020\/12\/EDA.jpg","@id":"https:\/\/eldigitaldeasturias.com\/magazine365\/viajar-por-el-espacio-sin-levantarse-de-la-silla\/#organizationLogo"},"image":{"@id":"https:\/\/eldigitaldeasturias.com\/magazine365\/viajar-por-el-espacio-sin-levantarse-de-la-silla\/#organizationLogo"}},{"@type":"Person","@id":"https:\/\/eldigitaldeasturias.com\/magazine365\/author\/admin\/#author","url":"https:\/\/eldigitaldeasturias.com\/magazine365\/author\/admin\/","name":"admin","image":{"@type":"ImageObject","@id":"https:\/\/eldigitaldeasturias.com\/magazine365\/viajar-por-el-espacio-sin-levantarse-de-la-silla\/#authorImage","url":"https:\/\/eldigitaldeasturias.com\/magazine365\/wp-content\/litespeed\/avatar\/e571bcf59a0edd6fa6838245a470f2fe.jpg?ver=1777574230","width":96,"height":96,"caption":"admin"}},{"@type":"WebPage","@id":"https:\/\/eldigitaldeasturias.com\/magazine365\/viajar-por-el-espacio-sin-levantarse-de-la-silla\/#webpage","url":"https:\/\/eldigitaldeasturias.com\/magazine365\/viajar-por-el-espacio-sin-levantarse-de-la-silla\/","name":"Viajar por el espacio sin levantarse de la silla | El Digital de Asturias","description":"Madrid, 22 ene (EFE).- \u00bfQu\u00e9 se ve\u00eda en el cielo desde Cabo Ca\u00f1averal cuando el Apolo 11 despeg\u00f3 en 1969 camino a la Luna? o \u00bfc\u00f3mo era el que hace m\u00e1s de cien a\u00f1os admir\u00f3 maravillado Amundsen cuando lleg\u00f3 al Polo Sur 35 d\u00edas antes que Scott?. Ya es posible saberlo, gracias a la aplicaci\u00f3n","inLanguage":"es-ES","isPartOf":{"@id":"https:\/\/eldigitaldeasturias.com\/magazine365\/#website"},"breadcrumb":{"@id":"https:\/\/eldigitaldeasturias.com\/magazine365\/viajar-por-el-espacio-sin-levantarse-de-la-silla\/#breadcrumblist"},"author":{"@id":"https:\/\/eldigitaldeasturias.com\/magazine365\/author\/admin\/#author"},"creator":{"@id":"https:\/\/eldigitaldeasturias.com\/magazine365\/author\/admin\/#author"},"image":{"@type":"ImageObject","url":"https:\/\/eldigitaldeasturias.com\/magazine365\/wp-content\/uploads\/2014\/01\/5867785w.jpg","@id":"https:\/\/eldigitaldeasturias.com\/magazine365\/viajar-por-el-espacio-sin-levantarse-de-la-silla\/#mainImage","width":800,"height":536},"primaryImageOfPage":{"@id":"https:\/\/eldigitaldeasturias.com\/magazine365\/viajar-por-el-espacio-sin-levantarse-de-la-silla\/#mainImage"},"datePublished":"2014-01-22T21:14:28+01:00","dateModified":"2014-01-22T21:14:28+01:00"},{"@type":"WebSite","@id":"https:\/\/eldigitaldeasturias.com\/magazine365\/#website","url":"https:\/\/eldigitaldeasturias.com\/magazine365\/","name":"El Digital de Asturias","description":"Revista de ocio, turismo y estilo de vida","inLanguage":"es-ES","publisher":{"@id":"https:\/\/eldigitaldeasturias.com\/magazine365\/#organization"}}]},"og:locale":"es_ES","og:site_name":"El Digital de Asturias \u2013 Revista de ocio, turismo y estilo de vida","og:type":"article","og:title":"Viajar por el espacio sin levantarse de la silla | El Digital de Asturias","og:description":"Madrid, 22 ene (EFE).- \u00bfQu\u00e9 se ve\u00eda en el cielo desde Cabo Ca\u00f1averal cuando el Apolo 11 despeg\u00f3 en 1969 camino a la Luna? o \u00bfc\u00f3mo era el que hace m\u00e1s de cien a\u00f1os admir\u00f3 maravillado Amundsen cuando lleg\u00f3 al Polo Sur 35 d\u00edas antes que Scott?. Ya es posible saberlo, gracias a la aplicaci\u00f3n","og:url":"https:\/\/eldigitaldeasturias.com\/magazine365\/viajar-por-el-espacio-sin-levantarse-de-la-silla\/","og:image":"https:\/\/eldigitaldeasturias.com\/magazine365\/wp-content\/uploads\/2014\/01\/5867785w.jpg","og:image:secure_url":"https:\/\/eldigitaldeasturias.com\/magazine365\/wp-content\/uploads\/2014\/01\/5867785w.jpg","og:image:width":800,"og:image:height":536,"article:published_time":"2014-01-22T22:14:28+00:00","article:modified_time":"2014-01-22T22:14:28+00:00","twitter:card":"summary_large_image","twitter:title":"Viajar por el espacio sin levantarse de la silla | El Digital de Asturias","twitter:description":"Madrid, 22 ene (EFE).- \u00bfQu\u00e9 se ve\u00eda en el cielo desde Cabo Ca\u00f1averal cuando el Apolo 11 despeg\u00f3 en 1969 camino a la Luna? o \u00bfc\u00f3mo era el que hace m\u00e1s de cien a\u00f1os admir\u00f3 maravillado Amundsen cuando lleg\u00f3 al Polo Sur 35 d\u00edas antes que Scott?. Ya es posible saberlo, gracias a la aplicaci\u00f3n","twitter:image":"https:\/\/eldigitaldeasturias.com\/magazine365\/wp-content\/uploads\/2014\/01\/5867785w.jpg"},"aioseo_meta_data":{"post_id":"1599","title":null,"description":null,"keywords":null,"keyphrases":null,"primary_term":null,"canonical_url":null,"og_title":null,"og_description":null,"og_object_type":"default","og_image_type":"default","og_image_url":null,"og_image_width":null,"og_image_height":null,"og_image_custom_url":null,"og_image_custom_fields":null,"og_video":null,"og_custom_url":null,"og_article_section":null,"og_article_tags":null,"twitter_use_og":false,"twitter_card":"default","twitter_image_type":"default","twitter_image_url":null,"twitter_image_custom_url":null,"twitter_image_custom_fields":null,"twitter_title":null,"twitter_description":null,"schema":{"blockGraphs":[],"customGraphs":[],"default":{"data":{"Article":[],"Course":[],"Dataset":[],"FAQPage":[],"Movie":[],"Person":[],"Product":[],"ProductReview":[],"Car":[],"Recipe":[],"Service":[],"SoftwareApplication":[],"WebPage":[]},"graphName":"","isEnabled":true},"graphs":[],"defaultGraph":"","defaultPostTypeGraph":""},"schema_type":null,"schema_type_options":null,"pillar_content":false,"robots_default":true,"robots_noindex":false,"robots_noarchive":false,"robots_nosnippet":false,"robots_nofollow":false,"robots_noimageindex":false,"robots_noodp":false,"robots_notranslate":false,"robots_max_snippet":null,"robots_max_videopreview":null,"robots_max_imagepreview":"large","priority":null,"frequency":null,"location":null,"local_seo":null,"seo_analyzer_scan_date":"2025-09-16 09:41:55","breadcrumb_settings":null,"limit_modified_date":false,"open_ai":null,"ai":null,"created":"2020-12-21 13:39:32","updated":"2025-09-16 09:41:55"},"aioseo_breadcrumb":"<div class=\"aioseo-breadcrumbs\"><span class=\"aioseo-breadcrumb\">\n\t<a href=\"https:\/\/eldigitaldeasturias.com\/magazine365\" title=\"Home\">Home<\/a>\n<\/span><span class=\"aioseo-breadcrumb-separator\">\u2013<\/span><span class=\"aioseo-breadcrumb\">\n\t<a href=\"https:\/\/eldigitaldeasturias.com\/magazine365\/category\/noticias-actualidad\/\" title=\"Noticias y Actualidad\">Noticias y Actualidad<\/a>\n<\/span><span class=\"aioseo-breadcrumb-separator\">\u2013<\/span><span class=\"aioseo-breadcrumb\">\n\t<a href=\"https:\/\/eldigitaldeasturias.com\/magazine365\/viajar-por-el-espacio-sin-levantarse-de-la-silla\/\" title=\"Viajar por el espacio sin levantarse de la silla\">Viajar por el espacio sin levantarse de la silla<\/a>\n<\/span><\/div>","aioseo_breadcrumb_json":[{"label":"Home","link":"https:\/\/eldigitaldeasturias.com\/magazine365"},{"label":"Noticias y Actualidad","link":"https:\/\/eldigitaldeasturias.com\/magazine365\/category\/noticias-actualidad\/"},{"label":"Viajar por el espacio sin levantarse de la silla","link":"https:\/\/eldigitaldeasturias.com\/magazine365\/viajar-por-el-espacio-sin-levantarse-de-la-silla\/"}],"_links":{"self":[{"href":"https:\/\/eldigitaldeasturias.com\/magazine365\/wp-json\/wp\/v2\/posts\/1599","targetHints":{"allow":["GET"]}}],"collection":[{"href":"https:\/\/eldigitaldeasturias.com\/magazine365\/wp-json\/wp\/v2\/posts"}],"about":[{"href":"https:\/\/eldigitaldeasturias.com\/magazine365\/wp-json\/wp\/v2\/types\/post"}],"author":[{"embeddable":true,"href":"https:\/\/eldigitaldeasturias.com\/magazine365\/wp-json\/wp\/v2\/users\/1"}],"replies":[{"embeddable":true,"href":"https:\/\/eldigitaldeasturias.com\/magazine365\/wp-json\/wp\/v2\/comments?post=1599"}],"version-history":[{"count":0,"href":"https:\/\/eldigitaldeasturias.com\/magazine365\/wp-json\/wp\/v2\/posts\/1599\/revisions"}],"wp:featuredmedia":[{"embeddable":true,"href":"https:\/\/eldigitaldeasturias.com\/magazine365\/wp-json\/wp\/v2\/media\/1600"}],"wp:attachment":[{"href":"https:\/\/eldigitaldeasturias.com\/magazine365\/wp-json\/wp\/v2\/media?parent=1599"}],"wp:term":[{"taxonomy":"category","embeddable":true,"href":"https:\/\/eldigitaldeasturias.com\/magazine365\/wp-json\/wp\/v2\/categories?post=1599"},{"taxonomy":"post_tag","embeddable":true,"href":"https:\/\/eldigitaldeasturias.com\/magazine365\/wp-json\/wp\/v2\/tags?post=1599"}],"curies":[{"name":"wp","href":"https:\/\/api.w.org\/{rel}","templated":true}]}}