{"id":1596,"date":"2014-01-22T21:13:09","date_gmt":"2014-01-22T22:13:09","guid":{"rendered":"http:\/\/eldigitaldeasturias.com\/magazine365\/?p=1596"},"modified":"2014-01-22T21:13:09","modified_gmt":"2014-01-22T22:13:09","slug":"kusturica-dedica-su-festival-kustendorf-a-la-promocion-de-jovenes-cineastas","status":"publish","type":"post","link":"https:\/\/eldigitaldeasturias.com\/magazine365\/kusturica-dedica-su-festival-kustendorf-a-la-promocion-de-jovenes-cineastas\/","title":{"rendered":"Kusturica dedica su festival \u00abKustendorf\u00bb a la promoci\u00f3n de j\u00f3venes cineastas"},"content":{"rendered":"<p><img fetchpriority=\"high\" decoding=\"async\" class=\"alignleft size-medium wp-image-1597\" alt=\"5867673w\" src=\"https:\/\/eldigitaldeasturias.com\/magazine365\/wp-content\/uploads\/2014\/01\/5867673w-360x238.jpg\" width=\"360\" height=\"238\" \/>Belgrado, 22 ene (EFE).- El Festival Internacional de Cine y M\u00fasica \u00abKustendorf\u00bb, apadrinado por el director serbio Emir Kusturica, celebra su s\u00e9ptima edici\u00f3n dedicada a promover a j\u00f3venes talentos, en una cita que contar\u00e1 con cineastas como el italiano Paolo Sorrentino y el mexicano Guillermo Arriaga.<\/p>\n<p>El evento, inaugurado el pasado fin de semana y que se clausura ma\u00f1ana jueves, se celebra sin pompa ni alfombras rojas, lo que no impide que atraiga a algunos de los representantes m\u00e1s destacados del cine actual.<\/p>\n<p>Adem\u00e1s de Arriaga, autor \u00abAmores Perros\u00bb o \u00abBabel\u00bb, y Sorrentino, cuya cinta \u00abLa grande bellezza\u00bb gan\u00f3 en 2013 el premio a mejor pel\u00edcula europea, el festival cuenta con la presencia del director ruso Yuri Bykov, la actriz francoargentina B\u00e9r\u00e9nice Bejo y Janusz Kaminski, legendario director de fotograf\u00eda de Steven Spielberg.<\/p>\n<p>\u00abEs decir, algunos de los nombres m\u00e1s destacados del cine actual, y eso en una categor\u00eda de pel\u00edculas, el cine de autor\u00bb, declar\u00f3 a Efe Ona Otasevic, encargada de prensa de \u00abKustendorf\u00bb, que defendi\u00f3 esta forma de entender el s\u00e9ptimo arte frente a \u00abuna m\u00e1quina que desea convertir el cine en industria\u00bb.<\/p>\n<p>\u00abEl principal objetivo del festival es abrir las puertas a los j\u00f3venes autores del mundo, en las condiciones de producci\u00f3n cinematogr\u00e1fica que hoy reinan, tomando en cuenta, claro, las diferencias por continentes\u00bb, dijo Otasevic en declaraciones por tel\u00e9fono desde el pueblo de Drvengrad, donde se celebra el evento.<\/p>\n<p>Explic\u00f3 que \u00abla evaluaci\u00f3n general del fundador del festival, Emir Kusturica, es que el cine est\u00e1 en crisis y que hay que ayudar a los autores j\u00f3venes\u00bb.<\/p>\n<p>\u00ab\u00c9l desea ahora transmitir su experiencia, sus conocimientos, a esos j\u00f3venes autores y darles la oportunidad de que encuentren aqu\u00ed un contacto, una relaci\u00f3n muy pr\u00f3xima con las grandes estrellas de la cinematograf\u00eda contempor\u00e1nea\u00bb, dijo.<\/p>\n<p>Quince pel\u00edculas de autores del mundo compiten por el Huevo de Oro, de Plata y de Bronce, premios que el festival concede a cineastas j\u00f3venes que anuncian nuevas tendencias cinematogr\u00e1ficas.<\/p>\n<p>En la edici\u00f3n de este a\u00f1o se presentan filmes como \u00abHow I killed Rabin\u00bb, del israel\u00ed Michael Alalu; \u00abBaits and hooks\u00bb, del serbio Luka Popadic; \u00abArena\u00bb, del polaco Martin Rath; \u00abMade in Chinatown\u00bb, del estadounidense Kevin Lau; \u00abThe Last Veil\u00bb, del mexicano Luis Palomino; y \u00abMore than two hours\u00bb, del iran\u00ed Ali Asgari.<\/p>\n<p>El jurado est\u00e1 presidido por Bejo y cuenta con Arriaga entre sus miembros.<\/p>\n<p>La portavoz indic\u00f3 que en esta edici\u00f3n, dentro de un nuevo programa titulado \u00abAutores nuevos\u00bb, se presentan tres pel\u00edculas debutantes de autores serbios que est\u00e1n atrayendo mucha atenci\u00f3n, y se entregar\u00e1 un galard\u00f3n especial a la mejor fotograf\u00eda.<\/p>\n<p>Bajo la secci\u00f3n \u00abTendencias contempor\u00e1neas\u00bb se proyectar\u00e1n filmes como \u00abThe Past\u00bb, del iran\u00ed Asghar Farhadi; \u00abThe Major\u00bb, de Bykov; \u00abMiss Violence\u00bb, del griego Alexandros Avranas, o la propia \u00abLa grande bellezza\u00bb, nominada para los Oscars en la categor\u00eda de mejor cinta de habla no inglesa.<\/p>\n<p>Sorrentino y Arriaga se cuentan entre los cineastas que impartir\u00e1n talleres a j\u00f3venes autores.<\/p>\n<p>El propio Kusturica ofrecer\u00e1 una conferencia dentro de una retrospectiva sobre la \u00abNueva ola estadounidense\u00bb, en la que se presentar\u00e1n filmes subversivos de la d\u00e9cada de 1970, como \u00abThe Shoot Horses, Don&#8217;t They?\u00bb, de Sydney Pollack, o \u00abSoldier Blue\u00bb, de Ralph Nelson.<\/p>\n<p>El festival se celebra en el pueblo de Drvengrad, \u00abCiudad de Madera\u00bb, dise\u00f1ado por Kusturica y construido en un parque nacional en el suroeste de Serbia.<\/p>\n<p>En este poblado folcl\u00f3rico con casas al estilo tradicional las calles y plazas llevan los nombres de los cineastas, actores, deportistas y otras personalidades admiradas por Kusturica.<\/p>\n<p>Snezana Stanojevic<\/p>\n","protected":false},"excerpt":{"rendered":"<p>Belgrado, 22 ene (EFE).- El Festival Internacional de Cine y M\u00fasica \u00abKustendorf\u00bb, apadrinado por el director serbio Emir Kusturica, celebra su s\u00e9ptima edici\u00f3n dedicada a promover a j\u00f3venes talentos, en una cita que contar\u00e1 con cineastas como el italiano Paolo Sorrentino y el mexicano Guillermo Arriaga. El evento, inaugurado el pasado fin de semana y<\/p>\n","protected":false},"author":1,"featured_media":1597,"comment_status":"open","ping_status":"open","sticky":false,"template":"","format":"standard","meta":{"footnotes":""},"categories":[224],"tags":[],"class_list":{"0":"post-1596","1":"post","2":"type-post","3":"status-publish","4":"format-standard","5":"has-post-thumbnail","7":"category-noticias-actualidad"},"aioseo_notices":[],"aioseo_head":"\n\t\t<!-- All in One SEO Pro 4.9.6.1 - aioseo.com -->\n\t<meta name=\"description\" content=\"Belgrado, 22 ene (EFE).- El Festival Internacional de Cine y M\u00fasica &quot;Kustendorf&quot;, apadrinado por el director serbio Emir Kusturica, celebra su s\u00e9ptima edici\u00f3n dedicada a promover a j\u00f3venes talentos, en una cita que contar\u00e1 con cineastas como el italiano Paolo Sorrentino y el mexicano Guillermo Arriaga. El evento, inaugurado el pasado fin de semana y\" \/>\n\t<meta name=\"robots\" content=\"max-image-preview:large\" \/>\n\t<meta name=\"author\" content=\"admin\"\/>\n\t<meta name=\"google-site-verification\" content=\"UA-38556648-1\" \/>\n\t<meta name=\"keywords\" content=\"noticias y actualidad\" \/>\n\t<link rel=\"canonical\" href=\"https:\/\/eldigitaldeasturias.com\/magazine365\/kusturica-dedica-su-festival-kustendorf-a-la-promocion-de-jovenes-cineastas\/\" \/>\n\t<meta name=\"generator\" content=\"All in One SEO Pro (AIOSEO) 4.9.6.1\" \/>\n\t\t<meta property=\"og:locale\" content=\"es_ES\" \/>\n\t\t<meta property=\"og:site_name\" content=\"El Digital de Asturias \u2013 Revista de ocio, turismo y estilo de vida\" \/>\n\t\t<meta property=\"og:type\" content=\"article\" \/>\n\t\t<meta property=\"og:title\" content=\"Kusturica dedica su festival \u00abKustendorf\u00bb a la promoci\u00f3n de j\u00f3venes cineastas | El Digital de Asturias\" \/>\n\t\t<meta property=\"og:description\" content=\"Belgrado, 22 ene (EFE).- El Festival Internacional de Cine y M\u00fasica &quot;Kustendorf&quot;, apadrinado por el director serbio Emir Kusturica, celebra su s\u00e9ptima edici\u00f3n dedicada a promover a j\u00f3venes talentos, en una cita que contar\u00e1 con cineastas como el italiano Paolo Sorrentino y el mexicano Guillermo Arriaga. El evento, inaugurado el pasado fin de semana y\" \/>\n\t\t<meta property=\"og:url\" content=\"https:\/\/eldigitaldeasturias.com\/magazine365\/kusturica-dedica-su-festival-kustendorf-a-la-promocion-de-jovenes-cineastas\/\" \/>\n\t\t<meta property=\"og:image\" content=\"https:\/\/eldigitaldeasturias.com\/magazine365\/wp-content\/uploads\/2014\/01\/5867673w.jpg\" \/>\n\t\t<meta property=\"og:image:secure_url\" content=\"https:\/\/eldigitaldeasturias.com\/magazine365\/wp-content\/uploads\/2014\/01\/5867673w.jpg\" \/>\n\t\t<meta property=\"og:image:width\" content=\"800\" \/>\n\t\t<meta property=\"og:image:height\" content=\"531\" \/>\n\t\t<meta property=\"article:published_time\" content=\"2014-01-22T22:13:09+00:00\" \/>\n\t\t<meta property=\"article:modified_time\" content=\"2014-01-22T22:13:09+00:00\" \/>\n\t\t<meta name=\"twitter:card\" content=\"summary_large_image\" \/>\n\t\t<meta name=\"twitter:title\" content=\"Kusturica dedica su festival \u00abKustendorf\u00bb a la promoci\u00f3n de j\u00f3venes cineastas | El Digital de Asturias\" \/>\n\t\t<meta name=\"twitter:description\" content=\"Belgrado, 22 ene (EFE).- El Festival Internacional de Cine y M\u00fasica &quot;Kustendorf&quot;, apadrinado por el director serbio Emir Kusturica, celebra su s\u00e9ptima edici\u00f3n dedicada a promover a j\u00f3venes talentos, en una cita que contar\u00e1 con cineastas como el italiano Paolo Sorrentino y el mexicano Guillermo Arriaga. El evento, inaugurado el pasado fin de semana y\" \/>\n\t\t<meta name=\"twitter:image\" content=\"https:\/\/eldigitaldeasturias.com\/magazine365\/wp-content\/uploads\/2014\/01\/5867673w.jpg\" \/>\n\t\t<script type=\"application\/ld+json\" class=\"aioseo-schema\">\n\t\t\t{\"@context\":\"https:\\\/\\\/schema.org\",\"@graph\":[{\"@type\":\"Article\",\"@id\":\"https:\\\/\\\/eldigitaldeasturias.com\\\/magazine365\\\/kusturica-dedica-su-festival-kustendorf-a-la-promocion-de-jovenes-cineastas\\\/#article\",\"name\":\"Kusturica dedica su festival \\u00abKustendorf\\u00bb a la promoci\\u00f3n de j\\u00f3venes cineastas | El Digital de Asturias\",\"headline\":\"Kusturica dedica su festival \\u00abKustendorf\\u00bb a la promoci\\u00f3n de j\\u00f3venes cineastas\",\"author\":{\"@id\":\"https:\\\/\\\/eldigitaldeasturias.com\\\/magazine365\\\/author\\\/admin\\\/#author\"},\"publisher\":{\"@id\":\"https:\\\/\\\/eldigitaldeasturias.com\\\/magazine365\\\/#organization\"},\"image\":{\"@type\":\"ImageObject\",\"url\":\"https:\\\/\\\/eldigitaldeasturias.com\\\/magazine365\\\/wp-content\\\/uploads\\\/2014\\\/01\\\/5867673w.jpg\",\"width\":800,\"height\":531},\"datePublished\":\"2014-01-22T21:13:09+01:00\",\"dateModified\":\"2014-01-22T21:13:09+01:00\",\"inLanguage\":\"es-ES\",\"mainEntityOfPage\":{\"@id\":\"https:\\\/\\\/eldigitaldeasturias.com\\\/magazine365\\\/kusturica-dedica-su-festival-kustendorf-a-la-promocion-de-jovenes-cineastas\\\/#webpage\"},\"isPartOf\":{\"@id\":\"https:\\\/\\\/eldigitaldeasturias.com\\\/magazine365\\\/kusturica-dedica-su-festival-kustendorf-a-la-promocion-de-jovenes-cineastas\\\/#webpage\"},\"articleSection\":\"Noticias y Actualidad\"},{\"@type\":\"BreadcrumbList\",\"@id\":\"https:\\\/\\\/eldigitaldeasturias.com\\\/magazine365\\\/kusturica-dedica-su-festival-kustendorf-a-la-promocion-de-jovenes-cineastas\\\/#breadcrumblist\",\"itemListElement\":[{\"@type\":\"ListItem\",\"@id\":\"https:\\\/\\\/eldigitaldeasturias.com\\\/magazine365#listItem\",\"position\":1,\"name\":\"Home\",\"item\":\"https:\\\/\\\/eldigitaldeasturias.com\\\/magazine365\",\"nextItem\":{\"@type\":\"ListItem\",\"@id\":\"https:\\\/\\\/eldigitaldeasturias.com\\\/magazine365\\\/category\\\/noticias-actualidad\\\/#listItem\",\"name\":\"Noticias y Actualidad\"}},{\"@type\":\"ListItem\",\"@id\":\"https:\\\/\\\/eldigitaldeasturias.com\\\/magazine365\\\/category\\\/noticias-actualidad\\\/#listItem\",\"position\":2,\"name\":\"Noticias y Actualidad\",\"item\":\"https:\\\/\\\/eldigitaldeasturias.com\\\/magazine365\\\/category\\\/noticias-actualidad\\\/\",\"nextItem\":{\"@type\":\"ListItem\",\"@id\":\"https:\\\/\\\/eldigitaldeasturias.com\\\/magazine365\\\/kusturica-dedica-su-festival-kustendorf-a-la-promocion-de-jovenes-cineastas\\\/#listItem\",\"name\":\"Kusturica dedica su festival \\u00abKustendorf\\u00bb a la promoci\\u00f3n de j\\u00f3venes cineastas\"},\"previousItem\":{\"@type\":\"ListItem\",\"@id\":\"https:\\\/\\\/eldigitaldeasturias.com\\\/magazine365#listItem\",\"name\":\"Home\"}},{\"@type\":\"ListItem\",\"@id\":\"https:\\\/\\\/eldigitaldeasturias.com\\\/magazine365\\\/kusturica-dedica-su-festival-kustendorf-a-la-promocion-de-jovenes-cineastas\\\/#listItem\",\"position\":3,\"name\":\"Kusturica dedica su festival \\u00abKustendorf\\u00bb a la promoci\\u00f3n de j\\u00f3venes cineastas\",\"previousItem\":{\"@type\":\"ListItem\",\"@id\":\"https:\\\/\\\/eldigitaldeasturias.com\\\/magazine365\\\/category\\\/noticias-actualidad\\\/#listItem\",\"name\":\"Noticias y Actualidad\"}}]},{\"@type\":\"Organization\",\"@id\":\"https:\\\/\\\/eldigitaldeasturias.com\\\/magazine365\\\/#organization\",\"name\":\"El digital de Asturias\",\"description\":\"Revista de ocio, turismo y estilo de vida\",\"url\":\"https:\\\/\\\/eldigitaldeasturias.com\\\/magazine365\\\/\",\"logo\":{\"@type\":\"ImageObject\",\"url\":\"https:\\\/\\\/www.eldigitaldeasturias.com\\\/noticias\\\/wp-content\\\/uploads\\\/2020\\\/12\\\/EDA.jpg\",\"@id\":\"https:\\\/\\\/eldigitaldeasturias.com\\\/magazine365\\\/kusturica-dedica-su-festival-kustendorf-a-la-promocion-de-jovenes-cineastas\\\/#organizationLogo\"},\"image\":{\"@id\":\"https:\\\/\\\/eldigitaldeasturias.com\\\/magazine365\\\/kusturica-dedica-su-festival-kustendorf-a-la-promocion-de-jovenes-cineastas\\\/#organizationLogo\"}},{\"@type\":\"Person\",\"@id\":\"https:\\\/\\\/eldigitaldeasturias.com\\\/magazine365\\\/author\\\/admin\\\/#author\",\"url\":\"https:\\\/\\\/eldigitaldeasturias.com\\\/magazine365\\\/author\\\/admin\\\/\",\"name\":\"admin\",\"image\":{\"@type\":\"ImageObject\",\"@id\":\"https:\\\/\\\/eldigitaldeasturias.com\\\/magazine365\\\/kusturica-dedica-su-festival-kustendorf-a-la-promocion-de-jovenes-cineastas\\\/#authorImage\",\"url\":\"https:\\\/\\\/eldigitaldeasturias.com\\\/magazine365\\\/wp-content\\\/litespeed\\\/avatar\\\/e571bcf59a0edd6fa6838245a470f2fe.jpg?ver=1777574230\",\"width\":96,\"height\":96,\"caption\":\"admin\"}},{\"@type\":\"WebPage\",\"@id\":\"https:\\\/\\\/eldigitaldeasturias.com\\\/magazine365\\\/kusturica-dedica-su-festival-kustendorf-a-la-promocion-de-jovenes-cineastas\\\/#webpage\",\"url\":\"https:\\\/\\\/eldigitaldeasturias.com\\\/magazine365\\\/kusturica-dedica-su-festival-kustendorf-a-la-promocion-de-jovenes-cineastas\\\/\",\"name\":\"Kusturica dedica su festival \\u00abKustendorf\\u00bb a la promoci\\u00f3n de j\\u00f3venes cineastas | El Digital de Asturias\",\"description\":\"Belgrado, 22 ene (EFE).- El Festival Internacional de Cine y M\\u00fasica \\\"Kustendorf\\\", apadrinado por el director serbio Emir Kusturica, celebra su s\\u00e9ptima edici\\u00f3n dedicada a promover a j\\u00f3venes talentos, en una cita que contar\\u00e1 con cineastas como el italiano Paolo Sorrentino y el mexicano Guillermo Arriaga. El evento, inaugurado el pasado fin de semana y\",\"inLanguage\":\"es-ES\",\"isPartOf\":{\"@id\":\"https:\\\/\\\/eldigitaldeasturias.com\\\/magazine365\\\/#website\"},\"breadcrumb\":{\"@id\":\"https:\\\/\\\/eldigitaldeasturias.com\\\/magazine365\\\/kusturica-dedica-su-festival-kustendorf-a-la-promocion-de-jovenes-cineastas\\\/#breadcrumblist\"},\"author\":{\"@id\":\"https:\\\/\\\/eldigitaldeasturias.com\\\/magazine365\\\/author\\\/admin\\\/#author\"},\"creator\":{\"@id\":\"https:\\\/\\\/eldigitaldeasturias.com\\\/magazine365\\\/author\\\/admin\\\/#author\"},\"image\":{\"@type\":\"ImageObject\",\"url\":\"https:\\\/\\\/eldigitaldeasturias.com\\\/magazine365\\\/wp-content\\\/uploads\\\/2014\\\/01\\\/5867673w.jpg\",\"@id\":\"https:\\\/\\\/eldigitaldeasturias.com\\\/magazine365\\\/kusturica-dedica-su-festival-kustendorf-a-la-promocion-de-jovenes-cineastas\\\/#mainImage\",\"width\":800,\"height\":531},\"primaryImageOfPage\":{\"@id\":\"https:\\\/\\\/eldigitaldeasturias.com\\\/magazine365\\\/kusturica-dedica-su-festival-kustendorf-a-la-promocion-de-jovenes-cineastas\\\/#mainImage\"},\"datePublished\":\"2014-01-22T21:13:09+01:00\",\"dateModified\":\"2014-01-22T21:13:09+01:00\"},{\"@type\":\"WebSite\",\"@id\":\"https:\\\/\\\/eldigitaldeasturias.com\\\/magazine365\\\/#website\",\"url\":\"https:\\\/\\\/eldigitaldeasturias.com\\\/magazine365\\\/\",\"name\":\"El Digital de Asturias\",\"description\":\"Revista de ocio, turismo y estilo de vida\",\"inLanguage\":\"es-ES\",\"publisher\":{\"@id\":\"https:\\\/\\\/eldigitaldeasturias.com\\\/magazine365\\\/#organization\"}}]}\n\t\t<\/script>\n\t\t<!-- All in One SEO Pro -->\r\n\t\t<title>Kusturica dedica su festival \u00abKustendorf\u00bb a la promoci\u00f3n de j\u00f3venes cineastas | El Digital de Asturias<\/title>\n\n","aioseo_head_json":{"title":"Kusturica dedica su festival \u00abKustendorf\u00bb a la promoci\u00f3n de j\u00f3venes cineastas | El Digital de Asturias","description":"Belgrado, 22 ene (EFE).- El Festival Internacional de Cine y M\u00fasica \"Kustendorf\", apadrinado por el director serbio Emir Kusturica, celebra su s\u00e9ptima edici\u00f3n dedicada a promover a j\u00f3venes talentos, en una cita que contar\u00e1 con cineastas como el italiano Paolo Sorrentino y el mexicano Guillermo Arriaga. El evento, inaugurado el pasado fin de semana y","canonical_url":"https:\/\/eldigitaldeasturias.com\/magazine365\/kusturica-dedica-su-festival-kustendorf-a-la-promocion-de-jovenes-cineastas\/","robots":"max-image-preview:large","keywords":"noticias y actualidad","webmasterTools":{"google-site-verification":"UA-38556648-1","miscellaneous":""},"schema":{"@context":"https:\/\/schema.org","@graph":[{"@type":"Article","@id":"https:\/\/eldigitaldeasturias.com\/magazine365\/kusturica-dedica-su-festival-kustendorf-a-la-promocion-de-jovenes-cineastas\/#article","name":"Kusturica dedica su festival \u00abKustendorf\u00bb a la promoci\u00f3n de j\u00f3venes cineastas | El Digital de Asturias","headline":"Kusturica dedica su festival \u00abKustendorf\u00bb a la promoci\u00f3n de j\u00f3venes cineastas","author":{"@id":"https:\/\/eldigitaldeasturias.com\/magazine365\/author\/admin\/#author"},"publisher":{"@id":"https:\/\/eldigitaldeasturias.com\/magazine365\/#organization"},"image":{"@type":"ImageObject","url":"https:\/\/eldigitaldeasturias.com\/magazine365\/wp-content\/uploads\/2014\/01\/5867673w.jpg","width":800,"height":531},"datePublished":"2014-01-22T21:13:09+01:00","dateModified":"2014-01-22T21:13:09+01:00","inLanguage":"es-ES","mainEntityOfPage":{"@id":"https:\/\/eldigitaldeasturias.com\/magazine365\/kusturica-dedica-su-festival-kustendorf-a-la-promocion-de-jovenes-cineastas\/#webpage"},"isPartOf":{"@id":"https:\/\/eldigitaldeasturias.com\/magazine365\/kusturica-dedica-su-festival-kustendorf-a-la-promocion-de-jovenes-cineastas\/#webpage"},"articleSection":"Noticias y Actualidad"},{"@type":"BreadcrumbList","@id":"https:\/\/eldigitaldeasturias.com\/magazine365\/kusturica-dedica-su-festival-kustendorf-a-la-promocion-de-jovenes-cineastas\/#breadcrumblist","itemListElement":[{"@type":"ListItem","@id":"https:\/\/eldigitaldeasturias.com\/magazine365#listItem","position":1,"name":"Home","item":"https:\/\/eldigitaldeasturias.com\/magazine365","nextItem":{"@type":"ListItem","@id":"https:\/\/eldigitaldeasturias.com\/magazine365\/category\/noticias-actualidad\/#listItem","name":"Noticias y Actualidad"}},{"@type":"ListItem","@id":"https:\/\/eldigitaldeasturias.com\/magazine365\/category\/noticias-actualidad\/#listItem","position":2,"name":"Noticias y Actualidad","item":"https:\/\/eldigitaldeasturias.com\/magazine365\/category\/noticias-actualidad\/","nextItem":{"@type":"ListItem","@id":"https:\/\/eldigitaldeasturias.com\/magazine365\/kusturica-dedica-su-festival-kustendorf-a-la-promocion-de-jovenes-cineastas\/#listItem","name":"Kusturica dedica su festival \u00abKustendorf\u00bb a la promoci\u00f3n de j\u00f3venes cineastas"},"previousItem":{"@type":"ListItem","@id":"https:\/\/eldigitaldeasturias.com\/magazine365#listItem","name":"Home"}},{"@type":"ListItem","@id":"https:\/\/eldigitaldeasturias.com\/magazine365\/kusturica-dedica-su-festival-kustendorf-a-la-promocion-de-jovenes-cineastas\/#listItem","position":3,"name":"Kusturica dedica su festival \u00abKustendorf\u00bb a la promoci\u00f3n de j\u00f3venes cineastas","previousItem":{"@type":"ListItem","@id":"https:\/\/eldigitaldeasturias.com\/magazine365\/category\/noticias-actualidad\/#listItem","name":"Noticias y Actualidad"}}]},{"@type":"Organization","@id":"https:\/\/eldigitaldeasturias.com\/magazine365\/#organization","name":"El digital de Asturias","description":"Revista de ocio, turismo y estilo de vida","url":"https:\/\/eldigitaldeasturias.com\/magazine365\/","logo":{"@type":"ImageObject","url":"https:\/\/www.eldigitaldeasturias.com\/noticias\/wp-content\/uploads\/2020\/12\/EDA.jpg","@id":"https:\/\/eldigitaldeasturias.com\/magazine365\/kusturica-dedica-su-festival-kustendorf-a-la-promocion-de-jovenes-cineastas\/#organizationLogo"},"image":{"@id":"https:\/\/eldigitaldeasturias.com\/magazine365\/kusturica-dedica-su-festival-kustendorf-a-la-promocion-de-jovenes-cineastas\/#organizationLogo"}},{"@type":"Person","@id":"https:\/\/eldigitaldeasturias.com\/magazine365\/author\/admin\/#author","url":"https:\/\/eldigitaldeasturias.com\/magazine365\/author\/admin\/","name":"admin","image":{"@type":"ImageObject","@id":"https:\/\/eldigitaldeasturias.com\/magazine365\/kusturica-dedica-su-festival-kustendorf-a-la-promocion-de-jovenes-cineastas\/#authorImage","url":"https:\/\/eldigitaldeasturias.com\/magazine365\/wp-content\/litespeed\/avatar\/e571bcf59a0edd6fa6838245a470f2fe.jpg?ver=1777574230","width":96,"height":96,"caption":"admin"}},{"@type":"WebPage","@id":"https:\/\/eldigitaldeasturias.com\/magazine365\/kusturica-dedica-su-festival-kustendorf-a-la-promocion-de-jovenes-cineastas\/#webpage","url":"https:\/\/eldigitaldeasturias.com\/magazine365\/kusturica-dedica-su-festival-kustendorf-a-la-promocion-de-jovenes-cineastas\/","name":"Kusturica dedica su festival \u00abKustendorf\u00bb a la promoci\u00f3n de j\u00f3venes cineastas | El Digital de Asturias","description":"Belgrado, 22 ene (EFE).- El Festival Internacional de Cine y M\u00fasica \"Kustendorf\", apadrinado por el director serbio Emir Kusturica, celebra su s\u00e9ptima edici\u00f3n dedicada a promover a j\u00f3venes talentos, en una cita que contar\u00e1 con cineastas como el italiano Paolo Sorrentino y el mexicano Guillermo Arriaga. El evento, inaugurado el pasado fin de semana y","inLanguage":"es-ES","isPartOf":{"@id":"https:\/\/eldigitaldeasturias.com\/magazine365\/#website"},"breadcrumb":{"@id":"https:\/\/eldigitaldeasturias.com\/magazine365\/kusturica-dedica-su-festival-kustendorf-a-la-promocion-de-jovenes-cineastas\/#breadcrumblist"},"author":{"@id":"https:\/\/eldigitaldeasturias.com\/magazine365\/author\/admin\/#author"},"creator":{"@id":"https:\/\/eldigitaldeasturias.com\/magazine365\/author\/admin\/#author"},"image":{"@type":"ImageObject","url":"https:\/\/eldigitaldeasturias.com\/magazine365\/wp-content\/uploads\/2014\/01\/5867673w.jpg","@id":"https:\/\/eldigitaldeasturias.com\/magazine365\/kusturica-dedica-su-festival-kustendorf-a-la-promocion-de-jovenes-cineastas\/#mainImage","width":800,"height":531},"primaryImageOfPage":{"@id":"https:\/\/eldigitaldeasturias.com\/magazine365\/kusturica-dedica-su-festival-kustendorf-a-la-promocion-de-jovenes-cineastas\/#mainImage"},"datePublished":"2014-01-22T21:13:09+01:00","dateModified":"2014-01-22T21:13:09+01:00"},{"@type":"WebSite","@id":"https:\/\/eldigitaldeasturias.com\/magazine365\/#website","url":"https:\/\/eldigitaldeasturias.com\/magazine365\/","name":"El Digital de Asturias","description":"Revista de ocio, turismo y estilo de vida","inLanguage":"es-ES","publisher":{"@id":"https:\/\/eldigitaldeasturias.com\/magazine365\/#organization"}}]},"og:locale":"es_ES","og:site_name":"El Digital de Asturias \u2013 Revista de ocio, turismo y estilo de vida","og:type":"article","og:title":"Kusturica dedica su festival \u00abKustendorf\u00bb a la promoci\u00f3n de j\u00f3venes cineastas | El Digital de Asturias","og:description":"Belgrado, 22 ene (EFE).- El Festival Internacional de Cine y M\u00fasica &quot;Kustendorf&quot;, apadrinado por el director serbio Emir Kusturica, celebra su s\u00e9ptima edici\u00f3n dedicada a promover a j\u00f3venes talentos, en una cita que contar\u00e1 con cineastas como el italiano Paolo Sorrentino y el mexicano Guillermo Arriaga. El evento, inaugurado el pasado fin de semana y","og:url":"https:\/\/eldigitaldeasturias.com\/magazine365\/kusturica-dedica-su-festival-kustendorf-a-la-promocion-de-jovenes-cineastas\/","og:image":"https:\/\/eldigitaldeasturias.com\/magazine365\/wp-content\/uploads\/2014\/01\/5867673w.jpg","og:image:secure_url":"https:\/\/eldigitaldeasturias.com\/magazine365\/wp-content\/uploads\/2014\/01\/5867673w.jpg","og:image:width":800,"og:image:height":531,"article:published_time":"2014-01-22T22:13:09+00:00","article:modified_time":"2014-01-22T22:13:09+00:00","twitter:card":"summary_large_image","twitter:title":"Kusturica dedica su festival \u00abKustendorf\u00bb a la promoci\u00f3n de j\u00f3venes cineastas | El Digital de Asturias","twitter:description":"Belgrado, 22 ene (EFE).- El Festival Internacional de Cine y M\u00fasica &quot;Kustendorf&quot;, apadrinado por el director serbio Emir Kusturica, celebra su s\u00e9ptima edici\u00f3n dedicada a promover a j\u00f3venes talentos, en una cita que contar\u00e1 con cineastas como el italiano Paolo Sorrentino y el mexicano Guillermo Arriaga. El evento, inaugurado el pasado fin de semana y","twitter:image":"https:\/\/eldigitaldeasturias.com\/magazine365\/wp-content\/uploads\/2014\/01\/5867673w.jpg"},"aioseo_meta_data":{"post_id":"1596","title":null,"description":null,"keywords":null,"keyphrases":null,"primary_term":null,"canonical_url":null,"og_title":null,"og_description":null,"og_object_type":"default","og_image_type":"default","og_image_url":null,"og_image_width":null,"og_image_height":null,"og_image_custom_url":null,"og_image_custom_fields":null,"og_video":null,"og_custom_url":null,"og_article_section":null,"og_article_tags":null,"twitter_use_og":false,"twitter_card":"default","twitter_image_type":"default","twitter_image_url":null,"twitter_image_custom_url":null,"twitter_image_custom_fields":null,"twitter_title":null,"twitter_description":null,"schema":{"blockGraphs":[],"customGraphs":[],"default":{"data":{"Article":[],"Course":[],"Dataset":[],"FAQPage":[],"Movie":[],"Person":[],"Product":[],"ProductReview":[],"Car":[],"Recipe":[],"Service":[],"SoftwareApplication":[],"WebPage":[]},"graphName":"","isEnabled":true},"graphs":[],"defaultGraph":"","defaultPostTypeGraph":""},"schema_type":null,"schema_type_options":null,"pillar_content":false,"robots_default":true,"robots_noindex":false,"robots_noarchive":false,"robots_nosnippet":false,"robots_nofollow":false,"robots_noimageindex":false,"robots_noodp":false,"robots_notranslate":false,"robots_max_snippet":null,"robots_max_videopreview":null,"robots_max_imagepreview":"large","priority":null,"frequency":null,"location":null,"local_seo":null,"seo_analyzer_scan_date":"2025-09-16 09:40:12","breadcrumb_settings":null,"limit_modified_date":false,"open_ai":null,"ai":null,"created":"2020-12-21 13:39:32","updated":"2025-09-16 09:40:12"},"aioseo_breadcrumb":"<div class=\"aioseo-breadcrumbs\"><span class=\"aioseo-breadcrumb\">\n\t<a href=\"https:\/\/eldigitaldeasturias.com\/magazine365\" title=\"Home\">Home<\/a>\n<\/span><span class=\"aioseo-breadcrumb-separator\">\u2013<\/span><span class=\"aioseo-breadcrumb\">\n\t<a href=\"https:\/\/eldigitaldeasturias.com\/magazine365\/category\/noticias-actualidad\/\" title=\"Noticias y Actualidad\">Noticias y Actualidad<\/a>\n<\/span><span class=\"aioseo-breadcrumb-separator\">\u2013<\/span><span class=\"aioseo-breadcrumb\">\n\t<a href=\"https:\/\/eldigitaldeasturias.com\/magazine365\/kusturica-dedica-su-festival-kustendorf-a-la-promocion-de-jovenes-cineastas\/\" title=\"Kusturica dedica su festival \u00abKustendorf\u00bb a la promoci\u00f3n de j\u00f3venes cineastas\">Kusturica dedica su festival \u00abKustendorf\u00bb a la promoci\u00f3n de j\u00f3venes cineastas<\/a>\n<\/span><\/div>","aioseo_breadcrumb_json":[{"label":"Home","link":"https:\/\/eldigitaldeasturias.com\/magazine365"},{"label":"Noticias y Actualidad","link":"https:\/\/eldigitaldeasturias.com\/magazine365\/category\/noticias-actualidad\/"},{"label":"Kusturica dedica su festival \u00abKustendorf\u00bb a la promoci\u00f3n de j\u00f3venes cineastas","link":"https:\/\/eldigitaldeasturias.com\/magazine365\/kusturica-dedica-su-festival-kustendorf-a-la-promocion-de-jovenes-cineastas\/"}],"_links":{"self":[{"href":"https:\/\/eldigitaldeasturias.com\/magazine365\/wp-json\/wp\/v2\/posts\/1596","targetHints":{"allow":["GET"]}}],"collection":[{"href":"https:\/\/eldigitaldeasturias.com\/magazine365\/wp-json\/wp\/v2\/posts"}],"about":[{"href":"https:\/\/eldigitaldeasturias.com\/magazine365\/wp-json\/wp\/v2\/types\/post"}],"author":[{"embeddable":true,"href":"https:\/\/eldigitaldeasturias.com\/magazine365\/wp-json\/wp\/v2\/users\/1"}],"replies":[{"embeddable":true,"href":"https:\/\/eldigitaldeasturias.com\/magazine365\/wp-json\/wp\/v2\/comments?post=1596"}],"version-history":[{"count":0,"href":"https:\/\/eldigitaldeasturias.com\/magazine365\/wp-json\/wp\/v2\/posts\/1596\/revisions"}],"wp:featuredmedia":[{"embeddable":true,"href":"https:\/\/eldigitaldeasturias.com\/magazine365\/wp-json\/wp\/v2\/media\/1597"}],"wp:attachment":[{"href":"https:\/\/eldigitaldeasturias.com\/magazine365\/wp-json\/wp\/v2\/media?parent=1596"}],"wp:term":[{"taxonomy":"category","embeddable":true,"href":"https:\/\/eldigitaldeasturias.com\/magazine365\/wp-json\/wp\/v2\/categories?post=1596"},{"taxonomy":"post_tag","embeddable":true,"href":"https:\/\/eldigitaldeasturias.com\/magazine365\/wp-json\/wp\/v2\/tags?post=1596"}],"curies":[{"name":"wp","href":"https:\/\/api.w.org\/{rel}","templated":true}]}}