{"id":1590,"date":"2014-01-22T21:08:51","date_gmt":"2014-01-22T22:08:51","guid":{"rendered":"http:\/\/eldigitaldeasturias.com\/magazine365\/?p=1590"},"modified":"2014-01-22T21:08:51","modified_gmt":"2014-01-22T22:08:51","slug":"la-pelicula-chilena-gloria-llega-a-japon-tras-conquistar-medio-mundo","status":"publish","type":"post","link":"https:\/\/eldigitaldeasturias.com\/magazine365\/la-pelicula-chilena-gloria-llega-a-japon-tras-conquistar-medio-mundo\/","title":{"rendered":"La pel\u00edcula chilena \u00abGloria\u00bb llega a Jap\u00f3n tras conquistar medio mundo"},"content":{"rendered":"<p><img fetchpriority=\"high\" decoding=\"async\" class=\"alignleft size-medium wp-image-1591\" alt=\"5867557w\" src=\"https:\/\/eldigitaldeasturias.com\/magazine365\/wp-content\/uploads\/2014\/01\/5867557w-360x239.jpg\" width=\"360\" height=\"239\" \/>Tokio, 22 ene (EFE).- Tras ser galardona en Berl\u00edn, nominada a los Goya y pasar por numerosas festivales internacionales, la pel\u00edcula chilena \u00abGloria\u00bb fue presentado hoy en Tokio de la mano de su aplaudida protagonista, la actriz Paulina Garc\u00eda.<\/p>\n<p>\u00abVoy corriendo detr\u00e1s del hurac\u00e1n Gloria sin que me d\u00e9 mucho tiempo a pensar. Pero ni en mis mejores sue\u00f1os hubiera imaginado que iba a pasar lo que ha pasado con esta pel\u00edcula\u00bb, asegur\u00f3 a Efe la actriz premiada con el Oso de Plata de la \u00faltima edici\u00f3n de la Berlinale por su contundente interpretaci\u00f3n.<\/p>\n<p>La cuarta pel\u00edcula del director Sebasti\u00e1n Lelio se present\u00f3 hoy en la sede del Instituto Cervantes de Tokio como anticipo a su llegada a las salas comerciales de Jap\u00f3n el pr\u00f3ximo 1 de marzo.<\/p>\n<p>\u00abSer\u00eda fabuloso dar con la clave del \u00e9xito de &#8216;Gloria&#8217; para poder repetirla, pero de lo que no cabe duda es de que es una pel\u00edcula con una factura impecable tanto de contenido como de realizaci\u00f3n. Una combinaci\u00f3n que siempre ayuda\u00bb, apunt\u00f3 la actriz chilena que revel\u00f3 sentirse emocionada de estar por primera vez en Jap\u00f3n.<\/p>\n<p>La pel\u00edcula, una de las grandes sorpresas de 2013 del cine latinoamericano, cuenta la historia de una mujer de 60 a\u00f1os que, tras separarse, busca rehacer su vida, seduciendo a otro separado, saliendo a bailar e incluso fumando marihuana.<\/p>\n<p>\u00abSe trata de un personaje muy sincero que navega entre la comedia y el drama, e incluso a veces la tragedia, lo que le hace resultar muy reconocible\u00bb, explic\u00f3 Paulina Garc\u00eda, en relaci\u00f3n a un papel que le ha valido el aplauso un\u00e1nime de cr\u00edtica y p\u00fablico en todos los lugares donde la pel\u00edcula ha sido estrenada.<\/p>\n<p>El \u00e9xito internacional de \u00abGloria\u00bb coincide este a\u00f1o con el de otras cintas chilenas como \u00abNo\u00bb, de Pablo Larra\u00edn, o \u00abMagic, Magic\u00bb, de Sebasti\u00e1n Silva.<\/p>\n<p>\u00abEs el resultado de un cambio profundo en Chile. Los a\u00f1os de democracia nos devolvieron cierta estabilidad econ\u00f3mica y en ella el cine puede encontrar una mejor base para la producci\u00f3n\u00bb, coment\u00f3 la actriz en relaci\u00f3n al buen momento que vive la cinematograf\u00eda de su pa\u00eds.<\/p>\n<p>\u00abGloria\u00bb es candidata a un Goya a la mejor pel\u00edcula iberoamericana junto a \u00abAzul y no tan rosa\u00bb, del venezolano Miguel Ferrari; la argentina \u00abEl m\u00e9dico alem\u00e1n\u00bb de Luc\u00eda Puenzo; y \u00abLa jaula de oro\u00bb, que firma Diego Quemada-D\u00edez.<\/p>\n<p>La gala de estos premios se celebrar\u00e1 en Madrid el pr\u00f3ximo 9 de febrero, una cita que la actriz no se quiere perder por nada.<\/p>\n<p>\u00abPor su puesto que estar\u00e9. Voy a caminar por la alfombra roja con toda la prestancia del mundo. Me enorgullece mucho haber llegado hasta all\u00ed\u00bb, asegur\u00f3 con entusiasmo.<\/p>\n","protected":false},"excerpt":{"rendered":"<p>Tokio, 22 ene (EFE).- Tras ser galardona en Berl\u00edn, nominada a los Goya y pasar por numerosas festivales internacionales, la pel\u00edcula chilena \u00abGloria\u00bb fue presentado hoy en Tokio de la mano de su aplaudida protagonista, la actriz Paulina Garc\u00eda. \u00abVoy corriendo detr\u00e1s del hurac\u00e1n Gloria sin que me d\u00e9 mucho tiempo a pensar. Pero ni<\/p>\n","protected":false},"author":1,"featured_media":1591,"comment_status":"open","ping_status":"open","sticky":false,"template":"","format":"standard","meta":{"footnotes":""},"categories":[224],"tags":[],"class_list":{"0":"post-1590","1":"post","2":"type-post","3":"status-publish","4":"format-standard","5":"has-post-thumbnail","7":"category-noticias-actualidad"},"aioseo_notices":[],"aioseo_head":"\n\t\t<!-- All in One SEO Pro 4.9.6.1 - aioseo.com -->\n\t<meta name=\"description\" content=\"Tokio, 22 ene (EFE).- Tras ser galardona en Berl\u00edn, nominada a los Goya y pasar por numerosas festivales internacionales, la pel\u00edcula chilena &quot;Gloria&quot; fue presentado hoy en Tokio de la mano de su aplaudida protagonista, la actriz Paulina Garc\u00eda. &quot;Voy corriendo detr\u00e1s del hurac\u00e1n Gloria sin que me d\u00e9 mucho tiempo a pensar. Pero ni\" \/>\n\t<meta name=\"robots\" content=\"max-image-preview:large\" \/>\n\t<meta name=\"author\" content=\"admin\"\/>\n\t<meta name=\"google-site-verification\" content=\"UA-38556648-1\" \/>\n\t<meta name=\"keywords\" content=\"noticias y actualidad\" \/>\n\t<link rel=\"canonical\" href=\"https:\/\/eldigitaldeasturias.com\/magazine365\/la-pelicula-chilena-gloria-llega-a-japon-tras-conquistar-medio-mundo\/\" \/>\n\t<meta name=\"generator\" content=\"All in One SEO Pro (AIOSEO) 4.9.6.1\" \/>\n\t\t<meta property=\"og:locale\" content=\"es_ES\" \/>\n\t\t<meta property=\"og:site_name\" content=\"El Digital de Asturias \u2013 Revista de ocio, turismo y estilo de vida\" \/>\n\t\t<meta property=\"og:type\" content=\"article\" \/>\n\t\t<meta property=\"og:title\" content=\"La pel\u00edcula chilena \u00abGloria\u00bb llega a Jap\u00f3n tras conquistar medio mundo | El Digital de Asturias\" \/>\n\t\t<meta property=\"og:description\" content=\"Tokio, 22 ene (EFE).- Tras ser galardona en Berl\u00edn, nominada a los Goya y pasar por numerosas festivales internacionales, la pel\u00edcula chilena &quot;Gloria&quot; fue presentado hoy en Tokio de la mano de su aplaudida protagonista, la actriz Paulina Garc\u00eda. &quot;Voy corriendo detr\u00e1s del hurac\u00e1n Gloria sin que me d\u00e9 mucho tiempo a pensar. Pero ni\" \/>\n\t\t<meta property=\"og:url\" content=\"https:\/\/eldigitaldeasturias.com\/magazine365\/la-pelicula-chilena-gloria-llega-a-japon-tras-conquistar-medio-mundo\/\" \/>\n\t\t<meta property=\"og:image\" content=\"https:\/\/eldigitaldeasturias.com\/magazine365\/wp-content\/uploads\/2014\/01\/5867557w.jpg\" \/>\n\t\t<meta property=\"og:image:secure_url\" content=\"https:\/\/eldigitaldeasturias.com\/magazine365\/wp-content\/uploads\/2014\/01\/5867557w.jpg\" \/>\n\t\t<meta property=\"og:image:width\" content=\"800\" \/>\n\t\t<meta property=\"og:image:height\" content=\"533\" \/>\n\t\t<meta property=\"article:published_time\" content=\"2014-01-22T22:08:51+00:00\" \/>\n\t\t<meta property=\"article:modified_time\" content=\"2014-01-22T22:08:51+00:00\" \/>\n\t\t<meta name=\"twitter:card\" content=\"summary_large_image\" \/>\n\t\t<meta name=\"twitter:title\" content=\"La pel\u00edcula chilena \u00abGloria\u00bb llega a Jap\u00f3n tras conquistar medio mundo | El Digital de Asturias\" \/>\n\t\t<meta name=\"twitter:description\" content=\"Tokio, 22 ene (EFE).- Tras ser galardona en Berl\u00edn, nominada a los Goya y pasar por numerosas festivales internacionales, la pel\u00edcula chilena &quot;Gloria&quot; fue presentado hoy en Tokio de la mano de su aplaudida protagonista, la actriz Paulina Garc\u00eda. &quot;Voy corriendo detr\u00e1s del hurac\u00e1n Gloria sin que me d\u00e9 mucho tiempo a pensar. Pero ni\" \/>\n\t\t<meta name=\"twitter:image\" content=\"https:\/\/eldigitaldeasturias.com\/magazine365\/wp-content\/uploads\/2014\/01\/5867557w.jpg\" \/>\n\t\t<script type=\"application\/ld+json\" class=\"aioseo-schema\">\n\t\t\t{\"@context\":\"https:\\\/\\\/schema.org\",\"@graph\":[{\"@type\":\"Article\",\"@id\":\"https:\\\/\\\/eldigitaldeasturias.com\\\/magazine365\\\/la-pelicula-chilena-gloria-llega-a-japon-tras-conquistar-medio-mundo\\\/#article\",\"name\":\"La pel\\u00edcula chilena \\u00abGloria\\u00bb llega a Jap\\u00f3n tras conquistar medio mundo | El Digital de Asturias\",\"headline\":\"La pel\\u00edcula chilena \\u00abGloria\\u00bb llega a Jap\\u00f3n tras conquistar medio mundo\",\"author\":{\"@id\":\"https:\\\/\\\/eldigitaldeasturias.com\\\/magazine365\\\/author\\\/admin\\\/#author\"},\"publisher\":{\"@id\":\"https:\\\/\\\/eldigitaldeasturias.com\\\/magazine365\\\/#organization\"},\"image\":{\"@type\":\"ImageObject\",\"url\":\"https:\\\/\\\/eldigitaldeasturias.com\\\/magazine365\\\/wp-content\\\/uploads\\\/2014\\\/01\\\/5867557w.jpg\",\"width\":800,\"height\":533},\"datePublished\":\"2014-01-22T21:08:51+01:00\",\"dateModified\":\"2014-01-22T21:08:51+01:00\",\"inLanguage\":\"es-ES\",\"mainEntityOfPage\":{\"@id\":\"https:\\\/\\\/eldigitaldeasturias.com\\\/magazine365\\\/la-pelicula-chilena-gloria-llega-a-japon-tras-conquistar-medio-mundo\\\/#webpage\"},\"isPartOf\":{\"@id\":\"https:\\\/\\\/eldigitaldeasturias.com\\\/magazine365\\\/la-pelicula-chilena-gloria-llega-a-japon-tras-conquistar-medio-mundo\\\/#webpage\"},\"articleSection\":\"Noticias y Actualidad\"},{\"@type\":\"BreadcrumbList\",\"@id\":\"https:\\\/\\\/eldigitaldeasturias.com\\\/magazine365\\\/la-pelicula-chilena-gloria-llega-a-japon-tras-conquistar-medio-mundo\\\/#breadcrumblist\",\"itemListElement\":[{\"@type\":\"ListItem\",\"@id\":\"https:\\\/\\\/eldigitaldeasturias.com\\\/magazine365#listItem\",\"position\":1,\"name\":\"Home\",\"item\":\"https:\\\/\\\/eldigitaldeasturias.com\\\/magazine365\",\"nextItem\":{\"@type\":\"ListItem\",\"@id\":\"https:\\\/\\\/eldigitaldeasturias.com\\\/magazine365\\\/category\\\/noticias-actualidad\\\/#listItem\",\"name\":\"Noticias y Actualidad\"}},{\"@type\":\"ListItem\",\"@id\":\"https:\\\/\\\/eldigitaldeasturias.com\\\/magazine365\\\/category\\\/noticias-actualidad\\\/#listItem\",\"position\":2,\"name\":\"Noticias y Actualidad\",\"item\":\"https:\\\/\\\/eldigitaldeasturias.com\\\/magazine365\\\/category\\\/noticias-actualidad\\\/\",\"nextItem\":{\"@type\":\"ListItem\",\"@id\":\"https:\\\/\\\/eldigitaldeasturias.com\\\/magazine365\\\/la-pelicula-chilena-gloria-llega-a-japon-tras-conquistar-medio-mundo\\\/#listItem\",\"name\":\"La pel\\u00edcula chilena \\u00abGloria\\u00bb llega a Jap\\u00f3n tras conquistar medio mundo\"},\"previousItem\":{\"@type\":\"ListItem\",\"@id\":\"https:\\\/\\\/eldigitaldeasturias.com\\\/magazine365#listItem\",\"name\":\"Home\"}},{\"@type\":\"ListItem\",\"@id\":\"https:\\\/\\\/eldigitaldeasturias.com\\\/magazine365\\\/la-pelicula-chilena-gloria-llega-a-japon-tras-conquistar-medio-mundo\\\/#listItem\",\"position\":3,\"name\":\"La pel\\u00edcula chilena \\u00abGloria\\u00bb llega a Jap\\u00f3n tras conquistar medio mundo\",\"previousItem\":{\"@type\":\"ListItem\",\"@id\":\"https:\\\/\\\/eldigitaldeasturias.com\\\/magazine365\\\/category\\\/noticias-actualidad\\\/#listItem\",\"name\":\"Noticias y Actualidad\"}}]},{\"@type\":\"Organization\",\"@id\":\"https:\\\/\\\/eldigitaldeasturias.com\\\/magazine365\\\/#organization\",\"name\":\"El digital de Asturias\",\"description\":\"Revista de ocio, turismo y estilo de vida\",\"url\":\"https:\\\/\\\/eldigitaldeasturias.com\\\/magazine365\\\/\",\"logo\":{\"@type\":\"ImageObject\",\"url\":\"https:\\\/\\\/www.eldigitaldeasturias.com\\\/noticias\\\/wp-content\\\/uploads\\\/2020\\\/12\\\/EDA.jpg\",\"@id\":\"https:\\\/\\\/eldigitaldeasturias.com\\\/magazine365\\\/la-pelicula-chilena-gloria-llega-a-japon-tras-conquistar-medio-mundo\\\/#organizationLogo\"},\"image\":{\"@id\":\"https:\\\/\\\/eldigitaldeasturias.com\\\/magazine365\\\/la-pelicula-chilena-gloria-llega-a-japon-tras-conquistar-medio-mundo\\\/#organizationLogo\"}},{\"@type\":\"Person\",\"@id\":\"https:\\\/\\\/eldigitaldeasturias.com\\\/magazine365\\\/author\\\/admin\\\/#author\",\"url\":\"https:\\\/\\\/eldigitaldeasturias.com\\\/magazine365\\\/author\\\/admin\\\/\",\"name\":\"admin\",\"image\":{\"@type\":\"ImageObject\",\"@id\":\"https:\\\/\\\/eldigitaldeasturias.com\\\/magazine365\\\/la-pelicula-chilena-gloria-llega-a-japon-tras-conquistar-medio-mundo\\\/#authorImage\",\"url\":\"https:\\\/\\\/eldigitaldeasturias.com\\\/magazine365\\\/wp-content\\\/litespeed\\\/avatar\\\/e571bcf59a0edd6fa6838245a470f2fe.jpg?ver=1777574230\",\"width\":96,\"height\":96,\"caption\":\"admin\"}},{\"@type\":\"WebPage\",\"@id\":\"https:\\\/\\\/eldigitaldeasturias.com\\\/magazine365\\\/la-pelicula-chilena-gloria-llega-a-japon-tras-conquistar-medio-mundo\\\/#webpage\",\"url\":\"https:\\\/\\\/eldigitaldeasturias.com\\\/magazine365\\\/la-pelicula-chilena-gloria-llega-a-japon-tras-conquistar-medio-mundo\\\/\",\"name\":\"La pel\\u00edcula chilena \\u00abGloria\\u00bb llega a Jap\\u00f3n tras conquistar medio mundo | El Digital de Asturias\",\"description\":\"Tokio, 22 ene (EFE).- Tras ser galardona en Berl\\u00edn, nominada a los Goya y pasar por numerosas festivales internacionales, la pel\\u00edcula chilena \\\"Gloria\\\" fue presentado hoy en Tokio de la mano de su aplaudida protagonista, la actriz Paulina Garc\\u00eda. \\\"Voy corriendo detr\\u00e1s del hurac\\u00e1n Gloria sin que me d\\u00e9 mucho tiempo a pensar. Pero ni\",\"inLanguage\":\"es-ES\",\"isPartOf\":{\"@id\":\"https:\\\/\\\/eldigitaldeasturias.com\\\/magazine365\\\/#website\"},\"breadcrumb\":{\"@id\":\"https:\\\/\\\/eldigitaldeasturias.com\\\/magazine365\\\/la-pelicula-chilena-gloria-llega-a-japon-tras-conquistar-medio-mundo\\\/#breadcrumblist\"},\"author\":{\"@id\":\"https:\\\/\\\/eldigitaldeasturias.com\\\/magazine365\\\/author\\\/admin\\\/#author\"},\"creator\":{\"@id\":\"https:\\\/\\\/eldigitaldeasturias.com\\\/magazine365\\\/author\\\/admin\\\/#author\"},\"image\":{\"@type\":\"ImageObject\",\"url\":\"https:\\\/\\\/eldigitaldeasturias.com\\\/magazine365\\\/wp-content\\\/uploads\\\/2014\\\/01\\\/5867557w.jpg\",\"@id\":\"https:\\\/\\\/eldigitaldeasturias.com\\\/magazine365\\\/la-pelicula-chilena-gloria-llega-a-japon-tras-conquistar-medio-mundo\\\/#mainImage\",\"width\":800,\"height\":533},\"primaryImageOfPage\":{\"@id\":\"https:\\\/\\\/eldigitaldeasturias.com\\\/magazine365\\\/la-pelicula-chilena-gloria-llega-a-japon-tras-conquistar-medio-mundo\\\/#mainImage\"},\"datePublished\":\"2014-01-22T21:08:51+01:00\",\"dateModified\":\"2014-01-22T21:08:51+01:00\"},{\"@type\":\"WebSite\",\"@id\":\"https:\\\/\\\/eldigitaldeasturias.com\\\/magazine365\\\/#website\",\"url\":\"https:\\\/\\\/eldigitaldeasturias.com\\\/magazine365\\\/\",\"name\":\"El Digital de Asturias\",\"description\":\"Revista de ocio, turismo y estilo de vida\",\"inLanguage\":\"es-ES\",\"publisher\":{\"@id\":\"https:\\\/\\\/eldigitaldeasturias.com\\\/magazine365\\\/#organization\"}}]}\n\t\t<\/script>\n\t\t<!-- All in One SEO Pro -->\r\n\t\t<title>La pel\u00edcula chilena \u00abGloria\u00bb llega a Jap\u00f3n tras conquistar medio mundo | El Digital de Asturias<\/title>\n\n","aioseo_head_json":{"title":"La pel\u00edcula chilena \u00abGloria\u00bb llega a Jap\u00f3n tras conquistar medio mundo | El Digital de Asturias","description":"Tokio, 22 ene (EFE).- Tras ser galardona en Berl\u00edn, nominada a los Goya y pasar por numerosas festivales internacionales, la pel\u00edcula chilena \"Gloria\" fue presentado hoy en Tokio de la mano de su aplaudida protagonista, la actriz Paulina Garc\u00eda. \"Voy corriendo detr\u00e1s del hurac\u00e1n Gloria sin que me d\u00e9 mucho tiempo a pensar. Pero ni","canonical_url":"https:\/\/eldigitaldeasturias.com\/magazine365\/la-pelicula-chilena-gloria-llega-a-japon-tras-conquistar-medio-mundo\/","robots":"max-image-preview:large","keywords":"noticias y actualidad","webmasterTools":{"google-site-verification":"UA-38556648-1","miscellaneous":""},"schema":{"@context":"https:\/\/schema.org","@graph":[{"@type":"Article","@id":"https:\/\/eldigitaldeasturias.com\/magazine365\/la-pelicula-chilena-gloria-llega-a-japon-tras-conquistar-medio-mundo\/#article","name":"La pel\u00edcula chilena \u00abGloria\u00bb llega a Jap\u00f3n tras conquistar medio mundo | El Digital de Asturias","headline":"La pel\u00edcula chilena \u00abGloria\u00bb llega a Jap\u00f3n tras conquistar medio mundo","author":{"@id":"https:\/\/eldigitaldeasturias.com\/magazine365\/author\/admin\/#author"},"publisher":{"@id":"https:\/\/eldigitaldeasturias.com\/magazine365\/#organization"},"image":{"@type":"ImageObject","url":"https:\/\/eldigitaldeasturias.com\/magazine365\/wp-content\/uploads\/2014\/01\/5867557w.jpg","width":800,"height":533},"datePublished":"2014-01-22T21:08:51+01:00","dateModified":"2014-01-22T21:08:51+01:00","inLanguage":"es-ES","mainEntityOfPage":{"@id":"https:\/\/eldigitaldeasturias.com\/magazine365\/la-pelicula-chilena-gloria-llega-a-japon-tras-conquistar-medio-mundo\/#webpage"},"isPartOf":{"@id":"https:\/\/eldigitaldeasturias.com\/magazine365\/la-pelicula-chilena-gloria-llega-a-japon-tras-conquistar-medio-mundo\/#webpage"},"articleSection":"Noticias y Actualidad"},{"@type":"BreadcrumbList","@id":"https:\/\/eldigitaldeasturias.com\/magazine365\/la-pelicula-chilena-gloria-llega-a-japon-tras-conquistar-medio-mundo\/#breadcrumblist","itemListElement":[{"@type":"ListItem","@id":"https:\/\/eldigitaldeasturias.com\/magazine365#listItem","position":1,"name":"Home","item":"https:\/\/eldigitaldeasturias.com\/magazine365","nextItem":{"@type":"ListItem","@id":"https:\/\/eldigitaldeasturias.com\/magazine365\/category\/noticias-actualidad\/#listItem","name":"Noticias y Actualidad"}},{"@type":"ListItem","@id":"https:\/\/eldigitaldeasturias.com\/magazine365\/category\/noticias-actualidad\/#listItem","position":2,"name":"Noticias y Actualidad","item":"https:\/\/eldigitaldeasturias.com\/magazine365\/category\/noticias-actualidad\/","nextItem":{"@type":"ListItem","@id":"https:\/\/eldigitaldeasturias.com\/magazine365\/la-pelicula-chilena-gloria-llega-a-japon-tras-conquistar-medio-mundo\/#listItem","name":"La pel\u00edcula chilena \u00abGloria\u00bb llega a Jap\u00f3n tras conquistar medio mundo"},"previousItem":{"@type":"ListItem","@id":"https:\/\/eldigitaldeasturias.com\/magazine365#listItem","name":"Home"}},{"@type":"ListItem","@id":"https:\/\/eldigitaldeasturias.com\/magazine365\/la-pelicula-chilena-gloria-llega-a-japon-tras-conquistar-medio-mundo\/#listItem","position":3,"name":"La pel\u00edcula chilena \u00abGloria\u00bb llega a Jap\u00f3n tras conquistar medio mundo","previousItem":{"@type":"ListItem","@id":"https:\/\/eldigitaldeasturias.com\/magazine365\/category\/noticias-actualidad\/#listItem","name":"Noticias y Actualidad"}}]},{"@type":"Organization","@id":"https:\/\/eldigitaldeasturias.com\/magazine365\/#organization","name":"El digital de Asturias","description":"Revista de ocio, turismo y estilo de vida","url":"https:\/\/eldigitaldeasturias.com\/magazine365\/","logo":{"@type":"ImageObject","url":"https:\/\/www.eldigitaldeasturias.com\/noticias\/wp-content\/uploads\/2020\/12\/EDA.jpg","@id":"https:\/\/eldigitaldeasturias.com\/magazine365\/la-pelicula-chilena-gloria-llega-a-japon-tras-conquistar-medio-mundo\/#organizationLogo"},"image":{"@id":"https:\/\/eldigitaldeasturias.com\/magazine365\/la-pelicula-chilena-gloria-llega-a-japon-tras-conquistar-medio-mundo\/#organizationLogo"}},{"@type":"Person","@id":"https:\/\/eldigitaldeasturias.com\/magazine365\/author\/admin\/#author","url":"https:\/\/eldigitaldeasturias.com\/magazine365\/author\/admin\/","name":"admin","image":{"@type":"ImageObject","@id":"https:\/\/eldigitaldeasturias.com\/magazine365\/la-pelicula-chilena-gloria-llega-a-japon-tras-conquistar-medio-mundo\/#authorImage","url":"https:\/\/eldigitaldeasturias.com\/magazine365\/wp-content\/litespeed\/avatar\/e571bcf59a0edd6fa6838245a470f2fe.jpg?ver=1777574230","width":96,"height":96,"caption":"admin"}},{"@type":"WebPage","@id":"https:\/\/eldigitaldeasturias.com\/magazine365\/la-pelicula-chilena-gloria-llega-a-japon-tras-conquistar-medio-mundo\/#webpage","url":"https:\/\/eldigitaldeasturias.com\/magazine365\/la-pelicula-chilena-gloria-llega-a-japon-tras-conquistar-medio-mundo\/","name":"La pel\u00edcula chilena \u00abGloria\u00bb llega a Jap\u00f3n tras conquistar medio mundo | El Digital de Asturias","description":"Tokio, 22 ene (EFE).- Tras ser galardona en Berl\u00edn, nominada a los Goya y pasar por numerosas festivales internacionales, la pel\u00edcula chilena \"Gloria\" fue presentado hoy en Tokio de la mano de su aplaudida protagonista, la actriz Paulina Garc\u00eda. \"Voy corriendo detr\u00e1s del hurac\u00e1n Gloria sin que me d\u00e9 mucho tiempo a pensar. Pero ni","inLanguage":"es-ES","isPartOf":{"@id":"https:\/\/eldigitaldeasturias.com\/magazine365\/#website"},"breadcrumb":{"@id":"https:\/\/eldigitaldeasturias.com\/magazine365\/la-pelicula-chilena-gloria-llega-a-japon-tras-conquistar-medio-mundo\/#breadcrumblist"},"author":{"@id":"https:\/\/eldigitaldeasturias.com\/magazine365\/author\/admin\/#author"},"creator":{"@id":"https:\/\/eldigitaldeasturias.com\/magazine365\/author\/admin\/#author"},"image":{"@type":"ImageObject","url":"https:\/\/eldigitaldeasturias.com\/magazine365\/wp-content\/uploads\/2014\/01\/5867557w.jpg","@id":"https:\/\/eldigitaldeasturias.com\/magazine365\/la-pelicula-chilena-gloria-llega-a-japon-tras-conquistar-medio-mundo\/#mainImage","width":800,"height":533},"primaryImageOfPage":{"@id":"https:\/\/eldigitaldeasturias.com\/magazine365\/la-pelicula-chilena-gloria-llega-a-japon-tras-conquistar-medio-mundo\/#mainImage"},"datePublished":"2014-01-22T21:08:51+01:00","dateModified":"2014-01-22T21:08:51+01:00"},{"@type":"WebSite","@id":"https:\/\/eldigitaldeasturias.com\/magazine365\/#website","url":"https:\/\/eldigitaldeasturias.com\/magazine365\/","name":"El Digital de Asturias","description":"Revista de ocio, turismo y estilo de vida","inLanguage":"es-ES","publisher":{"@id":"https:\/\/eldigitaldeasturias.com\/magazine365\/#organization"}}]},"og:locale":"es_ES","og:site_name":"El Digital de Asturias \u2013 Revista de ocio, turismo y estilo de vida","og:type":"article","og:title":"La pel\u00edcula chilena \u00abGloria\u00bb llega a Jap\u00f3n tras conquistar medio mundo | El Digital de Asturias","og:description":"Tokio, 22 ene (EFE).- Tras ser galardona en Berl\u00edn, nominada a los Goya y pasar por numerosas festivales internacionales, la pel\u00edcula chilena &quot;Gloria&quot; fue presentado hoy en Tokio de la mano de su aplaudida protagonista, la actriz Paulina Garc\u00eda. &quot;Voy corriendo detr\u00e1s del hurac\u00e1n Gloria sin que me d\u00e9 mucho tiempo a pensar. Pero ni","og:url":"https:\/\/eldigitaldeasturias.com\/magazine365\/la-pelicula-chilena-gloria-llega-a-japon-tras-conquistar-medio-mundo\/","og:image":"https:\/\/eldigitaldeasturias.com\/magazine365\/wp-content\/uploads\/2014\/01\/5867557w.jpg","og:image:secure_url":"https:\/\/eldigitaldeasturias.com\/magazine365\/wp-content\/uploads\/2014\/01\/5867557w.jpg","og:image:width":800,"og:image:height":533,"article:published_time":"2014-01-22T22:08:51+00:00","article:modified_time":"2014-01-22T22:08:51+00:00","twitter:card":"summary_large_image","twitter:title":"La pel\u00edcula chilena \u00abGloria\u00bb llega a Jap\u00f3n tras conquistar medio mundo | El Digital de Asturias","twitter:description":"Tokio, 22 ene (EFE).- Tras ser galardona en Berl\u00edn, nominada a los Goya y pasar por numerosas festivales internacionales, la pel\u00edcula chilena &quot;Gloria&quot; fue presentado hoy en Tokio de la mano de su aplaudida protagonista, la actriz Paulina Garc\u00eda. &quot;Voy corriendo detr\u00e1s del hurac\u00e1n Gloria sin que me d\u00e9 mucho tiempo a pensar. Pero ni","twitter:image":"https:\/\/eldigitaldeasturias.com\/magazine365\/wp-content\/uploads\/2014\/01\/5867557w.jpg"},"aioseo_meta_data":{"post_id":"1590","title":null,"description":null,"keywords":null,"keyphrases":null,"primary_term":null,"canonical_url":null,"og_title":null,"og_description":null,"og_object_type":"default","og_image_type":"default","og_image_url":null,"og_image_width":null,"og_image_height":null,"og_image_custom_url":null,"og_image_custom_fields":null,"og_video":null,"og_custom_url":null,"og_article_section":null,"og_article_tags":null,"twitter_use_og":false,"twitter_card":"default","twitter_image_type":"default","twitter_image_url":null,"twitter_image_custom_url":null,"twitter_image_custom_fields":null,"twitter_title":null,"twitter_description":null,"schema":{"blockGraphs":[],"customGraphs":[],"default":{"data":{"Article":[],"Course":[],"Dataset":[],"FAQPage":[],"Movie":[],"Person":[],"Product":[],"ProductReview":[],"Car":[],"Recipe":[],"Service":[],"SoftwareApplication":[],"WebPage":[]},"graphName":"","isEnabled":true},"graphs":[],"defaultGraph":"","defaultPostTypeGraph":""},"schema_type":null,"schema_type_options":null,"pillar_content":false,"robots_default":true,"robots_noindex":false,"robots_noarchive":false,"robots_nosnippet":false,"robots_nofollow":false,"robots_noimageindex":false,"robots_noodp":false,"robots_notranslate":false,"robots_max_snippet":null,"robots_max_videopreview":null,"robots_max_imagepreview":"large","priority":null,"frequency":null,"location":null,"local_seo":null,"seo_analyzer_scan_date":"2025-09-16 09:40:09","breadcrumb_settings":null,"limit_modified_date":false,"open_ai":null,"ai":null,"created":"2020-12-21 13:39:32","updated":"2025-09-16 09:40:09"},"aioseo_breadcrumb":"<div class=\"aioseo-breadcrumbs\"><span class=\"aioseo-breadcrumb\">\n\t<a href=\"https:\/\/eldigitaldeasturias.com\/magazine365\" title=\"Home\">Home<\/a>\n<\/span><span class=\"aioseo-breadcrumb-separator\">\u2013<\/span><span class=\"aioseo-breadcrumb\">\n\t<a href=\"https:\/\/eldigitaldeasturias.com\/magazine365\/category\/noticias-actualidad\/\" title=\"Noticias y Actualidad\">Noticias y Actualidad<\/a>\n<\/span><span class=\"aioseo-breadcrumb-separator\">\u2013<\/span><span class=\"aioseo-breadcrumb\">\n\t<a href=\"https:\/\/eldigitaldeasturias.com\/magazine365\/la-pelicula-chilena-gloria-llega-a-japon-tras-conquistar-medio-mundo\/\" title=\"La pel\u00edcula chilena \u00abGloria\u00bb llega a Jap\u00f3n tras conquistar medio mundo\">La pel\u00edcula chilena \u00abGloria\u00bb llega a Jap\u00f3n tras conquistar medio mundo<\/a>\n<\/span><\/div>","aioseo_breadcrumb_json":[{"label":"Home","link":"https:\/\/eldigitaldeasturias.com\/magazine365"},{"label":"Noticias y Actualidad","link":"https:\/\/eldigitaldeasturias.com\/magazine365\/category\/noticias-actualidad\/"},{"label":"La pel\u00edcula chilena \u00abGloria\u00bb llega a Jap\u00f3n tras conquistar medio mundo","link":"https:\/\/eldigitaldeasturias.com\/magazine365\/la-pelicula-chilena-gloria-llega-a-japon-tras-conquistar-medio-mundo\/"}],"_links":{"self":[{"href":"https:\/\/eldigitaldeasturias.com\/magazine365\/wp-json\/wp\/v2\/posts\/1590","targetHints":{"allow":["GET"]}}],"collection":[{"href":"https:\/\/eldigitaldeasturias.com\/magazine365\/wp-json\/wp\/v2\/posts"}],"about":[{"href":"https:\/\/eldigitaldeasturias.com\/magazine365\/wp-json\/wp\/v2\/types\/post"}],"author":[{"embeddable":true,"href":"https:\/\/eldigitaldeasturias.com\/magazine365\/wp-json\/wp\/v2\/users\/1"}],"replies":[{"embeddable":true,"href":"https:\/\/eldigitaldeasturias.com\/magazine365\/wp-json\/wp\/v2\/comments?post=1590"}],"version-history":[{"count":0,"href":"https:\/\/eldigitaldeasturias.com\/magazine365\/wp-json\/wp\/v2\/posts\/1590\/revisions"}],"wp:featuredmedia":[{"embeddable":true,"href":"https:\/\/eldigitaldeasturias.com\/magazine365\/wp-json\/wp\/v2\/media\/1591"}],"wp:attachment":[{"href":"https:\/\/eldigitaldeasturias.com\/magazine365\/wp-json\/wp\/v2\/media?parent=1590"}],"wp:term":[{"taxonomy":"category","embeddable":true,"href":"https:\/\/eldigitaldeasturias.com\/magazine365\/wp-json\/wp\/v2\/categories?post=1590"},{"taxonomy":"post_tag","embeddable":true,"href":"https:\/\/eldigitaldeasturias.com\/magazine365\/wp-json\/wp\/v2\/tags?post=1590"}],"curies":[{"name":"wp","href":"https:\/\/api.w.org\/{rel}","templated":true}]}}